{"id":23563,"date":"2022-11-19T08:21:04","date_gmt":"2022-11-19T06:21:04","guid":{"rendered":"http:\/\/just-now.news\/de\/deutschland\/umfrage-haelfte-der-ostdeutschen-wuerde-wagenknecht-partei-waehlen\/"},"modified":"2022-11-19T08:21:04","modified_gmt":"2022-11-19T06:21:04","slug":"umfrage-haelfte-der-ostdeutschen-wuerde-wagenknecht-partei-waehlen","status":"publish","type":"post","link":"https:\/\/now-news.de\/de\/deutschland\/umfrage-haelfte-der-ostdeutschen-wuerde-wagenknecht-partei-waehlen\/","title":{"rendered":"Umfrage: H\u00e4lfte der Ostdeutschen w\u00fcrde Wagenknecht-Partei w\u00e4hlen"},"content":{"rendered":"<p><img decoding=\"async\" src=\"http:\/\/just-now.news\/de\/wp-content\/uploads\/sites\/3\/2022\/11\/6377ecfdb480cc68840bf345.jpg\" \/><\/p>\n<div class=\"Text-root Text-type_1 \">\n                Die Linken-Politikern Sahra Wagenknecht eckt in ihrer Partei oft an, das Verh\u00e4ltnis zur Parteispitze gilt als angespannt und zerstritten. W\u00fcrde sie eine eigene Partei gr\u00fcnden, h\u00e4tte diese gute Chancen \u2013 vor allem in Ostdeutschland.\n            <\/div>\n<p><\/p>\n<div class=\"Text-root Text-type_5 ArticleView-text ViewText-root \">\n<p>Fast jeder zweite Ostdeutsche w\u00fcrde eine von der derzeitigen Linken-Politikerin Sahra Wagenknecht gegr\u00fcndete neue Partei w\u00e4hlen. Dies geht aus einer aktuellen Umfrage des Onlinebefragungsunternehmens Civey hervor. Demnach zeigten sich 49 Prozent offen f\u00fcr die Wahl einer Wagenknecht-Partei, in Westdeutschland sind es 24 Prozent.<\/p>\n<p>Auf die Frage: &#8220;K\u00f6nnten Sie sich grunds\u00e4tzlich vorstellen, eine von Sahra Wagenknecht gegr\u00fcndete neue Partei zu w\u00e4hlen?&#8221; antworteten bundesweit 20 Prozent der Befragten mit &#8220;Ja&#8221; und weitere zehn Prozent mit &#8220;Eher ja&#8221;. Besonders gro\u00df ist das Interesse bei bisherigen W\u00e4hlern der Linken (67 Prozent) und der AfD (68 Prozent), am niedrigsten ist der Wert mit sieben Prozent bei der Gr\u00fcnen-W\u00e4hlerschaft. Die Umfrage wurde vom Magazin <em>Spiegel<\/em> in Auftrag gegeben. Civey befragte demnach 5.002 Personen.<\/p>\n<p>Bereits seit geraumer Zeit gibt es Ger\u00fcchte \u00fcber eine m\u00f6gliche Parteigr\u00fcndung Wagenknechts. Das Verh\u00e4ltnis Wagenknechts zur eigenen Parteispitze gilt als angespannt und zerstritten. Die fr\u00fchere Fraktionschefin vertritt unter anderem bei den Themen Energiepolitik, Russland-Sanktionen und Corona-Politik andere Positionen als diverse Mitglieder der Parteispitze. K\u00fcrzlich hatte sie selbst \u00f6ffentlich Erw\u00e4gungen \u00fcber eine neue Parteigr\u00fcndung angestellt, aber auch auf Probleme verwiesen. Ob es zur Gr\u00fcndung einer neuen Partei kommt, ist allerdings noch offen.<\/p>\n<p><strong>Mehr zum Thema &#8211; <\/strong><a rel=\"nofollow noopener\" target=\"_blank\" href=\"https:\/\/test.rtde.tech\/meinung\/124856-pulverisiert-warum-der-linken-absturz-keine-ueberraschung-war\/\">Pulverisiert: Warum der Linken-Absturz bei der Bundestagswahl keine \u00dcberraschung war<\/a><\/p>\n<\/p>\n<\/div>\n<p><br \/>\n<br \/><a href=\"https:\/\/de.rt.com\/inland\/154840-umfrage-haelfte-der-ostdeutschen-wuerde-wagenknecht-partei-waehlen\/\">Source link <\/a><\/p>\n","protected":false},"excerpt":{"rendered":"<p>Die Linken-Politikern Sahra Wagenknecht eckt in ihrer Partei oft an, das Verh\u00e4ltnis zur Parteispitze gilt als angespannt und zerstritten. W\u00fcrde sie eine eigene Partei gr\u00fcnden, h\u00e4tte diese gute Chancen \u2013 vor allem in Ostdeutschland. Fast jeder zweite Ostdeutsche w\u00fcrde eine von der derzeitigen Linken-Politikerin Sahra Wagenknecht gegr\u00fcndete neue Partei w\u00e4hlen. Dies geht aus einer aktuellen [&hellip;]<\/p>\n","protected":false},"author":3,"featured_media":23564,"comment_status":"open","ping_status":"open","sticky":false,"template":"","format":"standard","meta":{"wp_automatic_camp":["217"],"49184ae4cce46165f2f2955d0019a728":["Umfrage: H\u00e4lfte der Ostdeutschen w\u00fcrde Wagenknecht-Partei w\u00e4hlen"],"original_link":["https:\/\/de.rt.com\/inland\/154840-umfrage-haelfte-der-ostdeutschen-wuerde-wagenknecht-partei-waehlen\/"],"_thumbnail_id":["23564"],"jnews_social_counter_last_update":["1777162470"]},"categories":[19,23],"tags":[82,20976,28746,1428,35353,2576,528],"yoast_head":"<!-- This site is optimized with the Yoast SEO Premium plugin v22.7 (Yoast SEO v22.7) - https:\/\/yoast.com\/wordpress\/plugins\/seo\/ -->\n<title>Umfrage: H\u00e4lfte der Ostdeutschen w\u00fcrde Wagenknecht-Partei w\u00e4hlen - just-now.NEWS Deutschland<\/title>\n<meta name=\"robots\" content=\"index, follow, max-snippet:-1, max-image-preview:large, max-video-preview:-1\" \/>\n<link rel=\"canonical\" href=\"https:\/\/now-news.de\/de\/deutschland\/umfrage-haelfte-der-ostdeutschen-wuerde-wagenknecht-partei-waehlen\/\" \/>\n<meta property=\"og:locale\" content=\"de_DE\" \/>\n<meta property=\"og:type\" content=\"article\" \/>\n<meta property=\"og:title\" content=\"Umfrage: H\u00e4lfte der Ostdeutschen w\u00fcrde Wagenknecht-Partei w\u00e4hlen\" \/>\n<meta property=\"og:description\" content=\"Die Linken-Politikern Sahra Wagenknecht eckt in ihrer Partei oft an, das Verh\u00e4ltnis zur Parteispitze gilt als angespannt und zerstritten. W\u00fcrde sie eine eigene Partei gr\u00fcnden, h\u00e4tte diese gute Chancen \u2013 vor allem in Ostdeutschland. Fast jeder zweite Ostdeutsche w\u00fcrde eine von der derzeitigen Linken-Politikerin Sahra Wagenknecht gegr\u00fcndete neue Partei w\u00e4hlen. Dies geht aus einer aktuellen [&hellip;]\" \/>\n<meta property=\"og:url\" content=\"https:\/\/now-news.de\/de\/deutschland\/umfrage-haelfte-der-ostdeutschen-wuerde-wagenknecht-partei-waehlen\/\" \/>\n<meta property=\"og:site_name\" content=\"just-now.NEWS Deutschland\" \/>\n<meta property=\"article:publisher\" content=\"https:\/\/www.facebook.com\/wirmachenauf\" \/>\n<meta property=\"article:published_time\" content=\"2022-11-19T06:21:04+00:00\" \/>\n<meta property=\"og:image\" content=\"https:\/\/now-news.de\/de\/wp-content\/uploads\/sites\/3\/2022\/11\/Umfrage-Haelfte-der-Ostdeutschen-wuerde-Wagenknecht-Partei-waehlen.jpg\" \/>\n\t<meta property=\"og:image:width\" content=\"460\" \/>\n\t<meta property=\"og:image:height\" content=\"259\" \/>\n\t<meta property=\"og:image:type\" content=\"image\/jpeg\" \/>\n<meta name=\"author\" content=\"rtnews\" \/>\n<meta name=\"twitter:card\" content=\"summary_large_image\" \/>\n<meta name=\"twitter:creator\" content=\"@WirMachenAuf_de\" \/>\n<meta name=\"twitter:site\" content=\"@WirMachenAuf_de\" \/>\n<meta name=\"twitter:label1\" content=\"Verfasst von\" \/>\n\t<meta name=\"twitter:data1\" content=\"rtnews\" \/>\n\t<meta name=\"twitter:label2\" content=\"Gesch\u00e4tzte Lesezeit\" \/>\n\t<meta name=\"twitter:data2\" content=\"1\u00a0Minute\" \/>\n<script type=\"application\/ld+json\" class=\"yoast-schema-graph\">{\"@context\":\"https:\/\/schema.org\",\"@graph\":[{\"@type\":\"Article\",\"@id\":\"https:\/\/now-news.de\/de\/deutschland\/umfrage-haelfte-der-ostdeutschen-wuerde-wagenknecht-partei-waehlen\/#article\",\"isPartOf\":{\"@id\":\"https:\/\/now-news.de\/de\/deutschland\/umfrage-haelfte-der-ostdeutschen-wuerde-wagenknecht-partei-waehlen\/\"},\"author\":{\"name\":\"rtnews\",\"@id\":\"https:\/\/now-news.de\/de\/#\/schema\/person\/fb534a4e865501d8b3285208df34a9b5\"},\"headline\":\"Umfrage: H\u00e4lfte der Ostdeutschen w\u00fcrde Wagenknecht-Partei w\u00e4hlen\",\"datePublished\":\"2022-11-19T06:21:04+00:00\",\"dateModified\":\"2022-11-19T06:21:04+00:00\",\"mainEntityOfPage\":{\"@id\":\"https:\/\/now-news.de\/de\/deutschland\/umfrage-haelfte-der-ostdeutschen-wuerde-wagenknecht-partei-waehlen\/\"},\"wordCount\":266,\"commentCount\":0,\"publisher\":{\"@id\":\"https:\/\/now-news.de\/de\/#organization\"},\"image\":{\"@id\":\"https:\/\/now-news.de\/de\/deutschland\/umfrage-haelfte-der-ostdeutschen-wuerde-wagenknecht-partei-waehlen\/#primaryimage\"},\"thumbnailUrl\":\"https:\/\/now-news.de\/de\/wp-content\/uploads\/sites\/3\/2022\/11\/Umfrage-Haelfte-der-Ostdeutschen-wuerde-Wagenknecht-Partei-waehlen.jpg\",\"keywords\":[\"der\",\"H\u00e4lfte\",\"Ostdeutschen\",\"Umfrage\",\"WagenknechtPartei\",\"Wahlen\",\"wurde\"],\"articleSection\":[\"Deutschland\",\"Russland\"],\"inLanguage\":\"de\",\"potentialAction\":[{\"@type\":\"CommentAction\",\"name\":\"Comment\",\"target\":[\"https:\/\/now-news.de\/de\/deutschland\/umfrage-haelfte-der-ostdeutschen-wuerde-wagenknecht-partei-waehlen\/#respond\"]}]},{\"@type\":\"WebPage\",\"@id\":\"https:\/\/now-news.de\/de\/deutschland\/umfrage-haelfte-der-ostdeutschen-wuerde-wagenknecht-partei-waehlen\/\",\"url\":\"https:\/\/now-news.de\/de\/deutschland\/umfrage-haelfte-der-ostdeutschen-wuerde-wagenknecht-partei-waehlen\/\",\"name\":\"Umfrage: H\u00e4lfte der Ostdeutschen w\u00fcrde Wagenknecht-Partei w\u00e4hlen - just-now.NEWS Deutschland\",\"isPartOf\":{\"@id\":\"https:\/\/now-news.de\/de\/#website\"},\"primaryImageOfPage\":{\"@id\":\"https:\/\/now-news.de\/de\/deutschland\/umfrage-haelfte-der-ostdeutschen-wuerde-wagenknecht-partei-waehlen\/#primaryimage\"},\"image\":{\"@id\":\"https:\/\/now-news.de\/de\/deutschland\/umfrage-haelfte-der-ostdeutschen-wuerde-wagenknecht-partei-waehlen\/#primaryimage\"},\"thumbnailUrl\":\"https:\/\/now-news.de\/de\/wp-content\/uploads\/sites\/3\/2022\/11\/Umfrage-Haelfte-der-Ostdeutschen-wuerde-Wagenknecht-Partei-waehlen.jpg\",\"datePublished\":\"2022-11-19T06:21:04+00:00\",\"dateModified\":\"2022-11-19T06:21:04+00:00\",\"breadcrumb\":{\"@id\":\"https:\/\/now-news.de\/de\/deutschland\/umfrage-haelfte-der-ostdeutschen-wuerde-wagenknecht-partei-waehlen\/#breadcrumb\"},\"inLanguage\":\"de\",\"potentialAction\":[{\"@type\":\"ReadAction\",\"target\":[\"https:\/\/now-news.de\/de\/deutschland\/umfrage-haelfte-der-ostdeutschen-wuerde-wagenknecht-partei-waehlen\/\"]}]},{\"@type\":\"ImageObject\",\"inLanguage\":\"de\",\"@id\":\"https:\/\/now-news.de\/de\/deutschland\/umfrage-haelfte-der-ostdeutschen-wuerde-wagenknecht-partei-waehlen\/#primaryimage\",\"url\":\"https:\/\/now-news.de\/de\/wp-content\/uploads\/sites\/3\/2022\/11\/Umfrage-Haelfte-der-Ostdeutschen-wuerde-Wagenknecht-Partei-waehlen.jpg\",\"contentUrl\":\"https:\/\/now-news.de\/de\/wp-content\/uploads\/sites\/3\/2022\/11\/Umfrage-Haelfte-der-Ostdeutschen-wuerde-Wagenknecht-Partei-waehlen.jpg\",\"width\":460,\"height\":259,\"caption\":\"Umfrage: H\u00e4lfte der Ostdeutschen w\u00fcrde Wagenknecht-Partei w\u00e4hlen\"},{\"@type\":\"BreadcrumbList\",\"@id\":\"https:\/\/now-news.de\/de\/deutschland\/umfrage-haelfte-der-ostdeutschen-wuerde-wagenknecht-partei-waehlen\/#breadcrumb\",\"itemListElement\":[{\"@type\":\"ListItem\",\"position\":1,\"name\":\"Home\",\"item\":\"https:\/\/now-news.de\/de\/\"},{\"@type\":\"ListItem\",\"position\":2,\"name\":\"Umfrage: H\u00e4lfte der Ostdeutschen w\u00fcrde Wagenknecht-Partei w\u00e4hlen\"}]},{\"@type\":\"WebSite\",\"@id\":\"https:\/\/now-news.de\/de\/#website\",\"url\":\"https:\/\/now-news.de\/de\/\",\"name\":\"just-now.NEWS Deutschland\",\"description\":\"Das Portal f\u00fcr unzensierte Nachrichten aus der Welt\",\"publisher\":{\"@id\":\"https:\/\/now-news.de\/de\/#organization\"},\"potentialAction\":[{\"@type\":\"SearchAction\",\"target\":{\"@type\":\"EntryPoint\",\"urlTemplate\":\"https:\/\/now-news.de\/de\/?s={search_term_string}\"},\"query-input\":\"required name=search_term_string\"}],\"inLanguage\":\"de\"},{\"@type\":\"Organization\",\"@id\":\"https:\/\/now-news.de\/de\/#organization\",\"name\":\"Just Now News\",\"url\":\"https:\/\/now-news.de\/de\/\",\"logo\":{\"@type\":\"ImageObject\",\"inLanguage\":\"de\",\"@id\":\"https:\/\/now-news.de\/de\/#\/schema\/logo\/image\/\",\"url\":\"http:\/\/just-now.news\/de\/wp-content\/uploads\/sites\/3\/2022\/04\/logo500x500.jpg\",\"contentUrl\":\"http:\/\/just-now.news\/de\/wp-content\/uploads\/sites\/3\/2022\/04\/logo500x500.jpg\",\"width\":500,\"height\":500,\"caption\":\"Just Now News\"},\"image\":{\"@id\":\"https:\/\/now-news.de\/de\/#\/schema\/logo\/image\/\"},\"sameAs\":[\"https:\/\/www.facebook.com\/wirmachenauf\",\"https:\/\/x.com\/WirMachenAuf_de\"]},{\"@type\":\"Person\",\"@id\":\"https:\/\/now-news.de\/de\/#\/schema\/person\/fb534a4e865501d8b3285208df34a9b5\",\"name\":\"rtnews\",\"image\":{\"@type\":\"ImageObject\",\"inLanguage\":\"de\",\"@id\":\"https:\/\/now-news.de\/de\/#\/schema\/person\/image\/\",\"url\":\"https:\/\/secure.gravatar.com\/avatar\/82aafea7d8127119dd649515f56e2117?s=96&d=mm&r=g\",\"contentUrl\":\"https:\/\/secure.gravatar.com\/avatar\/82aafea7d8127119dd649515f56e2117?s=96&d=mm&r=g\",\"caption\":\"rtnews\"},\"url\":\"https:\/\/now-news.de\/de\/author\/rnews\/\"}]}<\/script>\n<!-- \/ Yoast SEO Premium plugin. -->","yoast_head_json":{"title":"Umfrage: H\u00e4lfte der Ostdeutschen w\u00fcrde Wagenknecht-Partei w\u00e4hlen - just-now.NEWS Deutschland","robots":{"index":"index","follow":"follow","max-snippet":"max-snippet:-1","max-image-preview":"max-image-preview:large","max-video-preview":"max-video-preview:-1"},"canonical":"https:\/\/now-news.de\/de\/deutschland\/umfrage-haelfte-der-ostdeutschen-wuerde-wagenknecht-partei-waehlen\/","og_locale":"de_DE","og_type":"article","og_title":"Umfrage: H\u00e4lfte der Ostdeutschen w\u00fcrde Wagenknecht-Partei w\u00e4hlen","og_description":"Die Linken-Politikern Sahra Wagenknecht eckt in ihrer Partei oft an, das Verh\u00e4ltnis zur Parteispitze gilt als angespannt und zerstritten. W\u00fcrde sie eine eigene Partei gr\u00fcnden, h\u00e4tte diese gute Chancen \u2013 vor allem in Ostdeutschland. Fast jeder zweite Ostdeutsche w\u00fcrde eine von der derzeitigen Linken-Politikerin Sahra Wagenknecht gegr\u00fcndete neue Partei w\u00e4hlen. Dies geht aus einer aktuellen [&hellip;]","og_url":"https:\/\/now-news.de\/de\/deutschland\/umfrage-haelfte-der-ostdeutschen-wuerde-wagenknecht-partei-waehlen\/","og_site_name":"just-now.NEWS Deutschland","article_publisher":"https:\/\/www.facebook.com\/wirmachenauf","article_published_time":"2022-11-19T06:21:04+00:00","og_image":[{"width":460,"height":259,"url":"https:\/\/now-news.de\/de\/wp-content\/uploads\/sites\/3\/2022\/11\/Umfrage-Haelfte-der-Ostdeutschen-wuerde-Wagenknecht-Partei-waehlen.jpg","type":"image\/jpeg"}],"author":"rtnews","twitter_card":"summary_large_image","twitter_creator":"@WirMachenAuf_de","twitter_site":"@WirMachenAuf_de","twitter_misc":{"Verfasst von":"rtnews","Gesch\u00e4tzte Lesezeit":"1\u00a0Minute"},"schema":{"@context":"https:\/\/schema.org","@graph":[{"@type":"Article","@id":"https:\/\/now-news.de\/de\/deutschland\/umfrage-haelfte-der-ostdeutschen-wuerde-wagenknecht-partei-waehlen\/#article","isPartOf":{"@id":"https:\/\/now-news.de\/de\/deutschland\/umfrage-haelfte-der-ostdeutschen-wuerde-wagenknecht-partei-waehlen\/"},"author":{"name":"rtnews","@id":"https:\/\/now-news.de\/de\/#\/schema\/person\/fb534a4e865501d8b3285208df34a9b5"},"headline":"Umfrage: H\u00e4lfte der Ostdeutschen w\u00fcrde Wagenknecht-Partei w\u00e4hlen","datePublished":"2022-11-19T06:21:04+00:00","dateModified":"2022-11-19T06:21:04+00:00","mainEntityOfPage":{"@id":"https:\/\/now-news.de\/de\/deutschland\/umfrage-haelfte-der-ostdeutschen-wuerde-wagenknecht-partei-waehlen\/"},"wordCount":266,"commentCount":0,"publisher":{"@id":"https:\/\/now-news.de\/de\/#organization"},"image":{"@id":"https:\/\/now-news.de\/de\/deutschland\/umfrage-haelfte-der-ostdeutschen-wuerde-wagenknecht-partei-waehlen\/#primaryimage"},"thumbnailUrl":"https:\/\/now-news.de\/de\/wp-content\/uploads\/sites\/3\/2022\/11\/Umfrage-Haelfte-der-Ostdeutschen-wuerde-Wagenknecht-Partei-waehlen.jpg","keywords":["der","H\u00e4lfte","Ostdeutschen","Umfrage","WagenknechtPartei","Wahlen","wurde"],"articleSection":["Deutschland","Russland"],"inLanguage":"de","potentialAction":[{"@type":"CommentAction","name":"Comment","target":["https:\/\/now-news.de\/de\/deutschland\/umfrage-haelfte-der-ostdeutschen-wuerde-wagenknecht-partei-waehlen\/#respond"]}]},{"@type":"WebPage","@id":"https:\/\/now-news.de\/de\/deutschland\/umfrage-haelfte-der-ostdeutschen-wuerde-wagenknecht-partei-waehlen\/","url":"https:\/\/now-news.de\/de\/deutschland\/umfrage-haelfte-der-ostdeutschen-wuerde-wagenknecht-partei-waehlen\/","name":"Umfrage: H\u00e4lfte der Ostdeutschen w\u00fcrde Wagenknecht-Partei w\u00e4hlen - just-now.NEWS Deutschland","isPartOf":{"@id":"https:\/\/now-news.de\/de\/#website"},"primaryImageOfPage":{"@id":"https:\/\/now-news.de\/de\/deutschland\/umfrage-haelfte-der-ostdeutschen-wuerde-wagenknecht-partei-waehlen\/#primaryimage"},"image":{"@id":"https:\/\/now-news.de\/de\/deutschland\/umfrage-haelfte-der-ostdeutschen-wuerde-wagenknecht-partei-waehlen\/#primaryimage"},"thumbnailUrl":"https:\/\/now-news.de\/de\/wp-content\/uploads\/sites\/3\/2022\/11\/Umfrage-Haelfte-der-Ostdeutschen-wuerde-Wagenknecht-Partei-waehlen.jpg","datePublished":"2022-11-19T06:21:04+00:00","dateModified":"2022-11-19T06:21:04+00:00","breadcrumb":{"@id":"https:\/\/now-news.de\/de\/deutschland\/umfrage-haelfte-der-ostdeutschen-wuerde-wagenknecht-partei-waehlen\/#breadcrumb"},"inLanguage":"de","potentialAction":[{"@type":"ReadAction","target":["https:\/\/now-news.de\/de\/deutschland\/umfrage-haelfte-der-ostdeutschen-wuerde-wagenknecht-partei-waehlen\/"]}]},{"@type":"ImageObject","inLanguage":"de","@id":"https:\/\/now-news.de\/de\/deutschland\/umfrage-haelfte-der-ostdeutschen-wuerde-wagenknecht-partei-waehlen\/#primaryimage","url":"https:\/\/now-news.de\/de\/wp-content\/uploads\/sites\/3\/2022\/11\/Umfrage-Haelfte-der-Ostdeutschen-wuerde-Wagenknecht-Partei-waehlen.jpg","contentUrl":"https:\/\/now-news.de\/de\/wp-content\/uploads\/sites\/3\/2022\/11\/Umfrage-Haelfte-der-Ostdeutschen-wuerde-Wagenknecht-Partei-waehlen.jpg","width":460,"height":259,"caption":"Umfrage: H\u00e4lfte der Ostdeutschen w\u00fcrde Wagenknecht-Partei w\u00e4hlen"},{"@type":"BreadcrumbList","@id":"https:\/\/now-news.de\/de\/deutschland\/umfrage-haelfte-der-ostdeutschen-wuerde-wagenknecht-partei-waehlen\/#breadcrumb","itemListElement":[{"@type":"ListItem","position":1,"name":"Home","item":"https:\/\/now-news.de\/de\/"},{"@type":"ListItem","position":2,"name":"Umfrage: H\u00e4lfte der Ostdeutschen w\u00fcrde Wagenknecht-Partei w\u00e4hlen"}]},{"@type":"WebSite","@id":"https:\/\/now-news.de\/de\/#website","url":"https:\/\/now-news.de\/de\/","name":"just-now.NEWS Deutschland","description":"Das Portal f\u00fcr unzensierte Nachrichten aus der Welt","publisher":{"@id":"https:\/\/now-news.de\/de\/#organization"},"potentialAction":[{"@type":"SearchAction","target":{"@type":"EntryPoint","urlTemplate":"https:\/\/now-news.de\/de\/?s={search_term_string}"},"query-input":"required name=search_term_string"}],"inLanguage":"de"},{"@type":"Organization","@id":"https:\/\/now-news.de\/de\/#organization","name":"Just Now News","url":"https:\/\/now-news.de\/de\/","logo":{"@type":"ImageObject","inLanguage":"de","@id":"https:\/\/now-news.de\/de\/#\/schema\/logo\/image\/","url":"http:\/\/just-now.news\/de\/wp-content\/uploads\/sites\/3\/2022\/04\/logo500x500.jpg","contentUrl":"http:\/\/just-now.news\/de\/wp-content\/uploads\/sites\/3\/2022\/04\/logo500x500.jpg","width":500,"height":500,"caption":"Just Now News"},"image":{"@id":"https:\/\/now-news.de\/de\/#\/schema\/logo\/image\/"},"sameAs":["https:\/\/www.facebook.com\/wirmachenauf","https:\/\/x.com\/WirMachenAuf_de"]},{"@type":"Person","@id":"https:\/\/now-news.de\/de\/#\/schema\/person\/fb534a4e865501d8b3285208df34a9b5","name":"rtnews","image":{"@type":"ImageObject","inLanguage":"de","@id":"https:\/\/now-news.de\/de\/#\/schema\/person\/image\/","url":"https:\/\/secure.gravatar.com\/avatar\/82aafea7d8127119dd649515f56e2117?s=96&d=mm&r=g","contentUrl":"https:\/\/secure.gravatar.com\/avatar\/82aafea7d8127119dd649515f56e2117?s=96&d=mm&r=g","caption":"rtnews"},"url":"https:\/\/now-news.de\/de\/author\/rnews\/"}]}},"_links":{"self":[{"href":"https:\/\/now-news.de\/de\/wp-json\/wp\/v2\/posts\/23563"}],"collection":[{"href":"https:\/\/now-news.de\/de\/wp-json\/wp\/v2\/posts"}],"about":[{"href":"https:\/\/now-news.de\/de\/wp-json\/wp\/v2\/types\/post"}],"author":[{"embeddable":true,"href":"https:\/\/now-news.de\/de\/wp-json\/wp\/v2\/users\/3"}],"replies":[{"embeddable":true,"href":"https:\/\/now-news.de\/de\/wp-json\/wp\/v2\/comments?post=23563"}],"version-history":[{"count":0,"href":"https:\/\/now-news.de\/de\/wp-json\/wp\/v2\/posts\/23563\/revisions"}],"wp:featuredmedia":[{"embeddable":true,"href":"https:\/\/now-news.de\/de\/wp-json\/wp\/v2\/media\/23564"}],"wp:attachment":[{"href":"https:\/\/now-news.de\/de\/wp-json\/wp\/v2\/media?parent=23563"}],"wp:term":[{"taxonomy":"category","embeddable":true,"href":"https:\/\/now-news.de\/de\/wp-json\/wp\/v2\/categories?post=23563"},{"taxonomy":"post_tag","embeddable":true,"href":"https:\/\/now-news.de\/de\/wp-json\/wp\/v2\/tags?post=23563"}],"curies":[{"name":"wp","href":"https:\/\/api.w.org\/{rel}","templated":true}]}}