{"id":23450,"date":"2022-11-17T21:57:21","date_gmt":"2022-11-17T19:57:21","guid":{"rendered":"http:\/\/just-now.news\/de\/deutschland\/republikanische-mehrheit-nach-zwischenwahlen-nancy-pelosi-tritt-ab\/"},"modified":"2022-11-17T21:57:21","modified_gmt":"2022-11-17T19:57:21","slug":"republikanische-mehrheit-nach-zwischenwahlen-nancy-pelosi-tritt-ab","status":"publish","type":"post","link":"https:\/\/now-news.de\/de\/deutschland\/republikanische-mehrheit-nach-zwischenwahlen-nancy-pelosi-tritt-ab\/","title":{"rendered":"Republikanische Mehrheit nach Zwischenwahlen \u2013 Nancy Pelosi tritt ab"},"content":{"rendered":"<p><img decoding=\"async\" src=\"http:\/\/just-now.news\/de\/wp-content\/uploads\/sites\/3\/2022\/11\/63768354b480cc61c35813d9.jpg\" \/><\/p>\n<div class=\"Text-root Text-type_1 \">\n                Nach \u00fcber drei\u00dfig Jahren im US-Parlament und in der politischen F\u00fchrungsriege der Demokratischen Partei wirft Nancy Pelosi das Handtuch als Sprecherin. Aber in Rente gehen wird sie erst, wenn ihr Mandat ganz abgelaufen ist.\n            <\/div>\n<p><\/p>\n<div class=\"Text-root Text-type_5 ArticleView-text ViewText-root \">\n<p>Nachdem die Republikaner bei den Zwischenwahlen die Mehrheit im US-Repr\u00e4sentantenhaus errungen haben und sie nicht mehr seine\u00a0Sprecherin sein wird, hat Nancy Pelosi erkl\u00e4rt, sie werde auch die Funktion als Sprecherin der Fraktion der Demokraten niederlegen.<\/p>\n<p>Vor ihrer Wahl ins Parlament war sie zwei Jahre lang Wahlkampfleiterin der Demokraten. 1987 wurde die heute 82-J\u00e4hrige als Vertreterin von San Francisco erstmals ins Repr\u00e4sentantenhaus gew\u00e4hlt, war seit 2003 Sprecherin der Demokraten und von 2007 bis 2011 sowie seit 2019 Sprecherin des Hauses und damit in der politischen Hierarchie der Vereinigten Staaten die dritte Person nach Pr\u00e4sident und Vizepr\u00e4sident. In dieser Funktion war sie die erste Frau.<\/p>\n<p>Schon ihr Vater war Abgeordneter und drei Perioden lang B\u00fcrgermeister von Baltimore, worin ihm ihr Bruder Thomas nachfolgte. Ihr Mann Paul Pelosi war Investmentbanker.<\/p>\n<p>Zuletzt machte sie Schlagzeilen mit ihrem Flug nach Taiwan im August, der gegen den von den USA eigentlich akzeptierten Grundsatz verstie\u00df, dass es nur ein China gebe, und der in Peking gro\u00dfe Emp\u00f6rung ausl\u00f6ste. Auch sonst war sie zuletzt zuverl\u00e4ssig dort, wo die Vereinigten Staaten au\u00dfenpolitisch auf Unruhe setzten, wie in fr\u00fcheren Jahren der Republikaner John McCain.<\/p>\n<p>Die Demokraten wollen nun die Stelle ihres Sprechers mit jemand J\u00fcngerem besetzen. Sprecher des Hauses wird, dem Wahlergebnis entsprechend, ein Republikaner werden. Pelosi will aber\u00a0bis zum Ende der Wahlperiode als Abgeordnete t\u00e4tig sein.<\/p>\n<p><strong>Mehr zum Thema<\/strong> &#8211;\u00a0<a rel=\"nofollow noopener\" target=\"_blank\" href=\"https:\/\/pressefreiheit.rtde.tech\/asien\/145589-peking-hinter-pelosis-taiwan-provokation\/\">Peking: Hinter Pelosis Taiwan-Provokation steckt Washingtons Wunsch nach mehr Milit\u00e4r<\/a><\/p>\n<\/div>\n<p><br \/>\n<br \/><a href=\"https:\/\/de.rt.com\/nordamerika\/154721-republikanische-mehrheit-nach-zwischenwahlen-nancy\/\">Source link <\/a><\/p>\n","protected":false},"excerpt":{"rendered":"<p>Nach \u00fcber drei\u00dfig Jahren im US-Parlament und in der politischen F\u00fchrungsriege der Demokratischen Partei wirft Nancy Pelosi das Handtuch als Sprecherin. Aber in Rente gehen wird sie erst, wenn ihr Mandat ganz abgelaufen ist. Nachdem die Republikaner bei den Zwischenwahlen die Mehrheit im US-Repr\u00e4sentantenhaus errungen haben und sie nicht mehr seine\u00a0Sprecherin sein wird, hat Nancy [&hellip;]<\/p>\n","protected":false},"author":3,"featured_media":23451,"comment_status":"open","ping_status":"open","sticky":false,"template":"","format":"standard","meta":{"wp_automatic_camp":["217"],"cdc03597b0387fe7a0a414b14ebe5fec":["Republikanische Mehrheit nach Zwischenwahlen \u2013 Nancy Pelosi tritt ab"],"original_link":["https:\/\/de.rt.com\/nordamerika\/154721-republikanische-mehrheit-nach-zwischenwahlen-nancy\/"],"_thumbnail_id":["23451"],"jnews_social_counter_last_update":["1777253337"]},"categories":[19,23],"tags":[2033,979,16829,10967,19935,3470,19094],"yoast_head":"<!-- This site is optimized with the Yoast SEO Premium plugin v22.7 (Yoast SEO v22.7) - https:\/\/yoast.com\/wordpress\/plugins\/seo\/ -->\n<title>Republikanische Mehrheit nach Zwischenwahlen \u2013 Nancy Pelosi tritt ab - just-now.NEWS Deutschland<\/title>\n<meta name=\"robots\" content=\"index, follow, max-snippet:-1, max-image-preview:large, max-video-preview:-1\" \/>\n<link rel=\"canonical\" href=\"https:\/\/now-news.de\/de\/deutschland\/republikanische-mehrheit-nach-zwischenwahlen-nancy-pelosi-tritt-ab\/\" \/>\n<meta property=\"og:locale\" content=\"de_DE\" \/>\n<meta property=\"og:type\" content=\"article\" \/>\n<meta property=\"og:title\" content=\"Republikanische Mehrheit nach Zwischenwahlen \u2013 Nancy Pelosi tritt ab\" \/>\n<meta property=\"og:description\" content=\"Nach \u00fcber drei\u00dfig Jahren im US-Parlament und in der politischen F\u00fchrungsriege der Demokratischen Partei wirft Nancy Pelosi das Handtuch als Sprecherin. Aber in Rente gehen wird sie erst, wenn ihr Mandat ganz abgelaufen ist. Nachdem die Republikaner bei den Zwischenwahlen die Mehrheit im US-Repr\u00e4sentantenhaus errungen haben und sie nicht mehr seine\u00a0Sprecherin sein wird, hat Nancy [&hellip;]\" \/>\n<meta property=\"og:url\" content=\"https:\/\/now-news.de\/de\/deutschland\/republikanische-mehrheit-nach-zwischenwahlen-nancy-pelosi-tritt-ab\/\" \/>\n<meta property=\"og:site_name\" content=\"just-now.NEWS Deutschland\" \/>\n<meta property=\"article:publisher\" content=\"https:\/\/www.facebook.com\/wirmachenauf\" \/>\n<meta property=\"article:published_time\" content=\"2022-11-17T19:57:21+00:00\" \/>\n<meta property=\"og:image\" content=\"https:\/\/now-news.de\/de\/wp-content\/uploads\/sites\/3\/2022\/11\/Republikanische-Mehrheit-nach-Zwischenwahlen-\u2013-Nancy-Pelosi-tritt-ab.jpg\" \/>\n\t<meta property=\"og:image:width\" content=\"460\" \/>\n\t<meta property=\"og:image:height\" content=\"259\" \/>\n\t<meta property=\"og:image:type\" content=\"image\/jpeg\" \/>\n<meta name=\"author\" content=\"rtnews\" \/>\n<meta name=\"twitter:card\" content=\"summary_large_image\" \/>\n<meta name=\"twitter:creator\" content=\"@WirMachenAuf_de\" \/>\n<meta name=\"twitter:site\" content=\"@WirMachenAuf_de\" \/>\n<meta name=\"twitter:label1\" content=\"Verfasst von\" \/>\n\t<meta name=\"twitter:data1\" content=\"rtnews\" \/>\n\t<meta name=\"twitter:label2\" content=\"Gesch\u00e4tzte Lesezeit\" \/>\n\t<meta name=\"twitter:data2\" content=\"1\u00a0Minute\" \/>\n<script type=\"application\/ld+json\" class=\"yoast-schema-graph\">{\"@context\":\"https:\/\/schema.org\",\"@graph\":[{\"@type\":\"Article\",\"@id\":\"https:\/\/now-news.de\/de\/deutschland\/republikanische-mehrheit-nach-zwischenwahlen-nancy-pelosi-tritt-ab\/#article\",\"isPartOf\":{\"@id\":\"https:\/\/now-news.de\/de\/deutschland\/republikanische-mehrheit-nach-zwischenwahlen-nancy-pelosi-tritt-ab\/\"},\"author\":{\"name\":\"rtnews\",\"@id\":\"https:\/\/now-news.de\/de\/#\/schema\/person\/fb534a4e865501d8b3285208df34a9b5\"},\"headline\":\"Republikanische Mehrheit nach Zwischenwahlen \u2013 Nancy Pelosi tritt ab\",\"datePublished\":\"2022-11-17T19:57:21+00:00\",\"dateModified\":\"2022-11-17T19:57:21+00:00\",\"mainEntityOfPage\":{\"@id\":\"https:\/\/now-news.de\/de\/deutschland\/republikanische-mehrheit-nach-zwischenwahlen-nancy-pelosi-tritt-ab\/\"},\"wordCount\":292,\"commentCount\":0,\"publisher\":{\"@id\":\"https:\/\/now-news.de\/de\/#organization\"},\"image\":{\"@id\":\"https:\/\/now-news.de\/de\/deutschland\/republikanische-mehrheit-nach-zwischenwahlen-nancy-pelosi-tritt-ab\/#primaryimage\"},\"thumbnailUrl\":\"https:\/\/now-news.de\/de\/wp-content\/uploads\/sites\/3\/2022\/11\/Republikanische-Mehrheit-nach-Zwischenwahlen-\u2013-Nancy-Pelosi-tritt-ab.jpg\",\"keywords\":[\"Mehrheit\",\"nach\",\"Nancy\",\"Pelosi\",\"Republikanische\",\"tritt\",\"Zwischenwahlen\"],\"articleSection\":[\"Deutschland\",\"Russland\"],\"inLanguage\":\"de\",\"potentialAction\":[{\"@type\":\"CommentAction\",\"name\":\"Comment\",\"target\":[\"https:\/\/now-news.de\/de\/deutschland\/republikanische-mehrheit-nach-zwischenwahlen-nancy-pelosi-tritt-ab\/#respond\"]}]},{\"@type\":\"WebPage\",\"@id\":\"https:\/\/now-news.de\/de\/deutschland\/republikanische-mehrheit-nach-zwischenwahlen-nancy-pelosi-tritt-ab\/\",\"url\":\"https:\/\/now-news.de\/de\/deutschland\/republikanische-mehrheit-nach-zwischenwahlen-nancy-pelosi-tritt-ab\/\",\"name\":\"Republikanische Mehrheit nach Zwischenwahlen \u2013 Nancy Pelosi tritt ab - just-now.NEWS Deutschland\",\"isPartOf\":{\"@id\":\"https:\/\/now-news.de\/de\/#website\"},\"primaryImageOfPage\":{\"@id\":\"https:\/\/now-news.de\/de\/deutschland\/republikanische-mehrheit-nach-zwischenwahlen-nancy-pelosi-tritt-ab\/#primaryimage\"},\"image\":{\"@id\":\"https:\/\/now-news.de\/de\/deutschland\/republikanische-mehrheit-nach-zwischenwahlen-nancy-pelosi-tritt-ab\/#primaryimage\"},\"thumbnailUrl\":\"https:\/\/now-news.de\/de\/wp-content\/uploads\/sites\/3\/2022\/11\/Republikanische-Mehrheit-nach-Zwischenwahlen-\u2013-Nancy-Pelosi-tritt-ab.jpg\",\"datePublished\":\"2022-11-17T19:57:21+00:00\",\"dateModified\":\"2022-11-17T19:57:21+00:00\",\"breadcrumb\":{\"@id\":\"https:\/\/now-news.de\/de\/deutschland\/republikanische-mehrheit-nach-zwischenwahlen-nancy-pelosi-tritt-ab\/#breadcrumb\"},\"inLanguage\":\"de\",\"potentialAction\":[{\"@type\":\"ReadAction\",\"target\":[\"https:\/\/now-news.de\/de\/deutschland\/republikanische-mehrheit-nach-zwischenwahlen-nancy-pelosi-tritt-ab\/\"]}]},{\"@type\":\"ImageObject\",\"inLanguage\":\"de\",\"@id\":\"https:\/\/now-news.de\/de\/deutschland\/republikanische-mehrheit-nach-zwischenwahlen-nancy-pelosi-tritt-ab\/#primaryimage\",\"url\":\"https:\/\/now-news.de\/de\/wp-content\/uploads\/sites\/3\/2022\/11\/Republikanische-Mehrheit-nach-Zwischenwahlen-\u2013-Nancy-Pelosi-tritt-ab.jpg\",\"contentUrl\":\"https:\/\/now-news.de\/de\/wp-content\/uploads\/sites\/3\/2022\/11\/Republikanische-Mehrheit-nach-Zwischenwahlen-\u2013-Nancy-Pelosi-tritt-ab.jpg\",\"width\":460,\"height\":259,\"caption\":\"Republikanische Mehrheit nach Zwischenwahlen \u2013 Nancy Pelosi tritt ab\"},{\"@type\":\"BreadcrumbList\",\"@id\":\"https:\/\/now-news.de\/de\/deutschland\/republikanische-mehrheit-nach-zwischenwahlen-nancy-pelosi-tritt-ab\/#breadcrumb\",\"itemListElement\":[{\"@type\":\"ListItem\",\"position\":1,\"name\":\"Home\",\"item\":\"https:\/\/now-news.de\/de\/\"},{\"@type\":\"ListItem\",\"position\":2,\"name\":\"Republikanische Mehrheit nach Zwischenwahlen \u2013 Nancy Pelosi tritt ab\"}]},{\"@type\":\"WebSite\",\"@id\":\"https:\/\/now-news.de\/de\/#website\",\"url\":\"https:\/\/now-news.de\/de\/\",\"name\":\"just-now.NEWS Deutschland\",\"description\":\"Das Portal f\u00fcr unzensierte Nachrichten aus der Welt\",\"publisher\":{\"@id\":\"https:\/\/now-news.de\/de\/#organization\"},\"potentialAction\":[{\"@type\":\"SearchAction\",\"target\":{\"@type\":\"EntryPoint\",\"urlTemplate\":\"https:\/\/now-news.de\/de\/?s={search_term_string}\"},\"query-input\":\"required name=search_term_string\"}],\"inLanguage\":\"de\"},{\"@type\":\"Organization\",\"@id\":\"https:\/\/now-news.de\/de\/#organization\",\"name\":\"Just Now News\",\"url\":\"https:\/\/now-news.de\/de\/\",\"logo\":{\"@type\":\"ImageObject\",\"inLanguage\":\"de\",\"@id\":\"https:\/\/now-news.de\/de\/#\/schema\/logo\/image\/\",\"url\":\"http:\/\/just-now.news\/de\/wp-content\/uploads\/sites\/3\/2022\/04\/logo500x500.jpg\",\"contentUrl\":\"http:\/\/just-now.news\/de\/wp-content\/uploads\/sites\/3\/2022\/04\/logo500x500.jpg\",\"width\":500,\"height\":500,\"caption\":\"Just Now News\"},\"image\":{\"@id\":\"https:\/\/now-news.de\/de\/#\/schema\/logo\/image\/\"},\"sameAs\":[\"https:\/\/www.facebook.com\/wirmachenauf\",\"https:\/\/x.com\/WirMachenAuf_de\"]},{\"@type\":\"Person\",\"@id\":\"https:\/\/now-news.de\/de\/#\/schema\/person\/fb534a4e865501d8b3285208df34a9b5\",\"name\":\"rtnews\",\"image\":{\"@type\":\"ImageObject\",\"inLanguage\":\"de\",\"@id\":\"https:\/\/now-news.de\/de\/#\/schema\/person\/image\/\",\"url\":\"https:\/\/secure.gravatar.com\/avatar\/82aafea7d8127119dd649515f56e2117?s=96&d=mm&r=g\",\"contentUrl\":\"https:\/\/secure.gravatar.com\/avatar\/82aafea7d8127119dd649515f56e2117?s=96&d=mm&r=g\",\"caption\":\"rtnews\"},\"url\":\"https:\/\/now-news.de\/de\/author\/rnews\/\"}]}<\/script>\n<!-- \/ Yoast SEO Premium plugin. -->","yoast_head_json":{"title":"Republikanische Mehrheit nach Zwischenwahlen \u2013 Nancy Pelosi tritt ab - just-now.NEWS Deutschland","robots":{"index":"index","follow":"follow","max-snippet":"max-snippet:-1","max-image-preview":"max-image-preview:large","max-video-preview":"max-video-preview:-1"},"canonical":"https:\/\/now-news.de\/de\/deutschland\/republikanische-mehrheit-nach-zwischenwahlen-nancy-pelosi-tritt-ab\/","og_locale":"de_DE","og_type":"article","og_title":"Republikanische Mehrheit nach Zwischenwahlen \u2013 Nancy Pelosi tritt ab","og_description":"Nach \u00fcber drei\u00dfig Jahren im US-Parlament und in der politischen F\u00fchrungsriege der Demokratischen Partei wirft Nancy Pelosi das Handtuch als Sprecherin. Aber in Rente gehen wird sie erst, wenn ihr Mandat ganz abgelaufen ist. Nachdem die Republikaner bei den Zwischenwahlen die Mehrheit im US-Repr\u00e4sentantenhaus errungen haben und sie nicht mehr seine\u00a0Sprecherin sein wird, hat Nancy [&hellip;]","og_url":"https:\/\/now-news.de\/de\/deutschland\/republikanische-mehrheit-nach-zwischenwahlen-nancy-pelosi-tritt-ab\/","og_site_name":"just-now.NEWS Deutschland","article_publisher":"https:\/\/www.facebook.com\/wirmachenauf","article_published_time":"2022-11-17T19:57:21+00:00","og_image":[{"width":460,"height":259,"url":"https:\/\/now-news.de\/de\/wp-content\/uploads\/sites\/3\/2022\/11\/Republikanische-Mehrheit-nach-Zwischenwahlen-\u2013-Nancy-Pelosi-tritt-ab.jpg","type":"image\/jpeg"}],"author":"rtnews","twitter_card":"summary_large_image","twitter_creator":"@WirMachenAuf_de","twitter_site":"@WirMachenAuf_de","twitter_misc":{"Verfasst von":"rtnews","Gesch\u00e4tzte Lesezeit":"1\u00a0Minute"},"schema":{"@context":"https:\/\/schema.org","@graph":[{"@type":"Article","@id":"https:\/\/now-news.de\/de\/deutschland\/republikanische-mehrheit-nach-zwischenwahlen-nancy-pelosi-tritt-ab\/#article","isPartOf":{"@id":"https:\/\/now-news.de\/de\/deutschland\/republikanische-mehrheit-nach-zwischenwahlen-nancy-pelosi-tritt-ab\/"},"author":{"name":"rtnews","@id":"https:\/\/now-news.de\/de\/#\/schema\/person\/fb534a4e865501d8b3285208df34a9b5"},"headline":"Republikanische Mehrheit nach Zwischenwahlen \u2013 Nancy Pelosi tritt ab","datePublished":"2022-11-17T19:57:21+00:00","dateModified":"2022-11-17T19:57:21+00:00","mainEntityOfPage":{"@id":"https:\/\/now-news.de\/de\/deutschland\/republikanische-mehrheit-nach-zwischenwahlen-nancy-pelosi-tritt-ab\/"},"wordCount":292,"commentCount":0,"publisher":{"@id":"https:\/\/now-news.de\/de\/#organization"},"image":{"@id":"https:\/\/now-news.de\/de\/deutschland\/republikanische-mehrheit-nach-zwischenwahlen-nancy-pelosi-tritt-ab\/#primaryimage"},"thumbnailUrl":"https:\/\/now-news.de\/de\/wp-content\/uploads\/sites\/3\/2022\/11\/Republikanische-Mehrheit-nach-Zwischenwahlen-\u2013-Nancy-Pelosi-tritt-ab.jpg","keywords":["Mehrheit","nach","Nancy","Pelosi","Republikanische","tritt","Zwischenwahlen"],"articleSection":["Deutschland","Russland"],"inLanguage":"de","potentialAction":[{"@type":"CommentAction","name":"Comment","target":["https:\/\/now-news.de\/de\/deutschland\/republikanische-mehrheit-nach-zwischenwahlen-nancy-pelosi-tritt-ab\/#respond"]}]},{"@type":"WebPage","@id":"https:\/\/now-news.de\/de\/deutschland\/republikanische-mehrheit-nach-zwischenwahlen-nancy-pelosi-tritt-ab\/","url":"https:\/\/now-news.de\/de\/deutschland\/republikanische-mehrheit-nach-zwischenwahlen-nancy-pelosi-tritt-ab\/","name":"Republikanische Mehrheit nach Zwischenwahlen \u2013 Nancy Pelosi tritt ab - just-now.NEWS Deutschland","isPartOf":{"@id":"https:\/\/now-news.de\/de\/#website"},"primaryImageOfPage":{"@id":"https:\/\/now-news.de\/de\/deutschland\/republikanische-mehrheit-nach-zwischenwahlen-nancy-pelosi-tritt-ab\/#primaryimage"},"image":{"@id":"https:\/\/now-news.de\/de\/deutschland\/republikanische-mehrheit-nach-zwischenwahlen-nancy-pelosi-tritt-ab\/#primaryimage"},"thumbnailUrl":"https:\/\/now-news.de\/de\/wp-content\/uploads\/sites\/3\/2022\/11\/Republikanische-Mehrheit-nach-Zwischenwahlen-\u2013-Nancy-Pelosi-tritt-ab.jpg","datePublished":"2022-11-17T19:57:21+00:00","dateModified":"2022-11-17T19:57:21+00:00","breadcrumb":{"@id":"https:\/\/now-news.de\/de\/deutschland\/republikanische-mehrheit-nach-zwischenwahlen-nancy-pelosi-tritt-ab\/#breadcrumb"},"inLanguage":"de","potentialAction":[{"@type":"ReadAction","target":["https:\/\/now-news.de\/de\/deutschland\/republikanische-mehrheit-nach-zwischenwahlen-nancy-pelosi-tritt-ab\/"]}]},{"@type":"ImageObject","inLanguage":"de","@id":"https:\/\/now-news.de\/de\/deutschland\/republikanische-mehrheit-nach-zwischenwahlen-nancy-pelosi-tritt-ab\/#primaryimage","url":"https:\/\/now-news.de\/de\/wp-content\/uploads\/sites\/3\/2022\/11\/Republikanische-Mehrheit-nach-Zwischenwahlen-\u2013-Nancy-Pelosi-tritt-ab.jpg","contentUrl":"https:\/\/now-news.de\/de\/wp-content\/uploads\/sites\/3\/2022\/11\/Republikanische-Mehrheit-nach-Zwischenwahlen-\u2013-Nancy-Pelosi-tritt-ab.jpg","width":460,"height":259,"caption":"Republikanische Mehrheit nach Zwischenwahlen \u2013 Nancy Pelosi tritt ab"},{"@type":"BreadcrumbList","@id":"https:\/\/now-news.de\/de\/deutschland\/republikanische-mehrheit-nach-zwischenwahlen-nancy-pelosi-tritt-ab\/#breadcrumb","itemListElement":[{"@type":"ListItem","position":1,"name":"Home","item":"https:\/\/now-news.de\/de\/"},{"@type":"ListItem","position":2,"name":"Republikanische Mehrheit nach Zwischenwahlen \u2013 Nancy Pelosi tritt ab"}]},{"@type":"WebSite","@id":"https:\/\/now-news.de\/de\/#website","url":"https:\/\/now-news.de\/de\/","name":"just-now.NEWS Deutschland","description":"Das Portal f\u00fcr unzensierte Nachrichten aus der Welt","publisher":{"@id":"https:\/\/now-news.de\/de\/#organization"},"potentialAction":[{"@type":"SearchAction","target":{"@type":"EntryPoint","urlTemplate":"https:\/\/now-news.de\/de\/?s={search_term_string}"},"query-input":"required name=search_term_string"}],"inLanguage":"de"},{"@type":"Organization","@id":"https:\/\/now-news.de\/de\/#organization","name":"Just Now News","url":"https:\/\/now-news.de\/de\/","logo":{"@type":"ImageObject","inLanguage":"de","@id":"https:\/\/now-news.de\/de\/#\/schema\/logo\/image\/","url":"http:\/\/just-now.news\/de\/wp-content\/uploads\/sites\/3\/2022\/04\/logo500x500.jpg","contentUrl":"http:\/\/just-now.news\/de\/wp-content\/uploads\/sites\/3\/2022\/04\/logo500x500.jpg","width":500,"height":500,"caption":"Just Now News"},"image":{"@id":"https:\/\/now-news.de\/de\/#\/schema\/logo\/image\/"},"sameAs":["https:\/\/www.facebook.com\/wirmachenauf","https:\/\/x.com\/WirMachenAuf_de"]},{"@type":"Person","@id":"https:\/\/now-news.de\/de\/#\/schema\/person\/fb534a4e865501d8b3285208df34a9b5","name":"rtnews","image":{"@type":"ImageObject","inLanguage":"de","@id":"https:\/\/now-news.de\/de\/#\/schema\/person\/image\/","url":"https:\/\/secure.gravatar.com\/avatar\/82aafea7d8127119dd649515f56e2117?s=96&d=mm&r=g","contentUrl":"https:\/\/secure.gravatar.com\/avatar\/82aafea7d8127119dd649515f56e2117?s=96&d=mm&r=g","caption":"rtnews"},"url":"https:\/\/now-news.de\/de\/author\/rnews\/"}]}},"_links":{"self":[{"href":"https:\/\/now-news.de\/de\/wp-json\/wp\/v2\/posts\/23450"}],"collection":[{"href":"https:\/\/now-news.de\/de\/wp-json\/wp\/v2\/posts"}],"about":[{"href":"https:\/\/now-news.de\/de\/wp-json\/wp\/v2\/types\/post"}],"author":[{"embeddable":true,"href":"https:\/\/now-news.de\/de\/wp-json\/wp\/v2\/users\/3"}],"replies":[{"embeddable":true,"href":"https:\/\/now-news.de\/de\/wp-json\/wp\/v2\/comments?post=23450"}],"version-history":[{"count":0,"href":"https:\/\/now-news.de\/de\/wp-json\/wp\/v2\/posts\/23450\/revisions"}],"wp:featuredmedia":[{"embeddable":true,"href":"https:\/\/now-news.de\/de\/wp-json\/wp\/v2\/media\/23451"}],"wp:attachment":[{"href":"https:\/\/now-news.de\/de\/wp-json\/wp\/v2\/media?parent=23450"}],"wp:term":[{"taxonomy":"category","embeddable":true,"href":"https:\/\/now-news.de\/de\/wp-json\/wp\/v2\/categories?post=23450"},{"taxonomy":"post_tag","embeddable":true,"href":"https:\/\/now-news.de\/de\/wp-json\/wp\/v2\/tags?post=23450"}],"curies":[{"name":"wp","href":"https:\/\/api.w.org\/{rel}","templated":true}]}}