{"id":23448,"date":"2022-11-17T21:38:53","date_gmt":"2022-11-17T19:38:53","guid":{"rendered":"http:\/\/just-now.news\/de\/deutschland\/polnischer-politiker-sieht-im-raketen-zwischenfall-eine-ukrainische-provokation\/"},"modified":"2022-11-17T21:38:53","modified_gmt":"2022-11-17T19:38:53","slug":"polnischer-politiker-sieht-im-raketen-zwischenfall-eine-ukrainische-provokation","status":"publish","type":"post","link":"https:\/\/now-news.de\/de\/deutschland\/polnischer-politiker-sieht-im-raketen-zwischenfall-eine-ukrainische-provokation\/","title":{"rendered":"Polnischer Politiker sieht im Raketen-Zwischenfall eine ukrainische &quot;Provokation&quot;"},"content":{"rendered":"<p><img decoding=\"async\" src=\"http:\/\/just-now.news\/de\/wp-content\/uploads\/sites\/3\/2022\/11\/63760309b480cc5f7160caeb.jpg\" \/><\/p>\n<div class=\"Text-root Text-type_1 \">\n                Ein polnischer Politiker sieht im Raketeneinschlag in Przewod\u00f3w eine ukrainische &#8220;Provokation&#8221;. Bis vor Kurzem war dieser noch Stadtratsvorsitzender von Lublin, dem Sitz der Woiwodschaft, in der das Dorf liegt. Der ukrainische Pr\u00e4sident besteht weiterhin darauf, dass das Geschoss russisch war.\n            <\/div>\n<p><\/p>\n<div class=\"Text-root Text-type_5 ArticleView-text ViewText-root \">\n<p>Ein polnischer Politiker hat den Raketeneinschlag auf das polnische Territorium als &#8220;Provokation&#8221; seitens Kiews bezeichnet. Bei dem Vorfall vom Dienstag wurden bei einer\u00a0Explosion im polnischen Dorf Przewod\u00f3w im S\u00fcdosten des Landes zwei Menschen get\u00f6tet. Jaros\u0142aw Paku\u0142a, ein ehemaliger Stadtrat in Lublin, dessen Mandat vier Tage vor dem Zwischenfall endete, erkl\u00e4rte in einer <a rel=\"nofollow noopener\" target=\"_blank\" href=\"https:\/\/www.facebook.com\/permalink.php?story_fbid=pfbid0rTZcmk5mxEQDZScpEM19UHKpwuJDbeykKsZE1CnT7R7gEgJaziXGe161iKChQRTbl&amp;id=100079684930364\">Nachricht auf Facebook<\/a>, dass die Rakete, die im polnischen Ort einschlug, offensichtlich ukrainisch\u00a0gewesen sei. Die Regierung in Warschau m\u00fcsse eine Botschaft an Kiew senden, anstatt ihren B\u00fcrgern &#8220;M\u00e4rchen&#8221; zu erz\u00e4hlen, so Paku\u0142a. Er erg\u00e4nzte:\u00a0<\/p>\n<blockquote>\n<p><em>&#8220;Nat\u00fcrlich ist es eine ukrainische Rakete. Das ist nat\u00fcrlich eine Provokation der ukrainischen Verantwortlichen.&#8221;<\/em><\/p>\n<\/blockquote>\n<p>Die Rakete k\u00f6nne &#8220;nicht aus Versehen&#8221; 100 Kilometer in die entgegengesetzte Richtung abgefeuert worden sein, so der Politiker weiter.<\/p>\n<p>Ziel dieser Provokation sei es, Europa zu ver\u00e4ngstigen und die Unterst\u00fctzung der Zivilgesellschaft f\u00fcr noch mehr Waffenlieferungen an die Ukraine zu gewinnen. Paku\u0142a forderte den polnischen Pr\u00e4sidenten Andrzej Duda dazu auf, keine &#8220;M\u00e4rchen&#8221; mehr \u00fcber die Rakete zu erz\u00e4hlen, wie etwa dass es &#8220;<a rel=\"nofollow noopener\" target=\"_blank\" href=\"https:\/\/test.rtde.tech\/kurzclips\/video\/154610-polnischer-praesident-leider-war-es\/\">weniger eine Raketenexplosion,<\/a>\u00a0sondern vielmehr\u00a0eine Explosion des vorhandenen Treibstoffs&#8221; gewesen sei. Stattdessen sollte der polnische Staatschef, so\u00a0Paku\u0142a, dem ukrainischen Pr\u00e4sidenten Wladimir Selenskij klar machen, dass Warschau &#8220;dieses Verhalten&#8221; Kiews nicht l\u00e4nger hinnehmen werde. Seine Nachricht beendete er mit der Aussage:\u00a0<\/p>\n<blockquote>\n<p><em>&#8220;Ich fordere Sie auf, die Haltung Polens zu diesem Krieg zu \u00fcberdenken, falls die rote Linie erneut \u00fcberschritten wird!&#8221;<\/em><\/p>\n<\/blockquote>\n<p>Paku\u0142as Facebook-Seite zeigt immer noch eine ukrainische Flagge \u00fcber seinem Profilfoto, womit viele Nutzer der Plattform ihre Solidarit\u00e4t mit der Ukraine zum Ausdruck bringen wollen. Zugleich steht\u00a0noch immer auf seiner Facebook-Seite, dass er\u00a0Vorsitzender des Stadtrats von Lublin sei, dem Sitz der Woiwodschaft, in der auch das Dorf Przewod\u00f3w liegt. Auf der offiziellen <a rel=\"nofollow noopener\" target=\"_blank\" href=\"https:\/\/lublin.mamprawowiedziec.pl\/polityk\/105965\">Internetseite<\/a> der Stadt steht jedoch, dass er seit dem 11. November nicht mehr im Amt ist.\u00a0<\/p>\n<p>Kurz nachdem am Dienstagnachmittag die Rakete auf dem polnischen Territorium einschlug, warf Selenskij Russland vor, Polen und die gesamte NATO anzugreifen. Die Regierung in Kiew erkl\u00e4rte, der Vorfall zeige, dass die NATO &#8220;den Himmel \u00fcber der Ukraine schlie\u00dfen&#8221; m\u00fcsse, wie sie es seit Februar fordert.<\/p>\n<p>W\u00e4hrend der ukrainische Pr\u00e4sident weiterhin darauf besteht, dass das Geschoss russisch gewesen sei, haben sowohl Warschau als auch Moskau es als ein Projektil von einem ukrainischen Luftverteidigungssystem des Typs S-300 identifiziert. Polen wies zugleich darauf hin, dass es sich dabei\u00a0um eine Rakete aus &#8220;russischer Produktion&#8221; handelt, w\u00e4hrend Russland darauf hinwies, dass das Geschoss in ukrainischem Besitz war.\u00a0<\/p>\n<p>Die USA und die NATO haben das Projektil auch als eine verirrte ukrainische Luftabwehrrakete beschrieben und versucht, den Vorfall herunterzuspielen. Gleichzeitig brachten sie das Argument vor, dass Russland der eigentliche Schuldige sei, weil es die Ukraine \u00fcberhaupt bombardiert habe.\u00a0<\/p>\n<p>Das <a rel=\"nofollow noopener\" target=\"_blank\" href=\"https:\/\/test.rtde.tech\/international\/154560-mit-hoher-wahrscheinlichkeit-vorfall-in\/\">russische Milit\u00e4r<\/a> hatte derweil seinerseits darauf hingewiesen, dass die Raketenangriffe auf die ukrainischen Milit\u00e4r- und Energieinfrastrukturziele am Dienstag nicht in der N\u00e4he der polnischen Grenze stattgefunden h\u00e4tten.<\/p>\n<p><strong>Mehr zum Thema<\/strong>\u00a0&#8211; <a rel=\"nofollow noopener\" target=\"_blank\" href=\"https:\/\/test.rtde.tech\/meinung\/154570-ukrainische-rakete-russische-schuld-oder\/\">Ukrainische Rakete, russische Schuld? Oder ukrainische Provokation?<\/a><\/p>\n<div class=\"EmbedBlock-root EmbedBlock-externalVideo EmbedBlock-odysee\">\n<div class=\"VkEmbed\"><iframe class=\"lazyload\" data-src=\"https:\/\/odysee.com\/%24\/embed\/%40RTDE%3Ae%2FRussische-Verschw%C3%B6rungstheorie%E2%80%93Stoltenberg-Es-war-h%C3%B6chstwahrscheinlich-ein-ukrainisches-Luftabwehrsystem-oder-eine-Rakete%3A3\" frameborder=\"0\" width=\"853\" height=\"480\" allowfullscreen><\/iframe><\/div>\n<\/div>\n<\/div>\n<p><br \/>\n<br \/><a href=\"https:\/\/de.rt.com\/international\/154629-polnischer-politiker-sieht-im-raketen\/\">Source link <\/a><\/p>\n","protected":false},"excerpt":{"rendered":"<p>Ein polnischer Politiker sieht im Raketeneinschlag in Przewod\u00f3w eine ukrainische &#8220;Provokation&#8221;. Bis vor Kurzem war dieser noch Stadtratsvorsitzender von Lublin, dem Sitz der Woiwodschaft, in der das Dorf liegt. Der ukrainische Pr\u00e4sident besteht weiterhin darauf, dass das Geschoss russisch war. Ein polnischer Politiker hat den Raketeneinschlag auf das polnische Territorium als &#8220;Provokation&#8221; seitens Kiews bezeichnet. [&hellip;]<\/p>\n","protected":false},"author":3,"featured_media":23449,"comment_status":"open","ping_status":"open","sticky":false,"template":"","format":"standard","meta":{"wp_automatic_camp":["217"],"4d9e1fd29de697640adb16f01482685c":["Polnischer Politiker sieht im Raketen-Zwischenfall eine ukrainische &quot;Provokation&quot;"],"original_link":["https:\/\/de.rt.com\/international\/154629-polnischer-politiker-sieht-im-raketen\/"],"_thumbnail_id":["23449"],"jnews_social_counter_last_update":["1777214686"]},"categories":[19,23],"tags":[275,5679,19459,36063,36062,6809,905],"yoast_head":"<!-- This site is optimized with the Yoast SEO Premium plugin v22.7 (Yoast SEO v22.7) - https:\/\/yoast.com\/wordpress\/plugins\/seo\/ -->\n<title>Polnischer Politiker sieht im Raketen-Zwischenfall eine ukrainische &quot;Provokation&quot; - just-now.NEWS Deutschland<\/title>\n<meta name=\"robots\" content=\"index, follow, max-snippet:-1, max-image-preview:large, max-video-preview:-1\" \/>\n<link rel=\"canonical\" href=\"https:\/\/now-news.de\/de\/deutschland\/polnischer-politiker-sieht-im-raketen-zwischenfall-eine-ukrainische-provokation\/\" \/>\n<meta property=\"og:locale\" content=\"de_DE\" \/>\n<meta property=\"og:type\" content=\"article\" \/>\n<meta property=\"og:title\" content=\"Polnischer Politiker sieht im Raketen-Zwischenfall eine ukrainische &quot;Provokation&quot;\" \/>\n<meta property=\"og:description\" content=\"Ein polnischer Politiker sieht im Raketeneinschlag in Przewod\u00f3w eine ukrainische &#8220;Provokation&#8221;. Bis vor Kurzem war dieser noch Stadtratsvorsitzender von Lublin, dem Sitz der Woiwodschaft, in der das Dorf liegt. Der ukrainische Pr\u00e4sident besteht weiterhin darauf, dass das Geschoss russisch war. Ein polnischer Politiker hat den Raketeneinschlag auf das polnische Territorium als &#8220;Provokation&#8221; seitens Kiews bezeichnet. [&hellip;]\" \/>\n<meta property=\"og:url\" content=\"https:\/\/now-news.de\/de\/deutschland\/polnischer-politiker-sieht-im-raketen-zwischenfall-eine-ukrainische-provokation\/\" \/>\n<meta property=\"og:site_name\" content=\"just-now.NEWS Deutschland\" \/>\n<meta property=\"article:publisher\" content=\"https:\/\/www.facebook.com\/wirmachenauf\" \/>\n<meta property=\"article:published_time\" content=\"2022-11-17T19:38:53+00:00\" \/>\n<meta property=\"og:image\" content=\"https:\/\/now-news.de\/de\/wp-content\/uploads\/sites\/3\/2022\/11\/Polnischer-Politiker-sieht-im-Raketen-Zwischenfall-eine-ukrainische-quotProvokationquot.jpg\" \/>\n\t<meta property=\"og:image:width\" content=\"460\" \/>\n\t<meta property=\"og:image:height\" content=\"259\" \/>\n\t<meta property=\"og:image:type\" content=\"image\/jpeg\" \/>\n<meta name=\"author\" content=\"rtnews\" \/>\n<meta name=\"twitter:card\" content=\"summary_large_image\" \/>\n<meta name=\"twitter:creator\" content=\"@WirMachenAuf_de\" \/>\n<meta name=\"twitter:site\" content=\"@WirMachenAuf_de\" \/>\n<meta name=\"twitter:label1\" content=\"Verfasst von\" \/>\n\t<meta name=\"twitter:data1\" content=\"rtnews\" \/>\n\t<meta name=\"twitter:label2\" content=\"Gesch\u00e4tzte Lesezeit\" \/>\n\t<meta name=\"twitter:data2\" content=\"3\u00a0Minuten\" \/>\n<script type=\"application\/ld+json\" class=\"yoast-schema-graph\">{\"@context\":\"https:\/\/schema.org\",\"@graph\":[{\"@type\":\"Article\",\"@id\":\"https:\/\/now-news.de\/de\/deutschland\/polnischer-politiker-sieht-im-raketen-zwischenfall-eine-ukrainische-provokation\/#article\",\"isPartOf\":{\"@id\":\"https:\/\/now-news.de\/de\/deutschland\/polnischer-politiker-sieht-im-raketen-zwischenfall-eine-ukrainische-provokation\/\"},\"author\":{\"name\":\"rtnews\",\"@id\":\"https:\/\/now-news.de\/de\/#\/schema\/person\/fb534a4e865501d8b3285208df34a9b5\"},\"headline\":\"Polnischer Politiker sieht im Raketen-Zwischenfall eine ukrainische &quot;Provokation&quot;\",\"datePublished\":\"2022-11-17T19:38:53+00:00\",\"dateModified\":\"2022-11-17T19:38:53+00:00\",\"mainEntityOfPage\":{\"@id\":\"https:\/\/now-news.de\/de\/deutschland\/polnischer-politiker-sieht-im-raketen-zwischenfall-eine-ukrainische-provokation\/\"},\"wordCount\":567,\"commentCount\":0,\"publisher\":{\"@id\":\"https:\/\/now-news.de\/de\/#organization\"},\"image\":{\"@id\":\"https:\/\/now-news.de\/de\/deutschland\/polnischer-politiker-sieht-im-raketen-zwischenfall-eine-ukrainische-provokation\/#primaryimage\"},\"thumbnailUrl\":\"https:\/\/now-news.de\/de\/wp-content\/uploads\/sites\/3\/2022\/11\/Polnischer-Politiker-sieht-im-Raketen-Zwischenfall-eine-ukrainische-quotProvokationquot.jpg\",\"keywords\":[\"eine\",\"Politiker\",\"Polnischer\",\"quotProvokationquot\",\"RaketenZwischenfall\",\"sieht\",\"Ukrainische\"],\"articleSection\":[\"Deutschland\",\"Russland\"],\"inLanguage\":\"de\",\"potentialAction\":[{\"@type\":\"CommentAction\",\"name\":\"Comment\",\"target\":[\"https:\/\/now-news.de\/de\/deutschland\/polnischer-politiker-sieht-im-raketen-zwischenfall-eine-ukrainische-provokation\/#respond\"]}]},{\"@type\":\"WebPage\",\"@id\":\"https:\/\/now-news.de\/de\/deutschland\/polnischer-politiker-sieht-im-raketen-zwischenfall-eine-ukrainische-provokation\/\",\"url\":\"https:\/\/now-news.de\/de\/deutschland\/polnischer-politiker-sieht-im-raketen-zwischenfall-eine-ukrainische-provokation\/\",\"name\":\"Polnischer Politiker sieht im Raketen-Zwischenfall eine ukrainische &quot;Provokation&quot; - just-now.NEWS Deutschland\",\"isPartOf\":{\"@id\":\"https:\/\/now-news.de\/de\/#website\"},\"primaryImageOfPage\":{\"@id\":\"https:\/\/now-news.de\/de\/deutschland\/polnischer-politiker-sieht-im-raketen-zwischenfall-eine-ukrainische-provokation\/#primaryimage\"},\"image\":{\"@id\":\"https:\/\/now-news.de\/de\/deutschland\/polnischer-politiker-sieht-im-raketen-zwischenfall-eine-ukrainische-provokation\/#primaryimage\"},\"thumbnailUrl\":\"https:\/\/now-news.de\/de\/wp-content\/uploads\/sites\/3\/2022\/11\/Polnischer-Politiker-sieht-im-Raketen-Zwischenfall-eine-ukrainische-quotProvokationquot.jpg\",\"datePublished\":\"2022-11-17T19:38:53+00:00\",\"dateModified\":\"2022-11-17T19:38:53+00:00\",\"breadcrumb\":{\"@id\":\"https:\/\/now-news.de\/de\/deutschland\/polnischer-politiker-sieht-im-raketen-zwischenfall-eine-ukrainische-provokation\/#breadcrumb\"},\"inLanguage\":\"de\",\"potentialAction\":[{\"@type\":\"ReadAction\",\"target\":[\"https:\/\/now-news.de\/de\/deutschland\/polnischer-politiker-sieht-im-raketen-zwischenfall-eine-ukrainische-provokation\/\"]}]},{\"@type\":\"ImageObject\",\"inLanguage\":\"de\",\"@id\":\"https:\/\/now-news.de\/de\/deutschland\/polnischer-politiker-sieht-im-raketen-zwischenfall-eine-ukrainische-provokation\/#primaryimage\",\"url\":\"https:\/\/now-news.de\/de\/wp-content\/uploads\/sites\/3\/2022\/11\/Polnischer-Politiker-sieht-im-Raketen-Zwischenfall-eine-ukrainische-quotProvokationquot.jpg\",\"contentUrl\":\"https:\/\/now-news.de\/de\/wp-content\/uploads\/sites\/3\/2022\/11\/Polnischer-Politiker-sieht-im-Raketen-Zwischenfall-eine-ukrainische-quotProvokationquot.jpg\",\"width\":460,\"height\":259,\"caption\":\"Polnischer Politiker sieht im Raketen-Zwischenfall eine ukrainische &quot;Provokation&quot;\"},{\"@type\":\"BreadcrumbList\",\"@id\":\"https:\/\/now-news.de\/de\/deutschland\/polnischer-politiker-sieht-im-raketen-zwischenfall-eine-ukrainische-provokation\/#breadcrumb\",\"itemListElement\":[{\"@type\":\"ListItem\",\"position\":1,\"name\":\"Home\",\"item\":\"https:\/\/now-news.de\/de\/\"},{\"@type\":\"ListItem\",\"position\":2,\"name\":\"Polnischer Politiker sieht im Raketen-Zwischenfall eine ukrainische &quot;Provokation&quot;\"}]},{\"@type\":\"WebSite\",\"@id\":\"https:\/\/now-news.de\/de\/#website\",\"url\":\"https:\/\/now-news.de\/de\/\",\"name\":\"just-now.NEWS Deutschland\",\"description\":\"Das Portal f\u00fcr unzensierte Nachrichten aus der Welt\",\"publisher\":{\"@id\":\"https:\/\/now-news.de\/de\/#organization\"},\"potentialAction\":[{\"@type\":\"SearchAction\",\"target\":{\"@type\":\"EntryPoint\",\"urlTemplate\":\"https:\/\/now-news.de\/de\/?s={search_term_string}\"},\"query-input\":\"required name=search_term_string\"}],\"inLanguage\":\"de\"},{\"@type\":\"Organization\",\"@id\":\"https:\/\/now-news.de\/de\/#organization\",\"name\":\"Just Now News\",\"url\":\"https:\/\/now-news.de\/de\/\",\"logo\":{\"@type\":\"ImageObject\",\"inLanguage\":\"de\",\"@id\":\"https:\/\/now-news.de\/de\/#\/schema\/logo\/image\/\",\"url\":\"http:\/\/just-now.news\/de\/wp-content\/uploads\/sites\/3\/2022\/04\/logo500x500.jpg\",\"contentUrl\":\"http:\/\/just-now.news\/de\/wp-content\/uploads\/sites\/3\/2022\/04\/logo500x500.jpg\",\"width\":500,\"height\":500,\"caption\":\"Just Now News\"},\"image\":{\"@id\":\"https:\/\/now-news.de\/de\/#\/schema\/logo\/image\/\"},\"sameAs\":[\"https:\/\/www.facebook.com\/wirmachenauf\",\"https:\/\/x.com\/WirMachenAuf_de\"]},{\"@type\":\"Person\",\"@id\":\"https:\/\/now-news.de\/de\/#\/schema\/person\/fb534a4e865501d8b3285208df34a9b5\",\"name\":\"rtnews\",\"image\":{\"@type\":\"ImageObject\",\"inLanguage\":\"de\",\"@id\":\"https:\/\/now-news.de\/de\/#\/schema\/person\/image\/\",\"url\":\"https:\/\/secure.gravatar.com\/avatar\/82aafea7d8127119dd649515f56e2117?s=96&d=mm&r=g\",\"contentUrl\":\"https:\/\/secure.gravatar.com\/avatar\/82aafea7d8127119dd649515f56e2117?s=96&d=mm&r=g\",\"caption\":\"rtnews\"},\"url\":\"https:\/\/now-news.de\/de\/author\/rnews\/\"}]}<\/script>\n<!-- \/ Yoast SEO Premium plugin. -->","yoast_head_json":{"title":"Polnischer Politiker sieht im Raketen-Zwischenfall eine ukrainische &quot;Provokation&quot; - just-now.NEWS Deutschland","robots":{"index":"index","follow":"follow","max-snippet":"max-snippet:-1","max-image-preview":"max-image-preview:large","max-video-preview":"max-video-preview:-1"},"canonical":"https:\/\/now-news.de\/de\/deutschland\/polnischer-politiker-sieht-im-raketen-zwischenfall-eine-ukrainische-provokation\/","og_locale":"de_DE","og_type":"article","og_title":"Polnischer Politiker sieht im Raketen-Zwischenfall eine ukrainische &quot;Provokation&quot;","og_description":"Ein polnischer Politiker sieht im Raketeneinschlag in Przewod\u00f3w eine ukrainische &#8220;Provokation&#8221;. Bis vor Kurzem war dieser noch Stadtratsvorsitzender von Lublin, dem Sitz der Woiwodschaft, in der das Dorf liegt. Der ukrainische Pr\u00e4sident besteht weiterhin darauf, dass das Geschoss russisch war. Ein polnischer Politiker hat den Raketeneinschlag auf das polnische Territorium als &#8220;Provokation&#8221; seitens Kiews bezeichnet. [&hellip;]","og_url":"https:\/\/now-news.de\/de\/deutschland\/polnischer-politiker-sieht-im-raketen-zwischenfall-eine-ukrainische-provokation\/","og_site_name":"just-now.NEWS Deutschland","article_publisher":"https:\/\/www.facebook.com\/wirmachenauf","article_published_time":"2022-11-17T19:38:53+00:00","og_image":[{"width":460,"height":259,"url":"https:\/\/now-news.de\/de\/wp-content\/uploads\/sites\/3\/2022\/11\/Polnischer-Politiker-sieht-im-Raketen-Zwischenfall-eine-ukrainische-quotProvokationquot.jpg","type":"image\/jpeg"}],"author":"rtnews","twitter_card":"summary_large_image","twitter_creator":"@WirMachenAuf_de","twitter_site":"@WirMachenAuf_de","twitter_misc":{"Verfasst von":"rtnews","Gesch\u00e4tzte Lesezeit":"3\u00a0Minuten"},"schema":{"@context":"https:\/\/schema.org","@graph":[{"@type":"Article","@id":"https:\/\/now-news.de\/de\/deutschland\/polnischer-politiker-sieht-im-raketen-zwischenfall-eine-ukrainische-provokation\/#article","isPartOf":{"@id":"https:\/\/now-news.de\/de\/deutschland\/polnischer-politiker-sieht-im-raketen-zwischenfall-eine-ukrainische-provokation\/"},"author":{"name":"rtnews","@id":"https:\/\/now-news.de\/de\/#\/schema\/person\/fb534a4e865501d8b3285208df34a9b5"},"headline":"Polnischer Politiker sieht im Raketen-Zwischenfall eine ukrainische &quot;Provokation&quot;","datePublished":"2022-11-17T19:38:53+00:00","dateModified":"2022-11-17T19:38:53+00:00","mainEntityOfPage":{"@id":"https:\/\/now-news.de\/de\/deutschland\/polnischer-politiker-sieht-im-raketen-zwischenfall-eine-ukrainische-provokation\/"},"wordCount":567,"commentCount":0,"publisher":{"@id":"https:\/\/now-news.de\/de\/#organization"},"image":{"@id":"https:\/\/now-news.de\/de\/deutschland\/polnischer-politiker-sieht-im-raketen-zwischenfall-eine-ukrainische-provokation\/#primaryimage"},"thumbnailUrl":"https:\/\/now-news.de\/de\/wp-content\/uploads\/sites\/3\/2022\/11\/Polnischer-Politiker-sieht-im-Raketen-Zwischenfall-eine-ukrainische-quotProvokationquot.jpg","keywords":["eine","Politiker","Polnischer","quotProvokationquot","RaketenZwischenfall","sieht","Ukrainische"],"articleSection":["Deutschland","Russland"],"inLanguage":"de","potentialAction":[{"@type":"CommentAction","name":"Comment","target":["https:\/\/now-news.de\/de\/deutschland\/polnischer-politiker-sieht-im-raketen-zwischenfall-eine-ukrainische-provokation\/#respond"]}]},{"@type":"WebPage","@id":"https:\/\/now-news.de\/de\/deutschland\/polnischer-politiker-sieht-im-raketen-zwischenfall-eine-ukrainische-provokation\/","url":"https:\/\/now-news.de\/de\/deutschland\/polnischer-politiker-sieht-im-raketen-zwischenfall-eine-ukrainische-provokation\/","name":"Polnischer Politiker sieht im Raketen-Zwischenfall eine ukrainische &quot;Provokation&quot; - just-now.NEWS Deutschland","isPartOf":{"@id":"https:\/\/now-news.de\/de\/#website"},"primaryImageOfPage":{"@id":"https:\/\/now-news.de\/de\/deutschland\/polnischer-politiker-sieht-im-raketen-zwischenfall-eine-ukrainische-provokation\/#primaryimage"},"image":{"@id":"https:\/\/now-news.de\/de\/deutschland\/polnischer-politiker-sieht-im-raketen-zwischenfall-eine-ukrainische-provokation\/#primaryimage"},"thumbnailUrl":"https:\/\/now-news.de\/de\/wp-content\/uploads\/sites\/3\/2022\/11\/Polnischer-Politiker-sieht-im-Raketen-Zwischenfall-eine-ukrainische-quotProvokationquot.jpg","datePublished":"2022-11-17T19:38:53+00:00","dateModified":"2022-11-17T19:38:53+00:00","breadcrumb":{"@id":"https:\/\/now-news.de\/de\/deutschland\/polnischer-politiker-sieht-im-raketen-zwischenfall-eine-ukrainische-provokation\/#breadcrumb"},"inLanguage":"de","potentialAction":[{"@type":"ReadAction","target":["https:\/\/now-news.de\/de\/deutschland\/polnischer-politiker-sieht-im-raketen-zwischenfall-eine-ukrainische-provokation\/"]}]},{"@type":"ImageObject","inLanguage":"de","@id":"https:\/\/now-news.de\/de\/deutschland\/polnischer-politiker-sieht-im-raketen-zwischenfall-eine-ukrainische-provokation\/#primaryimage","url":"https:\/\/now-news.de\/de\/wp-content\/uploads\/sites\/3\/2022\/11\/Polnischer-Politiker-sieht-im-Raketen-Zwischenfall-eine-ukrainische-quotProvokationquot.jpg","contentUrl":"https:\/\/now-news.de\/de\/wp-content\/uploads\/sites\/3\/2022\/11\/Polnischer-Politiker-sieht-im-Raketen-Zwischenfall-eine-ukrainische-quotProvokationquot.jpg","width":460,"height":259,"caption":"Polnischer Politiker sieht im Raketen-Zwischenfall eine ukrainische &quot;Provokation&quot;"},{"@type":"BreadcrumbList","@id":"https:\/\/now-news.de\/de\/deutschland\/polnischer-politiker-sieht-im-raketen-zwischenfall-eine-ukrainische-provokation\/#breadcrumb","itemListElement":[{"@type":"ListItem","position":1,"name":"Home","item":"https:\/\/now-news.de\/de\/"},{"@type":"ListItem","position":2,"name":"Polnischer Politiker sieht im Raketen-Zwischenfall eine ukrainische &quot;Provokation&quot;"}]},{"@type":"WebSite","@id":"https:\/\/now-news.de\/de\/#website","url":"https:\/\/now-news.de\/de\/","name":"just-now.NEWS Deutschland","description":"Das Portal f\u00fcr unzensierte Nachrichten aus der Welt","publisher":{"@id":"https:\/\/now-news.de\/de\/#organization"},"potentialAction":[{"@type":"SearchAction","target":{"@type":"EntryPoint","urlTemplate":"https:\/\/now-news.de\/de\/?s={search_term_string}"},"query-input":"required name=search_term_string"}],"inLanguage":"de"},{"@type":"Organization","@id":"https:\/\/now-news.de\/de\/#organization","name":"Just Now News","url":"https:\/\/now-news.de\/de\/","logo":{"@type":"ImageObject","inLanguage":"de","@id":"https:\/\/now-news.de\/de\/#\/schema\/logo\/image\/","url":"http:\/\/just-now.news\/de\/wp-content\/uploads\/sites\/3\/2022\/04\/logo500x500.jpg","contentUrl":"http:\/\/just-now.news\/de\/wp-content\/uploads\/sites\/3\/2022\/04\/logo500x500.jpg","width":500,"height":500,"caption":"Just Now News"},"image":{"@id":"https:\/\/now-news.de\/de\/#\/schema\/logo\/image\/"},"sameAs":["https:\/\/www.facebook.com\/wirmachenauf","https:\/\/x.com\/WirMachenAuf_de"]},{"@type":"Person","@id":"https:\/\/now-news.de\/de\/#\/schema\/person\/fb534a4e865501d8b3285208df34a9b5","name":"rtnews","image":{"@type":"ImageObject","inLanguage":"de","@id":"https:\/\/now-news.de\/de\/#\/schema\/person\/image\/","url":"https:\/\/secure.gravatar.com\/avatar\/82aafea7d8127119dd649515f56e2117?s=96&d=mm&r=g","contentUrl":"https:\/\/secure.gravatar.com\/avatar\/82aafea7d8127119dd649515f56e2117?s=96&d=mm&r=g","caption":"rtnews"},"url":"https:\/\/now-news.de\/de\/author\/rnews\/"}]}},"_links":{"self":[{"href":"https:\/\/now-news.de\/de\/wp-json\/wp\/v2\/posts\/23448"}],"collection":[{"href":"https:\/\/now-news.de\/de\/wp-json\/wp\/v2\/posts"}],"about":[{"href":"https:\/\/now-news.de\/de\/wp-json\/wp\/v2\/types\/post"}],"author":[{"embeddable":true,"href":"https:\/\/now-news.de\/de\/wp-json\/wp\/v2\/users\/3"}],"replies":[{"embeddable":true,"href":"https:\/\/now-news.de\/de\/wp-json\/wp\/v2\/comments?post=23448"}],"version-history":[{"count":0,"href":"https:\/\/now-news.de\/de\/wp-json\/wp\/v2\/posts\/23448\/revisions"}],"wp:featuredmedia":[{"embeddable":true,"href":"https:\/\/now-news.de\/de\/wp-json\/wp\/v2\/media\/23449"}],"wp:attachment":[{"href":"https:\/\/now-news.de\/de\/wp-json\/wp\/v2\/media?parent=23448"}],"wp:term":[{"taxonomy":"category","embeddable":true,"href":"https:\/\/now-news.de\/de\/wp-json\/wp\/v2\/categories?post=23448"},{"taxonomy":"post_tag","embeddable":true,"href":"https:\/\/now-news.de\/de\/wp-json\/wp\/v2\/tags?post=23448"}],"curies":[{"name":"wp","href":"https:\/\/api.w.org\/{rel}","templated":true}]}}