{"id":23414,"date":"2022-11-17T14:49:00","date_gmt":"2022-11-17T12:49:00","guid":{"rendered":"http:\/\/just-now.news\/de\/deutschland\/niederlaendisches-gericht-verurteilt-drei-der-vier-angeklagten-im-mh17-verfahren-zu-lebenslaenglich\/"},"modified":"2022-11-17T14:49:00","modified_gmt":"2022-11-17T12:49:00","slug":"niederlaendisches-gericht-verurteilt-drei-der-vier-angeklagten-im-mh17-verfahren-zu-lebenslaenglich","status":"publish","type":"post","link":"https:\/\/now-news.de\/de\/deutschland\/niederlaendisches-gericht-verurteilt-drei-der-vier-angeklagten-im-mh17-verfahren-zu-lebenslaenglich\/","title":{"rendered":"Niederl\u00e4ndisches Gericht verurteilt drei der vier Angeklagten im MH17-Verfahren zu lebensl\u00e4nglich"},"content":{"rendered":"<p><img decoding=\"async\" src=\"http:\/\/just-now.news\/de\/wp-content\/uploads\/sites\/3\/2022\/11\/637638feb480cc164723a24f.jpg\" \/><\/p>\n<div class=\"Text-root Text-type_1 \">\n                Das Strafgericht  im niederl\u00e4ndischen Schiphol hat am Donnerstag das Urteil in dem den Abschuss der MH17 im Juli 2014 betreffenden Strafverfahren gegen mehrere Milit\u00e4rs der Donezker Volksrepublik verk\u00fcndet. Es sprach drei der Angeklagten der Beteiligung am 298-fachen Mord f\u00fcr schuldig. Den Angeklagten Pulatow sprach das Gericht frei.\n            <\/div>\n<p><\/p>\n<div class=\"Text-root Text-type_5 ArticleView-text ViewText-root \">\n<p>Das niederl\u00e4ndische Strafgericht in Schiphol hat am Donnerstag das Urteil in dem Strafverfahren gegen mehrere Milit\u00e4rangeh\u00f6rige der Volksrepublik Donezk, die der Beteiligung am Abschuss des MH17-Fluges im Sommer 2014 \u00fcber dem Donbass beschuldigt werden, verk\u00fcndet. Es sprach drei der Angeklagten, darunter den als Strelkow bekannten <a rel=\"nofollow noopener\" target=\"_blank\" href=\"https:\/\/test.rtde.tech\/russland\/151743-russischer-top-militarblogger-strelkow-meldet\/\">Oberst a. D. Girkin<\/a>, der damals Verteidigungsminister der Volksrepublik Donezk (DVR) war, des Mordes in 298 F\u00e4llen schuldig und verurteilte sie zu\u00a0einer lebenslangen Freiheitsstrafe. Den Angeklagten Pulatow sprach das Gericht frei.\u00a0<\/p>\n<p>Das Gericht geht bei der Verk\u00fcndung die relevanten rechtlichen Fragestellungen Punkt f\u00fcr Punkt durch. Die Frage der Schuld wird erst am Ende der Verk\u00fcndung beantwortet. Der Vorsitzende hat jedoch vor Beginn der Verk\u00fcndung bereits mitgeteilt, das Gericht sei \u00fcberzeugt, dass der MH17-Flug durch eine BUK-Rakete abgeschossen wurde, die aus der N\u00e4he des Ortes Perwomaiskoe abgefeuert worden war.\u00a0<\/p>\n<p>Das Gericht sieht Russland als in den zum Zeitpunkt des Abschusses nach seiner \u00dcberzeugung bereits laufenden milit\u00e4rischen Konflikt durch eine &#8220;umfassende Kontrolle der Organe der DVR&#8221; involviert an. Es sieht sich in dem Fall als international zust\u00e4ndig an, weil die Ukraine der Strafverfolgung zugestimmt habe.\u00a0<\/p>\n<p>Der Vorsitzende macht der Staatsanwaltschaft Vorw\u00fcrfe wegen gesetzeswidrigen Umgangs mit den Materialien des Strafverfahrens. Die Materialen seien verfr\u00fcht \u00f6ffentlich gemacht worden, die Anklageschrift habe sich nicht mit entlastenden Umst\u00e4nden auseinandergesetzt. Das betreffe die Rechte der Angeklagten auf ein faires Verfahren, da sie sich einer vorzeitigen \u00f6ffentlichen Vorverurteilung ausgesetzt sahen. Das Gericht sieht sich jedoch nicht gezwungen, das Strafverfahren deshalb einzustellen. Das gelte auch f\u00fcr andere Verfahrensverst\u00f6\u00dfe und Verst\u00f6\u00dfe gegen den Grundsatz des fairen Verfahrens.\u00a0<\/p>\n<p>Seine \u00dcberzeugung zum Abschussort leitet das Gericht aus Fotoaufnahmen der Inversionsspur und Aussagen eines Zeugen zum Entstehungszeitpunkt und -ort dieser Aufnahme her. Zwar deutete diese Aufnahme nur eine grobe Richtung des Raketenfluges an, das Gericht sieht sich dennoch in der Lage, &#8220;in Zusammenschau mit anderen Umst\u00e4nden&#8221; Perwomaiskoe als Abschussort anzunehmen. Zus\u00e4tzlich beruft sich das Gericht auf abgeh\u00f6rte Telefonate, die das belegen sollen. Ein weiterer Zeuge (vom Gericht als &#8220;Zeuge M85&#8243; bezeichnet&#8221;) hat bekundet, eine mobile BUK-Abschussrampe in der N\u00e4he des Ortes gesehen zu haben, der eine Rakete gefehlt habe.<\/p>\n<p>Die Gegenbeweise, die durch mehrere Sachverst\u00e4ndigengutachten des Konzerns Almas-Antei (Hersteller der BUK-Raketen) beigebracht wurden, werden vom Gericht wegen der Staatsn\u00e4he des Konzerns zur\u00fcckgewiesen. Zudem habe Almas-Antei ein Eigeninteresse am Ausgang des Konzerns und sei deshalb kein &#8220;unabh\u00e4ngiger Sachverst\u00e4ndiger&#8221; im Sinne des niederl\u00e4ndischen Strafprozessrechts.\u00a0<\/p>\n<p>Auch andere Gegengutachten werden vom Gericht zur\u00fcckgewiesen. Diese h\u00e4tten &#8220;lediglich&#8221; die Ergebnisse des Almas-Antei-Gutachtens bef\u00fcrwortet, ohne eine eigene Untersuchung.\u00a0<\/p>\n<p>Da das Gericht \u00fcberzeugt ist, dass eine BUK-Rakete, die aus dem Ort Perwomaiskoe abgeschossen wurde, den MH17-Flug traf, sehe es sich daher auch nicht verpflichtet, alternative Hypothesen wie den Abschuss einer ukrainischen BUK-Rakete aus dem Ort Saroschtschenskoe &#8220;exzessiv&#8221; zu untersuchen.<\/p>\n<p>Bei der Beurteilung der individuellen Rolle der Angeklagten st\u00fctzt sich das Gericht auf angeh\u00f6rte Telefonate, hinsichtlich der es keine Zweifel hat, dass sie echt sind.\u00a0<\/p>\n<p>Der Angeklagte Dubinski habe den Transport der BUK-Abschussanlage in den Donbass organisiert, der Angeklagte Chartschenko habe die Befehle von Dubinski beim Transport ausgef\u00fchrt, der Angeklagte Pulatow habe diesen im Donbass in Empfang genommen. Der Angeklagte Girkin war verantwortlich f\u00fcr den Aufbau des Waffenarsenals der Donezker Volksrepublik und habe die K\u00e4mpfe gegen die ukrainischen Truppen befehligt.\u00a0<\/p>\n<p>Das Gericht sieht sich nicht in der Lage zu rekonstruieren, wie die Mannschaft der BUK-Anlage gehandelt und wer den Befehl zum Start der Rakete gegeben habe. Es ist aber \u00fcberzeugt, dass der Start absichtlich erfolgte, die Mannschaft aber glaubte, ein milit\u00e4risches Ziel anzuvisieren. Die Angeklagten genie\u00dfen nach Auffassung des Gerichts aber keine milit\u00e4rische Immunit\u00e4t, sie haben die BUK-Raketen daher genauso wenig abschie\u00dfen d\u00fcrfen &#8220;wie jeder andere B\u00fcrger&#8221;. Es mache daher keinen Unterschied, dass die Handelnden ukrainische Milit\u00e4rpiloten t\u00f6ten wollten, auch dies sei ihnen nicht erlaubt gewesen. Nach Auffassung des Gerichts hebe der Irrtum daher die Vors\u00e4tzlichkeit der T\u00f6tung der MH17-Passagiere und Besatzungsmitglieder nicht auf.<\/p>\n<p>Anders sieht es nach Auffassung des Gerichts hinsichtlich des Angeklagten Girkin aus: Diesem sei nicht nachzuweisen, dass er zum Zeitpunkt des Vorfalls wusste, dass die DVR \u00fcber eine BUK-Anlage verf\u00fcgt. Dennoch sei auch ihm der Abschuss zuzurechnen, da er von vorhergehenden Absch\u00fcssen ukrainischer Flugzeuge mit anderen Mitteln gewusst habe und nichts dagegen unternommen habe. Er sei in der Lage gewesen, die Handlungen seiner Mitangeklagten zu unterbinden und habe es unterlassen.\u00a0<\/p>\n<p>Hinsichtlich des Angeklagten Pulatow sieht das Gericht keinen Nachweis der Beteiligung. Zwar habe er wie der Angeklagte Girkin dem Einsatz von BUK-Luftabwehr nicht widersprochen und nichts dagegen unternommen. Anders als bei Girkin sieht das Gericht bei Pulatow keine organisatorische Stellung in der Befehlskette, mit der er den Einsatz der BUK h\u00e4tte unterbinden. Pulatow werde vom Gericht daher freigesprochen.<\/p>\n<p>Bei der Strafzumessung hat das Gericht nach seinen Angaben ber\u00fccksichtigt, dass ein milit\u00e4risches Flugzeug abgeschossen werden sollte und ein ziviles nur versehentlich abgeschossen wurde. Dennoch verurteilte es alle drei schuldig gesprochenen Angeklagten zu lebenslanger Haft und damit zur H\u00f6chststrafe.<\/p>\n<p><strong>Mehr zum Thema<\/strong> &#8211; <a rel=\"nofollow noopener\" target=\"_blank\" href=\"https:\/\/test.rtde.tech\/meinung\/99016-strafprozess-zum-mh17-hat-begonnen-haager-gericht-tagt-ex-gef%C3%A4ngnis-amsterdamer-flughafen\/\">Faires Verfahren? Strafprozess zum MH17-Absturz in den Niederlanden hat begonnen<\/a><\/p>\n<\/p>\n<\/div>\n<p><br \/>\n<br \/><a href=\"https:\/\/de.rt.com\/international\/154677-niederlaendisches-gericht-verurteilt-angeklagte-mh17\/\">Source link <\/a><\/p>\n","protected":false},"excerpt":{"rendered":"<p>Das Strafgericht im niederl\u00e4ndischen Schiphol hat am Donnerstag das Urteil in dem den Abschuss der MH17 im Juli 2014 betreffenden Strafverfahren gegen mehrere Milit\u00e4rs der Donezker Volksrepublik verk\u00fcndet. Es sprach drei der Angeklagten der Beteiligung am 298-fachen Mord f\u00fcr schuldig. Den Angeklagten Pulatow sprach das Gericht frei. Das niederl\u00e4ndische Strafgericht in Schiphol hat am Donnerstag [&hellip;]<\/p>\n","protected":false},"author":3,"featured_media":23415,"comment_status":"open","ping_status":"open","sticky":false,"template":"","format":"standard","meta":{"wp_automatic_camp":["217"],"67bb9f7d5cee837921c81ab2757907e9":["Niederl\u00e4ndisches Gericht verurteilt drei der vier Angeklagten im MH17-Verfahren zu lebensl\u00e4nglich"],"original_link":["https:\/\/de.rt.com\/international\/154677-niederlaendisches-gericht-verurteilt-angeklagte-mh17\/"],"_thumbnail_id":["23415"],"jnews_social_counter_last_update":["1777220024"]},"categories":[19,23],"tags":[20825,82,3836,3348,26942,36043,36030,2006,3232],"yoast_head":"<!-- This site is optimized with the Yoast SEO Premium plugin v22.7 (Yoast SEO v22.7) - https:\/\/yoast.com\/wordpress\/plugins\/seo\/ -->\n<title>Niederl\u00e4ndisches Gericht verurteilt drei der vier Angeklagten im MH17-Verfahren zu lebensl\u00e4nglich - just-now.NEWS Deutschland<\/title>\n<meta name=\"robots\" content=\"index, follow, max-snippet:-1, max-image-preview:large, max-video-preview:-1\" \/>\n<link rel=\"canonical\" href=\"https:\/\/now-news.de\/de\/deutschland\/niederlaendisches-gericht-verurteilt-drei-der-vier-angeklagten-im-mh17-verfahren-zu-lebenslaenglich\/\" \/>\n<meta property=\"og:locale\" content=\"de_DE\" \/>\n<meta property=\"og:type\" content=\"article\" \/>\n<meta property=\"og:title\" content=\"Niederl\u00e4ndisches Gericht verurteilt drei der vier Angeklagten im MH17-Verfahren zu lebensl\u00e4nglich\" \/>\n<meta property=\"og:description\" content=\"Das Strafgericht im niederl\u00e4ndischen Schiphol hat am Donnerstag das Urteil in dem den Abschuss der MH17 im Juli 2014 betreffenden Strafverfahren gegen mehrere Milit\u00e4rs der Donezker Volksrepublik verk\u00fcndet. Es sprach drei der Angeklagten der Beteiligung am 298-fachen Mord f\u00fcr schuldig. Den Angeklagten Pulatow sprach das Gericht frei. Das niederl\u00e4ndische Strafgericht in Schiphol hat am Donnerstag [&hellip;]\" \/>\n<meta property=\"og:url\" content=\"https:\/\/now-news.de\/de\/deutschland\/niederlaendisches-gericht-verurteilt-drei-der-vier-angeklagten-im-mh17-verfahren-zu-lebenslaenglich\/\" \/>\n<meta property=\"og:site_name\" content=\"just-now.NEWS Deutschland\" \/>\n<meta property=\"article:publisher\" content=\"https:\/\/www.facebook.com\/wirmachenauf\" \/>\n<meta property=\"article:published_time\" content=\"2022-11-17T12:49:00+00:00\" \/>\n<meta property=\"og:image\" content=\"https:\/\/now-news.de\/de\/wp-content\/uploads\/sites\/3\/2022\/11\/Niederlaendisches-Gericht-verurteilt-drei-der-vier-Angeklagten-im-MH17-Verfahren-zu.jpg\" \/>\n\t<meta property=\"og:image:width\" content=\"460\" \/>\n\t<meta property=\"og:image:height\" content=\"259\" \/>\n\t<meta property=\"og:image:type\" content=\"image\/jpeg\" \/>\n<meta name=\"author\" content=\"rtnews\" \/>\n<meta name=\"twitter:card\" content=\"summary_large_image\" \/>\n<meta name=\"twitter:creator\" content=\"@WirMachenAuf_de\" \/>\n<meta name=\"twitter:site\" content=\"@WirMachenAuf_de\" \/>\n<meta name=\"twitter:label1\" content=\"Verfasst von\" \/>\n\t<meta name=\"twitter:data1\" content=\"rtnews\" \/>\n\t<meta name=\"twitter:label2\" content=\"Gesch\u00e4tzte Lesezeit\" \/>\n\t<meta name=\"twitter:data2\" content=\"5\u00a0Minuten\" \/>\n<script type=\"application\/ld+json\" class=\"yoast-schema-graph\">{\"@context\":\"https:\/\/schema.org\",\"@graph\":[{\"@type\":\"Article\",\"@id\":\"https:\/\/now-news.de\/de\/deutschland\/niederlaendisches-gericht-verurteilt-drei-der-vier-angeklagten-im-mh17-verfahren-zu-lebenslaenglich\/#article\",\"isPartOf\":{\"@id\":\"https:\/\/now-news.de\/de\/deutschland\/niederlaendisches-gericht-verurteilt-drei-der-vier-angeklagten-im-mh17-verfahren-zu-lebenslaenglich\/\"},\"author\":{\"name\":\"rtnews\",\"@id\":\"https:\/\/now-news.de\/de\/#\/schema\/person\/fb534a4e865501d8b3285208df34a9b5\"},\"headline\":\"Niederl\u00e4ndisches Gericht verurteilt drei der vier Angeklagten im MH17-Verfahren zu lebensl\u00e4nglich\",\"datePublished\":\"2022-11-17T12:49:00+00:00\",\"dateModified\":\"2022-11-17T12:49:00+00:00\",\"mainEntityOfPage\":{\"@id\":\"https:\/\/now-news.de\/de\/deutschland\/niederlaendisches-gericht-verurteilt-drei-der-vier-angeklagten-im-mh17-verfahren-zu-lebenslaenglich\/\"},\"wordCount\":932,\"commentCount\":0,\"publisher\":{\"@id\":\"https:\/\/now-news.de\/de\/#organization\"},\"image\":{\"@id\":\"https:\/\/now-news.de\/de\/deutschland\/niederlaendisches-gericht-verurteilt-drei-der-vier-angeklagten-im-mh17-verfahren-zu-lebenslaenglich\/#primaryimage\"},\"thumbnailUrl\":\"https:\/\/now-news.de\/de\/wp-content\/uploads\/sites\/3\/2022\/11\/Niederlaendisches-Gericht-verurteilt-drei-der-vier-Angeklagten-im-MH17-Verfahren-zu.jpg\",\"keywords\":[\"angeklagten\",\"der\",\"drei\",\"Gericht\",\"lebensl\u00e4nglich\",\"MH17Verfahren\",\"Niederl\u00e4ndisches\",\"verurteilt\",\"vier\"],\"articleSection\":[\"Deutschland\",\"Russland\"],\"inLanguage\":\"de\",\"potentialAction\":[{\"@type\":\"CommentAction\",\"name\":\"Comment\",\"target\":[\"https:\/\/now-news.de\/de\/deutschland\/niederlaendisches-gericht-verurteilt-drei-der-vier-angeklagten-im-mh17-verfahren-zu-lebenslaenglich\/#respond\"]}]},{\"@type\":\"WebPage\",\"@id\":\"https:\/\/now-news.de\/de\/deutschland\/niederlaendisches-gericht-verurteilt-drei-der-vier-angeklagten-im-mh17-verfahren-zu-lebenslaenglich\/\",\"url\":\"https:\/\/now-news.de\/de\/deutschland\/niederlaendisches-gericht-verurteilt-drei-der-vier-angeklagten-im-mh17-verfahren-zu-lebenslaenglich\/\",\"name\":\"Niederl\u00e4ndisches Gericht verurteilt drei der vier Angeklagten im MH17-Verfahren zu lebensl\u00e4nglich - just-now.NEWS Deutschland\",\"isPartOf\":{\"@id\":\"https:\/\/now-news.de\/de\/#website\"},\"primaryImageOfPage\":{\"@id\":\"https:\/\/now-news.de\/de\/deutschland\/niederlaendisches-gericht-verurteilt-drei-der-vier-angeklagten-im-mh17-verfahren-zu-lebenslaenglich\/#primaryimage\"},\"image\":{\"@id\":\"https:\/\/now-news.de\/de\/deutschland\/niederlaendisches-gericht-verurteilt-drei-der-vier-angeklagten-im-mh17-verfahren-zu-lebenslaenglich\/#primaryimage\"},\"thumbnailUrl\":\"https:\/\/now-news.de\/de\/wp-content\/uploads\/sites\/3\/2022\/11\/Niederlaendisches-Gericht-verurteilt-drei-der-vier-Angeklagten-im-MH17-Verfahren-zu.jpg\",\"datePublished\":\"2022-11-17T12:49:00+00:00\",\"dateModified\":\"2022-11-17T12:49:00+00:00\",\"breadcrumb\":{\"@id\":\"https:\/\/now-news.de\/de\/deutschland\/niederlaendisches-gericht-verurteilt-drei-der-vier-angeklagten-im-mh17-verfahren-zu-lebenslaenglich\/#breadcrumb\"},\"inLanguage\":\"de\",\"potentialAction\":[{\"@type\":\"ReadAction\",\"target\":[\"https:\/\/now-news.de\/de\/deutschland\/niederlaendisches-gericht-verurteilt-drei-der-vier-angeklagten-im-mh17-verfahren-zu-lebenslaenglich\/\"]}]},{\"@type\":\"ImageObject\",\"inLanguage\":\"de\",\"@id\":\"https:\/\/now-news.de\/de\/deutschland\/niederlaendisches-gericht-verurteilt-drei-der-vier-angeklagten-im-mh17-verfahren-zu-lebenslaenglich\/#primaryimage\",\"url\":\"https:\/\/now-news.de\/de\/wp-content\/uploads\/sites\/3\/2022\/11\/Niederlaendisches-Gericht-verurteilt-drei-der-vier-Angeklagten-im-MH17-Verfahren-zu.jpg\",\"contentUrl\":\"https:\/\/now-news.de\/de\/wp-content\/uploads\/sites\/3\/2022\/11\/Niederlaendisches-Gericht-verurteilt-drei-der-vier-Angeklagten-im-MH17-Verfahren-zu.jpg\",\"width\":460,\"height\":259,\"caption\":\"Niederl\u00e4ndisches Gericht verurteilt drei der vier Angeklagten im MH17-Verfahren zu lebensl\u00e4nglich\"},{\"@type\":\"BreadcrumbList\",\"@id\":\"https:\/\/now-news.de\/de\/deutschland\/niederlaendisches-gericht-verurteilt-drei-der-vier-angeklagten-im-mh17-verfahren-zu-lebenslaenglich\/#breadcrumb\",\"itemListElement\":[{\"@type\":\"ListItem\",\"position\":1,\"name\":\"Home\",\"item\":\"https:\/\/now-news.de\/de\/\"},{\"@type\":\"ListItem\",\"position\":2,\"name\":\"Niederl\u00e4ndisches Gericht verurteilt drei der vier Angeklagten im MH17-Verfahren zu lebensl\u00e4nglich\"}]},{\"@type\":\"WebSite\",\"@id\":\"https:\/\/now-news.de\/de\/#website\",\"url\":\"https:\/\/now-news.de\/de\/\",\"name\":\"just-now.NEWS Deutschland\",\"description\":\"Das Portal f\u00fcr unzensierte Nachrichten aus der Welt\",\"publisher\":{\"@id\":\"https:\/\/now-news.de\/de\/#organization\"},\"potentialAction\":[{\"@type\":\"SearchAction\",\"target\":{\"@type\":\"EntryPoint\",\"urlTemplate\":\"https:\/\/now-news.de\/de\/?s={search_term_string}\"},\"query-input\":\"required name=search_term_string\"}],\"inLanguage\":\"de\"},{\"@type\":\"Organization\",\"@id\":\"https:\/\/now-news.de\/de\/#organization\",\"name\":\"Just Now News\",\"url\":\"https:\/\/now-news.de\/de\/\",\"logo\":{\"@type\":\"ImageObject\",\"inLanguage\":\"de\",\"@id\":\"https:\/\/now-news.de\/de\/#\/schema\/logo\/image\/\",\"url\":\"http:\/\/just-now.news\/de\/wp-content\/uploads\/sites\/3\/2022\/04\/logo500x500.jpg\",\"contentUrl\":\"http:\/\/just-now.news\/de\/wp-content\/uploads\/sites\/3\/2022\/04\/logo500x500.jpg\",\"width\":500,\"height\":500,\"caption\":\"Just Now News\"},\"image\":{\"@id\":\"https:\/\/now-news.de\/de\/#\/schema\/logo\/image\/\"},\"sameAs\":[\"https:\/\/www.facebook.com\/wirmachenauf\",\"https:\/\/x.com\/WirMachenAuf_de\"]},{\"@type\":\"Person\",\"@id\":\"https:\/\/now-news.de\/de\/#\/schema\/person\/fb534a4e865501d8b3285208df34a9b5\",\"name\":\"rtnews\",\"image\":{\"@type\":\"ImageObject\",\"inLanguage\":\"de\",\"@id\":\"https:\/\/now-news.de\/de\/#\/schema\/person\/image\/\",\"url\":\"https:\/\/secure.gravatar.com\/avatar\/82aafea7d8127119dd649515f56e2117?s=96&d=mm&r=g\",\"contentUrl\":\"https:\/\/secure.gravatar.com\/avatar\/82aafea7d8127119dd649515f56e2117?s=96&d=mm&r=g\",\"caption\":\"rtnews\"},\"url\":\"https:\/\/now-news.de\/de\/author\/rnews\/\"}]}<\/script>\n<!-- \/ Yoast SEO Premium plugin. -->","yoast_head_json":{"title":"Niederl\u00e4ndisches Gericht verurteilt drei der vier Angeklagten im MH17-Verfahren zu lebensl\u00e4nglich - just-now.NEWS Deutschland","robots":{"index":"index","follow":"follow","max-snippet":"max-snippet:-1","max-image-preview":"max-image-preview:large","max-video-preview":"max-video-preview:-1"},"canonical":"https:\/\/now-news.de\/de\/deutschland\/niederlaendisches-gericht-verurteilt-drei-der-vier-angeklagten-im-mh17-verfahren-zu-lebenslaenglich\/","og_locale":"de_DE","og_type":"article","og_title":"Niederl\u00e4ndisches Gericht verurteilt drei der vier Angeklagten im MH17-Verfahren zu lebensl\u00e4nglich","og_description":"Das Strafgericht im niederl\u00e4ndischen Schiphol hat am Donnerstag das Urteil in dem den Abschuss der MH17 im Juli 2014 betreffenden Strafverfahren gegen mehrere Milit\u00e4rs der Donezker Volksrepublik verk\u00fcndet. Es sprach drei der Angeklagten der Beteiligung am 298-fachen Mord f\u00fcr schuldig. Den Angeklagten Pulatow sprach das Gericht frei. Das niederl\u00e4ndische Strafgericht in Schiphol hat am Donnerstag [&hellip;]","og_url":"https:\/\/now-news.de\/de\/deutschland\/niederlaendisches-gericht-verurteilt-drei-der-vier-angeklagten-im-mh17-verfahren-zu-lebenslaenglich\/","og_site_name":"just-now.NEWS Deutschland","article_publisher":"https:\/\/www.facebook.com\/wirmachenauf","article_published_time":"2022-11-17T12:49:00+00:00","og_image":[{"width":460,"height":259,"url":"https:\/\/now-news.de\/de\/wp-content\/uploads\/sites\/3\/2022\/11\/Niederlaendisches-Gericht-verurteilt-drei-der-vier-Angeklagten-im-MH17-Verfahren-zu.jpg","type":"image\/jpeg"}],"author":"rtnews","twitter_card":"summary_large_image","twitter_creator":"@WirMachenAuf_de","twitter_site":"@WirMachenAuf_de","twitter_misc":{"Verfasst von":"rtnews","Gesch\u00e4tzte Lesezeit":"5\u00a0Minuten"},"schema":{"@context":"https:\/\/schema.org","@graph":[{"@type":"Article","@id":"https:\/\/now-news.de\/de\/deutschland\/niederlaendisches-gericht-verurteilt-drei-der-vier-angeklagten-im-mh17-verfahren-zu-lebenslaenglich\/#article","isPartOf":{"@id":"https:\/\/now-news.de\/de\/deutschland\/niederlaendisches-gericht-verurteilt-drei-der-vier-angeklagten-im-mh17-verfahren-zu-lebenslaenglich\/"},"author":{"name":"rtnews","@id":"https:\/\/now-news.de\/de\/#\/schema\/person\/fb534a4e865501d8b3285208df34a9b5"},"headline":"Niederl\u00e4ndisches Gericht verurteilt drei der vier Angeklagten im MH17-Verfahren zu lebensl\u00e4nglich","datePublished":"2022-11-17T12:49:00+00:00","dateModified":"2022-11-17T12:49:00+00:00","mainEntityOfPage":{"@id":"https:\/\/now-news.de\/de\/deutschland\/niederlaendisches-gericht-verurteilt-drei-der-vier-angeklagten-im-mh17-verfahren-zu-lebenslaenglich\/"},"wordCount":932,"commentCount":0,"publisher":{"@id":"https:\/\/now-news.de\/de\/#organization"},"image":{"@id":"https:\/\/now-news.de\/de\/deutschland\/niederlaendisches-gericht-verurteilt-drei-der-vier-angeklagten-im-mh17-verfahren-zu-lebenslaenglich\/#primaryimage"},"thumbnailUrl":"https:\/\/now-news.de\/de\/wp-content\/uploads\/sites\/3\/2022\/11\/Niederlaendisches-Gericht-verurteilt-drei-der-vier-Angeklagten-im-MH17-Verfahren-zu.jpg","keywords":["angeklagten","der","drei","Gericht","lebensl\u00e4nglich","MH17Verfahren","Niederl\u00e4ndisches","verurteilt","vier"],"articleSection":["Deutschland","Russland"],"inLanguage":"de","potentialAction":[{"@type":"CommentAction","name":"Comment","target":["https:\/\/now-news.de\/de\/deutschland\/niederlaendisches-gericht-verurteilt-drei-der-vier-angeklagten-im-mh17-verfahren-zu-lebenslaenglich\/#respond"]}]},{"@type":"WebPage","@id":"https:\/\/now-news.de\/de\/deutschland\/niederlaendisches-gericht-verurteilt-drei-der-vier-angeklagten-im-mh17-verfahren-zu-lebenslaenglich\/","url":"https:\/\/now-news.de\/de\/deutschland\/niederlaendisches-gericht-verurteilt-drei-der-vier-angeklagten-im-mh17-verfahren-zu-lebenslaenglich\/","name":"Niederl\u00e4ndisches Gericht verurteilt drei der vier Angeklagten im MH17-Verfahren zu lebensl\u00e4nglich - just-now.NEWS Deutschland","isPartOf":{"@id":"https:\/\/now-news.de\/de\/#website"},"primaryImageOfPage":{"@id":"https:\/\/now-news.de\/de\/deutschland\/niederlaendisches-gericht-verurteilt-drei-der-vier-angeklagten-im-mh17-verfahren-zu-lebenslaenglich\/#primaryimage"},"image":{"@id":"https:\/\/now-news.de\/de\/deutschland\/niederlaendisches-gericht-verurteilt-drei-der-vier-angeklagten-im-mh17-verfahren-zu-lebenslaenglich\/#primaryimage"},"thumbnailUrl":"https:\/\/now-news.de\/de\/wp-content\/uploads\/sites\/3\/2022\/11\/Niederlaendisches-Gericht-verurteilt-drei-der-vier-Angeklagten-im-MH17-Verfahren-zu.jpg","datePublished":"2022-11-17T12:49:00+00:00","dateModified":"2022-11-17T12:49:00+00:00","breadcrumb":{"@id":"https:\/\/now-news.de\/de\/deutschland\/niederlaendisches-gericht-verurteilt-drei-der-vier-angeklagten-im-mh17-verfahren-zu-lebenslaenglich\/#breadcrumb"},"inLanguage":"de","potentialAction":[{"@type":"ReadAction","target":["https:\/\/now-news.de\/de\/deutschland\/niederlaendisches-gericht-verurteilt-drei-der-vier-angeklagten-im-mh17-verfahren-zu-lebenslaenglich\/"]}]},{"@type":"ImageObject","inLanguage":"de","@id":"https:\/\/now-news.de\/de\/deutschland\/niederlaendisches-gericht-verurteilt-drei-der-vier-angeklagten-im-mh17-verfahren-zu-lebenslaenglich\/#primaryimage","url":"https:\/\/now-news.de\/de\/wp-content\/uploads\/sites\/3\/2022\/11\/Niederlaendisches-Gericht-verurteilt-drei-der-vier-Angeklagten-im-MH17-Verfahren-zu.jpg","contentUrl":"https:\/\/now-news.de\/de\/wp-content\/uploads\/sites\/3\/2022\/11\/Niederlaendisches-Gericht-verurteilt-drei-der-vier-Angeklagten-im-MH17-Verfahren-zu.jpg","width":460,"height":259,"caption":"Niederl\u00e4ndisches Gericht verurteilt drei der vier Angeklagten im MH17-Verfahren zu lebensl\u00e4nglich"},{"@type":"BreadcrumbList","@id":"https:\/\/now-news.de\/de\/deutschland\/niederlaendisches-gericht-verurteilt-drei-der-vier-angeklagten-im-mh17-verfahren-zu-lebenslaenglich\/#breadcrumb","itemListElement":[{"@type":"ListItem","position":1,"name":"Home","item":"https:\/\/now-news.de\/de\/"},{"@type":"ListItem","position":2,"name":"Niederl\u00e4ndisches Gericht verurteilt drei der vier Angeklagten im MH17-Verfahren zu lebensl\u00e4nglich"}]},{"@type":"WebSite","@id":"https:\/\/now-news.de\/de\/#website","url":"https:\/\/now-news.de\/de\/","name":"just-now.NEWS Deutschland","description":"Das Portal f\u00fcr unzensierte Nachrichten aus der Welt","publisher":{"@id":"https:\/\/now-news.de\/de\/#organization"},"potentialAction":[{"@type":"SearchAction","target":{"@type":"EntryPoint","urlTemplate":"https:\/\/now-news.de\/de\/?s={search_term_string}"},"query-input":"required name=search_term_string"}],"inLanguage":"de"},{"@type":"Organization","@id":"https:\/\/now-news.de\/de\/#organization","name":"Just Now News","url":"https:\/\/now-news.de\/de\/","logo":{"@type":"ImageObject","inLanguage":"de","@id":"https:\/\/now-news.de\/de\/#\/schema\/logo\/image\/","url":"http:\/\/just-now.news\/de\/wp-content\/uploads\/sites\/3\/2022\/04\/logo500x500.jpg","contentUrl":"http:\/\/just-now.news\/de\/wp-content\/uploads\/sites\/3\/2022\/04\/logo500x500.jpg","width":500,"height":500,"caption":"Just Now News"},"image":{"@id":"https:\/\/now-news.de\/de\/#\/schema\/logo\/image\/"},"sameAs":["https:\/\/www.facebook.com\/wirmachenauf","https:\/\/x.com\/WirMachenAuf_de"]},{"@type":"Person","@id":"https:\/\/now-news.de\/de\/#\/schema\/person\/fb534a4e865501d8b3285208df34a9b5","name":"rtnews","image":{"@type":"ImageObject","inLanguage":"de","@id":"https:\/\/now-news.de\/de\/#\/schema\/person\/image\/","url":"https:\/\/secure.gravatar.com\/avatar\/82aafea7d8127119dd649515f56e2117?s=96&d=mm&r=g","contentUrl":"https:\/\/secure.gravatar.com\/avatar\/82aafea7d8127119dd649515f56e2117?s=96&d=mm&r=g","caption":"rtnews"},"url":"https:\/\/now-news.de\/de\/author\/rnews\/"}]}},"_links":{"self":[{"href":"https:\/\/now-news.de\/de\/wp-json\/wp\/v2\/posts\/23414"}],"collection":[{"href":"https:\/\/now-news.de\/de\/wp-json\/wp\/v2\/posts"}],"about":[{"href":"https:\/\/now-news.de\/de\/wp-json\/wp\/v2\/types\/post"}],"author":[{"embeddable":true,"href":"https:\/\/now-news.de\/de\/wp-json\/wp\/v2\/users\/3"}],"replies":[{"embeddable":true,"href":"https:\/\/now-news.de\/de\/wp-json\/wp\/v2\/comments?post=23414"}],"version-history":[{"count":0,"href":"https:\/\/now-news.de\/de\/wp-json\/wp\/v2\/posts\/23414\/revisions"}],"wp:featuredmedia":[{"embeddable":true,"href":"https:\/\/now-news.de\/de\/wp-json\/wp\/v2\/media\/23415"}],"wp:attachment":[{"href":"https:\/\/now-news.de\/de\/wp-json\/wp\/v2\/media?parent=23414"}],"wp:term":[{"taxonomy":"category","embeddable":true,"href":"https:\/\/now-news.de\/de\/wp-json\/wp\/v2\/categories?post=23414"},{"taxonomy":"post_tag","embeddable":true,"href":"https:\/\/now-news.de\/de\/wp-json\/wp\/v2\/tags?post=23414"}],"curies":[{"name":"wp","href":"https:\/\/api.w.org\/{rel}","templated":true}]}}