{"id":23377,"date":"2022-11-17T09:07:01","date_gmt":"2022-11-17T07:07:01","guid":{"rendered":"http:\/\/just-now.news\/de\/deutschland\/wirtschaftsexperten-rezession-im-euroraum-wird-schlimmer-als-erwartet\/"},"modified":"2022-11-17T09:07:01","modified_gmt":"2022-11-17T07:07:01","slug":"wirtschaftsexperten-rezession-im-euroraum-wird-schlimmer-als-erwartet","status":"publish","type":"post","link":"https:\/\/now-news.de\/de\/deutschland\/wirtschaftsexperten-rezession-im-euroraum-wird-schlimmer-als-erwartet\/","title":{"rendered":"Wirtschaftsexperten: Rezession im Euroraum wird schlimmer als erwartet"},"content":{"rendered":"<p><img decoding=\"async\" src=\"http:\/\/just-now.news\/de\/wp-content\/uploads\/sites\/3\/2022\/11\/6374f88748fbef43d85d466a.jpg\" \/><\/p>\n<div class=\"Text-root Text-type_1 \">\n                Es wird erwartet, dass der Abschwung im gesamten W\u00e4hrungsgebiet viel schlimmer ausfallen wird als bisher angenommen. Selbst der EZB-Vizepr\u00e4sident best\u00e4tigte am Mittwoch, dass die Risiken f\u00fcr die Finanzstabilit\u00e4t zugenommen h\u00e4tten und eine Rezession im Euroraum wahrscheinlich sei.\n            <\/div>\n<p><\/p>\n<div class=\"Text-root Text-type_5 ArticleView-text ViewText-root \">\n<p>Es wird erwartet, dass die 19 L\u00e4nder, die den Euro verwenden, in den kommenden Monaten in eine viel tiefere Rezession abrutschen werden, als fr\u00fcher vorhergesagt wurde, berichtete <em>CNBC<\/em> am Mittwoch unter Berufung auf Wirtschaftswissenschaftler. Dem Bericht zufolge steht der Euroraum aufgrund der Sanktionen gegen Russland, eines abrupten Endes der russischen Gasimporte und der Notwendigkeit, Haushalte und Unternehmen, die mit der Energiekrise zu k\u00e4mpfen haben, finanziell zu unterst\u00fctzen, unter &#8220;erheblichem Druck&#8221;.<\/p>\n<p><em>CNBC<\/em> zitierte Daten der Europ\u00e4ischen Kommission, die zeigen, dass das Verbrauchervertrauen in der Eurozone im September auf ein Rekordtief gesunken ist. Seitdem hat es sich zwar leicht verbessert, aber die Haushalte f\u00fcrchten immer noch um die Zukunft und ihre finanzielle Lage, hei\u00dft es in dem Bericht.<\/p>\n<p>&#8220;Das Verbrauchervertrauen ist so stark eingebrochen, dass die Rezession wahrscheinlich nicht sehr tief sein wird&#8221;, sagte Holger Schmieding, Chefvolkswirt der Berenberg Bank, dem Nachrichtennetzwerk. Vorl\u00e4ufige Wachstumssch\u00e4tzungen f\u00fcr die Region deuten auf eine Verlangsamung im dritten Quartal gegen\u00fcber dem vorangegangenen Dreimonatszeitraum hin\u00a0\u2212 von 0,8 Prozent Wachstum auf 0,2 Prozent.<\/p>\n<p>Laut Spyros Andreopoulos, einem leitenden europ\u00e4ischen \u00d6konomen bei BNP Paribas, &#8220;wird sie tiefer sein, als der Rat der EZB [Europ\u00e4ische Zentralbank] sicherlich erwartet&#8221;. Anfang des Monats hatte EZB-Pr\u00e4sidentin Christine Lagarde darauf hingewiesen, dass &#8220;das Risiko einer Rezession gestiegen ist&#8221;. Andreopoulos sagte gegen\u00fcber <em>CNBC<\/em>, er sehe das Risiko, dass sich die Rezession bis ins zweite Quartal 2023 hinziehen k\u00f6nnte.<\/p>\n<p>\u00d6konomen sind sich einig, dass, selbst wenn die Eurozone im ersten Quartal des n\u00e4chsten Jahres aus der Rezession herauskommt, die darauffolgenden Monate noch schwierig sein werden. &#8220;Ich rechne mit einer langsamen Erholung&#8221;, sagte Marco Valli, Chefvolkswirt der UniCredit, gegen\u00fcber dem Netzwerk und nannte die h\u00f6heren Zinss\u00e4tze als einen der Hauptfaktoren, die eine schnellere Erholung verhindern. Die Frage, ob es ein einfaches Jahr f\u00fcr die Eurozone werden w\u00fcrde, verneinte Valli.<\/p>\n<p>Am Mittwoch erkl\u00e4rte auch EZB-Vizepr\u00e4sident Luis de Guindos:<\/p>\n<p>&#8220;Unserer Einsch\u00e4tzung nach haben die Risiken f\u00fcr die Finanzstabilit\u00e4t zugenommen, und eine technische Rezession im Euroraum ist wahrscheinlicher geworden.&#8221; Schrumpft die Wirtschaft zwei Vierteljahre in Folge zum Vorquartal, sprechen \u00d6konomen von einer &#8220;technischen Rezession&#8221;.<\/p>\n<p>&#8220;Das Hauptrisiko f\u00fcr Finanzstabilit\u00e4t und Wachstum besteht derzeit darin, dass die Inflation auf einem sehr hohen Niveau bleibt&#8221;, sagte de Guindos in einer Videoschalte anl\u00e4sslich der Vorstellung des Finanzstabilit\u00e4tsberichts der Notenbank. &#8220;Unser Hauptbeitrag zur Finanzstabilit\u00e4t ist jetzt, Preisstabilit\u00e4t herzustellen.&#8221; Die EZB sieht diese mittelfristig bei zwei Prozent Inflation im Euroraum gew\u00e4hrleistet.<\/p>\n<p>Davon ist die Teuerung seit Monaten weit entfernt: Im Euroraum lagen die Verbraucherpreise im Oktober um 10,7 Prozent \u00fcber dem Niveau des Vorjahresmonats. In Europas gr\u00f6\u00dfter Volkswirtschaft Deutschland stieg die Inflationsrate im Oktober auf 10,4 Prozent.<\/p>\n<p><strong>Mehr zum Thema &#8211; <\/strong><a rel=\"nofollow noopener\" target=\"_blank\" href=\"https:\/\/fromrussiawithlove.rtde.world\/wirtschaft\/150363-krisen-und-insolvenzticker-varta-erwartet\/\">Krisen- und Insolvenzticker: Inflationsrate in Gro\u00dfbritannien steigt \u00fcber 11 Prozent<\/a><br \/><a rel=\"nofollow noopener\" target=\"_blank\" href=\"https:\/\/fromrussiawithlove.rtde.world\/wirtschaft\/150363-krisen-und-insolvenzticker-varta-erwartet\/\"><\/a><\/p>\n<\/div>\n<p><br \/>\n<br \/><a href=\"https:\/\/de.rt.com\/wirtschaft\/154576-wirtschaftsexperten-rezession-im-euroraum-schlimmer\/\">Source link <\/a><\/p>\n","protected":false},"excerpt":{"rendered":"<p>Es wird erwartet, dass der Abschwung im gesamten W\u00e4hrungsgebiet viel schlimmer ausfallen wird als bisher angenommen. Selbst der EZB-Vizepr\u00e4sident best\u00e4tigte am Mittwoch, dass die Risiken f\u00fcr die Finanzstabilit\u00e4t zugenommen h\u00e4tten und eine Rezession im Euroraum wahrscheinlich sei. Es wird erwartet, dass die 19 L\u00e4nder, die den Euro verwenden, in den kommenden Monaten in eine viel [&hellip;]<\/p>\n","protected":false},"author":3,"featured_media":23378,"comment_status":"open","ping_status":"open","sticky":false,"template":"","format":"standard","meta":{"wp_automatic_camp":["217"],"331b3d55d036d0c042145e6d6970cab9":["Wirtschaftsexperten: Rezession im Euroraum wird schlimmer als erwartet"],"original_link":["https:\/\/de.rt.com\/wirtschaft\/154576-wirtschaftsexperten-rezession-im-euroraum-schlimmer\/"],"_thumbnail_id":["23378"],"jnews_social_counter_last_update":["1777187818"]},"categories":[19,23],"tags":[273,19917,13725,7847,12806,374,36018],"yoast_head":"<!-- This site is optimized with the Yoast SEO Premium plugin v22.7 (Yoast SEO v22.7) - https:\/\/yoast.com\/wordpress\/plugins\/seo\/ -->\n<title>Wirtschaftsexperten: Rezession im Euroraum wird schlimmer als erwartet - just-now.NEWS Deutschland<\/title>\n<meta name=\"robots\" content=\"index, follow, max-snippet:-1, max-image-preview:large, max-video-preview:-1\" \/>\n<link rel=\"canonical\" href=\"https:\/\/now-news.de\/de\/deutschland\/wirtschaftsexperten-rezession-im-euroraum-wird-schlimmer-als-erwartet\/\" \/>\n<meta property=\"og:locale\" content=\"de_DE\" \/>\n<meta property=\"og:type\" content=\"article\" \/>\n<meta property=\"og:title\" content=\"Wirtschaftsexperten: Rezession im Euroraum wird schlimmer als erwartet\" \/>\n<meta property=\"og:description\" content=\"Es wird erwartet, dass der Abschwung im gesamten W\u00e4hrungsgebiet viel schlimmer ausfallen wird als bisher angenommen. Selbst der EZB-Vizepr\u00e4sident best\u00e4tigte am Mittwoch, dass die Risiken f\u00fcr die Finanzstabilit\u00e4t zugenommen h\u00e4tten und eine Rezession im Euroraum wahrscheinlich sei. Es wird erwartet, dass die 19 L\u00e4nder, die den Euro verwenden, in den kommenden Monaten in eine viel [&hellip;]\" \/>\n<meta property=\"og:url\" content=\"https:\/\/now-news.de\/de\/deutschland\/wirtschaftsexperten-rezession-im-euroraum-wird-schlimmer-als-erwartet\/\" \/>\n<meta property=\"og:site_name\" content=\"just-now.NEWS Deutschland\" \/>\n<meta property=\"article:publisher\" content=\"https:\/\/www.facebook.com\/wirmachenauf\" \/>\n<meta property=\"article:published_time\" content=\"2022-11-17T07:07:01+00:00\" \/>\n<meta property=\"og:image\" content=\"https:\/\/now-news.de\/de\/wp-content\/uploads\/sites\/3\/2022\/11\/Wirtschaftsexperten-Rezession-im-Euroraum-wird-schlimmer-als-erwartet.jpg\" \/>\n\t<meta property=\"og:image:width\" content=\"460\" \/>\n\t<meta property=\"og:image:height\" content=\"259\" \/>\n\t<meta property=\"og:image:type\" content=\"image\/jpeg\" \/>\n<meta name=\"author\" content=\"rtnews\" \/>\n<meta name=\"twitter:card\" content=\"summary_large_image\" \/>\n<meta name=\"twitter:creator\" content=\"@WirMachenAuf_de\" \/>\n<meta name=\"twitter:site\" content=\"@WirMachenAuf_de\" \/>\n<meta name=\"twitter:label1\" content=\"Verfasst von\" \/>\n\t<meta name=\"twitter:data1\" content=\"rtnews\" \/>\n\t<meta name=\"twitter:label2\" content=\"Gesch\u00e4tzte Lesezeit\" \/>\n\t<meta name=\"twitter:data2\" content=\"3\u00a0Minuten\" \/>\n<script type=\"application\/ld+json\" class=\"yoast-schema-graph\">{\"@context\":\"https:\/\/schema.org\",\"@graph\":[{\"@type\":\"Article\",\"@id\":\"https:\/\/now-news.de\/de\/deutschland\/wirtschaftsexperten-rezession-im-euroraum-wird-schlimmer-als-erwartet\/#article\",\"isPartOf\":{\"@id\":\"https:\/\/now-news.de\/de\/deutschland\/wirtschaftsexperten-rezession-im-euroraum-wird-schlimmer-als-erwartet\/\"},\"author\":{\"name\":\"rtnews\",\"@id\":\"https:\/\/now-news.de\/de\/#\/schema\/person\/fb534a4e865501d8b3285208df34a9b5\"},\"headline\":\"Wirtschaftsexperten: Rezession im Euroraum wird schlimmer als erwartet\",\"datePublished\":\"2022-11-17T07:07:01+00:00\",\"dateModified\":\"2022-11-17T07:07:01+00:00\",\"mainEntityOfPage\":{\"@id\":\"https:\/\/now-news.de\/de\/deutschland\/wirtschaftsexperten-rezession-im-euroraum-wird-schlimmer-als-erwartet\/\"},\"wordCount\":517,\"commentCount\":0,\"publisher\":{\"@id\":\"https:\/\/now-news.de\/de\/#organization\"},\"image\":{\"@id\":\"https:\/\/now-news.de\/de\/deutschland\/wirtschaftsexperten-rezession-im-euroraum-wird-schlimmer-als-erwartet\/#primaryimage\"},\"thumbnailUrl\":\"https:\/\/now-news.de\/de\/wp-content\/uploads\/sites\/3\/2022\/11\/Wirtschaftsexperten-Rezession-im-Euroraum-wird-schlimmer-als-erwartet.jpg\",\"keywords\":[\"als\",\"erwartet\",\"Euroraum\",\"Rezession\",\"schlimmer\",\"wird\",\"Wirtschaftsexperten\"],\"articleSection\":[\"Deutschland\",\"Russland\"],\"inLanguage\":\"de\",\"potentialAction\":[{\"@type\":\"CommentAction\",\"name\":\"Comment\",\"target\":[\"https:\/\/now-news.de\/de\/deutschland\/wirtschaftsexperten-rezession-im-euroraum-wird-schlimmer-als-erwartet\/#respond\"]}]},{\"@type\":\"WebPage\",\"@id\":\"https:\/\/now-news.de\/de\/deutschland\/wirtschaftsexperten-rezession-im-euroraum-wird-schlimmer-als-erwartet\/\",\"url\":\"https:\/\/now-news.de\/de\/deutschland\/wirtschaftsexperten-rezession-im-euroraum-wird-schlimmer-als-erwartet\/\",\"name\":\"Wirtschaftsexperten: Rezession im Euroraum wird schlimmer als erwartet - just-now.NEWS Deutschland\",\"isPartOf\":{\"@id\":\"https:\/\/now-news.de\/de\/#website\"},\"primaryImageOfPage\":{\"@id\":\"https:\/\/now-news.de\/de\/deutschland\/wirtschaftsexperten-rezession-im-euroraum-wird-schlimmer-als-erwartet\/#primaryimage\"},\"image\":{\"@id\":\"https:\/\/now-news.de\/de\/deutschland\/wirtschaftsexperten-rezession-im-euroraum-wird-schlimmer-als-erwartet\/#primaryimage\"},\"thumbnailUrl\":\"https:\/\/now-news.de\/de\/wp-content\/uploads\/sites\/3\/2022\/11\/Wirtschaftsexperten-Rezession-im-Euroraum-wird-schlimmer-als-erwartet.jpg\",\"datePublished\":\"2022-11-17T07:07:01+00:00\",\"dateModified\":\"2022-11-17T07:07:01+00:00\",\"breadcrumb\":{\"@id\":\"https:\/\/now-news.de\/de\/deutschland\/wirtschaftsexperten-rezession-im-euroraum-wird-schlimmer-als-erwartet\/#breadcrumb\"},\"inLanguage\":\"de\",\"potentialAction\":[{\"@type\":\"ReadAction\",\"target\":[\"https:\/\/now-news.de\/de\/deutschland\/wirtschaftsexperten-rezession-im-euroraum-wird-schlimmer-als-erwartet\/\"]}]},{\"@type\":\"ImageObject\",\"inLanguage\":\"de\",\"@id\":\"https:\/\/now-news.de\/de\/deutschland\/wirtschaftsexperten-rezession-im-euroraum-wird-schlimmer-als-erwartet\/#primaryimage\",\"url\":\"https:\/\/now-news.de\/de\/wp-content\/uploads\/sites\/3\/2022\/11\/Wirtschaftsexperten-Rezession-im-Euroraum-wird-schlimmer-als-erwartet.jpg\",\"contentUrl\":\"https:\/\/now-news.de\/de\/wp-content\/uploads\/sites\/3\/2022\/11\/Wirtschaftsexperten-Rezession-im-Euroraum-wird-schlimmer-als-erwartet.jpg\",\"width\":460,\"height\":259,\"caption\":\"Wirtschaftsexperten: Rezession im Euroraum wird schlimmer als erwartet\"},{\"@type\":\"BreadcrumbList\",\"@id\":\"https:\/\/now-news.de\/de\/deutschland\/wirtschaftsexperten-rezession-im-euroraum-wird-schlimmer-als-erwartet\/#breadcrumb\",\"itemListElement\":[{\"@type\":\"ListItem\",\"position\":1,\"name\":\"Home\",\"item\":\"https:\/\/now-news.de\/de\/\"},{\"@type\":\"ListItem\",\"position\":2,\"name\":\"Wirtschaftsexperten: Rezession im Euroraum wird schlimmer als erwartet\"}]},{\"@type\":\"WebSite\",\"@id\":\"https:\/\/now-news.de\/de\/#website\",\"url\":\"https:\/\/now-news.de\/de\/\",\"name\":\"just-now.NEWS Deutschland\",\"description\":\"Das Portal f\u00fcr unzensierte Nachrichten aus der Welt\",\"publisher\":{\"@id\":\"https:\/\/now-news.de\/de\/#organization\"},\"potentialAction\":[{\"@type\":\"SearchAction\",\"target\":{\"@type\":\"EntryPoint\",\"urlTemplate\":\"https:\/\/now-news.de\/de\/?s={search_term_string}\"},\"query-input\":\"required name=search_term_string\"}],\"inLanguage\":\"de\"},{\"@type\":\"Organization\",\"@id\":\"https:\/\/now-news.de\/de\/#organization\",\"name\":\"Just Now News\",\"url\":\"https:\/\/now-news.de\/de\/\",\"logo\":{\"@type\":\"ImageObject\",\"inLanguage\":\"de\",\"@id\":\"https:\/\/now-news.de\/de\/#\/schema\/logo\/image\/\",\"url\":\"http:\/\/just-now.news\/de\/wp-content\/uploads\/sites\/3\/2022\/04\/logo500x500.jpg\",\"contentUrl\":\"http:\/\/just-now.news\/de\/wp-content\/uploads\/sites\/3\/2022\/04\/logo500x500.jpg\",\"width\":500,\"height\":500,\"caption\":\"Just Now News\"},\"image\":{\"@id\":\"https:\/\/now-news.de\/de\/#\/schema\/logo\/image\/\"},\"sameAs\":[\"https:\/\/www.facebook.com\/wirmachenauf\",\"https:\/\/x.com\/WirMachenAuf_de\"]},{\"@type\":\"Person\",\"@id\":\"https:\/\/now-news.de\/de\/#\/schema\/person\/fb534a4e865501d8b3285208df34a9b5\",\"name\":\"rtnews\",\"image\":{\"@type\":\"ImageObject\",\"inLanguage\":\"de\",\"@id\":\"https:\/\/now-news.de\/de\/#\/schema\/person\/image\/\",\"url\":\"https:\/\/secure.gravatar.com\/avatar\/82aafea7d8127119dd649515f56e2117?s=96&d=mm&r=g\",\"contentUrl\":\"https:\/\/secure.gravatar.com\/avatar\/82aafea7d8127119dd649515f56e2117?s=96&d=mm&r=g\",\"caption\":\"rtnews\"},\"url\":\"https:\/\/now-news.de\/de\/author\/rnews\/\"}]}<\/script>\n<!-- \/ Yoast SEO Premium plugin. -->","yoast_head_json":{"title":"Wirtschaftsexperten: Rezession im Euroraum wird schlimmer als erwartet - just-now.NEWS Deutschland","robots":{"index":"index","follow":"follow","max-snippet":"max-snippet:-1","max-image-preview":"max-image-preview:large","max-video-preview":"max-video-preview:-1"},"canonical":"https:\/\/now-news.de\/de\/deutschland\/wirtschaftsexperten-rezession-im-euroraum-wird-schlimmer-als-erwartet\/","og_locale":"de_DE","og_type":"article","og_title":"Wirtschaftsexperten: Rezession im Euroraum wird schlimmer als erwartet","og_description":"Es wird erwartet, dass der Abschwung im gesamten W\u00e4hrungsgebiet viel schlimmer ausfallen wird als bisher angenommen. Selbst der EZB-Vizepr\u00e4sident best\u00e4tigte am Mittwoch, dass die Risiken f\u00fcr die Finanzstabilit\u00e4t zugenommen h\u00e4tten und eine Rezession im Euroraum wahrscheinlich sei. Es wird erwartet, dass die 19 L\u00e4nder, die den Euro verwenden, in den kommenden Monaten in eine viel [&hellip;]","og_url":"https:\/\/now-news.de\/de\/deutschland\/wirtschaftsexperten-rezession-im-euroraum-wird-schlimmer-als-erwartet\/","og_site_name":"just-now.NEWS Deutschland","article_publisher":"https:\/\/www.facebook.com\/wirmachenauf","article_published_time":"2022-11-17T07:07:01+00:00","og_image":[{"width":460,"height":259,"url":"https:\/\/now-news.de\/de\/wp-content\/uploads\/sites\/3\/2022\/11\/Wirtschaftsexperten-Rezession-im-Euroraum-wird-schlimmer-als-erwartet.jpg","type":"image\/jpeg"}],"author":"rtnews","twitter_card":"summary_large_image","twitter_creator":"@WirMachenAuf_de","twitter_site":"@WirMachenAuf_de","twitter_misc":{"Verfasst von":"rtnews","Gesch\u00e4tzte Lesezeit":"3\u00a0Minuten"},"schema":{"@context":"https:\/\/schema.org","@graph":[{"@type":"Article","@id":"https:\/\/now-news.de\/de\/deutschland\/wirtschaftsexperten-rezession-im-euroraum-wird-schlimmer-als-erwartet\/#article","isPartOf":{"@id":"https:\/\/now-news.de\/de\/deutschland\/wirtschaftsexperten-rezession-im-euroraum-wird-schlimmer-als-erwartet\/"},"author":{"name":"rtnews","@id":"https:\/\/now-news.de\/de\/#\/schema\/person\/fb534a4e865501d8b3285208df34a9b5"},"headline":"Wirtschaftsexperten: Rezession im Euroraum wird schlimmer als erwartet","datePublished":"2022-11-17T07:07:01+00:00","dateModified":"2022-11-17T07:07:01+00:00","mainEntityOfPage":{"@id":"https:\/\/now-news.de\/de\/deutschland\/wirtschaftsexperten-rezession-im-euroraum-wird-schlimmer-als-erwartet\/"},"wordCount":517,"commentCount":0,"publisher":{"@id":"https:\/\/now-news.de\/de\/#organization"},"image":{"@id":"https:\/\/now-news.de\/de\/deutschland\/wirtschaftsexperten-rezession-im-euroraum-wird-schlimmer-als-erwartet\/#primaryimage"},"thumbnailUrl":"https:\/\/now-news.de\/de\/wp-content\/uploads\/sites\/3\/2022\/11\/Wirtschaftsexperten-Rezession-im-Euroraum-wird-schlimmer-als-erwartet.jpg","keywords":["als","erwartet","Euroraum","Rezession","schlimmer","wird","Wirtschaftsexperten"],"articleSection":["Deutschland","Russland"],"inLanguage":"de","potentialAction":[{"@type":"CommentAction","name":"Comment","target":["https:\/\/now-news.de\/de\/deutschland\/wirtschaftsexperten-rezession-im-euroraum-wird-schlimmer-als-erwartet\/#respond"]}]},{"@type":"WebPage","@id":"https:\/\/now-news.de\/de\/deutschland\/wirtschaftsexperten-rezession-im-euroraum-wird-schlimmer-als-erwartet\/","url":"https:\/\/now-news.de\/de\/deutschland\/wirtschaftsexperten-rezession-im-euroraum-wird-schlimmer-als-erwartet\/","name":"Wirtschaftsexperten: Rezession im Euroraum wird schlimmer als erwartet - just-now.NEWS Deutschland","isPartOf":{"@id":"https:\/\/now-news.de\/de\/#website"},"primaryImageOfPage":{"@id":"https:\/\/now-news.de\/de\/deutschland\/wirtschaftsexperten-rezession-im-euroraum-wird-schlimmer-als-erwartet\/#primaryimage"},"image":{"@id":"https:\/\/now-news.de\/de\/deutschland\/wirtschaftsexperten-rezession-im-euroraum-wird-schlimmer-als-erwartet\/#primaryimage"},"thumbnailUrl":"https:\/\/now-news.de\/de\/wp-content\/uploads\/sites\/3\/2022\/11\/Wirtschaftsexperten-Rezession-im-Euroraum-wird-schlimmer-als-erwartet.jpg","datePublished":"2022-11-17T07:07:01+00:00","dateModified":"2022-11-17T07:07:01+00:00","breadcrumb":{"@id":"https:\/\/now-news.de\/de\/deutschland\/wirtschaftsexperten-rezession-im-euroraum-wird-schlimmer-als-erwartet\/#breadcrumb"},"inLanguage":"de","potentialAction":[{"@type":"ReadAction","target":["https:\/\/now-news.de\/de\/deutschland\/wirtschaftsexperten-rezession-im-euroraum-wird-schlimmer-als-erwartet\/"]}]},{"@type":"ImageObject","inLanguage":"de","@id":"https:\/\/now-news.de\/de\/deutschland\/wirtschaftsexperten-rezession-im-euroraum-wird-schlimmer-als-erwartet\/#primaryimage","url":"https:\/\/now-news.de\/de\/wp-content\/uploads\/sites\/3\/2022\/11\/Wirtschaftsexperten-Rezession-im-Euroraum-wird-schlimmer-als-erwartet.jpg","contentUrl":"https:\/\/now-news.de\/de\/wp-content\/uploads\/sites\/3\/2022\/11\/Wirtschaftsexperten-Rezession-im-Euroraum-wird-schlimmer-als-erwartet.jpg","width":460,"height":259,"caption":"Wirtschaftsexperten: Rezession im Euroraum wird schlimmer als erwartet"},{"@type":"BreadcrumbList","@id":"https:\/\/now-news.de\/de\/deutschland\/wirtschaftsexperten-rezession-im-euroraum-wird-schlimmer-als-erwartet\/#breadcrumb","itemListElement":[{"@type":"ListItem","position":1,"name":"Home","item":"https:\/\/now-news.de\/de\/"},{"@type":"ListItem","position":2,"name":"Wirtschaftsexperten: Rezession im Euroraum wird schlimmer als erwartet"}]},{"@type":"WebSite","@id":"https:\/\/now-news.de\/de\/#website","url":"https:\/\/now-news.de\/de\/","name":"just-now.NEWS Deutschland","description":"Das Portal f\u00fcr unzensierte Nachrichten aus der Welt","publisher":{"@id":"https:\/\/now-news.de\/de\/#organization"},"potentialAction":[{"@type":"SearchAction","target":{"@type":"EntryPoint","urlTemplate":"https:\/\/now-news.de\/de\/?s={search_term_string}"},"query-input":"required name=search_term_string"}],"inLanguage":"de"},{"@type":"Organization","@id":"https:\/\/now-news.de\/de\/#organization","name":"Just Now News","url":"https:\/\/now-news.de\/de\/","logo":{"@type":"ImageObject","inLanguage":"de","@id":"https:\/\/now-news.de\/de\/#\/schema\/logo\/image\/","url":"http:\/\/just-now.news\/de\/wp-content\/uploads\/sites\/3\/2022\/04\/logo500x500.jpg","contentUrl":"http:\/\/just-now.news\/de\/wp-content\/uploads\/sites\/3\/2022\/04\/logo500x500.jpg","width":500,"height":500,"caption":"Just Now News"},"image":{"@id":"https:\/\/now-news.de\/de\/#\/schema\/logo\/image\/"},"sameAs":["https:\/\/www.facebook.com\/wirmachenauf","https:\/\/x.com\/WirMachenAuf_de"]},{"@type":"Person","@id":"https:\/\/now-news.de\/de\/#\/schema\/person\/fb534a4e865501d8b3285208df34a9b5","name":"rtnews","image":{"@type":"ImageObject","inLanguage":"de","@id":"https:\/\/now-news.de\/de\/#\/schema\/person\/image\/","url":"https:\/\/secure.gravatar.com\/avatar\/82aafea7d8127119dd649515f56e2117?s=96&d=mm&r=g","contentUrl":"https:\/\/secure.gravatar.com\/avatar\/82aafea7d8127119dd649515f56e2117?s=96&d=mm&r=g","caption":"rtnews"},"url":"https:\/\/now-news.de\/de\/author\/rnews\/"}]}},"_links":{"self":[{"href":"https:\/\/now-news.de\/de\/wp-json\/wp\/v2\/posts\/23377"}],"collection":[{"href":"https:\/\/now-news.de\/de\/wp-json\/wp\/v2\/posts"}],"about":[{"href":"https:\/\/now-news.de\/de\/wp-json\/wp\/v2\/types\/post"}],"author":[{"embeddable":true,"href":"https:\/\/now-news.de\/de\/wp-json\/wp\/v2\/users\/3"}],"replies":[{"embeddable":true,"href":"https:\/\/now-news.de\/de\/wp-json\/wp\/v2\/comments?post=23377"}],"version-history":[{"count":0,"href":"https:\/\/now-news.de\/de\/wp-json\/wp\/v2\/posts\/23377\/revisions"}],"wp:featuredmedia":[{"embeddable":true,"href":"https:\/\/now-news.de\/de\/wp-json\/wp\/v2\/media\/23378"}],"wp:attachment":[{"href":"https:\/\/now-news.de\/de\/wp-json\/wp\/v2\/media?parent=23377"}],"wp:term":[{"taxonomy":"category","embeddable":true,"href":"https:\/\/now-news.de\/de\/wp-json\/wp\/v2\/categories?post=23377"},{"taxonomy":"post_tag","embeddable":true,"href":"https:\/\/now-news.de\/de\/wp-json\/wp\/v2\/tags?post=23377"}],"curies":[{"name":"wp","href":"https:\/\/api.w.org\/{rel}","templated":true}]}}