{"id":23342,"date":"2022-11-16T21:00:20","date_gmt":"2022-11-16T19:00:20","guid":{"rendered":"http:\/\/just-now.news\/de\/deutschland\/in-kuehlhaeusern-lauterbach-hortet-46-millionen-verfallene-corona-impfstoffdosen\/"},"modified":"2022-11-16T21:00:20","modified_gmt":"2022-11-16T19:00:20","slug":"in-kuehlhaeusern-lauterbach-hortet-46-millionen-verfallene-corona-impfstoffdosen","status":"publish","type":"post","link":"https:\/\/now-news.de\/de\/deutschland\/in-kuehlhaeusern-lauterbach-hortet-46-millionen-verfallene-corona-impfstoffdosen\/","title":{"rendered":"In K\u00fchlh\u00e4usern: Lauterbach hortet 4,6 Millionen verfallene Corona-Impfstoffdosen"},"content":{"rendered":"<p><img decoding=\"async\" src=\"http:\/\/just-now.news\/de\/wp-content\/uploads\/sites\/3\/2022\/11\/63749f9948fbef7ae9026374.jpg\" \/><\/p>\n<div class=\"Text-root Text-type_1 \">\n                Ende September wurde bekannt, dass Millionen Dosen des zentral gelagerten Corona-Impfstoffs abgelaufen sind. Eine Anfrage des FDP-Politikers Wolfgang Kubicki zeigt nun: Sie wurden nicht vernichtet, sondern werden weiterhin tiefgek\u00fchlt aufbewahrt.\n            <\/div>\n<p><\/p>\n<div class=\"Text-root Text-type_5 ArticleView-text ViewText-root \">\n<p>Durch entsprechende Verk\u00fcndigungen, auch nach medialen Anfragen, ist\u00a0den B\u00fcrgern mittlerweile bekannt, dass\u00a0Karl Lauterbach nach seiner Nominierung zum Gesundheitsminister im Herbst 2021 in einen regelrechten Bestellrausch geraten ist. So gab\u00a0die neue Bundesregierung zum Jahreswechsel <a rel=\"nofollow noopener\" target=\"_blank\" href=\"https:\/\/dserver.bundestag.de\/btd\/20\/004\/2000454.pdf\">bekannt<\/a>, f\u00fcr die Jahre 2021 bis 2023 bis zu 663,9 Millionen Impfdosen im Wert von insgesamt 12,5 Milliarden Euro bestellt zu haben.\u00a0<\/p>\n<p>Im September des Vorjahres <a rel=\"nofollow noopener\" target=\"_blank\" href=\"https:\/\/www.zeit.de\/gesundheit\/2022-10\/corona-impfdosen-verfall-karl-lauterbach\">best\u00e4tigte<\/a> eine Sprecherin des\u00a0Bundesministeriums f\u00fcr Gesundheit (BMG), dass\u00a0<strong><\/strong>zum 29. September 2021 &#8220;rund 4,6 Millionen Dosen des in Deutschland zentral gelagerten\u00a0Corona-Impfstoffs\u00a0das Verfallsdatum erreicht&#8221; h\u00e4tten. Dies bezog sich auf Produkte der Pharmahersteller Moderna und Novavax. Die j\u00fcngste\u00a0schriftliche Anfrage von Bundestagsvizepr\u00e4sident Wolfgang Kubicki (FDP) an das BMG\u00a0zum Verbleib\u00a0der verfallenen\u00a0Impfstoffdosen ergab nun \u00dcberraschendes. Die Website<em>\u00a0Pleiteticker.de<\/em>, der der Schriftwechsel\u00a0vorliegt, zitiert dazu in einem <a rel=\"nofollow noopener\" target=\"_blank\" href=\"https:\/\/pleiteticker.de\/bei-25-grad-gekuehlt-lauterbach-lagert-46-mio-abgelaufene-impfdosen\/\">Artikel<\/a>\u00a0die Antwort von Lauterbachs Parlamentarischem Staatssekret\u00e4r Edgar Franke an Kubicki:<\/p>\n<blockquote>\n<p><em>&#8220;Der im zentralen Lager des Bundes gelagerte, jedoch bereits verfallene COVID-19-Impfstoff wird gem\u00e4\u00df den Herstellervorgaben bis zur fachgerechten Entsorgung qualit\u00e4tsgesichert gelagert.&#8221;<\/em><\/p>\n<\/blockquote>\n<p>Warum dies so geschieht,\u00a0wird in\u00a0der Antwort des Ministeriums aufgekl\u00e4rt:<\/p>\n<blockquote>\n<p><em>&#8220;Die Bundesregierung setzt sich zudem zusammen mit den Pr\u00fcfbeh\u00f6rden EMA und PEI sowie den Herstellern\u00a0 daf\u00fcr ein, &#8216;die Haltbarkeit der Impfstoffe zu verl\u00e4ngern&#8217; und dies auch r\u00fcckwirkend zu erm\u00f6glichen.&#8221;<\/em><\/p>\n<\/blockquote>\n<p>Das bedeutet also gegebenenfalls f\u00fcr die B\u00fcrger als potenzielle Empf\u00e4nger, dass eine willk\u00fcrliche Sondergenehmigung zweier die Corona-Ma\u00dfnahmen unterst\u00fctzender Institutionen eine k\u00fcnstliche Verl\u00e4ngerung von eindeutig definierten\u00a0und vorgegebenen Haltbarkeitsdaten der pharmazeutischen Hersteller\u00a0erm\u00f6glichen k\u00f6nnte.<\/p>\n<p>Dieses strategische Hintert\u00fcrchen klemmt jedoch schon absehbar dahingehend, da auch die aktuelle millionenteure Impfkampagne sich als Rohr- bzw. &#8220;Kan\u00fclenkrepierer&#8221; entpuppt. So gab es laut <em>Pleiteticker.de<\/em> in der Woche vor der Vorstellung der Kampagne\u00a0#Ichsch\u00fctzemich noch bundesweit 532.000 Corona-Impfungen. Die Nachfrage &#8220;nach einem Mini-Anstieg auf 571.000&#8221; verabreichte Injektionen sank inzwischen jedoch &#8220;auf unter eine halbe Million Impfungen pro Woche&#8221;. So wurden am 15. November in Deutschland <a rel=\"nofollow noopener\" target=\"_blank\" href=\"https:\/\/impfdashboard.de\/\">offiziell<\/a> gerade einmal 81.000 Impf\u00addosen verabreicht.\u00a0<\/p>\n<p>Das Unternehmen Moderna <a rel=\"nofollow noopener\" target=\"_blank\" href=\"https:\/\/www.statnews.com\/2022\/11\/14\/moderna-bivalent-covid-booster-effective-omicron\/\">informierte<\/a>\u00a0nun zu Wochenbeginn, dass &#8220;neue Daten darauf hindeuten (sic!),\u00a0dass der bivalente COVID-Booster von Moderna wirksamer gegen die derzeit zirkulierenden Omikron-Varianten des Virus ist als der urspr\u00fcngliche Impfstoff&#8221;. Auch diese Information spricht gegen eine k\u00fcnstliche Verl\u00e4ngerung der Nutzbarkeit von\u00a0rund 3,9 Millionen Dosen des Impfstoffs Spikevax\u00ae aus dem Hause Moderna.<\/p>\n<p>Der dazu \u00fcberfl\u00fcssige Energieverbrauch, sicherlich als provokativer Aspekt formuliert, aufgrund der Lagerung der Millionen Dosen bei einer vorgeschriebenen Temperatur von -25 Grad\u00a0ist zudem ein weiterer\u00a0Grund f\u00fcr die zeitnahe Vernichtung des abgelaufenen Impfstoffs.\u00a0<\/p>\n<p><strong>Mehr zum Thema <\/strong>&#8211;\u00a0<a rel=\"nofollow noopener\" target=\"_blank\" href=\"https:\/\/pressefreiheit.rtde.tech\/meinung\/154249-postfaktischer-moralismus-oder-wie-regierung\/\">Postfaktischer Moralismus \u2013 oder wie die Regierung Realit\u00e4t umdeutet<\/a><\/p>\n<\/div>\n<p><br \/>\n<br \/><a href=\"https:\/\/de.rt.com\/inland\/154522-in-kuehlhaeusern-lauterbach-hortet-46\/\">Source link <\/a><\/p>\n","protected":false},"excerpt":{"rendered":"<p>Ende September wurde bekannt, dass Millionen Dosen des zentral gelagerten Corona-Impfstoffs abgelaufen sind. Eine Anfrage des FDP-Politikers Wolfgang Kubicki zeigt nun: Sie wurden nicht vernichtet, sondern werden weiterhin tiefgek\u00fchlt aufbewahrt. Durch entsprechende Verk\u00fcndigungen, auch nach medialen Anfragen, ist\u00a0den B\u00fcrgern mittlerweile bekannt, dass\u00a0Karl Lauterbach nach seiner Nominierung zum Gesundheitsminister im Herbst 2021 in einen regelrechten Bestellrausch [&hellip;]<\/p>\n","protected":false},"author":3,"featured_media":23343,"comment_status":"open","ping_status":"open","sticky":false,"template":"","format":"standard","meta":{"wp_automatic_camp":["217"],"9469fe5e26b0f7d0f48f9b8d63f23223":["In K\u00fchlh\u00e4usern: Lauterbach hortet 4,6 Millionen verfallene Corona-Impfstoffdosen"],"original_link":["https:\/\/de.rt.com\/inland\/154522-in-kuehlhaeusern-lauterbach-hortet-46\/"],"_thumbnail_id":["23343"],"jnews_social_counter_last_update":["1777193016"]},"categories":[19,23],"tags":[35995,35993,35992,1748,4294,35994],"yoast_head":"<!-- This site is optimized with the Yoast SEO Premium plugin v22.7 (Yoast SEO v22.7) - https:\/\/yoast.com\/wordpress\/plugins\/seo\/ -->\n<title>In K\u00fchlh\u00e4usern: Lauterbach hortet 4,6 Millionen verfallene Corona-Impfstoffdosen - just-now.NEWS Deutschland<\/title>\n<meta name=\"robots\" content=\"index, follow, max-snippet:-1, max-image-preview:large, max-video-preview:-1\" \/>\n<link rel=\"canonical\" href=\"https:\/\/now-news.de\/de\/deutschland\/in-kuehlhaeusern-lauterbach-hortet-46-millionen-verfallene-corona-impfstoffdosen\/\" \/>\n<meta property=\"og:locale\" content=\"de_DE\" \/>\n<meta property=\"og:type\" content=\"article\" \/>\n<meta property=\"og:title\" content=\"In K\u00fchlh\u00e4usern: Lauterbach hortet 4,6 Millionen verfallene Corona-Impfstoffdosen\" \/>\n<meta property=\"og:description\" content=\"Ende September wurde bekannt, dass Millionen Dosen des zentral gelagerten Corona-Impfstoffs abgelaufen sind. Eine Anfrage des FDP-Politikers Wolfgang Kubicki zeigt nun: Sie wurden nicht vernichtet, sondern werden weiterhin tiefgek\u00fchlt aufbewahrt. Durch entsprechende Verk\u00fcndigungen, auch nach medialen Anfragen, ist\u00a0den B\u00fcrgern mittlerweile bekannt, dass\u00a0Karl Lauterbach nach seiner Nominierung zum Gesundheitsminister im Herbst 2021 in einen regelrechten Bestellrausch [&hellip;]\" \/>\n<meta property=\"og:url\" content=\"https:\/\/now-news.de\/de\/deutschland\/in-kuehlhaeusern-lauterbach-hortet-46-millionen-verfallene-corona-impfstoffdosen\/\" \/>\n<meta property=\"og:site_name\" content=\"just-now.NEWS Deutschland\" \/>\n<meta property=\"article:publisher\" content=\"https:\/\/www.facebook.com\/wirmachenauf\" \/>\n<meta property=\"article:published_time\" content=\"2022-11-16T19:00:20+00:00\" \/>\n<meta property=\"og:image\" content=\"https:\/\/now-news.de\/de\/wp-content\/uploads\/sites\/3\/2022\/11\/In-Kuehlhaeusern-Lauterbach-hortet-46-Millionen-verfallene-Corona-Impfstoffdosen.jpg\" \/>\n\t<meta property=\"og:image:width\" content=\"460\" \/>\n\t<meta property=\"og:image:height\" content=\"259\" \/>\n\t<meta property=\"og:image:type\" content=\"image\/jpeg\" \/>\n<meta name=\"author\" content=\"rtnews\" \/>\n<meta name=\"twitter:card\" content=\"summary_large_image\" \/>\n<meta name=\"twitter:creator\" content=\"@WirMachenAuf_de\" \/>\n<meta name=\"twitter:site\" content=\"@WirMachenAuf_de\" \/>\n<meta name=\"twitter:label1\" content=\"Verfasst von\" \/>\n\t<meta name=\"twitter:data1\" content=\"rtnews\" \/>\n\t<meta name=\"twitter:label2\" content=\"Gesch\u00e4tzte Lesezeit\" \/>\n\t<meta name=\"twitter:data2\" content=\"2\u00a0Minuten\" \/>\n<script type=\"application\/ld+json\" class=\"yoast-schema-graph\">{\"@context\":\"https:\/\/schema.org\",\"@graph\":[{\"@type\":\"Article\",\"@id\":\"https:\/\/now-news.de\/de\/deutschland\/in-kuehlhaeusern-lauterbach-hortet-46-millionen-verfallene-corona-impfstoffdosen\/#article\",\"isPartOf\":{\"@id\":\"https:\/\/now-news.de\/de\/deutschland\/in-kuehlhaeusern-lauterbach-hortet-46-millionen-verfallene-corona-impfstoffdosen\/\"},\"author\":{\"name\":\"rtnews\",\"@id\":\"https:\/\/now-news.de\/de\/#\/schema\/person\/fb534a4e865501d8b3285208df34a9b5\"},\"headline\":\"In K\u00fchlh\u00e4usern: Lauterbach hortet 4,6 Millionen verfallene Corona-Impfstoffdosen\",\"datePublished\":\"2022-11-16T19:00:20+00:00\",\"dateModified\":\"2022-11-16T19:00:20+00:00\",\"mainEntityOfPage\":{\"@id\":\"https:\/\/now-news.de\/de\/deutschland\/in-kuehlhaeusern-lauterbach-hortet-46-millionen-verfallene-corona-impfstoffdosen\/\"},\"wordCount\":476,\"commentCount\":0,\"publisher\":{\"@id\":\"https:\/\/now-news.de\/de\/#organization\"},\"image\":{\"@id\":\"https:\/\/now-news.de\/de\/deutschland\/in-kuehlhaeusern-lauterbach-hortet-46-millionen-verfallene-corona-impfstoffdosen\/#primaryimage\"},\"thumbnailUrl\":\"https:\/\/now-news.de\/de\/wp-content\/uploads\/sites\/3\/2022\/11\/In-Kuehlhaeusern-Lauterbach-hortet-46-Millionen-verfallene-Corona-Impfstoffdosen.jpg\",\"keywords\":[\"CoronaImpfstoffdosen\",\"hortet\",\"K\u00fchlh\u00e4usern\",\"Lauterbach\",\"Millionen\",\"verfallene\"],\"articleSection\":[\"Deutschland\",\"Russland\"],\"inLanguage\":\"de\",\"potentialAction\":[{\"@type\":\"CommentAction\",\"name\":\"Comment\",\"target\":[\"https:\/\/now-news.de\/de\/deutschland\/in-kuehlhaeusern-lauterbach-hortet-46-millionen-verfallene-corona-impfstoffdosen\/#respond\"]}]},{\"@type\":\"WebPage\",\"@id\":\"https:\/\/now-news.de\/de\/deutschland\/in-kuehlhaeusern-lauterbach-hortet-46-millionen-verfallene-corona-impfstoffdosen\/\",\"url\":\"https:\/\/now-news.de\/de\/deutschland\/in-kuehlhaeusern-lauterbach-hortet-46-millionen-verfallene-corona-impfstoffdosen\/\",\"name\":\"In K\u00fchlh\u00e4usern: Lauterbach hortet 4,6 Millionen verfallene Corona-Impfstoffdosen - just-now.NEWS Deutschland\",\"isPartOf\":{\"@id\":\"https:\/\/now-news.de\/de\/#website\"},\"primaryImageOfPage\":{\"@id\":\"https:\/\/now-news.de\/de\/deutschland\/in-kuehlhaeusern-lauterbach-hortet-46-millionen-verfallene-corona-impfstoffdosen\/#primaryimage\"},\"image\":{\"@id\":\"https:\/\/now-news.de\/de\/deutschland\/in-kuehlhaeusern-lauterbach-hortet-46-millionen-verfallene-corona-impfstoffdosen\/#primaryimage\"},\"thumbnailUrl\":\"https:\/\/now-news.de\/de\/wp-content\/uploads\/sites\/3\/2022\/11\/In-Kuehlhaeusern-Lauterbach-hortet-46-Millionen-verfallene-Corona-Impfstoffdosen.jpg\",\"datePublished\":\"2022-11-16T19:00:20+00:00\",\"dateModified\":\"2022-11-16T19:00:20+00:00\",\"breadcrumb\":{\"@id\":\"https:\/\/now-news.de\/de\/deutschland\/in-kuehlhaeusern-lauterbach-hortet-46-millionen-verfallene-corona-impfstoffdosen\/#breadcrumb\"},\"inLanguage\":\"de\",\"potentialAction\":[{\"@type\":\"ReadAction\",\"target\":[\"https:\/\/now-news.de\/de\/deutschland\/in-kuehlhaeusern-lauterbach-hortet-46-millionen-verfallene-corona-impfstoffdosen\/\"]}]},{\"@type\":\"ImageObject\",\"inLanguage\":\"de\",\"@id\":\"https:\/\/now-news.de\/de\/deutschland\/in-kuehlhaeusern-lauterbach-hortet-46-millionen-verfallene-corona-impfstoffdosen\/#primaryimage\",\"url\":\"https:\/\/now-news.de\/de\/wp-content\/uploads\/sites\/3\/2022\/11\/In-Kuehlhaeusern-Lauterbach-hortet-46-Millionen-verfallene-Corona-Impfstoffdosen.jpg\",\"contentUrl\":\"https:\/\/now-news.de\/de\/wp-content\/uploads\/sites\/3\/2022\/11\/In-Kuehlhaeusern-Lauterbach-hortet-46-Millionen-verfallene-Corona-Impfstoffdosen.jpg\",\"width\":460,\"height\":259,\"caption\":\"In K\u00fchlh\u00e4usern: Lauterbach hortet 4,6 Millionen verfallene Corona-Impfstoffdosen\"},{\"@type\":\"BreadcrumbList\",\"@id\":\"https:\/\/now-news.de\/de\/deutschland\/in-kuehlhaeusern-lauterbach-hortet-46-millionen-verfallene-corona-impfstoffdosen\/#breadcrumb\",\"itemListElement\":[{\"@type\":\"ListItem\",\"position\":1,\"name\":\"Home\",\"item\":\"https:\/\/now-news.de\/de\/\"},{\"@type\":\"ListItem\",\"position\":2,\"name\":\"In K\u00fchlh\u00e4usern: Lauterbach hortet 4,6 Millionen verfallene Corona-Impfstoffdosen\"}]},{\"@type\":\"WebSite\",\"@id\":\"https:\/\/now-news.de\/de\/#website\",\"url\":\"https:\/\/now-news.de\/de\/\",\"name\":\"just-now.NEWS Deutschland\",\"description\":\"Das Portal f\u00fcr unzensierte Nachrichten aus der Welt\",\"publisher\":{\"@id\":\"https:\/\/now-news.de\/de\/#organization\"},\"potentialAction\":[{\"@type\":\"SearchAction\",\"target\":{\"@type\":\"EntryPoint\",\"urlTemplate\":\"https:\/\/now-news.de\/de\/?s={search_term_string}\"},\"query-input\":\"required name=search_term_string\"}],\"inLanguage\":\"de\"},{\"@type\":\"Organization\",\"@id\":\"https:\/\/now-news.de\/de\/#organization\",\"name\":\"Just Now News\",\"url\":\"https:\/\/now-news.de\/de\/\",\"logo\":{\"@type\":\"ImageObject\",\"inLanguage\":\"de\",\"@id\":\"https:\/\/now-news.de\/de\/#\/schema\/logo\/image\/\",\"url\":\"http:\/\/just-now.news\/de\/wp-content\/uploads\/sites\/3\/2022\/04\/logo500x500.jpg\",\"contentUrl\":\"http:\/\/just-now.news\/de\/wp-content\/uploads\/sites\/3\/2022\/04\/logo500x500.jpg\",\"width\":500,\"height\":500,\"caption\":\"Just Now News\"},\"image\":{\"@id\":\"https:\/\/now-news.de\/de\/#\/schema\/logo\/image\/\"},\"sameAs\":[\"https:\/\/www.facebook.com\/wirmachenauf\",\"https:\/\/x.com\/WirMachenAuf_de\"]},{\"@type\":\"Person\",\"@id\":\"https:\/\/now-news.de\/de\/#\/schema\/person\/fb534a4e865501d8b3285208df34a9b5\",\"name\":\"rtnews\",\"image\":{\"@type\":\"ImageObject\",\"inLanguage\":\"de\",\"@id\":\"https:\/\/now-news.de\/de\/#\/schema\/person\/image\/\",\"url\":\"https:\/\/secure.gravatar.com\/avatar\/82aafea7d8127119dd649515f56e2117?s=96&d=mm&r=g\",\"contentUrl\":\"https:\/\/secure.gravatar.com\/avatar\/82aafea7d8127119dd649515f56e2117?s=96&d=mm&r=g\",\"caption\":\"rtnews\"},\"url\":\"https:\/\/now-news.de\/de\/author\/rnews\/\"}]}<\/script>\n<!-- \/ Yoast SEO Premium plugin. -->","yoast_head_json":{"title":"In K\u00fchlh\u00e4usern: Lauterbach hortet 4,6 Millionen verfallene Corona-Impfstoffdosen - just-now.NEWS Deutschland","robots":{"index":"index","follow":"follow","max-snippet":"max-snippet:-1","max-image-preview":"max-image-preview:large","max-video-preview":"max-video-preview:-1"},"canonical":"https:\/\/now-news.de\/de\/deutschland\/in-kuehlhaeusern-lauterbach-hortet-46-millionen-verfallene-corona-impfstoffdosen\/","og_locale":"de_DE","og_type":"article","og_title":"In K\u00fchlh\u00e4usern: Lauterbach hortet 4,6 Millionen verfallene Corona-Impfstoffdosen","og_description":"Ende September wurde bekannt, dass Millionen Dosen des zentral gelagerten Corona-Impfstoffs abgelaufen sind. Eine Anfrage des FDP-Politikers Wolfgang Kubicki zeigt nun: Sie wurden nicht vernichtet, sondern werden weiterhin tiefgek\u00fchlt aufbewahrt. Durch entsprechende Verk\u00fcndigungen, auch nach medialen Anfragen, ist\u00a0den B\u00fcrgern mittlerweile bekannt, dass\u00a0Karl Lauterbach nach seiner Nominierung zum Gesundheitsminister im Herbst 2021 in einen regelrechten Bestellrausch [&hellip;]","og_url":"https:\/\/now-news.de\/de\/deutschland\/in-kuehlhaeusern-lauterbach-hortet-46-millionen-verfallene-corona-impfstoffdosen\/","og_site_name":"just-now.NEWS Deutschland","article_publisher":"https:\/\/www.facebook.com\/wirmachenauf","article_published_time":"2022-11-16T19:00:20+00:00","og_image":[{"width":460,"height":259,"url":"https:\/\/now-news.de\/de\/wp-content\/uploads\/sites\/3\/2022\/11\/In-Kuehlhaeusern-Lauterbach-hortet-46-Millionen-verfallene-Corona-Impfstoffdosen.jpg","type":"image\/jpeg"}],"author":"rtnews","twitter_card":"summary_large_image","twitter_creator":"@WirMachenAuf_de","twitter_site":"@WirMachenAuf_de","twitter_misc":{"Verfasst von":"rtnews","Gesch\u00e4tzte Lesezeit":"2\u00a0Minuten"},"schema":{"@context":"https:\/\/schema.org","@graph":[{"@type":"Article","@id":"https:\/\/now-news.de\/de\/deutschland\/in-kuehlhaeusern-lauterbach-hortet-46-millionen-verfallene-corona-impfstoffdosen\/#article","isPartOf":{"@id":"https:\/\/now-news.de\/de\/deutschland\/in-kuehlhaeusern-lauterbach-hortet-46-millionen-verfallene-corona-impfstoffdosen\/"},"author":{"name":"rtnews","@id":"https:\/\/now-news.de\/de\/#\/schema\/person\/fb534a4e865501d8b3285208df34a9b5"},"headline":"In K\u00fchlh\u00e4usern: Lauterbach hortet 4,6 Millionen verfallene Corona-Impfstoffdosen","datePublished":"2022-11-16T19:00:20+00:00","dateModified":"2022-11-16T19:00:20+00:00","mainEntityOfPage":{"@id":"https:\/\/now-news.de\/de\/deutschland\/in-kuehlhaeusern-lauterbach-hortet-46-millionen-verfallene-corona-impfstoffdosen\/"},"wordCount":476,"commentCount":0,"publisher":{"@id":"https:\/\/now-news.de\/de\/#organization"},"image":{"@id":"https:\/\/now-news.de\/de\/deutschland\/in-kuehlhaeusern-lauterbach-hortet-46-millionen-verfallene-corona-impfstoffdosen\/#primaryimage"},"thumbnailUrl":"https:\/\/now-news.de\/de\/wp-content\/uploads\/sites\/3\/2022\/11\/In-Kuehlhaeusern-Lauterbach-hortet-46-Millionen-verfallene-Corona-Impfstoffdosen.jpg","keywords":["CoronaImpfstoffdosen","hortet","K\u00fchlh\u00e4usern","Lauterbach","Millionen","verfallene"],"articleSection":["Deutschland","Russland"],"inLanguage":"de","potentialAction":[{"@type":"CommentAction","name":"Comment","target":["https:\/\/now-news.de\/de\/deutschland\/in-kuehlhaeusern-lauterbach-hortet-46-millionen-verfallene-corona-impfstoffdosen\/#respond"]}]},{"@type":"WebPage","@id":"https:\/\/now-news.de\/de\/deutschland\/in-kuehlhaeusern-lauterbach-hortet-46-millionen-verfallene-corona-impfstoffdosen\/","url":"https:\/\/now-news.de\/de\/deutschland\/in-kuehlhaeusern-lauterbach-hortet-46-millionen-verfallene-corona-impfstoffdosen\/","name":"In K\u00fchlh\u00e4usern: Lauterbach hortet 4,6 Millionen verfallene Corona-Impfstoffdosen - just-now.NEWS Deutschland","isPartOf":{"@id":"https:\/\/now-news.de\/de\/#website"},"primaryImageOfPage":{"@id":"https:\/\/now-news.de\/de\/deutschland\/in-kuehlhaeusern-lauterbach-hortet-46-millionen-verfallene-corona-impfstoffdosen\/#primaryimage"},"image":{"@id":"https:\/\/now-news.de\/de\/deutschland\/in-kuehlhaeusern-lauterbach-hortet-46-millionen-verfallene-corona-impfstoffdosen\/#primaryimage"},"thumbnailUrl":"https:\/\/now-news.de\/de\/wp-content\/uploads\/sites\/3\/2022\/11\/In-Kuehlhaeusern-Lauterbach-hortet-46-Millionen-verfallene-Corona-Impfstoffdosen.jpg","datePublished":"2022-11-16T19:00:20+00:00","dateModified":"2022-11-16T19:00:20+00:00","breadcrumb":{"@id":"https:\/\/now-news.de\/de\/deutschland\/in-kuehlhaeusern-lauterbach-hortet-46-millionen-verfallene-corona-impfstoffdosen\/#breadcrumb"},"inLanguage":"de","potentialAction":[{"@type":"ReadAction","target":["https:\/\/now-news.de\/de\/deutschland\/in-kuehlhaeusern-lauterbach-hortet-46-millionen-verfallene-corona-impfstoffdosen\/"]}]},{"@type":"ImageObject","inLanguage":"de","@id":"https:\/\/now-news.de\/de\/deutschland\/in-kuehlhaeusern-lauterbach-hortet-46-millionen-verfallene-corona-impfstoffdosen\/#primaryimage","url":"https:\/\/now-news.de\/de\/wp-content\/uploads\/sites\/3\/2022\/11\/In-Kuehlhaeusern-Lauterbach-hortet-46-Millionen-verfallene-Corona-Impfstoffdosen.jpg","contentUrl":"https:\/\/now-news.de\/de\/wp-content\/uploads\/sites\/3\/2022\/11\/In-Kuehlhaeusern-Lauterbach-hortet-46-Millionen-verfallene-Corona-Impfstoffdosen.jpg","width":460,"height":259,"caption":"In K\u00fchlh\u00e4usern: Lauterbach hortet 4,6 Millionen verfallene Corona-Impfstoffdosen"},{"@type":"BreadcrumbList","@id":"https:\/\/now-news.de\/de\/deutschland\/in-kuehlhaeusern-lauterbach-hortet-46-millionen-verfallene-corona-impfstoffdosen\/#breadcrumb","itemListElement":[{"@type":"ListItem","position":1,"name":"Home","item":"https:\/\/now-news.de\/de\/"},{"@type":"ListItem","position":2,"name":"In K\u00fchlh\u00e4usern: Lauterbach hortet 4,6 Millionen verfallene Corona-Impfstoffdosen"}]},{"@type":"WebSite","@id":"https:\/\/now-news.de\/de\/#website","url":"https:\/\/now-news.de\/de\/","name":"just-now.NEWS Deutschland","description":"Das Portal f\u00fcr unzensierte Nachrichten aus der Welt","publisher":{"@id":"https:\/\/now-news.de\/de\/#organization"},"potentialAction":[{"@type":"SearchAction","target":{"@type":"EntryPoint","urlTemplate":"https:\/\/now-news.de\/de\/?s={search_term_string}"},"query-input":"required name=search_term_string"}],"inLanguage":"de"},{"@type":"Organization","@id":"https:\/\/now-news.de\/de\/#organization","name":"Just Now News","url":"https:\/\/now-news.de\/de\/","logo":{"@type":"ImageObject","inLanguage":"de","@id":"https:\/\/now-news.de\/de\/#\/schema\/logo\/image\/","url":"http:\/\/just-now.news\/de\/wp-content\/uploads\/sites\/3\/2022\/04\/logo500x500.jpg","contentUrl":"http:\/\/just-now.news\/de\/wp-content\/uploads\/sites\/3\/2022\/04\/logo500x500.jpg","width":500,"height":500,"caption":"Just Now News"},"image":{"@id":"https:\/\/now-news.de\/de\/#\/schema\/logo\/image\/"},"sameAs":["https:\/\/www.facebook.com\/wirmachenauf","https:\/\/x.com\/WirMachenAuf_de"]},{"@type":"Person","@id":"https:\/\/now-news.de\/de\/#\/schema\/person\/fb534a4e865501d8b3285208df34a9b5","name":"rtnews","image":{"@type":"ImageObject","inLanguage":"de","@id":"https:\/\/now-news.de\/de\/#\/schema\/person\/image\/","url":"https:\/\/secure.gravatar.com\/avatar\/82aafea7d8127119dd649515f56e2117?s=96&d=mm&r=g","contentUrl":"https:\/\/secure.gravatar.com\/avatar\/82aafea7d8127119dd649515f56e2117?s=96&d=mm&r=g","caption":"rtnews"},"url":"https:\/\/now-news.de\/de\/author\/rnews\/"}]}},"_links":{"self":[{"href":"https:\/\/now-news.de\/de\/wp-json\/wp\/v2\/posts\/23342"}],"collection":[{"href":"https:\/\/now-news.de\/de\/wp-json\/wp\/v2\/posts"}],"about":[{"href":"https:\/\/now-news.de\/de\/wp-json\/wp\/v2\/types\/post"}],"author":[{"embeddable":true,"href":"https:\/\/now-news.de\/de\/wp-json\/wp\/v2\/users\/3"}],"replies":[{"embeddable":true,"href":"https:\/\/now-news.de\/de\/wp-json\/wp\/v2\/comments?post=23342"}],"version-history":[{"count":0,"href":"https:\/\/now-news.de\/de\/wp-json\/wp\/v2\/posts\/23342\/revisions"}],"wp:featuredmedia":[{"embeddable":true,"href":"https:\/\/now-news.de\/de\/wp-json\/wp\/v2\/media\/23343"}],"wp:attachment":[{"href":"https:\/\/now-news.de\/de\/wp-json\/wp\/v2\/media?parent=23342"}],"wp:term":[{"taxonomy":"category","embeddable":true,"href":"https:\/\/now-news.de\/de\/wp-json\/wp\/v2\/categories?post=23342"},{"taxonomy":"post_tag","embeddable":true,"href":"https:\/\/now-news.de\/de\/wp-json\/wp\/v2\/tags?post=23342"}],"curies":[{"name":"wp","href":"https:\/\/api.w.org\/{rel}","templated":true}]}}