{"id":23340,"date":"2022-11-16T20:42:30","date_gmt":"2022-11-16T18:42:30","guid":{"rendered":"http:\/\/just-now.news\/de\/deutschland\/g20-gipfel-xi-jinping-beschwert-sich-unverbluemt-bei-kanadas-premierminister-trudeau\/"},"modified":"2022-11-16T20:42:30","modified_gmt":"2022-11-16T18:42:30","slug":"g20-gipfel-xi-jinping-beschwert-sich-unverbluemt-bei-kanadas-premierminister-trudeau","status":"publish","type":"post","link":"https:\/\/now-news.de\/de\/deutschland\/g20-gipfel-xi-jinping-beschwert-sich-unverbluemt-bei-kanadas-premierminister-trudeau\/","title":{"rendered":"G20-Gipfel: Xi Jinping beschwert sich unverbl\u00fcmt bei Kanadas Premierminister Trudeau"},"content":{"rendered":"<p><img decoding=\"async\" src=\"http:\/\/just-now.news\/de\/wp-content\/uploads\/sites\/3\/2022\/11\/63752052b480cc466a08c5b2.jpg\" \/><\/p>\n<div class=\"Text-root Text-type_1 \">\n                Ungew\u00f6hnlich offen kritisierte Chinas Regierungschef Xi Jinping w\u00e4hrend des G20-Gipfels auf Bali Kanadas Premierminister Justin Trudeau. Xi Jinping beschwerte sich, dass &#8220;alles, was man gestern diskutiert habe, den Zeitungen zugespielt wurde&#8221;. Dies sei nicht angemessen.\n            <\/div>\n<p><\/p>\n<div class=\"Text-root Text-type_5 ArticleView-text ViewText-root \">\n<p>W\u00e4hrend des G20-Gipfels hat sich Chinas Regierungschef Xi Jinping\u00a0ungewohnt direkt und pers\u00f6nlich bei Kanadas Premierminister Justin Trudeau \u00fcber dessen mangelnde Vertraulichkeit nach ihrem Vier-Augen-Gespr\u00e4ch beschwert. In einer Videoaufnahme vom G20-Gipfel auf Bali in Indonesien war Xi Jinping am Mittwoch mit\u00a0Kanadas Premier\u00a0zu sehen, wie er dabei sagte:<\/p>\n<blockquote>\n<p><em>&#8220;Alles, was wir gestern diskutiert haben, ist Zeitungen zugespielt worden. Das ist nicht angemessen. Das ist nicht die Art, wie das Gespr\u00e4ch behandelt werden sollte.&#8221;<\/em><\/p>\n<\/blockquote>\n<p>Wer ernsthaft sei, f\u00fchre den Dialog mit gegenseitigem Respekt. &#8220;Ansonsten ist schwer zu sagen, was das Ergebnis sein wird&#8221;, warnte Xi Jinping. Trudeau erwiderte:<\/p>\n<blockquote>\n<p><em>&#8220;In Kanada glauben wir an freie, offene und freim\u00fctige Gespr\u00e4che.&#8221;<\/em><\/p>\n<\/blockquote>\n<p>Vielleicht lie\u00dfe sich der Dialog also fortsetzen. Er wolle &#8220;konstruktiv&#8221; mit Xi Jinping zusammenarbeiten. &#8220;Aber es wird Dinge geben, bei denen wir nicht \u00fcbereinstimmen werden&#8221;, sagte Trudeau. Daraufhin erwiderte Xi Jinping:<\/p>\n<blockquote>\n<p><em>&#8220;Schaffen Sie die Bedingungen!&#8221;<\/em><\/p>\n<\/blockquote>\n<p>Anschlie\u00dfend sch\u00fcttelte er Trudeau die Hand und ging davon. Es war das erste Zusammentreffen von Justin Trudeau und Xi Jinping seit mehr als drei Jahren. Anders als Xi Jinpings Begegnungen mit anderen Staats- und Regierungschefs war das erw\u00e4hnte Gespr\u00e4ch jedoch nicht als eine offizielle Begegnung der beiden deklariert.<\/p>\n<div class=\"EmbedBlock-root EmbedBlock-twitter\">\n<div class=\"TwitterEmbed\">\n<blockquote class=\"twitter-tweet lazyload\" data-twitter=\"twitter-tweet\">\n<p lang=\"en\" dir=\"ltr\">A VERY RARE insight into just how blunt President Xi can be if you act in a way that is unbecoming of a world leader.Here he absolutely schools Trudeau after the latter leaked their private conversations (inaccurately) to the media. Trudeau walks off like a scolded puppy. <a rel=\"nofollow noopener\" target=\"_blank\" href=\"https:\/\/t.co\/iyPHx5wolk\">pic.twitter.com\/iyPHx5wolk<\/a><\/p>\n<p>\u2014 Andy Boreham \u5b89\u67cf\u7136 (@AndyBxxx) <a rel=\"nofollow noopener\" target=\"_blank\" href=\"https:\/\/twitter.com\/AndyBxxx\/status\/1592833233863192576?ref_src=twsrc%5Etfw\">November 16, 2022<\/a><\/p><\/blockquote>\n<\/div>\n<\/div>\n<p>Die Beziehungen zwischen den beiden L\u00e4ndern sind seit l\u00e4ngerer Zeit angespannt. Nach der Festnahme von Meng Wanzhou, der Finanzchefin des chinesischen Telekom-Giganten Huawei, im Jahre 2018 auf Ersuchen der USA hatte China zwei Kanadier wegen Spionagevorw\u00fcrfen festgenommen. Nach langem Tauziehen auch mit den US-Justizbeh\u00f6rden konnte Meng Wanzhou im Jahre 2021 in einer Art Tauschgesch\u00e4ft nach China zur\u00fcckkehren, woraufhin auch die beiden Kanadier freigelassen wurden. Medienberichten zufolge habe sich Trudeau w\u00e4hrend des j\u00fcngsten Gespr\u00e4chs \u00fcber eine vermeintliche Einmischung Chinas in die Politik Kanadas beschwert.<\/p>\n<p>(<em>rt de<\/em> \/<em>dpa<\/em>)<\/p>\n<p><strong>Mehr zum Thema &#8211;<\/strong>\u00a0<a rel=\"nofollow noopener\" target=\"_blank\" href=\"https:\/\/test.rtde.tech\/international\/124640-huawei-finanzchefin-darf-nach-deal-mit-usa-kanada-verlassen\/\">Huawei-Finanzchefin darf nach Deal mit USA Kanada verlassen \u2013 China l\u00e4sst zwei Kanadier frei<\/a><\/p>\n<\/div>\n<p><script async src=\"https:\/\/platform.twitter.com\/widgets.js\" charset=\"utf-8\"><\/script><br \/>\n<br \/><br \/>\n<br \/><a href=\"https:\/\/de.rt.com\/international\/154601-g20-gipfel-xi-jinping-beschwert\/\">Source link <\/a><\/p>\n","protected":false},"excerpt":{"rendered":"<p>Ungew\u00f6hnlich offen kritisierte Chinas Regierungschef Xi Jinping w\u00e4hrend des G20-Gipfels auf Bali Kanadas Premierminister Justin Trudeau. Xi Jinping beschwerte sich, dass &#8220;alles, was man gestern diskutiert habe, den Zeitungen zugespielt wurde&#8221;. Dies sei nicht angemessen. W\u00e4hrend des G20-Gipfels hat sich Chinas Regierungschef Xi Jinping\u00a0ungewohnt direkt und pers\u00f6nlich bei Kanadas Premierminister Justin Trudeau \u00fcber dessen mangelnde [&hellip;]<\/p>\n","protected":false},"author":3,"featured_media":23341,"comment_status":"open","ping_status":"open","sticky":false,"template":"","format":"standard","meta":{"wp_automatic_camp":["217"],"6ad8b1128a0fdc9d14ffcdd9f685aa4e":["G20-Gipfel: Xi Jinping beschwert sich unverbl\u00fcmt bei Kanadas Premierminister Trudeau"],"original_link":["https:\/\/de.rt.com\/international\/154601-g20-gipfel-xi-jinping-beschwert\/"],"_thumbnail_id":["23341"],"jnews_social_counter_last_update":["1777277667"]},"categories":[19,23],"tags":[363,14183,4838,5975,27155,416,434,4453,35991],"yoast_head":"<!-- This site is optimized with the Yoast SEO Premium plugin v22.7 (Yoast SEO v22.7) - https:\/\/yoast.com\/wordpress\/plugins\/seo\/ -->\n<title>G20-Gipfel: Xi Jinping beschwert sich unverbl\u00fcmt bei Kanadas Premierminister Trudeau - just-now.NEWS Deutschland<\/title>\n<meta name=\"robots\" content=\"index, follow, max-snippet:-1, max-image-preview:large, max-video-preview:-1\" \/>\n<link rel=\"canonical\" href=\"https:\/\/now-news.de\/de\/deutschland\/g20-gipfel-xi-jinping-beschwert-sich-unverbluemt-bei-kanadas-premierminister-trudeau\/\" \/>\n<meta property=\"og:locale\" content=\"de_DE\" \/>\n<meta property=\"og:type\" content=\"article\" \/>\n<meta property=\"og:title\" content=\"G20-Gipfel: Xi Jinping beschwert sich unverbl\u00fcmt bei Kanadas Premierminister Trudeau\" \/>\n<meta property=\"og:description\" content=\"Ungew\u00f6hnlich offen kritisierte Chinas Regierungschef Xi Jinping w\u00e4hrend des G20-Gipfels auf Bali Kanadas Premierminister Justin Trudeau. Xi Jinping beschwerte sich, dass &#8220;alles, was man gestern diskutiert habe, den Zeitungen zugespielt wurde&#8221;. Dies sei nicht angemessen. W\u00e4hrend des G20-Gipfels hat sich Chinas Regierungschef Xi Jinping\u00a0ungewohnt direkt und pers\u00f6nlich bei Kanadas Premierminister Justin Trudeau \u00fcber dessen mangelnde [&hellip;]\" \/>\n<meta property=\"og:url\" content=\"https:\/\/now-news.de\/de\/deutschland\/g20-gipfel-xi-jinping-beschwert-sich-unverbluemt-bei-kanadas-premierminister-trudeau\/\" \/>\n<meta property=\"og:site_name\" content=\"just-now.NEWS Deutschland\" \/>\n<meta property=\"article:publisher\" content=\"https:\/\/www.facebook.com\/wirmachenauf\" \/>\n<meta property=\"article:published_time\" content=\"2022-11-16T18:42:30+00:00\" \/>\n<meta property=\"og:image\" content=\"https:\/\/now-news.de\/de\/wp-content\/uploads\/sites\/3\/2022\/11\/G20-Gipfel-Xi-Jinping-beschwert-sich-unverbluemt-bei-Kanadas-Premierminister-Trudeau.jpg\" \/>\n\t<meta property=\"og:image:width\" content=\"460\" \/>\n\t<meta property=\"og:image:height\" content=\"259\" \/>\n\t<meta property=\"og:image:type\" content=\"image\/jpeg\" \/>\n<meta name=\"author\" content=\"rtnews\" \/>\n<meta name=\"twitter:card\" content=\"summary_large_image\" \/>\n<meta name=\"twitter:creator\" content=\"@WirMachenAuf_de\" \/>\n<meta name=\"twitter:site\" content=\"@WirMachenAuf_de\" \/>\n<meta name=\"twitter:label1\" content=\"Verfasst von\" \/>\n\t<meta name=\"twitter:data1\" content=\"rtnews\" \/>\n\t<meta name=\"twitter:label2\" content=\"Gesch\u00e4tzte Lesezeit\" \/>\n\t<meta name=\"twitter:data2\" content=\"2\u00a0Minuten\" \/>\n<script type=\"application\/ld+json\" class=\"yoast-schema-graph\">{\"@context\":\"https:\/\/schema.org\",\"@graph\":[{\"@type\":\"Article\",\"@id\":\"https:\/\/now-news.de\/de\/deutschland\/g20-gipfel-xi-jinping-beschwert-sich-unverbluemt-bei-kanadas-premierminister-trudeau\/#article\",\"isPartOf\":{\"@id\":\"https:\/\/now-news.de\/de\/deutschland\/g20-gipfel-xi-jinping-beschwert-sich-unverbluemt-bei-kanadas-premierminister-trudeau\/\"},\"author\":{\"name\":\"rtnews\",\"@id\":\"https:\/\/now-news.de\/de\/#\/schema\/person\/fb534a4e865501d8b3285208df34a9b5\"},\"headline\":\"G20-Gipfel: Xi Jinping beschwert sich unverbl\u00fcmt bei Kanadas Premierminister Trudeau\",\"datePublished\":\"2022-11-16T18:42:30+00:00\",\"dateModified\":\"2022-11-16T18:42:30+00:00\",\"mainEntityOfPage\":{\"@id\":\"https:\/\/now-news.de\/de\/deutschland\/g20-gipfel-xi-jinping-beschwert-sich-unverbluemt-bei-kanadas-premierminister-trudeau\/\"},\"wordCount\":426,\"commentCount\":0,\"publisher\":{\"@id\":\"https:\/\/now-news.de\/de\/#organization\"},\"image\":{\"@id\":\"https:\/\/now-news.de\/de\/deutschland\/g20-gipfel-xi-jinping-beschwert-sich-unverbluemt-bei-kanadas-premierminister-trudeau\/#primaryimage\"},\"thumbnailUrl\":\"https:\/\/now-news.de\/de\/wp-content\/uploads\/sites\/3\/2022\/11\/G20-Gipfel-Xi-Jinping-beschwert-sich-unverbluemt-bei-Kanadas-Premierminister-Trudeau.jpg\",\"keywords\":[\"bei\",\"beschwert\",\"G20Gipfel\",\"Jinping\",\"Kanadas\",\"Premierminister\",\"sich\",\"trudeau\",\"unverbl\u00fcmt\"],\"articleSection\":[\"Deutschland\",\"Russland\"],\"inLanguage\":\"de\",\"potentialAction\":[{\"@type\":\"CommentAction\",\"name\":\"Comment\",\"target\":[\"https:\/\/now-news.de\/de\/deutschland\/g20-gipfel-xi-jinping-beschwert-sich-unverbluemt-bei-kanadas-premierminister-trudeau\/#respond\"]}]},{\"@type\":\"WebPage\",\"@id\":\"https:\/\/now-news.de\/de\/deutschland\/g20-gipfel-xi-jinping-beschwert-sich-unverbluemt-bei-kanadas-premierminister-trudeau\/\",\"url\":\"https:\/\/now-news.de\/de\/deutschland\/g20-gipfel-xi-jinping-beschwert-sich-unverbluemt-bei-kanadas-premierminister-trudeau\/\",\"name\":\"G20-Gipfel: Xi Jinping beschwert sich unverbl\u00fcmt bei Kanadas Premierminister Trudeau - just-now.NEWS Deutschland\",\"isPartOf\":{\"@id\":\"https:\/\/now-news.de\/de\/#website\"},\"primaryImageOfPage\":{\"@id\":\"https:\/\/now-news.de\/de\/deutschland\/g20-gipfel-xi-jinping-beschwert-sich-unverbluemt-bei-kanadas-premierminister-trudeau\/#primaryimage\"},\"image\":{\"@id\":\"https:\/\/now-news.de\/de\/deutschland\/g20-gipfel-xi-jinping-beschwert-sich-unverbluemt-bei-kanadas-premierminister-trudeau\/#primaryimage\"},\"thumbnailUrl\":\"https:\/\/now-news.de\/de\/wp-content\/uploads\/sites\/3\/2022\/11\/G20-Gipfel-Xi-Jinping-beschwert-sich-unverbluemt-bei-Kanadas-Premierminister-Trudeau.jpg\",\"datePublished\":\"2022-11-16T18:42:30+00:00\",\"dateModified\":\"2022-11-16T18:42:30+00:00\",\"breadcrumb\":{\"@id\":\"https:\/\/now-news.de\/de\/deutschland\/g20-gipfel-xi-jinping-beschwert-sich-unverbluemt-bei-kanadas-premierminister-trudeau\/#breadcrumb\"},\"inLanguage\":\"de\",\"potentialAction\":[{\"@type\":\"ReadAction\",\"target\":[\"https:\/\/now-news.de\/de\/deutschland\/g20-gipfel-xi-jinping-beschwert-sich-unverbluemt-bei-kanadas-premierminister-trudeau\/\"]}]},{\"@type\":\"ImageObject\",\"inLanguage\":\"de\",\"@id\":\"https:\/\/now-news.de\/de\/deutschland\/g20-gipfel-xi-jinping-beschwert-sich-unverbluemt-bei-kanadas-premierminister-trudeau\/#primaryimage\",\"url\":\"https:\/\/now-news.de\/de\/wp-content\/uploads\/sites\/3\/2022\/11\/G20-Gipfel-Xi-Jinping-beschwert-sich-unverbluemt-bei-Kanadas-Premierminister-Trudeau.jpg\",\"contentUrl\":\"https:\/\/now-news.de\/de\/wp-content\/uploads\/sites\/3\/2022\/11\/G20-Gipfel-Xi-Jinping-beschwert-sich-unverbluemt-bei-Kanadas-Premierminister-Trudeau.jpg\",\"width\":460,\"height\":259,\"caption\":\"G20-Gipfel: Xi Jinping beschwert sich unverbl\u00fcmt bei Kanadas Premierminister Trudeau\"},{\"@type\":\"BreadcrumbList\",\"@id\":\"https:\/\/now-news.de\/de\/deutschland\/g20-gipfel-xi-jinping-beschwert-sich-unverbluemt-bei-kanadas-premierminister-trudeau\/#breadcrumb\",\"itemListElement\":[{\"@type\":\"ListItem\",\"position\":1,\"name\":\"Home\",\"item\":\"https:\/\/now-news.de\/de\/\"},{\"@type\":\"ListItem\",\"position\":2,\"name\":\"G20-Gipfel: Xi Jinping beschwert sich unverbl\u00fcmt bei Kanadas Premierminister Trudeau\"}]},{\"@type\":\"WebSite\",\"@id\":\"https:\/\/now-news.de\/de\/#website\",\"url\":\"https:\/\/now-news.de\/de\/\",\"name\":\"just-now.NEWS Deutschland\",\"description\":\"Das Portal f\u00fcr unzensierte Nachrichten aus der Welt\",\"publisher\":{\"@id\":\"https:\/\/now-news.de\/de\/#organization\"},\"potentialAction\":[{\"@type\":\"SearchAction\",\"target\":{\"@type\":\"EntryPoint\",\"urlTemplate\":\"https:\/\/now-news.de\/de\/?s={search_term_string}\"},\"query-input\":\"required name=search_term_string\"}],\"inLanguage\":\"de\"},{\"@type\":\"Organization\",\"@id\":\"https:\/\/now-news.de\/de\/#organization\",\"name\":\"Just Now News\",\"url\":\"https:\/\/now-news.de\/de\/\",\"logo\":{\"@type\":\"ImageObject\",\"inLanguage\":\"de\",\"@id\":\"https:\/\/now-news.de\/de\/#\/schema\/logo\/image\/\",\"url\":\"http:\/\/just-now.news\/de\/wp-content\/uploads\/sites\/3\/2022\/04\/logo500x500.jpg\",\"contentUrl\":\"http:\/\/just-now.news\/de\/wp-content\/uploads\/sites\/3\/2022\/04\/logo500x500.jpg\",\"width\":500,\"height\":500,\"caption\":\"Just Now News\"},\"image\":{\"@id\":\"https:\/\/now-news.de\/de\/#\/schema\/logo\/image\/\"},\"sameAs\":[\"https:\/\/www.facebook.com\/wirmachenauf\",\"https:\/\/x.com\/WirMachenAuf_de\"]},{\"@type\":\"Person\",\"@id\":\"https:\/\/now-news.de\/de\/#\/schema\/person\/fb534a4e865501d8b3285208df34a9b5\",\"name\":\"rtnews\",\"image\":{\"@type\":\"ImageObject\",\"inLanguage\":\"de\",\"@id\":\"https:\/\/now-news.de\/de\/#\/schema\/person\/image\/\",\"url\":\"https:\/\/secure.gravatar.com\/avatar\/82aafea7d8127119dd649515f56e2117?s=96&d=mm&r=g\",\"contentUrl\":\"https:\/\/secure.gravatar.com\/avatar\/82aafea7d8127119dd649515f56e2117?s=96&d=mm&r=g\",\"caption\":\"rtnews\"},\"url\":\"https:\/\/now-news.de\/de\/author\/rnews\/\"}]}<\/script>\n<!-- \/ Yoast SEO Premium plugin. -->","yoast_head_json":{"title":"G20-Gipfel: Xi Jinping beschwert sich unverbl\u00fcmt bei Kanadas Premierminister Trudeau - just-now.NEWS Deutschland","robots":{"index":"index","follow":"follow","max-snippet":"max-snippet:-1","max-image-preview":"max-image-preview:large","max-video-preview":"max-video-preview:-1"},"canonical":"https:\/\/now-news.de\/de\/deutschland\/g20-gipfel-xi-jinping-beschwert-sich-unverbluemt-bei-kanadas-premierminister-trudeau\/","og_locale":"de_DE","og_type":"article","og_title":"G20-Gipfel: Xi Jinping beschwert sich unverbl\u00fcmt bei Kanadas Premierminister Trudeau","og_description":"Ungew\u00f6hnlich offen kritisierte Chinas Regierungschef Xi Jinping w\u00e4hrend des G20-Gipfels auf Bali Kanadas Premierminister Justin Trudeau. Xi Jinping beschwerte sich, dass &#8220;alles, was man gestern diskutiert habe, den Zeitungen zugespielt wurde&#8221;. Dies sei nicht angemessen. W\u00e4hrend des G20-Gipfels hat sich Chinas Regierungschef Xi Jinping\u00a0ungewohnt direkt und pers\u00f6nlich bei Kanadas Premierminister Justin Trudeau \u00fcber dessen mangelnde [&hellip;]","og_url":"https:\/\/now-news.de\/de\/deutschland\/g20-gipfel-xi-jinping-beschwert-sich-unverbluemt-bei-kanadas-premierminister-trudeau\/","og_site_name":"just-now.NEWS Deutschland","article_publisher":"https:\/\/www.facebook.com\/wirmachenauf","article_published_time":"2022-11-16T18:42:30+00:00","og_image":[{"width":460,"height":259,"url":"https:\/\/now-news.de\/de\/wp-content\/uploads\/sites\/3\/2022\/11\/G20-Gipfel-Xi-Jinping-beschwert-sich-unverbluemt-bei-Kanadas-Premierminister-Trudeau.jpg","type":"image\/jpeg"}],"author":"rtnews","twitter_card":"summary_large_image","twitter_creator":"@WirMachenAuf_de","twitter_site":"@WirMachenAuf_de","twitter_misc":{"Verfasst von":"rtnews","Gesch\u00e4tzte Lesezeit":"2\u00a0Minuten"},"schema":{"@context":"https:\/\/schema.org","@graph":[{"@type":"Article","@id":"https:\/\/now-news.de\/de\/deutschland\/g20-gipfel-xi-jinping-beschwert-sich-unverbluemt-bei-kanadas-premierminister-trudeau\/#article","isPartOf":{"@id":"https:\/\/now-news.de\/de\/deutschland\/g20-gipfel-xi-jinping-beschwert-sich-unverbluemt-bei-kanadas-premierminister-trudeau\/"},"author":{"name":"rtnews","@id":"https:\/\/now-news.de\/de\/#\/schema\/person\/fb534a4e865501d8b3285208df34a9b5"},"headline":"G20-Gipfel: Xi Jinping beschwert sich unverbl\u00fcmt bei Kanadas Premierminister Trudeau","datePublished":"2022-11-16T18:42:30+00:00","dateModified":"2022-11-16T18:42:30+00:00","mainEntityOfPage":{"@id":"https:\/\/now-news.de\/de\/deutschland\/g20-gipfel-xi-jinping-beschwert-sich-unverbluemt-bei-kanadas-premierminister-trudeau\/"},"wordCount":426,"commentCount":0,"publisher":{"@id":"https:\/\/now-news.de\/de\/#organization"},"image":{"@id":"https:\/\/now-news.de\/de\/deutschland\/g20-gipfel-xi-jinping-beschwert-sich-unverbluemt-bei-kanadas-premierminister-trudeau\/#primaryimage"},"thumbnailUrl":"https:\/\/now-news.de\/de\/wp-content\/uploads\/sites\/3\/2022\/11\/G20-Gipfel-Xi-Jinping-beschwert-sich-unverbluemt-bei-Kanadas-Premierminister-Trudeau.jpg","keywords":["bei","beschwert","G20Gipfel","Jinping","Kanadas","Premierminister","sich","trudeau","unverbl\u00fcmt"],"articleSection":["Deutschland","Russland"],"inLanguage":"de","potentialAction":[{"@type":"CommentAction","name":"Comment","target":["https:\/\/now-news.de\/de\/deutschland\/g20-gipfel-xi-jinping-beschwert-sich-unverbluemt-bei-kanadas-premierminister-trudeau\/#respond"]}]},{"@type":"WebPage","@id":"https:\/\/now-news.de\/de\/deutschland\/g20-gipfel-xi-jinping-beschwert-sich-unverbluemt-bei-kanadas-premierminister-trudeau\/","url":"https:\/\/now-news.de\/de\/deutschland\/g20-gipfel-xi-jinping-beschwert-sich-unverbluemt-bei-kanadas-premierminister-trudeau\/","name":"G20-Gipfel: Xi Jinping beschwert sich unverbl\u00fcmt bei Kanadas Premierminister Trudeau - just-now.NEWS Deutschland","isPartOf":{"@id":"https:\/\/now-news.de\/de\/#website"},"primaryImageOfPage":{"@id":"https:\/\/now-news.de\/de\/deutschland\/g20-gipfel-xi-jinping-beschwert-sich-unverbluemt-bei-kanadas-premierminister-trudeau\/#primaryimage"},"image":{"@id":"https:\/\/now-news.de\/de\/deutschland\/g20-gipfel-xi-jinping-beschwert-sich-unverbluemt-bei-kanadas-premierminister-trudeau\/#primaryimage"},"thumbnailUrl":"https:\/\/now-news.de\/de\/wp-content\/uploads\/sites\/3\/2022\/11\/G20-Gipfel-Xi-Jinping-beschwert-sich-unverbluemt-bei-Kanadas-Premierminister-Trudeau.jpg","datePublished":"2022-11-16T18:42:30+00:00","dateModified":"2022-11-16T18:42:30+00:00","breadcrumb":{"@id":"https:\/\/now-news.de\/de\/deutschland\/g20-gipfel-xi-jinping-beschwert-sich-unverbluemt-bei-kanadas-premierminister-trudeau\/#breadcrumb"},"inLanguage":"de","potentialAction":[{"@type":"ReadAction","target":["https:\/\/now-news.de\/de\/deutschland\/g20-gipfel-xi-jinping-beschwert-sich-unverbluemt-bei-kanadas-premierminister-trudeau\/"]}]},{"@type":"ImageObject","inLanguage":"de","@id":"https:\/\/now-news.de\/de\/deutschland\/g20-gipfel-xi-jinping-beschwert-sich-unverbluemt-bei-kanadas-premierminister-trudeau\/#primaryimage","url":"https:\/\/now-news.de\/de\/wp-content\/uploads\/sites\/3\/2022\/11\/G20-Gipfel-Xi-Jinping-beschwert-sich-unverbluemt-bei-Kanadas-Premierminister-Trudeau.jpg","contentUrl":"https:\/\/now-news.de\/de\/wp-content\/uploads\/sites\/3\/2022\/11\/G20-Gipfel-Xi-Jinping-beschwert-sich-unverbluemt-bei-Kanadas-Premierminister-Trudeau.jpg","width":460,"height":259,"caption":"G20-Gipfel: Xi Jinping beschwert sich unverbl\u00fcmt bei Kanadas Premierminister Trudeau"},{"@type":"BreadcrumbList","@id":"https:\/\/now-news.de\/de\/deutschland\/g20-gipfel-xi-jinping-beschwert-sich-unverbluemt-bei-kanadas-premierminister-trudeau\/#breadcrumb","itemListElement":[{"@type":"ListItem","position":1,"name":"Home","item":"https:\/\/now-news.de\/de\/"},{"@type":"ListItem","position":2,"name":"G20-Gipfel: Xi Jinping beschwert sich unverbl\u00fcmt bei Kanadas Premierminister Trudeau"}]},{"@type":"WebSite","@id":"https:\/\/now-news.de\/de\/#website","url":"https:\/\/now-news.de\/de\/","name":"just-now.NEWS Deutschland","description":"Das Portal f\u00fcr unzensierte Nachrichten aus der Welt","publisher":{"@id":"https:\/\/now-news.de\/de\/#organization"},"potentialAction":[{"@type":"SearchAction","target":{"@type":"EntryPoint","urlTemplate":"https:\/\/now-news.de\/de\/?s={search_term_string}"},"query-input":"required name=search_term_string"}],"inLanguage":"de"},{"@type":"Organization","@id":"https:\/\/now-news.de\/de\/#organization","name":"Just Now News","url":"https:\/\/now-news.de\/de\/","logo":{"@type":"ImageObject","inLanguage":"de","@id":"https:\/\/now-news.de\/de\/#\/schema\/logo\/image\/","url":"http:\/\/just-now.news\/de\/wp-content\/uploads\/sites\/3\/2022\/04\/logo500x500.jpg","contentUrl":"http:\/\/just-now.news\/de\/wp-content\/uploads\/sites\/3\/2022\/04\/logo500x500.jpg","width":500,"height":500,"caption":"Just Now News"},"image":{"@id":"https:\/\/now-news.de\/de\/#\/schema\/logo\/image\/"},"sameAs":["https:\/\/www.facebook.com\/wirmachenauf","https:\/\/x.com\/WirMachenAuf_de"]},{"@type":"Person","@id":"https:\/\/now-news.de\/de\/#\/schema\/person\/fb534a4e865501d8b3285208df34a9b5","name":"rtnews","image":{"@type":"ImageObject","inLanguage":"de","@id":"https:\/\/now-news.de\/de\/#\/schema\/person\/image\/","url":"https:\/\/secure.gravatar.com\/avatar\/82aafea7d8127119dd649515f56e2117?s=96&d=mm&r=g","contentUrl":"https:\/\/secure.gravatar.com\/avatar\/82aafea7d8127119dd649515f56e2117?s=96&d=mm&r=g","caption":"rtnews"},"url":"https:\/\/now-news.de\/de\/author\/rnews\/"}]}},"_links":{"self":[{"href":"https:\/\/now-news.de\/de\/wp-json\/wp\/v2\/posts\/23340"}],"collection":[{"href":"https:\/\/now-news.de\/de\/wp-json\/wp\/v2\/posts"}],"about":[{"href":"https:\/\/now-news.de\/de\/wp-json\/wp\/v2\/types\/post"}],"author":[{"embeddable":true,"href":"https:\/\/now-news.de\/de\/wp-json\/wp\/v2\/users\/3"}],"replies":[{"embeddable":true,"href":"https:\/\/now-news.de\/de\/wp-json\/wp\/v2\/comments?post=23340"}],"version-history":[{"count":0,"href":"https:\/\/now-news.de\/de\/wp-json\/wp\/v2\/posts\/23340\/revisions"}],"wp:featuredmedia":[{"embeddable":true,"href":"https:\/\/now-news.de\/de\/wp-json\/wp\/v2\/media\/23341"}],"wp:attachment":[{"href":"https:\/\/now-news.de\/de\/wp-json\/wp\/v2\/media?parent=23340"}],"wp:term":[{"taxonomy":"category","embeddable":true,"href":"https:\/\/now-news.de\/de\/wp-json\/wp\/v2\/categories?post=23340"},{"taxonomy":"post_tag","embeddable":true,"href":"https:\/\/now-news.de\/de\/wp-json\/wp\/v2\/tags?post=23340"}],"curies":[{"name":"wp","href":"https:\/\/api.w.org\/{rel}","templated":true}]}}