{"id":23324,"date":"2022-11-16T18:47:47","date_gmt":"2022-11-16T16:47:47","guid":{"rendered":"http:\/\/just-now.news\/de\/deutschland\/informationskrieg-hat-iran-wirklich-15-000-demonstranten-zum-tode-verurteilt\/"},"modified":"2022-11-16T18:47:47","modified_gmt":"2022-11-16T16:47:47","slug":"informationskrieg-hat-iran-wirklich-15-000-demonstranten-zum-tode-verurteilt","status":"publish","type":"post","link":"https:\/\/now-news.de\/de\/deutschland\/informationskrieg-hat-iran-wirklich-15-000-demonstranten-zum-tode-verurteilt\/","title":{"rendered":"Informationskrieg: Hat Iran wirklich &quot;15.000 Demonstranten&quot; zum Tode verurteilt?"},"content":{"rendered":"<p><img decoding=\"async\" src=\"http:\/\/just-now.news\/de\/wp-content\/uploads\/sites\/3\/2022\/11\/6374ac7848fbef09f71775e5.jpg\" \/><\/p>\n<div class=\"Text-root Text-type_1 \">\n                Die angeblich kurz bevorstehende Hinrichtung von mindestens 15.000 Inhaftierten in Iran hat sich bereits als Fake News herausgestellt. An der \u00f6ffentlichen Darstellung von Iran wird das aber kaum etwas \u00e4ndern, da durch Medien spezielle Bilder aus Iran l\u00e4ngst erfolgreich in die K\u00f6pfe der Menschen im Westen eingepflanzt wurden.\n            <\/div>\n<p><\/p>\n<div class=\"Text-root Text-type_5 ArticleView-text ViewText-root \">\n<p><em>Eine Analyse von Seyed Alireza Mousavi<\/em><\/p>\n<p>In den letzten Tagen wurden die sozialen Medien mit nicht belegbaren Berichten \u00fcberschwemmt, in denen behauptet wurde, Iran habe mittlerweile \u2013 nach den j\u00fcngsten Protesten und gewaltt\u00e4tigen Ausschreitungen, die nach dem Tod von Mahsa Amini ausgel\u00f6st wurden \u2013, sage und schreibe 15.000 Demonstranten zum Tode verurteilt.<\/p>\n<p>Die selbsternannten <a rel=\"nofollow noopener\" target=\"_blank\" href=\"https:\/\/www.mdr.de\/nachrichten\/welt\/politik\/iran-proteste-todesstrafe-mohareb-100.html\">Leitmedien<\/a> in Deutschland\u00a0haben \u00fcbereinstimmend im Zuge der hybriden Kriegf\u00fchrung des Westens gegen Iran berichtet, dass\u00a0227 Abgeordnete im iranischen Parlament (mit 290 Abgeordneten) daf\u00fcr gestimmt h\u00e4tten, 15.000\u00a0Menschen der Protestierenden als &#8220;Muh\u0101raba&#8221;\u00a0(etwa: Krieger gegen Gott)\u00a0 zu verurteilen.\u00a0Eine solche Verurteilung ist in Iran mit einer der schwersten Bestrafungen belegt, die das Strafgesetz vorsieht, und dabei handelt sich um de facto um ein Todesurteil.<\/p>\n<p>Diese Behauptungen \u00fcber die angeblich bevorstehende &#8220;Massenhinrichtung&#8221; gehen gr\u00f6\u00dftenteils auf einen Bericht des im Vereinigten K\u00f6nigreich ans\u00e4ssigen und von Saudi-Arabien finanzierten Satellitensenders\u00a0<em>Iran<\/em>\u00a0<em>International<\/em> vom 6. November zur\u00fcck, der sich dabei auf einen von der Mehrheit der iranischen\u00a0Abgeordneten unterzeichneten Brief an die iranische Justiz bezog.<\/p>\n<div class=\"EmbedBlock-root EmbedBlock-twitter\">\n<div class=\"TwitterEmbed\">\n<blockquote class=\"twitter-tweet lazyload\" data-twitter=\"twitter-tweet\">\n<p lang=\"en\" dir=\"ltr\">227 members of the 290-seat Parliament of Iran have called on the Judiciary to issue death sentences for people arrested during the ongoing anti-government protests.<a rel=\"nofollow noopener\" target=\"_blank\" href=\"https:\/\/t.co\/iFQsRNZDUj\">https:\/\/t.co\/iFQsRNZDUj<\/a><a rel=\"nofollow noopener\" target=\"_blank\" href=\"https:\/\/t.co\/xau922a6ay\">pic.twitter.com\/xau922a6ay<\/a><\/p>\n<p>\u2014 Iran International English (@IranIntl_En) <a rel=\"nofollow noopener\" target=\"_blank\" href=\"https:\/\/twitter.com\/IranIntl_En\/status\/1589278793830645762?ref_src=twsrc%5Etfw\">November 6, 2022<\/a><\/p><\/blockquote>\n<\/div>\n<\/div>\n<p>In diesem Schreiben forderten 227 von 290\u00a0Abgeordneten die iranische Justiz auf, harte Strafen f\u00fcr die an den Unruhen Beteiligten zu erw\u00e4gen. Dabei ist jedoch einerseits\u00a0weder die Rede von der Zahl 15.000 der Protestierenden noch von der angeblichen Forderung nach deren Hinrichtung.\u00a0<\/p>\n<p>Die Abgeordneten des iranischen Parlaments forderten in dem <a rel=\"nofollow noopener\" target=\"_blank\" href=\"https:\/\/www.tasnimnews.com\/fa\/news\/1401\/08\/15\/2799821\/%D8%AF%D8%B1%D8%AE%D9%88%D8%A7%D8%B3%D8%AA-%D9%86%D9%85%D8%A7%DB%8C%D9%86%D8%AF%DA%AF%D8%A7%D9%86-%D8%A7%D8%B2-%D9%82%D9%88%D9%87-%D9%82%D8%B6%D8%A7%D8%A6%DB%8C%D9%87-%D8%A8%D8%B1%D8%A7%DB%8C-%D8%A8%D8%B1%D8%AE%D9%88%D8%B1%D8%AF-%D9%82%D8%A7%D8%B7%D8%B9-%D8%A8%D8%A7-%D8%AA%D8%AD%D8%B1%DB%8C%DA%A9-%DA%A9%D9%86%D9%86%D8%AF%DA%AF%D8%A7%D9%86-%D8%A7%D8%BA%D8%AA%D8%B4%D8%A7%D8%B4%D8%A7%D8%AA-%D8%A7%D8%AE%DB%8C%D8%B1\">Brief<\/a> lediglich von allen Staatsbeamten einschlie\u00dflich der Justiz, so schnell wie m\u00f6glich, also\u00a0in k\u00fcrzester Zeit diejenigen zur Rechenschaft zu ziehen, die in Iran wie anderswo bewaffnete IS-K\u00e4mpfer das Leben und das Eigentum von Menschen angegriffen hatten. Dabei ist auch anzumerken, dass dieser Brief insbesondere im Kontext des j\u00fcngsten IS-Terroranschlags\u00a0auf eine Pilgerst\u00e4tte in Iran verfasst worden war.\u00a0Die westlichen\u00a0Leitmedien jedoch haben in den letzten Tagen die Bedeutung dieses IS-Terroranschlags in Iran heruntergespielt, wobei bislang nicht einmal irgendein westlicher Spitzenpolitiker diesen Anschlag verurteilte.<\/p>\n<p>Inzwischen haben allerdings einige der betreffenden Medien ihre Fake News zur angeblichen Massenhinrichtung in Iran wieder gel\u00f6scht. An der \u00f6ffentlichen Wahrnehmung \u00fcber Iran wird das aber kaum etwas \u00e4ndern, da\u00a0durch Medien spezielle Bilder aus Iran l\u00e4ngst erfolgreich in die K\u00f6pfe der Menschen im Westen eingepflanzt wurden.<\/p>\n<div class=\"EmbedBlock-root EmbedBlock-twitter\">\n<div class=\"TwitterEmbed\">\n<blockquote class=\"twitter-tweet lazyload\" data-twitter=\"twitter-tweet\">\n<p lang=\"en\" dir=\"ltr\">You probably saw this viral Instagram post claiming that the Iranian government sentenced 15,000 protesters to death.The post got almost 900,000 likes before being taken down for false info but the incident proved how disinformation can be used to manufacture consent for war 1\/ <a rel=\"nofollow noopener\" target=\"_blank\" href=\"https:\/\/t.co\/pnQKwLafqP\">pic.twitter.com\/pnQKwLafqP<\/a><\/p>\n<p>\u2014 BreakThrough News (@BTnewsroom) <a rel=\"nofollow noopener\" target=\"_blank\" href=\"https:\/\/twitter.com\/BTnewsroom\/status\/1592647634355118080?ref_src=twsrc%5Etfw\">November 15, 2022<\/a><\/p><\/blockquote>\n<\/div>\n<\/div>\n<p>Hinzu kommt, dass in Wirklichkeit hat eine solche Anweisung in Teheran nicht stattgefunden hat, denn die Unterzeichnung eines solchen Briefes ist nirgendwo als Verabschiedung eines Gesetzes anzusehen. Au\u00dferdem erl\u00e4sst bekanntlich das iranische Parlament keine Urteile, da nach der iranischen Verfassung die Justiz auch in der Islamischen Republik Iran als eigenst\u00e4ndige Gewalt im Staate verankert ist.<\/p>\n<p>Viele westliche Pers\u00f6nlichkeiten des \u00f6ffentlichen Lebens \u2013 darunter auch der kanadische Premierminister Justin Trudeau oder Prominente wie Peter Frampton, Sophie Turner und Viola Davis \u2013 haben bereits erfolgreich &#8220;\u00d6l ins Feuer gegossen&#8221; und verbreiteten schamlos die neuesten Fake News gegen Iran.<\/p>\n<p>Bislang wurde nur ein Iraner in Bezug auf die j\u00fcngsten Unruhen in Iran zum Tode verurteilt.\u00a0Die Justizbeh\u00f6rden erkl\u00e4rten einem Bericht der staatlichen Nachrichtenagentur\u00a0<em>IRNA<\/em>\u00a0zufolge, ein &#8220;Unruhestifter&#8221; sei am Sonntag wegen Brandstiftung an einer staatlichen Einrichtung sowie Gef\u00e4hrdung der nationalen Sicherheit zum Tode verurteilt worden.<\/p>\n<p><strong>Mehr zum Thema<\/strong> &#8211; <a rel=\"nofollow noopener\" target=\"_blank\" href=\"https:\/\/de.rt.com\/meinung\/151961-syrisierung-irans-beitrag-deutschen-leitmedien\/\">&#8220;Syrisierung&#8221; Irans: Der Beitrag der deutschen Leitmedien zur US-Strategie<\/a><\/p>\n<\/div>\n<p><script async src=\"https:\/\/platform.twitter.com\/widgets.js\" charset=\"utf-8\"><\/script><br \/>\n<br \/><br \/>\n<br \/><a href=\"https:\/\/de.rt.com\/der-nahe-osten\/154520-informationskrieg-hat-iran-wirklich-15000\/\">Source link <\/a><\/p>\n","protected":false},"excerpt":{"rendered":"<p>Die angeblich kurz bevorstehende Hinrichtung von mindestens 15.000 Inhaftierten in Iran hat sich bereits als Fake News herausgestellt. An der \u00f6ffentlichen Darstellung von Iran wird das aber kaum etwas \u00e4ndern, da durch Medien spezielle Bilder aus Iran l\u00e4ngst erfolgreich in die K\u00f6pfe der Menschen im Westen eingepflanzt wurden. Eine Analyse von Seyed Alireza Mousavi In [&hellip;]<\/p>\n","protected":false},"author":3,"featured_media":23325,"comment_status":"open","ping_status":"open","sticky":false,"template":"","format":"standard","meta":{"wp_automatic_camp":["217"],"21421c370e26ce69c83140f7faabbaa6":["Informationskrieg: Hat Iran wirklich &quot;15.000 Demonstranten&quot; zum Tode verurteilt?"],"original_link":["https:\/\/de.rt.com\/der-nahe-osten\/154520-informationskrieg-hat-iran-wirklich-15000\/"],"_thumbnail_id":["23325"],"jnews_social_counter_last_update":["1777634069"]},"categories":[19,23],"tags":[34604,423,32988,1786,35982,9522,2006,4269,565],"yoast_head":"<!-- This site is optimized with the Yoast SEO Premium plugin v22.7 (Yoast SEO v22.7) - https:\/\/yoast.com\/wordpress\/plugins\/seo\/ -->\n<title>Informationskrieg: Hat Iran wirklich &quot;15.000 Demonstranten&quot; zum Tode verurteilt? - just-now.NEWS Deutschland<\/title>\n<meta name=\"robots\" content=\"index, follow, max-snippet:-1, max-image-preview:large, max-video-preview:-1\" \/>\n<link rel=\"canonical\" href=\"https:\/\/now-news.de\/de\/deutschland\/informationskrieg-hat-iran-wirklich-15-000-demonstranten-zum-tode-verurteilt\/\" \/>\n<meta property=\"og:locale\" content=\"de_DE\" \/>\n<meta property=\"og:type\" content=\"article\" \/>\n<meta property=\"og:title\" content=\"Informationskrieg: Hat Iran wirklich &quot;15.000 Demonstranten&quot; zum Tode verurteilt?\" \/>\n<meta property=\"og:description\" content=\"Die angeblich kurz bevorstehende Hinrichtung von mindestens 15.000 Inhaftierten in Iran hat sich bereits als Fake News herausgestellt. An der \u00f6ffentlichen Darstellung von Iran wird das aber kaum etwas \u00e4ndern, da durch Medien spezielle Bilder aus Iran l\u00e4ngst erfolgreich in die K\u00f6pfe der Menschen im Westen eingepflanzt wurden. Eine Analyse von Seyed Alireza Mousavi In [&hellip;]\" \/>\n<meta property=\"og:url\" content=\"https:\/\/now-news.de\/de\/deutschland\/informationskrieg-hat-iran-wirklich-15-000-demonstranten-zum-tode-verurteilt\/\" \/>\n<meta property=\"og:site_name\" content=\"just-now.NEWS Deutschland\" \/>\n<meta property=\"article:publisher\" content=\"https:\/\/www.facebook.com\/wirmachenauf\" \/>\n<meta property=\"article:published_time\" content=\"2022-11-16T16:47:47+00:00\" \/>\n<meta property=\"og:image\" content=\"https:\/\/now-news.de\/de\/wp-content\/uploads\/sites\/3\/2022\/11\/Informationskrieg-Hat-Iran-wirklich-quot15000-Demonstrantenquot-zum-Tode-verurteilt.jpg\" \/>\n\t<meta property=\"og:image:width\" content=\"460\" \/>\n\t<meta property=\"og:image:height\" content=\"259\" \/>\n\t<meta property=\"og:image:type\" content=\"image\/jpeg\" \/>\n<meta name=\"author\" content=\"rtnews\" \/>\n<meta name=\"twitter:card\" content=\"summary_large_image\" \/>\n<meta name=\"twitter:creator\" content=\"@WirMachenAuf_de\" \/>\n<meta name=\"twitter:site\" content=\"@WirMachenAuf_de\" \/>\n<meta name=\"twitter:label1\" content=\"Verfasst von\" \/>\n\t<meta name=\"twitter:data1\" content=\"rtnews\" \/>\n\t<meta name=\"twitter:label2\" content=\"Gesch\u00e4tzte Lesezeit\" \/>\n\t<meta name=\"twitter:data2\" content=\"3\u00a0Minuten\" \/>\n<script type=\"application\/ld+json\" class=\"yoast-schema-graph\">{\"@context\":\"https:\/\/schema.org\",\"@graph\":[{\"@type\":\"Article\",\"@id\":\"https:\/\/now-news.de\/de\/deutschland\/informationskrieg-hat-iran-wirklich-15-000-demonstranten-zum-tode-verurteilt\/#article\",\"isPartOf\":{\"@id\":\"https:\/\/now-news.de\/de\/deutschland\/informationskrieg-hat-iran-wirklich-15-000-demonstranten-zum-tode-verurteilt\/\"},\"author\":{\"name\":\"rtnews\",\"@id\":\"https:\/\/now-news.de\/de\/#\/schema\/person\/fb534a4e865501d8b3285208df34a9b5\"},\"headline\":\"Informationskrieg: Hat Iran wirklich &quot;15.000 Demonstranten&quot; zum Tode verurteilt?\",\"datePublished\":\"2022-11-16T16:47:47+00:00\",\"dateModified\":\"2022-11-16T16:47:47+00:00\",\"mainEntityOfPage\":{\"@id\":\"https:\/\/now-news.de\/de\/deutschland\/informationskrieg-hat-iran-wirklich-15-000-demonstranten-zum-tode-verurteilt\/\"},\"wordCount\":672,\"commentCount\":0,\"publisher\":{\"@id\":\"https:\/\/now-news.de\/de\/#organization\"},\"image\":{\"@id\":\"https:\/\/now-news.de\/de\/deutschland\/informationskrieg-hat-iran-wirklich-15-000-demonstranten-zum-tode-verurteilt\/#primaryimage\"},\"thumbnailUrl\":\"https:\/\/now-news.de\/de\/wp-content\/uploads\/sites\/3\/2022\/11\/Informationskrieg-Hat-Iran-wirklich-quot15000-Demonstrantenquot-zum-Tode-verurteilt.jpg\",\"keywords\":[\"Demonstrantenquot\",\"hat\",\"Informationskrieg\",\"Iran\",\"quot15000\",\"Tode\",\"verurteilt\",\"wirklich\",\"zum\"],\"articleSection\":[\"Deutschland\",\"Russland\"],\"inLanguage\":\"de\",\"potentialAction\":[{\"@type\":\"CommentAction\",\"name\":\"Comment\",\"target\":[\"https:\/\/now-news.de\/de\/deutschland\/informationskrieg-hat-iran-wirklich-15-000-demonstranten-zum-tode-verurteilt\/#respond\"]}]},{\"@type\":\"WebPage\",\"@id\":\"https:\/\/now-news.de\/de\/deutschland\/informationskrieg-hat-iran-wirklich-15-000-demonstranten-zum-tode-verurteilt\/\",\"url\":\"https:\/\/now-news.de\/de\/deutschland\/informationskrieg-hat-iran-wirklich-15-000-demonstranten-zum-tode-verurteilt\/\",\"name\":\"Informationskrieg: Hat Iran wirklich &quot;15.000 Demonstranten&quot; zum Tode verurteilt? - just-now.NEWS Deutschland\",\"isPartOf\":{\"@id\":\"https:\/\/now-news.de\/de\/#website\"},\"primaryImageOfPage\":{\"@id\":\"https:\/\/now-news.de\/de\/deutschland\/informationskrieg-hat-iran-wirklich-15-000-demonstranten-zum-tode-verurteilt\/#primaryimage\"},\"image\":{\"@id\":\"https:\/\/now-news.de\/de\/deutschland\/informationskrieg-hat-iran-wirklich-15-000-demonstranten-zum-tode-verurteilt\/#primaryimage\"},\"thumbnailUrl\":\"https:\/\/now-news.de\/de\/wp-content\/uploads\/sites\/3\/2022\/11\/Informationskrieg-Hat-Iran-wirklich-quot15000-Demonstrantenquot-zum-Tode-verurteilt.jpg\",\"datePublished\":\"2022-11-16T16:47:47+00:00\",\"dateModified\":\"2022-11-16T16:47:47+00:00\",\"breadcrumb\":{\"@id\":\"https:\/\/now-news.de\/de\/deutschland\/informationskrieg-hat-iran-wirklich-15-000-demonstranten-zum-tode-verurteilt\/#breadcrumb\"},\"inLanguage\":\"de\",\"potentialAction\":[{\"@type\":\"ReadAction\",\"target\":[\"https:\/\/now-news.de\/de\/deutschland\/informationskrieg-hat-iran-wirklich-15-000-demonstranten-zum-tode-verurteilt\/\"]}]},{\"@type\":\"ImageObject\",\"inLanguage\":\"de\",\"@id\":\"https:\/\/now-news.de\/de\/deutschland\/informationskrieg-hat-iran-wirklich-15-000-demonstranten-zum-tode-verurteilt\/#primaryimage\",\"url\":\"https:\/\/now-news.de\/de\/wp-content\/uploads\/sites\/3\/2022\/11\/Informationskrieg-Hat-Iran-wirklich-quot15000-Demonstrantenquot-zum-Tode-verurteilt.jpg\",\"contentUrl\":\"https:\/\/now-news.de\/de\/wp-content\/uploads\/sites\/3\/2022\/11\/Informationskrieg-Hat-Iran-wirklich-quot15000-Demonstrantenquot-zum-Tode-verurteilt.jpg\",\"width\":460,\"height\":259,\"caption\":\"Informationskrieg: Hat Iran wirklich &quot;15.000 Demonstranten&quot; zum Tode verurteilt?\"},{\"@type\":\"BreadcrumbList\",\"@id\":\"https:\/\/now-news.de\/de\/deutschland\/informationskrieg-hat-iran-wirklich-15-000-demonstranten-zum-tode-verurteilt\/#breadcrumb\",\"itemListElement\":[{\"@type\":\"ListItem\",\"position\":1,\"name\":\"Home\",\"item\":\"https:\/\/now-news.de\/de\/\"},{\"@type\":\"ListItem\",\"position\":2,\"name\":\"Informationskrieg: Hat Iran wirklich &quot;15.000 Demonstranten&quot; zum Tode verurteilt?\"}]},{\"@type\":\"WebSite\",\"@id\":\"https:\/\/now-news.de\/de\/#website\",\"url\":\"https:\/\/now-news.de\/de\/\",\"name\":\"just-now.NEWS Deutschland\",\"description\":\"Das Portal f\u00fcr unzensierte Nachrichten aus der Welt\",\"publisher\":{\"@id\":\"https:\/\/now-news.de\/de\/#organization\"},\"potentialAction\":[{\"@type\":\"SearchAction\",\"target\":{\"@type\":\"EntryPoint\",\"urlTemplate\":\"https:\/\/now-news.de\/de\/?s={search_term_string}\"},\"query-input\":\"required name=search_term_string\"}],\"inLanguage\":\"de\"},{\"@type\":\"Organization\",\"@id\":\"https:\/\/now-news.de\/de\/#organization\",\"name\":\"Just Now News\",\"url\":\"https:\/\/now-news.de\/de\/\",\"logo\":{\"@type\":\"ImageObject\",\"inLanguage\":\"de\",\"@id\":\"https:\/\/now-news.de\/de\/#\/schema\/logo\/image\/\",\"url\":\"http:\/\/just-now.news\/de\/wp-content\/uploads\/sites\/3\/2022\/04\/logo500x500.jpg\",\"contentUrl\":\"http:\/\/just-now.news\/de\/wp-content\/uploads\/sites\/3\/2022\/04\/logo500x500.jpg\",\"width\":500,\"height\":500,\"caption\":\"Just Now News\"},\"image\":{\"@id\":\"https:\/\/now-news.de\/de\/#\/schema\/logo\/image\/\"},\"sameAs\":[\"https:\/\/www.facebook.com\/wirmachenauf\",\"https:\/\/x.com\/WirMachenAuf_de\"]},{\"@type\":\"Person\",\"@id\":\"https:\/\/now-news.de\/de\/#\/schema\/person\/fb534a4e865501d8b3285208df34a9b5\",\"name\":\"rtnews\",\"image\":{\"@type\":\"ImageObject\",\"inLanguage\":\"de\",\"@id\":\"https:\/\/now-news.de\/de\/#\/schema\/person\/image\/\",\"url\":\"https:\/\/secure.gravatar.com\/avatar\/82aafea7d8127119dd649515f56e2117?s=96&d=mm&r=g\",\"contentUrl\":\"https:\/\/secure.gravatar.com\/avatar\/82aafea7d8127119dd649515f56e2117?s=96&d=mm&r=g\",\"caption\":\"rtnews\"},\"url\":\"https:\/\/now-news.de\/de\/author\/rnews\/\"}]}<\/script>\n<!-- \/ Yoast SEO Premium plugin. -->","yoast_head_json":{"title":"Informationskrieg: Hat Iran wirklich &quot;15.000 Demonstranten&quot; zum Tode verurteilt? - just-now.NEWS Deutschland","robots":{"index":"index","follow":"follow","max-snippet":"max-snippet:-1","max-image-preview":"max-image-preview:large","max-video-preview":"max-video-preview:-1"},"canonical":"https:\/\/now-news.de\/de\/deutschland\/informationskrieg-hat-iran-wirklich-15-000-demonstranten-zum-tode-verurteilt\/","og_locale":"de_DE","og_type":"article","og_title":"Informationskrieg: Hat Iran wirklich &quot;15.000 Demonstranten&quot; zum Tode verurteilt?","og_description":"Die angeblich kurz bevorstehende Hinrichtung von mindestens 15.000 Inhaftierten in Iran hat sich bereits als Fake News herausgestellt. An der \u00f6ffentlichen Darstellung von Iran wird das aber kaum etwas \u00e4ndern, da durch Medien spezielle Bilder aus Iran l\u00e4ngst erfolgreich in die K\u00f6pfe der Menschen im Westen eingepflanzt wurden. Eine Analyse von Seyed Alireza Mousavi In [&hellip;]","og_url":"https:\/\/now-news.de\/de\/deutschland\/informationskrieg-hat-iran-wirklich-15-000-demonstranten-zum-tode-verurteilt\/","og_site_name":"just-now.NEWS Deutschland","article_publisher":"https:\/\/www.facebook.com\/wirmachenauf","article_published_time":"2022-11-16T16:47:47+00:00","og_image":[{"width":460,"height":259,"url":"https:\/\/now-news.de\/de\/wp-content\/uploads\/sites\/3\/2022\/11\/Informationskrieg-Hat-Iran-wirklich-quot15000-Demonstrantenquot-zum-Tode-verurteilt.jpg","type":"image\/jpeg"}],"author":"rtnews","twitter_card":"summary_large_image","twitter_creator":"@WirMachenAuf_de","twitter_site":"@WirMachenAuf_de","twitter_misc":{"Verfasst von":"rtnews","Gesch\u00e4tzte Lesezeit":"3\u00a0Minuten"},"schema":{"@context":"https:\/\/schema.org","@graph":[{"@type":"Article","@id":"https:\/\/now-news.de\/de\/deutschland\/informationskrieg-hat-iran-wirklich-15-000-demonstranten-zum-tode-verurteilt\/#article","isPartOf":{"@id":"https:\/\/now-news.de\/de\/deutschland\/informationskrieg-hat-iran-wirklich-15-000-demonstranten-zum-tode-verurteilt\/"},"author":{"name":"rtnews","@id":"https:\/\/now-news.de\/de\/#\/schema\/person\/fb534a4e865501d8b3285208df34a9b5"},"headline":"Informationskrieg: Hat Iran wirklich &quot;15.000 Demonstranten&quot; zum Tode verurteilt?","datePublished":"2022-11-16T16:47:47+00:00","dateModified":"2022-11-16T16:47:47+00:00","mainEntityOfPage":{"@id":"https:\/\/now-news.de\/de\/deutschland\/informationskrieg-hat-iran-wirklich-15-000-demonstranten-zum-tode-verurteilt\/"},"wordCount":672,"commentCount":0,"publisher":{"@id":"https:\/\/now-news.de\/de\/#organization"},"image":{"@id":"https:\/\/now-news.de\/de\/deutschland\/informationskrieg-hat-iran-wirklich-15-000-demonstranten-zum-tode-verurteilt\/#primaryimage"},"thumbnailUrl":"https:\/\/now-news.de\/de\/wp-content\/uploads\/sites\/3\/2022\/11\/Informationskrieg-Hat-Iran-wirklich-quot15000-Demonstrantenquot-zum-Tode-verurteilt.jpg","keywords":["Demonstrantenquot","hat","Informationskrieg","Iran","quot15000","Tode","verurteilt","wirklich","zum"],"articleSection":["Deutschland","Russland"],"inLanguage":"de","potentialAction":[{"@type":"CommentAction","name":"Comment","target":["https:\/\/now-news.de\/de\/deutschland\/informationskrieg-hat-iran-wirklich-15-000-demonstranten-zum-tode-verurteilt\/#respond"]}]},{"@type":"WebPage","@id":"https:\/\/now-news.de\/de\/deutschland\/informationskrieg-hat-iran-wirklich-15-000-demonstranten-zum-tode-verurteilt\/","url":"https:\/\/now-news.de\/de\/deutschland\/informationskrieg-hat-iran-wirklich-15-000-demonstranten-zum-tode-verurteilt\/","name":"Informationskrieg: Hat Iran wirklich &quot;15.000 Demonstranten&quot; zum Tode verurteilt? - just-now.NEWS Deutschland","isPartOf":{"@id":"https:\/\/now-news.de\/de\/#website"},"primaryImageOfPage":{"@id":"https:\/\/now-news.de\/de\/deutschland\/informationskrieg-hat-iran-wirklich-15-000-demonstranten-zum-tode-verurteilt\/#primaryimage"},"image":{"@id":"https:\/\/now-news.de\/de\/deutschland\/informationskrieg-hat-iran-wirklich-15-000-demonstranten-zum-tode-verurteilt\/#primaryimage"},"thumbnailUrl":"https:\/\/now-news.de\/de\/wp-content\/uploads\/sites\/3\/2022\/11\/Informationskrieg-Hat-Iran-wirklich-quot15000-Demonstrantenquot-zum-Tode-verurteilt.jpg","datePublished":"2022-11-16T16:47:47+00:00","dateModified":"2022-11-16T16:47:47+00:00","breadcrumb":{"@id":"https:\/\/now-news.de\/de\/deutschland\/informationskrieg-hat-iran-wirklich-15-000-demonstranten-zum-tode-verurteilt\/#breadcrumb"},"inLanguage":"de","potentialAction":[{"@type":"ReadAction","target":["https:\/\/now-news.de\/de\/deutschland\/informationskrieg-hat-iran-wirklich-15-000-demonstranten-zum-tode-verurteilt\/"]}]},{"@type":"ImageObject","inLanguage":"de","@id":"https:\/\/now-news.de\/de\/deutschland\/informationskrieg-hat-iran-wirklich-15-000-demonstranten-zum-tode-verurteilt\/#primaryimage","url":"https:\/\/now-news.de\/de\/wp-content\/uploads\/sites\/3\/2022\/11\/Informationskrieg-Hat-Iran-wirklich-quot15000-Demonstrantenquot-zum-Tode-verurteilt.jpg","contentUrl":"https:\/\/now-news.de\/de\/wp-content\/uploads\/sites\/3\/2022\/11\/Informationskrieg-Hat-Iran-wirklich-quot15000-Demonstrantenquot-zum-Tode-verurteilt.jpg","width":460,"height":259,"caption":"Informationskrieg: Hat Iran wirklich &quot;15.000 Demonstranten&quot; zum Tode verurteilt?"},{"@type":"BreadcrumbList","@id":"https:\/\/now-news.de\/de\/deutschland\/informationskrieg-hat-iran-wirklich-15-000-demonstranten-zum-tode-verurteilt\/#breadcrumb","itemListElement":[{"@type":"ListItem","position":1,"name":"Home","item":"https:\/\/now-news.de\/de\/"},{"@type":"ListItem","position":2,"name":"Informationskrieg: Hat Iran wirklich &quot;15.000 Demonstranten&quot; zum Tode verurteilt?"}]},{"@type":"WebSite","@id":"https:\/\/now-news.de\/de\/#website","url":"https:\/\/now-news.de\/de\/","name":"just-now.NEWS Deutschland","description":"Das Portal f\u00fcr unzensierte Nachrichten aus der Welt","publisher":{"@id":"https:\/\/now-news.de\/de\/#organization"},"potentialAction":[{"@type":"SearchAction","target":{"@type":"EntryPoint","urlTemplate":"https:\/\/now-news.de\/de\/?s={search_term_string}"},"query-input":"required name=search_term_string"}],"inLanguage":"de"},{"@type":"Organization","@id":"https:\/\/now-news.de\/de\/#organization","name":"Just Now News","url":"https:\/\/now-news.de\/de\/","logo":{"@type":"ImageObject","inLanguage":"de","@id":"https:\/\/now-news.de\/de\/#\/schema\/logo\/image\/","url":"http:\/\/just-now.news\/de\/wp-content\/uploads\/sites\/3\/2022\/04\/logo500x500.jpg","contentUrl":"http:\/\/just-now.news\/de\/wp-content\/uploads\/sites\/3\/2022\/04\/logo500x500.jpg","width":500,"height":500,"caption":"Just Now News"},"image":{"@id":"https:\/\/now-news.de\/de\/#\/schema\/logo\/image\/"},"sameAs":["https:\/\/www.facebook.com\/wirmachenauf","https:\/\/x.com\/WirMachenAuf_de"]},{"@type":"Person","@id":"https:\/\/now-news.de\/de\/#\/schema\/person\/fb534a4e865501d8b3285208df34a9b5","name":"rtnews","image":{"@type":"ImageObject","inLanguage":"de","@id":"https:\/\/now-news.de\/de\/#\/schema\/person\/image\/","url":"https:\/\/secure.gravatar.com\/avatar\/82aafea7d8127119dd649515f56e2117?s=96&d=mm&r=g","contentUrl":"https:\/\/secure.gravatar.com\/avatar\/82aafea7d8127119dd649515f56e2117?s=96&d=mm&r=g","caption":"rtnews"},"url":"https:\/\/now-news.de\/de\/author\/rnews\/"}]}},"_links":{"self":[{"href":"https:\/\/now-news.de\/de\/wp-json\/wp\/v2\/posts\/23324"}],"collection":[{"href":"https:\/\/now-news.de\/de\/wp-json\/wp\/v2\/posts"}],"about":[{"href":"https:\/\/now-news.de\/de\/wp-json\/wp\/v2\/types\/post"}],"author":[{"embeddable":true,"href":"https:\/\/now-news.de\/de\/wp-json\/wp\/v2\/users\/3"}],"replies":[{"embeddable":true,"href":"https:\/\/now-news.de\/de\/wp-json\/wp\/v2\/comments?post=23324"}],"version-history":[{"count":0,"href":"https:\/\/now-news.de\/de\/wp-json\/wp\/v2\/posts\/23324\/revisions"}],"wp:featuredmedia":[{"embeddable":true,"href":"https:\/\/now-news.de\/de\/wp-json\/wp\/v2\/media\/23325"}],"wp:attachment":[{"href":"https:\/\/now-news.de\/de\/wp-json\/wp\/v2\/media?parent=23324"}],"wp:term":[{"taxonomy":"category","embeddable":true,"href":"https:\/\/now-news.de\/de\/wp-json\/wp\/v2\/categories?post=23324"},{"taxonomy":"post_tag","embeddable":true,"href":"https:\/\/now-news.de\/de\/wp-json\/wp\/v2\/tags?post=23324"}],"curies":[{"name":"wp","href":"https:\/\/api.w.org\/{rel}","templated":true}]}}