{"id":23303,"date":"2022-11-16T16:01:32","date_gmt":"2022-11-16T14:01:32","guid":{"rendered":"http:\/\/just-now.news\/de\/deutschland\/migrationswelle-aus-kuba-havanna-fordert-von-washington-massnahmen-gegen-illegale-einwanderung\/"},"modified":"2022-11-16T16:01:32","modified_gmt":"2022-11-16T14:01:32","slug":"migrationswelle-aus-kuba-havanna-fordert-von-washington-massnahmen-gegen-illegale-einwanderung","status":"publish","type":"post","link":"https:\/\/now-news.de\/de\/deutschland\/migrationswelle-aus-kuba-havanna-fordert-von-washington-massnahmen-gegen-illegale-einwanderung\/","title":{"rendered":"Migrationswelle aus Kuba: Havanna fordert von Washington Ma\u00dfnahmen gegen illegale Einwanderung"},"content":{"rendered":"<p><img decoding=\"async\" src=\"http:\/\/just-now.news\/de\/wp-content\/uploads\/sites\/3\/2022\/11\/6374e35048fbef35884891f1.jpg\" \/><\/p>\n<div class=\"Text-root Text-type_1 \">\n                Zum zweiten Mal binnen einer Woche haben sich Vertreter aus Kuba und den USA in Havanna getroffen, um die Umsetzung der bilateralen Abkommen im Bereich Migration zu pr\u00fcfen. Momentan sieht sich der Karibikstaat mit einer beispiellosen Auswanderungswelle konfrontiert.\n            <\/div>\n<p><\/p>\n<div class=\"Text-root Text-type_5 ArticleView-text ViewText-root \">\n<p>Vor dem Hintergrund einer gro\u00dfen Auswanderungswelle aus Kuba in die USA sind Vertreter beider L\u00e4nder zum zweiten Mal binnen einer Woche in Havanna zu Migrationsgespr\u00e4chen zusammengetroffen. Die Regierung des Karibikstaates rief Washington dazu auf, mit seinen Methoden aufzuh\u00f6ren, die nach Darstellung Havannas die illegale Migration beg\u00fcnstigten.\u00a0Als eine\u00a0dieser Praktiken nannten die Vertreter Kubas die Versch\u00e4rfung der jahrzehntelangen Blockade der Insel.\u00a0\u00a0<\/p>\n<p>Der kubanische Vize-Au\u00dfenminister Carlos Fern\u00e1ndez de Coss\u00edo zeigte sich nach der Gespr\u00e4chsrunde, bei der die Umsetzung der bilateralen Abkommen \u00fcber eine sichere und geregelte Migration gepr\u00fcft worden war, mit dem Dialog zufrieden. Trotzdem warf er seinen US-Amtskollegen vor, die illegale Auswanderung von der Insel zu f\u00f6rdern.<\/p>\n<blockquote>\n<p><em>&#8220;Es gibt keinen Zweifel daran, dass eine Politik, die sich darauf richtet, den Lebensstandard der Bev\u00f6lkerung zu senken, einen direkten Anreiz f\u00fcr die Migration darstellt.&#8221;<\/em><\/p>\n<\/blockquote>\n<p>Gleichzeitig lobte die kubanische Seite die Wiederaufnahme der konsularischen Dienstleistungen in der diplomatischen Vertretung der USA in Havanna als einen positiven Schritt.\u00a0Kuba erkl\u00e4rte sich auch bereit, erstmals seit Beginn der COVID-19-Pandemie wieder Fl\u00fcge mit abgeschobenen Kubanern aus den USA\u00a0zuzulassen.<\/p>\n<p>Bislang mussten kubanische B\u00fcrger, die ein Einreisevisum f\u00fcr die USA beantragen wollten, in ein Drittland reisen. Das war mit zus\u00e4tzlichen Kosten verbunden und spornte die illegale Migration an. Auch schwere wirtschaftliche Probleme trugen zur Auswanderungswelle bei. Allein zwischen Oktober 2021 und September 2022 wurden laut Statistiken des US-Grenzschutzes mehr als 220.000 Kubaner an der US-S\u00fcdgrenze aufgegriffen.<\/p>\n<p><strong>Mehr zum Thema<\/strong> &#8211;\u00a0<a rel=\"nofollow noopener\" target=\"_blank\" href=\"https:\/\/de.rt.com\/international\/153433-uno-verurteilt-mit-uberwaltigender-mehrheit\/\">UNO verurteilt mit \u00fcberw\u00e4ltigender Mehrheit US-Embargo gegen Kuba<\/a><\/p>\n<div class=\"EmbedBlock-root EmbedBlock-externalVideo EmbedBlock-vk\">\n<div class=\"VkEmbed\"><iframe class=\"lazyload\" data-src=\"https:\/\/vk.com\/video_ext.php?oid=-134310637&amp;id=456259815&amp;hash=8d8c1638a292110f\" frameborder=\"0\" width=\"853\" height=\"480\" allowfullscreen><\/iframe><\/div>\n<\/div>\n<\/div>\n<p><br \/>\n<br \/><a href=\"https:\/\/de.rt.com\/amerika\/154549-migrationswelle-aus-kuba\/\">Source link <\/a><\/p>\n","protected":false},"excerpt":{"rendered":"<p>Zum zweiten Mal binnen einer Woche haben sich Vertreter aus Kuba und den USA in Havanna getroffen, um die Umsetzung der bilateralen Abkommen im Bereich Migration zu pr\u00fcfen. Momentan sieht sich der Karibikstaat mit einer beispiellosen Auswanderungswelle konfrontiert. Vor dem Hintergrund einer gro\u00dfen Auswanderungswelle aus Kuba in die USA sind Vertreter beider L\u00e4nder zum zweiten [&hellip;]<\/p>\n","protected":false},"author":3,"featured_media":23304,"comment_status":"open","ping_status":"open","sticky":false,"template":"","format":"standard","meta":{"wp_automatic_camp":["217"],"7b98cdfbbcff32f61ee641cdff9901a4":["Migrationswelle aus Kuba: Havanna fordert von Washington Ma\u00dfnahmen gegen illegale Einwanderung"],"original_link":["https:\/\/de.rt.com\/amerika\/154549-migrationswelle-aus-kuba\/"],"_thumbnail_id":["23304"],"jnews_social_counter_last_update":["1777127937"]},"categories":[19,23],"tags":[679,35966,355,278,19021,7462,6958,6534,35965,50,1039],"yoast_head":"<!-- This site is optimized with the Yoast SEO Premium plugin v22.7 (Yoast SEO v22.7) - https:\/\/yoast.com\/wordpress\/plugins\/seo\/ -->\n<title>Migrationswelle aus Kuba: Havanna fordert von Washington Ma\u00dfnahmen gegen illegale Einwanderung - just-now.NEWS Deutschland<\/title>\n<meta name=\"robots\" content=\"index, follow, max-snippet:-1, max-image-preview:large, max-video-preview:-1\" \/>\n<link rel=\"canonical\" href=\"https:\/\/now-news.de\/de\/deutschland\/migrationswelle-aus-kuba-havanna-fordert-von-washington-massnahmen-gegen-illegale-einwanderung\/\" \/>\n<meta property=\"og:locale\" content=\"de_DE\" \/>\n<meta property=\"og:type\" content=\"article\" \/>\n<meta property=\"og:title\" content=\"Migrationswelle aus Kuba: Havanna fordert von Washington Ma\u00dfnahmen gegen illegale Einwanderung\" \/>\n<meta property=\"og:description\" content=\"Zum zweiten Mal binnen einer Woche haben sich Vertreter aus Kuba und den USA in Havanna getroffen, um die Umsetzung der bilateralen Abkommen im Bereich Migration zu pr\u00fcfen. Momentan sieht sich der Karibikstaat mit einer beispiellosen Auswanderungswelle konfrontiert. Vor dem Hintergrund einer gro\u00dfen Auswanderungswelle aus Kuba in die USA sind Vertreter beider L\u00e4nder zum zweiten [&hellip;]\" \/>\n<meta property=\"og:url\" content=\"https:\/\/now-news.de\/de\/deutschland\/migrationswelle-aus-kuba-havanna-fordert-von-washington-massnahmen-gegen-illegale-einwanderung\/\" \/>\n<meta property=\"og:site_name\" content=\"just-now.NEWS Deutschland\" \/>\n<meta property=\"article:publisher\" content=\"https:\/\/www.facebook.com\/wirmachenauf\" \/>\n<meta property=\"article:published_time\" content=\"2022-11-16T14:01:32+00:00\" \/>\n<meta property=\"og:image\" content=\"https:\/\/now-news.de\/de\/wp-content\/uploads\/sites\/3\/2022\/11\/Migrationswelle-aus-Kuba-Havanna-fordert-von-Washington-Massnahmen-gegen-illegale.jpg\" \/>\n\t<meta property=\"og:image:width\" content=\"460\" \/>\n\t<meta property=\"og:image:height\" content=\"259\" \/>\n\t<meta property=\"og:image:type\" content=\"image\/jpeg\" \/>\n<meta name=\"author\" content=\"rtnews\" \/>\n<meta name=\"twitter:card\" content=\"summary_large_image\" \/>\n<meta name=\"twitter:creator\" content=\"@WirMachenAuf_de\" \/>\n<meta name=\"twitter:site\" content=\"@WirMachenAuf_de\" \/>\n<meta name=\"twitter:label1\" content=\"Verfasst von\" \/>\n\t<meta name=\"twitter:data1\" content=\"rtnews\" \/>\n\t<meta name=\"twitter:label2\" content=\"Gesch\u00e4tzte Lesezeit\" \/>\n\t<meta name=\"twitter:data2\" content=\"2\u00a0Minuten\" \/>\n<script type=\"application\/ld+json\" class=\"yoast-schema-graph\">{\"@context\":\"https:\/\/schema.org\",\"@graph\":[{\"@type\":\"Article\",\"@id\":\"https:\/\/now-news.de\/de\/deutschland\/migrationswelle-aus-kuba-havanna-fordert-von-washington-massnahmen-gegen-illegale-einwanderung\/#article\",\"isPartOf\":{\"@id\":\"https:\/\/now-news.de\/de\/deutschland\/migrationswelle-aus-kuba-havanna-fordert-von-washington-massnahmen-gegen-illegale-einwanderung\/\"},\"author\":{\"name\":\"rtnews\",\"@id\":\"https:\/\/now-news.de\/de\/#\/schema\/person\/fb534a4e865501d8b3285208df34a9b5\"},\"headline\":\"Migrationswelle aus Kuba: Havanna fordert von Washington Ma\u00dfnahmen gegen illegale Einwanderung\",\"datePublished\":\"2022-11-16T14:01:32+00:00\",\"dateModified\":\"2022-11-16T14:01:32+00:00\",\"mainEntityOfPage\":{\"@id\":\"https:\/\/now-news.de\/de\/deutschland\/migrationswelle-aus-kuba-havanna-fordert-von-washington-massnahmen-gegen-illegale-einwanderung\/\"},\"wordCount\":314,\"commentCount\":0,\"publisher\":{\"@id\":\"https:\/\/now-news.de\/de\/#organization\"},\"image\":{\"@id\":\"https:\/\/now-news.de\/de\/deutschland\/migrationswelle-aus-kuba-havanna-fordert-von-washington-massnahmen-gegen-illegale-einwanderung\/#primaryimage\"},\"thumbnailUrl\":\"https:\/\/now-news.de\/de\/wp-content\/uploads\/sites\/3\/2022\/11\/Migrationswelle-aus-Kuba-Havanna-fordert-von-Washington-Massnahmen-gegen-illegale.jpg\",\"keywords\":[\"aus\",\"Einwanderung\",\"fordert\",\"gegen\",\"Havanna\",\"illegale\",\"Kuba\",\"Massnahmen\",\"Migrationswelle\",\"von\",\"Washington\"],\"articleSection\":[\"Deutschland\",\"Russland\"],\"inLanguage\":\"de\",\"potentialAction\":[{\"@type\":\"CommentAction\",\"name\":\"Comment\",\"target\":[\"https:\/\/now-news.de\/de\/deutschland\/migrationswelle-aus-kuba-havanna-fordert-von-washington-massnahmen-gegen-illegale-einwanderung\/#respond\"]}]},{\"@type\":\"WebPage\",\"@id\":\"https:\/\/now-news.de\/de\/deutschland\/migrationswelle-aus-kuba-havanna-fordert-von-washington-massnahmen-gegen-illegale-einwanderung\/\",\"url\":\"https:\/\/now-news.de\/de\/deutschland\/migrationswelle-aus-kuba-havanna-fordert-von-washington-massnahmen-gegen-illegale-einwanderung\/\",\"name\":\"Migrationswelle aus Kuba: Havanna fordert von Washington Ma\u00dfnahmen gegen illegale Einwanderung - just-now.NEWS Deutschland\",\"isPartOf\":{\"@id\":\"https:\/\/now-news.de\/de\/#website\"},\"primaryImageOfPage\":{\"@id\":\"https:\/\/now-news.de\/de\/deutschland\/migrationswelle-aus-kuba-havanna-fordert-von-washington-massnahmen-gegen-illegale-einwanderung\/#primaryimage\"},\"image\":{\"@id\":\"https:\/\/now-news.de\/de\/deutschland\/migrationswelle-aus-kuba-havanna-fordert-von-washington-massnahmen-gegen-illegale-einwanderung\/#primaryimage\"},\"thumbnailUrl\":\"https:\/\/now-news.de\/de\/wp-content\/uploads\/sites\/3\/2022\/11\/Migrationswelle-aus-Kuba-Havanna-fordert-von-Washington-Massnahmen-gegen-illegale.jpg\",\"datePublished\":\"2022-11-16T14:01:32+00:00\",\"dateModified\":\"2022-11-16T14:01:32+00:00\",\"breadcrumb\":{\"@id\":\"https:\/\/now-news.de\/de\/deutschland\/migrationswelle-aus-kuba-havanna-fordert-von-washington-massnahmen-gegen-illegale-einwanderung\/#breadcrumb\"},\"inLanguage\":\"de\",\"potentialAction\":[{\"@type\":\"ReadAction\",\"target\":[\"https:\/\/now-news.de\/de\/deutschland\/migrationswelle-aus-kuba-havanna-fordert-von-washington-massnahmen-gegen-illegale-einwanderung\/\"]}]},{\"@type\":\"ImageObject\",\"inLanguage\":\"de\",\"@id\":\"https:\/\/now-news.de\/de\/deutschland\/migrationswelle-aus-kuba-havanna-fordert-von-washington-massnahmen-gegen-illegale-einwanderung\/#primaryimage\",\"url\":\"https:\/\/now-news.de\/de\/wp-content\/uploads\/sites\/3\/2022\/11\/Migrationswelle-aus-Kuba-Havanna-fordert-von-Washington-Massnahmen-gegen-illegale.jpg\",\"contentUrl\":\"https:\/\/now-news.de\/de\/wp-content\/uploads\/sites\/3\/2022\/11\/Migrationswelle-aus-Kuba-Havanna-fordert-von-Washington-Massnahmen-gegen-illegale.jpg\",\"width\":460,\"height\":259,\"caption\":\"Migrationswelle aus Kuba: Havanna fordert von Washington Ma\u00dfnahmen gegen illegale Einwanderung\"},{\"@type\":\"BreadcrumbList\",\"@id\":\"https:\/\/now-news.de\/de\/deutschland\/migrationswelle-aus-kuba-havanna-fordert-von-washington-massnahmen-gegen-illegale-einwanderung\/#breadcrumb\",\"itemListElement\":[{\"@type\":\"ListItem\",\"position\":1,\"name\":\"Home\",\"item\":\"https:\/\/now-news.de\/de\/\"},{\"@type\":\"ListItem\",\"position\":2,\"name\":\"Migrationswelle aus Kuba: Havanna fordert von Washington Ma\u00dfnahmen gegen illegale Einwanderung\"}]},{\"@type\":\"WebSite\",\"@id\":\"https:\/\/now-news.de\/de\/#website\",\"url\":\"https:\/\/now-news.de\/de\/\",\"name\":\"just-now.NEWS Deutschland\",\"description\":\"Das Portal f\u00fcr unzensierte Nachrichten aus der Welt\",\"publisher\":{\"@id\":\"https:\/\/now-news.de\/de\/#organization\"},\"potentialAction\":[{\"@type\":\"SearchAction\",\"target\":{\"@type\":\"EntryPoint\",\"urlTemplate\":\"https:\/\/now-news.de\/de\/?s={search_term_string}\"},\"query-input\":\"required name=search_term_string\"}],\"inLanguage\":\"de\"},{\"@type\":\"Organization\",\"@id\":\"https:\/\/now-news.de\/de\/#organization\",\"name\":\"Just Now News\",\"url\":\"https:\/\/now-news.de\/de\/\",\"logo\":{\"@type\":\"ImageObject\",\"inLanguage\":\"de\",\"@id\":\"https:\/\/now-news.de\/de\/#\/schema\/logo\/image\/\",\"url\":\"http:\/\/just-now.news\/de\/wp-content\/uploads\/sites\/3\/2022\/04\/logo500x500.jpg\",\"contentUrl\":\"http:\/\/just-now.news\/de\/wp-content\/uploads\/sites\/3\/2022\/04\/logo500x500.jpg\",\"width\":500,\"height\":500,\"caption\":\"Just Now News\"},\"image\":{\"@id\":\"https:\/\/now-news.de\/de\/#\/schema\/logo\/image\/\"},\"sameAs\":[\"https:\/\/www.facebook.com\/wirmachenauf\",\"https:\/\/x.com\/WirMachenAuf_de\"]},{\"@type\":\"Person\",\"@id\":\"https:\/\/now-news.de\/de\/#\/schema\/person\/fb534a4e865501d8b3285208df34a9b5\",\"name\":\"rtnews\",\"image\":{\"@type\":\"ImageObject\",\"inLanguage\":\"de\",\"@id\":\"https:\/\/now-news.de\/de\/#\/schema\/person\/image\/\",\"url\":\"https:\/\/secure.gravatar.com\/avatar\/82aafea7d8127119dd649515f56e2117?s=96&d=mm&r=g\",\"contentUrl\":\"https:\/\/secure.gravatar.com\/avatar\/82aafea7d8127119dd649515f56e2117?s=96&d=mm&r=g\",\"caption\":\"rtnews\"},\"url\":\"https:\/\/now-news.de\/de\/author\/rnews\/\"}]}<\/script>\n<!-- \/ Yoast SEO Premium plugin. -->","yoast_head_json":{"title":"Migrationswelle aus Kuba: Havanna fordert von Washington Ma\u00dfnahmen gegen illegale Einwanderung - just-now.NEWS Deutschland","robots":{"index":"index","follow":"follow","max-snippet":"max-snippet:-1","max-image-preview":"max-image-preview:large","max-video-preview":"max-video-preview:-1"},"canonical":"https:\/\/now-news.de\/de\/deutschland\/migrationswelle-aus-kuba-havanna-fordert-von-washington-massnahmen-gegen-illegale-einwanderung\/","og_locale":"de_DE","og_type":"article","og_title":"Migrationswelle aus Kuba: Havanna fordert von Washington Ma\u00dfnahmen gegen illegale Einwanderung","og_description":"Zum zweiten Mal binnen einer Woche haben sich Vertreter aus Kuba und den USA in Havanna getroffen, um die Umsetzung der bilateralen Abkommen im Bereich Migration zu pr\u00fcfen. Momentan sieht sich der Karibikstaat mit einer beispiellosen Auswanderungswelle konfrontiert. Vor dem Hintergrund einer gro\u00dfen Auswanderungswelle aus Kuba in die USA sind Vertreter beider L\u00e4nder zum zweiten [&hellip;]","og_url":"https:\/\/now-news.de\/de\/deutschland\/migrationswelle-aus-kuba-havanna-fordert-von-washington-massnahmen-gegen-illegale-einwanderung\/","og_site_name":"just-now.NEWS Deutschland","article_publisher":"https:\/\/www.facebook.com\/wirmachenauf","article_published_time":"2022-11-16T14:01:32+00:00","og_image":[{"width":460,"height":259,"url":"https:\/\/now-news.de\/de\/wp-content\/uploads\/sites\/3\/2022\/11\/Migrationswelle-aus-Kuba-Havanna-fordert-von-Washington-Massnahmen-gegen-illegale.jpg","type":"image\/jpeg"}],"author":"rtnews","twitter_card":"summary_large_image","twitter_creator":"@WirMachenAuf_de","twitter_site":"@WirMachenAuf_de","twitter_misc":{"Verfasst von":"rtnews","Gesch\u00e4tzte Lesezeit":"2\u00a0Minuten"},"schema":{"@context":"https:\/\/schema.org","@graph":[{"@type":"Article","@id":"https:\/\/now-news.de\/de\/deutschland\/migrationswelle-aus-kuba-havanna-fordert-von-washington-massnahmen-gegen-illegale-einwanderung\/#article","isPartOf":{"@id":"https:\/\/now-news.de\/de\/deutschland\/migrationswelle-aus-kuba-havanna-fordert-von-washington-massnahmen-gegen-illegale-einwanderung\/"},"author":{"name":"rtnews","@id":"https:\/\/now-news.de\/de\/#\/schema\/person\/fb534a4e865501d8b3285208df34a9b5"},"headline":"Migrationswelle aus Kuba: Havanna fordert von Washington Ma\u00dfnahmen gegen illegale Einwanderung","datePublished":"2022-11-16T14:01:32+00:00","dateModified":"2022-11-16T14:01:32+00:00","mainEntityOfPage":{"@id":"https:\/\/now-news.de\/de\/deutschland\/migrationswelle-aus-kuba-havanna-fordert-von-washington-massnahmen-gegen-illegale-einwanderung\/"},"wordCount":314,"commentCount":0,"publisher":{"@id":"https:\/\/now-news.de\/de\/#organization"},"image":{"@id":"https:\/\/now-news.de\/de\/deutschland\/migrationswelle-aus-kuba-havanna-fordert-von-washington-massnahmen-gegen-illegale-einwanderung\/#primaryimage"},"thumbnailUrl":"https:\/\/now-news.de\/de\/wp-content\/uploads\/sites\/3\/2022\/11\/Migrationswelle-aus-Kuba-Havanna-fordert-von-Washington-Massnahmen-gegen-illegale.jpg","keywords":["aus","Einwanderung","fordert","gegen","Havanna","illegale","Kuba","Massnahmen","Migrationswelle","von","Washington"],"articleSection":["Deutschland","Russland"],"inLanguage":"de","potentialAction":[{"@type":"CommentAction","name":"Comment","target":["https:\/\/now-news.de\/de\/deutschland\/migrationswelle-aus-kuba-havanna-fordert-von-washington-massnahmen-gegen-illegale-einwanderung\/#respond"]}]},{"@type":"WebPage","@id":"https:\/\/now-news.de\/de\/deutschland\/migrationswelle-aus-kuba-havanna-fordert-von-washington-massnahmen-gegen-illegale-einwanderung\/","url":"https:\/\/now-news.de\/de\/deutschland\/migrationswelle-aus-kuba-havanna-fordert-von-washington-massnahmen-gegen-illegale-einwanderung\/","name":"Migrationswelle aus Kuba: Havanna fordert von Washington Ma\u00dfnahmen gegen illegale Einwanderung - just-now.NEWS Deutschland","isPartOf":{"@id":"https:\/\/now-news.de\/de\/#website"},"primaryImageOfPage":{"@id":"https:\/\/now-news.de\/de\/deutschland\/migrationswelle-aus-kuba-havanna-fordert-von-washington-massnahmen-gegen-illegale-einwanderung\/#primaryimage"},"image":{"@id":"https:\/\/now-news.de\/de\/deutschland\/migrationswelle-aus-kuba-havanna-fordert-von-washington-massnahmen-gegen-illegale-einwanderung\/#primaryimage"},"thumbnailUrl":"https:\/\/now-news.de\/de\/wp-content\/uploads\/sites\/3\/2022\/11\/Migrationswelle-aus-Kuba-Havanna-fordert-von-Washington-Massnahmen-gegen-illegale.jpg","datePublished":"2022-11-16T14:01:32+00:00","dateModified":"2022-11-16T14:01:32+00:00","breadcrumb":{"@id":"https:\/\/now-news.de\/de\/deutschland\/migrationswelle-aus-kuba-havanna-fordert-von-washington-massnahmen-gegen-illegale-einwanderung\/#breadcrumb"},"inLanguage":"de","potentialAction":[{"@type":"ReadAction","target":["https:\/\/now-news.de\/de\/deutschland\/migrationswelle-aus-kuba-havanna-fordert-von-washington-massnahmen-gegen-illegale-einwanderung\/"]}]},{"@type":"ImageObject","inLanguage":"de","@id":"https:\/\/now-news.de\/de\/deutschland\/migrationswelle-aus-kuba-havanna-fordert-von-washington-massnahmen-gegen-illegale-einwanderung\/#primaryimage","url":"https:\/\/now-news.de\/de\/wp-content\/uploads\/sites\/3\/2022\/11\/Migrationswelle-aus-Kuba-Havanna-fordert-von-Washington-Massnahmen-gegen-illegale.jpg","contentUrl":"https:\/\/now-news.de\/de\/wp-content\/uploads\/sites\/3\/2022\/11\/Migrationswelle-aus-Kuba-Havanna-fordert-von-Washington-Massnahmen-gegen-illegale.jpg","width":460,"height":259,"caption":"Migrationswelle aus Kuba: Havanna fordert von Washington Ma\u00dfnahmen gegen illegale Einwanderung"},{"@type":"BreadcrumbList","@id":"https:\/\/now-news.de\/de\/deutschland\/migrationswelle-aus-kuba-havanna-fordert-von-washington-massnahmen-gegen-illegale-einwanderung\/#breadcrumb","itemListElement":[{"@type":"ListItem","position":1,"name":"Home","item":"https:\/\/now-news.de\/de\/"},{"@type":"ListItem","position":2,"name":"Migrationswelle aus Kuba: Havanna fordert von Washington Ma\u00dfnahmen gegen illegale Einwanderung"}]},{"@type":"WebSite","@id":"https:\/\/now-news.de\/de\/#website","url":"https:\/\/now-news.de\/de\/","name":"just-now.NEWS Deutschland","description":"Das Portal f\u00fcr unzensierte Nachrichten aus der Welt","publisher":{"@id":"https:\/\/now-news.de\/de\/#organization"},"potentialAction":[{"@type":"SearchAction","target":{"@type":"EntryPoint","urlTemplate":"https:\/\/now-news.de\/de\/?s={search_term_string}"},"query-input":"required name=search_term_string"}],"inLanguage":"de"},{"@type":"Organization","@id":"https:\/\/now-news.de\/de\/#organization","name":"Just Now News","url":"https:\/\/now-news.de\/de\/","logo":{"@type":"ImageObject","inLanguage":"de","@id":"https:\/\/now-news.de\/de\/#\/schema\/logo\/image\/","url":"http:\/\/just-now.news\/de\/wp-content\/uploads\/sites\/3\/2022\/04\/logo500x500.jpg","contentUrl":"http:\/\/just-now.news\/de\/wp-content\/uploads\/sites\/3\/2022\/04\/logo500x500.jpg","width":500,"height":500,"caption":"Just Now News"},"image":{"@id":"https:\/\/now-news.de\/de\/#\/schema\/logo\/image\/"},"sameAs":["https:\/\/www.facebook.com\/wirmachenauf","https:\/\/x.com\/WirMachenAuf_de"]},{"@type":"Person","@id":"https:\/\/now-news.de\/de\/#\/schema\/person\/fb534a4e865501d8b3285208df34a9b5","name":"rtnews","image":{"@type":"ImageObject","inLanguage":"de","@id":"https:\/\/now-news.de\/de\/#\/schema\/person\/image\/","url":"https:\/\/secure.gravatar.com\/avatar\/82aafea7d8127119dd649515f56e2117?s=96&d=mm&r=g","contentUrl":"https:\/\/secure.gravatar.com\/avatar\/82aafea7d8127119dd649515f56e2117?s=96&d=mm&r=g","caption":"rtnews"},"url":"https:\/\/now-news.de\/de\/author\/rnews\/"}]}},"_links":{"self":[{"href":"https:\/\/now-news.de\/de\/wp-json\/wp\/v2\/posts\/23303"}],"collection":[{"href":"https:\/\/now-news.de\/de\/wp-json\/wp\/v2\/posts"}],"about":[{"href":"https:\/\/now-news.de\/de\/wp-json\/wp\/v2\/types\/post"}],"author":[{"embeddable":true,"href":"https:\/\/now-news.de\/de\/wp-json\/wp\/v2\/users\/3"}],"replies":[{"embeddable":true,"href":"https:\/\/now-news.de\/de\/wp-json\/wp\/v2\/comments?post=23303"}],"version-history":[{"count":0,"href":"https:\/\/now-news.de\/de\/wp-json\/wp\/v2\/posts\/23303\/revisions"}],"wp:featuredmedia":[{"embeddable":true,"href":"https:\/\/now-news.de\/de\/wp-json\/wp\/v2\/media\/23304"}],"wp:attachment":[{"href":"https:\/\/now-news.de\/de\/wp-json\/wp\/v2\/media?parent=23303"}],"wp:term":[{"taxonomy":"category","embeddable":true,"href":"https:\/\/now-news.de\/de\/wp-json\/wp\/v2\/categories?post=23303"},{"taxonomy":"post_tag","embeddable":true,"href":"https:\/\/now-news.de\/de\/wp-json\/wp\/v2\/tags?post=23303"}],"curies":[{"name":"wp","href":"https:\/\/api.w.org\/{rel}","templated":true}]}}