{"id":2329,"date":"2022-04-22T03:15:14","date_gmt":"2022-04-22T04:15:14","guid":{"rendered":"http:\/\/just-now.news\/de\/deutschland\/zur-entlastung-schmalerer-geldbeutel-sozialverbaende-fordern-absenkung-der-steuern-auf-lebensmittel\/"},"modified":"2022-04-22T03:15:14","modified_gmt":"2022-04-22T04:15:14","slug":"zur-entlastung-schmalerer-geldbeutel-sozialverbaende-fordern-absenkung-der-steuern-auf-lebensmittel","status":"publish","type":"post","link":"https:\/\/now-news.de\/de\/deutschland\/zur-entlastung-schmalerer-geldbeutel-sozialverbaende-fordern-absenkung-der-steuern-auf-lebensmittel\/","title":{"rendered":"Zur Entlastung schmalerer Geldbeutel: Sozialverb\u00e4nde fordern Absenkung der Steuern auf Lebensmittel"},"content":{"rendered":"<div class=\"Text-root Text-type_5 ArticleView-text ViewText-root \">\n<p>Die Teuerungsrate tobt, ein Gro\u00dfteil der Menschen spart bereits an fr\u00fcher allt\u00e4glichen Ausgaben. Viele wissen gar nicht mehr, wie sie f\u00fcr Wohnen, Ern\u00e4hrung und vor allem Heizen aufkommen sollen. Und die Tendenz der Belastung durch gestiegene Verbraucherpreise ist steigend: Hatten laut YouGov-Umfrage im Auftrag der Postbank <br \/>im Januar immerhin 11 Prozent der Menschen angegeben, dass sie kaum noch ihre Lebenshaltungskosten bestreiten k\u00f6nnen, waren es Ende M\u00e4rz schon 15,2 Prozent, also etwa jeder siebte Erwachsene in Deutschland. Zwei Drittel der 2.144 Befragten gaben an, dass sie ihre Ausgaben aufgrund der steigenden Preise bereits verringert h\u00e4tten.<\/p>\n<p>Die Sozialverb\u00e4nde wie auch Top-\u00d6konomen fordern <a target=\"_blank\" href=\"https:\/\/deutsch.rt.com\/wirtschaft\/136624-top-okonom-zu-inflation-anhebung-einkommen\/\" rel=\"noopener\">mehr Hilfe<\/a> f\u00fcr diejenigen Menschen, f\u00fcr\u00a0welche die Lebenshaltungskosten zu stark ansteigen. Laut der Pr\u00e4sidentin des Sozialverbands VdK, Verena Bentele, wissen vor allem Geringverdiener, Rentner und Menschen in der Grundsicherung gar nicht mehr, wie sie Lebensmittel oder die Stromrechnung bezahlen sollen.<\/p>\n<div class=\"ReadMore-root Section-root Section-is1to3-xs_is1to1\" data-widgets=\"ReadMore\" data-has-alias>\n<div class=\"Section-container Section-isRow-isTop-isWrap\">\n<article class=\"Card-root Card-is1to1 \">\n<div class=\"Card-imageWrap\">\n<div class=\"Card-picture\">\n<picture class=\"Picture-root Picture-default\"><!--[if IE 9]><video style=\"display: none;\"><![endif]--><source media=\"(-webkit-min-device-pixel-ratio: 2) and (min-resolution: 120dpi)\" data-srcset=\" \nhttps:\/\/cdni.russiatoday.com\/deutsch\/images\/2022.04\/thumbnail\/626056ddb480cc58567cb703.jpg 850w,\n                https:\/\/cdni.russiatoday.com\/deutsch\/images\/2022.04\/article\/626056ddb480cc58567cb703.jpg 1960w,\n            \" srcset=\"data:image\/png;base64,iVBORw0KGgoAAAANSUhEUgAAABAAAAAJCAQAAACRI2S5AAAAEElEQVR42mNkIAAYRxWAAQAG9gAKqv6+AwAAAABJRU5ErkJggg==\"><source data-srcset=\" \nhttps:\/\/cdni.russiatoday.com\/deutsch\/images\/2022.04\/thumbnail\/626056ddb480cc58567cb703.jpg 460w,\n              https:\/\/cdni.russiatoday.com\/deutsch\/images\/2022.04\/article\/626056ddb480cc58567cb703.jpg 980w,\n            \" srcset=\"data:image\/png;base64,iVBORw0KGgoAAAANSUhEUgAAABAAAAAJCAQAAACRI2S5AAAAEElEQVR42mNkIAAYRxWAAQAG9gAKqv6+AwAAAABJRU5ErkJggg==\"><!--[if IE 9]><\/video><![endif]--><\/source><\/source><\/picture><!-- noscript pattern --><noscript><img decoding=\"async\" src=\"https:\/\/cdni.russiatoday.com\/deutsch\/images\/2022.04\/article\/626056ddb480cc58567cb703.jpg\" alt='Top-\u00d6konom zu Inflation: Anhebung der Einkommen \"absolut notwendig\"'><\/noscript>    <\/div><\/div>\n<div class=\"Card-contentWrap\">\n<div class=\"Card-content\">\n<div class=\"Card-title\">\n<div class=\"HeaderNews-root HeaderNews-type_6 \">\n<p>            <a target=\"_blank\" href=\"https:\/\/de.rt.com\/wirtschaft\/136624-top-okonom-zu-inflation-anhebung-einkommen\/\" class=\"Link-root Link-isFullCard \" rel=\"noopener\"><br \/>\n                Top-\u00d6konom zu Inflation: Anhebung der Einkommen &#8220;absolut notwendig&#8221;<br \/>\n            <\/a><\/p><\/div><\/div><\/div><\/div>\n<\/article>\n<\/div><\/div>\n<p>Bentele betonte schon Anfang April, dass die Entlastungspakete der Regierung nicht ausreichten und warnte vor einer sich zunehmend verfestigenden Armut in Deutschland. Bereits fr\u00fcher kritisierte Bentele, dass seit vielen Jahren &#8220;bei den Schw\u00e4chsten der Gesellschaft&#8221; gespart werde und geplante Sonderausgaben\u00a0\u2013 vor allem im Hinblick auf die immensen R\u00fcstungsvorhaben\u00a0\u2013 nicht zulasten der Sozialausgaben gehen d\u00fcrften.<\/p>\n<p>Jetzt fordert sie zusammen mit anderen Experten eine Absenkung der Mehrwertsteuer f\u00fcr bestimmte Grundnahrungsmittel auf &#8220;null Prozent&#8221;. Die Bundesregierung solle neue EU-rechtliche M\u00f6glichkeiten daf\u00fcr ergreifen und den Steuersatz auf null Prozent setzen, verlangen neben dem Sozialverband VdK auch die Verbraucherzentralen und die Deutsche Diabetes Gesellschaft.<\/p>\n<p>Vor zwei Wochen ist eine \u00c4nderung der sogenannten <a target=\"_blank\" href=\"https:\/\/eur-lex.europa.eu\/legal-content\/DE\/TXT\/?uri=uriserv%3AOJ.L_.2022.107.01.0001.01.DEU&amp;toc=OJ%3AL%3A2022%3A107%3AFULL\" rel=\"noopener noreferrer\">EU-Mehrwertsteuersystemrichtlinie<\/a> in Kraft getreten. Sie legt gemeinsame Vorgaben f\u00fcr die Mehrwertsteuer fest: Der regul\u00e4re Steuersatz muss mindestens bei 15 Prozent liegen, der erm\u00e4\u00dfigte bei mindestens 5 Prozent. G\u00e4nzliche Steuerbefreiungen sind nur in bestimmten Bereichen m\u00f6glich \u2013 seit der \u00c4nderung nun auch bei Lebensmitteln und anderen G\u00fctern zur Abdeckung der Grundbed\u00fcrfnisse. In Deutschland liegt der Regelsatz bei 19 Prozent. Der reduzierte Satz von 7 Prozent subventioniert Produkte, die der Definition zufolge dem Gemeinwohl dienen sollen \u2013 darunter auch Grundnahrungsmittel wie Milch, Fleisch oder Backwaren. Der VdK fordert deshalb, die Mehrwertsteuer f\u00fcr Grundnahrungsmittel auf null Prozent zu senken.<\/p>\n<blockquote>\n<p><em>&#8220;Die Bundesregierung muss diese M\u00f6glichkeit, die es nun f\u00fcr alle EU-Mitgliedsstaaten gibt, voll aussch\u00f6pfen,&#8221;<\/em> so Bentele.<\/p>\n<\/blockquote>\n<p>Energie und auch Lebensmittel werden seit Monaten zusehends teurer. Im M\u00e4rz kosteten Nahrungsmittel nach Angaben des Statistischen Bundesamts 6,2 Prozent mehr als ein Jahr zuvor, die Preise f\u00fcr frisches Gem\u00fcse verzeichneten ein Plus von 14,8 Prozent. Eine Verringerung der Mehrwertsteuer f\u00fcr bestimmte Grundnahrungsmittel k\u00f6nnte vor allem Menschen mit geringen Einkommen unterst\u00fctzen.\u00a0Denn sie geben einen gr\u00f6\u00dferen Teil ihres monatlichen Einkommens f\u00fcr Lebensmittel aus als Menschen mit hohem Einkommen, wie das Deutsche Institut f\u00fcr Wirtschaftsforschung (DIW) erl\u00e4uterte. DIW-Pr\u00e4sident Marcel Fratzscher sagte der <em>Augsburger Allgemeinen<\/em>:<\/p>\n<blockquote>\n<p><em> &#8220;Die Bundesregierung sollte den reduzierten Mehrwertsteuersatz von sieben Prozent tempor\u00e4r abschaffen, da dadurch vor allem Lebensmittel und andere Dinge der Grundversorgung g\u00fcnstiger w\u00fcrden und den Menschen schnell und unb\u00fcrokratisch Hilfe zuk\u00e4me.&#8221;<\/em><\/p>\n<\/blockquote>\n<div class=\"ReadMore-root Section-root Section-is1to3-xs_is1to1\" data-widgets=\"ReadMore\" data-has-alias>\n<div class=\"Section-container Section-isRow-isTop-isWrap\">\n<article class=\"Card-root Card-is1to1 \">\n<div class=\"Card-imageWrap\">\n<div class=\"Card-picture\">\n<picture class=\"Picture-root Picture-default\"><!--[if IE 9]><video style=\"display: none;\"><![endif]--><source media=\"(-webkit-min-device-pixel-ratio: 2) and (min-resolution: 120dpi)\" data-srcset=\" \nhttps:\/\/cdni.russiatoday.com\/deutsch\/images\/2022.04\/thumbnail\/624f297eb480cc1a126b1e52.jpg 850w,\n                https:\/\/cdni.russiatoday.com\/deutsch\/images\/2022.04\/article\/624f297eb480cc1a126b1e52.jpg 1960w,\n            \" srcset=\"data:image\/png;base64,iVBORw0KGgoAAAANSUhEUgAAABAAAAAJCAQAAACRI2S5AAAAEElEQVR42mNkIAAYRxWAAQAG9gAKqv6+AwAAAABJRU5ErkJggg==\"><source data-srcset=\" \nhttps:\/\/cdni.russiatoday.com\/deutsch\/images\/2022.04\/thumbnail\/624f297eb480cc1a126b1e52.jpg 460w,\n              https:\/\/cdni.russiatoday.com\/deutsch\/images\/2022.04\/article\/624f297eb480cc1a126b1e52.jpg 980w,\n            \" srcset=\"data:image\/png;base64,iVBORw0KGgoAAAANSUhEUgAAABAAAAAJCAQAAACRI2S5AAAAEElEQVR42mNkIAAYRxWAAQAG9gAKqv6+AwAAAABJRU5ErkJggg==\"><!--[if IE 9]><\/video><![endif]--><img decoding=\"async\" data-sizes=\"auto\" src=\"data:image\/png;base64,iVBORw0KGgoAAAANSUhEUgAAABAAAAAJCAQAAACRI2S5AAAAEElEQVR42mNkIAAYRxWAAQAG9gAKqv6+AwAAAABJRU5ErkJggg==\" class=\"Picture-root Picture-default lazyload\" data-src=\"https:\/\/cdni.russiatoday.com\/deutsch\/images\/2022.04\/thumbnail\/624f297eb480cc1a126b1e52.jpg\" alt=\"Inflationshoch: Politikwissenschaftler warnt vor Verelendung der Armen\"><\/source><\/source><\/picture><!-- noscript pattern --><noscript><img decoding=\"async\" src=\"https:\/\/cdni.russiatoday.com\/deutsch\/images\/2022.04\/article\/624f297eb480cc1a126b1e52.jpg\" alt=\"Inflationshoch: Politikwissenschaftler warnt vor Verelendung der Armen\"><\/noscript>    <\/div><\/div>\n<div class=\"Card-contentWrap\">\n<div class=\"Card-content\">\n<div class=\"Card-title\">\n<div class=\"HeaderNews-root HeaderNews-type_6 \">\n<p>            <a target=\"_blank\" href=\"https:\/\/de.rt.com\/inland\/135700-inflationshoch-politikwissenschaftler-warnt-vor-verelendung\/\" class=\"Link-root Link-isFullCard \" rel=\"noopener\"><br \/>\n                Inflationshoch: Politikwissenschaftler warnt vor Verelendung der Armen<br \/>\n            <\/a><\/p><\/div><\/div><\/div><\/div>\n<\/article>\n<\/div><\/div>\n<p>Der Politologe und Armutsforscher Christoph Butterwegge h\u00e4lt eine generelle Absenkung der Mehrwertsteuer f\u00fcr zu wenig zielf\u00fchrend, da sich in der Corona-Krise gezeigt habe, dass dies vor allem bei gro\u00dfen Anschaffungen \u2013 also solchen, die nur Menschen mit ohnehin hohem Einkommen oder Verm\u00f6gen t\u00e4tigen k\u00f6nnen \u2013 nennenswerte Entlastung gebracht hat. Im Corona-Jahr 2020 wurde die Mehrwertsteuer zeitweise von 19 auf 16 und der erm\u00e4\u00dfigte Satz von sieben auf f\u00fcnf Prozent gesenkt. Laut Butterwegge h\u00e4tten einkommensschache Haushalte vielleicht ein paar Cent gespart, wenn die Steuersenkung vom Handel \u00fcberhaupt weitergegeben wurde. &#8220;Einen echten Vorteil hatten aber Menschen, die sich einen SUV oder eine teure Designk\u00fcche gekauft haben. Bei einer solchen Anschaffung lag die steuerliche Ersparnis manchmal bei mehreren tausend Euro&#8221;,\u00a0<a target=\"_blank\" href=\"https:\/\/www.swr.de\/swraktuell\/baden-wuerttemberg\/interview-armutsforscher-butterwegge-steigende-preise-armut-kinder-in-bw-100.html\" rel=\"noopener noreferrer\">erkl\u00e4rte<\/a> Butterwegge im Interview mit dem <em>SWR<\/em>.<\/p>\n<p>Der Verbraucherzentrale Bundesverband sprach sich f\u00fcr eine v\u00f6llige Abschaffung der Mehrwertsteuer speziell bei Obst, Gem\u00fcse und H\u00fclsenfr\u00fcchten aus. Dies w\u00fcrde die Auswirkungen steigender Preise abfedern, was aktuell gerade f\u00fcr Haushalte mit niedrigem Einkommen wichtig sei, sagte Lebensmittel-Referentin Christiane Seidel. Auch die Gesch\u00e4ftsf\u00fchrerin der Deutschen Diabetes Gesellschaft, Barbara Bitzer, fordert, die Bundesregierung m\u00fcsse die neuen rechtlichen Spielr\u00e4ume nutzen und die Mehrwertsteuer f\u00fcr Gem\u00fcse und Obst abschaffen.\u00a0Mit Hinblick auf die Gesundheit der Verbraucher verwies sie auf die M\u00f6glichkeit, die Kosten an anderer Stelle ein St\u00fcck weit auszugleichen, indem &#8220;die Hersteller \u00fcberzuckerter Getr\u00e4nke&#8221; zur Kasse gebeten werden.<\/p>\n<blockquote>\n<p><em> &#8220;Zuckergetr\u00e4nke sind ein wesentlicher Treiber f\u00fcr Adipositas und Diabetes.&#8221;<\/em><\/p>\n<\/blockquote>\n<p>Die Hersteller br\u00e4uchten wirksame Anreize, den Zuckergehalt zu reduzieren.\u00a0Dass die von der fr\u00fcheren zust\u00e4ndigen Ministerin Kl\u00f6ckner verordnete <a target=\"_blank\" href=\"https:\/\/deutsch.rt.com\/inland\/89453-geschmacklos-nestle-soll-zucker-und-fett-nicht-reduziert-haben\/\" rel=\"noopener\">Freiwilligkeit<\/a> nicht funktioniert, haben verschiedene Verbrauchersch\u00fctzer und Organisationen wie <a target=\"_blank\" href=\"https:\/\/deutsch.rt.com\/inland\/112703-foodwatch-verklagt-agrarministerin-kloeckner-wegen-geheimer-lobbytreffen\/\" rel=\"noopener\">Foodwatch<\/a> seit langem aufgezeigt. In den USA starben zuletzt j\u00e4hrlich\u00a0100.000 Menschen an Diabetes. Ein immer st\u00e4rker um sich greifendes Volksleiden, das mit j\u00e4hrlichen Kosten in H\u00f6he von 293\u00a0Milliarden Euro zur <a target=\"_blank\" href=\"https:\/\/elemental.medium.com\/biohackers-with-diabetes-are-making-their-own-insulin-edbfbea8386d\" rel=\"noopener noreferrer\">teuersten Krankheit<\/a> geworden ist, die vor allem\u00a0einkommensschwache Haushalte trifft. Vor allem aber d\u00fcrfe eine gesunde Ern\u00e4hrung keine Frage des Geldbeutels sein, betonte Bitzer.<\/p>\n<p><strong>Mehr zum Thema<\/strong> &#8211; <a target=\"_blank\" href=\"https:\/\/deutsch.rt.com\/gesellschaft\/128026-gefahr-nahrungsmittelmangels-ist-jetzt-global\/\" rel=\"noopener\">Die Gefahr des Nahrungsmittelmangels ist jetzt global<\/a><\/p>\n<\/div>\n<p><br \/>\n<br \/><a href=\"https:\/\/de.rt.com\/inland\/136698-zur-entlastung-schmalerer-geldbeutel-sozialverbande\/\">Source link <\/a><\/p>\n","protected":false},"excerpt":{"rendered":"<p>Die Teuerungsrate tobt, ein Gro\u00dfteil der Menschen spart bereits an fr\u00fcher allt\u00e4glichen Ausgaben. Viele wissen gar nicht mehr, wie sie f\u00fcr Wohnen, Ern\u00e4hrung und vor allem Heizen aufkommen sollen. Und die Tendenz der Belastung durch gestiegene Verbraucherpreise ist steigend: Hatten laut YouGov-Umfrage im Auftrag der Postbank im Januar immerhin 11 Prozent der Menschen angegeben, dass [&hellip;]<\/p>\n","protected":false},"author":3,"featured_media":2330,"comment_status":"open","ping_status":"open","sticky":false,"template":"","format":"standard","meta":{"wp_automatic_camp":["217"],"95c16a3995ac5dd3723b4deabf87d400":["Zur Entlastung schmalerer Geldbeutel: Sozialverb\u00e4nde fordern Absenkung der Steuern auf Lebensmittel"],"original_link":["https:\/\/de.rt.com\/inland\/136698-zur-entlastung-schmalerer-geldbeutel-sozialverbande\/"],"_thumbnail_id":["2330"],"wp_automatic_remove_first_image":["yes"],"_wptg_p2tg_sent2tg":["2022-04-22 03:23:48"],"jnews_social_counter_last_update":["1777205085"]},"categories":[19,23],"tags":[6693,133,82,6690,3657,6692,5651,6691,1300,4485,581],"yoast_head":"<!-- This site is optimized with the Yoast SEO Premium plugin v22.7 (Yoast SEO v22.7) - https:\/\/yoast.com\/wordpress\/plugins\/seo\/ -->\n<title>Zur Entlastung schmalerer Geldbeutel: Sozialverb\u00e4nde fordern Absenkung der Steuern auf Lebensmittel - just-now.NEWS Deutschland<\/title>\n<meta name=\"robots\" content=\"index, follow, max-snippet:-1, max-image-preview:large, max-video-preview:-1\" \/>\n<link rel=\"canonical\" href=\"https:\/\/now-news.de\/de\/deutschland\/zur-entlastung-schmalerer-geldbeutel-sozialverbaende-fordern-absenkung-der-steuern-auf-lebensmittel\/\" \/>\n<meta property=\"og:locale\" content=\"de_DE\" \/>\n<meta property=\"og:type\" content=\"article\" \/>\n<meta property=\"og:title\" content=\"Zur Entlastung schmalerer Geldbeutel: Sozialverb\u00e4nde fordern Absenkung der Steuern auf Lebensmittel\" \/>\n<meta property=\"og:description\" content=\"Die Teuerungsrate tobt, ein Gro\u00dfteil der Menschen spart bereits an fr\u00fcher allt\u00e4glichen Ausgaben. Viele wissen gar nicht mehr, wie sie f\u00fcr Wohnen, Ern\u00e4hrung und vor allem Heizen aufkommen sollen. Und die Tendenz der Belastung durch gestiegene Verbraucherpreise ist steigend: Hatten laut YouGov-Umfrage im Auftrag der Postbank im Januar immerhin 11 Prozent der Menschen angegeben, dass [&hellip;]\" \/>\n<meta property=\"og:url\" content=\"https:\/\/now-news.de\/de\/deutschland\/zur-entlastung-schmalerer-geldbeutel-sozialverbaende-fordern-absenkung-der-steuern-auf-lebensmittel\/\" \/>\n<meta property=\"og:site_name\" content=\"just-now.NEWS Deutschland\" \/>\n<meta property=\"article:publisher\" content=\"https:\/\/www.facebook.com\/wirmachenauf\" \/>\n<meta property=\"article:published_time\" content=\"2022-04-22T04:15:14+00:00\" \/>\n<meta property=\"og:image\" content=\"https:\/\/now-news.de\/de\/wp-content\/uploads\/sites\/3\/2022\/04\/Zur-Entlastung-schmalerer-Geldbeutel-Sozialverbaende-fordern-Absenkung-der-Steuern-auf.jpg\" \/>\n\t<meta property=\"og:image:width\" content=\"1104\" \/>\n\t<meta property=\"og:image:height\" content=\"622\" \/>\n\t<meta property=\"og:image:type\" content=\"image\/jpeg\" \/>\n<meta name=\"author\" content=\"rtnews\" \/>\n<meta name=\"twitter:card\" content=\"summary_large_image\" \/>\n<meta name=\"twitter:creator\" content=\"@WirMachenAuf_de\" \/>\n<meta name=\"twitter:site\" content=\"@WirMachenAuf_de\" \/>\n<meta name=\"twitter:label1\" content=\"Verfasst von\" \/>\n\t<meta name=\"twitter:data1\" content=\"rtnews\" \/>\n\t<meta name=\"twitter:label2\" content=\"Gesch\u00e4tzte Lesezeit\" \/>\n\t<meta name=\"twitter:data2\" content=\"4\u00a0Minuten\" \/>\n<script type=\"application\/ld+json\" class=\"yoast-schema-graph\">{\"@context\":\"https:\/\/schema.org\",\"@graph\":[{\"@type\":\"Article\",\"@id\":\"https:\/\/now-news.de\/de\/deutschland\/zur-entlastung-schmalerer-geldbeutel-sozialverbaende-fordern-absenkung-der-steuern-auf-lebensmittel\/#article\",\"isPartOf\":{\"@id\":\"https:\/\/now-news.de\/de\/deutschland\/zur-entlastung-schmalerer-geldbeutel-sozialverbaende-fordern-absenkung-der-steuern-auf-lebensmittel\/\"},\"author\":{\"name\":\"rtnews\",\"@id\":\"https:\/\/now-news.de\/de\/#\/schema\/person\/fb534a4e865501d8b3285208df34a9b5\"},\"headline\":\"Zur Entlastung schmalerer Geldbeutel: Sozialverb\u00e4nde fordern Absenkung der Steuern auf Lebensmittel\",\"datePublished\":\"2022-04-22T04:15:14+00:00\",\"dateModified\":\"2022-04-22T04:15:14+00:00\",\"mainEntityOfPage\":{\"@id\":\"https:\/\/now-news.de\/de\/deutschland\/zur-entlastung-schmalerer-geldbeutel-sozialverbaende-fordern-absenkung-der-steuern-auf-lebensmittel\/\"},\"wordCount\":897,\"commentCount\":0,\"publisher\":{\"@id\":\"https:\/\/now-news.de\/de\/#organization\"},\"image\":{\"@id\":\"https:\/\/now-news.de\/de\/deutschland\/zur-entlastung-schmalerer-geldbeutel-sozialverbaende-fordern-absenkung-der-steuern-auf-lebensmittel\/#primaryimage\"},\"thumbnailUrl\":\"https:\/\/now-news.de\/de\/wp-content\/uploads\/sites\/3\/2022\/04\/Zur-Entlastung-schmalerer-Geldbeutel-Sozialverbaende-fordern-Absenkung-der-Steuern-auf.jpg\",\"keywords\":[\"Absenkung\",\"AUF\",\"der\",\"Entlastung\",\"f\u00f6rdern\",\"Geldbeutel\",\"Lebensmittel\",\"schmalerer\",\"Sozialverb\u00e4nde\",\"Steuern\",\"zur\"],\"articleSection\":[\"Deutschland\",\"Russland\"],\"inLanguage\":\"de\",\"potentialAction\":[{\"@type\":\"CommentAction\",\"name\":\"Comment\",\"target\":[\"https:\/\/now-news.de\/de\/deutschland\/zur-entlastung-schmalerer-geldbeutel-sozialverbaende-fordern-absenkung-der-steuern-auf-lebensmittel\/#respond\"]}]},{\"@type\":\"WebPage\",\"@id\":\"https:\/\/now-news.de\/de\/deutschland\/zur-entlastung-schmalerer-geldbeutel-sozialverbaende-fordern-absenkung-der-steuern-auf-lebensmittel\/\",\"url\":\"https:\/\/now-news.de\/de\/deutschland\/zur-entlastung-schmalerer-geldbeutel-sozialverbaende-fordern-absenkung-der-steuern-auf-lebensmittel\/\",\"name\":\"Zur Entlastung schmalerer Geldbeutel: Sozialverb\u00e4nde fordern Absenkung der Steuern auf Lebensmittel - just-now.NEWS Deutschland\",\"isPartOf\":{\"@id\":\"https:\/\/now-news.de\/de\/#website\"},\"primaryImageOfPage\":{\"@id\":\"https:\/\/now-news.de\/de\/deutschland\/zur-entlastung-schmalerer-geldbeutel-sozialverbaende-fordern-absenkung-der-steuern-auf-lebensmittel\/#primaryimage\"},\"image\":{\"@id\":\"https:\/\/now-news.de\/de\/deutschland\/zur-entlastung-schmalerer-geldbeutel-sozialverbaende-fordern-absenkung-der-steuern-auf-lebensmittel\/#primaryimage\"},\"thumbnailUrl\":\"https:\/\/now-news.de\/de\/wp-content\/uploads\/sites\/3\/2022\/04\/Zur-Entlastung-schmalerer-Geldbeutel-Sozialverbaende-fordern-Absenkung-der-Steuern-auf.jpg\",\"datePublished\":\"2022-04-22T04:15:14+00:00\",\"dateModified\":\"2022-04-22T04:15:14+00:00\",\"breadcrumb\":{\"@id\":\"https:\/\/now-news.de\/de\/deutschland\/zur-entlastung-schmalerer-geldbeutel-sozialverbaende-fordern-absenkung-der-steuern-auf-lebensmittel\/#breadcrumb\"},\"inLanguage\":\"de\",\"potentialAction\":[{\"@type\":\"ReadAction\",\"target\":[\"https:\/\/now-news.de\/de\/deutschland\/zur-entlastung-schmalerer-geldbeutel-sozialverbaende-fordern-absenkung-der-steuern-auf-lebensmittel\/\"]}]},{\"@type\":\"ImageObject\",\"inLanguage\":\"de\",\"@id\":\"https:\/\/now-news.de\/de\/deutschland\/zur-entlastung-schmalerer-geldbeutel-sozialverbaende-fordern-absenkung-der-steuern-auf-lebensmittel\/#primaryimage\",\"url\":\"https:\/\/now-news.de\/de\/wp-content\/uploads\/sites\/3\/2022\/04\/Zur-Entlastung-schmalerer-Geldbeutel-Sozialverbaende-fordern-Absenkung-der-Steuern-auf.jpg\",\"contentUrl\":\"https:\/\/now-news.de\/de\/wp-content\/uploads\/sites\/3\/2022\/04\/Zur-Entlastung-schmalerer-Geldbeutel-Sozialverbaende-fordern-Absenkung-der-Steuern-auf.jpg\",\"width\":1104,\"height\":622,\"caption\":\"Zur Entlastung schmalerer Geldbeutel: Sozialverb\u00e4nde fordern Absenkung der Steuern auf Lebensmittel\"},{\"@type\":\"BreadcrumbList\",\"@id\":\"https:\/\/now-news.de\/de\/deutschland\/zur-entlastung-schmalerer-geldbeutel-sozialverbaende-fordern-absenkung-der-steuern-auf-lebensmittel\/#breadcrumb\",\"itemListElement\":[{\"@type\":\"ListItem\",\"position\":1,\"name\":\"Home\",\"item\":\"https:\/\/now-news.de\/de\/\"},{\"@type\":\"ListItem\",\"position\":2,\"name\":\"Zur Entlastung schmalerer Geldbeutel: Sozialverb\u00e4nde fordern Absenkung der Steuern auf Lebensmittel\"}]},{\"@type\":\"WebSite\",\"@id\":\"https:\/\/now-news.de\/de\/#website\",\"url\":\"https:\/\/now-news.de\/de\/\",\"name\":\"just-now.NEWS Deutschland\",\"description\":\"Das Portal f\u00fcr unzensierte Nachrichten aus der Welt\",\"publisher\":{\"@id\":\"https:\/\/now-news.de\/de\/#organization\"},\"potentialAction\":[{\"@type\":\"SearchAction\",\"target\":{\"@type\":\"EntryPoint\",\"urlTemplate\":\"https:\/\/now-news.de\/de\/?s={search_term_string}\"},\"query-input\":\"required name=search_term_string\"}],\"inLanguage\":\"de\"},{\"@type\":\"Organization\",\"@id\":\"https:\/\/now-news.de\/de\/#organization\",\"name\":\"Just Now News\",\"url\":\"https:\/\/now-news.de\/de\/\",\"logo\":{\"@type\":\"ImageObject\",\"inLanguage\":\"de\",\"@id\":\"https:\/\/now-news.de\/de\/#\/schema\/logo\/image\/\",\"url\":\"http:\/\/just-now.news\/de\/wp-content\/uploads\/sites\/3\/2022\/04\/logo500x500.jpg\",\"contentUrl\":\"http:\/\/just-now.news\/de\/wp-content\/uploads\/sites\/3\/2022\/04\/logo500x500.jpg\",\"width\":500,\"height\":500,\"caption\":\"Just Now News\"},\"image\":{\"@id\":\"https:\/\/now-news.de\/de\/#\/schema\/logo\/image\/\"},\"sameAs\":[\"https:\/\/www.facebook.com\/wirmachenauf\",\"https:\/\/x.com\/WirMachenAuf_de\"]},{\"@type\":\"Person\",\"@id\":\"https:\/\/now-news.de\/de\/#\/schema\/person\/fb534a4e865501d8b3285208df34a9b5\",\"name\":\"rtnews\",\"image\":{\"@type\":\"ImageObject\",\"inLanguage\":\"de\",\"@id\":\"https:\/\/now-news.de\/de\/#\/schema\/person\/image\/\",\"url\":\"https:\/\/secure.gravatar.com\/avatar\/82aafea7d8127119dd649515f56e2117?s=96&d=mm&r=g\",\"contentUrl\":\"https:\/\/secure.gravatar.com\/avatar\/82aafea7d8127119dd649515f56e2117?s=96&d=mm&r=g\",\"caption\":\"rtnews\"},\"url\":\"https:\/\/now-news.de\/de\/author\/rnews\/\"}]}<\/script>\n<!-- \/ Yoast SEO Premium plugin. -->","yoast_head_json":{"title":"Zur Entlastung schmalerer Geldbeutel: Sozialverb\u00e4nde fordern Absenkung der Steuern auf Lebensmittel - just-now.NEWS Deutschland","robots":{"index":"index","follow":"follow","max-snippet":"max-snippet:-1","max-image-preview":"max-image-preview:large","max-video-preview":"max-video-preview:-1"},"canonical":"https:\/\/now-news.de\/de\/deutschland\/zur-entlastung-schmalerer-geldbeutel-sozialverbaende-fordern-absenkung-der-steuern-auf-lebensmittel\/","og_locale":"de_DE","og_type":"article","og_title":"Zur Entlastung schmalerer Geldbeutel: Sozialverb\u00e4nde fordern Absenkung der Steuern auf Lebensmittel","og_description":"Die Teuerungsrate tobt, ein Gro\u00dfteil der Menschen spart bereits an fr\u00fcher allt\u00e4glichen Ausgaben. Viele wissen gar nicht mehr, wie sie f\u00fcr Wohnen, Ern\u00e4hrung und vor allem Heizen aufkommen sollen. Und die Tendenz der Belastung durch gestiegene Verbraucherpreise ist steigend: Hatten laut YouGov-Umfrage im Auftrag der Postbank im Januar immerhin 11 Prozent der Menschen angegeben, dass [&hellip;]","og_url":"https:\/\/now-news.de\/de\/deutschland\/zur-entlastung-schmalerer-geldbeutel-sozialverbaende-fordern-absenkung-der-steuern-auf-lebensmittel\/","og_site_name":"just-now.NEWS Deutschland","article_publisher":"https:\/\/www.facebook.com\/wirmachenauf","article_published_time":"2022-04-22T04:15:14+00:00","og_image":[{"width":1104,"height":622,"url":"https:\/\/now-news.de\/de\/wp-content\/uploads\/sites\/3\/2022\/04\/Zur-Entlastung-schmalerer-Geldbeutel-Sozialverbaende-fordern-Absenkung-der-Steuern-auf.jpg","type":"image\/jpeg"}],"author":"rtnews","twitter_card":"summary_large_image","twitter_creator":"@WirMachenAuf_de","twitter_site":"@WirMachenAuf_de","twitter_misc":{"Verfasst von":"rtnews","Gesch\u00e4tzte Lesezeit":"4\u00a0Minuten"},"schema":{"@context":"https:\/\/schema.org","@graph":[{"@type":"Article","@id":"https:\/\/now-news.de\/de\/deutschland\/zur-entlastung-schmalerer-geldbeutel-sozialverbaende-fordern-absenkung-der-steuern-auf-lebensmittel\/#article","isPartOf":{"@id":"https:\/\/now-news.de\/de\/deutschland\/zur-entlastung-schmalerer-geldbeutel-sozialverbaende-fordern-absenkung-der-steuern-auf-lebensmittel\/"},"author":{"name":"rtnews","@id":"https:\/\/now-news.de\/de\/#\/schema\/person\/fb534a4e865501d8b3285208df34a9b5"},"headline":"Zur Entlastung schmalerer Geldbeutel: Sozialverb\u00e4nde fordern Absenkung der Steuern auf Lebensmittel","datePublished":"2022-04-22T04:15:14+00:00","dateModified":"2022-04-22T04:15:14+00:00","mainEntityOfPage":{"@id":"https:\/\/now-news.de\/de\/deutschland\/zur-entlastung-schmalerer-geldbeutel-sozialverbaende-fordern-absenkung-der-steuern-auf-lebensmittel\/"},"wordCount":897,"commentCount":0,"publisher":{"@id":"https:\/\/now-news.de\/de\/#organization"},"image":{"@id":"https:\/\/now-news.de\/de\/deutschland\/zur-entlastung-schmalerer-geldbeutel-sozialverbaende-fordern-absenkung-der-steuern-auf-lebensmittel\/#primaryimage"},"thumbnailUrl":"https:\/\/now-news.de\/de\/wp-content\/uploads\/sites\/3\/2022\/04\/Zur-Entlastung-schmalerer-Geldbeutel-Sozialverbaende-fordern-Absenkung-der-Steuern-auf.jpg","keywords":["Absenkung","AUF","der","Entlastung","f\u00f6rdern","Geldbeutel","Lebensmittel","schmalerer","Sozialverb\u00e4nde","Steuern","zur"],"articleSection":["Deutschland","Russland"],"inLanguage":"de","potentialAction":[{"@type":"CommentAction","name":"Comment","target":["https:\/\/now-news.de\/de\/deutschland\/zur-entlastung-schmalerer-geldbeutel-sozialverbaende-fordern-absenkung-der-steuern-auf-lebensmittel\/#respond"]}]},{"@type":"WebPage","@id":"https:\/\/now-news.de\/de\/deutschland\/zur-entlastung-schmalerer-geldbeutel-sozialverbaende-fordern-absenkung-der-steuern-auf-lebensmittel\/","url":"https:\/\/now-news.de\/de\/deutschland\/zur-entlastung-schmalerer-geldbeutel-sozialverbaende-fordern-absenkung-der-steuern-auf-lebensmittel\/","name":"Zur Entlastung schmalerer Geldbeutel: Sozialverb\u00e4nde fordern Absenkung der Steuern auf Lebensmittel - just-now.NEWS Deutschland","isPartOf":{"@id":"https:\/\/now-news.de\/de\/#website"},"primaryImageOfPage":{"@id":"https:\/\/now-news.de\/de\/deutschland\/zur-entlastung-schmalerer-geldbeutel-sozialverbaende-fordern-absenkung-der-steuern-auf-lebensmittel\/#primaryimage"},"image":{"@id":"https:\/\/now-news.de\/de\/deutschland\/zur-entlastung-schmalerer-geldbeutel-sozialverbaende-fordern-absenkung-der-steuern-auf-lebensmittel\/#primaryimage"},"thumbnailUrl":"https:\/\/now-news.de\/de\/wp-content\/uploads\/sites\/3\/2022\/04\/Zur-Entlastung-schmalerer-Geldbeutel-Sozialverbaende-fordern-Absenkung-der-Steuern-auf.jpg","datePublished":"2022-04-22T04:15:14+00:00","dateModified":"2022-04-22T04:15:14+00:00","breadcrumb":{"@id":"https:\/\/now-news.de\/de\/deutschland\/zur-entlastung-schmalerer-geldbeutel-sozialverbaende-fordern-absenkung-der-steuern-auf-lebensmittel\/#breadcrumb"},"inLanguage":"de","potentialAction":[{"@type":"ReadAction","target":["https:\/\/now-news.de\/de\/deutschland\/zur-entlastung-schmalerer-geldbeutel-sozialverbaende-fordern-absenkung-der-steuern-auf-lebensmittel\/"]}]},{"@type":"ImageObject","inLanguage":"de","@id":"https:\/\/now-news.de\/de\/deutschland\/zur-entlastung-schmalerer-geldbeutel-sozialverbaende-fordern-absenkung-der-steuern-auf-lebensmittel\/#primaryimage","url":"https:\/\/now-news.de\/de\/wp-content\/uploads\/sites\/3\/2022\/04\/Zur-Entlastung-schmalerer-Geldbeutel-Sozialverbaende-fordern-Absenkung-der-Steuern-auf.jpg","contentUrl":"https:\/\/now-news.de\/de\/wp-content\/uploads\/sites\/3\/2022\/04\/Zur-Entlastung-schmalerer-Geldbeutel-Sozialverbaende-fordern-Absenkung-der-Steuern-auf.jpg","width":1104,"height":622,"caption":"Zur Entlastung schmalerer Geldbeutel: Sozialverb\u00e4nde fordern Absenkung der Steuern auf Lebensmittel"},{"@type":"BreadcrumbList","@id":"https:\/\/now-news.de\/de\/deutschland\/zur-entlastung-schmalerer-geldbeutel-sozialverbaende-fordern-absenkung-der-steuern-auf-lebensmittel\/#breadcrumb","itemListElement":[{"@type":"ListItem","position":1,"name":"Home","item":"https:\/\/now-news.de\/de\/"},{"@type":"ListItem","position":2,"name":"Zur Entlastung schmalerer Geldbeutel: Sozialverb\u00e4nde fordern Absenkung der Steuern auf Lebensmittel"}]},{"@type":"WebSite","@id":"https:\/\/now-news.de\/de\/#website","url":"https:\/\/now-news.de\/de\/","name":"just-now.NEWS Deutschland","description":"Das Portal f\u00fcr unzensierte Nachrichten aus der Welt","publisher":{"@id":"https:\/\/now-news.de\/de\/#organization"},"potentialAction":[{"@type":"SearchAction","target":{"@type":"EntryPoint","urlTemplate":"https:\/\/now-news.de\/de\/?s={search_term_string}"},"query-input":"required name=search_term_string"}],"inLanguage":"de"},{"@type":"Organization","@id":"https:\/\/now-news.de\/de\/#organization","name":"Just Now News","url":"https:\/\/now-news.de\/de\/","logo":{"@type":"ImageObject","inLanguage":"de","@id":"https:\/\/now-news.de\/de\/#\/schema\/logo\/image\/","url":"http:\/\/just-now.news\/de\/wp-content\/uploads\/sites\/3\/2022\/04\/logo500x500.jpg","contentUrl":"http:\/\/just-now.news\/de\/wp-content\/uploads\/sites\/3\/2022\/04\/logo500x500.jpg","width":500,"height":500,"caption":"Just Now News"},"image":{"@id":"https:\/\/now-news.de\/de\/#\/schema\/logo\/image\/"},"sameAs":["https:\/\/www.facebook.com\/wirmachenauf","https:\/\/x.com\/WirMachenAuf_de"]},{"@type":"Person","@id":"https:\/\/now-news.de\/de\/#\/schema\/person\/fb534a4e865501d8b3285208df34a9b5","name":"rtnews","image":{"@type":"ImageObject","inLanguage":"de","@id":"https:\/\/now-news.de\/de\/#\/schema\/person\/image\/","url":"https:\/\/secure.gravatar.com\/avatar\/82aafea7d8127119dd649515f56e2117?s=96&d=mm&r=g","contentUrl":"https:\/\/secure.gravatar.com\/avatar\/82aafea7d8127119dd649515f56e2117?s=96&d=mm&r=g","caption":"rtnews"},"url":"https:\/\/now-news.de\/de\/author\/rnews\/"}]}},"_links":{"self":[{"href":"https:\/\/now-news.de\/de\/wp-json\/wp\/v2\/posts\/2329"}],"collection":[{"href":"https:\/\/now-news.de\/de\/wp-json\/wp\/v2\/posts"}],"about":[{"href":"https:\/\/now-news.de\/de\/wp-json\/wp\/v2\/types\/post"}],"author":[{"embeddable":true,"href":"https:\/\/now-news.de\/de\/wp-json\/wp\/v2\/users\/3"}],"replies":[{"embeddable":true,"href":"https:\/\/now-news.de\/de\/wp-json\/wp\/v2\/comments?post=2329"}],"version-history":[{"count":0,"href":"https:\/\/now-news.de\/de\/wp-json\/wp\/v2\/posts\/2329\/revisions"}],"wp:featuredmedia":[{"embeddable":true,"href":"https:\/\/now-news.de\/de\/wp-json\/wp\/v2\/media\/2330"}],"wp:attachment":[{"href":"https:\/\/now-news.de\/de\/wp-json\/wp\/v2\/media?parent=2329"}],"wp:term":[{"taxonomy":"category","embeddable":true,"href":"https:\/\/now-news.de\/de\/wp-json\/wp\/v2\/categories?post=2329"},{"taxonomy":"post_tag","embeddable":true,"href":"https:\/\/now-news.de\/de\/wp-json\/wp\/v2\/tags?post=2329"}],"curies":[{"name":"wp","href":"https:\/\/api.w.org\/{rel}","templated":true}]}}