{"id":23235,"date":"2022-11-15T20:00:00","date_gmt":"2022-11-15T18:00:00","guid":{"rendered":"http:\/\/just-now.news\/de\/deutschland\/krisen-und-insolvenzticker-varta-erwartet-holprige-geschaefte-kurzarbeit-fuer-500-mitarbeiter\/"},"modified":"2022-11-15T20:00:00","modified_gmt":"2022-11-15T18:00:00","slug":"krisen-und-insolvenzticker-varta-erwartet-holprige-geschaefte-kurzarbeit-fuer-500-mitarbeiter","status":"publish","type":"post","link":"https:\/\/now-news.de\/de\/deutschland\/krisen-und-insolvenzticker-varta-erwartet-holprige-geschaefte-kurzarbeit-fuer-500-mitarbeiter\/","title":{"rendered":"Krisen- und Insolvenzticker: Varta erwartet holprige Gesch\u00e4fte \u2013 Kurzarbeit f\u00fcr 500 Mitarbeiter"},"content":{"rendered":"<div class=\"Text-root Text-type_1 \">\n                Die deutsche Wirtschaft rutscht immer tiefer in die Krise. Unter dem Druck dramatisch steigender Energiekosten und anderer ung\u00fcnstiger Rahmenbedingungen sind allein in diesem Jahr tausende Unternehmen insolvent gegangen. Wir fassen in diesem Ticker die wichtigsten Entwicklungen und Neuigkeiten zusammen.\n            <\/div>\n<p><\/p>\n<div class=\"ArticleView-liveUpdates\">\n<div class=\"LiveUpdates-root\">\n<div class=\"LiveUpdates-content\">\n<ul class=\"LiveUpdates-list Listing-root\" data-listing=\"LiveUpdates\" data-count=\"10\">\n<li class=\"LiveUpdates-item Listing-item\">\n<div class=\"LiveUpdates-date\">\n<p class=\"HeaderNews-root HeaderNews-type_2 \">\n                15.11.2022 19:38 Uhr\n            <\/p>\n<\/div>\n<div class=\"LiveUpdate-root\">\n<div class=\"LiveUpdate-date\">\n<p class=\"HeaderNews-root HeaderNews-type_6 \">\n                19:38 Uhr\n            <\/p>\n<\/div>\n<div class=\"LiveUpdate-content\">\n<div class=\"LiveUpdate-text\">\n<div class=\"Text-root Text-type_5 ViewText-root\">\n<p><strong>Varta erwartet holprige Gesch\u00e4fte &#8211; Kurzarbeit f\u00fcr 500 Mitarbeiter<\/strong><\/p>\n<figure class=\"RTImage-root\">\n<div class=\"RTImage-image RTImage-original\"><picture class=\"Picture-root Picture-original\"><!--[if IE 9]><video style=\"display: none;\"><![endif]--><source media=\"(-webkit-min-device-pixel-ratio: 2) and (min-resolution: 120dpi)\" data-srcset=\" \nhttp:\/\/just-now.news\/de\/wp-content\/uploads\/sites\/3\/2022\/11\/6373c4ce48fbef58003f485b.jpg 850w,\n                http:\/\/just-now.news\/de\/wp-content\/uploads\/sites\/3\/2022\/11\/6373c4ce48fbef58003f485b.jpg 1960w,\n            \" ><source data-srcset=\" \nhttp:\/\/just-now.news\/de\/wp-content\/uploads\/sites\/3\/2022\/11\/6373c4ce48fbef58003f485b.jpg 460w,\n              http:\/\/just-now.news\/de\/wp-content\/uploads\/sites\/3\/2022\/11\/6373c4ce48fbef58003f485b.jpg 980w,\n            \" ><!--[if IE 9]><\/video><![endif]--><img decoding=\"async\" data- src=\"data:image\/png;base64,iVBORw0KGgoAAAANSUhEUgAAABAAAAAJCAQAAACRI2S5AAAAEElEQVR42mNkIAAYRxWAAQAG9gAKqv6+AwAAAABJRU5ErkJggg==\" class=\"Picture-root Picture-original lazyload\" data-src=\"http:\/\/just-now.news\/de\/wp-content\/uploads\/sites\/3\/2022\/11\/6373c4ce48fbef58003f485b.jpg\" alt=\"\"><\/source><\/source><\/picture><!-- noscript pattern --><noscript><img decoding=\"async\" src=\"http:\/\/just-now.news\/de\/wp-content\/uploads\/sites\/3\/2022\/11\/6373c4ce48fbef58003f485b.jpg\" alt=\"\"><\/noscript><\/div><figcaption class=\"RTImage-footer\"><span class=\"RTImage-caption\"><span class=\"RTImage-captionItem\">Symbolbild: Varta-Batterien (und andere)<\/span><\/span><span class=\"RTImage-source\"><span class=\"RTImage-captionItem\">Christian Charisius\/picture alliance<\/span><span class=\"RTImage-captionItem\"> \/ Gettyimages.ru<\/span><\/span><\/figcaption><\/figure>\n<p>Der Batteriekonzern Varta steht weiter vor Problemen. Auch im kommenden Jahr wird sich ersten Planungen zufolge das Gesch\u00e4ft nur m\u00fchsam erholen. Die herausfordernde wirtschaftliche Lage und die weltweiten Krisen w\u00fcrden auch 2023 weiterbestehen und f\u00fcr Schwierigkeiten in der Lieferkette, bei den Kosten und in der Verbrauchernachfrage sorgen, hie\u00df es am Dienstag vom Konzern aus Ellwangen.<\/p>\n<p>Am Standort im schw\u00e4bischen N\u00f6rdlingen wird f\u00fcr rund 500 Mitarbeiter Kurzarbeit angeordnet. In N\u00f6rdlingen produziert Varta insbesondere kleine Lithium-Ionen-Batterien. Diese Zellen werden beispielsweise in Kopfh\u00f6rern eingesetzt. Insgesamt arbeiten an dem Standort etwa 800 Mitarbeiter.<\/p>\n<p>F\u00fcr dieses Jahr peilt das Unternehmen insgesamt noch einen Umsatz zwischen 805 und 820 Millionen Euro an. Das w\u00e4ren \u00fcber zehn Prozent weniger als im Vorjahr mit 903 Millionen Euro. Varta hatte im September die urspr\u00fcnglichen Jahresziele kassiert, weil Kunden bei zwei gro\u00dfen Auftr\u00e4gen weniger Mengen abnahmen. F\u00fcr 2023 peilt Varta nun 850 bis 880 Millionen Euro Umsatz an.<\/p>\n<p>Vorl\u00e4ufige Zahlen zum dritten Quartal hatte Varta bereits im Oktober vorgelegt. So ging der Erl\u00f6s in den Monaten Juli bis September im Jahresvergleich um 14 Prozent auf 194 Millionen Euro zur\u00fcck. Das operative Ergebnis betrage 2,5 Millionen Euro Verlust, nachdem ein Jahr zuvor noch 70 Millionen Gewinn verzeichnet wurden. Unter dem Strich fiel im dritten Quartal ein Verlust von rund 23 Millionen Euro an.<\/p>\n<\/div>\n<\/div>\n<\/div>\n<\/div>\n<\/li>\n<li class=\"LiveUpdates-item Listing-item\">\n<div class=\"LiveUpdate-root\">\n<div class=\"LiveUpdate-date\">\n<p class=\"HeaderNews-root HeaderNews-type_6 \">\n                17:17 Uhr\n            <\/p>\n<\/div>\n<div class=\"LiveUpdate-content\">\n<div class=\"LiveUpdate-text\">\n<div class=\"Text-root Text-type_5 ViewText-root\">\n<p><strong>Wohnungswirtschaft kritisiert &#8220;irre Sonderwege&#8221; der Regierung<\/strong><\/p>\n<figure class=\"RTImage-root\">\n<div class=\"RTImage-image RTImage-original\"><picture class=\"Picture-root Picture-original\"><!--[if IE 9]><video style=\"display: none;\"><![endif]--><source media=\"(-webkit-min-device-pixel-ratio: 2) and (min-resolution: 120dpi)\" data-srcset=\" \nhttp:\/\/just-now.news\/de\/wp-content\/uploads\/sites\/3\/2022\/11\/6373bbae48fbef2458143605.jpeg 850w,\n                http:\/\/just-now.news\/de\/wp-content\/uploads\/sites\/3\/2022\/11\/6373bbae48fbef2458143605.jpeg 1960w,\n            \" ><source data-srcset=\" \nhttp:\/\/just-now.news\/de\/wp-content\/uploads\/sites\/3\/2022\/11\/6373bbae48fbef2458143605.jpeg 460w,\n              http:\/\/just-now.news\/de\/wp-content\/uploads\/sites\/3\/2022\/11\/6373bbae48fbef2458143605.jpeg 980w,\n            \" ><!--[if IE 9]><\/video><![endif]--><img decoding=\"async\" data- src=\"data:image\/png;base64,iVBORw0KGgoAAAANSUhEUgAAABAAAAAJCAQAAACRI2S5AAAAEElEQVR42mNkIAAYRxWAAQAG9gAKqv6+AwAAAABJRU5ErkJggg==\" class=\"Picture-root Picture-original lazyload\" data-src=\"http:\/\/just-now.news\/de\/wp-content\/uploads\/sites\/3\/2022\/11\/6373bbae48fbef2458143605.jpeg\" alt=\"\"><\/source><\/source><\/picture><!-- noscript pattern --><noscript><img decoding=\"async\" src=\"http:\/\/just-now.news\/de\/wp-content\/uploads\/sites\/3\/2022\/11\/6373bbae48fbef2458143605.jpeg\" alt=\"\"><\/noscript><\/div><figcaption class=\"RTImage-footer\"><span class=\"RTImage-caption\"><span class=\"RTImage-captionItem\">Symbolbild Gasumlage<\/span><\/span><span class=\"RTImage-source\"><span class=\"RTImage-captionItem\">IMAGO\/Christian Ohde<\/span><span class=\"RTImage-captionItem\"> \/ www.globallookpress.com<\/span><\/span><\/figcaption><\/figure>\n<p>Die deutsche Wohnungswirtschaft ist mit dem Agieren der Bundesregierung in der Energiekrise unzufrieden.<\/p>\n<p>&#8220;<em>Die Preise f\u00fcr Gas und Fernw\u00e4rme steigen derzeit spielend um 500 bis 600 Prozent, in der Spitze um 1020 Prozent. Viele Haushalte sind heillos \u00fcberfordert. Mieter sitzen weinend in den Beratungsstunden<\/em>&#8220;,<\/p>\n<p>sagte Axel\u00a0Gedaschko, Pr\u00e4sident des Bundesverbands deutscher Wohnungs- und Immobilienunternehmen (GdW), auf der Verbandstagung am Dienstag in Berlin.<\/p>\n<p>Statt schon lange vorliegende Vorschl\u00e4ge wie die k\u00fcrzlich beschlossene Gas- und Strompreisbremse fr\u00fchzeitig zu beschlie\u00dfen, habe die Regierung zun\u00e4chst mit der Gasumlage sogar eine Mehrbelastung f\u00fcr die Verbraucher geplant.\u00a0Gedaschko nannte solche Vorhaben &#8220;irre Sonderwege&#8221;. Die Ergebnisse einer Expertenkommission, die im Auftrag der Bundesregierung Vorschl\u00e4ge erarbeitet hatte, w\u00fcrden &#8220;zerredet&#8221;.<\/p>\n<p>Bauministerin Klara\u00a0Geywitz (SPD)\u00a0r\u00e4umte mit Blick auf den Wohnungsbausektor dringenden Nachholbedarf ein. Die Branche sei selbst unter guten Rahmenbedingungen nicht in der Lage gewesen, auch nur ann\u00e4hernd das derzeitige Neubauziel von 400.000\u00a0Wohnungen pro\u00a0Jahr zu schaffen.\u00a0<\/p>\n<p><strong>Mehr zum Thema<\/strong> &#8211; <a rel=\"nofollow noopener\" target=\"_blank\" href=\"https:\/\/test.rtde.tech\/inland\/144968-energienotlage-krisenstab-stadt-reichenbach-schreibt\/\">Energienotlage: Krisenstab der Stadt Reichenbach schreibt offenen Brief an Habeck<\/a><\/p>\n<\/div>\n<\/div>\n<\/div>\n<\/div>\n<\/li>\n<li class=\"LiveUpdates-item Listing-item\">\n<div class=\"LiveUpdate-root\">\n<div class=\"LiveUpdate-date\">\n<p class=\"HeaderNews-root HeaderNews-type_6 \">\n                16:17 Uhr\n            <\/p>\n<\/div>\n<div class=\"LiveUpdate-content\">\n<div class=\"LiveUpdate-text\">\n<div class=\"Text-root Text-type_5 ViewText-root\">\n<p><strong>Gasspeicher-F\u00fcllstand knackt 100-Prozent-Marke<\/strong><\/p>\n<figure class=\"RTImage-root\">\n<div class=\"RTImage-image RTImage-original\"><picture class=\"Picture-root Picture-original\"><!--[if IE 9]><video style=\"display: none;\"><![endif]--><source media=\"(-webkit-min-device-pixel-ratio: 2) and (min-resolution: 120dpi)\" data-srcset=\" \nhttp:\/\/just-now.news\/de\/wp-content\/uploads\/sites\/3\/2022\/11\/6373a7e248fbef62e41c0dc5.jpeg 850w,\n                http:\/\/just-now.news\/de\/wp-content\/uploads\/sites\/3\/2022\/11\/6373a7e248fbef62e41c0dc5.jpeg 1960w,\n            \" ><source data-srcset=\" \nhttp:\/\/just-now.news\/de\/wp-content\/uploads\/sites\/3\/2022\/11\/6373a7e248fbef62e41c0dc5.jpeg 460w,\n              http:\/\/just-now.news\/de\/wp-content\/uploads\/sites\/3\/2022\/11\/6373a7e248fbef62e41c0dc5.jpeg 980w,\n            \" ><!--[if IE 9]><\/video><![endif]--><img decoding=\"async\" data- src=\"data:image\/png;base64,iVBORw0KGgoAAAANSUhEUgAAABAAAAAJCAQAAACRI2S5AAAAEElEQVR42mNkIAAYRxWAAQAG9gAKqv6+AwAAAABJRU5ErkJggg==\" class=\"Picture-root Picture-original lazyload\" data-src=\"http:\/\/just-now.news\/de\/wp-content\/uploads\/sites\/3\/2022\/11\/6373a7e248fbef62e41c0dc5.jpeg\" alt=\"\"><\/source><\/source><\/picture><!-- noscript pattern --><noscript><img decoding=\"async\" src=\"http:\/\/just-now.news\/de\/wp-content\/uploads\/sites\/3\/2022\/11\/6373a7e248fbef62e41c0dc5.jpeg\" alt=\"\"><\/noscript><\/div><figcaption class=\"RTImage-footer\"><span class=\"RTImage-caption\"><span class=\"RTImage-captionItem\">Symbolbild<\/span><\/span><span class=\"RTImage-source\"><span class=\"RTImage-captionItem\">IMAGO\/Frank Hoermann \/ SVEN SIMO<\/span><span class=\"RTImage-captionItem\"> \/ www.globallookpress.com<\/span><\/span><\/figcaption><\/figure>\n<p>Der F\u00fcllstand der Erdgasspeicher in Deutschland hat die 100-Prozent-Marke erreicht. Dies geht aus am Dienstag ver\u00f6ffentlichten Daten des europ\u00e4ischen Gasspeicherverbandes GIE hervor. Demnach wurden nach j\u00fcngsten Angaben am Montagmorgen in den Speichern 245,44 Terawattstunden Erdgas registriert. Dies lag leicht \u00fcber der 100-Prozent-Marke von 245,39 Terawattstunden, die das sogenannte Arbeitsgasvolumen angibt. Zum Vergleich: Im Januar und Februar 2022 wurden laut Bundesnetzagentur in Deutschland insgesamt knapp 227 Terawattstunden Erdgas verbraucht.<\/p>\n<p>Das von den Gasspeicherbetreibern ausgewiesene Arbeitsgasvolumen gibt die gesicherte Kapazit\u00e4t an, deshalb kann auch \u00fcber 100 Prozent hinaus weiter eingespeichert werden.<\/p>\n<p>Die Speicher gleichen Schwankungen beim Gasverbrauch aus und bilden damit ein Puffersystem f\u00fcr den Markt. F\u00fcr gew\u00f6hnlich sind sie mit Beginn der Heizperiode im Herbst gut gef\u00fcllt. Bis zum Fr\u00fchjahr nehmen die F\u00fcllst\u00e4nde dann ab. Am 1. Februar sollen sie laut Energiewirtschaftsgesetz noch zu 40 Prozent gef\u00fcllt sein.<\/p>\n<\/div>\n<\/div>\n<\/div>\n<\/div>\n<\/li>\n<li class=\"LiveUpdates-item Listing-item\">\n<div class=\"LiveUpdate-root\">\n<div class=\"LiveUpdate-date\">\n<p class=\"HeaderNews-root HeaderNews-type_6 \">\n                15:45 Uhr\n            <\/p>\n<\/div>\n<div class=\"LiveUpdate-content\">\n<div class=\"LiveUpdate-text\">\n<div class=\"Text-root Text-type_5 ViewText-root\">\n<p><strong>Von Medien und Politik ignoriert oder kleingeredet \u2013 Proteste in Deutschland rei\u00dfen nicht ab<\/strong><\/p>\n<div class=\"EmbedBlock-root EmbedBlock-externalVideo EmbedBlock-odysee\">\n<div class=\"VkEmbed\"><iframe class=\"lazyload\" data-src=\"https:\/\/odysee.com\/%24\/embed\/%40RTDE%3Ae%2Fvon-medien-und-politik-ignoriert-oder-kleingeredet-proteste-in-deutschland-rei%C3%9Fen-nicht-ab%3Ab\" frameborder=\"0\" width=\"853\" height=\"480\" allowfullscreen><\/iframe><\/div>\n<\/div>\n<p>Nach wie vor ziehen bundesweit Menschen auf die Stra\u00dfen, um gegen die Regierungspolitik und f\u00fcr Mitbestimmung, Frieden und Souver\u00e4nit\u00e4t ihre Stimmen zu erheben. Manche von ihnen protestieren schon seit der Coronakrise, andere kamen mit der Ukraine-, Energie- und Wirtschaftskrise hinzu. Unerm\u00fcdlich gehen sie jeden Montag gemeinsam in D\u00f6rfern, Kleinst\u00e4dten bis hin zu Gro\u00dfst\u00e4dten demonstrieren. Im Video zeigen wir Ihnen einige der Eindr\u00fccke von den Protesten im ganzen Land am 14. November.<\/p>\n<\/div>\n<\/div>\n<\/div>\n<\/div>\n<\/li>\n<li class=\"LiveUpdates-item Listing-item\">\n<div class=\"LiveUpdate-root\">\n<div class=\"LiveUpdate-date\">\n<p class=\"HeaderNews-root HeaderNews-type_6 \">\n                15:00 Uhr\n            <\/p>\n<\/div>\n<div class=\"LiveUpdate-content\">\n<div class=\"LiveUpdate-text\">\n<div class=\"Text-root Text-type_5 ViewText-root\">\n<p><strong>Russen transferierten im September einen Rekordbetrag auf ausl\u00e4ndische Konten<\/strong><\/p>\n<p>Nach Berechnungen der Moskauer Nachrichtenagentur <em>RIA Nowosti<\/em>, die sich auf Daten der Russischen Zentralbank st\u00fctzen, haben russische Staatsangeh\u00f6rige und Residenten im September einen Rekordbetrag von 6,7 Milliarden Dollar bei ausl\u00e4ndischen Banken eingezahlt, ein Viertel mehr als im August. Gleichzeitig hat sich der Betrag der Einlagen der B\u00fcrger im Ausland seit Jahresbeginn verdoppelt und \u00fcbersteigt zum ersten Mal 60 Milliarden Dollar.<\/p>\n<p>Im Januar dieses Jahres hielten die Russen noch etwa 30,6 Milliarden Dollar bei ausl\u00e4ndischen Banken. Mit dem Beginn der Sonderoperation in der Ukraine begannen die B\u00fcrger, aktiv Geld ins Ausland zu \u00fcberweisen. So wurden im Februar etwa 4,3 Milliarden Dollar an ausl\u00e4ndische Banken transferiert, was zu diesem Zeitpunkt der h\u00f6chste Wert seit mindestens 2018 war \u2013 die Zentralbank ver\u00f6ffentlicht keine fr\u00fcheren Statistiken.<\/p>\n<\/div>\n<\/div>\n<\/div>\n<\/div>\n<\/li>\n<li class=\"LiveUpdates-item Listing-item\">\n<div class=\"LiveUpdate-root\">\n<div class=\"LiveUpdate-date\">\n<p class=\"HeaderNews-root HeaderNews-type_6 \">\n                14:10 Uhr\n            <\/p>\n<\/div>\n<div class=\"LiveUpdate-content\">\n<div class=\"LiveUpdate-text\">\n<div class=\"Text-root Text-type_5 ViewText-root\">\n<p><strong>Energieagentur erwartet Einbruch der russischen \u00d6lf\u00f6rderung<\/strong><\/p>\n<p>Nach Einsch\u00e4tzung der Internationalen Energieagentur (IEA) d\u00fcrften die Sanktionen westlicher Industriestaaten gegen Russland einen Einbruch der russischen \u00d6lf\u00f6rderung zur Folge haben. Im kommenden Jahr k\u00f6nnte die durchschnittliche F\u00f6rdermenge unter die Marke von zehn Millionen Barrel (je 159 Liter) pro Tag sinken. Das geht aus dem Monatsbericht des Interessenverbands f\u00fchrender Industriestaaten hervor, der am Dienstag in Paris ver\u00f6ffentlicht wurde.<\/p>\n<p>Es wird erwartet, dass die t\u00e4gliche Produktion russischen Erd\u00f6ls im kommenden Jahr durchschnittlich etwa 9,6 Millionen Barrel betragen wird. Zwar habe Russland in der Zeit seit Februar mehr als eine Million Barrel Roh\u00f6l pro Tag in die Abnehmerl\u00e4nder Indien, China und T\u00fcrkei umgeleitet, hie\u00df es in dem Bericht, dies reiche aber nicht, um die weggebrochenen Lieferungen in westliche Industriestaaten vollst\u00e4ndig auszugleichen.<\/p>\n<p>Unter anderem hat die Europ\u00e4ische Union (EU) ein \u00d6lembargo gegen Russland beschlossen. Das Embargo tritt f\u00fcr Roh\u00f6l im Dezember und das f\u00fcr \u00d6lprodukte im kommenden Februar in Kraft. Damit werden russische \u00d6llieferungen \u00fcber den Seeweg in die EU unterbunden.<\/p>\n<p>Wie aus dem IEA-Monatsbericht weiter hervorgeht, sind die \u00d6lreserven der Industriestaaten zuletzt signifikant gesunken. Die Lagerbest\u00e4nde sind demnach auf den tiefsten Stand seit dem Jahr 2004 gefallen.<\/p>\n<\/div>\n<\/div>\n<\/div>\n<\/div>\n<\/li>\n<li class=\"LiveUpdates-item Listing-item\">\n<div class=\"LiveUpdate-root\">\n<div class=\"LiveUpdate-date\">\n<p class=\"HeaderNews-root HeaderNews-type_6 \">\n                13:40 Uhr\n            <\/p>\n<\/div>\n<div class=\"LiveUpdate-content\">\n<div class=\"LiveUpdate-text\">\n<div class=\"Text-root Text-type_5 ViewText-root\">\n<p><strong>US-Medien: Amazon will Tausende Stellen streichen<\/strong><\/p>\n<figure class=\"RTImage-root\">\n<div class=\"RTImage-image RTImage-original\"><picture class=\"Picture-root Picture-original\"><!--[if IE 9]><video style=\"display: none;\"><![endif]--><source media=\"(-webkit-min-device-pixel-ratio: 2) and (min-resolution: 120dpi)\" data-srcset=\" \nhttp:\/\/just-now.news\/de\/wp-content\/uploads\/sites\/3\/2022\/11\/63737c4648fbef62e41c0d67.jpeg 850w,\n                http:\/\/just-now.news\/de\/wp-content\/uploads\/sites\/3\/2022\/11\/63737c4648fbef62e41c0d67.jpeg 1960w,\n            \" ><source data-srcset=\" \nhttp:\/\/just-now.news\/de\/wp-content\/uploads\/sites\/3\/2022\/11\/63737c4648fbef62e41c0d67.jpeg 460w,\n              http:\/\/just-now.news\/de\/wp-content\/uploads\/sites\/3\/2022\/11\/63737c4648fbef62e41c0d67.jpeg 980w,\n            \" ><!--[if IE 9]><\/video><![endif]--><img decoding=\"async\" data- src=\"data:image\/png;base64,iVBORw0KGgoAAAANSUhEUgAAABAAAAAJCAQAAACRI2S5AAAAEElEQVR42mNkIAAYRxWAAQAG9gAKqv6+AwAAAABJRU5ErkJggg==\" class=\"Picture-root Picture-original lazyload\" data-src=\"http:\/\/just-now.news\/de\/wp-content\/uploads\/sites\/3\/2022\/11\/63737c4648fbef62e41c0d67.jpeg\" alt=\"\"><\/source><\/source><\/picture><!-- noscript pattern --><noscript><img decoding=\"async\" src=\"http:\/\/just-now.news\/de\/wp-content\/uploads\/sites\/3\/2022\/11\/63737c4648fbef62e41c0d67.jpeg\" alt=\"\"><\/noscript><\/div><figcaption class=\"RTImage-footer\"><span class=\"RTImage-caption\"><\/span><span class=\"RTImage-source\"><span class=\"RTImage-captionItem\">Alejandro Martinez \/ Keystone Press Agency<\/span><span class=\"RTImage-captionItem\"> \/ www.globallookpress.com<\/span><\/span><\/figcaption><\/figure>\n<p>Der weltgr\u00f6\u00dfte Online-Versandh\u00e4ndler Amazon plant US-Medienberichten zufolge angesichts des tr\u00fcben Wirtschaftsausblicks seinen bislang gr\u00f6\u00dften Arbeitsplatzabbau. Der Konzern wolle noch diese Woche mit der Streichung von rund 10.000 Stellen beginnen, schrieb die <em>New York Times<\/em> am Montag unter Berufung auf <em>Insider<\/em>. Der Finanzdienst <em>Bloomberg<\/em> berichtete sp\u00e4ter \u00fcbereinstimmend nach eigenen Quellen. Laut Informationen des <em>Wall Street Journal<\/em> stehen &#8220;Tausende&#8221; Arbeitspl\u00e4tze auf dem Spiel. Amazon \u00e4u\u00dferte sich zun\u00e4chst nicht.<\/p>\n<p>Der Konzern hatte zuletzt weltweit rund 1,5 Millionen Besch\u00e4ftigte. Vor dem Weihnachtsgesch\u00e4ft, f\u00fcr das Amazon h\u00e4ufig Verst\u00e4rkung anheuert, w\u00e4re der Jobabbau ein weiteres Signal f\u00fcr das j\u00e4he Ende des Booms in der Tech-Branche. Die Reihe der Unternehmen, die Entlassungen ank\u00fcndigen, wird immer l\u00e4nger. So kam es etwa bei der Facebook- und Instagram-Mutter Meta sowie dem von Tesla-Chef Elon Musk \u00fcbernommenen Online-Netzwerk Twitter zuletzt zu regelrechten Job-Kahlschl\u00e4gen.<\/p>\n<p>Die Stellenstreichungen bei Amazon sollen den Berichten zufolge vor allem die defizit\u00e4re Ger\u00e4tesparte rund um Echo-Smartlautsprecher und das Sprachassistenzprogramm Alexa betreffen. Das Unternehmen hatte Investoren bereits vor einem schwachen Schlussquartal gewarnt und Anfang November einen Einstellungsstopp angesichts erh\u00f6hter Inflations- und Rezessionsrisiken beschlossen. Amazon steht nach einer Ausgabeoffensive in der Pandemie unter Druck, die Kosten zu senken. Die Aktie ist in diesem Jahr um \u00fcber 40 Prozent gefallen.<\/p>\n<\/div>\n<\/div>\n<\/div>\n<\/div>\n<\/li>\n<li class=\"LiveUpdates-item Listing-item\">\n<div class=\"LiveUpdate-root\">\n<div class=\"LiveUpdate-date\">\n<p class=\"HeaderNews-root HeaderNews-type_6 \">\n                13:00 Uhr\n            <\/p>\n<\/div>\n<div class=\"LiveUpdate-content\">\n<div class=\"LiveUpdate-text\">\n<div class=\"Text-root Text-type_5 ViewText-root\">\n<p><strong>Energiekrise l\u00f6st Run auf Kamin\u00f6fen aus<\/strong><\/p>\n<figure class=\"RTImage-root\">\n<div class=\"RTImage-image RTImage-original\"><picture class=\"Picture-root Picture-original\"><!--[if IE 9]><video style=\"display: none;\"><![endif]--><source media=\"(-webkit-min-device-pixel-ratio: 2) and (min-resolution: 120dpi)\" data-srcset=\" \nhttp:\/\/just-now.news\/de\/wp-content\/uploads\/sites\/3\/2022\/11\/6373775a48fbef08765a4f7d.jpeg 850w,\n                http:\/\/just-now.news\/de\/wp-content\/uploads\/sites\/3\/2022\/11\/6373775a48fbef08765a4f7d.jpeg 1960w,\n            \" ><source data-srcset=\" \nhttp:\/\/just-now.news\/de\/wp-content\/uploads\/sites\/3\/2022\/11\/6373775a48fbef08765a4f7d.jpeg 460w,\n              http:\/\/just-now.news\/de\/wp-content\/uploads\/sites\/3\/2022\/11\/6373775a48fbef08765a4f7d.jpeg 980w,\n            \" ><!--[if IE 9]><\/video><![endif]--><img decoding=\"async\" data- src=\"data:image\/png;base64,iVBORw0KGgoAAAANSUhEUgAAABAAAAAJCAQAAACRI2S5AAAAEElEQVR42mNkIAAYRxWAAQAG9gAKqv6+AwAAAABJRU5ErkJggg==\" class=\"Picture-root Picture-original lazyload\" data-src=\"http:\/\/just-now.news\/de\/wp-content\/uploads\/sites\/3\/2022\/11\/6373775a48fbef08765a4f7d.jpeg\" alt=\"\"><\/source><\/source><\/picture><!-- noscript pattern --><noscript><img decoding=\"async\" src=\"http:\/\/just-now.news\/de\/wp-content\/uploads\/sites\/3\/2022\/11\/6373775a48fbef08765a4f7d.jpeg\" alt=\"\"><\/noscript><\/div><figcaption class=\"RTImage-footer\"><span class=\"RTImage-caption\"><span class=\"RTImage-captionItem\">Symbolbild<\/span><\/span><span class=\"RTImage-source\"><span class=\"RTImage-captionItem\">IMAGO\/Petra Schneider-Schmelzer<\/span><span class=\"RTImage-captionItem\"> \/ www.globallookpress.com<\/span><\/span><\/figcaption><\/figure>\n<p>Wegen der stark gestiegenen Energiepreise ist die Nachfrage nach Kamin\u00f6fen in Deutschland deutlich gestiegen.<\/p>\n<p><em>&#8220;Wir haben im Moment 60 bis 75 Prozent mehr Beratungsanfragen in diesem Jahr als in den Jahren davor. Das liegt einfach daran, dass die Gas-, \u00d6l- und Strompreise explodiert sind&#8221;<\/em>, sagte der Sprecher des Bundesverbandes des Schornsteinfegerhandwerks, Andreas Walburg, der <em>Deutschen Presse-Agentur<\/em>. Allerdings m\u00fcsse jeder f\u00fcr sich selbst rechnen, denn auch die Holzpreise seien angestiegen.<\/p>\n<p>Deutschlandweit gibt es nach Angaben des Verbandes etwa 11,3 Millionen Einzelraumfeuerst\u00e4tten f\u00fcr feste Brennstoffe, darunter Kamin\u00f6fen, Kamineins\u00e4tze, offene Kamine und Heizungsherde. Die meisten Stellen w\u00fcrden mit geschlossenem Feuerraum betrieben. Offene Kamine, die in den 1970er und 1980er Jahren modern waren, habe kaum noch jemand.\u00a0<\/p>\n<p>Wer sich f\u00fcr diesen Winter noch einen Kaminofen einbauen lassen will, f\u00fcr den d\u00fcrfte es wohl knapp werden. Man habe bis zu einem halben Jahr Lieferzeit, berichtete Walburg.<\/p>\n<p><strong>Mehr zum Thema<\/strong> &#8211; <a rel=\"nofollow noopener\" target=\"_blank\" href=\"https:\/\/rtde.site\/kurzclips\/video\/153808-lukaschenko-bietet-europaern-losung-putin\/\">Lukaschenko bietet Europ\u00e4ern eine L\u00f6sung: &#8220;Putin versprach Getreide und wir versprachen Brennholz&#8221;<\/a><\/p>\n<\/div>\n<\/div>\n<\/div>\n<\/div>\n<\/li>\n<li class=\"LiveUpdates-item Listing-item\">\n<div class=\"LiveUpdate-root\">\n<div class=\"LiveUpdate-date\">\n<p class=\"HeaderNews-root HeaderNews-type_6 \">\n                12:48 Uhr\n            <\/p>\n<\/div>\n<div class=\"LiveUpdate-content\">\n<div class=\"LiveUpdate-text\">\n<div class=\"Text-root Text-type_5 ViewText-root\">\n<p><strong>&#8220;Tr\u00fcgerische Zahlen&#8221;:\u00a0Zahl der \u00fcberschuldeten Menschen sinkt laut Creditreform auf Rekordtief<\/strong><\/p>\n<figure class=\"RTImage-root\">\n<div class=\"RTImage-image RTImage-original\"><picture class=\"Picture-root Picture-original\"><!--[if IE 9]><video style=\"display: none;\"><![endif]--><source media=\"(-webkit-min-device-pixel-ratio: 2) and (min-resolution: 120dpi)\" data-srcset=\" \nhttp:\/\/just-now.news\/de\/wp-content\/uploads\/sites\/3\/2022\/11\/63737495b480cc481f7a3552.jpeg 850w,\n                http:\/\/just-now.news\/de\/wp-content\/uploads\/sites\/3\/2022\/11\/63737495b480cc481f7a3552.jpeg 1960w,\n            \" ><source data-srcset=\" \nhttp:\/\/just-now.news\/de\/wp-content\/uploads\/sites\/3\/2022\/11\/63737495b480cc481f7a3552.jpeg 460w,\n              http:\/\/just-now.news\/de\/wp-content\/uploads\/sites\/3\/2022\/11\/63737495b480cc481f7a3552.jpeg 980w,\n            \" ><!--[if IE 9]><\/video><![endif]--><img decoding=\"async\" data- src=\"data:image\/png;base64,iVBORw0KGgoAAAANSUhEUgAAABAAAAAJCAQAAACRI2S5AAAAEElEQVR42mNkIAAYRxWAAQAG9gAKqv6+AwAAAABJRU5ErkJggg==\" class=\"Picture-root Picture-original lazyload\" data-src=\"http:\/\/just-now.news\/de\/wp-content\/uploads\/sites\/3\/2022\/11\/63737495b480cc481f7a3552.jpeg\" alt=\"\"><\/source><\/source><\/picture><!-- noscript pattern --><noscript><img decoding=\"async\" src=\"http:\/\/just-now.news\/de\/wp-content\/uploads\/sites\/3\/2022\/11\/63737495b480cc481f7a3552.jpeg\" alt=\"\"><\/noscript><\/div><figcaption class=\"RTImage-footer\"><span class=\"RTImage-caption\"><\/span><span class=\"RTImage-source\"><span class=\"RTImage-captionItem\">Federico Gambarini\/dpa<\/span><span class=\"RTImage-captionItem\"> \/ www.globallookpress.com<\/span><\/span><\/figcaption><\/figure>\n<p>\u00dcberraschendes hatte die Wirtschaftsauskunft Creditreform bei der Vorstellung ihres aktualisierten Schuldneratlas am Dienstag mitzuteilen:\u00a0Die Zahl der \u00fcberschuldeten Menschen in Deutschland ist 2022 auf ein Rekordtief gefallen. Insgesamt z\u00e4hlte die Creditreform in ihrem am Dienstag in Neuss ver\u00f6ffentlichten &#8220;Schuldneratlas Deutschland 2022&#8221; knapp 5,9 Millionen \u00fcberschuldete Personen, rund 274.000 oder 4,4 Prozent weniger als im Vorjahr. Dies sei der niedrigste Wert seit Beginn der Auswertungen im Jahr 2004.<\/p>\n<p>Die \u00dcberschuldungsquote, also der Anteil \u00fcberschuldeter Personen im Verh\u00e4ltnis zu allen Erwachsenen in Deutschland, sank binnen Jahresfrist von 8,86 auf 8,48 Prozent. \u00dcberschuldung liegt vor, wenn der Schuldner die Summe seiner f\u00e4lligen Zahlungsverpflichtungen mit hoher Wahrscheinlichkeit \u00fcber einen l\u00e4ngeren Zeitraum nicht begleichen kann.\u00a0<\/p>\n<p>Allerdings rechnet die Wirtschaftsauskunft angesichts der aktuellen Preisexplosionen bei Energie und\u00a0Lebensmitteln schon bald mit einer sp\u00fcrbaren Verschlechterung der Situation. &#8220;Die guten Zahlen sind leider tr\u00fcgerisch&#8221;, sagte der Leiter der Creditreform Wirtschaftsforschung, Patrik-Ludwig Hantzsch:<\/p>\n<blockquote>\n<p>&#8220;<em>Wir f\u00fcrchten in den kommenden Monaten eine Trendwende<\/em>.&#8221;\u00a0<\/p>\n<\/blockquote>\n<p><strong>Mehr zum Thema<\/strong> &#8211; <a rel=\"nofollow noopener\" target=\"_blank\" href=\"https:\/\/rtde.site\/wirtschaft\/154051-deutschland-inflation-steigt-im-oktober\/\">Deutschland: Inflation steigt im Oktober auf 10,4 Prozent<\/a><\/p>\n<\/div>\n<\/div>\n<\/div>\n<\/div>\n<\/li>\n<li class=\"LiveUpdates-item Listing-item\">\n<div class=\"LiveUpdates-date\">\n<p class=\"HeaderNews-root HeaderNews-type_2 \">\n                14.11.2022 19:45 Uhr\n            <\/p>\n<\/div>\n<div class=\"LiveUpdate-root\">\n<div class=\"LiveUpdate-date\">\n<p class=\"HeaderNews-root HeaderNews-type_6 \">\n                19:45 Uhr\n            <\/p>\n<\/div>\n<div class=\"LiveUpdate-content\">\n<div class=\"LiveUpdate-text\">\n<div class=\"Text-root Text-type_5 ViewText-root\">\n<p><strong>Automobilzulieferer? Unverk\u00e4uflich &#8230;<\/strong><\/p>\n<p>Nach neuesten Zahlen der Beratungsfirma PwC waren im zweiten Quartal 2022 61 Prozent der Automobilzulieferer in Deutschland in kritischem Zustand, 26 Prozent in bedenklichem, und nur 13 Prozent schafften es in die Bewertung &#8220;gesund&#8221;. Aber bisher finden sich relativ wenige Meldungen \u00fcber \u00dcbernahmen oder Unternehmensverschmelzungen in den Medien. Auch Versuche gr\u00f6\u00dferer Zulieferer, einzelne Teilbereiche zu verkaufen, scheitern mangels Nachfrage.<\/p>\n<p>So versuchte j\u00fcngst der Zulieferer ZF vergeblich, seine Airbag- und Sicherheitsgurtproduktion zu verkaufen, um mit dem Erl\u00f6s seine Schulden zu senken. W\u00e4hrend vor einigen Jahren, so ein Insider <a rel=\"nofollow noopener\" target=\"_blank\" href=\"https:\/\/www.handelsblatt.com\/unternehmen\/industrie\/autoindustrie-ein-boom-markt-am-boden-selbst-zulieferer-mit-einem-gesunden-geschaeft-finden-keine-kaeufer\/28798656.html\">laut<\/a> Pressebericht, ein Unternehmensteil wie von ZF &#8220;problemlos von der R\u00fcckbank eines Taxis nach China&#8221; h\u00e4tte verkauft werden k\u00f6nnen, sei die gesamte Branche augenblicklich skeptisch. Die Wachstumsaussichten in der Autobranche \u00fcberzeugen nicht.<\/p>\n<p>In der gesamten Branche sind in Deutschland knapp 800.000 Personen besch\u00e4ftigt; davon entfallen etwa 300.000 auf die Zulieferindustrie. Noch 2020 <a rel=\"nofollow noopener\" target=\"_blank\" href=\"https:\/\/www.regionale-industrieinitiativen.de\/data-fact\/die-deutsche-automobilindustrie-das-rueckgrat-der-wirtschaft\/\">wurden<\/a> 75,2 Prozent der in Deutschland hergestellten 3,5 Millionen Kraftfahrzeuge exportiert. Aber schon die damalige Produktion lag <a rel=\"nofollow noopener\" target=\"_blank\" href=\"https:\/\/www.querschuesse.de\/deutschland-pkw-produktion-oktober-2022\/\">weit<\/a> unter der Menge von 2017, als noch mehr als f\u00fcnf Millionen Fahrzeuge gebaut wurden.<\/p>\n<p>Neben der Tendenz, Produktionen in g\u00fcnstigere Standorte zu verlagern, sorgt auch das geplante Verbrennerverbot in der EU f\u00fcr Verunsicherung. In der Folge sind die einzigen Investoren, die in Automobilzulieferer investieren wollen, sogenannte &#8220;Mitgiftj\u00e4ger&#8221;, die Firmenteile im g\u00fcnstigsten Fall f\u00fcr einen minimalen Preis aufkaufen, dann durchrationalisieren und versuchen, die Preise der Erzeugnisse gegen\u00fcber den Automobilherstellern hochzutreiben.<\/p>\n<p>Wie erfolgreich das angesichts der ohnehin hohen Inflation und sinkender Realeinkommen m\u00f6glicher K\u00e4ufer sein d\u00fcrfte, ist fraglich. Unter diesen Bedingungen d\u00fcrften die Zulieferbetriebe erst dann in Presseberichten auftauchen, wenn sie tats\u00e4chlich komplett insolvent sind.<\/p>\n<\/div>\n<\/div>\n<\/div>\n<\/div>\n<\/li>\n<\/ul>\n<div class=\"Listing-isReact\" data-rtmodule=\"Listing\" onload=\"return {\n                page: '1',\n                limit: '10',\n                listing: '\/listing\/parent.6337e74248fbef5b3c62f1db\/noprepare\/liveupdates\/10\/1',\n            };\"><\/div>\n<\/div>\n<\/div>\n<\/div>\n<p><br \/>\n<br \/><a href=\"https:\/\/de.rt.com\/wirtschaft\/150363-krisen-und-insolvenzticker-varta-erwartet\/\">Source link <\/a><\/p>\n","protected":false},"excerpt":{"rendered":"<p>Die deutsche Wirtschaft rutscht immer tiefer in die Krise. Unter dem Druck dramatisch steigender Energiekosten und anderer ung\u00fcnstiger Rahmenbedingungen sind allein in diesem Jahr tausende Unternehmen insolvent gegangen. Wir fassen in diesem Ticker die wichtigsten Entwicklungen und Neuigkeiten zusammen. 15.11.2022 19:38 Uhr 19:38 Uhr Varta erwartet holprige Gesch\u00e4fte &#8211; Kurzarbeit f\u00fcr 500 Mitarbeiter Symbolbild: Varta-Batterien [&hellip;]<\/p>\n","protected":false},"author":3,"featured_media":23236,"comment_status":"open","ping_status":"open","sticky":false,"template":"","format":"standard","meta":{"wp_automatic_camp":["217"],"1ffd99e39094a397ac13623caad540bb":["Krisen- und Insolvenzticker: Varta erwartet holprige Gesch\u00e4fte \u2013 Kurzarbeit f\u00fcr 500 Mitarbeiter"],"original_link":["https:\/\/de.rt.com\/wirtschaft\/150363-krisen-und-insolvenzticker-varta-erwartet\/"],"_thumbnail_id":["23236"],"jnews_social_counter_last_update":["1777262346"]},"categories":[19,23],"tags":[19917,221,8394,35927,33683,2667,19816,6662,140,35926],"yoast_head":"<!-- This site is optimized with the Yoast SEO Premium plugin v22.7 (Yoast SEO v22.7) - https:\/\/yoast.com\/wordpress\/plugins\/seo\/ -->\n<title>Krisen- und Insolvenzticker: Varta erwartet holprige Gesch\u00e4fte \u2013 Kurzarbeit f\u00fcr 500 Mitarbeiter - just-now.NEWS Deutschland<\/title>\n<meta name=\"robots\" content=\"index, follow, max-snippet:-1, max-image-preview:large, max-video-preview:-1\" \/>\n<link rel=\"canonical\" href=\"https:\/\/now-news.de\/de\/deutschland\/krisen-und-insolvenzticker-varta-erwartet-holprige-geschaefte-kurzarbeit-fuer-500-mitarbeiter\/\" \/>\n<meta property=\"og:locale\" content=\"de_DE\" \/>\n<meta property=\"og:type\" content=\"article\" \/>\n<meta property=\"og:title\" content=\"Krisen- und Insolvenzticker: Varta erwartet holprige Gesch\u00e4fte \u2013 Kurzarbeit f\u00fcr 500 Mitarbeiter\" \/>\n<meta property=\"og:description\" content=\"Die deutsche Wirtschaft rutscht immer tiefer in die Krise. Unter dem Druck dramatisch steigender Energiekosten und anderer ung\u00fcnstiger Rahmenbedingungen sind allein in diesem Jahr tausende Unternehmen insolvent gegangen. Wir fassen in diesem Ticker die wichtigsten Entwicklungen und Neuigkeiten zusammen. 15.11.2022 19:38 Uhr 19:38 Uhr Varta erwartet holprige Gesch\u00e4fte &#8211; Kurzarbeit f\u00fcr 500 Mitarbeiter Symbolbild: Varta-Batterien [&hellip;]\" \/>\n<meta property=\"og:url\" content=\"https:\/\/now-news.de\/de\/deutschland\/krisen-und-insolvenzticker-varta-erwartet-holprige-geschaefte-kurzarbeit-fuer-500-mitarbeiter\/\" \/>\n<meta property=\"og:site_name\" content=\"just-now.NEWS Deutschland\" \/>\n<meta property=\"article:publisher\" content=\"https:\/\/www.facebook.com\/wirmachenauf\" \/>\n<meta property=\"article:published_time\" content=\"2022-11-15T18:00:00+00:00\" \/>\n<meta property=\"og:image\" content=\"https:\/\/now-news.de\/de\/wp-content\/uploads\/sites\/3\/2022\/11\/Krisen-und-Insolvenzticker-Varta-erwartet-holprige-Geschaefte-\u2013-Kurzarbeit-fuer.jpg\" \/>\n\t<meta property=\"og:image:width\" content=\"1024\" \/>\n\t<meta property=\"og:image:height\" content=\"683\" \/>\n\t<meta property=\"og:image:type\" content=\"image\/jpeg\" \/>\n<meta name=\"author\" content=\"rtnews\" \/>\n<meta name=\"twitter:card\" content=\"summary_large_image\" \/>\n<meta name=\"twitter:creator\" content=\"@WirMachenAuf_de\" \/>\n<meta name=\"twitter:site\" content=\"@WirMachenAuf_de\" \/>\n<meta name=\"twitter:label1\" content=\"Verfasst von\" \/>\n\t<meta name=\"twitter:data1\" content=\"rtnews\" \/>\n\t<meta name=\"twitter:label2\" content=\"Gesch\u00e4tzte Lesezeit\" \/>\n\t<meta name=\"twitter:data2\" content=\"10\u00a0Minuten\" \/>\n<script type=\"application\/ld+json\" class=\"yoast-schema-graph\">{\"@context\":\"https:\/\/schema.org\",\"@graph\":[{\"@type\":\"Article\",\"@id\":\"https:\/\/now-news.de\/de\/deutschland\/krisen-und-insolvenzticker-varta-erwartet-holprige-geschaefte-kurzarbeit-fuer-500-mitarbeiter\/#article\",\"isPartOf\":{\"@id\":\"https:\/\/now-news.de\/de\/deutschland\/krisen-und-insolvenzticker-varta-erwartet-holprige-geschaefte-kurzarbeit-fuer-500-mitarbeiter\/\"},\"author\":{\"name\":\"rtnews\",\"@id\":\"https:\/\/now-news.de\/de\/#\/schema\/person\/fb534a4e865501d8b3285208df34a9b5\"},\"headline\":\"Krisen- und Insolvenzticker: Varta erwartet holprige Gesch\u00e4fte \u2013 Kurzarbeit f\u00fcr 500 Mitarbeiter\",\"datePublished\":\"2022-11-15T18:00:00+00:00\",\"dateModified\":\"2022-11-15T18:00:00+00:00\",\"mainEntityOfPage\":{\"@id\":\"https:\/\/now-news.de\/de\/deutschland\/krisen-und-insolvenzticker-varta-erwartet-holprige-geschaefte-kurzarbeit-fuer-500-mitarbeiter\/\"},\"wordCount\":1950,\"commentCount\":0,\"publisher\":{\"@id\":\"https:\/\/now-news.de\/de\/#organization\"},\"image\":{\"@id\":\"https:\/\/now-news.de\/de\/deutschland\/krisen-und-insolvenzticker-varta-erwartet-holprige-geschaefte-kurzarbeit-fuer-500-mitarbeiter\/#primaryimage\"},\"thumbnailUrl\":\"https:\/\/now-news.de\/de\/wp-content\/uploads\/sites\/3\/2022\/11\/Krisen-und-Insolvenzticker-Varta-erwartet-holprige-Geschaefte-\u2013-Kurzarbeit-fuer.jpg\",\"keywords\":[\"erwartet\",\"f\u00fcr\",\"Gesch\u00e4fte\",\"holprige\",\"Insolvenzticker\",\"Krisen\",\"Kurzarbeit\",\"Mitarbeiter\",\"und\",\"Varta\"],\"articleSection\":[\"Deutschland\",\"Russland\"],\"inLanguage\":\"de\",\"potentialAction\":[{\"@type\":\"CommentAction\",\"name\":\"Comment\",\"target\":[\"https:\/\/now-news.de\/de\/deutschland\/krisen-und-insolvenzticker-varta-erwartet-holprige-geschaefte-kurzarbeit-fuer-500-mitarbeiter\/#respond\"]}]},{\"@type\":\"WebPage\",\"@id\":\"https:\/\/now-news.de\/de\/deutschland\/krisen-und-insolvenzticker-varta-erwartet-holprige-geschaefte-kurzarbeit-fuer-500-mitarbeiter\/\",\"url\":\"https:\/\/now-news.de\/de\/deutschland\/krisen-und-insolvenzticker-varta-erwartet-holprige-geschaefte-kurzarbeit-fuer-500-mitarbeiter\/\",\"name\":\"Krisen- und Insolvenzticker: Varta erwartet holprige Gesch\u00e4fte \u2013 Kurzarbeit f\u00fcr 500 Mitarbeiter - just-now.NEWS Deutschland\",\"isPartOf\":{\"@id\":\"https:\/\/now-news.de\/de\/#website\"},\"primaryImageOfPage\":{\"@id\":\"https:\/\/now-news.de\/de\/deutschland\/krisen-und-insolvenzticker-varta-erwartet-holprige-geschaefte-kurzarbeit-fuer-500-mitarbeiter\/#primaryimage\"},\"image\":{\"@id\":\"https:\/\/now-news.de\/de\/deutschland\/krisen-und-insolvenzticker-varta-erwartet-holprige-geschaefte-kurzarbeit-fuer-500-mitarbeiter\/#primaryimage\"},\"thumbnailUrl\":\"https:\/\/now-news.de\/de\/wp-content\/uploads\/sites\/3\/2022\/11\/Krisen-und-Insolvenzticker-Varta-erwartet-holprige-Geschaefte-\u2013-Kurzarbeit-fuer.jpg\",\"datePublished\":\"2022-11-15T18:00:00+00:00\",\"dateModified\":\"2022-11-15T18:00:00+00:00\",\"breadcrumb\":{\"@id\":\"https:\/\/now-news.de\/de\/deutschland\/krisen-und-insolvenzticker-varta-erwartet-holprige-geschaefte-kurzarbeit-fuer-500-mitarbeiter\/#breadcrumb\"},\"inLanguage\":\"de\",\"potentialAction\":[{\"@type\":\"ReadAction\",\"target\":[\"https:\/\/now-news.de\/de\/deutschland\/krisen-und-insolvenzticker-varta-erwartet-holprige-geschaefte-kurzarbeit-fuer-500-mitarbeiter\/\"]}]},{\"@type\":\"ImageObject\",\"inLanguage\":\"de\",\"@id\":\"https:\/\/now-news.de\/de\/deutschland\/krisen-und-insolvenzticker-varta-erwartet-holprige-geschaefte-kurzarbeit-fuer-500-mitarbeiter\/#primaryimage\",\"url\":\"https:\/\/now-news.de\/de\/wp-content\/uploads\/sites\/3\/2022\/11\/Krisen-und-Insolvenzticker-Varta-erwartet-holprige-Geschaefte-\u2013-Kurzarbeit-fuer.jpg\",\"contentUrl\":\"https:\/\/now-news.de\/de\/wp-content\/uploads\/sites\/3\/2022\/11\/Krisen-und-Insolvenzticker-Varta-erwartet-holprige-Geschaefte-\u2013-Kurzarbeit-fuer.jpg\",\"width\":1024,\"height\":683,\"caption\":\"Krisen- und Insolvenzticker: Varta erwartet holprige Gesch\u00e4fte \u2013 Kurzarbeit f\u00fcr 500 Mitarbeiter\"},{\"@type\":\"BreadcrumbList\",\"@id\":\"https:\/\/now-news.de\/de\/deutschland\/krisen-und-insolvenzticker-varta-erwartet-holprige-geschaefte-kurzarbeit-fuer-500-mitarbeiter\/#breadcrumb\",\"itemListElement\":[{\"@type\":\"ListItem\",\"position\":1,\"name\":\"Home\",\"item\":\"https:\/\/now-news.de\/de\/\"},{\"@type\":\"ListItem\",\"position\":2,\"name\":\"Krisen- und Insolvenzticker: Varta erwartet holprige Gesch\u00e4fte \u2013 Kurzarbeit f\u00fcr 500 Mitarbeiter\"}]},{\"@type\":\"WebSite\",\"@id\":\"https:\/\/now-news.de\/de\/#website\",\"url\":\"https:\/\/now-news.de\/de\/\",\"name\":\"just-now.NEWS Deutschland\",\"description\":\"Das Portal f\u00fcr unzensierte Nachrichten aus der Welt\",\"publisher\":{\"@id\":\"https:\/\/now-news.de\/de\/#organization\"},\"potentialAction\":[{\"@type\":\"SearchAction\",\"target\":{\"@type\":\"EntryPoint\",\"urlTemplate\":\"https:\/\/now-news.de\/de\/?s={search_term_string}\"},\"query-input\":\"required name=search_term_string\"}],\"inLanguage\":\"de\"},{\"@type\":\"Organization\",\"@id\":\"https:\/\/now-news.de\/de\/#organization\",\"name\":\"Just Now News\",\"url\":\"https:\/\/now-news.de\/de\/\",\"logo\":{\"@type\":\"ImageObject\",\"inLanguage\":\"de\",\"@id\":\"https:\/\/now-news.de\/de\/#\/schema\/logo\/image\/\",\"url\":\"http:\/\/just-now.news\/de\/wp-content\/uploads\/sites\/3\/2022\/04\/logo500x500.jpg\",\"contentUrl\":\"http:\/\/just-now.news\/de\/wp-content\/uploads\/sites\/3\/2022\/04\/logo500x500.jpg\",\"width\":500,\"height\":500,\"caption\":\"Just Now News\"},\"image\":{\"@id\":\"https:\/\/now-news.de\/de\/#\/schema\/logo\/image\/\"},\"sameAs\":[\"https:\/\/www.facebook.com\/wirmachenauf\",\"https:\/\/x.com\/WirMachenAuf_de\"]},{\"@type\":\"Person\",\"@id\":\"https:\/\/now-news.de\/de\/#\/schema\/person\/fb534a4e865501d8b3285208df34a9b5\",\"name\":\"rtnews\",\"image\":{\"@type\":\"ImageObject\",\"inLanguage\":\"de\",\"@id\":\"https:\/\/now-news.de\/de\/#\/schema\/person\/image\/\",\"url\":\"https:\/\/secure.gravatar.com\/avatar\/82aafea7d8127119dd649515f56e2117?s=96&d=mm&r=g\",\"contentUrl\":\"https:\/\/secure.gravatar.com\/avatar\/82aafea7d8127119dd649515f56e2117?s=96&d=mm&r=g\",\"caption\":\"rtnews\"},\"url\":\"https:\/\/now-news.de\/de\/author\/rnews\/\"}]}<\/script>\n<!-- \/ Yoast SEO Premium plugin. -->","yoast_head_json":{"title":"Krisen- und Insolvenzticker: Varta erwartet holprige Gesch\u00e4fte \u2013 Kurzarbeit f\u00fcr 500 Mitarbeiter - just-now.NEWS Deutschland","robots":{"index":"index","follow":"follow","max-snippet":"max-snippet:-1","max-image-preview":"max-image-preview:large","max-video-preview":"max-video-preview:-1"},"canonical":"https:\/\/now-news.de\/de\/deutschland\/krisen-und-insolvenzticker-varta-erwartet-holprige-geschaefte-kurzarbeit-fuer-500-mitarbeiter\/","og_locale":"de_DE","og_type":"article","og_title":"Krisen- und Insolvenzticker: Varta erwartet holprige Gesch\u00e4fte \u2013 Kurzarbeit f\u00fcr 500 Mitarbeiter","og_description":"Die deutsche Wirtschaft rutscht immer tiefer in die Krise. Unter dem Druck dramatisch steigender Energiekosten und anderer ung\u00fcnstiger Rahmenbedingungen sind allein in diesem Jahr tausende Unternehmen insolvent gegangen. Wir fassen in diesem Ticker die wichtigsten Entwicklungen und Neuigkeiten zusammen. 15.11.2022 19:38 Uhr 19:38 Uhr Varta erwartet holprige Gesch\u00e4fte &#8211; Kurzarbeit f\u00fcr 500 Mitarbeiter Symbolbild: Varta-Batterien [&hellip;]","og_url":"https:\/\/now-news.de\/de\/deutschland\/krisen-und-insolvenzticker-varta-erwartet-holprige-geschaefte-kurzarbeit-fuer-500-mitarbeiter\/","og_site_name":"just-now.NEWS Deutschland","article_publisher":"https:\/\/www.facebook.com\/wirmachenauf","article_published_time":"2022-11-15T18:00:00+00:00","og_image":[{"width":1024,"height":683,"url":"https:\/\/now-news.de\/de\/wp-content\/uploads\/sites\/3\/2022\/11\/Krisen-und-Insolvenzticker-Varta-erwartet-holprige-Geschaefte-\u2013-Kurzarbeit-fuer.jpg","type":"image\/jpeg"}],"author":"rtnews","twitter_card":"summary_large_image","twitter_creator":"@WirMachenAuf_de","twitter_site":"@WirMachenAuf_de","twitter_misc":{"Verfasst von":"rtnews","Gesch\u00e4tzte Lesezeit":"10\u00a0Minuten"},"schema":{"@context":"https:\/\/schema.org","@graph":[{"@type":"Article","@id":"https:\/\/now-news.de\/de\/deutschland\/krisen-und-insolvenzticker-varta-erwartet-holprige-geschaefte-kurzarbeit-fuer-500-mitarbeiter\/#article","isPartOf":{"@id":"https:\/\/now-news.de\/de\/deutschland\/krisen-und-insolvenzticker-varta-erwartet-holprige-geschaefte-kurzarbeit-fuer-500-mitarbeiter\/"},"author":{"name":"rtnews","@id":"https:\/\/now-news.de\/de\/#\/schema\/person\/fb534a4e865501d8b3285208df34a9b5"},"headline":"Krisen- und Insolvenzticker: Varta erwartet holprige Gesch\u00e4fte \u2013 Kurzarbeit f\u00fcr 500 Mitarbeiter","datePublished":"2022-11-15T18:00:00+00:00","dateModified":"2022-11-15T18:00:00+00:00","mainEntityOfPage":{"@id":"https:\/\/now-news.de\/de\/deutschland\/krisen-und-insolvenzticker-varta-erwartet-holprige-geschaefte-kurzarbeit-fuer-500-mitarbeiter\/"},"wordCount":1950,"commentCount":0,"publisher":{"@id":"https:\/\/now-news.de\/de\/#organization"},"image":{"@id":"https:\/\/now-news.de\/de\/deutschland\/krisen-und-insolvenzticker-varta-erwartet-holprige-geschaefte-kurzarbeit-fuer-500-mitarbeiter\/#primaryimage"},"thumbnailUrl":"https:\/\/now-news.de\/de\/wp-content\/uploads\/sites\/3\/2022\/11\/Krisen-und-Insolvenzticker-Varta-erwartet-holprige-Geschaefte-\u2013-Kurzarbeit-fuer.jpg","keywords":["erwartet","f\u00fcr","Gesch\u00e4fte","holprige","Insolvenzticker","Krisen","Kurzarbeit","Mitarbeiter","und","Varta"],"articleSection":["Deutschland","Russland"],"inLanguage":"de","potentialAction":[{"@type":"CommentAction","name":"Comment","target":["https:\/\/now-news.de\/de\/deutschland\/krisen-und-insolvenzticker-varta-erwartet-holprige-geschaefte-kurzarbeit-fuer-500-mitarbeiter\/#respond"]}]},{"@type":"WebPage","@id":"https:\/\/now-news.de\/de\/deutschland\/krisen-und-insolvenzticker-varta-erwartet-holprige-geschaefte-kurzarbeit-fuer-500-mitarbeiter\/","url":"https:\/\/now-news.de\/de\/deutschland\/krisen-und-insolvenzticker-varta-erwartet-holprige-geschaefte-kurzarbeit-fuer-500-mitarbeiter\/","name":"Krisen- und Insolvenzticker: Varta erwartet holprige Gesch\u00e4fte \u2013 Kurzarbeit f\u00fcr 500 Mitarbeiter - just-now.NEWS Deutschland","isPartOf":{"@id":"https:\/\/now-news.de\/de\/#website"},"primaryImageOfPage":{"@id":"https:\/\/now-news.de\/de\/deutschland\/krisen-und-insolvenzticker-varta-erwartet-holprige-geschaefte-kurzarbeit-fuer-500-mitarbeiter\/#primaryimage"},"image":{"@id":"https:\/\/now-news.de\/de\/deutschland\/krisen-und-insolvenzticker-varta-erwartet-holprige-geschaefte-kurzarbeit-fuer-500-mitarbeiter\/#primaryimage"},"thumbnailUrl":"https:\/\/now-news.de\/de\/wp-content\/uploads\/sites\/3\/2022\/11\/Krisen-und-Insolvenzticker-Varta-erwartet-holprige-Geschaefte-\u2013-Kurzarbeit-fuer.jpg","datePublished":"2022-11-15T18:00:00+00:00","dateModified":"2022-11-15T18:00:00+00:00","breadcrumb":{"@id":"https:\/\/now-news.de\/de\/deutschland\/krisen-und-insolvenzticker-varta-erwartet-holprige-geschaefte-kurzarbeit-fuer-500-mitarbeiter\/#breadcrumb"},"inLanguage":"de","potentialAction":[{"@type":"ReadAction","target":["https:\/\/now-news.de\/de\/deutschland\/krisen-und-insolvenzticker-varta-erwartet-holprige-geschaefte-kurzarbeit-fuer-500-mitarbeiter\/"]}]},{"@type":"ImageObject","inLanguage":"de","@id":"https:\/\/now-news.de\/de\/deutschland\/krisen-und-insolvenzticker-varta-erwartet-holprige-geschaefte-kurzarbeit-fuer-500-mitarbeiter\/#primaryimage","url":"https:\/\/now-news.de\/de\/wp-content\/uploads\/sites\/3\/2022\/11\/Krisen-und-Insolvenzticker-Varta-erwartet-holprige-Geschaefte-\u2013-Kurzarbeit-fuer.jpg","contentUrl":"https:\/\/now-news.de\/de\/wp-content\/uploads\/sites\/3\/2022\/11\/Krisen-und-Insolvenzticker-Varta-erwartet-holprige-Geschaefte-\u2013-Kurzarbeit-fuer.jpg","width":1024,"height":683,"caption":"Krisen- und Insolvenzticker: Varta erwartet holprige Gesch\u00e4fte \u2013 Kurzarbeit f\u00fcr 500 Mitarbeiter"},{"@type":"BreadcrumbList","@id":"https:\/\/now-news.de\/de\/deutschland\/krisen-und-insolvenzticker-varta-erwartet-holprige-geschaefte-kurzarbeit-fuer-500-mitarbeiter\/#breadcrumb","itemListElement":[{"@type":"ListItem","position":1,"name":"Home","item":"https:\/\/now-news.de\/de\/"},{"@type":"ListItem","position":2,"name":"Krisen- und Insolvenzticker: Varta erwartet holprige Gesch\u00e4fte \u2013 Kurzarbeit f\u00fcr 500 Mitarbeiter"}]},{"@type":"WebSite","@id":"https:\/\/now-news.de\/de\/#website","url":"https:\/\/now-news.de\/de\/","name":"just-now.NEWS Deutschland","description":"Das Portal f\u00fcr unzensierte Nachrichten aus der Welt","publisher":{"@id":"https:\/\/now-news.de\/de\/#organization"},"potentialAction":[{"@type":"SearchAction","target":{"@type":"EntryPoint","urlTemplate":"https:\/\/now-news.de\/de\/?s={search_term_string}"},"query-input":"required name=search_term_string"}],"inLanguage":"de"},{"@type":"Organization","@id":"https:\/\/now-news.de\/de\/#organization","name":"Just Now News","url":"https:\/\/now-news.de\/de\/","logo":{"@type":"ImageObject","inLanguage":"de","@id":"https:\/\/now-news.de\/de\/#\/schema\/logo\/image\/","url":"http:\/\/just-now.news\/de\/wp-content\/uploads\/sites\/3\/2022\/04\/logo500x500.jpg","contentUrl":"http:\/\/just-now.news\/de\/wp-content\/uploads\/sites\/3\/2022\/04\/logo500x500.jpg","width":500,"height":500,"caption":"Just Now News"},"image":{"@id":"https:\/\/now-news.de\/de\/#\/schema\/logo\/image\/"},"sameAs":["https:\/\/www.facebook.com\/wirmachenauf","https:\/\/x.com\/WirMachenAuf_de"]},{"@type":"Person","@id":"https:\/\/now-news.de\/de\/#\/schema\/person\/fb534a4e865501d8b3285208df34a9b5","name":"rtnews","image":{"@type":"ImageObject","inLanguage":"de","@id":"https:\/\/now-news.de\/de\/#\/schema\/person\/image\/","url":"https:\/\/secure.gravatar.com\/avatar\/82aafea7d8127119dd649515f56e2117?s=96&d=mm&r=g","contentUrl":"https:\/\/secure.gravatar.com\/avatar\/82aafea7d8127119dd649515f56e2117?s=96&d=mm&r=g","caption":"rtnews"},"url":"https:\/\/now-news.de\/de\/author\/rnews\/"}]}},"_links":{"self":[{"href":"https:\/\/now-news.de\/de\/wp-json\/wp\/v2\/posts\/23235"}],"collection":[{"href":"https:\/\/now-news.de\/de\/wp-json\/wp\/v2\/posts"}],"about":[{"href":"https:\/\/now-news.de\/de\/wp-json\/wp\/v2\/types\/post"}],"author":[{"embeddable":true,"href":"https:\/\/now-news.de\/de\/wp-json\/wp\/v2\/users\/3"}],"replies":[{"embeddable":true,"href":"https:\/\/now-news.de\/de\/wp-json\/wp\/v2\/comments?post=23235"}],"version-history":[{"count":0,"href":"https:\/\/now-news.de\/de\/wp-json\/wp\/v2\/posts\/23235\/revisions"}],"wp:featuredmedia":[{"embeddable":true,"href":"https:\/\/now-news.de\/de\/wp-json\/wp\/v2\/media\/23236"}],"wp:attachment":[{"href":"https:\/\/now-news.de\/de\/wp-json\/wp\/v2\/media?parent=23235"}],"wp:term":[{"taxonomy":"category","embeddable":true,"href":"https:\/\/now-news.de\/de\/wp-json\/wp\/v2\/categories?post=23235"},{"taxonomy":"post_tag","embeddable":true,"href":"https:\/\/now-news.de\/de\/wp-json\/wp\/v2\/tags?post=23235"}],"curies":[{"name":"wp","href":"https:\/\/api.w.org\/{rel}","templated":true}]}}