{"id":23181,"date":"2022-11-15T12:42:56","date_gmt":"2022-11-15T10:42:56","guid":{"rendered":"http:\/\/just-now.news\/de\/deutschland\/neue-eu-sanktionen-gegen-iran-teheran-kritisiert-deutsche-haltung\/"},"modified":"2022-11-15T12:42:56","modified_gmt":"2022-11-15T10:42:56","slug":"neue-eu-sanktionen-gegen-iran-teheran-kritisiert-deutsche-haltung","status":"publish","type":"post","link":"https:\/\/now-news.de\/de\/deutschland\/neue-eu-sanktionen-gegen-iran-teheran-kritisiert-deutsche-haltung\/","title":{"rendered":"Neue EU-Sanktionen gegen Iran \u2013 Teheran kritisiert deutsche Haltung"},"content":{"rendered":"<p><img decoding=\"async\" src=\"http:\/\/just-now.news\/de\/wp-content\/uploads\/sites\/3\/2022\/11\/6373472148fbef54a7000b54.jpg\" \/><\/p>\n<div class=\"Text-root Text-type_1 \">\n                Die Au\u00dfenminister der EU-Mitgliedstaaten haben wegen angeblicher Menschenrechtsverletzungen neue Sanktionen gegen verantwortliche Personen und Organisationen in Iran verh\u00e4ngt. Iran hat Deutschland nach der Verh\u00e4ngung der Sanktionen scharf kritisiert.\n            <\/div>\n<p><\/p>\n<div class=\"Text-root Text-type_5 ArticleView-text ViewText-root \">\n<p>Die Europ\u00e4ische Union (EU) hat angesichts &#8220;systemkritischer Proteste&#8221; und angeblicher Menschenrechtsverletzungen in Iran Sanktionen gegen das Land verh\u00e4ngt. Die am Montag von den Au\u00dfenministern der 27 EU-Mitgliedstaaten einstimmig beschlossenen Strafma\u00dfnahmen richten sich demnach \u00fcberwiegend gegen verantwortliche Personen und Organisationen in Iran, wie die Nachrichtenagentur <em>dpa<\/em> berichtet. Insgesamt sollen 31 Personen und Einrichtungen von den Sanktionen betroffen sein.\u00a0Die Sanktionen\u00a0sollen die Iranische Revolutionsgarde treffen. Auf deren Einstufung als &#8220;Terrororganisation&#8221; konnte die EU sich aber nicht einigen.\u00a0\u00a0<\/p>\n<p>Iran hat Deutschland nach der Verh\u00e4ngung der neuen EU-Sanktionen scharf kritisiert. &#8220;Die deutschen Beh\u00f6rden sollten sich die Geschichte ihres eigenen Landes ansehen, die Geschichte der Menschenrechte im Zusammenhang mit der Bewaffnung eines Aggressorregimes (Irak unter Saddam Hussein) gegen Iran. Deutschland ist nicht in einer Position, Iran zu tadeln&#8221;, sagte Au\u00dfenamtssprecher Nasser Kanaani.<\/p>\n<p>Berlin hat seit den j\u00fcngsten Unruhen in Iran die F\u00fchrungsrolle f\u00fcr die Isolierung Teherans auf internationaler Ebene \u00fcbernommen. Der Ausl\u00f6ser der Unruhen in Iran war\u00a0der Tod\u00a0der 22-j\u00e4hrigen\u00a0Iranerin\u00a0Mahsa Amini im September\u00a0angeblich\u00a0in Polizeigewahrsam. Der Vorfall passt zu dem Konzept der amtierenden Au\u00dfenministerin\u00a0Annalena Baerbock, die von einer &#8220;feministischen Au\u00dfenpolitik&#8221; tr\u00e4umt.\u00a0<\/p>\n<p>Bereits Mitte Oktober hatte die EU ein erstes Sanktionspaket beschlossen, das sich gegen Mitglieder der iranischen &#8220;Sittenpolizei&#8221; sowie mehr als ein Dutzend weiterer Personen und Organisationen richtete.\u00a0<\/p>\n<p>Der dramatische Tod Aminis l\u00f6ste Mitte September eine Welle an Protesten in\u00a0Iran aus, die in kurzer Zeit in Unruhen und Mob-Gewalt aufgrund\u00a0der orchestrierten Kampagne des Westens bez\u00fcglich des Vorfalls umschlugen. Die Sicherheitskr\u00e4fte in Iran haben die Ausschreitungen zwar bereits unter Kontrolle bekommen, und die Protestwelle\u00a0ist abgeebbt \u2013 Strategen in der NATO und CIA\u00a0legen sich jedoch ins Zeug, um die &#8220;Proteste&#8221; am Kochen zu halten, indem sie\u00a0auf soziale Medien und die Verbreitung\u00a0von\u00a0Fake News setzen.<\/p>\n<p><strong>Mehr zum Thema &#8211;<\/strong>\u00a0<a rel=\"nofollow noopener\" target=\"_blank\" href=\"https:\/\/test.rtde.tech\/kurzclips\/video\/154197-wir-wollen-druck-erhoehen-scholz\/\">&#8220;Wir wollen den Druck erh\u00f6hen&#8221; \u2013 Scholz k\u00fcndigt weitere Sanktionen gegen Iran an<\/a><\/p>\n<\/div>\n<p><br \/>\n<br \/><a href=\"https:\/\/de.rt.com\/der-nahe-osten\/154349-eigene-geschichte-ansehen-iran-verurteilt\/\">Source link <\/a><\/p>\n","protected":false},"excerpt":{"rendered":"<p>Die Au\u00dfenminister der EU-Mitgliedstaaten haben wegen angeblicher Menschenrechtsverletzungen neue Sanktionen gegen verantwortliche Personen und Organisationen in Iran verh\u00e4ngt. Iran hat Deutschland nach der Verh\u00e4ngung der Sanktionen scharf kritisiert. Die Europ\u00e4ische Union (EU) hat angesichts &#8220;systemkritischer Proteste&#8221; und angeblicher Menschenrechtsverletzungen in Iran Sanktionen gegen das Land verh\u00e4ngt. Die am Montag von den Au\u00dfenministern der 27 EU-Mitgliedstaaten [&hellip;]<\/p>\n","protected":false},"author":3,"featured_media":23182,"comment_status":"open","ping_status":"open","sticky":false,"template":"","format":"standard","meta":{"wp_automatic_camp":["217"],"a13f5be3adcc5869b936bd74e13900e0":["Neue EU-Sanktionen gegen Iran \u2013 Teheran kritisiert deutsche Haltung"],"original_link":["https:\/\/de.rt.com\/der-nahe-osten\/154349-eigene-geschichte-ansehen-iran-verurteilt\/"],"_thumbnail_id":["23182"],"jnews_social_counter_last_update":["1777113100"]},"categories":[19,23],"tags":[2374,22596,278,11704,1786,739,1227,19900],"yoast_head":"<!-- This site is optimized with the Yoast SEO Premium plugin v22.7 (Yoast SEO v22.7) - https:\/\/yoast.com\/wordpress\/plugins\/seo\/ -->\n<title>Neue EU-Sanktionen gegen Iran \u2013 Teheran kritisiert deutsche Haltung - just-now.NEWS Deutschland<\/title>\n<meta name=\"robots\" content=\"index, follow, max-snippet:-1, max-image-preview:large, max-video-preview:-1\" \/>\n<link rel=\"canonical\" href=\"https:\/\/now-news.de\/de\/deutschland\/neue-eu-sanktionen-gegen-iran-teheran-kritisiert-deutsche-haltung\/\" \/>\n<meta property=\"og:locale\" content=\"de_DE\" \/>\n<meta property=\"og:type\" content=\"article\" \/>\n<meta property=\"og:title\" content=\"Neue EU-Sanktionen gegen Iran \u2013 Teheran kritisiert deutsche Haltung\" \/>\n<meta property=\"og:description\" content=\"Die Au\u00dfenminister der EU-Mitgliedstaaten haben wegen angeblicher Menschenrechtsverletzungen neue Sanktionen gegen verantwortliche Personen und Organisationen in Iran verh\u00e4ngt. Iran hat Deutschland nach der Verh\u00e4ngung der Sanktionen scharf kritisiert. Die Europ\u00e4ische Union (EU) hat angesichts &#8220;systemkritischer Proteste&#8221; und angeblicher Menschenrechtsverletzungen in Iran Sanktionen gegen das Land verh\u00e4ngt. Die am Montag von den Au\u00dfenministern der 27 EU-Mitgliedstaaten [&hellip;]\" \/>\n<meta property=\"og:url\" content=\"https:\/\/now-news.de\/de\/deutschland\/neue-eu-sanktionen-gegen-iran-teheran-kritisiert-deutsche-haltung\/\" \/>\n<meta property=\"og:site_name\" content=\"just-now.NEWS Deutschland\" \/>\n<meta property=\"article:publisher\" content=\"https:\/\/www.facebook.com\/wirmachenauf\" \/>\n<meta property=\"article:published_time\" content=\"2022-11-15T10:42:56+00:00\" \/>\n<meta property=\"og:image\" content=\"https:\/\/now-news.de\/de\/wp-content\/uploads\/sites\/3\/2022\/11\/Neue-EU-Sanktionen-gegen-Iran-\u2013-Teheran-kritisiert-deutsche-Haltung.jpg\" \/>\n\t<meta property=\"og:image:width\" content=\"460\" \/>\n\t<meta property=\"og:image:height\" content=\"259\" \/>\n\t<meta property=\"og:image:type\" content=\"image\/jpeg\" \/>\n<meta name=\"author\" content=\"rtnews\" \/>\n<meta name=\"twitter:card\" content=\"summary_large_image\" \/>\n<meta name=\"twitter:creator\" content=\"@WirMachenAuf_de\" \/>\n<meta name=\"twitter:site\" content=\"@WirMachenAuf_de\" \/>\n<meta name=\"twitter:label1\" content=\"Verfasst von\" \/>\n\t<meta name=\"twitter:data1\" content=\"rtnews\" \/>\n\t<meta name=\"twitter:label2\" content=\"Gesch\u00e4tzte Lesezeit\" \/>\n\t<meta name=\"twitter:data2\" content=\"2\u00a0Minuten\" \/>\n<script type=\"application\/ld+json\" class=\"yoast-schema-graph\">{\"@context\":\"https:\/\/schema.org\",\"@graph\":[{\"@type\":\"Article\",\"@id\":\"https:\/\/now-news.de\/de\/deutschland\/neue-eu-sanktionen-gegen-iran-teheran-kritisiert-deutsche-haltung\/#article\",\"isPartOf\":{\"@id\":\"https:\/\/now-news.de\/de\/deutschland\/neue-eu-sanktionen-gegen-iran-teheran-kritisiert-deutsche-haltung\/\"},\"author\":{\"name\":\"rtnews\",\"@id\":\"https:\/\/now-news.de\/de\/#\/schema\/person\/fb534a4e865501d8b3285208df34a9b5\"},\"headline\":\"Neue EU-Sanktionen gegen Iran \u2013 Teheran kritisiert deutsche Haltung\",\"datePublished\":\"2022-11-15T10:42:56+00:00\",\"dateModified\":\"2022-11-15T10:42:56+00:00\",\"mainEntityOfPage\":{\"@id\":\"https:\/\/now-news.de\/de\/deutschland\/neue-eu-sanktionen-gegen-iran-teheran-kritisiert-deutsche-haltung\/\"},\"wordCount\":364,\"commentCount\":0,\"publisher\":{\"@id\":\"https:\/\/now-news.de\/de\/#organization\"},\"image\":{\"@id\":\"https:\/\/now-news.de\/de\/deutschland\/neue-eu-sanktionen-gegen-iran-teheran-kritisiert-deutsche-haltung\/#primaryimage\"},\"thumbnailUrl\":\"https:\/\/now-news.de\/de\/wp-content\/uploads\/sites\/3\/2022\/11\/Neue-EU-Sanktionen-gegen-Iran-\u2013-Teheran-kritisiert-deutsche-Haltung.jpg\",\"keywords\":[\"Deutsche\",\"EUSanktionen\",\"gegen\",\"Haltung\",\"Iran\",\"kritisiert\",\"NEUE\",\"Teheran\"],\"articleSection\":[\"Deutschland\",\"Russland\"],\"inLanguage\":\"de\",\"potentialAction\":[{\"@type\":\"CommentAction\",\"name\":\"Comment\",\"target\":[\"https:\/\/now-news.de\/de\/deutschland\/neue-eu-sanktionen-gegen-iran-teheran-kritisiert-deutsche-haltung\/#respond\"]}]},{\"@type\":\"WebPage\",\"@id\":\"https:\/\/now-news.de\/de\/deutschland\/neue-eu-sanktionen-gegen-iran-teheran-kritisiert-deutsche-haltung\/\",\"url\":\"https:\/\/now-news.de\/de\/deutschland\/neue-eu-sanktionen-gegen-iran-teheran-kritisiert-deutsche-haltung\/\",\"name\":\"Neue EU-Sanktionen gegen Iran \u2013 Teheran kritisiert deutsche Haltung - just-now.NEWS Deutschland\",\"isPartOf\":{\"@id\":\"https:\/\/now-news.de\/de\/#website\"},\"primaryImageOfPage\":{\"@id\":\"https:\/\/now-news.de\/de\/deutschland\/neue-eu-sanktionen-gegen-iran-teheran-kritisiert-deutsche-haltung\/#primaryimage\"},\"image\":{\"@id\":\"https:\/\/now-news.de\/de\/deutschland\/neue-eu-sanktionen-gegen-iran-teheran-kritisiert-deutsche-haltung\/#primaryimage\"},\"thumbnailUrl\":\"https:\/\/now-news.de\/de\/wp-content\/uploads\/sites\/3\/2022\/11\/Neue-EU-Sanktionen-gegen-Iran-\u2013-Teheran-kritisiert-deutsche-Haltung.jpg\",\"datePublished\":\"2022-11-15T10:42:56+00:00\",\"dateModified\":\"2022-11-15T10:42:56+00:00\",\"breadcrumb\":{\"@id\":\"https:\/\/now-news.de\/de\/deutschland\/neue-eu-sanktionen-gegen-iran-teheran-kritisiert-deutsche-haltung\/#breadcrumb\"},\"inLanguage\":\"de\",\"potentialAction\":[{\"@type\":\"ReadAction\",\"target\":[\"https:\/\/now-news.de\/de\/deutschland\/neue-eu-sanktionen-gegen-iran-teheran-kritisiert-deutsche-haltung\/\"]}]},{\"@type\":\"ImageObject\",\"inLanguage\":\"de\",\"@id\":\"https:\/\/now-news.de\/de\/deutschland\/neue-eu-sanktionen-gegen-iran-teheran-kritisiert-deutsche-haltung\/#primaryimage\",\"url\":\"https:\/\/now-news.de\/de\/wp-content\/uploads\/sites\/3\/2022\/11\/Neue-EU-Sanktionen-gegen-Iran-\u2013-Teheran-kritisiert-deutsche-Haltung.jpg\",\"contentUrl\":\"https:\/\/now-news.de\/de\/wp-content\/uploads\/sites\/3\/2022\/11\/Neue-EU-Sanktionen-gegen-Iran-\u2013-Teheran-kritisiert-deutsche-Haltung.jpg\",\"width\":460,\"height\":259,\"caption\":\"Neue EU-Sanktionen gegen Iran \u2013 Teheran kritisiert deutsche Haltung\"},{\"@type\":\"BreadcrumbList\",\"@id\":\"https:\/\/now-news.de\/de\/deutschland\/neue-eu-sanktionen-gegen-iran-teheran-kritisiert-deutsche-haltung\/#breadcrumb\",\"itemListElement\":[{\"@type\":\"ListItem\",\"position\":1,\"name\":\"Home\",\"item\":\"https:\/\/now-news.de\/de\/\"},{\"@type\":\"ListItem\",\"position\":2,\"name\":\"Neue EU-Sanktionen gegen Iran \u2013 Teheran kritisiert deutsche Haltung\"}]},{\"@type\":\"WebSite\",\"@id\":\"https:\/\/now-news.de\/de\/#website\",\"url\":\"https:\/\/now-news.de\/de\/\",\"name\":\"just-now.NEWS Deutschland\",\"description\":\"Das Portal f\u00fcr unzensierte Nachrichten aus der Welt\",\"publisher\":{\"@id\":\"https:\/\/now-news.de\/de\/#organization\"},\"potentialAction\":[{\"@type\":\"SearchAction\",\"target\":{\"@type\":\"EntryPoint\",\"urlTemplate\":\"https:\/\/now-news.de\/de\/?s={search_term_string}\"},\"query-input\":\"required name=search_term_string\"}],\"inLanguage\":\"de\"},{\"@type\":\"Organization\",\"@id\":\"https:\/\/now-news.de\/de\/#organization\",\"name\":\"Just Now News\",\"url\":\"https:\/\/now-news.de\/de\/\",\"logo\":{\"@type\":\"ImageObject\",\"inLanguage\":\"de\",\"@id\":\"https:\/\/now-news.de\/de\/#\/schema\/logo\/image\/\",\"url\":\"http:\/\/just-now.news\/de\/wp-content\/uploads\/sites\/3\/2022\/04\/logo500x500.jpg\",\"contentUrl\":\"http:\/\/just-now.news\/de\/wp-content\/uploads\/sites\/3\/2022\/04\/logo500x500.jpg\",\"width\":500,\"height\":500,\"caption\":\"Just Now News\"},\"image\":{\"@id\":\"https:\/\/now-news.de\/de\/#\/schema\/logo\/image\/\"},\"sameAs\":[\"https:\/\/www.facebook.com\/wirmachenauf\",\"https:\/\/x.com\/WirMachenAuf_de\"]},{\"@type\":\"Person\",\"@id\":\"https:\/\/now-news.de\/de\/#\/schema\/person\/fb534a4e865501d8b3285208df34a9b5\",\"name\":\"rtnews\",\"image\":{\"@type\":\"ImageObject\",\"inLanguage\":\"de\",\"@id\":\"https:\/\/now-news.de\/de\/#\/schema\/person\/image\/\",\"url\":\"https:\/\/secure.gravatar.com\/avatar\/82aafea7d8127119dd649515f56e2117?s=96&d=mm&r=g\",\"contentUrl\":\"https:\/\/secure.gravatar.com\/avatar\/82aafea7d8127119dd649515f56e2117?s=96&d=mm&r=g\",\"caption\":\"rtnews\"},\"url\":\"https:\/\/now-news.de\/de\/author\/rnews\/\"}]}<\/script>\n<!-- \/ Yoast SEO Premium plugin. -->","yoast_head_json":{"title":"Neue EU-Sanktionen gegen Iran \u2013 Teheran kritisiert deutsche Haltung - just-now.NEWS Deutschland","robots":{"index":"index","follow":"follow","max-snippet":"max-snippet:-1","max-image-preview":"max-image-preview:large","max-video-preview":"max-video-preview:-1"},"canonical":"https:\/\/now-news.de\/de\/deutschland\/neue-eu-sanktionen-gegen-iran-teheran-kritisiert-deutsche-haltung\/","og_locale":"de_DE","og_type":"article","og_title":"Neue EU-Sanktionen gegen Iran \u2013 Teheran kritisiert deutsche Haltung","og_description":"Die Au\u00dfenminister der EU-Mitgliedstaaten haben wegen angeblicher Menschenrechtsverletzungen neue Sanktionen gegen verantwortliche Personen und Organisationen in Iran verh\u00e4ngt. Iran hat Deutschland nach der Verh\u00e4ngung der Sanktionen scharf kritisiert. Die Europ\u00e4ische Union (EU) hat angesichts &#8220;systemkritischer Proteste&#8221; und angeblicher Menschenrechtsverletzungen in Iran Sanktionen gegen das Land verh\u00e4ngt. Die am Montag von den Au\u00dfenministern der 27 EU-Mitgliedstaaten [&hellip;]","og_url":"https:\/\/now-news.de\/de\/deutschland\/neue-eu-sanktionen-gegen-iran-teheran-kritisiert-deutsche-haltung\/","og_site_name":"just-now.NEWS Deutschland","article_publisher":"https:\/\/www.facebook.com\/wirmachenauf","article_published_time":"2022-11-15T10:42:56+00:00","og_image":[{"width":460,"height":259,"url":"https:\/\/now-news.de\/de\/wp-content\/uploads\/sites\/3\/2022\/11\/Neue-EU-Sanktionen-gegen-Iran-\u2013-Teheran-kritisiert-deutsche-Haltung.jpg","type":"image\/jpeg"}],"author":"rtnews","twitter_card":"summary_large_image","twitter_creator":"@WirMachenAuf_de","twitter_site":"@WirMachenAuf_de","twitter_misc":{"Verfasst von":"rtnews","Gesch\u00e4tzte Lesezeit":"2\u00a0Minuten"},"schema":{"@context":"https:\/\/schema.org","@graph":[{"@type":"Article","@id":"https:\/\/now-news.de\/de\/deutschland\/neue-eu-sanktionen-gegen-iran-teheran-kritisiert-deutsche-haltung\/#article","isPartOf":{"@id":"https:\/\/now-news.de\/de\/deutschland\/neue-eu-sanktionen-gegen-iran-teheran-kritisiert-deutsche-haltung\/"},"author":{"name":"rtnews","@id":"https:\/\/now-news.de\/de\/#\/schema\/person\/fb534a4e865501d8b3285208df34a9b5"},"headline":"Neue EU-Sanktionen gegen Iran \u2013 Teheran kritisiert deutsche Haltung","datePublished":"2022-11-15T10:42:56+00:00","dateModified":"2022-11-15T10:42:56+00:00","mainEntityOfPage":{"@id":"https:\/\/now-news.de\/de\/deutschland\/neue-eu-sanktionen-gegen-iran-teheran-kritisiert-deutsche-haltung\/"},"wordCount":364,"commentCount":0,"publisher":{"@id":"https:\/\/now-news.de\/de\/#organization"},"image":{"@id":"https:\/\/now-news.de\/de\/deutschland\/neue-eu-sanktionen-gegen-iran-teheran-kritisiert-deutsche-haltung\/#primaryimage"},"thumbnailUrl":"https:\/\/now-news.de\/de\/wp-content\/uploads\/sites\/3\/2022\/11\/Neue-EU-Sanktionen-gegen-Iran-\u2013-Teheran-kritisiert-deutsche-Haltung.jpg","keywords":["Deutsche","EUSanktionen","gegen","Haltung","Iran","kritisiert","NEUE","Teheran"],"articleSection":["Deutschland","Russland"],"inLanguage":"de","potentialAction":[{"@type":"CommentAction","name":"Comment","target":["https:\/\/now-news.de\/de\/deutschland\/neue-eu-sanktionen-gegen-iran-teheran-kritisiert-deutsche-haltung\/#respond"]}]},{"@type":"WebPage","@id":"https:\/\/now-news.de\/de\/deutschland\/neue-eu-sanktionen-gegen-iran-teheran-kritisiert-deutsche-haltung\/","url":"https:\/\/now-news.de\/de\/deutschland\/neue-eu-sanktionen-gegen-iran-teheran-kritisiert-deutsche-haltung\/","name":"Neue EU-Sanktionen gegen Iran \u2013 Teheran kritisiert deutsche Haltung - just-now.NEWS Deutschland","isPartOf":{"@id":"https:\/\/now-news.de\/de\/#website"},"primaryImageOfPage":{"@id":"https:\/\/now-news.de\/de\/deutschland\/neue-eu-sanktionen-gegen-iran-teheran-kritisiert-deutsche-haltung\/#primaryimage"},"image":{"@id":"https:\/\/now-news.de\/de\/deutschland\/neue-eu-sanktionen-gegen-iran-teheran-kritisiert-deutsche-haltung\/#primaryimage"},"thumbnailUrl":"https:\/\/now-news.de\/de\/wp-content\/uploads\/sites\/3\/2022\/11\/Neue-EU-Sanktionen-gegen-Iran-\u2013-Teheran-kritisiert-deutsche-Haltung.jpg","datePublished":"2022-11-15T10:42:56+00:00","dateModified":"2022-11-15T10:42:56+00:00","breadcrumb":{"@id":"https:\/\/now-news.de\/de\/deutschland\/neue-eu-sanktionen-gegen-iran-teheran-kritisiert-deutsche-haltung\/#breadcrumb"},"inLanguage":"de","potentialAction":[{"@type":"ReadAction","target":["https:\/\/now-news.de\/de\/deutschland\/neue-eu-sanktionen-gegen-iran-teheran-kritisiert-deutsche-haltung\/"]}]},{"@type":"ImageObject","inLanguage":"de","@id":"https:\/\/now-news.de\/de\/deutschland\/neue-eu-sanktionen-gegen-iran-teheran-kritisiert-deutsche-haltung\/#primaryimage","url":"https:\/\/now-news.de\/de\/wp-content\/uploads\/sites\/3\/2022\/11\/Neue-EU-Sanktionen-gegen-Iran-\u2013-Teheran-kritisiert-deutsche-Haltung.jpg","contentUrl":"https:\/\/now-news.de\/de\/wp-content\/uploads\/sites\/3\/2022\/11\/Neue-EU-Sanktionen-gegen-Iran-\u2013-Teheran-kritisiert-deutsche-Haltung.jpg","width":460,"height":259,"caption":"Neue EU-Sanktionen gegen Iran \u2013 Teheran kritisiert deutsche Haltung"},{"@type":"BreadcrumbList","@id":"https:\/\/now-news.de\/de\/deutschland\/neue-eu-sanktionen-gegen-iran-teheran-kritisiert-deutsche-haltung\/#breadcrumb","itemListElement":[{"@type":"ListItem","position":1,"name":"Home","item":"https:\/\/now-news.de\/de\/"},{"@type":"ListItem","position":2,"name":"Neue EU-Sanktionen gegen Iran \u2013 Teheran kritisiert deutsche Haltung"}]},{"@type":"WebSite","@id":"https:\/\/now-news.de\/de\/#website","url":"https:\/\/now-news.de\/de\/","name":"just-now.NEWS Deutschland","description":"Das Portal f\u00fcr unzensierte Nachrichten aus der Welt","publisher":{"@id":"https:\/\/now-news.de\/de\/#organization"},"potentialAction":[{"@type":"SearchAction","target":{"@type":"EntryPoint","urlTemplate":"https:\/\/now-news.de\/de\/?s={search_term_string}"},"query-input":"required name=search_term_string"}],"inLanguage":"de"},{"@type":"Organization","@id":"https:\/\/now-news.de\/de\/#organization","name":"Just Now News","url":"https:\/\/now-news.de\/de\/","logo":{"@type":"ImageObject","inLanguage":"de","@id":"https:\/\/now-news.de\/de\/#\/schema\/logo\/image\/","url":"http:\/\/just-now.news\/de\/wp-content\/uploads\/sites\/3\/2022\/04\/logo500x500.jpg","contentUrl":"http:\/\/just-now.news\/de\/wp-content\/uploads\/sites\/3\/2022\/04\/logo500x500.jpg","width":500,"height":500,"caption":"Just Now News"},"image":{"@id":"https:\/\/now-news.de\/de\/#\/schema\/logo\/image\/"},"sameAs":["https:\/\/www.facebook.com\/wirmachenauf","https:\/\/x.com\/WirMachenAuf_de"]},{"@type":"Person","@id":"https:\/\/now-news.de\/de\/#\/schema\/person\/fb534a4e865501d8b3285208df34a9b5","name":"rtnews","image":{"@type":"ImageObject","inLanguage":"de","@id":"https:\/\/now-news.de\/de\/#\/schema\/person\/image\/","url":"https:\/\/secure.gravatar.com\/avatar\/82aafea7d8127119dd649515f56e2117?s=96&d=mm&r=g","contentUrl":"https:\/\/secure.gravatar.com\/avatar\/82aafea7d8127119dd649515f56e2117?s=96&d=mm&r=g","caption":"rtnews"},"url":"https:\/\/now-news.de\/de\/author\/rnews\/"}]}},"_links":{"self":[{"href":"https:\/\/now-news.de\/de\/wp-json\/wp\/v2\/posts\/23181"}],"collection":[{"href":"https:\/\/now-news.de\/de\/wp-json\/wp\/v2\/posts"}],"about":[{"href":"https:\/\/now-news.de\/de\/wp-json\/wp\/v2\/types\/post"}],"author":[{"embeddable":true,"href":"https:\/\/now-news.de\/de\/wp-json\/wp\/v2\/users\/3"}],"replies":[{"embeddable":true,"href":"https:\/\/now-news.de\/de\/wp-json\/wp\/v2\/comments?post=23181"}],"version-history":[{"count":0,"href":"https:\/\/now-news.de\/de\/wp-json\/wp\/v2\/posts\/23181\/revisions"}],"wp:featuredmedia":[{"embeddable":true,"href":"https:\/\/now-news.de\/de\/wp-json\/wp\/v2\/media\/23182"}],"wp:attachment":[{"href":"https:\/\/now-news.de\/de\/wp-json\/wp\/v2\/media?parent=23181"}],"wp:term":[{"taxonomy":"category","embeddable":true,"href":"https:\/\/now-news.de\/de\/wp-json\/wp\/v2\/categories?post=23181"},{"taxonomy":"post_tag","embeddable":true,"href":"https:\/\/now-news.de\/de\/wp-json\/wp\/v2\/tags?post=23181"}],"curies":[{"name":"wp","href":"https:\/\/api.w.org\/{rel}","templated":true}]}}