{"id":23151,"date":"2022-11-14T21:16:05","date_gmt":"2022-11-14T19:16:05","guid":{"rendered":"http:\/\/just-now.news\/de\/deutschland\/tuerkischer-innenminister-zum-anschlag-wir-haben-die-nachricht-erhalten\/"},"modified":"2022-11-14T21:16:05","modified_gmt":"2022-11-14T19:16:05","slug":"tuerkischer-innenminister-zum-anschlag-wir-haben-die-nachricht-erhalten","status":"publish","type":"post","link":"https:\/\/now-news.de\/de\/deutschland\/tuerkischer-innenminister-zum-anschlag-wir-haben-die-nachricht-erhalten\/","title":{"rendered":"T\u00fcrkischer Innenminister zum Anschlag: &quot;Wir haben die Nachricht erhalten&quot;"},"content":{"rendered":"<p><img decoding=\"async\" src=\"http:\/\/just-now.news\/de\/wp-content\/uploads\/sites\/3\/2022\/11\/63727d54b480cc14c86e78b5.jpg\" \/><\/p>\n<div class=\"Text-root Text-type_1 \">\n                Der t\u00fcrkische Pr\u00e4sident Erdo\u011fan spielt ein kompliziertes Spiel, aber stets im Interesse seines Landes. Die USA sind zwar formell Verb\u00fcndete, faktisch aber Gegner. Wie meist liegen die Gr\u00fcnde daf\u00fcr in der \u00d6konomie. In diesem Zusammenhang wird auch der Anschlag in Istanbul gesehen.\n            <\/div>\n<p><\/p>\n<div class=\"Text-root Text-type_5 ArticleView-text ViewText-root \">\n<p><em>Von Dagmar Henn<\/em><\/p>\n<p>Wer die Politik der T\u00fcrkei in den vergangenen Jahren beobachtet hat, den wundert ein Anschlag in der Innenstadt Istanbuls wenig. Schlie\u00dflich hat der t\u00fcrkische Pr\u00e4sident Recep Tayyip Erdo\u011fan in den letzten Jahren sichtbar versucht, die Unabh\u00e4ngigkeit seines Landes zwischen Russland und der NATO zu erhalten. Zuletzt hatte er aber eine st\u00e4rkere Neigung Richtung Russland gezeigt.<\/p>\n<p>Das hat mehrere, durchaus nachvollziehbare Gr\u00fcnde. Die T\u00fcrkei ist ein Land, dessen Bev\u00f6lkerung immer noch w\u00e4chst. Der Altersdurchschnitt <a rel=\"nofollow noopener\" target=\"_blank\" href=\"https:\/\/www.laenderdaten.info\/durchschnittsalter.php\">liegt<\/a> mit 32,2 Jahren zwar leicht \u00fcber dem nordafrikanischer L\u00e4nder, aber weit unter dem deutschen von 47,8 (der nur noch von Japan \u00fcbertroffen wird). Allein diese Tatsache erzwingt geradezu, das wirtschaftliche Wachstum zu bewahren. Die Wachstumsrate im Jahr 2021 lag bei elf Prozent. Dieses Jahr d\u00fcrfte sie deutlich darunter liegen, da die Importe noch \u00fcber den Exporten liegen und die Preise dieser Importe deutlich angezogen haben. Die t\u00fcrkische Zentralbank allerdings hat die Zinsen bisher nicht erh\u00f6ht, sondern trotz einer Rekordinflation von offiziell 83 Prozent weiter gesenkt.<\/p>\n<p>Hauptziel der Exporte aus der T\u00fcrkei sind die L\u00e4nder der EU, Hauptquelle der Importe ist China. Aber in den letzten zwanzig Jahren hat sich die t\u00fcrkische Wirtschaft deutlich diversifiziert, sich hin zu komplexer industrieller Produktion entwickelt\u00a0\u2013 inzwischen werden sogar Autos exportiert \u2013 und im Jahr 2020 beinahe eine ausgeglichene Handelsbilanz erreicht.<\/p>\n<p>Dass Erdo\u011fan f\u00fcr russische Angebote, sein Land nicht nur mit g\u00fcnstiger Energie zu versorgen, sondern sogar zum Drehkreuz der Lieferinfrastruktur zu machen, empf\u00e4nglich ist, ist da nur logisch. Tats\u00e4chlich deutet sich bereits an, dass in Ankara die Chancen, die sich aus den begrenzt intelligenten Entscheidungen der EU-L\u00e4nder im Umgang mit Russland ergeben, deutlich gesehen werden. Ein Beispiel daf\u00fcr ist das Ansinnen von Turkish Airlines, mehr Start- und Landezeiten auf europ\u00e4ischen Flugh\u00e4fen zu <a rel=\"nofollow noopener\" target=\"_blank\" href=\"https:\/\/www.handelsblatt.com\/unternehmen\/handel-konsumgueter\/turkish-airlines-fluggesellschaft-will-die-schwaeche-von-lufthansa-und-anderen-nutzen\/28794168.html\">erhalten<\/a>. Man k\u00f6nnte sagen, die T\u00fcrkei begibt sich schon einmal in die Startposition, um m\u00f6glichst gro\u00dfe Teile der M\u00e4rkte, die der europ\u00e4ischen Industrie aufgrund der hohen Energiekosten wegbrechen, \u00fcbernehmen zu k\u00f6nnen. Erdo\u011fan d\u00fcrfte mit Schadenfreude zur Kenntnis genommen haben, dass sich die Tatsache, jahrzehntelang vergeblich auf der Schwelle der EU warten zu m\u00fcssen, pl\u00f6tzlich von einem Nachteil in einen Vorteil verwandelt hat \u2013 auch in Hinsicht auf die Entwicklung des Gasfeldes vor der t\u00fcrkischen K\u00fcste. Die Zinspolitik deutet darauf hin, dass auf den europ\u00e4ischen Abstieg spekuliert wird. Schlie\u00dflich ist der Zeitraum, der durchgehalten werden muss, begrenzt.<\/p>\n<p>Diese wirtschaftlichen Daten zeigen, dass den Interessen der T\u00fcrkei am besten gedient w\u00e4re, wenn die Schaukelpolitik zwischen Ost und West so lange wie m\u00f6glich beibehalten wird. Letztlich sollte die Entscheidung in Richtung Osten fallen, da ohne den Joker g\u00fcnstiger Energie alle Optionen, die sich aus den europ\u00e4ischen Fehlern ergeben, verloren gehen. Es ist somit allen Beteiligten weitgehend klar, dass das NATO-Mitglied T\u00fcrkei im Moment die M\u00f6glichkeiten nutzt, den Beitritt Schwedens und Finnlands zu verz\u00f6gern, die eigene Mitgliedschaft allerdings bereits mit einem Verfallsdatum versehen ist.<\/p>\n<p>Das Verh\u00e4ltnis zu den Vereinigten Staaten ist sp\u00e4testens seit dem Putschversuch gegen Erdo\u011fan im Jahr 2016 nicht wirklich rosig. Damals war es eine Warnung aus Russland, die den Sturz des t\u00fcrkischen Pr\u00e4sidenten durch das eigene Milit\u00e4r verhinderte. Inzwischen d\u00fcrften die Zugriffsm\u00f6glichkeiten der USA auf das t\u00fcrkische Milit\u00e4r deutlich zur\u00fcckgegangen sein.<\/p>\n<p>Die PKK wiederum, die \u2013 zumindest im Moment \u2013 der Ausf\u00fchrung dieses Terroranschlags beschuldigt wird, hat sich in Syrien erkennbar mit den USA verb\u00fcndet, gegen die syrische Regierung. Die augenblickliche Verd\u00e4chtige ist syrische Staatsb\u00fcrgerin und soll nach Angaben eines t\u00fcrkischen Senders <a rel=\"nofollow noopener\" target=\"_blank\" href=\"https:\/\/www.br.de\/nachrichten\/deutschland-welt\/verletzte-bei-starker-explosion-im-zentrum-von-istanbul,TN4fpX7\">gestanden<\/a> haben, den Auftrag zu diesem Anschlag in Kobane erhalten zu haben. Die PKK hat in der Vergangenheit zwar mehrfach zu terroristischen Methoden gegriffen, sich aber in der Regel an Ziele im Sicherheitsapparat <a rel=\"nofollow noopener\" target=\"_blank\" href=\"https:\/\/de.wikipedia.org\/wiki\/Liste_von_Anschl%C3%A4gen_der_Arbeiterpartei_Kurdistans\">gehalten<\/a>. Allerdings w\u00e4re es durchaus vorstellbar, dass die Frau nur in dem Glauben gehandelt hat, von der kurdischen Organisation beauftragt worden zu sein: Der Preis einer Zusammenarbeit mit den USA ist immer auch, dass deren eigene Agenten allgegenw\u00e4rtig sind. Warum sollte nicht jemand vort\u00e4uschen, im Namen der PKK zu handeln, der es tats\u00e4chlich im Auftrag US-amerikanischer Dienste tut?<\/p>\n<p>Der t\u00fcrkische Innenminister S\u00fcleyman Soylu scheint jedenfalls genau dieser Ansicht zu sein.<\/p>\n<div class=\"EmbedBlock-root EmbedBlock-twitter\">\n<div class=\"TwitterEmbed\">\n<blockquote class=\"twitter-tweet lazyload\" data-twitter=\"twitter-tweet\">\n<p lang=\"en\" dir=\"ltr\">Here is a link&#8230;Sorry for keep you waiting&#8230;<a rel=\"nofollow noopener\" target=\"_blank\" href=\"https:\/\/t.co\/h6bpkXjqzh\">https:\/\/t.co\/h6bpkXjqzh<\/a><\/p>\n<p>\u2014 AZ ?\ufff0\uff9f\uff8c\uff8f?\ufff0\uff9f\uff8c\uff8e (@AZgeopolitics) <a rel=\"nofollow noopener\" target=\"_blank\" href=\"https:\/\/twitter.com\/AZgeopolitics\/status\/1592082322769285121?ref_src=twsrc%5Etfw\">November 14, 2022<\/a><\/p><\/blockquote>\n<\/div>\n<\/div>\n<p>&#8220;Wir wissen, wo der Angriff auf uns geplant wurde. Wir haben die Nachricht, die uns geschickt wurde, erhalten und wir wissen, welcher Art diese Nachricht ist. Wir akzeptieren die Beileidsbekundungen der US-Botschaft nicht \u2026 h\u00e4tten wir den Angreifer nicht gefasst, er w\u00e4re nach Griechenland geflohen.&#8221;<\/p>\n<p>CNN T\u00fcrkei <a rel=\"nofollow noopener\" target=\"_blank\" href=\"https:\/\/www.cnnturk.com\/video\/turkiye\/son-dakika-istiklal-caddesinde-pkk-saldirisi-bakan-soylu-abdnin-taziyesini-kabul-etmiyoruz\">zitierte<\/a> noch weitere Teile dieser Aussage schriftlich. Schon allein, dass ein t\u00fcrkischer Innenminister es ablehnt, die PKK zu beschuldigen, ist extrem auff\u00e4llig, selbst wenn das Muster des Anschlags nicht zu ihr passt. Soylu berichtete, dass es einen Auftrag seitens der Organisatoren des Anschlags gegeben habe, die Ausf\u00fchrende zu beseitigen. T\u00fcrkische Sicherheitsorgane h\u00e4tten diesen Auftrag mitgeh\u00f6rt und dessen Ausf\u00fchrung verhindert. Au\u00dferdem sagte er, dass zurzeit noch einige weitere Eins\u00e4tze liefen.<\/p>\n<p>Objektiv gesehen, h\u00e4tten die Vereinigten Staaten im Umgang mit der T\u00fcrkei zwei M\u00f6glichkeiten: Die eine w\u00e4re, eine Wendung der T\u00fcrkei in Richtung BRICS zu verhindern. Das d\u00fcrfte schon Hintergrund des Putschversuchs im Jahr 2016 gewesen sein, aber die Voraussetzungen daf\u00fcr haben sich mittlerweile deutlich verschlechtert. Welche Vorteile k\u00f6nnten der T\u00fcrkei daf\u00fcr versprochen werden? Wie viel Einfluss in die t\u00fcrkische Armee hat den gescheiterten Putsch \u00fcberstanden?<\/p>\n<p>Die zweite Variante, die von der Voraussetzung ausgeht, dass eine entsprechende Kurs\u00e4nderung ohnehin nicht zu verhindern ist, w\u00e4re, die Trennung der T\u00fcrkei von der NATO zu beschleunigen, um damit zumindest den Beitritt Schwedens und Finnlands zu erm\u00f6glichen. Dazu w\u00fcrde auch eine Aktivierung griechisch-t\u00fcrkischer Konflikte beitragen. Die laut Soylu geplante Flucht vom am Anschlag Beteiligten nach Griechenland zielt genau auf diesen Punkt.<\/p>\n<p>Aber auch wenn die griechische Regierung sich augenblicklich besonders NATO-treu gibt, um sich f\u00fcr einen eventuellen Konflikt mit der T\u00fcrkei, vor allem um das Gasfeld, R\u00fcckhalt zu verschaffen, ist sie doch vorsichtiger, als den US-Amerikanern lieb sein kann. Der geplante Verkauf des Hafens von Alexandroupolis, f\u00fcr den es drei US-amerikanische und einen mit Russland verbundenen Bieter gab, wurde <a rel=\"nofollow noopener\" target=\"_blank\" href=\"https:\/\/www.handelsblatt.com\/politik\/international\/ukraine-krieg-und-energiekrise-griechenland-stoppt-die-privatisierung-von-wichtigem-hafen\/28795662.html\">gestoppt<\/a>, nachdem der russische Bieter nicht mehr im Spiel war.<\/p>\n<p>Alexandroupolis ist nicht nur der Hafen, \u00fcber den Waffenlieferungen in die Ukraine auf dem Landweg <a rel=\"nofollow noopener\" target=\"_blank\" href=\"https:\/\/www.heise.de\/tp\/features\/Krieg-in-der-Ukraine-Griechisches-Alexandroupolis-als-Drehkreuz-fuer-die-Nato-6720117.html\">stattfinden<\/a>, sondern die Stadt liefert neben dem bulgarischen Burgas den einzigen Punkt, von dem aus nicht nur die Meerenge der Dardanellen, sondern auch noch der Bosporus angegriffen werden k\u00f6nnte.<\/p>\n<p>Dass dieser Verkauf jetzt nicht stattfindet, verringert die Chancen, diesen Hafen dauerhaft zu einem NATO-St\u00fctzpunkt zu machen, deutlich. \u00dcbrigens war Alexandroupolis einer der griechischen H\u00e4fen, in denen sich Hafenarbeiter weigerten, Waffen f\u00fcr die Ukraine zu entladen. Dieser Protest war zwar nicht von Dauer, deutete aber an, dass die Verh\u00e4ltnisse im Dreieck Griechenland-Russland-T\u00fcrkei komplexer sind, als sie auf den ersten Blick aussehen. Dabei darf man nie vergessen, dass beide L\u00e4nder Opfer der von den USA initiierten Milit\u00e4rputsche waren.<\/p>\n<p>Der Anschlag in Istanbul zielt letztlich auf den t\u00fcrkischen Tourismussektor und sollte als Ank\u00fcndigung gelesen werden, \u00f6konomischen Schaden zuzuf\u00fcgen. Die Liste der Herkunftsl\u00e4nder der Touristen in der T\u00fcrkei wird nach wie vor von Russen <a rel=\"nofollow noopener\" target=\"_blank\" href=\"https:\/\/de.statista.com\/statistik\/daten\/studie\/328546\/umfrage\/ankuenfte-von-touristen-in-der-tuerkei-nach-herkunftsland\/\">angef\u00fchrt<\/a>, vor den Deutschen. Und vor dem Corona-Einbruch lag der <a rel=\"nofollow noopener\" target=\"_blank\" href=\"https:\/\/de.statista.com\/statistik\/daten\/studie\/289171\/umfrage\/beitrag-der-spanischen-tourismusbranche-zum-bip-im-vergleich\/\">Beitrag<\/a> des Tourismus zum Bruttoinlandsprodukt bei elf Prozent. Darum gibt es auch in diesem Bereich ausgepr\u00e4gte Bem\u00fchungen der T\u00fcrkei, die russischen Touristen trotz der westlichen Sanktionen nicht zu verlieren.<\/p>\n<p>Der Tourismus und die im Jahr 2020 er\u00f6ffnete TurkStream-Pipeline sind die zwei Punkte, an denen die \u00f6konomischen Vorteile, die die T\u00fcrkei aus der augenblicklichen Schaukelposition zieht, angreifbar sind. Erst Mitte Oktober hatte der russische Pr\u00e4sident Wladimir Putin Erdo\u011fan mitgeteilt, dass ein Anschlag gegen TurkStream auf russischem Territorium <a rel=\"nofollow noopener\" target=\"_blank\" href=\"https:\/\/www.euractiv.de\/section\/energie\/news\/putin-spricht-von-einem-sabotageversuch-von-turkstream-und-ein-gashub-mit-der-tuerkei\/\">verhindert<\/a> worden sei.<\/p>\n<p>Der Terrorakt in Istanbul k\u00f6nnte andeuten, dass die USA zu dem Schluss gekommen sind, die T\u00fcrkei nicht halten zu k\u00f6nnen, und nun auf Destabilisierung setzen. Dann werden auf diesen Anschlag noch weitere folgen. Trotz der deutlichen Aussagen heute wird die T\u00fcrkei ihren Schaukelkurs fortsetzen, solange es m\u00f6glich ist. Das d\u00fcrfte sogar im russischen Interesse sein, so widerspr\u00fcchlich das auf den ersten Blick wirkt. Die T\u00fcrkei ist einer der Pfade, auf dem nach wie vor Kontakte in den Westen gehalten werden, die schon allein wegen des hohen Anteils t\u00fcrkischer Migranten in den EU-L\u00e4ndern nie v\u00f6llig abbrechen k\u00f6nnen.<\/p>\n<p>In den vergangenen Monaten erm\u00f6glichte das der T\u00fcrkei, sich gleich mehrfach als Vermittler zu positionieren: das erste Mal bei den Verhandlungen zwischen Russland und der Ukraine im M\u00e4rz, die dann der britische Premier Boris Johnson zunichtemachte, das zweite Mal bei jenen um den Getreidekorridor. Auch auf diesen Gewinn an diplomatischem Status wird die T\u00fcrkei nicht voreilig verzichten wollen.<\/p>\n<p>Das Land, um das die heftigste Auseinandersetzung gef\u00fchrt werden wird, ist ohnehin nicht die T\u00fcrkei, sondern Saudi-Arabien. Dort <a rel=\"nofollow noopener\" target=\"_blank\" href=\"https:\/\/www.globaltimes.cn\/page\/202211\/1279047.shtml\">soll<\/a> man ebenfalls einen Mitgliedsantrag bei BRICS erw\u00e4gen. Auch eine Reise des chinesischen Pr\u00e4sidenten Xi Jinping soll geplant sein, was vermutlich zutrifft, obwohl bereits mehrere angenommene Termine verstrichen sind. Eine BRICS-Mitgliedschaft Saudi-Arabiens w\u00e4re f\u00fcr die USA eine ernste Bedrohung, da das gesamte Petrodollar-System darauf beruht, dass das saudische \u00d6l in US-Dollar gehandelt wird. W\u00e4re Saudi-Arabien Teil von BRICS und w\u00fcrde die alternative Reservew\u00e4hrung, die dort mindestens seit dem Jahr 2014 geplant wird, unter Einbeziehung Saudi-Arabiens ins Leben gerufen, w\u00e4re der Dollar am Ende und damit auch die F\u00e4higkeit der Vereinigten Staaten, das eigene, aus der endlosen Kriegsf\u00fchrung entstandene Defizit anderen aufzub\u00fcrden.<\/p>\n<p>Die wirklich gro\u00dfe Wende steht also noch an, auch wenn sie sich bereits angek\u00fcndigt hat. Ist sie erst einmal vollzogen, wird sich die Gefahr, die von den Vereinigten Staaten ausgeht, deutlich verringern. Bis dahin besteht allerdings auch die M\u00f6glichkeit, dass sie an der T\u00fcrkei noch einmal vorf\u00fchren wollen, was sie einem Land alles antun k\u00f6nnen, das nicht bereit ist, ihrer Linie zu folgen. Bef\u00fcrchtungen in diese Richtung deutete Soylu an. &#8220;Es gibt zu viele Spielfiguren auf der Welt. Gott stehe unserem Land bei.&#8221;<\/p>\n<p><strong>Mehr zum Thema<\/strong> \u2013 <a rel=\"nofollow noopener\" target=\"_blank\" href=\"https:\/\/pressefreiheit.rtde.tech\/international\/153765-turkischer-energieminister-moskau-und-ankara\/\">T\u00fcrkischer Energieminister: Moskau und Ankara einigen sich auf Zahlungen in nationalen W\u00e4hrungen<\/a><\/p>\n<\/p>\n<\/div>\n<p><script async src=\"https:\/\/platform.twitter.com\/widgets.js\" charset=\"utf-8\"><\/script><br \/>\n<br \/><br \/>\n<br \/><a href=\"https:\/\/de.rt.com\/international\/154373-tuerkischer-innenminister-zum-anschlag-wir\/\">Source link <\/a><\/p>\n","protected":false},"excerpt":{"rendered":"<p>Der t\u00fcrkische Pr\u00e4sident Erdo\u011fan spielt ein kompliziertes Spiel, aber stets im Interesse seines Landes. Die USA sind zwar formell Verb\u00fcndete, faktisch aber Gegner. Wie meist liegen die Gr\u00fcnde daf\u00fcr in der \u00d6konomie. In diesem Zusammenhang wird auch der Anschlag in Istanbul gesehen. Von Dagmar Henn Wer die Politik der T\u00fcrkei in den vergangenen Jahren beobachtet [&hellip;]<\/p>\n","protected":false},"author":3,"featured_media":23152,"comment_status":"open","ping_status":"open","sticky":false,"template":"","format":"standard","meta":{"wp_automatic_camp":["217"],"d73f33e3997992466e5d755455735f8d":["T\u00fcrkischer Innenminister zum Anschlag: &quot;Wir haben die Nachricht erhalten&quot;"],"original_link":["https:\/\/de.rt.com\/international\/154373-tuerkischer-innenminister-zum-anschlag-wir\/"],"_thumbnail_id":["23152"],"jnews_social_counter_last_update":["1777602524"]},"categories":[19,23],"tags":[6315,45,31859,771,7139,14928,5451,365,565],"yoast_head":"<!-- This site is optimized with the Yoast SEO Premium plugin v22.7 (Yoast SEO v22.7) - https:\/\/yoast.com\/wordpress\/plugins\/seo\/ -->\n<title>T\u00fcrkischer Innenminister zum Anschlag: &quot;Wir haben die Nachricht erhalten&quot; - just-now.NEWS Deutschland<\/title>\n<meta name=\"robots\" content=\"index, follow, max-snippet:-1, max-image-preview:large, max-video-preview:-1\" \/>\n<link rel=\"canonical\" href=\"https:\/\/now-news.de\/de\/deutschland\/tuerkischer-innenminister-zum-anschlag-wir-haben-die-nachricht-erhalten\/\" \/>\n<meta property=\"og:locale\" content=\"de_DE\" \/>\n<meta property=\"og:type\" content=\"article\" \/>\n<meta property=\"og:title\" content=\"T\u00fcrkischer Innenminister zum Anschlag: &quot;Wir haben die Nachricht erhalten&quot;\" \/>\n<meta property=\"og:description\" content=\"Der t\u00fcrkische Pr\u00e4sident Erdo\u011fan spielt ein kompliziertes Spiel, aber stets im Interesse seines Landes. Die USA sind zwar formell Verb\u00fcndete, faktisch aber Gegner. Wie meist liegen die Gr\u00fcnde daf\u00fcr in der \u00d6konomie. In diesem Zusammenhang wird auch der Anschlag in Istanbul gesehen. Von Dagmar Henn Wer die Politik der T\u00fcrkei in den vergangenen Jahren beobachtet [&hellip;]\" \/>\n<meta property=\"og:url\" content=\"https:\/\/now-news.de\/de\/deutschland\/tuerkischer-innenminister-zum-anschlag-wir-haben-die-nachricht-erhalten\/\" \/>\n<meta property=\"og:site_name\" content=\"just-now.NEWS Deutschland\" \/>\n<meta property=\"article:publisher\" content=\"https:\/\/www.facebook.com\/wirmachenauf\" \/>\n<meta property=\"article:published_time\" content=\"2022-11-14T19:16:05+00:00\" \/>\n<meta property=\"og:image\" content=\"https:\/\/now-news.de\/de\/wp-content\/uploads\/sites\/3\/2022\/11\/Tuerkischer-Innenminister-zum-Anschlag-quotWir-haben-die-Nachricht-erhaltenquot.jpg\" \/>\n\t<meta property=\"og:image:width\" content=\"460\" \/>\n\t<meta property=\"og:image:height\" content=\"259\" \/>\n\t<meta property=\"og:image:type\" content=\"image\/jpeg\" \/>\n<meta name=\"author\" content=\"rtnews\" \/>\n<meta name=\"twitter:card\" content=\"summary_large_image\" \/>\n<meta name=\"twitter:creator\" content=\"@WirMachenAuf_de\" \/>\n<meta name=\"twitter:site\" content=\"@WirMachenAuf_de\" \/>\n<meta name=\"twitter:label1\" content=\"Verfasst von\" \/>\n\t<meta name=\"twitter:data1\" content=\"rtnews\" \/>\n\t<meta name=\"twitter:label2\" content=\"Gesch\u00e4tzte Lesezeit\" \/>\n\t<meta name=\"twitter:data2\" content=\"9\u00a0Minuten\" \/>\n<script type=\"application\/ld+json\" class=\"yoast-schema-graph\">{\"@context\":\"https:\/\/schema.org\",\"@graph\":[{\"@type\":\"Article\",\"@id\":\"https:\/\/now-news.de\/de\/deutschland\/tuerkischer-innenminister-zum-anschlag-wir-haben-die-nachricht-erhalten\/#article\",\"isPartOf\":{\"@id\":\"https:\/\/now-news.de\/de\/deutschland\/tuerkischer-innenminister-zum-anschlag-wir-haben-die-nachricht-erhalten\/\"},\"author\":{\"name\":\"rtnews\",\"@id\":\"https:\/\/now-news.de\/de\/#\/schema\/person\/fb534a4e865501d8b3285208df34a9b5\"},\"headline\":\"T\u00fcrkischer Innenminister zum Anschlag: &quot;Wir haben die Nachricht erhalten&quot;\",\"datePublished\":\"2022-11-14T19:16:05+00:00\",\"dateModified\":\"2022-11-14T19:16:05+00:00\",\"mainEntityOfPage\":{\"@id\":\"https:\/\/now-news.de\/de\/deutschland\/tuerkischer-innenminister-zum-anschlag-wir-haben-die-nachricht-erhalten\/\"},\"wordCount\":1814,\"commentCount\":0,\"publisher\":{\"@id\":\"https:\/\/now-news.de\/de\/#organization\"},\"image\":{\"@id\":\"https:\/\/now-news.de\/de\/deutschland\/tuerkischer-innenminister-zum-anschlag-wir-haben-die-nachricht-erhalten\/#primaryimage\"},\"thumbnailUrl\":\"https:\/\/now-news.de\/de\/wp-content\/uploads\/sites\/3\/2022\/11\/Tuerkischer-Innenminister-zum-Anschlag-quotWir-haben-die-Nachricht-erhaltenquot.jpg\",\"keywords\":[\"Anschlag\",\"die\",\"erhaltenquot\",\"haben\",\"Innenminister\",\"Nachricht\",\"quotWir\",\"t\u00fcrkischer\",\"zum\"],\"articleSection\":[\"Deutschland\",\"Russland\"],\"inLanguage\":\"de\",\"potentialAction\":[{\"@type\":\"CommentAction\",\"name\":\"Comment\",\"target\":[\"https:\/\/now-news.de\/de\/deutschland\/tuerkischer-innenminister-zum-anschlag-wir-haben-die-nachricht-erhalten\/#respond\"]}]},{\"@type\":\"WebPage\",\"@id\":\"https:\/\/now-news.de\/de\/deutschland\/tuerkischer-innenminister-zum-anschlag-wir-haben-die-nachricht-erhalten\/\",\"url\":\"https:\/\/now-news.de\/de\/deutschland\/tuerkischer-innenminister-zum-anschlag-wir-haben-die-nachricht-erhalten\/\",\"name\":\"T\u00fcrkischer Innenminister zum Anschlag: &quot;Wir haben die Nachricht erhalten&quot; - just-now.NEWS Deutschland\",\"isPartOf\":{\"@id\":\"https:\/\/now-news.de\/de\/#website\"},\"primaryImageOfPage\":{\"@id\":\"https:\/\/now-news.de\/de\/deutschland\/tuerkischer-innenminister-zum-anschlag-wir-haben-die-nachricht-erhalten\/#primaryimage\"},\"image\":{\"@id\":\"https:\/\/now-news.de\/de\/deutschland\/tuerkischer-innenminister-zum-anschlag-wir-haben-die-nachricht-erhalten\/#primaryimage\"},\"thumbnailUrl\":\"https:\/\/now-news.de\/de\/wp-content\/uploads\/sites\/3\/2022\/11\/Tuerkischer-Innenminister-zum-Anschlag-quotWir-haben-die-Nachricht-erhaltenquot.jpg\",\"datePublished\":\"2022-11-14T19:16:05+00:00\",\"dateModified\":\"2022-11-14T19:16:05+00:00\",\"breadcrumb\":{\"@id\":\"https:\/\/now-news.de\/de\/deutschland\/tuerkischer-innenminister-zum-anschlag-wir-haben-die-nachricht-erhalten\/#breadcrumb\"},\"inLanguage\":\"de\",\"potentialAction\":[{\"@type\":\"ReadAction\",\"target\":[\"https:\/\/now-news.de\/de\/deutschland\/tuerkischer-innenminister-zum-anschlag-wir-haben-die-nachricht-erhalten\/\"]}]},{\"@type\":\"ImageObject\",\"inLanguage\":\"de\",\"@id\":\"https:\/\/now-news.de\/de\/deutschland\/tuerkischer-innenminister-zum-anschlag-wir-haben-die-nachricht-erhalten\/#primaryimage\",\"url\":\"https:\/\/now-news.de\/de\/wp-content\/uploads\/sites\/3\/2022\/11\/Tuerkischer-Innenminister-zum-Anschlag-quotWir-haben-die-Nachricht-erhaltenquot.jpg\",\"contentUrl\":\"https:\/\/now-news.de\/de\/wp-content\/uploads\/sites\/3\/2022\/11\/Tuerkischer-Innenminister-zum-Anschlag-quotWir-haben-die-Nachricht-erhaltenquot.jpg\",\"width\":460,\"height\":259,\"caption\":\"T\u00fcrkischer Innenminister zum Anschlag: &quot;Wir haben die Nachricht erhalten&quot;\"},{\"@type\":\"BreadcrumbList\",\"@id\":\"https:\/\/now-news.de\/de\/deutschland\/tuerkischer-innenminister-zum-anschlag-wir-haben-die-nachricht-erhalten\/#breadcrumb\",\"itemListElement\":[{\"@type\":\"ListItem\",\"position\":1,\"name\":\"Home\",\"item\":\"https:\/\/now-news.de\/de\/\"},{\"@type\":\"ListItem\",\"position\":2,\"name\":\"T\u00fcrkischer Innenminister zum Anschlag: &quot;Wir haben die Nachricht erhalten&quot;\"}]},{\"@type\":\"WebSite\",\"@id\":\"https:\/\/now-news.de\/de\/#website\",\"url\":\"https:\/\/now-news.de\/de\/\",\"name\":\"just-now.NEWS Deutschland\",\"description\":\"Das Portal f\u00fcr unzensierte Nachrichten aus der Welt\",\"publisher\":{\"@id\":\"https:\/\/now-news.de\/de\/#organization\"},\"potentialAction\":[{\"@type\":\"SearchAction\",\"target\":{\"@type\":\"EntryPoint\",\"urlTemplate\":\"https:\/\/now-news.de\/de\/?s={search_term_string}\"},\"query-input\":\"required name=search_term_string\"}],\"inLanguage\":\"de\"},{\"@type\":\"Organization\",\"@id\":\"https:\/\/now-news.de\/de\/#organization\",\"name\":\"Just Now News\",\"url\":\"https:\/\/now-news.de\/de\/\",\"logo\":{\"@type\":\"ImageObject\",\"inLanguage\":\"de\",\"@id\":\"https:\/\/now-news.de\/de\/#\/schema\/logo\/image\/\",\"url\":\"http:\/\/just-now.news\/de\/wp-content\/uploads\/sites\/3\/2022\/04\/logo500x500.jpg\",\"contentUrl\":\"http:\/\/just-now.news\/de\/wp-content\/uploads\/sites\/3\/2022\/04\/logo500x500.jpg\",\"width\":500,\"height\":500,\"caption\":\"Just Now News\"},\"image\":{\"@id\":\"https:\/\/now-news.de\/de\/#\/schema\/logo\/image\/\"},\"sameAs\":[\"https:\/\/www.facebook.com\/wirmachenauf\",\"https:\/\/x.com\/WirMachenAuf_de\"]},{\"@type\":\"Person\",\"@id\":\"https:\/\/now-news.de\/de\/#\/schema\/person\/fb534a4e865501d8b3285208df34a9b5\",\"name\":\"rtnews\",\"image\":{\"@type\":\"ImageObject\",\"inLanguage\":\"de\",\"@id\":\"https:\/\/now-news.de\/de\/#\/schema\/person\/image\/\",\"url\":\"https:\/\/secure.gravatar.com\/avatar\/82aafea7d8127119dd649515f56e2117?s=96&d=mm&r=g\",\"contentUrl\":\"https:\/\/secure.gravatar.com\/avatar\/82aafea7d8127119dd649515f56e2117?s=96&d=mm&r=g\",\"caption\":\"rtnews\"},\"url\":\"https:\/\/now-news.de\/de\/author\/rnews\/\"}]}<\/script>\n<!-- \/ Yoast SEO Premium plugin. -->","yoast_head_json":{"title":"T\u00fcrkischer Innenminister zum Anschlag: &quot;Wir haben die Nachricht erhalten&quot; - just-now.NEWS Deutschland","robots":{"index":"index","follow":"follow","max-snippet":"max-snippet:-1","max-image-preview":"max-image-preview:large","max-video-preview":"max-video-preview:-1"},"canonical":"https:\/\/now-news.de\/de\/deutschland\/tuerkischer-innenminister-zum-anschlag-wir-haben-die-nachricht-erhalten\/","og_locale":"de_DE","og_type":"article","og_title":"T\u00fcrkischer Innenminister zum Anschlag: &quot;Wir haben die Nachricht erhalten&quot;","og_description":"Der t\u00fcrkische Pr\u00e4sident Erdo\u011fan spielt ein kompliziertes Spiel, aber stets im Interesse seines Landes. Die USA sind zwar formell Verb\u00fcndete, faktisch aber Gegner. Wie meist liegen die Gr\u00fcnde daf\u00fcr in der \u00d6konomie. In diesem Zusammenhang wird auch der Anschlag in Istanbul gesehen. Von Dagmar Henn Wer die Politik der T\u00fcrkei in den vergangenen Jahren beobachtet [&hellip;]","og_url":"https:\/\/now-news.de\/de\/deutschland\/tuerkischer-innenminister-zum-anschlag-wir-haben-die-nachricht-erhalten\/","og_site_name":"just-now.NEWS Deutschland","article_publisher":"https:\/\/www.facebook.com\/wirmachenauf","article_published_time":"2022-11-14T19:16:05+00:00","og_image":[{"width":460,"height":259,"url":"https:\/\/now-news.de\/de\/wp-content\/uploads\/sites\/3\/2022\/11\/Tuerkischer-Innenminister-zum-Anschlag-quotWir-haben-die-Nachricht-erhaltenquot.jpg","type":"image\/jpeg"}],"author":"rtnews","twitter_card":"summary_large_image","twitter_creator":"@WirMachenAuf_de","twitter_site":"@WirMachenAuf_de","twitter_misc":{"Verfasst von":"rtnews","Gesch\u00e4tzte Lesezeit":"9\u00a0Minuten"},"schema":{"@context":"https:\/\/schema.org","@graph":[{"@type":"Article","@id":"https:\/\/now-news.de\/de\/deutschland\/tuerkischer-innenminister-zum-anschlag-wir-haben-die-nachricht-erhalten\/#article","isPartOf":{"@id":"https:\/\/now-news.de\/de\/deutschland\/tuerkischer-innenminister-zum-anschlag-wir-haben-die-nachricht-erhalten\/"},"author":{"name":"rtnews","@id":"https:\/\/now-news.de\/de\/#\/schema\/person\/fb534a4e865501d8b3285208df34a9b5"},"headline":"T\u00fcrkischer Innenminister zum Anschlag: &quot;Wir haben die Nachricht erhalten&quot;","datePublished":"2022-11-14T19:16:05+00:00","dateModified":"2022-11-14T19:16:05+00:00","mainEntityOfPage":{"@id":"https:\/\/now-news.de\/de\/deutschland\/tuerkischer-innenminister-zum-anschlag-wir-haben-die-nachricht-erhalten\/"},"wordCount":1814,"commentCount":0,"publisher":{"@id":"https:\/\/now-news.de\/de\/#organization"},"image":{"@id":"https:\/\/now-news.de\/de\/deutschland\/tuerkischer-innenminister-zum-anschlag-wir-haben-die-nachricht-erhalten\/#primaryimage"},"thumbnailUrl":"https:\/\/now-news.de\/de\/wp-content\/uploads\/sites\/3\/2022\/11\/Tuerkischer-Innenminister-zum-Anschlag-quotWir-haben-die-Nachricht-erhaltenquot.jpg","keywords":["Anschlag","die","erhaltenquot","haben","Innenminister","Nachricht","quotWir","t\u00fcrkischer","zum"],"articleSection":["Deutschland","Russland"],"inLanguage":"de","potentialAction":[{"@type":"CommentAction","name":"Comment","target":["https:\/\/now-news.de\/de\/deutschland\/tuerkischer-innenminister-zum-anschlag-wir-haben-die-nachricht-erhalten\/#respond"]}]},{"@type":"WebPage","@id":"https:\/\/now-news.de\/de\/deutschland\/tuerkischer-innenminister-zum-anschlag-wir-haben-die-nachricht-erhalten\/","url":"https:\/\/now-news.de\/de\/deutschland\/tuerkischer-innenminister-zum-anschlag-wir-haben-die-nachricht-erhalten\/","name":"T\u00fcrkischer Innenminister zum Anschlag: &quot;Wir haben die Nachricht erhalten&quot; - just-now.NEWS Deutschland","isPartOf":{"@id":"https:\/\/now-news.de\/de\/#website"},"primaryImageOfPage":{"@id":"https:\/\/now-news.de\/de\/deutschland\/tuerkischer-innenminister-zum-anschlag-wir-haben-die-nachricht-erhalten\/#primaryimage"},"image":{"@id":"https:\/\/now-news.de\/de\/deutschland\/tuerkischer-innenminister-zum-anschlag-wir-haben-die-nachricht-erhalten\/#primaryimage"},"thumbnailUrl":"https:\/\/now-news.de\/de\/wp-content\/uploads\/sites\/3\/2022\/11\/Tuerkischer-Innenminister-zum-Anschlag-quotWir-haben-die-Nachricht-erhaltenquot.jpg","datePublished":"2022-11-14T19:16:05+00:00","dateModified":"2022-11-14T19:16:05+00:00","breadcrumb":{"@id":"https:\/\/now-news.de\/de\/deutschland\/tuerkischer-innenminister-zum-anschlag-wir-haben-die-nachricht-erhalten\/#breadcrumb"},"inLanguage":"de","potentialAction":[{"@type":"ReadAction","target":["https:\/\/now-news.de\/de\/deutschland\/tuerkischer-innenminister-zum-anschlag-wir-haben-die-nachricht-erhalten\/"]}]},{"@type":"ImageObject","inLanguage":"de","@id":"https:\/\/now-news.de\/de\/deutschland\/tuerkischer-innenminister-zum-anschlag-wir-haben-die-nachricht-erhalten\/#primaryimage","url":"https:\/\/now-news.de\/de\/wp-content\/uploads\/sites\/3\/2022\/11\/Tuerkischer-Innenminister-zum-Anschlag-quotWir-haben-die-Nachricht-erhaltenquot.jpg","contentUrl":"https:\/\/now-news.de\/de\/wp-content\/uploads\/sites\/3\/2022\/11\/Tuerkischer-Innenminister-zum-Anschlag-quotWir-haben-die-Nachricht-erhaltenquot.jpg","width":460,"height":259,"caption":"T\u00fcrkischer Innenminister zum Anschlag: &quot;Wir haben die Nachricht erhalten&quot;"},{"@type":"BreadcrumbList","@id":"https:\/\/now-news.de\/de\/deutschland\/tuerkischer-innenminister-zum-anschlag-wir-haben-die-nachricht-erhalten\/#breadcrumb","itemListElement":[{"@type":"ListItem","position":1,"name":"Home","item":"https:\/\/now-news.de\/de\/"},{"@type":"ListItem","position":2,"name":"T\u00fcrkischer Innenminister zum Anschlag: &quot;Wir haben die Nachricht erhalten&quot;"}]},{"@type":"WebSite","@id":"https:\/\/now-news.de\/de\/#website","url":"https:\/\/now-news.de\/de\/","name":"just-now.NEWS Deutschland","description":"Das Portal f\u00fcr unzensierte Nachrichten aus der Welt","publisher":{"@id":"https:\/\/now-news.de\/de\/#organization"},"potentialAction":[{"@type":"SearchAction","target":{"@type":"EntryPoint","urlTemplate":"https:\/\/now-news.de\/de\/?s={search_term_string}"},"query-input":"required name=search_term_string"}],"inLanguage":"de"},{"@type":"Organization","@id":"https:\/\/now-news.de\/de\/#organization","name":"Just Now News","url":"https:\/\/now-news.de\/de\/","logo":{"@type":"ImageObject","inLanguage":"de","@id":"https:\/\/now-news.de\/de\/#\/schema\/logo\/image\/","url":"http:\/\/just-now.news\/de\/wp-content\/uploads\/sites\/3\/2022\/04\/logo500x500.jpg","contentUrl":"http:\/\/just-now.news\/de\/wp-content\/uploads\/sites\/3\/2022\/04\/logo500x500.jpg","width":500,"height":500,"caption":"Just Now News"},"image":{"@id":"https:\/\/now-news.de\/de\/#\/schema\/logo\/image\/"},"sameAs":["https:\/\/www.facebook.com\/wirmachenauf","https:\/\/x.com\/WirMachenAuf_de"]},{"@type":"Person","@id":"https:\/\/now-news.de\/de\/#\/schema\/person\/fb534a4e865501d8b3285208df34a9b5","name":"rtnews","image":{"@type":"ImageObject","inLanguage":"de","@id":"https:\/\/now-news.de\/de\/#\/schema\/person\/image\/","url":"https:\/\/secure.gravatar.com\/avatar\/82aafea7d8127119dd649515f56e2117?s=96&d=mm&r=g","contentUrl":"https:\/\/secure.gravatar.com\/avatar\/82aafea7d8127119dd649515f56e2117?s=96&d=mm&r=g","caption":"rtnews"},"url":"https:\/\/now-news.de\/de\/author\/rnews\/"}]}},"_links":{"self":[{"href":"https:\/\/now-news.de\/de\/wp-json\/wp\/v2\/posts\/23151"}],"collection":[{"href":"https:\/\/now-news.de\/de\/wp-json\/wp\/v2\/posts"}],"about":[{"href":"https:\/\/now-news.de\/de\/wp-json\/wp\/v2\/types\/post"}],"author":[{"embeddable":true,"href":"https:\/\/now-news.de\/de\/wp-json\/wp\/v2\/users\/3"}],"replies":[{"embeddable":true,"href":"https:\/\/now-news.de\/de\/wp-json\/wp\/v2\/comments?post=23151"}],"version-history":[{"count":0,"href":"https:\/\/now-news.de\/de\/wp-json\/wp\/v2\/posts\/23151\/revisions"}],"wp:featuredmedia":[{"embeddable":true,"href":"https:\/\/now-news.de\/de\/wp-json\/wp\/v2\/media\/23152"}],"wp:attachment":[{"href":"https:\/\/now-news.de\/de\/wp-json\/wp\/v2\/media?parent=23151"}],"wp:term":[{"taxonomy":"category","embeddable":true,"href":"https:\/\/now-news.de\/de\/wp-json\/wp\/v2\/categories?post=23151"},{"taxonomy":"post_tag","embeddable":true,"href":"https:\/\/now-news.de\/de\/wp-json\/wp\/v2\/tags?post=23151"}],"curies":[{"name":"wp","href":"https:\/\/api.w.org\/{rel}","templated":true}]}}