{"id":23100,"date":"2022-11-14T13:40:51","date_gmt":"2022-11-14T11:40:51","guid":{"rendered":"http:\/\/just-now.news\/de\/deutschland\/bundesrat-stimmt-gegen-buergergeld\/"},"modified":"2022-11-14T13:40:51","modified_gmt":"2022-11-14T11:40:51","slug":"bundesrat-stimmt-gegen-buergergeld","status":"publish","type":"post","link":"https:\/\/now-news.de\/de\/deutschland\/bundesrat-stimmt-gegen-buergergeld\/","title":{"rendered":"Bundesrat stimmt gegen B\u00fcrgergeld"},"content":{"rendered":"<p><img decoding=\"async\" src=\"http:\/\/just-now.news\/de\/wp-content\/uploads\/sites\/3\/2022\/11\/63722909b480cc4743021478.jpg\" \/><\/p>\n<div class=\"Text-root Text-type_1 \">\n                Es hatte sich bereits in den vergangenen Tagen abgezeichnet, nun ist es offiziell:\u00a0Die L\u00e4nderkammer hat die von der Bundesregierung geplante B\u00fcrgergeld-Reform vorerst gestoppt. Nun soll vermittelt werden &#8211; viel Zeit bleibt aber nicht mehr.\n            <\/div>\n<p><\/p>\n<div class=\"Text-root Text-type_5 ArticleView-text ViewText-root \">\n<p>Das B\u00fcrgergeld der Ampel-Koalition ist vorerst gestoppt. In einer Sondersitzung des Bundesrats erhielt der Gesetzentwurf f\u00fcr die Sozialreform am Montag nicht die erforderliche Mehrheit. Damit kann die zum 1. Januar geplante Sozialreform vorerst nicht in Kraft treten. Wie zuvor angek\u00fcndigt, verweigerten mehrere Landesregierungen unter F\u00fchrung beziehungsweise mit Beteiligung der Union dem Vorhaben ihre Zustimmung.<\/p>\n<p>Bundesarbeitsminister Hubertus Heil (SPD) k\u00fcndigte bereits kurz vor der Abstimmung im Bundesrat an, dass die Bundesregierung noch an diesem Montag den Vermittlungsausschuss anrufen werde. Der gemeinsame Vermittlungsausschuss von Bundestag und Bundesrat solle dann m\u00f6glichst zeitnah einen Kompromiss zu dem Gesetzentwurf erarbeiten. Bis Ende November m\u00fcsse das Gesetz in beiden Kammern beschlossen sein, um zum 1. Januar in Kraft treten zu k\u00f6nnen, bekr\u00e4ftigte Heil. Zuvor hatte der Minister noch einmal eindringlich daf\u00fcr geworben, das B\u00fcrgergeld nicht scheitern zu lassen.<\/p>\n<p>Mit dem neuen B\u00fcrgergeld soll das umstrittene System Hartz-IV \u00fcberwunden werden. Die Ampel-Pl\u00e4ne sehen f\u00fcr alleinstehende Leistungsempf\u00e4nger eine Erh\u00f6hung des heutigen Regelsatzes von 449 Euro auf 502 Euro vor. Das ist unstrittig und wird auch von der Union bef\u00fcrwortet. Arbeitslose sollen zudem k\u00fcnftig weniger durch einen angedrohten Leistungsentzug (Sanktionen) unter Druck gesetzt werden, speziell im ersten halben Jahr des B\u00fcrgergeldbezugs (&#8220;Vertrauenszeit&#8221;). Vorgaben zur erlaubten Verm\u00f6gensh\u00f6he und zur Wohnungsgr\u00f6\u00dfe bei Leistungsbeziehern will die Ampel lockern. Bei all diesen Punkten h\u00e4lt die Union seit Wochen ihr Stoppschild hoch. Dass es bei der Reform zu einem Vermittlungsverfahren kommen sollte, hatte sich in den vergangenen Tagen immer st\u00e4rker abgezeichnet.<\/p>\n<p>Der Bundestag hatte den Entwurf zum B\u00fcrgergeld am vergangenen Donnerstag mit der Mehrheit der Regierungsfraktionen von SPD, Gr\u00fcnen und FDP verabschiedet. Dem vorausgegangen war eine heftige Parlamentsdebatte.<\/p>\n<p>Einen Vorschlag der Union, die Erh\u00f6hung der Regels\u00e4tze aus dem Entwurf auszukoppeln und separat zum 1. Januar in Kraft treten zu lassen, hatten die Ampelfraktionen im Bundestag abgelehnt.<\/p>\n<p><strong>Mehr zum Thema<\/strong> \u2013 <a rel=\"nofollow noopener\" target=\"_blank\" href=\"https:\/\/de.rt.com\/kurzclips\/video\/154005-gruenen-abgeordnete-bei-buergergeld-debatte\/\">Gr\u00fcnen-Abgeordnete bei B\u00fcrgergeld-Debatte: &#8220;Entschuldige mich bei all den Menschen in diesem Land&#8221;<\/a><\/p>\n<\/p>\n<p><em>(rt de\/dpa)<\/em><\/p>\n<\/div>\n<p><br \/>\n<br \/><a href=\"https:\/\/de.rt.com\/inland\/154320-bundesrat-stimmt-gegen-buergergeld\/\">Source link <\/a><\/p>\n","protected":false},"excerpt":{"rendered":"<p>Es hatte sich bereits in den vergangenen Tagen abgezeichnet, nun ist es offiziell:\u00a0Die L\u00e4nderkammer hat die von der Bundesregierung geplante B\u00fcrgergeld-Reform vorerst gestoppt. Nun soll vermittelt werden &#8211; viel Zeit bleibt aber nicht mehr. Das B\u00fcrgergeld der Ampel-Koalition ist vorerst gestoppt. In einer Sondersitzung des Bundesrats erhielt der Gesetzentwurf f\u00fcr die Sozialreform am Montag nicht [&hellip;]<\/p>\n","protected":false},"author":3,"featured_media":23101,"comment_status":"open","ping_status":"open","sticky":false,"template":"","format":"standard","meta":{"wp_automatic_camp":["217"],"9c7ff001d6f195bad7e9cfb81db1d88c":["Bundesrat stimmt gegen B\u00fcrgergeld"],"original_link":["https:\/\/de.rt.com\/inland\/154320-bundesrat-stimmt-gegen-buergergeld\/"],"_thumbnail_id":["23101"],"jnews_social_counter_last_update":["1777349635"]},"categories":[19,23],"tags":[21086,16670,278,12453],"yoast_head":"<!-- This site is optimized with the Yoast SEO Premium plugin v22.7 (Yoast SEO v22.7) - https:\/\/yoast.com\/wordpress\/plugins\/seo\/ -->\n<title>Bundesrat stimmt gegen B\u00fcrgergeld - just-now.NEWS Deutschland<\/title>\n<meta name=\"robots\" content=\"index, follow, max-snippet:-1, max-image-preview:large, max-video-preview:-1\" \/>\n<link rel=\"canonical\" href=\"https:\/\/now-news.de\/de\/deutschland\/bundesrat-stimmt-gegen-buergergeld\/\" \/>\n<meta property=\"og:locale\" content=\"de_DE\" \/>\n<meta property=\"og:type\" content=\"article\" \/>\n<meta property=\"og:title\" content=\"Bundesrat stimmt gegen B\u00fcrgergeld\" \/>\n<meta property=\"og:description\" content=\"Es hatte sich bereits in den vergangenen Tagen abgezeichnet, nun ist es offiziell:\u00a0Die L\u00e4nderkammer hat die von der Bundesregierung geplante B\u00fcrgergeld-Reform vorerst gestoppt. Nun soll vermittelt werden &#8211; viel Zeit bleibt aber nicht mehr. Das B\u00fcrgergeld der Ampel-Koalition ist vorerst gestoppt. In einer Sondersitzung des Bundesrats erhielt der Gesetzentwurf f\u00fcr die Sozialreform am Montag nicht [&hellip;]\" \/>\n<meta property=\"og:url\" content=\"https:\/\/now-news.de\/de\/deutschland\/bundesrat-stimmt-gegen-buergergeld\/\" \/>\n<meta property=\"og:site_name\" content=\"just-now.NEWS Deutschland\" \/>\n<meta property=\"article:publisher\" content=\"https:\/\/www.facebook.com\/wirmachenauf\" \/>\n<meta property=\"article:published_time\" content=\"2022-11-14T11:40:51+00:00\" \/>\n<meta property=\"og:image\" content=\"https:\/\/now-news.de\/de\/wp-content\/uploads\/sites\/3\/2022\/11\/Bundesrat-stimmt-gegen-Buergergeld.jpg\" \/>\n\t<meta property=\"og:image:width\" content=\"460\" \/>\n\t<meta property=\"og:image:height\" content=\"259\" \/>\n\t<meta property=\"og:image:type\" content=\"image\/jpeg\" \/>\n<meta name=\"author\" content=\"rtnews\" \/>\n<meta name=\"twitter:card\" content=\"summary_large_image\" \/>\n<meta name=\"twitter:creator\" content=\"@WirMachenAuf_de\" \/>\n<meta name=\"twitter:site\" content=\"@WirMachenAuf_de\" \/>\n<meta name=\"twitter:label1\" content=\"Verfasst von\" \/>\n\t<meta name=\"twitter:data1\" content=\"rtnews\" \/>\n\t<meta name=\"twitter:label2\" content=\"Gesch\u00e4tzte Lesezeit\" \/>\n\t<meta name=\"twitter:data2\" content=\"2\u00a0Minuten\" \/>\n<script type=\"application\/ld+json\" class=\"yoast-schema-graph\">{\"@context\":\"https:\/\/schema.org\",\"@graph\":[{\"@type\":\"Article\",\"@id\":\"https:\/\/now-news.de\/de\/deutschland\/bundesrat-stimmt-gegen-buergergeld\/#article\",\"isPartOf\":{\"@id\":\"https:\/\/now-news.de\/de\/deutschland\/bundesrat-stimmt-gegen-buergergeld\/\"},\"author\":{\"name\":\"rtnews\",\"@id\":\"https:\/\/now-news.de\/de\/#\/schema\/person\/fb534a4e865501d8b3285208df34a9b5\"},\"headline\":\"Bundesrat stimmt gegen B\u00fcrgergeld\",\"datePublished\":\"2022-11-14T11:40:51+00:00\",\"dateModified\":\"2022-11-14T11:40:51+00:00\",\"mainEntityOfPage\":{\"@id\":\"https:\/\/now-news.de\/de\/deutschland\/bundesrat-stimmt-gegen-buergergeld\/\"},\"wordCount\":380,\"commentCount\":0,\"publisher\":{\"@id\":\"https:\/\/now-news.de\/de\/#organization\"},\"image\":{\"@id\":\"https:\/\/now-news.de\/de\/deutschland\/bundesrat-stimmt-gegen-buergergeld\/#primaryimage\"},\"thumbnailUrl\":\"https:\/\/now-news.de\/de\/wp-content\/uploads\/sites\/3\/2022\/11\/Bundesrat-stimmt-gegen-Buergergeld.jpg\",\"keywords\":[\"Bundesrat\",\"b\u00fcrgergeld\",\"gegen\",\"stimmt\"],\"articleSection\":[\"Deutschland\",\"Russland\"],\"inLanguage\":\"de\",\"potentialAction\":[{\"@type\":\"CommentAction\",\"name\":\"Comment\",\"target\":[\"https:\/\/now-news.de\/de\/deutschland\/bundesrat-stimmt-gegen-buergergeld\/#respond\"]}]},{\"@type\":\"WebPage\",\"@id\":\"https:\/\/now-news.de\/de\/deutschland\/bundesrat-stimmt-gegen-buergergeld\/\",\"url\":\"https:\/\/now-news.de\/de\/deutschland\/bundesrat-stimmt-gegen-buergergeld\/\",\"name\":\"Bundesrat stimmt gegen B\u00fcrgergeld - just-now.NEWS Deutschland\",\"isPartOf\":{\"@id\":\"https:\/\/now-news.de\/de\/#website\"},\"primaryImageOfPage\":{\"@id\":\"https:\/\/now-news.de\/de\/deutschland\/bundesrat-stimmt-gegen-buergergeld\/#primaryimage\"},\"image\":{\"@id\":\"https:\/\/now-news.de\/de\/deutschland\/bundesrat-stimmt-gegen-buergergeld\/#primaryimage\"},\"thumbnailUrl\":\"https:\/\/now-news.de\/de\/wp-content\/uploads\/sites\/3\/2022\/11\/Bundesrat-stimmt-gegen-Buergergeld.jpg\",\"datePublished\":\"2022-11-14T11:40:51+00:00\",\"dateModified\":\"2022-11-14T11:40:51+00:00\",\"breadcrumb\":{\"@id\":\"https:\/\/now-news.de\/de\/deutschland\/bundesrat-stimmt-gegen-buergergeld\/#breadcrumb\"},\"inLanguage\":\"de\",\"potentialAction\":[{\"@type\":\"ReadAction\",\"target\":[\"https:\/\/now-news.de\/de\/deutschland\/bundesrat-stimmt-gegen-buergergeld\/\"]}]},{\"@type\":\"ImageObject\",\"inLanguage\":\"de\",\"@id\":\"https:\/\/now-news.de\/de\/deutschland\/bundesrat-stimmt-gegen-buergergeld\/#primaryimage\",\"url\":\"https:\/\/now-news.de\/de\/wp-content\/uploads\/sites\/3\/2022\/11\/Bundesrat-stimmt-gegen-Buergergeld.jpg\",\"contentUrl\":\"https:\/\/now-news.de\/de\/wp-content\/uploads\/sites\/3\/2022\/11\/Bundesrat-stimmt-gegen-Buergergeld.jpg\",\"width\":460,\"height\":259,\"caption\":\"Bundesrat stimmt gegen B\u00fcrgergeld\"},{\"@type\":\"BreadcrumbList\",\"@id\":\"https:\/\/now-news.de\/de\/deutschland\/bundesrat-stimmt-gegen-buergergeld\/#breadcrumb\",\"itemListElement\":[{\"@type\":\"ListItem\",\"position\":1,\"name\":\"Home\",\"item\":\"https:\/\/now-news.de\/de\/\"},{\"@type\":\"ListItem\",\"position\":2,\"name\":\"Bundesrat stimmt gegen B\u00fcrgergeld\"}]},{\"@type\":\"WebSite\",\"@id\":\"https:\/\/now-news.de\/de\/#website\",\"url\":\"https:\/\/now-news.de\/de\/\",\"name\":\"just-now.NEWS Deutschland\",\"description\":\"Das Portal f\u00fcr unzensierte Nachrichten aus der Welt\",\"publisher\":{\"@id\":\"https:\/\/now-news.de\/de\/#organization\"},\"potentialAction\":[{\"@type\":\"SearchAction\",\"target\":{\"@type\":\"EntryPoint\",\"urlTemplate\":\"https:\/\/now-news.de\/de\/?s={search_term_string}\"},\"query-input\":\"required name=search_term_string\"}],\"inLanguage\":\"de\"},{\"@type\":\"Organization\",\"@id\":\"https:\/\/now-news.de\/de\/#organization\",\"name\":\"Just Now News\",\"url\":\"https:\/\/now-news.de\/de\/\",\"logo\":{\"@type\":\"ImageObject\",\"inLanguage\":\"de\",\"@id\":\"https:\/\/now-news.de\/de\/#\/schema\/logo\/image\/\",\"url\":\"http:\/\/just-now.news\/de\/wp-content\/uploads\/sites\/3\/2022\/04\/logo500x500.jpg\",\"contentUrl\":\"http:\/\/just-now.news\/de\/wp-content\/uploads\/sites\/3\/2022\/04\/logo500x500.jpg\",\"width\":500,\"height\":500,\"caption\":\"Just Now News\"},\"image\":{\"@id\":\"https:\/\/now-news.de\/de\/#\/schema\/logo\/image\/\"},\"sameAs\":[\"https:\/\/www.facebook.com\/wirmachenauf\",\"https:\/\/x.com\/WirMachenAuf_de\"]},{\"@type\":\"Person\",\"@id\":\"https:\/\/now-news.de\/de\/#\/schema\/person\/fb534a4e865501d8b3285208df34a9b5\",\"name\":\"rtnews\",\"image\":{\"@type\":\"ImageObject\",\"inLanguage\":\"de\",\"@id\":\"https:\/\/now-news.de\/de\/#\/schema\/person\/image\/\",\"url\":\"https:\/\/secure.gravatar.com\/avatar\/82aafea7d8127119dd649515f56e2117?s=96&d=mm&r=g\",\"contentUrl\":\"https:\/\/secure.gravatar.com\/avatar\/82aafea7d8127119dd649515f56e2117?s=96&d=mm&r=g\",\"caption\":\"rtnews\"},\"url\":\"https:\/\/now-news.de\/de\/author\/rnews\/\"}]}<\/script>\n<!-- \/ Yoast SEO Premium plugin. -->","yoast_head_json":{"title":"Bundesrat stimmt gegen B\u00fcrgergeld - just-now.NEWS Deutschland","robots":{"index":"index","follow":"follow","max-snippet":"max-snippet:-1","max-image-preview":"max-image-preview:large","max-video-preview":"max-video-preview:-1"},"canonical":"https:\/\/now-news.de\/de\/deutschland\/bundesrat-stimmt-gegen-buergergeld\/","og_locale":"de_DE","og_type":"article","og_title":"Bundesrat stimmt gegen B\u00fcrgergeld","og_description":"Es hatte sich bereits in den vergangenen Tagen abgezeichnet, nun ist es offiziell:\u00a0Die L\u00e4nderkammer hat die von der Bundesregierung geplante B\u00fcrgergeld-Reform vorerst gestoppt. Nun soll vermittelt werden &#8211; viel Zeit bleibt aber nicht mehr. Das B\u00fcrgergeld der Ampel-Koalition ist vorerst gestoppt. In einer Sondersitzung des Bundesrats erhielt der Gesetzentwurf f\u00fcr die Sozialreform am Montag nicht [&hellip;]","og_url":"https:\/\/now-news.de\/de\/deutschland\/bundesrat-stimmt-gegen-buergergeld\/","og_site_name":"just-now.NEWS Deutschland","article_publisher":"https:\/\/www.facebook.com\/wirmachenauf","article_published_time":"2022-11-14T11:40:51+00:00","og_image":[{"width":460,"height":259,"url":"https:\/\/now-news.de\/de\/wp-content\/uploads\/sites\/3\/2022\/11\/Bundesrat-stimmt-gegen-Buergergeld.jpg","type":"image\/jpeg"}],"author":"rtnews","twitter_card":"summary_large_image","twitter_creator":"@WirMachenAuf_de","twitter_site":"@WirMachenAuf_de","twitter_misc":{"Verfasst von":"rtnews","Gesch\u00e4tzte Lesezeit":"2\u00a0Minuten"},"schema":{"@context":"https:\/\/schema.org","@graph":[{"@type":"Article","@id":"https:\/\/now-news.de\/de\/deutschland\/bundesrat-stimmt-gegen-buergergeld\/#article","isPartOf":{"@id":"https:\/\/now-news.de\/de\/deutschland\/bundesrat-stimmt-gegen-buergergeld\/"},"author":{"name":"rtnews","@id":"https:\/\/now-news.de\/de\/#\/schema\/person\/fb534a4e865501d8b3285208df34a9b5"},"headline":"Bundesrat stimmt gegen B\u00fcrgergeld","datePublished":"2022-11-14T11:40:51+00:00","dateModified":"2022-11-14T11:40:51+00:00","mainEntityOfPage":{"@id":"https:\/\/now-news.de\/de\/deutschland\/bundesrat-stimmt-gegen-buergergeld\/"},"wordCount":380,"commentCount":0,"publisher":{"@id":"https:\/\/now-news.de\/de\/#organization"},"image":{"@id":"https:\/\/now-news.de\/de\/deutschland\/bundesrat-stimmt-gegen-buergergeld\/#primaryimage"},"thumbnailUrl":"https:\/\/now-news.de\/de\/wp-content\/uploads\/sites\/3\/2022\/11\/Bundesrat-stimmt-gegen-Buergergeld.jpg","keywords":["Bundesrat","b\u00fcrgergeld","gegen","stimmt"],"articleSection":["Deutschland","Russland"],"inLanguage":"de","potentialAction":[{"@type":"CommentAction","name":"Comment","target":["https:\/\/now-news.de\/de\/deutschland\/bundesrat-stimmt-gegen-buergergeld\/#respond"]}]},{"@type":"WebPage","@id":"https:\/\/now-news.de\/de\/deutschland\/bundesrat-stimmt-gegen-buergergeld\/","url":"https:\/\/now-news.de\/de\/deutschland\/bundesrat-stimmt-gegen-buergergeld\/","name":"Bundesrat stimmt gegen B\u00fcrgergeld - just-now.NEWS Deutschland","isPartOf":{"@id":"https:\/\/now-news.de\/de\/#website"},"primaryImageOfPage":{"@id":"https:\/\/now-news.de\/de\/deutschland\/bundesrat-stimmt-gegen-buergergeld\/#primaryimage"},"image":{"@id":"https:\/\/now-news.de\/de\/deutschland\/bundesrat-stimmt-gegen-buergergeld\/#primaryimage"},"thumbnailUrl":"https:\/\/now-news.de\/de\/wp-content\/uploads\/sites\/3\/2022\/11\/Bundesrat-stimmt-gegen-Buergergeld.jpg","datePublished":"2022-11-14T11:40:51+00:00","dateModified":"2022-11-14T11:40:51+00:00","breadcrumb":{"@id":"https:\/\/now-news.de\/de\/deutschland\/bundesrat-stimmt-gegen-buergergeld\/#breadcrumb"},"inLanguage":"de","potentialAction":[{"@type":"ReadAction","target":["https:\/\/now-news.de\/de\/deutschland\/bundesrat-stimmt-gegen-buergergeld\/"]}]},{"@type":"ImageObject","inLanguage":"de","@id":"https:\/\/now-news.de\/de\/deutschland\/bundesrat-stimmt-gegen-buergergeld\/#primaryimage","url":"https:\/\/now-news.de\/de\/wp-content\/uploads\/sites\/3\/2022\/11\/Bundesrat-stimmt-gegen-Buergergeld.jpg","contentUrl":"https:\/\/now-news.de\/de\/wp-content\/uploads\/sites\/3\/2022\/11\/Bundesrat-stimmt-gegen-Buergergeld.jpg","width":460,"height":259,"caption":"Bundesrat stimmt gegen B\u00fcrgergeld"},{"@type":"BreadcrumbList","@id":"https:\/\/now-news.de\/de\/deutschland\/bundesrat-stimmt-gegen-buergergeld\/#breadcrumb","itemListElement":[{"@type":"ListItem","position":1,"name":"Home","item":"https:\/\/now-news.de\/de\/"},{"@type":"ListItem","position":2,"name":"Bundesrat stimmt gegen B\u00fcrgergeld"}]},{"@type":"WebSite","@id":"https:\/\/now-news.de\/de\/#website","url":"https:\/\/now-news.de\/de\/","name":"just-now.NEWS Deutschland","description":"Das Portal f\u00fcr unzensierte Nachrichten aus der Welt","publisher":{"@id":"https:\/\/now-news.de\/de\/#organization"},"potentialAction":[{"@type":"SearchAction","target":{"@type":"EntryPoint","urlTemplate":"https:\/\/now-news.de\/de\/?s={search_term_string}"},"query-input":"required name=search_term_string"}],"inLanguage":"de"},{"@type":"Organization","@id":"https:\/\/now-news.de\/de\/#organization","name":"Just Now News","url":"https:\/\/now-news.de\/de\/","logo":{"@type":"ImageObject","inLanguage":"de","@id":"https:\/\/now-news.de\/de\/#\/schema\/logo\/image\/","url":"http:\/\/just-now.news\/de\/wp-content\/uploads\/sites\/3\/2022\/04\/logo500x500.jpg","contentUrl":"http:\/\/just-now.news\/de\/wp-content\/uploads\/sites\/3\/2022\/04\/logo500x500.jpg","width":500,"height":500,"caption":"Just Now News"},"image":{"@id":"https:\/\/now-news.de\/de\/#\/schema\/logo\/image\/"},"sameAs":["https:\/\/www.facebook.com\/wirmachenauf","https:\/\/x.com\/WirMachenAuf_de"]},{"@type":"Person","@id":"https:\/\/now-news.de\/de\/#\/schema\/person\/fb534a4e865501d8b3285208df34a9b5","name":"rtnews","image":{"@type":"ImageObject","inLanguage":"de","@id":"https:\/\/now-news.de\/de\/#\/schema\/person\/image\/","url":"https:\/\/secure.gravatar.com\/avatar\/82aafea7d8127119dd649515f56e2117?s=96&d=mm&r=g","contentUrl":"https:\/\/secure.gravatar.com\/avatar\/82aafea7d8127119dd649515f56e2117?s=96&d=mm&r=g","caption":"rtnews"},"url":"https:\/\/now-news.de\/de\/author\/rnews\/"}]}},"_links":{"self":[{"href":"https:\/\/now-news.de\/de\/wp-json\/wp\/v2\/posts\/23100"}],"collection":[{"href":"https:\/\/now-news.de\/de\/wp-json\/wp\/v2\/posts"}],"about":[{"href":"https:\/\/now-news.de\/de\/wp-json\/wp\/v2\/types\/post"}],"author":[{"embeddable":true,"href":"https:\/\/now-news.de\/de\/wp-json\/wp\/v2\/users\/3"}],"replies":[{"embeddable":true,"href":"https:\/\/now-news.de\/de\/wp-json\/wp\/v2\/comments?post=23100"}],"version-history":[{"count":0,"href":"https:\/\/now-news.de\/de\/wp-json\/wp\/v2\/posts\/23100\/revisions"}],"wp:featuredmedia":[{"embeddable":true,"href":"https:\/\/now-news.de\/de\/wp-json\/wp\/v2\/media\/23101"}],"wp:attachment":[{"href":"https:\/\/now-news.de\/de\/wp-json\/wp\/v2\/media?parent=23100"}],"wp:term":[{"taxonomy":"category","embeddable":true,"href":"https:\/\/now-news.de\/de\/wp-json\/wp\/v2\/categories?post=23100"},{"taxonomy":"post_tag","embeddable":true,"href":"https:\/\/now-news.de\/de\/wp-json\/wp\/v2\/tags?post=23100"}],"curies":[{"name":"wp","href":"https:\/\/api.w.org\/{rel}","templated":true}]}}