{"id":23058,"date":"2022-11-13T18:38:13","date_gmt":"2022-11-13T16:38:13","guid":{"rendered":"http:\/\/just-now.news\/de\/deutschland\/der-untergang-des-abendlandes-oswald-spengler-in-der-heutigen-welt\/"},"modified":"2022-11-13T18:38:13","modified_gmt":"2022-11-13T16:38:13","slug":"der-untergang-des-abendlandes-oswald-spengler-in-der-heutigen-welt","status":"publish","type":"post","link":"https:\/\/now-news.de\/de\/deutschland\/der-untergang-des-abendlandes-oswald-spengler-in-der-heutigen-welt\/","title":{"rendered":"Der Untergang des Abendlandes: Oswald Spengler in der heutigen Welt"},"content":{"rendered":"<p><img decoding=\"async\" src=\"http:\/\/just-now.news\/de\/wp-content\/uploads\/sites\/3\/2022\/11\/6370f489b480cc38f55e5cd0.jpg\" \/><\/p>\n<div class=\"Text-root Text-type_1 \">\n                Zeitlosigkeit des Denkens und Sehens in der Weltpolitik ist ein seltenes Zeichen von Gr\u00f6\u00dfe. Oswald Spenglers &#8220;Der Untergang des Abendlandes&#8221;, geschrieben vor genau einem Jahrhundert, verdient dieses Pr\u00e4dikat. Das Werk liest sich, als w\u00e4re es gestern entstanden.\n            <\/div>\n<p><\/p>\n<div class=\"Text-root Text-type_5 ArticleView-text ViewText-root \">\n<p><em>Von\u00a0Oscar Silva-Valladares<\/em><\/p>\n<p>Der deutsche Geschichtsphilosoph Oswald Spengler schrieb 1922, dass sich die jahrhundertealte westeurop\u00e4isch-amerikanische Zivilisation in allen Erscheinungsformen des Lebens einschlie\u00dflich Religion, Kunst, Politik, sozialem Leben, Wirtschaft und Wissenschaft in einem permanenten und unwiederbringlichen Niedergang befindet. F\u00fcr ihn zeigte sich die politische, soziale und ideologische Dimension dieses Niedergangs im Versagen der westlichen politischen Klasse auf beiden Seiten des Atlantiks.<\/p>\n<p>Er sah Politiker, die meist in Gro\u00dfst\u00e4dten lebten, verzehrt von Ideologie und Verachtung gegen\u00fcber stillen Mehrheiten und beschrieb sie als &#8220;eine neue Art von Nomaden, die instabil in flie\u00dfenden Massen zusammenschl\u00fcpfen, der parasit\u00e4re Stadtbewohner, traditionslos, v\u00f6llig sachlich, religionslos, klug, unfruchtbar und zutiefst verachtend gegen\u00fcber dem Landsmann&#8221;. Heutzutage entspricht die in Br\u00fcssel ans\u00e4ssige F\u00fchrung der EU durch ihre wiederkehrende Verachtung f\u00fcr die nationale Souver\u00e4nit\u00e4t dieser Definition voll und ganz.<\/p>\n<p>Spengler glaubte, dass Dekadenz in der Politik die Vorherrschaft der Ideologie \u00fcber das Handeln bedeutet. &#8220;M\u00e4nner der Theorie begehen einen gro\u00dfen Fehler, wenn sie glauben, dass ihr Platz an der Spitze und nicht im Zug gro\u00dfer Ereignisse liegt&#8221;, schrieb er, ohne zu wissen, wie wahr dies heute ist. Gerade sahen wir den Sturz der britischen Premierministerin Liz Truss, die die Wirtschaft auf dem Altar der Ideologie opferte.<\/p>\n<p>Das Dogma, das den sozialen Zusammenhalt und den Wohlstand zerst\u00f6rt, ist auch bei der Zerst\u00f6rung der Wettbewerbsf\u00e4higkeit des verarbeitenden Gewerbes in Europa pr\u00e4sent, wenn Politiker billige russische Energie gewaltsam verweigern oder wenn das\u00a0zwergenhafte Litauen einen Kampf mit China zur Verteidigung der &#8220;Souver\u00e4nit\u00e4t&#8221; Taiwans aufnimmt. Angesichts dieser Ereignisse h\u00e4tte der deutsche Denker seine Behauptung wiederholt, dass &#8220;der politische Doktrin\u00e4r immer wei\u00df, was getan werden muss; trotzdem ist seine T\u00e4tigkeit, wenn sie sich einmal nicht auf das Papier beschr\u00e4nkt, die erfolgloseste und damit die wertloseste in der Geschichte&#8221;.<\/p>\n<p>Wenn wir dem deutschen Wirtschaftsminister Robert Habeck oder seiner Kollegin im Au\u00dfenamt Annalena Baerbock zuh\u00f6ren, die \u00fcber das Primat der gr\u00fcnen Agenda dozieren oder dar\u00fcber, wie die milit\u00e4rische Unterst\u00fctzung der Ukraine fortgesetzt werden muss, unabh\u00e4ngig davon, was die W\u00e4hler denken, k\u00f6nnen wir nicht umhin, uns an die vernichtende Frage des Schriftstellers zu erinnern:<\/p>\n<blockquote>\n<p><em>&#8220;Ich frage mich, wenn ich das Buch eines modernen Denkers zur Hand nehme, was er vom Tats\u00e4chlichen der Weltpolitik, von den gro\u00dfen Problemen der Weltst\u00e4dte, des Kapitalismus, der Zukunft des Staates, des Verh\u00e4ltnisses der Technik zum Ausgang der Zivilisation, des Russentums, der Wissenschaft \u00fcberhaupt ahnt.&#8221;<\/em><\/p>\n<\/blockquote>\n<p>Die &#8220;regelbasierte internationale Ordnung&#8221;, jenes westliche Axiom, das aus der Euphorie nach dem Kalten Krieg entstand und zur Rechtfertigung der US-Hegemonie verwendet wurde, erinnert uns an den Aphorismus des Schriftstellers, dass nichts einfacher sei, &#8220;als an Stelle von Gedanken, die man nicht hat, ein System zu begr\u00fcnden&#8221;. &#8220;Aber selbst ein guter Gedanke ist wenig Wert, wenn er von einem Flachkopf ausgesprochen wird&#8221;, kommt einem in den Sinn, wenn wir die Pr\u00e4sidentin der EU-Kommission Ursula von der Leyen oder den EU-Au\u00dfenminister Josep Borrell das immer gleiche Mantra wiederholen h\u00f6ren. &#8220;Allein die Notwendigkeit f\u00fcr das Leben entscheidet \u00fcber den Rang einer Lehre&#8221;, etwas, das vergessen wurde, da Europa den USA in einem Wirtschaftskrieg, der den Kontinent ruiniert, blind folgt.<\/p>\n<p>In Bezug auf die Konfrontation\u00a0des Westens mit China hob Spengler das traditionelle Unverst\u00e4ndnis westlicher Politiker f\u00fcr die Protagonisten des chinesischen Denkens hervor, die mit einem 4.000-j\u00e4hrigen Blick auf die Geschichte ihren Platz in der Welt verorten, verglichen mit dem westlichen engen Zeitrahmen, der von den Ereignissen seit 1500 gepr\u00e4gt ist. Diese in sich geschlossene westliche Wahrnehmung der Geschichte negiert die Weltgeschichte, sagt er und f\u00fcgt hinzu, dass die Weltgeschichte in den Augen des Westens unser Weltbild ist und nicht das der gesamten Menschheit.<\/p>\n<p>Der amerikanische Exzeptionalismus, die gef\u00e4hrliche Vorstellung, dass die Werte, das politische System und die Geschichte der USA dazu bestimmt sind, die f\u00fchrende Rolle der Welt zu spielen, wird infrage gestellt, wenn er darauf hinweist, dass es so viele Moralvorstellungen wie Kulturen gibt, nicht mehr und nicht weniger, und dass jede Kultur ihren eigenen Standard besitzt, dessen G\u00fcltigkeit damit beginnt und endet. Eine Aussage, die die Notwendigkeit einer multipolaren Welt erkl\u00e4rt.<\/p>\n<p>Sosehr es politisch korrekt geworden ist, Nietzsches Ideen nach seiner Vereinnahmung durch die Nazi-Ideologie zu kritisieren, bekr\u00e4ftigte Spengler, dass Nietzsches Grundkonzept des Willens der Macht f\u00fcr die westliche Zivilisation wesentlich ist, was im Einklang mit dem westlichen Glauben an die \u00dcberlegenheit seiner Werte und der Notwendigkeit steht, sie anderen Kulturen aufzuzwingen:<\/p>\n<blockquote>\n<p><em>&#8220;Der westeurop\u00e4ische Mensch steht hier unter dem Einfluss einer ungeheuren optischen T\u00e4uschung, jeder ohne Ausnahme. Alle fordern\u00a0etwas von den andern. Ein &#8216;du sollst&#8217; wird ausgesprochen in der \u00dcberzeugung, dass hier wirklich etwas in einheitlichem Sinn ver\u00e4ndert, gestaltet, geordnet werden k\u00f6nne und m\u00fcsse. Der Glaube daran und an das Recht dazu unersch\u00fctterlich.&#8221;<\/em><\/p>\n<\/blockquote>\n<p>Geld, Politik und Presse spielten in der westlichen Zivilisation eine zentrale Rolle, erkl\u00e4rt Spengler. In der Politik &#8220;n\u00e4hrt&#8221; Geld den demokratischen Prozess, insbesondere bei Wahlen, wie es in den USA immer wieder der Fall ist. Die Presse dient dem, dem sie geh\u00f6rt, und sie verbreitet keine &#8220;freie&#8221; Meinung \u2013 sie erzeugt sie. &#8220;Was ist Wahrheit? F\u00fcr die Menge das, was man st\u00e4ndig liest und h\u00f6rt.&#8221;<\/p>\n<p>Was die Pressefreiheit betrifft, so werden wir daran erinnert, dass jedem erlaubt ist zu sagen, was er oder sie will. Aber die Presse ist frei, dies zur Kenntnis zu nehmen oder nicht. Die Presse kann jede &#8220;Wahrheit&#8221; zum Tode verurteilen, indem sie jegliche Kommunikation dar\u00fcber unterl\u00e4sst \u2013 &#8220;eine furchtbare Zensur des Schweigens, die umso allm\u00e4chtiger ist, als die Sklavenmasse der Zeitungsleser ihr Vorhandensein gar nicht bemerkt&#8221;.<\/p>\n<p>Auff\u00e4llige Parallelen bestehen zwischen der heutigen Armut in US-St\u00e4dten und Spenglers Beobachtung des alten Roms zur Zeit des Crassus, der als Immobilienspekulant auch an Donald Trump erinnert. Das r\u00f6mische Volk wird als &#8220;in entsetzlichem Elend in den vielschichtigen Herbergen dunkler Vororte&#8221; dargestellt, ein Ungl\u00fcck, das direkt mit den Folgen des r\u00f6mischen Milit\u00e4rexpansionismus zusammenh\u00e4ngt und auf die aktuellen Zust\u00e4nde in Detroit, Cleveland oder Newark hindeutet.<\/p>\n<p>&#8220;Der Untergang des Abendlandes&#8221; wurde fr\u00fcher als Epilog des Ersten Weltkriegs gelesen, des Krieges, der alle Kriege beendete. Hoffentlich wird es in der heutigen Welt nicht als der Beginn neuen Ungl\u00fccks gelesen.<\/p>\n<p><strong>Mehr zum Thema<\/strong> &#8211; <a rel=\"nofollow noopener\" target=\"_blank\" href=\"https:\/\/de.rt.com\/meinung\/152903-krieg-gegen-terror-wird-europa-treffen\/\">Der &#8220;Krieg gegen den Terror&#8221; wird wohl demn\u00e4chst Europa treffen<\/a><\/p>\n<p><em>Dieser Artikel erschien zuerst in englischer Sprache beim <a rel=\"nofollow noopener\" target=\"_blank\" href=\"http:\/\/www.ronpaulinstitute.org\/archives\/featured-articles\/2022\/november\/11\/the-decline-of-the-west-spengler-in-today-s-world\/\">RonPaul Institute<\/a>.<\/em><\/p>\n<p><em><strong>Oscar Silva-Valladares<\/strong> ist ein ehemaliger Investmentbanker, der in Nord- und Lateinamerika, West- und Osteuropa, Saudi-Arabien, Japan, den Philippinen und Westafrika gelebt und gearbeitet hat. Derzeit bietet er strategische Beratung in Finanzfragen in Schwellenl\u00e4ndern an.<\/em><\/p>\n<\/p>\n<\/div>\n<p><br \/>\n<br \/><a href=\"https:\/\/de.rt.com\/meinung\/154252-untergang-abendlandes-oswald-spengler-in\/\">Source link <\/a><\/p>\n","protected":false},"excerpt":{"rendered":"<p>Zeitlosigkeit des Denkens und Sehens in der Weltpolitik ist ein seltenes Zeichen von Gr\u00f6\u00dfe. Oswald Spenglers &#8220;Der Untergang des Abendlandes&#8221;, geschrieben vor genau einem Jahrhundert, verdient dieses Pr\u00e4dikat. Das Werk liest sich, als w\u00e4re es gestern entstanden. Von\u00a0Oscar Silva-Valladares Der deutsche Geschichtsphilosoph Oswald Spengler schrieb 1922, dass sich die jahrhundertealte westeurop\u00e4isch-amerikanische Zivilisation in allen Erscheinungsformen [&hellip;]<\/p>\n","protected":false},"author":3,"featured_media":23059,"comment_status":"open","ping_status":"open","sticky":false,"template":"","format":"standard","meta":{"wp_automatic_camp":["217"],"8279cce89d90328f844dbadf518bd224":["Der Untergang des Abendlandes: Oswald Spengler in der heutigen Welt"],"original_link":["https:\/\/de.rt.com\/meinung\/154252-untergang-abendlandes-oswald-spengler-in\/"],"_thumbnail_id":["23059"],"jnews_social_counter_last_update":["1777458512"]},"categories":[19,23],"tags":[35810,82,583,23655,35811,35812,22799,778],"yoast_head":"<!-- This site is optimized with the Yoast SEO Premium plugin v22.7 (Yoast SEO v22.7) - https:\/\/yoast.com\/wordpress\/plugins\/seo\/ -->\n<title>Der Untergang des Abendlandes: Oswald Spengler in der heutigen Welt - just-now.NEWS Deutschland<\/title>\n<meta name=\"robots\" content=\"index, follow, max-snippet:-1, max-image-preview:large, max-video-preview:-1\" \/>\n<link rel=\"canonical\" href=\"https:\/\/now-news.de\/de\/deutschland\/der-untergang-des-abendlandes-oswald-spengler-in-der-heutigen-welt\/\" \/>\n<meta property=\"og:locale\" content=\"de_DE\" \/>\n<meta property=\"og:type\" content=\"article\" \/>\n<meta property=\"og:title\" content=\"Der Untergang des Abendlandes: Oswald Spengler in der heutigen Welt\" \/>\n<meta property=\"og:description\" content=\"Zeitlosigkeit des Denkens und Sehens in der Weltpolitik ist ein seltenes Zeichen von Gr\u00f6\u00dfe. Oswald Spenglers &#8220;Der Untergang des Abendlandes&#8221;, geschrieben vor genau einem Jahrhundert, verdient dieses Pr\u00e4dikat. Das Werk liest sich, als w\u00e4re es gestern entstanden. Von\u00a0Oscar Silva-Valladares Der deutsche Geschichtsphilosoph Oswald Spengler schrieb 1922, dass sich die jahrhundertealte westeurop\u00e4isch-amerikanische Zivilisation in allen Erscheinungsformen [&hellip;]\" \/>\n<meta property=\"og:url\" content=\"https:\/\/now-news.de\/de\/deutschland\/der-untergang-des-abendlandes-oswald-spengler-in-der-heutigen-welt\/\" \/>\n<meta property=\"og:site_name\" content=\"just-now.NEWS Deutschland\" \/>\n<meta property=\"article:publisher\" content=\"https:\/\/www.facebook.com\/wirmachenauf\" \/>\n<meta property=\"article:published_time\" content=\"2022-11-13T16:38:13+00:00\" \/>\n<meta property=\"og:image\" content=\"https:\/\/now-news.de\/de\/wp-content\/uploads\/sites\/3\/2022\/11\/Der-Untergang-des-Abendlandes-Oswald-Spengler-in-der-heutigen-Welt.jpg\" \/>\n\t<meta property=\"og:image:width\" content=\"460\" \/>\n\t<meta property=\"og:image:height\" content=\"259\" \/>\n\t<meta property=\"og:image:type\" content=\"image\/jpeg\" \/>\n<meta name=\"author\" content=\"rtnews\" \/>\n<meta name=\"twitter:card\" content=\"summary_large_image\" \/>\n<meta name=\"twitter:creator\" content=\"@WirMachenAuf_de\" \/>\n<meta name=\"twitter:site\" content=\"@WirMachenAuf_de\" \/>\n<meta name=\"twitter:label1\" content=\"Verfasst von\" \/>\n\t<meta name=\"twitter:data1\" content=\"rtnews\" \/>\n\t<meta name=\"twitter:label2\" content=\"Gesch\u00e4tzte Lesezeit\" \/>\n\t<meta name=\"twitter:data2\" content=\"6\u00a0Minuten\" \/>\n<script type=\"application\/ld+json\" class=\"yoast-schema-graph\">{\"@context\":\"https:\/\/schema.org\",\"@graph\":[{\"@type\":\"Article\",\"@id\":\"https:\/\/now-news.de\/de\/deutschland\/der-untergang-des-abendlandes-oswald-spengler-in-der-heutigen-welt\/#article\",\"isPartOf\":{\"@id\":\"https:\/\/now-news.de\/de\/deutschland\/der-untergang-des-abendlandes-oswald-spengler-in-der-heutigen-welt\/\"},\"author\":{\"name\":\"rtnews\",\"@id\":\"https:\/\/now-news.de\/de\/#\/schema\/person\/fb534a4e865501d8b3285208df34a9b5\"},\"headline\":\"Der Untergang des Abendlandes: Oswald Spengler in der heutigen Welt\",\"datePublished\":\"2022-11-13T16:38:13+00:00\",\"dateModified\":\"2022-11-13T16:38:13+00:00\",\"mainEntityOfPage\":{\"@id\":\"https:\/\/now-news.de\/de\/deutschland\/der-untergang-des-abendlandes-oswald-spengler-in-der-heutigen-welt\/\"},\"wordCount\":1174,\"commentCount\":0,\"publisher\":{\"@id\":\"https:\/\/now-news.de\/de\/#organization\"},\"image\":{\"@id\":\"https:\/\/now-news.de\/de\/deutschland\/der-untergang-des-abendlandes-oswald-spengler-in-der-heutigen-welt\/#primaryimage\"},\"thumbnailUrl\":\"https:\/\/now-news.de\/de\/wp-content\/uploads\/sites\/3\/2022\/11\/Der-Untergang-des-Abendlandes-Oswald-Spengler-in-der-heutigen-Welt.jpg\",\"keywords\":[\"Abendlandes\",\"der\",\"des\",\"heutigen\",\"Oswald\",\"Spengler\",\"Untergang\",\"Welt\"],\"articleSection\":[\"Deutschland\",\"Russland\"],\"inLanguage\":\"de\",\"potentialAction\":[{\"@type\":\"CommentAction\",\"name\":\"Comment\",\"target\":[\"https:\/\/now-news.de\/de\/deutschland\/der-untergang-des-abendlandes-oswald-spengler-in-der-heutigen-welt\/#respond\"]}]},{\"@type\":\"WebPage\",\"@id\":\"https:\/\/now-news.de\/de\/deutschland\/der-untergang-des-abendlandes-oswald-spengler-in-der-heutigen-welt\/\",\"url\":\"https:\/\/now-news.de\/de\/deutschland\/der-untergang-des-abendlandes-oswald-spengler-in-der-heutigen-welt\/\",\"name\":\"Der Untergang des Abendlandes: Oswald Spengler in der heutigen Welt - just-now.NEWS Deutschland\",\"isPartOf\":{\"@id\":\"https:\/\/now-news.de\/de\/#website\"},\"primaryImageOfPage\":{\"@id\":\"https:\/\/now-news.de\/de\/deutschland\/der-untergang-des-abendlandes-oswald-spengler-in-der-heutigen-welt\/#primaryimage\"},\"image\":{\"@id\":\"https:\/\/now-news.de\/de\/deutschland\/der-untergang-des-abendlandes-oswald-spengler-in-der-heutigen-welt\/#primaryimage\"},\"thumbnailUrl\":\"https:\/\/now-news.de\/de\/wp-content\/uploads\/sites\/3\/2022\/11\/Der-Untergang-des-Abendlandes-Oswald-Spengler-in-der-heutigen-Welt.jpg\",\"datePublished\":\"2022-11-13T16:38:13+00:00\",\"dateModified\":\"2022-11-13T16:38:13+00:00\",\"breadcrumb\":{\"@id\":\"https:\/\/now-news.de\/de\/deutschland\/der-untergang-des-abendlandes-oswald-spengler-in-der-heutigen-welt\/#breadcrumb\"},\"inLanguage\":\"de\",\"potentialAction\":[{\"@type\":\"ReadAction\",\"target\":[\"https:\/\/now-news.de\/de\/deutschland\/der-untergang-des-abendlandes-oswald-spengler-in-der-heutigen-welt\/\"]}]},{\"@type\":\"ImageObject\",\"inLanguage\":\"de\",\"@id\":\"https:\/\/now-news.de\/de\/deutschland\/der-untergang-des-abendlandes-oswald-spengler-in-der-heutigen-welt\/#primaryimage\",\"url\":\"https:\/\/now-news.de\/de\/wp-content\/uploads\/sites\/3\/2022\/11\/Der-Untergang-des-Abendlandes-Oswald-Spengler-in-der-heutigen-Welt.jpg\",\"contentUrl\":\"https:\/\/now-news.de\/de\/wp-content\/uploads\/sites\/3\/2022\/11\/Der-Untergang-des-Abendlandes-Oswald-Spengler-in-der-heutigen-Welt.jpg\",\"width\":460,\"height\":259,\"caption\":\"Der Untergang des Abendlandes: Oswald Spengler in der heutigen Welt\"},{\"@type\":\"BreadcrumbList\",\"@id\":\"https:\/\/now-news.de\/de\/deutschland\/der-untergang-des-abendlandes-oswald-spengler-in-der-heutigen-welt\/#breadcrumb\",\"itemListElement\":[{\"@type\":\"ListItem\",\"position\":1,\"name\":\"Home\",\"item\":\"https:\/\/now-news.de\/de\/\"},{\"@type\":\"ListItem\",\"position\":2,\"name\":\"Der Untergang des Abendlandes: Oswald Spengler in der heutigen Welt\"}]},{\"@type\":\"WebSite\",\"@id\":\"https:\/\/now-news.de\/de\/#website\",\"url\":\"https:\/\/now-news.de\/de\/\",\"name\":\"just-now.NEWS Deutschland\",\"description\":\"Das Portal f\u00fcr unzensierte Nachrichten aus der Welt\",\"publisher\":{\"@id\":\"https:\/\/now-news.de\/de\/#organization\"},\"potentialAction\":[{\"@type\":\"SearchAction\",\"target\":{\"@type\":\"EntryPoint\",\"urlTemplate\":\"https:\/\/now-news.de\/de\/?s={search_term_string}\"},\"query-input\":\"required name=search_term_string\"}],\"inLanguage\":\"de\"},{\"@type\":\"Organization\",\"@id\":\"https:\/\/now-news.de\/de\/#organization\",\"name\":\"Just Now News\",\"url\":\"https:\/\/now-news.de\/de\/\",\"logo\":{\"@type\":\"ImageObject\",\"inLanguage\":\"de\",\"@id\":\"https:\/\/now-news.de\/de\/#\/schema\/logo\/image\/\",\"url\":\"http:\/\/just-now.news\/de\/wp-content\/uploads\/sites\/3\/2022\/04\/logo500x500.jpg\",\"contentUrl\":\"http:\/\/just-now.news\/de\/wp-content\/uploads\/sites\/3\/2022\/04\/logo500x500.jpg\",\"width\":500,\"height\":500,\"caption\":\"Just Now News\"},\"image\":{\"@id\":\"https:\/\/now-news.de\/de\/#\/schema\/logo\/image\/\"},\"sameAs\":[\"https:\/\/www.facebook.com\/wirmachenauf\",\"https:\/\/x.com\/WirMachenAuf_de\"]},{\"@type\":\"Person\",\"@id\":\"https:\/\/now-news.de\/de\/#\/schema\/person\/fb534a4e865501d8b3285208df34a9b5\",\"name\":\"rtnews\",\"image\":{\"@type\":\"ImageObject\",\"inLanguage\":\"de\",\"@id\":\"https:\/\/now-news.de\/de\/#\/schema\/person\/image\/\",\"url\":\"https:\/\/secure.gravatar.com\/avatar\/82aafea7d8127119dd649515f56e2117?s=96&d=mm&r=g\",\"contentUrl\":\"https:\/\/secure.gravatar.com\/avatar\/82aafea7d8127119dd649515f56e2117?s=96&d=mm&r=g\",\"caption\":\"rtnews\"},\"url\":\"https:\/\/now-news.de\/de\/author\/rnews\/\"}]}<\/script>\n<!-- \/ Yoast SEO Premium plugin. -->","yoast_head_json":{"title":"Der Untergang des Abendlandes: Oswald Spengler in der heutigen Welt - just-now.NEWS Deutschland","robots":{"index":"index","follow":"follow","max-snippet":"max-snippet:-1","max-image-preview":"max-image-preview:large","max-video-preview":"max-video-preview:-1"},"canonical":"https:\/\/now-news.de\/de\/deutschland\/der-untergang-des-abendlandes-oswald-spengler-in-der-heutigen-welt\/","og_locale":"de_DE","og_type":"article","og_title":"Der Untergang des Abendlandes: Oswald Spengler in der heutigen Welt","og_description":"Zeitlosigkeit des Denkens und Sehens in der Weltpolitik ist ein seltenes Zeichen von Gr\u00f6\u00dfe. Oswald Spenglers &#8220;Der Untergang des Abendlandes&#8221;, geschrieben vor genau einem Jahrhundert, verdient dieses Pr\u00e4dikat. Das Werk liest sich, als w\u00e4re es gestern entstanden. Von\u00a0Oscar Silva-Valladares Der deutsche Geschichtsphilosoph Oswald Spengler schrieb 1922, dass sich die jahrhundertealte westeurop\u00e4isch-amerikanische Zivilisation in allen Erscheinungsformen [&hellip;]","og_url":"https:\/\/now-news.de\/de\/deutschland\/der-untergang-des-abendlandes-oswald-spengler-in-der-heutigen-welt\/","og_site_name":"just-now.NEWS Deutschland","article_publisher":"https:\/\/www.facebook.com\/wirmachenauf","article_published_time":"2022-11-13T16:38:13+00:00","og_image":[{"width":460,"height":259,"url":"https:\/\/now-news.de\/de\/wp-content\/uploads\/sites\/3\/2022\/11\/Der-Untergang-des-Abendlandes-Oswald-Spengler-in-der-heutigen-Welt.jpg","type":"image\/jpeg"}],"author":"rtnews","twitter_card":"summary_large_image","twitter_creator":"@WirMachenAuf_de","twitter_site":"@WirMachenAuf_de","twitter_misc":{"Verfasst von":"rtnews","Gesch\u00e4tzte Lesezeit":"6\u00a0Minuten"},"schema":{"@context":"https:\/\/schema.org","@graph":[{"@type":"Article","@id":"https:\/\/now-news.de\/de\/deutschland\/der-untergang-des-abendlandes-oswald-spengler-in-der-heutigen-welt\/#article","isPartOf":{"@id":"https:\/\/now-news.de\/de\/deutschland\/der-untergang-des-abendlandes-oswald-spengler-in-der-heutigen-welt\/"},"author":{"name":"rtnews","@id":"https:\/\/now-news.de\/de\/#\/schema\/person\/fb534a4e865501d8b3285208df34a9b5"},"headline":"Der Untergang des Abendlandes: Oswald Spengler in der heutigen Welt","datePublished":"2022-11-13T16:38:13+00:00","dateModified":"2022-11-13T16:38:13+00:00","mainEntityOfPage":{"@id":"https:\/\/now-news.de\/de\/deutschland\/der-untergang-des-abendlandes-oswald-spengler-in-der-heutigen-welt\/"},"wordCount":1174,"commentCount":0,"publisher":{"@id":"https:\/\/now-news.de\/de\/#organization"},"image":{"@id":"https:\/\/now-news.de\/de\/deutschland\/der-untergang-des-abendlandes-oswald-spengler-in-der-heutigen-welt\/#primaryimage"},"thumbnailUrl":"https:\/\/now-news.de\/de\/wp-content\/uploads\/sites\/3\/2022\/11\/Der-Untergang-des-Abendlandes-Oswald-Spengler-in-der-heutigen-Welt.jpg","keywords":["Abendlandes","der","des","heutigen","Oswald","Spengler","Untergang","Welt"],"articleSection":["Deutschland","Russland"],"inLanguage":"de","potentialAction":[{"@type":"CommentAction","name":"Comment","target":["https:\/\/now-news.de\/de\/deutschland\/der-untergang-des-abendlandes-oswald-spengler-in-der-heutigen-welt\/#respond"]}]},{"@type":"WebPage","@id":"https:\/\/now-news.de\/de\/deutschland\/der-untergang-des-abendlandes-oswald-spengler-in-der-heutigen-welt\/","url":"https:\/\/now-news.de\/de\/deutschland\/der-untergang-des-abendlandes-oswald-spengler-in-der-heutigen-welt\/","name":"Der Untergang des Abendlandes: Oswald Spengler in der heutigen Welt - just-now.NEWS Deutschland","isPartOf":{"@id":"https:\/\/now-news.de\/de\/#website"},"primaryImageOfPage":{"@id":"https:\/\/now-news.de\/de\/deutschland\/der-untergang-des-abendlandes-oswald-spengler-in-der-heutigen-welt\/#primaryimage"},"image":{"@id":"https:\/\/now-news.de\/de\/deutschland\/der-untergang-des-abendlandes-oswald-spengler-in-der-heutigen-welt\/#primaryimage"},"thumbnailUrl":"https:\/\/now-news.de\/de\/wp-content\/uploads\/sites\/3\/2022\/11\/Der-Untergang-des-Abendlandes-Oswald-Spengler-in-der-heutigen-Welt.jpg","datePublished":"2022-11-13T16:38:13+00:00","dateModified":"2022-11-13T16:38:13+00:00","breadcrumb":{"@id":"https:\/\/now-news.de\/de\/deutschland\/der-untergang-des-abendlandes-oswald-spengler-in-der-heutigen-welt\/#breadcrumb"},"inLanguage":"de","potentialAction":[{"@type":"ReadAction","target":["https:\/\/now-news.de\/de\/deutschland\/der-untergang-des-abendlandes-oswald-spengler-in-der-heutigen-welt\/"]}]},{"@type":"ImageObject","inLanguage":"de","@id":"https:\/\/now-news.de\/de\/deutschland\/der-untergang-des-abendlandes-oswald-spengler-in-der-heutigen-welt\/#primaryimage","url":"https:\/\/now-news.de\/de\/wp-content\/uploads\/sites\/3\/2022\/11\/Der-Untergang-des-Abendlandes-Oswald-Spengler-in-der-heutigen-Welt.jpg","contentUrl":"https:\/\/now-news.de\/de\/wp-content\/uploads\/sites\/3\/2022\/11\/Der-Untergang-des-Abendlandes-Oswald-Spengler-in-der-heutigen-Welt.jpg","width":460,"height":259,"caption":"Der Untergang des Abendlandes: Oswald Spengler in der heutigen Welt"},{"@type":"BreadcrumbList","@id":"https:\/\/now-news.de\/de\/deutschland\/der-untergang-des-abendlandes-oswald-spengler-in-der-heutigen-welt\/#breadcrumb","itemListElement":[{"@type":"ListItem","position":1,"name":"Home","item":"https:\/\/now-news.de\/de\/"},{"@type":"ListItem","position":2,"name":"Der Untergang des Abendlandes: Oswald Spengler in der heutigen Welt"}]},{"@type":"WebSite","@id":"https:\/\/now-news.de\/de\/#website","url":"https:\/\/now-news.de\/de\/","name":"just-now.NEWS Deutschland","description":"Das Portal f\u00fcr unzensierte Nachrichten aus der Welt","publisher":{"@id":"https:\/\/now-news.de\/de\/#organization"},"potentialAction":[{"@type":"SearchAction","target":{"@type":"EntryPoint","urlTemplate":"https:\/\/now-news.de\/de\/?s={search_term_string}"},"query-input":"required name=search_term_string"}],"inLanguage":"de"},{"@type":"Organization","@id":"https:\/\/now-news.de\/de\/#organization","name":"Just Now News","url":"https:\/\/now-news.de\/de\/","logo":{"@type":"ImageObject","inLanguage":"de","@id":"https:\/\/now-news.de\/de\/#\/schema\/logo\/image\/","url":"http:\/\/just-now.news\/de\/wp-content\/uploads\/sites\/3\/2022\/04\/logo500x500.jpg","contentUrl":"http:\/\/just-now.news\/de\/wp-content\/uploads\/sites\/3\/2022\/04\/logo500x500.jpg","width":500,"height":500,"caption":"Just Now News"},"image":{"@id":"https:\/\/now-news.de\/de\/#\/schema\/logo\/image\/"},"sameAs":["https:\/\/www.facebook.com\/wirmachenauf","https:\/\/x.com\/WirMachenAuf_de"]},{"@type":"Person","@id":"https:\/\/now-news.de\/de\/#\/schema\/person\/fb534a4e865501d8b3285208df34a9b5","name":"rtnews","image":{"@type":"ImageObject","inLanguage":"de","@id":"https:\/\/now-news.de\/de\/#\/schema\/person\/image\/","url":"https:\/\/secure.gravatar.com\/avatar\/82aafea7d8127119dd649515f56e2117?s=96&d=mm&r=g","contentUrl":"https:\/\/secure.gravatar.com\/avatar\/82aafea7d8127119dd649515f56e2117?s=96&d=mm&r=g","caption":"rtnews"},"url":"https:\/\/now-news.de\/de\/author\/rnews\/"}]}},"_links":{"self":[{"href":"https:\/\/now-news.de\/de\/wp-json\/wp\/v2\/posts\/23058"}],"collection":[{"href":"https:\/\/now-news.de\/de\/wp-json\/wp\/v2\/posts"}],"about":[{"href":"https:\/\/now-news.de\/de\/wp-json\/wp\/v2\/types\/post"}],"author":[{"embeddable":true,"href":"https:\/\/now-news.de\/de\/wp-json\/wp\/v2\/users\/3"}],"replies":[{"embeddable":true,"href":"https:\/\/now-news.de\/de\/wp-json\/wp\/v2\/comments?post=23058"}],"version-history":[{"count":0,"href":"https:\/\/now-news.de\/de\/wp-json\/wp\/v2\/posts\/23058\/revisions"}],"wp:featuredmedia":[{"embeddable":true,"href":"https:\/\/now-news.de\/de\/wp-json\/wp\/v2\/media\/23059"}],"wp:attachment":[{"href":"https:\/\/now-news.de\/de\/wp-json\/wp\/v2\/media?parent=23058"}],"wp:term":[{"taxonomy":"category","embeddable":true,"href":"https:\/\/now-news.de\/de\/wp-json\/wp\/v2\/categories?post=23058"},{"taxonomy":"post_tag","embeddable":true,"href":"https:\/\/now-news.de\/de\/wp-json\/wp\/v2\/tags?post=23058"}],"curies":[{"name":"wp","href":"https:\/\/api.w.org\/{rel}","templated":true}]}}