{"id":23056,"date":"2022-11-13T18:01:38","date_gmt":"2022-11-13T16:01:38","guid":{"rendered":"http:\/\/just-now.news\/de\/deutschland\/ehemaliger-britischer-soeldner-will-in-die-ukraine-zurueck\/"},"modified":"2022-11-13T18:01:38","modified_gmt":"2022-11-13T16:01:38","slug":"ehemaliger-britischer-soeldner-will-in-die-ukraine-zurueck","status":"publish","type":"post","link":"https:\/\/now-news.de\/de\/deutschland\/ehemaliger-britischer-soeldner-will-in-die-ukraine-zurueck\/","title":{"rendered":"Ehemaliger britischer S\u00f6ldner will in die Ukraine zur\u00fcck"},"content":{"rendered":"<p><img decoding=\"async\" src=\"http:\/\/just-now.news\/de\/wp-content\/uploads\/sites\/3\/2022\/11\/63711426b480cc6ffc61bbc4.jpg\" \/><\/p>\n<div class=\"Text-root Text-type_1 \">\n                Aiden Aslin, ein ehemaliger britischer S\u00f6ldner, der w\u00e4hrend des Konflikts in der Ukraine auf der Seite Kiews gek\u00e4mpft hat, kehrt weniger als zwei Monate nach seiner Freilassung aus der russischen Gefangenschaft in die Ukraine zur\u00fcck.\n            <\/div>\n<p><\/p>\n<div class=\"Text-root Text-type_5 ArticleView-text ViewText-root \">\n<p>Der ehemalige britische S\u00f6ldner Aiden Aslin geht davon aus, niemals wieder eine Waffe in die Hand zu nehmen. Stattdessen plane er, als YouTube-&#8220;Kriegsberichterstatter&#8221; im Einsatz zu sein und sich keiner S\u00f6ldner-Miliz mehr anzuschlie\u00dfen.<\/p>\n<p>&#8220;Ich habe meiner Verlobten versprochen, nicht zum Milit\u00e4r zur\u00fcckzukehren. Ich erwarte nicht, jemals wieder eine Waffe in die Hand zu nehmen&#8221;, sagte der Brite gegen\u00fcber der <em>Daily Mail<\/em> in einem am vergangenen Freitag ver\u00f6ffentlichten Interview. Seine ukrainische Verlobte wird als Kriegsfl\u00fcchtling vorerst in Gro\u00dfbritannien bleiben.<\/p>\n<p>Der ehemalige S\u00f6ldner gab zu bedenken, dass er in der Ukraine m\u00f6glicherweise bereits zu &#8220;prominent&#8221; sei. Er glaubt allerdings, dass eine R\u00fcckkehr in das Land &#8220;das Risiko immer noch wert ist&#8221;. Aslin erkl\u00e4rte weiter, er wolle \u00fcber das Leben der ukrainischen K\u00e4mpfer und des einfachen Volkes berichten, um deren Geschichten einem breiten Publikum im Westen zug\u00e4nglich zu machen.<\/p>\n<p>Der anhaltende Konflikt werde sich seiner Auffassung nach noch einige Jahre hinziehen. Gegen\u00fcber der Zeitung beharrte der ehemalige S\u00f6ldner darauf, dass &#8220;die Ukraine eine echte Chance&#8221; habe, alle milit\u00e4rischen Ziele zu erreichen. Gleichzeitig gab er sich \u00fcberzeugt, dass nur &#8220;innenpolitische Probleme in Russland&#8221; dazu beitragen k\u00f6nnten, die Feindseligkeiten umgehend zu beenden.<\/p>\n<p>Aslin geriet im vergangenen April in den Fokus der internationalen \u00d6ffentlichkeit, als er von russischen Truppen im Kampf um Mariupol gefangengenommen wurde. Zusammen mit mehreren weiteren Ausl\u00e4ndern wurde der S\u00f6ldner anschlie\u00dfend von einem Gericht in der Volksrepublik Donezk wegen mehrerer Kriegsverbrechen zum Tode verurteilt. Im vergangenen September wurde er jedoch im Rahmen eines gr\u00f6\u00dferen Gefangenenaustauschs zwischen Russland und der Ukraine <a rel=\"nofollow noopener\" target=\"_blank\" href=\"https:\/\/de.rt.com\/europa\/149564-sky-news-im-donbass-zum\/\">freigelassen<\/a>.<\/p>\n<p>Moskau hat Ausl\u00e4nder wiederholt davor gewarnt, in die Ukraine zu reisen, um in den Reihen der Streitkr\u00e4fte Kiews zu k\u00e4mpfen. Im vergangenen September stellte der russische Verteidigungsminister Sergei Schoigu fest, dass zu diesem Zeitpunkt etwas mehr als 1.000 Ausl\u00e4nder in den Einheiten des ukrainischen Milit\u00e4rs t\u00e4tig seien, w\u00e4hrend mehr als 2.000 weitere K\u00e4mpfer im Laufe des Konflikts eliminiert wurden.<\/p>\n<p><strong>Mehr zum Thema<\/strong> &#8211; <a rel=\"nofollow noopener\" target=\"_blank\" href=\"https:\/\/pressefreiheit.rtde.tech\/international\/136313-britischer-soeldner-in-ukraine-gefangen-genommen-daene-schildert-mord\/\">Britischer S\u00f6ldner in der Ukraine gefangen genommen, D\u00e4ne schildert Mord an russischen Gefangenen<\/a><\/p>\n<\/p>\n<\/div>\n<p><br \/>\n<br \/><a href=\"https:\/\/de.rt.com\/international\/154268-ehemaliger-britischer-soeldner-verraet-warum\/\">Source link <\/a><\/p>\n","protected":false},"excerpt":{"rendered":"<p>Aiden Aslin, ein ehemaliger britischer S\u00f6ldner, der w\u00e4hrend des Konflikts in der Ukraine auf der Seite Kiews gek\u00e4mpft hat, kehrt weniger als zwei Monate nach seiner Freilassung aus der russischen Gefangenschaft in die Ukraine zur\u00fcck. Der ehemalige britische S\u00f6ldner Aiden Aslin geht davon aus, niemals wieder eine Waffe in die Hand zu nehmen. Stattdessen plane [&hellip;]<\/p>\n","protected":false},"author":3,"featured_media":23057,"comment_status":"open","ping_status":"open","sticky":false,"template":"","format":"standard","meta":{"wp_automatic_camp":["217"],"75c66924ab78eb8a00f51c46a22273d3":["Ehemaliger britischer S\u00f6ldner will in die Ukraine zur\u00fcck"],"original_link":["https:\/\/de.rt.com\/international\/154268-ehemaliger-britischer-soeldner-verraet-warum\/"],"_thumbnail_id":["23057"],"jnews_social_counter_last_update":["1777539334"]},"categories":[19,23],"tags":[1085,45,7622,1086,127,3337],"yoast_head":"<!-- This site is optimized with the Yoast SEO Premium plugin v22.7 (Yoast SEO v22.7) - https:\/\/yoast.com\/wordpress\/plugins\/seo\/ -->\n<title>Ehemaliger britischer S\u00f6ldner will in die Ukraine zur\u00fcck - just-now.NEWS Deutschland<\/title>\n<meta name=\"robots\" content=\"index, follow, max-snippet:-1, max-image-preview:large, max-video-preview:-1\" \/>\n<link rel=\"canonical\" href=\"https:\/\/now-news.de\/de\/deutschland\/ehemaliger-britischer-soeldner-will-in-die-ukraine-zurueck\/\" \/>\n<meta property=\"og:locale\" content=\"de_DE\" \/>\n<meta property=\"og:type\" content=\"article\" \/>\n<meta property=\"og:title\" content=\"Ehemaliger britischer S\u00f6ldner will in die Ukraine zur\u00fcck\" \/>\n<meta property=\"og:description\" content=\"Aiden Aslin, ein ehemaliger britischer S\u00f6ldner, der w\u00e4hrend des Konflikts in der Ukraine auf der Seite Kiews gek\u00e4mpft hat, kehrt weniger als zwei Monate nach seiner Freilassung aus der russischen Gefangenschaft in die Ukraine zur\u00fcck. Der ehemalige britische S\u00f6ldner Aiden Aslin geht davon aus, niemals wieder eine Waffe in die Hand zu nehmen. Stattdessen plane [&hellip;]\" \/>\n<meta property=\"og:url\" content=\"https:\/\/now-news.de\/de\/deutschland\/ehemaliger-britischer-soeldner-will-in-die-ukraine-zurueck\/\" \/>\n<meta property=\"og:site_name\" content=\"just-now.NEWS Deutschland\" \/>\n<meta property=\"article:publisher\" content=\"https:\/\/www.facebook.com\/wirmachenauf\" \/>\n<meta property=\"article:published_time\" content=\"2022-11-13T16:01:38+00:00\" \/>\n<meta property=\"og:image\" content=\"https:\/\/now-news.de\/de\/wp-content\/uploads\/sites\/3\/2022\/11\/Ehemaliger-britischer-Soeldner-will-in-die-Ukraine-zurueck.jpg\" \/>\n\t<meta property=\"og:image:width\" content=\"460\" \/>\n\t<meta property=\"og:image:height\" content=\"259\" \/>\n\t<meta property=\"og:image:type\" content=\"image\/jpeg\" \/>\n<meta name=\"author\" content=\"rtnews\" \/>\n<meta name=\"twitter:card\" content=\"summary_large_image\" \/>\n<meta name=\"twitter:creator\" content=\"@WirMachenAuf_de\" \/>\n<meta name=\"twitter:site\" content=\"@WirMachenAuf_de\" \/>\n<meta name=\"twitter:label1\" content=\"Verfasst von\" \/>\n\t<meta name=\"twitter:data1\" content=\"rtnews\" \/>\n\t<meta name=\"twitter:label2\" content=\"Gesch\u00e4tzte Lesezeit\" \/>\n\t<meta name=\"twitter:data2\" content=\"2\u00a0Minuten\" \/>\n<script type=\"application\/ld+json\" class=\"yoast-schema-graph\">{\"@context\":\"https:\/\/schema.org\",\"@graph\":[{\"@type\":\"Article\",\"@id\":\"https:\/\/now-news.de\/de\/deutschland\/ehemaliger-britischer-soeldner-will-in-die-ukraine-zurueck\/#article\",\"isPartOf\":{\"@id\":\"https:\/\/now-news.de\/de\/deutschland\/ehemaliger-britischer-soeldner-will-in-die-ukraine-zurueck\/\"},\"author\":{\"name\":\"rtnews\",\"@id\":\"https:\/\/now-news.de\/de\/#\/schema\/person\/fb534a4e865501d8b3285208df34a9b5\"},\"headline\":\"Ehemaliger britischer S\u00f6ldner will in die Ukraine zur\u00fcck\",\"datePublished\":\"2022-11-13T16:01:38+00:00\",\"dateModified\":\"2022-11-13T16:01:38+00:00\",\"mainEntityOfPage\":{\"@id\":\"https:\/\/now-news.de\/de\/deutschland\/ehemaliger-britischer-soeldner-will-in-die-ukraine-zurueck\/\"},\"wordCount\":408,\"commentCount\":0,\"publisher\":{\"@id\":\"https:\/\/now-news.de\/de\/#organization\"},\"image\":{\"@id\":\"https:\/\/now-news.de\/de\/deutschland\/ehemaliger-britischer-soeldner-will-in-die-ukraine-zurueck\/#primaryimage\"},\"thumbnailUrl\":\"https:\/\/now-news.de\/de\/wp-content\/uploads\/sites\/3\/2022\/11\/Ehemaliger-britischer-Soeldner-will-in-die-Ukraine-zurueck.jpg\",\"keywords\":[\"Britischer\",\"die\",\"Ehemaliger\",\"S\u00f6ldner\",\"ukraine\",\"zur\u00fcck\"],\"articleSection\":[\"Deutschland\",\"Russland\"],\"inLanguage\":\"de\",\"potentialAction\":[{\"@type\":\"CommentAction\",\"name\":\"Comment\",\"target\":[\"https:\/\/now-news.de\/de\/deutschland\/ehemaliger-britischer-soeldner-will-in-die-ukraine-zurueck\/#respond\"]}]},{\"@type\":\"WebPage\",\"@id\":\"https:\/\/now-news.de\/de\/deutschland\/ehemaliger-britischer-soeldner-will-in-die-ukraine-zurueck\/\",\"url\":\"https:\/\/now-news.de\/de\/deutschland\/ehemaliger-britischer-soeldner-will-in-die-ukraine-zurueck\/\",\"name\":\"Ehemaliger britischer S\u00f6ldner will in die Ukraine zur\u00fcck - just-now.NEWS Deutschland\",\"isPartOf\":{\"@id\":\"https:\/\/now-news.de\/de\/#website\"},\"primaryImageOfPage\":{\"@id\":\"https:\/\/now-news.de\/de\/deutschland\/ehemaliger-britischer-soeldner-will-in-die-ukraine-zurueck\/#primaryimage\"},\"image\":{\"@id\":\"https:\/\/now-news.de\/de\/deutschland\/ehemaliger-britischer-soeldner-will-in-die-ukraine-zurueck\/#primaryimage\"},\"thumbnailUrl\":\"https:\/\/now-news.de\/de\/wp-content\/uploads\/sites\/3\/2022\/11\/Ehemaliger-britischer-Soeldner-will-in-die-Ukraine-zurueck.jpg\",\"datePublished\":\"2022-11-13T16:01:38+00:00\",\"dateModified\":\"2022-11-13T16:01:38+00:00\",\"breadcrumb\":{\"@id\":\"https:\/\/now-news.de\/de\/deutschland\/ehemaliger-britischer-soeldner-will-in-die-ukraine-zurueck\/#breadcrumb\"},\"inLanguage\":\"de\",\"potentialAction\":[{\"@type\":\"ReadAction\",\"target\":[\"https:\/\/now-news.de\/de\/deutschland\/ehemaliger-britischer-soeldner-will-in-die-ukraine-zurueck\/\"]}]},{\"@type\":\"ImageObject\",\"inLanguage\":\"de\",\"@id\":\"https:\/\/now-news.de\/de\/deutschland\/ehemaliger-britischer-soeldner-will-in-die-ukraine-zurueck\/#primaryimage\",\"url\":\"https:\/\/now-news.de\/de\/wp-content\/uploads\/sites\/3\/2022\/11\/Ehemaliger-britischer-Soeldner-will-in-die-Ukraine-zurueck.jpg\",\"contentUrl\":\"https:\/\/now-news.de\/de\/wp-content\/uploads\/sites\/3\/2022\/11\/Ehemaliger-britischer-Soeldner-will-in-die-Ukraine-zurueck.jpg\",\"width\":460,\"height\":259,\"caption\":\"Ehemaliger britischer S\u00f6ldner will in die Ukraine zur\u00fcck\"},{\"@type\":\"BreadcrumbList\",\"@id\":\"https:\/\/now-news.de\/de\/deutschland\/ehemaliger-britischer-soeldner-will-in-die-ukraine-zurueck\/#breadcrumb\",\"itemListElement\":[{\"@type\":\"ListItem\",\"position\":1,\"name\":\"Home\",\"item\":\"https:\/\/now-news.de\/de\/\"},{\"@type\":\"ListItem\",\"position\":2,\"name\":\"Ehemaliger britischer S\u00f6ldner will in die Ukraine zur\u00fcck\"}]},{\"@type\":\"WebSite\",\"@id\":\"https:\/\/now-news.de\/de\/#website\",\"url\":\"https:\/\/now-news.de\/de\/\",\"name\":\"just-now.NEWS Deutschland\",\"description\":\"Das Portal f\u00fcr unzensierte Nachrichten aus der Welt\",\"publisher\":{\"@id\":\"https:\/\/now-news.de\/de\/#organization\"},\"potentialAction\":[{\"@type\":\"SearchAction\",\"target\":{\"@type\":\"EntryPoint\",\"urlTemplate\":\"https:\/\/now-news.de\/de\/?s={search_term_string}\"},\"query-input\":\"required name=search_term_string\"}],\"inLanguage\":\"de\"},{\"@type\":\"Organization\",\"@id\":\"https:\/\/now-news.de\/de\/#organization\",\"name\":\"Just Now News\",\"url\":\"https:\/\/now-news.de\/de\/\",\"logo\":{\"@type\":\"ImageObject\",\"inLanguage\":\"de\",\"@id\":\"https:\/\/now-news.de\/de\/#\/schema\/logo\/image\/\",\"url\":\"http:\/\/just-now.news\/de\/wp-content\/uploads\/sites\/3\/2022\/04\/logo500x500.jpg\",\"contentUrl\":\"http:\/\/just-now.news\/de\/wp-content\/uploads\/sites\/3\/2022\/04\/logo500x500.jpg\",\"width\":500,\"height\":500,\"caption\":\"Just Now News\"},\"image\":{\"@id\":\"https:\/\/now-news.de\/de\/#\/schema\/logo\/image\/\"},\"sameAs\":[\"https:\/\/www.facebook.com\/wirmachenauf\",\"https:\/\/x.com\/WirMachenAuf_de\"]},{\"@type\":\"Person\",\"@id\":\"https:\/\/now-news.de\/de\/#\/schema\/person\/fb534a4e865501d8b3285208df34a9b5\",\"name\":\"rtnews\",\"image\":{\"@type\":\"ImageObject\",\"inLanguage\":\"de\",\"@id\":\"https:\/\/now-news.de\/de\/#\/schema\/person\/image\/\",\"url\":\"https:\/\/secure.gravatar.com\/avatar\/82aafea7d8127119dd649515f56e2117?s=96&d=mm&r=g\",\"contentUrl\":\"https:\/\/secure.gravatar.com\/avatar\/82aafea7d8127119dd649515f56e2117?s=96&d=mm&r=g\",\"caption\":\"rtnews\"},\"url\":\"https:\/\/now-news.de\/de\/author\/rnews\/\"}]}<\/script>\n<!-- \/ Yoast SEO Premium plugin. -->","yoast_head_json":{"title":"Ehemaliger britischer S\u00f6ldner will in die Ukraine zur\u00fcck - just-now.NEWS Deutschland","robots":{"index":"index","follow":"follow","max-snippet":"max-snippet:-1","max-image-preview":"max-image-preview:large","max-video-preview":"max-video-preview:-1"},"canonical":"https:\/\/now-news.de\/de\/deutschland\/ehemaliger-britischer-soeldner-will-in-die-ukraine-zurueck\/","og_locale":"de_DE","og_type":"article","og_title":"Ehemaliger britischer S\u00f6ldner will in die Ukraine zur\u00fcck","og_description":"Aiden Aslin, ein ehemaliger britischer S\u00f6ldner, der w\u00e4hrend des Konflikts in der Ukraine auf der Seite Kiews gek\u00e4mpft hat, kehrt weniger als zwei Monate nach seiner Freilassung aus der russischen Gefangenschaft in die Ukraine zur\u00fcck. Der ehemalige britische S\u00f6ldner Aiden Aslin geht davon aus, niemals wieder eine Waffe in die Hand zu nehmen. Stattdessen plane [&hellip;]","og_url":"https:\/\/now-news.de\/de\/deutschland\/ehemaliger-britischer-soeldner-will-in-die-ukraine-zurueck\/","og_site_name":"just-now.NEWS Deutschland","article_publisher":"https:\/\/www.facebook.com\/wirmachenauf","article_published_time":"2022-11-13T16:01:38+00:00","og_image":[{"width":460,"height":259,"url":"https:\/\/now-news.de\/de\/wp-content\/uploads\/sites\/3\/2022\/11\/Ehemaliger-britischer-Soeldner-will-in-die-Ukraine-zurueck.jpg","type":"image\/jpeg"}],"author":"rtnews","twitter_card":"summary_large_image","twitter_creator":"@WirMachenAuf_de","twitter_site":"@WirMachenAuf_de","twitter_misc":{"Verfasst von":"rtnews","Gesch\u00e4tzte Lesezeit":"2\u00a0Minuten"},"schema":{"@context":"https:\/\/schema.org","@graph":[{"@type":"Article","@id":"https:\/\/now-news.de\/de\/deutschland\/ehemaliger-britischer-soeldner-will-in-die-ukraine-zurueck\/#article","isPartOf":{"@id":"https:\/\/now-news.de\/de\/deutschland\/ehemaliger-britischer-soeldner-will-in-die-ukraine-zurueck\/"},"author":{"name":"rtnews","@id":"https:\/\/now-news.de\/de\/#\/schema\/person\/fb534a4e865501d8b3285208df34a9b5"},"headline":"Ehemaliger britischer S\u00f6ldner will in die Ukraine zur\u00fcck","datePublished":"2022-11-13T16:01:38+00:00","dateModified":"2022-11-13T16:01:38+00:00","mainEntityOfPage":{"@id":"https:\/\/now-news.de\/de\/deutschland\/ehemaliger-britischer-soeldner-will-in-die-ukraine-zurueck\/"},"wordCount":408,"commentCount":0,"publisher":{"@id":"https:\/\/now-news.de\/de\/#organization"},"image":{"@id":"https:\/\/now-news.de\/de\/deutschland\/ehemaliger-britischer-soeldner-will-in-die-ukraine-zurueck\/#primaryimage"},"thumbnailUrl":"https:\/\/now-news.de\/de\/wp-content\/uploads\/sites\/3\/2022\/11\/Ehemaliger-britischer-Soeldner-will-in-die-Ukraine-zurueck.jpg","keywords":["Britischer","die","Ehemaliger","S\u00f6ldner","ukraine","zur\u00fcck"],"articleSection":["Deutschland","Russland"],"inLanguage":"de","potentialAction":[{"@type":"CommentAction","name":"Comment","target":["https:\/\/now-news.de\/de\/deutschland\/ehemaliger-britischer-soeldner-will-in-die-ukraine-zurueck\/#respond"]}]},{"@type":"WebPage","@id":"https:\/\/now-news.de\/de\/deutschland\/ehemaliger-britischer-soeldner-will-in-die-ukraine-zurueck\/","url":"https:\/\/now-news.de\/de\/deutschland\/ehemaliger-britischer-soeldner-will-in-die-ukraine-zurueck\/","name":"Ehemaliger britischer S\u00f6ldner will in die Ukraine zur\u00fcck - just-now.NEWS Deutschland","isPartOf":{"@id":"https:\/\/now-news.de\/de\/#website"},"primaryImageOfPage":{"@id":"https:\/\/now-news.de\/de\/deutschland\/ehemaliger-britischer-soeldner-will-in-die-ukraine-zurueck\/#primaryimage"},"image":{"@id":"https:\/\/now-news.de\/de\/deutschland\/ehemaliger-britischer-soeldner-will-in-die-ukraine-zurueck\/#primaryimage"},"thumbnailUrl":"https:\/\/now-news.de\/de\/wp-content\/uploads\/sites\/3\/2022\/11\/Ehemaliger-britischer-Soeldner-will-in-die-Ukraine-zurueck.jpg","datePublished":"2022-11-13T16:01:38+00:00","dateModified":"2022-11-13T16:01:38+00:00","breadcrumb":{"@id":"https:\/\/now-news.de\/de\/deutschland\/ehemaliger-britischer-soeldner-will-in-die-ukraine-zurueck\/#breadcrumb"},"inLanguage":"de","potentialAction":[{"@type":"ReadAction","target":["https:\/\/now-news.de\/de\/deutschland\/ehemaliger-britischer-soeldner-will-in-die-ukraine-zurueck\/"]}]},{"@type":"ImageObject","inLanguage":"de","@id":"https:\/\/now-news.de\/de\/deutschland\/ehemaliger-britischer-soeldner-will-in-die-ukraine-zurueck\/#primaryimage","url":"https:\/\/now-news.de\/de\/wp-content\/uploads\/sites\/3\/2022\/11\/Ehemaliger-britischer-Soeldner-will-in-die-Ukraine-zurueck.jpg","contentUrl":"https:\/\/now-news.de\/de\/wp-content\/uploads\/sites\/3\/2022\/11\/Ehemaliger-britischer-Soeldner-will-in-die-Ukraine-zurueck.jpg","width":460,"height":259,"caption":"Ehemaliger britischer S\u00f6ldner will in die Ukraine zur\u00fcck"},{"@type":"BreadcrumbList","@id":"https:\/\/now-news.de\/de\/deutschland\/ehemaliger-britischer-soeldner-will-in-die-ukraine-zurueck\/#breadcrumb","itemListElement":[{"@type":"ListItem","position":1,"name":"Home","item":"https:\/\/now-news.de\/de\/"},{"@type":"ListItem","position":2,"name":"Ehemaliger britischer S\u00f6ldner will in die Ukraine zur\u00fcck"}]},{"@type":"WebSite","@id":"https:\/\/now-news.de\/de\/#website","url":"https:\/\/now-news.de\/de\/","name":"just-now.NEWS Deutschland","description":"Das Portal f\u00fcr unzensierte Nachrichten aus der Welt","publisher":{"@id":"https:\/\/now-news.de\/de\/#organization"},"potentialAction":[{"@type":"SearchAction","target":{"@type":"EntryPoint","urlTemplate":"https:\/\/now-news.de\/de\/?s={search_term_string}"},"query-input":"required name=search_term_string"}],"inLanguage":"de"},{"@type":"Organization","@id":"https:\/\/now-news.de\/de\/#organization","name":"Just Now News","url":"https:\/\/now-news.de\/de\/","logo":{"@type":"ImageObject","inLanguage":"de","@id":"https:\/\/now-news.de\/de\/#\/schema\/logo\/image\/","url":"http:\/\/just-now.news\/de\/wp-content\/uploads\/sites\/3\/2022\/04\/logo500x500.jpg","contentUrl":"http:\/\/just-now.news\/de\/wp-content\/uploads\/sites\/3\/2022\/04\/logo500x500.jpg","width":500,"height":500,"caption":"Just Now News"},"image":{"@id":"https:\/\/now-news.de\/de\/#\/schema\/logo\/image\/"},"sameAs":["https:\/\/www.facebook.com\/wirmachenauf","https:\/\/x.com\/WirMachenAuf_de"]},{"@type":"Person","@id":"https:\/\/now-news.de\/de\/#\/schema\/person\/fb534a4e865501d8b3285208df34a9b5","name":"rtnews","image":{"@type":"ImageObject","inLanguage":"de","@id":"https:\/\/now-news.de\/de\/#\/schema\/person\/image\/","url":"https:\/\/secure.gravatar.com\/avatar\/82aafea7d8127119dd649515f56e2117?s=96&d=mm&r=g","contentUrl":"https:\/\/secure.gravatar.com\/avatar\/82aafea7d8127119dd649515f56e2117?s=96&d=mm&r=g","caption":"rtnews"},"url":"https:\/\/now-news.de\/de\/author\/rnews\/"}]}},"_links":{"self":[{"href":"https:\/\/now-news.de\/de\/wp-json\/wp\/v2\/posts\/23056"}],"collection":[{"href":"https:\/\/now-news.de\/de\/wp-json\/wp\/v2\/posts"}],"about":[{"href":"https:\/\/now-news.de\/de\/wp-json\/wp\/v2\/types\/post"}],"author":[{"embeddable":true,"href":"https:\/\/now-news.de\/de\/wp-json\/wp\/v2\/users\/3"}],"replies":[{"embeddable":true,"href":"https:\/\/now-news.de\/de\/wp-json\/wp\/v2\/comments?post=23056"}],"version-history":[{"count":0,"href":"https:\/\/now-news.de\/de\/wp-json\/wp\/v2\/posts\/23056\/revisions"}],"wp:featuredmedia":[{"embeddable":true,"href":"https:\/\/now-news.de\/de\/wp-json\/wp\/v2\/media\/23057"}],"wp:attachment":[{"href":"https:\/\/now-news.de\/de\/wp-json\/wp\/v2\/media?parent=23056"}],"wp:term":[{"taxonomy":"category","embeddable":true,"href":"https:\/\/now-news.de\/de\/wp-json\/wp\/v2\/categories?post=23056"},{"taxonomy":"post_tag","embeddable":true,"href":"https:\/\/now-news.de\/de\/wp-json\/wp\/v2\/tags?post=23056"}],"curies":[{"name":"wp","href":"https:\/\/api.w.org\/{rel}","templated":true}]}}