{"id":23045,"date":"2022-11-13T15:25:41","date_gmt":"2022-11-13T13:25:41","guid":{"rendered":"http:\/\/just-now.news\/de\/deutschland\/die-haubitze-ist-weiblich-gruener-tarnanstrich-der-demokratie\/"},"modified":"2022-11-13T15:25:41","modified_gmt":"2022-11-13T13:25:41","slug":"die-haubitze-ist-weiblich-gruener-tarnanstrich-der-demokratie","status":"publish","type":"post","link":"https:\/\/now-news.de\/de\/deutschland\/die-haubitze-ist-weiblich-gruener-tarnanstrich-der-demokratie\/","title":{"rendered":"Die Haubitze ist weiblich \u2013 Gr\u00fcner Tarnanstrich der Demokratie"},"content":{"rendered":"<p><img decoding=\"async\" src=\"http:\/\/just-now.news\/de\/wp-content\/uploads\/sites\/3\/2022\/11\/636fa999b480cc202830fa02.jpg\" \/><\/p>\n<div class=\"Text-root Text-type_1 \">\n                Gendern als neueste Geheimwaffe der Linken und Gr\u00fcnen-Politik? Sollte es damit nicht konsequent dann &#8220;Haubitzinnen&#8221; hei\u00dfen, bei einer feministischen Au\u00dfenpolitik? Uli Gellermann ist irritiert, dass bei gewissen arabischen Staaten von Monarchie gesprochen wird und nicht von &#8220;Sklavenhalterei&#8221;.\n            <\/div>\n<p><\/p>\n<div class=\"Text-root Text-type_5 ArticleView-text ViewText-root \">\n<p><em>Von Uli Gellermann<\/em><\/p>\n<p>J\u00fcngst hatte der Th\u00fcringer Landtag gegen einen Antrag der CDU, gegen gendergerechte Sprache, gestimmt. Da meldete sich flugs der Linke-Abgeordnete Christian Schaft und r\u00fcckte die CDU in die N\u00e4he der AfD. Wer nicht gendert, ist rechts, so der LINKE. Christian Schaft war zeitweilig Sprecher der Konferenz Th\u00fcringer Studierendenschaften. Sein Ticket in die Oberschicht ist gebucht. Dort ist es Mode, alles als &#8220;rechts&#8221; zu bezeichnen, was quer zum Mainstream liegt. Das galt und gilt mit Vorliebe f\u00fcr die sogenannten Querdenker: Mit einer gigantischen Medienwalze wurden und werden die Menschen, die sich gegen das Corona-Diktat wandten, als &#8220;rechts&#8221; diffamiert. In Deutschland, dessen Nazivergangenheit den \u00f6ffentlichen Diskurs pr\u00e4gt, wird auch der angeblich Rechte zum Unber\u00fchrbaren. &#8220;Links&#8221; wiederum gilt, vor allem wenn &#8220;Links&#8221; gr\u00fcn angestrichen ist, als hip.<\/p>\n<p><strong>Nazi-Diskurs verzerrt die Wirklichkeit<\/strong><\/p>\n<p>Der deutsche Nazi-Diskurs verzerrt die gesellschaftliche Wirklichkeit. Er ist auf den Rassismus der Nazis fixiert. Die sozialen Wurzeln des Faschismus, seine Finanzierung durch das gro\u00dfe Kapital, wird ebenso ausgeblendet wie die misslungene Entnazifizierung: In der Justiz zum Beispiel erleben die Demokraten immer wieder das Prinzip von Befehl und Gehorsam. Das Bundesverfassungsgericht ist und bleibt taub f\u00fcr die Klagen der Grundrechtsverteidiger. Der Antirassismus ist selektiv: W\u00e4hrend Antisemitismus gern bemerkt wird, ist die seit Hitler beliebte Russophobie gesellschaftsf\u00e4hig. Diese schweren M\u00e4ngel in der Bew\u00e4ltigung deutscher Geschichte hat die Etikettierung von &#8220;Links&#8221; und &#8220;Rechts&#8221; entwertet.<\/p>\n<p><strong>LINKE f\u00fchrt Links nur im Namen<\/strong><\/p>\n<p>Das heute immer noch verwendete Rechts-Links-Einordnungsschema geht auf die Sitzverteilung in der franz\u00f6sischen Nationalversammlung am Vorabend der Revolution zur\u00fcck. Dort nahmen die den Status quo verteidigenden Kr\u00e4fte auf der rechten, und die eine wirkliche Ver\u00e4nderung anstrebenden sp\u00e4teren &#8220;K\u00f6nigsm\u00f6rder&#8221; auf der linken Seite des Plenums Platz. Die SPD galt als links, obwohl sie mit der Agenda 20\/10 den Status des Sozialraubs geradezu aufwertete. Die GR\u00dcNEN galten als links, obwohl sie mit dem Jugoslawienkrieg den organisierten Mord zum Status der Menschenrechts-Verteidigung erhob. Die LINKE f\u00fchrt zwar das &#8220;Links&#8221; im Namen, hat aber dem Abbau der Demokratie im Namen einer omin\u00f6sen Gesundheit zugestimmt und Figuren wie Lauterbach und Spahn als Propheten gegen die Krankheit geheiligt.<\/p>\n<p><strong>Formalisierung der Demokratie<\/strong><\/p>\n<p>Der Parlamentarismus hat einen Drang zur Formalisierung der Demokratie: Wer seit der Gr\u00fcndung der Bundesrepublik allerlei Wahlen inszeniert, die allesamt nur die alten Besitz- und Macht-Verh\u00e4ltnisse zum Ergebnis hatten, der muss die Demokratie auf Nebengleisen fahren lassen. Zurzeit am liebsten im sprachlichen Zug der Zeit. W\u00e4hrend das Wort &#8220;Negerkuss&#8221; strengstens verboten ist, wird die Fu\u00dfball-WM in einer rassistischen Diktatur wie Katar \u00fcber alle Medien in alle Hirne dr\u00f6hnen. Die Nazi-Reichswerke Hermann G\u00f6ring treten heute schick anglisiert als Rheinmetall\u00a0Air\u00a0Defence\u00a0AG auf und ihre Panzerhaubitzen im Wert von 1,7 Milliarden Euro werden an die Ukraine geliefert. Der Deal wurde vom schicken Kinderbuchautor Robert Habeck (Gr\u00fcne) genehmigt. Ganz sicher aus Menschenrechtsgr\u00fcnden.<\/p>\n<p><strong>&#8220;Haubitzinnen&#8221; auf Kiel gelegt<\/strong><\/p>\n<p>Zwar gibt es immer noch keinen gleichen Lohn bei gleichwertiger Arbeit f\u00fcr die Frauen, aber sprachlich bekommen sie endlich echte Gender-Gerechtigkeit. Das Wort &#8220;Haubitzinnen&#8221; soll in der gr\u00fcnen Sprachwerft auf Kiel gelegt werden. Obwohl die Frauen in den Berufen wie Haushaltshilfe und Reinigungskraft dominieren, gibt es immer noch keine &#8220;Hilfinnen&#8221; oder &#8220;Kr\u00e4ftinnen&#8221;. Aber auch diese Bastion des Machismo wird sicher bald von den &#8220;linken&#8221; GR\u00dcNEN geschleift werden. Schlie\u00dflich ist die Haubitze schon durch ihren weiblichen Artikel determiniert, das sollte auch im Plural ber\u00fccksichtigt werden.<\/p>\n<p><strong>Katar hei\u00dft Monarchie<\/strong><\/p>\n<p>Auf der Site des gr\u00fcnen Au\u00dfenministeriums (Annalena Baerbock) hei\u00dft der Staat Katar immer noch romantisch &#8220;Monarchie&#8221; statt Sklavenhalterei. Die Innenministerin Nancy Faeser (SPD) hat sich von Katars Premierminister und Innenminister Scheich Chalid bin Chalifa Al-Thani eine &#8220;Sicherheitsgarantie&#8221; f\u00fcr schwule Besucher der WM geben lassen. Angesichts der katarischen Gaslieferungen gilt das als k\u00fchner linker Vorsto\u00df.<\/p>\n<p><strong>Ende der Knief\u00e4lligkeit?<\/strong><\/p>\n<p>Die Einordnung als links oder rechts macht immer dann noch Sinn, wenn sie mit inhaltlichen Kriterien verbunden wird. Die deutsche Linke muss ja nicht unbedingt K\u00f6nige k\u00f6pfen. Es w\u00e4re ein Anfang, wenn sie mit der Knief\u00e4lligkeit aufh\u00f6ren w\u00fcrde. Gleich, ob gegen\u00fcber der britischen oder der katarischen Monarchie.<\/p>\n<p><strong><em>Uli Gellermann<\/em><\/strong><em>\u00a0ist Filmemacher und Journalist. Seine Erfahrungen mit den \u00f6ffentlich-rechtlichen Sendern grundieren seine Medienkritik. Er ist Herausgeber der Internetseite\u00a0<a rel=\"nofollow noopener\" target=\"_blank\" href=\"https:\/\/www.rationalgalerie.de\/home\/die-haubitze-ist-weiblich\">RATIONALGALERIE<\/a>.<\/em><\/p>\n<p><strong>Mehr zum Thema &#8211;<\/strong>\u00a0<a rel=\"nofollow noopener\" target=\"_blank\" href=\"https:\/\/pressefreiheit.rtde.tech\/inland\/154083-sprachkritiker-und-journalist-wolf-schneider\/\">Sprachkritiker und Journalist Wolf Schneider ist tot<\/a><\/p>\n<\/div>\n<p><br \/>\n<br \/><a href=\"https:\/\/de.rt.com\/inland\/154191-haubitze-ist-weiblich-gruener-tarnanstrich\/\">Source link <\/a><\/p>\n","protected":false},"excerpt":{"rendered":"<p>Gendern als neueste Geheimwaffe der Linken und Gr\u00fcnen-Politik? Sollte es damit nicht konsequent dann &#8220;Haubitzinnen&#8221; hei\u00dfen, bei einer feministischen Au\u00dfenpolitik? Uli Gellermann ist irritiert, dass bei gewissen arabischen Staaten von Monarchie gesprochen wird und nicht von &#8220;Sklavenhalterei&#8221;. Von Uli Gellermann J\u00fcngst hatte der Th\u00fcringer Landtag gegen einen Antrag der CDU, gegen gendergerechte Sprache, gestimmt. Da [&hellip;]<\/p>\n","protected":false},"author":3,"featured_media":23046,"comment_status":"open","ping_status":"open","sticky":false,"template":"","format":"standard","meta":{"wp_automatic_camp":["217"],"0b7f2bed453aee910de4c97a55e6036b":["Die Haubitze ist weiblich \u2013 Gr\u00fcner Tarnanstrich der Demokratie"],"original_link":["https:\/\/de.rt.com\/inland\/154191-haubitze-ist-weiblich-gruener-tarnanstrich\/"],"_thumbnail_id":["23046"],"jnews_social_counter_last_update":["1788175110"]},"categories":[19,23],"tags":[2570,82,45,12313,35802,414,35803,27745],"class_list":["post-23045","post","type-post","status-publish","format-standard","has-post-thumbnail","hentry","category-deutschland","category-russland","tag-demokratie","tag-der","tag-die","tag-gruener","tag-haubitze","tag-ist","tag-tarnanstrich","tag-weiblich"],"yoast_head":"<!-- This site is optimized with the Yoast SEO Premium plugin v22.7 (Yoast SEO v28.2) - https:\/\/yoast.com\/product\/yoast-seo-premium-wordpress\/ -->\n<title>Die Haubitze ist weiblich \u2013 Gr\u00fcner Tarnanstrich der Demokratie - just-now.NEWS Deutschland<\/title>\n<meta name=\"robots\" content=\"index, follow, max-snippet:-1, max-image-preview:large, max-video-preview:-1\" \/>\n<link rel=\"canonical\" href=\"https:\/\/now-news.de\/de\/deutschland\/die-haubitze-ist-weiblich-gruener-tarnanstrich-der-demokratie\/\" \/>\n<meta property=\"og:locale\" content=\"de_DE\" \/>\n<meta property=\"og:type\" content=\"article\" \/>\n<meta property=\"og:title\" content=\"Die Haubitze ist weiblich \u2013 Gr\u00fcner Tarnanstrich der Demokratie\" \/>\n<meta property=\"og:description\" content=\"Gendern als neueste Geheimwaffe der Linken und Gr\u00fcnen-Politik? Sollte es damit nicht konsequent dann &#8220;Haubitzinnen&#8221; hei\u00dfen, bei einer feministischen Au\u00dfenpolitik? Uli Gellermann ist irritiert, dass bei gewissen arabischen Staaten von Monarchie gesprochen wird und nicht von &#8220;Sklavenhalterei&#8221;. Von Uli Gellermann J\u00fcngst hatte der Th\u00fcringer Landtag gegen einen Antrag der CDU, gegen gendergerechte Sprache, gestimmt. Da [&hellip;]\" \/>\n<meta property=\"og:url\" content=\"https:\/\/now-news.de\/de\/deutschland\/die-haubitze-ist-weiblich-gruener-tarnanstrich-der-demokratie\/\" \/>\n<meta property=\"og:site_name\" content=\"just-now.NEWS Deutschland\" \/>\n<meta property=\"article:publisher\" content=\"https:\/\/www.facebook.com\/wirmachenauf\" \/>\n<meta property=\"article:published_time\" content=\"2022-11-13T13:25:41+00:00\" \/>\n<meta property=\"og:image\" content=\"https:\/\/now-news.de\/de\/wp-content\/uploads\/sites\/3\/2022\/11\/Die-Haubitze-ist-weiblich-\u2013-Gruener-Tarnanstrich-der-Demokratie.jpg\" \/>\n\t<meta property=\"og:image:width\" content=\"460\" \/>\n\t<meta property=\"og:image:height\" content=\"259\" \/>\n\t<meta property=\"og:image:type\" content=\"image\/jpeg\" \/>\n<meta name=\"author\" content=\"rtnews\" \/>\n<meta name=\"twitter:card\" content=\"summary_large_image\" \/>\n<meta name=\"twitter:creator\" content=\"@WirMachenAuf_de\" \/>\n<meta name=\"twitter:site\" content=\"@WirMachenAuf_de\" \/>\n<meta name=\"twitter:label1\" content=\"Verfasst von\" \/>\n\t<meta name=\"twitter:data1\" content=\"rtnews\" \/>\n\t<meta name=\"twitter:label2\" content=\"Gesch\u00e4tzte Lesezeit\" \/>\n\t<meta name=\"twitter:data2\" content=\"4\u00a0Minuten\" \/>\n<script type=\"application\/ld+json\" class=\"yoast-schema-graph\">{\"@context\":\"https:\\\/\\\/schema.org\",\"@graph\":[{\"@type\":\"Article\",\"@id\":\"https:\\\/\\\/now-news.de\\\/de\\\/deutschland\\\/die-haubitze-ist-weiblich-gruener-tarnanstrich-der-demokratie\\\/#article\",\"isPartOf\":{\"@id\":\"https:\\\/\\\/now-news.de\\\/de\\\/deutschland\\\/die-haubitze-ist-weiblich-gruener-tarnanstrich-der-demokratie\\\/\"},\"author\":{\"name\":\"rtnews\",\"@id\":\"https:\\\/\\\/now-news.de\\\/de\\\/#\\\/schema\\\/person\\\/fb534a4e865501d8b3285208df34a9b5\"},\"headline\":\"Die Haubitze ist weiblich \u2013 Gr\u00fcner Tarnanstrich der Demokratie\",\"datePublished\":\"2022-11-13T13:25:41+00:00\",\"mainEntityOfPage\":{\"@id\":\"https:\\\/\\\/now-news.de\\\/de\\\/deutschland\\\/die-haubitze-ist-weiblich-gruener-tarnanstrich-der-demokratie\\\/\"},\"wordCount\":785,\"commentCount\":0,\"publisher\":{\"@id\":\"https:\\\/\\\/now-news.de\\\/de\\\/#organization\"},\"image\":{\"@id\":\"https:\\\/\\\/now-news.de\\\/de\\\/deutschland\\\/die-haubitze-ist-weiblich-gruener-tarnanstrich-der-demokratie\\\/#primaryimage\"},\"thumbnailUrl\":\"https:\\\/\\\/now-news.de\\\/de\\\/wp-content\\\/uploads\\\/sites\\\/3\\\/2022\\\/11\\\/Die-Haubitze-ist-weiblich-\u2013-Gruener-Tarnanstrich-der-Demokratie.jpg\",\"keywords\":[\"Demokratie\",\"der\",\"die\",\"gr\u00fcner\",\"Haubitze\",\"ist\",\"Tarnanstrich\",\"weiblich\"],\"articleSection\":[\"Deutschland\",\"Russland\"],\"inLanguage\":\"de\",\"potentialAction\":[{\"@type\":\"CommentAction\",\"name\":\"Comment\",\"target\":[\"https:\\\/\\\/now-news.de\\\/de\\\/deutschland\\\/die-haubitze-ist-weiblich-gruener-tarnanstrich-der-demokratie\\\/#respond\"]}]},{\"@type\":\"WebPage\",\"@id\":\"https:\\\/\\\/now-news.de\\\/de\\\/deutschland\\\/die-haubitze-ist-weiblich-gruener-tarnanstrich-der-demokratie\\\/\",\"url\":\"https:\\\/\\\/now-news.de\\\/de\\\/deutschland\\\/die-haubitze-ist-weiblich-gruener-tarnanstrich-der-demokratie\\\/\",\"name\":\"Die Haubitze ist weiblich \u2013 Gr\u00fcner Tarnanstrich der Demokratie - just-now.NEWS Deutschland\",\"isPartOf\":{\"@id\":\"https:\\\/\\\/now-news.de\\\/de\\\/#website\"},\"primaryImageOfPage\":{\"@id\":\"https:\\\/\\\/now-news.de\\\/de\\\/deutschland\\\/die-haubitze-ist-weiblich-gruener-tarnanstrich-der-demokratie\\\/#primaryimage\"},\"image\":{\"@id\":\"https:\\\/\\\/now-news.de\\\/de\\\/deutschland\\\/die-haubitze-ist-weiblich-gruener-tarnanstrich-der-demokratie\\\/#primaryimage\"},\"thumbnailUrl\":\"https:\\\/\\\/now-news.de\\\/de\\\/wp-content\\\/uploads\\\/sites\\\/3\\\/2022\\\/11\\\/Die-Haubitze-ist-weiblich-\u2013-Gruener-Tarnanstrich-der-Demokratie.jpg\",\"datePublished\":\"2022-11-13T13:25:41+00:00\",\"breadcrumb\":{\"@id\":\"https:\\\/\\\/now-news.de\\\/de\\\/deutschland\\\/die-haubitze-ist-weiblich-gruener-tarnanstrich-der-demokratie\\\/#breadcrumb\"},\"inLanguage\":\"de\",\"potentialAction\":[{\"@type\":\"ReadAction\",\"target\":[\"https:\\\/\\\/now-news.de\\\/de\\\/deutschland\\\/die-haubitze-ist-weiblich-gruener-tarnanstrich-der-demokratie\\\/\"]}]},{\"@type\":\"ImageObject\",\"inLanguage\":\"de\",\"@id\":\"https:\\\/\\\/now-news.de\\\/de\\\/deutschland\\\/die-haubitze-ist-weiblich-gruener-tarnanstrich-der-demokratie\\\/#primaryimage\",\"url\":\"https:\\\/\\\/now-news.de\\\/de\\\/wp-content\\\/uploads\\\/sites\\\/3\\\/2022\\\/11\\\/Die-Haubitze-ist-weiblich-\u2013-Gruener-Tarnanstrich-der-Demokratie.jpg\",\"contentUrl\":\"https:\\\/\\\/now-news.de\\\/de\\\/wp-content\\\/uploads\\\/sites\\\/3\\\/2022\\\/11\\\/Die-Haubitze-ist-weiblich-\u2013-Gruener-Tarnanstrich-der-Demokratie.jpg\",\"width\":460,\"height\":259,\"caption\":\"Die Haubitze ist weiblich \u2013 Gr\u00fcner Tarnanstrich der Demokratie\"},{\"@type\":\"BreadcrumbList\",\"@id\":\"https:\\\/\\\/now-news.de\\\/de\\\/deutschland\\\/die-haubitze-ist-weiblich-gruener-tarnanstrich-der-demokratie\\\/#breadcrumb\",\"itemListElement\":[{\"@type\":\"ListItem\",\"position\":1,\"name\":\"Home\",\"item\":\"https:\\\/\\\/now-news.de\\\/de\\\/\"},{\"@type\":\"ListItem\",\"position\":2,\"name\":\"Die Haubitze ist weiblich \u2013 Gr\u00fcner Tarnanstrich der Demokratie\"}]},{\"@type\":\"WebSite\",\"@id\":\"https:\\\/\\\/now-news.de\\\/de\\\/#website\",\"url\":\"https:\\\/\\\/now-news.de\\\/de\\\/\",\"name\":\"just-now.NEWS Deutschland\",\"description\":\"Das Portal f\u00fcr unzensierte Nachrichten aus der Welt\",\"publisher\":{\"@id\":\"https:\\\/\\\/now-news.de\\\/de\\\/#organization\"},\"potentialAction\":[{\"@type\":\"SearchAction\",\"target\":{\"@type\":\"EntryPoint\",\"urlTemplate\":\"https:\\\/\\\/now-news.de\\\/de\\\/?s={search_term_string}\"},\"query-input\":{\"@type\":\"PropertyValueSpecification\",\"valueRequired\":true,\"valueName\":\"search_term_string\"}}],\"inLanguage\":\"de\"},{\"@type\":\"Organization\",\"@id\":\"https:\\\/\\\/now-news.de\\\/de\\\/#organization\",\"name\":\"Just Now News\",\"url\":\"https:\\\/\\\/now-news.de\\\/de\\\/\",\"logo\":{\"@type\":\"ImageObject\",\"inLanguage\":\"de\",\"@id\":\"https:\\\/\\\/now-news.de\\\/de\\\/#\\\/schema\\\/logo\\\/image\\\/\",\"url\":\"http:\\\/\\\/just-now.news\\\/de\\\/wp-content\\\/uploads\\\/sites\\\/3\\\/2022\\\/04\\\/logo500x500.jpg\",\"contentUrl\":\"http:\\\/\\\/just-now.news\\\/de\\\/wp-content\\\/uploads\\\/sites\\\/3\\\/2022\\\/04\\\/logo500x500.jpg\",\"width\":500,\"height\":500,\"caption\":\"Just Now News\"},\"image\":{\"@id\":\"https:\\\/\\\/now-news.de\\\/de\\\/#\\\/schema\\\/logo\\\/image\\\/\"},\"sameAs\":[\"https:\\\/\\\/www.facebook.com\\\/wirmachenauf\",\"https:\\\/\\\/x.com\\\/WirMachenAuf_de\"]},{\"@type\":\"Person\",\"@id\":\"https:\\\/\\\/now-news.de\\\/de\\\/#\\\/schema\\\/person\\\/fb534a4e865501d8b3285208df34a9b5\",\"name\":\"rtnews\",\"image\":{\"@type\":\"ImageObject\",\"inLanguage\":\"de\",\"@id\":\"https:\\\/\\\/secure.gravatar.com\\\/avatar\\\/358fe31b3ab5769fea05376e1953329834cd9912cf9daf607e2af3076a1b982b?s=96&d=mm&r=g\",\"url\":\"https:\\\/\\\/secure.gravatar.com\\\/avatar\\\/358fe31b3ab5769fea05376e1953329834cd9912cf9daf607e2af3076a1b982b?s=96&d=mm&r=g\",\"contentUrl\":\"https:\\\/\\\/secure.gravatar.com\\\/avatar\\\/358fe31b3ab5769fea05376e1953329834cd9912cf9daf607e2af3076a1b982b?s=96&d=mm&r=g\",\"caption\":\"rtnews\"},\"url\":\"https:\\\/\\\/now-news.de\\\/de\\\/author\\\/rnews\\\/\"}]}<\/script>\n<!-- \/ Yoast SEO Premium plugin. -->","yoast_head_json":{"title":"Die Haubitze ist weiblich \u2013 Gr\u00fcner Tarnanstrich der Demokratie - just-now.NEWS Deutschland","robots":{"index":"index","follow":"follow","max-snippet":"max-snippet:-1","max-image-preview":"max-image-preview:large","max-video-preview":"max-video-preview:-1"},"canonical":"https:\/\/now-news.de\/de\/deutschland\/die-haubitze-ist-weiblich-gruener-tarnanstrich-der-demokratie\/","og_locale":"de_DE","og_type":"article","og_title":"Die Haubitze ist weiblich \u2013 Gr\u00fcner Tarnanstrich der Demokratie","og_description":"Gendern als neueste Geheimwaffe der Linken und Gr\u00fcnen-Politik? Sollte es damit nicht konsequent dann &#8220;Haubitzinnen&#8221; hei\u00dfen, bei einer feministischen Au\u00dfenpolitik? Uli Gellermann ist irritiert, dass bei gewissen arabischen Staaten von Monarchie gesprochen wird und nicht von &#8220;Sklavenhalterei&#8221;. Von Uli Gellermann J\u00fcngst hatte der Th\u00fcringer Landtag gegen einen Antrag der CDU, gegen gendergerechte Sprache, gestimmt. Da [&hellip;]","og_url":"https:\/\/now-news.de\/de\/deutschland\/die-haubitze-ist-weiblich-gruener-tarnanstrich-der-demokratie\/","og_site_name":"just-now.NEWS Deutschland","article_publisher":"https:\/\/www.facebook.com\/wirmachenauf","article_published_time":"2022-11-13T13:25:41+00:00","og_image":[{"width":460,"height":259,"url":"https:\/\/now-news.de\/de\/wp-content\/uploads\/sites\/3\/2022\/11\/Die-Haubitze-ist-weiblich-\u2013-Gruener-Tarnanstrich-der-Demokratie.jpg","type":"image\/jpeg"}],"author":"rtnews","twitter_card":"summary_large_image","twitter_creator":"@WirMachenAuf_de","twitter_site":"@WirMachenAuf_de","twitter_misc":{"Verfasst von":"rtnews","Gesch\u00e4tzte Lesezeit":"4\u00a0Minuten"},"schema":{"@context":"https:\/\/schema.org","@graph":[{"@type":"Article","@id":"https:\/\/now-news.de\/de\/deutschland\/die-haubitze-ist-weiblich-gruener-tarnanstrich-der-demokratie\/#article","isPartOf":{"@id":"https:\/\/now-news.de\/de\/deutschland\/die-haubitze-ist-weiblich-gruener-tarnanstrich-der-demokratie\/"},"author":{"name":"rtnews","@id":"https:\/\/now-news.de\/de\/#\/schema\/person\/fb534a4e865501d8b3285208df34a9b5"},"headline":"Die Haubitze ist weiblich \u2013 Gr\u00fcner Tarnanstrich der Demokratie","datePublished":"2022-11-13T13:25:41+00:00","mainEntityOfPage":{"@id":"https:\/\/now-news.de\/de\/deutschland\/die-haubitze-ist-weiblich-gruener-tarnanstrich-der-demokratie\/"},"wordCount":785,"commentCount":0,"publisher":{"@id":"https:\/\/now-news.de\/de\/#organization"},"image":{"@id":"https:\/\/now-news.de\/de\/deutschland\/die-haubitze-ist-weiblich-gruener-tarnanstrich-der-demokratie\/#primaryimage"},"thumbnailUrl":"https:\/\/now-news.de\/de\/wp-content\/uploads\/sites\/3\/2022\/11\/Die-Haubitze-ist-weiblich-\u2013-Gruener-Tarnanstrich-der-Demokratie.jpg","keywords":["Demokratie","der","die","gr\u00fcner","Haubitze","ist","Tarnanstrich","weiblich"],"articleSection":["Deutschland","Russland"],"inLanguage":"de","potentialAction":[{"@type":"CommentAction","name":"Comment","target":["https:\/\/now-news.de\/de\/deutschland\/die-haubitze-ist-weiblich-gruener-tarnanstrich-der-demokratie\/#respond"]}]},{"@type":"WebPage","@id":"https:\/\/now-news.de\/de\/deutschland\/die-haubitze-ist-weiblich-gruener-tarnanstrich-der-demokratie\/","url":"https:\/\/now-news.de\/de\/deutschland\/die-haubitze-ist-weiblich-gruener-tarnanstrich-der-demokratie\/","name":"Die Haubitze ist weiblich \u2013 Gr\u00fcner Tarnanstrich der Demokratie - just-now.NEWS Deutschland","isPartOf":{"@id":"https:\/\/now-news.de\/de\/#website"},"primaryImageOfPage":{"@id":"https:\/\/now-news.de\/de\/deutschland\/die-haubitze-ist-weiblich-gruener-tarnanstrich-der-demokratie\/#primaryimage"},"image":{"@id":"https:\/\/now-news.de\/de\/deutschland\/die-haubitze-ist-weiblich-gruener-tarnanstrich-der-demokratie\/#primaryimage"},"thumbnailUrl":"https:\/\/now-news.de\/de\/wp-content\/uploads\/sites\/3\/2022\/11\/Die-Haubitze-ist-weiblich-\u2013-Gruener-Tarnanstrich-der-Demokratie.jpg","datePublished":"2022-11-13T13:25:41+00:00","breadcrumb":{"@id":"https:\/\/now-news.de\/de\/deutschland\/die-haubitze-ist-weiblich-gruener-tarnanstrich-der-demokratie\/#breadcrumb"},"inLanguage":"de","potentialAction":[{"@type":"ReadAction","target":["https:\/\/now-news.de\/de\/deutschland\/die-haubitze-ist-weiblich-gruener-tarnanstrich-der-demokratie\/"]}]},{"@type":"ImageObject","inLanguage":"de","@id":"https:\/\/now-news.de\/de\/deutschland\/die-haubitze-ist-weiblich-gruener-tarnanstrich-der-demokratie\/#primaryimage","url":"https:\/\/now-news.de\/de\/wp-content\/uploads\/sites\/3\/2022\/11\/Die-Haubitze-ist-weiblich-\u2013-Gruener-Tarnanstrich-der-Demokratie.jpg","contentUrl":"https:\/\/now-news.de\/de\/wp-content\/uploads\/sites\/3\/2022\/11\/Die-Haubitze-ist-weiblich-\u2013-Gruener-Tarnanstrich-der-Demokratie.jpg","width":460,"height":259,"caption":"Die Haubitze ist weiblich \u2013 Gr\u00fcner Tarnanstrich der Demokratie"},{"@type":"BreadcrumbList","@id":"https:\/\/now-news.de\/de\/deutschland\/die-haubitze-ist-weiblich-gruener-tarnanstrich-der-demokratie\/#breadcrumb","itemListElement":[{"@type":"ListItem","position":1,"name":"Home","item":"https:\/\/now-news.de\/de\/"},{"@type":"ListItem","position":2,"name":"Die Haubitze ist weiblich \u2013 Gr\u00fcner Tarnanstrich der Demokratie"}]},{"@type":"WebSite","@id":"https:\/\/now-news.de\/de\/#website","url":"https:\/\/now-news.de\/de\/","name":"just-now.NEWS Deutschland","description":"Das Portal f\u00fcr unzensierte Nachrichten aus der Welt","publisher":{"@id":"https:\/\/now-news.de\/de\/#organization"},"potentialAction":[{"@type":"SearchAction","target":{"@type":"EntryPoint","urlTemplate":"https:\/\/now-news.de\/de\/?s={search_term_string}"},"query-input":{"@type":"PropertyValueSpecification","valueRequired":true,"valueName":"search_term_string"}}],"inLanguage":"de"},{"@type":"Organization","@id":"https:\/\/now-news.de\/de\/#organization","name":"Just Now News","url":"https:\/\/now-news.de\/de\/","logo":{"@type":"ImageObject","inLanguage":"de","@id":"https:\/\/now-news.de\/de\/#\/schema\/logo\/image\/","url":"http:\/\/just-now.news\/de\/wp-content\/uploads\/sites\/3\/2022\/04\/logo500x500.jpg","contentUrl":"http:\/\/just-now.news\/de\/wp-content\/uploads\/sites\/3\/2022\/04\/logo500x500.jpg","width":500,"height":500,"caption":"Just Now News"},"image":{"@id":"https:\/\/now-news.de\/de\/#\/schema\/logo\/image\/"},"sameAs":["https:\/\/www.facebook.com\/wirmachenauf","https:\/\/x.com\/WirMachenAuf_de"]},{"@type":"Person","@id":"https:\/\/now-news.de\/de\/#\/schema\/person\/fb534a4e865501d8b3285208df34a9b5","name":"rtnews","image":{"@type":"ImageObject","inLanguage":"de","@id":"https:\/\/secure.gravatar.com\/avatar\/358fe31b3ab5769fea05376e1953329834cd9912cf9daf607e2af3076a1b982b?s=96&d=mm&r=g","url":"https:\/\/secure.gravatar.com\/avatar\/358fe31b3ab5769fea05376e1953329834cd9912cf9daf607e2af3076a1b982b?s=96&d=mm&r=g","contentUrl":"https:\/\/secure.gravatar.com\/avatar\/358fe31b3ab5769fea05376e1953329834cd9912cf9daf607e2af3076a1b982b?s=96&d=mm&r=g","caption":"rtnews"},"url":"https:\/\/now-news.de\/de\/author\/rnews\/"}]}},"_links":{"self":[{"href":"https:\/\/now-news.de\/de\/wp-json\/wp\/v2\/posts\/23045","targetHints":{"allow":["GET"]}}],"collection":[{"href":"https:\/\/now-news.de\/de\/wp-json\/wp\/v2\/posts"}],"about":[{"href":"https:\/\/now-news.de\/de\/wp-json\/wp\/v2\/types\/post"}],"author":[{"embeddable":true,"href":"https:\/\/now-news.de\/de\/wp-json\/wp\/v2\/users\/3"}],"replies":[{"embeddable":true,"href":"https:\/\/now-news.de\/de\/wp-json\/wp\/v2\/comments?post=23045"}],"version-history":[{"count":0,"href":"https:\/\/now-news.de\/de\/wp-json\/wp\/v2\/posts\/23045\/revisions"}],"wp:featuredmedia":[{"embeddable":true,"href":"https:\/\/now-news.de\/de\/wp-json\/wp\/v2\/media\/23046"}],"wp:attachment":[{"href":"https:\/\/now-news.de\/de\/wp-json\/wp\/v2\/media?parent=23045"}],"wp:term":[{"taxonomy":"category","embeddable":true,"href":"https:\/\/now-news.de\/de\/wp-json\/wp\/v2\/categories?post=23045"},{"taxonomy":"post_tag","embeddable":true,"href":"https:\/\/now-news.de\/de\/wp-json\/wp\/v2\/tags?post=23045"}],"curies":[{"name":"wp","href":"https:\/\/api.w.org\/{rel}","templated":true}]}}