{"id":23021,"date":"2022-11-12T21:05:48","date_gmt":"2022-11-12T19:05:48","guid":{"rendered":"http:\/\/just-now.news\/de\/deutschland\/streit-um-volkszaehlung-in-bolivien-praesident-arce-setzt-zensus-fuer-maerz-2024-an\/"},"modified":"2022-11-12T21:05:48","modified_gmt":"2022-11-12T19:05:48","slug":"streit-um-volkszaehlung-in-bolivien-praesident-arce-setzt-zensus-fuer-maerz-2024-an","status":"publish","type":"post","link":"https:\/\/now-news.de\/de\/deutschland\/streit-um-volkszaehlung-in-bolivien-praesident-arce-setzt-zensus-fuer-maerz-2024-an\/","title":{"rendered":"Streit um Volksz\u00e4hlung in Bolivien: Pr\u00e4sident Arce setzt Zensus f\u00fcr M\u00e4rz 2024 an"},"content":{"rendered":"<p><img decoding=\"async\" src=\"http:\/\/just-now.news\/de\/wp-content\/uploads\/sites\/3\/2022\/11\/636fb884b480cc270837950f.jpg\" \/><\/p>\n<div class=\"Text-root Text-type_1 \">\n                Nach 21 Tagen Streik in der Provinz Santa Cruz hat Boliviens Pr\u00e4sident Luis Arce das Datum f\u00fcr die n\u00e4chste Volksz\u00e4hlung im Andenland bestimmt. Der Zensus soll im M\u00e4rz 2024 stattfinden, das hei\u00dft sp\u00e4ter als von der Opposition gefordert. Es gibt aber auch ein Zugest\u00e4ndnis.\n            <\/div>\n<p><\/p>\n<div class=\"Text-root Text-type_5 ArticleView-text ViewText-root \">\n<p>Der bolivianische Pr\u00e4sident und Regierungschef Luis Arce hat angeordnet, die n\u00e4chste Volksz\u00e4hlung im Andenland am 23. M\u00e4rz 2024 durchf\u00fchren zu lassen \u2013 etwa ein Jahr sp\u00e4ter als von der Opposition gefordert. Arce erkl\u00e4rte in seiner Ansprache an die Nation, der Streit um das Austragungsdatum f\u00fcr den Zensus sei von seinen Gegnern politisch missbraucht worden. Der linke Politiker <a rel=\"nofollow noopener\" target=\"_blank\" href=\"https:\/\/abi.bo\/index.php\/noticias\/sociedad\/34-notas\/noticias\/gobierno\/29928-presidente-fija-el-censo-de-poblacion-y-vivienda-para-el-23-de-marzo-de-2024-adelanto\">verurteilte<\/a> die gewaltsamen Protestaktionen in der Provinz Santa Cruz, bei denen mindestens vier Menschen ums Leben gekommen waren.<\/p>\n<div class=\"EmbedBlock-root EmbedBlock-twitter\">\n<div class=\"TwitterEmbed\">\n<blockquote class=\"twitter-tweet lazyload\" data-twitter=\"twitter-tweet\">\n<p lang=\"es\" dir=\"ltr\">Presidente Arce anuncia que el Censo ser\u00e1 el 23 de marzo de 2024 <a rel=\"nofollow noopener\" target=\"_blank\" href=\"https:\/\/t.co\/kidqHpMcL0\">pic.twitter.com\/kidqHpMcL0<\/a><\/p>\n<p>\u2014 Contacto Bolivia (@ContBolivia) <a rel=\"nofollow noopener\" target=\"_blank\" href=\"https:\/\/twitter.com\/ContBolivia\/status\/1591283908565356544?ref_src=twsrc%5Etfw\">November 12, 2022<\/a><\/p><\/blockquote>\n<\/div>\n<\/div>\n<p>Mit Blick auf den Gouverneur von Santa Cruz, Luis Fernando Camacho, und andere Amtstr\u00e4ger sagte Arce: \u00a0\u00a0\u00a0\u00a0<\/p>\n<blockquote>\n<p><em>&#8220;In einer Demokratie leben mehrere Positionen zusammen. Eine Demokratie bedeutet jedoch auch, dass Entscheidungen im Interesse der Mehrheit getroffen werden.&#8221;<\/em><\/p>\n<\/blockquote>\n<p>Er verwies au\u00dferdem darauf, dass die F\u00fchrung der Provinz nicht f\u00fcr\u00a0alle Einwohner\u00a0spreche, sondern nur einen Teil der dortigen Bev\u00f6lkerung repr\u00e4sentiere.<\/p>\n<p>Arce teilte mit, dass der vorige Zensus im Jahr 2012 ohne Ber\u00fccksichtigung der f\u00e4lligen kartographischen \u00c4nderungen durchgef\u00fchrt worden sei. Diese komplexe Aufgabe werde gerade umgesetzt. Diese notwendige Vorbereitungsma\u00dfnahme sei eben einer der Gr\u00fcnde daf\u00fcr, dass man die urspr\u00fcnglich f\u00fcr diesen November anberaumte Volksz\u00e4hlung verschoben habe.\u00a0Gleichzeitig kam der Pr\u00e4sident der Opposition entgegen, indem er versicherte, dass die Umverteilung der Quoten in Bezug auf die Parlamentssitze aufgrund der Ergebnisse des Zensus schon im September 2024 stattfinden werde.<\/p>\n<p>Der Regierungschef traf die Entscheidung 21 Tage, nachdem die Opposition in der Provinz Santa Cruz einen unbefristeten Streik ausgerufen hatte. Die Protestler forderten die Regierung in La Paz auf, den Zensus sp\u00e4testens im Jahr 2023 durchf\u00fchren zu lassen, damit seine Ergebnisse bei den Parlamentswahlen im Jahr 2025 ber\u00fccksichtigt w\u00fcrden. Der Streit war noch im Juli ausgebrochen, als die Beh\u00f6rden die f\u00fcr diesen November anberaumte Volksz\u00e4hlung verschoben hatten. Als Begr\u00fcndung wurden technische Probleme und die COVID-19-Pandemie genannt. Der Aufschub stie\u00df in Santa Cruz auf Kritik, da diese wirtschaftsst\u00e4rkste und bev\u00f6lkerungsreichste Provinz des Andenlandes bei den n\u00e4chsten Parlamentswahlen aufgrund der Volksz\u00e4hlung mehr Abgeordnete stellen k\u00f6nnte. Gouverneur Camacho rief f\u00fcr diesen Sonntag eine Beratung ein, um das weitere Vorgehen zu pr\u00fcfen.<\/p>\n<p>Nach Angaben der Regierung kostet der Streik wegen der damit verbundenen Probleme in den Bereichen Handel, Transport und Export das Land 36 Millionen US-Dollar t\u00e4glich.<\/p>\n<p><strong>Mehr zum Thema<\/strong> &#8211;\u00a0<a rel=\"nofollow noopener\" target=\"_blank\" href=\"https:\/\/de.rt.com\/amerika\/153756-streit-um-volkszahlung-in-bolivien\/\">Streit um Volksz\u00e4hlung in Bolivien weitet sich aus: Protestaktionen nun in drei weiteren Provinzen<\/a><\/p>\n<\/p>\n<\/div>\n<p><script async src=\"https:\/\/platform.twitter.com\/widgets.js\" charset=\"utf-8\"><\/script><br \/>\n<br \/><br \/>\n<br \/><a href=\"https:\/\/de.rt.com\/amerika\/154193-boliviens-staatschef-arce-setzt-zensus-fuer-maerz-2024-an\/\">Source link <\/a><\/p>\n","protected":false},"excerpt":{"rendered":"<p>Nach 21 Tagen Streik in der Provinz Santa Cruz hat Boliviens Pr\u00e4sident Luis Arce das Datum f\u00fcr die n\u00e4chste Volksz\u00e4hlung im Andenland bestimmt. Der Zensus soll im M\u00e4rz 2024 stattfinden, das hei\u00dft sp\u00e4ter als von der Opposition gefordert. Es gibt aber auch ein Zugest\u00e4ndnis. Der bolivianische Pr\u00e4sident und Regierungschef Luis Arce hat angeordnet, die n\u00e4chste [&hellip;]<\/p>\n","protected":false},"author":3,"featured_media":23022,"comment_status":"open","ping_status":"open","sticky":false,"template":"","format":"standard","meta":{"wp_automatic_camp":["217"],"03b6fb1578a0503303f304afdf0cfc2e":["Streit um Volksz\u00e4hlung in Bolivien: Pr\u00e4sident Arce setzt Zensus f\u00fcr M\u00e4rz 2024 an"],"original_link":["https:\/\/de.rt.com\/amerika\/154193-boliviens-staatschef-arce-setzt-zensus-fuer-maerz-2024-an\/"],"_thumbnail_id":["23022"],"jnews_social_counter_last_update":["1777196729"]},"categories":[19,23],"tags":[35784,31967,221,9175,3464,1997,8148,19308,19307],"yoast_head":"<!-- This site is optimized with the Yoast SEO Premium plugin v22.7 (Yoast SEO v22.7) - https:\/\/yoast.com\/wordpress\/plugins\/seo\/ -->\n<title>Streit um Volksz\u00e4hlung in Bolivien: Pr\u00e4sident Arce setzt Zensus f\u00fcr M\u00e4rz 2024 an - just-now.NEWS Deutschland<\/title>\n<meta name=\"robots\" content=\"index, follow, max-snippet:-1, max-image-preview:large, max-video-preview:-1\" \/>\n<link rel=\"canonical\" href=\"https:\/\/now-news.de\/de\/deutschland\/streit-um-volkszaehlung-in-bolivien-praesident-arce-setzt-zensus-fuer-maerz-2024-an\/\" \/>\n<meta property=\"og:locale\" content=\"de_DE\" \/>\n<meta property=\"og:type\" content=\"article\" \/>\n<meta property=\"og:title\" content=\"Streit um Volksz\u00e4hlung in Bolivien: Pr\u00e4sident Arce setzt Zensus f\u00fcr M\u00e4rz 2024 an\" \/>\n<meta property=\"og:description\" content=\"Nach 21 Tagen Streik in der Provinz Santa Cruz hat Boliviens Pr\u00e4sident Luis Arce das Datum f\u00fcr die n\u00e4chste Volksz\u00e4hlung im Andenland bestimmt. Der Zensus soll im M\u00e4rz 2024 stattfinden, das hei\u00dft sp\u00e4ter als von der Opposition gefordert. Es gibt aber auch ein Zugest\u00e4ndnis. Der bolivianische Pr\u00e4sident und Regierungschef Luis Arce hat angeordnet, die n\u00e4chste [&hellip;]\" \/>\n<meta property=\"og:url\" content=\"https:\/\/now-news.de\/de\/deutschland\/streit-um-volkszaehlung-in-bolivien-praesident-arce-setzt-zensus-fuer-maerz-2024-an\/\" \/>\n<meta property=\"og:site_name\" content=\"just-now.NEWS Deutschland\" \/>\n<meta property=\"article:publisher\" content=\"https:\/\/www.facebook.com\/wirmachenauf\" \/>\n<meta property=\"article:published_time\" content=\"2022-11-12T19:05:48+00:00\" \/>\n<meta property=\"og:image\" content=\"https:\/\/now-news.de\/de\/wp-content\/uploads\/sites\/3\/2022\/11\/Streit-um-Volkszaehlung-in-Bolivien-Praesident-Arce-setzt-Zensus-fuer.jpg\" \/>\n\t<meta property=\"og:image:width\" content=\"460\" \/>\n\t<meta property=\"og:image:height\" content=\"259\" \/>\n\t<meta property=\"og:image:type\" content=\"image\/jpeg\" \/>\n<meta name=\"author\" content=\"rtnews\" \/>\n<meta name=\"twitter:card\" content=\"summary_large_image\" \/>\n<meta name=\"twitter:creator\" content=\"@WirMachenAuf_de\" \/>\n<meta name=\"twitter:site\" content=\"@WirMachenAuf_de\" \/>\n<meta name=\"twitter:label1\" content=\"Verfasst von\" \/>\n\t<meta name=\"twitter:data1\" content=\"rtnews\" \/>\n\t<meta name=\"twitter:label2\" content=\"Gesch\u00e4tzte Lesezeit\" \/>\n\t<meta name=\"twitter:data2\" content=\"2\u00a0Minuten\" \/>\n<script type=\"application\/ld+json\" class=\"yoast-schema-graph\">{\"@context\":\"https:\/\/schema.org\",\"@graph\":[{\"@type\":\"Article\",\"@id\":\"https:\/\/now-news.de\/de\/deutschland\/streit-um-volkszaehlung-in-bolivien-praesident-arce-setzt-zensus-fuer-maerz-2024-an\/#article\",\"isPartOf\":{\"@id\":\"https:\/\/now-news.de\/de\/deutschland\/streit-um-volkszaehlung-in-bolivien-praesident-arce-setzt-zensus-fuer-maerz-2024-an\/\"},\"author\":{\"name\":\"rtnews\",\"@id\":\"https:\/\/now-news.de\/de\/#\/schema\/person\/fb534a4e865501d8b3285208df34a9b5\"},\"headline\":\"Streit um Volksz\u00e4hlung in Bolivien: Pr\u00e4sident Arce setzt Zensus f\u00fcr M\u00e4rz 2024 an\",\"datePublished\":\"2022-11-12T19:05:48+00:00\",\"dateModified\":\"2022-11-12T19:05:48+00:00\",\"mainEntityOfPage\":{\"@id\":\"https:\/\/now-news.de\/de\/deutschland\/streit-um-volkszaehlung-in-bolivien-praesident-arce-setzt-zensus-fuer-maerz-2024-an\/\"},\"wordCount\":491,\"commentCount\":0,\"publisher\":{\"@id\":\"https:\/\/now-news.de\/de\/#organization\"},\"image\":{\"@id\":\"https:\/\/now-news.de\/de\/deutschland\/streit-um-volkszaehlung-in-bolivien-praesident-arce-setzt-zensus-fuer-maerz-2024-an\/#primaryimage\"},\"thumbnailUrl\":\"https:\/\/now-news.de\/de\/wp-content\/uploads\/sites\/3\/2022\/11\/Streit-um-Volkszaehlung-in-Bolivien-Praesident-Arce-setzt-Zensus-fuer.jpg\",\"keywords\":[\"Arce\",\"Bolivien\",\"f\u00fcr\",\"M\u00e4rz\",\"Pr\u00e4sident\",\"setzt\",\"Streit\",\"Volksz\u00e4hlung\",\"Zensus\"],\"articleSection\":[\"Deutschland\",\"Russland\"],\"inLanguage\":\"de\",\"potentialAction\":[{\"@type\":\"CommentAction\",\"name\":\"Comment\",\"target\":[\"https:\/\/now-news.de\/de\/deutschland\/streit-um-volkszaehlung-in-bolivien-praesident-arce-setzt-zensus-fuer-maerz-2024-an\/#respond\"]}]},{\"@type\":\"WebPage\",\"@id\":\"https:\/\/now-news.de\/de\/deutschland\/streit-um-volkszaehlung-in-bolivien-praesident-arce-setzt-zensus-fuer-maerz-2024-an\/\",\"url\":\"https:\/\/now-news.de\/de\/deutschland\/streit-um-volkszaehlung-in-bolivien-praesident-arce-setzt-zensus-fuer-maerz-2024-an\/\",\"name\":\"Streit um Volksz\u00e4hlung in Bolivien: Pr\u00e4sident Arce setzt Zensus f\u00fcr M\u00e4rz 2024 an - just-now.NEWS Deutschland\",\"isPartOf\":{\"@id\":\"https:\/\/now-news.de\/de\/#website\"},\"primaryImageOfPage\":{\"@id\":\"https:\/\/now-news.de\/de\/deutschland\/streit-um-volkszaehlung-in-bolivien-praesident-arce-setzt-zensus-fuer-maerz-2024-an\/#primaryimage\"},\"image\":{\"@id\":\"https:\/\/now-news.de\/de\/deutschland\/streit-um-volkszaehlung-in-bolivien-praesident-arce-setzt-zensus-fuer-maerz-2024-an\/#primaryimage\"},\"thumbnailUrl\":\"https:\/\/now-news.de\/de\/wp-content\/uploads\/sites\/3\/2022\/11\/Streit-um-Volkszaehlung-in-Bolivien-Praesident-Arce-setzt-Zensus-fuer.jpg\",\"datePublished\":\"2022-11-12T19:05:48+00:00\",\"dateModified\":\"2022-11-12T19:05:48+00:00\",\"breadcrumb\":{\"@id\":\"https:\/\/now-news.de\/de\/deutschland\/streit-um-volkszaehlung-in-bolivien-praesident-arce-setzt-zensus-fuer-maerz-2024-an\/#breadcrumb\"},\"inLanguage\":\"de\",\"potentialAction\":[{\"@type\":\"ReadAction\",\"target\":[\"https:\/\/now-news.de\/de\/deutschland\/streit-um-volkszaehlung-in-bolivien-praesident-arce-setzt-zensus-fuer-maerz-2024-an\/\"]}]},{\"@type\":\"ImageObject\",\"inLanguage\":\"de\",\"@id\":\"https:\/\/now-news.de\/de\/deutschland\/streit-um-volkszaehlung-in-bolivien-praesident-arce-setzt-zensus-fuer-maerz-2024-an\/#primaryimage\",\"url\":\"https:\/\/now-news.de\/de\/wp-content\/uploads\/sites\/3\/2022\/11\/Streit-um-Volkszaehlung-in-Bolivien-Praesident-Arce-setzt-Zensus-fuer.jpg\",\"contentUrl\":\"https:\/\/now-news.de\/de\/wp-content\/uploads\/sites\/3\/2022\/11\/Streit-um-Volkszaehlung-in-Bolivien-Praesident-Arce-setzt-Zensus-fuer.jpg\",\"width\":460,\"height\":259,\"caption\":\"Streit um Volksz\u00e4hlung in Bolivien: Pr\u00e4sident Arce setzt Zensus f\u00fcr M\u00e4rz 2024 an\"},{\"@type\":\"BreadcrumbList\",\"@id\":\"https:\/\/now-news.de\/de\/deutschland\/streit-um-volkszaehlung-in-bolivien-praesident-arce-setzt-zensus-fuer-maerz-2024-an\/#breadcrumb\",\"itemListElement\":[{\"@type\":\"ListItem\",\"position\":1,\"name\":\"Home\",\"item\":\"https:\/\/now-news.de\/de\/\"},{\"@type\":\"ListItem\",\"position\":2,\"name\":\"Streit um Volksz\u00e4hlung in Bolivien: Pr\u00e4sident Arce setzt Zensus f\u00fcr M\u00e4rz 2024 an\"}]},{\"@type\":\"WebSite\",\"@id\":\"https:\/\/now-news.de\/de\/#website\",\"url\":\"https:\/\/now-news.de\/de\/\",\"name\":\"just-now.NEWS Deutschland\",\"description\":\"Das Portal f\u00fcr unzensierte Nachrichten aus der Welt\",\"publisher\":{\"@id\":\"https:\/\/now-news.de\/de\/#organization\"},\"potentialAction\":[{\"@type\":\"SearchAction\",\"target\":{\"@type\":\"EntryPoint\",\"urlTemplate\":\"https:\/\/now-news.de\/de\/?s={search_term_string}\"},\"query-input\":\"required name=search_term_string\"}],\"inLanguage\":\"de\"},{\"@type\":\"Organization\",\"@id\":\"https:\/\/now-news.de\/de\/#organization\",\"name\":\"Just Now News\",\"url\":\"https:\/\/now-news.de\/de\/\",\"logo\":{\"@type\":\"ImageObject\",\"inLanguage\":\"de\",\"@id\":\"https:\/\/now-news.de\/de\/#\/schema\/logo\/image\/\",\"url\":\"http:\/\/just-now.news\/de\/wp-content\/uploads\/sites\/3\/2022\/04\/logo500x500.jpg\",\"contentUrl\":\"http:\/\/just-now.news\/de\/wp-content\/uploads\/sites\/3\/2022\/04\/logo500x500.jpg\",\"width\":500,\"height\":500,\"caption\":\"Just Now News\"},\"image\":{\"@id\":\"https:\/\/now-news.de\/de\/#\/schema\/logo\/image\/\"},\"sameAs\":[\"https:\/\/www.facebook.com\/wirmachenauf\",\"https:\/\/x.com\/WirMachenAuf_de\"]},{\"@type\":\"Person\",\"@id\":\"https:\/\/now-news.de\/de\/#\/schema\/person\/fb534a4e865501d8b3285208df34a9b5\",\"name\":\"rtnews\",\"image\":{\"@type\":\"ImageObject\",\"inLanguage\":\"de\",\"@id\":\"https:\/\/now-news.de\/de\/#\/schema\/person\/image\/\",\"url\":\"https:\/\/secure.gravatar.com\/avatar\/82aafea7d8127119dd649515f56e2117?s=96&d=mm&r=g\",\"contentUrl\":\"https:\/\/secure.gravatar.com\/avatar\/82aafea7d8127119dd649515f56e2117?s=96&d=mm&r=g\",\"caption\":\"rtnews\"},\"url\":\"https:\/\/now-news.de\/de\/author\/rnews\/\"}]}<\/script>\n<!-- \/ Yoast SEO Premium plugin. -->","yoast_head_json":{"title":"Streit um Volksz\u00e4hlung in Bolivien: Pr\u00e4sident Arce setzt Zensus f\u00fcr M\u00e4rz 2024 an - just-now.NEWS Deutschland","robots":{"index":"index","follow":"follow","max-snippet":"max-snippet:-1","max-image-preview":"max-image-preview:large","max-video-preview":"max-video-preview:-1"},"canonical":"https:\/\/now-news.de\/de\/deutschland\/streit-um-volkszaehlung-in-bolivien-praesident-arce-setzt-zensus-fuer-maerz-2024-an\/","og_locale":"de_DE","og_type":"article","og_title":"Streit um Volksz\u00e4hlung in Bolivien: Pr\u00e4sident Arce setzt Zensus f\u00fcr M\u00e4rz 2024 an","og_description":"Nach 21 Tagen Streik in der Provinz Santa Cruz hat Boliviens Pr\u00e4sident Luis Arce das Datum f\u00fcr die n\u00e4chste Volksz\u00e4hlung im Andenland bestimmt. Der Zensus soll im M\u00e4rz 2024 stattfinden, das hei\u00dft sp\u00e4ter als von der Opposition gefordert. Es gibt aber auch ein Zugest\u00e4ndnis. Der bolivianische Pr\u00e4sident und Regierungschef Luis Arce hat angeordnet, die n\u00e4chste [&hellip;]","og_url":"https:\/\/now-news.de\/de\/deutschland\/streit-um-volkszaehlung-in-bolivien-praesident-arce-setzt-zensus-fuer-maerz-2024-an\/","og_site_name":"just-now.NEWS Deutschland","article_publisher":"https:\/\/www.facebook.com\/wirmachenauf","article_published_time":"2022-11-12T19:05:48+00:00","og_image":[{"width":460,"height":259,"url":"https:\/\/now-news.de\/de\/wp-content\/uploads\/sites\/3\/2022\/11\/Streit-um-Volkszaehlung-in-Bolivien-Praesident-Arce-setzt-Zensus-fuer.jpg","type":"image\/jpeg"}],"author":"rtnews","twitter_card":"summary_large_image","twitter_creator":"@WirMachenAuf_de","twitter_site":"@WirMachenAuf_de","twitter_misc":{"Verfasst von":"rtnews","Gesch\u00e4tzte Lesezeit":"2\u00a0Minuten"},"schema":{"@context":"https:\/\/schema.org","@graph":[{"@type":"Article","@id":"https:\/\/now-news.de\/de\/deutschland\/streit-um-volkszaehlung-in-bolivien-praesident-arce-setzt-zensus-fuer-maerz-2024-an\/#article","isPartOf":{"@id":"https:\/\/now-news.de\/de\/deutschland\/streit-um-volkszaehlung-in-bolivien-praesident-arce-setzt-zensus-fuer-maerz-2024-an\/"},"author":{"name":"rtnews","@id":"https:\/\/now-news.de\/de\/#\/schema\/person\/fb534a4e865501d8b3285208df34a9b5"},"headline":"Streit um Volksz\u00e4hlung in Bolivien: Pr\u00e4sident Arce setzt Zensus f\u00fcr M\u00e4rz 2024 an","datePublished":"2022-11-12T19:05:48+00:00","dateModified":"2022-11-12T19:05:48+00:00","mainEntityOfPage":{"@id":"https:\/\/now-news.de\/de\/deutschland\/streit-um-volkszaehlung-in-bolivien-praesident-arce-setzt-zensus-fuer-maerz-2024-an\/"},"wordCount":491,"commentCount":0,"publisher":{"@id":"https:\/\/now-news.de\/de\/#organization"},"image":{"@id":"https:\/\/now-news.de\/de\/deutschland\/streit-um-volkszaehlung-in-bolivien-praesident-arce-setzt-zensus-fuer-maerz-2024-an\/#primaryimage"},"thumbnailUrl":"https:\/\/now-news.de\/de\/wp-content\/uploads\/sites\/3\/2022\/11\/Streit-um-Volkszaehlung-in-Bolivien-Praesident-Arce-setzt-Zensus-fuer.jpg","keywords":["Arce","Bolivien","f\u00fcr","M\u00e4rz","Pr\u00e4sident","setzt","Streit","Volksz\u00e4hlung","Zensus"],"articleSection":["Deutschland","Russland"],"inLanguage":"de","potentialAction":[{"@type":"CommentAction","name":"Comment","target":["https:\/\/now-news.de\/de\/deutschland\/streit-um-volkszaehlung-in-bolivien-praesident-arce-setzt-zensus-fuer-maerz-2024-an\/#respond"]}]},{"@type":"WebPage","@id":"https:\/\/now-news.de\/de\/deutschland\/streit-um-volkszaehlung-in-bolivien-praesident-arce-setzt-zensus-fuer-maerz-2024-an\/","url":"https:\/\/now-news.de\/de\/deutschland\/streit-um-volkszaehlung-in-bolivien-praesident-arce-setzt-zensus-fuer-maerz-2024-an\/","name":"Streit um Volksz\u00e4hlung in Bolivien: Pr\u00e4sident Arce setzt Zensus f\u00fcr M\u00e4rz 2024 an - just-now.NEWS Deutschland","isPartOf":{"@id":"https:\/\/now-news.de\/de\/#website"},"primaryImageOfPage":{"@id":"https:\/\/now-news.de\/de\/deutschland\/streit-um-volkszaehlung-in-bolivien-praesident-arce-setzt-zensus-fuer-maerz-2024-an\/#primaryimage"},"image":{"@id":"https:\/\/now-news.de\/de\/deutschland\/streit-um-volkszaehlung-in-bolivien-praesident-arce-setzt-zensus-fuer-maerz-2024-an\/#primaryimage"},"thumbnailUrl":"https:\/\/now-news.de\/de\/wp-content\/uploads\/sites\/3\/2022\/11\/Streit-um-Volkszaehlung-in-Bolivien-Praesident-Arce-setzt-Zensus-fuer.jpg","datePublished":"2022-11-12T19:05:48+00:00","dateModified":"2022-11-12T19:05:48+00:00","breadcrumb":{"@id":"https:\/\/now-news.de\/de\/deutschland\/streit-um-volkszaehlung-in-bolivien-praesident-arce-setzt-zensus-fuer-maerz-2024-an\/#breadcrumb"},"inLanguage":"de","potentialAction":[{"@type":"ReadAction","target":["https:\/\/now-news.de\/de\/deutschland\/streit-um-volkszaehlung-in-bolivien-praesident-arce-setzt-zensus-fuer-maerz-2024-an\/"]}]},{"@type":"ImageObject","inLanguage":"de","@id":"https:\/\/now-news.de\/de\/deutschland\/streit-um-volkszaehlung-in-bolivien-praesident-arce-setzt-zensus-fuer-maerz-2024-an\/#primaryimage","url":"https:\/\/now-news.de\/de\/wp-content\/uploads\/sites\/3\/2022\/11\/Streit-um-Volkszaehlung-in-Bolivien-Praesident-Arce-setzt-Zensus-fuer.jpg","contentUrl":"https:\/\/now-news.de\/de\/wp-content\/uploads\/sites\/3\/2022\/11\/Streit-um-Volkszaehlung-in-Bolivien-Praesident-Arce-setzt-Zensus-fuer.jpg","width":460,"height":259,"caption":"Streit um Volksz\u00e4hlung in Bolivien: Pr\u00e4sident Arce setzt Zensus f\u00fcr M\u00e4rz 2024 an"},{"@type":"BreadcrumbList","@id":"https:\/\/now-news.de\/de\/deutschland\/streit-um-volkszaehlung-in-bolivien-praesident-arce-setzt-zensus-fuer-maerz-2024-an\/#breadcrumb","itemListElement":[{"@type":"ListItem","position":1,"name":"Home","item":"https:\/\/now-news.de\/de\/"},{"@type":"ListItem","position":2,"name":"Streit um Volksz\u00e4hlung in Bolivien: Pr\u00e4sident Arce setzt Zensus f\u00fcr M\u00e4rz 2024 an"}]},{"@type":"WebSite","@id":"https:\/\/now-news.de\/de\/#website","url":"https:\/\/now-news.de\/de\/","name":"just-now.NEWS Deutschland","description":"Das Portal f\u00fcr unzensierte Nachrichten aus der Welt","publisher":{"@id":"https:\/\/now-news.de\/de\/#organization"},"potentialAction":[{"@type":"SearchAction","target":{"@type":"EntryPoint","urlTemplate":"https:\/\/now-news.de\/de\/?s={search_term_string}"},"query-input":"required name=search_term_string"}],"inLanguage":"de"},{"@type":"Organization","@id":"https:\/\/now-news.de\/de\/#organization","name":"Just Now News","url":"https:\/\/now-news.de\/de\/","logo":{"@type":"ImageObject","inLanguage":"de","@id":"https:\/\/now-news.de\/de\/#\/schema\/logo\/image\/","url":"http:\/\/just-now.news\/de\/wp-content\/uploads\/sites\/3\/2022\/04\/logo500x500.jpg","contentUrl":"http:\/\/just-now.news\/de\/wp-content\/uploads\/sites\/3\/2022\/04\/logo500x500.jpg","width":500,"height":500,"caption":"Just Now News"},"image":{"@id":"https:\/\/now-news.de\/de\/#\/schema\/logo\/image\/"},"sameAs":["https:\/\/www.facebook.com\/wirmachenauf","https:\/\/x.com\/WirMachenAuf_de"]},{"@type":"Person","@id":"https:\/\/now-news.de\/de\/#\/schema\/person\/fb534a4e865501d8b3285208df34a9b5","name":"rtnews","image":{"@type":"ImageObject","inLanguage":"de","@id":"https:\/\/now-news.de\/de\/#\/schema\/person\/image\/","url":"https:\/\/secure.gravatar.com\/avatar\/82aafea7d8127119dd649515f56e2117?s=96&d=mm&r=g","contentUrl":"https:\/\/secure.gravatar.com\/avatar\/82aafea7d8127119dd649515f56e2117?s=96&d=mm&r=g","caption":"rtnews"},"url":"https:\/\/now-news.de\/de\/author\/rnews\/"}]}},"_links":{"self":[{"href":"https:\/\/now-news.de\/de\/wp-json\/wp\/v2\/posts\/23021"}],"collection":[{"href":"https:\/\/now-news.de\/de\/wp-json\/wp\/v2\/posts"}],"about":[{"href":"https:\/\/now-news.de\/de\/wp-json\/wp\/v2\/types\/post"}],"author":[{"embeddable":true,"href":"https:\/\/now-news.de\/de\/wp-json\/wp\/v2\/users\/3"}],"replies":[{"embeddable":true,"href":"https:\/\/now-news.de\/de\/wp-json\/wp\/v2\/comments?post=23021"}],"version-history":[{"count":0,"href":"https:\/\/now-news.de\/de\/wp-json\/wp\/v2\/posts\/23021\/revisions"}],"wp:featuredmedia":[{"embeddable":true,"href":"https:\/\/now-news.de\/de\/wp-json\/wp\/v2\/media\/23022"}],"wp:attachment":[{"href":"https:\/\/now-news.de\/de\/wp-json\/wp\/v2\/media?parent=23021"}],"wp:term":[{"taxonomy":"category","embeddable":true,"href":"https:\/\/now-news.de\/de\/wp-json\/wp\/v2\/categories?post=23021"},{"taxonomy":"post_tag","embeddable":true,"href":"https:\/\/now-news.de\/de\/wp-json\/wp\/v2\/tags?post=23021"}],"curies":[{"name":"wp","href":"https:\/\/api.w.org\/{rel}","templated":true}]}}