{"id":23019,"date":"2022-11-12T20:45:22","date_gmt":"2022-11-12T18:45:22","guid":{"rendered":"http:\/\/just-now.news\/de\/deutschland\/hunderte-privatjets-bei-cop27-aktivisten-werfen-teilnehmern-der-un-klimakonferenz-heuchelei-vor\/"},"modified":"2022-11-12T20:45:22","modified_gmt":"2022-11-12T18:45:22","slug":"hunderte-privatjets-bei-cop27-aktivisten-werfen-teilnehmern-der-un-klimakonferenz-heuchelei-vor","status":"publish","type":"post","link":"https:\/\/now-news.de\/de\/deutschland\/hunderte-privatjets-bei-cop27-aktivisten-werfen-teilnehmern-der-un-klimakonferenz-heuchelei-vor\/","title":{"rendered":"Hunderte Privatjets bei COP27: Aktivisten werfen Teilnehmern der UN-Klimakonferenz Heuchelei vor"},"content":{"rendered":"<p><img decoding=\"async\" src=\"http:\/\/just-now.news\/de\/wp-content\/uploads\/sites\/3\/2022\/11\/636fa552b480cc14c41699eb.jpg\" \/><\/p>\n<div class=\"Text-root Text-type_1 \">\n                Wegen der 27. UN-Klimakonferenz starten und landen diese Woche in Scharm asch-Schaich zahlreiche Flugzeuge. Viele Klimaaktivisten finden, dass die Emissionen, die solche Treffen verursachen, gegen\u00fcber deren Ergebnissen unverh\u00e4ltnism\u00e4\u00dfig gro\u00df sind, und sprechen von Heuchelei.\n            <\/div>\n<p><\/p>\n<div class=\"Text-root Text-type_5 ArticleView-text ViewText-root \">\n<p>Die 27. UN-Klimakonferenz in Scharm asch-Schaich sorgt in den sozialen Netzwerken f\u00fcr Unmut, weil die meisten der etwa 45.000 registrierten Teilnehmer per Flugzeug anreist sind. Besonders kritisiert werden jene Teilnehmer, die f\u00fcr ihre Reise an den \u00e4gyptischen Urlaubsort, der eigentlich anders als auf dem Luftweg nur schwer zu erreichen ist, einen Privatjet gew\u00e4hlt haben.<\/p>\n<p>Auf Twitter hat die Meinung der Journalistin Sophie Corcoran Anklang gefunden, wonach die COP27 per Zoom h\u00e4tte ausgetragen werden m\u00fcssen. Die Teilnehmer <a rel=\"nofollow noopener\" target=\"_blank\" href=\"https:\/\/twitter.com\/sophielouisecc\/status\/1589324128938758144\">h\u00e4tten<\/a>\u00a0ihre Vors\u00e4tze, die eigentlich sehr gering seien, per Videoschalte erzielen k\u00f6nnen.<\/p>\n<blockquote>\n<p><em>&#8220;Es gibt keinen Grund, mit einem Privatjet tausende Kilometer weit zu fliegen, in Luxushotels abzusteigen, Luxusspeisen zu essen und eure Autokorsos mit mehr als 50 Wagen mitzubringen, wenn eure eigenen B\u00fcrger ihre H\u00e4user nicht beheizen k\u00f6nnen.&#8221;<\/em><\/p>\n<\/blockquote>\n<p>Inzwischen <a rel=\"nofollow noopener\" target=\"_blank\" href=\"https:\/\/www.barrons.com\/news\/private-jets-at-cop27-spark-conflicting-claims-01668138606\">best\u00e4tigten<\/a> \u00e4gyptische Quellen gegen\u00fcber der Nachrichtenagentur <em>AFP<\/em> Einsch\u00e4tzungen, wonach in Scharm asch-Schaich allein bis Donnerstag mehr als 400 Privatjets gelandet sein sollen.<\/p>\n<div class=\"EmbedBlock-root EmbedBlock-twitter\">\n<div class=\"TwitterEmbed\">\n<blockquote class=\"twitter-tweet lazyload\" data-twitter=\"twitter-tweet\">\n<p lang=\"en\" dir=\"ltr\">The world&#8217;s elite have arrived at <a rel=\"nofollow noopener\" target=\"_blank\" href=\"https:\/\/twitter.com\/hashtag\/COP27?src=hash&amp;ref_src=twsrc%5Etfw\">#COP27<\/a> on hundreds of private jets to lecture you about climate change. Sponsored by Coca-Cola. <a rel=\"nofollow noopener\" target=\"_blank\" href=\"https:\/\/t.co\/fR4rqxL1nP\">pic.twitter.com\/fR4rqxL1nP<\/a><\/p>\n<p>\u2014 DiEM25 (@DiEM_25) <a rel=\"nofollow noopener\" target=\"_blank\" href=\"https:\/\/twitter.com\/DiEM_25\/status\/1589576786232635393?ref_src=twsrc%5Etfw\">November 7, 2022<\/a><\/p><\/blockquote>\n<\/div>\n<\/div>\n<p>Die Vereinigung Climate Action Against Disinformation (auf Deutsch so gut wie Klimaschutz gegen Desinformation) <a rel=\"nofollow noopener\" target=\"_blank\" href=\"https:\/\/caad.info\/wp-content\/uploads\/2022\/11\/issue-3.pdf\">teilte<\/a> in ihrem am Donnerstag ver\u00f6ffentlichten Bericht mit, dass der Vorwurf der Heuchelei und des Elitismus einer der gr\u00f6\u00dften Gr\u00fcnde f\u00fcr die Skepsis gegen\u00fcber der COP27 seien.<\/p>\n<p>Schon in vergangenen Jahren hatte man hinterfragt, ob die Konferenz und ihre Emissionen im Verh\u00e4ltnis zu den Ergebnissen st\u00fcnden. Bei den Konferenzen 22 bis 25 gingen 85 Prozent der Emissionen auf Reisen der Delegierten, so Jonathan Barnsley vom University College London. Die Umweltorganisation Greenpeace beschwerte sich bei der Vorjahreskonferenz in Glasgow angesichts vieler Privatjets \u00fcber die &#8220;Verlogenheit der Eliten&#8221;. Damals sollen Delegierte laut Sch\u00e4tzungen mit 200 bis 400 Privatjets angeflogen sein.<\/p>\n<p>Bekanntlich sind Flugreisen im Vergleich zu anderen Transportmitteln deutlich klimasch\u00e4dlicher. Der Organisation Atmosfair zufolge bringt eine einfache Hin- und R\u00fcckreise per Linienflieger von Berlin nach Scharm asch-Schaich mit Umstieg in Istanbul oder Kairo eine Klimawirkung von \u00fcber einer Tonne CO\u2082 mit sich. Millionen Einwohner in L\u00e4ndern des globalen S\u00fcdens verursachen in einem ganzen Jahr pro Kopf durchschnittlich weniger Emissionen als diese Reise. Privatjets sind da noch klimasch\u00e4dlicher als Linienflugzeuge. Nach Angaben des Dachverbands Transport and Environment, der sich f\u00fcr einen nachhaltigen Verkehr einsetzt, st\u00f6\u00dft ein Privatjet in einer Stunde bis zu zwei Tonnen CO\u2082 aus, was f\u00fcnf- bis 14-mal so viel wie die Emissionen eines Linienflugzeugs pro Passagier sind.<\/p>\n<p><strong>Mehr zum Thema<\/strong> &#8211;\u00a0<a rel=\"nofollow noopener\" target=\"_blank\" href=\"https:\/\/de.rt.com\/kurzclips\/video\/153712-klima-solidaritatspakt-un-generalsekretar-ruft\/\">Klima-Solidarit\u00e4tspakt \u2013 UN-Generalsekret\u00e4r ruft zum weltweiten Umstieg auf erneuerbare Energien auf<\/a><\/p>\n<\/p>\n<\/div>\n<p><script async src=\"https:\/\/platform.twitter.com\/widgets.js\" charset=\"utf-8\"><\/script><br \/>\n<br \/><br \/>\n<br \/><a href=\"https:\/\/de.rt.com\/gesellschaft\/154179-aktivisten-werfen-teilnehmern-der-un-klimakonferenz-heuchelei-vor\/\">Source link <\/a><\/p>\n","protected":false},"excerpt":{"rendered":"<p>Wegen der 27. UN-Klimakonferenz starten und landen diese Woche in Scharm asch-Schaich zahlreiche Flugzeuge. Viele Klimaaktivisten finden, dass die Emissionen, die solche Treffen verursachen, gegen\u00fcber deren Ergebnissen unverh\u00e4ltnism\u00e4\u00dfig gro\u00df sind, und sprechen von Heuchelei. Die 27. UN-Klimakonferenz in Scharm asch-Schaich sorgt in den sozialen Netzwerken f\u00fcr Unmut, weil die meisten der etwa 45.000 registrierten Teilnehmer [&hellip;]<\/p>\n","protected":false},"author":3,"featured_media":23020,"comment_status":"open","ping_status":"open","sticky":false,"template":"","format":"standard","meta":{"wp_automatic_camp":["217"],"3b7070c968ae2e7b810461727fbde30c":["Hunderte Privatjets bei COP27: Aktivisten werfen Teilnehmern der UN-Klimakonferenz Heuchelei vor"],"original_link":["https:\/\/de.rt.com\/gesellschaft\/154179-aktivisten-werfen-teilnehmern-der-un-klimakonferenz-heuchelei-vor\/"],"_thumbnail_id":["23020"],"jnews_social_counter_last_update":["1777224117"]},"categories":[19,23],"tags":[21660,363,35782,82,25784,4403,34112,12602,35783,320,19331],"yoast_head":"<!-- This site is optimized with the Yoast SEO Premium plugin v22.7 (Yoast SEO v22.7) - https:\/\/yoast.com\/wordpress\/plugins\/seo\/ -->\n<title>Hunderte Privatjets bei COP27: Aktivisten werfen Teilnehmern der UN-Klimakonferenz Heuchelei vor - just-now.NEWS Deutschland<\/title>\n<meta name=\"robots\" content=\"index, follow, max-snippet:-1, max-image-preview:large, max-video-preview:-1\" \/>\n<link rel=\"canonical\" href=\"https:\/\/now-news.de\/de\/deutschland\/hunderte-privatjets-bei-cop27-aktivisten-werfen-teilnehmern-der-un-klimakonferenz-heuchelei-vor\/\" \/>\n<meta property=\"og:locale\" content=\"de_DE\" \/>\n<meta property=\"og:type\" content=\"article\" \/>\n<meta property=\"og:title\" content=\"Hunderte Privatjets bei COP27: Aktivisten werfen Teilnehmern der UN-Klimakonferenz Heuchelei vor\" \/>\n<meta property=\"og:description\" content=\"Wegen der 27. UN-Klimakonferenz starten und landen diese Woche in Scharm asch-Schaich zahlreiche Flugzeuge. Viele Klimaaktivisten finden, dass die Emissionen, die solche Treffen verursachen, gegen\u00fcber deren Ergebnissen unverh\u00e4ltnism\u00e4\u00dfig gro\u00df sind, und sprechen von Heuchelei. Die 27. UN-Klimakonferenz in Scharm asch-Schaich sorgt in den sozialen Netzwerken f\u00fcr Unmut, weil die meisten der etwa 45.000 registrierten Teilnehmer [&hellip;]\" \/>\n<meta property=\"og:url\" content=\"https:\/\/now-news.de\/de\/deutschland\/hunderte-privatjets-bei-cop27-aktivisten-werfen-teilnehmern-der-un-klimakonferenz-heuchelei-vor\/\" \/>\n<meta property=\"og:site_name\" content=\"just-now.NEWS Deutschland\" \/>\n<meta property=\"article:publisher\" content=\"https:\/\/www.facebook.com\/wirmachenauf\" \/>\n<meta property=\"article:published_time\" content=\"2022-11-12T18:45:22+00:00\" \/>\n<meta property=\"og:image\" content=\"https:\/\/now-news.de\/de\/wp-content\/uploads\/sites\/3\/2022\/11\/Hunderte-Privatjets-bei-COP27-Aktivisten-werfen-Teilnehmern-der-UN-Klimakonferenz-Heuchelei.jpg\" \/>\n\t<meta property=\"og:image:width\" content=\"460\" \/>\n\t<meta property=\"og:image:height\" content=\"259\" \/>\n\t<meta property=\"og:image:type\" content=\"image\/jpeg\" \/>\n<meta name=\"author\" content=\"rtnews\" \/>\n<meta name=\"twitter:card\" content=\"summary_large_image\" \/>\n<meta name=\"twitter:creator\" content=\"@WirMachenAuf_de\" \/>\n<meta name=\"twitter:site\" content=\"@WirMachenAuf_de\" \/>\n<meta name=\"twitter:label1\" content=\"Verfasst von\" \/>\n\t<meta name=\"twitter:data1\" content=\"rtnews\" \/>\n\t<meta name=\"twitter:label2\" content=\"Gesch\u00e4tzte Lesezeit\" \/>\n\t<meta name=\"twitter:data2\" content=\"2\u00a0Minuten\" \/>\n<script type=\"application\/ld+json\" class=\"yoast-schema-graph\">{\"@context\":\"https:\/\/schema.org\",\"@graph\":[{\"@type\":\"Article\",\"@id\":\"https:\/\/now-news.de\/de\/deutschland\/hunderte-privatjets-bei-cop27-aktivisten-werfen-teilnehmern-der-un-klimakonferenz-heuchelei-vor\/#article\",\"isPartOf\":{\"@id\":\"https:\/\/now-news.de\/de\/deutschland\/hunderte-privatjets-bei-cop27-aktivisten-werfen-teilnehmern-der-un-klimakonferenz-heuchelei-vor\/\"},\"author\":{\"name\":\"rtnews\",\"@id\":\"https:\/\/now-news.de\/de\/#\/schema\/person\/fb534a4e865501d8b3285208df34a9b5\"},\"headline\":\"Hunderte Privatjets bei COP27: Aktivisten werfen Teilnehmern der UN-Klimakonferenz Heuchelei vor\",\"datePublished\":\"2022-11-12T18:45:22+00:00\",\"dateModified\":\"2022-11-12T18:45:22+00:00\",\"mainEntityOfPage\":{\"@id\":\"https:\/\/now-news.de\/de\/deutschland\/hunderte-privatjets-bei-cop27-aktivisten-werfen-teilnehmern-der-un-klimakonferenz-heuchelei-vor\/\"},\"wordCount\":486,\"commentCount\":0,\"publisher\":{\"@id\":\"https:\/\/now-news.de\/de\/#organization\"},\"image\":{\"@id\":\"https:\/\/now-news.de\/de\/deutschland\/hunderte-privatjets-bei-cop27-aktivisten-werfen-teilnehmern-der-un-klimakonferenz-heuchelei-vor\/#primaryimage\"},\"thumbnailUrl\":\"https:\/\/now-news.de\/de\/wp-content\/uploads\/sites\/3\/2022\/11\/Hunderte-Privatjets-bei-COP27-Aktivisten-werfen-Teilnehmern-der-UN-Klimakonferenz-Heuchelei.jpg\",\"keywords\":[\"Aktivisten\",\"bei\",\"COP27\",\"der\",\"Heuchelei\",\"Hunderte\",\"Privatjets\",\"Teilnehmern\",\"UNKlimakonferenz\",\"vor\",\"werfen\"],\"articleSection\":[\"Deutschland\",\"Russland\"],\"inLanguage\":\"de\",\"potentialAction\":[{\"@type\":\"CommentAction\",\"name\":\"Comment\",\"target\":[\"https:\/\/now-news.de\/de\/deutschland\/hunderte-privatjets-bei-cop27-aktivisten-werfen-teilnehmern-der-un-klimakonferenz-heuchelei-vor\/#respond\"]}]},{\"@type\":\"WebPage\",\"@id\":\"https:\/\/now-news.de\/de\/deutschland\/hunderte-privatjets-bei-cop27-aktivisten-werfen-teilnehmern-der-un-klimakonferenz-heuchelei-vor\/\",\"url\":\"https:\/\/now-news.de\/de\/deutschland\/hunderte-privatjets-bei-cop27-aktivisten-werfen-teilnehmern-der-un-klimakonferenz-heuchelei-vor\/\",\"name\":\"Hunderte Privatjets bei COP27: Aktivisten werfen Teilnehmern der UN-Klimakonferenz Heuchelei vor - just-now.NEWS Deutschland\",\"isPartOf\":{\"@id\":\"https:\/\/now-news.de\/de\/#website\"},\"primaryImageOfPage\":{\"@id\":\"https:\/\/now-news.de\/de\/deutschland\/hunderte-privatjets-bei-cop27-aktivisten-werfen-teilnehmern-der-un-klimakonferenz-heuchelei-vor\/#primaryimage\"},\"image\":{\"@id\":\"https:\/\/now-news.de\/de\/deutschland\/hunderte-privatjets-bei-cop27-aktivisten-werfen-teilnehmern-der-un-klimakonferenz-heuchelei-vor\/#primaryimage\"},\"thumbnailUrl\":\"https:\/\/now-news.de\/de\/wp-content\/uploads\/sites\/3\/2022\/11\/Hunderte-Privatjets-bei-COP27-Aktivisten-werfen-Teilnehmern-der-UN-Klimakonferenz-Heuchelei.jpg\",\"datePublished\":\"2022-11-12T18:45:22+00:00\",\"dateModified\":\"2022-11-12T18:45:22+00:00\",\"breadcrumb\":{\"@id\":\"https:\/\/now-news.de\/de\/deutschland\/hunderte-privatjets-bei-cop27-aktivisten-werfen-teilnehmern-der-un-klimakonferenz-heuchelei-vor\/#breadcrumb\"},\"inLanguage\":\"de\",\"potentialAction\":[{\"@type\":\"ReadAction\",\"target\":[\"https:\/\/now-news.de\/de\/deutschland\/hunderte-privatjets-bei-cop27-aktivisten-werfen-teilnehmern-der-un-klimakonferenz-heuchelei-vor\/\"]}]},{\"@type\":\"ImageObject\",\"inLanguage\":\"de\",\"@id\":\"https:\/\/now-news.de\/de\/deutschland\/hunderte-privatjets-bei-cop27-aktivisten-werfen-teilnehmern-der-un-klimakonferenz-heuchelei-vor\/#primaryimage\",\"url\":\"https:\/\/now-news.de\/de\/wp-content\/uploads\/sites\/3\/2022\/11\/Hunderte-Privatjets-bei-COP27-Aktivisten-werfen-Teilnehmern-der-UN-Klimakonferenz-Heuchelei.jpg\",\"contentUrl\":\"https:\/\/now-news.de\/de\/wp-content\/uploads\/sites\/3\/2022\/11\/Hunderte-Privatjets-bei-COP27-Aktivisten-werfen-Teilnehmern-der-UN-Klimakonferenz-Heuchelei.jpg\",\"width\":460,\"height\":259,\"caption\":\"Hunderte Privatjets bei COP27: Aktivisten werfen Teilnehmern der UN-Klimakonferenz Heuchelei vor\"},{\"@type\":\"BreadcrumbList\",\"@id\":\"https:\/\/now-news.de\/de\/deutschland\/hunderte-privatjets-bei-cop27-aktivisten-werfen-teilnehmern-der-un-klimakonferenz-heuchelei-vor\/#breadcrumb\",\"itemListElement\":[{\"@type\":\"ListItem\",\"position\":1,\"name\":\"Home\",\"item\":\"https:\/\/now-news.de\/de\/\"},{\"@type\":\"ListItem\",\"position\":2,\"name\":\"Hunderte Privatjets bei COP27: Aktivisten werfen Teilnehmern der UN-Klimakonferenz Heuchelei vor\"}]},{\"@type\":\"WebSite\",\"@id\":\"https:\/\/now-news.de\/de\/#website\",\"url\":\"https:\/\/now-news.de\/de\/\",\"name\":\"just-now.NEWS Deutschland\",\"description\":\"Das Portal f\u00fcr unzensierte Nachrichten aus der Welt\",\"publisher\":{\"@id\":\"https:\/\/now-news.de\/de\/#organization\"},\"potentialAction\":[{\"@type\":\"SearchAction\",\"target\":{\"@type\":\"EntryPoint\",\"urlTemplate\":\"https:\/\/now-news.de\/de\/?s={search_term_string}\"},\"query-input\":\"required name=search_term_string\"}],\"inLanguage\":\"de\"},{\"@type\":\"Organization\",\"@id\":\"https:\/\/now-news.de\/de\/#organization\",\"name\":\"Just Now News\",\"url\":\"https:\/\/now-news.de\/de\/\",\"logo\":{\"@type\":\"ImageObject\",\"inLanguage\":\"de\",\"@id\":\"https:\/\/now-news.de\/de\/#\/schema\/logo\/image\/\",\"url\":\"http:\/\/just-now.news\/de\/wp-content\/uploads\/sites\/3\/2022\/04\/logo500x500.jpg\",\"contentUrl\":\"http:\/\/just-now.news\/de\/wp-content\/uploads\/sites\/3\/2022\/04\/logo500x500.jpg\",\"width\":500,\"height\":500,\"caption\":\"Just Now News\"},\"image\":{\"@id\":\"https:\/\/now-news.de\/de\/#\/schema\/logo\/image\/\"},\"sameAs\":[\"https:\/\/www.facebook.com\/wirmachenauf\",\"https:\/\/x.com\/WirMachenAuf_de\"]},{\"@type\":\"Person\",\"@id\":\"https:\/\/now-news.de\/de\/#\/schema\/person\/fb534a4e865501d8b3285208df34a9b5\",\"name\":\"rtnews\",\"image\":{\"@type\":\"ImageObject\",\"inLanguage\":\"de\",\"@id\":\"https:\/\/now-news.de\/de\/#\/schema\/person\/image\/\",\"url\":\"https:\/\/secure.gravatar.com\/avatar\/82aafea7d8127119dd649515f56e2117?s=96&d=mm&r=g\",\"contentUrl\":\"https:\/\/secure.gravatar.com\/avatar\/82aafea7d8127119dd649515f56e2117?s=96&d=mm&r=g\",\"caption\":\"rtnews\"},\"url\":\"https:\/\/now-news.de\/de\/author\/rnews\/\"}]}<\/script>\n<!-- \/ Yoast SEO Premium plugin. -->","yoast_head_json":{"title":"Hunderte Privatjets bei COP27: Aktivisten werfen Teilnehmern der UN-Klimakonferenz Heuchelei vor - just-now.NEWS Deutschland","robots":{"index":"index","follow":"follow","max-snippet":"max-snippet:-1","max-image-preview":"max-image-preview:large","max-video-preview":"max-video-preview:-1"},"canonical":"https:\/\/now-news.de\/de\/deutschland\/hunderte-privatjets-bei-cop27-aktivisten-werfen-teilnehmern-der-un-klimakonferenz-heuchelei-vor\/","og_locale":"de_DE","og_type":"article","og_title":"Hunderte Privatjets bei COP27: Aktivisten werfen Teilnehmern der UN-Klimakonferenz Heuchelei vor","og_description":"Wegen der 27. UN-Klimakonferenz starten und landen diese Woche in Scharm asch-Schaich zahlreiche Flugzeuge. Viele Klimaaktivisten finden, dass die Emissionen, die solche Treffen verursachen, gegen\u00fcber deren Ergebnissen unverh\u00e4ltnism\u00e4\u00dfig gro\u00df sind, und sprechen von Heuchelei. Die 27. UN-Klimakonferenz in Scharm asch-Schaich sorgt in den sozialen Netzwerken f\u00fcr Unmut, weil die meisten der etwa 45.000 registrierten Teilnehmer [&hellip;]","og_url":"https:\/\/now-news.de\/de\/deutschland\/hunderte-privatjets-bei-cop27-aktivisten-werfen-teilnehmern-der-un-klimakonferenz-heuchelei-vor\/","og_site_name":"just-now.NEWS Deutschland","article_publisher":"https:\/\/www.facebook.com\/wirmachenauf","article_published_time":"2022-11-12T18:45:22+00:00","og_image":[{"width":460,"height":259,"url":"https:\/\/now-news.de\/de\/wp-content\/uploads\/sites\/3\/2022\/11\/Hunderte-Privatjets-bei-COP27-Aktivisten-werfen-Teilnehmern-der-UN-Klimakonferenz-Heuchelei.jpg","type":"image\/jpeg"}],"author":"rtnews","twitter_card":"summary_large_image","twitter_creator":"@WirMachenAuf_de","twitter_site":"@WirMachenAuf_de","twitter_misc":{"Verfasst von":"rtnews","Gesch\u00e4tzte Lesezeit":"2\u00a0Minuten"},"schema":{"@context":"https:\/\/schema.org","@graph":[{"@type":"Article","@id":"https:\/\/now-news.de\/de\/deutschland\/hunderte-privatjets-bei-cop27-aktivisten-werfen-teilnehmern-der-un-klimakonferenz-heuchelei-vor\/#article","isPartOf":{"@id":"https:\/\/now-news.de\/de\/deutschland\/hunderte-privatjets-bei-cop27-aktivisten-werfen-teilnehmern-der-un-klimakonferenz-heuchelei-vor\/"},"author":{"name":"rtnews","@id":"https:\/\/now-news.de\/de\/#\/schema\/person\/fb534a4e865501d8b3285208df34a9b5"},"headline":"Hunderte Privatjets bei COP27: Aktivisten werfen Teilnehmern der UN-Klimakonferenz Heuchelei vor","datePublished":"2022-11-12T18:45:22+00:00","dateModified":"2022-11-12T18:45:22+00:00","mainEntityOfPage":{"@id":"https:\/\/now-news.de\/de\/deutschland\/hunderte-privatjets-bei-cop27-aktivisten-werfen-teilnehmern-der-un-klimakonferenz-heuchelei-vor\/"},"wordCount":486,"commentCount":0,"publisher":{"@id":"https:\/\/now-news.de\/de\/#organization"},"image":{"@id":"https:\/\/now-news.de\/de\/deutschland\/hunderte-privatjets-bei-cop27-aktivisten-werfen-teilnehmern-der-un-klimakonferenz-heuchelei-vor\/#primaryimage"},"thumbnailUrl":"https:\/\/now-news.de\/de\/wp-content\/uploads\/sites\/3\/2022\/11\/Hunderte-Privatjets-bei-COP27-Aktivisten-werfen-Teilnehmern-der-UN-Klimakonferenz-Heuchelei.jpg","keywords":["Aktivisten","bei","COP27","der","Heuchelei","Hunderte","Privatjets","Teilnehmern","UNKlimakonferenz","vor","werfen"],"articleSection":["Deutschland","Russland"],"inLanguage":"de","potentialAction":[{"@type":"CommentAction","name":"Comment","target":["https:\/\/now-news.de\/de\/deutschland\/hunderte-privatjets-bei-cop27-aktivisten-werfen-teilnehmern-der-un-klimakonferenz-heuchelei-vor\/#respond"]}]},{"@type":"WebPage","@id":"https:\/\/now-news.de\/de\/deutschland\/hunderte-privatjets-bei-cop27-aktivisten-werfen-teilnehmern-der-un-klimakonferenz-heuchelei-vor\/","url":"https:\/\/now-news.de\/de\/deutschland\/hunderte-privatjets-bei-cop27-aktivisten-werfen-teilnehmern-der-un-klimakonferenz-heuchelei-vor\/","name":"Hunderte Privatjets bei COP27: Aktivisten werfen Teilnehmern der UN-Klimakonferenz Heuchelei vor - just-now.NEWS Deutschland","isPartOf":{"@id":"https:\/\/now-news.de\/de\/#website"},"primaryImageOfPage":{"@id":"https:\/\/now-news.de\/de\/deutschland\/hunderte-privatjets-bei-cop27-aktivisten-werfen-teilnehmern-der-un-klimakonferenz-heuchelei-vor\/#primaryimage"},"image":{"@id":"https:\/\/now-news.de\/de\/deutschland\/hunderte-privatjets-bei-cop27-aktivisten-werfen-teilnehmern-der-un-klimakonferenz-heuchelei-vor\/#primaryimage"},"thumbnailUrl":"https:\/\/now-news.de\/de\/wp-content\/uploads\/sites\/3\/2022\/11\/Hunderte-Privatjets-bei-COP27-Aktivisten-werfen-Teilnehmern-der-UN-Klimakonferenz-Heuchelei.jpg","datePublished":"2022-11-12T18:45:22+00:00","dateModified":"2022-11-12T18:45:22+00:00","breadcrumb":{"@id":"https:\/\/now-news.de\/de\/deutschland\/hunderte-privatjets-bei-cop27-aktivisten-werfen-teilnehmern-der-un-klimakonferenz-heuchelei-vor\/#breadcrumb"},"inLanguage":"de","potentialAction":[{"@type":"ReadAction","target":["https:\/\/now-news.de\/de\/deutschland\/hunderte-privatjets-bei-cop27-aktivisten-werfen-teilnehmern-der-un-klimakonferenz-heuchelei-vor\/"]}]},{"@type":"ImageObject","inLanguage":"de","@id":"https:\/\/now-news.de\/de\/deutschland\/hunderte-privatjets-bei-cop27-aktivisten-werfen-teilnehmern-der-un-klimakonferenz-heuchelei-vor\/#primaryimage","url":"https:\/\/now-news.de\/de\/wp-content\/uploads\/sites\/3\/2022\/11\/Hunderte-Privatjets-bei-COP27-Aktivisten-werfen-Teilnehmern-der-UN-Klimakonferenz-Heuchelei.jpg","contentUrl":"https:\/\/now-news.de\/de\/wp-content\/uploads\/sites\/3\/2022\/11\/Hunderte-Privatjets-bei-COP27-Aktivisten-werfen-Teilnehmern-der-UN-Klimakonferenz-Heuchelei.jpg","width":460,"height":259,"caption":"Hunderte Privatjets bei COP27: Aktivisten werfen Teilnehmern der UN-Klimakonferenz Heuchelei vor"},{"@type":"BreadcrumbList","@id":"https:\/\/now-news.de\/de\/deutschland\/hunderte-privatjets-bei-cop27-aktivisten-werfen-teilnehmern-der-un-klimakonferenz-heuchelei-vor\/#breadcrumb","itemListElement":[{"@type":"ListItem","position":1,"name":"Home","item":"https:\/\/now-news.de\/de\/"},{"@type":"ListItem","position":2,"name":"Hunderte Privatjets bei COP27: Aktivisten werfen Teilnehmern der UN-Klimakonferenz Heuchelei vor"}]},{"@type":"WebSite","@id":"https:\/\/now-news.de\/de\/#website","url":"https:\/\/now-news.de\/de\/","name":"just-now.NEWS Deutschland","description":"Das Portal f\u00fcr unzensierte Nachrichten aus der Welt","publisher":{"@id":"https:\/\/now-news.de\/de\/#organization"},"potentialAction":[{"@type":"SearchAction","target":{"@type":"EntryPoint","urlTemplate":"https:\/\/now-news.de\/de\/?s={search_term_string}"},"query-input":"required name=search_term_string"}],"inLanguage":"de"},{"@type":"Organization","@id":"https:\/\/now-news.de\/de\/#organization","name":"Just Now News","url":"https:\/\/now-news.de\/de\/","logo":{"@type":"ImageObject","inLanguage":"de","@id":"https:\/\/now-news.de\/de\/#\/schema\/logo\/image\/","url":"http:\/\/just-now.news\/de\/wp-content\/uploads\/sites\/3\/2022\/04\/logo500x500.jpg","contentUrl":"http:\/\/just-now.news\/de\/wp-content\/uploads\/sites\/3\/2022\/04\/logo500x500.jpg","width":500,"height":500,"caption":"Just Now News"},"image":{"@id":"https:\/\/now-news.de\/de\/#\/schema\/logo\/image\/"},"sameAs":["https:\/\/www.facebook.com\/wirmachenauf","https:\/\/x.com\/WirMachenAuf_de"]},{"@type":"Person","@id":"https:\/\/now-news.de\/de\/#\/schema\/person\/fb534a4e865501d8b3285208df34a9b5","name":"rtnews","image":{"@type":"ImageObject","inLanguage":"de","@id":"https:\/\/now-news.de\/de\/#\/schema\/person\/image\/","url":"https:\/\/secure.gravatar.com\/avatar\/82aafea7d8127119dd649515f56e2117?s=96&d=mm&r=g","contentUrl":"https:\/\/secure.gravatar.com\/avatar\/82aafea7d8127119dd649515f56e2117?s=96&d=mm&r=g","caption":"rtnews"},"url":"https:\/\/now-news.de\/de\/author\/rnews\/"}]}},"_links":{"self":[{"href":"https:\/\/now-news.de\/de\/wp-json\/wp\/v2\/posts\/23019"}],"collection":[{"href":"https:\/\/now-news.de\/de\/wp-json\/wp\/v2\/posts"}],"about":[{"href":"https:\/\/now-news.de\/de\/wp-json\/wp\/v2\/types\/post"}],"author":[{"embeddable":true,"href":"https:\/\/now-news.de\/de\/wp-json\/wp\/v2\/users\/3"}],"replies":[{"embeddable":true,"href":"https:\/\/now-news.de\/de\/wp-json\/wp\/v2\/comments?post=23019"}],"version-history":[{"count":0,"href":"https:\/\/now-news.de\/de\/wp-json\/wp\/v2\/posts\/23019\/revisions"}],"wp:featuredmedia":[{"embeddable":true,"href":"https:\/\/now-news.de\/de\/wp-json\/wp\/v2\/media\/23020"}],"wp:attachment":[{"href":"https:\/\/now-news.de\/de\/wp-json\/wp\/v2\/media?parent=23019"}],"wp:term":[{"taxonomy":"category","embeddable":true,"href":"https:\/\/now-news.de\/de\/wp-json\/wp\/v2\/categories?post=23019"},{"taxonomy":"post_tag","embeddable":true,"href":"https:\/\/now-news.de\/de\/wp-json\/wp\/v2\/tags?post=23019"}],"curies":[{"name":"wp","href":"https:\/\/api.w.org\/{rel}","templated":true}]}}