{"id":230,"date":"2022-04-17T12:55:18","date_gmt":"2022-04-17T13:55:18","guid":{"rendered":"http:\/\/just-now.news\/de\/deutschland\/von-der-leyen-fordert-schnellere-waffenlieferungen-an-die-ukraine\/"},"modified":"2022-04-17T12:55:18","modified_gmt":"2022-04-17T13:55:18","slug":"von-der-leyen-fordert-schnellere-waffenlieferungen-an-die-ukraine","status":"publish","type":"post","link":"https:\/\/now-news.de\/de\/deutschland\/von-der-leyen-fordert-schnellere-waffenlieferungen-an-die-ukraine\/","title":{"rendered":"Von der Leyen fordert schnellere Waffenlieferungen an die Ukraine"},"content":{"rendered":"<div class=\"Text-root Text-type_5 ArticleView-text ViewText-root \">\n<p>Die Kommissionspr\u00e4sidentin der Europ\u00e4ischen Union, Ursula von der Leyen, hat in einem Interview mit der <em>Bild am Sonntag<\/em> erkl\u00e4rt, dass sie schnellere Waffenlieferungen von EU-Staaten an die Ukraine w\u00fcnscht. Zudem k\u00fcndigte sie eine weitere Versch\u00e4rfung der gegen Russland gerichteten Sanktionen an. Die EU-Spitzenpolitikerin sagte, sie wolle alles daf\u00fcr tun, damit die Ukraine &#8220;diese brutale und durch nichts zu rechtfertigende Aggression Russlands abwehren kann&#8221;, und f\u00fcgte hinzu:<\/p>\n<div class=\"ReadMore-root Section-root Section-is1to3-xs_is1to1\" data-widgets=\"ReadMore\" data-has-alias>\n<div class=\"Section-container Section-isRow-isTop-isWrap\">\n<article class=\"Card-root Card-is1to1 \">\n<div class=\"Card-imageWrap\">\n<div class=\"Card-picture\">\n<picture class=\"Picture-root Picture-default\"><!--[if IE 9]><video style=\"display: none;\"><![endif]--><source media=\"(-webkit-min-device-pixel-ratio: 2) and (min-resolution: 120dpi)\" data-srcset=\" \nhttps:\/\/cdni.russiatoday.com\/deutsch\/images\/2022.04\/thumbnail\/6259a03c48fbef421a23d7d3.jpg 850w,\n                https:\/\/cdni.russiatoday.com\/deutsch\/images\/2022.04\/article\/6259a03c48fbef421a23d7d3.jpg 1960w,\n            \" srcset=\"data:image\/png;base64,iVBORw0KGgoAAAANSUhEUgAAABAAAAAJCAQAAACRI2S5AAAAEElEQVR42mNkIAAYRxWAAQAG9gAKqv6+AwAAAABJRU5ErkJggg==\"><source data-srcset=\" \nhttps:\/\/cdni.russiatoday.com\/deutsch\/images\/2022.04\/thumbnail\/6259a03c48fbef421a23d7d3.jpg 460w,\n              https:\/\/cdni.russiatoday.com\/deutsch\/images\/2022.04\/article\/6259a03c48fbef421a23d7d3.jpg 980w,\n            \" srcset=\"data:image\/png;base64,iVBORw0KGgoAAAANSUhEUgAAABAAAAAJCAQAAACRI2S5AAAAEElEQVR42mNkIAAYRxWAAQAG9gAKqv6+AwAAAABJRU5ErkJggg==\"><!--[if IE 9]><\/video><![endif]--><\/source><\/source><\/picture><!-- noscript pattern --><noscript><img decoding=\"async\" src=\"https:\/\/cdni.russiatoday.com\/deutsch\/images\/2022.04\/article\/6259a03c48fbef421a23d7d3.jpg\" alt=\"Russland kritisiert westliche Waffenpolitik in Bezug auf die Ukraine\"><\/noscript>    <\/div><\/div>\n<div class=\"Card-contentWrap\">\n<div class=\"Card-content\">\n<div class=\"Card-title\">\n<div class=\"HeaderNews-root HeaderNews-type_6 \">\n<p>            <a href=\"https:\/\/de.rt.com\/international\/136311-medienberichte-russland-kritisiert-westliche-waffenpolitik\/\" class=\"Link-root Link-isFullCard \"><br \/>\n                Russland kritisiert westliche Waffenpolitik in Bezug auf die Ukraine<br \/>\n            <\/a><\/p><\/div><\/div><\/div><\/div>\n<\/article>\n<\/div><\/div>\n<blockquote>\n<p><em>&#8220;Ich unterscheide nicht zwischen schweren und leichten Waffen. Die Ukraine muss das bekommen, was sie zur Verteidigung braucht und was sie handhaben kann.&#8221;<\/em><\/p>\n<\/blockquote>\n<p>Dabei verwies von der Leyen darauf, dass der europ\u00e4ische Staatenblock 1,5 Milliarden Euro f\u00fcr die Aufr\u00fcstung der Ukraine ausgeben wird.<\/p>\n<p>Auf die Frage, ob die deutsche Regierung die Ukraine im Stich lasse, weil sie bei der Lieferung von Panzern sehr z\u00f6gerlich sei, antwortete die EU-Kommissionspr\u00e4sidentin:<\/p>\n<blockquote>\n<p><em>&#8220;F\u00fcr alle Mitglieder gilt, wer kann, sollte schnell liefern. Denn nur dann kann die Ukraine in ihrem akuten Abwehrkampf gegen Russland bestehen.&#8221;<\/em><\/p>\n<\/blockquote>\n<p>Von der Leyen erkl\u00e4rte zudem, dass die Sanktionen gegen Russland wirken w\u00fcrden:<\/p>\n<blockquote>\n<p><em>&#8220;Die Sanktionen fressen sich Woche f\u00fcr Woche tiefer in die russische Wirtschaft. (\u2026) Russlands Staatsbankrott ist nur eine Frage der Zeit. Putin zerst\u00f6rt mit diesem Krieg auch sein eigenes Land und die Zukunft seiner Bev\u00f6lkerung.&#8221;<\/em><\/p>\n<\/blockquote>\n<p>Das in Planung befindliche n\u00e4chste Sanktionspaket wird sich laut der EU-Kommissionspr\u00e4sidentin voraussichtlich gegen die Sberbank, die 37 Prozent des russischen Bankensektors kontrolliert, sowie gegen den Energiesektor richten. Br\u00fcssel plane &#8220;kluge Mechanismen&#8221;, damit auch Erd\u00f6l zuk\u00fcnftig von den Sanktionen umfasst werden k\u00f6nne.<\/p>\n<p>Von der Leyen lobte die Rolle der Bundesregierung bei dem jetzigen antirussischen Kurs der EU:<\/p>\n<blockquote>\n<p><em>&#8220;Noch nie ist die EU so geschlossen, entschlossen und tatkr\u00e4ftig aufgetreten wie jetzt. Daran hat Deutschland seinen Anteil.&#8221;<\/em><\/p>\n<\/blockquote>\n<p>Die EU-Spitzenpolitikerin bekr\u00e4ftigte, dass die Ukraine in der Lage sei, den Krieg mit Russland zu gewinnen. Und sie erg\u00e4nzte:<\/p>\n<blockquote>\n<p><em>&#8220;Gewinnen hei\u00dft, dass wieder Frieden in der Ukraine herrscht. Zu welchen Bedingungen, entscheidet die Ukraine ganz alleine.&#8221;<\/em><\/p>\n<\/blockquote>\n<p>Am Ende\u00a0des Interviews warnte von der Leyen, dass der Krieg noch Monate oder gar Jahre andauern k\u00f6nne.<\/p>\n<p><strong>Mehr zum Thema<\/strong> \u2013 <a href=\"https:\/\/de.rt.com\/meinung\/136351-us-regierungsvertreter-geben-zu-dass-sie-oeffentlichkeit-ueber-russland-beluegen\/\">US-Regierungsvertreter geben zu, dass sie die \u00d6ffentlichkeit \u00fcber Russland buchst\u00e4blich bel\u00fcgen<\/a><\/p>\n<\/p>\n<\/div>\n<p><br \/>\n<br \/><a href=\"https:\/\/de.rt.com\/international\/136371-von-leyen-fordert-schnellere-waffenlieferungen\/\">Source link <\/a><\/p>\n","protected":false},"excerpt":{"rendered":"<p>Die Kommissionspr\u00e4sidentin der Europ\u00e4ischen Union, Ursula von der Leyen, hat in einem Interview mit der Bild am Sonntag erkl\u00e4rt, dass sie schnellere Waffenlieferungen von EU-Staaten an die Ukraine w\u00fcnscht. Zudem k\u00fcndigte sie eine weitere Versch\u00e4rfung der gegen Russland gerichteten Sanktionen an. Die EU-Spitzenpolitikerin sagte, sie wolle alles daf\u00fcr tun, damit die Ukraine &#8220;diese brutale und [&hellip;]<\/p>\n","protected":false},"author":3,"featured_media":221,"comment_status":"open","ping_status":"open","sticky":false,"template":"","format":"standard","meta":{"wp_automatic_camp":["217"],"0de94621c34d108c0493e79a9e574096":["Von der Leyen fordert schnellere Waffenlieferungen an die Ukraine"],"original_link":["https:\/\/de.rt.com\/international\/136371-von-leyen-fordert-schnellere-waffenlieferungen\/"],"_thumbnail_id":["221"],"wp_automatic_remove_first_image":["yes"],"jnews_social_counter_last_update":["1777696842"]},"categories":[19,23],"tags":[82,45,355,368,369,127,50,370],"yoast_head":"<!-- This site is optimized with the Yoast SEO Premium plugin v22.7 (Yoast SEO v22.7) - https:\/\/yoast.com\/wordpress\/plugins\/seo\/ -->\n<title>Von der Leyen fordert schnellere Waffenlieferungen an die Ukraine - just-now.NEWS Deutschland<\/title>\n<meta name=\"robots\" content=\"index, follow, max-snippet:-1, max-image-preview:large, max-video-preview:-1\" \/>\n<link rel=\"canonical\" href=\"https:\/\/now-news.de\/de\/deutschland\/von-der-leyen-fordert-schnellere-waffenlieferungen-an-die-ukraine\/\" \/>\n<meta property=\"og:locale\" content=\"de_DE\" \/>\n<meta property=\"og:type\" content=\"article\" \/>\n<meta property=\"og:title\" content=\"Von der Leyen fordert schnellere Waffenlieferungen an die Ukraine\" \/>\n<meta property=\"og:description\" content=\"Die Kommissionspr\u00e4sidentin der Europ\u00e4ischen Union, Ursula von der Leyen, hat in einem Interview mit der Bild am Sonntag erkl\u00e4rt, dass sie schnellere Waffenlieferungen von EU-Staaten an die Ukraine w\u00fcnscht. Zudem k\u00fcndigte sie eine weitere Versch\u00e4rfung der gegen Russland gerichteten Sanktionen an. Die EU-Spitzenpolitikerin sagte, sie wolle alles daf\u00fcr tun, damit die Ukraine &#8220;diese brutale und [&hellip;]\" \/>\n<meta property=\"og:url\" content=\"https:\/\/now-news.de\/de\/deutschland\/von-der-leyen-fordert-schnellere-waffenlieferungen-an-die-ukraine\/\" \/>\n<meta property=\"og:site_name\" content=\"just-now.NEWS Deutschland\" \/>\n<meta property=\"article:publisher\" content=\"https:\/\/www.facebook.com\/wirmachenauf\" \/>\n<meta property=\"article:published_time\" content=\"2022-04-17T13:55:18+00:00\" \/>\n<meta property=\"og:image\" content=\"https:\/\/now-news.de\/de\/wp-content\/uploads\/sites\/3\/2022\/04\/Von-der-Leyen-fordert-schnellere-Waffenlieferungen-an-die-Ukraine-\u2014.jpg\" \/>\n\t<meta property=\"og:image:width\" content=\"1104\" \/>\n\t<meta property=\"og:image:height\" content=\"622\" \/>\n\t<meta property=\"og:image:type\" content=\"image\/jpeg\" \/>\n<meta name=\"author\" content=\"rtnews\" \/>\n<meta name=\"twitter:card\" content=\"summary_large_image\" \/>\n<meta name=\"twitter:creator\" content=\"@WirMachenAuf_de\" \/>\n<meta name=\"twitter:site\" content=\"@WirMachenAuf_de\" \/>\n<meta name=\"twitter:label1\" content=\"Verfasst von\" \/>\n\t<meta name=\"twitter:data1\" content=\"rtnews\" \/>\n\t<meta name=\"twitter:label2\" content=\"Gesch\u00e4tzte Lesezeit\" \/>\n\t<meta name=\"twitter:data2\" content=\"2\u00a0Minuten\" \/>\n<script type=\"application\/ld+json\" class=\"yoast-schema-graph\">{\"@context\":\"https:\/\/schema.org\",\"@graph\":[{\"@type\":\"Article\",\"@id\":\"https:\/\/now-news.de\/de\/deutschland\/von-der-leyen-fordert-schnellere-waffenlieferungen-an-die-ukraine\/#article\",\"isPartOf\":{\"@id\":\"https:\/\/now-news.de\/de\/deutschland\/von-der-leyen-fordert-schnellere-waffenlieferungen-an-die-ukraine\/\"},\"author\":{\"name\":\"rtnews\",\"@id\":\"https:\/\/now-news.de\/de\/#\/schema\/person\/fb534a4e865501d8b3285208df34a9b5\"},\"headline\":\"Von der Leyen fordert schnellere Waffenlieferungen an die Ukraine\",\"datePublished\":\"2022-04-17T13:55:18+00:00\",\"dateModified\":\"2022-04-17T13:55:18+00:00\",\"mainEntityOfPage\":{\"@id\":\"https:\/\/now-news.de\/de\/deutschland\/von-der-leyen-fordert-schnellere-waffenlieferungen-an-die-ukraine\/\"},\"wordCount\":395,\"commentCount\":0,\"publisher\":{\"@id\":\"https:\/\/now-news.de\/de\/#organization\"},\"image\":{\"@id\":\"https:\/\/now-news.de\/de\/deutschland\/von-der-leyen-fordert-schnellere-waffenlieferungen-an-die-ukraine\/#primaryimage\"},\"thumbnailUrl\":\"https:\/\/now-news.de\/de\/wp-content\/uploads\/sites\/3\/2022\/04\/Von-der-Leyen-fordert-schnellere-Waffenlieferungen-an-die-Ukraine-\u2014.jpg\",\"keywords\":[\"der\",\"die\",\"fordert\",\"Leyen\",\"schnellere\",\"ukraine\",\"von\",\"Waffenlieferungen\"],\"articleSection\":[\"Deutschland\",\"Russland\"],\"inLanguage\":\"de\",\"potentialAction\":[{\"@type\":\"CommentAction\",\"name\":\"Comment\",\"target\":[\"https:\/\/now-news.de\/de\/deutschland\/von-der-leyen-fordert-schnellere-waffenlieferungen-an-die-ukraine\/#respond\"]}]},{\"@type\":\"WebPage\",\"@id\":\"https:\/\/now-news.de\/de\/deutschland\/von-der-leyen-fordert-schnellere-waffenlieferungen-an-die-ukraine\/\",\"url\":\"https:\/\/now-news.de\/de\/deutschland\/von-der-leyen-fordert-schnellere-waffenlieferungen-an-die-ukraine\/\",\"name\":\"Von der Leyen fordert schnellere Waffenlieferungen an die Ukraine - just-now.NEWS Deutschland\",\"isPartOf\":{\"@id\":\"https:\/\/now-news.de\/de\/#website\"},\"primaryImageOfPage\":{\"@id\":\"https:\/\/now-news.de\/de\/deutschland\/von-der-leyen-fordert-schnellere-waffenlieferungen-an-die-ukraine\/#primaryimage\"},\"image\":{\"@id\":\"https:\/\/now-news.de\/de\/deutschland\/von-der-leyen-fordert-schnellere-waffenlieferungen-an-die-ukraine\/#primaryimage\"},\"thumbnailUrl\":\"https:\/\/now-news.de\/de\/wp-content\/uploads\/sites\/3\/2022\/04\/Von-der-Leyen-fordert-schnellere-Waffenlieferungen-an-die-Ukraine-\u2014.jpg\",\"datePublished\":\"2022-04-17T13:55:18+00:00\",\"dateModified\":\"2022-04-17T13:55:18+00:00\",\"breadcrumb\":{\"@id\":\"https:\/\/now-news.de\/de\/deutschland\/von-der-leyen-fordert-schnellere-waffenlieferungen-an-die-ukraine\/#breadcrumb\"},\"inLanguage\":\"de\",\"potentialAction\":[{\"@type\":\"ReadAction\",\"target\":[\"https:\/\/now-news.de\/de\/deutschland\/von-der-leyen-fordert-schnellere-waffenlieferungen-an-die-ukraine\/\"]}]},{\"@type\":\"ImageObject\",\"inLanguage\":\"de\",\"@id\":\"https:\/\/now-news.de\/de\/deutschland\/von-der-leyen-fordert-schnellere-waffenlieferungen-an-die-ukraine\/#primaryimage\",\"url\":\"https:\/\/now-news.de\/de\/wp-content\/uploads\/sites\/3\/2022\/04\/Von-der-Leyen-fordert-schnellere-Waffenlieferungen-an-die-Ukraine-\u2014.jpg\",\"contentUrl\":\"https:\/\/now-news.de\/de\/wp-content\/uploads\/sites\/3\/2022\/04\/Von-der-Leyen-fordert-schnellere-Waffenlieferungen-an-die-Ukraine-\u2014.jpg\",\"width\":1104,\"height\":622,\"caption\":\"Von der Leyen fordert schnellere Waffenlieferungen an die Ukraine\"},{\"@type\":\"BreadcrumbList\",\"@id\":\"https:\/\/now-news.de\/de\/deutschland\/von-der-leyen-fordert-schnellere-waffenlieferungen-an-die-ukraine\/#breadcrumb\",\"itemListElement\":[{\"@type\":\"ListItem\",\"position\":1,\"name\":\"Home\",\"item\":\"https:\/\/now-news.de\/de\/\"},{\"@type\":\"ListItem\",\"position\":2,\"name\":\"Von der Leyen fordert schnellere Waffenlieferungen an die Ukraine\"}]},{\"@type\":\"WebSite\",\"@id\":\"https:\/\/now-news.de\/de\/#website\",\"url\":\"https:\/\/now-news.de\/de\/\",\"name\":\"just-now.NEWS Deutschland\",\"description\":\"Das Portal f\u00fcr unzensierte Nachrichten aus der Welt\",\"publisher\":{\"@id\":\"https:\/\/now-news.de\/de\/#organization\"},\"potentialAction\":[{\"@type\":\"SearchAction\",\"target\":{\"@type\":\"EntryPoint\",\"urlTemplate\":\"https:\/\/now-news.de\/de\/?s={search_term_string}\"},\"query-input\":\"required name=search_term_string\"}],\"inLanguage\":\"de\"},{\"@type\":\"Organization\",\"@id\":\"https:\/\/now-news.de\/de\/#organization\",\"name\":\"Just Now News\",\"url\":\"https:\/\/now-news.de\/de\/\",\"logo\":{\"@type\":\"ImageObject\",\"inLanguage\":\"de\",\"@id\":\"https:\/\/now-news.de\/de\/#\/schema\/logo\/image\/\",\"url\":\"http:\/\/just-now.news\/de\/wp-content\/uploads\/sites\/3\/2022\/04\/logo500x500.jpg\",\"contentUrl\":\"http:\/\/just-now.news\/de\/wp-content\/uploads\/sites\/3\/2022\/04\/logo500x500.jpg\",\"width\":500,\"height\":500,\"caption\":\"Just Now News\"},\"image\":{\"@id\":\"https:\/\/now-news.de\/de\/#\/schema\/logo\/image\/\"},\"sameAs\":[\"https:\/\/www.facebook.com\/wirmachenauf\",\"https:\/\/x.com\/WirMachenAuf_de\"]},{\"@type\":\"Person\",\"@id\":\"https:\/\/now-news.de\/de\/#\/schema\/person\/fb534a4e865501d8b3285208df34a9b5\",\"name\":\"rtnews\",\"image\":{\"@type\":\"ImageObject\",\"inLanguage\":\"de\",\"@id\":\"https:\/\/now-news.de\/de\/#\/schema\/person\/image\/\",\"url\":\"https:\/\/secure.gravatar.com\/avatar\/82aafea7d8127119dd649515f56e2117?s=96&d=mm&r=g\",\"contentUrl\":\"https:\/\/secure.gravatar.com\/avatar\/82aafea7d8127119dd649515f56e2117?s=96&d=mm&r=g\",\"caption\":\"rtnews\"},\"url\":\"https:\/\/now-news.de\/de\/author\/rnews\/\"}]}<\/script>\n<!-- \/ Yoast SEO Premium plugin. -->","yoast_head_json":{"title":"Von der Leyen fordert schnellere Waffenlieferungen an die Ukraine - just-now.NEWS Deutschland","robots":{"index":"index","follow":"follow","max-snippet":"max-snippet:-1","max-image-preview":"max-image-preview:large","max-video-preview":"max-video-preview:-1"},"canonical":"https:\/\/now-news.de\/de\/deutschland\/von-der-leyen-fordert-schnellere-waffenlieferungen-an-die-ukraine\/","og_locale":"de_DE","og_type":"article","og_title":"Von der Leyen fordert schnellere Waffenlieferungen an die Ukraine","og_description":"Die Kommissionspr\u00e4sidentin der Europ\u00e4ischen Union, Ursula von der Leyen, hat in einem Interview mit der Bild am Sonntag erkl\u00e4rt, dass sie schnellere Waffenlieferungen von EU-Staaten an die Ukraine w\u00fcnscht. Zudem k\u00fcndigte sie eine weitere Versch\u00e4rfung der gegen Russland gerichteten Sanktionen an. Die EU-Spitzenpolitikerin sagte, sie wolle alles daf\u00fcr tun, damit die Ukraine &#8220;diese brutale und [&hellip;]","og_url":"https:\/\/now-news.de\/de\/deutschland\/von-der-leyen-fordert-schnellere-waffenlieferungen-an-die-ukraine\/","og_site_name":"just-now.NEWS Deutschland","article_publisher":"https:\/\/www.facebook.com\/wirmachenauf","article_published_time":"2022-04-17T13:55:18+00:00","og_image":[{"width":1104,"height":622,"url":"https:\/\/now-news.de\/de\/wp-content\/uploads\/sites\/3\/2022\/04\/Von-der-Leyen-fordert-schnellere-Waffenlieferungen-an-die-Ukraine-\u2014.jpg","type":"image\/jpeg"}],"author":"rtnews","twitter_card":"summary_large_image","twitter_creator":"@WirMachenAuf_de","twitter_site":"@WirMachenAuf_de","twitter_misc":{"Verfasst von":"rtnews","Gesch\u00e4tzte Lesezeit":"2\u00a0Minuten"},"schema":{"@context":"https:\/\/schema.org","@graph":[{"@type":"Article","@id":"https:\/\/now-news.de\/de\/deutschland\/von-der-leyen-fordert-schnellere-waffenlieferungen-an-die-ukraine\/#article","isPartOf":{"@id":"https:\/\/now-news.de\/de\/deutschland\/von-der-leyen-fordert-schnellere-waffenlieferungen-an-die-ukraine\/"},"author":{"name":"rtnews","@id":"https:\/\/now-news.de\/de\/#\/schema\/person\/fb534a4e865501d8b3285208df34a9b5"},"headline":"Von der Leyen fordert schnellere Waffenlieferungen an die Ukraine","datePublished":"2022-04-17T13:55:18+00:00","dateModified":"2022-04-17T13:55:18+00:00","mainEntityOfPage":{"@id":"https:\/\/now-news.de\/de\/deutschland\/von-der-leyen-fordert-schnellere-waffenlieferungen-an-die-ukraine\/"},"wordCount":395,"commentCount":0,"publisher":{"@id":"https:\/\/now-news.de\/de\/#organization"},"image":{"@id":"https:\/\/now-news.de\/de\/deutschland\/von-der-leyen-fordert-schnellere-waffenlieferungen-an-die-ukraine\/#primaryimage"},"thumbnailUrl":"https:\/\/now-news.de\/de\/wp-content\/uploads\/sites\/3\/2022\/04\/Von-der-Leyen-fordert-schnellere-Waffenlieferungen-an-die-Ukraine-\u2014.jpg","keywords":["der","die","fordert","Leyen","schnellere","ukraine","von","Waffenlieferungen"],"articleSection":["Deutschland","Russland"],"inLanguage":"de","potentialAction":[{"@type":"CommentAction","name":"Comment","target":["https:\/\/now-news.de\/de\/deutschland\/von-der-leyen-fordert-schnellere-waffenlieferungen-an-die-ukraine\/#respond"]}]},{"@type":"WebPage","@id":"https:\/\/now-news.de\/de\/deutschland\/von-der-leyen-fordert-schnellere-waffenlieferungen-an-die-ukraine\/","url":"https:\/\/now-news.de\/de\/deutschland\/von-der-leyen-fordert-schnellere-waffenlieferungen-an-die-ukraine\/","name":"Von der Leyen fordert schnellere Waffenlieferungen an die Ukraine - just-now.NEWS Deutschland","isPartOf":{"@id":"https:\/\/now-news.de\/de\/#website"},"primaryImageOfPage":{"@id":"https:\/\/now-news.de\/de\/deutschland\/von-der-leyen-fordert-schnellere-waffenlieferungen-an-die-ukraine\/#primaryimage"},"image":{"@id":"https:\/\/now-news.de\/de\/deutschland\/von-der-leyen-fordert-schnellere-waffenlieferungen-an-die-ukraine\/#primaryimage"},"thumbnailUrl":"https:\/\/now-news.de\/de\/wp-content\/uploads\/sites\/3\/2022\/04\/Von-der-Leyen-fordert-schnellere-Waffenlieferungen-an-die-Ukraine-\u2014.jpg","datePublished":"2022-04-17T13:55:18+00:00","dateModified":"2022-04-17T13:55:18+00:00","breadcrumb":{"@id":"https:\/\/now-news.de\/de\/deutschland\/von-der-leyen-fordert-schnellere-waffenlieferungen-an-die-ukraine\/#breadcrumb"},"inLanguage":"de","potentialAction":[{"@type":"ReadAction","target":["https:\/\/now-news.de\/de\/deutschland\/von-der-leyen-fordert-schnellere-waffenlieferungen-an-die-ukraine\/"]}]},{"@type":"ImageObject","inLanguage":"de","@id":"https:\/\/now-news.de\/de\/deutschland\/von-der-leyen-fordert-schnellere-waffenlieferungen-an-die-ukraine\/#primaryimage","url":"https:\/\/now-news.de\/de\/wp-content\/uploads\/sites\/3\/2022\/04\/Von-der-Leyen-fordert-schnellere-Waffenlieferungen-an-die-Ukraine-\u2014.jpg","contentUrl":"https:\/\/now-news.de\/de\/wp-content\/uploads\/sites\/3\/2022\/04\/Von-der-Leyen-fordert-schnellere-Waffenlieferungen-an-die-Ukraine-\u2014.jpg","width":1104,"height":622,"caption":"Von der Leyen fordert schnellere Waffenlieferungen an die Ukraine"},{"@type":"BreadcrumbList","@id":"https:\/\/now-news.de\/de\/deutschland\/von-der-leyen-fordert-schnellere-waffenlieferungen-an-die-ukraine\/#breadcrumb","itemListElement":[{"@type":"ListItem","position":1,"name":"Home","item":"https:\/\/now-news.de\/de\/"},{"@type":"ListItem","position":2,"name":"Von der Leyen fordert schnellere Waffenlieferungen an die Ukraine"}]},{"@type":"WebSite","@id":"https:\/\/now-news.de\/de\/#website","url":"https:\/\/now-news.de\/de\/","name":"just-now.NEWS Deutschland","description":"Das Portal f\u00fcr unzensierte Nachrichten aus der Welt","publisher":{"@id":"https:\/\/now-news.de\/de\/#organization"},"potentialAction":[{"@type":"SearchAction","target":{"@type":"EntryPoint","urlTemplate":"https:\/\/now-news.de\/de\/?s={search_term_string}"},"query-input":"required name=search_term_string"}],"inLanguage":"de"},{"@type":"Organization","@id":"https:\/\/now-news.de\/de\/#organization","name":"Just Now News","url":"https:\/\/now-news.de\/de\/","logo":{"@type":"ImageObject","inLanguage":"de","@id":"https:\/\/now-news.de\/de\/#\/schema\/logo\/image\/","url":"http:\/\/just-now.news\/de\/wp-content\/uploads\/sites\/3\/2022\/04\/logo500x500.jpg","contentUrl":"http:\/\/just-now.news\/de\/wp-content\/uploads\/sites\/3\/2022\/04\/logo500x500.jpg","width":500,"height":500,"caption":"Just Now News"},"image":{"@id":"https:\/\/now-news.de\/de\/#\/schema\/logo\/image\/"},"sameAs":["https:\/\/www.facebook.com\/wirmachenauf","https:\/\/x.com\/WirMachenAuf_de"]},{"@type":"Person","@id":"https:\/\/now-news.de\/de\/#\/schema\/person\/fb534a4e865501d8b3285208df34a9b5","name":"rtnews","image":{"@type":"ImageObject","inLanguage":"de","@id":"https:\/\/now-news.de\/de\/#\/schema\/person\/image\/","url":"https:\/\/secure.gravatar.com\/avatar\/82aafea7d8127119dd649515f56e2117?s=96&d=mm&r=g","contentUrl":"https:\/\/secure.gravatar.com\/avatar\/82aafea7d8127119dd649515f56e2117?s=96&d=mm&r=g","caption":"rtnews"},"url":"https:\/\/now-news.de\/de\/author\/rnews\/"}]}},"_links":{"self":[{"href":"https:\/\/now-news.de\/de\/wp-json\/wp\/v2\/posts\/230"}],"collection":[{"href":"https:\/\/now-news.de\/de\/wp-json\/wp\/v2\/posts"}],"about":[{"href":"https:\/\/now-news.de\/de\/wp-json\/wp\/v2\/types\/post"}],"author":[{"embeddable":true,"href":"https:\/\/now-news.de\/de\/wp-json\/wp\/v2\/users\/3"}],"replies":[{"embeddable":true,"href":"https:\/\/now-news.de\/de\/wp-json\/wp\/v2\/comments?post=230"}],"version-history":[{"count":0,"href":"https:\/\/now-news.de\/de\/wp-json\/wp\/v2\/posts\/230\/revisions"}],"wp:featuredmedia":[{"embeddable":true,"href":"https:\/\/now-news.de\/de\/wp-json\/wp\/v2\/media\/221"}],"wp:attachment":[{"href":"https:\/\/now-news.de\/de\/wp-json\/wp\/v2\/media?parent=230"}],"wp:term":[{"taxonomy":"category","embeddable":true,"href":"https:\/\/now-news.de\/de\/wp-json\/wp\/v2\/categories?post=230"},{"taxonomy":"post_tag","embeddable":true,"href":"https:\/\/now-news.de\/de\/wp-json\/wp\/v2\/tags?post=230"}],"curies":[{"name":"wp","href":"https:\/\/api.w.org\/{rel}","templated":true}]}}