{"id":22924,"date":"2022-11-11T15:21:38","date_gmt":"2022-11-11T13:21:38","guid":{"rendered":"http:\/\/just-now.news\/de\/deutschland\/karl-lauterbach-luegen-fuer-die-meinungsfreiheit\/"},"modified":"2022-11-11T15:21:38","modified_gmt":"2022-11-11T13:21:38","slug":"karl-lauterbach-luegen-fuer-die-meinungsfreiheit","status":"publish","type":"post","link":"https:\/\/now-news.de\/de\/deutschland\/karl-lauterbach-luegen-fuer-die-meinungsfreiheit\/","title":{"rendered":"Karl Lauterbach: L\u00fcgen f\u00fcr die Meinungsfreiheit"},"content":{"rendered":"<p><img decoding=\"async\" src=\"http:\/\/just-now.news\/de\/wp-content\/uploads\/sites\/3\/2022\/11\/636d15a148fbef1ba246f3ac.jpg\" \/><\/p>\n<div class=\"Text-root Text-type_1 \">\n                Nachdem der Rechtsanwalt Markus Hainz gegen den deutschen Gesundheitsminister geklagt hatte, weil der die Corona-Impfung als &#8220;nebenwirkungsfrei&#8221; bezeichnet hatte, musste Hainz eine Niederlage kassieren. Lauterbachs Behauptung (pr\u00e4ziser formuliert: seine L\u00fcge) sei durch die Meinungsfreiheit gedeckt.\n            <\/div>\n<p><\/p>\n<div class=\"Text-root Text-type_5 ArticleView-text ViewText-root \">\n<p><em>von Tom J. Wellbrock<\/em><\/p>\n<p>Die Meinungsfreiheit ist in Gefahr, ganz ohne Zweifel. An allen Ecken und Enden werden unerw\u00fcnschte Meinungen diffamiert und in Schubladen gesteckt; wer seine Ansicht in die Welt hinaustr\u00e4gt, muss mit massiven Angriffen rechnen, die bis zum Rufmord und zur Zerst\u00f6rung der eigenen Existenz reichen. Doch gibt es auch Meinungen, die per Gesetz gedeckt sind. Zum Beispiel jene von Gesundheitsminister Karl Lauterbach (SPD).<\/p>\n<p>Der Mainstream jubelt: Auch ein Politiker hat das Recht auf freie Meinungs\u00e4u\u00dferung! Nachdem der Rechtsanwalt Markus Hainz gegen den deutschen Gesundheitsminister geklagt hatte, weil dieser die Corona-Impfung als &#8220;nebenwirkungsfrei&#8221; bezeichnet hatte, musste Hainz eine Niederlage kassieren. Lauterbachs Behauptung (oder vielmehr: seine L\u00fcge) sei durch die Meinungsfreiheit gedeckt.<\/p>\n<p>Das ist wirklich interessant.<\/p>\n<p><strong>Hass ist keine Meinung?<\/strong><\/p>\n<p>Im Jahr 2017 kam ein Buch heraus, das die Gr\u00fcnen-Politikerin Renate K\u00fcnast geschrieben hatte. Es tr\u00e4gt den Titel &#8220;Hass ist keine Meinung&#8221; und disqualifizierte sich bereits mit diesem Titel. Zum einen, weil Hass in erster Linie ein Gef\u00fchl ist. Zum anderen aber auch deshalb, weil durch den Entzug des Gef\u00fchls als Meinung eben deren Freiheit verletzt wird.<\/p>\n<p>Ist Liebe ein Gef\u00fchl? Diese rhetorische Frage wird wohl niemand verneinen. Doch wer sie bejaht, muss auch der Emotion Hass ihre Berechtigung zugestehen. Wer einen anderen Menschen hasst, macht sich ebenso wenig angreifbar wie jemand, der einen anderen Menschen liebt. Insofern ist die Aussage &#8220;Hass ist keine Meinung&#8221; nicht nur bl\u00f6dsinnig, sondern auch gef\u00e4hrlich.<\/p>\n<p>Denn ein Gef\u00fchl ist eben eine sehr pers\u00f6nliche Sache. Ob ich jemanden mag oder nicht mag, liebe oder hasse, entscheide ich in erster Linie selbst. Wenn nun aber die Meinungsfreiheit derart eingeschr\u00e4nkt wird, dass die \u00c4u\u00dferung eines Gef\u00fchls justiziabel ist, wird es schlicht wahnsinnig. Das schlie\u00dft nicht aus, aus anderen Gr\u00fcnden, die gesetzlich definiert wurden, bestraft zu werden, etwa, wenn ich jemanden beleidige oder gar bedrohe.<\/p>\n<p>Doch selbst Renate K\u00fcnast musste sich letztlich dem Grundgesetz unterwerfen, als sie versucht hatte, Beschimpfungen gegen sich per Richterspruch sanktionieren zu lassen. Die erste Instanz schmetterte K\u00fcnasts Klage ab, die zweite entschied, dass die Beleidigungen gegen K\u00fcnast als &#8220;Schm\u00e4hkritik&#8221; einzuordnen sei. Doch was hat das alles mit Karl Lauterbach zu tun?<\/p>\n<p><strong>L\u00fcge ist keine Meinung!<\/strong><\/p>\n<p>Meinungen entstehen aus Emotionen heraus. Daher sind Ma\u00dfst\u00e4be wie &#8220;richtig&#8221; oder &#8220;falsch&#8221;, &#8220;erlaubt&#8221; oder &#8220;verboten&#8221; unsinnig. Wie die Richter allerdings auf die Idee kommen, Lauterbachs Behauptung, die Corona-Impfung sei &#8220;nebenwirkungsfrei&#8221;, als Meinung einzuordnen, ist nicht nur grenzwertig, sondern absurd.<\/p>\n<p>Sollen wir nicht alle unbedingt und immer auf &#8220;die Wissenschaft&#8221; h\u00f6ren? Nun konnten wir in den letzten Jahren dank unserer Corona-Erfahrung wiederholt feststellen, dass ein Grundprinzip der Wissenschaft eben auch der Irrtum ist. Die meisten der Wissenschaftler, mit denen wir es in der \u00f6ffentlichen Wahrnehmung zu tun hatten, wollten uns zwar immer wieder weismachen, dass sie sich nicht t\u00e4uschen und die Wahrheit und die Weisheit mit L\u00f6ffeln gefressen haben. Das h\u00e4ngt allerdings in erster Linie mit der damit kombinierten Propaganda zusammen, die sie verk\u00f6rperten und noch immer verk\u00f6rpern. Niemand, der bei Verstand ist, k\u00f6nnte zu dem Schluss kommen, dass die regierungsnahen Wissenschaftler die Corona-Episode ohne Irrt\u00fcmer \u00fcberstanden h\u00e4tten. Im Gegenteil.<\/p>\n<p>Die Behauptung, die Corona-Impfung sei &#8220;nebenwirkungsfrei&#8221;, ist jedoch nicht nur keine Meinung, sondern auch kein Irrtum. Sie ist schlicht eine L\u00fcge, von der Lauterbach wusste, wissen musste. Damit ist die L\u00fcge perfekt. Denn wenn er davon wusste, dass es Nebenwirkungen gibt, hat er die Menschen bez\u00fcglich der Vertr\u00e4glichkeit der Impfung belogen. Wenn er nicht wusste, dass Nebenwirkungen auftreten, hat er hinsichtlich seiner fachlichen Kompetenz gelogen. So oder so \u2013 unterm Strich bleibt jeweils eine L\u00fcge.<\/p>\n<p>Angenommen, ein Unternehmen entwickelt ein Medikament, das gegen Kopfschmerzen helfen soll. Und angenommen, es stellt sich heraus, dass dieses Medikament nicht funktioniert. Die Kopfschmerzen bleiben, werden wom\u00f6glich sogar nach Einnahme des Medikaments schlimmer. Kann das Unternehmen dann behaupten, das Mittel wirke? F\u00e4llt das unter die Meinungsfreiheit? Wohl kaum!<\/p>\n<p><strong>Verantwortungslos in Verantwortung<\/strong><\/p>\n<p>Dass Karl Lauterbach unser Gesundheitsminister ist, ist schon schlimm genug. In seinem Amt ist er jedoch verpflichtet, die Menschen \u00fcber medizinische M\u00f6glichkeiten, aber auch Gefahren aufzukl\u00e4ren. Das hat er im Falle der Corona-Impfung von Beginn an nicht getan. Wenn er fachlich \u00fcberfordert ist, muss er sich wissenschaftlichen Rat holen; tut er das nicht, unterl\u00e4sst er diese Handlung vors\u00e4tzlich. Und wenn er vors\u00e4tzlich Menschen in Gefahr bringt, geh\u00f6rt er raus aus dem Amt und rein in den Gerichtssaal.<\/p>\n<p>Vern\u00fcnftigerweise kann und muss man davon ausgehen, dass Lauterbach die M\u00f6glichkeiten gehabt h\u00e4tte, eine medizinisch korrekte Einordnung der Impfung vorzunehmen. Ob mit oder ohne fachliche Hilfe, ist f\u00fcr die B\u00fcrger irrelevant. F\u00fcr sie z\u00e4hlt allein, seri\u00f6s und ohne Eigeninteressen durch den Gesundheitsminister informiert zu werden. Darauf haben die Menschen schlicht und einfach ein Recht!<\/p>\n<p>Der f\u00fcr die Bev\u00f6lkerung die Verantwortung tragende Minister hat also nicht in deren Sinne, sondern verantwortungslos gehandelt \u2013 nicht nur bei seiner Aussage \u00fcber die angeblich &#8220;nebenwirkungsfreie&#8221; Impfung, sondern auch in vielen anderen Fragen. Erwiderungen von Fachleuten wurden ignoriert oder als unzutreffend abqualifiziert, Irrt\u00fcmer wurden nicht erkannt und benannt, sondern als blo\u00dfe Fehleinsch\u00e4tzungen eingeordnet.<\/p>\n<p>Wenn man vermutet, dass Lauterbach zum Zwecke des eigenen Vorteils gehandelt hat, ist das eine Meinung. Wenn man ihn daf\u00fcr verabscheut, ist das ebenfalls eine Meinung. Wenn Lauterbach aber die L\u00fcge verbreitet, die Corona-Impfung sei frei von Nebenwirkungen, kann das keine Meinung sein. Er sagte ja noch nicht einmal, dass die Impfung seiner Meinung nach keine Nebenwirkungen habe. Er sprach von vermeintlichen Fakten, die er weder belegen konnte noch guten Gewissens h\u00e4tte kommunizieren d\u00fcrfen.<\/p>\n<p><strong>Die Justiz au\u00dfer Rand und Band<\/strong><\/p>\n<p>Zu Ende gedacht kann im Falle Lauterbach nur Vorsatz vorliegen, in welcher Auspr\u00e4gung auch immer. Damit h\u00e4tten die Richter die L\u00fcge Lauterbachs als Vorsatz erkennen und in ihrer Rechtsprechung entsprechend behandeln m\u00fcssen. Die Frage w\u00e4re also nicht gewesen, ob der Gesundheitsminister bestraft werden muss, sondern welches das angemessene Strafma\u00df f\u00fcr sein Handeln ist.<\/p>\n<p>Durch den Trick, Lauterbachs L\u00fcge als freie Meinungs\u00e4u\u00dferung umzuinterpretieren, hat die Justiz den einzig gangbaren Weg gew\u00e4hlt, den Politiker g\u00e4nzlich straffrei aus der Sache herauskommen zu lassen.<\/p>\n<p>Das zeigt, dass die Unabh\u00e4ngigkeit der Gerichte an einer weiteren Flanke ausgehebelt wurde. Denn eine wissentlich get\u00e4tigte medizinische Falschaussage der Meinungsfreiheit zuzuordnen, ist fernab von allem, was eine unabh\u00e4ngige Justiz auszeichnen w\u00fcrde. Vom gesunden Menschenverstand ganz zu schweigen.<\/p>\n<p><strong>Mehr zum Thema<\/strong> &#8211; <a rel=\"nofollow noopener\" target=\"_blank\" href=\"https:\/\/rtde.site\/inland\/151595-neue-bmg-kampagne-ich-schutze\/\">Neue BMG-Kampagne: &#8220;Ich sch\u00fctze mich&#8221; &#8211; ja, ich auch! Vor Karl Lauterbach und Margarete Stokowski<\/a><\/p>\n<div class=\"EmbedBlock-root EmbedBlock-externalVideo EmbedBlock-vk\">\n<div class=\"VkEmbed\"><iframe class=\"lazyload\" data-src=\"https:\/\/vk.com\/video_ext.php?oid=-134310637&amp;id=456259044&amp;hash=64433f5d162e0a2e\" frameborder=\"0\" width=\"853\" height=\"480\" allowfullscreen><\/iframe><\/div>\n<\/div>\n<\/div>\n<p><br \/>\n<br \/><a href=\"https:\/\/de.rt.com\/meinung\/153998-karl-lauterbach-luegen-fuer-meinungsfreiheit\/\">Source link <\/a><\/p>\n","protected":false},"excerpt":{"rendered":"<p>Nachdem der Rechtsanwalt Markus Hainz gegen den deutschen Gesundheitsminister geklagt hatte, weil der die Corona-Impfung als &#8220;nebenwirkungsfrei&#8221; bezeichnet hatte, musste Hainz eine Niederlage kassieren. Lauterbachs Behauptung (pr\u00e4ziser formuliert: seine L\u00fcge) sei durch die Meinungsfreiheit gedeckt. von Tom J. Wellbrock Die Meinungsfreiheit ist in Gefahr, ganz ohne Zweifel. An allen Ecken und Enden werden unerw\u00fcnschte Meinungen [&hellip;]<\/p>\n","protected":false},"author":3,"featured_media":22925,"comment_status":"open","ping_status":"open","sticky":false,"template":"","format":"standard","meta":{"wp_automatic_camp":["217"],"507869ce10b8d27130ffe369c4ec0f55":["Karl Lauterbach: L\u00fcgen f\u00fcr die Meinungsfreiheit"],"original_link":["https:\/\/de.rt.com\/meinung\/153998-karl-lauterbach-luegen-fuer-meinungsfreiheit\/"],"_thumbnail_id":["22925"],"jnews_social_counter_last_update":["1777557037"]},"categories":[19,23],"tags":[45,221,5177,1748,8897,7120],"yoast_head":"<!-- This site is optimized with the Yoast SEO Premium plugin v22.7 (Yoast SEO v22.7) - https:\/\/yoast.com\/wordpress\/plugins\/seo\/ -->\n<title>Karl Lauterbach: L\u00fcgen f\u00fcr die Meinungsfreiheit - just-now.NEWS Deutschland<\/title>\n<meta name=\"robots\" content=\"index, follow, max-snippet:-1, max-image-preview:large, max-video-preview:-1\" \/>\n<link rel=\"canonical\" href=\"https:\/\/now-news.de\/de\/deutschland\/karl-lauterbach-luegen-fuer-die-meinungsfreiheit\/\" \/>\n<meta property=\"og:locale\" content=\"de_DE\" \/>\n<meta property=\"og:type\" content=\"article\" \/>\n<meta property=\"og:title\" content=\"Karl Lauterbach: L\u00fcgen f\u00fcr die Meinungsfreiheit\" \/>\n<meta property=\"og:description\" content=\"Nachdem der Rechtsanwalt Markus Hainz gegen den deutschen Gesundheitsminister geklagt hatte, weil der die Corona-Impfung als &#8220;nebenwirkungsfrei&#8221; bezeichnet hatte, musste Hainz eine Niederlage kassieren. Lauterbachs Behauptung (pr\u00e4ziser formuliert: seine L\u00fcge) sei durch die Meinungsfreiheit gedeckt. von Tom J. Wellbrock Die Meinungsfreiheit ist in Gefahr, ganz ohne Zweifel. An allen Ecken und Enden werden unerw\u00fcnschte Meinungen [&hellip;]\" \/>\n<meta property=\"og:url\" content=\"https:\/\/now-news.de\/de\/deutschland\/karl-lauterbach-luegen-fuer-die-meinungsfreiheit\/\" \/>\n<meta property=\"og:site_name\" content=\"just-now.NEWS Deutschland\" \/>\n<meta property=\"article:publisher\" content=\"https:\/\/www.facebook.com\/wirmachenauf\" \/>\n<meta property=\"article:published_time\" content=\"2022-11-11T13:21:38+00:00\" \/>\n<meta property=\"og:image\" content=\"https:\/\/now-news.de\/de\/wp-content\/uploads\/sites\/3\/2022\/11\/Karl-Lauterbach-Luegen-fuer-die-Meinungsfreiheit.jpg\" \/>\n\t<meta property=\"og:image:width\" content=\"460\" \/>\n\t<meta property=\"og:image:height\" content=\"259\" \/>\n\t<meta property=\"og:image:type\" content=\"image\/jpeg\" \/>\n<meta name=\"author\" content=\"rtnews\" \/>\n<meta name=\"twitter:card\" content=\"summary_large_image\" \/>\n<meta name=\"twitter:creator\" content=\"@WirMachenAuf_de\" \/>\n<meta name=\"twitter:site\" content=\"@WirMachenAuf_de\" \/>\n<meta name=\"twitter:label1\" content=\"Verfasst von\" \/>\n\t<meta name=\"twitter:data1\" content=\"rtnews\" \/>\n\t<meta name=\"twitter:label2\" content=\"Gesch\u00e4tzte Lesezeit\" \/>\n\t<meta name=\"twitter:data2\" content=\"6\u00a0Minuten\" \/>\n<script type=\"application\/ld+json\" class=\"yoast-schema-graph\">{\"@context\":\"https:\/\/schema.org\",\"@graph\":[{\"@type\":\"Article\",\"@id\":\"https:\/\/now-news.de\/de\/deutschland\/karl-lauterbach-luegen-fuer-die-meinungsfreiheit\/#article\",\"isPartOf\":{\"@id\":\"https:\/\/now-news.de\/de\/deutschland\/karl-lauterbach-luegen-fuer-die-meinungsfreiheit\/\"},\"author\":{\"name\":\"rtnews\",\"@id\":\"https:\/\/now-news.de\/de\/#\/schema\/person\/fb534a4e865501d8b3285208df34a9b5\"},\"headline\":\"Karl Lauterbach: L\u00fcgen f\u00fcr die Meinungsfreiheit\",\"datePublished\":\"2022-11-11T13:21:38+00:00\",\"dateModified\":\"2022-11-11T13:21:38+00:00\",\"mainEntityOfPage\":{\"@id\":\"https:\/\/now-news.de\/de\/deutschland\/karl-lauterbach-luegen-fuer-die-meinungsfreiheit\/\"},\"wordCount\":1159,\"commentCount\":0,\"publisher\":{\"@id\":\"https:\/\/now-news.de\/de\/#organization\"},\"image\":{\"@id\":\"https:\/\/now-news.de\/de\/deutschland\/karl-lauterbach-luegen-fuer-die-meinungsfreiheit\/#primaryimage\"},\"thumbnailUrl\":\"https:\/\/now-news.de\/de\/wp-content\/uploads\/sites\/3\/2022\/11\/Karl-Lauterbach-Luegen-fuer-die-Meinungsfreiheit.jpg\",\"keywords\":[\"die\",\"f\u00fcr\",\"Karl\",\"Lauterbach\",\"l\u00fcgen\",\"Meinungsfreiheit\"],\"articleSection\":[\"Deutschland\",\"Russland\"],\"inLanguage\":\"de\",\"potentialAction\":[{\"@type\":\"CommentAction\",\"name\":\"Comment\",\"target\":[\"https:\/\/now-news.de\/de\/deutschland\/karl-lauterbach-luegen-fuer-die-meinungsfreiheit\/#respond\"]}]},{\"@type\":\"WebPage\",\"@id\":\"https:\/\/now-news.de\/de\/deutschland\/karl-lauterbach-luegen-fuer-die-meinungsfreiheit\/\",\"url\":\"https:\/\/now-news.de\/de\/deutschland\/karl-lauterbach-luegen-fuer-die-meinungsfreiheit\/\",\"name\":\"Karl Lauterbach: L\u00fcgen f\u00fcr die Meinungsfreiheit - just-now.NEWS Deutschland\",\"isPartOf\":{\"@id\":\"https:\/\/now-news.de\/de\/#website\"},\"primaryImageOfPage\":{\"@id\":\"https:\/\/now-news.de\/de\/deutschland\/karl-lauterbach-luegen-fuer-die-meinungsfreiheit\/#primaryimage\"},\"image\":{\"@id\":\"https:\/\/now-news.de\/de\/deutschland\/karl-lauterbach-luegen-fuer-die-meinungsfreiheit\/#primaryimage\"},\"thumbnailUrl\":\"https:\/\/now-news.de\/de\/wp-content\/uploads\/sites\/3\/2022\/11\/Karl-Lauterbach-Luegen-fuer-die-Meinungsfreiheit.jpg\",\"datePublished\":\"2022-11-11T13:21:38+00:00\",\"dateModified\":\"2022-11-11T13:21:38+00:00\",\"breadcrumb\":{\"@id\":\"https:\/\/now-news.de\/de\/deutschland\/karl-lauterbach-luegen-fuer-die-meinungsfreiheit\/#breadcrumb\"},\"inLanguage\":\"de\",\"potentialAction\":[{\"@type\":\"ReadAction\",\"target\":[\"https:\/\/now-news.de\/de\/deutschland\/karl-lauterbach-luegen-fuer-die-meinungsfreiheit\/\"]}]},{\"@type\":\"ImageObject\",\"inLanguage\":\"de\",\"@id\":\"https:\/\/now-news.de\/de\/deutschland\/karl-lauterbach-luegen-fuer-die-meinungsfreiheit\/#primaryimage\",\"url\":\"https:\/\/now-news.de\/de\/wp-content\/uploads\/sites\/3\/2022\/11\/Karl-Lauterbach-Luegen-fuer-die-Meinungsfreiheit.jpg\",\"contentUrl\":\"https:\/\/now-news.de\/de\/wp-content\/uploads\/sites\/3\/2022\/11\/Karl-Lauterbach-Luegen-fuer-die-Meinungsfreiheit.jpg\",\"width\":460,\"height\":259,\"caption\":\"Karl Lauterbach: L\u00fcgen f\u00fcr die Meinungsfreiheit\"},{\"@type\":\"BreadcrumbList\",\"@id\":\"https:\/\/now-news.de\/de\/deutschland\/karl-lauterbach-luegen-fuer-die-meinungsfreiheit\/#breadcrumb\",\"itemListElement\":[{\"@type\":\"ListItem\",\"position\":1,\"name\":\"Home\",\"item\":\"https:\/\/now-news.de\/de\/\"},{\"@type\":\"ListItem\",\"position\":2,\"name\":\"Karl Lauterbach: L\u00fcgen f\u00fcr die Meinungsfreiheit\"}]},{\"@type\":\"WebSite\",\"@id\":\"https:\/\/now-news.de\/de\/#website\",\"url\":\"https:\/\/now-news.de\/de\/\",\"name\":\"just-now.NEWS Deutschland\",\"description\":\"Das Portal f\u00fcr unzensierte Nachrichten aus der Welt\",\"publisher\":{\"@id\":\"https:\/\/now-news.de\/de\/#organization\"},\"potentialAction\":[{\"@type\":\"SearchAction\",\"target\":{\"@type\":\"EntryPoint\",\"urlTemplate\":\"https:\/\/now-news.de\/de\/?s={search_term_string}\"},\"query-input\":\"required name=search_term_string\"}],\"inLanguage\":\"de\"},{\"@type\":\"Organization\",\"@id\":\"https:\/\/now-news.de\/de\/#organization\",\"name\":\"Just Now News\",\"url\":\"https:\/\/now-news.de\/de\/\",\"logo\":{\"@type\":\"ImageObject\",\"inLanguage\":\"de\",\"@id\":\"https:\/\/now-news.de\/de\/#\/schema\/logo\/image\/\",\"url\":\"http:\/\/just-now.news\/de\/wp-content\/uploads\/sites\/3\/2022\/04\/logo500x500.jpg\",\"contentUrl\":\"http:\/\/just-now.news\/de\/wp-content\/uploads\/sites\/3\/2022\/04\/logo500x500.jpg\",\"width\":500,\"height\":500,\"caption\":\"Just Now News\"},\"image\":{\"@id\":\"https:\/\/now-news.de\/de\/#\/schema\/logo\/image\/\"},\"sameAs\":[\"https:\/\/www.facebook.com\/wirmachenauf\",\"https:\/\/x.com\/WirMachenAuf_de\"]},{\"@type\":\"Person\",\"@id\":\"https:\/\/now-news.de\/de\/#\/schema\/person\/fb534a4e865501d8b3285208df34a9b5\",\"name\":\"rtnews\",\"image\":{\"@type\":\"ImageObject\",\"inLanguage\":\"de\",\"@id\":\"https:\/\/now-news.de\/de\/#\/schema\/person\/image\/\",\"url\":\"https:\/\/secure.gravatar.com\/avatar\/82aafea7d8127119dd649515f56e2117?s=96&d=mm&r=g\",\"contentUrl\":\"https:\/\/secure.gravatar.com\/avatar\/82aafea7d8127119dd649515f56e2117?s=96&d=mm&r=g\",\"caption\":\"rtnews\"},\"url\":\"https:\/\/now-news.de\/de\/author\/rnews\/\"}]}<\/script>\n<!-- \/ Yoast SEO Premium plugin. -->","yoast_head_json":{"title":"Karl Lauterbach: L\u00fcgen f\u00fcr die Meinungsfreiheit - just-now.NEWS Deutschland","robots":{"index":"index","follow":"follow","max-snippet":"max-snippet:-1","max-image-preview":"max-image-preview:large","max-video-preview":"max-video-preview:-1"},"canonical":"https:\/\/now-news.de\/de\/deutschland\/karl-lauterbach-luegen-fuer-die-meinungsfreiheit\/","og_locale":"de_DE","og_type":"article","og_title":"Karl Lauterbach: L\u00fcgen f\u00fcr die Meinungsfreiheit","og_description":"Nachdem der Rechtsanwalt Markus Hainz gegen den deutschen Gesundheitsminister geklagt hatte, weil der die Corona-Impfung als &#8220;nebenwirkungsfrei&#8221; bezeichnet hatte, musste Hainz eine Niederlage kassieren. Lauterbachs Behauptung (pr\u00e4ziser formuliert: seine L\u00fcge) sei durch die Meinungsfreiheit gedeckt. von Tom J. Wellbrock Die Meinungsfreiheit ist in Gefahr, ganz ohne Zweifel. An allen Ecken und Enden werden unerw\u00fcnschte Meinungen [&hellip;]","og_url":"https:\/\/now-news.de\/de\/deutschland\/karl-lauterbach-luegen-fuer-die-meinungsfreiheit\/","og_site_name":"just-now.NEWS Deutschland","article_publisher":"https:\/\/www.facebook.com\/wirmachenauf","article_published_time":"2022-11-11T13:21:38+00:00","og_image":[{"width":460,"height":259,"url":"https:\/\/now-news.de\/de\/wp-content\/uploads\/sites\/3\/2022\/11\/Karl-Lauterbach-Luegen-fuer-die-Meinungsfreiheit.jpg","type":"image\/jpeg"}],"author":"rtnews","twitter_card":"summary_large_image","twitter_creator":"@WirMachenAuf_de","twitter_site":"@WirMachenAuf_de","twitter_misc":{"Verfasst von":"rtnews","Gesch\u00e4tzte Lesezeit":"6\u00a0Minuten"},"schema":{"@context":"https:\/\/schema.org","@graph":[{"@type":"Article","@id":"https:\/\/now-news.de\/de\/deutschland\/karl-lauterbach-luegen-fuer-die-meinungsfreiheit\/#article","isPartOf":{"@id":"https:\/\/now-news.de\/de\/deutschland\/karl-lauterbach-luegen-fuer-die-meinungsfreiheit\/"},"author":{"name":"rtnews","@id":"https:\/\/now-news.de\/de\/#\/schema\/person\/fb534a4e865501d8b3285208df34a9b5"},"headline":"Karl Lauterbach: L\u00fcgen f\u00fcr die Meinungsfreiheit","datePublished":"2022-11-11T13:21:38+00:00","dateModified":"2022-11-11T13:21:38+00:00","mainEntityOfPage":{"@id":"https:\/\/now-news.de\/de\/deutschland\/karl-lauterbach-luegen-fuer-die-meinungsfreiheit\/"},"wordCount":1159,"commentCount":0,"publisher":{"@id":"https:\/\/now-news.de\/de\/#organization"},"image":{"@id":"https:\/\/now-news.de\/de\/deutschland\/karl-lauterbach-luegen-fuer-die-meinungsfreiheit\/#primaryimage"},"thumbnailUrl":"https:\/\/now-news.de\/de\/wp-content\/uploads\/sites\/3\/2022\/11\/Karl-Lauterbach-Luegen-fuer-die-Meinungsfreiheit.jpg","keywords":["die","f\u00fcr","Karl","Lauterbach","l\u00fcgen","Meinungsfreiheit"],"articleSection":["Deutschland","Russland"],"inLanguage":"de","potentialAction":[{"@type":"CommentAction","name":"Comment","target":["https:\/\/now-news.de\/de\/deutschland\/karl-lauterbach-luegen-fuer-die-meinungsfreiheit\/#respond"]}]},{"@type":"WebPage","@id":"https:\/\/now-news.de\/de\/deutschland\/karl-lauterbach-luegen-fuer-die-meinungsfreiheit\/","url":"https:\/\/now-news.de\/de\/deutschland\/karl-lauterbach-luegen-fuer-die-meinungsfreiheit\/","name":"Karl Lauterbach: L\u00fcgen f\u00fcr die Meinungsfreiheit - just-now.NEWS Deutschland","isPartOf":{"@id":"https:\/\/now-news.de\/de\/#website"},"primaryImageOfPage":{"@id":"https:\/\/now-news.de\/de\/deutschland\/karl-lauterbach-luegen-fuer-die-meinungsfreiheit\/#primaryimage"},"image":{"@id":"https:\/\/now-news.de\/de\/deutschland\/karl-lauterbach-luegen-fuer-die-meinungsfreiheit\/#primaryimage"},"thumbnailUrl":"https:\/\/now-news.de\/de\/wp-content\/uploads\/sites\/3\/2022\/11\/Karl-Lauterbach-Luegen-fuer-die-Meinungsfreiheit.jpg","datePublished":"2022-11-11T13:21:38+00:00","dateModified":"2022-11-11T13:21:38+00:00","breadcrumb":{"@id":"https:\/\/now-news.de\/de\/deutschland\/karl-lauterbach-luegen-fuer-die-meinungsfreiheit\/#breadcrumb"},"inLanguage":"de","potentialAction":[{"@type":"ReadAction","target":["https:\/\/now-news.de\/de\/deutschland\/karl-lauterbach-luegen-fuer-die-meinungsfreiheit\/"]}]},{"@type":"ImageObject","inLanguage":"de","@id":"https:\/\/now-news.de\/de\/deutschland\/karl-lauterbach-luegen-fuer-die-meinungsfreiheit\/#primaryimage","url":"https:\/\/now-news.de\/de\/wp-content\/uploads\/sites\/3\/2022\/11\/Karl-Lauterbach-Luegen-fuer-die-Meinungsfreiheit.jpg","contentUrl":"https:\/\/now-news.de\/de\/wp-content\/uploads\/sites\/3\/2022\/11\/Karl-Lauterbach-Luegen-fuer-die-Meinungsfreiheit.jpg","width":460,"height":259,"caption":"Karl Lauterbach: L\u00fcgen f\u00fcr die Meinungsfreiheit"},{"@type":"BreadcrumbList","@id":"https:\/\/now-news.de\/de\/deutschland\/karl-lauterbach-luegen-fuer-die-meinungsfreiheit\/#breadcrumb","itemListElement":[{"@type":"ListItem","position":1,"name":"Home","item":"https:\/\/now-news.de\/de\/"},{"@type":"ListItem","position":2,"name":"Karl Lauterbach: L\u00fcgen f\u00fcr die Meinungsfreiheit"}]},{"@type":"WebSite","@id":"https:\/\/now-news.de\/de\/#website","url":"https:\/\/now-news.de\/de\/","name":"just-now.NEWS Deutschland","description":"Das Portal f\u00fcr unzensierte Nachrichten aus der Welt","publisher":{"@id":"https:\/\/now-news.de\/de\/#organization"},"potentialAction":[{"@type":"SearchAction","target":{"@type":"EntryPoint","urlTemplate":"https:\/\/now-news.de\/de\/?s={search_term_string}"},"query-input":"required name=search_term_string"}],"inLanguage":"de"},{"@type":"Organization","@id":"https:\/\/now-news.de\/de\/#organization","name":"Just Now News","url":"https:\/\/now-news.de\/de\/","logo":{"@type":"ImageObject","inLanguage":"de","@id":"https:\/\/now-news.de\/de\/#\/schema\/logo\/image\/","url":"http:\/\/just-now.news\/de\/wp-content\/uploads\/sites\/3\/2022\/04\/logo500x500.jpg","contentUrl":"http:\/\/just-now.news\/de\/wp-content\/uploads\/sites\/3\/2022\/04\/logo500x500.jpg","width":500,"height":500,"caption":"Just Now News"},"image":{"@id":"https:\/\/now-news.de\/de\/#\/schema\/logo\/image\/"},"sameAs":["https:\/\/www.facebook.com\/wirmachenauf","https:\/\/x.com\/WirMachenAuf_de"]},{"@type":"Person","@id":"https:\/\/now-news.de\/de\/#\/schema\/person\/fb534a4e865501d8b3285208df34a9b5","name":"rtnews","image":{"@type":"ImageObject","inLanguage":"de","@id":"https:\/\/now-news.de\/de\/#\/schema\/person\/image\/","url":"https:\/\/secure.gravatar.com\/avatar\/82aafea7d8127119dd649515f56e2117?s=96&d=mm&r=g","contentUrl":"https:\/\/secure.gravatar.com\/avatar\/82aafea7d8127119dd649515f56e2117?s=96&d=mm&r=g","caption":"rtnews"},"url":"https:\/\/now-news.de\/de\/author\/rnews\/"}]}},"_links":{"self":[{"href":"https:\/\/now-news.de\/de\/wp-json\/wp\/v2\/posts\/22924"}],"collection":[{"href":"https:\/\/now-news.de\/de\/wp-json\/wp\/v2\/posts"}],"about":[{"href":"https:\/\/now-news.de\/de\/wp-json\/wp\/v2\/types\/post"}],"author":[{"embeddable":true,"href":"https:\/\/now-news.de\/de\/wp-json\/wp\/v2\/users\/3"}],"replies":[{"embeddable":true,"href":"https:\/\/now-news.de\/de\/wp-json\/wp\/v2\/comments?post=22924"}],"version-history":[{"count":0,"href":"https:\/\/now-news.de\/de\/wp-json\/wp\/v2\/posts\/22924\/revisions"}],"wp:featuredmedia":[{"embeddable":true,"href":"https:\/\/now-news.de\/de\/wp-json\/wp\/v2\/media\/22925"}],"wp:attachment":[{"href":"https:\/\/now-news.de\/de\/wp-json\/wp\/v2\/media?parent=22924"}],"wp:term":[{"taxonomy":"category","embeddable":true,"href":"https:\/\/now-news.de\/de\/wp-json\/wp\/v2\/categories?post=22924"},{"taxonomy":"post_tag","embeddable":true,"href":"https:\/\/now-news.de\/de\/wp-json\/wp\/v2\/tags?post=22924"}],"curies":[{"name":"wp","href":"https:\/\/api.w.org\/{rel}","templated":true}]}}