{"id":22854,"date":"2022-11-10T19:19:03","date_gmt":"2022-11-10T17:19:03","guid":{"rendered":"http:\/\/just-now.news\/de\/deutschland\/bergkarabach-konflikt-armenien-schlaegt-aserbaidschan-entmilitarisierte-zonen-vor\/"},"modified":"2022-11-10T19:19:03","modified_gmt":"2022-11-10T17:19:03","slug":"bergkarabach-konflikt-armenien-schlaegt-aserbaidschan-entmilitarisierte-zonen-vor","status":"publish","type":"post","link":"https:\/\/now-news.de\/de\/deutschland\/bergkarabach-konflikt-armenien-schlaegt-aserbaidschan-entmilitarisierte-zonen-vor\/","title":{"rendered":"Bergkarabach-Konflikt: Armenien schl\u00e4gt Aserbaidschan entmilitarisierte Zonen vor"},"content":{"rendered":"<p><img decoding=\"async\" src=\"http:\/\/just-now.news\/de\/wp-content\/uploads\/sites\/3\/2022\/11\/636ce8f848fbef32131bc35f.jpg\" \/><\/p>\n<div class=\"Text-root Text-type_1 \">\n                Jerewan schl\u00e4gt Baku im Konflikt um Bergkarabach eine neue L\u00f6sung vor. Dabei geht es um die Errichtung von zwei entmilitarisierten Zonen: in Bergkarabach und an der Grenze zwischen beiden L\u00e4ndern. Zugleich bestreitet Jerewan die Pr\u00e4senz seiner Truppen in Bergkarabach.\n            <\/div>\n<p><\/p>\n<div class=\"Text-root Text-type_5 ArticleView-text ViewText-root \">\n<p>Bei der Sitzung der armenischen Regierung am Donnerstag hat Ministerpr\u00e4sident Nikol Paschinjan erkl\u00e4rt, Armenien habe Aserbaidschan die Errichtung einer\u00a0entmilitarisierten Zone um Bergkarabach vorgeschlagen. Dem Politiker zufolge komme die entsprechende Idee von Bergkarabach selbst. Am 31. Oktober habe Paschinjan bei einem Treffen in Sotschi den Vorschlag dem russischen Pr\u00e4sidenten Wladimir Putin und dem aserbaidschanischen Pr\u00e4sidenten Ilham Alijew unterbreitet. Demnach m\u00fcsse eine entmilitarisierte Zone um Bergkarabach mit internationalen Garantien errichtet werden. Als Folge brauche Bergkarabach keine eigene Verteidigungsarmee mehr.<\/p>\n<p>Der Ministerpr\u00e4sident betonte, in Bergkarabach agiere eine \u00f6rtliche Verteidigungsarmee, die einen V\u00f6lkermord an Armeniern verhindern solle. Die armenischen Truppen seien dort nicht stationiert. Au\u00dferdem erw\u00e4hnte Paschinjan, er habe auch zur Diskussion gestellt, dass die beiden L\u00e4nder ihre Truppen von der Grenze Stand 1991 abz\u00f6gen und eine jeweils drei Kilometer weite entmilitarisierte Zone beiderseits der Grenze errichteten. Dieser Vorschlag sei laut Paschinjan noch g\u00fcltig. Armenien habe am Mittwoch die aktualisierte Variante an Aserbaidschan \u00fcbermittelt.<\/p>\n<p>Ferner betonte\u00a0Paschinjan,\u00a0Aserbaidschan versuche weiter, die Normalisierung der Beziehungen zwischen Armenien und der T\u00fcrkei zu hemmen, die zweifellos zur Stabilisierung in der Region beitragen k\u00f6nnte.<\/p>\n<p>Der Konflikt zwischen Armenien und Aserbaidschan um Bergkarabach dauert seit Jahrzehnten an. In den 1990er-Jahren spitzte sich die Lage in der Region vor dem Hintergrund der Spannungen zwischen Armeniern und Aserbaidschanern stark zu. Am 31. Oktober 2022 fand in Sotschi das Treffen der Staatsoberh\u00e4upter Armeniens, Aserbaidschans und Russlands statt, um die Aussichten eines Friedensabkommens zu besprechen.<\/p>\n<p><strong>Mehr zum Thema <\/strong>\u2013\u00a0<a rel=\"nofollow noopener\" target=\"_blank\" href=\"https:\/\/de.rt.com\/international\/152782-konflikt-um-berg-karabach-armenien-aserbaidschan\/\">Diplomatische Offensive: Friedensabkommen zwischen Armenien und Aserbaidschan ist in Sicht<\/a><\/p>\n<\/div>\n<p><br \/>\n<br \/><a href=\"https:\/\/de.rt.com\/europa\/153965-bergkarabach-konflikt-armenien-schlaegt-aserbaidschan\/\">Source link <\/a><\/p>\n","protected":false},"excerpt":{"rendered":"<p>Jerewan schl\u00e4gt Baku im Konflikt um Bergkarabach eine neue L\u00f6sung vor. Dabei geht es um die Errichtung von zwei entmilitarisierten Zonen: in Bergkarabach und an der Grenze zwischen beiden L\u00e4ndern. Zugleich bestreitet Jerewan die Pr\u00e4senz seiner Truppen in Bergkarabach. Bei der Sitzung der armenischen Regierung am Donnerstag hat Ministerpr\u00e4sident Nikol Paschinjan erkl\u00e4rt, Armenien habe Aserbaidschan [&hellip;]<\/p>\n","protected":false},"author":3,"featured_media":22855,"comment_status":"open","ping_status":"open","sticky":false,"template":"","format":"standard","meta":{"wp_automatic_camp":["217"],"84d95afbf53bf8307b8fb4340933d5c9":["Bergkarabach-Konflikt: Armenien schl\u00e4gt Aserbaidschan entmilitarisierte Zonen vor"],"original_link":["https:\/\/de.rt.com\/europa\/153965-bergkarabach-konflikt-armenien-schlaegt-aserbaidschan\/"],"_thumbnail_id":["22855"],"jnews_social_counter_last_update":["1777101873"]},"categories":[19,23],"tags":[10002,10003,35569,35643,1468,320,23028],"yoast_head":"<!-- This site is optimized with the Yoast SEO Premium plugin v22.7 (Yoast SEO v22.7) - https:\/\/yoast.com\/wordpress\/plugins\/seo\/ -->\n<title>Bergkarabach-Konflikt: Armenien schl\u00e4gt Aserbaidschan entmilitarisierte Zonen vor - just-now.NEWS Deutschland<\/title>\n<meta name=\"robots\" content=\"index, follow, max-snippet:-1, max-image-preview:large, max-video-preview:-1\" \/>\n<link rel=\"canonical\" href=\"https:\/\/now-news.de\/de\/deutschland\/bergkarabach-konflikt-armenien-schlaegt-aserbaidschan-entmilitarisierte-zonen-vor\/\" \/>\n<meta property=\"og:locale\" content=\"de_DE\" \/>\n<meta property=\"og:type\" content=\"article\" \/>\n<meta property=\"og:title\" content=\"Bergkarabach-Konflikt: Armenien schl\u00e4gt Aserbaidschan entmilitarisierte Zonen vor\" \/>\n<meta property=\"og:description\" content=\"Jerewan schl\u00e4gt Baku im Konflikt um Bergkarabach eine neue L\u00f6sung vor. Dabei geht es um die Errichtung von zwei entmilitarisierten Zonen: in Bergkarabach und an der Grenze zwischen beiden L\u00e4ndern. Zugleich bestreitet Jerewan die Pr\u00e4senz seiner Truppen in Bergkarabach. Bei der Sitzung der armenischen Regierung am Donnerstag hat Ministerpr\u00e4sident Nikol Paschinjan erkl\u00e4rt, Armenien habe Aserbaidschan [&hellip;]\" \/>\n<meta property=\"og:url\" content=\"https:\/\/now-news.de\/de\/deutschland\/bergkarabach-konflikt-armenien-schlaegt-aserbaidschan-entmilitarisierte-zonen-vor\/\" \/>\n<meta property=\"og:site_name\" content=\"just-now.NEWS Deutschland\" \/>\n<meta property=\"article:publisher\" content=\"https:\/\/www.facebook.com\/wirmachenauf\" \/>\n<meta property=\"article:published_time\" content=\"2022-11-10T17:19:03+00:00\" \/>\n<meta property=\"og:image\" content=\"https:\/\/now-news.de\/de\/wp-content\/uploads\/sites\/3\/2022\/11\/Bergkarabach-Konflikt-Armenien-schlaegt-Aserbaidschan-entmilitarisierte-Zonen-vor.jpg\" \/>\n\t<meta property=\"og:image:width\" content=\"460\" \/>\n\t<meta property=\"og:image:height\" content=\"259\" \/>\n\t<meta property=\"og:image:type\" content=\"image\/jpeg\" \/>\n<meta name=\"author\" content=\"rtnews\" \/>\n<meta name=\"twitter:card\" content=\"summary_large_image\" \/>\n<meta name=\"twitter:creator\" content=\"@WirMachenAuf_de\" \/>\n<meta name=\"twitter:site\" content=\"@WirMachenAuf_de\" \/>\n<meta name=\"twitter:label1\" content=\"Verfasst von\" \/>\n\t<meta name=\"twitter:data1\" content=\"rtnews\" \/>\n\t<meta name=\"twitter:label2\" content=\"Gesch\u00e4tzte Lesezeit\" \/>\n\t<meta name=\"twitter:data2\" content=\"2\u00a0Minuten\" \/>\n<script type=\"application\/ld+json\" class=\"yoast-schema-graph\">{\"@context\":\"https:\/\/schema.org\",\"@graph\":[{\"@type\":\"Article\",\"@id\":\"https:\/\/now-news.de\/de\/deutschland\/bergkarabach-konflikt-armenien-schlaegt-aserbaidschan-entmilitarisierte-zonen-vor\/#article\",\"isPartOf\":{\"@id\":\"https:\/\/now-news.de\/de\/deutschland\/bergkarabach-konflikt-armenien-schlaegt-aserbaidschan-entmilitarisierte-zonen-vor\/\"},\"author\":{\"name\":\"rtnews\",\"@id\":\"https:\/\/now-news.de\/de\/#\/schema\/person\/fb534a4e865501d8b3285208df34a9b5\"},\"headline\":\"Bergkarabach-Konflikt: Armenien schl\u00e4gt Aserbaidschan entmilitarisierte Zonen vor\",\"datePublished\":\"2022-11-10T17:19:03+00:00\",\"dateModified\":\"2022-11-10T17:19:03+00:00\",\"mainEntityOfPage\":{\"@id\":\"https:\/\/now-news.de\/de\/deutschland\/bergkarabach-konflikt-armenien-schlaegt-aserbaidschan-entmilitarisierte-zonen-vor\/\"},\"wordCount\":311,\"commentCount\":0,\"publisher\":{\"@id\":\"https:\/\/now-news.de\/de\/#organization\"},\"image\":{\"@id\":\"https:\/\/now-news.de\/de\/deutschland\/bergkarabach-konflikt-armenien-schlaegt-aserbaidschan-entmilitarisierte-zonen-vor\/#primaryimage\"},\"thumbnailUrl\":\"https:\/\/now-news.de\/de\/wp-content\/uploads\/sites\/3\/2022\/11\/Bergkarabach-Konflikt-Armenien-schlaegt-Aserbaidschan-entmilitarisierte-Zonen-vor.jpg\",\"keywords\":[\"Armenien\",\"Aserbaidschan\",\"BergkarabachKonflikt\",\"entmilitarisierte\",\"schl\u00e4gt\",\"vor\",\"Zonen\"],\"articleSection\":[\"Deutschland\",\"Russland\"],\"inLanguage\":\"de\",\"potentialAction\":[{\"@type\":\"CommentAction\",\"name\":\"Comment\",\"target\":[\"https:\/\/now-news.de\/de\/deutschland\/bergkarabach-konflikt-armenien-schlaegt-aserbaidschan-entmilitarisierte-zonen-vor\/#respond\"]}]},{\"@type\":\"WebPage\",\"@id\":\"https:\/\/now-news.de\/de\/deutschland\/bergkarabach-konflikt-armenien-schlaegt-aserbaidschan-entmilitarisierte-zonen-vor\/\",\"url\":\"https:\/\/now-news.de\/de\/deutschland\/bergkarabach-konflikt-armenien-schlaegt-aserbaidschan-entmilitarisierte-zonen-vor\/\",\"name\":\"Bergkarabach-Konflikt: Armenien schl\u00e4gt Aserbaidschan entmilitarisierte Zonen vor - just-now.NEWS Deutschland\",\"isPartOf\":{\"@id\":\"https:\/\/now-news.de\/de\/#website\"},\"primaryImageOfPage\":{\"@id\":\"https:\/\/now-news.de\/de\/deutschland\/bergkarabach-konflikt-armenien-schlaegt-aserbaidschan-entmilitarisierte-zonen-vor\/#primaryimage\"},\"image\":{\"@id\":\"https:\/\/now-news.de\/de\/deutschland\/bergkarabach-konflikt-armenien-schlaegt-aserbaidschan-entmilitarisierte-zonen-vor\/#primaryimage\"},\"thumbnailUrl\":\"https:\/\/now-news.de\/de\/wp-content\/uploads\/sites\/3\/2022\/11\/Bergkarabach-Konflikt-Armenien-schlaegt-Aserbaidschan-entmilitarisierte-Zonen-vor.jpg\",\"datePublished\":\"2022-11-10T17:19:03+00:00\",\"dateModified\":\"2022-11-10T17:19:03+00:00\",\"breadcrumb\":{\"@id\":\"https:\/\/now-news.de\/de\/deutschland\/bergkarabach-konflikt-armenien-schlaegt-aserbaidschan-entmilitarisierte-zonen-vor\/#breadcrumb\"},\"inLanguage\":\"de\",\"potentialAction\":[{\"@type\":\"ReadAction\",\"target\":[\"https:\/\/now-news.de\/de\/deutschland\/bergkarabach-konflikt-armenien-schlaegt-aserbaidschan-entmilitarisierte-zonen-vor\/\"]}]},{\"@type\":\"ImageObject\",\"inLanguage\":\"de\",\"@id\":\"https:\/\/now-news.de\/de\/deutschland\/bergkarabach-konflikt-armenien-schlaegt-aserbaidschan-entmilitarisierte-zonen-vor\/#primaryimage\",\"url\":\"https:\/\/now-news.de\/de\/wp-content\/uploads\/sites\/3\/2022\/11\/Bergkarabach-Konflikt-Armenien-schlaegt-Aserbaidschan-entmilitarisierte-Zonen-vor.jpg\",\"contentUrl\":\"https:\/\/now-news.de\/de\/wp-content\/uploads\/sites\/3\/2022\/11\/Bergkarabach-Konflikt-Armenien-schlaegt-Aserbaidschan-entmilitarisierte-Zonen-vor.jpg\",\"width\":460,\"height\":259,\"caption\":\"Bergkarabach-Konflikt: Armenien schl\u00e4gt Aserbaidschan entmilitarisierte Zonen vor\"},{\"@type\":\"BreadcrumbList\",\"@id\":\"https:\/\/now-news.de\/de\/deutschland\/bergkarabach-konflikt-armenien-schlaegt-aserbaidschan-entmilitarisierte-zonen-vor\/#breadcrumb\",\"itemListElement\":[{\"@type\":\"ListItem\",\"position\":1,\"name\":\"Home\",\"item\":\"https:\/\/now-news.de\/de\/\"},{\"@type\":\"ListItem\",\"position\":2,\"name\":\"Bergkarabach-Konflikt: Armenien schl\u00e4gt Aserbaidschan entmilitarisierte Zonen vor\"}]},{\"@type\":\"WebSite\",\"@id\":\"https:\/\/now-news.de\/de\/#website\",\"url\":\"https:\/\/now-news.de\/de\/\",\"name\":\"just-now.NEWS Deutschland\",\"description\":\"Das Portal f\u00fcr unzensierte Nachrichten aus der Welt\",\"publisher\":{\"@id\":\"https:\/\/now-news.de\/de\/#organization\"},\"potentialAction\":[{\"@type\":\"SearchAction\",\"target\":{\"@type\":\"EntryPoint\",\"urlTemplate\":\"https:\/\/now-news.de\/de\/?s={search_term_string}\"},\"query-input\":\"required name=search_term_string\"}],\"inLanguage\":\"de\"},{\"@type\":\"Organization\",\"@id\":\"https:\/\/now-news.de\/de\/#organization\",\"name\":\"Just Now News\",\"url\":\"https:\/\/now-news.de\/de\/\",\"logo\":{\"@type\":\"ImageObject\",\"inLanguage\":\"de\",\"@id\":\"https:\/\/now-news.de\/de\/#\/schema\/logo\/image\/\",\"url\":\"http:\/\/just-now.news\/de\/wp-content\/uploads\/sites\/3\/2022\/04\/logo500x500.jpg\",\"contentUrl\":\"http:\/\/just-now.news\/de\/wp-content\/uploads\/sites\/3\/2022\/04\/logo500x500.jpg\",\"width\":500,\"height\":500,\"caption\":\"Just Now News\"},\"image\":{\"@id\":\"https:\/\/now-news.de\/de\/#\/schema\/logo\/image\/\"},\"sameAs\":[\"https:\/\/www.facebook.com\/wirmachenauf\",\"https:\/\/x.com\/WirMachenAuf_de\"]},{\"@type\":\"Person\",\"@id\":\"https:\/\/now-news.de\/de\/#\/schema\/person\/fb534a4e865501d8b3285208df34a9b5\",\"name\":\"rtnews\",\"image\":{\"@type\":\"ImageObject\",\"inLanguage\":\"de\",\"@id\":\"https:\/\/now-news.de\/de\/#\/schema\/person\/image\/\",\"url\":\"https:\/\/secure.gravatar.com\/avatar\/82aafea7d8127119dd649515f56e2117?s=96&d=mm&r=g\",\"contentUrl\":\"https:\/\/secure.gravatar.com\/avatar\/82aafea7d8127119dd649515f56e2117?s=96&d=mm&r=g\",\"caption\":\"rtnews\"},\"url\":\"https:\/\/now-news.de\/de\/author\/rnews\/\"}]}<\/script>\n<!-- \/ Yoast SEO Premium plugin. -->","yoast_head_json":{"title":"Bergkarabach-Konflikt: Armenien schl\u00e4gt Aserbaidschan entmilitarisierte Zonen vor - just-now.NEWS Deutschland","robots":{"index":"index","follow":"follow","max-snippet":"max-snippet:-1","max-image-preview":"max-image-preview:large","max-video-preview":"max-video-preview:-1"},"canonical":"https:\/\/now-news.de\/de\/deutschland\/bergkarabach-konflikt-armenien-schlaegt-aserbaidschan-entmilitarisierte-zonen-vor\/","og_locale":"de_DE","og_type":"article","og_title":"Bergkarabach-Konflikt: Armenien schl\u00e4gt Aserbaidschan entmilitarisierte Zonen vor","og_description":"Jerewan schl\u00e4gt Baku im Konflikt um Bergkarabach eine neue L\u00f6sung vor. Dabei geht es um die Errichtung von zwei entmilitarisierten Zonen: in Bergkarabach und an der Grenze zwischen beiden L\u00e4ndern. Zugleich bestreitet Jerewan die Pr\u00e4senz seiner Truppen in Bergkarabach. Bei der Sitzung der armenischen Regierung am Donnerstag hat Ministerpr\u00e4sident Nikol Paschinjan erkl\u00e4rt, Armenien habe Aserbaidschan [&hellip;]","og_url":"https:\/\/now-news.de\/de\/deutschland\/bergkarabach-konflikt-armenien-schlaegt-aserbaidschan-entmilitarisierte-zonen-vor\/","og_site_name":"just-now.NEWS Deutschland","article_publisher":"https:\/\/www.facebook.com\/wirmachenauf","article_published_time":"2022-11-10T17:19:03+00:00","og_image":[{"width":460,"height":259,"url":"https:\/\/now-news.de\/de\/wp-content\/uploads\/sites\/3\/2022\/11\/Bergkarabach-Konflikt-Armenien-schlaegt-Aserbaidschan-entmilitarisierte-Zonen-vor.jpg","type":"image\/jpeg"}],"author":"rtnews","twitter_card":"summary_large_image","twitter_creator":"@WirMachenAuf_de","twitter_site":"@WirMachenAuf_de","twitter_misc":{"Verfasst von":"rtnews","Gesch\u00e4tzte Lesezeit":"2\u00a0Minuten"},"schema":{"@context":"https:\/\/schema.org","@graph":[{"@type":"Article","@id":"https:\/\/now-news.de\/de\/deutschland\/bergkarabach-konflikt-armenien-schlaegt-aserbaidschan-entmilitarisierte-zonen-vor\/#article","isPartOf":{"@id":"https:\/\/now-news.de\/de\/deutschland\/bergkarabach-konflikt-armenien-schlaegt-aserbaidschan-entmilitarisierte-zonen-vor\/"},"author":{"name":"rtnews","@id":"https:\/\/now-news.de\/de\/#\/schema\/person\/fb534a4e865501d8b3285208df34a9b5"},"headline":"Bergkarabach-Konflikt: Armenien schl\u00e4gt Aserbaidschan entmilitarisierte Zonen vor","datePublished":"2022-11-10T17:19:03+00:00","dateModified":"2022-11-10T17:19:03+00:00","mainEntityOfPage":{"@id":"https:\/\/now-news.de\/de\/deutschland\/bergkarabach-konflikt-armenien-schlaegt-aserbaidschan-entmilitarisierte-zonen-vor\/"},"wordCount":311,"commentCount":0,"publisher":{"@id":"https:\/\/now-news.de\/de\/#organization"},"image":{"@id":"https:\/\/now-news.de\/de\/deutschland\/bergkarabach-konflikt-armenien-schlaegt-aserbaidschan-entmilitarisierte-zonen-vor\/#primaryimage"},"thumbnailUrl":"https:\/\/now-news.de\/de\/wp-content\/uploads\/sites\/3\/2022\/11\/Bergkarabach-Konflikt-Armenien-schlaegt-Aserbaidschan-entmilitarisierte-Zonen-vor.jpg","keywords":["Armenien","Aserbaidschan","BergkarabachKonflikt","entmilitarisierte","schl\u00e4gt","vor","Zonen"],"articleSection":["Deutschland","Russland"],"inLanguage":"de","potentialAction":[{"@type":"CommentAction","name":"Comment","target":["https:\/\/now-news.de\/de\/deutschland\/bergkarabach-konflikt-armenien-schlaegt-aserbaidschan-entmilitarisierte-zonen-vor\/#respond"]}]},{"@type":"WebPage","@id":"https:\/\/now-news.de\/de\/deutschland\/bergkarabach-konflikt-armenien-schlaegt-aserbaidschan-entmilitarisierte-zonen-vor\/","url":"https:\/\/now-news.de\/de\/deutschland\/bergkarabach-konflikt-armenien-schlaegt-aserbaidschan-entmilitarisierte-zonen-vor\/","name":"Bergkarabach-Konflikt: Armenien schl\u00e4gt Aserbaidschan entmilitarisierte Zonen vor - just-now.NEWS Deutschland","isPartOf":{"@id":"https:\/\/now-news.de\/de\/#website"},"primaryImageOfPage":{"@id":"https:\/\/now-news.de\/de\/deutschland\/bergkarabach-konflikt-armenien-schlaegt-aserbaidschan-entmilitarisierte-zonen-vor\/#primaryimage"},"image":{"@id":"https:\/\/now-news.de\/de\/deutschland\/bergkarabach-konflikt-armenien-schlaegt-aserbaidschan-entmilitarisierte-zonen-vor\/#primaryimage"},"thumbnailUrl":"https:\/\/now-news.de\/de\/wp-content\/uploads\/sites\/3\/2022\/11\/Bergkarabach-Konflikt-Armenien-schlaegt-Aserbaidschan-entmilitarisierte-Zonen-vor.jpg","datePublished":"2022-11-10T17:19:03+00:00","dateModified":"2022-11-10T17:19:03+00:00","breadcrumb":{"@id":"https:\/\/now-news.de\/de\/deutschland\/bergkarabach-konflikt-armenien-schlaegt-aserbaidschan-entmilitarisierte-zonen-vor\/#breadcrumb"},"inLanguage":"de","potentialAction":[{"@type":"ReadAction","target":["https:\/\/now-news.de\/de\/deutschland\/bergkarabach-konflikt-armenien-schlaegt-aserbaidschan-entmilitarisierte-zonen-vor\/"]}]},{"@type":"ImageObject","inLanguage":"de","@id":"https:\/\/now-news.de\/de\/deutschland\/bergkarabach-konflikt-armenien-schlaegt-aserbaidschan-entmilitarisierte-zonen-vor\/#primaryimage","url":"https:\/\/now-news.de\/de\/wp-content\/uploads\/sites\/3\/2022\/11\/Bergkarabach-Konflikt-Armenien-schlaegt-Aserbaidschan-entmilitarisierte-Zonen-vor.jpg","contentUrl":"https:\/\/now-news.de\/de\/wp-content\/uploads\/sites\/3\/2022\/11\/Bergkarabach-Konflikt-Armenien-schlaegt-Aserbaidschan-entmilitarisierte-Zonen-vor.jpg","width":460,"height":259,"caption":"Bergkarabach-Konflikt: Armenien schl\u00e4gt Aserbaidschan entmilitarisierte Zonen vor"},{"@type":"BreadcrumbList","@id":"https:\/\/now-news.de\/de\/deutschland\/bergkarabach-konflikt-armenien-schlaegt-aserbaidschan-entmilitarisierte-zonen-vor\/#breadcrumb","itemListElement":[{"@type":"ListItem","position":1,"name":"Home","item":"https:\/\/now-news.de\/de\/"},{"@type":"ListItem","position":2,"name":"Bergkarabach-Konflikt: Armenien schl\u00e4gt Aserbaidschan entmilitarisierte Zonen vor"}]},{"@type":"WebSite","@id":"https:\/\/now-news.de\/de\/#website","url":"https:\/\/now-news.de\/de\/","name":"just-now.NEWS Deutschland","description":"Das Portal f\u00fcr unzensierte Nachrichten aus der Welt","publisher":{"@id":"https:\/\/now-news.de\/de\/#organization"},"potentialAction":[{"@type":"SearchAction","target":{"@type":"EntryPoint","urlTemplate":"https:\/\/now-news.de\/de\/?s={search_term_string}"},"query-input":"required name=search_term_string"}],"inLanguage":"de"},{"@type":"Organization","@id":"https:\/\/now-news.de\/de\/#organization","name":"Just Now News","url":"https:\/\/now-news.de\/de\/","logo":{"@type":"ImageObject","inLanguage":"de","@id":"https:\/\/now-news.de\/de\/#\/schema\/logo\/image\/","url":"http:\/\/just-now.news\/de\/wp-content\/uploads\/sites\/3\/2022\/04\/logo500x500.jpg","contentUrl":"http:\/\/just-now.news\/de\/wp-content\/uploads\/sites\/3\/2022\/04\/logo500x500.jpg","width":500,"height":500,"caption":"Just Now News"},"image":{"@id":"https:\/\/now-news.de\/de\/#\/schema\/logo\/image\/"},"sameAs":["https:\/\/www.facebook.com\/wirmachenauf","https:\/\/x.com\/WirMachenAuf_de"]},{"@type":"Person","@id":"https:\/\/now-news.de\/de\/#\/schema\/person\/fb534a4e865501d8b3285208df34a9b5","name":"rtnews","image":{"@type":"ImageObject","inLanguage":"de","@id":"https:\/\/now-news.de\/de\/#\/schema\/person\/image\/","url":"https:\/\/secure.gravatar.com\/avatar\/82aafea7d8127119dd649515f56e2117?s=96&d=mm&r=g","contentUrl":"https:\/\/secure.gravatar.com\/avatar\/82aafea7d8127119dd649515f56e2117?s=96&d=mm&r=g","caption":"rtnews"},"url":"https:\/\/now-news.de\/de\/author\/rnews\/"}]}},"_links":{"self":[{"href":"https:\/\/now-news.de\/de\/wp-json\/wp\/v2\/posts\/22854"}],"collection":[{"href":"https:\/\/now-news.de\/de\/wp-json\/wp\/v2\/posts"}],"about":[{"href":"https:\/\/now-news.de\/de\/wp-json\/wp\/v2\/types\/post"}],"author":[{"embeddable":true,"href":"https:\/\/now-news.de\/de\/wp-json\/wp\/v2\/users\/3"}],"replies":[{"embeddable":true,"href":"https:\/\/now-news.de\/de\/wp-json\/wp\/v2\/comments?post=22854"}],"version-history":[{"count":0,"href":"https:\/\/now-news.de\/de\/wp-json\/wp\/v2\/posts\/22854\/revisions"}],"wp:featuredmedia":[{"embeddable":true,"href":"https:\/\/now-news.de\/de\/wp-json\/wp\/v2\/media\/22855"}],"wp:attachment":[{"href":"https:\/\/now-news.de\/de\/wp-json\/wp\/v2\/media?parent=22854"}],"wp:term":[{"taxonomy":"category","embeddable":true,"href":"https:\/\/now-news.de\/de\/wp-json\/wp\/v2\/categories?post=22854"},{"taxonomy":"post_tag","embeddable":true,"href":"https:\/\/now-news.de\/de\/wp-json\/wp\/v2\/tags?post=22854"}],"curies":[{"name":"wp","href":"https:\/\/api.w.org\/{rel}","templated":true}]}}