{"id":22839,"date":"2022-11-10T17:16:52","date_gmt":"2022-11-10T15:16:52","guid":{"rendered":"http:\/\/just-now.news\/de\/deutschland\/kein-deutsch-russisches-gedenken-aktueller-krieg-bremst-pflege-alter-kriegsgraeber\/"},"modified":"2022-11-10T17:16:52","modified_gmt":"2022-11-10T15:16:52","slug":"kein-deutsch-russisches-gedenken-aktueller-krieg-bremst-pflege-alter-kriegsgraeber","status":"publish","type":"post","link":"https:\/\/now-news.de\/de\/deutschland\/kein-deutsch-russisches-gedenken-aktueller-krieg-bremst-pflege-alter-kriegsgraeber\/","title":{"rendered":"Kein deutsch-russisches Gedenken: Aktueller Krieg bremst Pflege alter Kriegsgr\u00e4ber"},"content":{"rendered":"<p><img decoding=\"async\" src=\"http:\/\/just-now.news\/de\/wp-content\/uploads\/sites\/3\/2022\/11\/636cac72b480cc5b9d3fe80b.jpg\" \/><\/p>\n<div class=\"Text-root Text-type_1 \">\n                Der Krieg in der Ukraine erschwert das Gedenken an die vergangenen Kriege. So sind unter anderem deutsch-russische Projekte bei der Kriegsgr\u00e4berf\u00fcrsorge nur eingeschr\u00e4nkt m\u00f6glich. Auch feierliche Einbettungsveranstaltungen finden nicht mehr statt.\n            <\/div>\n<p><\/p>\n<div class=\"Text-root Text-type_5 ArticleView-text ViewText-root \">\n<p>Der Krieg in der Ukraine hat die Aufgaben der Kriegsgr\u00e4berf\u00fcrsorge drastisch erschwert.\u00a0Diane Tempel-Bornett, Sprecherin des Volksbunds Deutsche Kriegsgr\u00e4berf\u00fcrsorge in Kassel, sagte:<\/p>\n<blockquote>\n<p><em>&#8220;Wir m\u00fcssen feststellen, dass nach fast 30 Jahren guter Zusammenarbeit die Vers\u00f6hnungsarbeit in Scherben liegt.&#8221;<\/em><\/p>\n<\/blockquote>\n<p>Die Kriegsgr\u00e4berst\u00e4tten in\u00a0Russland\u00a0w\u00fcrden weiter gepflegt, auch Exhumierungen k\u00f6nnten in vielen Bereichen noch durchgef\u00fchrt werden. &#8220;Das sind wir auch den Angeh\u00f6rigen schuldig.&#8221; Allerdings gebe es dort keine feierlichen Einbettungsveranstaltungen mit offiziellen Delegationen und Geistlichen.<\/p>\n<p>Die Beziehung zu\u00a0Russland\u00a0spielt bei der Kriegsgr\u00e4berf\u00fcrsorge eine besondere Rolle, weil die Opferzahlen im Zweiten Weltkrieg im Osten sehr viel gr\u00f6\u00dfer waren als im\u00a0Westen. Auch in\u00a0Deutschland liegen sowjetische Soldaten begraben. Um die Friedh\u00f6fe k\u00fcmmern sich in der Regel die Kommunen. Vandalismus auf diesen Friedh\u00f6fen wegen des Kriegs in der Ukraine sind laut Volksbund aber bisher Ausnahmef\u00e4lle. Allerdings fallen traditionelle deutsch-russische Gedenkveranstaltungen zum Volkstrauertag auch im Inland aus.<\/p>\n<p>Zudem seien deutsch-russische Projekte wie die Kl\u00e4rung von Soldatenschicksalen vorerst auf Eis gelegt, auch die offiziellen Kontakte ruhten, sagte die Sprecherin: &#8220;Was wir in\u00a0Russland\u00a0noch machen, ist die technische Kriegsgr\u00e4berpflege.&#8221; Soldaten aus den Weltkriegen w\u00fcrden weiter exhumiert und bestattet. Allerdings: &#8220;In der Russischen F\u00f6deration ist es schwieriger geworden, in manchen Gebieten ist es m\u00f6glich, in anderen kaum.&#8221; Bisher wurden im laufenden Jahr 4.900 Tote der Weltkriege in\u00a0Russland\u00a0geborgen, sonst waren es 10.000 pro Jahr.<\/p>\n<p>In der Ukraine arbeite man noch bis Ende November in Gebieten, in den nicht gek\u00e4mpft werde. Man wolle die Mitarbeitenden nicht in Gefahr bringen. Ein besonderes Erlebnis sei zudem gewesen, dass ukrainische Soldaten beim Bau von Verteidigungsanlagen auf die Gebeine deutscher Soldaten aus dem Zweiten Weltkrieg stie\u00dfen und sich die Zeit genommen h\u00e4tten, diese zu exhumieren und an die Kriegsgr\u00e4berf\u00fcrsorge zu \u00fcbergeben. &#8220;Das hat uns beeindruckt \u2013 und auch sehr anger\u00fchrt&#8221;, sagte die Sprecherin.<\/p>\n<p><strong>Mehr zum Thema<\/strong> &#8211; <a rel=\"nofollow noopener\" target=\"_blank\" href=\"https:\/\/de.rt.com\/russland\/153860-russland-errichtet-denkmal-fuer-legendaeren\/\">Russland errichtet Denkmal f\u00fcr legend\u00e4ren britischen Doppelagenten<\/a><\/p>\n<\/p>\n<p><em>(rt\/dpa)<\/em><\/p>\n<\/div>\n<p><br \/>\n<br \/><a href=\"https:\/\/de.rt.com\/inland\/153940-kein-deutsch-russisches-gedenken-aktueller\/\">Source link <\/a><\/p>\n","protected":false},"excerpt":{"rendered":"<p>Der Krieg in der Ukraine erschwert das Gedenken an die vergangenen Kriege. So sind unter anderem deutsch-russische Projekte bei der Kriegsgr\u00e4berf\u00fcrsorge nur eingeschr\u00e4nkt m\u00f6glich. Auch feierliche Einbettungsveranstaltungen finden nicht mehr statt. Der Krieg in der Ukraine hat die Aufgaben der Kriegsgr\u00e4berf\u00fcrsorge drastisch erschwert.\u00a0Diane Tempel-Bornett, Sprecherin des Volksbunds Deutsche Kriegsgr\u00e4berf\u00fcrsorge in Kassel, sagte: &#8220;Wir m\u00fcssen feststellen, [&hellip;]<\/p>\n","protected":false},"author":3,"featured_media":22840,"comment_status":"open","ping_status":"open","sticky":false,"template":"","format":"standard","meta":{"wp_automatic_camp":["217"],"a4d73c3119606ffa1ef10263f8fc15b9":["Kein deutsch-russisches Gedenken: Aktueller Krieg bremst Pflege alter Kriegsgr\u00e4ber"],"original_link":["https:\/\/de.rt.com\/inland\/153940-kein-deutsch-russisches-gedenken-aktueller\/"],"_thumbnail_id":["22840"],"jnews_social_counter_last_update":["1777252997"]},"categories":[19,23],"tags":[35632,10154,35633,35484,19371,2030,130,35634,14047],"yoast_head":"<!-- This site is optimized with the Yoast SEO Premium plugin v22.7 (Yoast SEO v22.7) - https:\/\/yoast.com\/wordpress\/plugins\/seo\/ -->\n<title>Kein deutsch-russisches Gedenken: Aktueller Krieg bremst Pflege alter Kriegsgr\u00e4ber - just-now.NEWS Deutschland<\/title>\n<meta name=\"robots\" content=\"index, follow, max-snippet:-1, max-image-preview:large, max-video-preview:-1\" \/>\n<link rel=\"canonical\" href=\"https:\/\/now-news.de\/de\/deutschland\/kein-deutsch-russisches-gedenken-aktueller-krieg-bremst-pflege-alter-kriegsgraeber\/\" \/>\n<meta property=\"og:locale\" content=\"de_DE\" \/>\n<meta property=\"og:type\" content=\"article\" \/>\n<meta property=\"og:title\" content=\"Kein deutsch-russisches Gedenken: Aktueller Krieg bremst Pflege alter Kriegsgr\u00e4ber\" \/>\n<meta property=\"og:description\" content=\"Der Krieg in der Ukraine erschwert das Gedenken an die vergangenen Kriege. So sind unter anderem deutsch-russische Projekte bei der Kriegsgr\u00e4berf\u00fcrsorge nur eingeschr\u00e4nkt m\u00f6glich. Auch feierliche Einbettungsveranstaltungen finden nicht mehr statt. Der Krieg in der Ukraine hat die Aufgaben der Kriegsgr\u00e4berf\u00fcrsorge drastisch erschwert.\u00a0Diane Tempel-Bornett, Sprecherin des Volksbunds Deutsche Kriegsgr\u00e4berf\u00fcrsorge in Kassel, sagte: &#8220;Wir m\u00fcssen feststellen, [&hellip;]\" \/>\n<meta property=\"og:url\" content=\"https:\/\/now-news.de\/de\/deutschland\/kein-deutsch-russisches-gedenken-aktueller-krieg-bremst-pflege-alter-kriegsgraeber\/\" \/>\n<meta property=\"og:site_name\" content=\"just-now.NEWS Deutschland\" \/>\n<meta property=\"article:publisher\" content=\"https:\/\/www.facebook.com\/wirmachenauf\" \/>\n<meta property=\"article:published_time\" content=\"2022-11-10T15:16:52+00:00\" \/>\n<meta property=\"og:image\" content=\"https:\/\/now-news.de\/de\/wp-content\/uploads\/sites\/3\/2022\/11\/Kein-deutsch-russisches-Gedenken-Aktueller-Krieg-bremst-Pflege-alter-Kriegsgraeber.jpg\" \/>\n\t<meta property=\"og:image:width\" content=\"460\" \/>\n\t<meta property=\"og:image:height\" content=\"259\" \/>\n\t<meta property=\"og:image:type\" content=\"image\/jpeg\" \/>\n<meta name=\"author\" content=\"rtnews\" \/>\n<meta name=\"twitter:card\" content=\"summary_large_image\" \/>\n<meta name=\"twitter:creator\" content=\"@WirMachenAuf_de\" \/>\n<meta name=\"twitter:site\" content=\"@WirMachenAuf_de\" \/>\n<meta name=\"twitter:label1\" content=\"Verfasst von\" \/>\n\t<meta name=\"twitter:data1\" content=\"rtnews\" \/>\n\t<meta name=\"twitter:label2\" content=\"Gesch\u00e4tzte Lesezeit\" \/>\n\t<meta name=\"twitter:data2\" content=\"2\u00a0Minuten\" \/>\n<script type=\"application\/ld+json\" class=\"yoast-schema-graph\">{\"@context\":\"https:\/\/schema.org\",\"@graph\":[{\"@type\":\"Article\",\"@id\":\"https:\/\/now-news.de\/de\/deutschland\/kein-deutsch-russisches-gedenken-aktueller-krieg-bremst-pflege-alter-kriegsgraeber\/#article\",\"isPartOf\":{\"@id\":\"https:\/\/now-news.de\/de\/deutschland\/kein-deutsch-russisches-gedenken-aktueller-krieg-bremst-pflege-alter-kriegsgraeber\/\"},\"author\":{\"name\":\"rtnews\",\"@id\":\"https:\/\/now-news.de\/de\/#\/schema\/person\/fb534a4e865501d8b3285208df34a9b5\"},\"headline\":\"Kein deutsch-russisches Gedenken: Aktueller Krieg bremst Pflege alter Kriegsgr\u00e4ber\",\"datePublished\":\"2022-11-10T15:16:52+00:00\",\"dateModified\":\"2022-11-10T15:16:52+00:00\",\"mainEntityOfPage\":{\"@id\":\"https:\/\/now-news.de\/de\/deutschland\/kein-deutsch-russisches-gedenken-aktueller-krieg-bremst-pflege-alter-kriegsgraeber\/\"},\"wordCount\":381,\"commentCount\":0,\"publisher\":{\"@id\":\"https:\/\/now-news.de\/de\/#organization\"},\"image\":{\"@id\":\"https:\/\/now-news.de\/de\/deutschland\/kein-deutsch-russisches-gedenken-aktueller-krieg-bremst-pflege-alter-kriegsgraeber\/#primaryimage\"},\"thumbnailUrl\":\"https:\/\/now-news.de\/de\/wp-content\/uploads\/sites\/3\/2022\/11\/Kein-deutsch-russisches-Gedenken-Aktueller-Krieg-bremst-Pflege-alter-Kriegsgraeber.jpg\",\"keywords\":[\"Aktueller\",\"Alter\",\"bremst\",\"deutschrussisches\",\"Gedenken\",\"Kein\",\"krieg\",\"Kriegsgr\u00e4ber\",\"Pflege\"],\"articleSection\":[\"Deutschland\",\"Russland\"],\"inLanguage\":\"de\",\"potentialAction\":[{\"@type\":\"CommentAction\",\"name\":\"Comment\",\"target\":[\"https:\/\/now-news.de\/de\/deutschland\/kein-deutsch-russisches-gedenken-aktueller-krieg-bremst-pflege-alter-kriegsgraeber\/#respond\"]}]},{\"@type\":\"WebPage\",\"@id\":\"https:\/\/now-news.de\/de\/deutschland\/kein-deutsch-russisches-gedenken-aktueller-krieg-bremst-pflege-alter-kriegsgraeber\/\",\"url\":\"https:\/\/now-news.de\/de\/deutschland\/kein-deutsch-russisches-gedenken-aktueller-krieg-bremst-pflege-alter-kriegsgraeber\/\",\"name\":\"Kein deutsch-russisches Gedenken: Aktueller Krieg bremst Pflege alter Kriegsgr\u00e4ber - just-now.NEWS Deutschland\",\"isPartOf\":{\"@id\":\"https:\/\/now-news.de\/de\/#website\"},\"primaryImageOfPage\":{\"@id\":\"https:\/\/now-news.de\/de\/deutschland\/kein-deutsch-russisches-gedenken-aktueller-krieg-bremst-pflege-alter-kriegsgraeber\/#primaryimage\"},\"image\":{\"@id\":\"https:\/\/now-news.de\/de\/deutschland\/kein-deutsch-russisches-gedenken-aktueller-krieg-bremst-pflege-alter-kriegsgraeber\/#primaryimage\"},\"thumbnailUrl\":\"https:\/\/now-news.de\/de\/wp-content\/uploads\/sites\/3\/2022\/11\/Kein-deutsch-russisches-Gedenken-Aktueller-Krieg-bremst-Pflege-alter-Kriegsgraeber.jpg\",\"datePublished\":\"2022-11-10T15:16:52+00:00\",\"dateModified\":\"2022-11-10T15:16:52+00:00\",\"breadcrumb\":{\"@id\":\"https:\/\/now-news.de\/de\/deutschland\/kein-deutsch-russisches-gedenken-aktueller-krieg-bremst-pflege-alter-kriegsgraeber\/#breadcrumb\"},\"inLanguage\":\"de\",\"potentialAction\":[{\"@type\":\"ReadAction\",\"target\":[\"https:\/\/now-news.de\/de\/deutschland\/kein-deutsch-russisches-gedenken-aktueller-krieg-bremst-pflege-alter-kriegsgraeber\/\"]}]},{\"@type\":\"ImageObject\",\"inLanguage\":\"de\",\"@id\":\"https:\/\/now-news.de\/de\/deutschland\/kein-deutsch-russisches-gedenken-aktueller-krieg-bremst-pflege-alter-kriegsgraeber\/#primaryimage\",\"url\":\"https:\/\/now-news.de\/de\/wp-content\/uploads\/sites\/3\/2022\/11\/Kein-deutsch-russisches-Gedenken-Aktueller-Krieg-bremst-Pflege-alter-Kriegsgraeber.jpg\",\"contentUrl\":\"https:\/\/now-news.de\/de\/wp-content\/uploads\/sites\/3\/2022\/11\/Kein-deutsch-russisches-Gedenken-Aktueller-Krieg-bremst-Pflege-alter-Kriegsgraeber.jpg\",\"width\":460,\"height\":259,\"caption\":\"Kein deutsch-russisches Gedenken: Aktueller Krieg bremst Pflege alter Kriegsgr\u00e4ber\"},{\"@type\":\"BreadcrumbList\",\"@id\":\"https:\/\/now-news.de\/de\/deutschland\/kein-deutsch-russisches-gedenken-aktueller-krieg-bremst-pflege-alter-kriegsgraeber\/#breadcrumb\",\"itemListElement\":[{\"@type\":\"ListItem\",\"position\":1,\"name\":\"Home\",\"item\":\"https:\/\/now-news.de\/de\/\"},{\"@type\":\"ListItem\",\"position\":2,\"name\":\"Kein deutsch-russisches Gedenken: Aktueller Krieg bremst Pflege alter Kriegsgr\u00e4ber\"}]},{\"@type\":\"WebSite\",\"@id\":\"https:\/\/now-news.de\/de\/#website\",\"url\":\"https:\/\/now-news.de\/de\/\",\"name\":\"just-now.NEWS Deutschland\",\"description\":\"Das Portal f\u00fcr unzensierte Nachrichten aus der Welt\",\"publisher\":{\"@id\":\"https:\/\/now-news.de\/de\/#organization\"},\"potentialAction\":[{\"@type\":\"SearchAction\",\"target\":{\"@type\":\"EntryPoint\",\"urlTemplate\":\"https:\/\/now-news.de\/de\/?s={search_term_string}\"},\"query-input\":\"required name=search_term_string\"}],\"inLanguage\":\"de\"},{\"@type\":\"Organization\",\"@id\":\"https:\/\/now-news.de\/de\/#organization\",\"name\":\"Just Now News\",\"url\":\"https:\/\/now-news.de\/de\/\",\"logo\":{\"@type\":\"ImageObject\",\"inLanguage\":\"de\",\"@id\":\"https:\/\/now-news.de\/de\/#\/schema\/logo\/image\/\",\"url\":\"http:\/\/just-now.news\/de\/wp-content\/uploads\/sites\/3\/2022\/04\/logo500x500.jpg\",\"contentUrl\":\"http:\/\/just-now.news\/de\/wp-content\/uploads\/sites\/3\/2022\/04\/logo500x500.jpg\",\"width\":500,\"height\":500,\"caption\":\"Just Now News\"},\"image\":{\"@id\":\"https:\/\/now-news.de\/de\/#\/schema\/logo\/image\/\"},\"sameAs\":[\"https:\/\/www.facebook.com\/wirmachenauf\",\"https:\/\/x.com\/WirMachenAuf_de\"]},{\"@type\":\"Person\",\"@id\":\"https:\/\/now-news.de\/de\/#\/schema\/person\/fb534a4e865501d8b3285208df34a9b5\",\"name\":\"rtnews\",\"image\":{\"@type\":\"ImageObject\",\"inLanguage\":\"de\",\"@id\":\"https:\/\/now-news.de\/de\/#\/schema\/person\/image\/\",\"url\":\"https:\/\/secure.gravatar.com\/avatar\/82aafea7d8127119dd649515f56e2117?s=96&d=mm&r=g\",\"contentUrl\":\"https:\/\/secure.gravatar.com\/avatar\/82aafea7d8127119dd649515f56e2117?s=96&d=mm&r=g\",\"caption\":\"rtnews\"},\"url\":\"https:\/\/now-news.de\/de\/author\/rnews\/\"}]}<\/script>\n<!-- \/ Yoast SEO Premium plugin. -->","yoast_head_json":{"title":"Kein deutsch-russisches Gedenken: Aktueller Krieg bremst Pflege alter Kriegsgr\u00e4ber - just-now.NEWS Deutschland","robots":{"index":"index","follow":"follow","max-snippet":"max-snippet:-1","max-image-preview":"max-image-preview:large","max-video-preview":"max-video-preview:-1"},"canonical":"https:\/\/now-news.de\/de\/deutschland\/kein-deutsch-russisches-gedenken-aktueller-krieg-bremst-pflege-alter-kriegsgraeber\/","og_locale":"de_DE","og_type":"article","og_title":"Kein deutsch-russisches Gedenken: Aktueller Krieg bremst Pflege alter Kriegsgr\u00e4ber","og_description":"Der Krieg in der Ukraine erschwert das Gedenken an die vergangenen Kriege. So sind unter anderem deutsch-russische Projekte bei der Kriegsgr\u00e4berf\u00fcrsorge nur eingeschr\u00e4nkt m\u00f6glich. Auch feierliche Einbettungsveranstaltungen finden nicht mehr statt. Der Krieg in der Ukraine hat die Aufgaben der Kriegsgr\u00e4berf\u00fcrsorge drastisch erschwert.\u00a0Diane Tempel-Bornett, Sprecherin des Volksbunds Deutsche Kriegsgr\u00e4berf\u00fcrsorge in Kassel, sagte: &#8220;Wir m\u00fcssen feststellen, [&hellip;]","og_url":"https:\/\/now-news.de\/de\/deutschland\/kein-deutsch-russisches-gedenken-aktueller-krieg-bremst-pflege-alter-kriegsgraeber\/","og_site_name":"just-now.NEWS Deutschland","article_publisher":"https:\/\/www.facebook.com\/wirmachenauf","article_published_time":"2022-11-10T15:16:52+00:00","og_image":[{"width":460,"height":259,"url":"https:\/\/now-news.de\/de\/wp-content\/uploads\/sites\/3\/2022\/11\/Kein-deutsch-russisches-Gedenken-Aktueller-Krieg-bremst-Pflege-alter-Kriegsgraeber.jpg","type":"image\/jpeg"}],"author":"rtnews","twitter_card":"summary_large_image","twitter_creator":"@WirMachenAuf_de","twitter_site":"@WirMachenAuf_de","twitter_misc":{"Verfasst von":"rtnews","Gesch\u00e4tzte Lesezeit":"2\u00a0Minuten"},"schema":{"@context":"https:\/\/schema.org","@graph":[{"@type":"Article","@id":"https:\/\/now-news.de\/de\/deutschland\/kein-deutsch-russisches-gedenken-aktueller-krieg-bremst-pflege-alter-kriegsgraeber\/#article","isPartOf":{"@id":"https:\/\/now-news.de\/de\/deutschland\/kein-deutsch-russisches-gedenken-aktueller-krieg-bremst-pflege-alter-kriegsgraeber\/"},"author":{"name":"rtnews","@id":"https:\/\/now-news.de\/de\/#\/schema\/person\/fb534a4e865501d8b3285208df34a9b5"},"headline":"Kein deutsch-russisches Gedenken: Aktueller Krieg bremst Pflege alter Kriegsgr\u00e4ber","datePublished":"2022-11-10T15:16:52+00:00","dateModified":"2022-11-10T15:16:52+00:00","mainEntityOfPage":{"@id":"https:\/\/now-news.de\/de\/deutschland\/kein-deutsch-russisches-gedenken-aktueller-krieg-bremst-pflege-alter-kriegsgraeber\/"},"wordCount":381,"commentCount":0,"publisher":{"@id":"https:\/\/now-news.de\/de\/#organization"},"image":{"@id":"https:\/\/now-news.de\/de\/deutschland\/kein-deutsch-russisches-gedenken-aktueller-krieg-bremst-pflege-alter-kriegsgraeber\/#primaryimage"},"thumbnailUrl":"https:\/\/now-news.de\/de\/wp-content\/uploads\/sites\/3\/2022\/11\/Kein-deutsch-russisches-Gedenken-Aktueller-Krieg-bremst-Pflege-alter-Kriegsgraeber.jpg","keywords":["Aktueller","Alter","bremst","deutschrussisches","Gedenken","Kein","krieg","Kriegsgr\u00e4ber","Pflege"],"articleSection":["Deutschland","Russland"],"inLanguage":"de","potentialAction":[{"@type":"CommentAction","name":"Comment","target":["https:\/\/now-news.de\/de\/deutschland\/kein-deutsch-russisches-gedenken-aktueller-krieg-bremst-pflege-alter-kriegsgraeber\/#respond"]}]},{"@type":"WebPage","@id":"https:\/\/now-news.de\/de\/deutschland\/kein-deutsch-russisches-gedenken-aktueller-krieg-bremst-pflege-alter-kriegsgraeber\/","url":"https:\/\/now-news.de\/de\/deutschland\/kein-deutsch-russisches-gedenken-aktueller-krieg-bremst-pflege-alter-kriegsgraeber\/","name":"Kein deutsch-russisches Gedenken: Aktueller Krieg bremst Pflege alter Kriegsgr\u00e4ber - just-now.NEWS Deutschland","isPartOf":{"@id":"https:\/\/now-news.de\/de\/#website"},"primaryImageOfPage":{"@id":"https:\/\/now-news.de\/de\/deutschland\/kein-deutsch-russisches-gedenken-aktueller-krieg-bremst-pflege-alter-kriegsgraeber\/#primaryimage"},"image":{"@id":"https:\/\/now-news.de\/de\/deutschland\/kein-deutsch-russisches-gedenken-aktueller-krieg-bremst-pflege-alter-kriegsgraeber\/#primaryimage"},"thumbnailUrl":"https:\/\/now-news.de\/de\/wp-content\/uploads\/sites\/3\/2022\/11\/Kein-deutsch-russisches-Gedenken-Aktueller-Krieg-bremst-Pflege-alter-Kriegsgraeber.jpg","datePublished":"2022-11-10T15:16:52+00:00","dateModified":"2022-11-10T15:16:52+00:00","breadcrumb":{"@id":"https:\/\/now-news.de\/de\/deutschland\/kein-deutsch-russisches-gedenken-aktueller-krieg-bremst-pflege-alter-kriegsgraeber\/#breadcrumb"},"inLanguage":"de","potentialAction":[{"@type":"ReadAction","target":["https:\/\/now-news.de\/de\/deutschland\/kein-deutsch-russisches-gedenken-aktueller-krieg-bremst-pflege-alter-kriegsgraeber\/"]}]},{"@type":"ImageObject","inLanguage":"de","@id":"https:\/\/now-news.de\/de\/deutschland\/kein-deutsch-russisches-gedenken-aktueller-krieg-bremst-pflege-alter-kriegsgraeber\/#primaryimage","url":"https:\/\/now-news.de\/de\/wp-content\/uploads\/sites\/3\/2022\/11\/Kein-deutsch-russisches-Gedenken-Aktueller-Krieg-bremst-Pflege-alter-Kriegsgraeber.jpg","contentUrl":"https:\/\/now-news.de\/de\/wp-content\/uploads\/sites\/3\/2022\/11\/Kein-deutsch-russisches-Gedenken-Aktueller-Krieg-bremst-Pflege-alter-Kriegsgraeber.jpg","width":460,"height":259,"caption":"Kein deutsch-russisches Gedenken: Aktueller Krieg bremst Pflege alter Kriegsgr\u00e4ber"},{"@type":"BreadcrumbList","@id":"https:\/\/now-news.de\/de\/deutschland\/kein-deutsch-russisches-gedenken-aktueller-krieg-bremst-pflege-alter-kriegsgraeber\/#breadcrumb","itemListElement":[{"@type":"ListItem","position":1,"name":"Home","item":"https:\/\/now-news.de\/de\/"},{"@type":"ListItem","position":2,"name":"Kein deutsch-russisches Gedenken: Aktueller Krieg bremst Pflege alter Kriegsgr\u00e4ber"}]},{"@type":"WebSite","@id":"https:\/\/now-news.de\/de\/#website","url":"https:\/\/now-news.de\/de\/","name":"just-now.NEWS Deutschland","description":"Das Portal f\u00fcr unzensierte Nachrichten aus der Welt","publisher":{"@id":"https:\/\/now-news.de\/de\/#organization"},"potentialAction":[{"@type":"SearchAction","target":{"@type":"EntryPoint","urlTemplate":"https:\/\/now-news.de\/de\/?s={search_term_string}"},"query-input":"required name=search_term_string"}],"inLanguage":"de"},{"@type":"Organization","@id":"https:\/\/now-news.de\/de\/#organization","name":"Just Now News","url":"https:\/\/now-news.de\/de\/","logo":{"@type":"ImageObject","inLanguage":"de","@id":"https:\/\/now-news.de\/de\/#\/schema\/logo\/image\/","url":"http:\/\/just-now.news\/de\/wp-content\/uploads\/sites\/3\/2022\/04\/logo500x500.jpg","contentUrl":"http:\/\/just-now.news\/de\/wp-content\/uploads\/sites\/3\/2022\/04\/logo500x500.jpg","width":500,"height":500,"caption":"Just Now News"},"image":{"@id":"https:\/\/now-news.de\/de\/#\/schema\/logo\/image\/"},"sameAs":["https:\/\/www.facebook.com\/wirmachenauf","https:\/\/x.com\/WirMachenAuf_de"]},{"@type":"Person","@id":"https:\/\/now-news.de\/de\/#\/schema\/person\/fb534a4e865501d8b3285208df34a9b5","name":"rtnews","image":{"@type":"ImageObject","inLanguage":"de","@id":"https:\/\/now-news.de\/de\/#\/schema\/person\/image\/","url":"https:\/\/secure.gravatar.com\/avatar\/82aafea7d8127119dd649515f56e2117?s=96&d=mm&r=g","contentUrl":"https:\/\/secure.gravatar.com\/avatar\/82aafea7d8127119dd649515f56e2117?s=96&d=mm&r=g","caption":"rtnews"},"url":"https:\/\/now-news.de\/de\/author\/rnews\/"}]}},"_links":{"self":[{"href":"https:\/\/now-news.de\/de\/wp-json\/wp\/v2\/posts\/22839"}],"collection":[{"href":"https:\/\/now-news.de\/de\/wp-json\/wp\/v2\/posts"}],"about":[{"href":"https:\/\/now-news.de\/de\/wp-json\/wp\/v2\/types\/post"}],"author":[{"embeddable":true,"href":"https:\/\/now-news.de\/de\/wp-json\/wp\/v2\/users\/3"}],"replies":[{"embeddable":true,"href":"https:\/\/now-news.de\/de\/wp-json\/wp\/v2\/comments?post=22839"}],"version-history":[{"count":0,"href":"https:\/\/now-news.de\/de\/wp-json\/wp\/v2\/posts\/22839\/revisions"}],"wp:featuredmedia":[{"embeddable":true,"href":"https:\/\/now-news.de\/de\/wp-json\/wp\/v2\/media\/22840"}],"wp:attachment":[{"href":"https:\/\/now-news.de\/de\/wp-json\/wp\/v2\/media?parent=22839"}],"wp:term":[{"taxonomy":"category","embeddable":true,"href":"https:\/\/now-news.de\/de\/wp-json\/wp\/v2\/categories?post=22839"},{"taxonomy":"post_tag","embeddable":true,"href":"https:\/\/now-news.de\/de\/wp-json\/wp\/v2\/tags?post=22839"}],"curies":[{"name":"wp","href":"https:\/\/api.w.org\/{rel}","templated":true}]}}