{"id":22820,"date":"2022-11-10T12:03:54","date_gmt":"2022-11-10T10:03:54","guid":{"rendered":"http:\/\/just-now.news\/de\/deutschland\/frankreich-aendert-strategie-in-sahelzone-anti-terror-einsatz-barkhane-endet\/"},"modified":"2022-11-10T12:03:54","modified_gmt":"2022-11-10T10:03:54","slug":"frankreich-aendert-strategie-in-sahelzone-anti-terror-einsatz-barkhane-endet","status":"publish","type":"post","link":"https:\/\/now-news.de\/de\/deutschland\/frankreich-aendert-strategie-in-sahelzone-anti-terror-einsatz-barkhane-endet\/","title":{"rendered":"Frankreich \u00e4ndert Strategie in Sahelzone \u2013 Anti-Terror-Einsatz &quot;Barkhane&quot; endet"},"content":{"rendered":"<p><img decoding=\"async\" src=\"https:\/\/mf.b37mrtl.ru\/deutsch\/images\/2022.11\/thumbnail\/636bef92b480cc44697a6ee5.jpg\" \/><\/p>\n<div class=\"Text-root Text-type_1 \">\n                Die franz\u00f6sische Mission &#8220;Barkhane&#8221;, mit der das EU-Land neun Jahre lang Mali im Anti-Terror-Kampf unterst\u00fctzt hat, ist offiziell zu Ende. Paris will allerdings weiter in der Sahelzone aktiv sein. Pr\u00e4sident Emmanuel Macron k\u00fcndigt deswegen eine neue Strategie an.\n            <\/div>\n<p><\/p>\n<div class=\"Text-root Text-type_5 ArticleView-text ViewText-root \">\n<p>Frankreichs Pr\u00e4sident Emmanuel Macron hat den Anti-Terror-Einsatz &#8220;Barkhane&#8221; in Mali offiziell f\u00fcr beendet erkl\u00e4rt. Nach dem rund neunj\u00e4hrigen Einsatz wolle Frankreich sich weiter in der Sahelzone engagieren, dazu allerdings die Strategie \u00e4ndern, k\u00fcndigte der Politiker am Mittwoch im s\u00fcdfranz\u00f6sischen Toulon an. Statt Eins\u00e4tzen ohne zeitlichen Rahmen solle es befristete Missionen geben, die auf einer breiten Partnerschaft beruhten.<\/p>\n<blockquote>\n<p><em>&#8220;Unser Engagement in Afrika muss sich auf eine Logik der Zusammenarbeit und der Unterst\u00fctzung der Armeen dort konzentrieren.&#8221;<\/em><\/p>\n<\/blockquote>\n<p>Frankreich werde in den n\u00e4chsten Tagen eine Phase des Austauschs mit seinen afrikanischen Partnern und Verb\u00fcndeten einleiten, um den Status und die Aufgaben der derzeitigen St\u00fctzpunkte in der Sahelzone und in Westafrika weiterzuentwickeln. Eine Strategie dazu solle innerhalb von sechs Monaten vorliegen, erkl\u00e4rte Macron.<\/p>\n<div class=\"EmbedBlock-root EmbedBlock-twitter\">\n<div class=\"TwitterEmbed\">\n<blockquote class=\"twitter-tweet lazyload\" data-twitter=\"twitter-tweet\">\n<p lang=\"fr\" dir=\"ltr\">EN DIRECT | Depuis Toulon, suivez le discours du Pr\u00e9sident <a rel=\"nofollow noopener\" target=\"_blank\" href=\"https:\/\/twitter.com\/EmmanuelMacron?ref_src=twsrc%5Etfw\">@EmmanuelMacron<\/a> sur la Revue nationale strat\u00e9gique. <a rel=\"nofollow noopener\" target=\"_blank\" href=\"https:\/\/t.co\/HHB6zDUrsi\">https:\/\/t.co\/HHB6zDUrsi<\/a><\/p>\n<p>\u2014 \u00c9lys\u00e9e (@Elysee) <a rel=\"nofollow noopener\" target=\"_blank\" href=\"https:\/\/twitter.com\/Elysee\/status\/1590317946689441792?ref_src=twsrc%5Etfw\">November 9, 2022<\/a><\/p><\/blockquote>\n<\/div>\n<\/div>\n<p>Zum Aus der &#8220;Barkhane&#8221;-Mission hatten Spannungen in Mali gef\u00fchrt. Die letzten franz\u00f6sischen Soldaten verlie\u00dfen das westafrikanische Land im August. Momentan sind circa 3.000 franz\u00f6sische Soldaten weiter in Niger, Tschad und Burkina Faso stationiert. In der Sahelzone, die sich s\u00fcdlich der Sahara vom Atlantik bis zum Roten Meer erstreckt, sind etliche bewaffnete Gruppen aktiv. Einige haben den Terrorgruppen &#8220;Islamischer Staat&#8221; (IS) und Al-Qaida die Treue geschworen. In Mali laufen neben den Anti-Terror-Kampfeins\u00e4tzen auch der EU-Ausbildungseinsatz EUTM und der UN-Stabilisierungseinsatz MINUSMA.<\/p>\n<p>Macron bekundete au\u00dferdem in seiner Rede zur \u00dcberpr\u00fcfung der nationalen Strategie in\u00a0Toulon den Wunsch, die Milit\u00e4rkooperation seines Landes mit europ\u00e4ischen Partnern und insbesondere Deutschland ausbauen. Viele dieser Partner h\u00e4tten sich der franz\u00f6sischen Vision einer souver\u00e4nen europ\u00e4ischen Verteidigung angeschlossen, erkl\u00e4rte der Staatschef.<\/p>\n<blockquote>\n<p><em>&#8220;Es ist zun\u00e4chst unser Wille, unsere Verbindung mit Deutschland zu st\u00e4rken, einem unverzichtbaren Partner, mit dem wir in tiefgreifende Programme eingebunden sind.&#8221;<\/em><\/p>\n<\/blockquote>\n<p>Die Streitkr\u00e4fte beider L\u00e4nder seien daf\u00fcr geschaffen, sich zu erg\u00e4nzen, und teilten industrielle Expertise, operatives Wissen und strategische Ambitionen. Vom Gleichgewicht dieser Partnerschaft h\u00e4nge zum Teil der Erfolg des europ\u00e4ischen Projekts ab. Macron brachte seine Hoffnung zum Ausdruck, dass Paris und Berlin in dieser Hinsicht in den n\u00e4chsten Wochen entscheidende Fortschritte erzielen k\u00f6nnten. Macron betonte Frankreichs Bereitschaft, Europa mit seinen Atomwaffen zu sch\u00fctzen.<\/p>\n<\/p>\n<blockquote>\n<p><em>&#8220;Heute, vielmehr noch als gestern, haben die vitalen franz\u00f6sischen Interessen eine europ\u00e4ische Dimension. Unsere atomaren Kr\u00e4fte tragen also durch ihre Existenz zur Sicherheit Frankreichs und Europas bei.&#8221;<\/em><\/p>\n<\/blockquote>\n<p>Zum von Deutschland mit anderen Staaten angeschobenen Projekt einer besseren europ\u00e4ischen Luftverteidigung \u00e4u\u00dferte sich der franz\u00f6sische Pr\u00e4sident kritisch. Die Luftverteidigung des Kontinents sei eine strategische und solidarische Frage, von der die Souver\u00e4nit\u00e4t Europas abh\u00e4nge und die zur F\u00f6rderung einer nationalen Industrie oder der eines anderen Landes f\u00fchre.<\/p>\n<blockquote>\n<p><em>&#8220;Sie verdient also eine inklusive, vertiefende Herangehensweise, die auf einer strategischen Analyse beruht, die alle Aspekte unserer Verteidigung beinhaltet.&#8221;<\/em><\/p>\n<\/blockquote>\n<p>Aus deutscher Sicht kommt f\u00fcr das Schutzschild das israelische Flugabwehrsystem Arrow 3 infrage.<\/p>\n<p><strong>Mehr zum Thema<\/strong> &#8211;\u00a0<a rel=\"nofollow noopener\" target=\"_blank\" href=\"https:\/\/de.rt.com\/europa\/153261-franzosische-kraftwerke-russisches-uran-deutsche\/\">Franz\u00f6sische Kraftwerke, russisches Uran \u2013 deutsche Sabotage?<\/a><\/p>\n<p>(dpa)<\/p>\n<\/div>\n<p><script async src=\"https:\/\/platform.twitter.com\/widgets.js\" charset=\"utf-8\"><\/script><br \/>\n<br \/><br \/>\n<br \/><a href=\"https:\/\/de.rt.com\/international\/153906-frankreich-aendert-strategie-in-sahelzone\/\">Source link <\/a><\/p>\n","protected":false},"excerpt":{"rendered":"<p>Die franz\u00f6sische Mission &#8220;Barkhane&#8221;, mit der das EU-Land neun Jahre lang Mali im Anti-Terror-Kampf unterst\u00fctzt hat, ist offiziell zu Ende. Paris will allerdings weiter in der Sahelzone aktiv sein. Pr\u00e4sident Emmanuel Macron k\u00fcndigt deswegen eine neue Strategie an. Frankreichs Pr\u00e4sident Emmanuel Macron hat den Anti-Terror-Einsatz &#8220;Barkhane&#8221; in Mali offiziell f\u00fcr beendet erkl\u00e4rt. Nach dem rund [&hellip;]<\/p>\n","protected":false},"author":3,"featured_media":0,"comment_status":"open","ping_status":"open","sticky":false,"template":"","format":"standard","meta":{"wp_automatic_camp":["217"],"2451a22be8d27eaa34f0414fd2a366ac":["Frankreich \u00e4ndert Strategie in Sahelzone \u2013 Anti-Terror-Einsatz &quot;Barkhane&quot; endet"],"original_link":["https:\/\/de.rt.com\/international\/153906-frankreich-aendert-strategie-in-sahelzone\/"],"jnews_social_counter_last_update":["1777511428"]},"categories":[19,23],"tags":[6657,22823,13966,3320,35614,35613,10955],"yoast_head":"<!-- This site is optimized with the Yoast SEO Premium plugin v22.7 (Yoast SEO v22.7) - https:\/\/yoast.com\/wordpress\/plugins\/seo\/ -->\n<title>Frankreich \u00e4ndert Strategie in Sahelzone \u2013 Anti-Terror-Einsatz &quot;Barkhane&quot; endet - just-now.NEWS Deutschland<\/title>\n<meta name=\"robots\" content=\"index, follow, max-snippet:-1, max-image-preview:large, max-video-preview:-1\" \/>\n<link rel=\"canonical\" href=\"https:\/\/now-news.de\/de\/deutschland\/frankreich-aendert-strategie-in-sahelzone-anti-terror-einsatz-barkhane-endet\/\" \/>\n<meta property=\"og:locale\" content=\"de_DE\" \/>\n<meta property=\"og:type\" content=\"article\" \/>\n<meta property=\"og:title\" content=\"Frankreich \u00e4ndert Strategie in Sahelzone \u2013 Anti-Terror-Einsatz &quot;Barkhane&quot; endet\" \/>\n<meta property=\"og:description\" content=\"Die franz\u00f6sische Mission &#8220;Barkhane&#8221;, mit der das EU-Land neun Jahre lang Mali im Anti-Terror-Kampf unterst\u00fctzt hat, ist offiziell zu Ende. Paris will allerdings weiter in der Sahelzone aktiv sein. Pr\u00e4sident Emmanuel Macron k\u00fcndigt deswegen eine neue Strategie an. Frankreichs Pr\u00e4sident Emmanuel Macron hat den Anti-Terror-Einsatz &#8220;Barkhane&#8221; in Mali offiziell f\u00fcr beendet erkl\u00e4rt. Nach dem rund [&hellip;]\" \/>\n<meta property=\"og:url\" content=\"https:\/\/now-news.de\/de\/deutschland\/frankreich-aendert-strategie-in-sahelzone-anti-terror-einsatz-barkhane-endet\/\" \/>\n<meta property=\"og:site_name\" content=\"just-now.NEWS Deutschland\" \/>\n<meta property=\"article:publisher\" content=\"https:\/\/www.facebook.com\/wirmachenauf\" \/>\n<meta property=\"article:published_time\" content=\"2022-11-10T10:03:54+00:00\" \/>\n<meta property=\"og:image\" content=\"https:\/\/mf.b37mrtl.ru\/deutsch\/images\/2022.11\/thumbnail\/636bef92b480cc44697a6ee5.jpg\" \/>\n<meta name=\"author\" content=\"rtnews\" \/>\n<meta name=\"twitter:card\" content=\"summary_large_image\" \/>\n<meta name=\"twitter:creator\" content=\"@WirMachenAuf_de\" \/>\n<meta name=\"twitter:site\" content=\"@WirMachenAuf_de\" \/>\n<meta name=\"twitter:label1\" content=\"Verfasst von\" \/>\n\t<meta name=\"twitter:data1\" content=\"rtnews\" \/>\n\t<meta name=\"twitter:label2\" content=\"Gesch\u00e4tzte Lesezeit\" \/>\n\t<meta name=\"twitter:data2\" content=\"3\u00a0Minuten\" \/>\n<script type=\"application\/ld+json\" class=\"yoast-schema-graph\">{\"@context\":\"https:\/\/schema.org\",\"@graph\":[{\"@type\":\"Article\",\"@id\":\"https:\/\/now-news.de\/de\/deutschland\/frankreich-aendert-strategie-in-sahelzone-anti-terror-einsatz-barkhane-endet\/#article\",\"isPartOf\":{\"@id\":\"https:\/\/now-news.de\/de\/deutschland\/frankreich-aendert-strategie-in-sahelzone-anti-terror-einsatz-barkhane-endet\/\"},\"author\":{\"name\":\"rtnews\",\"@id\":\"https:\/\/now-news.de\/de\/#\/schema\/person\/fb534a4e865501d8b3285208df34a9b5\"},\"headline\":\"Frankreich \u00e4ndert Strategie in Sahelzone \u2013 Anti-Terror-Einsatz &quot;Barkhane&quot; endet\",\"datePublished\":\"2022-11-10T10:03:54+00:00\",\"dateModified\":\"2022-11-10T10:03:54+00:00\",\"mainEntityOfPage\":{\"@id\":\"https:\/\/now-news.de\/de\/deutschland\/frankreich-aendert-strategie-in-sahelzone-anti-terror-einsatz-barkhane-endet\/\"},\"wordCount\":575,\"commentCount\":0,\"publisher\":{\"@id\":\"https:\/\/now-news.de\/de\/#organization\"},\"image\":{\"@id\":\"https:\/\/now-news.de\/de\/deutschland\/frankreich-aendert-strategie-in-sahelzone-anti-terror-einsatz-barkhane-endet\/#primaryimage\"},\"thumbnailUrl\":\"https:\/\/mf.b37mrtl.ru\/deutsch\/images\/2022.11\/thumbnail\/636bef92b480cc44697a6ee5.jpg\",\"keywords\":[\"\u00e4ndert\",\"AntiTerrorEinsatz\",\"endet\",\"Frankreich\",\"quotBarkhanequot\",\"Sahelzone\",\"Strategie\"],\"articleSection\":[\"Deutschland\",\"Russland\"],\"inLanguage\":\"de\",\"potentialAction\":[{\"@type\":\"CommentAction\",\"name\":\"Comment\",\"target\":[\"https:\/\/now-news.de\/de\/deutschland\/frankreich-aendert-strategie-in-sahelzone-anti-terror-einsatz-barkhane-endet\/#respond\"]}]},{\"@type\":\"WebPage\",\"@id\":\"https:\/\/now-news.de\/de\/deutschland\/frankreich-aendert-strategie-in-sahelzone-anti-terror-einsatz-barkhane-endet\/\",\"url\":\"https:\/\/now-news.de\/de\/deutschland\/frankreich-aendert-strategie-in-sahelzone-anti-terror-einsatz-barkhane-endet\/\",\"name\":\"Frankreich \u00e4ndert Strategie in Sahelzone \u2013 Anti-Terror-Einsatz &quot;Barkhane&quot; endet - just-now.NEWS Deutschland\",\"isPartOf\":{\"@id\":\"https:\/\/now-news.de\/de\/#website\"},\"primaryImageOfPage\":{\"@id\":\"https:\/\/now-news.de\/de\/deutschland\/frankreich-aendert-strategie-in-sahelzone-anti-terror-einsatz-barkhane-endet\/#primaryimage\"},\"image\":{\"@id\":\"https:\/\/now-news.de\/de\/deutschland\/frankreich-aendert-strategie-in-sahelzone-anti-terror-einsatz-barkhane-endet\/#primaryimage\"},\"thumbnailUrl\":\"https:\/\/mf.b37mrtl.ru\/deutsch\/images\/2022.11\/thumbnail\/636bef92b480cc44697a6ee5.jpg\",\"datePublished\":\"2022-11-10T10:03:54+00:00\",\"dateModified\":\"2022-11-10T10:03:54+00:00\",\"breadcrumb\":{\"@id\":\"https:\/\/now-news.de\/de\/deutschland\/frankreich-aendert-strategie-in-sahelzone-anti-terror-einsatz-barkhane-endet\/#breadcrumb\"},\"inLanguage\":\"de\",\"potentialAction\":[{\"@type\":\"ReadAction\",\"target\":[\"https:\/\/now-news.de\/de\/deutschland\/frankreich-aendert-strategie-in-sahelzone-anti-terror-einsatz-barkhane-endet\/\"]}]},{\"@type\":\"ImageObject\",\"inLanguage\":\"de\",\"@id\":\"https:\/\/now-news.de\/de\/deutschland\/frankreich-aendert-strategie-in-sahelzone-anti-terror-einsatz-barkhane-endet\/#primaryimage\",\"url\":\"https:\/\/mf.b37mrtl.ru\/deutsch\/images\/2022.11\/thumbnail\/636bef92b480cc44697a6ee5.jpg\",\"contentUrl\":\"https:\/\/mf.b37mrtl.ru\/deutsch\/images\/2022.11\/thumbnail\/636bef92b480cc44697a6ee5.jpg\"},{\"@type\":\"BreadcrumbList\",\"@id\":\"https:\/\/now-news.de\/de\/deutschland\/frankreich-aendert-strategie-in-sahelzone-anti-terror-einsatz-barkhane-endet\/#breadcrumb\",\"itemListElement\":[{\"@type\":\"ListItem\",\"position\":1,\"name\":\"Home\",\"item\":\"https:\/\/now-news.de\/de\/\"},{\"@type\":\"ListItem\",\"position\":2,\"name\":\"Frankreich \u00e4ndert Strategie in Sahelzone \u2013 Anti-Terror-Einsatz &quot;Barkhane&quot; endet\"}]},{\"@type\":\"WebSite\",\"@id\":\"https:\/\/now-news.de\/de\/#website\",\"url\":\"https:\/\/now-news.de\/de\/\",\"name\":\"just-now.NEWS Deutschland\",\"description\":\"Das Portal f\u00fcr unzensierte Nachrichten aus der Welt\",\"publisher\":{\"@id\":\"https:\/\/now-news.de\/de\/#organization\"},\"potentialAction\":[{\"@type\":\"SearchAction\",\"target\":{\"@type\":\"EntryPoint\",\"urlTemplate\":\"https:\/\/now-news.de\/de\/?s={search_term_string}\"},\"query-input\":\"required name=search_term_string\"}],\"inLanguage\":\"de\"},{\"@type\":\"Organization\",\"@id\":\"https:\/\/now-news.de\/de\/#organization\",\"name\":\"Just Now News\",\"url\":\"https:\/\/now-news.de\/de\/\",\"logo\":{\"@type\":\"ImageObject\",\"inLanguage\":\"de\",\"@id\":\"https:\/\/now-news.de\/de\/#\/schema\/logo\/image\/\",\"url\":\"http:\/\/just-now.news\/de\/wp-content\/uploads\/sites\/3\/2022\/04\/logo500x500.jpg\",\"contentUrl\":\"http:\/\/just-now.news\/de\/wp-content\/uploads\/sites\/3\/2022\/04\/logo500x500.jpg\",\"width\":500,\"height\":500,\"caption\":\"Just Now News\"},\"image\":{\"@id\":\"https:\/\/now-news.de\/de\/#\/schema\/logo\/image\/\"},\"sameAs\":[\"https:\/\/www.facebook.com\/wirmachenauf\",\"https:\/\/x.com\/WirMachenAuf_de\"]},{\"@type\":\"Person\",\"@id\":\"https:\/\/now-news.de\/de\/#\/schema\/person\/fb534a4e865501d8b3285208df34a9b5\",\"name\":\"rtnews\",\"image\":{\"@type\":\"ImageObject\",\"inLanguage\":\"de\",\"@id\":\"https:\/\/now-news.de\/de\/#\/schema\/person\/image\/\",\"url\":\"https:\/\/secure.gravatar.com\/avatar\/82aafea7d8127119dd649515f56e2117?s=96&d=mm&r=g\",\"contentUrl\":\"https:\/\/secure.gravatar.com\/avatar\/82aafea7d8127119dd649515f56e2117?s=96&d=mm&r=g\",\"caption\":\"rtnews\"},\"url\":\"https:\/\/now-news.de\/de\/author\/rnews\/\"}]}<\/script>\n<!-- \/ Yoast SEO Premium plugin. -->","yoast_head_json":{"title":"Frankreich \u00e4ndert Strategie in Sahelzone \u2013 Anti-Terror-Einsatz &quot;Barkhane&quot; endet - just-now.NEWS Deutschland","robots":{"index":"index","follow":"follow","max-snippet":"max-snippet:-1","max-image-preview":"max-image-preview:large","max-video-preview":"max-video-preview:-1"},"canonical":"https:\/\/now-news.de\/de\/deutschland\/frankreich-aendert-strategie-in-sahelzone-anti-terror-einsatz-barkhane-endet\/","og_locale":"de_DE","og_type":"article","og_title":"Frankreich \u00e4ndert Strategie in Sahelzone \u2013 Anti-Terror-Einsatz &quot;Barkhane&quot; endet","og_description":"Die franz\u00f6sische Mission &#8220;Barkhane&#8221;, mit der das EU-Land neun Jahre lang Mali im Anti-Terror-Kampf unterst\u00fctzt hat, ist offiziell zu Ende. Paris will allerdings weiter in der Sahelzone aktiv sein. Pr\u00e4sident Emmanuel Macron k\u00fcndigt deswegen eine neue Strategie an. Frankreichs Pr\u00e4sident Emmanuel Macron hat den Anti-Terror-Einsatz &#8220;Barkhane&#8221; in Mali offiziell f\u00fcr beendet erkl\u00e4rt. Nach dem rund [&hellip;]","og_url":"https:\/\/now-news.de\/de\/deutschland\/frankreich-aendert-strategie-in-sahelzone-anti-terror-einsatz-barkhane-endet\/","og_site_name":"just-now.NEWS Deutschland","article_publisher":"https:\/\/www.facebook.com\/wirmachenauf","article_published_time":"2022-11-10T10:03:54+00:00","og_image":[{"url":"https:\/\/mf.b37mrtl.ru\/deutsch\/images\/2022.11\/thumbnail\/636bef92b480cc44697a6ee5.jpg"}],"author":"rtnews","twitter_card":"summary_large_image","twitter_creator":"@WirMachenAuf_de","twitter_site":"@WirMachenAuf_de","twitter_misc":{"Verfasst von":"rtnews","Gesch\u00e4tzte Lesezeit":"3\u00a0Minuten"},"schema":{"@context":"https:\/\/schema.org","@graph":[{"@type":"Article","@id":"https:\/\/now-news.de\/de\/deutschland\/frankreich-aendert-strategie-in-sahelzone-anti-terror-einsatz-barkhane-endet\/#article","isPartOf":{"@id":"https:\/\/now-news.de\/de\/deutschland\/frankreich-aendert-strategie-in-sahelzone-anti-terror-einsatz-barkhane-endet\/"},"author":{"name":"rtnews","@id":"https:\/\/now-news.de\/de\/#\/schema\/person\/fb534a4e865501d8b3285208df34a9b5"},"headline":"Frankreich \u00e4ndert Strategie in Sahelzone \u2013 Anti-Terror-Einsatz &quot;Barkhane&quot; endet","datePublished":"2022-11-10T10:03:54+00:00","dateModified":"2022-11-10T10:03:54+00:00","mainEntityOfPage":{"@id":"https:\/\/now-news.de\/de\/deutschland\/frankreich-aendert-strategie-in-sahelzone-anti-terror-einsatz-barkhane-endet\/"},"wordCount":575,"commentCount":0,"publisher":{"@id":"https:\/\/now-news.de\/de\/#organization"},"image":{"@id":"https:\/\/now-news.de\/de\/deutschland\/frankreich-aendert-strategie-in-sahelzone-anti-terror-einsatz-barkhane-endet\/#primaryimage"},"thumbnailUrl":"https:\/\/mf.b37mrtl.ru\/deutsch\/images\/2022.11\/thumbnail\/636bef92b480cc44697a6ee5.jpg","keywords":["\u00e4ndert","AntiTerrorEinsatz","endet","Frankreich","quotBarkhanequot","Sahelzone","Strategie"],"articleSection":["Deutschland","Russland"],"inLanguage":"de","potentialAction":[{"@type":"CommentAction","name":"Comment","target":["https:\/\/now-news.de\/de\/deutschland\/frankreich-aendert-strategie-in-sahelzone-anti-terror-einsatz-barkhane-endet\/#respond"]}]},{"@type":"WebPage","@id":"https:\/\/now-news.de\/de\/deutschland\/frankreich-aendert-strategie-in-sahelzone-anti-terror-einsatz-barkhane-endet\/","url":"https:\/\/now-news.de\/de\/deutschland\/frankreich-aendert-strategie-in-sahelzone-anti-terror-einsatz-barkhane-endet\/","name":"Frankreich \u00e4ndert Strategie in Sahelzone \u2013 Anti-Terror-Einsatz &quot;Barkhane&quot; endet - just-now.NEWS Deutschland","isPartOf":{"@id":"https:\/\/now-news.de\/de\/#website"},"primaryImageOfPage":{"@id":"https:\/\/now-news.de\/de\/deutschland\/frankreich-aendert-strategie-in-sahelzone-anti-terror-einsatz-barkhane-endet\/#primaryimage"},"image":{"@id":"https:\/\/now-news.de\/de\/deutschland\/frankreich-aendert-strategie-in-sahelzone-anti-terror-einsatz-barkhane-endet\/#primaryimage"},"thumbnailUrl":"https:\/\/mf.b37mrtl.ru\/deutsch\/images\/2022.11\/thumbnail\/636bef92b480cc44697a6ee5.jpg","datePublished":"2022-11-10T10:03:54+00:00","dateModified":"2022-11-10T10:03:54+00:00","breadcrumb":{"@id":"https:\/\/now-news.de\/de\/deutschland\/frankreich-aendert-strategie-in-sahelzone-anti-terror-einsatz-barkhane-endet\/#breadcrumb"},"inLanguage":"de","potentialAction":[{"@type":"ReadAction","target":["https:\/\/now-news.de\/de\/deutschland\/frankreich-aendert-strategie-in-sahelzone-anti-terror-einsatz-barkhane-endet\/"]}]},{"@type":"ImageObject","inLanguage":"de","@id":"https:\/\/now-news.de\/de\/deutschland\/frankreich-aendert-strategie-in-sahelzone-anti-terror-einsatz-barkhane-endet\/#primaryimage","url":"https:\/\/mf.b37mrtl.ru\/deutsch\/images\/2022.11\/thumbnail\/636bef92b480cc44697a6ee5.jpg","contentUrl":"https:\/\/mf.b37mrtl.ru\/deutsch\/images\/2022.11\/thumbnail\/636bef92b480cc44697a6ee5.jpg"},{"@type":"BreadcrumbList","@id":"https:\/\/now-news.de\/de\/deutschland\/frankreich-aendert-strategie-in-sahelzone-anti-terror-einsatz-barkhane-endet\/#breadcrumb","itemListElement":[{"@type":"ListItem","position":1,"name":"Home","item":"https:\/\/now-news.de\/de\/"},{"@type":"ListItem","position":2,"name":"Frankreich \u00e4ndert Strategie in Sahelzone \u2013 Anti-Terror-Einsatz &quot;Barkhane&quot; endet"}]},{"@type":"WebSite","@id":"https:\/\/now-news.de\/de\/#website","url":"https:\/\/now-news.de\/de\/","name":"just-now.NEWS Deutschland","description":"Das Portal f\u00fcr unzensierte Nachrichten aus der Welt","publisher":{"@id":"https:\/\/now-news.de\/de\/#organization"},"potentialAction":[{"@type":"SearchAction","target":{"@type":"EntryPoint","urlTemplate":"https:\/\/now-news.de\/de\/?s={search_term_string}"},"query-input":"required name=search_term_string"}],"inLanguage":"de"},{"@type":"Organization","@id":"https:\/\/now-news.de\/de\/#organization","name":"Just Now News","url":"https:\/\/now-news.de\/de\/","logo":{"@type":"ImageObject","inLanguage":"de","@id":"https:\/\/now-news.de\/de\/#\/schema\/logo\/image\/","url":"http:\/\/just-now.news\/de\/wp-content\/uploads\/sites\/3\/2022\/04\/logo500x500.jpg","contentUrl":"http:\/\/just-now.news\/de\/wp-content\/uploads\/sites\/3\/2022\/04\/logo500x500.jpg","width":500,"height":500,"caption":"Just Now News"},"image":{"@id":"https:\/\/now-news.de\/de\/#\/schema\/logo\/image\/"},"sameAs":["https:\/\/www.facebook.com\/wirmachenauf","https:\/\/x.com\/WirMachenAuf_de"]},{"@type":"Person","@id":"https:\/\/now-news.de\/de\/#\/schema\/person\/fb534a4e865501d8b3285208df34a9b5","name":"rtnews","image":{"@type":"ImageObject","inLanguage":"de","@id":"https:\/\/now-news.de\/de\/#\/schema\/person\/image\/","url":"https:\/\/secure.gravatar.com\/avatar\/82aafea7d8127119dd649515f56e2117?s=96&d=mm&r=g","contentUrl":"https:\/\/secure.gravatar.com\/avatar\/82aafea7d8127119dd649515f56e2117?s=96&d=mm&r=g","caption":"rtnews"},"url":"https:\/\/now-news.de\/de\/author\/rnews\/"}]}},"_links":{"self":[{"href":"https:\/\/now-news.de\/de\/wp-json\/wp\/v2\/posts\/22820"}],"collection":[{"href":"https:\/\/now-news.de\/de\/wp-json\/wp\/v2\/posts"}],"about":[{"href":"https:\/\/now-news.de\/de\/wp-json\/wp\/v2\/types\/post"}],"author":[{"embeddable":true,"href":"https:\/\/now-news.de\/de\/wp-json\/wp\/v2\/users\/3"}],"replies":[{"embeddable":true,"href":"https:\/\/now-news.de\/de\/wp-json\/wp\/v2\/comments?post=22820"}],"version-history":[{"count":0,"href":"https:\/\/now-news.de\/de\/wp-json\/wp\/v2\/posts\/22820\/revisions"}],"wp:attachment":[{"href":"https:\/\/now-news.de\/de\/wp-json\/wp\/v2\/media?parent=22820"}],"wp:term":[{"taxonomy":"category","embeddable":true,"href":"https:\/\/now-news.de\/de\/wp-json\/wp\/v2\/categories?post=22820"},{"taxonomy":"post_tag","embeddable":true,"href":"https:\/\/now-news.de\/de\/wp-json\/wp\/v2\/tags?post=22820"}],"curies":[{"name":"wp","href":"https:\/\/api.w.org\/{rel}","templated":true}]}}