{"id":22814,"date":"2022-11-10T10:09:55","date_gmt":"2022-11-10T08:09:55","guid":{"rendered":"http:\/\/just-now.news\/de\/deutschland\/reuters-wladimir-putin-nimmt-laut-indonesischen-offiziellen-nicht-am-g20-treffen-teil\/"},"modified":"2022-11-10T10:09:55","modified_gmt":"2022-11-10T08:09:55","slug":"reuters-wladimir-putin-nimmt-laut-indonesischen-offiziellen-nicht-am-g20-treffen-teil","status":"publish","type":"post","link":"https:\/\/now-news.de\/de\/deutschland\/reuters-wladimir-putin-nimmt-laut-indonesischen-offiziellen-nicht-am-g20-treffen-teil\/","title":{"rendered":"Reuters: Wladimir Putin nimmt laut indonesischen Offiziellen nicht am G20-Treffen teil"},"content":{"rendered":"<p><img decoding=\"async\" src=\"http:\/\/just-now.news\/de\/wp-content\/uploads\/sites\/3\/2022\/11\/636cabbdb480cc7203216017.jpg\" \/><\/p>\n<div class=\"Text-root Text-type_1 \">\n                Wladimir Putin wird nun doch nicht zum Treffen der G20-Staats- und Regierungschefs nach Indonesien reisen, berichtet Reuters unter Berufung auf indonesische Beamte. Es werde jedoch erwartet, dass er bei einem der Treffen virtuell auftritt.\n            <\/div>\n<p><\/p>\n<div class=\"Text-root Text-type_5 ArticleView-text ViewText-root \">\n<p>Die Nachrichtenagentur <em>Reuters<\/em>\u00a0<a rel=\"nofollow noopener\" target=\"_blank\" href=\"https:\/\/www.reuters.com\/world\/russias-putin-will-not-attend-g20-summit-bali-indonesian-official-2022-11-10\/\">meldet<\/a> unter Berufung auf indonesische Beh\u00f6rden, dass eine endg\u00fcltige Entscheidung \u00fcber den Besuch von Wladimir Putin auf dem G20-Gipfel in Bali nun getroffen wurde. Nach Angaben der Agentur wird Putin nicht pers\u00f6nlich an dem Treffen teilnehmen, sondern von Au\u00dfenminister Sergei Lawrow vertreten werden. <em>Reuters <\/em>berichtet:<\/p>\n<blockquote>\n<p><em>&#8220;Der russische Pr\u00e4sident werde virtuell an einem der Treffen auf dem Gipfel teilnehmen, sagte Jodi Mahardi, ein Sprecher des indonesischen Koordinationsministers f\u00fcr maritime und Investitionsangelegenheiten.&#8221;<\/em><\/p>\n<\/blockquote>\n<p>Laut der Agenturmeldung best\u00e4tigte ein Sprecher der russischen Botschaft in Indonesien, &#8220;dass Putin nicht am Gipfeltreffen teilnehmen werde, gab aber keine weiteren Erkl\u00e4rungen ab&#8221;.<\/p>\n<p>Wie der indonesische Pr\u00e4sident Joko Widodo im Vorfeld des internationalen Treffens betonte, sei der G20-Gipfel nicht als politisches Forum gedacht. Es solle um Wirtschaft und Entwicklung gehen.<\/p>\n<p>Deshalb versuche man &#8220;die geopolitischen Reibereien zwischen den M\u00e4chten der G20 zu schlichten&#8221;, erkl\u00e4rt <em>Reuters<\/em>. &#8220;Bei den Treffen in diesem Jahr kam es zu Arbeitsniederlegungen und Boykottdrohungen&#8221;, so die Agentur weiter. Trotzdem betone Widodo stets, dass Russland auf dem Gipfel willkommen sei. <em>Reuters<\/em> schreibt:<\/p>\n<p><em>&#8220;Als G20-Gastgeber hat Indonesien dem Druck westlicher L\u00e4nder und der Ukraine widerstanden, seine Einladung an Putin zur\u00fcckzuziehen und Russland wegen des Beginns des Krieges in der Ukraine aus der Gruppe auszuschlie\u00dfen, da es nach eigener Aussage nicht die Befugnis habe, dies ohne einen Konsens der Mitglieder zu tun.&#8221;<\/em><\/p>\n<p>Dmitri Peskow, der Pressesprecher des russischen Pr\u00e4sidenten, best\u00e4tigte k\u00fcrzlich ebenfalls, dass Russland auf dem G20-Gipfel durch Au\u00dfenminister Sergei Lawrow vertreten sein wird, berichtete die Zeitung <em>Kommersant<\/em> am 10. November.<\/p>\n<p><strong>Mehr zum Thema &#8211;<\/strong>\u00a0<a rel=\"nofollow noopener\" target=\"_blank\" href=\"https:\/\/de.rt.com\/international\/146534-indonesischer-prasident-bestatigt-putins-teilnahme\/\">Indonesischer Pr\u00e4sident best\u00e4tigt Putins Teilnahme am G20-Gipfel auf Bali<\/a><\/p>\n<\/p>\n<\/div>\n<p><br \/>\n<br \/><a href=\"https:\/\/de.rt.com\/international\/153938-reuters-wladimir-putin-nimmt-laut\/\">Source link <\/a><\/p>\n","protected":false},"excerpt":{"rendered":"<p>Wladimir Putin wird nun doch nicht zum Treffen der G20-Staats- und Regierungschefs nach Indonesien reisen, berichtet Reuters unter Berufung auf indonesische Beamte. Es werde jedoch erwartet, dass er bei einem der Treffen virtuell auftritt. Die Nachrichtenagentur Reuters\u00a0meldet unter Berufung auf indonesische Beh\u00f6rden, dass eine endg\u00fcltige Entscheidung \u00fcber den Besuch von Wladimir Putin auf dem G20-Gipfel [&hellip;]<\/p>\n","protected":false},"author":3,"featured_media":22815,"comment_status":"open","ping_status":"open","sticky":false,"template":"","format":"standard","meta":{"wp_automatic_camp":["217"],"04831944419b2dcf5b566178c91371d3":["Reuters: Wladimir Putin nimmt laut indonesischen Offiziellen nicht am G20-Treffen teil"],"original_link":["https:\/\/de.rt.com\/international\/153938-reuters-wladimir-putin-nimmt-laut\/"],"_thumbnail_id":["22815"],"jnews_social_counter_last_update":["1777540229"]},"categories":[19,23],"tags":[35612,25364,4730,800,5233,27776,125,40,3240,6987],"yoast_head":"<!-- This site is optimized with the Yoast SEO Premium plugin v22.7 (Yoast SEO v22.7) - https:\/\/yoast.com\/wordpress\/plugins\/seo\/ -->\n<title>Reuters: Wladimir Putin nimmt laut indonesischen Offiziellen nicht am G20-Treffen teil - just-now.NEWS Deutschland<\/title>\n<meta name=\"robots\" content=\"index, follow, max-snippet:-1, max-image-preview:large, max-video-preview:-1\" \/>\n<link rel=\"canonical\" href=\"https:\/\/now-news.de\/de\/deutschland\/reuters-wladimir-putin-nimmt-laut-indonesischen-offiziellen-nicht-am-g20-treffen-teil\/\" \/>\n<meta property=\"og:locale\" content=\"de_DE\" \/>\n<meta property=\"og:type\" content=\"article\" \/>\n<meta property=\"og:title\" content=\"Reuters: Wladimir Putin nimmt laut indonesischen Offiziellen nicht am G20-Treffen teil\" \/>\n<meta property=\"og:description\" content=\"Wladimir Putin wird nun doch nicht zum Treffen der G20-Staats- und Regierungschefs nach Indonesien reisen, berichtet Reuters unter Berufung auf indonesische Beamte. Es werde jedoch erwartet, dass er bei einem der Treffen virtuell auftritt. Die Nachrichtenagentur Reuters\u00a0meldet unter Berufung auf indonesische Beh\u00f6rden, dass eine endg\u00fcltige Entscheidung \u00fcber den Besuch von Wladimir Putin auf dem G20-Gipfel [&hellip;]\" \/>\n<meta property=\"og:url\" content=\"https:\/\/now-news.de\/de\/deutschland\/reuters-wladimir-putin-nimmt-laut-indonesischen-offiziellen-nicht-am-g20-treffen-teil\/\" \/>\n<meta property=\"og:site_name\" content=\"just-now.NEWS Deutschland\" \/>\n<meta property=\"article:publisher\" content=\"https:\/\/www.facebook.com\/wirmachenauf\" \/>\n<meta property=\"article:published_time\" content=\"2022-11-10T08:09:55+00:00\" \/>\n<meta property=\"og:image\" content=\"https:\/\/now-news.de\/de\/wp-content\/uploads\/sites\/3\/2022\/11\/Reuters-Wladimir-Putin-nimmt-laut-indonesischen-Offiziellen-nicht-am-G20-Treffen.jpg\" \/>\n\t<meta property=\"og:image:width\" content=\"460\" \/>\n\t<meta property=\"og:image:height\" content=\"259\" \/>\n\t<meta property=\"og:image:type\" content=\"image\/jpeg\" \/>\n<meta name=\"author\" content=\"rtnews\" \/>\n<meta name=\"twitter:card\" content=\"summary_large_image\" \/>\n<meta name=\"twitter:creator\" content=\"@WirMachenAuf_de\" \/>\n<meta name=\"twitter:site\" content=\"@WirMachenAuf_de\" \/>\n<meta name=\"twitter:label1\" content=\"Verfasst von\" \/>\n\t<meta name=\"twitter:data1\" content=\"rtnews\" \/>\n\t<meta name=\"twitter:label2\" content=\"Gesch\u00e4tzte Lesezeit\" \/>\n\t<meta name=\"twitter:data2\" content=\"2\u00a0Minuten\" \/>\n<script type=\"application\/ld+json\" class=\"yoast-schema-graph\">{\"@context\":\"https:\/\/schema.org\",\"@graph\":[{\"@type\":\"Article\",\"@id\":\"https:\/\/now-news.de\/de\/deutschland\/reuters-wladimir-putin-nimmt-laut-indonesischen-offiziellen-nicht-am-g20-treffen-teil\/#article\",\"isPartOf\":{\"@id\":\"https:\/\/now-news.de\/de\/deutschland\/reuters-wladimir-putin-nimmt-laut-indonesischen-offiziellen-nicht-am-g20-treffen-teil\/\"},\"author\":{\"name\":\"rtnews\",\"@id\":\"https:\/\/now-news.de\/de\/#\/schema\/person\/fb534a4e865501d8b3285208df34a9b5\"},\"headline\":\"Reuters: Wladimir Putin nimmt laut indonesischen Offiziellen nicht am G20-Treffen teil\",\"datePublished\":\"2022-11-10T08:09:55+00:00\",\"dateModified\":\"2022-11-10T08:09:55+00:00\",\"mainEntityOfPage\":{\"@id\":\"https:\/\/now-news.de\/de\/deutschland\/reuters-wladimir-putin-nimmt-laut-indonesischen-offiziellen-nicht-am-g20-treffen-teil\/\"},\"wordCount\":332,\"commentCount\":0,\"publisher\":{\"@id\":\"https:\/\/now-news.de\/de\/#organization\"},\"image\":{\"@id\":\"https:\/\/now-news.de\/de\/deutschland\/reuters-wladimir-putin-nimmt-laut-indonesischen-offiziellen-nicht-am-g20-treffen-teil\/#primaryimage\"},\"thumbnailUrl\":\"https:\/\/now-news.de\/de\/wp-content\/uploads\/sites\/3\/2022\/11\/Reuters-Wladimir-Putin-nimmt-laut-indonesischen-Offiziellen-nicht-am-G20-Treffen.jpg\",\"keywords\":[\"G20Treffen\",\"indonesischen\",\"laut\",\"nicht\",\"nimmt\",\"offiziellen\",\"putin\",\"Reuters\",\"Teil\",\"Wladimir\"],\"articleSection\":[\"Deutschland\",\"Russland\"],\"inLanguage\":\"de\",\"potentialAction\":[{\"@type\":\"CommentAction\",\"name\":\"Comment\",\"target\":[\"https:\/\/now-news.de\/de\/deutschland\/reuters-wladimir-putin-nimmt-laut-indonesischen-offiziellen-nicht-am-g20-treffen-teil\/#respond\"]}]},{\"@type\":\"WebPage\",\"@id\":\"https:\/\/now-news.de\/de\/deutschland\/reuters-wladimir-putin-nimmt-laut-indonesischen-offiziellen-nicht-am-g20-treffen-teil\/\",\"url\":\"https:\/\/now-news.de\/de\/deutschland\/reuters-wladimir-putin-nimmt-laut-indonesischen-offiziellen-nicht-am-g20-treffen-teil\/\",\"name\":\"Reuters: Wladimir Putin nimmt laut indonesischen Offiziellen nicht am G20-Treffen teil - just-now.NEWS Deutschland\",\"isPartOf\":{\"@id\":\"https:\/\/now-news.de\/de\/#website\"},\"primaryImageOfPage\":{\"@id\":\"https:\/\/now-news.de\/de\/deutschland\/reuters-wladimir-putin-nimmt-laut-indonesischen-offiziellen-nicht-am-g20-treffen-teil\/#primaryimage\"},\"image\":{\"@id\":\"https:\/\/now-news.de\/de\/deutschland\/reuters-wladimir-putin-nimmt-laut-indonesischen-offiziellen-nicht-am-g20-treffen-teil\/#primaryimage\"},\"thumbnailUrl\":\"https:\/\/now-news.de\/de\/wp-content\/uploads\/sites\/3\/2022\/11\/Reuters-Wladimir-Putin-nimmt-laut-indonesischen-Offiziellen-nicht-am-G20-Treffen.jpg\",\"datePublished\":\"2022-11-10T08:09:55+00:00\",\"dateModified\":\"2022-11-10T08:09:55+00:00\",\"breadcrumb\":{\"@id\":\"https:\/\/now-news.de\/de\/deutschland\/reuters-wladimir-putin-nimmt-laut-indonesischen-offiziellen-nicht-am-g20-treffen-teil\/#breadcrumb\"},\"inLanguage\":\"de\",\"potentialAction\":[{\"@type\":\"ReadAction\",\"target\":[\"https:\/\/now-news.de\/de\/deutschland\/reuters-wladimir-putin-nimmt-laut-indonesischen-offiziellen-nicht-am-g20-treffen-teil\/\"]}]},{\"@type\":\"ImageObject\",\"inLanguage\":\"de\",\"@id\":\"https:\/\/now-news.de\/de\/deutschland\/reuters-wladimir-putin-nimmt-laut-indonesischen-offiziellen-nicht-am-g20-treffen-teil\/#primaryimage\",\"url\":\"https:\/\/now-news.de\/de\/wp-content\/uploads\/sites\/3\/2022\/11\/Reuters-Wladimir-Putin-nimmt-laut-indonesischen-Offiziellen-nicht-am-G20-Treffen.jpg\",\"contentUrl\":\"https:\/\/now-news.de\/de\/wp-content\/uploads\/sites\/3\/2022\/11\/Reuters-Wladimir-Putin-nimmt-laut-indonesischen-Offiziellen-nicht-am-G20-Treffen.jpg\",\"width\":460,\"height\":259,\"caption\":\"Reuters: Wladimir Putin nimmt laut indonesischen Offiziellen nicht am G20-Treffen teil\"},{\"@type\":\"BreadcrumbList\",\"@id\":\"https:\/\/now-news.de\/de\/deutschland\/reuters-wladimir-putin-nimmt-laut-indonesischen-offiziellen-nicht-am-g20-treffen-teil\/#breadcrumb\",\"itemListElement\":[{\"@type\":\"ListItem\",\"position\":1,\"name\":\"Home\",\"item\":\"https:\/\/now-news.de\/de\/\"},{\"@type\":\"ListItem\",\"position\":2,\"name\":\"Reuters: Wladimir Putin nimmt laut indonesischen Offiziellen nicht am G20-Treffen teil\"}]},{\"@type\":\"WebSite\",\"@id\":\"https:\/\/now-news.de\/de\/#website\",\"url\":\"https:\/\/now-news.de\/de\/\",\"name\":\"just-now.NEWS Deutschland\",\"description\":\"Das Portal f\u00fcr unzensierte Nachrichten aus der Welt\",\"publisher\":{\"@id\":\"https:\/\/now-news.de\/de\/#organization\"},\"potentialAction\":[{\"@type\":\"SearchAction\",\"target\":{\"@type\":\"EntryPoint\",\"urlTemplate\":\"https:\/\/now-news.de\/de\/?s={search_term_string}\"},\"query-input\":\"required name=search_term_string\"}],\"inLanguage\":\"de\"},{\"@type\":\"Organization\",\"@id\":\"https:\/\/now-news.de\/de\/#organization\",\"name\":\"Just Now News\",\"url\":\"https:\/\/now-news.de\/de\/\",\"logo\":{\"@type\":\"ImageObject\",\"inLanguage\":\"de\",\"@id\":\"https:\/\/now-news.de\/de\/#\/schema\/logo\/image\/\",\"url\":\"http:\/\/just-now.news\/de\/wp-content\/uploads\/sites\/3\/2022\/04\/logo500x500.jpg\",\"contentUrl\":\"http:\/\/just-now.news\/de\/wp-content\/uploads\/sites\/3\/2022\/04\/logo500x500.jpg\",\"width\":500,\"height\":500,\"caption\":\"Just Now News\"},\"image\":{\"@id\":\"https:\/\/now-news.de\/de\/#\/schema\/logo\/image\/\"},\"sameAs\":[\"https:\/\/www.facebook.com\/wirmachenauf\",\"https:\/\/x.com\/WirMachenAuf_de\"]},{\"@type\":\"Person\",\"@id\":\"https:\/\/now-news.de\/de\/#\/schema\/person\/fb534a4e865501d8b3285208df34a9b5\",\"name\":\"rtnews\",\"image\":{\"@type\":\"ImageObject\",\"inLanguage\":\"de\",\"@id\":\"https:\/\/now-news.de\/de\/#\/schema\/person\/image\/\",\"url\":\"https:\/\/secure.gravatar.com\/avatar\/82aafea7d8127119dd649515f56e2117?s=96&d=mm&r=g\",\"contentUrl\":\"https:\/\/secure.gravatar.com\/avatar\/82aafea7d8127119dd649515f56e2117?s=96&d=mm&r=g\",\"caption\":\"rtnews\"},\"url\":\"https:\/\/now-news.de\/de\/author\/rnews\/\"}]}<\/script>\n<!-- \/ Yoast SEO Premium plugin. -->","yoast_head_json":{"title":"Reuters: Wladimir Putin nimmt laut indonesischen Offiziellen nicht am G20-Treffen teil - just-now.NEWS Deutschland","robots":{"index":"index","follow":"follow","max-snippet":"max-snippet:-1","max-image-preview":"max-image-preview:large","max-video-preview":"max-video-preview:-1"},"canonical":"https:\/\/now-news.de\/de\/deutschland\/reuters-wladimir-putin-nimmt-laut-indonesischen-offiziellen-nicht-am-g20-treffen-teil\/","og_locale":"de_DE","og_type":"article","og_title":"Reuters: Wladimir Putin nimmt laut indonesischen Offiziellen nicht am G20-Treffen teil","og_description":"Wladimir Putin wird nun doch nicht zum Treffen der G20-Staats- und Regierungschefs nach Indonesien reisen, berichtet Reuters unter Berufung auf indonesische Beamte. Es werde jedoch erwartet, dass er bei einem der Treffen virtuell auftritt. Die Nachrichtenagentur Reuters\u00a0meldet unter Berufung auf indonesische Beh\u00f6rden, dass eine endg\u00fcltige Entscheidung \u00fcber den Besuch von Wladimir Putin auf dem G20-Gipfel [&hellip;]","og_url":"https:\/\/now-news.de\/de\/deutschland\/reuters-wladimir-putin-nimmt-laut-indonesischen-offiziellen-nicht-am-g20-treffen-teil\/","og_site_name":"just-now.NEWS Deutschland","article_publisher":"https:\/\/www.facebook.com\/wirmachenauf","article_published_time":"2022-11-10T08:09:55+00:00","og_image":[{"width":460,"height":259,"url":"https:\/\/now-news.de\/de\/wp-content\/uploads\/sites\/3\/2022\/11\/Reuters-Wladimir-Putin-nimmt-laut-indonesischen-Offiziellen-nicht-am-G20-Treffen.jpg","type":"image\/jpeg"}],"author":"rtnews","twitter_card":"summary_large_image","twitter_creator":"@WirMachenAuf_de","twitter_site":"@WirMachenAuf_de","twitter_misc":{"Verfasst von":"rtnews","Gesch\u00e4tzte Lesezeit":"2\u00a0Minuten"},"schema":{"@context":"https:\/\/schema.org","@graph":[{"@type":"Article","@id":"https:\/\/now-news.de\/de\/deutschland\/reuters-wladimir-putin-nimmt-laut-indonesischen-offiziellen-nicht-am-g20-treffen-teil\/#article","isPartOf":{"@id":"https:\/\/now-news.de\/de\/deutschland\/reuters-wladimir-putin-nimmt-laut-indonesischen-offiziellen-nicht-am-g20-treffen-teil\/"},"author":{"name":"rtnews","@id":"https:\/\/now-news.de\/de\/#\/schema\/person\/fb534a4e865501d8b3285208df34a9b5"},"headline":"Reuters: Wladimir Putin nimmt laut indonesischen Offiziellen nicht am G20-Treffen teil","datePublished":"2022-11-10T08:09:55+00:00","dateModified":"2022-11-10T08:09:55+00:00","mainEntityOfPage":{"@id":"https:\/\/now-news.de\/de\/deutschland\/reuters-wladimir-putin-nimmt-laut-indonesischen-offiziellen-nicht-am-g20-treffen-teil\/"},"wordCount":332,"commentCount":0,"publisher":{"@id":"https:\/\/now-news.de\/de\/#organization"},"image":{"@id":"https:\/\/now-news.de\/de\/deutschland\/reuters-wladimir-putin-nimmt-laut-indonesischen-offiziellen-nicht-am-g20-treffen-teil\/#primaryimage"},"thumbnailUrl":"https:\/\/now-news.de\/de\/wp-content\/uploads\/sites\/3\/2022\/11\/Reuters-Wladimir-Putin-nimmt-laut-indonesischen-Offiziellen-nicht-am-G20-Treffen.jpg","keywords":["G20Treffen","indonesischen","laut","nicht","nimmt","offiziellen","putin","Reuters","Teil","Wladimir"],"articleSection":["Deutschland","Russland"],"inLanguage":"de","potentialAction":[{"@type":"CommentAction","name":"Comment","target":["https:\/\/now-news.de\/de\/deutschland\/reuters-wladimir-putin-nimmt-laut-indonesischen-offiziellen-nicht-am-g20-treffen-teil\/#respond"]}]},{"@type":"WebPage","@id":"https:\/\/now-news.de\/de\/deutschland\/reuters-wladimir-putin-nimmt-laut-indonesischen-offiziellen-nicht-am-g20-treffen-teil\/","url":"https:\/\/now-news.de\/de\/deutschland\/reuters-wladimir-putin-nimmt-laut-indonesischen-offiziellen-nicht-am-g20-treffen-teil\/","name":"Reuters: Wladimir Putin nimmt laut indonesischen Offiziellen nicht am G20-Treffen teil - just-now.NEWS Deutschland","isPartOf":{"@id":"https:\/\/now-news.de\/de\/#website"},"primaryImageOfPage":{"@id":"https:\/\/now-news.de\/de\/deutschland\/reuters-wladimir-putin-nimmt-laut-indonesischen-offiziellen-nicht-am-g20-treffen-teil\/#primaryimage"},"image":{"@id":"https:\/\/now-news.de\/de\/deutschland\/reuters-wladimir-putin-nimmt-laut-indonesischen-offiziellen-nicht-am-g20-treffen-teil\/#primaryimage"},"thumbnailUrl":"https:\/\/now-news.de\/de\/wp-content\/uploads\/sites\/3\/2022\/11\/Reuters-Wladimir-Putin-nimmt-laut-indonesischen-Offiziellen-nicht-am-G20-Treffen.jpg","datePublished":"2022-11-10T08:09:55+00:00","dateModified":"2022-11-10T08:09:55+00:00","breadcrumb":{"@id":"https:\/\/now-news.de\/de\/deutschland\/reuters-wladimir-putin-nimmt-laut-indonesischen-offiziellen-nicht-am-g20-treffen-teil\/#breadcrumb"},"inLanguage":"de","potentialAction":[{"@type":"ReadAction","target":["https:\/\/now-news.de\/de\/deutschland\/reuters-wladimir-putin-nimmt-laut-indonesischen-offiziellen-nicht-am-g20-treffen-teil\/"]}]},{"@type":"ImageObject","inLanguage":"de","@id":"https:\/\/now-news.de\/de\/deutschland\/reuters-wladimir-putin-nimmt-laut-indonesischen-offiziellen-nicht-am-g20-treffen-teil\/#primaryimage","url":"https:\/\/now-news.de\/de\/wp-content\/uploads\/sites\/3\/2022\/11\/Reuters-Wladimir-Putin-nimmt-laut-indonesischen-Offiziellen-nicht-am-G20-Treffen.jpg","contentUrl":"https:\/\/now-news.de\/de\/wp-content\/uploads\/sites\/3\/2022\/11\/Reuters-Wladimir-Putin-nimmt-laut-indonesischen-Offiziellen-nicht-am-G20-Treffen.jpg","width":460,"height":259,"caption":"Reuters: Wladimir Putin nimmt laut indonesischen Offiziellen nicht am G20-Treffen teil"},{"@type":"BreadcrumbList","@id":"https:\/\/now-news.de\/de\/deutschland\/reuters-wladimir-putin-nimmt-laut-indonesischen-offiziellen-nicht-am-g20-treffen-teil\/#breadcrumb","itemListElement":[{"@type":"ListItem","position":1,"name":"Home","item":"https:\/\/now-news.de\/de\/"},{"@type":"ListItem","position":2,"name":"Reuters: Wladimir Putin nimmt laut indonesischen Offiziellen nicht am G20-Treffen teil"}]},{"@type":"WebSite","@id":"https:\/\/now-news.de\/de\/#website","url":"https:\/\/now-news.de\/de\/","name":"just-now.NEWS Deutschland","description":"Das Portal f\u00fcr unzensierte Nachrichten aus der Welt","publisher":{"@id":"https:\/\/now-news.de\/de\/#organization"},"potentialAction":[{"@type":"SearchAction","target":{"@type":"EntryPoint","urlTemplate":"https:\/\/now-news.de\/de\/?s={search_term_string}"},"query-input":"required name=search_term_string"}],"inLanguage":"de"},{"@type":"Organization","@id":"https:\/\/now-news.de\/de\/#organization","name":"Just Now News","url":"https:\/\/now-news.de\/de\/","logo":{"@type":"ImageObject","inLanguage":"de","@id":"https:\/\/now-news.de\/de\/#\/schema\/logo\/image\/","url":"http:\/\/just-now.news\/de\/wp-content\/uploads\/sites\/3\/2022\/04\/logo500x500.jpg","contentUrl":"http:\/\/just-now.news\/de\/wp-content\/uploads\/sites\/3\/2022\/04\/logo500x500.jpg","width":500,"height":500,"caption":"Just Now News"},"image":{"@id":"https:\/\/now-news.de\/de\/#\/schema\/logo\/image\/"},"sameAs":["https:\/\/www.facebook.com\/wirmachenauf","https:\/\/x.com\/WirMachenAuf_de"]},{"@type":"Person","@id":"https:\/\/now-news.de\/de\/#\/schema\/person\/fb534a4e865501d8b3285208df34a9b5","name":"rtnews","image":{"@type":"ImageObject","inLanguage":"de","@id":"https:\/\/now-news.de\/de\/#\/schema\/person\/image\/","url":"https:\/\/secure.gravatar.com\/avatar\/82aafea7d8127119dd649515f56e2117?s=96&d=mm&r=g","contentUrl":"https:\/\/secure.gravatar.com\/avatar\/82aafea7d8127119dd649515f56e2117?s=96&d=mm&r=g","caption":"rtnews"},"url":"https:\/\/now-news.de\/de\/author\/rnews\/"}]}},"_links":{"self":[{"href":"https:\/\/now-news.de\/de\/wp-json\/wp\/v2\/posts\/22814"}],"collection":[{"href":"https:\/\/now-news.de\/de\/wp-json\/wp\/v2\/posts"}],"about":[{"href":"https:\/\/now-news.de\/de\/wp-json\/wp\/v2\/types\/post"}],"author":[{"embeddable":true,"href":"https:\/\/now-news.de\/de\/wp-json\/wp\/v2\/users\/3"}],"replies":[{"embeddable":true,"href":"https:\/\/now-news.de\/de\/wp-json\/wp\/v2\/comments?post=22814"}],"version-history":[{"count":0,"href":"https:\/\/now-news.de\/de\/wp-json\/wp\/v2\/posts\/22814\/revisions"}],"wp:featuredmedia":[{"embeddable":true,"href":"https:\/\/now-news.de\/de\/wp-json\/wp\/v2\/media\/22815"}],"wp:attachment":[{"href":"https:\/\/now-news.de\/de\/wp-json\/wp\/v2\/media?parent=22814"}],"wp:term":[{"taxonomy":"category","embeddable":true,"href":"https:\/\/now-news.de\/de\/wp-json\/wp\/v2\/categories?post=22814"},{"taxonomy":"post_tag","embeddable":true,"href":"https:\/\/now-news.de\/de\/wp-json\/wp\/v2\/tags?post=22814"}],"curies":[{"name":"wp","href":"https:\/\/api.w.org\/{rel}","templated":true}]}}