{"id":22745,"date":"2022-11-09T14:55:23","date_gmt":"2022-11-09T12:55:23","guid":{"rendered":"http:\/\/just-now.news\/de\/deutschland\/treppenwitz-der-woche-ungelernte-gruenen-politikerin-zieht-in-vw-aufsichtsrat\/"},"modified":"2022-11-09T14:55:23","modified_gmt":"2022-11-09T12:55:23","slug":"treppenwitz-der-woche-ungelernte-gruenen-politikerin-zieht-in-vw-aufsichtsrat","status":"publish","type":"post","link":"https:\/\/now-news.de\/de\/deutschland\/treppenwitz-der-woche-ungelernte-gruenen-politikerin-zieht-in-vw-aufsichtsrat\/","title":{"rendered":"Treppenwitz der Woche: Ungelernte Gr\u00fcnen-Politikerin zieht in VW-Aufsichtsrat"},"content":{"rendered":"<p><img decoding=\"async\" src=\"http:\/\/just-now.news\/de\/wp-content\/uploads\/sites\/3\/2022\/11\/636b51c5b480cc12dd4e743f.jpg\" \/><\/p>\n<div class=\"Text-root Text-type_1 \">\n                Sollten Politiker im Rahmen ihrer Positionen wenigstens etwas Vorwissen oder im besten Fall sogar Qualifikationen vorweisen k\u00f6nnen? Eigentlich ja. Aber die Tendenz ehrgeiziger Studienabbrecher als Politkarrieristen setzt sich gerade in Niedersachsen fort.\n            <\/div>\n<p><\/p>\n<div class=\"Text-root Text-type_5 ArticleView-text ViewText-root \">\n<p><em>Von Bernhard Loyen<\/em><\/p>\n<p>Leitende \u00c4mter bedeuten Verantwortung\u00a0gegen\u00fcber B\u00fcrgern wie auch potenziellen Angestellten. Die Ernennung oder Besetzung einer leitenden politischen Position\u00a0setzte fr\u00fcher \u2013 zumindest zu Zeiten wirtschaftlicher Grundstabilit\u00e4t in diesem Land \u2013 noch eine entsprechende\u00a0Qualifikation voraus.<\/p>\n<p>Der Karrieresprung\u00a0einer Gr\u00fcnen-Spitzenkandidatin der Landtagswahlen in Niedersachsen 2022 sorgt nun f\u00fcr gewaltige Irritationen. Die neue Vize-Ministerpr\u00e4sidentin hei\u00dft\u00a0Julia Willie Hamburg. Sie ist 36 Jahre alt. Was zeichnet ihr pers\u00f6nlicher und beruflicher Werdegang f\u00fcr dieses verantwortungsvolle Amt aus? Nichts,\u00a0null,\u00a0nada.<\/p>\n<p>Diese Nulleignung, die Unf\u00e4higkeit gepaart mit Selbst\u00fcbersch\u00e4tzung, ist\u00a0jedoch das politisch-gesellschaftliche Ph\u00e4nomen der Stunde. Eingefordert und beeindruckend zelebriert seit der letzten Bundestagswahl vor allem durch die Partei Die Gr\u00fcnen. Im Falle von Hamburg gipfelt der Irrsinn in der Tatsache, dass die Studienabbrecherin ohne jeglichen Berufsabschluss nun auch\u00a0in den VW-Aufsichtsrat berufen wurde.\u00a0&#8220;Ohne Volkswagen (VW) ist Niedersachsen nichts&#8221;, <a rel=\"nofollow noopener\" target=\"_blank\" href=\"https:\/\/www.welt.de\/wirtschaft\/article167476785\/Ohne-Volkswagen-ist-Niedersachsen-nichts.html\">titelte<\/a>\u00a0<em>Die Welt\u00a0<\/em>im Jahr 2017. Seit 1988 h\u00e4lt das Land Niedersachsen 20 Prozent <a rel=\"nofollow noopener\" target=\"_blank\" href=\"https:\/\/www.tagesschau.de\/wirtschaft\/vw-gesetz-faq-101.html\">Anteile<\/a> an dem Automobilkonzern und erhielt dadurch zwei Aufsichtsratspl\u00e4tze in Wolfsburg.\u00a0<\/p>\n<p>Jeder f\u00fcnfte Job im VW-Konzern ist in Niedersachsen beheimatet. Von den insgesamt mehr als 600.000 Besch\u00e4ftigten arbeiten gut 120.000 in dem Land. <a rel=\"nofollow noopener\" target=\"_blank\" href=\"https:\/\/www.tagesschau.de\/wirtschaft\/vw-gesetz-faq-101.html\">VW<\/a>\u00a0stand im Jahr 2017 f\u00fcr mehr als die H\u00e4lfte der erwirtschafteten Wertsch\u00f6pfung der 50 gr\u00f6\u00dften nieders\u00e4chsischen Unternehmen. Der\u00a0<a rel=\"nofollow noopener\" target=\"_blank\" href=\"https:\/\/www.ndr.de\/nachrichten\/niedersachsen\/VW-Konzern-Hohes-Gewinnplus-2021-trotz-Chipkrise,vw5800.html\">Gewinn<\/a>\u00a0von Europas gr\u00f6\u00dftem Autobauer stieg auf Basis vorl\u00e4ufiger Zahlen 2021 um fast 75 Prozent auf 15,4 Milliarden Euro. Und nun sitzt da Frau Hamburg in einer verantwortungsvollen Position.<\/p>\n<p>Die Gr\u00fcnen sollen nach der Landtagswahl &#8220;auf eine st\u00e4rkere Rolle in der Wirtschaftspolitik\u00a0<a rel=\"nofollow noopener\" target=\"_blank\" href=\"https:\/\/www.ndr.de\/nachrichten\/niedersachsen\/landtagswahl_2022\/Das-ist-die-neue-niedersaechsische-Landesregierung,rotgruen152.html\">gedrungen haben<\/a>&#8220;, wei\u00df der\u00a0<em>NDR\u00a0<\/em>zu berichten<em>.<\/em> Neben dem Ministerpr\u00e4sidenten galt r\u00fcckblickend der zweite Aufsichtsratsplatz eines 20-k\u00f6pfigen VW-Kollegiums eigentlich immer einem Politiker aus dem Wirtschaftsressort. Frau Hamburg wurde neben der Funktion der Vize-Ministerpr\u00e4sidentin neue Kultusministerin, also zust\u00e4ndig f\u00fcr den Bereich Schule und Bildung. Der NDR\u00a0<em><a rel=\"nofollow noopener\" target=\"_blank\" href=\"https:\/\/www.ndr.de\/nachrichten\/niedersachsen\/landtagswahl_2022\/Das-ist-die-neue-niedersaechsische-Landesregierung,rotgruen152.html\">informiert<\/a><\/em>:<\/p>\n<blockquote>\n<p><em>&#8220;Die Bildungs-Expertin hatte im Wahlkampf auch das Wirtschaftsministerium f\u00fcr sich in Erw\u00e4gung gezogen. Offenbar konnte sie sich in den Verhandlungen aber nicht gegen die Sozialdemokraten durchsetzen.&#8221;<\/em><\/p>\n<\/blockquote>\n<p>Woher kommt dieser Gr\u00f6\u00dfenwahn, woraus resultiert diese kolossale Selbst\u00fcbersch\u00e4tzung? Expertin klingt nach Qualifikation, aber was zeichnet Hamburgs wirtschaftliche Kompetenz nun aus? Die <em>S\u00fcdwest Presse<\/em>\u00a0<a rel=\"nofollow noopener\" target=\"_blank\" href=\"https:\/\/www.swp.de\/panorama\/julia-willie-hamburg-gruene-lebenslauf-karriere-65979535.html\">kl\u00e4rt auf<\/a>:<\/p>\n<blockquote>\n<p><em>&#8220;Nach dem Abitur begann sie ein Studium in Politikwissenschaft und Philosophie in G\u00f6ttingen. Das Studium hat sie jedoch nie abgeschlossen, unter anderem weil sie ihr erstes Kind bekam und sich danach neu orientierte.\u00a0Damit begann n\u00e4mlich auch ihre Karriere als\u00a0Politikerin.&#8221;<\/em><\/p>\n<\/blockquote>\n<p>Was verr\u00e4t Frau Hamburg pers\u00f6nlich \u00fcber ihren beruflichen und politischen Ehrgeiz, \u00fcber anvisierte <a rel=\"nofollow noopener\" target=\"_blank\" href=\"https:\/\/julia-hamburg.de\/ueber-mich\/\">Karriereziele<\/a>? Hier die Antwort:<\/p>\n<blockquote>\n<p><em>&#8220;Ich bin ein durch und durch politischer Mensch, bewegt von gesellschaftlichen Entwicklungen, von Menschen und ihren Schwierigkeiten und Geschichten. (&#8230;) Schon immer wollte ich eine junge Mutter sein und habe w\u00e4hrend meines Studiums der Politikwissenschaft mein erstes Kind bekommen. (&#8230;)\u00a0Ich habe kein Auto, fahre gerne Rad und gehe gerne wandern. Ich liebe Comics und eigentlich lese ich sehr gern \u2013 finde nur viel zu selten die Zeit daf\u00fcr.&#8221;<\/em><\/p>\n<\/blockquote>\n<p>Zusammenfassend in aller K\u00fcrze: Von 2008 bis 2010 war sie Sprecherin der Gr\u00fcnen Jugend in Niedersachsen, 2013 wurde sie die\u00a0Landesvorsitzende\u00a0der Gr\u00fcnen. Seit 2013 sitzt Hamburg im Landtag von Niedersachsen. Hat sie irgendeinen Amtstitel, eine leitende Position, irgendeine Eignung oder Auszeichnung? Nein, sie ist <a rel=\"nofollow noopener\" target=\"_blank\" href=\"https:\/\/www.fraktion.gruene-niedersachsen.de\/abgeordnete\/julia-willie-hamburg.html\">Mitglied<\/a> bei der Gewerkschaft Verdi, beim FC St. Pauli, bei LINDENbackt! eG, bei der\u00a0Deutschen Herzstiftung e.V. und einem B\u00fcrgerradio. Immerhin zudem Mitglied des Kuratoriums der Nieders\u00e4chsischen Landeszentrale f\u00fcr politische Bildung und\u00a0Mitglied des Stiftungsrats Nieders\u00e4chsische Gedenkst\u00e4tten.<\/p>\n<p>Vor den letzten Landtagswahlen wurde sie in einem Interview zu aktuellen nieders\u00e4chsischen Zahlen zum Thema Altersarmut und Arbeitslosigkeit befragt. Sie waren ihr,\u00a0als\u00a0Verdi-Mitglied, nicht bekannt.<\/p>\n<div class=\"EmbedBlock-root EmbedBlock-twitter\">\n<div class=\"TwitterEmbed\">\n<blockquote class=\"twitter-tweet lazyload\" data-twitter=\"twitter-tweet\">\n<p lang=\"de\" dir=\"ltr\">Deswegen sollte man nach 10 Jahren Landtag auch mehr \u00fcber sein Bundesland wissen. <a rel=\"nofollow noopener\" target=\"_blank\" href=\"https:\/\/t.co\/amqOOK2t7U\">pic.twitter.com\/amqOOK2t7U<\/a><\/p>\n<p>\u2014 Marcnesium (@MarcnesiumHH) <a rel=\"nofollow noopener\" target=\"_blank\" href=\"https:\/\/twitter.com\/MarcnesiumHH\/status\/1590032284060913664?ref_src=twsrc%5Etfw\">November 8, 2022<\/a><\/p><\/blockquote>\n<\/div>\n<\/div>\n<p>Dieser Interviewausschnitt ist ein weiteres Paradebeispiel f\u00fcr das Niveau der gegenw\u00e4rtigen (gr\u00fcnen) Politikergeneration.<\/p>\n<div class=\"EmbedBlock-root EmbedBlock-twitter\">\n<div class=\"TwitterEmbed\">\n<blockquote class=\"twitter-tweet lazyload\" data-twitter=\"twitter-tweet\">\n<p lang=\"de\" dir=\"ltr\">Die ARD widmet Emilia Fester ein eigenes Portr\u00e4t. Aber anders, als ihr denkt&#8230;(von Helmut Schleich &#8220;Schleichfernsehen&#8221;\/BR)<a rel=\"nofollow noopener\" target=\"_blank\" href=\"https:\/\/t.co\/kuFq3eIQjH\">pic.twitter.com\/kuFq3eIQjH<\/a><\/p>\n<p>\u2014 Grantler \u271d\ufe0f (@oida_grantler) <a rel=\"nofollow noopener\" target=\"_blank\" href=\"https:\/\/twitter.com\/oida_grantler\/status\/1584567638587412480?ref_src=twsrc%5Etfw\">October 24, 2022<\/a><\/p><\/blockquote>\n<\/div>\n<\/div>\n<p>In Hamburgs Falle, das einer j\u00fcngst gek\u00fcrten Vize-Ministerpr\u00e4sidentin! Nun also ein weiterer Titel f\u00fcr ihren d\u00fcnnen Lebenslauf \u2013\u00a0Aufsichtsratmitglied bei VW.\u00a0Autobranchenexperte Ferdinand Dudenh\u00f6ffer <a rel=\"nofollow noopener\" target=\"_blank\" href=\"https:\/\/www.automobilwoche.de\/agenturmeldungen\/diskussion-um-die-besetzung-der-vw-aufsichtsratsposten-durch-regierung\">erl\u00e4utert<\/a> im Fachmagazin\u00a0<em>Automobilwoche:<\/em><\/p>\n<blockquote>\n<p><em>&#8220;In der Steuerung des &#8216;Weltkonzerns VW&#8217; muss es vor allem um ein tiefes Verst\u00e4ndnis und um thematische Expertise in der Auto- sowie Zulieferindustrie gehen \u2013 nicht um &#8216;landespolitische Opportunit\u00e4ten&#8217;. Die Entscheidung f\u00fcr den Aufsichtsrat(-platz von Hamburg) wirkt daher eher willk\u00fcrlich, dem politischen Proporz der nieders\u00e4chsischen Regierung geschuldet.&#8221;<\/em><\/p>\n<\/blockquote>\n<p>Die zu erwartende\u00a0<a rel=\"nofollow noopener\" target=\"_blank\" href=\"https:\/\/geschaeftsbericht2019.volkswagenag.com\/konzernlagebericht\/verguetungsbericht\/bezuege-des-aufsichtsrats.html\">Verg\u00fctung<\/a> von knapp 100.000 Euro muss Hamburg\u00a0&#8220;gem\u00e4\u00df \u00a7 5 Abs. 3 Nieders\u00e4chsisches Ministergesetz&#8221; f\u00fcr ihre T\u00e4tigkeit im Aufsichtsrat an das Land Niedersachsen abf\u00fchren. Immerhin, ein schwacher Trost, der jedoch von der nachweislichen Nichteignung und der skandal\u00f6sen Nominierung nicht ablenken sollte.<\/p>\n<p>Dieses Land hat aktuell sehr viele und bedenkliche Probleme. Ein federf\u00fchrendes dabei ist die Besetzung ma\u00dfgeblicher Positionen und \u00c4mter mit charakterlichen Blendgranaten, die sich meist sehr schnell als kl\u00e4gliche Rohrkrepierer herauskristallisieren. Ein Parteienkl\u00fcngel l\u00e4sst das individuelle Scheitern jedoch meist moderat ausklingen. Ein weiteres Mosaiksteinchen f\u00fcr das Ph\u00e4nomen der Arroganz der Macht.<\/p>\n<p><strong>Mehr zum Thema<\/strong>\u2013&#8221;<a rel=\"nofollow noopener\" target=\"_blank\" href=\"https:\/\/pressefreiheit.rtde.tech\/meinung\/153686-letzte-generation-wenn-radikalisierer-radikalisierung\/\">Letzte Generation&#8221;: Wenn Radikalisierer Radikalisierung bef\u00fcrchten<\/a><\/p>\n<\/p>\n<\/div>\n<p><script async src=\"https:\/\/platform.twitter.com\/widgets.js\" charset=\"utf-8\"><\/script><br \/>\n<br \/><br \/>\n<br \/><a href=\"https:\/\/de.rt.com\/meinung\/153833-treppenwitz-woche-ungelernte-gruenen-politikerin\/\">Source link <\/a><\/p>\n","protected":false},"excerpt":{"rendered":"<p>Sollten Politiker im Rahmen ihrer Positionen wenigstens etwas Vorwissen oder im besten Fall sogar Qualifikationen vorweisen k\u00f6nnen? Eigentlich ja. Aber die Tendenz ehrgeiziger Studienabbrecher als Politkarrieristen setzt sich gerade in Niedersachsen fort. Von Bernhard Loyen Leitende \u00c4mter bedeuten Verantwortung\u00a0gegen\u00fcber B\u00fcrgern wie auch potenziellen Angestellten. Die Ernennung oder Besetzung einer leitenden politischen Position\u00a0setzte fr\u00fcher \u2013 zumindest [&hellip;]<\/p>\n","protected":false},"author":3,"featured_media":22746,"comment_status":"open","ping_status":"open","sticky":false,"template":"","format":"standard","meta":{"wp_automatic_camp":["217"],"5cd4a1c82020525cbbecf229d45a5c0e":["Treppenwitz der Woche: Ungelernte Gr\u00fcnen-Politikerin zieht in VW-Aufsichtsrat"],"original_link":["https:\/\/de.rt.com\/meinung\/153833-treppenwitz-woche-ungelernte-gruenen-politikerin\/"],"_thumbnail_id":["22746"],"jnews_social_counter_last_update":["1777264230"]},"categories":[19,23],"tags":[82,35560,35558,35559,35561,3841,20511],"yoast_head":"<!-- This site is optimized with the Yoast SEO Premium plugin v22.7 (Yoast SEO v22.7) - https:\/\/yoast.com\/wordpress\/plugins\/seo\/ -->\n<title>Treppenwitz der Woche: Ungelernte Gr\u00fcnen-Politikerin zieht in VW-Aufsichtsrat - just-now.NEWS Deutschland<\/title>\n<meta name=\"robots\" content=\"index, follow, max-snippet:-1, max-image-preview:large, max-video-preview:-1\" \/>\n<link rel=\"canonical\" href=\"https:\/\/now-news.de\/de\/deutschland\/treppenwitz-der-woche-ungelernte-gruenen-politikerin-zieht-in-vw-aufsichtsrat\/\" \/>\n<meta property=\"og:locale\" content=\"de_DE\" \/>\n<meta property=\"og:type\" content=\"article\" \/>\n<meta property=\"og:title\" content=\"Treppenwitz der Woche: Ungelernte Gr\u00fcnen-Politikerin zieht in VW-Aufsichtsrat\" \/>\n<meta property=\"og:description\" content=\"Sollten Politiker im Rahmen ihrer Positionen wenigstens etwas Vorwissen oder im besten Fall sogar Qualifikationen vorweisen k\u00f6nnen? Eigentlich ja. Aber die Tendenz ehrgeiziger Studienabbrecher als Politkarrieristen setzt sich gerade in Niedersachsen fort. Von Bernhard Loyen Leitende \u00c4mter bedeuten Verantwortung\u00a0gegen\u00fcber B\u00fcrgern wie auch potenziellen Angestellten. Die Ernennung oder Besetzung einer leitenden politischen Position\u00a0setzte fr\u00fcher \u2013 zumindest [&hellip;]\" \/>\n<meta property=\"og:url\" content=\"https:\/\/now-news.de\/de\/deutschland\/treppenwitz-der-woche-ungelernte-gruenen-politikerin-zieht-in-vw-aufsichtsrat\/\" \/>\n<meta property=\"og:site_name\" content=\"just-now.NEWS Deutschland\" \/>\n<meta property=\"article:publisher\" content=\"https:\/\/www.facebook.com\/wirmachenauf\" \/>\n<meta property=\"article:published_time\" content=\"2022-11-09T12:55:23+00:00\" \/>\n<meta property=\"og:image\" content=\"https:\/\/now-news.de\/de\/wp-content\/uploads\/sites\/3\/2022\/11\/Treppenwitz-der-Woche-Ungelernte-Gruenen-Politikerin-zieht-in-VW-Aufsichtsrat.jpg\" \/>\n\t<meta property=\"og:image:width\" content=\"460\" \/>\n\t<meta property=\"og:image:height\" content=\"259\" \/>\n\t<meta property=\"og:image:type\" content=\"image\/jpeg\" \/>\n<meta name=\"author\" content=\"rtnews\" \/>\n<meta name=\"twitter:card\" content=\"summary_large_image\" \/>\n<meta name=\"twitter:creator\" content=\"@WirMachenAuf_de\" \/>\n<meta name=\"twitter:site\" content=\"@WirMachenAuf_de\" \/>\n<meta name=\"twitter:label1\" content=\"Verfasst von\" \/>\n\t<meta name=\"twitter:data1\" content=\"rtnews\" \/>\n\t<meta name=\"twitter:label2\" content=\"Gesch\u00e4tzte Lesezeit\" \/>\n\t<meta name=\"twitter:data2\" content=\"5\u00a0Minuten\" \/>\n<script type=\"application\/ld+json\" class=\"yoast-schema-graph\">{\"@context\":\"https:\/\/schema.org\",\"@graph\":[{\"@type\":\"Article\",\"@id\":\"https:\/\/now-news.de\/de\/deutschland\/treppenwitz-der-woche-ungelernte-gruenen-politikerin-zieht-in-vw-aufsichtsrat\/#article\",\"isPartOf\":{\"@id\":\"https:\/\/now-news.de\/de\/deutschland\/treppenwitz-der-woche-ungelernte-gruenen-politikerin-zieht-in-vw-aufsichtsrat\/\"},\"author\":{\"name\":\"rtnews\",\"@id\":\"https:\/\/now-news.de\/de\/#\/schema\/person\/fb534a4e865501d8b3285208df34a9b5\"},\"headline\":\"Treppenwitz der Woche: Ungelernte Gr\u00fcnen-Politikerin zieht in VW-Aufsichtsrat\",\"datePublished\":\"2022-11-09T12:55:23+00:00\",\"dateModified\":\"2022-11-09T12:55:23+00:00\",\"mainEntityOfPage\":{\"@id\":\"https:\/\/now-news.de\/de\/deutschland\/treppenwitz-der-woche-ungelernte-gruenen-politikerin-zieht-in-vw-aufsichtsrat\/\"},\"wordCount\":924,\"commentCount\":0,\"publisher\":{\"@id\":\"https:\/\/now-news.de\/de\/#organization\"},\"image\":{\"@id\":\"https:\/\/now-news.de\/de\/deutschland\/treppenwitz-der-woche-ungelernte-gruenen-politikerin-zieht-in-vw-aufsichtsrat\/#primaryimage\"},\"thumbnailUrl\":\"https:\/\/now-news.de\/de\/wp-content\/uploads\/sites\/3\/2022\/11\/Treppenwitz-der-Woche-Ungelernte-Gruenen-Politikerin-zieht-in-VW-Aufsichtsrat.jpg\",\"keywords\":[\"der\",\"Gr\u00fcnenPolitikerin\",\"Treppenwitz\",\"Ungelernte\",\"VWAufsichtsrat\",\"Woche\",\"zieht\"],\"articleSection\":[\"Deutschland\",\"Russland\"],\"inLanguage\":\"de\",\"potentialAction\":[{\"@type\":\"CommentAction\",\"name\":\"Comment\",\"target\":[\"https:\/\/now-news.de\/de\/deutschland\/treppenwitz-der-woche-ungelernte-gruenen-politikerin-zieht-in-vw-aufsichtsrat\/#respond\"]}]},{\"@type\":\"WebPage\",\"@id\":\"https:\/\/now-news.de\/de\/deutschland\/treppenwitz-der-woche-ungelernte-gruenen-politikerin-zieht-in-vw-aufsichtsrat\/\",\"url\":\"https:\/\/now-news.de\/de\/deutschland\/treppenwitz-der-woche-ungelernte-gruenen-politikerin-zieht-in-vw-aufsichtsrat\/\",\"name\":\"Treppenwitz der Woche: Ungelernte Gr\u00fcnen-Politikerin zieht in VW-Aufsichtsrat - just-now.NEWS Deutschland\",\"isPartOf\":{\"@id\":\"https:\/\/now-news.de\/de\/#website\"},\"primaryImageOfPage\":{\"@id\":\"https:\/\/now-news.de\/de\/deutschland\/treppenwitz-der-woche-ungelernte-gruenen-politikerin-zieht-in-vw-aufsichtsrat\/#primaryimage\"},\"image\":{\"@id\":\"https:\/\/now-news.de\/de\/deutschland\/treppenwitz-der-woche-ungelernte-gruenen-politikerin-zieht-in-vw-aufsichtsrat\/#primaryimage\"},\"thumbnailUrl\":\"https:\/\/now-news.de\/de\/wp-content\/uploads\/sites\/3\/2022\/11\/Treppenwitz-der-Woche-Ungelernte-Gruenen-Politikerin-zieht-in-VW-Aufsichtsrat.jpg\",\"datePublished\":\"2022-11-09T12:55:23+00:00\",\"dateModified\":\"2022-11-09T12:55:23+00:00\",\"breadcrumb\":{\"@id\":\"https:\/\/now-news.de\/de\/deutschland\/treppenwitz-der-woche-ungelernte-gruenen-politikerin-zieht-in-vw-aufsichtsrat\/#breadcrumb\"},\"inLanguage\":\"de\",\"potentialAction\":[{\"@type\":\"ReadAction\",\"target\":[\"https:\/\/now-news.de\/de\/deutschland\/treppenwitz-der-woche-ungelernte-gruenen-politikerin-zieht-in-vw-aufsichtsrat\/\"]}]},{\"@type\":\"ImageObject\",\"inLanguage\":\"de\",\"@id\":\"https:\/\/now-news.de\/de\/deutschland\/treppenwitz-der-woche-ungelernte-gruenen-politikerin-zieht-in-vw-aufsichtsrat\/#primaryimage\",\"url\":\"https:\/\/now-news.de\/de\/wp-content\/uploads\/sites\/3\/2022\/11\/Treppenwitz-der-Woche-Ungelernte-Gruenen-Politikerin-zieht-in-VW-Aufsichtsrat.jpg\",\"contentUrl\":\"https:\/\/now-news.de\/de\/wp-content\/uploads\/sites\/3\/2022\/11\/Treppenwitz-der-Woche-Ungelernte-Gruenen-Politikerin-zieht-in-VW-Aufsichtsrat.jpg\",\"width\":460,\"height\":259,\"caption\":\"Treppenwitz der Woche: Ungelernte Gr\u00fcnen-Politikerin zieht in VW-Aufsichtsrat\"},{\"@type\":\"BreadcrumbList\",\"@id\":\"https:\/\/now-news.de\/de\/deutschland\/treppenwitz-der-woche-ungelernte-gruenen-politikerin-zieht-in-vw-aufsichtsrat\/#breadcrumb\",\"itemListElement\":[{\"@type\":\"ListItem\",\"position\":1,\"name\":\"Home\",\"item\":\"https:\/\/now-news.de\/de\/\"},{\"@type\":\"ListItem\",\"position\":2,\"name\":\"Treppenwitz der Woche: Ungelernte Gr\u00fcnen-Politikerin zieht in VW-Aufsichtsrat\"}]},{\"@type\":\"WebSite\",\"@id\":\"https:\/\/now-news.de\/de\/#website\",\"url\":\"https:\/\/now-news.de\/de\/\",\"name\":\"just-now.NEWS Deutschland\",\"description\":\"Das Portal f\u00fcr unzensierte Nachrichten aus der Welt\",\"publisher\":{\"@id\":\"https:\/\/now-news.de\/de\/#organization\"},\"potentialAction\":[{\"@type\":\"SearchAction\",\"target\":{\"@type\":\"EntryPoint\",\"urlTemplate\":\"https:\/\/now-news.de\/de\/?s={search_term_string}\"},\"query-input\":\"required name=search_term_string\"}],\"inLanguage\":\"de\"},{\"@type\":\"Organization\",\"@id\":\"https:\/\/now-news.de\/de\/#organization\",\"name\":\"Just Now News\",\"url\":\"https:\/\/now-news.de\/de\/\",\"logo\":{\"@type\":\"ImageObject\",\"inLanguage\":\"de\",\"@id\":\"https:\/\/now-news.de\/de\/#\/schema\/logo\/image\/\",\"url\":\"http:\/\/just-now.news\/de\/wp-content\/uploads\/sites\/3\/2022\/04\/logo500x500.jpg\",\"contentUrl\":\"http:\/\/just-now.news\/de\/wp-content\/uploads\/sites\/3\/2022\/04\/logo500x500.jpg\",\"width\":500,\"height\":500,\"caption\":\"Just Now News\"},\"image\":{\"@id\":\"https:\/\/now-news.de\/de\/#\/schema\/logo\/image\/\"},\"sameAs\":[\"https:\/\/www.facebook.com\/wirmachenauf\",\"https:\/\/x.com\/WirMachenAuf_de\"]},{\"@type\":\"Person\",\"@id\":\"https:\/\/now-news.de\/de\/#\/schema\/person\/fb534a4e865501d8b3285208df34a9b5\",\"name\":\"rtnews\",\"image\":{\"@type\":\"ImageObject\",\"inLanguage\":\"de\",\"@id\":\"https:\/\/now-news.de\/de\/#\/schema\/person\/image\/\",\"url\":\"https:\/\/secure.gravatar.com\/avatar\/82aafea7d8127119dd649515f56e2117?s=96&d=mm&r=g\",\"contentUrl\":\"https:\/\/secure.gravatar.com\/avatar\/82aafea7d8127119dd649515f56e2117?s=96&d=mm&r=g\",\"caption\":\"rtnews\"},\"url\":\"https:\/\/now-news.de\/de\/author\/rnews\/\"}]}<\/script>\n<!-- \/ Yoast SEO Premium plugin. -->","yoast_head_json":{"title":"Treppenwitz der Woche: Ungelernte Gr\u00fcnen-Politikerin zieht in VW-Aufsichtsrat - just-now.NEWS Deutschland","robots":{"index":"index","follow":"follow","max-snippet":"max-snippet:-1","max-image-preview":"max-image-preview:large","max-video-preview":"max-video-preview:-1"},"canonical":"https:\/\/now-news.de\/de\/deutschland\/treppenwitz-der-woche-ungelernte-gruenen-politikerin-zieht-in-vw-aufsichtsrat\/","og_locale":"de_DE","og_type":"article","og_title":"Treppenwitz der Woche: Ungelernte Gr\u00fcnen-Politikerin zieht in VW-Aufsichtsrat","og_description":"Sollten Politiker im Rahmen ihrer Positionen wenigstens etwas Vorwissen oder im besten Fall sogar Qualifikationen vorweisen k\u00f6nnen? Eigentlich ja. Aber die Tendenz ehrgeiziger Studienabbrecher als Politkarrieristen setzt sich gerade in Niedersachsen fort. Von Bernhard Loyen Leitende \u00c4mter bedeuten Verantwortung\u00a0gegen\u00fcber B\u00fcrgern wie auch potenziellen Angestellten. Die Ernennung oder Besetzung einer leitenden politischen Position\u00a0setzte fr\u00fcher \u2013 zumindest [&hellip;]","og_url":"https:\/\/now-news.de\/de\/deutschland\/treppenwitz-der-woche-ungelernte-gruenen-politikerin-zieht-in-vw-aufsichtsrat\/","og_site_name":"just-now.NEWS Deutschland","article_publisher":"https:\/\/www.facebook.com\/wirmachenauf","article_published_time":"2022-11-09T12:55:23+00:00","og_image":[{"width":460,"height":259,"url":"https:\/\/now-news.de\/de\/wp-content\/uploads\/sites\/3\/2022\/11\/Treppenwitz-der-Woche-Ungelernte-Gruenen-Politikerin-zieht-in-VW-Aufsichtsrat.jpg","type":"image\/jpeg"}],"author":"rtnews","twitter_card":"summary_large_image","twitter_creator":"@WirMachenAuf_de","twitter_site":"@WirMachenAuf_de","twitter_misc":{"Verfasst von":"rtnews","Gesch\u00e4tzte Lesezeit":"5\u00a0Minuten"},"schema":{"@context":"https:\/\/schema.org","@graph":[{"@type":"Article","@id":"https:\/\/now-news.de\/de\/deutschland\/treppenwitz-der-woche-ungelernte-gruenen-politikerin-zieht-in-vw-aufsichtsrat\/#article","isPartOf":{"@id":"https:\/\/now-news.de\/de\/deutschland\/treppenwitz-der-woche-ungelernte-gruenen-politikerin-zieht-in-vw-aufsichtsrat\/"},"author":{"name":"rtnews","@id":"https:\/\/now-news.de\/de\/#\/schema\/person\/fb534a4e865501d8b3285208df34a9b5"},"headline":"Treppenwitz der Woche: Ungelernte Gr\u00fcnen-Politikerin zieht in VW-Aufsichtsrat","datePublished":"2022-11-09T12:55:23+00:00","dateModified":"2022-11-09T12:55:23+00:00","mainEntityOfPage":{"@id":"https:\/\/now-news.de\/de\/deutschland\/treppenwitz-der-woche-ungelernte-gruenen-politikerin-zieht-in-vw-aufsichtsrat\/"},"wordCount":924,"commentCount":0,"publisher":{"@id":"https:\/\/now-news.de\/de\/#organization"},"image":{"@id":"https:\/\/now-news.de\/de\/deutschland\/treppenwitz-der-woche-ungelernte-gruenen-politikerin-zieht-in-vw-aufsichtsrat\/#primaryimage"},"thumbnailUrl":"https:\/\/now-news.de\/de\/wp-content\/uploads\/sites\/3\/2022\/11\/Treppenwitz-der-Woche-Ungelernte-Gruenen-Politikerin-zieht-in-VW-Aufsichtsrat.jpg","keywords":["der","Gr\u00fcnenPolitikerin","Treppenwitz","Ungelernte","VWAufsichtsrat","Woche","zieht"],"articleSection":["Deutschland","Russland"],"inLanguage":"de","potentialAction":[{"@type":"CommentAction","name":"Comment","target":["https:\/\/now-news.de\/de\/deutschland\/treppenwitz-der-woche-ungelernte-gruenen-politikerin-zieht-in-vw-aufsichtsrat\/#respond"]}]},{"@type":"WebPage","@id":"https:\/\/now-news.de\/de\/deutschland\/treppenwitz-der-woche-ungelernte-gruenen-politikerin-zieht-in-vw-aufsichtsrat\/","url":"https:\/\/now-news.de\/de\/deutschland\/treppenwitz-der-woche-ungelernte-gruenen-politikerin-zieht-in-vw-aufsichtsrat\/","name":"Treppenwitz der Woche: Ungelernte Gr\u00fcnen-Politikerin zieht in VW-Aufsichtsrat - just-now.NEWS Deutschland","isPartOf":{"@id":"https:\/\/now-news.de\/de\/#website"},"primaryImageOfPage":{"@id":"https:\/\/now-news.de\/de\/deutschland\/treppenwitz-der-woche-ungelernte-gruenen-politikerin-zieht-in-vw-aufsichtsrat\/#primaryimage"},"image":{"@id":"https:\/\/now-news.de\/de\/deutschland\/treppenwitz-der-woche-ungelernte-gruenen-politikerin-zieht-in-vw-aufsichtsrat\/#primaryimage"},"thumbnailUrl":"https:\/\/now-news.de\/de\/wp-content\/uploads\/sites\/3\/2022\/11\/Treppenwitz-der-Woche-Ungelernte-Gruenen-Politikerin-zieht-in-VW-Aufsichtsrat.jpg","datePublished":"2022-11-09T12:55:23+00:00","dateModified":"2022-11-09T12:55:23+00:00","breadcrumb":{"@id":"https:\/\/now-news.de\/de\/deutschland\/treppenwitz-der-woche-ungelernte-gruenen-politikerin-zieht-in-vw-aufsichtsrat\/#breadcrumb"},"inLanguage":"de","potentialAction":[{"@type":"ReadAction","target":["https:\/\/now-news.de\/de\/deutschland\/treppenwitz-der-woche-ungelernte-gruenen-politikerin-zieht-in-vw-aufsichtsrat\/"]}]},{"@type":"ImageObject","inLanguage":"de","@id":"https:\/\/now-news.de\/de\/deutschland\/treppenwitz-der-woche-ungelernte-gruenen-politikerin-zieht-in-vw-aufsichtsrat\/#primaryimage","url":"https:\/\/now-news.de\/de\/wp-content\/uploads\/sites\/3\/2022\/11\/Treppenwitz-der-Woche-Ungelernte-Gruenen-Politikerin-zieht-in-VW-Aufsichtsrat.jpg","contentUrl":"https:\/\/now-news.de\/de\/wp-content\/uploads\/sites\/3\/2022\/11\/Treppenwitz-der-Woche-Ungelernte-Gruenen-Politikerin-zieht-in-VW-Aufsichtsrat.jpg","width":460,"height":259,"caption":"Treppenwitz der Woche: Ungelernte Gr\u00fcnen-Politikerin zieht in VW-Aufsichtsrat"},{"@type":"BreadcrumbList","@id":"https:\/\/now-news.de\/de\/deutschland\/treppenwitz-der-woche-ungelernte-gruenen-politikerin-zieht-in-vw-aufsichtsrat\/#breadcrumb","itemListElement":[{"@type":"ListItem","position":1,"name":"Home","item":"https:\/\/now-news.de\/de\/"},{"@type":"ListItem","position":2,"name":"Treppenwitz der Woche: Ungelernte Gr\u00fcnen-Politikerin zieht in VW-Aufsichtsrat"}]},{"@type":"WebSite","@id":"https:\/\/now-news.de\/de\/#website","url":"https:\/\/now-news.de\/de\/","name":"just-now.NEWS Deutschland","description":"Das Portal f\u00fcr unzensierte Nachrichten aus der Welt","publisher":{"@id":"https:\/\/now-news.de\/de\/#organization"},"potentialAction":[{"@type":"SearchAction","target":{"@type":"EntryPoint","urlTemplate":"https:\/\/now-news.de\/de\/?s={search_term_string}"},"query-input":"required name=search_term_string"}],"inLanguage":"de"},{"@type":"Organization","@id":"https:\/\/now-news.de\/de\/#organization","name":"Just Now News","url":"https:\/\/now-news.de\/de\/","logo":{"@type":"ImageObject","inLanguage":"de","@id":"https:\/\/now-news.de\/de\/#\/schema\/logo\/image\/","url":"http:\/\/just-now.news\/de\/wp-content\/uploads\/sites\/3\/2022\/04\/logo500x500.jpg","contentUrl":"http:\/\/just-now.news\/de\/wp-content\/uploads\/sites\/3\/2022\/04\/logo500x500.jpg","width":500,"height":500,"caption":"Just Now News"},"image":{"@id":"https:\/\/now-news.de\/de\/#\/schema\/logo\/image\/"},"sameAs":["https:\/\/www.facebook.com\/wirmachenauf","https:\/\/x.com\/WirMachenAuf_de"]},{"@type":"Person","@id":"https:\/\/now-news.de\/de\/#\/schema\/person\/fb534a4e865501d8b3285208df34a9b5","name":"rtnews","image":{"@type":"ImageObject","inLanguage":"de","@id":"https:\/\/now-news.de\/de\/#\/schema\/person\/image\/","url":"https:\/\/secure.gravatar.com\/avatar\/82aafea7d8127119dd649515f56e2117?s=96&d=mm&r=g","contentUrl":"https:\/\/secure.gravatar.com\/avatar\/82aafea7d8127119dd649515f56e2117?s=96&d=mm&r=g","caption":"rtnews"},"url":"https:\/\/now-news.de\/de\/author\/rnews\/"}]}},"_links":{"self":[{"href":"https:\/\/now-news.de\/de\/wp-json\/wp\/v2\/posts\/22745"}],"collection":[{"href":"https:\/\/now-news.de\/de\/wp-json\/wp\/v2\/posts"}],"about":[{"href":"https:\/\/now-news.de\/de\/wp-json\/wp\/v2\/types\/post"}],"author":[{"embeddable":true,"href":"https:\/\/now-news.de\/de\/wp-json\/wp\/v2\/users\/3"}],"replies":[{"embeddable":true,"href":"https:\/\/now-news.de\/de\/wp-json\/wp\/v2\/comments?post=22745"}],"version-history":[{"count":0,"href":"https:\/\/now-news.de\/de\/wp-json\/wp\/v2\/posts\/22745\/revisions"}],"wp:featuredmedia":[{"embeddable":true,"href":"https:\/\/now-news.de\/de\/wp-json\/wp\/v2\/media\/22746"}],"wp:attachment":[{"href":"https:\/\/now-news.de\/de\/wp-json\/wp\/v2\/media?parent=22745"}],"wp:term":[{"taxonomy":"category","embeddable":true,"href":"https:\/\/now-news.de\/de\/wp-json\/wp\/v2\/categories?post=22745"},{"taxonomy":"post_tag","embeddable":true,"href":"https:\/\/now-news.de\/de\/wp-json\/wp\/v2\/tags?post=22745"}],"curies":[{"name":"wp","href":"https:\/\/api.w.org\/{rel}","templated":true}]}}