{"id":22690,"date":"2022-11-08T19:40:27","date_gmt":"2022-11-08T17:40:27","guid":{"rendered":"http:\/\/just-now.news\/de\/deutschland\/nach-anschlag-auf-pilgerstaette-iran-deckt-terrornetzwerk-des-is-auf\/"},"modified":"2022-11-08T19:40:27","modified_gmt":"2022-11-08T17:40:27","slug":"nach-anschlag-auf-pilgerstaette-iran-deckt-terrornetzwerk-des-is-auf","status":"publish","type":"post","link":"https:\/\/now-news.de\/de\/deutschland\/nach-anschlag-auf-pilgerstaette-iran-deckt-terrornetzwerk-des-is-auf\/","title":{"rendered":"Nach Anschlag auf Pilgerst\u00e4tte: Iran deckt Terrornetzwerk des IS auf"},"content":{"rendered":"<p><img decoding=\"async\" src=\"http:\/\/just-now.news\/de\/wp-content\/uploads\/sites\/3\/2022\/11\/636a140548fbef117658443c.jpg\" \/><\/p>\n<div class=\"Text-root Text-type_1 \">\n                Iran hat ein Terrornetzwerk des IS aufgedeckt, das in den j\u00fcngsten Anschlag auf eine Pilgerst\u00e4tte in Schiras involviert war. W\u00e4hrend der russische Pr\u00e4sident Putin der F\u00fchrung in Teheran bereits sein Beileid aussprach, verurteilte bislang kein westlicher Spitzenpolitiker das Blutbad in Iran.\n            <\/div>\n<p><\/p>\n<div class=\"Text-root Text-type_5 ArticleView-text ViewText-root \">\n<p>Die iranischen Sicherheits- und Geheimdienstkr\u00e4fte haben nach eigenen Angaben 26 IS-Mitglieder verhaftet, die an dem j\u00fcngsten Terroranschlag auf den\u00a0schiitischen Schrein Schah Tscheragh in der iranischen Millionenstadt Schiras beteiligt waren.<\/p>\n<p>Die iranischen Beh\u00f6rden gaben bekannt, dass sie nach der Schie\u00dferei vom 26. Oktober rund um die Uhr Geheimdienst-, Spionageabwehr- und Sicherheitsoperationen durchgef\u00fchrt h\u00e4tten. Das Ministerium teilte au\u00dferdem mit, dass die Verhafteten aus Aserbaidschan, Tadschikistan und Afghanistan stammten, wobei der Hauptkoordinator des Anschlags ein Aseri gewesen sei.<\/p>\n<p>Nach Angaben iranischer Staatsmedien sei der Angreifer in den Schrein eingedrungen und habe wahllos das Feuer auf die Menschen er\u00f6ffnet, wobei 15 Menschen, darunter Frauen und Kinder, get\u00f6tet wurden.<\/p>\n<p>Der iranische Geheimdienst gab an, dass der f\u00fcr die Koordinierung des Anschlags verantwortliche aserbaidschanische Staatsb\u00fcrger\u00a0\u00fcber den internationalen Flughafen Imam Chomeini s\u00fcdwestlich von Teheran nach Iran eingereist sei. Das unterst\u00fctzende Element in Schiras war ein Afghane namens Mohammed Rames Raschidi mit dem Spitznamen &#8220;Abu Basir&#8221;. Der Sch\u00fctze selbst wurde als Sobhan Komroni identifiziert und erhielt den Spitznamen &#8220;Abu Aischa&#8221;. Nach einer Erkl\u00e4rung des iranischen Geheimdienstministeriums wurde\u00a0der aserbaidschanische Staatsb\u00fcrger vor dem Anschlag von einem Netzwerk ausl\u00e4ndischer IS-Mitglieder in Afghanistan kontaktiert.<\/p>\n<p>Nach dem IS-Terroranschlag in Schiras sicherte der russische Pr\u00e4sident Wladimir Putin Iran\u00a0mehr Unterst\u00fctzung im Kampf gegen den Terror zu. &#8220;Ich m\u00f6chte die Bereitschaft der russischen Seite zum weiteren Ausbau der Kooperation mit unseren iranischen Partnern in Richtung Antiterrorkampf bekr\u00e4ftigen&#8221;, hie\u00df es in der Erkl\u00e4rung Putins. Die westlichen\u00a0Leitmedien haben in den letzten Tagen die Bedeutung des IS-Terroranschlags in Iran heruntergespielt, wobei bislang kein westlicher Spitzenpolitiker den Anschlag verurteilte.<\/p>\n<p><strong>Mehr zum Thema<\/strong>\u00a0\u2013 <a rel=\"nofollow noopener\" target=\"_blank\" href=\"https:\/\/rtde.site\/meinung\/151961-syrisierung-irans-beitrag-deutschen-leitmedien\/\">&#8220;Syrisierung&#8221; Irans: Der Beitrag der deutschen Leitmedien zur US-Strategie<\/a><\/p>\n<\/p>\n<\/div>\n<p><br \/>\n<br \/><a href=\"https:\/\/de.rt.com\/der-nahe-osten\/153733-nach-anschlag-auf-pilgerstatte-iran\/\">Source link <\/a><\/p>\n","protected":false},"excerpt":{"rendered":"<p>Iran hat ein Terrornetzwerk des IS aufgedeckt, das in den j\u00fcngsten Anschlag auf eine Pilgerst\u00e4tte in Schiras involviert war. W\u00e4hrend der russische Pr\u00e4sident Putin der F\u00fchrung in Teheran bereits sein Beileid aussprach, verurteilte bislang kein westlicher Spitzenpolitiker das Blutbad in Iran. Die iranischen Sicherheits- und Geheimdienstkr\u00e4fte haben nach eigenen Angaben 26 IS-Mitglieder verhaftet, die an [&hellip;]<\/p>\n","protected":false},"author":3,"featured_media":22691,"comment_status":"open","ping_status":"open","sticky":false,"template":"","format":"standard","meta":{"wp_automatic_camp":["217"],"2bfd5b1d1840bb6f98cbe74ab5d7f5b1":["Nach Anschlag auf Pilgerst\u00e4tte: Iran deckt Terrornetzwerk des IS auf"],"original_link":["https:\/\/de.rt.com\/der-nahe-osten\/153733-nach-anschlag-auf-pilgerstatte-iran\/"],"_thumbnail_id":["22691"],"_wptg_p2tg_sent2tg":["2022-11-08 19:52:33"],"jnews_social_counter_last_update":["1777272275"]},"categories":[19,23],"tags":[6315,133,23011,583,1786,979,35520,35521],"yoast_head":"<!-- This site is optimized with the Yoast SEO Premium plugin v22.7 (Yoast SEO v22.7) - https:\/\/yoast.com\/wordpress\/plugins\/seo\/ -->\n<title>Nach Anschlag auf Pilgerst\u00e4tte: Iran deckt Terrornetzwerk des IS auf - just-now.NEWS Deutschland<\/title>\n<meta name=\"robots\" content=\"index, follow, max-snippet:-1, max-image-preview:large, max-video-preview:-1\" \/>\n<link rel=\"canonical\" href=\"https:\/\/now-news.de\/de\/deutschland\/nach-anschlag-auf-pilgerstaette-iran-deckt-terrornetzwerk-des-is-auf\/\" \/>\n<meta property=\"og:locale\" content=\"de_DE\" \/>\n<meta property=\"og:type\" content=\"article\" \/>\n<meta property=\"og:title\" content=\"Nach Anschlag auf Pilgerst\u00e4tte: Iran deckt Terrornetzwerk des IS auf\" \/>\n<meta property=\"og:description\" content=\"Iran hat ein Terrornetzwerk des IS aufgedeckt, das in den j\u00fcngsten Anschlag auf eine Pilgerst\u00e4tte in Schiras involviert war. W\u00e4hrend der russische Pr\u00e4sident Putin der F\u00fchrung in Teheran bereits sein Beileid aussprach, verurteilte bislang kein westlicher Spitzenpolitiker das Blutbad in Iran. Die iranischen Sicherheits- und Geheimdienstkr\u00e4fte haben nach eigenen Angaben 26 IS-Mitglieder verhaftet, die an [&hellip;]\" \/>\n<meta property=\"og:url\" content=\"https:\/\/now-news.de\/de\/deutschland\/nach-anschlag-auf-pilgerstaette-iran-deckt-terrornetzwerk-des-is-auf\/\" \/>\n<meta property=\"og:site_name\" content=\"just-now.NEWS Deutschland\" \/>\n<meta property=\"article:publisher\" content=\"https:\/\/www.facebook.com\/wirmachenauf\" \/>\n<meta property=\"article:published_time\" content=\"2022-11-08T17:40:27+00:00\" \/>\n<meta property=\"og:image\" content=\"https:\/\/now-news.de\/de\/wp-content\/uploads\/sites\/3\/2022\/11\/Nach-Anschlag-auf-Pilgerstaette-Iran-deckt-Terrornetzwerk-des-IS-auf.jpg\" \/>\n\t<meta property=\"og:image:width\" content=\"460\" \/>\n\t<meta property=\"og:image:height\" content=\"259\" \/>\n\t<meta property=\"og:image:type\" content=\"image\/jpeg\" \/>\n<meta name=\"author\" content=\"rtnews\" \/>\n<meta name=\"twitter:card\" content=\"summary_large_image\" \/>\n<meta name=\"twitter:creator\" content=\"@WirMachenAuf_de\" \/>\n<meta name=\"twitter:site\" content=\"@WirMachenAuf_de\" \/>\n<meta name=\"twitter:label1\" content=\"Verfasst von\" \/>\n\t<meta name=\"twitter:data1\" content=\"rtnews\" \/>\n\t<meta name=\"twitter:label2\" content=\"Gesch\u00e4tzte Lesezeit\" \/>\n\t<meta name=\"twitter:data2\" content=\"2\u00a0Minuten\" \/>\n<script type=\"application\/ld+json\" class=\"yoast-schema-graph\">{\"@context\":\"https:\/\/schema.org\",\"@graph\":[{\"@type\":\"Article\",\"@id\":\"https:\/\/now-news.de\/de\/deutschland\/nach-anschlag-auf-pilgerstaette-iran-deckt-terrornetzwerk-des-is-auf\/#article\",\"isPartOf\":{\"@id\":\"https:\/\/now-news.de\/de\/deutschland\/nach-anschlag-auf-pilgerstaette-iran-deckt-terrornetzwerk-des-is-auf\/\"},\"author\":{\"name\":\"rtnews\",\"@id\":\"https:\/\/now-news.de\/de\/#\/schema\/person\/fb534a4e865501d8b3285208df34a9b5\"},\"headline\":\"Nach Anschlag auf Pilgerst\u00e4tte: Iran deckt Terrornetzwerk des IS auf\",\"datePublished\":\"2022-11-08T17:40:27+00:00\",\"dateModified\":\"2022-11-08T17:40:27+00:00\",\"mainEntityOfPage\":{\"@id\":\"https:\/\/now-news.de\/de\/deutschland\/nach-anschlag-auf-pilgerstaette-iran-deckt-terrornetzwerk-des-is-auf\/\"},\"wordCount\":345,\"commentCount\":0,\"publisher\":{\"@id\":\"https:\/\/now-news.de\/de\/#organization\"},\"image\":{\"@id\":\"https:\/\/now-news.de\/de\/deutschland\/nach-anschlag-auf-pilgerstaette-iran-deckt-terrornetzwerk-des-is-auf\/#primaryimage\"},\"thumbnailUrl\":\"https:\/\/now-news.de\/de\/wp-content\/uploads\/sites\/3\/2022\/11\/Nach-Anschlag-auf-Pilgerstaette-Iran-deckt-Terrornetzwerk-des-IS-auf.jpg\",\"keywords\":[\"Anschlag\",\"AUF\",\"deckt\",\"des\",\"Iran\",\"nach\",\"Pilgerst\u00e4tte\",\"Terrornetzwerk\"],\"articleSection\":[\"Deutschland\",\"Russland\"],\"inLanguage\":\"de\",\"potentialAction\":[{\"@type\":\"CommentAction\",\"name\":\"Comment\",\"target\":[\"https:\/\/now-news.de\/de\/deutschland\/nach-anschlag-auf-pilgerstaette-iran-deckt-terrornetzwerk-des-is-auf\/#respond\"]}]},{\"@type\":\"WebPage\",\"@id\":\"https:\/\/now-news.de\/de\/deutschland\/nach-anschlag-auf-pilgerstaette-iran-deckt-terrornetzwerk-des-is-auf\/\",\"url\":\"https:\/\/now-news.de\/de\/deutschland\/nach-anschlag-auf-pilgerstaette-iran-deckt-terrornetzwerk-des-is-auf\/\",\"name\":\"Nach Anschlag auf Pilgerst\u00e4tte: Iran deckt Terrornetzwerk des IS auf - just-now.NEWS Deutschland\",\"isPartOf\":{\"@id\":\"https:\/\/now-news.de\/de\/#website\"},\"primaryImageOfPage\":{\"@id\":\"https:\/\/now-news.de\/de\/deutschland\/nach-anschlag-auf-pilgerstaette-iran-deckt-terrornetzwerk-des-is-auf\/#primaryimage\"},\"image\":{\"@id\":\"https:\/\/now-news.de\/de\/deutschland\/nach-anschlag-auf-pilgerstaette-iran-deckt-terrornetzwerk-des-is-auf\/#primaryimage\"},\"thumbnailUrl\":\"https:\/\/now-news.de\/de\/wp-content\/uploads\/sites\/3\/2022\/11\/Nach-Anschlag-auf-Pilgerstaette-Iran-deckt-Terrornetzwerk-des-IS-auf.jpg\",\"datePublished\":\"2022-11-08T17:40:27+00:00\",\"dateModified\":\"2022-11-08T17:40:27+00:00\",\"breadcrumb\":{\"@id\":\"https:\/\/now-news.de\/de\/deutschland\/nach-anschlag-auf-pilgerstaette-iran-deckt-terrornetzwerk-des-is-auf\/#breadcrumb\"},\"inLanguage\":\"de\",\"potentialAction\":[{\"@type\":\"ReadAction\",\"target\":[\"https:\/\/now-news.de\/de\/deutschland\/nach-anschlag-auf-pilgerstaette-iran-deckt-terrornetzwerk-des-is-auf\/\"]}]},{\"@type\":\"ImageObject\",\"inLanguage\":\"de\",\"@id\":\"https:\/\/now-news.de\/de\/deutschland\/nach-anschlag-auf-pilgerstaette-iran-deckt-terrornetzwerk-des-is-auf\/#primaryimage\",\"url\":\"https:\/\/now-news.de\/de\/wp-content\/uploads\/sites\/3\/2022\/11\/Nach-Anschlag-auf-Pilgerstaette-Iran-deckt-Terrornetzwerk-des-IS-auf.jpg\",\"contentUrl\":\"https:\/\/now-news.de\/de\/wp-content\/uploads\/sites\/3\/2022\/11\/Nach-Anschlag-auf-Pilgerstaette-Iran-deckt-Terrornetzwerk-des-IS-auf.jpg\",\"width\":460,\"height\":259,\"caption\":\"Nach Anschlag auf Pilgerst\u00e4tte: Iran deckt Terrornetzwerk des IS auf\"},{\"@type\":\"BreadcrumbList\",\"@id\":\"https:\/\/now-news.de\/de\/deutschland\/nach-anschlag-auf-pilgerstaette-iran-deckt-terrornetzwerk-des-is-auf\/#breadcrumb\",\"itemListElement\":[{\"@type\":\"ListItem\",\"position\":1,\"name\":\"Home\",\"item\":\"https:\/\/now-news.de\/de\/\"},{\"@type\":\"ListItem\",\"position\":2,\"name\":\"Nach Anschlag auf Pilgerst\u00e4tte: Iran deckt Terrornetzwerk des IS auf\"}]},{\"@type\":\"WebSite\",\"@id\":\"https:\/\/now-news.de\/de\/#website\",\"url\":\"https:\/\/now-news.de\/de\/\",\"name\":\"just-now.NEWS Deutschland\",\"description\":\"Das Portal f\u00fcr unzensierte Nachrichten aus der Welt\",\"publisher\":{\"@id\":\"https:\/\/now-news.de\/de\/#organization\"},\"potentialAction\":[{\"@type\":\"SearchAction\",\"target\":{\"@type\":\"EntryPoint\",\"urlTemplate\":\"https:\/\/now-news.de\/de\/?s={search_term_string}\"},\"query-input\":\"required name=search_term_string\"}],\"inLanguage\":\"de\"},{\"@type\":\"Organization\",\"@id\":\"https:\/\/now-news.de\/de\/#organization\",\"name\":\"Just Now News\",\"url\":\"https:\/\/now-news.de\/de\/\",\"logo\":{\"@type\":\"ImageObject\",\"inLanguage\":\"de\",\"@id\":\"https:\/\/now-news.de\/de\/#\/schema\/logo\/image\/\",\"url\":\"http:\/\/just-now.news\/de\/wp-content\/uploads\/sites\/3\/2022\/04\/logo500x500.jpg\",\"contentUrl\":\"http:\/\/just-now.news\/de\/wp-content\/uploads\/sites\/3\/2022\/04\/logo500x500.jpg\",\"width\":500,\"height\":500,\"caption\":\"Just Now News\"},\"image\":{\"@id\":\"https:\/\/now-news.de\/de\/#\/schema\/logo\/image\/\"},\"sameAs\":[\"https:\/\/www.facebook.com\/wirmachenauf\",\"https:\/\/x.com\/WirMachenAuf_de\"]},{\"@type\":\"Person\",\"@id\":\"https:\/\/now-news.de\/de\/#\/schema\/person\/fb534a4e865501d8b3285208df34a9b5\",\"name\":\"rtnews\",\"image\":{\"@type\":\"ImageObject\",\"inLanguage\":\"de\",\"@id\":\"https:\/\/now-news.de\/de\/#\/schema\/person\/image\/\",\"url\":\"https:\/\/secure.gravatar.com\/avatar\/82aafea7d8127119dd649515f56e2117?s=96&d=mm&r=g\",\"contentUrl\":\"https:\/\/secure.gravatar.com\/avatar\/82aafea7d8127119dd649515f56e2117?s=96&d=mm&r=g\",\"caption\":\"rtnews\"},\"url\":\"https:\/\/now-news.de\/de\/author\/rnews\/\"}]}<\/script>\n<!-- \/ Yoast SEO Premium plugin. -->","yoast_head_json":{"title":"Nach Anschlag auf Pilgerst\u00e4tte: Iran deckt Terrornetzwerk des IS auf - just-now.NEWS Deutschland","robots":{"index":"index","follow":"follow","max-snippet":"max-snippet:-1","max-image-preview":"max-image-preview:large","max-video-preview":"max-video-preview:-1"},"canonical":"https:\/\/now-news.de\/de\/deutschland\/nach-anschlag-auf-pilgerstaette-iran-deckt-terrornetzwerk-des-is-auf\/","og_locale":"de_DE","og_type":"article","og_title":"Nach Anschlag auf Pilgerst\u00e4tte: Iran deckt Terrornetzwerk des IS auf","og_description":"Iran hat ein Terrornetzwerk des IS aufgedeckt, das in den j\u00fcngsten Anschlag auf eine Pilgerst\u00e4tte in Schiras involviert war. W\u00e4hrend der russische Pr\u00e4sident Putin der F\u00fchrung in Teheran bereits sein Beileid aussprach, verurteilte bislang kein westlicher Spitzenpolitiker das Blutbad in Iran. Die iranischen Sicherheits- und Geheimdienstkr\u00e4fte haben nach eigenen Angaben 26 IS-Mitglieder verhaftet, die an [&hellip;]","og_url":"https:\/\/now-news.de\/de\/deutschland\/nach-anschlag-auf-pilgerstaette-iran-deckt-terrornetzwerk-des-is-auf\/","og_site_name":"just-now.NEWS Deutschland","article_publisher":"https:\/\/www.facebook.com\/wirmachenauf","article_published_time":"2022-11-08T17:40:27+00:00","og_image":[{"width":460,"height":259,"url":"https:\/\/now-news.de\/de\/wp-content\/uploads\/sites\/3\/2022\/11\/Nach-Anschlag-auf-Pilgerstaette-Iran-deckt-Terrornetzwerk-des-IS-auf.jpg","type":"image\/jpeg"}],"author":"rtnews","twitter_card":"summary_large_image","twitter_creator":"@WirMachenAuf_de","twitter_site":"@WirMachenAuf_de","twitter_misc":{"Verfasst von":"rtnews","Gesch\u00e4tzte Lesezeit":"2\u00a0Minuten"},"schema":{"@context":"https:\/\/schema.org","@graph":[{"@type":"Article","@id":"https:\/\/now-news.de\/de\/deutschland\/nach-anschlag-auf-pilgerstaette-iran-deckt-terrornetzwerk-des-is-auf\/#article","isPartOf":{"@id":"https:\/\/now-news.de\/de\/deutschland\/nach-anschlag-auf-pilgerstaette-iran-deckt-terrornetzwerk-des-is-auf\/"},"author":{"name":"rtnews","@id":"https:\/\/now-news.de\/de\/#\/schema\/person\/fb534a4e865501d8b3285208df34a9b5"},"headline":"Nach Anschlag auf Pilgerst\u00e4tte: Iran deckt Terrornetzwerk des IS auf","datePublished":"2022-11-08T17:40:27+00:00","dateModified":"2022-11-08T17:40:27+00:00","mainEntityOfPage":{"@id":"https:\/\/now-news.de\/de\/deutschland\/nach-anschlag-auf-pilgerstaette-iran-deckt-terrornetzwerk-des-is-auf\/"},"wordCount":345,"commentCount":0,"publisher":{"@id":"https:\/\/now-news.de\/de\/#organization"},"image":{"@id":"https:\/\/now-news.de\/de\/deutschland\/nach-anschlag-auf-pilgerstaette-iran-deckt-terrornetzwerk-des-is-auf\/#primaryimage"},"thumbnailUrl":"https:\/\/now-news.de\/de\/wp-content\/uploads\/sites\/3\/2022\/11\/Nach-Anschlag-auf-Pilgerstaette-Iran-deckt-Terrornetzwerk-des-IS-auf.jpg","keywords":["Anschlag","AUF","deckt","des","Iran","nach","Pilgerst\u00e4tte","Terrornetzwerk"],"articleSection":["Deutschland","Russland"],"inLanguage":"de","potentialAction":[{"@type":"CommentAction","name":"Comment","target":["https:\/\/now-news.de\/de\/deutschland\/nach-anschlag-auf-pilgerstaette-iran-deckt-terrornetzwerk-des-is-auf\/#respond"]}]},{"@type":"WebPage","@id":"https:\/\/now-news.de\/de\/deutschland\/nach-anschlag-auf-pilgerstaette-iran-deckt-terrornetzwerk-des-is-auf\/","url":"https:\/\/now-news.de\/de\/deutschland\/nach-anschlag-auf-pilgerstaette-iran-deckt-terrornetzwerk-des-is-auf\/","name":"Nach Anschlag auf Pilgerst\u00e4tte: Iran deckt Terrornetzwerk des IS auf - just-now.NEWS Deutschland","isPartOf":{"@id":"https:\/\/now-news.de\/de\/#website"},"primaryImageOfPage":{"@id":"https:\/\/now-news.de\/de\/deutschland\/nach-anschlag-auf-pilgerstaette-iran-deckt-terrornetzwerk-des-is-auf\/#primaryimage"},"image":{"@id":"https:\/\/now-news.de\/de\/deutschland\/nach-anschlag-auf-pilgerstaette-iran-deckt-terrornetzwerk-des-is-auf\/#primaryimage"},"thumbnailUrl":"https:\/\/now-news.de\/de\/wp-content\/uploads\/sites\/3\/2022\/11\/Nach-Anschlag-auf-Pilgerstaette-Iran-deckt-Terrornetzwerk-des-IS-auf.jpg","datePublished":"2022-11-08T17:40:27+00:00","dateModified":"2022-11-08T17:40:27+00:00","breadcrumb":{"@id":"https:\/\/now-news.de\/de\/deutschland\/nach-anschlag-auf-pilgerstaette-iran-deckt-terrornetzwerk-des-is-auf\/#breadcrumb"},"inLanguage":"de","potentialAction":[{"@type":"ReadAction","target":["https:\/\/now-news.de\/de\/deutschland\/nach-anschlag-auf-pilgerstaette-iran-deckt-terrornetzwerk-des-is-auf\/"]}]},{"@type":"ImageObject","inLanguage":"de","@id":"https:\/\/now-news.de\/de\/deutschland\/nach-anschlag-auf-pilgerstaette-iran-deckt-terrornetzwerk-des-is-auf\/#primaryimage","url":"https:\/\/now-news.de\/de\/wp-content\/uploads\/sites\/3\/2022\/11\/Nach-Anschlag-auf-Pilgerstaette-Iran-deckt-Terrornetzwerk-des-IS-auf.jpg","contentUrl":"https:\/\/now-news.de\/de\/wp-content\/uploads\/sites\/3\/2022\/11\/Nach-Anschlag-auf-Pilgerstaette-Iran-deckt-Terrornetzwerk-des-IS-auf.jpg","width":460,"height":259,"caption":"Nach Anschlag auf Pilgerst\u00e4tte: Iran deckt Terrornetzwerk des IS auf"},{"@type":"BreadcrumbList","@id":"https:\/\/now-news.de\/de\/deutschland\/nach-anschlag-auf-pilgerstaette-iran-deckt-terrornetzwerk-des-is-auf\/#breadcrumb","itemListElement":[{"@type":"ListItem","position":1,"name":"Home","item":"https:\/\/now-news.de\/de\/"},{"@type":"ListItem","position":2,"name":"Nach Anschlag auf Pilgerst\u00e4tte: Iran deckt Terrornetzwerk des IS auf"}]},{"@type":"WebSite","@id":"https:\/\/now-news.de\/de\/#website","url":"https:\/\/now-news.de\/de\/","name":"just-now.NEWS Deutschland","description":"Das Portal f\u00fcr unzensierte Nachrichten aus der Welt","publisher":{"@id":"https:\/\/now-news.de\/de\/#organization"},"potentialAction":[{"@type":"SearchAction","target":{"@type":"EntryPoint","urlTemplate":"https:\/\/now-news.de\/de\/?s={search_term_string}"},"query-input":"required name=search_term_string"}],"inLanguage":"de"},{"@type":"Organization","@id":"https:\/\/now-news.de\/de\/#organization","name":"Just Now News","url":"https:\/\/now-news.de\/de\/","logo":{"@type":"ImageObject","inLanguage":"de","@id":"https:\/\/now-news.de\/de\/#\/schema\/logo\/image\/","url":"http:\/\/just-now.news\/de\/wp-content\/uploads\/sites\/3\/2022\/04\/logo500x500.jpg","contentUrl":"http:\/\/just-now.news\/de\/wp-content\/uploads\/sites\/3\/2022\/04\/logo500x500.jpg","width":500,"height":500,"caption":"Just Now News"},"image":{"@id":"https:\/\/now-news.de\/de\/#\/schema\/logo\/image\/"},"sameAs":["https:\/\/www.facebook.com\/wirmachenauf","https:\/\/x.com\/WirMachenAuf_de"]},{"@type":"Person","@id":"https:\/\/now-news.de\/de\/#\/schema\/person\/fb534a4e865501d8b3285208df34a9b5","name":"rtnews","image":{"@type":"ImageObject","inLanguage":"de","@id":"https:\/\/now-news.de\/de\/#\/schema\/person\/image\/","url":"https:\/\/secure.gravatar.com\/avatar\/82aafea7d8127119dd649515f56e2117?s=96&d=mm&r=g","contentUrl":"https:\/\/secure.gravatar.com\/avatar\/82aafea7d8127119dd649515f56e2117?s=96&d=mm&r=g","caption":"rtnews"},"url":"https:\/\/now-news.de\/de\/author\/rnews\/"}]}},"_links":{"self":[{"href":"https:\/\/now-news.de\/de\/wp-json\/wp\/v2\/posts\/22690"}],"collection":[{"href":"https:\/\/now-news.de\/de\/wp-json\/wp\/v2\/posts"}],"about":[{"href":"https:\/\/now-news.de\/de\/wp-json\/wp\/v2\/types\/post"}],"author":[{"embeddable":true,"href":"https:\/\/now-news.de\/de\/wp-json\/wp\/v2\/users\/3"}],"replies":[{"embeddable":true,"href":"https:\/\/now-news.de\/de\/wp-json\/wp\/v2\/comments?post=22690"}],"version-history":[{"count":0,"href":"https:\/\/now-news.de\/de\/wp-json\/wp\/v2\/posts\/22690\/revisions"}],"wp:featuredmedia":[{"embeddable":true,"href":"https:\/\/now-news.de\/de\/wp-json\/wp\/v2\/media\/22691"}],"wp:attachment":[{"href":"https:\/\/now-news.de\/de\/wp-json\/wp\/v2\/media?parent=22690"}],"wp:term":[{"taxonomy":"category","embeddable":true,"href":"https:\/\/now-news.de\/de\/wp-json\/wp\/v2\/categories?post=22690"},{"taxonomy":"post_tag","embeddable":true,"href":"https:\/\/now-news.de\/de\/wp-json\/wp\/v2\/tags?post=22690"}],"curies":[{"name":"wp","href":"https:\/\/api.w.org\/{rel}","templated":true}]}}