{"id":22676,"date":"2022-11-08T17:42:19","date_gmt":"2022-11-08T15:42:19","guid":{"rendered":"http:\/\/just-now.news\/de\/deutschland\/macron-trifft-sich-am-rande-der-klimakonferenz-mit-maduro-und-nennt-ihn-praesident\/"},"modified":"2022-11-08T17:42:19","modified_gmt":"2022-11-08T15:42:19","slug":"macron-trifft-sich-am-rande-der-klimakonferenz-mit-maduro-und-nennt-ihn-praesident","status":"publish","type":"post","link":"https:\/\/now-news.de\/de\/deutschland\/macron-trifft-sich-am-rande-der-klimakonferenz-mit-maduro-und-nennt-ihn-praesident\/","title":{"rendered":"Macron trifft sich am Rande der Klimakonferenz mit Maduro und nennt ihn &quot;Pr\u00e4sident&quot;"},"content":{"rendered":"<p><img decoding=\"async\" src=\"http:\/\/just-now.news\/de\/wp-content\/uploads\/sites\/3\/2022\/11\/636a3ae8b480cc14113f0da2.jpg\" \/><\/p>\n<div class=\"Text-root Text-type_1 \">\n                Nur knapp zwei Minuten sprach der franz\u00f6sische Pr\u00e4sident Emmanuel Macron mit seinem venezolanischen Kollegen Nicol\u00e1s Maduro am Rande einer Veranstaltung. Dies k\u00f6nnte jedoch einen diplomatischen Durchbruch im Umgang der EU mit dem \u00f6lreichen Land in S\u00fcdamerika einl\u00e4uten.\n            <\/div>\n<p><\/p>\n<div class=\"Text-root Text-type_5 ArticleView-text ViewText-root \">\n<p>Die Pr\u00e4sidenten Frankreichs und Venezuelas, Emmanuel Macron und Nicol\u00e1s Maduro, f\u00fchrten Gespr\u00e4che am Rande der 27. Vertragsstaatenkonferenz der UN-Klimarahmenkonvention, die in Scharm asch-Schaich stattfindet. Dies wurde am Montag von der <em>Agence France-Presse<\/em>\u00a0<em>(AFP)<\/em> bekannt gegeben.<\/p>\n<p>Der Pressedienst des venezolanischen Pr\u00e4sidenten \u00fcbergab der Agentur das <a rel=\"nofollow noopener\" target=\"_blank\" href=\"https:\/\/www.youtube.com\/watch?v=hij0d7iEqfg\">Video<\/a> von diesem Treffen. Es k\u00f6nnte vor dem Hintergrund der Energiekrise eine diplomatische Wende im Umgang Frankreichs und anderer EU-L\u00e4nder mit Venezuela einl\u00e4uten. Seit den Wahlen im Jahr 2019 erkennt die EU Maduro nicht als legitimen Staatschef an.<\/p>\n<blockquote>\n<p><em>&#8220;Ich w\u00fcrde mich freuen, wenn wir l\u00e4nger reden k\u00f6nnten, damit wir bilaterale Arbeit leisten k\u00f6nnen, die f\u00fcr die Region n\u00fctzlich ist&#8221;, sagte der franz\u00f6sische Staatschef.<\/em><\/p>\n<\/blockquote>\n<p>Macron wandte sich an Maduro, nannte ihn Pr\u00e4sident und versprach, das Gespr\u00e4ch sp\u00e4ter fortzusetzen. Im Gegenzug sagte Venezuelas Pr\u00e4sident zu Macron, dass &#8220;Frankreich eine positive Rolle&#8221; in Lateinamerika spielen sollte.<\/p>\n<p>Die politische Lage in Venezuela eskalierte, nachdem Oppositionsf\u00fchrer Juan Guaid\u00f3, dessen Ernennung zum Parlamentspr\u00e4sidenten zwei Tage zuvor vom Obersten Gerichtshof annulliert worden war, sich am 23. Januar 2019 zum amtierenden Pr\u00e4sidenten erkl\u00e4rt hatte. Die Vereinigten Staaten erkannten ihn als vorl\u00e4ufiges Staatsoberhaupt an, dann schlossen sich ihnen die L\u00e4nder der Lima-Gruppe (mit Ausnahme von Mexiko), die Organisation Amerikanischer Staaten und die meisten Mitglieder der Europ\u00e4ischen Union an. Auch Macron erkannte Guaid\u00f3 im Februar 2019 als &#8220;amtierenden Pr\u00e4sidenten&#8221; an.<\/p>\n<p>Maduro bezeichnete den Vorfall als Putschversuch und k\u00fcndigte den Abbruch der diplomatischen Beziehungen zu den Vereinigten Staaten an. Russland, Wei\u00dfrussland, Iran, China, Kuba, Nicaragua, Syrien und die T\u00fcrkei dr\u00fcckten ihre Unterst\u00fctzung f\u00fcr Maduro aus.<\/p>\n<p>Einige Politiker in Frankreich reagierten sarkastisch auf Macrons offensichtliche Ann\u00e4herung an Maduro. &#8220;\u00d6l zu brauchen, macht h\u00f6flich&#8221;, bemerkte der linke Pr\u00e4sidentschaftskandidat Jean-Luc M\u00e9lenchon auf Twitter.<\/p>\n<div class=\"EmbedBlock-root EmbedBlock-twitter\">\n<div class=\"TwitterEmbed\">\n<blockquote class=\"twitter-tweet lazyload\" data-twitter=\"twitter-tweet\">\n<p lang=\"fr\" dir=\"ltr\">Rencontre bien amicale d&#8217;Emmanuel <a rel=\"nofollow noopener\" target=\"_blank\" href=\"https:\/\/twitter.com\/hashtag\/Macron?src=hash&amp;ref_src=twsrc%5Etfw\">#Macron<\/a> et Nicolas <a rel=\"nofollow noopener\" target=\"_blank\" href=\"https:\/\/twitter.com\/hashtag\/Maduro?src=hash&amp;ref_src=twsrc%5Etfw\">#Maduro<\/a> \u00e0 Charm el-Cheikh. Le besoin de p\u00e9trole rend poli.<a rel=\"nofollow noopener\" target=\"_blank\" href=\"https:\/\/twitter.com\/hashtag\/COP27?src=hash&amp;ref_src=twsrc%5Etfw\">#COP27<\/a><a rel=\"nofollow noopener\" target=\"_blank\" href=\"https:\/\/t.co\/caviHajVHI\">https:\/\/t.co\/caviHajVHI<\/a><\/p>\n<p>\u2014 Jean-Luc M\u00e9lenchon (@JLMelenchon) <a rel=\"nofollow noopener\" target=\"_blank\" href=\"https:\/\/twitter.com\/JLMelenchon\/status\/1589683934593691648?ref_src=twsrc%5Etfw\">November 7, 2022<\/a><\/p><\/blockquote>\n<\/div>\n<\/div>\n<p>Vor dem Hintergrund der Energiekrise in Europa, die durch das EU-Verbot der Lieferung russischer \u00d6lprodukte versch\u00e4rft wird, schnitt Macron auf dem G7-Gipfel im Juni die Notwendigkeit an, Energiequellen und Rohstoffe zu diversifizieren. Insbesondere sprach er \u00fcber die M\u00f6glichkeit, \u00d6l aus Venezuela und Iran wieder auf den Markt zu bringen. Als Reaktion darauf k\u00fcndigte Maduro seine <a rel=\"nofollow noopener\" target=\"_blank\" href=\"https:\/\/meinungsfreiheit.rtde.life\/amerika\/142161-nicolas-maduro-laedt-franzoesische-erdoel-unternehmen-nach-venezuela-ein\/\">Bereitschaft<\/a> an, mit franz\u00f6sischen \u00d6l- und Gasunternehmen zusammenzuarbeiten, die daran arbeiten wollen, Rohstoffe nach Europa zu exportieren.<\/p>\n<p><strong>Mehr zum Thema<\/strong> &#8211; <a rel=\"nofollow noopener\" target=\"_blank\" href=\"https:\/\/meinungsfreiheit.rtde.life\/amerika\/151377-aussenminister-lawrow-und-faria-eroertern-bilaterale-projekte\/\">Kooperation zwischen Moskau und Caracas: Au\u00dfenminister Lawrow und Far\u00eda er\u00f6rtern bilaterale Projekte <\/a><\/p>\n<div class=\"EmbedBlock-root EmbedBlock-externalVideo EmbedBlock-vk\">\n<div class=\"VkEmbed\"><iframe class=\"lazyload\" data-src=\"https:\/\/vk.com\/video_ext.php?oid=-134310637&amp;id=456257863&amp;hash=c445280a64aa31b6\" frameborder=\"0\" width=\"853\" height=\"480\" allowfullscreen><\/iframe><\/div>\n<\/div>\n<\/div>\n<p><script async src=\"https:\/\/platform.twitter.com\/widgets.js\" charset=\"utf-8\"><\/script><br \/>\n<br \/><br \/>\n<br \/><a href=\"https:\/\/de.rt.com\/international\/153753-macron-trifft-sich-am-rande\/\">Source link <\/a><\/p>\n","protected":false},"excerpt":{"rendered":"<p>Nur knapp zwei Minuten sprach der franz\u00f6sische Pr\u00e4sident Emmanuel Macron mit seinem venezolanischen Kollegen Nicol\u00e1s Maduro am Rande einer Veranstaltung. Dies k\u00f6nnte jedoch einen diplomatischen Durchbruch im Umgang der EU mit dem \u00f6lreichen Land in S\u00fcdamerika einl\u00e4uten. Die Pr\u00e4sidenten Frankreichs und Venezuelas, Emmanuel Macron und Nicol\u00e1s Maduro, f\u00fchrten Gespr\u00e4che am Rande der 27. Vertragsstaatenkonferenz der [&hellip;]<\/p>\n","protected":false},"author":3,"featured_media":22677,"comment_status":"open","ping_status":"open","sticky":false,"template":"","format":"standard","meta":{"wp_automatic_camp":["217"],"004077b017f8604e6b61ae853cbd421f":["Macron trifft sich am Rande der Klimakonferenz mit Maduro und nennt ihn &quot;Pr\u00e4sident&quot;"],"original_link":["https:\/\/de.rt.com\/international\/153753-macron-trifft-sich-am-rande\/"],"_thumbnail_id":["22677"],"_wptg_p2tg_sent2tg":["2022-11-08 17:44:07"],"jnews_social_counter_last_update":["1777332970"]},"categories":[19,23],"tags":[82,6582,35512,1711,22944,419,6986,35513,7171,434,13790,140],"yoast_head":"<!-- This site is optimized with the Yoast SEO Premium plugin v22.7 (Yoast SEO v22.7) - https:\/\/yoast.com\/wordpress\/plugins\/seo\/ -->\n<title>Macron trifft sich am Rande der Klimakonferenz mit Maduro und nennt ihn &quot;Pr\u00e4sident&quot; - just-now.NEWS Deutschland<\/title>\n<meta name=\"robots\" content=\"index, follow, max-snippet:-1, max-image-preview:large, max-video-preview:-1\" \/>\n<link rel=\"canonical\" href=\"https:\/\/now-news.de\/de\/deutschland\/macron-trifft-sich-am-rande-der-klimakonferenz-mit-maduro-und-nennt-ihn-praesident\/\" \/>\n<meta property=\"og:locale\" content=\"de_DE\" \/>\n<meta property=\"og:type\" content=\"article\" \/>\n<meta property=\"og:title\" content=\"Macron trifft sich am Rande der Klimakonferenz mit Maduro und nennt ihn &quot;Pr\u00e4sident&quot;\" \/>\n<meta property=\"og:description\" content=\"Nur knapp zwei Minuten sprach der franz\u00f6sische Pr\u00e4sident Emmanuel Macron mit seinem venezolanischen Kollegen Nicol\u00e1s Maduro am Rande einer Veranstaltung. Dies k\u00f6nnte jedoch einen diplomatischen Durchbruch im Umgang der EU mit dem \u00f6lreichen Land in S\u00fcdamerika einl\u00e4uten. Die Pr\u00e4sidenten Frankreichs und Venezuelas, Emmanuel Macron und Nicol\u00e1s Maduro, f\u00fchrten Gespr\u00e4che am Rande der 27. Vertragsstaatenkonferenz der [&hellip;]\" \/>\n<meta property=\"og:url\" content=\"https:\/\/now-news.de\/de\/deutschland\/macron-trifft-sich-am-rande-der-klimakonferenz-mit-maduro-und-nennt-ihn-praesident\/\" \/>\n<meta property=\"og:site_name\" content=\"just-now.NEWS Deutschland\" \/>\n<meta property=\"article:publisher\" content=\"https:\/\/www.facebook.com\/wirmachenauf\" \/>\n<meta property=\"article:published_time\" content=\"2022-11-08T15:42:19+00:00\" \/>\n<meta property=\"og:image\" content=\"https:\/\/now-news.de\/de\/wp-content\/uploads\/sites\/3\/2022\/11\/Macron-trifft-sich-am-Rande-der-Klimakonferenz-mit-Maduro-und.jpg\" \/>\n\t<meta property=\"og:image:width\" content=\"460\" \/>\n\t<meta property=\"og:image:height\" content=\"259\" \/>\n\t<meta property=\"og:image:type\" content=\"image\/jpeg\" \/>\n<meta name=\"author\" content=\"rtnews\" \/>\n<meta name=\"twitter:card\" content=\"summary_large_image\" \/>\n<meta name=\"twitter:creator\" content=\"@WirMachenAuf_de\" \/>\n<meta name=\"twitter:site\" content=\"@WirMachenAuf_de\" \/>\n<meta name=\"twitter:label1\" content=\"Verfasst von\" \/>\n\t<meta name=\"twitter:data1\" content=\"rtnews\" \/>\n\t<meta name=\"twitter:label2\" content=\"Gesch\u00e4tzte Lesezeit\" \/>\n\t<meta name=\"twitter:data2\" content=\"2\u00a0Minuten\" \/>\n<script type=\"application\/ld+json\" class=\"yoast-schema-graph\">{\"@context\":\"https:\/\/schema.org\",\"@graph\":[{\"@type\":\"Article\",\"@id\":\"https:\/\/now-news.de\/de\/deutschland\/macron-trifft-sich-am-rande-der-klimakonferenz-mit-maduro-und-nennt-ihn-praesident\/#article\",\"isPartOf\":{\"@id\":\"https:\/\/now-news.de\/de\/deutschland\/macron-trifft-sich-am-rande-der-klimakonferenz-mit-maduro-und-nennt-ihn-praesident\/\"},\"author\":{\"name\":\"rtnews\",\"@id\":\"https:\/\/now-news.de\/de\/#\/schema\/person\/fb534a4e865501d8b3285208df34a9b5\"},\"headline\":\"Macron trifft sich am Rande der Klimakonferenz mit Maduro und nennt ihn &quot;Pr\u00e4sident&quot;\",\"datePublished\":\"2022-11-08T15:42:19+00:00\",\"dateModified\":\"2022-11-08T15:42:19+00:00\",\"mainEntityOfPage\":{\"@id\":\"https:\/\/now-news.de\/de\/deutschland\/macron-trifft-sich-am-rande-der-klimakonferenz-mit-maduro-und-nennt-ihn-praesident\/\"},\"wordCount\":491,\"commentCount\":0,\"publisher\":{\"@id\":\"https:\/\/now-news.de\/de\/#organization\"},\"image\":{\"@id\":\"https:\/\/now-news.de\/de\/deutschland\/macron-trifft-sich-am-rande-der-klimakonferenz-mit-maduro-und-nennt-ihn-praesident\/#primaryimage\"},\"thumbnailUrl\":\"https:\/\/now-news.de\/de\/wp-content\/uploads\/sites\/3\/2022\/11\/Macron-trifft-sich-am-Rande-der-Klimakonferenz-mit-Maduro-und.jpg\",\"keywords\":[\"der\",\"ihn\",\"Klimakonferenz\",\"macron\",\"Maduro\",\"mit\",\"nennt\",\"quotPr\u00e4sidentquot\",\"Rande\",\"sich\",\"trifft\",\"und\"],\"articleSection\":[\"Deutschland\",\"Russland\"],\"inLanguage\":\"de\",\"potentialAction\":[{\"@type\":\"CommentAction\",\"name\":\"Comment\",\"target\":[\"https:\/\/now-news.de\/de\/deutschland\/macron-trifft-sich-am-rande-der-klimakonferenz-mit-maduro-und-nennt-ihn-praesident\/#respond\"]}]},{\"@type\":\"WebPage\",\"@id\":\"https:\/\/now-news.de\/de\/deutschland\/macron-trifft-sich-am-rande-der-klimakonferenz-mit-maduro-und-nennt-ihn-praesident\/\",\"url\":\"https:\/\/now-news.de\/de\/deutschland\/macron-trifft-sich-am-rande-der-klimakonferenz-mit-maduro-und-nennt-ihn-praesident\/\",\"name\":\"Macron trifft sich am Rande der Klimakonferenz mit Maduro und nennt ihn &quot;Pr\u00e4sident&quot; - just-now.NEWS Deutschland\",\"isPartOf\":{\"@id\":\"https:\/\/now-news.de\/de\/#website\"},\"primaryImageOfPage\":{\"@id\":\"https:\/\/now-news.de\/de\/deutschland\/macron-trifft-sich-am-rande-der-klimakonferenz-mit-maduro-und-nennt-ihn-praesident\/#primaryimage\"},\"image\":{\"@id\":\"https:\/\/now-news.de\/de\/deutschland\/macron-trifft-sich-am-rande-der-klimakonferenz-mit-maduro-und-nennt-ihn-praesident\/#primaryimage\"},\"thumbnailUrl\":\"https:\/\/now-news.de\/de\/wp-content\/uploads\/sites\/3\/2022\/11\/Macron-trifft-sich-am-Rande-der-Klimakonferenz-mit-Maduro-und.jpg\",\"datePublished\":\"2022-11-08T15:42:19+00:00\",\"dateModified\":\"2022-11-08T15:42:19+00:00\",\"breadcrumb\":{\"@id\":\"https:\/\/now-news.de\/de\/deutschland\/macron-trifft-sich-am-rande-der-klimakonferenz-mit-maduro-und-nennt-ihn-praesident\/#breadcrumb\"},\"inLanguage\":\"de\",\"potentialAction\":[{\"@type\":\"ReadAction\",\"target\":[\"https:\/\/now-news.de\/de\/deutschland\/macron-trifft-sich-am-rande-der-klimakonferenz-mit-maduro-und-nennt-ihn-praesident\/\"]}]},{\"@type\":\"ImageObject\",\"inLanguage\":\"de\",\"@id\":\"https:\/\/now-news.de\/de\/deutschland\/macron-trifft-sich-am-rande-der-klimakonferenz-mit-maduro-und-nennt-ihn-praesident\/#primaryimage\",\"url\":\"https:\/\/now-news.de\/de\/wp-content\/uploads\/sites\/3\/2022\/11\/Macron-trifft-sich-am-Rande-der-Klimakonferenz-mit-Maduro-und.jpg\",\"contentUrl\":\"https:\/\/now-news.de\/de\/wp-content\/uploads\/sites\/3\/2022\/11\/Macron-trifft-sich-am-Rande-der-Klimakonferenz-mit-Maduro-und.jpg\",\"width\":460,\"height\":259,\"caption\":\"Macron trifft sich am Rande der Klimakonferenz mit Maduro und nennt ihn &quot;Pr\u00e4sident&quot;\"},{\"@type\":\"BreadcrumbList\",\"@id\":\"https:\/\/now-news.de\/de\/deutschland\/macron-trifft-sich-am-rande-der-klimakonferenz-mit-maduro-und-nennt-ihn-praesident\/#breadcrumb\",\"itemListElement\":[{\"@type\":\"ListItem\",\"position\":1,\"name\":\"Home\",\"item\":\"https:\/\/now-news.de\/de\/\"},{\"@type\":\"ListItem\",\"position\":2,\"name\":\"Macron trifft sich am Rande der Klimakonferenz mit Maduro und nennt ihn &quot;Pr\u00e4sident&quot;\"}]},{\"@type\":\"WebSite\",\"@id\":\"https:\/\/now-news.de\/de\/#website\",\"url\":\"https:\/\/now-news.de\/de\/\",\"name\":\"just-now.NEWS Deutschland\",\"description\":\"Das Portal f\u00fcr unzensierte Nachrichten aus der Welt\",\"publisher\":{\"@id\":\"https:\/\/now-news.de\/de\/#organization\"},\"potentialAction\":[{\"@type\":\"SearchAction\",\"target\":{\"@type\":\"EntryPoint\",\"urlTemplate\":\"https:\/\/now-news.de\/de\/?s={search_term_string}\"},\"query-input\":\"required name=search_term_string\"}],\"inLanguage\":\"de\"},{\"@type\":\"Organization\",\"@id\":\"https:\/\/now-news.de\/de\/#organization\",\"name\":\"Just Now News\",\"url\":\"https:\/\/now-news.de\/de\/\",\"logo\":{\"@type\":\"ImageObject\",\"inLanguage\":\"de\",\"@id\":\"https:\/\/now-news.de\/de\/#\/schema\/logo\/image\/\",\"url\":\"http:\/\/just-now.news\/de\/wp-content\/uploads\/sites\/3\/2022\/04\/logo500x500.jpg\",\"contentUrl\":\"http:\/\/just-now.news\/de\/wp-content\/uploads\/sites\/3\/2022\/04\/logo500x500.jpg\",\"width\":500,\"height\":500,\"caption\":\"Just Now News\"},\"image\":{\"@id\":\"https:\/\/now-news.de\/de\/#\/schema\/logo\/image\/\"},\"sameAs\":[\"https:\/\/www.facebook.com\/wirmachenauf\",\"https:\/\/x.com\/WirMachenAuf_de\"]},{\"@type\":\"Person\",\"@id\":\"https:\/\/now-news.de\/de\/#\/schema\/person\/fb534a4e865501d8b3285208df34a9b5\",\"name\":\"rtnews\",\"image\":{\"@type\":\"ImageObject\",\"inLanguage\":\"de\",\"@id\":\"https:\/\/now-news.de\/de\/#\/schema\/person\/image\/\",\"url\":\"https:\/\/secure.gravatar.com\/avatar\/82aafea7d8127119dd649515f56e2117?s=96&d=mm&r=g\",\"contentUrl\":\"https:\/\/secure.gravatar.com\/avatar\/82aafea7d8127119dd649515f56e2117?s=96&d=mm&r=g\",\"caption\":\"rtnews\"},\"url\":\"https:\/\/now-news.de\/de\/author\/rnews\/\"}]}<\/script>\n<!-- \/ Yoast SEO Premium plugin. -->","yoast_head_json":{"title":"Macron trifft sich am Rande der Klimakonferenz mit Maduro und nennt ihn &quot;Pr\u00e4sident&quot; - just-now.NEWS Deutschland","robots":{"index":"index","follow":"follow","max-snippet":"max-snippet:-1","max-image-preview":"max-image-preview:large","max-video-preview":"max-video-preview:-1"},"canonical":"https:\/\/now-news.de\/de\/deutschland\/macron-trifft-sich-am-rande-der-klimakonferenz-mit-maduro-und-nennt-ihn-praesident\/","og_locale":"de_DE","og_type":"article","og_title":"Macron trifft sich am Rande der Klimakonferenz mit Maduro und nennt ihn &quot;Pr\u00e4sident&quot;","og_description":"Nur knapp zwei Minuten sprach der franz\u00f6sische Pr\u00e4sident Emmanuel Macron mit seinem venezolanischen Kollegen Nicol\u00e1s Maduro am Rande einer Veranstaltung. Dies k\u00f6nnte jedoch einen diplomatischen Durchbruch im Umgang der EU mit dem \u00f6lreichen Land in S\u00fcdamerika einl\u00e4uten. Die Pr\u00e4sidenten Frankreichs und Venezuelas, Emmanuel Macron und Nicol\u00e1s Maduro, f\u00fchrten Gespr\u00e4che am Rande der 27. Vertragsstaatenkonferenz der [&hellip;]","og_url":"https:\/\/now-news.de\/de\/deutschland\/macron-trifft-sich-am-rande-der-klimakonferenz-mit-maduro-und-nennt-ihn-praesident\/","og_site_name":"just-now.NEWS Deutschland","article_publisher":"https:\/\/www.facebook.com\/wirmachenauf","article_published_time":"2022-11-08T15:42:19+00:00","og_image":[{"width":460,"height":259,"url":"https:\/\/now-news.de\/de\/wp-content\/uploads\/sites\/3\/2022\/11\/Macron-trifft-sich-am-Rande-der-Klimakonferenz-mit-Maduro-und.jpg","type":"image\/jpeg"}],"author":"rtnews","twitter_card":"summary_large_image","twitter_creator":"@WirMachenAuf_de","twitter_site":"@WirMachenAuf_de","twitter_misc":{"Verfasst von":"rtnews","Gesch\u00e4tzte Lesezeit":"2\u00a0Minuten"},"schema":{"@context":"https:\/\/schema.org","@graph":[{"@type":"Article","@id":"https:\/\/now-news.de\/de\/deutschland\/macron-trifft-sich-am-rande-der-klimakonferenz-mit-maduro-und-nennt-ihn-praesident\/#article","isPartOf":{"@id":"https:\/\/now-news.de\/de\/deutschland\/macron-trifft-sich-am-rande-der-klimakonferenz-mit-maduro-und-nennt-ihn-praesident\/"},"author":{"name":"rtnews","@id":"https:\/\/now-news.de\/de\/#\/schema\/person\/fb534a4e865501d8b3285208df34a9b5"},"headline":"Macron trifft sich am Rande der Klimakonferenz mit Maduro und nennt ihn &quot;Pr\u00e4sident&quot;","datePublished":"2022-11-08T15:42:19+00:00","dateModified":"2022-11-08T15:42:19+00:00","mainEntityOfPage":{"@id":"https:\/\/now-news.de\/de\/deutschland\/macron-trifft-sich-am-rande-der-klimakonferenz-mit-maduro-und-nennt-ihn-praesident\/"},"wordCount":491,"commentCount":0,"publisher":{"@id":"https:\/\/now-news.de\/de\/#organization"},"image":{"@id":"https:\/\/now-news.de\/de\/deutschland\/macron-trifft-sich-am-rande-der-klimakonferenz-mit-maduro-und-nennt-ihn-praesident\/#primaryimage"},"thumbnailUrl":"https:\/\/now-news.de\/de\/wp-content\/uploads\/sites\/3\/2022\/11\/Macron-trifft-sich-am-Rande-der-Klimakonferenz-mit-Maduro-und.jpg","keywords":["der","ihn","Klimakonferenz","macron","Maduro","mit","nennt","quotPr\u00e4sidentquot","Rande","sich","trifft","und"],"articleSection":["Deutschland","Russland"],"inLanguage":"de","potentialAction":[{"@type":"CommentAction","name":"Comment","target":["https:\/\/now-news.de\/de\/deutschland\/macron-trifft-sich-am-rande-der-klimakonferenz-mit-maduro-und-nennt-ihn-praesident\/#respond"]}]},{"@type":"WebPage","@id":"https:\/\/now-news.de\/de\/deutschland\/macron-trifft-sich-am-rande-der-klimakonferenz-mit-maduro-und-nennt-ihn-praesident\/","url":"https:\/\/now-news.de\/de\/deutschland\/macron-trifft-sich-am-rande-der-klimakonferenz-mit-maduro-und-nennt-ihn-praesident\/","name":"Macron trifft sich am Rande der Klimakonferenz mit Maduro und nennt ihn &quot;Pr\u00e4sident&quot; - just-now.NEWS Deutschland","isPartOf":{"@id":"https:\/\/now-news.de\/de\/#website"},"primaryImageOfPage":{"@id":"https:\/\/now-news.de\/de\/deutschland\/macron-trifft-sich-am-rande-der-klimakonferenz-mit-maduro-und-nennt-ihn-praesident\/#primaryimage"},"image":{"@id":"https:\/\/now-news.de\/de\/deutschland\/macron-trifft-sich-am-rande-der-klimakonferenz-mit-maduro-und-nennt-ihn-praesident\/#primaryimage"},"thumbnailUrl":"https:\/\/now-news.de\/de\/wp-content\/uploads\/sites\/3\/2022\/11\/Macron-trifft-sich-am-Rande-der-Klimakonferenz-mit-Maduro-und.jpg","datePublished":"2022-11-08T15:42:19+00:00","dateModified":"2022-11-08T15:42:19+00:00","breadcrumb":{"@id":"https:\/\/now-news.de\/de\/deutschland\/macron-trifft-sich-am-rande-der-klimakonferenz-mit-maduro-und-nennt-ihn-praesident\/#breadcrumb"},"inLanguage":"de","potentialAction":[{"@type":"ReadAction","target":["https:\/\/now-news.de\/de\/deutschland\/macron-trifft-sich-am-rande-der-klimakonferenz-mit-maduro-und-nennt-ihn-praesident\/"]}]},{"@type":"ImageObject","inLanguage":"de","@id":"https:\/\/now-news.de\/de\/deutschland\/macron-trifft-sich-am-rande-der-klimakonferenz-mit-maduro-und-nennt-ihn-praesident\/#primaryimage","url":"https:\/\/now-news.de\/de\/wp-content\/uploads\/sites\/3\/2022\/11\/Macron-trifft-sich-am-Rande-der-Klimakonferenz-mit-Maduro-und.jpg","contentUrl":"https:\/\/now-news.de\/de\/wp-content\/uploads\/sites\/3\/2022\/11\/Macron-trifft-sich-am-Rande-der-Klimakonferenz-mit-Maduro-und.jpg","width":460,"height":259,"caption":"Macron trifft sich am Rande der Klimakonferenz mit Maduro und nennt ihn &quot;Pr\u00e4sident&quot;"},{"@type":"BreadcrumbList","@id":"https:\/\/now-news.de\/de\/deutschland\/macron-trifft-sich-am-rande-der-klimakonferenz-mit-maduro-und-nennt-ihn-praesident\/#breadcrumb","itemListElement":[{"@type":"ListItem","position":1,"name":"Home","item":"https:\/\/now-news.de\/de\/"},{"@type":"ListItem","position":2,"name":"Macron trifft sich am Rande der Klimakonferenz mit Maduro und nennt ihn &quot;Pr\u00e4sident&quot;"}]},{"@type":"WebSite","@id":"https:\/\/now-news.de\/de\/#website","url":"https:\/\/now-news.de\/de\/","name":"just-now.NEWS Deutschland","description":"Das Portal f\u00fcr unzensierte Nachrichten aus der Welt","publisher":{"@id":"https:\/\/now-news.de\/de\/#organization"},"potentialAction":[{"@type":"SearchAction","target":{"@type":"EntryPoint","urlTemplate":"https:\/\/now-news.de\/de\/?s={search_term_string}"},"query-input":"required name=search_term_string"}],"inLanguage":"de"},{"@type":"Organization","@id":"https:\/\/now-news.de\/de\/#organization","name":"Just Now News","url":"https:\/\/now-news.de\/de\/","logo":{"@type":"ImageObject","inLanguage":"de","@id":"https:\/\/now-news.de\/de\/#\/schema\/logo\/image\/","url":"http:\/\/just-now.news\/de\/wp-content\/uploads\/sites\/3\/2022\/04\/logo500x500.jpg","contentUrl":"http:\/\/just-now.news\/de\/wp-content\/uploads\/sites\/3\/2022\/04\/logo500x500.jpg","width":500,"height":500,"caption":"Just Now News"},"image":{"@id":"https:\/\/now-news.de\/de\/#\/schema\/logo\/image\/"},"sameAs":["https:\/\/www.facebook.com\/wirmachenauf","https:\/\/x.com\/WirMachenAuf_de"]},{"@type":"Person","@id":"https:\/\/now-news.de\/de\/#\/schema\/person\/fb534a4e865501d8b3285208df34a9b5","name":"rtnews","image":{"@type":"ImageObject","inLanguage":"de","@id":"https:\/\/now-news.de\/de\/#\/schema\/person\/image\/","url":"https:\/\/secure.gravatar.com\/avatar\/82aafea7d8127119dd649515f56e2117?s=96&d=mm&r=g","contentUrl":"https:\/\/secure.gravatar.com\/avatar\/82aafea7d8127119dd649515f56e2117?s=96&d=mm&r=g","caption":"rtnews"},"url":"https:\/\/now-news.de\/de\/author\/rnews\/"}]}},"_links":{"self":[{"href":"https:\/\/now-news.de\/de\/wp-json\/wp\/v2\/posts\/22676"}],"collection":[{"href":"https:\/\/now-news.de\/de\/wp-json\/wp\/v2\/posts"}],"about":[{"href":"https:\/\/now-news.de\/de\/wp-json\/wp\/v2\/types\/post"}],"author":[{"embeddable":true,"href":"https:\/\/now-news.de\/de\/wp-json\/wp\/v2\/users\/3"}],"replies":[{"embeddable":true,"href":"https:\/\/now-news.de\/de\/wp-json\/wp\/v2\/comments?post=22676"}],"version-history":[{"count":0,"href":"https:\/\/now-news.de\/de\/wp-json\/wp\/v2\/posts\/22676\/revisions"}],"wp:featuredmedia":[{"embeddable":true,"href":"https:\/\/now-news.de\/de\/wp-json\/wp\/v2\/media\/22677"}],"wp:attachment":[{"href":"https:\/\/now-news.de\/de\/wp-json\/wp\/v2\/media?parent=22676"}],"wp:term":[{"taxonomy":"category","embeddable":true,"href":"https:\/\/now-news.de\/de\/wp-json\/wp\/v2\/categories?post=22676"},{"taxonomy":"post_tag","embeddable":true,"href":"https:\/\/now-news.de\/de\/wp-json\/wp\/v2\/tags?post=22676"}],"curies":[{"name":"wp","href":"https:\/\/api.w.org\/{rel}","templated":true}]}}