{"id":22650,"date":"2022-11-08T12:39:22","date_gmt":"2022-11-08T10:39:22","guid":{"rendered":"http:\/\/just-now.news\/de\/deutschland\/wir-mischen-uns-subtil-und-spuerbar-ein-chef-der-wagner-gruppe-ueber-us-vorwurf-zur-wahleinmischung\/"},"modified":"2022-11-08T12:39:22","modified_gmt":"2022-11-08T10:39:22","slug":"wir-mischen-uns-subtil-und-spuerbar-ein-chef-der-wagner-gruppe-ueber-us-vorwurf-zur-wahleinmischung","status":"publish","type":"post","link":"https:\/\/now-news.de\/de\/deutschland\/wir-mischen-uns-subtil-und-spuerbar-ein-chef-der-wagner-gruppe-ueber-us-vorwurf-zur-wahleinmischung\/","title":{"rendered":"&quot;Wir mischen uns subtil und sp\u00fcrbar ein&quot;: Chef der Wagner-Gruppe \u00fcber US-Vorwurf zur Wahleinmischung"},"content":{"rendered":"<p><img decoding=\"async\" src=\"http:\/\/just-now.news\/de\/wp-content\/uploads\/sites\/3\/2022\/11\/636939c3b480cc57c65900c2.jpg\" \/><\/p>\n<div class=\"Text-root Text-type_1 \">\n                Jewgeni Prigoschin, Chef der privaten Milit\u00e4rfirma Wagner, hat auf die Vorw\u00fcrfe zur Einmischung in die US-Wahl reagiert. Er sagte: &#8220;Wir haben uns eingemischt, wir mischen uns ein und wir werden uns auch weiterhin einmischen, subtil und auf unsere eigene Art und Weise, wie wir es k\u00f6nnen.&#8221;\n            <\/div>\n<p><\/p>\n<div class=\"Text-root Text-type_5 ArticleView-text ViewText-root \">\n<p>Der russische Gesch\u00e4ftsmann und Chef des privaten Milit\u00e4runternehmens Wagner, Jewgeni Prigoschin, der zuvor von den US-Beh\u00f6rden der Einmischung in die US-Wahlen beschuldigt worden war, hat auf diese Berichte reagiert.<strong><\/strong><\/p>\n<p>Prigoschin wurde gebeten, zu einem Bericht von <em>Radio Swoboda<\/em> \u00fcber die angebliche russische Einmischung in die bevorstehenden US-Kongress-Zwischenwahlen am 8. November und die Verbindung seines Namens mit dieser Einmischung Stellung zu nehmen. In der von der Pressestelle zitierten schriftlichen <a rel=\"nofollow noopener\" target=\"_blank\" href=\"https:\/\/t.me\/concordgroup_official\/5\">Antwort<\/a> von Prigoschin auf den Bericht hei\u00dft es:<strong><\/strong><\/p>\n<blockquote>\n<p><em>&#8220;Ich werde Ihnen sehr subtil und behutsam antworten und, wenn Sie mich entschuldigen, eine gewisse Zweideutigkeit zulassen. Meine Herren, wir haben uns eingemischt, wir mischen uns ein und wir werden uns auch weiterhin einmischen. Akkurat, sp\u00fcrbar, chirurgisch und auf unsere eigene Art und Weise, wie wir es k\u00f6nnen. Wir werden bei unseren sp\u00fcrbaren Operationen beide Nieren und die Leber auf einmal entfernen.&#8221;<\/em><\/p>\n<\/blockquote>\n<p>Die Untersuchung einer m\u00f6glichen russischen Einmischung in die Wahl l\u00e4uft in den USA seit Herbst 2017. Zu diesem Zeitpunkt interessierte sich der US-Kongress f\u00fcr die Umst\u00e4nde der Wahl des republikanischen Pr\u00e4sidentschaftskandidaten Donald Trump. Die US-Beh\u00f6rden verd\u00e4chtigen unter anderem die in Sankt Petersburg ans\u00e4ssige Internet Research Agency (oft als Trollfabrik oder Kreml-Bots bezeichnet), die nach Angaben Washingtons gef\u00e4lschte Facebook- und Twitter-Konten sowie YouTube-Kan\u00e4le eingerichtet habe, \u00fcber die sie Propaganda und Fehlinformationen verbreite und auf andere Weise versuche, die \u00f6ffentliche Meinung zu manipulieren. Die USA glaubten, dass Prigoschin an der Einmischung in die Wahlen beteiligt war. Der Gesch\u00e4ftsmann selbst hatte die Vorw\u00fcrfe bestritten und Anw\u00e4lte beauftragt, ihn in den USA zu verteidigen.<\/p>\n<p>Im Juli 2022 versprach das US-Au\u00dfenministerium, zehn Millionen US-Dollar f\u00fcr Informationen \u00fcber die Einmischung von Prigoschin und verwandten Organisationen in die US-Pr\u00e4sidentschaftswahlen 2016 zu zahlen. Das US-Au\u00dfenministerium behauptete, dass es auch an Informationen \u00fcber die Internet Research Agency interessiert sei.<\/p>\n<p>Im November erkl\u00e4rten Experten des US-Cybersicherheitsunternehmens Recorded Future, dass Russland versuche, sich in die Zwischenwahlen zum Kongress einzumischen. Analysten wiesen darauf hin, dass im Sp\u00e4tsommer gef\u00e4lschte Konten mit Inhalten, die darauf abzielen, die Demokraten zu diskreditieren, in den sozialen Netzwerken immer aktiver wurden. Experten zufolge stehen diese Profile mit Russland in Verbindung, und einige von ihnen geh\u00f6ren zur Internet Research Agency.<\/p>\n<p>Die Wahlen zum Repr\u00e4sentantenhaus und zum Senat finden in den USA am heutigen 8. November statt. In das Unterhaus des Kongresses werden Vertreter aus allen 435 Distrikten gew\u00e4hlt, w\u00e4hrend in das Oberhaus 35 der 100 Senatoren gew\u00e4hlt werden. In den letzten zwei Jahren hatte die Demokratische Partei sowohl im Repr\u00e4sentantenhaus als auch im Senat eine Mehrheit, die es ihr nicht nur erm\u00f6glichte, ihre Vertreter in Spitzenpositionen wichtiger Kongressaussch\u00fcsse zu berufen, sondern auch Bidens Initiativen frei umzusetzen. Meinungsumfragen zufolge k\u00f6nnten die Republikaner in diesem Jahr die Kontrolle \u00fcber beide Kammern erlangen.<\/p>\n<p>Das russische Au\u00dfenministerium wies die Vorw\u00fcrfe der russischen Einmischung in die Wahlen zur\u00fcck. Die Pressesprecherin des Ministeriums, Maria Sacharowa, sagte, dass die westlichen L\u00e4nder &#8220;einen Mechanismus schaffen, um eine neue These in das \u00f6ffentliche Bewusstsein zu pflanzen&#8221;.<\/p>\n<p>Prigoschin wurde im Dezember 2016 wegen des Verdachts der Einmischung in die Pr\u00e4sidentschaftswahlen auf die Sanktionsliste der USA gesetzt. Sp\u00e4ter, im Jahr 2017, verh\u00e4ngte Washington Sanktionen gegen einige mit Prigoschin verbundene Unternehmen. Die Sanktionslisten wurden im Jahr 2021 erg\u00e4nzt.<\/p>\n<p>Im September 2022 gab Prigoschin zu, im Jahr 2014 eine Gruppe gegr\u00fcndet zu haben, die sp\u00e4ter in das private Milit\u00e4runternehmen Wagner umbenannt wurde. Zuvor hatte er lange bestritten, daran beteiligt gewesen zu sein. Der Gesch\u00e4ftsmann sagte, dass er und viele andere Gesch\u00e4ftsleute im Jahr 2014, &#8220;als der V\u00f6lkermord an der russischen Bev\u00f6lkerung im Donbass begann&#8221; und &#8220;Russland auf den letzten Dampflokzug aufsprang und es schaffte, die Ankunft der ukrainischen Armee auf der Krim zu blockieren&#8221;, versuchten, &#8220;eine Gruppe zu rekrutieren, die die Russen sch\u00fctzen wird&#8221;. Sp\u00e4ter besuchte er auf eigene Faust das Trainingsgel\u00e4nde, um die Gruppe zu bewaffnen sowie auszur\u00fcsten und um Fachleute zu finden.<\/p>\n<p><strong>Mehr zum Thema<\/strong> &#8211; <a rel=\"nofollow noopener\" target=\"_blank\" href=\"https:\/\/de.rt.com\/international\/127358-wegen-angeblicher-einmischung-in-us\/\">Wegen angeblicher Einmischung in die US-Wahlen: Iranische Staatsb\u00fcrger unter Anklage<\/a><\/p>\n<\/div>\n<p><br \/>\n<br \/><a href=\"https:\/\/de.rt.com\/international\/153693-wir-mischen-uns-subtil-und\/\">Source link <\/a><\/p>\n","protected":false},"excerpt":{"rendered":"<p>Jewgeni Prigoschin, Chef der privaten Milit\u00e4rfirma Wagner, hat auf die Vorw\u00fcrfe zur Einmischung in die US-Wahl reagiert. Er sagte: &#8220;Wir haben uns eingemischt, wir mischen uns ein und wir werden uns auch weiterhin einmischen, subtil und auf unsere eigene Art und Weise, wie wir es k\u00f6nnen.&#8221; Der russische Gesch\u00e4ftsmann und Chef des privaten Milit\u00e4runternehmens Wagner, [&hellip;]<\/p>\n","protected":false},"author":3,"featured_media":22651,"comment_status":"open","ping_status":"open","sticky":false,"template":"","format":"standard","meta":{"wp_automatic_camp":["217"],"7f010e74b10a436bddf1ac61e2ed2c77":["&quot;Wir mischen uns subtil und sp\u00fcrbar ein&quot;: Chef der Wagner-Gruppe \u00fcber US-Vorwurf zur Wahleinmischung"],"original_link":["https:\/\/de.rt.com\/international\/153693-wir-mischen-uns-subtil-und\/"],"_thumbnail_id":["22651"],"_wptg_p2tg_sent2tg":["2022-11-08 12:52:53"],"jnews_social_counter_last_update":["1777352595"]},"categories":[19,23],"tags":[18111,82,35497,35494,5451,35496,35495,139,140,311,35499,35498,35500,581],"yoast_head":"<!-- This site is optimized with the Yoast SEO Premium plugin v22.7 (Yoast SEO v22.7) - https:\/\/yoast.com\/wordpress\/plugins\/seo\/ -->\n<title>&quot;Wir mischen uns subtil und sp\u00fcrbar ein&quot;: Chef der Wagner-Gruppe \u00fcber US-Vorwurf zur Wahleinmischung - just-now.NEWS Deutschland<\/title>\n<meta name=\"robots\" content=\"index, follow, max-snippet:-1, max-image-preview:large, max-video-preview:-1\" \/>\n<link rel=\"canonical\" href=\"https:\/\/now-news.de\/de\/deutschland\/wir-mischen-uns-subtil-und-spuerbar-ein-chef-der-wagner-gruppe-ueber-us-vorwurf-zur-wahleinmischung\/\" \/>\n<meta property=\"og:locale\" content=\"de_DE\" \/>\n<meta property=\"og:type\" content=\"article\" \/>\n<meta property=\"og:title\" content=\"&quot;Wir mischen uns subtil und sp\u00fcrbar ein&quot;: Chef der Wagner-Gruppe \u00fcber US-Vorwurf zur Wahleinmischung\" \/>\n<meta property=\"og:description\" content=\"Jewgeni Prigoschin, Chef der privaten Milit\u00e4rfirma Wagner, hat auf die Vorw\u00fcrfe zur Einmischung in die US-Wahl reagiert. Er sagte: &#8220;Wir haben uns eingemischt, wir mischen uns ein und wir werden uns auch weiterhin einmischen, subtil und auf unsere eigene Art und Weise, wie wir es k\u00f6nnen.&#8221; Der russische Gesch\u00e4ftsmann und Chef des privaten Milit\u00e4runternehmens Wagner, [&hellip;]\" \/>\n<meta property=\"og:url\" content=\"https:\/\/now-news.de\/de\/deutschland\/wir-mischen-uns-subtil-und-spuerbar-ein-chef-der-wagner-gruppe-ueber-us-vorwurf-zur-wahleinmischung\/\" \/>\n<meta property=\"og:site_name\" content=\"just-now.NEWS Deutschland\" \/>\n<meta property=\"article:publisher\" content=\"https:\/\/www.facebook.com\/wirmachenauf\" \/>\n<meta property=\"article:published_time\" content=\"2022-11-08T10:39:22+00:00\" \/>\n<meta property=\"og:image\" content=\"https:\/\/now-news.de\/de\/wp-content\/uploads\/sites\/3\/2022\/11\/quotWir-mischen-uns-subtil-und-spuerbar-einquot-Chef-der-Wagner-Gruppe.jpg\" \/>\n\t<meta property=\"og:image:width\" content=\"460\" \/>\n\t<meta property=\"og:image:height\" content=\"259\" \/>\n\t<meta property=\"og:image:type\" content=\"image\/jpeg\" \/>\n<meta name=\"author\" content=\"rtnews\" \/>\n<meta name=\"twitter:card\" content=\"summary_large_image\" \/>\n<meta name=\"twitter:creator\" content=\"@WirMachenAuf_de\" \/>\n<meta name=\"twitter:site\" content=\"@WirMachenAuf_de\" \/>\n<meta name=\"twitter:label1\" content=\"Verfasst von\" \/>\n\t<meta name=\"twitter:data1\" content=\"rtnews\" \/>\n\t<meta name=\"twitter:label2\" content=\"Gesch\u00e4tzte Lesezeit\" \/>\n\t<meta name=\"twitter:data2\" content=\"4\u00a0Minuten\" \/>\n<script type=\"application\/ld+json\" class=\"yoast-schema-graph\">{\"@context\":\"https:\/\/schema.org\",\"@graph\":[{\"@type\":\"Article\",\"@id\":\"https:\/\/now-news.de\/de\/deutschland\/wir-mischen-uns-subtil-und-spuerbar-ein-chef-der-wagner-gruppe-ueber-us-vorwurf-zur-wahleinmischung\/#article\",\"isPartOf\":{\"@id\":\"https:\/\/now-news.de\/de\/deutschland\/wir-mischen-uns-subtil-und-spuerbar-ein-chef-der-wagner-gruppe-ueber-us-vorwurf-zur-wahleinmischung\/\"},\"author\":{\"name\":\"rtnews\",\"@id\":\"https:\/\/now-news.de\/de\/#\/schema\/person\/fb534a4e865501d8b3285208df34a9b5\"},\"headline\":\"&quot;Wir mischen uns subtil und sp\u00fcrbar ein&quot;: Chef der Wagner-Gruppe \u00fcber US-Vorwurf zur Wahleinmischung\",\"datePublished\":\"2022-11-08T10:39:22+00:00\",\"dateModified\":\"2022-11-08T10:39:22+00:00\",\"mainEntityOfPage\":{\"@id\":\"https:\/\/now-news.de\/de\/deutschland\/wir-mischen-uns-subtil-und-spuerbar-ein-chef-der-wagner-gruppe-ueber-us-vorwurf-zur-wahleinmischung\/\"},\"wordCount\":745,\"commentCount\":0,\"publisher\":{\"@id\":\"https:\/\/now-news.de\/de\/#organization\"},\"image\":{\"@id\":\"https:\/\/now-news.de\/de\/deutschland\/wir-mischen-uns-subtil-und-spuerbar-ein-chef-der-wagner-gruppe-ueber-us-vorwurf-zur-wahleinmischung\/#primaryimage\"},\"thumbnailUrl\":\"https:\/\/now-news.de\/de\/wp-content\/uploads\/sites\/3\/2022\/11\/quotWir-mischen-uns-subtil-und-spuerbar-einquot-Chef-der-Wagner-Gruppe.jpg\",\"keywords\":[\"Chef\",\"der\",\"einquot\",\"mischen\",\"quotWir\",\"sp\u00fcrbar\",\"subtil\",\"\u00fcber\",\"und\",\"uns\",\"USVorwurf\",\"WagnerGruppe\",\"Wahleinmischung\",\"zur\"],\"articleSection\":[\"Deutschland\",\"Russland\"],\"inLanguage\":\"de\",\"potentialAction\":[{\"@type\":\"CommentAction\",\"name\":\"Comment\",\"target\":[\"https:\/\/now-news.de\/de\/deutschland\/wir-mischen-uns-subtil-und-spuerbar-ein-chef-der-wagner-gruppe-ueber-us-vorwurf-zur-wahleinmischung\/#respond\"]}]},{\"@type\":\"WebPage\",\"@id\":\"https:\/\/now-news.de\/de\/deutschland\/wir-mischen-uns-subtil-und-spuerbar-ein-chef-der-wagner-gruppe-ueber-us-vorwurf-zur-wahleinmischung\/\",\"url\":\"https:\/\/now-news.de\/de\/deutschland\/wir-mischen-uns-subtil-und-spuerbar-ein-chef-der-wagner-gruppe-ueber-us-vorwurf-zur-wahleinmischung\/\",\"name\":\"&quot;Wir mischen uns subtil und sp\u00fcrbar ein&quot;: Chef der Wagner-Gruppe \u00fcber US-Vorwurf zur Wahleinmischung - just-now.NEWS Deutschland\",\"isPartOf\":{\"@id\":\"https:\/\/now-news.de\/de\/#website\"},\"primaryImageOfPage\":{\"@id\":\"https:\/\/now-news.de\/de\/deutschland\/wir-mischen-uns-subtil-und-spuerbar-ein-chef-der-wagner-gruppe-ueber-us-vorwurf-zur-wahleinmischung\/#primaryimage\"},\"image\":{\"@id\":\"https:\/\/now-news.de\/de\/deutschland\/wir-mischen-uns-subtil-und-spuerbar-ein-chef-der-wagner-gruppe-ueber-us-vorwurf-zur-wahleinmischung\/#primaryimage\"},\"thumbnailUrl\":\"https:\/\/now-news.de\/de\/wp-content\/uploads\/sites\/3\/2022\/11\/quotWir-mischen-uns-subtil-und-spuerbar-einquot-Chef-der-Wagner-Gruppe.jpg\",\"datePublished\":\"2022-11-08T10:39:22+00:00\",\"dateModified\":\"2022-11-08T10:39:22+00:00\",\"breadcrumb\":{\"@id\":\"https:\/\/now-news.de\/de\/deutschland\/wir-mischen-uns-subtil-und-spuerbar-ein-chef-der-wagner-gruppe-ueber-us-vorwurf-zur-wahleinmischung\/#breadcrumb\"},\"inLanguage\":\"de\",\"potentialAction\":[{\"@type\":\"ReadAction\",\"target\":[\"https:\/\/now-news.de\/de\/deutschland\/wir-mischen-uns-subtil-und-spuerbar-ein-chef-der-wagner-gruppe-ueber-us-vorwurf-zur-wahleinmischung\/\"]}]},{\"@type\":\"ImageObject\",\"inLanguage\":\"de\",\"@id\":\"https:\/\/now-news.de\/de\/deutschland\/wir-mischen-uns-subtil-und-spuerbar-ein-chef-der-wagner-gruppe-ueber-us-vorwurf-zur-wahleinmischung\/#primaryimage\",\"url\":\"https:\/\/now-news.de\/de\/wp-content\/uploads\/sites\/3\/2022\/11\/quotWir-mischen-uns-subtil-und-spuerbar-einquot-Chef-der-Wagner-Gruppe.jpg\",\"contentUrl\":\"https:\/\/now-news.de\/de\/wp-content\/uploads\/sites\/3\/2022\/11\/quotWir-mischen-uns-subtil-und-spuerbar-einquot-Chef-der-Wagner-Gruppe.jpg\",\"width\":460,\"height\":259,\"caption\":\"&quot;Wir mischen uns subtil und sp\u00fcrbar ein&quot;: Chef der Wagner-Gruppe \u00fcber US-Vorwurf zur Wahleinmischung\"},{\"@type\":\"BreadcrumbList\",\"@id\":\"https:\/\/now-news.de\/de\/deutschland\/wir-mischen-uns-subtil-und-spuerbar-ein-chef-der-wagner-gruppe-ueber-us-vorwurf-zur-wahleinmischung\/#breadcrumb\",\"itemListElement\":[{\"@type\":\"ListItem\",\"position\":1,\"name\":\"Home\",\"item\":\"https:\/\/now-news.de\/de\/\"},{\"@type\":\"ListItem\",\"position\":2,\"name\":\"&quot;Wir mischen uns subtil und sp\u00fcrbar ein&quot;: Chef der Wagner-Gruppe \u00fcber US-Vorwurf zur Wahleinmischung\"}]},{\"@type\":\"WebSite\",\"@id\":\"https:\/\/now-news.de\/de\/#website\",\"url\":\"https:\/\/now-news.de\/de\/\",\"name\":\"just-now.NEWS Deutschland\",\"description\":\"Das Portal f\u00fcr unzensierte Nachrichten aus der Welt\",\"publisher\":{\"@id\":\"https:\/\/now-news.de\/de\/#organization\"},\"potentialAction\":[{\"@type\":\"SearchAction\",\"target\":{\"@type\":\"EntryPoint\",\"urlTemplate\":\"https:\/\/now-news.de\/de\/?s={search_term_string}\"},\"query-input\":\"required name=search_term_string\"}],\"inLanguage\":\"de\"},{\"@type\":\"Organization\",\"@id\":\"https:\/\/now-news.de\/de\/#organization\",\"name\":\"Just Now News\",\"url\":\"https:\/\/now-news.de\/de\/\",\"logo\":{\"@type\":\"ImageObject\",\"inLanguage\":\"de\",\"@id\":\"https:\/\/now-news.de\/de\/#\/schema\/logo\/image\/\",\"url\":\"http:\/\/just-now.news\/de\/wp-content\/uploads\/sites\/3\/2022\/04\/logo500x500.jpg\",\"contentUrl\":\"http:\/\/just-now.news\/de\/wp-content\/uploads\/sites\/3\/2022\/04\/logo500x500.jpg\",\"width\":500,\"height\":500,\"caption\":\"Just Now News\"},\"image\":{\"@id\":\"https:\/\/now-news.de\/de\/#\/schema\/logo\/image\/\"},\"sameAs\":[\"https:\/\/www.facebook.com\/wirmachenauf\",\"https:\/\/x.com\/WirMachenAuf_de\"]},{\"@type\":\"Person\",\"@id\":\"https:\/\/now-news.de\/de\/#\/schema\/person\/fb534a4e865501d8b3285208df34a9b5\",\"name\":\"rtnews\",\"image\":{\"@type\":\"ImageObject\",\"inLanguage\":\"de\",\"@id\":\"https:\/\/now-news.de\/de\/#\/schema\/person\/image\/\",\"url\":\"https:\/\/secure.gravatar.com\/avatar\/82aafea7d8127119dd649515f56e2117?s=96&d=mm&r=g\",\"contentUrl\":\"https:\/\/secure.gravatar.com\/avatar\/82aafea7d8127119dd649515f56e2117?s=96&d=mm&r=g\",\"caption\":\"rtnews\"},\"url\":\"https:\/\/now-news.de\/de\/author\/rnews\/\"}]}<\/script>\n<!-- \/ Yoast SEO Premium plugin. -->","yoast_head_json":{"title":"&quot;Wir mischen uns subtil und sp\u00fcrbar ein&quot;: Chef der Wagner-Gruppe \u00fcber US-Vorwurf zur Wahleinmischung - just-now.NEWS Deutschland","robots":{"index":"index","follow":"follow","max-snippet":"max-snippet:-1","max-image-preview":"max-image-preview:large","max-video-preview":"max-video-preview:-1"},"canonical":"https:\/\/now-news.de\/de\/deutschland\/wir-mischen-uns-subtil-und-spuerbar-ein-chef-der-wagner-gruppe-ueber-us-vorwurf-zur-wahleinmischung\/","og_locale":"de_DE","og_type":"article","og_title":"&quot;Wir mischen uns subtil und sp\u00fcrbar ein&quot;: Chef der Wagner-Gruppe \u00fcber US-Vorwurf zur Wahleinmischung","og_description":"Jewgeni Prigoschin, Chef der privaten Milit\u00e4rfirma Wagner, hat auf die Vorw\u00fcrfe zur Einmischung in die US-Wahl reagiert. Er sagte: &#8220;Wir haben uns eingemischt, wir mischen uns ein und wir werden uns auch weiterhin einmischen, subtil und auf unsere eigene Art und Weise, wie wir es k\u00f6nnen.&#8221; Der russische Gesch\u00e4ftsmann und Chef des privaten Milit\u00e4runternehmens Wagner, [&hellip;]","og_url":"https:\/\/now-news.de\/de\/deutschland\/wir-mischen-uns-subtil-und-spuerbar-ein-chef-der-wagner-gruppe-ueber-us-vorwurf-zur-wahleinmischung\/","og_site_name":"just-now.NEWS Deutschland","article_publisher":"https:\/\/www.facebook.com\/wirmachenauf","article_published_time":"2022-11-08T10:39:22+00:00","og_image":[{"width":460,"height":259,"url":"https:\/\/now-news.de\/de\/wp-content\/uploads\/sites\/3\/2022\/11\/quotWir-mischen-uns-subtil-und-spuerbar-einquot-Chef-der-Wagner-Gruppe.jpg","type":"image\/jpeg"}],"author":"rtnews","twitter_card":"summary_large_image","twitter_creator":"@WirMachenAuf_de","twitter_site":"@WirMachenAuf_de","twitter_misc":{"Verfasst von":"rtnews","Gesch\u00e4tzte Lesezeit":"4\u00a0Minuten"},"schema":{"@context":"https:\/\/schema.org","@graph":[{"@type":"Article","@id":"https:\/\/now-news.de\/de\/deutschland\/wir-mischen-uns-subtil-und-spuerbar-ein-chef-der-wagner-gruppe-ueber-us-vorwurf-zur-wahleinmischung\/#article","isPartOf":{"@id":"https:\/\/now-news.de\/de\/deutschland\/wir-mischen-uns-subtil-und-spuerbar-ein-chef-der-wagner-gruppe-ueber-us-vorwurf-zur-wahleinmischung\/"},"author":{"name":"rtnews","@id":"https:\/\/now-news.de\/de\/#\/schema\/person\/fb534a4e865501d8b3285208df34a9b5"},"headline":"&quot;Wir mischen uns subtil und sp\u00fcrbar ein&quot;: Chef der Wagner-Gruppe \u00fcber US-Vorwurf zur Wahleinmischung","datePublished":"2022-11-08T10:39:22+00:00","dateModified":"2022-11-08T10:39:22+00:00","mainEntityOfPage":{"@id":"https:\/\/now-news.de\/de\/deutschland\/wir-mischen-uns-subtil-und-spuerbar-ein-chef-der-wagner-gruppe-ueber-us-vorwurf-zur-wahleinmischung\/"},"wordCount":745,"commentCount":0,"publisher":{"@id":"https:\/\/now-news.de\/de\/#organization"},"image":{"@id":"https:\/\/now-news.de\/de\/deutschland\/wir-mischen-uns-subtil-und-spuerbar-ein-chef-der-wagner-gruppe-ueber-us-vorwurf-zur-wahleinmischung\/#primaryimage"},"thumbnailUrl":"https:\/\/now-news.de\/de\/wp-content\/uploads\/sites\/3\/2022\/11\/quotWir-mischen-uns-subtil-und-spuerbar-einquot-Chef-der-Wagner-Gruppe.jpg","keywords":["Chef","der","einquot","mischen","quotWir","sp\u00fcrbar","subtil","\u00fcber","und","uns","USVorwurf","WagnerGruppe","Wahleinmischung","zur"],"articleSection":["Deutschland","Russland"],"inLanguage":"de","potentialAction":[{"@type":"CommentAction","name":"Comment","target":["https:\/\/now-news.de\/de\/deutschland\/wir-mischen-uns-subtil-und-spuerbar-ein-chef-der-wagner-gruppe-ueber-us-vorwurf-zur-wahleinmischung\/#respond"]}]},{"@type":"WebPage","@id":"https:\/\/now-news.de\/de\/deutschland\/wir-mischen-uns-subtil-und-spuerbar-ein-chef-der-wagner-gruppe-ueber-us-vorwurf-zur-wahleinmischung\/","url":"https:\/\/now-news.de\/de\/deutschland\/wir-mischen-uns-subtil-und-spuerbar-ein-chef-der-wagner-gruppe-ueber-us-vorwurf-zur-wahleinmischung\/","name":"&quot;Wir mischen uns subtil und sp\u00fcrbar ein&quot;: Chef der Wagner-Gruppe \u00fcber US-Vorwurf zur Wahleinmischung - just-now.NEWS Deutschland","isPartOf":{"@id":"https:\/\/now-news.de\/de\/#website"},"primaryImageOfPage":{"@id":"https:\/\/now-news.de\/de\/deutschland\/wir-mischen-uns-subtil-und-spuerbar-ein-chef-der-wagner-gruppe-ueber-us-vorwurf-zur-wahleinmischung\/#primaryimage"},"image":{"@id":"https:\/\/now-news.de\/de\/deutschland\/wir-mischen-uns-subtil-und-spuerbar-ein-chef-der-wagner-gruppe-ueber-us-vorwurf-zur-wahleinmischung\/#primaryimage"},"thumbnailUrl":"https:\/\/now-news.de\/de\/wp-content\/uploads\/sites\/3\/2022\/11\/quotWir-mischen-uns-subtil-und-spuerbar-einquot-Chef-der-Wagner-Gruppe.jpg","datePublished":"2022-11-08T10:39:22+00:00","dateModified":"2022-11-08T10:39:22+00:00","breadcrumb":{"@id":"https:\/\/now-news.de\/de\/deutschland\/wir-mischen-uns-subtil-und-spuerbar-ein-chef-der-wagner-gruppe-ueber-us-vorwurf-zur-wahleinmischung\/#breadcrumb"},"inLanguage":"de","potentialAction":[{"@type":"ReadAction","target":["https:\/\/now-news.de\/de\/deutschland\/wir-mischen-uns-subtil-und-spuerbar-ein-chef-der-wagner-gruppe-ueber-us-vorwurf-zur-wahleinmischung\/"]}]},{"@type":"ImageObject","inLanguage":"de","@id":"https:\/\/now-news.de\/de\/deutschland\/wir-mischen-uns-subtil-und-spuerbar-ein-chef-der-wagner-gruppe-ueber-us-vorwurf-zur-wahleinmischung\/#primaryimage","url":"https:\/\/now-news.de\/de\/wp-content\/uploads\/sites\/3\/2022\/11\/quotWir-mischen-uns-subtil-und-spuerbar-einquot-Chef-der-Wagner-Gruppe.jpg","contentUrl":"https:\/\/now-news.de\/de\/wp-content\/uploads\/sites\/3\/2022\/11\/quotWir-mischen-uns-subtil-und-spuerbar-einquot-Chef-der-Wagner-Gruppe.jpg","width":460,"height":259,"caption":"&quot;Wir mischen uns subtil und sp\u00fcrbar ein&quot;: Chef der Wagner-Gruppe \u00fcber US-Vorwurf zur Wahleinmischung"},{"@type":"BreadcrumbList","@id":"https:\/\/now-news.de\/de\/deutschland\/wir-mischen-uns-subtil-und-spuerbar-ein-chef-der-wagner-gruppe-ueber-us-vorwurf-zur-wahleinmischung\/#breadcrumb","itemListElement":[{"@type":"ListItem","position":1,"name":"Home","item":"https:\/\/now-news.de\/de\/"},{"@type":"ListItem","position":2,"name":"&quot;Wir mischen uns subtil und sp\u00fcrbar ein&quot;: Chef der Wagner-Gruppe \u00fcber US-Vorwurf zur Wahleinmischung"}]},{"@type":"WebSite","@id":"https:\/\/now-news.de\/de\/#website","url":"https:\/\/now-news.de\/de\/","name":"just-now.NEWS Deutschland","description":"Das Portal f\u00fcr unzensierte Nachrichten aus der Welt","publisher":{"@id":"https:\/\/now-news.de\/de\/#organization"},"potentialAction":[{"@type":"SearchAction","target":{"@type":"EntryPoint","urlTemplate":"https:\/\/now-news.de\/de\/?s={search_term_string}"},"query-input":"required name=search_term_string"}],"inLanguage":"de"},{"@type":"Organization","@id":"https:\/\/now-news.de\/de\/#organization","name":"Just Now News","url":"https:\/\/now-news.de\/de\/","logo":{"@type":"ImageObject","inLanguage":"de","@id":"https:\/\/now-news.de\/de\/#\/schema\/logo\/image\/","url":"http:\/\/just-now.news\/de\/wp-content\/uploads\/sites\/3\/2022\/04\/logo500x500.jpg","contentUrl":"http:\/\/just-now.news\/de\/wp-content\/uploads\/sites\/3\/2022\/04\/logo500x500.jpg","width":500,"height":500,"caption":"Just Now News"},"image":{"@id":"https:\/\/now-news.de\/de\/#\/schema\/logo\/image\/"},"sameAs":["https:\/\/www.facebook.com\/wirmachenauf","https:\/\/x.com\/WirMachenAuf_de"]},{"@type":"Person","@id":"https:\/\/now-news.de\/de\/#\/schema\/person\/fb534a4e865501d8b3285208df34a9b5","name":"rtnews","image":{"@type":"ImageObject","inLanguage":"de","@id":"https:\/\/now-news.de\/de\/#\/schema\/person\/image\/","url":"https:\/\/secure.gravatar.com\/avatar\/82aafea7d8127119dd649515f56e2117?s=96&d=mm&r=g","contentUrl":"https:\/\/secure.gravatar.com\/avatar\/82aafea7d8127119dd649515f56e2117?s=96&d=mm&r=g","caption":"rtnews"},"url":"https:\/\/now-news.de\/de\/author\/rnews\/"}]}},"_links":{"self":[{"href":"https:\/\/now-news.de\/de\/wp-json\/wp\/v2\/posts\/22650"}],"collection":[{"href":"https:\/\/now-news.de\/de\/wp-json\/wp\/v2\/posts"}],"about":[{"href":"https:\/\/now-news.de\/de\/wp-json\/wp\/v2\/types\/post"}],"author":[{"embeddable":true,"href":"https:\/\/now-news.de\/de\/wp-json\/wp\/v2\/users\/3"}],"replies":[{"embeddable":true,"href":"https:\/\/now-news.de\/de\/wp-json\/wp\/v2\/comments?post=22650"}],"version-history":[{"count":0,"href":"https:\/\/now-news.de\/de\/wp-json\/wp\/v2\/posts\/22650\/revisions"}],"wp:featuredmedia":[{"embeddable":true,"href":"https:\/\/now-news.de\/de\/wp-json\/wp\/v2\/media\/22651"}],"wp:attachment":[{"href":"https:\/\/now-news.de\/de\/wp-json\/wp\/v2\/media?parent=22650"}],"wp:term":[{"taxonomy":"category","embeddable":true,"href":"https:\/\/now-news.de\/de\/wp-json\/wp\/v2\/categories?post=22650"},{"taxonomy":"post_tag","embeddable":true,"href":"https:\/\/now-news.de\/de\/wp-json\/wp\/v2\/tags?post=22650"}],"curies":[{"name":"wp","href":"https:\/\/api.w.org\/{rel}","templated":true}]}}