{"id":22598,"date":"2022-11-07T17:45:21","date_gmt":"2022-11-07T15:45:21","guid":{"rendered":"http:\/\/just-now.news\/de\/deutschland\/niedersachsen-spd-und-gruene-unterzeichnen-koalitionsvertrag\/"},"modified":"2022-11-07T17:45:21","modified_gmt":"2022-11-07T15:45:21","slug":"niedersachsen-spd-und-gruene-unterzeichnen-koalitionsvertrag","status":"publish","type":"post","link":"https:\/\/now-news.de\/de\/deutschland\/niedersachsen-spd-und-gruene-unterzeichnen-koalitionsvertrag\/","title":{"rendered":"Niedersachsen: SPD und Gr\u00fcne unterzeichnen Koalitionsvertrag"},"content":{"rendered":"<p><img decoding=\"async\" src=\"http:\/\/just-now.news\/de\/wp-content\/uploads\/sites\/3\/2022\/11\/6369125148fbef1c3b4d1677.jpg\" \/><\/p>\n<div class=\"Text-root Text-type_1 \">\n                Die Koalition der nieders\u00e4chsischen SPD und Gr\u00fcnen wurde im Eiltempo ausgehandelt. Am Montag unterzeichneten beide Parteien den Vertrag. Die SPD hatte die Landtagswahl Anfang Oktober mit 33,4 Prozent gewonnen. Die Gr\u00fcnen kamen auf 14,5 Prozent, ihr bisher bestes Ergebnis im Land.\n            <\/div>\n<p><\/p>\n<div class=\"Text-root Text-type_5 ArticleView-text ViewText-root \">\n<p>Rund einen Monat nach der Landtagswahl haben Niedersachsens SPD und Gr\u00fcne am Montag in Hannover ihren <a rel=\"nofollow noopener\" target=\"_blank\" href=\"https:\/\/www.spdnds.de\/wp-content\/uploads\/sites\/77\/2022\/11\/Unser_Koalitionsvertrag_-_Sicher_Zeiten_des_Wandels.pdf\">Koalitionsvertrag<\/a> unterschrieben. SPD-Politiker Stephan Weil, der bereits seit 2013 regiert, soll am Dienstag im Landtag zum dritten Mal zum Ministerpr\u00e4sidenten gew\u00e4hlt werden.<\/p>\n<p>F\u00fcr die SPD unterschrieben Regierungschef Weil sowie der neue Fraktionsvorsitzende Grant Hendrik Tonne das Papier, f\u00fcr die Gr\u00fcnen die Spitzenkandidatin Julia Hamburg sowie die beiden Landesvorsitzenden Anne Kura und Hans-Joachim Jan\u00dfen.<\/p>\n<p>Am Wochenende hatten Sonderparteitage von SPD und Gr\u00fcnen jeweils mit breiter Mehrheit f\u00fcr den Koalitionsvertrag gestimmt. Die SPD hatte die Landtagswahl am 9. Oktober mit 33,4 Prozent gewonnen. Die Gr\u00fcnen hatten mit 14,5 Prozent ihr bisher bestes Ergebnis im Land eingefahren. Die FDP war mit 4,7 Prozent aus dem Landtag geflogen. Die CDU hatte mit 28,1 Prozent ihr schlechtestes Landesergebnis seit mehr als 60 Jahren erzielt und war auf den zweiten Platz gekommen. Stark zulegen k\u00f6nnen hatte die AfD, die 10,9 Prozent erzielt hatte. Mit 2,7 Prozent war auch die Linke nicht in den Landtag gekommen.<\/p>\n<p>Ministerpr\u00e4sident Weil hatte bereits in seiner ersten Amtszeit von 2013 bis 2017 zusammen mit den Gr\u00fcnen regiert. Danach folgte ein B\u00fcndnis mit der CDU. Der Sozialdemokrat hatte im Wahlkampf stets betont, dass eine erneute Zusammenarbeit mit den Gr\u00fcnen sein Wunschb\u00fcndnis sei.<\/p>\n<p>Die offiziellen Koalitionsverhandlungen dauerten nur wenige Tage, vorher hatte es bereits Gespr\u00e4che in Fachgruppen gegeben. Zu den Themen, die SPD und Gr\u00fcne umsetzen wollen, z\u00e4hlen ein landesweites Nahverkehrsticket f\u00fcr Sch\u00fcler und Auszubildende\u00a0f\u00fcr monatlich 29 Euro, ein h\u00f6heres Einstiegsgehalt f\u00fcr viele Lehrkr\u00e4fte\u00a0sowie die Gr\u00fcndung einer Landeswohnungsgesellschaft, die mehr bezahlbaren Wohnraum schaffen soll. Das erste gemeinsame Projekt soll ein rund eine Milliarde Euro schweres Entlastungspaket in der Energiekrise werden.<\/p>\n<p>Im Kabinett gehen sechs Ministerposten an die SPD und vier an die Gr\u00fcnen. Stellvertreterin von Ministerpr\u00e4sident Weil soll die Gr\u00fcnen-Spitzenkandidatin Hamburg werden, die auch als Kultusministerin vorgesehen ist.<\/p>\n<div class=\"EmbedBlock-root EmbedBlock-twitter\">\n<div class=\"TwitterEmbed\">\n<blockquote class=\"twitter-tweet lazyload\" data-twitter=\"twitter-tweet\">\n<p lang=\"de\" dir=\"ltr\">SPD und Gr\u00fcne haben die Ministerposten verteilt: Das sind die alten und neuen Gesichter in den Ministerien. <a rel=\"nofollow noopener\" target=\"_blank\" href=\"https:\/\/t.co\/SgMSYJtwJB\">https:\/\/t.co\/SgMSYJtwJB<\/a><a rel=\"nofollow noopener\" target=\"_blank\" href=\"https:\/\/t.co\/k4qFvz2IwQ\">pic.twitter.com\/k4qFvz2IwQ<\/a><\/p>\n<p>\u2014 NDR Niedersachsen (@NDRnds) <a rel=\"nofollow noopener\" target=\"_blank\" href=\"https:\/\/twitter.com\/NDRnds\/status\/1587464966227075074?ref_src=twsrc%5Etfw\">November 1, 2022<\/a><\/p><\/blockquote>\n<\/div>\n<\/div>\n<p><strong>Mehr zum Thema<\/strong>\u00a0&#8211;\u00a0<a rel=\"nofollow noopener\" target=\"_blank\" href=\"https:\/\/de.rt.com\/meinung\/151094-an-annalena-baerbock-soll-welt\/\">An Annalena Baerbock soll die Welt genesen<\/a><\/p>\n<p>(<em>dpa\/rt<\/em>)<\/p>\n<\/div>\n<p><script async src=\"https:\/\/platform.twitter.com\/widgets.js\" charset=\"utf-8\"><\/script><br \/>\n<br \/><br \/>\n<br \/><a href=\"https:\/\/de.rt.com\/inland\/153671-niedersachsen-spd-und-grune-unterzeichnen\/\">Source link <\/a><\/p>\n","protected":false},"excerpt":{"rendered":"<p>Die Koalition der nieders\u00e4chsischen SPD und Gr\u00fcnen wurde im Eiltempo ausgehandelt. Am Montag unterzeichneten beide Parteien den Vertrag. Die SPD hatte die Landtagswahl Anfang Oktober mit 33,4 Prozent gewonnen. Die Gr\u00fcnen kamen auf 14,5 Prozent, ihr bisher bestes Ergebnis im Land. Rund einen Monat nach der Landtagswahl haben Niedersachsens SPD und Gr\u00fcne am Montag in [&hellip;]<\/p>\n","protected":false},"author":3,"featured_media":22599,"comment_status":"open","ping_status":"open","sticky":false,"template":"","format":"standard","meta":{"wp_automatic_camp":["217"],"acadf2afa6f4db1048655ea302877779":["Niedersachsen: SPD und Gr\u00fcne unterzeichnen Koalitionsvertrag"],"original_link":["https:\/\/de.rt.com\/inland\/153671-niedersachsen-spd-und-grune-unterzeichnen\/"],"_thumbnail_id":["22599"],"_wptg_p2tg_sent2tg":["2022-11-07 17:53:34"],"jnews_social_counter_last_update":["1777017762"]},"categories":[19,23],"tags":[1434,35464,181,3814,140,21264],"yoast_head":"<!-- This site is optimized with the Yoast SEO Premium plugin v22.7 (Yoast SEO v22.7) - https:\/\/yoast.com\/wordpress\/plugins\/seo\/ -->\n<title>Niedersachsen: SPD und Gr\u00fcne unterzeichnen Koalitionsvertrag - just-now.NEWS Deutschland<\/title>\n<meta name=\"robots\" content=\"index, follow, max-snippet:-1, max-image-preview:large, max-video-preview:-1\" \/>\n<link rel=\"canonical\" href=\"https:\/\/now-news.de\/de\/deutschland\/niedersachsen-spd-und-gruene-unterzeichnen-koalitionsvertrag\/\" \/>\n<meta property=\"og:locale\" content=\"de_DE\" \/>\n<meta property=\"og:type\" content=\"article\" \/>\n<meta property=\"og:title\" content=\"Niedersachsen: SPD und Gr\u00fcne unterzeichnen Koalitionsvertrag\" \/>\n<meta property=\"og:description\" content=\"Die Koalition der nieders\u00e4chsischen SPD und Gr\u00fcnen wurde im Eiltempo ausgehandelt. Am Montag unterzeichneten beide Parteien den Vertrag. Die SPD hatte die Landtagswahl Anfang Oktober mit 33,4 Prozent gewonnen. Die Gr\u00fcnen kamen auf 14,5 Prozent, ihr bisher bestes Ergebnis im Land. Rund einen Monat nach der Landtagswahl haben Niedersachsens SPD und Gr\u00fcne am Montag in [&hellip;]\" \/>\n<meta property=\"og:url\" content=\"https:\/\/now-news.de\/de\/deutschland\/niedersachsen-spd-und-gruene-unterzeichnen-koalitionsvertrag\/\" \/>\n<meta property=\"og:site_name\" content=\"just-now.NEWS Deutschland\" \/>\n<meta property=\"article:publisher\" content=\"https:\/\/www.facebook.com\/wirmachenauf\" \/>\n<meta property=\"article:published_time\" content=\"2022-11-07T15:45:21+00:00\" \/>\n<meta property=\"og:image\" content=\"https:\/\/now-news.de\/de\/wp-content\/uploads\/sites\/3\/2022\/11\/Niedersachsen-SPD-und-Gruene-unterzeichnen-Koalitionsvertrag.jpg\" \/>\n\t<meta property=\"og:image:width\" content=\"460\" \/>\n\t<meta property=\"og:image:height\" content=\"259\" \/>\n\t<meta property=\"og:image:type\" content=\"image\/jpeg\" \/>\n<meta name=\"author\" content=\"rtnews\" \/>\n<meta name=\"twitter:card\" content=\"summary_large_image\" \/>\n<meta name=\"twitter:creator\" content=\"@WirMachenAuf_de\" \/>\n<meta name=\"twitter:site\" content=\"@WirMachenAuf_de\" \/>\n<meta name=\"twitter:label1\" content=\"Verfasst von\" \/>\n\t<meta name=\"twitter:data1\" content=\"rtnews\" \/>\n\t<meta name=\"twitter:label2\" content=\"Gesch\u00e4tzte Lesezeit\" \/>\n\t<meta name=\"twitter:data2\" content=\"2\u00a0Minuten\" \/>\n<script type=\"application\/ld+json\" class=\"yoast-schema-graph\">{\"@context\":\"https:\/\/schema.org\",\"@graph\":[{\"@type\":\"Article\",\"@id\":\"https:\/\/now-news.de\/de\/deutschland\/niedersachsen-spd-und-gruene-unterzeichnen-koalitionsvertrag\/#article\",\"isPartOf\":{\"@id\":\"https:\/\/now-news.de\/de\/deutschland\/niedersachsen-spd-und-gruene-unterzeichnen-koalitionsvertrag\/\"},\"author\":{\"name\":\"rtnews\",\"@id\":\"https:\/\/now-news.de\/de\/#\/schema\/person\/fb534a4e865501d8b3285208df34a9b5\"},\"headline\":\"Niedersachsen: SPD und Gr\u00fcne unterzeichnen Koalitionsvertrag\",\"datePublished\":\"2022-11-07T15:45:21+00:00\",\"dateModified\":\"2022-11-07T15:45:21+00:00\",\"mainEntityOfPage\":{\"@id\":\"https:\/\/now-news.de\/de\/deutschland\/niedersachsen-spd-und-gruene-unterzeichnen-koalitionsvertrag\/\"},\"wordCount\":417,\"commentCount\":0,\"publisher\":{\"@id\":\"https:\/\/now-news.de\/de\/#organization\"},\"image\":{\"@id\":\"https:\/\/now-news.de\/de\/deutschland\/niedersachsen-spd-und-gruene-unterzeichnen-koalitionsvertrag\/#primaryimage\"},\"thumbnailUrl\":\"https:\/\/now-news.de\/de\/wp-content\/uploads\/sites\/3\/2022\/11\/Niedersachsen-SPD-und-Gruene-unterzeichnen-Koalitionsvertrag.jpg\",\"keywords\":[\"Gr\u00fcne\",\"Koalitionsvertrag\",\"Niedersachsen\",\"SPD\",\"und\",\"unterzeichnen\"],\"articleSection\":[\"Deutschland\",\"Russland\"],\"inLanguage\":\"de\",\"potentialAction\":[{\"@type\":\"CommentAction\",\"name\":\"Comment\",\"target\":[\"https:\/\/now-news.de\/de\/deutschland\/niedersachsen-spd-und-gruene-unterzeichnen-koalitionsvertrag\/#respond\"]}]},{\"@type\":\"WebPage\",\"@id\":\"https:\/\/now-news.de\/de\/deutschland\/niedersachsen-spd-und-gruene-unterzeichnen-koalitionsvertrag\/\",\"url\":\"https:\/\/now-news.de\/de\/deutschland\/niedersachsen-spd-und-gruene-unterzeichnen-koalitionsvertrag\/\",\"name\":\"Niedersachsen: SPD und Gr\u00fcne unterzeichnen Koalitionsvertrag - just-now.NEWS Deutschland\",\"isPartOf\":{\"@id\":\"https:\/\/now-news.de\/de\/#website\"},\"primaryImageOfPage\":{\"@id\":\"https:\/\/now-news.de\/de\/deutschland\/niedersachsen-spd-und-gruene-unterzeichnen-koalitionsvertrag\/#primaryimage\"},\"image\":{\"@id\":\"https:\/\/now-news.de\/de\/deutschland\/niedersachsen-spd-und-gruene-unterzeichnen-koalitionsvertrag\/#primaryimage\"},\"thumbnailUrl\":\"https:\/\/now-news.de\/de\/wp-content\/uploads\/sites\/3\/2022\/11\/Niedersachsen-SPD-und-Gruene-unterzeichnen-Koalitionsvertrag.jpg\",\"datePublished\":\"2022-11-07T15:45:21+00:00\",\"dateModified\":\"2022-11-07T15:45:21+00:00\",\"breadcrumb\":{\"@id\":\"https:\/\/now-news.de\/de\/deutschland\/niedersachsen-spd-und-gruene-unterzeichnen-koalitionsvertrag\/#breadcrumb\"},\"inLanguage\":\"de\",\"potentialAction\":[{\"@type\":\"ReadAction\",\"target\":[\"https:\/\/now-news.de\/de\/deutschland\/niedersachsen-spd-und-gruene-unterzeichnen-koalitionsvertrag\/\"]}]},{\"@type\":\"ImageObject\",\"inLanguage\":\"de\",\"@id\":\"https:\/\/now-news.de\/de\/deutschland\/niedersachsen-spd-und-gruene-unterzeichnen-koalitionsvertrag\/#primaryimage\",\"url\":\"https:\/\/now-news.de\/de\/wp-content\/uploads\/sites\/3\/2022\/11\/Niedersachsen-SPD-und-Gruene-unterzeichnen-Koalitionsvertrag.jpg\",\"contentUrl\":\"https:\/\/now-news.de\/de\/wp-content\/uploads\/sites\/3\/2022\/11\/Niedersachsen-SPD-und-Gruene-unterzeichnen-Koalitionsvertrag.jpg\",\"width\":460,\"height\":259,\"caption\":\"Niedersachsen: SPD und Gr\u00fcne unterzeichnen Koalitionsvertrag\"},{\"@type\":\"BreadcrumbList\",\"@id\":\"https:\/\/now-news.de\/de\/deutschland\/niedersachsen-spd-und-gruene-unterzeichnen-koalitionsvertrag\/#breadcrumb\",\"itemListElement\":[{\"@type\":\"ListItem\",\"position\":1,\"name\":\"Home\",\"item\":\"https:\/\/now-news.de\/de\/\"},{\"@type\":\"ListItem\",\"position\":2,\"name\":\"Niedersachsen: SPD und Gr\u00fcne unterzeichnen Koalitionsvertrag\"}]},{\"@type\":\"WebSite\",\"@id\":\"https:\/\/now-news.de\/de\/#website\",\"url\":\"https:\/\/now-news.de\/de\/\",\"name\":\"just-now.NEWS Deutschland\",\"description\":\"Das Portal f\u00fcr unzensierte Nachrichten aus der Welt\",\"publisher\":{\"@id\":\"https:\/\/now-news.de\/de\/#organization\"},\"potentialAction\":[{\"@type\":\"SearchAction\",\"target\":{\"@type\":\"EntryPoint\",\"urlTemplate\":\"https:\/\/now-news.de\/de\/?s={search_term_string}\"},\"query-input\":\"required name=search_term_string\"}],\"inLanguage\":\"de\"},{\"@type\":\"Organization\",\"@id\":\"https:\/\/now-news.de\/de\/#organization\",\"name\":\"Just Now News\",\"url\":\"https:\/\/now-news.de\/de\/\",\"logo\":{\"@type\":\"ImageObject\",\"inLanguage\":\"de\",\"@id\":\"https:\/\/now-news.de\/de\/#\/schema\/logo\/image\/\",\"url\":\"http:\/\/just-now.news\/de\/wp-content\/uploads\/sites\/3\/2022\/04\/logo500x500.jpg\",\"contentUrl\":\"http:\/\/just-now.news\/de\/wp-content\/uploads\/sites\/3\/2022\/04\/logo500x500.jpg\",\"width\":500,\"height\":500,\"caption\":\"Just Now News\"},\"image\":{\"@id\":\"https:\/\/now-news.de\/de\/#\/schema\/logo\/image\/\"},\"sameAs\":[\"https:\/\/www.facebook.com\/wirmachenauf\",\"https:\/\/x.com\/WirMachenAuf_de\"]},{\"@type\":\"Person\",\"@id\":\"https:\/\/now-news.de\/de\/#\/schema\/person\/fb534a4e865501d8b3285208df34a9b5\",\"name\":\"rtnews\",\"image\":{\"@type\":\"ImageObject\",\"inLanguage\":\"de\",\"@id\":\"https:\/\/now-news.de\/de\/#\/schema\/person\/image\/\",\"url\":\"https:\/\/secure.gravatar.com\/avatar\/82aafea7d8127119dd649515f56e2117?s=96&d=mm&r=g\",\"contentUrl\":\"https:\/\/secure.gravatar.com\/avatar\/82aafea7d8127119dd649515f56e2117?s=96&d=mm&r=g\",\"caption\":\"rtnews\"},\"url\":\"https:\/\/now-news.de\/de\/author\/rnews\/\"}]}<\/script>\n<!-- \/ Yoast SEO Premium plugin. -->","yoast_head_json":{"title":"Niedersachsen: SPD und Gr\u00fcne unterzeichnen Koalitionsvertrag - just-now.NEWS Deutschland","robots":{"index":"index","follow":"follow","max-snippet":"max-snippet:-1","max-image-preview":"max-image-preview:large","max-video-preview":"max-video-preview:-1"},"canonical":"https:\/\/now-news.de\/de\/deutschland\/niedersachsen-spd-und-gruene-unterzeichnen-koalitionsvertrag\/","og_locale":"de_DE","og_type":"article","og_title":"Niedersachsen: SPD und Gr\u00fcne unterzeichnen Koalitionsvertrag","og_description":"Die Koalition der nieders\u00e4chsischen SPD und Gr\u00fcnen wurde im Eiltempo ausgehandelt. Am Montag unterzeichneten beide Parteien den Vertrag. Die SPD hatte die Landtagswahl Anfang Oktober mit 33,4 Prozent gewonnen. Die Gr\u00fcnen kamen auf 14,5 Prozent, ihr bisher bestes Ergebnis im Land. Rund einen Monat nach der Landtagswahl haben Niedersachsens SPD und Gr\u00fcne am Montag in [&hellip;]","og_url":"https:\/\/now-news.de\/de\/deutschland\/niedersachsen-spd-und-gruene-unterzeichnen-koalitionsvertrag\/","og_site_name":"just-now.NEWS Deutschland","article_publisher":"https:\/\/www.facebook.com\/wirmachenauf","article_published_time":"2022-11-07T15:45:21+00:00","og_image":[{"width":460,"height":259,"url":"https:\/\/now-news.de\/de\/wp-content\/uploads\/sites\/3\/2022\/11\/Niedersachsen-SPD-und-Gruene-unterzeichnen-Koalitionsvertrag.jpg","type":"image\/jpeg"}],"author":"rtnews","twitter_card":"summary_large_image","twitter_creator":"@WirMachenAuf_de","twitter_site":"@WirMachenAuf_de","twitter_misc":{"Verfasst von":"rtnews","Gesch\u00e4tzte Lesezeit":"2\u00a0Minuten"},"schema":{"@context":"https:\/\/schema.org","@graph":[{"@type":"Article","@id":"https:\/\/now-news.de\/de\/deutschland\/niedersachsen-spd-und-gruene-unterzeichnen-koalitionsvertrag\/#article","isPartOf":{"@id":"https:\/\/now-news.de\/de\/deutschland\/niedersachsen-spd-und-gruene-unterzeichnen-koalitionsvertrag\/"},"author":{"name":"rtnews","@id":"https:\/\/now-news.de\/de\/#\/schema\/person\/fb534a4e865501d8b3285208df34a9b5"},"headline":"Niedersachsen: SPD und Gr\u00fcne unterzeichnen Koalitionsvertrag","datePublished":"2022-11-07T15:45:21+00:00","dateModified":"2022-11-07T15:45:21+00:00","mainEntityOfPage":{"@id":"https:\/\/now-news.de\/de\/deutschland\/niedersachsen-spd-und-gruene-unterzeichnen-koalitionsvertrag\/"},"wordCount":417,"commentCount":0,"publisher":{"@id":"https:\/\/now-news.de\/de\/#organization"},"image":{"@id":"https:\/\/now-news.de\/de\/deutschland\/niedersachsen-spd-und-gruene-unterzeichnen-koalitionsvertrag\/#primaryimage"},"thumbnailUrl":"https:\/\/now-news.de\/de\/wp-content\/uploads\/sites\/3\/2022\/11\/Niedersachsen-SPD-und-Gruene-unterzeichnen-Koalitionsvertrag.jpg","keywords":["Gr\u00fcne","Koalitionsvertrag","Niedersachsen","SPD","und","unterzeichnen"],"articleSection":["Deutschland","Russland"],"inLanguage":"de","potentialAction":[{"@type":"CommentAction","name":"Comment","target":["https:\/\/now-news.de\/de\/deutschland\/niedersachsen-spd-und-gruene-unterzeichnen-koalitionsvertrag\/#respond"]}]},{"@type":"WebPage","@id":"https:\/\/now-news.de\/de\/deutschland\/niedersachsen-spd-und-gruene-unterzeichnen-koalitionsvertrag\/","url":"https:\/\/now-news.de\/de\/deutschland\/niedersachsen-spd-und-gruene-unterzeichnen-koalitionsvertrag\/","name":"Niedersachsen: SPD und Gr\u00fcne unterzeichnen Koalitionsvertrag - just-now.NEWS Deutschland","isPartOf":{"@id":"https:\/\/now-news.de\/de\/#website"},"primaryImageOfPage":{"@id":"https:\/\/now-news.de\/de\/deutschland\/niedersachsen-spd-und-gruene-unterzeichnen-koalitionsvertrag\/#primaryimage"},"image":{"@id":"https:\/\/now-news.de\/de\/deutschland\/niedersachsen-spd-und-gruene-unterzeichnen-koalitionsvertrag\/#primaryimage"},"thumbnailUrl":"https:\/\/now-news.de\/de\/wp-content\/uploads\/sites\/3\/2022\/11\/Niedersachsen-SPD-und-Gruene-unterzeichnen-Koalitionsvertrag.jpg","datePublished":"2022-11-07T15:45:21+00:00","dateModified":"2022-11-07T15:45:21+00:00","breadcrumb":{"@id":"https:\/\/now-news.de\/de\/deutschland\/niedersachsen-spd-und-gruene-unterzeichnen-koalitionsvertrag\/#breadcrumb"},"inLanguage":"de","potentialAction":[{"@type":"ReadAction","target":["https:\/\/now-news.de\/de\/deutschland\/niedersachsen-spd-und-gruene-unterzeichnen-koalitionsvertrag\/"]}]},{"@type":"ImageObject","inLanguage":"de","@id":"https:\/\/now-news.de\/de\/deutschland\/niedersachsen-spd-und-gruene-unterzeichnen-koalitionsvertrag\/#primaryimage","url":"https:\/\/now-news.de\/de\/wp-content\/uploads\/sites\/3\/2022\/11\/Niedersachsen-SPD-und-Gruene-unterzeichnen-Koalitionsvertrag.jpg","contentUrl":"https:\/\/now-news.de\/de\/wp-content\/uploads\/sites\/3\/2022\/11\/Niedersachsen-SPD-und-Gruene-unterzeichnen-Koalitionsvertrag.jpg","width":460,"height":259,"caption":"Niedersachsen: SPD und Gr\u00fcne unterzeichnen Koalitionsvertrag"},{"@type":"BreadcrumbList","@id":"https:\/\/now-news.de\/de\/deutschland\/niedersachsen-spd-und-gruene-unterzeichnen-koalitionsvertrag\/#breadcrumb","itemListElement":[{"@type":"ListItem","position":1,"name":"Home","item":"https:\/\/now-news.de\/de\/"},{"@type":"ListItem","position":2,"name":"Niedersachsen: SPD und Gr\u00fcne unterzeichnen Koalitionsvertrag"}]},{"@type":"WebSite","@id":"https:\/\/now-news.de\/de\/#website","url":"https:\/\/now-news.de\/de\/","name":"just-now.NEWS Deutschland","description":"Das Portal f\u00fcr unzensierte Nachrichten aus der Welt","publisher":{"@id":"https:\/\/now-news.de\/de\/#organization"},"potentialAction":[{"@type":"SearchAction","target":{"@type":"EntryPoint","urlTemplate":"https:\/\/now-news.de\/de\/?s={search_term_string}"},"query-input":"required name=search_term_string"}],"inLanguage":"de"},{"@type":"Organization","@id":"https:\/\/now-news.de\/de\/#organization","name":"Just Now News","url":"https:\/\/now-news.de\/de\/","logo":{"@type":"ImageObject","inLanguage":"de","@id":"https:\/\/now-news.de\/de\/#\/schema\/logo\/image\/","url":"http:\/\/just-now.news\/de\/wp-content\/uploads\/sites\/3\/2022\/04\/logo500x500.jpg","contentUrl":"http:\/\/just-now.news\/de\/wp-content\/uploads\/sites\/3\/2022\/04\/logo500x500.jpg","width":500,"height":500,"caption":"Just Now News"},"image":{"@id":"https:\/\/now-news.de\/de\/#\/schema\/logo\/image\/"},"sameAs":["https:\/\/www.facebook.com\/wirmachenauf","https:\/\/x.com\/WirMachenAuf_de"]},{"@type":"Person","@id":"https:\/\/now-news.de\/de\/#\/schema\/person\/fb534a4e865501d8b3285208df34a9b5","name":"rtnews","image":{"@type":"ImageObject","inLanguage":"de","@id":"https:\/\/now-news.de\/de\/#\/schema\/person\/image\/","url":"https:\/\/secure.gravatar.com\/avatar\/82aafea7d8127119dd649515f56e2117?s=96&d=mm&r=g","contentUrl":"https:\/\/secure.gravatar.com\/avatar\/82aafea7d8127119dd649515f56e2117?s=96&d=mm&r=g","caption":"rtnews"},"url":"https:\/\/now-news.de\/de\/author\/rnews\/"}]}},"_links":{"self":[{"href":"https:\/\/now-news.de\/de\/wp-json\/wp\/v2\/posts\/22598"}],"collection":[{"href":"https:\/\/now-news.de\/de\/wp-json\/wp\/v2\/posts"}],"about":[{"href":"https:\/\/now-news.de\/de\/wp-json\/wp\/v2\/types\/post"}],"author":[{"embeddable":true,"href":"https:\/\/now-news.de\/de\/wp-json\/wp\/v2\/users\/3"}],"replies":[{"embeddable":true,"href":"https:\/\/now-news.de\/de\/wp-json\/wp\/v2\/comments?post=22598"}],"version-history":[{"count":0,"href":"https:\/\/now-news.de\/de\/wp-json\/wp\/v2\/posts\/22598\/revisions"}],"wp:featuredmedia":[{"embeddable":true,"href":"https:\/\/now-news.de\/de\/wp-json\/wp\/v2\/media\/22599"}],"wp:attachment":[{"href":"https:\/\/now-news.de\/de\/wp-json\/wp\/v2\/media?parent=22598"}],"wp:term":[{"taxonomy":"category","embeddable":true,"href":"https:\/\/now-news.de\/de\/wp-json\/wp\/v2\/categories?post=22598"},{"taxonomy":"post_tag","embeddable":true,"href":"https:\/\/now-news.de\/de\/wp-json\/wp\/v2\/tags?post=22598"}],"curies":[{"name":"wp","href":"https:\/\/api.w.org\/{rel}","templated":true}]}}