{"id":22508,"date":"2022-11-05T20:01:54","date_gmt":"2022-11-05T18:01:54","guid":{"rendered":"http:\/\/just-now.news\/de\/deutschland\/polizei-kam-schwer-bewaffnet-berliner-clan-mitglied-in-den-libanon-abgeschoben\/"},"modified":"2022-11-05T20:01:54","modified_gmt":"2022-11-05T18:01:54","slug":"polizei-kam-schwer-bewaffnet-berliner-clan-mitglied-in-den-libanon-abgeschoben","status":"publish","type":"post","link":"https:\/\/now-news.de\/de\/deutschland\/polizei-kam-schwer-bewaffnet-berliner-clan-mitglied-in-den-libanon-abgeschoben\/","title":{"rendered":"Polizei kam schwer bewaffnet: Berliner Clan-Mitglied in den Libanon abgeschoben"},"content":{"rendered":"<p><img decoding=\"async\" src=\"http:\/\/just-now.news\/de\/wp-content\/uploads\/sites\/3\/2022\/11\/6366426048fbef0d703e1c08.png\" \/><\/p>\n<div class=\"Text-root Text-type_1 \">\n                Am Donnerstag gegen Mitternacht nahmen schwer bewaffnete Polizisten den 40-j\u00e4hrigen Abdallah Abou-Chaker in Gewahrsam und schoben ihn direkt in den Libanon ab. Dort soll das mehrfach vorbestrafte Clan-Mitglied Medienberichten zufolge auf freiem Fu\u00df sein.\n            <\/div>\n<p><\/p>\n<div class=\"Text-root Text-type_5 ArticleView-text ViewText-root \">\n<p>Am Donnerstag gegen Mitternacht fuhren schwer bewaffnete Polizisten\u00a0vor\u00a0einem Caf\u00e9 in Berlin-Charlottenburg vor und nahmen den 40-j\u00e4hrigen Abdallah Abou-Chaker in Gewahrsam. Er wurde \u00fcbereinstimmenden Medienberichten zufolge unter strengsten Sicherheitsvorkehrungen direkt in den Libanon abgeschoben. Dort soll er sich auf freiem Fu\u00df befinden.<\/p>\n<p>Das Mitglied des bekannten Abou-Chaker-Clans ist mehrfach vorbestraft. Unter anderem wegen Drogenhandels, Zuh\u00e4lterei und r\u00e4uberischer Erpressung. Zuletzt sa\u00df er Anfang des Jahres wegen des Verdachts der Zwangsprostitution und Vergewaltigung in Untersuchungshaft. Er kam jedoch nach kurzer Zeit wieder frei.<\/p>\n<p>Auf Anfrage der <em>Welt<\/em> best\u00e4tigte die Polizei die &#8220;zwangsweise Durchsetzung einer Ausreiseverpflichtung&#8221;, ohne weitere Einzelheiten zu nennen. Laut dem <em>Stern<\/em> soll sich der 40-J\u00e4hrige nach einer \u00dcberpr\u00fcfung durch die Beh\u00f6rden am Flughafen von Beirut mittlerweile in Freiheit befinden.<\/p>\n<p>Wie der <em>Stern<\/em> weiter berichtet, seien vergangene Versuche, Abdallah Abou-Chaker abzuschieben, daran gescheitert, dass seine Staatsangeh\u00f6rigkeit offiziell lange Zeit als &#8220;ungekl\u00e4rt&#8221; galt und der Libanon\u00a0seine Aufnahme verweigerte.<\/p>\n<p>Laut dem Nachrichtenmagazin, das sich auf &#8220;Insider&#8221; beruft, k\u00f6nnten nun auch zwei j\u00fcngere Br\u00fcder von Abdallah Abou-Chaker vor einer Abschiebung stehen.<\/p>\n<p><strong>Mehr zum Thema<\/strong> \u2013 <a rel=\"nofollow noopener\" target=\"_blank\" href=\"https:\/\/de.rt.com\/inland\/126502-bandenkriminalitat-nimmt-deutlich-zu-bundeskriminalamt\/\">Bundeskriminalamt: Bandenkriminalit\u00e4t in Deutschland nimmt deutlich zu<\/a><\/p>\n<\/p>\n<\/div>\n<p><br \/>\n<br \/><a href=\"https:\/\/de.rt.com\/inland\/153508-polizei-kam-schwer-bewaffnet-berliner-clan-mitglied-in-den-libanon-abgeschoben\/\">Source link <\/a><\/p>\n","protected":false},"excerpt":{"rendered":"<p>Am Donnerstag gegen Mitternacht nahmen schwer bewaffnete Polizisten den 40-j\u00e4hrigen Abdallah Abou-Chaker in Gewahrsam und schoben ihn direkt in den Libanon ab. Dort soll das mehrfach vorbestrafte Clan-Mitglied Medienberichten zufolge auf freiem Fu\u00df sein. Am Donnerstag gegen Mitternacht fuhren schwer bewaffnete Polizisten\u00a0vor\u00a0einem Caf\u00e9 in Berlin-Charlottenburg vor und nahmen den 40-j\u00e4hrigen Abdallah Abou-Chaker in Gewahrsam. Er [&hellip;]<\/p>\n","protected":false},"author":3,"featured_media":22509,"comment_status":"open","ping_status":"open","sticky":false,"template":"","format":"standard","meta":{"wp_automatic_camp":["217"],"c7afff1671a96b441eb6ca5f4d85271c":["Polizei kam schwer bewaffnet: Berliner Clan-Mitglied in den Libanon abgeschoben"],"original_link":["https:\/\/de.rt.com\/inland\/153508-polizei-kam-schwer-bewaffnet-berliner-clan-mitglied-in-den-libanon-abgeschoben\/"],"_thumbnail_id":["22509"],"_wptg_p2tg_sent2tg":["2022-11-05 20:03:40"],"jnews_social_counter_last_update":["1777308540"]},"categories":[19,23],"tags":[29043,9101,18404,35386,48,12805,16906,7579,19627],"yoast_head":"<!-- This site is optimized with the Yoast SEO Premium plugin v22.7 (Yoast SEO v22.7) - https:\/\/yoast.com\/wordpress\/plugins\/seo\/ -->\n<title>Polizei kam schwer bewaffnet: Berliner Clan-Mitglied in den Libanon abgeschoben - just-now.NEWS Deutschland<\/title>\n<meta name=\"robots\" content=\"index, follow, max-snippet:-1, max-image-preview:large, max-video-preview:-1\" \/>\n<link rel=\"canonical\" href=\"https:\/\/now-news.de\/de\/deutschland\/polizei-kam-schwer-bewaffnet-berliner-clan-mitglied-in-den-libanon-abgeschoben\/\" \/>\n<meta property=\"og:locale\" content=\"de_DE\" \/>\n<meta property=\"og:type\" content=\"article\" \/>\n<meta property=\"og:title\" content=\"Polizei kam schwer bewaffnet: Berliner Clan-Mitglied in den Libanon abgeschoben\" \/>\n<meta property=\"og:description\" content=\"Am Donnerstag gegen Mitternacht nahmen schwer bewaffnete Polizisten den 40-j\u00e4hrigen Abdallah Abou-Chaker in Gewahrsam und schoben ihn direkt in den Libanon ab. Dort soll das mehrfach vorbestrafte Clan-Mitglied Medienberichten zufolge auf freiem Fu\u00df sein. Am Donnerstag gegen Mitternacht fuhren schwer bewaffnete Polizisten\u00a0vor\u00a0einem Caf\u00e9 in Berlin-Charlottenburg vor und nahmen den 40-j\u00e4hrigen Abdallah Abou-Chaker in Gewahrsam. Er [&hellip;]\" \/>\n<meta property=\"og:url\" content=\"https:\/\/now-news.de\/de\/deutschland\/polizei-kam-schwer-bewaffnet-berliner-clan-mitglied-in-den-libanon-abgeschoben\/\" \/>\n<meta property=\"og:site_name\" content=\"just-now.NEWS Deutschland\" \/>\n<meta property=\"article:publisher\" content=\"https:\/\/www.facebook.com\/wirmachenauf\" \/>\n<meta property=\"article:published_time\" content=\"2022-11-05T18:01:54+00:00\" \/>\n<meta property=\"og:image\" content=\"https:\/\/now-news.de\/de\/wp-content\/uploads\/sites\/3\/2022\/11\/Polizei-kam-schwer-bewaffnet-Berliner-Clan-Mitglied-in-den-Libanon-abgeschoben.png\" \/>\n\t<meta property=\"og:image:width\" content=\"460\" \/>\n\t<meta property=\"og:image:height\" content=\"259\" \/>\n\t<meta property=\"og:image:type\" content=\"image\/png\" \/>\n<meta name=\"author\" content=\"rtnews\" \/>\n<meta name=\"twitter:card\" content=\"summary_large_image\" \/>\n<meta name=\"twitter:creator\" content=\"@WirMachenAuf_de\" \/>\n<meta name=\"twitter:site\" content=\"@WirMachenAuf_de\" \/>\n<meta name=\"twitter:label1\" content=\"Verfasst von\" \/>\n\t<meta name=\"twitter:data1\" content=\"rtnews\" \/>\n\t<meta name=\"twitter:label2\" content=\"Gesch\u00e4tzte Lesezeit\" \/>\n\t<meta name=\"twitter:data2\" content=\"1\u00a0Minute\" \/>\n<script type=\"application\/ld+json\" class=\"yoast-schema-graph\">{\"@context\":\"https:\/\/schema.org\",\"@graph\":[{\"@type\":\"Article\",\"@id\":\"https:\/\/now-news.de\/de\/deutschland\/polizei-kam-schwer-bewaffnet-berliner-clan-mitglied-in-den-libanon-abgeschoben\/#article\",\"isPartOf\":{\"@id\":\"https:\/\/now-news.de\/de\/deutschland\/polizei-kam-schwer-bewaffnet-berliner-clan-mitglied-in-den-libanon-abgeschoben\/\"},\"author\":{\"name\":\"rtnews\",\"@id\":\"https:\/\/now-news.de\/de\/#\/schema\/person\/fb534a4e865501d8b3285208df34a9b5\"},\"headline\":\"Polizei kam schwer bewaffnet: Berliner Clan-Mitglied in den Libanon abgeschoben\",\"datePublished\":\"2022-11-05T18:01:54+00:00\",\"dateModified\":\"2022-11-05T18:01:54+00:00\",\"mainEntityOfPage\":{\"@id\":\"https:\/\/now-news.de\/de\/deutschland\/polizei-kam-schwer-bewaffnet-berliner-clan-mitglied-in-den-libanon-abgeschoben\/\"},\"wordCount\":240,\"commentCount\":0,\"publisher\":{\"@id\":\"https:\/\/now-news.de\/de\/#organization\"},\"image\":{\"@id\":\"https:\/\/now-news.de\/de\/deutschland\/polizei-kam-schwer-bewaffnet-berliner-clan-mitglied-in-den-libanon-abgeschoben\/#primaryimage\"},\"thumbnailUrl\":\"https:\/\/now-news.de\/de\/wp-content\/uploads\/sites\/3\/2022\/11\/Polizei-kam-schwer-bewaffnet-Berliner-Clan-Mitglied-in-den-Libanon-abgeschoben.png\",\"keywords\":[\"abgeschoben\",\"Berliner\",\"Bewaffnet\",\"ClanMitglied\",\"den\",\"kam\",\"Libanon\",\"Polizei\",\"schwer\"],\"articleSection\":[\"Deutschland\",\"Russland\"],\"inLanguage\":\"de\",\"potentialAction\":[{\"@type\":\"CommentAction\",\"name\":\"Comment\",\"target\":[\"https:\/\/now-news.de\/de\/deutschland\/polizei-kam-schwer-bewaffnet-berliner-clan-mitglied-in-den-libanon-abgeschoben\/#respond\"]}]},{\"@type\":\"WebPage\",\"@id\":\"https:\/\/now-news.de\/de\/deutschland\/polizei-kam-schwer-bewaffnet-berliner-clan-mitglied-in-den-libanon-abgeschoben\/\",\"url\":\"https:\/\/now-news.de\/de\/deutschland\/polizei-kam-schwer-bewaffnet-berliner-clan-mitglied-in-den-libanon-abgeschoben\/\",\"name\":\"Polizei kam schwer bewaffnet: Berliner Clan-Mitglied in den Libanon abgeschoben - just-now.NEWS Deutschland\",\"isPartOf\":{\"@id\":\"https:\/\/now-news.de\/de\/#website\"},\"primaryImageOfPage\":{\"@id\":\"https:\/\/now-news.de\/de\/deutschland\/polizei-kam-schwer-bewaffnet-berliner-clan-mitglied-in-den-libanon-abgeschoben\/#primaryimage\"},\"image\":{\"@id\":\"https:\/\/now-news.de\/de\/deutschland\/polizei-kam-schwer-bewaffnet-berliner-clan-mitglied-in-den-libanon-abgeschoben\/#primaryimage\"},\"thumbnailUrl\":\"https:\/\/now-news.de\/de\/wp-content\/uploads\/sites\/3\/2022\/11\/Polizei-kam-schwer-bewaffnet-Berliner-Clan-Mitglied-in-den-Libanon-abgeschoben.png\",\"datePublished\":\"2022-11-05T18:01:54+00:00\",\"dateModified\":\"2022-11-05T18:01:54+00:00\",\"breadcrumb\":{\"@id\":\"https:\/\/now-news.de\/de\/deutschland\/polizei-kam-schwer-bewaffnet-berliner-clan-mitglied-in-den-libanon-abgeschoben\/#breadcrumb\"},\"inLanguage\":\"de\",\"potentialAction\":[{\"@type\":\"ReadAction\",\"target\":[\"https:\/\/now-news.de\/de\/deutschland\/polizei-kam-schwer-bewaffnet-berliner-clan-mitglied-in-den-libanon-abgeschoben\/\"]}]},{\"@type\":\"ImageObject\",\"inLanguage\":\"de\",\"@id\":\"https:\/\/now-news.de\/de\/deutschland\/polizei-kam-schwer-bewaffnet-berliner-clan-mitglied-in-den-libanon-abgeschoben\/#primaryimage\",\"url\":\"https:\/\/now-news.de\/de\/wp-content\/uploads\/sites\/3\/2022\/11\/Polizei-kam-schwer-bewaffnet-Berliner-Clan-Mitglied-in-den-Libanon-abgeschoben.png\",\"contentUrl\":\"https:\/\/now-news.de\/de\/wp-content\/uploads\/sites\/3\/2022\/11\/Polizei-kam-schwer-bewaffnet-Berliner-Clan-Mitglied-in-den-Libanon-abgeschoben.png\",\"width\":460,\"height\":259,\"caption\":\"Polizei kam schwer bewaffnet: Berliner Clan-Mitglied in den Libanon abgeschoben\"},{\"@type\":\"BreadcrumbList\",\"@id\":\"https:\/\/now-news.de\/de\/deutschland\/polizei-kam-schwer-bewaffnet-berliner-clan-mitglied-in-den-libanon-abgeschoben\/#breadcrumb\",\"itemListElement\":[{\"@type\":\"ListItem\",\"position\":1,\"name\":\"Home\",\"item\":\"https:\/\/now-news.de\/de\/\"},{\"@type\":\"ListItem\",\"position\":2,\"name\":\"Polizei kam schwer bewaffnet: Berliner Clan-Mitglied in den Libanon abgeschoben\"}]},{\"@type\":\"WebSite\",\"@id\":\"https:\/\/now-news.de\/de\/#website\",\"url\":\"https:\/\/now-news.de\/de\/\",\"name\":\"just-now.NEWS Deutschland\",\"description\":\"Das Portal f\u00fcr unzensierte Nachrichten aus der Welt\",\"publisher\":{\"@id\":\"https:\/\/now-news.de\/de\/#organization\"},\"potentialAction\":[{\"@type\":\"SearchAction\",\"target\":{\"@type\":\"EntryPoint\",\"urlTemplate\":\"https:\/\/now-news.de\/de\/?s={search_term_string}\"},\"query-input\":\"required name=search_term_string\"}],\"inLanguage\":\"de\"},{\"@type\":\"Organization\",\"@id\":\"https:\/\/now-news.de\/de\/#organization\",\"name\":\"Just Now News\",\"url\":\"https:\/\/now-news.de\/de\/\",\"logo\":{\"@type\":\"ImageObject\",\"inLanguage\":\"de\",\"@id\":\"https:\/\/now-news.de\/de\/#\/schema\/logo\/image\/\",\"url\":\"http:\/\/just-now.news\/de\/wp-content\/uploads\/sites\/3\/2022\/04\/logo500x500.jpg\",\"contentUrl\":\"http:\/\/just-now.news\/de\/wp-content\/uploads\/sites\/3\/2022\/04\/logo500x500.jpg\",\"width\":500,\"height\":500,\"caption\":\"Just Now News\"},\"image\":{\"@id\":\"https:\/\/now-news.de\/de\/#\/schema\/logo\/image\/\"},\"sameAs\":[\"https:\/\/www.facebook.com\/wirmachenauf\",\"https:\/\/x.com\/WirMachenAuf_de\"]},{\"@type\":\"Person\",\"@id\":\"https:\/\/now-news.de\/de\/#\/schema\/person\/fb534a4e865501d8b3285208df34a9b5\",\"name\":\"rtnews\",\"image\":{\"@type\":\"ImageObject\",\"inLanguage\":\"de\",\"@id\":\"https:\/\/now-news.de\/de\/#\/schema\/person\/image\/\",\"url\":\"https:\/\/secure.gravatar.com\/avatar\/82aafea7d8127119dd649515f56e2117?s=96&d=mm&r=g\",\"contentUrl\":\"https:\/\/secure.gravatar.com\/avatar\/82aafea7d8127119dd649515f56e2117?s=96&d=mm&r=g\",\"caption\":\"rtnews\"},\"url\":\"https:\/\/now-news.de\/de\/author\/rnews\/\"}]}<\/script>\n<!-- \/ Yoast SEO Premium plugin. -->","yoast_head_json":{"title":"Polizei kam schwer bewaffnet: Berliner Clan-Mitglied in den Libanon abgeschoben - just-now.NEWS Deutschland","robots":{"index":"index","follow":"follow","max-snippet":"max-snippet:-1","max-image-preview":"max-image-preview:large","max-video-preview":"max-video-preview:-1"},"canonical":"https:\/\/now-news.de\/de\/deutschland\/polizei-kam-schwer-bewaffnet-berliner-clan-mitglied-in-den-libanon-abgeschoben\/","og_locale":"de_DE","og_type":"article","og_title":"Polizei kam schwer bewaffnet: Berliner Clan-Mitglied in den Libanon abgeschoben","og_description":"Am Donnerstag gegen Mitternacht nahmen schwer bewaffnete Polizisten den 40-j\u00e4hrigen Abdallah Abou-Chaker in Gewahrsam und schoben ihn direkt in den Libanon ab. Dort soll das mehrfach vorbestrafte Clan-Mitglied Medienberichten zufolge auf freiem Fu\u00df sein. Am Donnerstag gegen Mitternacht fuhren schwer bewaffnete Polizisten\u00a0vor\u00a0einem Caf\u00e9 in Berlin-Charlottenburg vor und nahmen den 40-j\u00e4hrigen Abdallah Abou-Chaker in Gewahrsam. Er [&hellip;]","og_url":"https:\/\/now-news.de\/de\/deutschland\/polizei-kam-schwer-bewaffnet-berliner-clan-mitglied-in-den-libanon-abgeschoben\/","og_site_name":"just-now.NEWS Deutschland","article_publisher":"https:\/\/www.facebook.com\/wirmachenauf","article_published_time":"2022-11-05T18:01:54+00:00","og_image":[{"width":460,"height":259,"url":"https:\/\/now-news.de\/de\/wp-content\/uploads\/sites\/3\/2022\/11\/Polizei-kam-schwer-bewaffnet-Berliner-Clan-Mitglied-in-den-Libanon-abgeschoben.png","type":"image\/png"}],"author":"rtnews","twitter_card":"summary_large_image","twitter_creator":"@WirMachenAuf_de","twitter_site":"@WirMachenAuf_de","twitter_misc":{"Verfasst von":"rtnews","Gesch\u00e4tzte Lesezeit":"1\u00a0Minute"},"schema":{"@context":"https:\/\/schema.org","@graph":[{"@type":"Article","@id":"https:\/\/now-news.de\/de\/deutschland\/polizei-kam-schwer-bewaffnet-berliner-clan-mitglied-in-den-libanon-abgeschoben\/#article","isPartOf":{"@id":"https:\/\/now-news.de\/de\/deutschland\/polizei-kam-schwer-bewaffnet-berliner-clan-mitglied-in-den-libanon-abgeschoben\/"},"author":{"name":"rtnews","@id":"https:\/\/now-news.de\/de\/#\/schema\/person\/fb534a4e865501d8b3285208df34a9b5"},"headline":"Polizei kam schwer bewaffnet: Berliner Clan-Mitglied in den Libanon abgeschoben","datePublished":"2022-11-05T18:01:54+00:00","dateModified":"2022-11-05T18:01:54+00:00","mainEntityOfPage":{"@id":"https:\/\/now-news.de\/de\/deutschland\/polizei-kam-schwer-bewaffnet-berliner-clan-mitglied-in-den-libanon-abgeschoben\/"},"wordCount":240,"commentCount":0,"publisher":{"@id":"https:\/\/now-news.de\/de\/#organization"},"image":{"@id":"https:\/\/now-news.de\/de\/deutschland\/polizei-kam-schwer-bewaffnet-berliner-clan-mitglied-in-den-libanon-abgeschoben\/#primaryimage"},"thumbnailUrl":"https:\/\/now-news.de\/de\/wp-content\/uploads\/sites\/3\/2022\/11\/Polizei-kam-schwer-bewaffnet-Berliner-Clan-Mitglied-in-den-Libanon-abgeschoben.png","keywords":["abgeschoben","Berliner","Bewaffnet","ClanMitglied","den","kam","Libanon","Polizei","schwer"],"articleSection":["Deutschland","Russland"],"inLanguage":"de","potentialAction":[{"@type":"CommentAction","name":"Comment","target":["https:\/\/now-news.de\/de\/deutschland\/polizei-kam-schwer-bewaffnet-berliner-clan-mitglied-in-den-libanon-abgeschoben\/#respond"]}]},{"@type":"WebPage","@id":"https:\/\/now-news.de\/de\/deutschland\/polizei-kam-schwer-bewaffnet-berliner-clan-mitglied-in-den-libanon-abgeschoben\/","url":"https:\/\/now-news.de\/de\/deutschland\/polizei-kam-schwer-bewaffnet-berliner-clan-mitglied-in-den-libanon-abgeschoben\/","name":"Polizei kam schwer bewaffnet: Berliner Clan-Mitglied in den Libanon abgeschoben - just-now.NEWS Deutschland","isPartOf":{"@id":"https:\/\/now-news.de\/de\/#website"},"primaryImageOfPage":{"@id":"https:\/\/now-news.de\/de\/deutschland\/polizei-kam-schwer-bewaffnet-berliner-clan-mitglied-in-den-libanon-abgeschoben\/#primaryimage"},"image":{"@id":"https:\/\/now-news.de\/de\/deutschland\/polizei-kam-schwer-bewaffnet-berliner-clan-mitglied-in-den-libanon-abgeschoben\/#primaryimage"},"thumbnailUrl":"https:\/\/now-news.de\/de\/wp-content\/uploads\/sites\/3\/2022\/11\/Polizei-kam-schwer-bewaffnet-Berliner-Clan-Mitglied-in-den-Libanon-abgeschoben.png","datePublished":"2022-11-05T18:01:54+00:00","dateModified":"2022-11-05T18:01:54+00:00","breadcrumb":{"@id":"https:\/\/now-news.de\/de\/deutschland\/polizei-kam-schwer-bewaffnet-berliner-clan-mitglied-in-den-libanon-abgeschoben\/#breadcrumb"},"inLanguage":"de","potentialAction":[{"@type":"ReadAction","target":["https:\/\/now-news.de\/de\/deutschland\/polizei-kam-schwer-bewaffnet-berliner-clan-mitglied-in-den-libanon-abgeschoben\/"]}]},{"@type":"ImageObject","inLanguage":"de","@id":"https:\/\/now-news.de\/de\/deutschland\/polizei-kam-schwer-bewaffnet-berliner-clan-mitglied-in-den-libanon-abgeschoben\/#primaryimage","url":"https:\/\/now-news.de\/de\/wp-content\/uploads\/sites\/3\/2022\/11\/Polizei-kam-schwer-bewaffnet-Berliner-Clan-Mitglied-in-den-Libanon-abgeschoben.png","contentUrl":"https:\/\/now-news.de\/de\/wp-content\/uploads\/sites\/3\/2022\/11\/Polizei-kam-schwer-bewaffnet-Berliner-Clan-Mitglied-in-den-Libanon-abgeschoben.png","width":460,"height":259,"caption":"Polizei kam schwer bewaffnet: Berliner Clan-Mitglied in den Libanon abgeschoben"},{"@type":"BreadcrumbList","@id":"https:\/\/now-news.de\/de\/deutschland\/polizei-kam-schwer-bewaffnet-berliner-clan-mitglied-in-den-libanon-abgeschoben\/#breadcrumb","itemListElement":[{"@type":"ListItem","position":1,"name":"Home","item":"https:\/\/now-news.de\/de\/"},{"@type":"ListItem","position":2,"name":"Polizei kam schwer bewaffnet: Berliner Clan-Mitglied in den Libanon abgeschoben"}]},{"@type":"WebSite","@id":"https:\/\/now-news.de\/de\/#website","url":"https:\/\/now-news.de\/de\/","name":"just-now.NEWS Deutschland","description":"Das Portal f\u00fcr unzensierte Nachrichten aus der Welt","publisher":{"@id":"https:\/\/now-news.de\/de\/#organization"},"potentialAction":[{"@type":"SearchAction","target":{"@type":"EntryPoint","urlTemplate":"https:\/\/now-news.de\/de\/?s={search_term_string}"},"query-input":"required name=search_term_string"}],"inLanguage":"de"},{"@type":"Organization","@id":"https:\/\/now-news.de\/de\/#organization","name":"Just Now News","url":"https:\/\/now-news.de\/de\/","logo":{"@type":"ImageObject","inLanguage":"de","@id":"https:\/\/now-news.de\/de\/#\/schema\/logo\/image\/","url":"http:\/\/just-now.news\/de\/wp-content\/uploads\/sites\/3\/2022\/04\/logo500x500.jpg","contentUrl":"http:\/\/just-now.news\/de\/wp-content\/uploads\/sites\/3\/2022\/04\/logo500x500.jpg","width":500,"height":500,"caption":"Just Now News"},"image":{"@id":"https:\/\/now-news.de\/de\/#\/schema\/logo\/image\/"},"sameAs":["https:\/\/www.facebook.com\/wirmachenauf","https:\/\/x.com\/WirMachenAuf_de"]},{"@type":"Person","@id":"https:\/\/now-news.de\/de\/#\/schema\/person\/fb534a4e865501d8b3285208df34a9b5","name":"rtnews","image":{"@type":"ImageObject","inLanguage":"de","@id":"https:\/\/now-news.de\/de\/#\/schema\/person\/image\/","url":"https:\/\/secure.gravatar.com\/avatar\/82aafea7d8127119dd649515f56e2117?s=96&d=mm&r=g","contentUrl":"https:\/\/secure.gravatar.com\/avatar\/82aafea7d8127119dd649515f56e2117?s=96&d=mm&r=g","caption":"rtnews"},"url":"https:\/\/now-news.de\/de\/author\/rnews\/"}]}},"_links":{"self":[{"href":"https:\/\/now-news.de\/de\/wp-json\/wp\/v2\/posts\/22508"}],"collection":[{"href":"https:\/\/now-news.de\/de\/wp-json\/wp\/v2\/posts"}],"about":[{"href":"https:\/\/now-news.de\/de\/wp-json\/wp\/v2\/types\/post"}],"author":[{"embeddable":true,"href":"https:\/\/now-news.de\/de\/wp-json\/wp\/v2\/users\/3"}],"replies":[{"embeddable":true,"href":"https:\/\/now-news.de\/de\/wp-json\/wp\/v2\/comments?post=22508"}],"version-history":[{"count":0,"href":"https:\/\/now-news.de\/de\/wp-json\/wp\/v2\/posts\/22508\/revisions"}],"wp:featuredmedia":[{"embeddable":true,"href":"https:\/\/now-news.de\/de\/wp-json\/wp\/v2\/media\/22509"}],"wp:attachment":[{"href":"https:\/\/now-news.de\/de\/wp-json\/wp\/v2\/media?parent=22508"}],"wp:term":[{"taxonomy":"category","embeddable":true,"href":"https:\/\/now-news.de\/de\/wp-json\/wp\/v2\/categories?post=22508"},{"taxonomy":"post_tag","embeddable":true,"href":"https:\/\/now-news.de\/de\/wp-json\/wp\/v2\/tags?post=22508"}],"curies":[{"name":"wp","href":"https:\/\/api.w.org\/{rel}","templated":true}]}}