{"id":22504,"date":"2022-11-05T18:32:42","date_gmt":"2022-11-05T16:32:42","guid":{"rendered":"http:\/\/just-now.news\/de\/deutschland\/zeitenwende-deutschland-und-oesterreich-stimmen-gegen-un-resolution-die-neonazismus-verurteilt\/"},"modified":"2022-11-05T18:32:42","modified_gmt":"2022-11-05T16:32:42","slug":"zeitenwende-deutschland-und-oesterreich-stimmen-gegen-un-resolution-die-neonazismus-verurteilt","status":"publish","type":"post","link":"https:\/\/now-news.de\/de\/deutschland\/zeitenwende-deutschland-und-oesterreich-stimmen-gegen-un-resolution-die-neonazismus-verurteilt\/","title":{"rendered":"Zeitenwende: Deutschland und \u00d6sterreich stimmen gegen UN-Resolution, die Neonazismus verurteilt"},"content":{"rendered":"<div class=\"Text-root Text-type_1 \">\n                Fr\u00fcher waren es USA und die Ukraine, die sich offen der UN-Resolution gegen Verherrlichung des Nazismus widersetzt hatten. Nun stimmten auch Deutschland, Italien, \u00d6sterreich, Ungarn und andere EU-Staaten dagegen. In diesem Jahr gab es auch den Versuch, die von Russland eingebrachte Resolution zu verhindern.\n            <\/div>\n<p><\/p>\n<div class=\"Text-root Text-type_5 ArticleView-text ViewText-root \">\n<p>Der 3. Ausschuss der UN-Generalversammlung hat den russischen Resolutionsentwurf zur Bek\u00e4mpfung der Verherrlichung des Nationalsozialismus mit 51 Nein- und 106 Ja-Stimmen angenommen. 15 Staaten enthielten sich.<\/p>\n<p>Das Dokument tr\u00e4gt den Titel &#8220;Bek\u00e4mpfung der Verherrlichung des Nazismus und anderer Praktiken, die zum<br \/>Sch\u00fcren zeitgen\u00f6ssischer Formen des Rassismus, der Rassendiskriminierung, der Fremdenfeindlichkeit und damit zusammenh\u00e4ngender Intoleranz beitragen&#8221;.<\/p>\n<p>Eine solche <a rel=\"nofollow noopener\" target=\"_blank\" href=\"https:\/\/www.un.org\/depts\/german\/gv-68\/band1\/ar68150.pdf\">Resolution<\/a> wird jedes Jahr von der UN-Generalversammlung verabschiedet. Nach der Verabschiedung durch den Ausschuss muss auf der UN-Generalversammlung dar\u00fcber abgestimmt werden, was in der Regel im Dezember geschieht.<\/p>\n<p>Seit 2014 <a rel=\"nofollow noopener\" target=\"_blank\" href=\"https:\/\/meinungsfreiheit.rtde.life\/international\/128589-un-erklarung-gegen-verherrlichung-nazismus-verabschiedet-brd-enthalten-ukraine-usa-dagegen\/\">stimmten<\/a><a rel=\"nofollow noopener\" target=\"_blank\" href=\"https:\/\/meinungsfreiheit.rtde.life\/international\/128589-un-erklarung-gegen-verherrlichung-nazismus-verabschiedet-brd-enthalten-ukraine-usa-dagegen\/\"><\/a>regelm\u00e4\u00dfig nur die USA und die Ukraine gegen diese Resolution, EU- und NATO-L\u00e4nder sowie einige Staaten aus anderen Teilen der Welt enthielten sich. Dieses Mal wurde der Resolutionsentwurf jedoch auch von Deutschland, Gro\u00dfbritannien, \u00d6sterreich, Frankreich, Japan, Italien, Georgien, den baltischen Staaten und Ungarn abgelehnt.<\/p>\n<p>Laut dem stellvertretenden Direktor der Abteilung f\u00fcr humanit\u00e4re Zusammenarbeit und Menschenrechte im russischen Au\u00dfenministerium, Grigori Lukjanzew, gab es auch den Versuch, die kommende Abstimmung mit organisatorischen Tricks zu verhindern.<\/p>\n<figure class=\"RTImage-root\">\n<div class=\"RTImage-image RTImage-original\"><picture class=\"Picture-root Picture-original\"><!--[if IE 9]><video style=\"display: none;\"><![endif]--><source media=\"(-webkit-min-device-pixel-ratio: 2) and (min-resolution: 120dpi)\" data-srcset=\" \nhttp:\/\/just-now.news\/de\/wp-content\/uploads\/sites\/3\/2022\/11\/6366733248fbef01d56fdab9.jpg 850w,\n                http:\/\/just-now.news\/de\/wp-content\/uploads\/sites\/3\/2022\/11\/6366733248fbef01d56fdab9.jpg 1960w,\n            \" ><source data-srcset=\" \nhttp:\/\/just-now.news\/de\/wp-content\/uploads\/sites\/3\/2022\/11\/6366733248fbef01d56fdab9.jpg 460w,\n              http:\/\/just-now.news\/de\/wp-content\/uploads\/sites\/3\/2022\/11\/6366733248fbef01d56fdab9.jpg 980w,\n            \" ><!--[if IE 9]><\/video><![endif]--><img decoding=\"async\" data- src=\"data:image\/png;base64,iVBORw0KGgoAAAANSUhEUgAAABAAAAAJCAQAAACRI2S5AAAAEElEQVR42mNkIAAYRxWAAQAG9gAKqv6+AwAAAABJRU5ErkJggg==\" class=\"Picture-root Picture-original lazyload\" data-src=\"http:\/\/just-now.news\/de\/wp-content\/uploads\/sites\/3\/2022\/11\/6366733248fbef01d56fdab9.jpg\" alt=\"\"><\/source><\/source><\/picture><!-- noscript pattern --><noscript><img decoding=\"async\" src=\"http:\/\/just-now.news\/de\/wp-content\/uploads\/sites\/3\/2022\/11\/6366733248fbef01d56fdab9.jpg\" alt=\"\"><\/noscript><\/div>\n<\/figure>\n<p>Australien, Japan, Liberia und Nordmazedonien <a rel=\"nofollow noopener\" target=\"_blank\" href=\"https:\/\/t.me\/dimsmirnov175\/39751\">brachten<\/a> eine<br \/>Demarche mit Kritik an der Resolution ein. Diese sei der Versuch Russlands, unter dem Vorwand des Kampfes gegen den Nazismus sein milit\u00e4risches Vorgehen in der Ukraine zu rechtfertigen. Sie brachten \u00c4nderungsvorschl\u00e4ge ein, um Russland dazu zu bewegen, den Text von der Abstimmung zur\u00fcckzuziehen.<\/p>\n<blockquote>\n<p><em>&#8220;Es ist ihnen nicht gelungen, den Text in ihrem Sinne radikal zu \u00e4ndern und die Bestimmungen zu streichen, die ihnen nicht passen: die Zerst\u00f6rung von Denkm\u00e4lern f\u00fcr die Befreier, Neonazi-Aufm\u00e4rsche und Fackelm\u00e4rsche, das Verbot von Symbolen, die mit dem Sieg in Verbindung stehen. Also beschlossen sie, bei ihrer Aufgabe recht &#8216;kreativ&#8217; zu werden, aber diese Strategie hat sich nicht ausgezahlt&#8221;, so Lukjanzew. <\/em><\/p>\n<\/blockquote>\n<p>Der russische Diplomat erinnerte an die Situation im Jahr 2011, als es bei der Abstimmung zur Spaltung unter EU-Staaten gekommen war und einige Mitgliedstaaten dagegen gestimmt hatten, w\u00e4hrend andere sich enthalten hatten. &#8220;Damals hatten uns die Vertreter Deutschlands, Italiens und \u00d6sterreichs geschworen, dass sie niemals gegen ein Dokument stimmen k\u00f6nnten, in dem die Verherrlichung des Nationalsozialismus grunds\u00e4tzlich verurteilt wird.&#8221; Dieses Verhalten hat der russische Diplomat als Geschichtsf\u00e4lschung scharf kritisiert. In einem Kommentar, der auf der Webseite der russischen Botschaft in Berlin <a rel=\"nofollow noopener\" target=\"_blank\" href=\"https:\/\/russische-botschaft.ru\/de\/2022\/10\/28\/beauftragter-des-russischen-au%CE%B2enministeriums-fuer-menschenrechte-demokratie-und-rechtsstaatlichkeit-grigori-loukiantzew-im-kommentar-fuer-die-nachrichtenagentur-krim-segonija\/\">ver\u00f6ffentlicht<\/a> wurde, schrieb er:<\/p>\n<p>&#8220;Im Laufe der Jahre, nachdem die Resolution angenommen wurde, schlugen die westlichen Staaten immer wieder vor, in den Text des Resolutionsentwurfs die Fassungen einzuf\u00fcgen, die mit einer angeblich &#8216;gleichen Verantwortung Hitlerdeutschlands und der UdSSR f\u00fcr die Entfesselung des Zweiten Weltkriegs&#8217; verbunden sind. Sie wollten auch die Thesen \u00fcber &#8216;zwei totalit\u00e4re Regimes&#8217; sowie dar\u00fcber, dass verschiedene Kollaborateure nicht zu verurteilen seien, weil sie die sogenannten &#8216;Nationalhelden&#8217; seien, ins Dokument einf\u00fcgen. F\u00fcr uns sind diese Bestimmungen v\u00f6llig inakzeptabel, wir lehnen sie ab und sind mit derartigen Geschichtsf\u00e4lschungen nicht einverstanden.&#8221;<\/p>\n<p><em>RT DE<\/em> hat in den vergangenen Jahren versucht, die Gr\u00fcnde f\u00fcr die Enthaltung Deutschlands bei dieser UN-Resolution zu erfahren. Im Jahr 2020 hatte die <a rel=\"nofollow noopener\" target=\"_blank\" href=\"https:\/\/de.rt.com\/international\/110901-wieso-enthalt-sich-deutschland-bei-un-resolution\/\">Antwort<\/a> auf die Nachfrage von <em>RT DE <\/em>gelautet, die Gr\u00fcnde w\u00fcrden nachgereicht. Auch nach einem Jahr wurden keine Gr\u00fcnde nachgereicht. Im Dezember 2021 <a rel=\"nofollow noopener\" target=\"_blank\" href=\"https:\/\/meinungsfreiheit.rtde.life\/inland\/128739-un-resolution-gegen-ns-glorifizierung-deutschland-enthaelt-sich-wieder-einmal\/\">erwiderte<\/a> die Sprecherin des Ausw\u00e4rtigen Amtes, Andrea Sasse:<\/p>\n<blockquote>\n<p><em>&#8220;Unser Stimmverhalten in den Vereinten Nationen kommentieren wir wie immer an dieser Stelle nicht.&#8221;<\/em><\/p>\n<\/blockquote>\n<p>Im Jahr 2020 hatte Washingtons Gesandter bei den Vereinten Nationen <a rel=\"nofollow noopener\" target=\"_blank\" href=\"https:\/\/www.rt.com\/news\/509899-us-opposes-nazi-vote\/\">argumentiert<\/a>, dass ein Verbot der Verherrlichung des Nationalsozialismus gegen den ersten Zusatzartikel der US-Verfassung zum Schutz der Meinungsfreiheit versto\u00dfen w\u00fcrde. Die USA hatten Moskau zudem <a rel=\"nofollow noopener\" target=\"_blank\" href=\"https:\/\/usun.usmission.gov\/explanation-of-vote-on-a-resolution-on-the-glorification-of-nazism\/\">vorgeworfen<\/a>, die Resolution nutzen zu wollen, um eine &#8220;Desinformationsnarrative&#8221; \u00fcber Neonazismus in den baltischen Staaten und der Ukraine zu betreiben.<\/p>\n<p><strong>Mehr zum Thema<\/strong> &#8211; <a rel=\"nofollow noopener\" target=\"_blank\" href=\"https:\/\/meinungsfreiheit.rtde.life\/inland\/111299-auswaertiges-amt-ende-zweiten-des-weltkriegs-brachte-nicht-freiheit-sondern-besatzung\/\">Ausw\u00e4rtiges Amt: Ende des Zweiten Weltkriegs brachte f\u00fcr viele nicht Freiheit, sondern Besatzung <\/a><\/p>\n<div class=\"EmbedBlock-root EmbedBlock-externalVideo EmbedBlock-odysee\">\n<div class=\"VkEmbed\"><iframe class=\"lazyload\" data-src=\"https:\/\/odysee.com\/%24\/embed\/%40RTDE%3Ae%2FPutin_ukrainisches_Volk_Respekt%3Ad\" frameborder=\"0\" width=\"853\" height=\"480\" allowfullscreen><\/iframe><\/div>\n<\/div>\n<\/div>\n<p><br \/>\n<br \/><a href=\"https:\/\/de.rt.com\/international\/153523-deutschland-und-oesterreich-stimmen-gegen-un-resolution-die-neonazismus-verurteilt\/\">Source link <\/a><\/p>\n","protected":false},"excerpt":{"rendered":"<p>Fr\u00fcher waren es USA und die Ukraine, die sich offen der UN-Resolution gegen Verherrlichung des Nazismus widersetzt hatten. Nun stimmten auch Deutschland, Italien, \u00d6sterreich, Ungarn und andere EU-Staaten dagegen. In diesem Jahr gab es auch den Versuch, die von Russland eingebrachte Resolution zu verhindern. Der 3. Ausschuss der UN-Generalversammlung hat den russischen Resolutionsentwurf zur Bek\u00e4mpfung [&hellip;]<\/p>\n","protected":false},"author":3,"featured_media":22505,"comment_status":"open","ping_status":"open","sticky":false,"template":"","format":"standard","meta":{"wp_automatic_camp":["217"],"342608de82fbc19c27e1c338c3f97936":["Zeitenwende: Deutschland und \u00d6sterreich stimmen gegen UN-Resolution, die Neonazismus verurteilt"],"original_link":["https:\/\/de.rt.com\/international\/153523-deutschland-und-oesterreich-stimmen-gegen-un-resolution-die-neonazismus-verurteilt\/"],"_thumbnail_id":["22505"],"jnews_social_counter_last_update":["1777800304"],"_wptg_p2tg_sent2tg":["2022-11-05 18:43:44"]},"categories":[19,23],"tags":[179,45,278,35381,7290,18976,140,25165,2006,5540],"yoast_head":"<!-- This site is optimized with the Yoast SEO Premium plugin v22.7 (Yoast SEO v22.7) - https:\/\/yoast.com\/wordpress\/plugins\/seo\/ -->\n<title>Zeitenwende: Deutschland und \u00d6sterreich stimmen gegen UN-Resolution, die Neonazismus verurteilt - just-now.NEWS Deutschland<\/title>\n<meta name=\"robots\" content=\"index, follow, max-snippet:-1, max-image-preview:large, max-video-preview:-1\" \/>\n<link rel=\"canonical\" href=\"https:\/\/now-news.de\/de\/deutschland\/zeitenwende-deutschland-und-oesterreich-stimmen-gegen-un-resolution-die-neonazismus-verurteilt\/\" \/>\n<meta property=\"og:locale\" content=\"de_DE\" \/>\n<meta property=\"og:type\" content=\"article\" \/>\n<meta property=\"og:title\" content=\"Zeitenwende: Deutschland und \u00d6sterreich stimmen gegen UN-Resolution, die Neonazismus verurteilt\" \/>\n<meta property=\"og:description\" content=\"Fr\u00fcher waren es USA und die Ukraine, die sich offen der UN-Resolution gegen Verherrlichung des Nazismus widersetzt hatten. Nun stimmten auch Deutschland, Italien, \u00d6sterreich, Ungarn und andere EU-Staaten dagegen. In diesem Jahr gab es auch den Versuch, die von Russland eingebrachte Resolution zu verhindern. Der 3. Ausschuss der UN-Generalversammlung hat den russischen Resolutionsentwurf zur Bek\u00e4mpfung [&hellip;]\" \/>\n<meta property=\"og:url\" content=\"https:\/\/now-news.de\/de\/deutschland\/zeitenwende-deutschland-und-oesterreich-stimmen-gegen-un-resolution-die-neonazismus-verurteilt\/\" \/>\n<meta property=\"og:site_name\" content=\"just-now.NEWS Deutschland\" \/>\n<meta property=\"article:publisher\" content=\"https:\/\/www.facebook.com\/wirmachenauf\" \/>\n<meta property=\"article:published_time\" content=\"2022-11-05T16:32:42+00:00\" \/>\n<meta property=\"og:image\" content=\"https:\/\/now-news.de\/de\/wp-content\/uploads\/sites\/3\/2022\/11\/Zeitenwende-Deutschland-und-Oesterreich-stimmen-gegen-UN-Resolution-die-Neonazismus-verurteilt.jpg\" \/>\n\t<meta property=\"og:image:width\" content=\"1280\" \/>\n\t<meta property=\"og:image:height\" content=\"704\" \/>\n\t<meta property=\"og:image:type\" content=\"image\/jpeg\" \/>\n<meta name=\"author\" content=\"rtnews\" \/>\n<meta name=\"twitter:card\" content=\"summary_large_image\" \/>\n<meta name=\"twitter:creator\" content=\"@WirMachenAuf_de\" \/>\n<meta name=\"twitter:site\" content=\"@WirMachenAuf_de\" \/>\n<meta name=\"twitter:label1\" content=\"Verfasst von\" \/>\n\t<meta name=\"twitter:data1\" content=\"rtnews\" \/>\n\t<meta name=\"twitter:label2\" content=\"Gesch\u00e4tzte Lesezeit\" \/>\n\t<meta name=\"twitter:data2\" content=\"3\u00a0Minuten\" \/>\n<script type=\"application\/ld+json\" class=\"yoast-schema-graph\">{\"@context\":\"https:\/\/schema.org\",\"@graph\":[{\"@type\":\"Article\",\"@id\":\"https:\/\/now-news.de\/de\/deutschland\/zeitenwende-deutschland-und-oesterreich-stimmen-gegen-un-resolution-die-neonazismus-verurteilt\/#article\",\"isPartOf\":{\"@id\":\"https:\/\/now-news.de\/de\/deutschland\/zeitenwende-deutschland-und-oesterreich-stimmen-gegen-un-resolution-die-neonazismus-verurteilt\/\"},\"author\":{\"name\":\"rtnews\",\"@id\":\"https:\/\/now-news.de\/de\/#\/schema\/person\/fb534a4e865501d8b3285208df34a9b5\"},\"headline\":\"Zeitenwende: Deutschland und \u00d6sterreich stimmen gegen UN-Resolution, die Neonazismus verurteilt\",\"datePublished\":\"2022-11-05T16:32:42+00:00\",\"dateModified\":\"2022-11-05T16:32:42+00:00\",\"mainEntityOfPage\":{\"@id\":\"https:\/\/now-news.de\/de\/deutschland\/zeitenwende-deutschland-und-oesterreich-stimmen-gegen-un-resolution-die-neonazismus-verurteilt\/\"},\"wordCount\":677,\"commentCount\":0,\"publisher\":{\"@id\":\"https:\/\/now-news.de\/de\/#organization\"},\"image\":{\"@id\":\"https:\/\/now-news.de\/de\/deutschland\/zeitenwende-deutschland-und-oesterreich-stimmen-gegen-un-resolution-die-neonazismus-verurteilt\/#primaryimage\"},\"thumbnailUrl\":\"https:\/\/now-news.de\/de\/wp-content\/uploads\/sites\/3\/2022\/11\/Zeitenwende-Deutschland-und-Oesterreich-stimmen-gegen-UN-Resolution-die-Neonazismus-verurteilt.jpg\",\"keywords\":[\"Deutschland\",\"die\",\"gegen\",\"Neonazismus\",\"\u00d6sterreich\",\"Stimmen\",\"und\",\"UNResolution\",\"verurteilt\",\"Zeitenwende\"],\"articleSection\":[\"Deutschland\",\"Russland\"],\"inLanguage\":\"de\",\"potentialAction\":[{\"@type\":\"CommentAction\",\"name\":\"Comment\",\"target\":[\"https:\/\/now-news.de\/de\/deutschland\/zeitenwende-deutschland-und-oesterreich-stimmen-gegen-un-resolution-die-neonazismus-verurteilt\/#respond\"]}]},{\"@type\":\"WebPage\",\"@id\":\"https:\/\/now-news.de\/de\/deutschland\/zeitenwende-deutschland-und-oesterreich-stimmen-gegen-un-resolution-die-neonazismus-verurteilt\/\",\"url\":\"https:\/\/now-news.de\/de\/deutschland\/zeitenwende-deutschland-und-oesterreich-stimmen-gegen-un-resolution-die-neonazismus-verurteilt\/\",\"name\":\"Zeitenwende: Deutschland und \u00d6sterreich stimmen gegen UN-Resolution, die Neonazismus verurteilt - just-now.NEWS Deutschland\",\"isPartOf\":{\"@id\":\"https:\/\/now-news.de\/de\/#website\"},\"primaryImageOfPage\":{\"@id\":\"https:\/\/now-news.de\/de\/deutschland\/zeitenwende-deutschland-und-oesterreich-stimmen-gegen-un-resolution-die-neonazismus-verurteilt\/#primaryimage\"},\"image\":{\"@id\":\"https:\/\/now-news.de\/de\/deutschland\/zeitenwende-deutschland-und-oesterreich-stimmen-gegen-un-resolution-die-neonazismus-verurteilt\/#primaryimage\"},\"thumbnailUrl\":\"https:\/\/now-news.de\/de\/wp-content\/uploads\/sites\/3\/2022\/11\/Zeitenwende-Deutschland-und-Oesterreich-stimmen-gegen-UN-Resolution-die-Neonazismus-verurteilt.jpg\",\"datePublished\":\"2022-11-05T16:32:42+00:00\",\"dateModified\":\"2022-11-05T16:32:42+00:00\",\"breadcrumb\":{\"@id\":\"https:\/\/now-news.de\/de\/deutschland\/zeitenwende-deutschland-und-oesterreich-stimmen-gegen-un-resolution-die-neonazismus-verurteilt\/#breadcrumb\"},\"inLanguage\":\"de\",\"potentialAction\":[{\"@type\":\"ReadAction\",\"target\":[\"https:\/\/now-news.de\/de\/deutschland\/zeitenwende-deutschland-und-oesterreich-stimmen-gegen-un-resolution-die-neonazismus-verurteilt\/\"]}]},{\"@type\":\"ImageObject\",\"inLanguage\":\"de\",\"@id\":\"https:\/\/now-news.de\/de\/deutschland\/zeitenwende-deutschland-und-oesterreich-stimmen-gegen-un-resolution-die-neonazismus-verurteilt\/#primaryimage\",\"url\":\"https:\/\/now-news.de\/de\/wp-content\/uploads\/sites\/3\/2022\/11\/Zeitenwende-Deutschland-und-Oesterreich-stimmen-gegen-UN-Resolution-die-Neonazismus-verurteilt.jpg\",\"contentUrl\":\"https:\/\/now-news.de\/de\/wp-content\/uploads\/sites\/3\/2022\/11\/Zeitenwende-Deutschland-und-Oesterreich-stimmen-gegen-UN-Resolution-die-Neonazismus-verurteilt.jpg\",\"width\":1280,\"height\":704,\"caption\":\"Zeitenwende: Deutschland und \u00d6sterreich stimmen gegen UN-Resolution, die Neonazismus verurteilt\"},{\"@type\":\"BreadcrumbList\",\"@id\":\"https:\/\/now-news.de\/de\/deutschland\/zeitenwende-deutschland-und-oesterreich-stimmen-gegen-un-resolution-die-neonazismus-verurteilt\/#breadcrumb\",\"itemListElement\":[{\"@type\":\"ListItem\",\"position\":1,\"name\":\"Home\",\"item\":\"https:\/\/now-news.de\/de\/\"},{\"@type\":\"ListItem\",\"position\":2,\"name\":\"Zeitenwende: Deutschland und \u00d6sterreich stimmen gegen UN-Resolution, die Neonazismus verurteilt\"}]},{\"@type\":\"WebSite\",\"@id\":\"https:\/\/now-news.de\/de\/#website\",\"url\":\"https:\/\/now-news.de\/de\/\",\"name\":\"just-now.NEWS Deutschland\",\"description\":\"Das Portal f\u00fcr unzensierte Nachrichten aus der Welt\",\"publisher\":{\"@id\":\"https:\/\/now-news.de\/de\/#organization\"},\"potentialAction\":[{\"@type\":\"SearchAction\",\"target\":{\"@type\":\"EntryPoint\",\"urlTemplate\":\"https:\/\/now-news.de\/de\/?s={search_term_string}\"},\"query-input\":\"required name=search_term_string\"}],\"inLanguage\":\"de\"},{\"@type\":\"Organization\",\"@id\":\"https:\/\/now-news.de\/de\/#organization\",\"name\":\"Just Now News\",\"url\":\"https:\/\/now-news.de\/de\/\",\"logo\":{\"@type\":\"ImageObject\",\"inLanguage\":\"de\",\"@id\":\"https:\/\/now-news.de\/de\/#\/schema\/logo\/image\/\",\"url\":\"http:\/\/just-now.news\/de\/wp-content\/uploads\/sites\/3\/2022\/04\/logo500x500.jpg\",\"contentUrl\":\"http:\/\/just-now.news\/de\/wp-content\/uploads\/sites\/3\/2022\/04\/logo500x500.jpg\",\"width\":500,\"height\":500,\"caption\":\"Just Now News\"},\"image\":{\"@id\":\"https:\/\/now-news.de\/de\/#\/schema\/logo\/image\/\"},\"sameAs\":[\"https:\/\/www.facebook.com\/wirmachenauf\",\"https:\/\/x.com\/WirMachenAuf_de\"]},{\"@type\":\"Person\",\"@id\":\"https:\/\/now-news.de\/de\/#\/schema\/person\/fb534a4e865501d8b3285208df34a9b5\",\"name\":\"rtnews\",\"image\":{\"@type\":\"ImageObject\",\"inLanguage\":\"de\",\"@id\":\"https:\/\/now-news.de\/de\/#\/schema\/person\/image\/\",\"url\":\"https:\/\/secure.gravatar.com\/avatar\/82aafea7d8127119dd649515f56e2117?s=96&d=mm&r=g\",\"contentUrl\":\"https:\/\/secure.gravatar.com\/avatar\/82aafea7d8127119dd649515f56e2117?s=96&d=mm&r=g\",\"caption\":\"rtnews\"},\"url\":\"https:\/\/now-news.de\/de\/author\/rnews\/\"}]}<\/script>\n<!-- \/ Yoast SEO Premium plugin. -->","yoast_head_json":{"title":"Zeitenwende: Deutschland und \u00d6sterreich stimmen gegen UN-Resolution, die Neonazismus verurteilt - just-now.NEWS Deutschland","robots":{"index":"index","follow":"follow","max-snippet":"max-snippet:-1","max-image-preview":"max-image-preview:large","max-video-preview":"max-video-preview:-1"},"canonical":"https:\/\/now-news.de\/de\/deutschland\/zeitenwende-deutschland-und-oesterreich-stimmen-gegen-un-resolution-die-neonazismus-verurteilt\/","og_locale":"de_DE","og_type":"article","og_title":"Zeitenwende: Deutschland und \u00d6sterreich stimmen gegen UN-Resolution, die Neonazismus verurteilt","og_description":"Fr\u00fcher waren es USA und die Ukraine, die sich offen der UN-Resolution gegen Verherrlichung des Nazismus widersetzt hatten. Nun stimmten auch Deutschland, Italien, \u00d6sterreich, Ungarn und andere EU-Staaten dagegen. In diesem Jahr gab es auch den Versuch, die von Russland eingebrachte Resolution zu verhindern. Der 3. Ausschuss der UN-Generalversammlung hat den russischen Resolutionsentwurf zur Bek\u00e4mpfung [&hellip;]","og_url":"https:\/\/now-news.de\/de\/deutschland\/zeitenwende-deutschland-und-oesterreich-stimmen-gegen-un-resolution-die-neonazismus-verurteilt\/","og_site_name":"just-now.NEWS Deutschland","article_publisher":"https:\/\/www.facebook.com\/wirmachenauf","article_published_time":"2022-11-05T16:32:42+00:00","og_image":[{"width":1280,"height":704,"url":"https:\/\/now-news.de\/de\/wp-content\/uploads\/sites\/3\/2022\/11\/Zeitenwende-Deutschland-und-Oesterreich-stimmen-gegen-UN-Resolution-die-Neonazismus-verurteilt.jpg","type":"image\/jpeg"}],"author":"rtnews","twitter_card":"summary_large_image","twitter_creator":"@WirMachenAuf_de","twitter_site":"@WirMachenAuf_de","twitter_misc":{"Verfasst von":"rtnews","Gesch\u00e4tzte Lesezeit":"3\u00a0Minuten"},"schema":{"@context":"https:\/\/schema.org","@graph":[{"@type":"Article","@id":"https:\/\/now-news.de\/de\/deutschland\/zeitenwende-deutschland-und-oesterreich-stimmen-gegen-un-resolution-die-neonazismus-verurteilt\/#article","isPartOf":{"@id":"https:\/\/now-news.de\/de\/deutschland\/zeitenwende-deutschland-und-oesterreich-stimmen-gegen-un-resolution-die-neonazismus-verurteilt\/"},"author":{"name":"rtnews","@id":"https:\/\/now-news.de\/de\/#\/schema\/person\/fb534a4e865501d8b3285208df34a9b5"},"headline":"Zeitenwende: Deutschland und \u00d6sterreich stimmen gegen UN-Resolution, die Neonazismus verurteilt","datePublished":"2022-11-05T16:32:42+00:00","dateModified":"2022-11-05T16:32:42+00:00","mainEntityOfPage":{"@id":"https:\/\/now-news.de\/de\/deutschland\/zeitenwende-deutschland-und-oesterreich-stimmen-gegen-un-resolution-die-neonazismus-verurteilt\/"},"wordCount":677,"commentCount":0,"publisher":{"@id":"https:\/\/now-news.de\/de\/#organization"},"image":{"@id":"https:\/\/now-news.de\/de\/deutschland\/zeitenwende-deutschland-und-oesterreich-stimmen-gegen-un-resolution-die-neonazismus-verurteilt\/#primaryimage"},"thumbnailUrl":"https:\/\/now-news.de\/de\/wp-content\/uploads\/sites\/3\/2022\/11\/Zeitenwende-Deutschland-und-Oesterreich-stimmen-gegen-UN-Resolution-die-Neonazismus-verurteilt.jpg","keywords":["Deutschland","die","gegen","Neonazismus","\u00d6sterreich","Stimmen","und","UNResolution","verurteilt","Zeitenwende"],"articleSection":["Deutschland","Russland"],"inLanguage":"de","potentialAction":[{"@type":"CommentAction","name":"Comment","target":["https:\/\/now-news.de\/de\/deutschland\/zeitenwende-deutschland-und-oesterreich-stimmen-gegen-un-resolution-die-neonazismus-verurteilt\/#respond"]}]},{"@type":"WebPage","@id":"https:\/\/now-news.de\/de\/deutschland\/zeitenwende-deutschland-und-oesterreich-stimmen-gegen-un-resolution-die-neonazismus-verurteilt\/","url":"https:\/\/now-news.de\/de\/deutschland\/zeitenwende-deutschland-und-oesterreich-stimmen-gegen-un-resolution-die-neonazismus-verurteilt\/","name":"Zeitenwende: Deutschland und \u00d6sterreich stimmen gegen UN-Resolution, die Neonazismus verurteilt - just-now.NEWS Deutschland","isPartOf":{"@id":"https:\/\/now-news.de\/de\/#website"},"primaryImageOfPage":{"@id":"https:\/\/now-news.de\/de\/deutschland\/zeitenwende-deutschland-und-oesterreich-stimmen-gegen-un-resolution-die-neonazismus-verurteilt\/#primaryimage"},"image":{"@id":"https:\/\/now-news.de\/de\/deutschland\/zeitenwende-deutschland-und-oesterreich-stimmen-gegen-un-resolution-die-neonazismus-verurteilt\/#primaryimage"},"thumbnailUrl":"https:\/\/now-news.de\/de\/wp-content\/uploads\/sites\/3\/2022\/11\/Zeitenwende-Deutschland-und-Oesterreich-stimmen-gegen-UN-Resolution-die-Neonazismus-verurteilt.jpg","datePublished":"2022-11-05T16:32:42+00:00","dateModified":"2022-11-05T16:32:42+00:00","breadcrumb":{"@id":"https:\/\/now-news.de\/de\/deutschland\/zeitenwende-deutschland-und-oesterreich-stimmen-gegen-un-resolution-die-neonazismus-verurteilt\/#breadcrumb"},"inLanguage":"de","potentialAction":[{"@type":"ReadAction","target":["https:\/\/now-news.de\/de\/deutschland\/zeitenwende-deutschland-und-oesterreich-stimmen-gegen-un-resolution-die-neonazismus-verurteilt\/"]}]},{"@type":"ImageObject","inLanguage":"de","@id":"https:\/\/now-news.de\/de\/deutschland\/zeitenwende-deutschland-und-oesterreich-stimmen-gegen-un-resolution-die-neonazismus-verurteilt\/#primaryimage","url":"https:\/\/now-news.de\/de\/wp-content\/uploads\/sites\/3\/2022\/11\/Zeitenwende-Deutschland-und-Oesterreich-stimmen-gegen-UN-Resolution-die-Neonazismus-verurteilt.jpg","contentUrl":"https:\/\/now-news.de\/de\/wp-content\/uploads\/sites\/3\/2022\/11\/Zeitenwende-Deutschland-und-Oesterreich-stimmen-gegen-UN-Resolution-die-Neonazismus-verurteilt.jpg","width":1280,"height":704,"caption":"Zeitenwende: Deutschland und \u00d6sterreich stimmen gegen UN-Resolution, die Neonazismus verurteilt"},{"@type":"BreadcrumbList","@id":"https:\/\/now-news.de\/de\/deutschland\/zeitenwende-deutschland-und-oesterreich-stimmen-gegen-un-resolution-die-neonazismus-verurteilt\/#breadcrumb","itemListElement":[{"@type":"ListItem","position":1,"name":"Home","item":"https:\/\/now-news.de\/de\/"},{"@type":"ListItem","position":2,"name":"Zeitenwende: Deutschland und \u00d6sterreich stimmen gegen UN-Resolution, die Neonazismus verurteilt"}]},{"@type":"WebSite","@id":"https:\/\/now-news.de\/de\/#website","url":"https:\/\/now-news.de\/de\/","name":"just-now.NEWS Deutschland","description":"Das Portal f\u00fcr unzensierte Nachrichten aus der Welt","publisher":{"@id":"https:\/\/now-news.de\/de\/#organization"},"potentialAction":[{"@type":"SearchAction","target":{"@type":"EntryPoint","urlTemplate":"https:\/\/now-news.de\/de\/?s={search_term_string}"},"query-input":"required name=search_term_string"}],"inLanguage":"de"},{"@type":"Organization","@id":"https:\/\/now-news.de\/de\/#organization","name":"Just Now News","url":"https:\/\/now-news.de\/de\/","logo":{"@type":"ImageObject","inLanguage":"de","@id":"https:\/\/now-news.de\/de\/#\/schema\/logo\/image\/","url":"http:\/\/just-now.news\/de\/wp-content\/uploads\/sites\/3\/2022\/04\/logo500x500.jpg","contentUrl":"http:\/\/just-now.news\/de\/wp-content\/uploads\/sites\/3\/2022\/04\/logo500x500.jpg","width":500,"height":500,"caption":"Just Now News"},"image":{"@id":"https:\/\/now-news.de\/de\/#\/schema\/logo\/image\/"},"sameAs":["https:\/\/www.facebook.com\/wirmachenauf","https:\/\/x.com\/WirMachenAuf_de"]},{"@type":"Person","@id":"https:\/\/now-news.de\/de\/#\/schema\/person\/fb534a4e865501d8b3285208df34a9b5","name":"rtnews","image":{"@type":"ImageObject","inLanguage":"de","@id":"https:\/\/now-news.de\/de\/#\/schema\/person\/image\/","url":"https:\/\/secure.gravatar.com\/avatar\/82aafea7d8127119dd649515f56e2117?s=96&d=mm&r=g","contentUrl":"https:\/\/secure.gravatar.com\/avatar\/82aafea7d8127119dd649515f56e2117?s=96&d=mm&r=g","caption":"rtnews"},"url":"https:\/\/now-news.de\/de\/author\/rnews\/"}]}},"_links":{"self":[{"href":"https:\/\/now-news.de\/de\/wp-json\/wp\/v2\/posts\/22504"}],"collection":[{"href":"https:\/\/now-news.de\/de\/wp-json\/wp\/v2\/posts"}],"about":[{"href":"https:\/\/now-news.de\/de\/wp-json\/wp\/v2\/types\/post"}],"author":[{"embeddable":true,"href":"https:\/\/now-news.de\/de\/wp-json\/wp\/v2\/users\/3"}],"replies":[{"embeddable":true,"href":"https:\/\/now-news.de\/de\/wp-json\/wp\/v2\/comments?post=22504"}],"version-history":[{"count":0,"href":"https:\/\/now-news.de\/de\/wp-json\/wp\/v2\/posts\/22504\/revisions"}],"wp:featuredmedia":[{"embeddable":true,"href":"https:\/\/now-news.de\/de\/wp-json\/wp\/v2\/media\/22505"}],"wp:attachment":[{"href":"https:\/\/now-news.de\/de\/wp-json\/wp\/v2\/media?parent=22504"}],"wp:term":[{"taxonomy":"category","embeddable":true,"href":"https:\/\/now-news.de\/de\/wp-json\/wp\/v2\/categories?post=22504"},{"taxonomy":"post_tag","embeddable":true,"href":"https:\/\/now-news.de\/de\/wp-json\/wp\/v2\/tags?post=22504"}],"curies":[{"name":"wp","href":"https:\/\/api.w.org\/{rel}","templated":true}]}}