{"id":22477,"date":"2022-11-04T23:29:36","date_gmt":"2022-11-04T21:29:36","guid":{"rendered":"http:\/\/just-now.news\/de\/deutschland\/abberufener-bsi-chef-wehrt-sich-gegen-arbeitsverbot\/"},"modified":"2022-11-04T23:29:36","modified_gmt":"2022-11-04T21:29:36","slug":"abberufener-bsi-chef-wehrt-sich-gegen-arbeitsverbot","status":"publish","type":"post","link":"https:\/\/now-news.de\/de\/deutschland\/abberufener-bsi-chef-wehrt-sich-gegen-arbeitsverbot\/","title":{"rendered":"Abberufener BSI-Chef wehrt sich gegen Arbeitsverbot"},"content":{"rendered":"<p><img decoding=\"async\" src=\"http:\/\/just-now.news\/de\/wp-content\/uploads\/sites\/3\/2022\/11\/636540feb480cc1b916d2e29.jpg\" \/><\/p>\n<div class=\"Text-root Text-type_1 \">\n                Der Chef des Bundesamtes f\u00fcr Sicherheit in der Informationstechnik (BSI), Arne Sch\u00f6nbohm, wurde Mitte Oktober wegen Kontakten zu einem umstrittenen Lobbyverein abberufen. Nun wehrt sich Sch\u00f6nbohm per Eilantrag beim Verwaltungsgericht.\n            <\/div>\n<p><\/p>\n<div class=\"Text-root Text-type_5 ArticleView-text ViewText-root \">\n<p>Der Streit zwischen dem Bundesinnenministerium und dem abberufenen Pr\u00e4sidenten des Bundesamtes f\u00fcr Sicherheit in der Informationstechnik (BSI), Arne Sch\u00f6nbohm, geht in die n\u00e4chste Runde: Sch\u00f6nbohm hat laut einem Bericht des <em>Spiegel\u00a0<\/em>beim Verwaltungsgericht K\u00f6ln einen Eilantrag gegen sein Arbeitsverbot eingereicht. Sch\u00f6nbohms Anw\u00e4lte bestreiten in dem rund 50-seitigen Schreiben demnach die vom Bundesinnenministerium erhobenen Vorw\u00fcrfe. Das K\u00f6lner Gericht habe dem Ministerium eine zweiw\u00f6chige Frist zur Stellungnahme einger\u00e4umt.<\/p>\n<p>Mitte Oktober hatte Bundesinnenministerin Nancy Faeser (SPD) Sch\u00f6nbohm die F\u00fchrung der Dienstgesch\u00e4fte mit sofortiger Wirkung untersagt. Der Beh\u00f6rdenchef soll wiederholt Kontakte zu einem Verein mit angeblichen Verbindungen zu russischen Geheimdienstkreisen gehabt haben. Das Bundesinnenministerium hatte Sch\u00f6nbohm neben einem besch\u00e4digten Vertrauensverh\u00e4ltnis vorgehalten, gegen Weisungen versto\u00dfen und sich nicht ausreichend abgestimmt zu haben.<\/p>\n<p>Sch\u00f6nbohm hatte daraufhin um ein Disziplinarverfahren f\u00fcr sich selbst gebeten, um das Ministerium unter Zugzwang zu setzen und zum Nachweis f\u00fcr konkrete Vorw\u00fcrfe zu zwingen. Beamten kann zwar die Ausf\u00fchrung der Dienstgesch\u00e4fte verboten werden. Gem\u00e4\u00df Beamtenrecht erlischt das Verbot allerdings, &#8220;wenn nicht bis zum Ablauf von drei Monaten gegen die Beamtin oder den Beamten ein Disziplinarverfahren oder ein sonstiges auf R\u00fccknahme der Ernennung oder auf Beendigung des Beamtenverh\u00e4ltnisses gerichtetes Verfahren eingeleitet worden ist&#8221;.<\/p>\n<p>Ins Rollen kam die Kampagne gegen Sch\u00f6nbohm nach einem Beitrag in der &#8220;Satire&#8221;-Sendung <em>ZDF Magazin Royale<\/em> von Jan B\u00f6hmermann, obwohl die Vorw\u00fcrfe gegen den BSI-Chef und dessen N\u00e4he zum Verein Cybersicherheitsrat Deutschland e.V. seit L\u00e4ngerem bekannt sind.<\/p>\n<p><strong>Mehr zum Thema &#8211;<\/strong>\u00a0<a rel=\"nofollow noopener\" target=\"_blank\" href=\"https:\/\/test.rtde.tech\/inland\/151199-jan-bohmermanns-russen-riecherei-bsi\/\">Jan B\u00f6hmermanns Russen-Riecherei: BSI-Chef Arne Sch\u00f6nbohm wird auf blo\u00dfen Verdacht hin abserviert<\/a><\/p>\n<\/p>\n<\/div>\n<p><br \/>\n<br \/><a href=\"https:\/\/de.rt.com\/inland\/153458-abberufener-bsi-chef-wehrt-sich\/\">Source link <\/a><\/p>\n","protected":false},"excerpt":{"rendered":"<p>Der Chef des Bundesamtes f\u00fcr Sicherheit in der Informationstechnik (BSI), Arne Sch\u00f6nbohm, wurde Mitte Oktober wegen Kontakten zu einem umstrittenen Lobbyverein abberufen. Nun wehrt sich Sch\u00f6nbohm per Eilantrag beim Verwaltungsgericht. Der Streit zwischen dem Bundesinnenministerium und dem abberufenen Pr\u00e4sidenten des Bundesamtes f\u00fcr Sicherheit in der Informationstechnik (BSI), Arne Sch\u00f6nbohm, geht in die n\u00e4chste Runde: Sch\u00f6nbohm [&hellip;]<\/p>\n","protected":false},"author":3,"featured_media":22478,"comment_status":"open","ping_status":"open","sticky":false,"template":"","format":"standard","meta":{"wp_automatic_camp":["217"],"999564fc2f7870bb544e6ce55552a576":["Abberufener BSI-Chef wehrt sich gegen Arbeitsverbot"],"original_link":["https:\/\/de.rt.com\/inland\/153458-abberufener-bsi-chef-wehrt-sich\/"],"_thumbnail_id":["22478"],"_wptg_p2tg_sent2tg":["2022-11-04 23:43:45"],"jnews_social_counter_last_update":["1777313065"]},"categories":[19,23],"tags":[35359,35360,34165,278,434,10521],"yoast_head":"<!-- This site is optimized with the Yoast SEO Premium plugin v22.7 (Yoast SEO v22.7) - https:\/\/yoast.com\/wordpress\/plugins\/seo\/ -->\n<title>Abberufener BSI-Chef wehrt sich gegen Arbeitsverbot - just-now.NEWS Deutschland<\/title>\n<meta name=\"robots\" content=\"index, follow, max-snippet:-1, max-image-preview:large, max-video-preview:-1\" \/>\n<link rel=\"canonical\" href=\"https:\/\/now-news.de\/de\/deutschland\/abberufener-bsi-chef-wehrt-sich-gegen-arbeitsverbot\/\" \/>\n<meta property=\"og:locale\" content=\"de_DE\" \/>\n<meta property=\"og:type\" content=\"article\" \/>\n<meta property=\"og:title\" content=\"Abberufener BSI-Chef wehrt sich gegen Arbeitsverbot\" \/>\n<meta property=\"og:description\" content=\"Der Chef des Bundesamtes f\u00fcr Sicherheit in der Informationstechnik (BSI), Arne Sch\u00f6nbohm, wurde Mitte Oktober wegen Kontakten zu einem umstrittenen Lobbyverein abberufen. Nun wehrt sich Sch\u00f6nbohm per Eilantrag beim Verwaltungsgericht. Der Streit zwischen dem Bundesinnenministerium und dem abberufenen Pr\u00e4sidenten des Bundesamtes f\u00fcr Sicherheit in der Informationstechnik (BSI), Arne Sch\u00f6nbohm, geht in die n\u00e4chste Runde: Sch\u00f6nbohm [&hellip;]\" \/>\n<meta property=\"og:url\" content=\"https:\/\/now-news.de\/de\/deutschland\/abberufener-bsi-chef-wehrt-sich-gegen-arbeitsverbot\/\" \/>\n<meta property=\"og:site_name\" content=\"just-now.NEWS Deutschland\" \/>\n<meta property=\"article:publisher\" content=\"https:\/\/www.facebook.com\/wirmachenauf\" \/>\n<meta property=\"article:published_time\" content=\"2022-11-04T21:29:36+00:00\" \/>\n<meta property=\"og:image\" content=\"https:\/\/now-news.de\/de\/wp-content\/uploads\/sites\/3\/2022\/11\/Abberufener-BSI-Chef-wehrt-sich-gegen-Arbeitsverbot.jpg\" \/>\n\t<meta property=\"og:image:width\" content=\"460\" \/>\n\t<meta property=\"og:image:height\" content=\"259\" \/>\n\t<meta property=\"og:image:type\" content=\"image\/jpeg\" \/>\n<meta name=\"author\" content=\"rtnews\" \/>\n<meta name=\"twitter:card\" content=\"summary_large_image\" \/>\n<meta name=\"twitter:creator\" content=\"@WirMachenAuf_de\" \/>\n<meta name=\"twitter:site\" content=\"@WirMachenAuf_de\" \/>\n<meta name=\"twitter:label1\" content=\"Verfasst von\" \/>\n\t<meta name=\"twitter:data1\" content=\"rtnews\" \/>\n\t<meta name=\"twitter:label2\" content=\"Gesch\u00e4tzte Lesezeit\" \/>\n\t<meta name=\"twitter:data2\" content=\"2\u00a0Minuten\" \/>\n<script type=\"application\/ld+json\" class=\"yoast-schema-graph\">{\"@context\":\"https:\/\/schema.org\",\"@graph\":[{\"@type\":\"Article\",\"@id\":\"https:\/\/now-news.de\/de\/deutschland\/abberufener-bsi-chef-wehrt-sich-gegen-arbeitsverbot\/#article\",\"isPartOf\":{\"@id\":\"https:\/\/now-news.de\/de\/deutschland\/abberufener-bsi-chef-wehrt-sich-gegen-arbeitsverbot\/\"},\"author\":{\"name\":\"rtnews\",\"@id\":\"https:\/\/now-news.de\/de\/#\/schema\/person\/fb534a4e865501d8b3285208df34a9b5\"},\"headline\":\"Abberufener BSI-Chef wehrt sich gegen Arbeitsverbot\",\"datePublished\":\"2022-11-04T21:29:36+00:00\",\"dateModified\":\"2022-11-04T21:29:36+00:00\",\"mainEntityOfPage\":{\"@id\":\"https:\/\/now-news.de\/de\/deutschland\/abberufener-bsi-chef-wehrt-sich-gegen-arbeitsverbot\/\"},\"wordCount\":323,\"commentCount\":0,\"publisher\":{\"@id\":\"https:\/\/now-news.de\/de\/#organization\"},\"image\":{\"@id\":\"https:\/\/now-news.de\/de\/deutschland\/abberufener-bsi-chef-wehrt-sich-gegen-arbeitsverbot\/#primaryimage\"},\"thumbnailUrl\":\"https:\/\/now-news.de\/de\/wp-content\/uploads\/sites\/3\/2022\/11\/Abberufener-BSI-Chef-wehrt-sich-gegen-Arbeitsverbot.jpg\",\"keywords\":[\"Abberufener\",\"Arbeitsverbot\",\"BSIChef\",\"gegen\",\"sich\",\"wehrt\"],\"articleSection\":[\"Deutschland\",\"Russland\"],\"inLanguage\":\"de\",\"potentialAction\":[{\"@type\":\"CommentAction\",\"name\":\"Comment\",\"target\":[\"https:\/\/now-news.de\/de\/deutschland\/abberufener-bsi-chef-wehrt-sich-gegen-arbeitsverbot\/#respond\"]}]},{\"@type\":\"WebPage\",\"@id\":\"https:\/\/now-news.de\/de\/deutschland\/abberufener-bsi-chef-wehrt-sich-gegen-arbeitsverbot\/\",\"url\":\"https:\/\/now-news.de\/de\/deutschland\/abberufener-bsi-chef-wehrt-sich-gegen-arbeitsverbot\/\",\"name\":\"Abberufener BSI-Chef wehrt sich gegen Arbeitsverbot - just-now.NEWS Deutschland\",\"isPartOf\":{\"@id\":\"https:\/\/now-news.de\/de\/#website\"},\"primaryImageOfPage\":{\"@id\":\"https:\/\/now-news.de\/de\/deutschland\/abberufener-bsi-chef-wehrt-sich-gegen-arbeitsverbot\/#primaryimage\"},\"image\":{\"@id\":\"https:\/\/now-news.de\/de\/deutschland\/abberufener-bsi-chef-wehrt-sich-gegen-arbeitsverbot\/#primaryimage\"},\"thumbnailUrl\":\"https:\/\/now-news.de\/de\/wp-content\/uploads\/sites\/3\/2022\/11\/Abberufener-BSI-Chef-wehrt-sich-gegen-Arbeitsverbot.jpg\",\"datePublished\":\"2022-11-04T21:29:36+00:00\",\"dateModified\":\"2022-11-04T21:29:36+00:00\",\"breadcrumb\":{\"@id\":\"https:\/\/now-news.de\/de\/deutschland\/abberufener-bsi-chef-wehrt-sich-gegen-arbeitsverbot\/#breadcrumb\"},\"inLanguage\":\"de\",\"potentialAction\":[{\"@type\":\"ReadAction\",\"target\":[\"https:\/\/now-news.de\/de\/deutschland\/abberufener-bsi-chef-wehrt-sich-gegen-arbeitsverbot\/\"]}]},{\"@type\":\"ImageObject\",\"inLanguage\":\"de\",\"@id\":\"https:\/\/now-news.de\/de\/deutschland\/abberufener-bsi-chef-wehrt-sich-gegen-arbeitsverbot\/#primaryimage\",\"url\":\"https:\/\/now-news.de\/de\/wp-content\/uploads\/sites\/3\/2022\/11\/Abberufener-BSI-Chef-wehrt-sich-gegen-Arbeitsverbot.jpg\",\"contentUrl\":\"https:\/\/now-news.de\/de\/wp-content\/uploads\/sites\/3\/2022\/11\/Abberufener-BSI-Chef-wehrt-sich-gegen-Arbeitsverbot.jpg\",\"width\":460,\"height\":259,\"caption\":\"Abberufener BSI-Chef wehrt sich gegen Arbeitsverbot\"},{\"@type\":\"BreadcrumbList\",\"@id\":\"https:\/\/now-news.de\/de\/deutschland\/abberufener-bsi-chef-wehrt-sich-gegen-arbeitsverbot\/#breadcrumb\",\"itemListElement\":[{\"@type\":\"ListItem\",\"position\":1,\"name\":\"Home\",\"item\":\"https:\/\/now-news.de\/de\/\"},{\"@type\":\"ListItem\",\"position\":2,\"name\":\"Abberufener BSI-Chef wehrt sich gegen Arbeitsverbot\"}]},{\"@type\":\"WebSite\",\"@id\":\"https:\/\/now-news.de\/de\/#website\",\"url\":\"https:\/\/now-news.de\/de\/\",\"name\":\"just-now.NEWS Deutschland\",\"description\":\"Das Portal f\u00fcr unzensierte Nachrichten aus der Welt\",\"publisher\":{\"@id\":\"https:\/\/now-news.de\/de\/#organization\"},\"potentialAction\":[{\"@type\":\"SearchAction\",\"target\":{\"@type\":\"EntryPoint\",\"urlTemplate\":\"https:\/\/now-news.de\/de\/?s={search_term_string}\"},\"query-input\":\"required name=search_term_string\"}],\"inLanguage\":\"de\"},{\"@type\":\"Organization\",\"@id\":\"https:\/\/now-news.de\/de\/#organization\",\"name\":\"Just Now News\",\"url\":\"https:\/\/now-news.de\/de\/\",\"logo\":{\"@type\":\"ImageObject\",\"inLanguage\":\"de\",\"@id\":\"https:\/\/now-news.de\/de\/#\/schema\/logo\/image\/\",\"url\":\"http:\/\/just-now.news\/de\/wp-content\/uploads\/sites\/3\/2022\/04\/logo500x500.jpg\",\"contentUrl\":\"http:\/\/just-now.news\/de\/wp-content\/uploads\/sites\/3\/2022\/04\/logo500x500.jpg\",\"width\":500,\"height\":500,\"caption\":\"Just Now News\"},\"image\":{\"@id\":\"https:\/\/now-news.de\/de\/#\/schema\/logo\/image\/\"},\"sameAs\":[\"https:\/\/www.facebook.com\/wirmachenauf\",\"https:\/\/x.com\/WirMachenAuf_de\"]},{\"@type\":\"Person\",\"@id\":\"https:\/\/now-news.de\/de\/#\/schema\/person\/fb534a4e865501d8b3285208df34a9b5\",\"name\":\"rtnews\",\"image\":{\"@type\":\"ImageObject\",\"inLanguage\":\"de\",\"@id\":\"https:\/\/now-news.de\/de\/#\/schema\/person\/image\/\",\"url\":\"https:\/\/secure.gravatar.com\/avatar\/82aafea7d8127119dd649515f56e2117?s=96&d=mm&r=g\",\"contentUrl\":\"https:\/\/secure.gravatar.com\/avatar\/82aafea7d8127119dd649515f56e2117?s=96&d=mm&r=g\",\"caption\":\"rtnews\"},\"url\":\"https:\/\/now-news.de\/de\/author\/rnews\/\"}]}<\/script>\n<!-- \/ Yoast SEO Premium plugin. -->","yoast_head_json":{"title":"Abberufener BSI-Chef wehrt sich gegen Arbeitsverbot - just-now.NEWS Deutschland","robots":{"index":"index","follow":"follow","max-snippet":"max-snippet:-1","max-image-preview":"max-image-preview:large","max-video-preview":"max-video-preview:-1"},"canonical":"https:\/\/now-news.de\/de\/deutschland\/abberufener-bsi-chef-wehrt-sich-gegen-arbeitsverbot\/","og_locale":"de_DE","og_type":"article","og_title":"Abberufener BSI-Chef wehrt sich gegen Arbeitsverbot","og_description":"Der Chef des Bundesamtes f\u00fcr Sicherheit in der Informationstechnik (BSI), Arne Sch\u00f6nbohm, wurde Mitte Oktober wegen Kontakten zu einem umstrittenen Lobbyverein abberufen. Nun wehrt sich Sch\u00f6nbohm per Eilantrag beim Verwaltungsgericht. Der Streit zwischen dem Bundesinnenministerium und dem abberufenen Pr\u00e4sidenten des Bundesamtes f\u00fcr Sicherheit in der Informationstechnik (BSI), Arne Sch\u00f6nbohm, geht in die n\u00e4chste Runde: Sch\u00f6nbohm [&hellip;]","og_url":"https:\/\/now-news.de\/de\/deutschland\/abberufener-bsi-chef-wehrt-sich-gegen-arbeitsverbot\/","og_site_name":"just-now.NEWS Deutschland","article_publisher":"https:\/\/www.facebook.com\/wirmachenauf","article_published_time":"2022-11-04T21:29:36+00:00","og_image":[{"width":460,"height":259,"url":"https:\/\/now-news.de\/de\/wp-content\/uploads\/sites\/3\/2022\/11\/Abberufener-BSI-Chef-wehrt-sich-gegen-Arbeitsverbot.jpg","type":"image\/jpeg"}],"author":"rtnews","twitter_card":"summary_large_image","twitter_creator":"@WirMachenAuf_de","twitter_site":"@WirMachenAuf_de","twitter_misc":{"Verfasst von":"rtnews","Gesch\u00e4tzte Lesezeit":"2\u00a0Minuten"},"schema":{"@context":"https:\/\/schema.org","@graph":[{"@type":"Article","@id":"https:\/\/now-news.de\/de\/deutschland\/abberufener-bsi-chef-wehrt-sich-gegen-arbeitsverbot\/#article","isPartOf":{"@id":"https:\/\/now-news.de\/de\/deutschland\/abberufener-bsi-chef-wehrt-sich-gegen-arbeitsverbot\/"},"author":{"name":"rtnews","@id":"https:\/\/now-news.de\/de\/#\/schema\/person\/fb534a4e865501d8b3285208df34a9b5"},"headline":"Abberufener BSI-Chef wehrt sich gegen Arbeitsverbot","datePublished":"2022-11-04T21:29:36+00:00","dateModified":"2022-11-04T21:29:36+00:00","mainEntityOfPage":{"@id":"https:\/\/now-news.de\/de\/deutschland\/abberufener-bsi-chef-wehrt-sich-gegen-arbeitsverbot\/"},"wordCount":323,"commentCount":0,"publisher":{"@id":"https:\/\/now-news.de\/de\/#organization"},"image":{"@id":"https:\/\/now-news.de\/de\/deutschland\/abberufener-bsi-chef-wehrt-sich-gegen-arbeitsverbot\/#primaryimage"},"thumbnailUrl":"https:\/\/now-news.de\/de\/wp-content\/uploads\/sites\/3\/2022\/11\/Abberufener-BSI-Chef-wehrt-sich-gegen-Arbeitsverbot.jpg","keywords":["Abberufener","Arbeitsverbot","BSIChef","gegen","sich","wehrt"],"articleSection":["Deutschland","Russland"],"inLanguage":"de","potentialAction":[{"@type":"CommentAction","name":"Comment","target":["https:\/\/now-news.de\/de\/deutschland\/abberufener-bsi-chef-wehrt-sich-gegen-arbeitsverbot\/#respond"]}]},{"@type":"WebPage","@id":"https:\/\/now-news.de\/de\/deutschland\/abberufener-bsi-chef-wehrt-sich-gegen-arbeitsverbot\/","url":"https:\/\/now-news.de\/de\/deutschland\/abberufener-bsi-chef-wehrt-sich-gegen-arbeitsverbot\/","name":"Abberufener BSI-Chef wehrt sich gegen Arbeitsverbot - just-now.NEWS Deutschland","isPartOf":{"@id":"https:\/\/now-news.de\/de\/#website"},"primaryImageOfPage":{"@id":"https:\/\/now-news.de\/de\/deutschland\/abberufener-bsi-chef-wehrt-sich-gegen-arbeitsverbot\/#primaryimage"},"image":{"@id":"https:\/\/now-news.de\/de\/deutschland\/abberufener-bsi-chef-wehrt-sich-gegen-arbeitsverbot\/#primaryimage"},"thumbnailUrl":"https:\/\/now-news.de\/de\/wp-content\/uploads\/sites\/3\/2022\/11\/Abberufener-BSI-Chef-wehrt-sich-gegen-Arbeitsverbot.jpg","datePublished":"2022-11-04T21:29:36+00:00","dateModified":"2022-11-04T21:29:36+00:00","breadcrumb":{"@id":"https:\/\/now-news.de\/de\/deutschland\/abberufener-bsi-chef-wehrt-sich-gegen-arbeitsverbot\/#breadcrumb"},"inLanguage":"de","potentialAction":[{"@type":"ReadAction","target":["https:\/\/now-news.de\/de\/deutschland\/abberufener-bsi-chef-wehrt-sich-gegen-arbeitsverbot\/"]}]},{"@type":"ImageObject","inLanguage":"de","@id":"https:\/\/now-news.de\/de\/deutschland\/abberufener-bsi-chef-wehrt-sich-gegen-arbeitsverbot\/#primaryimage","url":"https:\/\/now-news.de\/de\/wp-content\/uploads\/sites\/3\/2022\/11\/Abberufener-BSI-Chef-wehrt-sich-gegen-Arbeitsverbot.jpg","contentUrl":"https:\/\/now-news.de\/de\/wp-content\/uploads\/sites\/3\/2022\/11\/Abberufener-BSI-Chef-wehrt-sich-gegen-Arbeitsverbot.jpg","width":460,"height":259,"caption":"Abberufener BSI-Chef wehrt sich gegen Arbeitsverbot"},{"@type":"BreadcrumbList","@id":"https:\/\/now-news.de\/de\/deutschland\/abberufener-bsi-chef-wehrt-sich-gegen-arbeitsverbot\/#breadcrumb","itemListElement":[{"@type":"ListItem","position":1,"name":"Home","item":"https:\/\/now-news.de\/de\/"},{"@type":"ListItem","position":2,"name":"Abberufener BSI-Chef wehrt sich gegen Arbeitsverbot"}]},{"@type":"WebSite","@id":"https:\/\/now-news.de\/de\/#website","url":"https:\/\/now-news.de\/de\/","name":"just-now.NEWS Deutschland","description":"Das Portal f\u00fcr unzensierte Nachrichten aus der Welt","publisher":{"@id":"https:\/\/now-news.de\/de\/#organization"},"potentialAction":[{"@type":"SearchAction","target":{"@type":"EntryPoint","urlTemplate":"https:\/\/now-news.de\/de\/?s={search_term_string}"},"query-input":"required name=search_term_string"}],"inLanguage":"de"},{"@type":"Organization","@id":"https:\/\/now-news.de\/de\/#organization","name":"Just Now News","url":"https:\/\/now-news.de\/de\/","logo":{"@type":"ImageObject","inLanguage":"de","@id":"https:\/\/now-news.de\/de\/#\/schema\/logo\/image\/","url":"http:\/\/just-now.news\/de\/wp-content\/uploads\/sites\/3\/2022\/04\/logo500x500.jpg","contentUrl":"http:\/\/just-now.news\/de\/wp-content\/uploads\/sites\/3\/2022\/04\/logo500x500.jpg","width":500,"height":500,"caption":"Just Now News"},"image":{"@id":"https:\/\/now-news.de\/de\/#\/schema\/logo\/image\/"},"sameAs":["https:\/\/www.facebook.com\/wirmachenauf","https:\/\/x.com\/WirMachenAuf_de"]},{"@type":"Person","@id":"https:\/\/now-news.de\/de\/#\/schema\/person\/fb534a4e865501d8b3285208df34a9b5","name":"rtnews","image":{"@type":"ImageObject","inLanguage":"de","@id":"https:\/\/now-news.de\/de\/#\/schema\/person\/image\/","url":"https:\/\/secure.gravatar.com\/avatar\/82aafea7d8127119dd649515f56e2117?s=96&d=mm&r=g","contentUrl":"https:\/\/secure.gravatar.com\/avatar\/82aafea7d8127119dd649515f56e2117?s=96&d=mm&r=g","caption":"rtnews"},"url":"https:\/\/now-news.de\/de\/author\/rnews\/"}]}},"_links":{"self":[{"href":"https:\/\/now-news.de\/de\/wp-json\/wp\/v2\/posts\/22477"}],"collection":[{"href":"https:\/\/now-news.de\/de\/wp-json\/wp\/v2\/posts"}],"about":[{"href":"https:\/\/now-news.de\/de\/wp-json\/wp\/v2\/types\/post"}],"author":[{"embeddable":true,"href":"https:\/\/now-news.de\/de\/wp-json\/wp\/v2\/users\/3"}],"replies":[{"embeddable":true,"href":"https:\/\/now-news.de\/de\/wp-json\/wp\/v2\/comments?post=22477"}],"version-history":[{"count":0,"href":"https:\/\/now-news.de\/de\/wp-json\/wp\/v2\/posts\/22477\/revisions"}],"wp:featuredmedia":[{"embeddable":true,"href":"https:\/\/now-news.de\/de\/wp-json\/wp\/v2\/media\/22478"}],"wp:attachment":[{"href":"https:\/\/now-news.de\/de\/wp-json\/wp\/v2\/media?parent=22477"}],"wp:term":[{"taxonomy":"category","embeddable":true,"href":"https:\/\/now-news.de\/de\/wp-json\/wp\/v2\/categories?post=22477"},{"taxonomy":"post_tag","embeddable":true,"href":"https:\/\/now-news.de\/de\/wp-json\/wp\/v2\/tags?post=22477"}],"curies":[{"name":"wp","href":"https:\/\/api.w.org\/{rel}","templated":true}]}}