{"id":22467,"date":"2022-11-04T21:08:35","date_gmt":"2022-11-04T19:08:35","guid":{"rendered":"http:\/\/just-now.news\/de\/deutschland\/buero-mit-ueppiger-ausstattung-ampel-mahnt-altkanzlerin-merkel-zur-sparsamkeit\/"},"modified":"2022-11-04T21:08:35","modified_gmt":"2022-11-04T19:08:35","slug":"buero-mit-ueppiger-ausstattung-ampel-mahnt-altkanzlerin-merkel-zur-sparsamkeit","status":"publish","type":"post","link":"https:\/\/now-news.de\/de\/deutschland\/buero-mit-ueppiger-ausstattung-ampel-mahnt-altkanzlerin-merkel-zur-sparsamkeit\/","title":{"rendered":"B\u00fcro mit \u00fcppiger Ausstattung: Ampel mahnt Altkanzlerin Merkel zur Sparsamkeit"},"content":{"rendered":"<p><img decoding=\"async\" src=\"http:\/\/just-now.news\/de\/wp-content\/uploads\/sites\/3\/2022\/11\/63652e33b480cc204c7cf26e.jpg\" \/><\/p>\n<div class=\"Text-root Text-type_1 \">\n                Die \u00fcppige Ausstattung des B\u00fcros von Altkanzlerin Angela Merkel sorgt f\u00fcr Kritik. Mittlerweile wurde Merkel selbst von der Ampel-Koalition auf die Grenzen ihrer Privilegien hingewiesen. Dabei ging es auch um Reisekosten.\n            <\/div>\n<p><\/p>\n<div class=\"Text-root Text-type_5 ArticleView-text ViewText-root \">\n<p>Fast ein Jahr ist seit dem Regierungswechsel in Deutschland vergangen, doch\u00a0die ehemalige Bundeskanzlerin Angela Merkel (CDU) sorgt noch einmal f\u00fcr Schlagzeilen. Die Ampel-Koalition h\u00e4tte Merkel ermahnt, in Zusammenhang mit ihrem B\u00fcro auf die Kosten zu achten. Es soll Gespr\u00e4che zwischen dem Kanzleramt und der B\u00fcroleitung gegeben haben, die sich &#8220;auch auf die bedarfsgerechte Personalausstattung bezogen&#8221;, wie es in einem dem <em>Spiegel<\/em> vorliegenden Bericht des Finanzministeriums an den Haushaltsausschuss des Bundestags hei\u00dft.<\/p>\n<p>In dem Bericht hei\u00dft es weiter, man habe deutlich gemacht, dass ein solches B\u00fcro nicht &#8220;statusbezogen&#8221;, sondern zur &#8220;Erf\u00fcllung nachamtlicher Aufgaben und fortwirkender Verpflichtungen&#8221; eingerichtet wird und &#8220;ins\u00adbesondere eine Nutzung f\u00fcr private Zwecke und zur Erzielung von zus\u00e4tzlichen Eink\u00fcnften ausgeschlossen ist&#8221;. Auch die Erstattung von Reisekosten komme nur dann in Betracht, &#8220;wenn die Bundeskanzlerin a.\u2009D. im Auftrag und Interesse der Bundesrepu\u00adblik Deutschland reist&#8221;.<\/p>\n<p>Schon vor Monaten stie\u00df die \u00fcppige Ausstattung von Merkels B\u00fcro mit neun Mitarbeitern auf Kritik. Das B\u00fcro von Merkels Vorg\u00e4nger, Altkanzler Gerhard Schr\u00f6der, soll wegen seiner russlandfreundlichen Position sogar ganz aufgel\u00f6st werden. Einige Politiker wie Gesine L\u00f6tzsch (Die Linke) fordern hingegen, das Privileg f\u00fcr s\u00e4mtliche ehemalige Regierungschefs zu \u00fcberdenken. Diese brauchen keinen &#8220;Hofstaat auf Lebenszeit&#8221;. &#8220;Sollten wirklich einmal B\u00fcrot\u00e4tigkeiten anfallen, k\u00f6nnten die auch \u00fcber die Bundestagsverwaltung abgewickelt werden&#8221;, meinte L\u00f6tzsch.<\/p>\n<p>Bereits 2019 haben Union, SPD und FPD in einem gemeinsamen Antrag beschlossen, Umfang und Ausstattung der Altkanzlerb\u00fcros zu reduzieren. Demnach sollten den Ex-Regierungschefs k\u00fcnftig ma\u00adxi\u00admal ein B\u00fc\u00adro\u00adlei\u00adter, zwei Re\u00adfe\u00adren\u00adten, eine B\u00fcro- oder Schreib\u00adkraft und ein &#8220;Chef\u00adkraft\u00adfah\u00adrer&#8221; be\u00adzahlt wer\u00adden. Eine der Re\u00adfe\u00adren\u00adtenstel\u00adlen sollte zudem nach f\u00fcnf Jah\u00adren weg\u00adfal\u00adlen. Merkels B\u00fcro soll deutlich \u00fcber diesen Rahmen hinausgehen.<\/p>\n<p><strong>Mehr zum Thema <\/strong>&#8211;\u00a0<a rel=\"nofollow noopener\" target=\"_blank\" href=\"https:\/\/test.rtde.tech\/inland\/128144-angela-merkel-zieht-in-honeckers-b%C3%BCro\/\">Angela Merkel zieht in &#8220;Margot Honeckers B\u00fcro&#8221;<\/a><\/p>\n<\/div>\n<p><br \/>\n<br \/><a href=\"https:\/\/de.rt.com\/inland\/153450-buro-mit-uppiger-ausstattung-ampel\/\">Source link <\/a><\/p>\n","protected":false},"excerpt":{"rendered":"<p>Die \u00fcppige Ausstattung des B\u00fcros von Altkanzlerin Angela Merkel sorgt f\u00fcr Kritik. Mittlerweile wurde Merkel selbst von der Ampel-Koalition auf die Grenzen ihrer Privilegien hingewiesen. Dabei ging es auch um Reisekosten. Fast ein Jahr ist seit dem Regierungswechsel in Deutschland vergangen, doch\u00a0die ehemalige Bundeskanzlerin Angela Merkel (CDU) sorgt noch einmal f\u00fcr Schlagzeilen. Die Ampel-Koalition h\u00e4tte [&hellip;]<\/p>\n","protected":false},"author":3,"featured_media":22468,"comment_status":"open","ping_status":"open","sticky":false,"template":"","format":"standard","meta":{"wp_automatic_camp":["217"],"57baea317bdd7b231ec7b0403d92c90e":["B\u00fcro mit \u00fcppiger Ausstattung: Ampel mahnt Altkanzlerin Merkel zur Sparsamkeit"],"original_link":["https:\/\/de.rt.com\/inland\/153450-buro-mit-uppiger-ausstattung-ampel\/"],"_thumbnail_id":["22468"],"_wptg_p2tg_sent2tg":["2022-11-04 21:19:49"],"jnews_social_counter_last_update":["1777270111"]},"categories":[19,23],"tags":[35350,20367,35349,15534,20708,55,419,35351,35348,581],"yoast_head":"<!-- This site is optimized with the Yoast SEO Premium plugin v22.7 (Yoast SEO v22.7) - https:\/\/yoast.com\/wordpress\/plugins\/seo\/ -->\n<title>B\u00fcro mit \u00fcppiger Ausstattung: Ampel mahnt Altkanzlerin Merkel zur Sparsamkeit - just-now.NEWS Deutschland<\/title>\n<meta name=\"robots\" content=\"index, follow, max-snippet:-1, max-image-preview:large, max-video-preview:-1\" \/>\n<link rel=\"canonical\" href=\"https:\/\/now-news.de\/de\/deutschland\/buero-mit-ueppiger-ausstattung-ampel-mahnt-altkanzlerin-merkel-zur-sparsamkeit\/\" \/>\n<meta property=\"og:locale\" content=\"de_DE\" \/>\n<meta property=\"og:type\" content=\"article\" \/>\n<meta property=\"og:title\" content=\"B\u00fcro mit \u00fcppiger Ausstattung: Ampel mahnt Altkanzlerin Merkel zur Sparsamkeit\" \/>\n<meta property=\"og:description\" content=\"Die \u00fcppige Ausstattung des B\u00fcros von Altkanzlerin Angela Merkel sorgt f\u00fcr Kritik. Mittlerweile wurde Merkel selbst von der Ampel-Koalition auf die Grenzen ihrer Privilegien hingewiesen. Dabei ging es auch um Reisekosten. Fast ein Jahr ist seit dem Regierungswechsel in Deutschland vergangen, doch\u00a0die ehemalige Bundeskanzlerin Angela Merkel (CDU) sorgt noch einmal f\u00fcr Schlagzeilen. Die Ampel-Koalition h\u00e4tte [&hellip;]\" \/>\n<meta property=\"og:url\" content=\"https:\/\/now-news.de\/de\/deutschland\/buero-mit-ueppiger-ausstattung-ampel-mahnt-altkanzlerin-merkel-zur-sparsamkeit\/\" \/>\n<meta property=\"og:site_name\" content=\"just-now.NEWS Deutschland\" \/>\n<meta property=\"article:publisher\" content=\"https:\/\/www.facebook.com\/wirmachenauf\" \/>\n<meta property=\"article:published_time\" content=\"2022-11-04T19:08:35+00:00\" \/>\n<meta property=\"og:image\" content=\"https:\/\/now-news.de\/de\/wp-content\/uploads\/sites\/3\/2022\/11\/Buero-mit-ueppiger-Ausstattung-Ampel-mahnt-Altkanzlerin-Merkel-zur-Sparsamkeit.jpg\" \/>\n\t<meta property=\"og:image:width\" content=\"460\" \/>\n\t<meta property=\"og:image:height\" content=\"259\" \/>\n\t<meta property=\"og:image:type\" content=\"image\/jpeg\" \/>\n<meta name=\"author\" content=\"rtnews\" \/>\n<meta name=\"twitter:card\" content=\"summary_large_image\" \/>\n<meta name=\"twitter:creator\" content=\"@WirMachenAuf_de\" \/>\n<meta name=\"twitter:site\" content=\"@WirMachenAuf_de\" \/>\n<meta name=\"twitter:label1\" content=\"Verfasst von\" \/>\n\t<meta name=\"twitter:data1\" content=\"rtnews\" \/>\n\t<meta name=\"twitter:label2\" content=\"Gesch\u00e4tzte Lesezeit\" \/>\n\t<meta name=\"twitter:data2\" content=\"2\u00a0Minuten\" \/>\n<script type=\"application\/ld+json\" class=\"yoast-schema-graph\">{\"@context\":\"https:\/\/schema.org\",\"@graph\":[{\"@type\":\"Article\",\"@id\":\"https:\/\/now-news.de\/de\/deutschland\/buero-mit-ueppiger-ausstattung-ampel-mahnt-altkanzlerin-merkel-zur-sparsamkeit\/#article\",\"isPartOf\":{\"@id\":\"https:\/\/now-news.de\/de\/deutschland\/buero-mit-ueppiger-ausstattung-ampel-mahnt-altkanzlerin-merkel-zur-sparsamkeit\/\"},\"author\":{\"name\":\"rtnews\",\"@id\":\"https:\/\/now-news.de\/de\/#\/schema\/person\/fb534a4e865501d8b3285208df34a9b5\"},\"headline\":\"B\u00fcro mit \u00fcppiger Ausstattung: Ampel mahnt Altkanzlerin Merkel zur Sparsamkeit\",\"datePublished\":\"2022-11-04T19:08:35+00:00\",\"dateModified\":\"2022-11-04T19:08:35+00:00\",\"mainEntityOfPage\":{\"@id\":\"https:\/\/now-news.de\/de\/deutschland\/buero-mit-ueppiger-ausstattung-ampel-mahnt-altkanzlerin-merkel-zur-sparsamkeit\/\"},\"wordCount\":371,\"commentCount\":0,\"publisher\":{\"@id\":\"https:\/\/now-news.de\/de\/#organization\"},\"image\":{\"@id\":\"https:\/\/now-news.de\/de\/deutschland\/buero-mit-ueppiger-ausstattung-ampel-mahnt-altkanzlerin-merkel-zur-sparsamkeit\/#primaryimage\"},\"thumbnailUrl\":\"https:\/\/now-news.de\/de\/wp-content\/uploads\/sites\/3\/2022\/11\/Buero-mit-ueppiger-Ausstattung-Ampel-mahnt-Altkanzlerin-Merkel-zur-Sparsamkeit.jpg\",\"keywords\":[\"Altkanzlerin\",\"Ampel\",\"Ausstattung\",\"B\u00fcro\",\"mahnt\",\"Merkel\",\"mit\",\"Sparsamkeit\",\"\u00fcppiger\",\"zur\"],\"articleSection\":[\"Deutschland\",\"Russland\"],\"inLanguage\":\"de\",\"potentialAction\":[{\"@type\":\"CommentAction\",\"name\":\"Comment\",\"target\":[\"https:\/\/now-news.de\/de\/deutschland\/buero-mit-ueppiger-ausstattung-ampel-mahnt-altkanzlerin-merkel-zur-sparsamkeit\/#respond\"]}]},{\"@type\":\"WebPage\",\"@id\":\"https:\/\/now-news.de\/de\/deutschland\/buero-mit-ueppiger-ausstattung-ampel-mahnt-altkanzlerin-merkel-zur-sparsamkeit\/\",\"url\":\"https:\/\/now-news.de\/de\/deutschland\/buero-mit-ueppiger-ausstattung-ampel-mahnt-altkanzlerin-merkel-zur-sparsamkeit\/\",\"name\":\"B\u00fcro mit \u00fcppiger Ausstattung: Ampel mahnt Altkanzlerin Merkel zur Sparsamkeit - just-now.NEWS Deutschland\",\"isPartOf\":{\"@id\":\"https:\/\/now-news.de\/de\/#website\"},\"primaryImageOfPage\":{\"@id\":\"https:\/\/now-news.de\/de\/deutschland\/buero-mit-ueppiger-ausstattung-ampel-mahnt-altkanzlerin-merkel-zur-sparsamkeit\/#primaryimage\"},\"image\":{\"@id\":\"https:\/\/now-news.de\/de\/deutschland\/buero-mit-ueppiger-ausstattung-ampel-mahnt-altkanzlerin-merkel-zur-sparsamkeit\/#primaryimage\"},\"thumbnailUrl\":\"https:\/\/now-news.de\/de\/wp-content\/uploads\/sites\/3\/2022\/11\/Buero-mit-ueppiger-Ausstattung-Ampel-mahnt-Altkanzlerin-Merkel-zur-Sparsamkeit.jpg\",\"datePublished\":\"2022-11-04T19:08:35+00:00\",\"dateModified\":\"2022-11-04T19:08:35+00:00\",\"breadcrumb\":{\"@id\":\"https:\/\/now-news.de\/de\/deutschland\/buero-mit-ueppiger-ausstattung-ampel-mahnt-altkanzlerin-merkel-zur-sparsamkeit\/#breadcrumb\"},\"inLanguage\":\"de\",\"potentialAction\":[{\"@type\":\"ReadAction\",\"target\":[\"https:\/\/now-news.de\/de\/deutschland\/buero-mit-ueppiger-ausstattung-ampel-mahnt-altkanzlerin-merkel-zur-sparsamkeit\/\"]}]},{\"@type\":\"ImageObject\",\"inLanguage\":\"de\",\"@id\":\"https:\/\/now-news.de\/de\/deutschland\/buero-mit-ueppiger-ausstattung-ampel-mahnt-altkanzlerin-merkel-zur-sparsamkeit\/#primaryimage\",\"url\":\"https:\/\/now-news.de\/de\/wp-content\/uploads\/sites\/3\/2022\/11\/Buero-mit-ueppiger-Ausstattung-Ampel-mahnt-Altkanzlerin-Merkel-zur-Sparsamkeit.jpg\",\"contentUrl\":\"https:\/\/now-news.de\/de\/wp-content\/uploads\/sites\/3\/2022\/11\/Buero-mit-ueppiger-Ausstattung-Ampel-mahnt-Altkanzlerin-Merkel-zur-Sparsamkeit.jpg\",\"width\":460,\"height\":259,\"caption\":\"B\u00fcro mit \u00fcppiger Ausstattung: Ampel mahnt Altkanzlerin Merkel zur Sparsamkeit\"},{\"@type\":\"BreadcrumbList\",\"@id\":\"https:\/\/now-news.de\/de\/deutschland\/buero-mit-ueppiger-ausstattung-ampel-mahnt-altkanzlerin-merkel-zur-sparsamkeit\/#breadcrumb\",\"itemListElement\":[{\"@type\":\"ListItem\",\"position\":1,\"name\":\"Home\",\"item\":\"https:\/\/now-news.de\/de\/\"},{\"@type\":\"ListItem\",\"position\":2,\"name\":\"B\u00fcro mit \u00fcppiger Ausstattung: Ampel mahnt Altkanzlerin Merkel zur Sparsamkeit\"}]},{\"@type\":\"WebSite\",\"@id\":\"https:\/\/now-news.de\/de\/#website\",\"url\":\"https:\/\/now-news.de\/de\/\",\"name\":\"just-now.NEWS Deutschland\",\"description\":\"Das Portal f\u00fcr unzensierte Nachrichten aus der Welt\",\"publisher\":{\"@id\":\"https:\/\/now-news.de\/de\/#organization\"},\"potentialAction\":[{\"@type\":\"SearchAction\",\"target\":{\"@type\":\"EntryPoint\",\"urlTemplate\":\"https:\/\/now-news.de\/de\/?s={search_term_string}\"},\"query-input\":\"required name=search_term_string\"}],\"inLanguage\":\"de\"},{\"@type\":\"Organization\",\"@id\":\"https:\/\/now-news.de\/de\/#organization\",\"name\":\"Just Now News\",\"url\":\"https:\/\/now-news.de\/de\/\",\"logo\":{\"@type\":\"ImageObject\",\"inLanguage\":\"de\",\"@id\":\"https:\/\/now-news.de\/de\/#\/schema\/logo\/image\/\",\"url\":\"http:\/\/just-now.news\/de\/wp-content\/uploads\/sites\/3\/2022\/04\/logo500x500.jpg\",\"contentUrl\":\"http:\/\/just-now.news\/de\/wp-content\/uploads\/sites\/3\/2022\/04\/logo500x500.jpg\",\"width\":500,\"height\":500,\"caption\":\"Just Now News\"},\"image\":{\"@id\":\"https:\/\/now-news.de\/de\/#\/schema\/logo\/image\/\"},\"sameAs\":[\"https:\/\/www.facebook.com\/wirmachenauf\",\"https:\/\/x.com\/WirMachenAuf_de\"]},{\"@type\":\"Person\",\"@id\":\"https:\/\/now-news.de\/de\/#\/schema\/person\/fb534a4e865501d8b3285208df34a9b5\",\"name\":\"rtnews\",\"image\":{\"@type\":\"ImageObject\",\"inLanguage\":\"de\",\"@id\":\"https:\/\/now-news.de\/de\/#\/schema\/person\/image\/\",\"url\":\"https:\/\/secure.gravatar.com\/avatar\/82aafea7d8127119dd649515f56e2117?s=96&d=mm&r=g\",\"contentUrl\":\"https:\/\/secure.gravatar.com\/avatar\/82aafea7d8127119dd649515f56e2117?s=96&d=mm&r=g\",\"caption\":\"rtnews\"},\"url\":\"https:\/\/now-news.de\/de\/author\/rnews\/\"}]}<\/script>\n<!-- \/ Yoast SEO Premium plugin. -->","yoast_head_json":{"title":"B\u00fcro mit \u00fcppiger Ausstattung: Ampel mahnt Altkanzlerin Merkel zur Sparsamkeit - just-now.NEWS Deutschland","robots":{"index":"index","follow":"follow","max-snippet":"max-snippet:-1","max-image-preview":"max-image-preview:large","max-video-preview":"max-video-preview:-1"},"canonical":"https:\/\/now-news.de\/de\/deutschland\/buero-mit-ueppiger-ausstattung-ampel-mahnt-altkanzlerin-merkel-zur-sparsamkeit\/","og_locale":"de_DE","og_type":"article","og_title":"B\u00fcro mit \u00fcppiger Ausstattung: Ampel mahnt Altkanzlerin Merkel zur Sparsamkeit","og_description":"Die \u00fcppige Ausstattung des B\u00fcros von Altkanzlerin Angela Merkel sorgt f\u00fcr Kritik. Mittlerweile wurde Merkel selbst von der Ampel-Koalition auf die Grenzen ihrer Privilegien hingewiesen. Dabei ging es auch um Reisekosten. Fast ein Jahr ist seit dem Regierungswechsel in Deutschland vergangen, doch\u00a0die ehemalige Bundeskanzlerin Angela Merkel (CDU) sorgt noch einmal f\u00fcr Schlagzeilen. Die Ampel-Koalition h\u00e4tte [&hellip;]","og_url":"https:\/\/now-news.de\/de\/deutschland\/buero-mit-ueppiger-ausstattung-ampel-mahnt-altkanzlerin-merkel-zur-sparsamkeit\/","og_site_name":"just-now.NEWS Deutschland","article_publisher":"https:\/\/www.facebook.com\/wirmachenauf","article_published_time":"2022-11-04T19:08:35+00:00","og_image":[{"width":460,"height":259,"url":"https:\/\/now-news.de\/de\/wp-content\/uploads\/sites\/3\/2022\/11\/Buero-mit-ueppiger-Ausstattung-Ampel-mahnt-Altkanzlerin-Merkel-zur-Sparsamkeit.jpg","type":"image\/jpeg"}],"author":"rtnews","twitter_card":"summary_large_image","twitter_creator":"@WirMachenAuf_de","twitter_site":"@WirMachenAuf_de","twitter_misc":{"Verfasst von":"rtnews","Gesch\u00e4tzte Lesezeit":"2\u00a0Minuten"},"schema":{"@context":"https:\/\/schema.org","@graph":[{"@type":"Article","@id":"https:\/\/now-news.de\/de\/deutschland\/buero-mit-ueppiger-ausstattung-ampel-mahnt-altkanzlerin-merkel-zur-sparsamkeit\/#article","isPartOf":{"@id":"https:\/\/now-news.de\/de\/deutschland\/buero-mit-ueppiger-ausstattung-ampel-mahnt-altkanzlerin-merkel-zur-sparsamkeit\/"},"author":{"name":"rtnews","@id":"https:\/\/now-news.de\/de\/#\/schema\/person\/fb534a4e865501d8b3285208df34a9b5"},"headline":"B\u00fcro mit \u00fcppiger Ausstattung: Ampel mahnt Altkanzlerin Merkel zur Sparsamkeit","datePublished":"2022-11-04T19:08:35+00:00","dateModified":"2022-11-04T19:08:35+00:00","mainEntityOfPage":{"@id":"https:\/\/now-news.de\/de\/deutschland\/buero-mit-ueppiger-ausstattung-ampel-mahnt-altkanzlerin-merkel-zur-sparsamkeit\/"},"wordCount":371,"commentCount":0,"publisher":{"@id":"https:\/\/now-news.de\/de\/#organization"},"image":{"@id":"https:\/\/now-news.de\/de\/deutschland\/buero-mit-ueppiger-ausstattung-ampel-mahnt-altkanzlerin-merkel-zur-sparsamkeit\/#primaryimage"},"thumbnailUrl":"https:\/\/now-news.de\/de\/wp-content\/uploads\/sites\/3\/2022\/11\/Buero-mit-ueppiger-Ausstattung-Ampel-mahnt-Altkanzlerin-Merkel-zur-Sparsamkeit.jpg","keywords":["Altkanzlerin","Ampel","Ausstattung","B\u00fcro","mahnt","Merkel","mit","Sparsamkeit","\u00fcppiger","zur"],"articleSection":["Deutschland","Russland"],"inLanguage":"de","potentialAction":[{"@type":"CommentAction","name":"Comment","target":["https:\/\/now-news.de\/de\/deutschland\/buero-mit-ueppiger-ausstattung-ampel-mahnt-altkanzlerin-merkel-zur-sparsamkeit\/#respond"]}]},{"@type":"WebPage","@id":"https:\/\/now-news.de\/de\/deutschland\/buero-mit-ueppiger-ausstattung-ampel-mahnt-altkanzlerin-merkel-zur-sparsamkeit\/","url":"https:\/\/now-news.de\/de\/deutschland\/buero-mit-ueppiger-ausstattung-ampel-mahnt-altkanzlerin-merkel-zur-sparsamkeit\/","name":"B\u00fcro mit \u00fcppiger Ausstattung: Ampel mahnt Altkanzlerin Merkel zur Sparsamkeit - just-now.NEWS Deutschland","isPartOf":{"@id":"https:\/\/now-news.de\/de\/#website"},"primaryImageOfPage":{"@id":"https:\/\/now-news.de\/de\/deutschland\/buero-mit-ueppiger-ausstattung-ampel-mahnt-altkanzlerin-merkel-zur-sparsamkeit\/#primaryimage"},"image":{"@id":"https:\/\/now-news.de\/de\/deutschland\/buero-mit-ueppiger-ausstattung-ampel-mahnt-altkanzlerin-merkel-zur-sparsamkeit\/#primaryimage"},"thumbnailUrl":"https:\/\/now-news.de\/de\/wp-content\/uploads\/sites\/3\/2022\/11\/Buero-mit-ueppiger-Ausstattung-Ampel-mahnt-Altkanzlerin-Merkel-zur-Sparsamkeit.jpg","datePublished":"2022-11-04T19:08:35+00:00","dateModified":"2022-11-04T19:08:35+00:00","breadcrumb":{"@id":"https:\/\/now-news.de\/de\/deutschland\/buero-mit-ueppiger-ausstattung-ampel-mahnt-altkanzlerin-merkel-zur-sparsamkeit\/#breadcrumb"},"inLanguage":"de","potentialAction":[{"@type":"ReadAction","target":["https:\/\/now-news.de\/de\/deutschland\/buero-mit-ueppiger-ausstattung-ampel-mahnt-altkanzlerin-merkel-zur-sparsamkeit\/"]}]},{"@type":"ImageObject","inLanguage":"de","@id":"https:\/\/now-news.de\/de\/deutschland\/buero-mit-ueppiger-ausstattung-ampel-mahnt-altkanzlerin-merkel-zur-sparsamkeit\/#primaryimage","url":"https:\/\/now-news.de\/de\/wp-content\/uploads\/sites\/3\/2022\/11\/Buero-mit-ueppiger-Ausstattung-Ampel-mahnt-Altkanzlerin-Merkel-zur-Sparsamkeit.jpg","contentUrl":"https:\/\/now-news.de\/de\/wp-content\/uploads\/sites\/3\/2022\/11\/Buero-mit-ueppiger-Ausstattung-Ampel-mahnt-Altkanzlerin-Merkel-zur-Sparsamkeit.jpg","width":460,"height":259,"caption":"B\u00fcro mit \u00fcppiger Ausstattung: Ampel mahnt Altkanzlerin Merkel zur Sparsamkeit"},{"@type":"BreadcrumbList","@id":"https:\/\/now-news.de\/de\/deutschland\/buero-mit-ueppiger-ausstattung-ampel-mahnt-altkanzlerin-merkel-zur-sparsamkeit\/#breadcrumb","itemListElement":[{"@type":"ListItem","position":1,"name":"Home","item":"https:\/\/now-news.de\/de\/"},{"@type":"ListItem","position":2,"name":"B\u00fcro mit \u00fcppiger Ausstattung: Ampel mahnt Altkanzlerin Merkel zur Sparsamkeit"}]},{"@type":"WebSite","@id":"https:\/\/now-news.de\/de\/#website","url":"https:\/\/now-news.de\/de\/","name":"just-now.NEWS Deutschland","description":"Das Portal f\u00fcr unzensierte Nachrichten aus der Welt","publisher":{"@id":"https:\/\/now-news.de\/de\/#organization"},"potentialAction":[{"@type":"SearchAction","target":{"@type":"EntryPoint","urlTemplate":"https:\/\/now-news.de\/de\/?s={search_term_string}"},"query-input":"required name=search_term_string"}],"inLanguage":"de"},{"@type":"Organization","@id":"https:\/\/now-news.de\/de\/#organization","name":"Just Now News","url":"https:\/\/now-news.de\/de\/","logo":{"@type":"ImageObject","inLanguage":"de","@id":"https:\/\/now-news.de\/de\/#\/schema\/logo\/image\/","url":"http:\/\/just-now.news\/de\/wp-content\/uploads\/sites\/3\/2022\/04\/logo500x500.jpg","contentUrl":"http:\/\/just-now.news\/de\/wp-content\/uploads\/sites\/3\/2022\/04\/logo500x500.jpg","width":500,"height":500,"caption":"Just Now News"},"image":{"@id":"https:\/\/now-news.de\/de\/#\/schema\/logo\/image\/"},"sameAs":["https:\/\/www.facebook.com\/wirmachenauf","https:\/\/x.com\/WirMachenAuf_de"]},{"@type":"Person","@id":"https:\/\/now-news.de\/de\/#\/schema\/person\/fb534a4e865501d8b3285208df34a9b5","name":"rtnews","image":{"@type":"ImageObject","inLanguage":"de","@id":"https:\/\/now-news.de\/de\/#\/schema\/person\/image\/","url":"https:\/\/secure.gravatar.com\/avatar\/82aafea7d8127119dd649515f56e2117?s=96&d=mm&r=g","contentUrl":"https:\/\/secure.gravatar.com\/avatar\/82aafea7d8127119dd649515f56e2117?s=96&d=mm&r=g","caption":"rtnews"},"url":"https:\/\/now-news.de\/de\/author\/rnews\/"}]}},"_links":{"self":[{"href":"https:\/\/now-news.de\/de\/wp-json\/wp\/v2\/posts\/22467"}],"collection":[{"href":"https:\/\/now-news.de\/de\/wp-json\/wp\/v2\/posts"}],"about":[{"href":"https:\/\/now-news.de\/de\/wp-json\/wp\/v2\/types\/post"}],"author":[{"embeddable":true,"href":"https:\/\/now-news.de\/de\/wp-json\/wp\/v2\/users\/3"}],"replies":[{"embeddable":true,"href":"https:\/\/now-news.de\/de\/wp-json\/wp\/v2\/comments?post=22467"}],"version-history":[{"count":0,"href":"https:\/\/now-news.de\/de\/wp-json\/wp\/v2\/posts\/22467\/revisions"}],"wp:featuredmedia":[{"embeddable":true,"href":"https:\/\/now-news.de\/de\/wp-json\/wp\/v2\/media\/22468"}],"wp:attachment":[{"href":"https:\/\/now-news.de\/de\/wp-json\/wp\/v2\/media?parent=22467"}],"wp:term":[{"taxonomy":"category","embeddable":true,"href":"https:\/\/now-news.de\/de\/wp-json\/wp\/v2\/categories?post=22467"},{"taxonomy":"post_tag","embeddable":true,"href":"https:\/\/now-news.de\/de\/wp-json\/wp\/v2\/tags?post=22467"}],"curies":[{"name":"wp","href":"https:\/\/api.w.org\/{rel}","templated":true}]}}