{"id":22461,"date":"2022-11-04T19:52:16","date_gmt":"2022-11-04T17:52:16","guid":{"rendered":"http:\/\/just-now.news\/de\/deutschland\/die-eu-im-kampf-um-die-dominante-rolle-auf-dem-westbalkan\/"},"modified":"2022-11-04T19:52:16","modified_gmt":"2022-11-04T17:52:16","slug":"die-eu-im-kampf-um-die-dominante-rolle-auf-dem-westbalkan","status":"publish","type":"post","link":"https:\/\/now-news.de\/de\/deutschland\/die-eu-im-kampf-um-die-dominante-rolle-auf-dem-westbalkan\/","title":{"rendered":"Die EU im Kampf um die dominante Rolle auf dem Westbalkan"},"content":{"rendered":"<p><img decoding=\"async\" src=\"http:\/\/just-now.news\/de\/wp-content\/uploads\/sites\/3\/2022\/11\/63611819b480cc7a7d662182.jpg\" \/><\/p>\n<div class=\"Text-root Text-type_1 \">\n                Ursula von der Leyen ist durch die L\u00e4nder des westlichen Balkan getourt, hat Geld verteilt und von der europ\u00e4ischen Perspektive gesprochen. Aber allen Beteiligten ist klar, dass die EU-Kommission zur Zeit nur so tut, als w\u00e4re eine Aufnahme eine wirkliche Perspektive.\n            <\/div>\n<p><\/p>\n<div class=\"Text-root Text-type_5 ArticleView-text ViewText-root \">\n<p><em>Von Marinko U\u010dur, Banja Luka<\/em><\/p>\n<p>Die letztw\u00f6chige Reise der Pr\u00e4sidentin der Europ\u00e4ischen Kommission, Ursula von der Leyen, in die Westbalkanregion war eine neue Gelegenheit, alte Hoffnungen zu hegen. Die Post-Konflikt-Region, die im ewigen Vorhof der Europ\u00e4ischen Union steht, konnte schon wieder die mehrmals wiederholten S\u00e4tze h\u00f6ren, wie in etwa &#8220;dass Europa ohne die L\u00e4nder des Westbalkans nicht vollst\u00e4ndig ist&#8221;. Konkrete Hinweise auf eine bevorstehende Erweiterung der Union um die L\u00e4nder der Region gab es jedoch nicht. Aber deshalb gab es viel mehr Hoffnung und noch mehr Versprechungen.<\/p>\n<p>In einigen L\u00e4ndern, vor allem in Serbien, sind europ\u00e4ische Hoffnungen deutlich geschwunden und nun treten Euroskeptiker in den Vordergrund. Der fanatische Wunsch nach einem EU-Beitritt war bis vor kurzem die gemeinsame Bestrebung aller Balkanv\u00f6lker, denen nun bewusst geworden ist, dass die Europ\u00e4ische Union zumindest in naher Zukunft f\u00fcr sie nur ein Traum ist. Europa ist mit seinen eigenen Problemen besch\u00e4ftigt und der Balkan ist nur eine B\u00fcrde, die es belastet, aber das wird in Br\u00fcssel niemand \u00f6ffentlich verk\u00fcnden. Deshalb ist es Ursula von der Leyens Mission, neue Impulse zu setzen und alte Hoffnungen zu bekr\u00e4ftigen. Die Pr\u00e4sidentin der Europ\u00e4ischen Kommission kam daher nach Tirana, Skopje, Sarajevo, Pristina und Belgrad nicht &#8220;mit leeren H\u00e4nden&#8221;, sondern vergab Zusch\u00fcsse in Form eines &#8220;Energiepakets zur Budgethilfe der Westbalkanstaaten&#8221;.<\/p>\n<p>Nordmazedonien und Albanien erhielten jeweils 80 Millionen Euro, Bosnien und Herzegowina 71 Millionen Euro, Serbien 160 Millionen Euro und Pristina 75 Millionen Euro. Die Chefin der Europ\u00e4ischen Kommission k\u00fcndigte zus\u00e4tzliche Mittel in H\u00f6he von rund 500 Millionen Euro f\u00fcr den Westbalkan an, die im n\u00e4chsten Jahr als Zusch\u00fcsse f\u00fcr Investitionen zur Abmilderung der hohen Energiepreise zur Verf\u00fcgung gestellt werden, um B\u00fcrgern und Unternehmen zu helfen.<\/p>\n<p>Von der Leyen lie\u00df es sich nicht nehmen, Russland und seinen &#8220;milit\u00e4rischen Sondereinsatz in der Ukraine&#8221; f\u00fcr die aktuelle Energielage verantwortlich zu machen. Ansonsten haben alle genannten L\u00e4nder, mit Ausnahme Serbiens, Sanktionen gegen Russland verh\u00e4ngt und folgen blindlings der Politik Br\u00fcssels gegen\u00fcber Moskau. Nur Serbien gelingt es, seine nationalen und staatlichen Interessen an die Spitze seiner eigenen Priorit\u00e4ten zu stellen und betont, dass das europ\u00e4ische Engagement Serbiens unbestreitbar sei, aber die Einf\u00fchrung von Sanktionen gegen Russland &#8220;nicht auf der Tagesordnung&#8221; stehe. Der freundliche Gastgeber Aleksandar Vu\u010di\u0107 lie\u00df der Pr\u00e4sidentin der Europ\u00e4ischen Kommission keinen Raum f\u00fcr Hoffnung, dass Serbien seine Haltung gegen\u00fcber Russland in der kommenden Zeit \u00e4ndern werde, obwohl von der Leyen w\u00e4hrend des Treffens mit dem serbischen Pr\u00e4sidenten erkl\u00e4rte, dass &#8220;es wichtig ist, sich an die gemeinsame Au\u00dfen- und Sicherheitspolitik zu orientieren&#8221;, da, wie sie sagte, &#8220;die Mitgliedschaft in der EU bedeutet, dieselben Werte zu teilen&#8221;.<\/p>\n<p>Obwohl es auf den ersten Blick scheint, dass die Position Serbiens durch die Isolation Russlands geschw\u00e4cht wurde, hat sie im Wesentlichen ebenso viel Gewicht gewonnen wie die Argumente f\u00fcr die Achtung des Grundsatzes der &#8220;territorialen Integrit\u00e4t&#8221;, f\u00fcr das Serbien sich grunds\u00e4tzlich einsetzt, sowohl im Fall seines selbsternanntes Territoriums Kosovo als auch im Falle der Ukraine. Die EK-Pr\u00e4sidentin demonstrierte ihre Unterst\u00fctzung und ihr Vertrauen in &#8220;Serbiens europ\u00e4ischen Weg&#8221;, formulierte aber auch ihre eigenen Erwartungen hinsichtlich der weiteren Angleichung an die Energiepolitik und die EU-Werte. Die neue Regierung von Ministerpr\u00e4sidentin Ana Brnabi\u0107 hat es sicher gefreut, aus dem Mund des hochrangigen Gasts aus Br\u00fcssel vernommen zu haben, dass &#8220;Serbien eines der am weitesten fortgeschrittenen L\u00e4nder auf dem Weg in die EU ist&#8221;. Ursula von der Leyen sollte am Ende ihrer Balkantour auch Montenegro besuchen, was aber nicht geschah, angeblich wegen des Nebels und der Schwierigkeiten beim Abflug des Flugzeugs der Chefin der Europ\u00e4ischen Kommission von Belgrad nach Podgorica.<\/p>\n<p>Am Ende blieben alle in ihren \u00dcberzeugungen, dass von der Leyen ihre Aufgabe erf\u00fcllt hat, und dass das Zuckerbrot in Form von Finanzhilfen ein ausreichender K\u00f6der war, um alle auf dem ber\u00fchmten &#8220;europ\u00e4ischen Weg&#8221; zusammenzubringen. Die Peitsche in Form von st\u00e4ndig neuen Bedingungen f\u00fcr die Mitgliedschaft im schon l\u00e4ngst geschlossenen EU-Club liegt ohnehin parat.<\/p>\n<p>Die Erwartungen liegen noch auf dem Tisch: Serbien hofft, dass Br\u00fcssel Verst\u00e4ndnis f\u00fcr seine Position der Nichtbeteiligung an der &#8220;Anti-Russland-Koalition&#8221; zeigen und Pristina unter Druck setzen wird, die Bestimmungen des Br\u00fcsseler Abkommens von 2013 einzuhalten. Pristina hingegen erwartet eine Visaliberalisierung, der sich einige wichtigen L\u00e4ndern der Europ\u00e4ischen Union widersetzen. Bosnien und Herzegowina will den vollen Kandidatenstatus f\u00fcr die EU statt des derzeitigen Status eines Bewerberlandes, w\u00e4hrend Albanien, Nordmazedonien und Montenegro sich mit ihren umfangreichen Reformen als reife potenzielle Mitglieder der Europ\u00e4ischen Union empfehlen.<\/p>\n<p><strong>Mehr zum Thema<\/strong> &#8211;\u00a0<a rel=\"nofollow noopener\" target=\"_blank\" href=\"https:\/\/pressefreiheit.rtde.tech\/europa\/152894-europaeische-union-draengt-serbien-auf-werte\/\">Die Europ\u00e4ische Union dr\u00e4ngt Serbien auf &#8220;gemeinsame Werte&#8221; <\/a><\/p>\n<p>\u00a0\u00a0\u00a0\u00a0\u00a0\u00a0\u00a0\u00a0\u00a0\u00a0\u00a0\u00a0\u00a0\u00a0\u00a0\u00a0\u00a0\u00a0<\/p>\n<\/p>\n<\/div>\n<p><br \/>\n<br \/><a href=\"https:\/\/de.rt.com\/meinung\/153089-eu-im-kampf-um-dominante\/\">Source link <\/a><\/p>\n","protected":false},"excerpt":{"rendered":"<p>Ursula von der Leyen ist durch die L\u00e4nder des westlichen Balkan getourt, hat Geld verteilt und von der europ\u00e4ischen Perspektive gesprochen. Aber allen Beteiligten ist klar, dass die EU-Kommission zur Zeit nur so tut, als w\u00e4re eine Aufnahme eine wirkliche Perspektive. Von Marinko U\u010dur, Banja Luka Die letztw\u00f6chige Reise der Pr\u00e4sidentin der Europ\u00e4ischen Kommission, Ursula [&hellip;]<\/p>\n","protected":false},"author":3,"featured_media":22462,"comment_status":"open","ping_status":"open","sticky":false,"template":"","format":"standard","meta":{"wp_automatic_camp":["217"],"60dcad9b400f0f7dfd0ea4e2a28e559e":["Die EU im Kampf um die dominante Rolle auf dem Westbalkan"],"original_link":["https:\/\/de.rt.com\/meinung\/153089-eu-im-kampf-um-dominante\/"],"_thumbnail_id":["22462"],"_wptg_p2tg_sent2tg":["2022-11-04 19:58:34"],"jnews_social_counter_last_update":["1777190876"]},"categories":[19,23],"tags":[133,134,45,35347,5522,4504,34483],"yoast_head":"<!-- This site is optimized with the Yoast SEO Premium plugin v22.7 (Yoast SEO v22.7) - https:\/\/yoast.com\/wordpress\/plugins\/seo\/ -->\n<title>Die EU im Kampf um die dominante Rolle auf dem Westbalkan - just-now.NEWS Deutschland<\/title>\n<meta name=\"robots\" content=\"index, follow, max-snippet:-1, max-image-preview:large, max-video-preview:-1\" \/>\n<link rel=\"canonical\" href=\"https:\/\/now-news.de\/de\/deutschland\/die-eu-im-kampf-um-die-dominante-rolle-auf-dem-westbalkan\/\" \/>\n<meta property=\"og:locale\" content=\"de_DE\" \/>\n<meta property=\"og:type\" content=\"article\" \/>\n<meta property=\"og:title\" content=\"Die EU im Kampf um die dominante Rolle auf dem Westbalkan\" \/>\n<meta property=\"og:description\" content=\"Ursula von der Leyen ist durch die L\u00e4nder des westlichen Balkan getourt, hat Geld verteilt und von der europ\u00e4ischen Perspektive gesprochen. Aber allen Beteiligten ist klar, dass die EU-Kommission zur Zeit nur so tut, als w\u00e4re eine Aufnahme eine wirkliche Perspektive. Von Marinko U\u010dur, Banja Luka Die letztw\u00f6chige Reise der Pr\u00e4sidentin der Europ\u00e4ischen Kommission, Ursula [&hellip;]\" \/>\n<meta property=\"og:url\" content=\"https:\/\/now-news.de\/de\/deutschland\/die-eu-im-kampf-um-die-dominante-rolle-auf-dem-westbalkan\/\" \/>\n<meta property=\"og:site_name\" content=\"just-now.NEWS Deutschland\" \/>\n<meta property=\"article:publisher\" content=\"https:\/\/www.facebook.com\/wirmachenauf\" \/>\n<meta property=\"article:published_time\" content=\"2022-11-04T17:52:16+00:00\" \/>\n<meta property=\"og:image\" content=\"https:\/\/now-news.de\/de\/wp-content\/uploads\/sites\/3\/2022\/11\/Die-EU-im-Kampf-um-die-dominante-Rolle-auf-dem.jpg\" \/>\n\t<meta property=\"og:image:width\" content=\"460\" \/>\n\t<meta property=\"og:image:height\" content=\"259\" \/>\n\t<meta property=\"og:image:type\" content=\"image\/jpeg\" \/>\n<meta name=\"author\" content=\"rtnews\" \/>\n<meta name=\"twitter:card\" content=\"summary_large_image\" \/>\n<meta name=\"twitter:creator\" content=\"@WirMachenAuf_de\" \/>\n<meta name=\"twitter:site\" content=\"@WirMachenAuf_de\" \/>\n<meta name=\"twitter:label1\" content=\"Verfasst von\" \/>\n\t<meta name=\"twitter:data1\" content=\"rtnews\" \/>\n\t<meta name=\"twitter:label2\" content=\"Gesch\u00e4tzte Lesezeit\" \/>\n\t<meta name=\"twitter:data2\" content=\"4\u00a0Minuten\" \/>\n<script type=\"application\/ld+json\" class=\"yoast-schema-graph\">{\"@context\":\"https:\/\/schema.org\",\"@graph\":[{\"@type\":\"Article\",\"@id\":\"https:\/\/now-news.de\/de\/deutschland\/die-eu-im-kampf-um-die-dominante-rolle-auf-dem-westbalkan\/#article\",\"isPartOf\":{\"@id\":\"https:\/\/now-news.de\/de\/deutschland\/die-eu-im-kampf-um-die-dominante-rolle-auf-dem-westbalkan\/\"},\"author\":{\"name\":\"rtnews\",\"@id\":\"https:\/\/now-news.de\/de\/#\/schema\/person\/fb534a4e865501d8b3285208df34a9b5\"},\"headline\":\"Die EU im Kampf um die dominante Rolle auf dem Westbalkan\",\"datePublished\":\"2022-11-04T17:52:16+00:00\",\"dateModified\":\"2022-11-04T17:52:16+00:00\",\"mainEntityOfPage\":{\"@id\":\"https:\/\/now-news.de\/de\/deutschland\/die-eu-im-kampf-um-die-dominante-rolle-auf-dem-westbalkan\/\"},\"wordCount\":862,\"commentCount\":0,\"publisher\":{\"@id\":\"https:\/\/now-news.de\/de\/#organization\"},\"image\":{\"@id\":\"https:\/\/now-news.de\/de\/deutschland\/die-eu-im-kampf-um-die-dominante-rolle-auf-dem-westbalkan\/#primaryimage\"},\"thumbnailUrl\":\"https:\/\/now-news.de\/de\/wp-content\/uploads\/sites\/3\/2022\/11\/Die-EU-im-Kampf-um-die-dominante-Rolle-auf-dem.jpg\",\"keywords\":[\"AUF\",\"DEM\",\"die\",\"dominante\",\"Kampf\",\"Rolle\",\"Westbalkan\"],\"articleSection\":[\"Deutschland\",\"Russland\"],\"inLanguage\":\"de\",\"potentialAction\":[{\"@type\":\"CommentAction\",\"name\":\"Comment\",\"target\":[\"https:\/\/now-news.de\/de\/deutschland\/die-eu-im-kampf-um-die-dominante-rolle-auf-dem-westbalkan\/#respond\"]}]},{\"@type\":\"WebPage\",\"@id\":\"https:\/\/now-news.de\/de\/deutschland\/die-eu-im-kampf-um-die-dominante-rolle-auf-dem-westbalkan\/\",\"url\":\"https:\/\/now-news.de\/de\/deutschland\/die-eu-im-kampf-um-die-dominante-rolle-auf-dem-westbalkan\/\",\"name\":\"Die EU im Kampf um die dominante Rolle auf dem Westbalkan - just-now.NEWS Deutschland\",\"isPartOf\":{\"@id\":\"https:\/\/now-news.de\/de\/#website\"},\"primaryImageOfPage\":{\"@id\":\"https:\/\/now-news.de\/de\/deutschland\/die-eu-im-kampf-um-die-dominante-rolle-auf-dem-westbalkan\/#primaryimage\"},\"image\":{\"@id\":\"https:\/\/now-news.de\/de\/deutschland\/die-eu-im-kampf-um-die-dominante-rolle-auf-dem-westbalkan\/#primaryimage\"},\"thumbnailUrl\":\"https:\/\/now-news.de\/de\/wp-content\/uploads\/sites\/3\/2022\/11\/Die-EU-im-Kampf-um-die-dominante-Rolle-auf-dem.jpg\",\"datePublished\":\"2022-11-04T17:52:16+00:00\",\"dateModified\":\"2022-11-04T17:52:16+00:00\",\"breadcrumb\":{\"@id\":\"https:\/\/now-news.de\/de\/deutschland\/die-eu-im-kampf-um-die-dominante-rolle-auf-dem-westbalkan\/#breadcrumb\"},\"inLanguage\":\"de\",\"potentialAction\":[{\"@type\":\"ReadAction\",\"target\":[\"https:\/\/now-news.de\/de\/deutschland\/die-eu-im-kampf-um-die-dominante-rolle-auf-dem-westbalkan\/\"]}]},{\"@type\":\"ImageObject\",\"inLanguage\":\"de\",\"@id\":\"https:\/\/now-news.de\/de\/deutschland\/die-eu-im-kampf-um-die-dominante-rolle-auf-dem-westbalkan\/#primaryimage\",\"url\":\"https:\/\/now-news.de\/de\/wp-content\/uploads\/sites\/3\/2022\/11\/Die-EU-im-Kampf-um-die-dominante-Rolle-auf-dem.jpg\",\"contentUrl\":\"https:\/\/now-news.de\/de\/wp-content\/uploads\/sites\/3\/2022\/11\/Die-EU-im-Kampf-um-die-dominante-Rolle-auf-dem.jpg\",\"width\":460,\"height\":259,\"caption\":\"Die EU im Kampf um die dominante Rolle auf dem Westbalkan\"},{\"@type\":\"BreadcrumbList\",\"@id\":\"https:\/\/now-news.de\/de\/deutschland\/die-eu-im-kampf-um-die-dominante-rolle-auf-dem-westbalkan\/#breadcrumb\",\"itemListElement\":[{\"@type\":\"ListItem\",\"position\":1,\"name\":\"Home\",\"item\":\"https:\/\/now-news.de\/de\/\"},{\"@type\":\"ListItem\",\"position\":2,\"name\":\"Die EU im Kampf um die dominante Rolle auf dem Westbalkan\"}]},{\"@type\":\"WebSite\",\"@id\":\"https:\/\/now-news.de\/de\/#website\",\"url\":\"https:\/\/now-news.de\/de\/\",\"name\":\"just-now.NEWS Deutschland\",\"description\":\"Das Portal f\u00fcr unzensierte Nachrichten aus der Welt\",\"publisher\":{\"@id\":\"https:\/\/now-news.de\/de\/#organization\"},\"potentialAction\":[{\"@type\":\"SearchAction\",\"target\":{\"@type\":\"EntryPoint\",\"urlTemplate\":\"https:\/\/now-news.de\/de\/?s={search_term_string}\"},\"query-input\":\"required name=search_term_string\"}],\"inLanguage\":\"de\"},{\"@type\":\"Organization\",\"@id\":\"https:\/\/now-news.de\/de\/#organization\",\"name\":\"Just Now News\",\"url\":\"https:\/\/now-news.de\/de\/\",\"logo\":{\"@type\":\"ImageObject\",\"inLanguage\":\"de\",\"@id\":\"https:\/\/now-news.de\/de\/#\/schema\/logo\/image\/\",\"url\":\"http:\/\/just-now.news\/de\/wp-content\/uploads\/sites\/3\/2022\/04\/logo500x500.jpg\",\"contentUrl\":\"http:\/\/just-now.news\/de\/wp-content\/uploads\/sites\/3\/2022\/04\/logo500x500.jpg\",\"width\":500,\"height\":500,\"caption\":\"Just Now News\"},\"image\":{\"@id\":\"https:\/\/now-news.de\/de\/#\/schema\/logo\/image\/\"},\"sameAs\":[\"https:\/\/www.facebook.com\/wirmachenauf\",\"https:\/\/x.com\/WirMachenAuf_de\"]},{\"@type\":\"Person\",\"@id\":\"https:\/\/now-news.de\/de\/#\/schema\/person\/fb534a4e865501d8b3285208df34a9b5\",\"name\":\"rtnews\",\"image\":{\"@type\":\"ImageObject\",\"inLanguage\":\"de\",\"@id\":\"https:\/\/now-news.de\/de\/#\/schema\/person\/image\/\",\"url\":\"https:\/\/secure.gravatar.com\/avatar\/82aafea7d8127119dd649515f56e2117?s=96&d=mm&r=g\",\"contentUrl\":\"https:\/\/secure.gravatar.com\/avatar\/82aafea7d8127119dd649515f56e2117?s=96&d=mm&r=g\",\"caption\":\"rtnews\"},\"url\":\"https:\/\/now-news.de\/de\/author\/rnews\/\"}]}<\/script>\n<!-- \/ Yoast SEO Premium plugin. -->","yoast_head_json":{"title":"Die EU im Kampf um die dominante Rolle auf dem Westbalkan - just-now.NEWS Deutschland","robots":{"index":"index","follow":"follow","max-snippet":"max-snippet:-1","max-image-preview":"max-image-preview:large","max-video-preview":"max-video-preview:-1"},"canonical":"https:\/\/now-news.de\/de\/deutschland\/die-eu-im-kampf-um-die-dominante-rolle-auf-dem-westbalkan\/","og_locale":"de_DE","og_type":"article","og_title":"Die EU im Kampf um die dominante Rolle auf dem Westbalkan","og_description":"Ursula von der Leyen ist durch die L\u00e4nder des westlichen Balkan getourt, hat Geld verteilt und von der europ\u00e4ischen Perspektive gesprochen. Aber allen Beteiligten ist klar, dass die EU-Kommission zur Zeit nur so tut, als w\u00e4re eine Aufnahme eine wirkliche Perspektive. Von Marinko U\u010dur, Banja Luka Die letztw\u00f6chige Reise der Pr\u00e4sidentin der Europ\u00e4ischen Kommission, Ursula [&hellip;]","og_url":"https:\/\/now-news.de\/de\/deutschland\/die-eu-im-kampf-um-die-dominante-rolle-auf-dem-westbalkan\/","og_site_name":"just-now.NEWS Deutschland","article_publisher":"https:\/\/www.facebook.com\/wirmachenauf","article_published_time":"2022-11-04T17:52:16+00:00","og_image":[{"width":460,"height":259,"url":"https:\/\/now-news.de\/de\/wp-content\/uploads\/sites\/3\/2022\/11\/Die-EU-im-Kampf-um-die-dominante-Rolle-auf-dem.jpg","type":"image\/jpeg"}],"author":"rtnews","twitter_card":"summary_large_image","twitter_creator":"@WirMachenAuf_de","twitter_site":"@WirMachenAuf_de","twitter_misc":{"Verfasst von":"rtnews","Gesch\u00e4tzte Lesezeit":"4\u00a0Minuten"},"schema":{"@context":"https:\/\/schema.org","@graph":[{"@type":"Article","@id":"https:\/\/now-news.de\/de\/deutschland\/die-eu-im-kampf-um-die-dominante-rolle-auf-dem-westbalkan\/#article","isPartOf":{"@id":"https:\/\/now-news.de\/de\/deutschland\/die-eu-im-kampf-um-die-dominante-rolle-auf-dem-westbalkan\/"},"author":{"name":"rtnews","@id":"https:\/\/now-news.de\/de\/#\/schema\/person\/fb534a4e865501d8b3285208df34a9b5"},"headline":"Die EU im Kampf um die dominante Rolle auf dem Westbalkan","datePublished":"2022-11-04T17:52:16+00:00","dateModified":"2022-11-04T17:52:16+00:00","mainEntityOfPage":{"@id":"https:\/\/now-news.de\/de\/deutschland\/die-eu-im-kampf-um-die-dominante-rolle-auf-dem-westbalkan\/"},"wordCount":862,"commentCount":0,"publisher":{"@id":"https:\/\/now-news.de\/de\/#organization"},"image":{"@id":"https:\/\/now-news.de\/de\/deutschland\/die-eu-im-kampf-um-die-dominante-rolle-auf-dem-westbalkan\/#primaryimage"},"thumbnailUrl":"https:\/\/now-news.de\/de\/wp-content\/uploads\/sites\/3\/2022\/11\/Die-EU-im-Kampf-um-die-dominante-Rolle-auf-dem.jpg","keywords":["AUF","DEM","die","dominante","Kampf","Rolle","Westbalkan"],"articleSection":["Deutschland","Russland"],"inLanguage":"de","potentialAction":[{"@type":"CommentAction","name":"Comment","target":["https:\/\/now-news.de\/de\/deutschland\/die-eu-im-kampf-um-die-dominante-rolle-auf-dem-westbalkan\/#respond"]}]},{"@type":"WebPage","@id":"https:\/\/now-news.de\/de\/deutschland\/die-eu-im-kampf-um-die-dominante-rolle-auf-dem-westbalkan\/","url":"https:\/\/now-news.de\/de\/deutschland\/die-eu-im-kampf-um-die-dominante-rolle-auf-dem-westbalkan\/","name":"Die EU im Kampf um die dominante Rolle auf dem Westbalkan - just-now.NEWS Deutschland","isPartOf":{"@id":"https:\/\/now-news.de\/de\/#website"},"primaryImageOfPage":{"@id":"https:\/\/now-news.de\/de\/deutschland\/die-eu-im-kampf-um-die-dominante-rolle-auf-dem-westbalkan\/#primaryimage"},"image":{"@id":"https:\/\/now-news.de\/de\/deutschland\/die-eu-im-kampf-um-die-dominante-rolle-auf-dem-westbalkan\/#primaryimage"},"thumbnailUrl":"https:\/\/now-news.de\/de\/wp-content\/uploads\/sites\/3\/2022\/11\/Die-EU-im-Kampf-um-die-dominante-Rolle-auf-dem.jpg","datePublished":"2022-11-04T17:52:16+00:00","dateModified":"2022-11-04T17:52:16+00:00","breadcrumb":{"@id":"https:\/\/now-news.de\/de\/deutschland\/die-eu-im-kampf-um-die-dominante-rolle-auf-dem-westbalkan\/#breadcrumb"},"inLanguage":"de","potentialAction":[{"@type":"ReadAction","target":["https:\/\/now-news.de\/de\/deutschland\/die-eu-im-kampf-um-die-dominante-rolle-auf-dem-westbalkan\/"]}]},{"@type":"ImageObject","inLanguage":"de","@id":"https:\/\/now-news.de\/de\/deutschland\/die-eu-im-kampf-um-die-dominante-rolle-auf-dem-westbalkan\/#primaryimage","url":"https:\/\/now-news.de\/de\/wp-content\/uploads\/sites\/3\/2022\/11\/Die-EU-im-Kampf-um-die-dominante-Rolle-auf-dem.jpg","contentUrl":"https:\/\/now-news.de\/de\/wp-content\/uploads\/sites\/3\/2022\/11\/Die-EU-im-Kampf-um-die-dominante-Rolle-auf-dem.jpg","width":460,"height":259,"caption":"Die EU im Kampf um die dominante Rolle auf dem Westbalkan"},{"@type":"BreadcrumbList","@id":"https:\/\/now-news.de\/de\/deutschland\/die-eu-im-kampf-um-die-dominante-rolle-auf-dem-westbalkan\/#breadcrumb","itemListElement":[{"@type":"ListItem","position":1,"name":"Home","item":"https:\/\/now-news.de\/de\/"},{"@type":"ListItem","position":2,"name":"Die EU im Kampf um die dominante Rolle auf dem Westbalkan"}]},{"@type":"WebSite","@id":"https:\/\/now-news.de\/de\/#website","url":"https:\/\/now-news.de\/de\/","name":"just-now.NEWS Deutschland","description":"Das Portal f\u00fcr unzensierte Nachrichten aus der Welt","publisher":{"@id":"https:\/\/now-news.de\/de\/#organization"},"potentialAction":[{"@type":"SearchAction","target":{"@type":"EntryPoint","urlTemplate":"https:\/\/now-news.de\/de\/?s={search_term_string}"},"query-input":"required name=search_term_string"}],"inLanguage":"de"},{"@type":"Organization","@id":"https:\/\/now-news.de\/de\/#organization","name":"Just Now News","url":"https:\/\/now-news.de\/de\/","logo":{"@type":"ImageObject","inLanguage":"de","@id":"https:\/\/now-news.de\/de\/#\/schema\/logo\/image\/","url":"http:\/\/just-now.news\/de\/wp-content\/uploads\/sites\/3\/2022\/04\/logo500x500.jpg","contentUrl":"http:\/\/just-now.news\/de\/wp-content\/uploads\/sites\/3\/2022\/04\/logo500x500.jpg","width":500,"height":500,"caption":"Just Now News"},"image":{"@id":"https:\/\/now-news.de\/de\/#\/schema\/logo\/image\/"},"sameAs":["https:\/\/www.facebook.com\/wirmachenauf","https:\/\/x.com\/WirMachenAuf_de"]},{"@type":"Person","@id":"https:\/\/now-news.de\/de\/#\/schema\/person\/fb534a4e865501d8b3285208df34a9b5","name":"rtnews","image":{"@type":"ImageObject","inLanguage":"de","@id":"https:\/\/now-news.de\/de\/#\/schema\/person\/image\/","url":"https:\/\/secure.gravatar.com\/avatar\/82aafea7d8127119dd649515f56e2117?s=96&d=mm&r=g","contentUrl":"https:\/\/secure.gravatar.com\/avatar\/82aafea7d8127119dd649515f56e2117?s=96&d=mm&r=g","caption":"rtnews"},"url":"https:\/\/now-news.de\/de\/author\/rnews\/"}]}},"_links":{"self":[{"href":"https:\/\/now-news.de\/de\/wp-json\/wp\/v2\/posts\/22461"}],"collection":[{"href":"https:\/\/now-news.de\/de\/wp-json\/wp\/v2\/posts"}],"about":[{"href":"https:\/\/now-news.de\/de\/wp-json\/wp\/v2\/types\/post"}],"author":[{"embeddable":true,"href":"https:\/\/now-news.de\/de\/wp-json\/wp\/v2\/users\/3"}],"replies":[{"embeddable":true,"href":"https:\/\/now-news.de\/de\/wp-json\/wp\/v2\/comments?post=22461"}],"version-history":[{"count":0,"href":"https:\/\/now-news.de\/de\/wp-json\/wp\/v2\/posts\/22461\/revisions"}],"wp:featuredmedia":[{"embeddable":true,"href":"https:\/\/now-news.de\/de\/wp-json\/wp\/v2\/media\/22462"}],"wp:attachment":[{"href":"https:\/\/now-news.de\/de\/wp-json\/wp\/v2\/media?parent=22461"}],"wp:term":[{"taxonomy":"category","embeddable":true,"href":"https:\/\/now-news.de\/de\/wp-json\/wp\/v2\/categories?post=22461"},{"taxonomy":"post_tag","embeddable":true,"href":"https:\/\/now-news.de\/de\/wp-json\/wp\/v2\/tags?post=22461"}],"curies":[{"name":"wp","href":"https:\/\/api.w.org\/{rel}","templated":true}]}}