{"id":22386,"date":"2022-11-03T15:45:28","date_gmt":"2022-11-03T13:45:28","guid":{"rendered":"http:\/\/just-now.news\/de\/deutschland\/proteste-nach-praesidentenwahl-in-brasilien-auto-faehrt-in-strassenblockade-von-bolsonaro-anhaengern\/"},"modified":"2022-11-03T15:45:28","modified_gmt":"2022-11-03T13:45:28","slug":"proteste-nach-praesidentenwahl-in-brasilien-auto-faehrt-in-strassenblockade-von-bolsonaro-anhaengern","status":"publish","type":"post","link":"https:\/\/now-news.de\/de\/deutschland\/proteste-nach-praesidentenwahl-in-brasilien-auto-faehrt-in-strassenblockade-von-bolsonaro-anhaengern\/","title":{"rendered":"Proteste nach Pr\u00e4sidentenwahl in Brasilien: Auto f\u00e4hrt in Stra\u00dfenblockade von Bolsonaro-Anh\u00e4ngern"},"content":{"rendered":"<p><img decoding=\"async\" src=\"http:\/\/just-now.news\/de\/wp-content\/uploads\/sites\/3\/2022\/11\/6363a4fbb480cc59a5164505.jpg\" \/><\/p>\n<div class=\"Text-root Text-type_1 \">\n                Nach den Pr\u00e4sidentenwahlen am Wochenende kommt Brasilien nicht zur Ruhe. Anh\u00e4nger des abgew\u00e4hlten Staatschefs Jair Bolsonaro blockieren weiter mehrere Stra\u00dfen und fordern sogar ein Eingreifen des Milit\u00e4rs. Es gibt bereits einen ersten schweren Zwischenfall.\n            <\/div>\n<p><\/p>\n<div class=\"Text-root Text-type_5 ArticleView-text ViewText-root \">\n<p>Am Mittwoch ist es auf einer von Anh\u00e4ngern des abgew\u00e4hlten Pr\u00e4sidenten Jair Bolsonaro blockierten Stra\u00dfe zu einem Zwischenfall mit Verletzten gekommen. Ein PKW-Fahrer fuhr in der Gemeinde Mirassol im Bundesstaat S\u00e3o Paulo in die Menschenmenge. Dabei erlitten 17 Personen Verletzungen, zwei Schwerverletzte wurden ins Krankenhaus eingeliefert. Unter den Betroffenen waren auch zwei M\u00e4dchen im Alter von zehn und elf Jahren sowie drei Milit\u00e4rpolizisten.<\/p>\n<p>Nach Angaben des Nachrichtenportals <em>G1<\/em>\u00a0<a rel=\"nofollow noopener\" target=\"_blank\" href=\"https:\/\/g1.globo.com\/sp\/sao-jose-do-rio-preto-aracatuba\/noticia\/2022\/11\/02\/carro-atropela-grupo-de-manifestantes-durante-bloqueio-em-rodovia-no-interior-de-sp.ghtml\">wurde<\/a> der PKW-Fahrer von der Polizei festgenommen. Die Beamten mussten ihn vor der w\u00fctenden Menschenmenge sch\u00fctzen, sein Auto wurde demoliert.<\/p>\n<p><strong><\/strong><\/p>\n<p><strong>Warnung: Dieses Video enth\u00e4lt verst\u00f6rende Bilder!<\/strong><\/p>\n<p>Die brasilianische Staatsanwaltschaft forderte am Mittwoch die Bundespolizei auf, wegen der landesweiten Stra\u00dfensperren\u00a0eine Untersuchung einzuleiten. Auch das bisherige\u00a0Vorgehen der Verkehrspolizei solle gepr\u00fcft werden, hie\u00df es.<\/p>\n<p>Am selben Tag rief der noch amtierende Staatschef seine Anh\u00e4nger auf, die Stra\u00dfensperren aufzuheben. Denn sie beeintr\u00e4chtigten die Bewegungsfreiheit der Menschen und schadeten au\u00dferdem der brasilianischen Wirtschaft. In der ersten \u00f6ffentlichen Stellungnahme nach seiner Wahlniederlage\u00a0begr\u00fc\u00dfte\u00a0Bolsonaro zugleich die Demonstrationen seiner Anh\u00e4nger. Sie seien das Ergebnis von Emp\u00f6rung und einem Gef\u00fchl der Ungerechtigkeit \u00fcber die Art und Weise, wie der Wahlprozess\u00a0durchgef\u00fchrt worden\u00a0sei.\u00a0Andere Demonstrationen auf Pl\u00e4tzen und an \u00f6ffentlichen Orten seien Teil des demokratischen Spiels.<\/p>\n<div class=\"EmbedBlock-root EmbedBlock-twitter\">\n<div class=\"TwitterEmbed\">\n<blockquote class=\"twitter-tweet lazyload\" data-twitter=\"twitter-tweet\">\n<p lang=\"es\" dir=\"ltr\">&#8211; Presidente Jair Bolsonaro pede a manifestantes que desobstruam as rodovias: <a rel=\"nofollow noopener\" target=\"_blank\" href=\"https:\/\/t.co\/ztRXh3IQWu\">pic.twitter.com\/ztRXh3IQWu<\/a><\/p>\n<p>\u2014 Jair M. Bolsonaro 2\ufe0f\u20e32\ufe0f\u20e3 (@jairbolsonaro) <a rel=\"nofollow noopener\" target=\"_blank\" href=\"https:\/\/twitter.com\/jairbolsonaro\/status\/1587937176741851137?ref_src=twsrc%5Etfw\">November 2, 2022<\/a><\/p><\/blockquote>\n<\/div>\n<\/div>\n<p>Bolsonaros Anh\u00e4nger hatten in der Nacht zum Montag begonnen, Stra\u00dfensperren zu errichten, nachdem der linke Pr\u00e4sidentschaftskandidat und Ex-Staatschef Luiz In\u00e1cio Lula da Silva in der Stichwahl 50,9 Prozent der Stimmen auf sich vereint hatte. Nach <em>G1<\/em>-Angaben wurden am Mittwochnachmittag in diversen Regionen Brasiliens noch 150 Stra\u00dfensperren registriert. Die Polizei l\u00f6ste nach eigenen Angaben insgesamt 688 Blockaden auf.<\/p>\n<p>Am Mittwoch versammelten sich dar\u00fcber hinaus Tausende von Anh\u00e4ngern des abgew\u00e4hlten Staatschefs vor Milit\u00e4reinrichtungen in Metropolen wie Rio de Janeiro, S\u00e3o Paulo und Bras\u00edlia, um ein Eingreifen des Milit\u00e4rs zu fordern. Derartige Aktionen wurden \u00fcber die sozialen Netzwerke organisiert. Das Nachrichtenportal <em>UOL <\/em><a rel=\"nofollow noopener\" target=\"_blank\" href=\"https:\/\/noticias.uol.com.br\/politica\/ultimas-noticias\/2022\/11\/02\/protesto-brasilia.htm\">zitierte<\/a> eine Protestierende, die behauptete, dass die Wahl alles andere als sauber gewesen sei. Die Armee solle die Kasernen verlassen und die Bev\u00f6lkerung vor dem Kommunismus sch\u00fctzen. Bislang wurden aber keine Zwischenf\u00e4lle vor den Milit\u00e4reinrichtungen gemeldet.<\/p>\n<p><strong>Mehr zum Thema<\/strong> &#8211;\u00a0<a rel=\"nofollow noopener\" target=\"_blank\" href=\"https:\/\/de.rt.com\/europa\/153013-brasiliens-neuer-praesident-eu-schuldig\/\">Brasiliens neuer Pr\u00e4sident: EU schuldig am Ukraine-Konflikt<\/a><\/p>\n<\/p>\n<\/div>\n<p><script async src=\"https:\/\/platform.twitter.com\/widgets.js\" charset=\"utf-8\"><\/script><br \/>\n<br \/><br \/>\n<br \/><a href=\"https:\/\/de.rt.com\/amerika\/153304-proteste-nach-praesidentenwahl-in-brasilien\/\">Source link <\/a><\/p>\n","protected":false},"excerpt":{"rendered":"<p>Nach den Pr\u00e4sidentenwahlen am Wochenende kommt Brasilien nicht zur Ruhe. Anh\u00e4nger des abgew\u00e4hlten Staatschefs Jair Bolsonaro blockieren weiter mehrere Stra\u00dfen und fordern sogar ein Eingreifen des Milit\u00e4rs. Es gibt bereits einen ersten schweren Zwischenfall. Am Mittwoch ist es auf einer von Anh\u00e4ngern des abgew\u00e4hlten Pr\u00e4sidenten Jair Bolsonaro blockierten Stra\u00dfe zu einem Zwischenfall mit Verletzten gekommen. [&hellip;]<\/p>\n","protected":false},"author":3,"featured_media":22387,"comment_status":"open","ping_status":"open","sticky":false,"template":"","format":"standard","meta":{"wp_automatic_camp":["217"],"0e413019e2f027f8411d3c1bb523b5e2":["Proteste nach Pr\u00e4sidentenwahl in Brasilien: Auto f\u00e4hrt in Stra\u00dfenblockade von Bolsonaro-Anh\u00e4ngern"],"original_link":["https:\/\/de.rt.com\/amerika\/153304-proteste-nach-praesidentenwahl-in-brasilien\/"],"_thumbnail_id":["22387"],"_wptg_p2tg_sent2tg":["2022-11-03 15:52:40"],"jnews_social_counter_last_update":["1777505115"]},"categories":[19,23],"tags":[4109,35291,10646,23575,979,3319,3824,35290,50],"yoast_head":"<!-- This site is optimized with the Yoast SEO Premium plugin v22.7 (Yoast SEO v22.7) - https:\/\/yoast.com\/wordpress\/plugins\/seo\/ -->\n<title>Proteste nach Pr\u00e4sidentenwahl in Brasilien: Auto f\u00e4hrt in Stra\u00dfenblockade von Bolsonaro-Anh\u00e4ngern - just-now.NEWS Deutschland<\/title>\n<meta name=\"robots\" content=\"index, follow, max-snippet:-1, max-image-preview:large, max-video-preview:-1\" \/>\n<link rel=\"canonical\" href=\"https:\/\/now-news.de\/de\/deutschland\/proteste-nach-praesidentenwahl-in-brasilien-auto-faehrt-in-strassenblockade-von-bolsonaro-anhaengern\/\" \/>\n<meta property=\"og:locale\" content=\"de_DE\" \/>\n<meta property=\"og:type\" content=\"article\" \/>\n<meta property=\"og:title\" content=\"Proteste nach Pr\u00e4sidentenwahl in Brasilien: Auto f\u00e4hrt in Stra\u00dfenblockade von Bolsonaro-Anh\u00e4ngern\" \/>\n<meta property=\"og:description\" content=\"Nach den Pr\u00e4sidentenwahlen am Wochenende kommt Brasilien nicht zur Ruhe. Anh\u00e4nger des abgew\u00e4hlten Staatschefs Jair Bolsonaro blockieren weiter mehrere Stra\u00dfen und fordern sogar ein Eingreifen des Milit\u00e4rs. Es gibt bereits einen ersten schweren Zwischenfall. Am Mittwoch ist es auf einer von Anh\u00e4ngern des abgew\u00e4hlten Pr\u00e4sidenten Jair Bolsonaro blockierten Stra\u00dfe zu einem Zwischenfall mit Verletzten gekommen. [&hellip;]\" \/>\n<meta property=\"og:url\" content=\"https:\/\/now-news.de\/de\/deutschland\/proteste-nach-praesidentenwahl-in-brasilien-auto-faehrt-in-strassenblockade-von-bolsonaro-anhaengern\/\" \/>\n<meta property=\"og:site_name\" content=\"just-now.NEWS Deutschland\" \/>\n<meta property=\"article:publisher\" content=\"https:\/\/www.facebook.com\/wirmachenauf\" \/>\n<meta property=\"article:published_time\" content=\"2022-11-03T13:45:28+00:00\" \/>\n<meta property=\"og:image\" content=\"https:\/\/now-news.de\/de\/wp-content\/uploads\/sites\/3\/2022\/11\/Proteste-nach-Praesidentenwahl-in-Brasilien-Auto-faehrt-in-Strassenblockade-von.jpg\" \/>\n\t<meta property=\"og:image:width\" content=\"460\" \/>\n\t<meta property=\"og:image:height\" content=\"259\" \/>\n\t<meta property=\"og:image:type\" content=\"image\/jpeg\" \/>\n<meta name=\"author\" content=\"rtnews\" \/>\n<meta name=\"twitter:card\" content=\"summary_large_image\" \/>\n<meta name=\"twitter:creator\" content=\"@WirMachenAuf_de\" \/>\n<meta name=\"twitter:site\" content=\"@WirMachenAuf_de\" \/>\n<meta name=\"twitter:label1\" content=\"Verfasst von\" \/>\n\t<meta name=\"twitter:data1\" content=\"rtnews\" \/>\n\t<meta name=\"twitter:label2\" content=\"Gesch\u00e4tzte Lesezeit\" \/>\n\t<meta name=\"twitter:data2\" content=\"2\u00a0Minuten\" \/>\n<script type=\"application\/ld+json\" class=\"yoast-schema-graph\">{\"@context\":\"https:\/\/schema.org\",\"@graph\":[{\"@type\":\"Article\",\"@id\":\"https:\/\/now-news.de\/de\/deutschland\/proteste-nach-praesidentenwahl-in-brasilien-auto-faehrt-in-strassenblockade-von-bolsonaro-anhaengern\/#article\",\"isPartOf\":{\"@id\":\"https:\/\/now-news.de\/de\/deutschland\/proteste-nach-praesidentenwahl-in-brasilien-auto-faehrt-in-strassenblockade-von-bolsonaro-anhaengern\/\"},\"author\":{\"name\":\"rtnews\",\"@id\":\"https:\/\/now-news.de\/de\/#\/schema\/person\/fb534a4e865501d8b3285208df34a9b5\"},\"headline\":\"Proteste nach Pr\u00e4sidentenwahl in Brasilien: Auto f\u00e4hrt in Stra\u00dfenblockade von Bolsonaro-Anh\u00e4ngern\",\"datePublished\":\"2022-11-03T13:45:28+00:00\",\"dateModified\":\"2022-11-03T13:45:28+00:00\",\"mainEntityOfPage\":{\"@id\":\"https:\/\/now-news.de\/de\/deutschland\/proteste-nach-praesidentenwahl-in-brasilien-auto-faehrt-in-strassenblockade-von-bolsonaro-anhaengern\/\"},\"wordCount\":460,\"commentCount\":0,\"publisher\":{\"@id\":\"https:\/\/now-news.de\/de\/#organization\"},\"image\":{\"@id\":\"https:\/\/now-news.de\/de\/deutschland\/proteste-nach-praesidentenwahl-in-brasilien-auto-faehrt-in-strassenblockade-von-bolsonaro-anhaengern\/#primaryimage\"},\"thumbnailUrl\":\"https:\/\/now-news.de\/de\/wp-content\/uploads\/sites\/3\/2022\/11\/Proteste-nach-Praesidentenwahl-in-Brasilien-Auto-faehrt-in-Strassenblockade-von.jpg\",\"keywords\":[\"Auto\",\"BolsonaroAnh\u00e4ngern\",\"Brasilien\",\"f\u00e4hrt\",\"nach\",\"Pr\u00e4sidentenWahl\",\"Proteste\",\"Stra\u00dfenblockade\",\"von\"],\"articleSection\":[\"Deutschland\",\"Russland\"],\"inLanguage\":\"de\",\"potentialAction\":[{\"@type\":\"CommentAction\",\"name\":\"Comment\",\"target\":[\"https:\/\/now-news.de\/de\/deutschland\/proteste-nach-praesidentenwahl-in-brasilien-auto-faehrt-in-strassenblockade-von-bolsonaro-anhaengern\/#respond\"]}]},{\"@type\":\"WebPage\",\"@id\":\"https:\/\/now-news.de\/de\/deutschland\/proteste-nach-praesidentenwahl-in-brasilien-auto-faehrt-in-strassenblockade-von-bolsonaro-anhaengern\/\",\"url\":\"https:\/\/now-news.de\/de\/deutschland\/proteste-nach-praesidentenwahl-in-brasilien-auto-faehrt-in-strassenblockade-von-bolsonaro-anhaengern\/\",\"name\":\"Proteste nach Pr\u00e4sidentenwahl in Brasilien: Auto f\u00e4hrt in Stra\u00dfenblockade von Bolsonaro-Anh\u00e4ngern - just-now.NEWS Deutschland\",\"isPartOf\":{\"@id\":\"https:\/\/now-news.de\/de\/#website\"},\"primaryImageOfPage\":{\"@id\":\"https:\/\/now-news.de\/de\/deutschland\/proteste-nach-praesidentenwahl-in-brasilien-auto-faehrt-in-strassenblockade-von-bolsonaro-anhaengern\/#primaryimage\"},\"image\":{\"@id\":\"https:\/\/now-news.de\/de\/deutschland\/proteste-nach-praesidentenwahl-in-brasilien-auto-faehrt-in-strassenblockade-von-bolsonaro-anhaengern\/#primaryimage\"},\"thumbnailUrl\":\"https:\/\/now-news.de\/de\/wp-content\/uploads\/sites\/3\/2022\/11\/Proteste-nach-Praesidentenwahl-in-Brasilien-Auto-faehrt-in-Strassenblockade-von.jpg\",\"datePublished\":\"2022-11-03T13:45:28+00:00\",\"dateModified\":\"2022-11-03T13:45:28+00:00\",\"breadcrumb\":{\"@id\":\"https:\/\/now-news.de\/de\/deutschland\/proteste-nach-praesidentenwahl-in-brasilien-auto-faehrt-in-strassenblockade-von-bolsonaro-anhaengern\/#breadcrumb\"},\"inLanguage\":\"de\",\"potentialAction\":[{\"@type\":\"ReadAction\",\"target\":[\"https:\/\/now-news.de\/de\/deutschland\/proteste-nach-praesidentenwahl-in-brasilien-auto-faehrt-in-strassenblockade-von-bolsonaro-anhaengern\/\"]}]},{\"@type\":\"ImageObject\",\"inLanguage\":\"de\",\"@id\":\"https:\/\/now-news.de\/de\/deutschland\/proteste-nach-praesidentenwahl-in-brasilien-auto-faehrt-in-strassenblockade-von-bolsonaro-anhaengern\/#primaryimage\",\"url\":\"https:\/\/now-news.de\/de\/wp-content\/uploads\/sites\/3\/2022\/11\/Proteste-nach-Praesidentenwahl-in-Brasilien-Auto-faehrt-in-Strassenblockade-von.jpg\",\"contentUrl\":\"https:\/\/now-news.de\/de\/wp-content\/uploads\/sites\/3\/2022\/11\/Proteste-nach-Praesidentenwahl-in-Brasilien-Auto-faehrt-in-Strassenblockade-von.jpg\",\"width\":460,\"height\":259,\"caption\":\"Proteste nach Pr\u00e4sidentenwahl in Brasilien: Auto f\u00e4hrt in Stra\u00dfenblockade von Bolsonaro-Anh\u00e4ngern\"},{\"@type\":\"BreadcrumbList\",\"@id\":\"https:\/\/now-news.de\/de\/deutschland\/proteste-nach-praesidentenwahl-in-brasilien-auto-faehrt-in-strassenblockade-von-bolsonaro-anhaengern\/#breadcrumb\",\"itemListElement\":[{\"@type\":\"ListItem\",\"position\":1,\"name\":\"Home\",\"item\":\"https:\/\/now-news.de\/de\/\"},{\"@type\":\"ListItem\",\"position\":2,\"name\":\"Proteste nach Pr\u00e4sidentenwahl in Brasilien: Auto f\u00e4hrt in Stra\u00dfenblockade von Bolsonaro-Anh\u00e4ngern\"}]},{\"@type\":\"WebSite\",\"@id\":\"https:\/\/now-news.de\/de\/#website\",\"url\":\"https:\/\/now-news.de\/de\/\",\"name\":\"just-now.NEWS Deutschland\",\"description\":\"Das Portal f\u00fcr unzensierte Nachrichten aus der Welt\",\"publisher\":{\"@id\":\"https:\/\/now-news.de\/de\/#organization\"},\"potentialAction\":[{\"@type\":\"SearchAction\",\"target\":{\"@type\":\"EntryPoint\",\"urlTemplate\":\"https:\/\/now-news.de\/de\/?s={search_term_string}\"},\"query-input\":\"required name=search_term_string\"}],\"inLanguage\":\"de\"},{\"@type\":\"Organization\",\"@id\":\"https:\/\/now-news.de\/de\/#organization\",\"name\":\"Just Now News\",\"url\":\"https:\/\/now-news.de\/de\/\",\"logo\":{\"@type\":\"ImageObject\",\"inLanguage\":\"de\",\"@id\":\"https:\/\/now-news.de\/de\/#\/schema\/logo\/image\/\",\"url\":\"http:\/\/just-now.news\/de\/wp-content\/uploads\/sites\/3\/2022\/04\/logo500x500.jpg\",\"contentUrl\":\"http:\/\/just-now.news\/de\/wp-content\/uploads\/sites\/3\/2022\/04\/logo500x500.jpg\",\"width\":500,\"height\":500,\"caption\":\"Just Now News\"},\"image\":{\"@id\":\"https:\/\/now-news.de\/de\/#\/schema\/logo\/image\/\"},\"sameAs\":[\"https:\/\/www.facebook.com\/wirmachenauf\",\"https:\/\/x.com\/WirMachenAuf_de\"]},{\"@type\":\"Person\",\"@id\":\"https:\/\/now-news.de\/de\/#\/schema\/person\/fb534a4e865501d8b3285208df34a9b5\",\"name\":\"rtnews\",\"image\":{\"@type\":\"ImageObject\",\"inLanguage\":\"de\",\"@id\":\"https:\/\/now-news.de\/de\/#\/schema\/person\/image\/\",\"url\":\"https:\/\/secure.gravatar.com\/avatar\/82aafea7d8127119dd649515f56e2117?s=96&d=mm&r=g\",\"contentUrl\":\"https:\/\/secure.gravatar.com\/avatar\/82aafea7d8127119dd649515f56e2117?s=96&d=mm&r=g\",\"caption\":\"rtnews\"},\"url\":\"https:\/\/now-news.de\/de\/author\/rnews\/\"}]}<\/script>\n<!-- \/ Yoast SEO Premium plugin. -->","yoast_head_json":{"title":"Proteste nach Pr\u00e4sidentenwahl in Brasilien: Auto f\u00e4hrt in Stra\u00dfenblockade von Bolsonaro-Anh\u00e4ngern - just-now.NEWS Deutschland","robots":{"index":"index","follow":"follow","max-snippet":"max-snippet:-1","max-image-preview":"max-image-preview:large","max-video-preview":"max-video-preview:-1"},"canonical":"https:\/\/now-news.de\/de\/deutschland\/proteste-nach-praesidentenwahl-in-brasilien-auto-faehrt-in-strassenblockade-von-bolsonaro-anhaengern\/","og_locale":"de_DE","og_type":"article","og_title":"Proteste nach Pr\u00e4sidentenwahl in Brasilien: Auto f\u00e4hrt in Stra\u00dfenblockade von Bolsonaro-Anh\u00e4ngern","og_description":"Nach den Pr\u00e4sidentenwahlen am Wochenende kommt Brasilien nicht zur Ruhe. Anh\u00e4nger des abgew\u00e4hlten Staatschefs Jair Bolsonaro blockieren weiter mehrere Stra\u00dfen und fordern sogar ein Eingreifen des Milit\u00e4rs. Es gibt bereits einen ersten schweren Zwischenfall. Am Mittwoch ist es auf einer von Anh\u00e4ngern des abgew\u00e4hlten Pr\u00e4sidenten Jair Bolsonaro blockierten Stra\u00dfe zu einem Zwischenfall mit Verletzten gekommen. [&hellip;]","og_url":"https:\/\/now-news.de\/de\/deutschland\/proteste-nach-praesidentenwahl-in-brasilien-auto-faehrt-in-strassenblockade-von-bolsonaro-anhaengern\/","og_site_name":"just-now.NEWS Deutschland","article_publisher":"https:\/\/www.facebook.com\/wirmachenauf","article_published_time":"2022-11-03T13:45:28+00:00","og_image":[{"width":460,"height":259,"url":"https:\/\/now-news.de\/de\/wp-content\/uploads\/sites\/3\/2022\/11\/Proteste-nach-Praesidentenwahl-in-Brasilien-Auto-faehrt-in-Strassenblockade-von.jpg","type":"image\/jpeg"}],"author":"rtnews","twitter_card":"summary_large_image","twitter_creator":"@WirMachenAuf_de","twitter_site":"@WirMachenAuf_de","twitter_misc":{"Verfasst von":"rtnews","Gesch\u00e4tzte Lesezeit":"2\u00a0Minuten"},"schema":{"@context":"https:\/\/schema.org","@graph":[{"@type":"Article","@id":"https:\/\/now-news.de\/de\/deutschland\/proteste-nach-praesidentenwahl-in-brasilien-auto-faehrt-in-strassenblockade-von-bolsonaro-anhaengern\/#article","isPartOf":{"@id":"https:\/\/now-news.de\/de\/deutschland\/proteste-nach-praesidentenwahl-in-brasilien-auto-faehrt-in-strassenblockade-von-bolsonaro-anhaengern\/"},"author":{"name":"rtnews","@id":"https:\/\/now-news.de\/de\/#\/schema\/person\/fb534a4e865501d8b3285208df34a9b5"},"headline":"Proteste nach Pr\u00e4sidentenwahl in Brasilien: Auto f\u00e4hrt in Stra\u00dfenblockade von Bolsonaro-Anh\u00e4ngern","datePublished":"2022-11-03T13:45:28+00:00","dateModified":"2022-11-03T13:45:28+00:00","mainEntityOfPage":{"@id":"https:\/\/now-news.de\/de\/deutschland\/proteste-nach-praesidentenwahl-in-brasilien-auto-faehrt-in-strassenblockade-von-bolsonaro-anhaengern\/"},"wordCount":460,"commentCount":0,"publisher":{"@id":"https:\/\/now-news.de\/de\/#organization"},"image":{"@id":"https:\/\/now-news.de\/de\/deutschland\/proteste-nach-praesidentenwahl-in-brasilien-auto-faehrt-in-strassenblockade-von-bolsonaro-anhaengern\/#primaryimage"},"thumbnailUrl":"https:\/\/now-news.de\/de\/wp-content\/uploads\/sites\/3\/2022\/11\/Proteste-nach-Praesidentenwahl-in-Brasilien-Auto-faehrt-in-Strassenblockade-von.jpg","keywords":["Auto","BolsonaroAnh\u00e4ngern","Brasilien","f\u00e4hrt","nach","Pr\u00e4sidentenWahl","Proteste","Stra\u00dfenblockade","von"],"articleSection":["Deutschland","Russland"],"inLanguage":"de","potentialAction":[{"@type":"CommentAction","name":"Comment","target":["https:\/\/now-news.de\/de\/deutschland\/proteste-nach-praesidentenwahl-in-brasilien-auto-faehrt-in-strassenblockade-von-bolsonaro-anhaengern\/#respond"]}]},{"@type":"WebPage","@id":"https:\/\/now-news.de\/de\/deutschland\/proteste-nach-praesidentenwahl-in-brasilien-auto-faehrt-in-strassenblockade-von-bolsonaro-anhaengern\/","url":"https:\/\/now-news.de\/de\/deutschland\/proteste-nach-praesidentenwahl-in-brasilien-auto-faehrt-in-strassenblockade-von-bolsonaro-anhaengern\/","name":"Proteste nach Pr\u00e4sidentenwahl in Brasilien: Auto f\u00e4hrt in Stra\u00dfenblockade von Bolsonaro-Anh\u00e4ngern - just-now.NEWS Deutschland","isPartOf":{"@id":"https:\/\/now-news.de\/de\/#website"},"primaryImageOfPage":{"@id":"https:\/\/now-news.de\/de\/deutschland\/proteste-nach-praesidentenwahl-in-brasilien-auto-faehrt-in-strassenblockade-von-bolsonaro-anhaengern\/#primaryimage"},"image":{"@id":"https:\/\/now-news.de\/de\/deutschland\/proteste-nach-praesidentenwahl-in-brasilien-auto-faehrt-in-strassenblockade-von-bolsonaro-anhaengern\/#primaryimage"},"thumbnailUrl":"https:\/\/now-news.de\/de\/wp-content\/uploads\/sites\/3\/2022\/11\/Proteste-nach-Praesidentenwahl-in-Brasilien-Auto-faehrt-in-Strassenblockade-von.jpg","datePublished":"2022-11-03T13:45:28+00:00","dateModified":"2022-11-03T13:45:28+00:00","breadcrumb":{"@id":"https:\/\/now-news.de\/de\/deutschland\/proteste-nach-praesidentenwahl-in-brasilien-auto-faehrt-in-strassenblockade-von-bolsonaro-anhaengern\/#breadcrumb"},"inLanguage":"de","potentialAction":[{"@type":"ReadAction","target":["https:\/\/now-news.de\/de\/deutschland\/proteste-nach-praesidentenwahl-in-brasilien-auto-faehrt-in-strassenblockade-von-bolsonaro-anhaengern\/"]}]},{"@type":"ImageObject","inLanguage":"de","@id":"https:\/\/now-news.de\/de\/deutschland\/proteste-nach-praesidentenwahl-in-brasilien-auto-faehrt-in-strassenblockade-von-bolsonaro-anhaengern\/#primaryimage","url":"https:\/\/now-news.de\/de\/wp-content\/uploads\/sites\/3\/2022\/11\/Proteste-nach-Praesidentenwahl-in-Brasilien-Auto-faehrt-in-Strassenblockade-von.jpg","contentUrl":"https:\/\/now-news.de\/de\/wp-content\/uploads\/sites\/3\/2022\/11\/Proteste-nach-Praesidentenwahl-in-Brasilien-Auto-faehrt-in-Strassenblockade-von.jpg","width":460,"height":259,"caption":"Proteste nach Pr\u00e4sidentenwahl in Brasilien: Auto f\u00e4hrt in Stra\u00dfenblockade von Bolsonaro-Anh\u00e4ngern"},{"@type":"BreadcrumbList","@id":"https:\/\/now-news.de\/de\/deutschland\/proteste-nach-praesidentenwahl-in-brasilien-auto-faehrt-in-strassenblockade-von-bolsonaro-anhaengern\/#breadcrumb","itemListElement":[{"@type":"ListItem","position":1,"name":"Home","item":"https:\/\/now-news.de\/de\/"},{"@type":"ListItem","position":2,"name":"Proteste nach Pr\u00e4sidentenwahl in Brasilien: Auto f\u00e4hrt in Stra\u00dfenblockade von Bolsonaro-Anh\u00e4ngern"}]},{"@type":"WebSite","@id":"https:\/\/now-news.de\/de\/#website","url":"https:\/\/now-news.de\/de\/","name":"just-now.NEWS Deutschland","description":"Das Portal f\u00fcr unzensierte Nachrichten aus der Welt","publisher":{"@id":"https:\/\/now-news.de\/de\/#organization"},"potentialAction":[{"@type":"SearchAction","target":{"@type":"EntryPoint","urlTemplate":"https:\/\/now-news.de\/de\/?s={search_term_string}"},"query-input":"required name=search_term_string"}],"inLanguage":"de"},{"@type":"Organization","@id":"https:\/\/now-news.de\/de\/#organization","name":"Just Now News","url":"https:\/\/now-news.de\/de\/","logo":{"@type":"ImageObject","inLanguage":"de","@id":"https:\/\/now-news.de\/de\/#\/schema\/logo\/image\/","url":"http:\/\/just-now.news\/de\/wp-content\/uploads\/sites\/3\/2022\/04\/logo500x500.jpg","contentUrl":"http:\/\/just-now.news\/de\/wp-content\/uploads\/sites\/3\/2022\/04\/logo500x500.jpg","width":500,"height":500,"caption":"Just Now News"},"image":{"@id":"https:\/\/now-news.de\/de\/#\/schema\/logo\/image\/"},"sameAs":["https:\/\/www.facebook.com\/wirmachenauf","https:\/\/x.com\/WirMachenAuf_de"]},{"@type":"Person","@id":"https:\/\/now-news.de\/de\/#\/schema\/person\/fb534a4e865501d8b3285208df34a9b5","name":"rtnews","image":{"@type":"ImageObject","inLanguage":"de","@id":"https:\/\/now-news.de\/de\/#\/schema\/person\/image\/","url":"https:\/\/secure.gravatar.com\/avatar\/82aafea7d8127119dd649515f56e2117?s=96&d=mm&r=g","contentUrl":"https:\/\/secure.gravatar.com\/avatar\/82aafea7d8127119dd649515f56e2117?s=96&d=mm&r=g","caption":"rtnews"},"url":"https:\/\/now-news.de\/de\/author\/rnews\/"}]}},"_links":{"self":[{"href":"https:\/\/now-news.de\/de\/wp-json\/wp\/v2\/posts\/22386"}],"collection":[{"href":"https:\/\/now-news.de\/de\/wp-json\/wp\/v2\/posts"}],"about":[{"href":"https:\/\/now-news.de\/de\/wp-json\/wp\/v2\/types\/post"}],"author":[{"embeddable":true,"href":"https:\/\/now-news.de\/de\/wp-json\/wp\/v2\/users\/3"}],"replies":[{"embeddable":true,"href":"https:\/\/now-news.de\/de\/wp-json\/wp\/v2\/comments?post=22386"}],"version-history":[{"count":0,"href":"https:\/\/now-news.de\/de\/wp-json\/wp\/v2\/posts\/22386\/revisions"}],"wp:featuredmedia":[{"embeddable":true,"href":"https:\/\/now-news.de\/de\/wp-json\/wp\/v2\/media\/22387"}],"wp:attachment":[{"href":"https:\/\/now-news.de\/de\/wp-json\/wp\/v2\/media?parent=22386"}],"wp:term":[{"taxonomy":"category","embeddable":true,"href":"https:\/\/now-news.de\/de\/wp-json\/wp\/v2\/categories?post=22386"},{"taxonomy":"post_tag","embeddable":true,"href":"https:\/\/now-news.de\/de\/wp-json\/wp\/v2\/tags?post=22386"}],"curies":[{"name":"wp","href":"https:\/\/api.w.org\/{rel}","templated":true}]}}