{"id":22384,"date":"2022-11-03T15:20:32","date_gmt":"2022-11-03T13:20:32","guid":{"rendered":"http:\/\/just-now.news\/de\/deutschland\/berlin-radfahrerin-verstorben-erstes-todesopfer-der-klimaproteste\/"},"modified":"2022-11-03T15:20:32","modified_gmt":"2022-11-03T13:20:32","slug":"berlin-radfahrerin-verstorben-erstes-todesopfer-der-klimaproteste","status":"publish","type":"post","link":"https:\/\/now-news.de\/de\/deutschland\/berlin-radfahrerin-verstorben-erstes-todesopfer-der-klimaproteste\/","title":{"rendered":"Berlin: Radfahrerin verstorben \u2013 erstes Todesopfer der &quot;Klimaproteste&quot;?"},"content":{"rendered":"<p><img decoding=\"async\" src=\"http:\/\/just-now.news\/de\/wp-content\/uploads\/sites\/3\/2022\/11\/6363b6f248fbef190109df88.jpg\" \/><\/p>\n<div class=\"Text-root Text-type_1 \">\n                Aktivisten, die sich auf Stra\u00dfen festkleben, nerven nicht nur viele, die auf dem Weg zur Arbeit sind, sie gef\u00e4hrden auch andere. In Berlin wurde j\u00fcngst ein Einsatzwagen der Feuerwehr behindert, der eine Eingeklemmte befreien sollte. Nun ist das Opfer verstorben.\n            <\/div>\n<p><\/p>\n<div class=\"Text-root Text-type_5 ArticleView-text ViewText-root \">\n<p>Die Polizeidirektion Berlin <a rel=\"nofollow noopener\" target=\"_blank\" href=\"https:\/\/www.berlin.de\/polizei\/polizeimeldungen\/2022\/pressemitteilung.1260118.php\">teilte<\/a> heute mit, dass die Radfahrerin, die in Wilmersdorf unter einen Betonmischer geraten war und dabei lebensgef\u00e4hrlich verletzt wurde, am Vormittag im Krankenhaus verstorben ist.<\/p>\n<p>Der Fahrer des Betonmischers, der nach dem Unfall von einem Mann mit einem Messer angegriffen wurde, hat das Krankenhaus mittlerweile wieder verlassen. Inzwischen wurde nach Polizeiangaben ein Tatverd\u00e4chtiger festgenommen. Die Kamera eines vorbeifahrenden Autos <a rel=\"nofollow noopener\" target=\"_blank\" href=\"https:\/\/www.bz-berlin.de\/berlin\/charlottenburg-wilmersdorf\/betonmischer-unfall-messerstecher-festgenommen\">hatte<\/a> ihn zuf\u00e4llig aufgenommen.<\/p>\n<p>Der Einsatzwagen der Feuerwehr, der die Eingeklemmte befreien sollte, war aufgrund eines &#8220;Klimaprotestes&#8221; der &#8220;Letzten Generation&#8221; auf dem Weg zum Unfallort aufgehalten worden. Noch ist unklar, ob diese Verz\u00f6gerung zum Tod des Unfallopfers f\u00fchrte.<\/p>\n<p>Bisher wird gegen zwei der Blockierer nur wegen unterlassener Hilfeleistung beziehungsweise Behinderung hilfeleistender Personen ermittelt, nicht einmal wegen gef\u00e4hrlichen Eingriffs in den Stra\u00dfenverkehr. Es ist auch kein Fall bekannt, in dem gegen Teilnehmer solcher &#8220;Klimaproteste&#8221; h\u00f6here Geldstrafen verh\u00e4ngt wurden.<\/p>\n<p>Zuletzt hatte Berlins Regierende B\u00fcrgermeisterin erkl\u00e4rt, &#8220;die Form dieses Protestes, die zu einer Gef\u00e4hrdung der \u00f6ffentlichen Sicherheit und Ordnung f\u00fchrt, ist unangemessen.&#8221; Einer der Aktivisten <a rel=\"nofollow noopener\" target=\"_blank\" href=\"https:\/\/www.bild.de\/bild-plus\/news\/inland\/news-inland\/nach-schamlos-tweet-klima-extremist-tadzio-mueller-ploetzlich-kleinlaut-81798582.bild.html\">hatte<\/a> nach dem Vorfall noch auf Twitter geschrieben: &#8220;Schei\u00dfe, aber: nicht einsch\u00fcchtern lassen. Es ist Klimakampf, nicht Klimakuscheln &amp; shit happens&#8221;.<\/p>\n<p><strong>Mehr zum Thema<\/strong> &#8211; <a rel=\"nofollow noopener\" target=\"_blank\" href=\"https:\/\/de.rt.com\/inland\/153129-nach-blockade-rettungsfahrzeugs-polizei-ermittelt\/\">Nach Blockade eines Rettungsfahrzeugs: Polizei ermittelt gegen zwei Klima-&#8220;Aktivisten&#8221; <\/a><\/p>\n<\/div>\n<p><br \/>\n<br \/><a href=\"https:\/\/de.rt.com\/inland\/153332-berlin-radfahrerin-verstorben-erstes-todesopfer\/\">Source link <\/a><\/p>\n","protected":false},"excerpt":{"rendered":"<p>Aktivisten, die sich auf Stra\u00dfen festkleben, nerven nicht nur viele, die auf dem Weg zur Arbeit sind, sie gef\u00e4hrden auch andere. In Berlin wurde j\u00fcngst ein Einsatzwagen der Feuerwehr behindert, der eine Eingeklemmte befreien sollte. Nun ist das Opfer verstorben. Die Polizeidirektion Berlin teilte heute mit, dass die Radfahrerin, die in Wilmersdorf unter einen Betonmischer [&hellip;]<\/p>\n","protected":false},"author":3,"featured_media":22385,"comment_status":"open","ping_status":"open","sticky":false,"template":"","format":"standard","meta":{"wp_automatic_camp":["217"],"0f066f4fd1539498c35a62db50d049ca":["Berlin: Radfahrerin verstorben \u2013 erstes Todesopfer der &quot;Klimaproteste&quot;?"],"original_link":["https:\/\/de.rt.com\/inland\/153332-berlin-radfahrerin-verstorben-erstes-todesopfer\/"],"_thumbnail_id":["22385"],"_wptg_p2tg_sent2tg":["2022-11-03 15:36:33"],"jnews_social_counter_last_update":["1776875219"]},"categories":[19,23],"tags":[943,82,21061,34989,35118,6224,27023],"yoast_head":"<!-- This site is optimized with the Yoast SEO Premium plugin v22.7 (Yoast SEO v22.7) - https:\/\/yoast.com\/wordpress\/plugins\/seo\/ -->\n<title>Berlin: Radfahrerin verstorben \u2013 erstes Todesopfer der &quot;Klimaproteste&quot;? - just-now.NEWS Deutschland<\/title>\n<meta name=\"robots\" content=\"index, follow, max-snippet:-1, max-image-preview:large, max-video-preview:-1\" \/>\n<link rel=\"canonical\" href=\"https:\/\/now-news.de\/de\/deutschland\/berlin-radfahrerin-verstorben-erstes-todesopfer-der-klimaproteste\/\" \/>\n<meta property=\"og:locale\" content=\"de_DE\" \/>\n<meta property=\"og:type\" content=\"article\" \/>\n<meta property=\"og:title\" content=\"Berlin: Radfahrerin verstorben \u2013 erstes Todesopfer der &quot;Klimaproteste&quot;?\" \/>\n<meta property=\"og:description\" content=\"Aktivisten, die sich auf Stra\u00dfen festkleben, nerven nicht nur viele, die auf dem Weg zur Arbeit sind, sie gef\u00e4hrden auch andere. In Berlin wurde j\u00fcngst ein Einsatzwagen der Feuerwehr behindert, der eine Eingeklemmte befreien sollte. Nun ist das Opfer verstorben. Die Polizeidirektion Berlin teilte heute mit, dass die Radfahrerin, die in Wilmersdorf unter einen Betonmischer [&hellip;]\" \/>\n<meta property=\"og:url\" content=\"https:\/\/now-news.de\/de\/deutschland\/berlin-radfahrerin-verstorben-erstes-todesopfer-der-klimaproteste\/\" \/>\n<meta property=\"og:site_name\" content=\"just-now.NEWS Deutschland\" \/>\n<meta property=\"article:publisher\" content=\"https:\/\/www.facebook.com\/wirmachenauf\" \/>\n<meta property=\"article:published_time\" content=\"2022-11-03T13:20:32+00:00\" \/>\n<meta property=\"og:image\" content=\"https:\/\/now-news.de\/de\/wp-content\/uploads\/sites\/3\/2022\/11\/Berlin-Radfahrerin-verstorben-\u2013-erstes-Todesopfer-der-quotKlimaprotestequot.jpg\" \/>\n\t<meta property=\"og:image:width\" content=\"460\" \/>\n\t<meta property=\"og:image:height\" content=\"259\" \/>\n\t<meta property=\"og:image:type\" content=\"image\/jpeg\" \/>\n<meta name=\"author\" content=\"rtnews\" \/>\n<meta name=\"twitter:card\" content=\"summary_large_image\" \/>\n<meta name=\"twitter:creator\" content=\"@WirMachenAuf_de\" \/>\n<meta name=\"twitter:site\" content=\"@WirMachenAuf_de\" \/>\n<meta name=\"twitter:label1\" content=\"Verfasst von\" \/>\n\t<meta name=\"twitter:data1\" content=\"rtnews\" \/>\n\t<meta name=\"twitter:label2\" content=\"Gesch\u00e4tzte Lesezeit\" \/>\n\t<meta name=\"twitter:data2\" content=\"1\u00a0Minute\" \/>\n<script type=\"application\/ld+json\" class=\"yoast-schema-graph\">{\"@context\":\"https:\/\/schema.org\",\"@graph\":[{\"@type\":\"Article\",\"@id\":\"https:\/\/now-news.de\/de\/deutschland\/berlin-radfahrerin-verstorben-erstes-todesopfer-der-klimaproteste\/#article\",\"isPartOf\":{\"@id\":\"https:\/\/now-news.de\/de\/deutschland\/berlin-radfahrerin-verstorben-erstes-todesopfer-der-klimaproteste\/\"},\"author\":{\"name\":\"rtnews\",\"@id\":\"https:\/\/now-news.de\/de\/#\/schema\/person\/fb534a4e865501d8b3285208df34a9b5\"},\"headline\":\"Berlin: Radfahrerin verstorben \u2013 erstes Todesopfer der &quot;Klimaproteste&quot;?\",\"datePublished\":\"2022-11-03T13:20:32+00:00\",\"dateModified\":\"2022-11-03T13:20:32+00:00\",\"mainEntityOfPage\":{\"@id\":\"https:\/\/now-news.de\/de\/deutschland\/berlin-radfahrerin-verstorben-erstes-todesopfer-der-klimaproteste\/\"},\"wordCount\":269,\"commentCount\":0,\"publisher\":{\"@id\":\"https:\/\/now-news.de\/de\/#organization\"},\"image\":{\"@id\":\"https:\/\/now-news.de\/de\/deutschland\/berlin-radfahrerin-verstorben-erstes-todesopfer-der-klimaproteste\/#primaryimage\"},\"thumbnailUrl\":\"https:\/\/now-news.de\/de\/wp-content\/uploads\/sites\/3\/2022\/11\/Berlin-Radfahrerin-verstorben-\u2013-erstes-Todesopfer-der-quotKlimaprotestequot.jpg\",\"keywords\":[\"Berlin\",\"der\",\"Erstes\",\"quotKlimaprotestequot\",\"Radfahrerin\",\"Todesopfer\",\"verstorben\"],\"articleSection\":[\"Deutschland\",\"Russland\"],\"inLanguage\":\"de\",\"potentialAction\":[{\"@type\":\"CommentAction\",\"name\":\"Comment\",\"target\":[\"https:\/\/now-news.de\/de\/deutschland\/berlin-radfahrerin-verstorben-erstes-todesopfer-der-klimaproteste\/#respond\"]}]},{\"@type\":\"WebPage\",\"@id\":\"https:\/\/now-news.de\/de\/deutschland\/berlin-radfahrerin-verstorben-erstes-todesopfer-der-klimaproteste\/\",\"url\":\"https:\/\/now-news.de\/de\/deutschland\/berlin-radfahrerin-verstorben-erstes-todesopfer-der-klimaproteste\/\",\"name\":\"Berlin: Radfahrerin verstorben \u2013 erstes Todesopfer der &quot;Klimaproteste&quot;? - just-now.NEWS Deutschland\",\"isPartOf\":{\"@id\":\"https:\/\/now-news.de\/de\/#website\"},\"primaryImageOfPage\":{\"@id\":\"https:\/\/now-news.de\/de\/deutschland\/berlin-radfahrerin-verstorben-erstes-todesopfer-der-klimaproteste\/#primaryimage\"},\"image\":{\"@id\":\"https:\/\/now-news.de\/de\/deutschland\/berlin-radfahrerin-verstorben-erstes-todesopfer-der-klimaproteste\/#primaryimage\"},\"thumbnailUrl\":\"https:\/\/now-news.de\/de\/wp-content\/uploads\/sites\/3\/2022\/11\/Berlin-Radfahrerin-verstorben-\u2013-erstes-Todesopfer-der-quotKlimaprotestequot.jpg\",\"datePublished\":\"2022-11-03T13:20:32+00:00\",\"dateModified\":\"2022-11-03T13:20:32+00:00\",\"breadcrumb\":{\"@id\":\"https:\/\/now-news.de\/de\/deutschland\/berlin-radfahrerin-verstorben-erstes-todesopfer-der-klimaproteste\/#breadcrumb\"},\"inLanguage\":\"de\",\"potentialAction\":[{\"@type\":\"ReadAction\",\"target\":[\"https:\/\/now-news.de\/de\/deutschland\/berlin-radfahrerin-verstorben-erstes-todesopfer-der-klimaproteste\/\"]}]},{\"@type\":\"ImageObject\",\"inLanguage\":\"de\",\"@id\":\"https:\/\/now-news.de\/de\/deutschland\/berlin-radfahrerin-verstorben-erstes-todesopfer-der-klimaproteste\/#primaryimage\",\"url\":\"https:\/\/now-news.de\/de\/wp-content\/uploads\/sites\/3\/2022\/11\/Berlin-Radfahrerin-verstorben-\u2013-erstes-Todesopfer-der-quotKlimaprotestequot.jpg\",\"contentUrl\":\"https:\/\/now-news.de\/de\/wp-content\/uploads\/sites\/3\/2022\/11\/Berlin-Radfahrerin-verstorben-\u2013-erstes-Todesopfer-der-quotKlimaprotestequot.jpg\",\"width\":460,\"height\":259,\"caption\":\"Berlin: Radfahrerin verstorben \u2013 erstes Todesopfer der &quot;Klimaproteste&quot;?\"},{\"@type\":\"BreadcrumbList\",\"@id\":\"https:\/\/now-news.de\/de\/deutschland\/berlin-radfahrerin-verstorben-erstes-todesopfer-der-klimaproteste\/#breadcrumb\",\"itemListElement\":[{\"@type\":\"ListItem\",\"position\":1,\"name\":\"Home\",\"item\":\"https:\/\/now-news.de\/de\/\"},{\"@type\":\"ListItem\",\"position\":2,\"name\":\"Berlin: Radfahrerin verstorben \u2013 erstes Todesopfer der &quot;Klimaproteste&quot;?\"}]},{\"@type\":\"WebSite\",\"@id\":\"https:\/\/now-news.de\/de\/#website\",\"url\":\"https:\/\/now-news.de\/de\/\",\"name\":\"just-now.NEWS Deutschland\",\"description\":\"Das Portal f\u00fcr unzensierte Nachrichten aus der Welt\",\"publisher\":{\"@id\":\"https:\/\/now-news.de\/de\/#organization\"},\"potentialAction\":[{\"@type\":\"SearchAction\",\"target\":{\"@type\":\"EntryPoint\",\"urlTemplate\":\"https:\/\/now-news.de\/de\/?s={search_term_string}\"},\"query-input\":\"required name=search_term_string\"}],\"inLanguage\":\"de\"},{\"@type\":\"Organization\",\"@id\":\"https:\/\/now-news.de\/de\/#organization\",\"name\":\"Just Now News\",\"url\":\"https:\/\/now-news.de\/de\/\",\"logo\":{\"@type\":\"ImageObject\",\"inLanguage\":\"de\",\"@id\":\"https:\/\/now-news.de\/de\/#\/schema\/logo\/image\/\",\"url\":\"http:\/\/just-now.news\/de\/wp-content\/uploads\/sites\/3\/2022\/04\/logo500x500.jpg\",\"contentUrl\":\"http:\/\/just-now.news\/de\/wp-content\/uploads\/sites\/3\/2022\/04\/logo500x500.jpg\",\"width\":500,\"height\":500,\"caption\":\"Just Now News\"},\"image\":{\"@id\":\"https:\/\/now-news.de\/de\/#\/schema\/logo\/image\/\"},\"sameAs\":[\"https:\/\/www.facebook.com\/wirmachenauf\",\"https:\/\/x.com\/WirMachenAuf_de\"]},{\"@type\":\"Person\",\"@id\":\"https:\/\/now-news.de\/de\/#\/schema\/person\/fb534a4e865501d8b3285208df34a9b5\",\"name\":\"rtnews\",\"image\":{\"@type\":\"ImageObject\",\"inLanguage\":\"de\",\"@id\":\"https:\/\/now-news.de\/de\/#\/schema\/person\/image\/\",\"url\":\"https:\/\/secure.gravatar.com\/avatar\/82aafea7d8127119dd649515f56e2117?s=96&d=mm&r=g\",\"contentUrl\":\"https:\/\/secure.gravatar.com\/avatar\/82aafea7d8127119dd649515f56e2117?s=96&d=mm&r=g\",\"caption\":\"rtnews\"},\"url\":\"https:\/\/now-news.de\/de\/author\/rnews\/\"}]}<\/script>\n<!-- \/ Yoast SEO Premium plugin. -->","yoast_head_json":{"title":"Berlin: Radfahrerin verstorben \u2013 erstes Todesopfer der &quot;Klimaproteste&quot;? - just-now.NEWS Deutschland","robots":{"index":"index","follow":"follow","max-snippet":"max-snippet:-1","max-image-preview":"max-image-preview:large","max-video-preview":"max-video-preview:-1"},"canonical":"https:\/\/now-news.de\/de\/deutschland\/berlin-radfahrerin-verstorben-erstes-todesopfer-der-klimaproteste\/","og_locale":"de_DE","og_type":"article","og_title":"Berlin: Radfahrerin verstorben \u2013 erstes Todesopfer der &quot;Klimaproteste&quot;?","og_description":"Aktivisten, die sich auf Stra\u00dfen festkleben, nerven nicht nur viele, die auf dem Weg zur Arbeit sind, sie gef\u00e4hrden auch andere. In Berlin wurde j\u00fcngst ein Einsatzwagen der Feuerwehr behindert, der eine Eingeklemmte befreien sollte. Nun ist das Opfer verstorben. Die Polizeidirektion Berlin teilte heute mit, dass die Radfahrerin, die in Wilmersdorf unter einen Betonmischer [&hellip;]","og_url":"https:\/\/now-news.de\/de\/deutschland\/berlin-radfahrerin-verstorben-erstes-todesopfer-der-klimaproteste\/","og_site_name":"just-now.NEWS Deutschland","article_publisher":"https:\/\/www.facebook.com\/wirmachenauf","article_published_time":"2022-11-03T13:20:32+00:00","og_image":[{"width":460,"height":259,"url":"https:\/\/now-news.de\/de\/wp-content\/uploads\/sites\/3\/2022\/11\/Berlin-Radfahrerin-verstorben-\u2013-erstes-Todesopfer-der-quotKlimaprotestequot.jpg","type":"image\/jpeg"}],"author":"rtnews","twitter_card":"summary_large_image","twitter_creator":"@WirMachenAuf_de","twitter_site":"@WirMachenAuf_de","twitter_misc":{"Verfasst von":"rtnews","Gesch\u00e4tzte Lesezeit":"1\u00a0Minute"},"schema":{"@context":"https:\/\/schema.org","@graph":[{"@type":"Article","@id":"https:\/\/now-news.de\/de\/deutschland\/berlin-radfahrerin-verstorben-erstes-todesopfer-der-klimaproteste\/#article","isPartOf":{"@id":"https:\/\/now-news.de\/de\/deutschland\/berlin-radfahrerin-verstorben-erstes-todesopfer-der-klimaproteste\/"},"author":{"name":"rtnews","@id":"https:\/\/now-news.de\/de\/#\/schema\/person\/fb534a4e865501d8b3285208df34a9b5"},"headline":"Berlin: Radfahrerin verstorben \u2013 erstes Todesopfer der &quot;Klimaproteste&quot;?","datePublished":"2022-11-03T13:20:32+00:00","dateModified":"2022-11-03T13:20:32+00:00","mainEntityOfPage":{"@id":"https:\/\/now-news.de\/de\/deutschland\/berlin-radfahrerin-verstorben-erstes-todesopfer-der-klimaproteste\/"},"wordCount":269,"commentCount":0,"publisher":{"@id":"https:\/\/now-news.de\/de\/#organization"},"image":{"@id":"https:\/\/now-news.de\/de\/deutschland\/berlin-radfahrerin-verstorben-erstes-todesopfer-der-klimaproteste\/#primaryimage"},"thumbnailUrl":"https:\/\/now-news.de\/de\/wp-content\/uploads\/sites\/3\/2022\/11\/Berlin-Radfahrerin-verstorben-\u2013-erstes-Todesopfer-der-quotKlimaprotestequot.jpg","keywords":["Berlin","der","Erstes","quotKlimaprotestequot","Radfahrerin","Todesopfer","verstorben"],"articleSection":["Deutschland","Russland"],"inLanguage":"de","potentialAction":[{"@type":"CommentAction","name":"Comment","target":["https:\/\/now-news.de\/de\/deutschland\/berlin-radfahrerin-verstorben-erstes-todesopfer-der-klimaproteste\/#respond"]}]},{"@type":"WebPage","@id":"https:\/\/now-news.de\/de\/deutschland\/berlin-radfahrerin-verstorben-erstes-todesopfer-der-klimaproteste\/","url":"https:\/\/now-news.de\/de\/deutschland\/berlin-radfahrerin-verstorben-erstes-todesopfer-der-klimaproteste\/","name":"Berlin: Radfahrerin verstorben \u2013 erstes Todesopfer der &quot;Klimaproteste&quot;? - just-now.NEWS Deutschland","isPartOf":{"@id":"https:\/\/now-news.de\/de\/#website"},"primaryImageOfPage":{"@id":"https:\/\/now-news.de\/de\/deutschland\/berlin-radfahrerin-verstorben-erstes-todesopfer-der-klimaproteste\/#primaryimage"},"image":{"@id":"https:\/\/now-news.de\/de\/deutschland\/berlin-radfahrerin-verstorben-erstes-todesopfer-der-klimaproteste\/#primaryimage"},"thumbnailUrl":"https:\/\/now-news.de\/de\/wp-content\/uploads\/sites\/3\/2022\/11\/Berlin-Radfahrerin-verstorben-\u2013-erstes-Todesopfer-der-quotKlimaprotestequot.jpg","datePublished":"2022-11-03T13:20:32+00:00","dateModified":"2022-11-03T13:20:32+00:00","breadcrumb":{"@id":"https:\/\/now-news.de\/de\/deutschland\/berlin-radfahrerin-verstorben-erstes-todesopfer-der-klimaproteste\/#breadcrumb"},"inLanguage":"de","potentialAction":[{"@type":"ReadAction","target":["https:\/\/now-news.de\/de\/deutschland\/berlin-radfahrerin-verstorben-erstes-todesopfer-der-klimaproteste\/"]}]},{"@type":"ImageObject","inLanguage":"de","@id":"https:\/\/now-news.de\/de\/deutschland\/berlin-radfahrerin-verstorben-erstes-todesopfer-der-klimaproteste\/#primaryimage","url":"https:\/\/now-news.de\/de\/wp-content\/uploads\/sites\/3\/2022\/11\/Berlin-Radfahrerin-verstorben-\u2013-erstes-Todesopfer-der-quotKlimaprotestequot.jpg","contentUrl":"https:\/\/now-news.de\/de\/wp-content\/uploads\/sites\/3\/2022\/11\/Berlin-Radfahrerin-verstorben-\u2013-erstes-Todesopfer-der-quotKlimaprotestequot.jpg","width":460,"height":259,"caption":"Berlin: Radfahrerin verstorben \u2013 erstes Todesopfer der &quot;Klimaproteste&quot;?"},{"@type":"BreadcrumbList","@id":"https:\/\/now-news.de\/de\/deutschland\/berlin-radfahrerin-verstorben-erstes-todesopfer-der-klimaproteste\/#breadcrumb","itemListElement":[{"@type":"ListItem","position":1,"name":"Home","item":"https:\/\/now-news.de\/de\/"},{"@type":"ListItem","position":2,"name":"Berlin: Radfahrerin verstorben \u2013 erstes Todesopfer der &quot;Klimaproteste&quot;?"}]},{"@type":"WebSite","@id":"https:\/\/now-news.de\/de\/#website","url":"https:\/\/now-news.de\/de\/","name":"just-now.NEWS Deutschland","description":"Das Portal f\u00fcr unzensierte Nachrichten aus der Welt","publisher":{"@id":"https:\/\/now-news.de\/de\/#organization"},"potentialAction":[{"@type":"SearchAction","target":{"@type":"EntryPoint","urlTemplate":"https:\/\/now-news.de\/de\/?s={search_term_string}"},"query-input":"required name=search_term_string"}],"inLanguage":"de"},{"@type":"Organization","@id":"https:\/\/now-news.de\/de\/#organization","name":"Just Now News","url":"https:\/\/now-news.de\/de\/","logo":{"@type":"ImageObject","inLanguage":"de","@id":"https:\/\/now-news.de\/de\/#\/schema\/logo\/image\/","url":"http:\/\/just-now.news\/de\/wp-content\/uploads\/sites\/3\/2022\/04\/logo500x500.jpg","contentUrl":"http:\/\/just-now.news\/de\/wp-content\/uploads\/sites\/3\/2022\/04\/logo500x500.jpg","width":500,"height":500,"caption":"Just Now News"},"image":{"@id":"https:\/\/now-news.de\/de\/#\/schema\/logo\/image\/"},"sameAs":["https:\/\/www.facebook.com\/wirmachenauf","https:\/\/x.com\/WirMachenAuf_de"]},{"@type":"Person","@id":"https:\/\/now-news.de\/de\/#\/schema\/person\/fb534a4e865501d8b3285208df34a9b5","name":"rtnews","image":{"@type":"ImageObject","inLanguage":"de","@id":"https:\/\/now-news.de\/de\/#\/schema\/person\/image\/","url":"https:\/\/secure.gravatar.com\/avatar\/82aafea7d8127119dd649515f56e2117?s=96&d=mm&r=g","contentUrl":"https:\/\/secure.gravatar.com\/avatar\/82aafea7d8127119dd649515f56e2117?s=96&d=mm&r=g","caption":"rtnews"},"url":"https:\/\/now-news.de\/de\/author\/rnews\/"}]}},"_links":{"self":[{"href":"https:\/\/now-news.de\/de\/wp-json\/wp\/v2\/posts\/22384"}],"collection":[{"href":"https:\/\/now-news.de\/de\/wp-json\/wp\/v2\/posts"}],"about":[{"href":"https:\/\/now-news.de\/de\/wp-json\/wp\/v2\/types\/post"}],"author":[{"embeddable":true,"href":"https:\/\/now-news.de\/de\/wp-json\/wp\/v2\/users\/3"}],"replies":[{"embeddable":true,"href":"https:\/\/now-news.de\/de\/wp-json\/wp\/v2\/comments?post=22384"}],"version-history":[{"count":0,"href":"https:\/\/now-news.de\/de\/wp-json\/wp\/v2\/posts\/22384\/revisions"}],"wp:featuredmedia":[{"embeddable":true,"href":"https:\/\/now-news.de\/de\/wp-json\/wp\/v2\/media\/22385"}],"wp:attachment":[{"href":"https:\/\/now-news.de\/de\/wp-json\/wp\/v2\/media?parent=22384"}],"wp:term":[{"taxonomy":"category","embeddable":true,"href":"https:\/\/now-news.de\/de\/wp-json\/wp\/v2\/categories?post=22384"},{"taxonomy":"post_tag","embeddable":true,"href":"https:\/\/now-news.de\/de\/wp-json\/wp\/v2\/tags?post=22384"}],"curies":[{"name":"wp","href":"https:\/\/api.w.org\/{rel}","templated":true}]}}