{"id":22342,"date":"2022-11-02T23:39:44","date_gmt":"2022-11-02T21:39:44","guid":{"rendered":"http:\/\/just-now.news\/de\/deutschland\/blackout-probe-in-schweriner-kindertagesstaetten-2-000-kinder-ohne-strom\/"},"modified":"2022-11-02T23:39:44","modified_gmt":"2022-11-02T21:39:44","slug":"blackout-probe-in-schweriner-kindertagesstaetten-2-000-kinder-ohne-strom","status":"publish","type":"post","link":"https:\/\/now-news.de\/de\/deutschland\/blackout-probe-in-schweriner-kindertagesstaetten-2-000-kinder-ohne-strom\/","title":{"rendered":"Blackout-Probe in Schweriner Kindertagesst\u00e4tten: 2.000 Kinder ohne Strom"},"content":{"rendered":"<p><img decoding=\"async\" src=\"http:\/\/just-now.news\/de\/wp-content\/uploads\/sites\/3\/2022\/11\/6362d6b948fbef1082235020.jpg\" \/><\/p>\n<div class=\"Text-root Text-type_1 \">\n                In Schweriner Kitas probt man schon einmal f\u00fcr den Ernstfall: Am Mittwoch blieben in den st\u00e4dtischen Kindertagesst\u00e4tten Licht und Elektroger\u00e4te aus. Der Grund: Man wolle testen, wie die Kinder auf einen Blackout reagieren und wie gut die Kitas auf einen solchen Fall vorbereitet sind.\n            <\/div>\n<p><\/p>\n<div class=\"Text-root Text-type_5 ArticleView-text ViewText-root \">\n<p>Offiziellen Stellen zufolge gilt ein Blackout in Deutschland als &#8220;unwahrscheinlich&#8221;, dennoch wurde in den st\u00e4dtischen Kindertagesst\u00e4tten in Schwerin am Mittwoch getestet, wie die Einrichtungen mit einem Strom-Blackout umgehen w\u00fcrden und wie die Kinder reagieren. Beim Projekt &#8220;Stromlos durch den Tag&#8221; sind daf\u00fcr an s\u00e4mtlichen Einrichtungen der\u00a0stadteigenen Kita GmbH Licht und ans Stromnetz angeschlossene Ger\u00e4te ausgeblieben. Bis auf die Heizung und den K\u00fchlschrank in der K\u00fcche soll nichts laufen, was Strom aus dem \u00f6ffentlichen Netz ben\u00f6tigt. Das Telefon soll nur im \u00e4u\u00dfersten Notfall benutzt werden.\u00a0<\/p>\n<p>Die Eltern waren laut einem Bericht des <em>NDR<\/em> mit dem\u00a0Projekt einverstanden. In erster Linie sollen die Kinder lernen, sich auf ein solches Szenario vorzubereiten und mit einer solchen Situation umzugehen. Die Erwachsenen konnten bei dem Projekt zudem herausfinden, welche Schwachstellen es in der Planung f\u00fcr einen solchen Fall gibt.<\/p>\n<p>Die Gesch\u00e4ftsf\u00fchrerin der st\u00e4dtischen Kita GmbH, Anke Preu\u00df, sagte, dass man Checklisten f\u00fcr den Notfall zusammenstellen wolle. Konkret gehe es\u00a0darum,\u00a0etwa herauszufinden, wo eine Batterie-Lichterkette platziert werden muss, um Unfallgefahren zu vermeiden. Jede der 24 st\u00e4dtischen Kitas soll zudem einen Koffer mit Notfallausr\u00fcstung bekommen &#8211; mit Dingen wie Powerbank, Taschenlampen und einem batteriebetriebenen Radio.<\/p>\n<p>Bei einem Besuch der Kita &#8220;Waldgeister&#8221; bef\u00fcrwortete Oberb\u00fcrgermeister Rico Badenschier (SPD) den Stresstest: Einen Ernstfall k\u00f6nne niemand exakt vorhersagen, doch eine solche Vorbereitung k\u00f6nne helfen, dann nicht in Panik zu verfallen. Die st\u00e4dtischen Kitas in Schwerin werden von mehr als 2.000 Kindern besucht.<\/p>\n<p><strong>Mehr zum Thema &#8211;<\/strong>\u00a0<a rel=\"nofollow noopener\" target=\"_blank\" href=\"https:\/\/test.rtde.tech\/inland\/151058-stromausfall-medizinisches-katastrophen-hilfswerk-empfiehlt\/\">Stromausf\u00e4lle: Medizinisches Katastrophen-Hilfswerk empfiehlt B\u00fcrgern zeitnahe Vorbereitungen<\/a><\/p>\n<p>(rt de\/dpa)<\/p>\n<\/div>\n<p><br \/>\n<br \/><a href=\"https:\/\/de.rt.com\/inland\/153269-blackout-probe-in-schweriner-kindertagesstatten\/\">Source link <\/a><\/p>\n","protected":false},"excerpt":{"rendered":"<p>In Schweriner Kitas probt man schon einmal f\u00fcr den Ernstfall: Am Mittwoch blieben in den st\u00e4dtischen Kindertagesst\u00e4tten Licht und Elektroger\u00e4te aus. Der Grund: Man wolle testen, wie die Kinder auf einen Blackout reagieren und wie gut die Kitas auf einen solchen Fall vorbereitet sind. Offiziellen Stellen zufolge gilt ein Blackout in Deutschland als &#8220;unwahrscheinlich&#8221;, dennoch [&hellip;]<\/p>\n","protected":false},"author":3,"featured_media":22343,"comment_status":"open","ping_status":"open","sticky":false,"template":"","format":"standard","meta":{"wp_automatic_camp":["217"],"f1365c97ae9bb0f883afbc75b1d053b4":["Blackout-Probe in Schweriner Kindertagesst\u00e4tten: 2.000 Kinder ohne Strom"],"original_link":["https:\/\/de.rt.com\/inland\/153269-blackout-probe-in-schweriner-kindertagesstatten\/"],"_thumbnail_id":["22343"],"_wptg_p2tg_sent2tg":["2022-11-02 23:48:25"],"jnews_social_counter_last_update":["1777329162"]},"categories":[19,23],"tags":[35264,3567,35266,779,35265,20298],"yoast_head":"<!-- This site is optimized with the Yoast SEO Premium plugin v22.7 (Yoast SEO v22.7) - https:\/\/yoast.com\/wordpress\/plugins\/seo\/ -->\n<title>Blackout-Probe in Schweriner Kindertagesst\u00e4tten: 2.000 Kinder ohne Strom - just-now.NEWS Deutschland<\/title>\n<meta name=\"robots\" content=\"index, follow, max-snippet:-1, max-image-preview:large, max-video-preview:-1\" \/>\n<link rel=\"canonical\" href=\"https:\/\/now-news.de\/de\/deutschland\/blackout-probe-in-schweriner-kindertagesstaetten-2-000-kinder-ohne-strom\/\" \/>\n<meta property=\"og:locale\" content=\"de_DE\" \/>\n<meta property=\"og:type\" content=\"article\" \/>\n<meta property=\"og:title\" content=\"Blackout-Probe in Schweriner Kindertagesst\u00e4tten: 2.000 Kinder ohne Strom\" \/>\n<meta property=\"og:description\" content=\"In Schweriner Kitas probt man schon einmal f\u00fcr den Ernstfall: Am Mittwoch blieben in den st\u00e4dtischen Kindertagesst\u00e4tten Licht und Elektroger\u00e4te aus. Der Grund: Man wolle testen, wie die Kinder auf einen Blackout reagieren und wie gut die Kitas auf einen solchen Fall vorbereitet sind. Offiziellen Stellen zufolge gilt ein Blackout in Deutschland als &#8220;unwahrscheinlich&#8221;, dennoch [&hellip;]\" \/>\n<meta property=\"og:url\" content=\"https:\/\/now-news.de\/de\/deutschland\/blackout-probe-in-schweriner-kindertagesstaetten-2-000-kinder-ohne-strom\/\" \/>\n<meta property=\"og:site_name\" content=\"just-now.NEWS Deutschland\" \/>\n<meta property=\"article:publisher\" content=\"https:\/\/www.facebook.com\/wirmachenauf\" \/>\n<meta property=\"article:published_time\" content=\"2022-11-02T21:39:44+00:00\" \/>\n<meta property=\"og:image\" content=\"https:\/\/now-news.de\/de\/wp-content\/uploads\/sites\/3\/2022\/11\/Blackout-Probe-in-Schweriner-Kindertagesstaetten-2000-Kinder-ohne-Strom.jpg\" \/>\n\t<meta property=\"og:image:width\" content=\"460\" \/>\n\t<meta property=\"og:image:height\" content=\"259\" \/>\n\t<meta property=\"og:image:type\" content=\"image\/jpeg\" \/>\n<meta name=\"author\" content=\"rtnews\" \/>\n<meta name=\"twitter:card\" content=\"summary_large_image\" \/>\n<meta name=\"twitter:creator\" content=\"@WirMachenAuf_de\" \/>\n<meta name=\"twitter:site\" content=\"@WirMachenAuf_de\" \/>\n<meta name=\"twitter:label1\" content=\"Verfasst von\" \/>\n\t<meta name=\"twitter:data1\" content=\"rtnews\" \/>\n\t<meta name=\"twitter:label2\" content=\"Gesch\u00e4tzte Lesezeit\" \/>\n\t<meta name=\"twitter:data2\" content=\"2\u00a0Minuten\" \/>\n<script type=\"application\/ld+json\" class=\"yoast-schema-graph\">{\"@context\":\"https:\/\/schema.org\",\"@graph\":[{\"@type\":\"Article\",\"@id\":\"https:\/\/now-news.de\/de\/deutschland\/blackout-probe-in-schweriner-kindertagesstaetten-2-000-kinder-ohne-strom\/#article\",\"isPartOf\":{\"@id\":\"https:\/\/now-news.de\/de\/deutschland\/blackout-probe-in-schweriner-kindertagesstaetten-2-000-kinder-ohne-strom\/\"},\"author\":{\"name\":\"rtnews\",\"@id\":\"https:\/\/now-news.de\/de\/#\/schema\/person\/fb534a4e865501d8b3285208df34a9b5\"},\"headline\":\"Blackout-Probe in Schweriner Kindertagesst\u00e4tten: 2.000 Kinder ohne Strom\",\"datePublished\":\"2022-11-02T21:39:44+00:00\",\"dateModified\":\"2022-11-02T21:39:44+00:00\",\"mainEntityOfPage\":{\"@id\":\"https:\/\/now-news.de\/de\/deutschland\/blackout-probe-in-schweriner-kindertagesstaetten-2-000-kinder-ohne-strom\/\"},\"wordCount\":328,\"commentCount\":0,\"publisher\":{\"@id\":\"https:\/\/now-news.de\/de\/#organization\"},\"image\":{\"@id\":\"https:\/\/now-news.de\/de\/deutschland\/blackout-probe-in-schweriner-kindertagesstaetten-2-000-kinder-ohne-strom\/#primaryimage\"},\"thumbnailUrl\":\"https:\/\/now-news.de\/de\/wp-content\/uploads\/sites\/3\/2022\/11\/Blackout-Probe-in-Schweriner-Kindertagesstaetten-2000-Kinder-ohne-Strom.jpg\",\"keywords\":[\"BlackoutProbe\",\"Kinder\",\"Kindertagesst\u00e4tten\",\"ohne\",\"Schweriner\",\"Strom\"],\"articleSection\":[\"Deutschland\",\"Russland\"],\"inLanguage\":\"de\",\"potentialAction\":[{\"@type\":\"CommentAction\",\"name\":\"Comment\",\"target\":[\"https:\/\/now-news.de\/de\/deutschland\/blackout-probe-in-schweriner-kindertagesstaetten-2-000-kinder-ohne-strom\/#respond\"]}]},{\"@type\":\"WebPage\",\"@id\":\"https:\/\/now-news.de\/de\/deutschland\/blackout-probe-in-schweriner-kindertagesstaetten-2-000-kinder-ohne-strom\/\",\"url\":\"https:\/\/now-news.de\/de\/deutschland\/blackout-probe-in-schweriner-kindertagesstaetten-2-000-kinder-ohne-strom\/\",\"name\":\"Blackout-Probe in Schweriner Kindertagesst\u00e4tten: 2.000 Kinder ohne Strom - just-now.NEWS Deutschland\",\"isPartOf\":{\"@id\":\"https:\/\/now-news.de\/de\/#website\"},\"primaryImageOfPage\":{\"@id\":\"https:\/\/now-news.de\/de\/deutschland\/blackout-probe-in-schweriner-kindertagesstaetten-2-000-kinder-ohne-strom\/#primaryimage\"},\"image\":{\"@id\":\"https:\/\/now-news.de\/de\/deutschland\/blackout-probe-in-schweriner-kindertagesstaetten-2-000-kinder-ohne-strom\/#primaryimage\"},\"thumbnailUrl\":\"https:\/\/now-news.de\/de\/wp-content\/uploads\/sites\/3\/2022\/11\/Blackout-Probe-in-Schweriner-Kindertagesstaetten-2000-Kinder-ohne-Strom.jpg\",\"datePublished\":\"2022-11-02T21:39:44+00:00\",\"dateModified\":\"2022-11-02T21:39:44+00:00\",\"breadcrumb\":{\"@id\":\"https:\/\/now-news.de\/de\/deutschland\/blackout-probe-in-schweriner-kindertagesstaetten-2-000-kinder-ohne-strom\/#breadcrumb\"},\"inLanguage\":\"de\",\"potentialAction\":[{\"@type\":\"ReadAction\",\"target\":[\"https:\/\/now-news.de\/de\/deutschland\/blackout-probe-in-schweriner-kindertagesstaetten-2-000-kinder-ohne-strom\/\"]}]},{\"@type\":\"ImageObject\",\"inLanguage\":\"de\",\"@id\":\"https:\/\/now-news.de\/de\/deutschland\/blackout-probe-in-schweriner-kindertagesstaetten-2-000-kinder-ohne-strom\/#primaryimage\",\"url\":\"https:\/\/now-news.de\/de\/wp-content\/uploads\/sites\/3\/2022\/11\/Blackout-Probe-in-Schweriner-Kindertagesstaetten-2000-Kinder-ohne-Strom.jpg\",\"contentUrl\":\"https:\/\/now-news.de\/de\/wp-content\/uploads\/sites\/3\/2022\/11\/Blackout-Probe-in-Schweriner-Kindertagesstaetten-2000-Kinder-ohne-Strom.jpg\",\"width\":460,\"height\":259,\"caption\":\"Blackout-Probe in Schweriner Kindertagesst\u00e4tten: 2.000 Kinder ohne Strom\"},{\"@type\":\"BreadcrumbList\",\"@id\":\"https:\/\/now-news.de\/de\/deutschland\/blackout-probe-in-schweriner-kindertagesstaetten-2-000-kinder-ohne-strom\/#breadcrumb\",\"itemListElement\":[{\"@type\":\"ListItem\",\"position\":1,\"name\":\"Home\",\"item\":\"https:\/\/now-news.de\/de\/\"},{\"@type\":\"ListItem\",\"position\":2,\"name\":\"Blackout-Probe in Schweriner Kindertagesst\u00e4tten: 2.000 Kinder ohne Strom\"}]},{\"@type\":\"WebSite\",\"@id\":\"https:\/\/now-news.de\/de\/#website\",\"url\":\"https:\/\/now-news.de\/de\/\",\"name\":\"just-now.NEWS Deutschland\",\"description\":\"Das Portal f\u00fcr unzensierte Nachrichten aus der Welt\",\"publisher\":{\"@id\":\"https:\/\/now-news.de\/de\/#organization\"},\"potentialAction\":[{\"@type\":\"SearchAction\",\"target\":{\"@type\":\"EntryPoint\",\"urlTemplate\":\"https:\/\/now-news.de\/de\/?s={search_term_string}\"},\"query-input\":\"required name=search_term_string\"}],\"inLanguage\":\"de\"},{\"@type\":\"Organization\",\"@id\":\"https:\/\/now-news.de\/de\/#organization\",\"name\":\"Just Now News\",\"url\":\"https:\/\/now-news.de\/de\/\",\"logo\":{\"@type\":\"ImageObject\",\"inLanguage\":\"de\",\"@id\":\"https:\/\/now-news.de\/de\/#\/schema\/logo\/image\/\",\"url\":\"http:\/\/just-now.news\/de\/wp-content\/uploads\/sites\/3\/2022\/04\/logo500x500.jpg\",\"contentUrl\":\"http:\/\/just-now.news\/de\/wp-content\/uploads\/sites\/3\/2022\/04\/logo500x500.jpg\",\"width\":500,\"height\":500,\"caption\":\"Just Now News\"},\"image\":{\"@id\":\"https:\/\/now-news.de\/de\/#\/schema\/logo\/image\/\"},\"sameAs\":[\"https:\/\/www.facebook.com\/wirmachenauf\",\"https:\/\/x.com\/WirMachenAuf_de\"]},{\"@type\":\"Person\",\"@id\":\"https:\/\/now-news.de\/de\/#\/schema\/person\/fb534a4e865501d8b3285208df34a9b5\",\"name\":\"rtnews\",\"image\":{\"@type\":\"ImageObject\",\"inLanguage\":\"de\",\"@id\":\"https:\/\/now-news.de\/de\/#\/schema\/person\/image\/\",\"url\":\"https:\/\/secure.gravatar.com\/avatar\/82aafea7d8127119dd649515f56e2117?s=96&d=mm&r=g\",\"contentUrl\":\"https:\/\/secure.gravatar.com\/avatar\/82aafea7d8127119dd649515f56e2117?s=96&d=mm&r=g\",\"caption\":\"rtnews\"},\"url\":\"https:\/\/now-news.de\/de\/author\/rnews\/\"}]}<\/script>\n<!-- \/ Yoast SEO Premium plugin. -->","yoast_head_json":{"title":"Blackout-Probe in Schweriner Kindertagesst\u00e4tten: 2.000 Kinder ohne Strom - just-now.NEWS Deutschland","robots":{"index":"index","follow":"follow","max-snippet":"max-snippet:-1","max-image-preview":"max-image-preview:large","max-video-preview":"max-video-preview:-1"},"canonical":"https:\/\/now-news.de\/de\/deutschland\/blackout-probe-in-schweriner-kindertagesstaetten-2-000-kinder-ohne-strom\/","og_locale":"de_DE","og_type":"article","og_title":"Blackout-Probe in Schweriner Kindertagesst\u00e4tten: 2.000 Kinder ohne Strom","og_description":"In Schweriner Kitas probt man schon einmal f\u00fcr den Ernstfall: Am Mittwoch blieben in den st\u00e4dtischen Kindertagesst\u00e4tten Licht und Elektroger\u00e4te aus. Der Grund: Man wolle testen, wie die Kinder auf einen Blackout reagieren und wie gut die Kitas auf einen solchen Fall vorbereitet sind. Offiziellen Stellen zufolge gilt ein Blackout in Deutschland als &#8220;unwahrscheinlich&#8221;, dennoch [&hellip;]","og_url":"https:\/\/now-news.de\/de\/deutschland\/blackout-probe-in-schweriner-kindertagesstaetten-2-000-kinder-ohne-strom\/","og_site_name":"just-now.NEWS Deutschland","article_publisher":"https:\/\/www.facebook.com\/wirmachenauf","article_published_time":"2022-11-02T21:39:44+00:00","og_image":[{"width":460,"height":259,"url":"https:\/\/now-news.de\/de\/wp-content\/uploads\/sites\/3\/2022\/11\/Blackout-Probe-in-Schweriner-Kindertagesstaetten-2000-Kinder-ohne-Strom.jpg","type":"image\/jpeg"}],"author":"rtnews","twitter_card":"summary_large_image","twitter_creator":"@WirMachenAuf_de","twitter_site":"@WirMachenAuf_de","twitter_misc":{"Verfasst von":"rtnews","Gesch\u00e4tzte Lesezeit":"2\u00a0Minuten"},"schema":{"@context":"https:\/\/schema.org","@graph":[{"@type":"Article","@id":"https:\/\/now-news.de\/de\/deutschland\/blackout-probe-in-schweriner-kindertagesstaetten-2-000-kinder-ohne-strom\/#article","isPartOf":{"@id":"https:\/\/now-news.de\/de\/deutschland\/blackout-probe-in-schweriner-kindertagesstaetten-2-000-kinder-ohne-strom\/"},"author":{"name":"rtnews","@id":"https:\/\/now-news.de\/de\/#\/schema\/person\/fb534a4e865501d8b3285208df34a9b5"},"headline":"Blackout-Probe in Schweriner Kindertagesst\u00e4tten: 2.000 Kinder ohne Strom","datePublished":"2022-11-02T21:39:44+00:00","dateModified":"2022-11-02T21:39:44+00:00","mainEntityOfPage":{"@id":"https:\/\/now-news.de\/de\/deutschland\/blackout-probe-in-schweriner-kindertagesstaetten-2-000-kinder-ohne-strom\/"},"wordCount":328,"commentCount":0,"publisher":{"@id":"https:\/\/now-news.de\/de\/#organization"},"image":{"@id":"https:\/\/now-news.de\/de\/deutschland\/blackout-probe-in-schweriner-kindertagesstaetten-2-000-kinder-ohne-strom\/#primaryimage"},"thumbnailUrl":"https:\/\/now-news.de\/de\/wp-content\/uploads\/sites\/3\/2022\/11\/Blackout-Probe-in-Schweriner-Kindertagesstaetten-2000-Kinder-ohne-Strom.jpg","keywords":["BlackoutProbe","Kinder","Kindertagesst\u00e4tten","ohne","Schweriner","Strom"],"articleSection":["Deutschland","Russland"],"inLanguage":"de","potentialAction":[{"@type":"CommentAction","name":"Comment","target":["https:\/\/now-news.de\/de\/deutschland\/blackout-probe-in-schweriner-kindertagesstaetten-2-000-kinder-ohne-strom\/#respond"]}]},{"@type":"WebPage","@id":"https:\/\/now-news.de\/de\/deutschland\/blackout-probe-in-schweriner-kindertagesstaetten-2-000-kinder-ohne-strom\/","url":"https:\/\/now-news.de\/de\/deutschland\/blackout-probe-in-schweriner-kindertagesstaetten-2-000-kinder-ohne-strom\/","name":"Blackout-Probe in Schweriner Kindertagesst\u00e4tten: 2.000 Kinder ohne Strom - just-now.NEWS Deutschland","isPartOf":{"@id":"https:\/\/now-news.de\/de\/#website"},"primaryImageOfPage":{"@id":"https:\/\/now-news.de\/de\/deutschland\/blackout-probe-in-schweriner-kindertagesstaetten-2-000-kinder-ohne-strom\/#primaryimage"},"image":{"@id":"https:\/\/now-news.de\/de\/deutschland\/blackout-probe-in-schweriner-kindertagesstaetten-2-000-kinder-ohne-strom\/#primaryimage"},"thumbnailUrl":"https:\/\/now-news.de\/de\/wp-content\/uploads\/sites\/3\/2022\/11\/Blackout-Probe-in-Schweriner-Kindertagesstaetten-2000-Kinder-ohne-Strom.jpg","datePublished":"2022-11-02T21:39:44+00:00","dateModified":"2022-11-02T21:39:44+00:00","breadcrumb":{"@id":"https:\/\/now-news.de\/de\/deutschland\/blackout-probe-in-schweriner-kindertagesstaetten-2-000-kinder-ohne-strom\/#breadcrumb"},"inLanguage":"de","potentialAction":[{"@type":"ReadAction","target":["https:\/\/now-news.de\/de\/deutschland\/blackout-probe-in-schweriner-kindertagesstaetten-2-000-kinder-ohne-strom\/"]}]},{"@type":"ImageObject","inLanguage":"de","@id":"https:\/\/now-news.de\/de\/deutschland\/blackout-probe-in-schweriner-kindertagesstaetten-2-000-kinder-ohne-strom\/#primaryimage","url":"https:\/\/now-news.de\/de\/wp-content\/uploads\/sites\/3\/2022\/11\/Blackout-Probe-in-Schweriner-Kindertagesstaetten-2000-Kinder-ohne-Strom.jpg","contentUrl":"https:\/\/now-news.de\/de\/wp-content\/uploads\/sites\/3\/2022\/11\/Blackout-Probe-in-Schweriner-Kindertagesstaetten-2000-Kinder-ohne-Strom.jpg","width":460,"height":259,"caption":"Blackout-Probe in Schweriner Kindertagesst\u00e4tten: 2.000 Kinder ohne Strom"},{"@type":"BreadcrumbList","@id":"https:\/\/now-news.de\/de\/deutschland\/blackout-probe-in-schweriner-kindertagesstaetten-2-000-kinder-ohne-strom\/#breadcrumb","itemListElement":[{"@type":"ListItem","position":1,"name":"Home","item":"https:\/\/now-news.de\/de\/"},{"@type":"ListItem","position":2,"name":"Blackout-Probe in Schweriner Kindertagesst\u00e4tten: 2.000 Kinder ohne Strom"}]},{"@type":"WebSite","@id":"https:\/\/now-news.de\/de\/#website","url":"https:\/\/now-news.de\/de\/","name":"just-now.NEWS Deutschland","description":"Das Portal f\u00fcr unzensierte Nachrichten aus der Welt","publisher":{"@id":"https:\/\/now-news.de\/de\/#organization"},"potentialAction":[{"@type":"SearchAction","target":{"@type":"EntryPoint","urlTemplate":"https:\/\/now-news.de\/de\/?s={search_term_string}"},"query-input":"required name=search_term_string"}],"inLanguage":"de"},{"@type":"Organization","@id":"https:\/\/now-news.de\/de\/#organization","name":"Just Now News","url":"https:\/\/now-news.de\/de\/","logo":{"@type":"ImageObject","inLanguage":"de","@id":"https:\/\/now-news.de\/de\/#\/schema\/logo\/image\/","url":"http:\/\/just-now.news\/de\/wp-content\/uploads\/sites\/3\/2022\/04\/logo500x500.jpg","contentUrl":"http:\/\/just-now.news\/de\/wp-content\/uploads\/sites\/3\/2022\/04\/logo500x500.jpg","width":500,"height":500,"caption":"Just Now News"},"image":{"@id":"https:\/\/now-news.de\/de\/#\/schema\/logo\/image\/"},"sameAs":["https:\/\/www.facebook.com\/wirmachenauf","https:\/\/x.com\/WirMachenAuf_de"]},{"@type":"Person","@id":"https:\/\/now-news.de\/de\/#\/schema\/person\/fb534a4e865501d8b3285208df34a9b5","name":"rtnews","image":{"@type":"ImageObject","inLanguage":"de","@id":"https:\/\/now-news.de\/de\/#\/schema\/person\/image\/","url":"https:\/\/secure.gravatar.com\/avatar\/82aafea7d8127119dd649515f56e2117?s=96&d=mm&r=g","contentUrl":"https:\/\/secure.gravatar.com\/avatar\/82aafea7d8127119dd649515f56e2117?s=96&d=mm&r=g","caption":"rtnews"},"url":"https:\/\/now-news.de\/de\/author\/rnews\/"}]}},"_links":{"self":[{"href":"https:\/\/now-news.de\/de\/wp-json\/wp\/v2\/posts\/22342"}],"collection":[{"href":"https:\/\/now-news.de\/de\/wp-json\/wp\/v2\/posts"}],"about":[{"href":"https:\/\/now-news.de\/de\/wp-json\/wp\/v2\/types\/post"}],"author":[{"embeddable":true,"href":"https:\/\/now-news.de\/de\/wp-json\/wp\/v2\/users\/3"}],"replies":[{"embeddable":true,"href":"https:\/\/now-news.de\/de\/wp-json\/wp\/v2\/comments?post=22342"}],"version-history":[{"count":0,"href":"https:\/\/now-news.de\/de\/wp-json\/wp\/v2\/posts\/22342\/revisions"}],"wp:featuredmedia":[{"embeddable":true,"href":"https:\/\/now-news.de\/de\/wp-json\/wp\/v2\/media\/22343"}],"wp:attachment":[{"href":"https:\/\/now-news.de\/de\/wp-json\/wp\/v2\/media?parent=22342"}],"wp:term":[{"taxonomy":"category","embeddable":true,"href":"https:\/\/now-news.de\/de\/wp-json\/wp\/v2\/categories?post=22342"},{"taxonomy":"post_tag","embeddable":true,"href":"https:\/\/now-news.de\/de\/wp-json\/wp\/v2\/tags?post=22342"}],"curies":[{"name":"wp","href":"https:\/\/api.w.org\/{rel}","templated":true}]}}