{"id":22283,"date":"2022-11-02T15:37:00","date_gmt":"2022-11-02T13:37:00","guid":{"rendered":"http:\/\/just-now.news\/de\/deutschland\/ein-sitz-mehr-linksbuendnis-um-ministerpraesidentin-frederiksen-gewinnt-wahl-in-daenemark\/"},"modified":"2022-11-02T15:37:00","modified_gmt":"2022-11-02T13:37:00","slug":"ein-sitz-mehr-linksbuendnis-um-ministerpraesidentin-frederiksen-gewinnt-wahl-in-daenemark","status":"publish","type":"post","link":"https:\/\/now-news.de\/de\/deutschland\/ein-sitz-mehr-linksbuendnis-um-ministerpraesidentin-frederiksen-gewinnt-wahl-in-daenemark\/","title":{"rendered":"Ein Sitz mehr \u2013 Linksb\u00fcndnis um Ministerpr\u00e4sidentin Frederiksen gewinnt Wahl in D\u00e4nemark"},"content":{"rendered":"<p><img decoding=\"async\" src=\"http:\/\/just-now.news\/de\/wp-content\/uploads\/sites\/3\/2022\/11\/636262ae48fbef38b1528519.jpg\" \/><\/p>\n<div class=\"Text-root Text-type_1 \">\n                Bei den Parlamentswahlen am Dienstag in D\u00e4nemark hat das Mitte-Links-Lager der bisher mit einer Minderheitsregierung allein regierenden Sozialdemokraten eine knappe Mehrheit erreicht. Regierungschefin Mette Frederiksen strebt jedoch die Bildung einer lager\u00fcbergreifenden Gro\u00dfen Koalition an.\n            <\/div>\n<p><\/p>\n<div class=\"Text-root Text-type_5 ArticleView-text ViewText-root \">\n<p>D\u00e4nemark steht nach einer dramatischen Wahlnacht vor der Suche nach einer neuen Regierung. Trotz einer knappen Mehrheit f\u00fcr das linksgerichtete\u00a0Lager um die regierenden Sozialdemokraten k\u00fcndigte Ministerpr\u00e4sidentin Mette Frederiksen in der Wahlnacht an, noch am Mittwoch den R\u00fccktritt ihrer Minderheitsregierung einzureichen. Damit will sie den Weg freimachen, um die M\u00f6glichkeiten f\u00fcr eine von ihr angestrebte breite Regierung mit Parteien aus beiden politischen Bl\u00f6cken ausloten zu k\u00f6nnen. Solch eine Regierungsform ist in D\u00e4nemark selten \u2013 nach Ansicht von Frederiksen angesichts der aktuellen Krisen aber genau das Richtige.<\/p>\n<p>Die Sozialdemokraten wurden bei der Wahl mit 27,5 Prozent erneut st\u00e4rkste Kraft. Sie h\u00e4tten ihr bestes Wahlergebnis seit 20 Jahren eingefahren, sagte Frederiksen am fr\u00fchen Mittwochmorgen vor Parteianh\u00e4ngern in Kopenhagen.\u00a0<\/p>\n<p>Zuvor hatte Deutschlands n\u00f6rdlicher Nachbar einen der dramatischsten Wahlabende seiner Geschichte erlebt. Prognosen und Hochrechnungen hatten lange Zeit angezeigt, dass weder das &#8220;rote&#8221; linksgerichtete Lager noch das &#8220;blaue&#8221; Mitte-rechts-B\u00fcndnis auf eine Mehrheit kommen w\u00fcrde. Die Schl\u00fcsselrolle zwischen den Bl\u00f6cken hatte zu dem Zeitpunkt der fr\u00fchere Regierungschef Lars L\u00f8kke Rasmussen mit seiner neuen zentristisch-liberalen Partei Die Moderaten inne. Nach Ausz\u00e4hlung aller im Land abgegebenen Stimmen kippte das Bild dann buchst\u00e4blich in letzter Minute nach links:\u00a0Der &#8220;rote&#8221; Block sprang auf 87 Mandate, w\u00e4hrend der &#8220;blaue&#8221; Block auf 72 kam, 16 entfielen auf L\u00f8kkes Moderate.<\/p>\n<p>F\u00fcr eine Mehrheit im d\u00e4nischen Parlament in Kopenhagen sind 90 der 179 Sitze notwendig. 175 dieser Mandate werden in\u00a0D\u00e4nemark vergeben, jeweils zwei in Gr\u00f6nland und auf den F\u00e4r\u00f6er-Inseln, die beide offiziell zum K\u00f6nigreich D\u00e4nemark z\u00e4hlen. Die f\u00e4r\u00f6ischen Mandate wurden bereits am Montag unter den beiden Bl\u00f6cken aufgeteilt. Am fr\u00fchen Mittwochmorgen gingen dann nach Ausz\u00e4hlung fast aller Stimmen die beiden gr\u00f6nl\u00e4ndischen Mandate \u2013 wie schon bei den letzten sechs Wahlen \u2013 an den roten Block. So d\u00fcrfte das linke Lager am Ende auf genau 90 Mandate kommen.<\/p>\n<p>Frederiksen hat im Wahlkampf jedoch mehrmals betont, eine breite Regierungszusammenarbeit \u00fcber die politische Mitte hinweg anzustreben und nicht mit dem Linksblock allein regieren zu wollen. Eine auch knappe Mehrheit d\u00fcrfte ihre Verhandlungsposition verbessern: Gehen die zwischen den Bl\u00f6cken stehenden Moderaten von L\u00f8kke oder Parteien des &#8220;blauen&#8221; Blocks bei den m\u00f6glichen Verhandlungen nicht auf ihre Forderungen ein, k\u00f6nnte sie mit der Aussicht gro\u00dfen Druck aus\u00fcben, stattdessen wieder auf ihr &#8220;rotes&#8221; Lager zu setzen.<\/p>\n<p>Die linksgerichteten Parteien unterst\u00fctzen Frederiksens bisherige rein sozialdemokratische Minderheitsregierung bereits heute im Parlament. In manchen Dingen wie ihrer strikten Einwanderungspolitik setzte Frederiksen aber h\u00e4ufiger auch auf Stimmen von rechts. Nach der russischen Intervention in der Ukraine hatte es zudem eine block\u00fcbergreifende Zusammenarbeit in milit\u00e4rischen Fragen gegeben.<\/p>\n<p>Eine zentrale Frage wird bei den k\u00fcnftigen Regierungsverhandlungen sein, inwieweit Frederiksen mit ihrem Vorg\u00e4nger L\u00f8kke kooperieren kann. Dieser war von 2009 bis 2011 sowie zwischen 2015 und 2019 Ministerpr\u00e4sident. Er war 2021 nach Jahrzehnten aus der liberal-konservativen Partei Venstre ausgetreten. Danach hatte L\u00f8kke die Moderaten gegr\u00fcndet, die bei ihrem Deb\u00fct nun mit vorl\u00e4ufigen 9,3 Prozent der W\u00e4hlerstimmen gleich drittst\u00e4rkste Kraft werden.<\/p>\n<p>Venstre, die das Mitte-rechts-B\u00fcndnis anf\u00fchrt, verlor am Dienstag kr\u00e4ftig: Nach 23,4 Prozent bei der letzten Wahl 2019 lag L\u00f8kkes Ex-Partei diesmal nur bei 13,3 Prozent. Sie bleibt weiter zweitst\u00e4rkste Kraft hinter Frederiksens Sozialdemokraten.<\/p>\n<p><strong>Mehr zum Thema<\/strong> &#8211; <a rel=\"nofollow noopener\" target=\"_blank\" href=\"https:\/\/test.rtde.tech\/europa\/140026-danemark-stimmt-fur-grossere-militarintegration\/\">D\u00e4nemark stimmt f\u00fcr gr\u00f6\u00dfere Milit\u00e4rintegration in die EU<\/a><\/p>\n<p><em>(rt de \/ dpa)<\/em><\/p>\n<\/div>\n<p><br \/>\n<br \/><a href=\"https:\/\/de.rt.com\/europa\/153205-knapper-wahlausgang-in-daenemark-schwierige-regierungsbildung-erwartet\/\">Source link <\/a><\/p>\n","protected":false},"excerpt":{"rendered":"<p>Bei den Parlamentswahlen am Dienstag in D\u00e4nemark hat das Mitte-Links-Lager der bisher mit einer Minderheitsregierung allein regierenden Sozialdemokraten eine knappe Mehrheit erreicht. Regierungschefin Mette Frederiksen strebt jedoch die Bildung einer lager\u00fcbergreifenden Gro\u00dfen Koalition an. D\u00e4nemark steht nach einer dramatischen Wahlnacht vor der Suche nach einer neuen Regierung. Trotz einer knappen Mehrheit f\u00fcr das linksgerichtete\u00a0Lager um [&hellip;]<\/p>\n","protected":false},"author":3,"featured_media":22284,"comment_status":"open","ping_status":"open","sticky":false,"template":"","format":"standard","meta":{"wp_automatic_camp":["217"],"1a6e3c4706252237bf17ca645ab0f30d":["Ein Sitz mehr \u2013 Linksb\u00fcndnis um Ministerpr\u00e4sidentin Frederiksen gewinnt Wahl in D\u00e4nemark"],"original_link":["https:\/\/de.rt.com\/europa\/153205-knapper-wahlausgang-in-daenemark-schwierige-regierungsbildung-erwartet\/"],"_thumbnail_id":["22284"],"_wptg_p2tg_sent2tg":["2022-11-02 15:46:25"],"jnews_social_counter_last_update":["1777572288"]},"categories":[19,23],"tags":[13801,357,35221,18701,18874,2063,11412,12150,4351],"yoast_head":"<!-- This site is optimized with the Yoast SEO Premium plugin v22.7 (Yoast SEO v22.7) - https:\/\/yoast.com\/wordpress\/plugins\/seo\/ -->\n<title>Ein Sitz mehr \u2013 Linksb\u00fcndnis um Ministerpr\u00e4sidentin Frederiksen gewinnt Wahl in D\u00e4nemark - just-now.NEWS Deutschland<\/title>\n<meta name=\"robots\" content=\"index, follow, max-snippet:-1, max-image-preview:large, max-video-preview:-1\" \/>\n<link rel=\"canonical\" href=\"https:\/\/now-news.de\/de\/deutschland\/ein-sitz-mehr-linksbuendnis-um-ministerpraesidentin-frederiksen-gewinnt-wahl-in-daenemark\/\" \/>\n<meta property=\"og:locale\" content=\"de_DE\" \/>\n<meta property=\"og:type\" content=\"article\" \/>\n<meta property=\"og:title\" content=\"Ein Sitz mehr \u2013 Linksb\u00fcndnis um Ministerpr\u00e4sidentin Frederiksen gewinnt Wahl in D\u00e4nemark\" \/>\n<meta property=\"og:description\" content=\"Bei den Parlamentswahlen am Dienstag in D\u00e4nemark hat das Mitte-Links-Lager der bisher mit einer Minderheitsregierung allein regierenden Sozialdemokraten eine knappe Mehrheit erreicht. Regierungschefin Mette Frederiksen strebt jedoch die Bildung einer lager\u00fcbergreifenden Gro\u00dfen Koalition an. D\u00e4nemark steht nach einer dramatischen Wahlnacht vor der Suche nach einer neuen Regierung. Trotz einer knappen Mehrheit f\u00fcr das linksgerichtete\u00a0Lager um [&hellip;]\" \/>\n<meta property=\"og:url\" content=\"https:\/\/now-news.de\/de\/deutschland\/ein-sitz-mehr-linksbuendnis-um-ministerpraesidentin-frederiksen-gewinnt-wahl-in-daenemark\/\" \/>\n<meta property=\"og:site_name\" content=\"just-now.NEWS Deutschland\" \/>\n<meta property=\"article:publisher\" content=\"https:\/\/www.facebook.com\/wirmachenauf\" \/>\n<meta property=\"article:published_time\" content=\"2022-11-02T13:37:00+00:00\" \/>\n<meta property=\"og:image\" content=\"https:\/\/now-news.de\/de\/wp-content\/uploads\/sites\/3\/2022\/11\/Ein-Sitz-mehr-\u2013-Linksbuendnis-um-Ministerpraesidentin-Frederiksen-gewinnt-Wahl.jpg\" \/>\n\t<meta property=\"og:image:width\" content=\"460\" \/>\n\t<meta property=\"og:image:height\" content=\"259\" \/>\n\t<meta property=\"og:image:type\" content=\"image\/jpeg\" \/>\n<meta name=\"author\" content=\"rtnews\" \/>\n<meta name=\"twitter:card\" content=\"summary_large_image\" \/>\n<meta name=\"twitter:creator\" content=\"@WirMachenAuf_de\" \/>\n<meta name=\"twitter:site\" content=\"@WirMachenAuf_de\" \/>\n<meta name=\"twitter:label1\" content=\"Verfasst von\" \/>\n\t<meta name=\"twitter:data1\" content=\"rtnews\" \/>\n\t<meta name=\"twitter:label2\" content=\"Gesch\u00e4tzte Lesezeit\" \/>\n\t<meta name=\"twitter:data2\" content=\"3\u00a0Minuten\" \/>\n<script type=\"application\/ld+json\" class=\"yoast-schema-graph\">{\"@context\":\"https:\/\/schema.org\",\"@graph\":[{\"@type\":\"Article\",\"@id\":\"https:\/\/now-news.de\/de\/deutschland\/ein-sitz-mehr-linksbuendnis-um-ministerpraesidentin-frederiksen-gewinnt-wahl-in-daenemark\/#article\",\"isPartOf\":{\"@id\":\"https:\/\/now-news.de\/de\/deutschland\/ein-sitz-mehr-linksbuendnis-um-ministerpraesidentin-frederiksen-gewinnt-wahl-in-daenemark\/\"},\"author\":{\"name\":\"rtnews\",\"@id\":\"https:\/\/now-news.de\/de\/#\/schema\/person\/fb534a4e865501d8b3285208df34a9b5\"},\"headline\":\"Ein Sitz mehr \u2013 Linksb\u00fcndnis um Ministerpr\u00e4sidentin Frederiksen gewinnt Wahl in D\u00e4nemark\",\"datePublished\":\"2022-11-02T13:37:00+00:00\",\"dateModified\":\"2022-11-02T13:37:00+00:00\",\"mainEntityOfPage\":{\"@id\":\"https:\/\/now-news.de\/de\/deutschland\/ein-sitz-mehr-linksbuendnis-um-ministerpraesidentin-frederiksen-gewinnt-wahl-in-daenemark\/\"},\"wordCount\":628,\"commentCount\":0,\"publisher\":{\"@id\":\"https:\/\/now-news.de\/de\/#organization\"},\"image\":{\"@id\":\"https:\/\/now-news.de\/de\/deutschland\/ein-sitz-mehr-linksbuendnis-um-ministerpraesidentin-frederiksen-gewinnt-wahl-in-daenemark\/#primaryimage\"},\"thumbnailUrl\":\"https:\/\/now-news.de\/de\/wp-content\/uploads\/sites\/3\/2022\/11\/Ein-Sitz-mehr-\u2013-Linksbuendnis-um-Ministerpraesidentin-Frederiksen-gewinnt-Wahl.jpg\",\"keywords\":[\"D\u00e4nemark\",\"ein\",\"Frederiksen\",\"gewinnt\",\"Linksb\u00fcndnis\",\"mehr\",\"Ministerpr\u00e4sidentin\",\"Sitz\",\"Wahl\"],\"articleSection\":[\"Deutschland\",\"Russland\"],\"inLanguage\":\"de\",\"potentialAction\":[{\"@type\":\"CommentAction\",\"name\":\"Comment\",\"target\":[\"https:\/\/now-news.de\/de\/deutschland\/ein-sitz-mehr-linksbuendnis-um-ministerpraesidentin-frederiksen-gewinnt-wahl-in-daenemark\/#respond\"]}]},{\"@type\":\"WebPage\",\"@id\":\"https:\/\/now-news.de\/de\/deutschland\/ein-sitz-mehr-linksbuendnis-um-ministerpraesidentin-frederiksen-gewinnt-wahl-in-daenemark\/\",\"url\":\"https:\/\/now-news.de\/de\/deutschland\/ein-sitz-mehr-linksbuendnis-um-ministerpraesidentin-frederiksen-gewinnt-wahl-in-daenemark\/\",\"name\":\"Ein Sitz mehr \u2013 Linksb\u00fcndnis um Ministerpr\u00e4sidentin Frederiksen gewinnt Wahl in D\u00e4nemark - just-now.NEWS Deutschland\",\"isPartOf\":{\"@id\":\"https:\/\/now-news.de\/de\/#website\"},\"primaryImageOfPage\":{\"@id\":\"https:\/\/now-news.de\/de\/deutschland\/ein-sitz-mehr-linksbuendnis-um-ministerpraesidentin-frederiksen-gewinnt-wahl-in-daenemark\/#primaryimage\"},\"image\":{\"@id\":\"https:\/\/now-news.de\/de\/deutschland\/ein-sitz-mehr-linksbuendnis-um-ministerpraesidentin-frederiksen-gewinnt-wahl-in-daenemark\/#primaryimage\"},\"thumbnailUrl\":\"https:\/\/now-news.de\/de\/wp-content\/uploads\/sites\/3\/2022\/11\/Ein-Sitz-mehr-\u2013-Linksbuendnis-um-Ministerpraesidentin-Frederiksen-gewinnt-Wahl.jpg\",\"datePublished\":\"2022-11-02T13:37:00+00:00\",\"dateModified\":\"2022-11-02T13:37:00+00:00\",\"breadcrumb\":{\"@id\":\"https:\/\/now-news.de\/de\/deutschland\/ein-sitz-mehr-linksbuendnis-um-ministerpraesidentin-frederiksen-gewinnt-wahl-in-daenemark\/#breadcrumb\"},\"inLanguage\":\"de\",\"potentialAction\":[{\"@type\":\"ReadAction\",\"target\":[\"https:\/\/now-news.de\/de\/deutschland\/ein-sitz-mehr-linksbuendnis-um-ministerpraesidentin-frederiksen-gewinnt-wahl-in-daenemark\/\"]}]},{\"@type\":\"ImageObject\",\"inLanguage\":\"de\",\"@id\":\"https:\/\/now-news.de\/de\/deutschland\/ein-sitz-mehr-linksbuendnis-um-ministerpraesidentin-frederiksen-gewinnt-wahl-in-daenemark\/#primaryimage\",\"url\":\"https:\/\/now-news.de\/de\/wp-content\/uploads\/sites\/3\/2022\/11\/Ein-Sitz-mehr-\u2013-Linksbuendnis-um-Ministerpraesidentin-Frederiksen-gewinnt-Wahl.jpg\",\"contentUrl\":\"https:\/\/now-news.de\/de\/wp-content\/uploads\/sites\/3\/2022\/11\/Ein-Sitz-mehr-\u2013-Linksbuendnis-um-Ministerpraesidentin-Frederiksen-gewinnt-Wahl.jpg\",\"width\":460,\"height\":259,\"caption\":\"Ein Sitz mehr \u2013 Linksb\u00fcndnis um Ministerpr\u00e4sidentin Frederiksen gewinnt Wahl in D\u00e4nemark\"},{\"@type\":\"BreadcrumbList\",\"@id\":\"https:\/\/now-news.de\/de\/deutschland\/ein-sitz-mehr-linksbuendnis-um-ministerpraesidentin-frederiksen-gewinnt-wahl-in-daenemark\/#breadcrumb\",\"itemListElement\":[{\"@type\":\"ListItem\",\"position\":1,\"name\":\"Home\",\"item\":\"https:\/\/now-news.de\/de\/\"},{\"@type\":\"ListItem\",\"position\":2,\"name\":\"Ein Sitz mehr \u2013 Linksb\u00fcndnis um Ministerpr\u00e4sidentin Frederiksen gewinnt Wahl in D\u00e4nemark\"}]},{\"@type\":\"WebSite\",\"@id\":\"https:\/\/now-news.de\/de\/#website\",\"url\":\"https:\/\/now-news.de\/de\/\",\"name\":\"just-now.NEWS Deutschland\",\"description\":\"Das Portal f\u00fcr unzensierte Nachrichten aus der Welt\",\"publisher\":{\"@id\":\"https:\/\/now-news.de\/de\/#organization\"},\"potentialAction\":[{\"@type\":\"SearchAction\",\"target\":{\"@type\":\"EntryPoint\",\"urlTemplate\":\"https:\/\/now-news.de\/de\/?s={search_term_string}\"},\"query-input\":\"required name=search_term_string\"}],\"inLanguage\":\"de\"},{\"@type\":\"Organization\",\"@id\":\"https:\/\/now-news.de\/de\/#organization\",\"name\":\"Just Now News\",\"url\":\"https:\/\/now-news.de\/de\/\",\"logo\":{\"@type\":\"ImageObject\",\"inLanguage\":\"de\",\"@id\":\"https:\/\/now-news.de\/de\/#\/schema\/logo\/image\/\",\"url\":\"http:\/\/just-now.news\/de\/wp-content\/uploads\/sites\/3\/2022\/04\/logo500x500.jpg\",\"contentUrl\":\"http:\/\/just-now.news\/de\/wp-content\/uploads\/sites\/3\/2022\/04\/logo500x500.jpg\",\"width\":500,\"height\":500,\"caption\":\"Just Now News\"},\"image\":{\"@id\":\"https:\/\/now-news.de\/de\/#\/schema\/logo\/image\/\"},\"sameAs\":[\"https:\/\/www.facebook.com\/wirmachenauf\",\"https:\/\/x.com\/WirMachenAuf_de\"]},{\"@type\":\"Person\",\"@id\":\"https:\/\/now-news.de\/de\/#\/schema\/person\/fb534a4e865501d8b3285208df34a9b5\",\"name\":\"rtnews\",\"image\":{\"@type\":\"ImageObject\",\"inLanguage\":\"de\",\"@id\":\"https:\/\/now-news.de\/de\/#\/schema\/person\/image\/\",\"url\":\"https:\/\/secure.gravatar.com\/avatar\/82aafea7d8127119dd649515f56e2117?s=96&d=mm&r=g\",\"contentUrl\":\"https:\/\/secure.gravatar.com\/avatar\/82aafea7d8127119dd649515f56e2117?s=96&d=mm&r=g\",\"caption\":\"rtnews\"},\"url\":\"https:\/\/now-news.de\/de\/author\/rnews\/\"}]}<\/script>\n<!-- \/ Yoast SEO Premium plugin. -->","yoast_head_json":{"title":"Ein Sitz mehr \u2013 Linksb\u00fcndnis um Ministerpr\u00e4sidentin Frederiksen gewinnt Wahl in D\u00e4nemark - just-now.NEWS Deutschland","robots":{"index":"index","follow":"follow","max-snippet":"max-snippet:-1","max-image-preview":"max-image-preview:large","max-video-preview":"max-video-preview:-1"},"canonical":"https:\/\/now-news.de\/de\/deutschland\/ein-sitz-mehr-linksbuendnis-um-ministerpraesidentin-frederiksen-gewinnt-wahl-in-daenemark\/","og_locale":"de_DE","og_type":"article","og_title":"Ein Sitz mehr \u2013 Linksb\u00fcndnis um Ministerpr\u00e4sidentin Frederiksen gewinnt Wahl in D\u00e4nemark","og_description":"Bei den Parlamentswahlen am Dienstag in D\u00e4nemark hat das Mitte-Links-Lager der bisher mit einer Minderheitsregierung allein regierenden Sozialdemokraten eine knappe Mehrheit erreicht. Regierungschefin Mette Frederiksen strebt jedoch die Bildung einer lager\u00fcbergreifenden Gro\u00dfen Koalition an. D\u00e4nemark steht nach einer dramatischen Wahlnacht vor der Suche nach einer neuen Regierung. Trotz einer knappen Mehrheit f\u00fcr das linksgerichtete\u00a0Lager um [&hellip;]","og_url":"https:\/\/now-news.de\/de\/deutschland\/ein-sitz-mehr-linksbuendnis-um-ministerpraesidentin-frederiksen-gewinnt-wahl-in-daenemark\/","og_site_name":"just-now.NEWS Deutschland","article_publisher":"https:\/\/www.facebook.com\/wirmachenauf","article_published_time":"2022-11-02T13:37:00+00:00","og_image":[{"width":460,"height":259,"url":"https:\/\/now-news.de\/de\/wp-content\/uploads\/sites\/3\/2022\/11\/Ein-Sitz-mehr-\u2013-Linksbuendnis-um-Ministerpraesidentin-Frederiksen-gewinnt-Wahl.jpg","type":"image\/jpeg"}],"author":"rtnews","twitter_card":"summary_large_image","twitter_creator":"@WirMachenAuf_de","twitter_site":"@WirMachenAuf_de","twitter_misc":{"Verfasst von":"rtnews","Gesch\u00e4tzte Lesezeit":"3\u00a0Minuten"},"schema":{"@context":"https:\/\/schema.org","@graph":[{"@type":"Article","@id":"https:\/\/now-news.de\/de\/deutschland\/ein-sitz-mehr-linksbuendnis-um-ministerpraesidentin-frederiksen-gewinnt-wahl-in-daenemark\/#article","isPartOf":{"@id":"https:\/\/now-news.de\/de\/deutschland\/ein-sitz-mehr-linksbuendnis-um-ministerpraesidentin-frederiksen-gewinnt-wahl-in-daenemark\/"},"author":{"name":"rtnews","@id":"https:\/\/now-news.de\/de\/#\/schema\/person\/fb534a4e865501d8b3285208df34a9b5"},"headline":"Ein Sitz mehr \u2013 Linksb\u00fcndnis um Ministerpr\u00e4sidentin Frederiksen gewinnt Wahl in D\u00e4nemark","datePublished":"2022-11-02T13:37:00+00:00","dateModified":"2022-11-02T13:37:00+00:00","mainEntityOfPage":{"@id":"https:\/\/now-news.de\/de\/deutschland\/ein-sitz-mehr-linksbuendnis-um-ministerpraesidentin-frederiksen-gewinnt-wahl-in-daenemark\/"},"wordCount":628,"commentCount":0,"publisher":{"@id":"https:\/\/now-news.de\/de\/#organization"},"image":{"@id":"https:\/\/now-news.de\/de\/deutschland\/ein-sitz-mehr-linksbuendnis-um-ministerpraesidentin-frederiksen-gewinnt-wahl-in-daenemark\/#primaryimage"},"thumbnailUrl":"https:\/\/now-news.de\/de\/wp-content\/uploads\/sites\/3\/2022\/11\/Ein-Sitz-mehr-\u2013-Linksbuendnis-um-Ministerpraesidentin-Frederiksen-gewinnt-Wahl.jpg","keywords":["D\u00e4nemark","ein","Frederiksen","gewinnt","Linksb\u00fcndnis","mehr","Ministerpr\u00e4sidentin","Sitz","Wahl"],"articleSection":["Deutschland","Russland"],"inLanguage":"de","potentialAction":[{"@type":"CommentAction","name":"Comment","target":["https:\/\/now-news.de\/de\/deutschland\/ein-sitz-mehr-linksbuendnis-um-ministerpraesidentin-frederiksen-gewinnt-wahl-in-daenemark\/#respond"]}]},{"@type":"WebPage","@id":"https:\/\/now-news.de\/de\/deutschland\/ein-sitz-mehr-linksbuendnis-um-ministerpraesidentin-frederiksen-gewinnt-wahl-in-daenemark\/","url":"https:\/\/now-news.de\/de\/deutschland\/ein-sitz-mehr-linksbuendnis-um-ministerpraesidentin-frederiksen-gewinnt-wahl-in-daenemark\/","name":"Ein Sitz mehr \u2013 Linksb\u00fcndnis um Ministerpr\u00e4sidentin Frederiksen gewinnt Wahl in D\u00e4nemark - just-now.NEWS Deutschland","isPartOf":{"@id":"https:\/\/now-news.de\/de\/#website"},"primaryImageOfPage":{"@id":"https:\/\/now-news.de\/de\/deutschland\/ein-sitz-mehr-linksbuendnis-um-ministerpraesidentin-frederiksen-gewinnt-wahl-in-daenemark\/#primaryimage"},"image":{"@id":"https:\/\/now-news.de\/de\/deutschland\/ein-sitz-mehr-linksbuendnis-um-ministerpraesidentin-frederiksen-gewinnt-wahl-in-daenemark\/#primaryimage"},"thumbnailUrl":"https:\/\/now-news.de\/de\/wp-content\/uploads\/sites\/3\/2022\/11\/Ein-Sitz-mehr-\u2013-Linksbuendnis-um-Ministerpraesidentin-Frederiksen-gewinnt-Wahl.jpg","datePublished":"2022-11-02T13:37:00+00:00","dateModified":"2022-11-02T13:37:00+00:00","breadcrumb":{"@id":"https:\/\/now-news.de\/de\/deutschland\/ein-sitz-mehr-linksbuendnis-um-ministerpraesidentin-frederiksen-gewinnt-wahl-in-daenemark\/#breadcrumb"},"inLanguage":"de","potentialAction":[{"@type":"ReadAction","target":["https:\/\/now-news.de\/de\/deutschland\/ein-sitz-mehr-linksbuendnis-um-ministerpraesidentin-frederiksen-gewinnt-wahl-in-daenemark\/"]}]},{"@type":"ImageObject","inLanguage":"de","@id":"https:\/\/now-news.de\/de\/deutschland\/ein-sitz-mehr-linksbuendnis-um-ministerpraesidentin-frederiksen-gewinnt-wahl-in-daenemark\/#primaryimage","url":"https:\/\/now-news.de\/de\/wp-content\/uploads\/sites\/3\/2022\/11\/Ein-Sitz-mehr-\u2013-Linksbuendnis-um-Ministerpraesidentin-Frederiksen-gewinnt-Wahl.jpg","contentUrl":"https:\/\/now-news.de\/de\/wp-content\/uploads\/sites\/3\/2022\/11\/Ein-Sitz-mehr-\u2013-Linksbuendnis-um-Ministerpraesidentin-Frederiksen-gewinnt-Wahl.jpg","width":460,"height":259,"caption":"Ein Sitz mehr \u2013 Linksb\u00fcndnis um Ministerpr\u00e4sidentin Frederiksen gewinnt Wahl in D\u00e4nemark"},{"@type":"BreadcrumbList","@id":"https:\/\/now-news.de\/de\/deutschland\/ein-sitz-mehr-linksbuendnis-um-ministerpraesidentin-frederiksen-gewinnt-wahl-in-daenemark\/#breadcrumb","itemListElement":[{"@type":"ListItem","position":1,"name":"Home","item":"https:\/\/now-news.de\/de\/"},{"@type":"ListItem","position":2,"name":"Ein Sitz mehr \u2013 Linksb\u00fcndnis um Ministerpr\u00e4sidentin Frederiksen gewinnt Wahl in D\u00e4nemark"}]},{"@type":"WebSite","@id":"https:\/\/now-news.de\/de\/#website","url":"https:\/\/now-news.de\/de\/","name":"just-now.NEWS Deutschland","description":"Das Portal f\u00fcr unzensierte Nachrichten aus der Welt","publisher":{"@id":"https:\/\/now-news.de\/de\/#organization"},"potentialAction":[{"@type":"SearchAction","target":{"@type":"EntryPoint","urlTemplate":"https:\/\/now-news.de\/de\/?s={search_term_string}"},"query-input":"required name=search_term_string"}],"inLanguage":"de"},{"@type":"Organization","@id":"https:\/\/now-news.de\/de\/#organization","name":"Just Now News","url":"https:\/\/now-news.de\/de\/","logo":{"@type":"ImageObject","inLanguage":"de","@id":"https:\/\/now-news.de\/de\/#\/schema\/logo\/image\/","url":"http:\/\/just-now.news\/de\/wp-content\/uploads\/sites\/3\/2022\/04\/logo500x500.jpg","contentUrl":"http:\/\/just-now.news\/de\/wp-content\/uploads\/sites\/3\/2022\/04\/logo500x500.jpg","width":500,"height":500,"caption":"Just Now News"},"image":{"@id":"https:\/\/now-news.de\/de\/#\/schema\/logo\/image\/"},"sameAs":["https:\/\/www.facebook.com\/wirmachenauf","https:\/\/x.com\/WirMachenAuf_de"]},{"@type":"Person","@id":"https:\/\/now-news.de\/de\/#\/schema\/person\/fb534a4e865501d8b3285208df34a9b5","name":"rtnews","image":{"@type":"ImageObject","inLanguage":"de","@id":"https:\/\/now-news.de\/de\/#\/schema\/person\/image\/","url":"https:\/\/secure.gravatar.com\/avatar\/82aafea7d8127119dd649515f56e2117?s=96&d=mm&r=g","contentUrl":"https:\/\/secure.gravatar.com\/avatar\/82aafea7d8127119dd649515f56e2117?s=96&d=mm&r=g","caption":"rtnews"},"url":"https:\/\/now-news.de\/de\/author\/rnews\/"}]}},"_links":{"self":[{"href":"https:\/\/now-news.de\/de\/wp-json\/wp\/v2\/posts\/22283"}],"collection":[{"href":"https:\/\/now-news.de\/de\/wp-json\/wp\/v2\/posts"}],"about":[{"href":"https:\/\/now-news.de\/de\/wp-json\/wp\/v2\/types\/post"}],"author":[{"embeddable":true,"href":"https:\/\/now-news.de\/de\/wp-json\/wp\/v2\/users\/3"}],"replies":[{"embeddable":true,"href":"https:\/\/now-news.de\/de\/wp-json\/wp\/v2\/comments?post=22283"}],"version-history":[{"count":0,"href":"https:\/\/now-news.de\/de\/wp-json\/wp\/v2\/posts\/22283\/revisions"}],"wp:featuredmedia":[{"embeddable":true,"href":"https:\/\/now-news.de\/de\/wp-json\/wp\/v2\/media\/22284"}],"wp:attachment":[{"href":"https:\/\/now-news.de\/de\/wp-json\/wp\/v2\/media?parent=22283"}],"wp:term":[{"taxonomy":"category","embeddable":true,"href":"https:\/\/now-news.de\/de\/wp-json\/wp\/v2\/categories?post=22283"},{"taxonomy":"post_tag","embeddable":true,"href":"https:\/\/now-news.de\/de\/wp-json\/wp\/v2\/tags?post=22283"}],"curies":[{"name":"wp","href":"https:\/\/api.w.org\/{rel}","templated":true}]}}