{"id":22256,"date":"2022-11-02T11:26:12","date_gmt":"2022-11-02T09:26:12","guid":{"rendered":"http:\/\/just-now.news\/de\/deutschland\/noch-nie-waren-in-frankreich-so-viele-menschen-inhaftiert\/"},"modified":"2022-11-02T11:26:12","modified_gmt":"2022-11-02T09:26:12","slug":"noch-nie-waren-in-frankreich-so-viele-menschen-inhaftiert","status":"publish","type":"post","link":"https:\/\/now-news.de\/de\/deutschland\/noch-nie-waren-in-frankreich-so-viele-menschen-inhaftiert\/","title":{"rendered":"Noch nie waren in Frankreich so viele Menschen inhaftiert"},"content":{"rendered":"<div class=\"Text-root Text-type_1 \">\n                Den Zahlen des franz\u00f6sischen Justizministeriums zufolge gab es in Frankreich noch nie so viele Strafgefangene. Am 1. Oktober waren 72.350 Personen in Frankreich inhaftiert, was einer j\u00e4hrlichen Zunahme von 4,6 Prozent entspricht. Der Platz in den Gef\u00e4ngnissen wird knapp.\n            <\/div>\n<p><\/p>\n<div class=\"Text-root Text-type_5 ArticleView-text ViewText-root \">\n<p>72.350 Menschen sind laut den Zahlen des franz\u00f6sischen Justizministeriums am 1. Oktober 2022 in Frankreich inhaftiert. Das sind 3.177 Gefangene mehr als im Oktober 2020, was einer j\u00e4hrlichen Entwicklung von plus 4,6 Prozent entspricht. Es ist die h\u00f6chste jemals erreichte Anzahl, schreibt die Tageszeitung <em>Le Monde<\/em>.<\/p>\n<p>Nun wird in den Gef\u00e4ngnissen langsam der Platz knapp. Im Oktober 2022 schliefen 2.053 H\u00e4ftlinge auf einer Matratze auf dem Boden, gegen\u00fcber 1.475 Insassen im Vorjahr, was einer Zunahme von 39,2 Prozent im Jahresvergleich entspricht.<\/p>\n<figure class=\"RTImage-root\">\n<div class=\"RTImage-image RTImage-original\"><picture class=\"Picture-root Picture-original\"><!--[if IE 9]><video style=\"display: none;\"><![endif]--><source media=\"(-webkit-min-device-pixel-ratio: 2) and (min-resolution: 120dpi)\" data-srcset=\" \nhttp:\/\/just-now.news\/de\/wp-content\/uploads\/sites\/3\/2022\/11\/636103b348fbef7b7a1aa7ef.jpg 850w,\n                http:\/\/just-now.news\/de\/wp-content\/uploads\/sites\/3\/2022\/11\/636103b348fbef7b7a1aa7ef.jpg 1960w,\n            \" ><source data-srcset=\" \nhttp:\/\/just-now.news\/de\/wp-content\/uploads\/sites\/3\/2022\/11\/636103b348fbef7b7a1aa7ef.jpg 460w,\n              http:\/\/just-now.news\/de\/wp-content\/uploads\/sites\/3\/2022\/11\/636103b348fbef7b7a1aa7ef.jpg 980w,\n            \" ><!--[if IE 9]><\/video><![endif]--><img decoding=\"async\" data- src=\"data:image\/png;base64,iVBORw0KGgoAAAANSUhEUgAAABAAAAAJCAQAAACRI2S5AAAAEElEQVR42mNkIAAYRxWAAQAG9gAKqv6+AwAAAABJRU5ErkJggg==\" class=\"Picture-root Picture-original lazyload\" data-src=\"http:\/\/just-now.news\/de\/wp-content\/uploads\/sites\/3\/2022\/11\/636103b348fbef7b7a1aa7ef.jpg\" alt=\"\"><\/source><\/source><\/picture><!-- noscript pattern --><noscript><img decoding=\"async\" src=\"http:\/\/just-now.news\/de\/wp-content\/uploads\/sites\/3\/2022\/11\/636103b348fbef7b7a1aa7ef.jpg\" alt=\"\"><\/noscript><\/div><figcaption class=\"RTImage-footer\"><span class=\"RTImage-caption\"><span class=\"RTImage-captionItem\">Es wird eng in den Gef\u00e4ngnissen Frankreichs: H\u00e4ftlinge m\u00fcssen auf Matratzen auf dem Boden schlafen. Wie dieser Insasse im Gef\u00e4ngnis von Gradignan in der N\u00e4he von Bordeaux im S\u00fcdwesten Frankreichs, Aufnahme vom 3. Oktober 2022.<\/span><\/span><span class=\"RTImage-source\"><span class=\"RTImage-captionItem\">Thibaud Moritz<\/span><span class=\"RTImage-captionItem\"> \/ AFP<\/span><\/span><\/figcaption><\/figure>\n<p>Die Folgen der \u00dcberbelegung von Strafanstalten sind laut der Internationalen Beobachtungsstelle f\u00fcr Gef\u00e4ngnisse (International Prison Observatory): &#8220;Keine Privatsph\u00e4re auf den Toiletten, beklagenswerter Hygienezustand der Betten, Matratzen auf dem Boden und so weiter.&#8221;<\/p>\n<p><strong>Mehr zum Thema<\/strong> \u2013 <a rel=\"nofollow noopener\" target=\"_blank\" href=\"https:\/\/de.rt.com\/kurzclips\/video\/152828-hunderte-migranten-in-paris-evakuiert\/\">Hunderte Migranten in Paris evakuiert: &#8220;Nicht einmal mehr Familien werden aufgenommen, nur M\u00e4nner&#8221;<\/a><\/p>\n<\/div>\n<p><br \/>\n<br \/><a href=\"https:\/\/de.rt.com\/europa\/153107-noch-nie-waren-in-frankreich-so-viele-menschen-inhaftiert\/\">Source link <\/a><\/p>\n","protected":false},"excerpt":{"rendered":"<p>Den Zahlen des franz\u00f6sischen Justizministeriums zufolge gab es in Frankreich noch nie so viele Strafgefangene. Am 1. Oktober waren 72.350 Personen in Frankreich inhaftiert, was einer j\u00e4hrlichen Zunahme von 4,6 Prozent entspricht. Der Platz in den Gef\u00e4ngnissen wird knapp. 72.350 Menschen sind laut den Zahlen des franz\u00f6sischen Justizministeriums am 1. Oktober 2022 in Frankreich inhaftiert. [&hellip;]<\/p>\n","protected":false},"author":3,"featured_media":22257,"comment_status":"open","ping_status":"open","sticky":false,"template":"","format":"standard","meta":{"wp_automatic_camp":["217"],"4b5c4386f75e79911093d649b2d08d80":["Noch nie waren in Frankreich so viele Menschen inhaftiert"],"original_link":["https:\/\/de.rt.com\/europa\/153107-noch-nie-waren-in-frankreich-so-viele-menschen-inhaftiert\/"],"_thumbnail_id":["22257"],"_wptg_p2tg_sent2tg":["2022-11-02 11:30:06"],"jnews_social_counter_last_update":["1777318006"]},"categories":[19,23],"tags":[3320,7240,1378,10730,1674,11609,6518],"yoast_head":"<!-- This site is optimized with the Yoast SEO Premium plugin v22.7 (Yoast SEO v22.7) - https:\/\/yoast.com\/wordpress\/plugins\/seo\/ -->\n<title>Noch nie waren in Frankreich so viele Menschen inhaftiert - just-now.NEWS Deutschland<\/title>\n<meta name=\"robots\" content=\"index, follow, max-snippet:-1, max-image-preview:large, max-video-preview:-1\" \/>\n<link rel=\"canonical\" href=\"https:\/\/now-news.de\/de\/deutschland\/noch-nie-waren-in-frankreich-so-viele-menschen-inhaftiert\/\" \/>\n<meta property=\"og:locale\" content=\"de_DE\" \/>\n<meta property=\"og:type\" content=\"article\" \/>\n<meta property=\"og:title\" content=\"Noch nie waren in Frankreich so viele Menschen inhaftiert\" \/>\n<meta property=\"og:description\" content=\"Den Zahlen des franz\u00f6sischen Justizministeriums zufolge gab es in Frankreich noch nie so viele Strafgefangene. Am 1. Oktober waren 72.350 Personen in Frankreich inhaftiert, was einer j\u00e4hrlichen Zunahme von 4,6 Prozent entspricht. Der Platz in den Gef\u00e4ngnissen wird knapp. 72.350 Menschen sind laut den Zahlen des franz\u00f6sischen Justizministeriums am 1. Oktober 2022 in Frankreich inhaftiert. [&hellip;]\" \/>\n<meta property=\"og:url\" content=\"https:\/\/now-news.de\/de\/deutschland\/noch-nie-waren-in-frankreich-so-viele-menschen-inhaftiert\/\" \/>\n<meta property=\"og:site_name\" content=\"just-now.NEWS Deutschland\" \/>\n<meta property=\"article:publisher\" content=\"https:\/\/www.facebook.com\/wirmachenauf\" \/>\n<meta property=\"article:published_time\" content=\"2022-11-02T09:26:12+00:00\" \/>\n<meta property=\"og:image\" content=\"https:\/\/now-news.de\/de\/wp-content\/uploads\/sites\/3\/2022\/11\/Noch-nie-waren-in-Frankreich-so-viele-Menschen-inhaftiert.jpg\" \/>\n\t<meta property=\"og:image:width\" content=\"1024\" \/>\n\t<meta property=\"og:image:height\" content=\"682\" \/>\n\t<meta property=\"og:image:type\" content=\"image\/jpeg\" \/>\n<meta name=\"author\" content=\"rtnews\" \/>\n<meta name=\"twitter:card\" content=\"summary_large_image\" \/>\n<meta name=\"twitter:creator\" content=\"@WirMachenAuf_de\" \/>\n<meta name=\"twitter:site\" content=\"@WirMachenAuf_de\" \/>\n<meta name=\"twitter:label1\" content=\"Verfasst von\" \/>\n\t<meta name=\"twitter:data1\" content=\"rtnews\" \/>\n\t<meta name=\"twitter:label2\" content=\"Gesch\u00e4tzte Lesezeit\" \/>\n\t<meta name=\"twitter:data2\" content=\"1\u00a0Minute\" \/>\n<script type=\"application\/ld+json\" class=\"yoast-schema-graph\">{\"@context\":\"https:\/\/schema.org\",\"@graph\":[{\"@type\":\"Article\",\"@id\":\"https:\/\/now-news.de\/de\/deutschland\/noch-nie-waren-in-frankreich-so-viele-menschen-inhaftiert\/#article\",\"isPartOf\":{\"@id\":\"https:\/\/now-news.de\/de\/deutschland\/noch-nie-waren-in-frankreich-so-viele-menschen-inhaftiert\/\"},\"author\":{\"name\":\"rtnews\",\"@id\":\"https:\/\/now-news.de\/de\/#\/schema\/person\/fb534a4e865501d8b3285208df34a9b5\"},\"headline\":\"Noch nie waren in Frankreich so viele Menschen inhaftiert\",\"datePublished\":\"2022-11-02T09:26:12+00:00\",\"dateModified\":\"2022-11-02T09:26:12+00:00\",\"mainEntityOfPage\":{\"@id\":\"https:\/\/now-news.de\/de\/deutschland\/noch-nie-waren-in-frankreich-so-viele-menschen-inhaftiert\/\"},\"wordCount\":222,\"commentCount\":0,\"publisher\":{\"@id\":\"https:\/\/now-news.de\/de\/#organization\"},\"image\":{\"@id\":\"https:\/\/now-news.de\/de\/deutschland\/noch-nie-waren-in-frankreich-so-viele-menschen-inhaftiert\/#primaryimage\"},\"thumbnailUrl\":\"https:\/\/now-news.de\/de\/wp-content\/uploads\/sites\/3\/2022\/11\/Noch-nie-waren-in-Frankreich-so-viele-Menschen-inhaftiert.jpg\",\"keywords\":[\"Frankreich\",\"inhaftiert\",\"Menschen\",\"nie\",\"noch\",\"viele\",\"waren\"],\"articleSection\":[\"Deutschland\",\"Russland\"],\"inLanguage\":\"de\",\"potentialAction\":[{\"@type\":\"CommentAction\",\"name\":\"Comment\",\"target\":[\"https:\/\/now-news.de\/de\/deutschland\/noch-nie-waren-in-frankreich-so-viele-menschen-inhaftiert\/#respond\"]}]},{\"@type\":\"WebPage\",\"@id\":\"https:\/\/now-news.de\/de\/deutschland\/noch-nie-waren-in-frankreich-so-viele-menschen-inhaftiert\/\",\"url\":\"https:\/\/now-news.de\/de\/deutschland\/noch-nie-waren-in-frankreich-so-viele-menschen-inhaftiert\/\",\"name\":\"Noch nie waren in Frankreich so viele Menschen inhaftiert - just-now.NEWS Deutschland\",\"isPartOf\":{\"@id\":\"https:\/\/now-news.de\/de\/#website\"},\"primaryImageOfPage\":{\"@id\":\"https:\/\/now-news.de\/de\/deutschland\/noch-nie-waren-in-frankreich-so-viele-menschen-inhaftiert\/#primaryimage\"},\"image\":{\"@id\":\"https:\/\/now-news.de\/de\/deutschland\/noch-nie-waren-in-frankreich-so-viele-menschen-inhaftiert\/#primaryimage\"},\"thumbnailUrl\":\"https:\/\/now-news.de\/de\/wp-content\/uploads\/sites\/3\/2022\/11\/Noch-nie-waren-in-Frankreich-so-viele-Menschen-inhaftiert.jpg\",\"datePublished\":\"2022-11-02T09:26:12+00:00\",\"dateModified\":\"2022-11-02T09:26:12+00:00\",\"breadcrumb\":{\"@id\":\"https:\/\/now-news.de\/de\/deutschland\/noch-nie-waren-in-frankreich-so-viele-menschen-inhaftiert\/#breadcrumb\"},\"inLanguage\":\"de\",\"potentialAction\":[{\"@type\":\"ReadAction\",\"target\":[\"https:\/\/now-news.de\/de\/deutschland\/noch-nie-waren-in-frankreich-so-viele-menschen-inhaftiert\/\"]}]},{\"@type\":\"ImageObject\",\"inLanguage\":\"de\",\"@id\":\"https:\/\/now-news.de\/de\/deutschland\/noch-nie-waren-in-frankreich-so-viele-menschen-inhaftiert\/#primaryimage\",\"url\":\"https:\/\/now-news.de\/de\/wp-content\/uploads\/sites\/3\/2022\/11\/Noch-nie-waren-in-Frankreich-so-viele-Menschen-inhaftiert.jpg\",\"contentUrl\":\"https:\/\/now-news.de\/de\/wp-content\/uploads\/sites\/3\/2022\/11\/Noch-nie-waren-in-Frankreich-so-viele-Menschen-inhaftiert.jpg\",\"width\":1024,\"height\":682,\"caption\":\"Noch nie waren in Frankreich so viele Menschen inhaftiert\"},{\"@type\":\"BreadcrumbList\",\"@id\":\"https:\/\/now-news.de\/de\/deutschland\/noch-nie-waren-in-frankreich-so-viele-menschen-inhaftiert\/#breadcrumb\",\"itemListElement\":[{\"@type\":\"ListItem\",\"position\":1,\"name\":\"Home\",\"item\":\"https:\/\/now-news.de\/de\/\"},{\"@type\":\"ListItem\",\"position\":2,\"name\":\"Noch nie waren in Frankreich so viele Menschen inhaftiert\"}]},{\"@type\":\"WebSite\",\"@id\":\"https:\/\/now-news.de\/de\/#website\",\"url\":\"https:\/\/now-news.de\/de\/\",\"name\":\"just-now.NEWS Deutschland\",\"description\":\"Das Portal f\u00fcr unzensierte Nachrichten aus der Welt\",\"publisher\":{\"@id\":\"https:\/\/now-news.de\/de\/#organization\"},\"potentialAction\":[{\"@type\":\"SearchAction\",\"target\":{\"@type\":\"EntryPoint\",\"urlTemplate\":\"https:\/\/now-news.de\/de\/?s={search_term_string}\"},\"query-input\":\"required name=search_term_string\"}],\"inLanguage\":\"de\"},{\"@type\":\"Organization\",\"@id\":\"https:\/\/now-news.de\/de\/#organization\",\"name\":\"Just Now News\",\"url\":\"https:\/\/now-news.de\/de\/\",\"logo\":{\"@type\":\"ImageObject\",\"inLanguage\":\"de\",\"@id\":\"https:\/\/now-news.de\/de\/#\/schema\/logo\/image\/\",\"url\":\"http:\/\/just-now.news\/de\/wp-content\/uploads\/sites\/3\/2022\/04\/logo500x500.jpg\",\"contentUrl\":\"http:\/\/just-now.news\/de\/wp-content\/uploads\/sites\/3\/2022\/04\/logo500x500.jpg\",\"width\":500,\"height\":500,\"caption\":\"Just Now News\"},\"image\":{\"@id\":\"https:\/\/now-news.de\/de\/#\/schema\/logo\/image\/\"},\"sameAs\":[\"https:\/\/www.facebook.com\/wirmachenauf\",\"https:\/\/x.com\/WirMachenAuf_de\"]},{\"@type\":\"Person\",\"@id\":\"https:\/\/now-news.de\/de\/#\/schema\/person\/fb534a4e865501d8b3285208df34a9b5\",\"name\":\"rtnews\",\"image\":{\"@type\":\"ImageObject\",\"inLanguage\":\"de\",\"@id\":\"https:\/\/now-news.de\/de\/#\/schema\/person\/image\/\",\"url\":\"https:\/\/secure.gravatar.com\/avatar\/82aafea7d8127119dd649515f56e2117?s=96&d=mm&r=g\",\"contentUrl\":\"https:\/\/secure.gravatar.com\/avatar\/82aafea7d8127119dd649515f56e2117?s=96&d=mm&r=g\",\"caption\":\"rtnews\"},\"url\":\"https:\/\/now-news.de\/de\/author\/rnews\/\"}]}<\/script>\n<!-- \/ Yoast SEO Premium plugin. -->","yoast_head_json":{"title":"Noch nie waren in Frankreich so viele Menschen inhaftiert - just-now.NEWS Deutschland","robots":{"index":"index","follow":"follow","max-snippet":"max-snippet:-1","max-image-preview":"max-image-preview:large","max-video-preview":"max-video-preview:-1"},"canonical":"https:\/\/now-news.de\/de\/deutschland\/noch-nie-waren-in-frankreich-so-viele-menschen-inhaftiert\/","og_locale":"de_DE","og_type":"article","og_title":"Noch nie waren in Frankreich so viele Menschen inhaftiert","og_description":"Den Zahlen des franz\u00f6sischen Justizministeriums zufolge gab es in Frankreich noch nie so viele Strafgefangene. Am 1. Oktober waren 72.350 Personen in Frankreich inhaftiert, was einer j\u00e4hrlichen Zunahme von 4,6 Prozent entspricht. Der Platz in den Gef\u00e4ngnissen wird knapp. 72.350 Menschen sind laut den Zahlen des franz\u00f6sischen Justizministeriums am 1. Oktober 2022 in Frankreich inhaftiert. [&hellip;]","og_url":"https:\/\/now-news.de\/de\/deutschland\/noch-nie-waren-in-frankreich-so-viele-menschen-inhaftiert\/","og_site_name":"just-now.NEWS Deutschland","article_publisher":"https:\/\/www.facebook.com\/wirmachenauf","article_published_time":"2022-11-02T09:26:12+00:00","og_image":[{"width":1024,"height":682,"url":"https:\/\/now-news.de\/de\/wp-content\/uploads\/sites\/3\/2022\/11\/Noch-nie-waren-in-Frankreich-so-viele-Menschen-inhaftiert.jpg","type":"image\/jpeg"}],"author":"rtnews","twitter_card":"summary_large_image","twitter_creator":"@WirMachenAuf_de","twitter_site":"@WirMachenAuf_de","twitter_misc":{"Verfasst von":"rtnews","Gesch\u00e4tzte Lesezeit":"1\u00a0Minute"},"schema":{"@context":"https:\/\/schema.org","@graph":[{"@type":"Article","@id":"https:\/\/now-news.de\/de\/deutschland\/noch-nie-waren-in-frankreich-so-viele-menschen-inhaftiert\/#article","isPartOf":{"@id":"https:\/\/now-news.de\/de\/deutschland\/noch-nie-waren-in-frankreich-so-viele-menschen-inhaftiert\/"},"author":{"name":"rtnews","@id":"https:\/\/now-news.de\/de\/#\/schema\/person\/fb534a4e865501d8b3285208df34a9b5"},"headline":"Noch nie waren in Frankreich so viele Menschen inhaftiert","datePublished":"2022-11-02T09:26:12+00:00","dateModified":"2022-11-02T09:26:12+00:00","mainEntityOfPage":{"@id":"https:\/\/now-news.de\/de\/deutschland\/noch-nie-waren-in-frankreich-so-viele-menschen-inhaftiert\/"},"wordCount":222,"commentCount":0,"publisher":{"@id":"https:\/\/now-news.de\/de\/#organization"},"image":{"@id":"https:\/\/now-news.de\/de\/deutschland\/noch-nie-waren-in-frankreich-so-viele-menschen-inhaftiert\/#primaryimage"},"thumbnailUrl":"https:\/\/now-news.de\/de\/wp-content\/uploads\/sites\/3\/2022\/11\/Noch-nie-waren-in-Frankreich-so-viele-Menschen-inhaftiert.jpg","keywords":["Frankreich","inhaftiert","Menschen","nie","noch","viele","waren"],"articleSection":["Deutschland","Russland"],"inLanguage":"de","potentialAction":[{"@type":"CommentAction","name":"Comment","target":["https:\/\/now-news.de\/de\/deutschland\/noch-nie-waren-in-frankreich-so-viele-menschen-inhaftiert\/#respond"]}]},{"@type":"WebPage","@id":"https:\/\/now-news.de\/de\/deutschland\/noch-nie-waren-in-frankreich-so-viele-menschen-inhaftiert\/","url":"https:\/\/now-news.de\/de\/deutschland\/noch-nie-waren-in-frankreich-so-viele-menschen-inhaftiert\/","name":"Noch nie waren in Frankreich so viele Menschen inhaftiert - just-now.NEWS Deutschland","isPartOf":{"@id":"https:\/\/now-news.de\/de\/#website"},"primaryImageOfPage":{"@id":"https:\/\/now-news.de\/de\/deutschland\/noch-nie-waren-in-frankreich-so-viele-menschen-inhaftiert\/#primaryimage"},"image":{"@id":"https:\/\/now-news.de\/de\/deutschland\/noch-nie-waren-in-frankreich-so-viele-menschen-inhaftiert\/#primaryimage"},"thumbnailUrl":"https:\/\/now-news.de\/de\/wp-content\/uploads\/sites\/3\/2022\/11\/Noch-nie-waren-in-Frankreich-so-viele-Menschen-inhaftiert.jpg","datePublished":"2022-11-02T09:26:12+00:00","dateModified":"2022-11-02T09:26:12+00:00","breadcrumb":{"@id":"https:\/\/now-news.de\/de\/deutschland\/noch-nie-waren-in-frankreich-so-viele-menschen-inhaftiert\/#breadcrumb"},"inLanguage":"de","potentialAction":[{"@type":"ReadAction","target":["https:\/\/now-news.de\/de\/deutschland\/noch-nie-waren-in-frankreich-so-viele-menschen-inhaftiert\/"]}]},{"@type":"ImageObject","inLanguage":"de","@id":"https:\/\/now-news.de\/de\/deutschland\/noch-nie-waren-in-frankreich-so-viele-menschen-inhaftiert\/#primaryimage","url":"https:\/\/now-news.de\/de\/wp-content\/uploads\/sites\/3\/2022\/11\/Noch-nie-waren-in-Frankreich-so-viele-Menschen-inhaftiert.jpg","contentUrl":"https:\/\/now-news.de\/de\/wp-content\/uploads\/sites\/3\/2022\/11\/Noch-nie-waren-in-Frankreich-so-viele-Menschen-inhaftiert.jpg","width":1024,"height":682,"caption":"Noch nie waren in Frankreich so viele Menschen inhaftiert"},{"@type":"BreadcrumbList","@id":"https:\/\/now-news.de\/de\/deutschland\/noch-nie-waren-in-frankreich-so-viele-menschen-inhaftiert\/#breadcrumb","itemListElement":[{"@type":"ListItem","position":1,"name":"Home","item":"https:\/\/now-news.de\/de\/"},{"@type":"ListItem","position":2,"name":"Noch nie waren in Frankreich so viele Menschen inhaftiert"}]},{"@type":"WebSite","@id":"https:\/\/now-news.de\/de\/#website","url":"https:\/\/now-news.de\/de\/","name":"just-now.NEWS Deutschland","description":"Das Portal f\u00fcr unzensierte Nachrichten aus der Welt","publisher":{"@id":"https:\/\/now-news.de\/de\/#organization"},"potentialAction":[{"@type":"SearchAction","target":{"@type":"EntryPoint","urlTemplate":"https:\/\/now-news.de\/de\/?s={search_term_string}"},"query-input":"required name=search_term_string"}],"inLanguage":"de"},{"@type":"Organization","@id":"https:\/\/now-news.de\/de\/#organization","name":"Just Now News","url":"https:\/\/now-news.de\/de\/","logo":{"@type":"ImageObject","inLanguage":"de","@id":"https:\/\/now-news.de\/de\/#\/schema\/logo\/image\/","url":"http:\/\/just-now.news\/de\/wp-content\/uploads\/sites\/3\/2022\/04\/logo500x500.jpg","contentUrl":"http:\/\/just-now.news\/de\/wp-content\/uploads\/sites\/3\/2022\/04\/logo500x500.jpg","width":500,"height":500,"caption":"Just Now News"},"image":{"@id":"https:\/\/now-news.de\/de\/#\/schema\/logo\/image\/"},"sameAs":["https:\/\/www.facebook.com\/wirmachenauf","https:\/\/x.com\/WirMachenAuf_de"]},{"@type":"Person","@id":"https:\/\/now-news.de\/de\/#\/schema\/person\/fb534a4e865501d8b3285208df34a9b5","name":"rtnews","image":{"@type":"ImageObject","inLanguage":"de","@id":"https:\/\/now-news.de\/de\/#\/schema\/person\/image\/","url":"https:\/\/secure.gravatar.com\/avatar\/82aafea7d8127119dd649515f56e2117?s=96&d=mm&r=g","contentUrl":"https:\/\/secure.gravatar.com\/avatar\/82aafea7d8127119dd649515f56e2117?s=96&d=mm&r=g","caption":"rtnews"},"url":"https:\/\/now-news.de\/de\/author\/rnews\/"}]}},"_links":{"self":[{"href":"https:\/\/now-news.de\/de\/wp-json\/wp\/v2\/posts\/22256"}],"collection":[{"href":"https:\/\/now-news.de\/de\/wp-json\/wp\/v2\/posts"}],"about":[{"href":"https:\/\/now-news.de\/de\/wp-json\/wp\/v2\/types\/post"}],"author":[{"embeddable":true,"href":"https:\/\/now-news.de\/de\/wp-json\/wp\/v2\/users\/3"}],"replies":[{"embeddable":true,"href":"https:\/\/now-news.de\/de\/wp-json\/wp\/v2\/comments?post=22256"}],"version-history":[{"count":0,"href":"https:\/\/now-news.de\/de\/wp-json\/wp\/v2\/posts\/22256\/revisions"}],"wp:featuredmedia":[{"embeddable":true,"href":"https:\/\/now-news.de\/de\/wp-json\/wp\/v2\/media\/22257"}],"wp:attachment":[{"href":"https:\/\/now-news.de\/de\/wp-json\/wp\/v2\/media?parent=22256"}],"wp:term":[{"taxonomy":"category","embeddable":true,"href":"https:\/\/now-news.de\/de\/wp-json\/wp\/v2\/categories?post=22256"},{"taxonomy":"post_tag","embeddable":true,"href":"https:\/\/now-news.de\/de\/wp-json\/wp\/v2\/tags?post=22256"}],"curies":[{"name":"wp","href":"https:\/\/api.w.org\/{rel}","templated":true}]}}