{"id":22252,"date":"2022-11-02T10:53:04","date_gmt":"2022-11-02T08:53:04","guid":{"rendered":"http:\/\/just-now.news\/de\/deutschland\/politik-und-polizei-befuerworten-schadensersatz-von-festgeklebten-klimaaktivisten\/"},"modified":"2022-11-02T10:53:04","modified_gmt":"2022-11-02T08:53:04","slug":"politik-und-polizei-befuerworten-schadensersatz-von-festgeklebten-klimaaktivisten","status":"publish","type":"post","link":"https:\/\/now-news.de\/de\/deutschland\/politik-und-polizei-befuerworten-schadensersatz-von-festgeklebten-klimaaktivisten\/","title":{"rendered":"Politik und Polizei bef\u00fcrworten Schadensersatz von festgeklebten Klimaaktivisten"},"content":{"rendered":"<p><img decoding=\"async\" src=\"http:\/\/just-now.news\/de\/wp-content\/uploads\/sites\/3\/2022\/11\/6361689748fbef7fa752ac30.jpg\" \/><\/p>\n<div class=\"Text-root Text-type_1 \">\n                In Berlin h\u00e4ufen sich die F\u00e4lle, bei denen Klimaaktivisten sich auf die Stra\u00dfe kleben und den Stra\u00dfenverkehr behindern. Nun fordern die Gewerkschaft der Polizei und Berliner Politiker ein h\u00e4rteres Durchgreifen und Schadensersatz von den Demonstranten.\n            <\/div>\n<p><\/p>\n<div class=\"Text-root Text-type_5 ArticleView-text ViewText-root \">\n<p>Allein in Berlin l\u00e4gen der Staatsanwaltschaft bis zum 25. Oktober 730 Verfahren zu Aktionen von Klimademonstranten vor, <a rel=\"nofollow noopener\" target=\"_blank\" href=\"https:\/\/www.welt.de\/politik\/deutschland\/article241896511\/Klima-Aktivisten-730-Verfahren-gegen-Demonstranten-allein-in-Berlin.html\">berichtete<\/a> die <em>Welt<\/em> am Dienstag. Dabei seien Anklagen vielfach verbunden worden, weil einzelne Personen an mehreren Aktionen beteiligt seien. Aktuell seien 139 F\u00e4lle offen. In Berlin f\u00e4nden Aktionen von Klimaaktivisten, die sich zumeist an der Stra\u00dfe festklebten, mittlerweile fast t\u00e4glich statt.<\/p>\n<p>In der Regel beantrage die Staatsanwaltschaft eine Ahndung der Taten durch einen Strafbefehl ohne m\u00fcndliche Verhandlung. Bis Mitte Oktober seien nach Angaben des Amtsgerichts Tiergarten diesbez\u00fcglich ungef\u00e4hr 150 Strafbefehle erlassen worden. Es habe einige Verurteilungen zu kleineren Geldstrafen wegen N\u00f6tigung gegeben.<\/p>\n<p>Von einigen Politikern sei gegen\u00fcber der Justiz im Sommer der Vorwurf ergangen, sie reagiere nicht konsequent genug auf die Protestaktionen. Justizsenatorin Lena Kreck (Linke) habe sich mehrfach gegen eine Einmischung in die Ermittlungen ausgesprochen. Inzwischen k\u00fcmmerten sich bei der Staatsanwaltschaft zwei Schwerpunktabteilungen um die F\u00e4lle. Bei der Polizei habe man jetzt auch mehr Kr\u00e4fte daf\u00fcr eingesetzt. So gebe es nun auch eine gute Kooperation zwischen der Staatsanwaltschaft Berlin und der Polizei.<\/p>\n<p>Mittlerweile fordere die Gewerkschaft der Polizei (GdP) eine Versch\u00e4rfung des Polizei- und Ordnungsrechtes zur Legitimierung eines h\u00e4rteren Durchgreifens und habe auch schon Schadensersatzforderungen vorgeschlagen. Der GdP-Sprecher teilte der <em>Welt<\/em> zufolge mit:<\/p>\n<blockquote>\n<p><em>&#8220;Die Hauptstadt wird solange Wohlf\u00fchl-Biotop f\u00fcr diese Aktionen sein, bis der Rechtsstaat deutlich macht, dass Straftaten nicht toleriert werden k\u00f6nnen.&#8221;<\/em><\/p>\n<\/blockquote>\n<p>Schadensersatz forderte auch die Berliner FDP und schlug die Einrichtung einer zentralen Plattform vor, bei der man Schadenersatzanspr\u00fcche im Zusammenhang mit Klimaprotesten anmelden k\u00f6nnte:<\/p>\n<blockquote>\n<p><em>&#8220;F\u00fcr die Betroffenen der Klimakleber, die arbeitende Mitte unserer Stadt, muss es in Zukunft eine realistische und einfache M\u00f6glichkeit geben, ihren Schaden geltend zu machen&#8221;, so FDP-Fraktionschef Sebastian Czaja.<\/em><\/p>\n<\/blockquote>\n<p>Gegen\u00fcber der <em>Berliner Morgenpost<\/em> habe auch die Berliner Innensenatorin Iris Spranger (SPD) Verst\u00e4ndnis f\u00fcr Zivilklagen von Handwerkern <a rel=\"nofollow noopener\" target=\"_blank\" href=\"https:\/\/www.morgenpost.de\/berlin\/article236793519\/Radfahrer-bei-Unfall-lebensgefaehrlich-verletzt.html\">ge\u00e4u\u00dfert<\/a>, die Schadensersatzanspr\u00fcche geltend machen k\u00f6nnten, wenn ihnen durch die Klimaproteste h\u00f6here Kosten entst\u00fcnden.<\/p>\n<p><strong>Mehr zum Thema<\/strong> &#8211; <a rel=\"nofollow noopener\" target=\"_blank\" href=\"https:\/\/test.rtde.website\/inland\/153043-radfahrerin-lebensgefahrlich-verletzt-blockade-von\/\">Radfahrerin lebensgef\u00e4hrlich verletzt: Blockade von Klima-&#8220;Aktivisten&#8221; behindert Feuerwehr<\/a><\/p>\n<\/div>\n<p><br \/>\n<br \/><a href=\"https:\/\/de.rt.com\/inland\/153150-politiker-und-polizei-befurworten-schadensersatz\/\">Source link <\/a><\/p>\n","protected":false},"excerpt":{"rendered":"<p>In Berlin h\u00e4ufen sich die F\u00e4lle, bei denen Klimaaktivisten sich auf die Stra\u00dfe kleben und den Stra\u00dfenverkehr behindern. Nun fordern die Gewerkschaft der Polizei und Berliner Politiker ein h\u00e4rteres Durchgreifen und Schadensersatz von den Demonstranten. Allein in Berlin l\u00e4gen der Staatsanwaltschaft bis zum 25. Oktober 730 Verfahren zu Aktionen von Klimademonstranten vor, berichtete die Welt [&hellip;]<\/p>\n","protected":false},"author":3,"featured_media":22253,"comment_status":"open","ping_status":"open","sticky":false,"template":"","format":"standard","meta":{"wp_automatic_camp":["217"],"747cac928b15d87627d0f892e44a88eb":["Politik und Polizei bef\u00fcrworten Schadensersatz von festgeklebten Klimaaktivisten"],"original_link":["https:\/\/de.rt.com\/inland\/153150-politiker-und-polizei-befurworten-schadensersatz\/"],"_thumbnail_id":["22253"],"_wptg_p2tg_sent2tg":["2022-11-02 10:56:23"],"jnews_social_counter_last_update":["1777568619"]},"categories":[19,23],"tags":[12421,35207,22426,592,7579,22789,140,50],"yoast_head":"<!-- This site is optimized with the Yoast SEO Premium plugin v22.7 (Yoast SEO v22.7) - https:\/\/yoast.com\/wordpress\/plugins\/seo\/ -->\n<title>Politik und Polizei bef\u00fcrworten Schadensersatz von festgeklebten Klimaaktivisten - just-now.NEWS Deutschland<\/title>\n<meta name=\"robots\" content=\"index, follow, max-snippet:-1, max-image-preview:large, max-video-preview:-1\" \/>\n<link rel=\"canonical\" href=\"https:\/\/now-news.de\/de\/deutschland\/politik-und-polizei-befuerworten-schadensersatz-von-festgeklebten-klimaaktivisten\/\" \/>\n<meta property=\"og:locale\" content=\"de_DE\" \/>\n<meta property=\"og:type\" content=\"article\" \/>\n<meta property=\"og:title\" content=\"Politik und Polizei bef\u00fcrworten Schadensersatz von festgeklebten Klimaaktivisten\" \/>\n<meta property=\"og:description\" content=\"In Berlin h\u00e4ufen sich die F\u00e4lle, bei denen Klimaaktivisten sich auf die Stra\u00dfe kleben und den Stra\u00dfenverkehr behindern. Nun fordern die Gewerkschaft der Polizei und Berliner Politiker ein h\u00e4rteres Durchgreifen und Schadensersatz von den Demonstranten. Allein in Berlin l\u00e4gen der Staatsanwaltschaft bis zum 25. Oktober 730 Verfahren zu Aktionen von Klimademonstranten vor, berichtete die Welt [&hellip;]\" \/>\n<meta property=\"og:url\" content=\"https:\/\/now-news.de\/de\/deutschland\/politik-und-polizei-befuerworten-schadensersatz-von-festgeklebten-klimaaktivisten\/\" \/>\n<meta property=\"og:site_name\" content=\"just-now.NEWS Deutschland\" \/>\n<meta property=\"article:publisher\" content=\"https:\/\/www.facebook.com\/wirmachenauf\" \/>\n<meta property=\"article:published_time\" content=\"2022-11-02T08:53:04+00:00\" \/>\n<meta property=\"og:image\" content=\"https:\/\/now-news.de\/de\/wp-content\/uploads\/sites\/3\/2022\/11\/Politik-und-Polizei-befuerworten-Schadensersatz-von-festgeklebten-Klimaaktivisten.jpg\" \/>\n\t<meta property=\"og:image:width\" content=\"460\" \/>\n\t<meta property=\"og:image:height\" content=\"259\" \/>\n\t<meta property=\"og:image:type\" content=\"image\/jpeg\" \/>\n<meta name=\"author\" content=\"rtnews\" \/>\n<meta name=\"twitter:card\" content=\"summary_large_image\" \/>\n<meta name=\"twitter:creator\" content=\"@WirMachenAuf_de\" \/>\n<meta name=\"twitter:site\" content=\"@WirMachenAuf_de\" \/>\n<meta name=\"twitter:label1\" content=\"Verfasst von\" \/>\n\t<meta name=\"twitter:data1\" content=\"rtnews\" \/>\n\t<meta name=\"twitter:label2\" content=\"Gesch\u00e4tzte Lesezeit\" \/>\n\t<meta name=\"twitter:data2\" content=\"2\u00a0Minuten\" \/>\n<script type=\"application\/ld+json\" class=\"yoast-schema-graph\">{\"@context\":\"https:\/\/schema.org\",\"@graph\":[{\"@type\":\"Article\",\"@id\":\"https:\/\/now-news.de\/de\/deutschland\/politik-und-polizei-befuerworten-schadensersatz-von-festgeklebten-klimaaktivisten\/#article\",\"isPartOf\":{\"@id\":\"https:\/\/now-news.de\/de\/deutschland\/politik-und-polizei-befuerworten-schadensersatz-von-festgeklebten-klimaaktivisten\/\"},\"author\":{\"name\":\"rtnews\",\"@id\":\"https:\/\/now-news.de\/de\/#\/schema\/person\/fb534a4e865501d8b3285208df34a9b5\"},\"headline\":\"Politik und Polizei bef\u00fcrworten Schadensersatz von festgeklebten Klimaaktivisten\",\"datePublished\":\"2022-11-02T08:53:04+00:00\",\"dateModified\":\"2022-11-02T08:53:04+00:00\",\"mainEntityOfPage\":{\"@id\":\"https:\/\/now-news.de\/de\/deutschland\/politik-und-polizei-befuerworten-schadensersatz-von-festgeklebten-klimaaktivisten\/\"},\"wordCount\":399,\"commentCount\":0,\"publisher\":{\"@id\":\"https:\/\/now-news.de\/de\/#organization\"},\"image\":{\"@id\":\"https:\/\/now-news.de\/de\/deutschland\/politik-und-polizei-befuerworten-schadensersatz-von-festgeklebten-klimaaktivisten\/#primaryimage\"},\"thumbnailUrl\":\"https:\/\/now-news.de\/de\/wp-content\/uploads\/sites\/3\/2022\/11\/Politik-und-Polizei-befuerworten-Schadensersatz-von-festgeklebten-Klimaaktivisten.jpg\",\"keywords\":[\"bef\u00fcrworten\",\"festgeklebten\",\"Klimaaktivisten\",\"Politik\",\"Polizei\",\"Schadensersatz\",\"und\",\"von\"],\"articleSection\":[\"Deutschland\",\"Russland\"],\"inLanguage\":\"de\",\"potentialAction\":[{\"@type\":\"CommentAction\",\"name\":\"Comment\",\"target\":[\"https:\/\/now-news.de\/de\/deutschland\/politik-und-polizei-befuerworten-schadensersatz-von-festgeklebten-klimaaktivisten\/#respond\"]}]},{\"@type\":\"WebPage\",\"@id\":\"https:\/\/now-news.de\/de\/deutschland\/politik-und-polizei-befuerworten-schadensersatz-von-festgeklebten-klimaaktivisten\/\",\"url\":\"https:\/\/now-news.de\/de\/deutschland\/politik-und-polizei-befuerworten-schadensersatz-von-festgeklebten-klimaaktivisten\/\",\"name\":\"Politik und Polizei bef\u00fcrworten Schadensersatz von festgeklebten Klimaaktivisten - just-now.NEWS Deutschland\",\"isPartOf\":{\"@id\":\"https:\/\/now-news.de\/de\/#website\"},\"primaryImageOfPage\":{\"@id\":\"https:\/\/now-news.de\/de\/deutschland\/politik-und-polizei-befuerworten-schadensersatz-von-festgeklebten-klimaaktivisten\/#primaryimage\"},\"image\":{\"@id\":\"https:\/\/now-news.de\/de\/deutschland\/politik-und-polizei-befuerworten-schadensersatz-von-festgeklebten-klimaaktivisten\/#primaryimage\"},\"thumbnailUrl\":\"https:\/\/now-news.de\/de\/wp-content\/uploads\/sites\/3\/2022\/11\/Politik-und-Polizei-befuerworten-Schadensersatz-von-festgeklebten-Klimaaktivisten.jpg\",\"datePublished\":\"2022-11-02T08:53:04+00:00\",\"dateModified\":\"2022-11-02T08:53:04+00:00\",\"breadcrumb\":{\"@id\":\"https:\/\/now-news.de\/de\/deutschland\/politik-und-polizei-befuerworten-schadensersatz-von-festgeklebten-klimaaktivisten\/#breadcrumb\"},\"inLanguage\":\"de\",\"potentialAction\":[{\"@type\":\"ReadAction\",\"target\":[\"https:\/\/now-news.de\/de\/deutschland\/politik-und-polizei-befuerworten-schadensersatz-von-festgeklebten-klimaaktivisten\/\"]}]},{\"@type\":\"ImageObject\",\"inLanguage\":\"de\",\"@id\":\"https:\/\/now-news.de\/de\/deutschland\/politik-und-polizei-befuerworten-schadensersatz-von-festgeklebten-klimaaktivisten\/#primaryimage\",\"url\":\"https:\/\/now-news.de\/de\/wp-content\/uploads\/sites\/3\/2022\/11\/Politik-und-Polizei-befuerworten-Schadensersatz-von-festgeklebten-Klimaaktivisten.jpg\",\"contentUrl\":\"https:\/\/now-news.de\/de\/wp-content\/uploads\/sites\/3\/2022\/11\/Politik-und-Polizei-befuerworten-Schadensersatz-von-festgeklebten-Klimaaktivisten.jpg\",\"width\":460,\"height\":259,\"caption\":\"Politik und Polizei bef\u00fcrworten Schadensersatz von festgeklebten Klimaaktivisten\"},{\"@type\":\"BreadcrumbList\",\"@id\":\"https:\/\/now-news.de\/de\/deutschland\/politik-und-polizei-befuerworten-schadensersatz-von-festgeklebten-klimaaktivisten\/#breadcrumb\",\"itemListElement\":[{\"@type\":\"ListItem\",\"position\":1,\"name\":\"Home\",\"item\":\"https:\/\/now-news.de\/de\/\"},{\"@type\":\"ListItem\",\"position\":2,\"name\":\"Politik und Polizei bef\u00fcrworten Schadensersatz von festgeklebten Klimaaktivisten\"}]},{\"@type\":\"WebSite\",\"@id\":\"https:\/\/now-news.de\/de\/#website\",\"url\":\"https:\/\/now-news.de\/de\/\",\"name\":\"just-now.NEWS Deutschland\",\"description\":\"Das Portal f\u00fcr unzensierte Nachrichten aus der Welt\",\"publisher\":{\"@id\":\"https:\/\/now-news.de\/de\/#organization\"},\"potentialAction\":[{\"@type\":\"SearchAction\",\"target\":{\"@type\":\"EntryPoint\",\"urlTemplate\":\"https:\/\/now-news.de\/de\/?s={search_term_string}\"},\"query-input\":\"required name=search_term_string\"}],\"inLanguage\":\"de\"},{\"@type\":\"Organization\",\"@id\":\"https:\/\/now-news.de\/de\/#organization\",\"name\":\"Just Now News\",\"url\":\"https:\/\/now-news.de\/de\/\",\"logo\":{\"@type\":\"ImageObject\",\"inLanguage\":\"de\",\"@id\":\"https:\/\/now-news.de\/de\/#\/schema\/logo\/image\/\",\"url\":\"http:\/\/just-now.news\/de\/wp-content\/uploads\/sites\/3\/2022\/04\/logo500x500.jpg\",\"contentUrl\":\"http:\/\/just-now.news\/de\/wp-content\/uploads\/sites\/3\/2022\/04\/logo500x500.jpg\",\"width\":500,\"height\":500,\"caption\":\"Just Now News\"},\"image\":{\"@id\":\"https:\/\/now-news.de\/de\/#\/schema\/logo\/image\/\"},\"sameAs\":[\"https:\/\/www.facebook.com\/wirmachenauf\",\"https:\/\/x.com\/WirMachenAuf_de\"]},{\"@type\":\"Person\",\"@id\":\"https:\/\/now-news.de\/de\/#\/schema\/person\/fb534a4e865501d8b3285208df34a9b5\",\"name\":\"rtnews\",\"image\":{\"@type\":\"ImageObject\",\"inLanguage\":\"de\",\"@id\":\"https:\/\/now-news.de\/de\/#\/schema\/person\/image\/\",\"url\":\"https:\/\/secure.gravatar.com\/avatar\/82aafea7d8127119dd649515f56e2117?s=96&d=mm&r=g\",\"contentUrl\":\"https:\/\/secure.gravatar.com\/avatar\/82aafea7d8127119dd649515f56e2117?s=96&d=mm&r=g\",\"caption\":\"rtnews\"},\"url\":\"https:\/\/now-news.de\/de\/author\/rnews\/\"}]}<\/script>\n<!-- \/ Yoast SEO Premium plugin. -->","yoast_head_json":{"title":"Politik und Polizei bef\u00fcrworten Schadensersatz von festgeklebten Klimaaktivisten - just-now.NEWS Deutschland","robots":{"index":"index","follow":"follow","max-snippet":"max-snippet:-1","max-image-preview":"max-image-preview:large","max-video-preview":"max-video-preview:-1"},"canonical":"https:\/\/now-news.de\/de\/deutschland\/politik-und-polizei-befuerworten-schadensersatz-von-festgeklebten-klimaaktivisten\/","og_locale":"de_DE","og_type":"article","og_title":"Politik und Polizei bef\u00fcrworten Schadensersatz von festgeklebten Klimaaktivisten","og_description":"In Berlin h\u00e4ufen sich die F\u00e4lle, bei denen Klimaaktivisten sich auf die Stra\u00dfe kleben und den Stra\u00dfenverkehr behindern. Nun fordern die Gewerkschaft der Polizei und Berliner Politiker ein h\u00e4rteres Durchgreifen und Schadensersatz von den Demonstranten. Allein in Berlin l\u00e4gen der Staatsanwaltschaft bis zum 25. Oktober 730 Verfahren zu Aktionen von Klimademonstranten vor, berichtete die Welt [&hellip;]","og_url":"https:\/\/now-news.de\/de\/deutschland\/politik-und-polizei-befuerworten-schadensersatz-von-festgeklebten-klimaaktivisten\/","og_site_name":"just-now.NEWS Deutschland","article_publisher":"https:\/\/www.facebook.com\/wirmachenauf","article_published_time":"2022-11-02T08:53:04+00:00","og_image":[{"width":460,"height":259,"url":"https:\/\/now-news.de\/de\/wp-content\/uploads\/sites\/3\/2022\/11\/Politik-und-Polizei-befuerworten-Schadensersatz-von-festgeklebten-Klimaaktivisten.jpg","type":"image\/jpeg"}],"author":"rtnews","twitter_card":"summary_large_image","twitter_creator":"@WirMachenAuf_de","twitter_site":"@WirMachenAuf_de","twitter_misc":{"Verfasst von":"rtnews","Gesch\u00e4tzte Lesezeit":"2\u00a0Minuten"},"schema":{"@context":"https:\/\/schema.org","@graph":[{"@type":"Article","@id":"https:\/\/now-news.de\/de\/deutschland\/politik-und-polizei-befuerworten-schadensersatz-von-festgeklebten-klimaaktivisten\/#article","isPartOf":{"@id":"https:\/\/now-news.de\/de\/deutschland\/politik-und-polizei-befuerworten-schadensersatz-von-festgeklebten-klimaaktivisten\/"},"author":{"name":"rtnews","@id":"https:\/\/now-news.de\/de\/#\/schema\/person\/fb534a4e865501d8b3285208df34a9b5"},"headline":"Politik und Polizei bef\u00fcrworten Schadensersatz von festgeklebten Klimaaktivisten","datePublished":"2022-11-02T08:53:04+00:00","dateModified":"2022-11-02T08:53:04+00:00","mainEntityOfPage":{"@id":"https:\/\/now-news.de\/de\/deutschland\/politik-und-polizei-befuerworten-schadensersatz-von-festgeklebten-klimaaktivisten\/"},"wordCount":399,"commentCount":0,"publisher":{"@id":"https:\/\/now-news.de\/de\/#organization"},"image":{"@id":"https:\/\/now-news.de\/de\/deutschland\/politik-und-polizei-befuerworten-schadensersatz-von-festgeklebten-klimaaktivisten\/#primaryimage"},"thumbnailUrl":"https:\/\/now-news.de\/de\/wp-content\/uploads\/sites\/3\/2022\/11\/Politik-und-Polizei-befuerworten-Schadensersatz-von-festgeklebten-Klimaaktivisten.jpg","keywords":["bef\u00fcrworten","festgeklebten","Klimaaktivisten","Politik","Polizei","Schadensersatz","und","von"],"articleSection":["Deutschland","Russland"],"inLanguage":"de","potentialAction":[{"@type":"CommentAction","name":"Comment","target":["https:\/\/now-news.de\/de\/deutschland\/politik-und-polizei-befuerworten-schadensersatz-von-festgeklebten-klimaaktivisten\/#respond"]}]},{"@type":"WebPage","@id":"https:\/\/now-news.de\/de\/deutschland\/politik-und-polizei-befuerworten-schadensersatz-von-festgeklebten-klimaaktivisten\/","url":"https:\/\/now-news.de\/de\/deutschland\/politik-und-polizei-befuerworten-schadensersatz-von-festgeklebten-klimaaktivisten\/","name":"Politik und Polizei bef\u00fcrworten Schadensersatz von festgeklebten Klimaaktivisten - just-now.NEWS Deutschland","isPartOf":{"@id":"https:\/\/now-news.de\/de\/#website"},"primaryImageOfPage":{"@id":"https:\/\/now-news.de\/de\/deutschland\/politik-und-polizei-befuerworten-schadensersatz-von-festgeklebten-klimaaktivisten\/#primaryimage"},"image":{"@id":"https:\/\/now-news.de\/de\/deutschland\/politik-und-polizei-befuerworten-schadensersatz-von-festgeklebten-klimaaktivisten\/#primaryimage"},"thumbnailUrl":"https:\/\/now-news.de\/de\/wp-content\/uploads\/sites\/3\/2022\/11\/Politik-und-Polizei-befuerworten-Schadensersatz-von-festgeklebten-Klimaaktivisten.jpg","datePublished":"2022-11-02T08:53:04+00:00","dateModified":"2022-11-02T08:53:04+00:00","breadcrumb":{"@id":"https:\/\/now-news.de\/de\/deutschland\/politik-und-polizei-befuerworten-schadensersatz-von-festgeklebten-klimaaktivisten\/#breadcrumb"},"inLanguage":"de","potentialAction":[{"@type":"ReadAction","target":["https:\/\/now-news.de\/de\/deutschland\/politik-und-polizei-befuerworten-schadensersatz-von-festgeklebten-klimaaktivisten\/"]}]},{"@type":"ImageObject","inLanguage":"de","@id":"https:\/\/now-news.de\/de\/deutschland\/politik-und-polizei-befuerworten-schadensersatz-von-festgeklebten-klimaaktivisten\/#primaryimage","url":"https:\/\/now-news.de\/de\/wp-content\/uploads\/sites\/3\/2022\/11\/Politik-und-Polizei-befuerworten-Schadensersatz-von-festgeklebten-Klimaaktivisten.jpg","contentUrl":"https:\/\/now-news.de\/de\/wp-content\/uploads\/sites\/3\/2022\/11\/Politik-und-Polizei-befuerworten-Schadensersatz-von-festgeklebten-Klimaaktivisten.jpg","width":460,"height":259,"caption":"Politik und Polizei bef\u00fcrworten Schadensersatz von festgeklebten Klimaaktivisten"},{"@type":"BreadcrumbList","@id":"https:\/\/now-news.de\/de\/deutschland\/politik-und-polizei-befuerworten-schadensersatz-von-festgeklebten-klimaaktivisten\/#breadcrumb","itemListElement":[{"@type":"ListItem","position":1,"name":"Home","item":"https:\/\/now-news.de\/de\/"},{"@type":"ListItem","position":2,"name":"Politik und Polizei bef\u00fcrworten Schadensersatz von festgeklebten Klimaaktivisten"}]},{"@type":"WebSite","@id":"https:\/\/now-news.de\/de\/#website","url":"https:\/\/now-news.de\/de\/","name":"just-now.NEWS Deutschland","description":"Das Portal f\u00fcr unzensierte Nachrichten aus der Welt","publisher":{"@id":"https:\/\/now-news.de\/de\/#organization"},"potentialAction":[{"@type":"SearchAction","target":{"@type":"EntryPoint","urlTemplate":"https:\/\/now-news.de\/de\/?s={search_term_string}"},"query-input":"required name=search_term_string"}],"inLanguage":"de"},{"@type":"Organization","@id":"https:\/\/now-news.de\/de\/#organization","name":"Just Now News","url":"https:\/\/now-news.de\/de\/","logo":{"@type":"ImageObject","inLanguage":"de","@id":"https:\/\/now-news.de\/de\/#\/schema\/logo\/image\/","url":"http:\/\/just-now.news\/de\/wp-content\/uploads\/sites\/3\/2022\/04\/logo500x500.jpg","contentUrl":"http:\/\/just-now.news\/de\/wp-content\/uploads\/sites\/3\/2022\/04\/logo500x500.jpg","width":500,"height":500,"caption":"Just Now News"},"image":{"@id":"https:\/\/now-news.de\/de\/#\/schema\/logo\/image\/"},"sameAs":["https:\/\/www.facebook.com\/wirmachenauf","https:\/\/x.com\/WirMachenAuf_de"]},{"@type":"Person","@id":"https:\/\/now-news.de\/de\/#\/schema\/person\/fb534a4e865501d8b3285208df34a9b5","name":"rtnews","image":{"@type":"ImageObject","inLanguage":"de","@id":"https:\/\/now-news.de\/de\/#\/schema\/person\/image\/","url":"https:\/\/secure.gravatar.com\/avatar\/82aafea7d8127119dd649515f56e2117?s=96&d=mm&r=g","contentUrl":"https:\/\/secure.gravatar.com\/avatar\/82aafea7d8127119dd649515f56e2117?s=96&d=mm&r=g","caption":"rtnews"},"url":"https:\/\/now-news.de\/de\/author\/rnews\/"}]}},"_links":{"self":[{"href":"https:\/\/now-news.de\/de\/wp-json\/wp\/v2\/posts\/22252"}],"collection":[{"href":"https:\/\/now-news.de\/de\/wp-json\/wp\/v2\/posts"}],"about":[{"href":"https:\/\/now-news.de\/de\/wp-json\/wp\/v2\/types\/post"}],"author":[{"embeddable":true,"href":"https:\/\/now-news.de\/de\/wp-json\/wp\/v2\/users\/3"}],"replies":[{"embeddable":true,"href":"https:\/\/now-news.de\/de\/wp-json\/wp\/v2\/comments?post=22252"}],"version-history":[{"count":0,"href":"https:\/\/now-news.de\/de\/wp-json\/wp\/v2\/posts\/22252\/revisions"}],"wp:featuredmedia":[{"embeddable":true,"href":"https:\/\/now-news.de\/de\/wp-json\/wp\/v2\/media\/22253"}],"wp:attachment":[{"href":"https:\/\/now-news.de\/de\/wp-json\/wp\/v2\/media?parent=22252"}],"wp:term":[{"taxonomy":"category","embeddable":true,"href":"https:\/\/now-news.de\/de\/wp-json\/wp\/v2\/categories?post=22252"},{"taxonomy":"post_tag","embeddable":true,"href":"https:\/\/now-news.de\/de\/wp-json\/wp\/v2\/tags?post=22252"}],"curies":[{"name":"wp","href":"https:\/\/api.w.org\/{rel}","templated":true}]}}