{"id":22216,"date":"2022-11-01T19:46:06","date_gmt":"2022-11-01T17:46:06","guid":{"rendered":"http:\/\/just-now.news\/de\/deutschland\/nach-blockade-eines-rettungsfahrzeugs-polizei-ermittelt-gegen-zwei-klima-aktivisten\/"},"modified":"2022-11-01T19:46:06","modified_gmt":"2022-11-01T17:46:06","slug":"nach-blockade-eines-rettungsfahrzeugs-polizei-ermittelt-gegen-zwei-klima-aktivisten","status":"publish","type":"post","link":"https:\/\/now-news.de\/de\/deutschland\/nach-blockade-eines-rettungsfahrzeugs-polizei-ermittelt-gegen-zwei-klima-aktivisten\/","title":{"rendered":"Nach Blockade eines Rettungsfahrzeugs: Polizei ermittelt gegen zwei Klima-&quot;Aktivisten&quot;"},"content":{"rendered":"<p><img decoding=\"async\" src=\"http:\/\/just-now.news\/de\/wp-content\/uploads\/sites\/3\/2022\/11\/63614294b480cc75b95de3c8.jpg\" \/><\/p>\n<div class=\"Text-root Text-type_1 \">\n                Nach dem schweren Betonmischer-Unfall am Montagmorgen ermittelt die Polizei nun gegen zwei Klima-&#8220;Aktivisten&#8221;. Wegen einer Blockadeaktion ist es laut Feuerwehr zu Verz\u00f6gerungen bei der Rettung gekommen.  Eine Radfahrerin wurde beim Unfall unter dem Lkw eingeklemmt.\n            <\/div>\n<p><\/p>\n<div class=\"Text-root Text-type_5 ArticleView-text ViewText-root \">\n<p>Gegen einen 63-J\u00e4hrigen und einen 59-J\u00e4hrigen werde wegen unterlassener Hilfeleistung beziehungsweise der Behinderung hilfeleistender Personen ermittelt, sagte ein Polizei-Sprecher am Dienstag der Nachrichtenagentur <em>dpa<\/em>. Damit best\u00e4tigte die Polizei einen Bericht der<em> Berliner Zeitung\u00a0<\/em>\u00fcber die Ermittlungen gegen zwei der Blockierer der Gruppe &#8220;Letzte Generation&#8221;. Nach Angaben des Sprechers sollen sich die sogenannten Klima-&#8220;Aktivisten&#8221; an einer Schilderbr\u00fccke auf der A100 festgeklebt haben.<\/p>\n<p>Eine 44 Jahre alte Radfahrerin war am Montagmorgen auf der Bundesallee in Berlin-Wilmersdorf von einem Betonmischer-Lastwagen \u00fcberrollt und unter dem Wagen eingeklemmt worden. Feuerwehr-Einsatzkr\u00e4fte mit Spezialger\u00e4ten standen wegen Protesten der Klima-&#8220;Aktivisten&#8221; auf der Stadtautobahn A100 im Stau und trafen erst versp\u00e4tet am Unfallort ein. Deshalb musste an der Unfallstelle improvisiert werden, wie die Feuerwehr betonte. Die Frau kam mit lebensgef\u00e4hrlichen Verletzungen in eine Klinik.\u00a0<strong><\/strong><\/p>\n<p>Ein Sprecher bekr\u00e4ftigte am Dienstag, dass es ohne die Blockierer an der Stelle nicht zum Stau gekommen w\u00e4re. Ob die Autofahrer eine Rettungsgasse gebildet hatten, konnte er nicht sagen. Das Fehlen von Rettungsgassen sei in der Hauptstadt ein t\u00e4gliches Problem, Autofahrer d\u00e4chten nicht immer daran.<\/p>\n<p>Auch der Fahrer des Betonmischers (64) wurde von einem zun\u00e4chst unbekannten Mann mit einem Messer schwer verletzt.\u00a0Die Messerattacke ereignete sich, w\u00e4hrend sich Rettungskr\u00e4fte um die Frau k\u00fcmmerten. Ein am\u00a0Unfall nicht beteiligter Mann soll auf den Lastwagenfahrer zugegangen sein, als dieser neben der Fahrerkabine stand, und ihn unvermittelt mit einem Messer angegriffen haben. Der Fahrer wurde mit einer Stichverletzung in eine Klinik gebracht, wo er station\u00e4r aufgenommen wurde.<\/p>\n<p>Die &#8220;Letzte Generation&#8221; hat zuletzt fast t\u00e4glich mit Blockaden f\u00fcr erhebliche Behinderungen auf Berliner Stra\u00dfen gesorgt.\u00a0Berlins Regierende B\u00fcrgermeisterin Franziska Giffey \u00fcbte am Dienstag deutliche Kritik. Die SPD-Politikerin sagte nach einer Senatssitzung:\u00a0<\/p>\n<blockquote>\n<p><em>&#8220;Wir haben uns im Senat darauf verst\u00e4ndigt, dass wir ganz klar hier eine Haltung beziehen, die sagt: Die Form dieses Protestes, die zu einer Gef\u00e4hrdung der \u00f6ffentlichen Sicherheit und Ordnung f\u00fchrt, ist unangemessen.&#8221;<\/em><\/p>\n<\/blockquote>\n<p>Giffey erg\u00e4nzte: &#8220;Und wir verurteilen dieses Verhalten.&#8221;<\/p>\n<p><strong>Mehr zum Thema<\/strong> &#8211; <a rel=\"nofollow noopener\" target=\"_blank\" href=\"https:\/\/test.rtde.tech\/inland\/144425-wirtschaftsministerium-unterstutzte-indirekt-aktionen-klimaprotestler\/\">Subventionierte &#8220;Pattex-Kinder&#8221;: Regierung unterst\u00fctzte indirekt Aktionen der &#8220;Letzten Generation&#8221;<\/a><\/p>\n<p>(rt\/dpa)<\/p>\n<\/div>\n<p><br \/>\n<br \/><a href=\"https:\/\/de.rt.com\/inland\/153129-nach-blockade-rettungsfahrzeugs-polizei-ermittelt\/\">Source link <\/a><\/p>\n","protected":false},"excerpt":{"rendered":"<p>Nach dem schweren Betonmischer-Unfall am Montagmorgen ermittelt die Polizei nun gegen zwei Klima-&#8220;Aktivisten&#8221;. Wegen einer Blockadeaktion ist es laut Feuerwehr zu Verz\u00f6gerungen bei der Rettung gekommen. Eine Radfahrerin wurde beim Unfall unter dem Lkw eingeklemmt. Gegen einen 63-J\u00e4hrigen und einen 59-J\u00e4hrigen werde wegen unterlassener Hilfeleistung beziehungsweise der Behinderung hilfeleistender Personen ermittelt, sagte ein Polizei-Sprecher am [&hellip;]<\/p>\n","protected":false},"author":3,"featured_media":22217,"comment_status":"open","ping_status":"open","sticky":false,"template":"","format":"standard","meta":{"wp_automatic_camp":["217"],"91f5c0749d04320dee89a3877e925e3c":["Nach Blockade eines Rettungsfahrzeugs: Polizei ermittelt gegen zwei Klima-&quot;Aktivisten&quot;"],"original_link":["https:\/\/de.rt.com\/inland\/153129-nach-blockade-rettungsfahrzeugs-polizei-ermittelt\/"],"_thumbnail_id":["22217"],"_wptg_p2tg_sent2tg":["2022-11-01 19:58:31"],"jnews_social_counter_last_update":["1777180891"]},"categories":[19,23],"tags":[25170,2111,19038,278,35119,979,7579,35187,1003],"yoast_head":"<!-- This site is optimized with the Yoast SEO Premium plugin v22.7 (Yoast SEO v22.7) - https:\/\/yoast.com\/wordpress\/plugins\/seo\/ -->\n<title>Nach Blockade eines Rettungsfahrzeugs: Polizei ermittelt gegen zwei Klima-&quot;Aktivisten&quot; - just-now.NEWS Deutschland<\/title>\n<meta name=\"robots\" content=\"index, follow, max-snippet:-1, max-image-preview:large, max-video-preview:-1\" \/>\n<link rel=\"canonical\" href=\"https:\/\/now-news.de\/de\/deutschland\/nach-blockade-eines-rettungsfahrzeugs-polizei-ermittelt-gegen-zwei-klima-aktivisten\/\" \/>\n<meta property=\"og:locale\" content=\"de_DE\" \/>\n<meta property=\"og:type\" content=\"article\" \/>\n<meta property=\"og:title\" content=\"Nach Blockade eines Rettungsfahrzeugs: Polizei ermittelt gegen zwei Klima-&quot;Aktivisten&quot;\" \/>\n<meta property=\"og:description\" content=\"Nach dem schweren Betonmischer-Unfall am Montagmorgen ermittelt die Polizei nun gegen zwei Klima-&#8220;Aktivisten&#8221;. Wegen einer Blockadeaktion ist es laut Feuerwehr zu Verz\u00f6gerungen bei der Rettung gekommen. Eine Radfahrerin wurde beim Unfall unter dem Lkw eingeklemmt. Gegen einen 63-J\u00e4hrigen und einen 59-J\u00e4hrigen werde wegen unterlassener Hilfeleistung beziehungsweise der Behinderung hilfeleistender Personen ermittelt, sagte ein Polizei-Sprecher am [&hellip;]\" \/>\n<meta property=\"og:url\" content=\"https:\/\/now-news.de\/de\/deutschland\/nach-blockade-eines-rettungsfahrzeugs-polizei-ermittelt-gegen-zwei-klima-aktivisten\/\" \/>\n<meta property=\"og:site_name\" content=\"just-now.NEWS Deutschland\" \/>\n<meta property=\"article:publisher\" content=\"https:\/\/www.facebook.com\/wirmachenauf\" \/>\n<meta property=\"article:published_time\" content=\"2022-11-01T17:46:06+00:00\" \/>\n<meta property=\"og:image\" content=\"https:\/\/now-news.de\/de\/wp-content\/uploads\/sites\/3\/2022\/11\/Nach-Blockade-eines-Rettungsfahrzeugs-Polizei-ermittelt-gegen-zwei-Klima-quotAktivistenquot.jpg\" \/>\n\t<meta property=\"og:image:width\" content=\"460\" \/>\n\t<meta property=\"og:image:height\" content=\"259\" \/>\n\t<meta property=\"og:image:type\" content=\"image\/jpeg\" \/>\n<meta name=\"author\" content=\"rtnews\" \/>\n<meta name=\"twitter:card\" content=\"summary_large_image\" \/>\n<meta name=\"twitter:creator\" content=\"@WirMachenAuf_de\" \/>\n<meta name=\"twitter:site\" content=\"@WirMachenAuf_de\" \/>\n<meta name=\"twitter:label1\" content=\"Verfasst von\" \/>\n\t<meta name=\"twitter:data1\" content=\"rtnews\" \/>\n\t<meta name=\"twitter:label2\" content=\"Gesch\u00e4tzte Lesezeit\" \/>\n\t<meta name=\"twitter:data2\" content=\"2\u00a0Minuten\" \/>\n<script type=\"application\/ld+json\" class=\"yoast-schema-graph\">{\"@context\":\"https:\/\/schema.org\",\"@graph\":[{\"@type\":\"Article\",\"@id\":\"https:\/\/now-news.de\/de\/deutschland\/nach-blockade-eines-rettungsfahrzeugs-polizei-ermittelt-gegen-zwei-klima-aktivisten\/#article\",\"isPartOf\":{\"@id\":\"https:\/\/now-news.de\/de\/deutschland\/nach-blockade-eines-rettungsfahrzeugs-polizei-ermittelt-gegen-zwei-klima-aktivisten\/\"},\"author\":{\"name\":\"rtnews\",\"@id\":\"https:\/\/now-news.de\/de\/#\/schema\/person\/fb534a4e865501d8b3285208df34a9b5\"},\"headline\":\"Nach Blockade eines Rettungsfahrzeugs: Polizei ermittelt gegen zwei Klima-&quot;Aktivisten&quot;\",\"datePublished\":\"2022-11-01T17:46:06+00:00\",\"dateModified\":\"2022-11-01T17:46:06+00:00\",\"mainEntityOfPage\":{\"@id\":\"https:\/\/now-news.de\/de\/deutschland\/nach-blockade-eines-rettungsfahrzeugs-polizei-ermittelt-gegen-zwei-klima-aktivisten\/\"},\"wordCount\":404,\"commentCount\":0,\"publisher\":{\"@id\":\"https:\/\/now-news.de\/de\/#organization\"},\"image\":{\"@id\":\"https:\/\/now-news.de\/de\/deutschland\/nach-blockade-eines-rettungsfahrzeugs-polizei-ermittelt-gegen-zwei-klima-aktivisten\/#primaryimage\"},\"thumbnailUrl\":\"https:\/\/now-news.de\/de\/wp-content\/uploads\/sites\/3\/2022\/11\/Nach-Blockade-eines-Rettungsfahrzeugs-Polizei-ermittelt-gegen-zwei-Klima-quotAktivistenquot.jpg\",\"keywords\":[\"Blockade\",\"eines\",\"ermittelt\",\"gegen\",\"KlimaquotAktivistenquot\",\"nach\",\"Polizei\",\"Rettungsfahrzeugs\",\"zwei\"],\"articleSection\":[\"Deutschland\",\"Russland\"],\"inLanguage\":\"de\",\"potentialAction\":[{\"@type\":\"CommentAction\",\"name\":\"Comment\",\"target\":[\"https:\/\/now-news.de\/de\/deutschland\/nach-blockade-eines-rettungsfahrzeugs-polizei-ermittelt-gegen-zwei-klima-aktivisten\/#respond\"]}]},{\"@type\":\"WebPage\",\"@id\":\"https:\/\/now-news.de\/de\/deutschland\/nach-blockade-eines-rettungsfahrzeugs-polizei-ermittelt-gegen-zwei-klima-aktivisten\/\",\"url\":\"https:\/\/now-news.de\/de\/deutschland\/nach-blockade-eines-rettungsfahrzeugs-polizei-ermittelt-gegen-zwei-klima-aktivisten\/\",\"name\":\"Nach Blockade eines Rettungsfahrzeugs: Polizei ermittelt gegen zwei Klima-&quot;Aktivisten&quot; - just-now.NEWS Deutschland\",\"isPartOf\":{\"@id\":\"https:\/\/now-news.de\/de\/#website\"},\"primaryImageOfPage\":{\"@id\":\"https:\/\/now-news.de\/de\/deutschland\/nach-blockade-eines-rettungsfahrzeugs-polizei-ermittelt-gegen-zwei-klima-aktivisten\/#primaryimage\"},\"image\":{\"@id\":\"https:\/\/now-news.de\/de\/deutschland\/nach-blockade-eines-rettungsfahrzeugs-polizei-ermittelt-gegen-zwei-klima-aktivisten\/#primaryimage\"},\"thumbnailUrl\":\"https:\/\/now-news.de\/de\/wp-content\/uploads\/sites\/3\/2022\/11\/Nach-Blockade-eines-Rettungsfahrzeugs-Polizei-ermittelt-gegen-zwei-Klima-quotAktivistenquot.jpg\",\"datePublished\":\"2022-11-01T17:46:06+00:00\",\"dateModified\":\"2022-11-01T17:46:06+00:00\",\"breadcrumb\":{\"@id\":\"https:\/\/now-news.de\/de\/deutschland\/nach-blockade-eines-rettungsfahrzeugs-polizei-ermittelt-gegen-zwei-klima-aktivisten\/#breadcrumb\"},\"inLanguage\":\"de\",\"potentialAction\":[{\"@type\":\"ReadAction\",\"target\":[\"https:\/\/now-news.de\/de\/deutschland\/nach-blockade-eines-rettungsfahrzeugs-polizei-ermittelt-gegen-zwei-klima-aktivisten\/\"]}]},{\"@type\":\"ImageObject\",\"inLanguage\":\"de\",\"@id\":\"https:\/\/now-news.de\/de\/deutschland\/nach-blockade-eines-rettungsfahrzeugs-polizei-ermittelt-gegen-zwei-klima-aktivisten\/#primaryimage\",\"url\":\"https:\/\/now-news.de\/de\/wp-content\/uploads\/sites\/3\/2022\/11\/Nach-Blockade-eines-Rettungsfahrzeugs-Polizei-ermittelt-gegen-zwei-Klima-quotAktivistenquot.jpg\",\"contentUrl\":\"https:\/\/now-news.de\/de\/wp-content\/uploads\/sites\/3\/2022\/11\/Nach-Blockade-eines-Rettungsfahrzeugs-Polizei-ermittelt-gegen-zwei-Klima-quotAktivistenquot.jpg\",\"width\":460,\"height\":259,\"caption\":\"Nach Blockade eines Rettungsfahrzeugs: Polizei ermittelt gegen zwei Klima-&quot;Aktivisten&quot;\"},{\"@type\":\"BreadcrumbList\",\"@id\":\"https:\/\/now-news.de\/de\/deutschland\/nach-blockade-eines-rettungsfahrzeugs-polizei-ermittelt-gegen-zwei-klima-aktivisten\/#breadcrumb\",\"itemListElement\":[{\"@type\":\"ListItem\",\"position\":1,\"name\":\"Home\",\"item\":\"https:\/\/now-news.de\/de\/\"},{\"@type\":\"ListItem\",\"position\":2,\"name\":\"Nach Blockade eines Rettungsfahrzeugs: Polizei ermittelt gegen zwei Klima-&quot;Aktivisten&quot;\"}]},{\"@type\":\"WebSite\",\"@id\":\"https:\/\/now-news.de\/de\/#website\",\"url\":\"https:\/\/now-news.de\/de\/\",\"name\":\"just-now.NEWS Deutschland\",\"description\":\"Das Portal f\u00fcr unzensierte Nachrichten aus der Welt\",\"publisher\":{\"@id\":\"https:\/\/now-news.de\/de\/#organization\"},\"potentialAction\":[{\"@type\":\"SearchAction\",\"target\":{\"@type\":\"EntryPoint\",\"urlTemplate\":\"https:\/\/now-news.de\/de\/?s={search_term_string}\"},\"query-input\":\"required name=search_term_string\"}],\"inLanguage\":\"de\"},{\"@type\":\"Organization\",\"@id\":\"https:\/\/now-news.de\/de\/#organization\",\"name\":\"Just Now News\",\"url\":\"https:\/\/now-news.de\/de\/\",\"logo\":{\"@type\":\"ImageObject\",\"inLanguage\":\"de\",\"@id\":\"https:\/\/now-news.de\/de\/#\/schema\/logo\/image\/\",\"url\":\"http:\/\/just-now.news\/de\/wp-content\/uploads\/sites\/3\/2022\/04\/logo500x500.jpg\",\"contentUrl\":\"http:\/\/just-now.news\/de\/wp-content\/uploads\/sites\/3\/2022\/04\/logo500x500.jpg\",\"width\":500,\"height\":500,\"caption\":\"Just Now News\"},\"image\":{\"@id\":\"https:\/\/now-news.de\/de\/#\/schema\/logo\/image\/\"},\"sameAs\":[\"https:\/\/www.facebook.com\/wirmachenauf\",\"https:\/\/x.com\/WirMachenAuf_de\"]},{\"@type\":\"Person\",\"@id\":\"https:\/\/now-news.de\/de\/#\/schema\/person\/fb534a4e865501d8b3285208df34a9b5\",\"name\":\"rtnews\",\"image\":{\"@type\":\"ImageObject\",\"inLanguage\":\"de\",\"@id\":\"https:\/\/now-news.de\/de\/#\/schema\/person\/image\/\",\"url\":\"https:\/\/secure.gravatar.com\/avatar\/82aafea7d8127119dd649515f56e2117?s=96&d=mm&r=g\",\"contentUrl\":\"https:\/\/secure.gravatar.com\/avatar\/82aafea7d8127119dd649515f56e2117?s=96&d=mm&r=g\",\"caption\":\"rtnews\"},\"url\":\"https:\/\/now-news.de\/de\/author\/rnews\/\"}]}<\/script>\n<!-- \/ Yoast SEO Premium plugin. -->","yoast_head_json":{"title":"Nach Blockade eines Rettungsfahrzeugs: Polizei ermittelt gegen zwei Klima-&quot;Aktivisten&quot; - just-now.NEWS Deutschland","robots":{"index":"index","follow":"follow","max-snippet":"max-snippet:-1","max-image-preview":"max-image-preview:large","max-video-preview":"max-video-preview:-1"},"canonical":"https:\/\/now-news.de\/de\/deutschland\/nach-blockade-eines-rettungsfahrzeugs-polizei-ermittelt-gegen-zwei-klima-aktivisten\/","og_locale":"de_DE","og_type":"article","og_title":"Nach Blockade eines Rettungsfahrzeugs: Polizei ermittelt gegen zwei Klima-&quot;Aktivisten&quot;","og_description":"Nach dem schweren Betonmischer-Unfall am Montagmorgen ermittelt die Polizei nun gegen zwei Klima-&#8220;Aktivisten&#8221;. Wegen einer Blockadeaktion ist es laut Feuerwehr zu Verz\u00f6gerungen bei der Rettung gekommen. Eine Radfahrerin wurde beim Unfall unter dem Lkw eingeklemmt. Gegen einen 63-J\u00e4hrigen und einen 59-J\u00e4hrigen werde wegen unterlassener Hilfeleistung beziehungsweise der Behinderung hilfeleistender Personen ermittelt, sagte ein Polizei-Sprecher am [&hellip;]","og_url":"https:\/\/now-news.de\/de\/deutschland\/nach-blockade-eines-rettungsfahrzeugs-polizei-ermittelt-gegen-zwei-klima-aktivisten\/","og_site_name":"just-now.NEWS Deutschland","article_publisher":"https:\/\/www.facebook.com\/wirmachenauf","article_published_time":"2022-11-01T17:46:06+00:00","og_image":[{"width":460,"height":259,"url":"https:\/\/now-news.de\/de\/wp-content\/uploads\/sites\/3\/2022\/11\/Nach-Blockade-eines-Rettungsfahrzeugs-Polizei-ermittelt-gegen-zwei-Klima-quotAktivistenquot.jpg","type":"image\/jpeg"}],"author":"rtnews","twitter_card":"summary_large_image","twitter_creator":"@WirMachenAuf_de","twitter_site":"@WirMachenAuf_de","twitter_misc":{"Verfasst von":"rtnews","Gesch\u00e4tzte Lesezeit":"2\u00a0Minuten"},"schema":{"@context":"https:\/\/schema.org","@graph":[{"@type":"Article","@id":"https:\/\/now-news.de\/de\/deutschland\/nach-blockade-eines-rettungsfahrzeugs-polizei-ermittelt-gegen-zwei-klima-aktivisten\/#article","isPartOf":{"@id":"https:\/\/now-news.de\/de\/deutschland\/nach-blockade-eines-rettungsfahrzeugs-polizei-ermittelt-gegen-zwei-klima-aktivisten\/"},"author":{"name":"rtnews","@id":"https:\/\/now-news.de\/de\/#\/schema\/person\/fb534a4e865501d8b3285208df34a9b5"},"headline":"Nach Blockade eines Rettungsfahrzeugs: Polizei ermittelt gegen zwei Klima-&quot;Aktivisten&quot;","datePublished":"2022-11-01T17:46:06+00:00","dateModified":"2022-11-01T17:46:06+00:00","mainEntityOfPage":{"@id":"https:\/\/now-news.de\/de\/deutschland\/nach-blockade-eines-rettungsfahrzeugs-polizei-ermittelt-gegen-zwei-klima-aktivisten\/"},"wordCount":404,"commentCount":0,"publisher":{"@id":"https:\/\/now-news.de\/de\/#organization"},"image":{"@id":"https:\/\/now-news.de\/de\/deutschland\/nach-blockade-eines-rettungsfahrzeugs-polizei-ermittelt-gegen-zwei-klima-aktivisten\/#primaryimage"},"thumbnailUrl":"https:\/\/now-news.de\/de\/wp-content\/uploads\/sites\/3\/2022\/11\/Nach-Blockade-eines-Rettungsfahrzeugs-Polizei-ermittelt-gegen-zwei-Klima-quotAktivistenquot.jpg","keywords":["Blockade","eines","ermittelt","gegen","KlimaquotAktivistenquot","nach","Polizei","Rettungsfahrzeugs","zwei"],"articleSection":["Deutschland","Russland"],"inLanguage":"de","potentialAction":[{"@type":"CommentAction","name":"Comment","target":["https:\/\/now-news.de\/de\/deutschland\/nach-blockade-eines-rettungsfahrzeugs-polizei-ermittelt-gegen-zwei-klima-aktivisten\/#respond"]}]},{"@type":"WebPage","@id":"https:\/\/now-news.de\/de\/deutschland\/nach-blockade-eines-rettungsfahrzeugs-polizei-ermittelt-gegen-zwei-klima-aktivisten\/","url":"https:\/\/now-news.de\/de\/deutschland\/nach-blockade-eines-rettungsfahrzeugs-polizei-ermittelt-gegen-zwei-klima-aktivisten\/","name":"Nach Blockade eines Rettungsfahrzeugs: Polizei ermittelt gegen zwei Klima-&quot;Aktivisten&quot; - just-now.NEWS Deutschland","isPartOf":{"@id":"https:\/\/now-news.de\/de\/#website"},"primaryImageOfPage":{"@id":"https:\/\/now-news.de\/de\/deutschland\/nach-blockade-eines-rettungsfahrzeugs-polizei-ermittelt-gegen-zwei-klima-aktivisten\/#primaryimage"},"image":{"@id":"https:\/\/now-news.de\/de\/deutschland\/nach-blockade-eines-rettungsfahrzeugs-polizei-ermittelt-gegen-zwei-klima-aktivisten\/#primaryimage"},"thumbnailUrl":"https:\/\/now-news.de\/de\/wp-content\/uploads\/sites\/3\/2022\/11\/Nach-Blockade-eines-Rettungsfahrzeugs-Polizei-ermittelt-gegen-zwei-Klima-quotAktivistenquot.jpg","datePublished":"2022-11-01T17:46:06+00:00","dateModified":"2022-11-01T17:46:06+00:00","breadcrumb":{"@id":"https:\/\/now-news.de\/de\/deutschland\/nach-blockade-eines-rettungsfahrzeugs-polizei-ermittelt-gegen-zwei-klima-aktivisten\/#breadcrumb"},"inLanguage":"de","potentialAction":[{"@type":"ReadAction","target":["https:\/\/now-news.de\/de\/deutschland\/nach-blockade-eines-rettungsfahrzeugs-polizei-ermittelt-gegen-zwei-klima-aktivisten\/"]}]},{"@type":"ImageObject","inLanguage":"de","@id":"https:\/\/now-news.de\/de\/deutschland\/nach-blockade-eines-rettungsfahrzeugs-polizei-ermittelt-gegen-zwei-klima-aktivisten\/#primaryimage","url":"https:\/\/now-news.de\/de\/wp-content\/uploads\/sites\/3\/2022\/11\/Nach-Blockade-eines-Rettungsfahrzeugs-Polizei-ermittelt-gegen-zwei-Klima-quotAktivistenquot.jpg","contentUrl":"https:\/\/now-news.de\/de\/wp-content\/uploads\/sites\/3\/2022\/11\/Nach-Blockade-eines-Rettungsfahrzeugs-Polizei-ermittelt-gegen-zwei-Klima-quotAktivistenquot.jpg","width":460,"height":259,"caption":"Nach Blockade eines Rettungsfahrzeugs: Polizei ermittelt gegen zwei Klima-&quot;Aktivisten&quot;"},{"@type":"BreadcrumbList","@id":"https:\/\/now-news.de\/de\/deutschland\/nach-blockade-eines-rettungsfahrzeugs-polizei-ermittelt-gegen-zwei-klima-aktivisten\/#breadcrumb","itemListElement":[{"@type":"ListItem","position":1,"name":"Home","item":"https:\/\/now-news.de\/de\/"},{"@type":"ListItem","position":2,"name":"Nach Blockade eines Rettungsfahrzeugs: Polizei ermittelt gegen zwei Klima-&quot;Aktivisten&quot;"}]},{"@type":"WebSite","@id":"https:\/\/now-news.de\/de\/#website","url":"https:\/\/now-news.de\/de\/","name":"just-now.NEWS Deutschland","description":"Das Portal f\u00fcr unzensierte Nachrichten aus der Welt","publisher":{"@id":"https:\/\/now-news.de\/de\/#organization"},"potentialAction":[{"@type":"SearchAction","target":{"@type":"EntryPoint","urlTemplate":"https:\/\/now-news.de\/de\/?s={search_term_string}"},"query-input":"required name=search_term_string"}],"inLanguage":"de"},{"@type":"Organization","@id":"https:\/\/now-news.de\/de\/#organization","name":"Just Now News","url":"https:\/\/now-news.de\/de\/","logo":{"@type":"ImageObject","inLanguage":"de","@id":"https:\/\/now-news.de\/de\/#\/schema\/logo\/image\/","url":"http:\/\/just-now.news\/de\/wp-content\/uploads\/sites\/3\/2022\/04\/logo500x500.jpg","contentUrl":"http:\/\/just-now.news\/de\/wp-content\/uploads\/sites\/3\/2022\/04\/logo500x500.jpg","width":500,"height":500,"caption":"Just Now News"},"image":{"@id":"https:\/\/now-news.de\/de\/#\/schema\/logo\/image\/"},"sameAs":["https:\/\/www.facebook.com\/wirmachenauf","https:\/\/x.com\/WirMachenAuf_de"]},{"@type":"Person","@id":"https:\/\/now-news.de\/de\/#\/schema\/person\/fb534a4e865501d8b3285208df34a9b5","name":"rtnews","image":{"@type":"ImageObject","inLanguage":"de","@id":"https:\/\/now-news.de\/de\/#\/schema\/person\/image\/","url":"https:\/\/secure.gravatar.com\/avatar\/82aafea7d8127119dd649515f56e2117?s=96&d=mm&r=g","contentUrl":"https:\/\/secure.gravatar.com\/avatar\/82aafea7d8127119dd649515f56e2117?s=96&d=mm&r=g","caption":"rtnews"},"url":"https:\/\/now-news.de\/de\/author\/rnews\/"}]}},"_links":{"self":[{"href":"https:\/\/now-news.de\/de\/wp-json\/wp\/v2\/posts\/22216"}],"collection":[{"href":"https:\/\/now-news.de\/de\/wp-json\/wp\/v2\/posts"}],"about":[{"href":"https:\/\/now-news.de\/de\/wp-json\/wp\/v2\/types\/post"}],"author":[{"embeddable":true,"href":"https:\/\/now-news.de\/de\/wp-json\/wp\/v2\/users\/3"}],"replies":[{"embeddable":true,"href":"https:\/\/now-news.de\/de\/wp-json\/wp\/v2\/comments?post=22216"}],"version-history":[{"count":0,"href":"https:\/\/now-news.de\/de\/wp-json\/wp\/v2\/posts\/22216\/revisions"}],"wp:featuredmedia":[{"embeddable":true,"href":"https:\/\/now-news.de\/de\/wp-json\/wp\/v2\/media\/22217"}],"wp:attachment":[{"href":"https:\/\/now-news.de\/de\/wp-json\/wp\/v2\/media?parent=22216"}],"wp:term":[{"taxonomy":"category","embeddable":true,"href":"https:\/\/now-news.de\/de\/wp-json\/wp\/v2\/categories?post=22216"},{"taxonomy":"post_tag","embeddable":true,"href":"https:\/\/now-news.de\/de\/wp-json\/wp\/v2\/tags?post=22216"}],"curies":[{"name":"wp","href":"https:\/\/api.w.org\/{rel}","templated":true}]}}