{"id":22149,"date":"2022-10-31T22:00:00","date_gmt":"2022-10-31T20:00:00","guid":{"rendered":"http:\/\/just-now.news\/de\/deutschland\/krisen-und-insolvenzticker-galeria-kaufhof-beantragt-insolvenz-jede-dritte-filiale-vor-dem-aus\/"},"modified":"2022-10-31T22:00:00","modified_gmt":"2022-10-31T20:00:00","slug":"krisen-und-insolvenzticker-galeria-kaufhof-beantragt-insolvenz-jede-dritte-filiale-vor-dem-aus","status":"publish","type":"post","link":"https:\/\/now-news.de\/de\/deutschland\/krisen-und-insolvenzticker-galeria-kaufhof-beantragt-insolvenz-jede-dritte-filiale-vor-dem-aus\/","title":{"rendered":"Krisen- und Insolvenzticker: Galeria Kaufhof beantragt Insolvenz \u2013 Jede dritte Filiale vor dem Aus"},"content":{"rendered":"<div class=\"Text-root Text-type_1 \">\n                Die deutsche Wirtschaft rutscht immer tiefer in die Krise. Unter dem Druck dramatisch steigender Energiekosten und anderer ung\u00fcnstiger Rahmenbedingungen sind allein in diesem Jahr tausende Unternehmen insolvent gegangen. Wir fassen in diesem Ticker die wichtigsten Entwicklungen und Neuigkeiten zusammen.\n            <\/div>\n<p><\/p>\n<div class=\"ArticleView-liveUpdates\">\n<div class=\"LiveUpdates-root\">\n<div class=\"LiveUpdates-content\">\n<ul class=\"LiveUpdates-list Listing-root\" data-listing=\"LiveUpdates\" data-count=\"10\">\n<li class=\"LiveUpdates-item Listing-item\">\n<div class=\"LiveUpdates-date\">\n<p class=\"HeaderNews-root HeaderNews-type_2 \">\n                31.10.2022 21:26 Uhr\n            <\/p>\n<\/div>\n<div class=\"LiveUpdate-root\">\n<div class=\"LiveUpdate-date\">\n<p class=\"HeaderNews-root HeaderNews-type_6 \">\n                21:26 Uhr\n            <\/p>\n<\/div>\n<div class=\"LiveUpdate-content\">\n<div class=\"LiveUpdate-text\">\n<div class=\"Text-root Text-type_5 ViewText-root\">\n<p><strong>Galeria Kaufhof beantragt Insolvenz \u2013 Jede dritte Filiale vor dem Aus<\/strong><\/p>\n<p>Die angeschlagene Warenhauskette Galeria Karstadt Kaufhof hat sich mit ihren Gro\u00dfgl\u00e4ubigern inklusive des staatlichen Wirtschaftsstabilisierungsfonds (WSF) auf ein Insolvenzverfahren in Eigenregie geeinigt. Ein Sprecher des Unternehmens best\u00e4tigte die entsprechenden Informationen gegen\u00fcber dem <em>Handelsblatt<\/em>, zuvor hatte die <em>Wirtschaftswoche<\/em> dar\u00fcber berichtet. Beim Insolvenzverfahren wird damit die Sanierung unter Aufsicht eines Sachwalters selbst durchgef\u00fchrt. Ein an den Bund gestellter Antrag auf Staatshilfen in H\u00f6he von mehr als 250 Millionen Euro ist somit obsolet.<\/p>\n<p>Mit diesem Schritt drohen den Mitarbeitern allerdings zahlreiche Entlassungen. Galeria-Chef Miguel M\u00fcllenbach erkl\u00e4rte gegen\u00fcber der <em>FAZ<\/em>, im Rahmen des Verfahrens m\u00fcsse die Zahl der Filialen &#8220;um mindestens ein Drittel reduziert werden&#8221;, auch betriebsbedingte K\u00fcndigungen lie\u00dfen sich somit nicht vermeiden. Zum Konzern geh\u00f6ren derzeit noch 131 Warenh\u00e4user mit 17.000 Mitarbeitern in 97 deutschen St\u00e4dten.<\/p>\n<p>Bereits w\u00e4hrend der Corona-Krise, vor nicht einmal zwei Jahren, musste der aus dem Zusammenschluss von Karstadt und Kaufhof entstandene Warenhauskonzern ein Insolvenzverfahren durchlaufen. W\u00e4hrend des ersten Lockdowns hatte das Unternehmen Rettung unter einem Schutzschirmverfahren gesucht, welches bis September 2020 dauerte. Bereits damals mussten rund 40 Filialen schlie\u00dfen, rund 4.000 Stellen wurden abgebaut. Die Streichung von mehr als zwei Milliarden Euro Schulden sollten dem Unternehmen einen Neustart erm\u00f6glichen, doch Galeria Karstadt Kaufhof steht nun infolge der Energiekrise, der Inflation und des ver\u00e4nderten Konsumverhaltens wieder einmal vor dem Aus.<\/p>\n<\/div>\n<\/div>\n<\/div>\n<\/div>\n<\/li>\n<li class=\"LiveUpdates-item Listing-item\">\n<div class=\"LiveUpdate-root\">\n<div class=\"LiveUpdate-date\">\n<p class=\"HeaderNews-root HeaderNews-type_6 \">\n                20:13 Uhr\n            <\/p>\n<\/div>\n<div class=\"LiveUpdate-content\">\n<div class=\"LiveUpdate-text\">\n<div class=\"Text-root Text-type_5 ViewText-root\">\n<p><strong>Strompreise: Bis zu 120 Prozent Erh\u00f6hung bei bestehenden Vertr\u00e4gen<\/strong><\/p>\n<figure class=\"RTImage-root\">\n<div class=\"RTImage-image RTImage-original\"><picture class=\"Picture-root Picture-original\"><!--[if IE 9]><video style=\"display: none;\"><![endif]--><source media=\"(-webkit-min-device-pixel-ratio: 2) and (min-resolution: 120dpi)\" data-srcset=\" \nhttp:\/\/just-now.news\/de\/wp-content\/uploads\/sites\/3\/2022\/10\/63601abc48fbef217c61ee5c.jpg 850w,\n                http:\/\/just-now.news\/de\/wp-content\/uploads\/sites\/3\/2022\/10\/63601abc48fbef217c61ee5c.jpg 1960w,\n            \" ><source data-srcset=\" \nhttp:\/\/just-now.news\/de\/wp-content\/uploads\/sites\/3\/2022\/10\/63601abc48fbef217c61ee5c.jpg 460w,\n              http:\/\/just-now.news\/de\/wp-content\/uploads\/sites\/3\/2022\/10\/63601abc48fbef217c61ee5c.jpg 980w,\n            \" ><!--[if IE 9]><\/video><![endif]--><img decoding=\"async\" data- src=\"data:image\/png;base64,iVBORw0KGgoAAAANSUhEUgAAABAAAAAJCAQAAACRI2S5AAAAEElEQVR42mNkIAAYRxWAAQAG9gAKqv6+AwAAAABJRU5ErkJggg==\" class=\"Picture-root Picture-original lazyload\" data-src=\"http:\/\/just-now.news\/de\/wp-content\/uploads\/sites\/3\/2022\/10\/63601abc48fbef217c61ee5c.jpg\" alt=\"\"><\/source><\/source><\/picture><!-- noscript pattern --><noscript><img decoding=\"async\" src=\"http:\/\/just-now.news\/de\/wp-content\/uploads\/sites\/3\/2022\/10\/63601abc48fbef217c61ee5c.jpg\" alt=\"\"><\/noscript><\/div><figcaption class=\"RTImage-footer\"><span class=\"RTImage-caption\"><\/span><span class=\"RTImage-source\"><span class=\"RTImage-captionItem\">IMAGO\/Christian Ohde<\/span><span class=\"RTImage-captionItem\"> \/ www.globallookpress.com<\/span><\/span><\/figcaption><\/figure>\n<p>Neben den Gaspreisen gehen auch die Strompreise durch die Decke, da diese aneinander gekoppelt sind. Steffen Suttner, Gesch\u00e4ftsf\u00fchrer Energie beim Preisvergleichsportal Check24, k\u00fcndigte bereits an, dass die hohen Preise mit Verz\u00f6gerung auch beim Endkunden ankommen werden. Doch wie Daten von Check24 zeigen, drehten bereits jetzt zahlreiche Versorger an der Preisschraube. Im September und Oktober erh\u00f6hten die Versorger in 153 F\u00e4llen die Preise. Bundesweit entspricht dies 2, 2 Millionen Haushalten. Im laufenden Jahr haben bundesweit 657 Versorger eine Erh\u00f6hung angek\u00fcndigt oder schon umgesetzt.<\/p>\n<p>In einigen F\u00e4llen handelt es sich nur um minimale Beitragserh\u00f6hungen, in zahlreichen F\u00e4llen langen die Versorger allerdings kr\u00e4ftig zu: Spitzenreiter sind die Stadtwerke Cottbus, die von den Verbrauchern ab dem 1. Oktober eine Preiserh\u00f6hung von \u00fcber 120 Prozent verlangen. Bei einem Jahresverbrauch von 5000 Kilowattstunden entspricht dies Mehrkosten von 1928 Euro. Schlusslicht sind die Stadtwerke Gifhorn in Niedersachsen, bei denen die Kunden bisher lediglich 0,13 Prozent mehr pro Jahr bezahlen m\u00fcssen, was etwa drei Euro Mehrkosten entspricht. Besonders teuer wird es au\u00dferdem f\u00fcr Neukunden: Hier haben die Versorger die Preise f\u00fcr die Tarife um \u00fcber 150 Prozent erh\u00f6ht.<\/p>\n<\/div>\n<\/div>\n<\/div>\n<\/div>\n<\/li>\n<li class=\"LiveUpdates-item Listing-item\">\n<div class=\"LiveUpdate-root\">\n<div class=\"LiveUpdate-date\">\n<p class=\"HeaderNews-root HeaderNews-type_6 \">\n                18:26 Uhr\n            <\/p>\n<\/div>\n<div class=\"LiveUpdate-content\">\n<div class=\"LiveUpdate-text\">\n<div class=\"Text-root Text-type_5 ViewText-root\">\n<p><strong>B\u00f6se \u00dcberraschung: Gasversorger\u00a0k\u00f6nnten Preise auch bei Garantien von jetzt auf gleich erh\u00f6hen<\/strong><\/p>\n<figure class=\"RTImage-root\">\n<div class=\"RTImage-image RTImage-original\"><picture class=\"Picture-root Picture-original\"><!--[if IE 9]><video style=\"display: none;\"><![endif]--><source media=\"(-webkit-min-device-pixel-ratio: 2) and (min-resolution: 120dpi)\" data-srcset=\" \nhttp:\/\/just-now.news\/de\/wp-content\/uploads\/sites\/3\/2022\/10\/635fffcbb480cc56df50741c.jpg 850w,\n                http:\/\/just-now.news\/de\/wp-content\/uploads\/sites\/3\/2022\/10\/635fffcbb480cc56df50741c.jpg 1960w,\n            \" ><source data-srcset=\" \nhttp:\/\/just-now.news\/de\/wp-content\/uploads\/sites\/3\/2022\/10\/635fffcbb480cc56df50741c.jpg 460w,\n              http:\/\/just-now.news\/de\/wp-content\/uploads\/sites\/3\/2022\/10\/635fffcbb480cc56df50741c.jpg 980w,\n            \" ><!--[if IE 9]><\/video><![endif]--><img decoding=\"async\" data- src=\"data:image\/png;base64,iVBORw0KGgoAAAANSUhEUgAAABAAAAAJCAQAAACRI2S5AAAAEElEQVR42mNkIAAYRxWAAQAG9gAKqv6+AwAAAABJRU5ErkJggg==\" class=\"Picture-root Picture-original lazyload\" data-src=\"http:\/\/just-now.news\/de\/wp-content\/uploads\/sites\/3\/2022\/10\/635fffcbb480cc56df50741c.jpg\" alt=\"\"><\/source><\/source><\/picture><!-- noscript pattern --><noscript><img decoding=\"async\" src=\"http:\/\/just-now.news\/de\/wp-content\/uploads\/sites\/3\/2022\/10\/635fffcbb480cc56df50741c.jpg\" alt=\"\"><\/noscript><\/div><figcaption class=\"RTImage-footer\"><span class=\"RTImage-caption\"><\/span><span class=\"RTImage-source\"><span class=\"RTImage-captionItem\">www.imago-images.de<\/span><span class=\"RTImage-captionItem\"> \/ www.globallookpress.com<\/span><\/span><\/figcaption><\/figure>\n<p>F\u00fcr viele Verbraucher sorgen die hohen Gaspreise bereits f\u00fcr Z\u00e4hneknirschen, doch in Zukunft k\u00f6nnte es noch schlimmer kommen: Seit dem 21. Mai haben Gasversorger die M\u00f6glichkeit, ihre Vertr\u00e4ge kurzfristig &#8220;anzupassen&#8221;, also die Preise anzuheben. Erm\u00f6glicht wird dies durch den neuen <a rel=\"nofollow noopener\" target=\"_blank\" href=\"https:\/\/www.gesetze-im-internet.de\/ensig_1975\/BJNR036810974.html\">Paragrafen 24<\/a> des Energiesicherungsgesetzes.<\/p>\n<p>Im Wesentlichen geht es darum, dass die Energieversorger nicht aufgrund hoher Gaspreise in die Insolvenz gehen und damit die Versorgungssicherheit ihrer Kunden gef\u00e4hrden. In einigen F\u00e4llen m\u00fcssen etwa Stadtwerke Gas zum aktuellen Marktpreis hinzukaufen, um alle Kunden bedienen zu k\u00f6nnen. Es kann allerdings vorkommen, dass Mehrkosten nicht durch die bestehenden Vertr\u00e4ge gedeckt werden. F\u00fcr diesen Fall ist es den Versorgern unter zwei Bedingungen gestattet, f\u00fcr alle Vertr\u00e4ge neue Preise festzulegen. Die neuen Preise sollen dann bereits eine Woche nach Ank\u00fcndigung gelten.<\/p>\n<p>M\u00f6glich ist dies unter folgenden Voraussetzungen: Zum einen muss eine Notfallstufe im Notfallplan Gas ausgerufen worden sein. Diese hatte Bundeswirtschaftsminister Robert Habeck (B\u00fcndnis 90\/Die Gr\u00fcnen) bereits am 23. Juni ausgerufen. Au\u00dferdem muss die Bundesnetzagentur eine &#8220;erhebliche Reduzierung der Gesamtgasimportmengen nach Deutschland&#8221; festgestellt haben. Sofern diese Feststellungen im Bundesanzeiger ver\u00f6ffentlicht werden, ist es m\u00f6glich, die Preise zu erh\u00f6hen. Sofern der Versorgungsengpass bestehe, entfalle das &#8220;Preisanpassungsrecht&#8221; dann.<\/p>\n<p>Theoretisch ist die Preiserh\u00f6hung nach oben offen: Die Versorger d\u00fcrfen diese auf ein &#8220;angemessenes Niveau&#8221; heben. Thomas Engelke von der Verbraucherzentrale Bundesverband erkl\u00e4rte:<\/p>\n<p><em>&#8220;Die privaten Haushalte w\u00e4ren dann auch vor extrem hohen Gaspreisen nicht gesch\u00fctzt.&#8221;<\/em><\/p>\n<p>Er betonte zudem, dass auch Kunden mit einer Preisgarantie von der Regelung betroffen w\u00e4ren. Wie hoch die weiteren Preiserh\u00f6hungen ausfallen, k\u00f6nne allerdings niemand genau sagen: Bereits jetzt muss ein Haushalt mit einem durchschnittlichen Jahresverbrauch von 20.000 Kilowattstunden Erdgas mit Mehrkosten von bis zu 2.000 Euro pro Jahr rechnen. Mit der neuen Regelung k\u00f6nnten noch weitere Zusatzkosten entstehen. Vor allem Verbrauchersch\u00fctzer kritisieren die neue Regelung und fordern Nachbesserungen.<\/p>\n<\/div>\n<\/div>\n<\/div>\n<\/div>\n<\/li>\n<li class=\"LiveUpdates-item Listing-item\">\n<div class=\"LiveUpdates-date\">\n<p class=\"HeaderNews-root HeaderNews-type_2 \">\n                30.10.2022 18:05 Uhr\n            <\/p>\n<\/div>\n<div class=\"LiveUpdate-root\">\n<div class=\"LiveUpdate-date\">\n<p class=\"HeaderNews-root HeaderNews-type_6 \">\n                18:05 Uhr\n            <\/p>\n<\/div>\n<div class=\"LiveUpdate-content\">\n<div class=\"LiveUpdate-text\">\n<div class=\"Text-root Text-type_5 ViewText-root\">\n<p><strong>Energieunternehmen warnt vor Dieselknappheit im S\u00fcdosten der USA<\/strong><\/p>\n<p>Das US-Unternehmen Mansfield Energy hat am 25.10.22 eine <a rel=\"nofollow noopener\" target=\"_blank\" href=\"https:\/\/mansfield.energy\/market-news\/supply-alert-october-25-2022\/\">Warnung herausgegeben<\/a>, in der es hei\u00dft, dass sich im S\u00fcdosten der Vereinigten Staaten eine Dieselkraftstoffknappheit abzeichnet. Als Ursache des Mangels wurden die &#8220;schlechte Wirtschaftlichkeit der Pipeline-Transporte&#8221; und ein historisch niedriger Vorrat an Dieselkraftstoff angegeben:<\/p>\n<p><em>&#8220;Schlechte Wirtschaftlichkeit der Pipeline-Transporte und historisch niedrige Dieselbest\u00e4nde f\u00fchren zu Engp\u00e4ssen auf verschiedenen M\u00e4rkten im S\u00fcdosten der USA. Diese sind sporadisch aufgetreten, wobei Gebiete wie Tennessee besonders stark betroffen waren<\/em>.<em>&#8220;<\/em><\/p>\n<p>Zu den Bundesstaaten, in denen ernsthafte Auswirkungen des Mangels erwartet werden, geh\u00f6ren Maryland, Virginia, Alabama, Georgia, Tennessee, North Carolina und South Carolina.<\/p>\n<p>Die US-Regierung hat inzwischen erkl\u00e4rt, sie beobachte die Dieselbest\u00e4nde genau und arbeite daran, die Vorr\u00e4te aufzustocken, nachdem bekannt wurde, dass die Reserven ersch\u00f6pft sind und in weniger als einem Monat zur Neige gehen k\u00f6nnten.<\/p>\n<\/div>\n<\/div>\n<\/div>\n<\/div>\n<\/li>\n<li class=\"LiveUpdates-item Listing-item\">\n<div class=\"LiveUpdates-date\">\n<p class=\"HeaderNews-root HeaderNews-type_2 \">\n                29.10.2022 13:43 Uhr\n            <\/p>\n<\/div>\n<div class=\"LiveUpdate-root\">\n<div class=\"LiveUpdate-date\">\n<p class=\"HeaderNews-root HeaderNews-type_6 \">\n                13:43 Uhr\n            <\/p>\n<\/div>\n<div class=\"LiveUpdate-content\">\n<div class=\"LiveUpdate-text\">\n<div class=\"Text-root Text-type_5 ViewText-root\">\n<p><strong>Umfrage: Inflation gr\u00f6\u00dfte Sorge der Deutschen<\/strong><\/p>\n<p>Die starken Preissteigerungen in fast allen Lebensbereichen machen den Menschen in Deutschland zurzeit mehr Sorgen als vieles andere. Das geht aus einer am\u00a0Sonnabend ver\u00f6ffentlichten repr\u00e4sentativen Umfrage der Unternehmensberatung McKinsey hervor.<\/p>\n<p>Rund 57 Prozent der gut 1.000 Befragten gaben dabei an, ihre gr\u00f6\u00dfte Sorge sei aktuell die Inflation. Das ist noch einmal eine deutliche Steigerung gegen\u00fcber einer Befragung im Juni, als 48 Prozent die Preisentwicklung als Problem Nummer eins nannten. Mehr als zwei Drittel der Befragten erwarten weiter steigende Preise.<\/p>\n<figure class=\"RTImage-root\">\n<div class=\"RTImage-image RTImage-original\"><picture class=\"Picture-root Picture-original\"><!--[if IE 9]><video style=\"display: none;\"><![endif]--><source media=\"(-webkit-min-device-pixel-ratio: 2) and (min-resolution: 120dpi)\" data-srcset=\" \nhttp:\/\/just-now.news\/de\/wp-content\/uploads\/sites\/3\/2022\/10\/635d135048fbef75f72aa4ae.jpg 850w,\n                http:\/\/just-now.news\/de\/wp-content\/uploads\/sites\/3\/2022\/10\/635d135048fbef75f72aa4ae.jpg 1960w,\n            \" ><source data-srcset=\" \nhttp:\/\/just-now.news\/de\/wp-content\/uploads\/sites\/3\/2022\/10\/635d135048fbef75f72aa4ae.jpg 460w,\n              http:\/\/just-now.news\/de\/wp-content\/uploads\/sites\/3\/2022\/10\/635d135048fbef75f72aa4ae.jpg 980w,\n            \" ><!--[if IE 9]><\/video><![endif]--><img decoding=\"async\" data- src=\"data:image\/png;base64,iVBORw0KGgoAAAANSUhEUgAAABAAAAAJCAQAAACRI2S5AAAAEElEQVR42mNkIAAYRxWAAQAG9gAKqv6+AwAAAABJRU5ErkJggg==\" class=\"Picture-root Picture-original lazyload\" data-src=\"http:\/\/just-now.news\/de\/wp-content\/uploads\/sites\/3\/2022\/10\/635d135048fbef75f72aa4ae.jpg\" alt=\"\"><\/source><\/source><\/picture><!-- noscript pattern --><noscript><img decoding=\"async\" src=\"http:\/\/just-now.news\/de\/wp-content\/uploads\/sites\/3\/2022\/10\/635d135048fbef75f72aa4ae.jpg\" alt=\"\"><\/noscript><\/div><figcaption class=\"RTImage-footer\"><span class=\"RTImage-caption\"><\/span><span class=\"RTImage-source\"><span class=\"RTImage-captionItem\">Lino Mirgeler\/dpa<\/span><span class=\"RTImage-captionItem\"> \/ www.globallookpress.com<\/span><\/span><\/figcaption><\/figure>\n<p>Das Thema Inflation habe in den vergangenen Monaten alle anderen Sorgen fast vollst\u00e4ndig in den Hintergrund gedr\u00e4ngt, urteilten die McKinsey-Experten. Zum Vergleich: Nur 18 Prozent der Befragten nannten noch den Ukraine-Krieg als gr\u00f6\u00dfte Sorge, 6 Prozent den Klimawandel und 3 Prozent die Corona-Pandemie.<\/p>\n<\/div>\n<\/div>\n<\/div>\n<\/div>\n<\/li>\n<li class=\"LiveUpdates-item Listing-item\">\n<div class=\"LiveUpdate-root\">\n<div class=\"LiveUpdate-date\">\n<p class=\"HeaderNews-root HeaderNews-type_6 \">\n                13:09 Uhr\n            <\/p>\n<\/div>\n<div class=\"LiveUpdate-content\">\n<div class=\"LiveUpdate-text\">\n<div class=\"Text-root Text-type_5 ViewText-root\">\n<p><strong>Chemieverband\u00a0warnt vor Deindustrialisierung Deutschlands<\/strong><\/p>\n<p>Der Pr\u00e4sident des Verbands der Chemischen Industrie (VCI), Markus Steilemann, hat die Politik zu gr\u00f6\u00dferer Eile bei der Gas- und Strompreisbremse f\u00fcr Unternehmen gedr\u00e4ngt und die Lage der Branche als \u00e4u\u00dferst schwierig beschrieben.<\/p>\n<p>Im Gespr\u00e4ch mit der <em>Frankfurter Allgemeinen Sonntagszeitung (FAS)<\/em>\u00a0sagte Steilemann, wenn die angek\u00fcndigten Staatshilfen den Firmen noch helfen sollen, m\u00fcssten sie schnell kommen: &#8220;Die Lage ist dramatisch. Vor allem im Mittelstand stehen viele Unternehmer mit dem R\u00fccken zur Wand.&#8221;<\/p>\n<p>Beinahe t\u00e4glich h\u00f6re der Verband von Firmen, dass deren Energieversorgung f\u00fcr das kommende Jahr noch nicht gesichert sei. &#8220;So etwas hat es in den vergangenen Jahrzehnten in unserer Branche nicht gegeben.&#8221;<\/p>\n<figure class=\"RTImage-root\">\n<div class=\"RTImage-image RTImage-original\"><picture class=\"Picture-root Picture-original\"><!--[if IE 9]><video style=\"display: none;\"><![endif]--><source media=\"(-webkit-min-device-pixel-ratio: 2) and (min-resolution: 120dpi)\" data-srcset=\" \nhttp:\/\/just-now.news\/de\/wp-content\/uploads\/sites\/3\/2022\/10\/635d0f0cb480cc6dcd4288cb.jpg 850w,\n                http:\/\/just-now.news\/de\/wp-content\/uploads\/sites\/3\/2022\/10\/635d0f0cb480cc6dcd4288cb.jpg 1960w,\n            \" ><source data-srcset=\" \nhttp:\/\/just-now.news\/de\/wp-content\/uploads\/sites\/3\/2022\/10\/635d0f0cb480cc6dcd4288cb.jpg 460w,\n              http:\/\/just-now.news\/de\/wp-content\/uploads\/sites\/3\/2022\/10\/635d0f0cb480cc6dcd4288cb.jpg 980w,\n            \" ><!--[if IE 9]><\/video><![endif]--><img decoding=\"async\" data- src=\"data:image\/png;base64,iVBORw0KGgoAAAANSUhEUgAAABAAAAAJCAQAAACRI2S5AAAAEElEQVR42mNkIAAYRxWAAQAG9gAKqv6+AwAAAABJRU5ErkJggg==\" class=\"Picture-root Picture-original lazyload\" data-src=\"http:\/\/just-now.news\/de\/wp-content\/uploads\/sites\/3\/2022\/10\/635d0f0cb480cc6dcd4288cb.jpg\" alt=\"\"><\/source><\/source><\/picture><!-- noscript pattern --><noscript><img decoding=\"async\" src=\"http:\/\/just-now.news\/de\/wp-content\/uploads\/sites\/3\/2022\/10\/635d0f0cb480cc6dcd4288cb.jpg\" alt=\"\"><\/noscript><\/div><figcaption class=\"RTImage-footer\"><span class=\"RTImage-caption\"><span class=\"RTImage-captionItem\">Chempark Leverkusen<\/span><\/span><span class=\"RTImage-source\"><span class=\"RTImage-captionItem\">S. Ziese\/imago stock&amp;people<\/span><span class=\"RTImage-captionItem\"> \/ www.globallookpress.com<\/span><\/span><\/figcaption><\/figure>\n<p>Die Hilfen m\u00fcssten schnell kommen. Sonst drohten &#8220;dauerhafte Sch\u00e4den an unserer an sich gesunden Industriestruktur&#8221;. Die Gas- und Strompreisbremse m\u00fcsse von der Bundesregierung auch gegen Widerst\u00e4nde in der EU-Kommission durchgesetzt werden.<\/p>\n<p>Schon seit Monaten k\u00e4men Chemikalien f\u00fcr den europ\u00e4ischen Markt\u00a0von Anbietern aus China und Amerika, weil die Produktion hierzulande nicht mehr rentabel sei. Die Energiepreise m\u00fcssten wieder sinken:\u00a0&#8220;Sonst wird sich Deutschland deindustrialisieren.&#8221;<\/p>\n<\/div>\n<\/div>\n<\/div>\n<\/div>\n<\/li>\n<li class=\"LiveUpdates-item Listing-item\">\n<div class=\"LiveUpdate-root\">\n<div class=\"LiveUpdate-date\">\n<p class=\"HeaderNews-root HeaderNews-type_6 \">\n                13:00 Uhr\n            <\/p>\n<\/div>\n<div class=\"LiveUpdate-content\">\n<div class=\"LiveUpdate-text\">\n<div class=\"Text-root Text-type_5 ViewText-root\">\n<p><strong>Warnstreiks in der Metall- und Elektroindustrie<\/strong><\/p>\n<p>Mit ersten Warnstreiks will die IG-Metall ihre Lohnforderungen durchsetzen. In der Nacht zum Samstag haben erste Warnstreiks in der Metall- und Elektroindustrie begonnen.\u00a0<\/p>\n<p>Die Gewerkschaft fordert 8 Prozent mehr Lohn und eine Laufzeit des Tarifvertrags von 12 Monaten. Die Arbeitgeber boten bisher eine Einmalzahlung bei einer Laufzeit von 30 Monaten.<\/p>\n<figure class=\"RTImage-root\">\n<div class=\"RTImage-image RTImage-original\"><picture class=\"Picture-root Picture-original\"><!--[if IE 9]><video style=\"display: none;\"><![endif]--><source media=\"(-webkit-min-device-pixel-ratio: 2) and (min-resolution: 120dpi)\" data-srcset=\" \nhttp:\/\/just-now.news\/de\/wp-content\/uploads\/sites\/3\/2022\/10\/635d0886b480cc3d2a28f18d.jpg 850w,\n                http:\/\/just-now.news\/de\/wp-content\/uploads\/sites\/3\/2022\/10\/635d0886b480cc3d2a28f18d.jpg 1960w,\n            \" ><source data-srcset=\" \nhttp:\/\/just-now.news\/de\/wp-content\/uploads\/sites\/3\/2022\/10\/635d0886b480cc3d2a28f18d.jpg 460w,\n              http:\/\/just-now.news\/de\/wp-content\/uploads\/sites\/3\/2022\/10\/635d0886b480cc3d2a28f18d.jpg 980w,\n            \" ><!--[if IE 9]><\/video><![endif]--><img decoding=\"async\" data- src=\"data:image\/png;base64,iVBORw0KGgoAAAANSUhEUgAAABAAAAAJCAQAAACRI2S5AAAAEElEQVR42mNkIAAYRxWAAQAG9gAKqv6+AwAAAABJRU5ErkJggg==\" class=\"Picture-root Picture-original lazyload\" data-src=\"http:\/\/just-now.news\/de\/wp-content\/uploads\/sites\/3\/2022\/10\/635d0886b480cc3d2a28f18d.jpg\" alt=\"\"><\/source><\/source><\/picture><!-- noscript pattern --><noscript><img decoding=\"async\" src=\"http:\/\/just-now.news\/de\/wp-content\/uploads\/sites\/3\/2022\/10\/635d0886b480cc3d2a28f18d.jpg\" alt=\"\"><\/noscript><\/div><figcaption class=\"RTImage-footer\"><span class=\"RTImage-caption\"><\/span><span class=\"RTImage-source\"><span class=\"RTImage-captionItem\">Henning Kaiser\/dpa<\/span><span class=\"RTImage-captionItem\"> \/ www.globallookpress.com<\/span><\/span><\/figcaption><\/figure>\n<p>Bei einer Inflationsrate von derzeit \u00fcber 10 Prozent fordert die Gewerkschaft damit f\u00fcr ihre Mitglieder einen Reallohnverlust. Bereits im vergangenen Jahr sanken die Tarifl\u00f6hne. F\u00fcr dieses Jahr wird angesichts der hohen Inflation ein drastischer Einbruch bei den Reall\u00f6hnen erwartet.\u00a0<\/p>\n<\/div>\n<\/div>\n<\/div>\n<\/div>\n<\/li>\n<li class=\"LiveUpdates-item Listing-item\">\n<div class=\"LiveUpdates-date\">\n<p class=\"HeaderNews-root HeaderNews-type_2 \">\n                28.10.2022 20:50 Uhr\n            <\/p>\n<\/div>\n<div class=\"LiveUpdate-root\">\n<div class=\"LiveUpdate-date\">\n<p class=\"HeaderNews-root HeaderNews-type_6 \">\n                20:50 Uhr\n            <\/p>\n<\/div>\n<div class=\"LiveUpdate-content\">\n<div class=\"LiveUpdate-text\">\n<div class=\"Text-root Text-type_5 ViewText-root\">\n<p><strong>Brauerei Bischoff: Erst insolvent, jetzt geschlossen<\/strong><\/p>\n<p>Im August hatte sie Insolvenz angemeldet, jetzt macht sie den Betrieb dicht: die Brauerei Bischoff in Winnweiler. Nach Aussagen des Insolvenzverwalters gegen\u00fcber der Presse w\u00e4ren es die Energiepreise und zuletzt insbesondere Probleme bei der Beschaffung von CO2 gewesen, die eine Sanierung unm\u00f6glich gemacht h\u00e4tten.<\/p>\n<p>CO2 f\u00e4llt normalerweise als Nebenprodukt bei der Erzeugung von Kunstd\u00fcnger an, die in Deutschland wegen der hohen Erdgaspreise weitgehend eingestellt wurde.<\/p>\n<p>Die Brauerei Bischoff hatte ihren Betrieb 1866 aufgenommen, die Inflation von 1923 und zwei Weltkriege \u00fcberstanden. Jetzt werden Inventar, Brauereigeb\u00e4ude und Grundst\u00fcck verkauft, um die Gl\u00e4ubiger zu befriedigen.<\/p>\n<p>Zuletzt wurden rund 40 Mitarbeiter besch\u00e4ftigt. Der Umsatzeinbruch durch die Corona-Krise hatte bereits dazu gef\u00fchrt, dass die finanziellen Reserven aufgebraucht waren. Investoren waren unter den gegenw\u00e4rtigen Bedingungen nicht zu finden. Versuche, das Grundst\u00fcck zu verkaufen, um dar\u00fcber zus\u00e4tzliche Mittel zu erhalten, scheiterten im August und l\u00f6sten das Insolvenzverfahren aus.<\/p>\n<p>Andere Brauereien bem\u00fchen sich gerade darum, Preiserh\u00f6hungen durchzusetzen. In vergangenen Jahrzehnten waren kleinere Brauereien regelm\u00e4\u00dfig von den gro\u00dfen internationalen Braukonzernen aufgekauft worden. Der Fall der Brauerei Bischoff legt nahe, dass\u00a0in der gegenw\u00e4rtigen Lage auch die Giganten des Gesch\u00e4fts wie Anheuser-Busch InBev den Appetit auf Erweiterungen verloren haben.<\/p>\n<\/p>\n<\/div>\n<\/div>\n<\/div>\n<\/div>\n<\/li>\n<li class=\"LiveUpdates-item Listing-item\">\n<div class=\"LiveUpdate-root\">\n<div class=\"LiveUpdate-date\">\n<p class=\"HeaderNews-root HeaderNews-type_6 \">\n                16:57 Uhr\n            <\/p>\n<\/div>\n<div class=\"LiveUpdate-content\">\n<div class=\"LiveUpdate-text\">\n<div class=\"Text-root Text-type_5 ViewText-root\">\n<p><strong>Produzentenpreise im September im Jahresvergleich um 45,8 Prozent h\u00f6her\u00a0<\/strong><\/p>\n<figure class=\"RTImage-root\">\n<div class=\"RTImage-image RTImage-original\"><picture class=\"Picture-root Picture-original\"><!--[if IE 9]><video style=\"display: none;\"><![endif]--><source media=\"(-webkit-min-device-pixel-ratio: 2) and (min-resolution: 120dpi)\" data-srcset=\" \nhttp:\/\/just-now.news\/de\/wp-content\/uploads\/sites\/3\/2022\/10\/635bf0ca48fbef7f20428aef.jpg 850w,\n                http:\/\/just-now.news\/de\/wp-content\/uploads\/sites\/3\/2022\/10\/635bf0ca48fbef7f20428aef.jpg 1960w,\n            \" ><source data-srcset=\" \nhttp:\/\/just-now.news\/de\/wp-content\/uploads\/sites\/3\/2022\/10\/635bf0ca48fbef7f20428aef.jpg 460w,\n              http:\/\/just-now.news\/de\/wp-content\/uploads\/sites\/3\/2022\/10\/635bf0ca48fbef7f20428aef.jpg 980w,\n            \" ><!--[if IE 9]><\/video><![endif]--><img decoding=\"async\" data- src=\"data:image\/png;base64,iVBORw0KGgoAAAANSUhEUgAAABAAAAAJCAQAAACRI2S5AAAAEElEQVR42mNkIAAYRxWAAQAG9gAKqv6+AwAAAABJRU5ErkJggg==\" class=\"Picture-root Picture-original lazyload\" data-src=\"http:\/\/just-now.news\/de\/wp-content\/uploads\/sites\/3\/2022\/10\/635bf0ca48fbef7f20428aef.jpg\" alt=\"\"><\/source><\/source><\/picture><!-- noscript pattern --><noscript><img decoding=\"async\" src=\"http:\/\/just-now.news\/de\/wp-content\/uploads\/sites\/3\/2022\/10\/635bf0ca48fbef7f20428aef.jpg\" alt=\"\"><\/noscript><\/div><figcaption class=\"RTImage-footer\"><span class=\"RTImage-caption\"><span class=\"RTImage-captionItem\">Symbolfoto: Produktionslinie in der Fabrik der Brauerei Veltins in Grevenstein, Westdeutschland.<\/span><\/span><span class=\"RTImage-source\"><span class=\"RTImage-captionItem\">Yann Schreiber<\/span><span class=\"RTImage-captionItem\"> \/ AFP<\/span><\/span><\/figcaption><\/figure>\n<p>In Deutschland bleibt der Preisauftrieb auf Herstellerebene auf Rekordniveau. Im September stiegen die Produzentenpreise im Jahresvergleich um 45,8 Prozent, wie das Statistische Bundesamt am Donnerstag erkl\u00e4rte. So hei\u00dft es in einer <a rel=\"nofollow noopener\" target=\"_blank\" href=\"https:\/\/www.destatis.de\/DE\/Presse\/Pressemitteilungen\/2022\/10\/PD22_449_61241.html\">Mitteilung<\/a> der Statistikbeh\u00f6rde:\u00a0<\/p>\n<p><em>&#8220;Somit wurden im August und September die h\u00f6chsten Anstiege der\u00a0Erzeugerpreise\u00a0gegen\u00fcber einem Vorjahresmonat seit Beginn der Erhebung im Jahr 1949 gemessen.&#8221;\u00a0<\/em><\/p>\n<p>Hauptverantwortlich f\u00fcr den Anstieg sei demnach weiterhin die Preisentwicklung bei Energie.\u00a0So seien die Energiepreise im September 2022 im Durchschnitt 132,2 Prozent h\u00f6her als im Vorjahresmonat gewesen.<\/p>\n<\/p>\n<\/div>\n<\/div>\n<\/div>\n<\/div>\n<\/li>\n<li class=\"LiveUpdates-item Listing-item\">\n<div class=\"LiveUpdate-root\">\n<div class=\"LiveUpdate-date\">\n<p class=\"HeaderNews-root HeaderNews-type_6 \">\n                14:07 Uhr\n            <\/p>\n<\/div>\n<div class=\"LiveUpdate-content\">\n<div class=\"LiveUpdate-text\">\n<div class=\"Text-root Text-type_5 ViewText-root\">\n<p><strong>Inflationsrate in Deutschland klettert auf 10,4 Prozent<\/strong><\/p>\n<figure class=\"RTImage-root\">\n<div class=\"RTImage-image RTImage-original\"><picture class=\"Picture-root Picture-original\"><!--[if IE 9]><video style=\"display: none;\"><![endif]--><source media=\"(-webkit-min-device-pixel-ratio: 2) and (min-resolution: 120dpi)\" data-srcset=\" \nhttp:\/\/just-now.news\/de\/wp-content\/uploads\/sites\/3\/2022\/10\/635bc70e48fbef408b5b5da0.jpg 850w,\n                http:\/\/just-now.news\/de\/wp-content\/uploads\/sites\/3\/2022\/10\/635bc70e48fbef408b5b5da0.jpg 1960w,\n            \" ><source data-srcset=\" \nhttp:\/\/just-now.news\/de\/wp-content\/uploads\/sites\/3\/2022\/10\/635bc70e48fbef408b5b5da0.jpg 460w,\n              http:\/\/just-now.news\/de\/wp-content\/uploads\/sites\/3\/2022\/10\/635bc70e48fbef408b5b5da0.jpg 980w,\n            \" ><!--[if IE 9]><\/video><![endif]--><img decoding=\"async\" data- src=\"data:image\/png;base64,iVBORw0KGgoAAAANSUhEUgAAABAAAAAJCAQAAACRI2S5AAAAEElEQVR42mNkIAAYRxWAAQAG9gAKqv6+AwAAAABJRU5ErkJggg==\" class=\"Picture-root Picture-original lazyload\" data-src=\"http:\/\/just-now.news\/de\/wp-content\/uploads\/sites\/3\/2022\/10\/635bc70e48fbef408b5b5da0.jpg\" alt=\"\"><\/source><\/source><\/picture><!-- noscript pattern --><noscript><img decoding=\"async\" src=\"http:\/\/just-now.news\/de\/wp-content\/uploads\/sites\/3\/2022\/10\/635bc70e48fbef408b5b5da0.jpg\" alt=\"\"><\/noscript><\/div><figcaption class=\"RTImage-footer\"><span class=\"RTImage-caption\"><\/span><span class=\"RTImage-source\"><span class=\"RTImage-captionItem\">imago-images.de<\/span><span class=\"RTImage-captionItem\"> \/ www.globallookpress.com<\/span><\/span><\/figcaption><\/figure>\n<p>Die Inflationsrate in Deutschland wird nach <a rel=\"nofollow noopener\" target=\"_blank\" href=\"https:\/\/www.destatis.de\/DE\/Presse\/Pressemitteilungen\/2022\/10\/PD22_458_611.html;jsessionid=20D021AEF8B185E210FCCB08E1AAB6BD.live731\">Angaben<\/a> des Statistischen Bundesamtes im Oktober voraussichtlich 10,4 Prozent betragen. Im September lag sie noch bei 10 Prozent.<\/p>\n<p>Demnach seien seit Ende Februar bis heute insbesondere die Preise f\u00fcr Energie &#8220;merklich angestiegen&#8221; und beeinflussten die Inflationsrate erheblich. Nach Angaben der Statistikbeh\u00f6rde\u00a0waren\u00a0die Energiepreise im Oktober 43 Prozent h\u00f6her als noch im Vorjahresmonat. Auch die Preise f\u00fcr Nahrungsmittel stiegen demnach im Vergleich zum September mit einem Plus von 20,3 Prozent \u00fcberdurchschnittlich.<\/p>\n<p>Eine rasche Entspannung bei der\u00a0Inflation\u00a0ist vorerst nicht in Sicht. Nach Darstellung des Ifo-Instituts m\u00fcssen sich die Menschen weiter auf deutlich h\u00f6here Preise beim Lebensmittelkauf einstellen. Rund 97 Prozent der befragten Lebensmittelh\u00e4ndler wollten mehr verlangen. &#8220;Die Inflationswelle ist noch nicht gebrochen&#8221;, sagte Ifo-Konjunkturchef Timo Wollmersh\u00e4user gegen\u00fcber der Nachrichtenagentur <em>dpa<\/em>.<\/p>\n<p><em>&#8220;Vor allem die hohen Energiekosten sind noch nicht vollst\u00e4ndig auf die Verbraucher \u00fcberw\u00e4lzt.&#8221;<\/em><\/p>\n<\/div>\n<\/div>\n<\/div>\n<\/div>\n<\/li>\n<\/ul>\n<div class=\"Listing-isReact\" data-rtmodule=\"Listing\" onload=\"return {\n                page: '1',\n                limit: '10',\n                listing: '\/listing\/parent.6337e74248fbef5b3c62f1db\/noprepare\/liveupdates\/10\/1',\n            };\"><\/div>\n<\/div>\n<\/div>\n<\/div>\n<p><br \/>\n<br \/><a href=\"https:\/\/de.rt.com\/wirtschaft\/150363-krisen-und-insolvenzticker-galeria-kaufhof\/\">Source link <\/a><\/p>\n","protected":false},"excerpt":{"rendered":"<p>Die deutsche Wirtschaft rutscht immer tiefer in die Krise. Unter dem Druck dramatisch steigender Energiekosten und anderer ung\u00fcnstiger Rahmenbedingungen sind allein in diesem Jahr tausende Unternehmen insolvent gegangen. Wir fassen in diesem Ticker die wichtigsten Entwicklungen und Neuigkeiten zusammen. 31.10.2022 21:26 Uhr 21:26 Uhr Galeria Kaufhof beantragt Insolvenz \u2013 Jede dritte Filiale vor dem Aus [&hellip;]<\/p>\n","protected":false},"author":3,"featured_media":22150,"comment_status":"open","ping_status":"open","sticky":false,"template":"","format":"standard","meta":{"wp_automatic_camp":["217"],"43107f3e37201d8ed7425957afdfa411":["Krisen- und Insolvenzticker: Galeria Kaufhof beantragt Insolvenz \u2013 Jede dritte Filiale vor dem Aus"],"original_link":["https:\/\/de.rt.com\/wirtschaft\/150363-krisen-und-insolvenzticker-galeria-kaufhof\/"],"_thumbnail_id":["22150"],"_wptg_p2tg_sent2tg":["2022-10-31 23:03:48"],"jnews_social_counter_last_update":["1777593460"]},"categories":[19,23],"tags":[679,12779,134,15742,35135,35133,8327,33683,20124,35134,2667,140,320],"yoast_head":"<!-- This site is optimized with the Yoast SEO Premium plugin v22.7 (Yoast SEO v22.7) - https:\/\/yoast.com\/wordpress\/plugins\/seo\/ -->\n<title>Krisen- und Insolvenzticker: Galeria Kaufhof beantragt Insolvenz \u2013 Jede dritte Filiale vor dem Aus - just-now.NEWS Deutschland<\/title>\n<meta name=\"robots\" content=\"index, follow, max-snippet:-1, max-image-preview:large, max-video-preview:-1\" \/>\n<link rel=\"canonical\" href=\"https:\/\/now-news.de\/de\/deutschland\/krisen-und-insolvenzticker-galeria-kaufhof-beantragt-insolvenz-jede-dritte-filiale-vor-dem-aus\/\" \/>\n<meta property=\"og:locale\" content=\"de_DE\" \/>\n<meta property=\"og:type\" content=\"article\" \/>\n<meta property=\"og:title\" content=\"Krisen- und Insolvenzticker: Galeria Kaufhof beantragt Insolvenz \u2013 Jede dritte Filiale vor dem Aus\" \/>\n<meta property=\"og:description\" content=\"Die deutsche Wirtschaft rutscht immer tiefer in die Krise. Unter dem Druck dramatisch steigender Energiekosten und anderer ung\u00fcnstiger Rahmenbedingungen sind allein in diesem Jahr tausende Unternehmen insolvent gegangen. Wir fassen in diesem Ticker die wichtigsten Entwicklungen und Neuigkeiten zusammen. 31.10.2022 21:26 Uhr 21:26 Uhr Galeria Kaufhof beantragt Insolvenz \u2013 Jede dritte Filiale vor dem Aus [&hellip;]\" \/>\n<meta property=\"og:url\" content=\"https:\/\/now-news.de\/de\/deutschland\/krisen-und-insolvenzticker-galeria-kaufhof-beantragt-insolvenz-jede-dritte-filiale-vor-dem-aus\/\" \/>\n<meta property=\"og:site_name\" content=\"just-now.NEWS Deutschland\" \/>\n<meta property=\"article:publisher\" content=\"https:\/\/www.facebook.com\/wirmachenauf\" \/>\n<meta property=\"article:published_time\" content=\"2022-10-31T20:00:00+00:00\" \/>\n<meta property=\"og:image\" content=\"https:\/\/now-news.de\/de\/wp-content\/uploads\/sites\/3\/2022\/10\/Krisen-und-Insolvenzticker-Galeria-Kaufhof-beantragt-Insolvenz-\u2013-Jede-dritte.jpg\" \/>\n\t<meta property=\"og:image:width\" content=\"1620\" \/>\n\t<meta property=\"og:image:height\" content=\"1080\" \/>\n\t<meta property=\"og:image:type\" content=\"image\/jpeg\" \/>\n<meta name=\"author\" content=\"rtnews\" \/>\n<meta name=\"twitter:card\" content=\"summary_large_image\" \/>\n<meta name=\"twitter:creator\" content=\"@WirMachenAuf_de\" \/>\n<meta name=\"twitter:site\" content=\"@WirMachenAuf_de\" \/>\n<meta name=\"twitter:label1\" content=\"Verfasst von\" \/>\n\t<meta name=\"twitter:data1\" content=\"rtnews\" \/>\n\t<meta name=\"twitter:label2\" content=\"Gesch\u00e4tzte Lesezeit\" \/>\n\t<meta name=\"twitter:data2\" content=\"9\u00a0Minuten\" \/>\n<script type=\"application\/ld+json\" class=\"yoast-schema-graph\">{\"@context\":\"https:\/\/schema.org\",\"@graph\":[{\"@type\":\"Article\",\"@id\":\"https:\/\/now-news.de\/de\/deutschland\/krisen-und-insolvenzticker-galeria-kaufhof-beantragt-insolvenz-jede-dritte-filiale-vor-dem-aus\/#article\",\"isPartOf\":{\"@id\":\"https:\/\/now-news.de\/de\/deutschland\/krisen-und-insolvenzticker-galeria-kaufhof-beantragt-insolvenz-jede-dritte-filiale-vor-dem-aus\/\"},\"author\":{\"name\":\"rtnews\",\"@id\":\"https:\/\/now-news.de\/de\/#\/schema\/person\/fb534a4e865501d8b3285208df34a9b5\"},\"headline\":\"Krisen- und Insolvenzticker: Galeria Kaufhof beantragt Insolvenz \u2013 Jede dritte Filiale vor dem Aus\",\"datePublished\":\"2022-10-31T20:00:00+00:00\",\"dateModified\":\"2022-10-31T20:00:00+00:00\",\"mainEntityOfPage\":{\"@id\":\"https:\/\/now-news.de\/de\/deutschland\/krisen-und-insolvenzticker-galeria-kaufhof-beantragt-insolvenz-jede-dritte-filiale-vor-dem-aus\/\"},\"wordCount\":1921,\"commentCount\":0,\"publisher\":{\"@id\":\"https:\/\/now-news.de\/de\/#organization\"},\"image\":{\"@id\":\"https:\/\/now-news.de\/de\/deutschland\/krisen-und-insolvenzticker-galeria-kaufhof-beantragt-insolvenz-jede-dritte-filiale-vor-dem-aus\/#primaryimage\"},\"thumbnailUrl\":\"https:\/\/now-news.de\/de\/wp-content\/uploads\/sites\/3\/2022\/10\/Krisen-und-Insolvenzticker-Galeria-Kaufhof-beantragt-Insolvenz-\u2013-Jede-dritte.jpg\",\"keywords\":[\"aus\",\"beantragt\",\"DEM\",\"Dritte\",\"Filiale\",\"Galeria\",\"Insolvenz\",\"Insolvenzticker\",\"jede\",\"Kaufhof\",\"Krisen\",\"und\",\"vor\"],\"articleSection\":[\"Deutschland\",\"Russland\"],\"inLanguage\":\"de\",\"potentialAction\":[{\"@type\":\"CommentAction\",\"name\":\"Comment\",\"target\":[\"https:\/\/now-news.de\/de\/deutschland\/krisen-und-insolvenzticker-galeria-kaufhof-beantragt-insolvenz-jede-dritte-filiale-vor-dem-aus\/#respond\"]}]},{\"@type\":\"WebPage\",\"@id\":\"https:\/\/now-news.de\/de\/deutschland\/krisen-und-insolvenzticker-galeria-kaufhof-beantragt-insolvenz-jede-dritte-filiale-vor-dem-aus\/\",\"url\":\"https:\/\/now-news.de\/de\/deutschland\/krisen-und-insolvenzticker-galeria-kaufhof-beantragt-insolvenz-jede-dritte-filiale-vor-dem-aus\/\",\"name\":\"Krisen- und Insolvenzticker: Galeria Kaufhof beantragt Insolvenz \u2013 Jede dritte Filiale vor dem Aus - just-now.NEWS Deutschland\",\"isPartOf\":{\"@id\":\"https:\/\/now-news.de\/de\/#website\"},\"primaryImageOfPage\":{\"@id\":\"https:\/\/now-news.de\/de\/deutschland\/krisen-und-insolvenzticker-galeria-kaufhof-beantragt-insolvenz-jede-dritte-filiale-vor-dem-aus\/#primaryimage\"},\"image\":{\"@id\":\"https:\/\/now-news.de\/de\/deutschland\/krisen-und-insolvenzticker-galeria-kaufhof-beantragt-insolvenz-jede-dritte-filiale-vor-dem-aus\/#primaryimage\"},\"thumbnailUrl\":\"https:\/\/now-news.de\/de\/wp-content\/uploads\/sites\/3\/2022\/10\/Krisen-und-Insolvenzticker-Galeria-Kaufhof-beantragt-Insolvenz-\u2013-Jede-dritte.jpg\",\"datePublished\":\"2022-10-31T20:00:00+00:00\",\"dateModified\":\"2022-10-31T20:00:00+00:00\",\"breadcrumb\":{\"@id\":\"https:\/\/now-news.de\/de\/deutschland\/krisen-und-insolvenzticker-galeria-kaufhof-beantragt-insolvenz-jede-dritte-filiale-vor-dem-aus\/#breadcrumb\"},\"inLanguage\":\"de\",\"potentialAction\":[{\"@type\":\"ReadAction\",\"target\":[\"https:\/\/now-news.de\/de\/deutschland\/krisen-und-insolvenzticker-galeria-kaufhof-beantragt-insolvenz-jede-dritte-filiale-vor-dem-aus\/\"]}]},{\"@type\":\"ImageObject\",\"inLanguage\":\"de\",\"@id\":\"https:\/\/now-news.de\/de\/deutschland\/krisen-und-insolvenzticker-galeria-kaufhof-beantragt-insolvenz-jede-dritte-filiale-vor-dem-aus\/#primaryimage\",\"url\":\"https:\/\/now-news.de\/de\/wp-content\/uploads\/sites\/3\/2022\/10\/Krisen-und-Insolvenzticker-Galeria-Kaufhof-beantragt-Insolvenz-\u2013-Jede-dritte.jpg\",\"contentUrl\":\"https:\/\/now-news.de\/de\/wp-content\/uploads\/sites\/3\/2022\/10\/Krisen-und-Insolvenzticker-Galeria-Kaufhof-beantragt-Insolvenz-\u2013-Jede-dritte.jpg\",\"width\":1620,\"height\":1080,\"caption\":\"Krisen- und Insolvenzticker: Galeria Kaufhof beantragt Insolvenz \u2013 Jede dritte Filiale vor dem Aus\"},{\"@type\":\"BreadcrumbList\",\"@id\":\"https:\/\/now-news.de\/de\/deutschland\/krisen-und-insolvenzticker-galeria-kaufhof-beantragt-insolvenz-jede-dritte-filiale-vor-dem-aus\/#breadcrumb\",\"itemListElement\":[{\"@type\":\"ListItem\",\"position\":1,\"name\":\"Home\",\"item\":\"https:\/\/now-news.de\/de\/\"},{\"@type\":\"ListItem\",\"position\":2,\"name\":\"Krisen- und Insolvenzticker: Galeria Kaufhof beantragt Insolvenz \u2013 Jede dritte Filiale vor dem Aus\"}]},{\"@type\":\"WebSite\",\"@id\":\"https:\/\/now-news.de\/de\/#website\",\"url\":\"https:\/\/now-news.de\/de\/\",\"name\":\"just-now.NEWS Deutschland\",\"description\":\"Das Portal f\u00fcr unzensierte Nachrichten aus der Welt\",\"publisher\":{\"@id\":\"https:\/\/now-news.de\/de\/#organization\"},\"potentialAction\":[{\"@type\":\"SearchAction\",\"target\":{\"@type\":\"EntryPoint\",\"urlTemplate\":\"https:\/\/now-news.de\/de\/?s={search_term_string}\"},\"query-input\":\"required name=search_term_string\"}],\"inLanguage\":\"de\"},{\"@type\":\"Organization\",\"@id\":\"https:\/\/now-news.de\/de\/#organization\",\"name\":\"Just Now News\",\"url\":\"https:\/\/now-news.de\/de\/\",\"logo\":{\"@type\":\"ImageObject\",\"inLanguage\":\"de\",\"@id\":\"https:\/\/now-news.de\/de\/#\/schema\/logo\/image\/\",\"url\":\"http:\/\/just-now.news\/de\/wp-content\/uploads\/sites\/3\/2022\/04\/logo500x500.jpg\",\"contentUrl\":\"http:\/\/just-now.news\/de\/wp-content\/uploads\/sites\/3\/2022\/04\/logo500x500.jpg\",\"width\":500,\"height\":500,\"caption\":\"Just Now News\"},\"image\":{\"@id\":\"https:\/\/now-news.de\/de\/#\/schema\/logo\/image\/\"},\"sameAs\":[\"https:\/\/www.facebook.com\/wirmachenauf\",\"https:\/\/x.com\/WirMachenAuf_de\"]},{\"@type\":\"Person\",\"@id\":\"https:\/\/now-news.de\/de\/#\/schema\/person\/fb534a4e865501d8b3285208df34a9b5\",\"name\":\"rtnews\",\"image\":{\"@type\":\"ImageObject\",\"inLanguage\":\"de\",\"@id\":\"https:\/\/now-news.de\/de\/#\/schema\/person\/image\/\",\"url\":\"https:\/\/secure.gravatar.com\/avatar\/82aafea7d8127119dd649515f56e2117?s=96&d=mm&r=g\",\"contentUrl\":\"https:\/\/secure.gravatar.com\/avatar\/82aafea7d8127119dd649515f56e2117?s=96&d=mm&r=g\",\"caption\":\"rtnews\"},\"url\":\"https:\/\/now-news.de\/de\/author\/rnews\/\"}]}<\/script>\n<!-- \/ Yoast SEO Premium plugin. -->","yoast_head_json":{"title":"Krisen- und Insolvenzticker: Galeria Kaufhof beantragt Insolvenz \u2013 Jede dritte Filiale vor dem Aus - just-now.NEWS Deutschland","robots":{"index":"index","follow":"follow","max-snippet":"max-snippet:-1","max-image-preview":"max-image-preview:large","max-video-preview":"max-video-preview:-1"},"canonical":"https:\/\/now-news.de\/de\/deutschland\/krisen-und-insolvenzticker-galeria-kaufhof-beantragt-insolvenz-jede-dritte-filiale-vor-dem-aus\/","og_locale":"de_DE","og_type":"article","og_title":"Krisen- und Insolvenzticker: Galeria Kaufhof beantragt Insolvenz \u2013 Jede dritte Filiale vor dem Aus","og_description":"Die deutsche Wirtschaft rutscht immer tiefer in die Krise. Unter dem Druck dramatisch steigender Energiekosten und anderer ung\u00fcnstiger Rahmenbedingungen sind allein in diesem Jahr tausende Unternehmen insolvent gegangen. Wir fassen in diesem Ticker die wichtigsten Entwicklungen und Neuigkeiten zusammen. 31.10.2022 21:26 Uhr 21:26 Uhr Galeria Kaufhof beantragt Insolvenz \u2013 Jede dritte Filiale vor dem Aus [&hellip;]","og_url":"https:\/\/now-news.de\/de\/deutschland\/krisen-und-insolvenzticker-galeria-kaufhof-beantragt-insolvenz-jede-dritte-filiale-vor-dem-aus\/","og_site_name":"just-now.NEWS Deutschland","article_publisher":"https:\/\/www.facebook.com\/wirmachenauf","article_published_time":"2022-10-31T20:00:00+00:00","og_image":[{"width":1620,"height":1080,"url":"https:\/\/now-news.de\/de\/wp-content\/uploads\/sites\/3\/2022\/10\/Krisen-und-Insolvenzticker-Galeria-Kaufhof-beantragt-Insolvenz-\u2013-Jede-dritte.jpg","type":"image\/jpeg"}],"author":"rtnews","twitter_card":"summary_large_image","twitter_creator":"@WirMachenAuf_de","twitter_site":"@WirMachenAuf_de","twitter_misc":{"Verfasst von":"rtnews","Gesch\u00e4tzte Lesezeit":"9\u00a0Minuten"},"schema":{"@context":"https:\/\/schema.org","@graph":[{"@type":"Article","@id":"https:\/\/now-news.de\/de\/deutschland\/krisen-und-insolvenzticker-galeria-kaufhof-beantragt-insolvenz-jede-dritte-filiale-vor-dem-aus\/#article","isPartOf":{"@id":"https:\/\/now-news.de\/de\/deutschland\/krisen-und-insolvenzticker-galeria-kaufhof-beantragt-insolvenz-jede-dritte-filiale-vor-dem-aus\/"},"author":{"name":"rtnews","@id":"https:\/\/now-news.de\/de\/#\/schema\/person\/fb534a4e865501d8b3285208df34a9b5"},"headline":"Krisen- und Insolvenzticker: Galeria Kaufhof beantragt Insolvenz \u2013 Jede dritte Filiale vor dem Aus","datePublished":"2022-10-31T20:00:00+00:00","dateModified":"2022-10-31T20:00:00+00:00","mainEntityOfPage":{"@id":"https:\/\/now-news.de\/de\/deutschland\/krisen-und-insolvenzticker-galeria-kaufhof-beantragt-insolvenz-jede-dritte-filiale-vor-dem-aus\/"},"wordCount":1921,"commentCount":0,"publisher":{"@id":"https:\/\/now-news.de\/de\/#organization"},"image":{"@id":"https:\/\/now-news.de\/de\/deutschland\/krisen-und-insolvenzticker-galeria-kaufhof-beantragt-insolvenz-jede-dritte-filiale-vor-dem-aus\/#primaryimage"},"thumbnailUrl":"https:\/\/now-news.de\/de\/wp-content\/uploads\/sites\/3\/2022\/10\/Krisen-und-Insolvenzticker-Galeria-Kaufhof-beantragt-Insolvenz-\u2013-Jede-dritte.jpg","keywords":["aus","beantragt","DEM","Dritte","Filiale","Galeria","Insolvenz","Insolvenzticker","jede","Kaufhof","Krisen","und","vor"],"articleSection":["Deutschland","Russland"],"inLanguage":"de","potentialAction":[{"@type":"CommentAction","name":"Comment","target":["https:\/\/now-news.de\/de\/deutschland\/krisen-und-insolvenzticker-galeria-kaufhof-beantragt-insolvenz-jede-dritte-filiale-vor-dem-aus\/#respond"]}]},{"@type":"WebPage","@id":"https:\/\/now-news.de\/de\/deutschland\/krisen-und-insolvenzticker-galeria-kaufhof-beantragt-insolvenz-jede-dritte-filiale-vor-dem-aus\/","url":"https:\/\/now-news.de\/de\/deutschland\/krisen-und-insolvenzticker-galeria-kaufhof-beantragt-insolvenz-jede-dritte-filiale-vor-dem-aus\/","name":"Krisen- und Insolvenzticker: Galeria Kaufhof beantragt Insolvenz \u2013 Jede dritte Filiale vor dem Aus - just-now.NEWS Deutschland","isPartOf":{"@id":"https:\/\/now-news.de\/de\/#website"},"primaryImageOfPage":{"@id":"https:\/\/now-news.de\/de\/deutschland\/krisen-und-insolvenzticker-galeria-kaufhof-beantragt-insolvenz-jede-dritte-filiale-vor-dem-aus\/#primaryimage"},"image":{"@id":"https:\/\/now-news.de\/de\/deutschland\/krisen-und-insolvenzticker-galeria-kaufhof-beantragt-insolvenz-jede-dritte-filiale-vor-dem-aus\/#primaryimage"},"thumbnailUrl":"https:\/\/now-news.de\/de\/wp-content\/uploads\/sites\/3\/2022\/10\/Krisen-und-Insolvenzticker-Galeria-Kaufhof-beantragt-Insolvenz-\u2013-Jede-dritte.jpg","datePublished":"2022-10-31T20:00:00+00:00","dateModified":"2022-10-31T20:00:00+00:00","breadcrumb":{"@id":"https:\/\/now-news.de\/de\/deutschland\/krisen-und-insolvenzticker-galeria-kaufhof-beantragt-insolvenz-jede-dritte-filiale-vor-dem-aus\/#breadcrumb"},"inLanguage":"de","potentialAction":[{"@type":"ReadAction","target":["https:\/\/now-news.de\/de\/deutschland\/krisen-und-insolvenzticker-galeria-kaufhof-beantragt-insolvenz-jede-dritte-filiale-vor-dem-aus\/"]}]},{"@type":"ImageObject","inLanguage":"de","@id":"https:\/\/now-news.de\/de\/deutschland\/krisen-und-insolvenzticker-galeria-kaufhof-beantragt-insolvenz-jede-dritte-filiale-vor-dem-aus\/#primaryimage","url":"https:\/\/now-news.de\/de\/wp-content\/uploads\/sites\/3\/2022\/10\/Krisen-und-Insolvenzticker-Galeria-Kaufhof-beantragt-Insolvenz-\u2013-Jede-dritte.jpg","contentUrl":"https:\/\/now-news.de\/de\/wp-content\/uploads\/sites\/3\/2022\/10\/Krisen-und-Insolvenzticker-Galeria-Kaufhof-beantragt-Insolvenz-\u2013-Jede-dritte.jpg","width":1620,"height":1080,"caption":"Krisen- und Insolvenzticker: Galeria Kaufhof beantragt Insolvenz \u2013 Jede dritte Filiale vor dem Aus"},{"@type":"BreadcrumbList","@id":"https:\/\/now-news.de\/de\/deutschland\/krisen-und-insolvenzticker-galeria-kaufhof-beantragt-insolvenz-jede-dritte-filiale-vor-dem-aus\/#breadcrumb","itemListElement":[{"@type":"ListItem","position":1,"name":"Home","item":"https:\/\/now-news.de\/de\/"},{"@type":"ListItem","position":2,"name":"Krisen- und Insolvenzticker: Galeria Kaufhof beantragt Insolvenz \u2013 Jede dritte Filiale vor dem Aus"}]},{"@type":"WebSite","@id":"https:\/\/now-news.de\/de\/#website","url":"https:\/\/now-news.de\/de\/","name":"just-now.NEWS Deutschland","description":"Das Portal f\u00fcr unzensierte Nachrichten aus der Welt","publisher":{"@id":"https:\/\/now-news.de\/de\/#organization"},"potentialAction":[{"@type":"SearchAction","target":{"@type":"EntryPoint","urlTemplate":"https:\/\/now-news.de\/de\/?s={search_term_string}"},"query-input":"required name=search_term_string"}],"inLanguage":"de"},{"@type":"Organization","@id":"https:\/\/now-news.de\/de\/#organization","name":"Just Now News","url":"https:\/\/now-news.de\/de\/","logo":{"@type":"ImageObject","inLanguage":"de","@id":"https:\/\/now-news.de\/de\/#\/schema\/logo\/image\/","url":"http:\/\/just-now.news\/de\/wp-content\/uploads\/sites\/3\/2022\/04\/logo500x500.jpg","contentUrl":"http:\/\/just-now.news\/de\/wp-content\/uploads\/sites\/3\/2022\/04\/logo500x500.jpg","width":500,"height":500,"caption":"Just Now News"},"image":{"@id":"https:\/\/now-news.de\/de\/#\/schema\/logo\/image\/"},"sameAs":["https:\/\/www.facebook.com\/wirmachenauf","https:\/\/x.com\/WirMachenAuf_de"]},{"@type":"Person","@id":"https:\/\/now-news.de\/de\/#\/schema\/person\/fb534a4e865501d8b3285208df34a9b5","name":"rtnews","image":{"@type":"ImageObject","inLanguage":"de","@id":"https:\/\/now-news.de\/de\/#\/schema\/person\/image\/","url":"https:\/\/secure.gravatar.com\/avatar\/82aafea7d8127119dd649515f56e2117?s=96&d=mm&r=g","contentUrl":"https:\/\/secure.gravatar.com\/avatar\/82aafea7d8127119dd649515f56e2117?s=96&d=mm&r=g","caption":"rtnews"},"url":"https:\/\/now-news.de\/de\/author\/rnews\/"}]}},"_links":{"self":[{"href":"https:\/\/now-news.de\/de\/wp-json\/wp\/v2\/posts\/22149"}],"collection":[{"href":"https:\/\/now-news.de\/de\/wp-json\/wp\/v2\/posts"}],"about":[{"href":"https:\/\/now-news.de\/de\/wp-json\/wp\/v2\/types\/post"}],"author":[{"embeddable":true,"href":"https:\/\/now-news.de\/de\/wp-json\/wp\/v2\/users\/3"}],"replies":[{"embeddable":true,"href":"https:\/\/now-news.de\/de\/wp-json\/wp\/v2\/comments?post=22149"}],"version-history":[{"count":0,"href":"https:\/\/now-news.de\/de\/wp-json\/wp\/v2\/posts\/22149\/revisions"}],"wp:featuredmedia":[{"embeddable":true,"href":"https:\/\/now-news.de\/de\/wp-json\/wp\/v2\/media\/22150"}],"wp:attachment":[{"href":"https:\/\/now-news.de\/de\/wp-json\/wp\/v2\/media?parent=22149"}],"wp:term":[{"taxonomy":"category","embeddable":true,"href":"https:\/\/now-news.de\/de\/wp-json\/wp\/v2\/categories?post=22149"},{"taxonomy":"post_tag","embeddable":true,"href":"https:\/\/now-news.de\/de\/wp-json\/wp\/v2\/tags?post=22149"}],"curies":[{"name":"wp","href":"https:\/\/api.w.org\/{rel}","templated":true}]}}