{"id":22079,"date":"2022-10-30T23:28:12","date_gmt":"2022-10-30T21:28:12","guid":{"rendered":"http:\/\/just-now.news\/de\/deutschland\/mythen-und-realitaeten-der-energiewende-auch-in-suedamerika\/"},"modified":"2022-10-30T23:28:12","modified_gmt":"2022-10-30T21:28:12","slug":"mythen-und-realitaeten-der-energiewende-auch-in-suedamerika","status":"publish","type":"post","link":"https:\/\/now-news.de\/de\/deutschland\/mythen-und-realitaeten-der-energiewende-auch-in-suedamerika\/","title":{"rendered":"Mythen und Realit\u00e4ten der Energiewende \u2013 auch in S\u00fcdamerika"},"content":{"rendered":"<p><img decoding=\"async\" src=\"http:\/\/just-now.news\/de\/wp-content\/uploads\/sites\/3\/2022\/10\/6356641a48fbef7b974f972c.jpeg\" \/><\/p>\n<div class=\"Text-root Text-type_1 \">\n                Die Euphorie hinsichtlich des &#8220;gr\u00fcnen&#8221; Wasserstoffs und der erneuerbaren Energien greift auch in S\u00fcdamerika um sich. Doch deren Herstellung und Verbrauch als Ersatz f\u00fcr die fossilen Brennstoffe bergen Gefahren in sich, die die Klimakatastrophe noch vergr\u00f6\u00dfern k\u00f6nnen.\n            <\/div>\n<p><\/p>\n<div class=\"Text-root Text-type_5 ArticleView-text ViewText-root \">\n<p><em>Eine Analyse von Victor L. Bacchetta<\/em><\/p>\n<p>In S\u00fcdamerika plant besonders Chile mit seinen geografischen Vorteilen hinsichtlich der Erzeugung von Wind- und Sonnenenergie, ein gro\u00dfer Exporteur von &#8220;gr\u00fcnem&#8221; Wasserstoff zu werden. &#8220;Wenn wir es richtig machen&#8221;, sagte Energieminister Juan Carlos Jobet der Zeitschrift <em>Electricidad<\/em>, &#8220;kann die gr\u00fcne Wasserstoffindustrie in Chile so wichtig werden wie einst der Bergbau, die Forstwirtschaft oder der Lachsfang&#8221;.<\/p>\n<p>Auch die uruguayische Regierung definierte eine nationale Strategie f\u00fcr gr\u00fcnen Wasserstoff. &#8220;Uruguay hat die Vision, ein Exporteur von Wasserstoff und Derivaten zu werden&#8221;, so das Ministerium f\u00fcr Industrie, Energie und Bergbau. Eine spezielle Arbeitsgruppe aus mehreren Ministerien und staatlichen Stellen begann, die Hafenanlagen des Landes unter dem Blickwinkel der Transportm\u00f6glichkeiten f\u00fcr eine gro\u00dfformatige Ausfuhr zu pr\u00fcfen. Eine\u00a0<a rel=\"nofollow noopener\" target=\"_blank\" href=\"https:\/\/www.gub.uy\/ministerio-industria-energia-mineria\/sites\/ministerio-industria-energia-mineria\/files\/documentos\/noticias\/Green%20Hydrogen%20Roadmap%20in%20Uruguay_0.pdf\">offizielle Brosch\u00fcre<\/a>\u00a0preist den Standort Uruguay an \u2013 und verschweigt die Probleme.<a rel=\"nofollow noopener\" target=\"_blank\" href=\"https:\/\/www.gub.uy\/ministerio-industria-energia-mineria\/sites\/ministerio-industria-energia-mineria\/files\/documentos\/noticias\/Green%20Hydrogen%20Roadmap%20in%20Uruguay_0.pdf\"><\/a><\/p>\n<p>Es gibt bis jetzt keine in sich stimmige Energiepolitik. Die Regierungen versuchen lediglich, ausl\u00e4ndische Investitionen zu f\u00f6rdern, wenn sie kommen. Egal ob konventionelles oder unkonventionelles \u00d6l und Gas, Biokraftstoffe, Wind- und Solarenergie, &#8220;gr\u00fcner&#8221; Wasserstoff. Es geht darum, sie mit gr\u00f6\u00dftm\u00f6glichen Vorteilen ins Land zu holen.<\/p>\n<p><strong>Die gr\u00f6\u00dften Verursacher bestimmen &#8220;Energieumbau&#8221;<\/strong><\/p>\n<p>Die am st\u00e4rksten industrialisierten L\u00e4nder, die f\u00fcr die gr\u00f6\u00dften Treibhausgasemissionen verantwortlich sind, \u00fcbernehmen auch jetzt wieder die F\u00fchrungsrolle und entscheiden, wie die Ma\u00dfnahmen f\u00fcr eine neue globale Energieversorgung auszusehen haben. Dazu geh\u00f6rt der &#8220;gr\u00fcne&#8221; Wasserstoff. Allen voran China, die Vereinigten Staaten, Japan und die Europ\u00e4ische Union (EU) mit Deutschland an der Spitze. Die \u00d6lmultis wie BP, Shell und Repsol finanzieren dort Gro\u00dfprojekte. Es geht um Energie, die sie als &#8220;sauber&#8221; bezeichnen und von der viele glauben, dass sie der Schl\u00fcssel zur &#8220;Dekarbonisierung&#8221; des Planeten sein wird.<\/p>\n<p><strong>Der &#8220;Green Deal&#8221;<\/strong><\/p>\n<p>Der europ\u00e4ische &#8220;Green Deal&#8221; schl\u00e4gt vor, die EU solle &#8220;der erste klimaneutrale Kontinent im Jahr 2050&#8221; sein. Mit diesem Ziel startete Europa eine globale Initiative zur F\u00f6rderung von gr\u00fcnem Wasserstoff. Mit einer Investition von 430 Milliarden Dollar in Elektrolyseanlagen soll das Ziel bis 2030 erreicht sein.<\/p>\n<p>Auch der US-Kongress genehmigte im Jahr 2021 eine Investition von 9,5 Milliarden Dollar zur F\u00f6rderung von &#8220;gr\u00fcnem&#8221; Wasserstoff. Die US-Investmentbank Goldman Sachs sch\u00e4tzt, dass der Markt daf\u00fcr bis 2050 die 11 Milliarden Dollar \u00fcberschreiten wird. Die Finanzoffensive f\u00fchrt weltweit zu einer Reihe von Megaprojekten, von denen die meisten noch in der Planungsphase sind.<\/p>\n<p>Die reichen L\u00e4nder konzentrieren sich auf die sogenannten erneuerbaren Energien, die jedoch bei ihrer Herstellung gro\u00dfe Mengen an Materialien und Energie verbrauchen und dar\u00fcber hinaus auch erhebliche soziale und \u00f6kologische Auswirkungen haben.<\/p>\n<p><strong>M\u00f6gliche Risiken von H2<\/strong><\/p>\n<p>Man stellt sich vor, Wasserstoff k\u00f6nnte verwendet werden, um H\u00e4user und Geb\u00e4ude zu beheizen, Z\u00fcge oder schwere Fahrzeuge und Schiffe in Bewegung zu setzen und selbst Flugzeuge, f\u00fcr die elektrische Batterien nicht geeignet sind.<\/p>\n<p>Doch Wasserstoff hat auch Probleme, die jetzt bei ersten Versuchsprojekten zutage treten. Denn als Ersatz f\u00fcr fossile Brennstoffe w\u00e4re eine Herstellung in riesigen Ausma\u00dfen notwendig. Damit w\u00fcrden die umweltsch\u00e4dlichen Wirkungen noch verst\u00e4rkt.<\/p>\n<p><strong>Wasserstoff ist ein Treibhausgas<\/strong><\/p>\n<p>Laut einer Studie des britischen\u00a0<a rel=\"nofollow noopener\" target=\"_blank\" href=\"https:\/\/www.rechargenews.com\/energy-transition\/hydrogen-twice-as-powerful-a-greenhouse-gas-as-previously-thought-uk-government-study\/2-1-1200115\">Department for Business, Energy and Industrial Strategy<\/a>\u00a0(BEIS)\u00a0wirkt Wasserstoff als Treibhausgas doppelt so stark, wie bisher angenommen. Sein Treibhauseffekt ist gr\u00f6\u00dftenteils indirekt, da er mit anderen Treibhausgasen in der Atmosph\u00e4re chemisch reagiert und sein &#8220;Erderw\u00e4rmungspotenzial&#8221; (GWP) dadurch erh\u00f6ht.<a rel=\"nofollow noopener\" target=\"_blank\" href=\"https:\/\/www.rechargenews.com\/energy-transition\/hydrogen-twice-as-powerful-a-greenhouse-gas-as-previously-thought-uk-government-study\/2-1-1200115\"><\/a><\/p>\n<p>Das &#8220;Erderw\u00e4rmungspotenzial&#8221; (GWP) ist ein relatives Ma\u00df f\u00fcr die W\u00e4rme, die von einem Treibhausgas im Vergleich zu einem Referenzgas, normalerweise Kohlendioxid (CO2), abgegeben werden kann. Somit ist das GWP von CO2 gleich 1 (eins) und das GWP von Methan (CH4) ist 25. Mit anderen Worten, die Emission von 1 Million Tonnen Methan entspricht 25 Millionen Tonnen CO2.<\/p>\n<p>Es wurde festgestellt, dass Wasserstoff mit troposph\u00e4rischen Hydroxylradikalen reagiert, sodass seine Emissionen in die Atmosph\u00e4re die Verteilung von Methan und Ozon, dem zweit- und drittwichtigsten Treibhausgas nach CO2, st\u00f6ren.<\/p>\n<p><strong>Wasserstoffbasierte Wirtschaft\u00a0k\u00f6nnte\u00a0zu Klimaschocks f\u00fchren<\/strong><\/p>\n<p>Die Ozonschicht filtert die ultraviolette Strahlung der Sonne, die ansonsten lebensgef\u00e4hrlich w\u00e4re. Man hat bis vor Kurzem nicht bemerkt, dass Wasserstoff zu den aggressivsten Faktoren bei ihrer Zerst\u00f6rung geh\u00f6rt.<\/p>\n<p>Obwohl die gro\u00dftechnische Herstellung von Wasserstoff ein hohes Ma\u00df an Emissionen erzeugen w\u00fcrde, wird das globale Erw\u00e4rmungspotenzial dieses Gases in Diskussionen \u00fcber die zuk\u00fcnftige Wasserstoffinfrastruktur selten erw\u00e4hnt. Es f\u00e4llt auf, dass das Erw\u00e4rmungspotenzial\u00a0GWP\u00a0von Wasserstoff in der wissenschaftlichen Forschung noch starke Unsicherheitsfaktoren aufweist. Angesichts der wachsenden Bedeutung dieser Daten f\u00fcr k\u00fcnftige politische Entscheidungen wirft das gro\u00dfe Fragezeichen auf. Man kann nicht von gesicherten Grundlagen der alternativen Energieversorgung sprechen.<\/p>\n<p>NASA-Studien hatten 2006 ermittelt, dass das\u00a0GWP\u00a0von Wasserstoff als indirektem Treibhausgas \u00fcber einen Zeithorizont von 100 Jahren 5,8 betr\u00e4gt. Eine Studie des spezialisierten britischen\u00a0<a rel=\"nofollow noopener\" target=\"_blank\" href=\"https:\/\/assets.publishing.service.gov.uk\/government\/uploads\/system\/uploads\/attachment_data\/file\/1067137\/fugitive-hydrogen-emissions-future-hydrogen-economy.pdf\">Beratungsunternehmens<strong>\u00a0<\/strong>Frazer-Nash<\/a>\u00a0zu Beginn dieses Jahres 2022 deutete jedoch darauf hin, dass Wasserstoffemissionen eine indirekte globale Erw\u00e4rmungswirkung haben k\u00f6nnten, die elfmal so hoch ist wie die von CO2.<a rel=\"nofollow noopener\" target=\"_blank\" href=\"https:\/\/assets.publishing.service.gov.uk\/government\/uploads\/system\/uploads\/attachment_data\/file\/1067137\/fugitive-hydrogen-emissions-future-hydrogen-economy.pdf\"><\/a><\/p>\n<p>Auch Wasserdampf, der bei der Herstellung und Verbrennung von Wasserstoff entsteht, ist ein Treibhausgas.\u00a0<a rel=\"nofollow noopener\" target=\"_blank\" href=\"https:\/\/climate.nasa.gov\/ask-nasa-climate\/3143\/steamy-relationships-how-atmospheric-water-vapor-amplifies-earths-greenhouse-effect\/\">NASA-Forschungen<\/a>, die den Satelliten Aqua (Atmospheric Infrared Sounder) verwendeten, fanden heraus, dass Wasserdampf eine globale w\u00e4rmeverst\u00e4rkende Wirkung hat, die stark genug ist, um die Erw\u00e4rmung zu verdoppeln, die durch den ansteigenden CO2-Gehalt in der Atmosph\u00e4re verursacht wird.<a rel=\"nofollow noopener\" target=\"_blank\" href=\"https:\/\/climate.nasa.gov\/ask-nasa-climate\/3143\/steamy-relationships-how-atmospheric-water-vapor-amplifies-earths-greenhouse-effect\/\"><\/a><\/p>\n<p>Das grundlegende und unverzichtbare Element f\u00fcr die Herstellung von Wasserstoff ist Wasser. F\u00fcr ein Elektrolysebecken werden t\u00e4glich rund 700.000 und mehr Liter ben\u00f6tigt. Das m\u00fcsste die Standorte auf verf\u00fcgbare saubere Wasserreserven in diesen Gr\u00f6ssenordnungen festlegen, was angesichts der klimatischen Trockenperioden infolge des Klimawandels problematisch ist.<\/p>\n<p>Es w\u00e4re geradezu grotesk, wenn eine Technologie, die das Klimaproblem und seine Folgen l\u00f6sen soll, dazu betr\u00e4gt, es zu versch\u00e4rfen.<\/p>\n<p><em>\u00dcbersetzt aus dem\u00a0<a rel=\"nofollow noopener\" target=\"_blank\" href=\"https:\/\/www.sudestada.com.uy\/articleId__cb757243-fe3f-4c32-876a-5065a0f31b37\/10893\/Detalle-de-Noticia\">Spanischen<\/a>.<\/em><\/p>\n<p><strong>Mehr zum Thema<\/strong> \u2013\u00a0<a rel=\"nofollow noopener\" target=\"_blank\" href=\"https:\/\/de.rt.com\/meinung\/147103-pech-gehabt-eu-sieht-chancen\/\">Pech gehabt: Die EU sieht Chancen in Lateinamerika, kann sie aber nicht nutzen<\/a><\/p>\n<\/div>\n<p><br \/>\n<br \/><a href=\"https:\/\/de.rt.com\/amerika\/152356-mythen-und-realitaten-energiewende-auch\/\">Source link <\/a><\/p>\n","protected":false},"excerpt":{"rendered":"<p>Die Euphorie hinsichtlich des &#8220;gr\u00fcnen&#8221; Wasserstoffs und der erneuerbaren Energien greift auch in S\u00fcdamerika um sich. Doch deren Herstellung und Verbrauch als Ersatz f\u00fcr die fossilen Brennstoffe bergen Gefahren in sich, die die Klimakatastrophe noch vergr\u00f6\u00dfern k\u00f6nnen. Eine Analyse von Victor L. Bacchetta In S\u00fcdamerika plant besonders Chile mit seinen geografischen Vorteilen hinsichtlich der Erzeugung [&hellip;]<\/p>\n","protected":false},"author":3,"featured_media":22080,"comment_status":"open","ping_status":"open","sticky":false,"template":"","format":"standard","meta":{"wp_automatic_camp":["217"],"f75b297c780457d934b5d829d91c36bd":["Mythen und Realit\u00e4ten der Energiewende \u2013 auch in S\u00fcdamerika"],"original_link":["https:\/\/de.rt.com\/amerika\/152356-mythen-und-realitaten-energiewende-auch\/"],"_thumbnail_id":["22080"],"_wptg_p2tg_sent2tg":["2022-10-30 23:41:36"],"jnews_social_counter_last_update":["1777830376"]},"categories":[19,23],"tags":[1475,82,8250,34551,29686,35101,140],"yoast_head":"<!-- This site is optimized with the Yoast SEO Premium plugin v22.7 (Yoast SEO v22.7) - https:\/\/yoast.com\/wordpress\/plugins\/seo\/ -->\n<title>Mythen und Realit\u00e4ten der Energiewende \u2013 auch in S\u00fcdamerika - just-now.NEWS Deutschland<\/title>\n<meta name=\"robots\" content=\"index, follow, max-snippet:-1, max-image-preview:large, max-video-preview:-1\" \/>\n<link rel=\"canonical\" href=\"https:\/\/now-news.de\/de\/deutschland\/mythen-und-realitaeten-der-energiewende-auch-in-suedamerika\/\" \/>\n<meta property=\"og:locale\" content=\"de_DE\" \/>\n<meta property=\"og:type\" content=\"article\" \/>\n<meta property=\"og:title\" content=\"Mythen und Realit\u00e4ten der Energiewende \u2013 auch in S\u00fcdamerika\" \/>\n<meta property=\"og:description\" content=\"Die Euphorie hinsichtlich des &#8220;gr\u00fcnen&#8221; Wasserstoffs und der erneuerbaren Energien greift auch in S\u00fcdamerika um sich. Doch deren Herstellung und Verbrauch als Ersatz f\u00fcr die fossilen Brennstoffe bergen Gefahren in sich, die die Klimakatastrophe noch vergr\u00f6\u00dfern k\u00f6nnen. Eine Analyse von Victor L. Bacchetta In S\u00fcdamerika plant besonders Chile mit seinen geografischen Vorteilen hinsichtlich der Erzeugung [&hellip;]\" \/>\n<meta property=\"og:url\" content=\"https:\/\/now-news.de\/de\/deutschland\/mythen-und-realitaeten-der-energiewende-auch-in-suedamerika\/\" \/>\n<meta property=\"og:site_name\" content=\"just-now.NEWS Deutschland\" \/>\n<meta property=\"article:publisher\" content=\"https:\/\/www.facebook.com\/wirmachenauf\" \/>\n<meta property=\"article:published_time\" content=\"2022-10-30T21:28:12+00:00\" \/>\n<meta property=\"og:image\" content=\"https:\/\/now-news.de\/de\/wp-content\/uploads\/sites\/3\/2022\/10\/Mythen-und-Realitaeten-der-Energiewende-\u2013-auch-in-Suedamerika.jpeg\" \/>\n\t<meta property=\"og:image:width\" content=\"460\" \/>\n\t<meta property=\"og:image:height\" content=\"259\" \/>\n\t<meta property=\"og:image:type\" content=\"image\/jpeg\" \/>\n<meta name=\"author\" content=\"rtnews\" \/>\n<meta name=\"twitter:card\" content=\"summary_large_image\" \/>\n<meta name=\"twitter:creator\" content=\"@WirMachenAuf_de\" \/>\n<meta name=\"twitter:site\" content=\"@WirMachenAuf_de\" \/>\n<meta name=\"twitter:label1\" content=\"Verfasst von\" \/>\n\t<meta name=\"twitter:data1\" content=\"rtnews\" \/>\n\t<meta name=\"twitter:label2\" content=\"Gesch\u00e4tzte Lesezeit\" \/>\n\t<meta name=\"twitter:data2\" content=\"5\u00a0Minuten\" \/>\n<script type=\"application\/ld+json\" class=\"yoast-schema-graph\">{\"@context\":\"https:\/\/schema.org\",\"@graph\":[{\"@type\":\"Article\",\"@id\":\"https:\/\/now-news.de\/de\/deutschland\/mythen-und-realitaeten-der-energiewende-auch-in-suedamerika\/#article\",\"isPartOf\":{\"@id\":\"https:\/\/now-news.de\/de\/deutschland\/mythen-und-realitaeten-der-energiewende-auch-in-suedamerika\/\"},\"author\":{\"name\":\"rtnews\",\"@id\":\"https:\/\/now-news.de\/de\/#\/schema\/person\/fb534a4e865501d8b3285208df34a9b5\"},\"headline\":\"Mythen und Realit\u00e4ten der Energiewende \u2013 auch in S\u00fcdamerika\",\"datePublished\":\"2022-10-30T21:28:12+00:00\",\"dateModified\":\"2022-10-30T21:28:12+00:00\",\"mainEntityOfPage\":{\"@id\":\"https:\/\/now-news.de\/de\/deutschland\/mythen-und-realitaeten-der-energiewende-auch-in-suedamerika\/\"},\"wordCount\":1034,\"commentCount\":0,\"publisher\":{\"@id\":\"https:\/\/now-news.de\/de\/#organization\"},\"image\":{\"@id\":\"https:\/\/now-news.de\/de\/deutschland\/mythen-und-realitaeten-der-energiewende-auch-in-suedamerika\/#primaryimage\"},\"thumbnailUrl\":\"https:\/\/now-news.de\/de\/wp-content\/uploads\/sites\/3\/2022\/10\/Mythen-und-Realitaeten-der-Energiewende-\u2013-auch-in-Suedamerika.jpeg\",\"keywords\":[\"auch\",\"der\",\"Energiewende\",\"Mythen\",\"Realit\u00e4ten\",\"S\u00fcdamerika\",\"und\"],\"articleSection\":[\"Deutschland\",\"Russland\"],\"inLanguage\":\"de\",\"potentialAction\":[{\"@type\":\"CommentAction\",\"name\":\"Comment\",\"target\":[\"https:\/\/now-news.de\/de\/deutschland\/mythen-und-realitaeten-der-energiewende-auch-in-suedamerika\/#respond\"]}]},{\"@type\":\"WebPage\",\"@id\":\"https:\/\/now-news.de\/de\/deutschland\/mythen-und-realitaeten-der-energiewende-auch-in-suedamerika\/\",\"url\":\"https:\/\/now-news.de\/de\/deutschland\/mythen-und-realitaeten-der-energiewende-auch-in-suedamerika\/\",\"name\":\"Mythen und Realit\u00e4ten der Energiewende \u2013 auch in S\u00fcdamerika - just-now.NEWS Deutschland\",\"isPartOf\":{\"@id\":\"https:\/\/now-news.de\/de\/#website\"},\"primaryImageOfPage\":{\"@id\":\"https:\/\/now-news.de\/de\/deutschland\/mythen-und-realitaeten-der-energiewende-auch-in-suedamerika\/#primaryimage\"},\"image\":{\"@id\":\"https:\/\/now-news.de\/de\/deutschland\/mythen-und-realitaeten-der-energiewende-auch-in-suedamerika\/#primaryimage\"},\"thumbnailUrl\":\"https:\/\/now-news.de\/de\/wp-content\/uploads\/sites\/3\/2022\/10\/Mythen-und-Realitaeten-der-Energiewende-\u2013-auch-in-Suedamerika.jpeg\",\"datePublished\":\"2022-10-30T21:28:12+00:00\",\"dateModified\":\"2022-10-30T21:28:12+00:00\",\"breadcrumb\":{\"@id\":\"https:\/\/now-news.de\/de\/deutschland\/mythen-und-realitaeten-der-energiewende-auch-in-suedamerika\/#breadcrumb\"},\"inLanguage\":\"de\",\"potentialAction\":[{\"@type\":\"ReadAction\",\"target\":[\"https:\/\/now-news.de\/de\/deutschland\/mythen-und-realitaeten-der-energiewende-auch-in-suedamerika\/\"]}]},{\"@type\":\"ImageObject\",\"inLanguage\":\"de\",\"@id\":\"https:\/\/now-news.de\/de\/deutschland\/mythen-und-realitaeten-der-energiewende-auch-in-suedamerika\/#primaryimage\",\"url\":\"https:\/\/now-news.de\/de\/wp-content\/uploads\/sites\/3\/2022\/10\/Mythen-und-Realitaeten-der-Energiewende-\u2013-auch-in-Suedamerika.jpeg\",\"contentUrl\":\"https:\/\/now-news.de\/de\/wp-content\/uploads\/sites\/3\/2022\/10\/Mythen-und-Realitaeten-der-Energiewende-\u2013-auch-in-Suedamerika.jpeg\",\"width\":460,\"height\":259,\"caption\":\"Mythen und Realit\u00e4ten der Energiewende \u2013 auch in S\u00fcdamerika\"},{\"@type\":\"BreadcrumbList\",\"@id\":\"https:\/\/now-news.de\/de\/deutschland\/mythen-und-realitaeten-der-energiewende-auch-in-suedamerika\/#breadcrumb\",\"itemListElement\":[{\"@type\":\"ListItem\",\"position\":1,\"name\":\"Home\",\"item\":\"https:\/\/now-news.de\/de\/\"},{\"@type\":\"ListItem\",\"position\":2,\"name\":\"Mythen und Realit\u00e4ten der Energiewende \u2013 auch in S\u00fcdamerika\"}]},{\"@type\":\"WebSite\",\"@id\":\"https:\/\/now-news.de\/de\/#website\",\"url\":\"https:\/\/now-news.de\/de\/\",\"name\":\"just-now.NEWS Deutschland\",\"description\":\"Das Portal f\u00fcr unzensierte Nachrichten aus der Welt\",\"publisher\":{\"@id\":\"https:\/\/now-news.de\/de\/#organization\"},\"potentialAction\":[{\"@type\":\"SearchAction\",\"target\":{\"@type\":\"EntryPoint\",\"urlTemplate\":\"https:\/\/now-news.de\/de\/?s={search_term_string}\"},\"query-input\":\"required name=search_term_string\"}],\"inLanguage\":\"de\"},{\"@type\":\"Organization\",\"@id\":\"https:\/\/now-news.de\/de\/#organization\",\"name\":\"Just Now News\",\"url\":\"https:\/\/now-news.de\/de\/\",\"logo\":{\"@type\":\"ImageObject\",\"inLanguage\":\"de\",\"@id\":\"https:\/\/now-news.de\/de\/#\/schema\/logo\/image\/\",\"url\":\"http:\/\/just-now.news\/de\/wp-content\/uploads\/sites\/3\/2022\/04\/logo500x500.jpg\",\"contentUrl\":\"http:\/\/just-now.news\/de\/wp-content\/uploads\/sites\/3\/2022\/04\/logo500x500.jpg\",\"width\":500,\"height\":500,\"caption\":\"Just Now News\"},\"image\":{\"@id\":\"https:\/\/now-news.de\/de\/#\/schema\/logo\/image\/\"},\"sameAs\":[\"https:\/\/www.facebook.com\/wirmachenauf\",\"https:\/\/x.com\/WirMachenAuf_de\"]},{\"@type\":\"Person\",\"@id\":\"https:\/\/now-news.de\/de\/#\/schema\/person\/fb534a4e865501d8b3285208df34a9b5\",\"name\":\"rtnews\",\"image\":{\"@type\":\"ImageObject\",\"inLanguage\":\"de\",\"@id\":\"https:\/\/now-news.de\/de\/#\/schema\/person\/image\/\",\"url\":\"https:\/\/secure.gravatar.com\/avatar\/82aafea7d8127119dd649515f56e2117?s=96&d=mm&r=g\",\"contentUrl\":\"https:\/\/secure.gravatar.com\/avatar\/82aafea7d8127119dd649515f56e2117?s=96&d=mm&r=g\",\"caption\":\"rtnews\"},\"url\":\"https:\/\/now-news.de\/de\/author\/rnews\/\"}]}<\/script>\n<!-- \/ Yoast SEO Premium plugin. -->","yoast_head_json":{"title":"Mythen und Realit\u00e4ten der Energiewende \u2013 auch in S\u00fcdamerika - just-now.NEWS Deutschland","robots":{"index":"index","follow":"follow","max-snippet":"max-snippet:-1","max-image-preview":"max-image-preview:large","max-video-preview":"max-video-preview:-1"},"canonical":"https:\/\/now-news.de\/de\/deutschland\/mythen-und-realitaeten-der-energiewende-auch-in-suedamerika\/","og_locale":"de_DE","og_type":"article","og_title":"Mythen und Realit\u00e4ten der Energiewende \u2013 auch in S\u00fcdamerika","og_description":"Die Euphorie hinsichtlich des &#8220;gr\u00fcnen&#8221; Wasserstoffs und der erneuerbaren Energien greift auch in S\u00fcdamerika um sich. Doch deren Herstellung und Verbrauch als Ersatz f\u00fcr die fossilen Brennstoffe bergen Gefahren in sich, die die Klimakatastrophe noch vergr\u00f6\u00dfern k\u00f6nnen. Eine Analyse von Victor L. Bacchetta In S\u00fcdamerika plant besonders Chile mit seinen geografischen Vorteilen hinsichtlich der Erzeugung [&hellip;]","og_url":"https:\/\/now-news.de\/de\/deutschland\/mythen-und-realitaeten-der-energiewende-auch-in-suedamerika\/","og_site_name":"just-now.NEWS Deutschland","article_publisher":"https:\/\/www.facebook.com\/wirmachenauf","article_published_time":"2022-10-30T21:28:12+00:00","og_image":[{"width":460,"height":259,"url":"https:\/\/now-news.de\/de\/wp-content\/uploads\/sites\/3\/2022\/10\/Mythen-und-Realitaeten-der-Energiewende-\u2013-auch-in-Suedamerika.jpeg","type":"image\/jpeg"}],"author":"rtnews","twitter_card":"summary_large_image","twitter_creator":"@WirMachenAuf_de","twitter_site":"@WirMachenAuf_de","twitter_misc":{"Verfasst von":"rtnews","Gesch\u00e4tzte Lesezeit":"5\u00a0Minuten"},"schema":{"@context":"https:\/\/schema.org","@graph":[{"@type":"Article","@id":"https:\/\/now-news.de\/de\/deutschland\/mythen-und-realitaeten-der-energiewende-auch-in-suedamerika\/#article","isPartOf":{"@id":"https:\/\/now-news.de\/de\/deutschland\/mythen-und-realitaeten-der-energiewende-auch-in-suedamerika\/"},"author":{"name":"rtnews","@id":"https:\/\/now-news.de\/de\/#\/schema\/person\/fb534a4e865501d8b3285208df34a9b5"},"headline":"Mythen und Realit\u00e4ten der Energiewende \u2013 auch in S\u00fcdamerika","datePublished":"2022-10-30T21:28:12+00:00","dateModified":"2022-10-30T21:28:12+00:00","mainEntityOfPage":{"@id":"https:\/\/now-news.de\/de\/deutschland\/mythen-und-realitaeten-der-energiewende-auch-in-suedamerika\/"},"wordCount":1034,"commentCount":0,"publisher":{"@id":"https:\/\/now-news.de\/de\/#organization"},"image":{"@id":"https:\/\/now-news.de\/de\/deutschland\/mythen-und-realitaeten-der-energiewende-auch-in-suedamerika\/#primaryimage"},"thumbnailUrl":"https:\/\/now-news.de\/de\/wp-content\/uploads\/sites\/3\/2022\/10\/Mythen-und-Realitaeten-der-Energiewende-\u2013-auch-in-Suedamerika.jpeg","keywords":["auch","der","Energiewende","Mythen","Realit\u00e4ten","S\u00fcdamerika","und"],"articleSection":["Deutschland","Russland"],"inLanguage":"de","potentialAction":[{"@type":"CommentAction","name":"Comment","target":["https:\/\/now-news.de\/de\/deutschland\/mythen-und-realitaeten-der-energiewende-auch-in-suedamerika\/#respond"]}]},{"@type":"WebPage","@id":"https:\/\/now-news.de\/de\/deutschland\/mythen-und-realitaeten-der-energiewende-auch-in-suedamerika\/","url":"https:\/\/now-news.de\/de\/deutschland\/mythen-und-realitaeten-der-energiewende-auch-in-suedamerika\/","name":"Mythen und Realit\u00e4ten der Energiewende \u2013 auch in S\u00fcdamerika - just-now.NEWS Deutschland","isPartOf":{"@id":"https:\/\/now-news.de\/de\/#website"},"primaryImageOfPage":{"@id":"https:\/\/now-news.de\/de\/deutschland\/mythen-und-realitaeten-der-energiewende-auch-in-suedamerika\/#primaryimage"},"image":{"@id":"https:\/\/now-news.de\/de\/deutschland\/mythen-und-realitaeten-der-energiewende-auch-in-suedamerika\/#primaryimage"},"thumbnailUrl":"https:\/\/now-news.de\/de\/wp-content\/uploads\/sites\/3\/2022\/10\/Mythen-und-Realitaeten-der-Energiewende-\u2013-auch-in-Suedamerika.jpeg","datePublished":"2022-10-30T21:28:12+00:00","dateModified":"2022-10-30T21:28:12+00:00","breadcrumb":{"@id":"https:\/\/now-news.de\/de\/deutschland\/mythen-und-realitaeten-der-energiewende-auch-in-suedamerika\/#breadcrumb"},"inLanguage":"de","potentialAction":[{"@type":"ReadAction","target":["https:\/\/now-news.de\/de\/deutschland\/mythen-und-realitaeten-der-energiewende-auch-in-suedamerika\/"]}]},{"@type":"ImageObject","inLanguage":"de","@id":"https:\/\/now-news.de\/de\/deutschland\/mythen-und-realitaeten-der-energiewende-auch-in-suedamerika\/#primaryimage","url":"https:\/\/now-news.de\/de\/wp-content\/uploads\/sites\/3\/2022\/10\/Mythen-und-Realitaeten-der-Energiewende-\u2013-auch-in-Suedamerika.jpeg","contentUrl":"https:\/\/now-news.de\/de\/wp-content\/uploads\/sites\/3\/2022\/10\/Mythen-und-Realitaeten-der-Energiewende-\u2013-auch-in-Suedamerika.jpeg","width":460,"height":259,"caption":"Mythen und Realit\u00e4ten der Energiewende \u2013 auch in S\u00fcdamerika"},{"@type":"BreadcrumbList","@id":"https:\/\/now-news.de\/de\/deutschland\/mythen-und-realitaeten-der-energiewende-auch-in-suedamerika\/#breadcrumb","itemListElement":[{"@type":"ListItem","position":1,"name":"Home","item":"https:\/\/now-news.de\/de\/"},{"@type":"ListItem","position":2,"name":"Mythen und Realit\u00e4ten der Energiewende \u2013 auch in S\u00fcdamerika"}]},{"@type":"WebSite","@id":"https:\/\/now-news.de\/de\/#website","url":"https:\/\/now-news.de\/de\/","name":"just-now.NEWS Deutschland","description":"Das Portal f\u00fcr unzensierte Nachrichten aus der Welt","publisher":{"@id":"https:\/\/now-news.de\/de\/#organization"},"potentialAction":[{"@type":"SearchAction","target":{"@type":"EntryPoint","urlTemplate":"https:\/\/now-news.de\/de\/?s={search_term_string}"},"query-input":"required name=search_term_string"}],"inLanguage":"de"},{"@type":"Organization","@id":"https:\/\/now-news.de\/de\/#organization","name":"Just Now News","url":"https:\/\/now-news.de\/de\/","logo":{"@type":"ImageObject","inLanguage":"de","@id":"https:\/\/now-news.de\/de\/#\/schema\/logo\/image\/","url":"http:\/\/just-now.news\/de\/wp-content\/uploads\/sites\/3\/2022\/04\/logo500x500.jpg","contentUrl":"http:\/\/just-now.news\/de\/wp-content\/uploads\/sites\/3\/2022\/04\/logo500x500.jpg","width":500,"height":500,"caption":"Just Now News"},"image":{"@id":"https:\/\/now-news.de\/de\/#\/schema\/logo\/image\/"},"sameAs":["https:\/\/www.facebook.com\/wirmachenauf","https:\/\/x.com\/WirMachenAuf_de"]},{"@type":"Person","@id":"https:\/\/now-news.de\/de\/#\/schema\/person\/fb534a4e865501d8b3285208df34a9b5","name":"rtnews","image":{"@type":"ImageObject","inLanguage":"de","@id":"https:\/\/now-news.de\/de\/#\/schema\/person\/image\/","url":"https:\/\/secure.gravatar.com\/avatar\/82aafea7d8127119dd649515f56e2117?s=96&d=mm&r=g","contentUrl":"https:\/\/secure.gravatar.com\/avatar\/82aafea7d8127119dd649515f56e2117?s=96&d=mm&r=g","caption":"rtnews"},"url":"https:\/\/now-news.de\/de\/author\/rnews\/"}]}},"_links":{"self":[{"href":"https:\/\/now-news.de\/de\/wp-json\/wp\/v2\/posts\/22079"}],"collection":[{"href":"https:\/\/now-news.de\/de\/wp-json\/wp\/v2\/posts"}],"about":[{"href":"https:\/\/now-news.de\/de\/wp-json\/wp\/v2\/types\/post"}],"author":[{"embeddable":true,"href":"https:\/\/now-news.de\/de\/wp-json\/wp\/v2\/users\/3"}],"replies":[{"embeddable":true,"href":"https:\/\/now-news.de\/de\/wp-json\/wp\/v2\/comments?post=22079"}],"version-history":[{"count":0,"href":"https:\/\/now-news.de\/de\/wp-json\/wp\/v2\/posts\/22079\/revisions"}],"wp:featuredmedia":[{"embeddable":true,"href":"https:\/\/now-news.de\/de\/wp-json\/wp\/v2\/media\/22080"}],"wp:attachment":[{"href":"https:\/\/now-news.de\/de\/wp-json\/wp\/v2\/media?parent=22079"}],"wp:term":[{"taxonomy":"category","embeddable":true,"href":"https:\/\/now-news.de\/de\/wp-json\/wp\/v2\/categories?post=22079"},{"taxonomy":"post_tag","embeddable":true,"href":"https:\/\/now-news.de\/de\/wp-json\/wp\/v2\/tags?post=22079"}],"curies":[{"name":"wp","href":"https:\/\/api.w.org\/{rel}","templated":true}]}}