{"id":22063,"date":"2022-10-30T17:35:29","date_gmt":"2022-10-30T15:35:29","guid":{"rendered":"http:\/\/just-now.news\/de\/deutschland\/untaetigkeit-joe-biden-hat-die-nukleare-aufruestung-nordkoreas-ermoeglicht\/"},"modified":"2022-10-30T17:35:29","modified_gmt":"2022-10-30T15:35:29","slug":"untaetigkeit-joe-biden-hat-die-nukleare-aufruestung-nordkoreas-ermoeglicht","status":"publish","type":"post","link":"https:\/\/now-news.de\/de\/deutschland\/untaetigkeit-joe-biden-hat-die-nukleare-aufruestung-nordkoreas-ermoeglicht\/","title":{"rendered":"Unt\u00e4tigkeit:  Joe Biden hat die nukleare Aufr\u00fcstung Nordkoreas erm\u00f6glicht"},"content":{"rendered":"<p><img decoding=\"async\" src=\"http:\/\/just-now.news\/de\/wp-content\/uploads\/sites\/3\/2022\/10\/6355628db480cc2e457f9d11.jpg\" \/><\/p>\n<div class=\"Text-root Text-type_1 \">\n                Der ehemalige US-Pr\u00e4sident Donald Trump hat die T\u00fcr zu einer m\u00f6glichen nuklearen Abr\u00fcstung von Nordkorea aufgesto\u00dfen. Aber mit dem Einzug der Administration von Joe Biden ins Wei\u00dfe Haus wurde diese T\u00fcr wieder zugeschlagen.\n            <\/div>\n<p><\/p>\n<div class=\"Text-root Text-type_5 ArticleView-text ViewText-root \">\n<p><em>Von Scott Ritter<\/em><\/p>\n<p>Der nordkoreanische Staatsf\u00fchrer Kim Jong-un hat k\u00fcrzlich ein Gesetz unterzeichnet, in dem das Atomwaffenprogramm der koreanischen Nation kodifiziert und damit die T\u00fcr f\u00fcr die M\u00f6glichkeit einer nuklearen Abr\u00fcstung zugeschlagen wurde, die w\u00e4hrend der Amtszeit des ehemaligen US-Pr\u00e4sidenten Donald Trump ge\u00f6ffnet worden war.<\/p>\n<p>W\u00e4hrend s\u00fcdkoreanische Staatsbeamte darauf hinwiesen, dass sie diesen Schritt vorausgesehen haben, ist es eine Tatsache, dass Pj\u00f6ngjangs Entscheidung die strategische Realit\u00e4t im Pazifik grundlegend ver\u00e4ndert hat. Jeder potenzielle Konflikt mit Nordkorea tr\u00e4gt nun die Gewissheit in sich, dass Atomwaffen gegen S\u00fcdkorea, Japan und die Vereinigten Staaten eingesetzt werden k\u00f6nnten. Das wiederum f\u00fchrte zu Drohungen des s\u00fcdkoreanischen Verteidigungsministeriums an den n\u00f6rdlichen Nachbarn, dass dieser mit einer solchen Handlung den &#8220;Pfad der Selbstzerst\u00f6rung betreten&#8221; w\u00fcrde.<\/p>\n<p>W\u00e4hrend es keinen Zweifel dar\u00fcber gibt, dass jeder Einsatz nordkoreanischer Atomwaffen eine verheerende Reaktion seitens der Vereinigten Staaten ausl\u00f6sen w\u00fcrde, kann die amerikanische nukleare Rache den zig Millionen S\u00fcdkoreanern, Japanern und amerikanischen B\u00fcrgern wenig Trost bieten. Deren Leben w\u00fcrde infolge einer derartigen Eskalation ziemlich wahrscheinlich beendet werden. Die B\u00fcrger von S\u00fcdkorea, Japan und der Vereinigten Staaten m\u00fcssen \u00fcber diese neue Realit\u00e4t nachdenken und sich fragen, wie diese Situation \u00fcberhaupt entstehen konnte. Nun, die Schuld liegt am Ende beim derzeitigen US-Pr\u00e4sidenten Joe Biden und dessen Regierung.<\/p>\n<p>Als Bidens Vorg\u00e4nger Donald Trump sein Amt antrat, wurde er mit einer Reihe von politischen Realit\u00e4ten konfrontiert, die eher stagnierend als dynamisch waren. Dazu geh\u00f6rten unter anderem der Status der NATO, die Umsetzung des Atomabkommens mit Iran, die R\u00fcstungskontrolle zwischen den USA und Russland, die anhaltende US-Milit\u00e4rpr\u00e4senz in Afghanistan und die Frage der Atomwaffen Nordkoreas.<\/p>\n<p>Trump bastelte an einigen dieser Probleme herum. Hervorzuheben ist seine Entscheidung, sowohl das Atomabkommen mit Iran als auch den INF-Vertrag \u00fcber nukleare Mittelstreckensysteme in Europa aufzuk\u00fcndigen. Andere politische Initiativen, wie die Forderung an die NATO-Mitglieder, ihren Anteil an den Kosten der kollektiven Verteidigung beizutragen, oder der Beginn des R\u00fcckzugs aus Afghanistan, wurden vom US-Establishment als h\u00f6chst umstritten angesehen.<\/p>\n<p>Dasselbe gilt f\u00fcr die mutige Initiative Donald Trumps, direkt mit dem nordkoreanischen Staatsoberhaupt Kim Jong-un \u00fcber die Frage der nuklearen Abr\u00fcstung Nordkoreas zusammenzuarbeiten. W\u00e4hrend Trump seine Haltung gegen\u00fcber der NATO schlie\u00dflich revidierte und sich bis zum Ende seiner Pr\u00e4sidentschaft mit der Anordnung eines R\u00fcckzugs aus Afghanistan zur\u00fcckhielt, wurde die nordkoreanische Initiative seit Beginn der Amtszeit von Donald Trump konsequent umgesetzt.<\/p>\n<p>Zu Beginn seiner Amtszeit drohte Donald Trump Nordkorea mit &#8220;Feuer und Fegefeuer&#8221;, sollte das Land die Vereinigten Staaten mit einer nuklear bewaffneten Rakete bedrohen, und verspottete Kim Jong-un als &#8220;The Little Rocket Man&#8221; \u2013 den kleinen Raketenmann. Aber die in S\u00fcdkorea ausgerichteten Olympischen Winterspiele \u00f6ffneten die T\u00fcr f\u00fcr eine positivere Interaktion zwischen Nordkorea, S\u00fcdkorea und den Vereinigten Staaten. Im April 2018 entsandte Trump den damaligen CIA-Direktor Mike Pompeo zu einem geheimen Besuch nach Nordkorea, dessen Zweck darin bestand, ein Gipfeltreffen zwischen Trump und Kim Jong-un vorzubereiten.<\/p>\n<p>Unmittelbar nach dem Besuch von Pompeo k\u00fcndigte Kim Jong-un die Schlie\u00dfung des Atomtestgel\u00e4ndes des Landes und die Einstellung der Tests mit ballistischen Langstreckenraketen an, um zu verdeutlichen, dass seine Regierung die Debatte \u00fcber die nukleare Abr\u00fcstung Nordkoreas ernst nimmt. Diese Ma\u00dfnahme des guten Willens trug dazu bei, den Weg f\u00fcr ein Gipfeltreffen zwischen Trump und Kim Jong-un im darauffolgenden Juni in Singapur zu ebnen, woraufhin Trump optimistisch einen Tweet absonderte, in dem es hie\u00df, dass es &#8220;keine nukleare Bedrohung mehr aus Nordkorea gibt&#8221;. Damit sei das Land laut Trump nicht mehr Amerikas &#8220;gr\u00f6\u00dftes und gef\u00e4hrlichstes Problem&#8221;, wie es noch unter Pr\u00e4sident Barak Obama der Fall war. &#8220;Schlaft gut heute Nacht!&#8221;, schrieb Trump an das amerikanische Volk.<\/p>\n<p>Der Erfolg des Gipfeltreffens ins Singapur f\u00fchrte im Februar 2018 zu einem Folgetreffen in Hanoi. Erwartet wurde, dass Trump und Kim Jong-un, im Gegenzug f\u00fcr den vollst\u00e4ndigen R\u00fcckbau der riesigen Nuklearanlage in Ny\u014fngby\u014fn, ein Abkommen unterzeichnen w\u00fcrden, das die Sanktionen gegen Nordkorea teilweise aufhebt. W\u00e4hrend Nordkorea bereit war, ein Abkommen zu unterzeichnen, das einen schrittweisen Ansatz f\u00fcr seine vollst\u00e4ndige nukleare Abr\u00fcstung vorsah, bestanden Trumps engste Berater darauf, dass Nordkorea sich erst zu einer vollst\u00e4ndigen Abr\u00fcstung verpflichten m\u00fcsse, um im Anschluss von den Sanktionen entbunden werden zu k\u00f6nnen. Der Hanoi-Gipfel endete ohne Einigung und Nordkorea f\u00fchlte sich von der Trump-Regierung hinters Licht gef\u00fchrt.<\/p>\n<p>Im Juni 2019 unternahm Trump einen letzten verzweifelten Versuch, den Dialog \u00fcber die nukleare Abr\u00fcstung mit Nordkorea in Gang zu bringen. Er traf sich mit Kim Jong-un an der demilitarisierten Zone und \u00fcberschritt die Demarkationslinie, die Nord- und S\u00fcdkorea trennt. Damit wurde er zum ersten amtierenden US-Pr\u00e4sidenten, der einen Fu\u00df auf nordkoreanischen Boden setzte.<\/p>\n<p>Aber Trumps politischer Mut wurde von seiner eigenen Regierung nicht unterst\u00fctzt, da Hardliner, wie der damalige Nationale Sicherheitsberater John Bolton und Au\u00dfenminister Mike Pompeo, jede Chance auf eine Einigung untergruben, indem sie auf politischen Positionen beharrten, von denen sie wussten, dass sie f\u00fcr Nordkorea inakzeptabel waren. Trump beendete seine Amtszeit mit dem ungenutzten Potenzial einer nuklearer Abr\u00fcstung Nordkoreas.<\/p>\n<p>Aber das Vorhaben war nicht g\u00e4nzlich tot. Die nordkoreanische F\u00fchrung lie\u00df die T\u00fcr f\u00fcr m\u00f6gliche weitere Verhandlungen offen und hielt vorerst an ihrer Zusage fest, keine Atomwaffen oder Interkontinentalraketen zu testen. Aber im Laufe der anderthalbj\u00e4hrigen Amtszeit von Pr\u00e4sident Joe Biden haben die USA keine nennenswerten Anstrengungen unternommen, sich wieder mit Kim Jong-un zu besch\u00e4ftigen. Diese Vernachl\u00e4ssigung ebnete den Weg f\u00fcr Kim Jong-uns Entscheidung, die T\u00fcr zu Gespr\u00e4chen \u00fcber eine nukleare Abr\u00fcstung dauerhaft zu schlie\u00dfen und Nordkoreas nukleares Arsenal als integrales und dauerhaftes Element seiner Verteidigung zu festigen, das pr\u00e4ventiv eingesetzt werden k\u00f6nnte, wenn Nordkorea eine direkte Bedrohung seiner Existenz feststellen sollte.<\/p>\n<p>Trump hat sich vielleicht \u00fcbernommen, als er sagte, Amerikaner, Japaner und S\u00fcdkoreaner k\u00f6nnten nun &#8220;ruhig schlafen&#8221;. Aber es sind Biden und seine Administration, die daf\u00fcr gesorgt haben, dass sie es nicht k\u00f6nnen.<\/p>\n<p><em>Aus dem <a rel=\"nofollow noopener\" target=\"_blank\" href=\"https:\/\/www.rt.com\/news\/562723-kim-north-korea-us-nuclear\/\">Englischen<\/a>.<\/em><\/p>\n<p><em>Scott Ritter ist ehemaliger Geheimdienstoffizier des US Marine Corps. Er diente in der Sowjetunion als Inspektor bei der Umsetzung des INF-Vertrags, im Stab von General Schwarzkopf w\u00e4hrend des Golfkriegs und von 1991 bis 1998 als UN-Waffeninspektor. Man kann ihm auf <a rel=\"nofollow noopener\" target=\"_blank\" href=\"https:\/\/t.me\/ScottRitter\">Telegram<\/a> folgen.<\/em><\/p>\n<p><strong>Mehr zum Thema<\/strong> &#8211;\u00a0<a rel=\"nofollow noopener\" target=\"_blank\" href=\"https:\/\/test.rtde.tech\/asien\/150917-us-flugzeugtrager-wieder-zu-ubungen\/\">US-Flugzeugtr\u00e4ger wieder zu \u00dcbungen in koreanischen Gew\u00e4ssern<\/a><em><\/em><\/p>\n<\/div>\n<p><br \/>\n<br \/><a href=\"https:\/\/de.rt.com\/meinung\/152327-untatigkeit-joe-biden-hat-nukleare\/\">Source link <\/a><\/p>\n","protected":false},"excerpt":{"rendered":"<p>Der ehemalige US-Pr\u00e4sident Donald Trump hat die T\u00fcr zu einer m\u00f6glichen nuklearen Abr\u00fcstung von Nordkorea aufgesto\u00dfen. Aber mit dem Einzug der Administration von Joe Biden ins Wei\u00dfe Haus wurde diese T\u00fcr wieder zugeschlagen. Von Scott Ritter Der nordkoreanische Staatsf\u00fchrer Kim Jong-un hat k\u00fcrzlich ein Gesetz unterzeichnet, in dem das Atomwaffenprogramm der koreanischen Nation kodifiziert und [&hellip;]<\/p>\n","protected":false},"author":3,"featured_media":22064,"comment_status":"open","ping_status":"open","sticky":false,"template":"","format":"standard","meta":{"wp_automatic_camp":["217"],"97da53ff4b1f82e25586691c7181c184":["Unt\u00e4tigkeit:  Joe Biden hat die nukleare Aufr\u00fcstung Nordkoreas erm\u00f6glicht"],"original_link":["https:\/\/de.rt.com\/meinung\/152327-untatigkeit-joe-biden-hat-nukleare\/"],"_thumbnail_id":["22064"],"_wptg_p2tg_sent2tg":["2022-10-30 17:47:26"],"jnews_social_counter_last_update":["1777252069"]},"categories":[19,23],"tags":[24790,1348,45,25998,423,2150,35093,18812,35092],"yoast_head":"<!-- This site is optimized with the Yoast SEO Premium plugin v22.7 (Yoast SEO v22.7) - https:\/\/yoast.com\/wordpress\/plugins\/seo\/ -->\n<title>Unt\u00e4tigkeit: Joe Biden hat die nukleare Aufr\u00fcstung Nordkoreas erm\u00f6glicht - just-now.NEWS Deutschland<\/title>\n<meta name=\"robots\" content=\"index, follow, max-snippet:-1, max-image-preview:large, max-video-preview:-1\" \/>\n<link rel=\"canonical\" href=\"https:\/\/now-news.de\/de\/deutschland\/untaetigkeit-joe-biden-hat-die-nukleare-aufruestung-nordkoreas-ermoeglicht\/\" \/>\n<meta property=\"og:locale\" content=\"de_DE\" \/>\n<meta property=\"og:type\" content=\"article\" \/>\n<meta property=\"og:title\" content=\"Unt\u00e4tigkeit: Joe Biden hat die nukleare Aufr\u00fcstung Nordkoreas erm\u00f6glicht\" \/>\n<meta property=\"og:description\" content=\"Der ehemalige US-Pr\u00e4sident Donald Trump hat die T\u00fcr zu einer m\u00f6glichen nuklearen Abr\u00fcstung von Nordkorea aufgesto\u00dfen. Aber mit dem Einzug der Administration von Joe Biden ins Wei\u00dfe Haus wurde diese T\u00fcr wieder zugeschlagen. Von Scott Ritter Der nordkoreanische Staatsf\u00fchrer Kim Jong-un hat k\u00fcrzlich ein Gesetz unterzeichnet, in dem das Atomwaffenprogramm der koreanischen Nation kodifiziert und [&hellip;]\" \/>\n<meta property=\"og:url\" content=\"https:\/\/now-news.de\/de\/deutschland\/untaetigkeit-joe-biden-hat-die-nukleare-aufruestung-nordkoreas-ermoeglicht\/\" \/>\n<meta property=\"og:site_name\" content=\"just-now.NEWS Deutschland\" \/>\n<meta property=\"article:publisher\" content=\"https:\/\/www.facebook.com\/wirmachenauf\" \/>\n<meta property=\"article:published_time\" content=\"2022-10-30T15:35:29+00:00\" \/>\n<meta property=\"og:image\" content=\"https:\/\/now-news.de\/de\/wp-content\/uploads\/sites\/3\/2022\/10\/Untaetigkeit-Joe-Biden-hat-die-nukleare-Aufruestung-Nordkoreas-ermoeglicht.jpg\" \/>\n\t<meta property=\"og:image:width\" content=\"460\" \/>\n\t<meta property=\"og:image:height\" content=\"259\" \/>\n\t<meta property=\"og:image:type\" content=\"image\/jpeg\" \/>\n<meta name=\"author\" content=\"rtnews\" \/>\n<meta name=\"twitter:card\" content=\"summary_large_image\" \/>\n<meta name=\"twitter:creator\" content=\"@WirMachenAuf_de\" \/>\n<meta name=\"twitter:site\" content=\"@WirMachenAuf_de\" \/>\n<meta name=\"twitter:label1\" content=\"Verfasst von\" \/>\n\t<meta name=\"twitter:data1\" content=\"rtnews\" \/>\n\t<meta name=\"twitter:label2\" content=\"Gesch\u00e4tzte Lesezeit\" \/>\n\t<meta name=\"twitter:data2\" content=\"6\u00a0Minuten\" \/>\n<script type=\"application\/ld+json\" class=\"yoast-schema-graph\">{\"@context\":\"https:\/\/schema.org\",\"@graph\":[{\"@type\":\"Article\",\"@id\":\"https:\/\/now-news.de\/de\/deutschland\/untaetigkeit-joe-biden-hat-die-nukleare-aufruestung-nordkoreas-ermoeglicht\/#article\",\"isPartOf\":{\"@id\":\"https:\/\/now-news.de\/de\/deutschland\/untaetigkeit-joe-biden-hat-die-nukleare-aufruestung-nordkoreas-ermoeglicht\/\"},\"author\":{\"name\":\"rtnews\",\"@id\":\"https:\/\/now-news.de\/de\/#\/schema\/person\/fb534a4e865501d8b3285208df34a9b5\"},\"headline\":\"Unt\u00e4tigkeit: Joe Biden hat die nukleare Aufr\u00fcstung Nordkoreas erm\u00f6glicht\",\"datePublished\":\"2022-10-30T15:35:29+00:00\",\"dateModified\":\"2022-10-30T15:35:29+00:00\",\"mainEntityOfPage\":{\"@id\":\"https:\/\/now-news.de\/de\/deutschland\/untaetigkeit-joe-biden-hat-die-nukleare-aufruestung-nordkoreas-ermoeglicht\/\"},\"wordCount\":1142,\"commentCount\":0,\"publisher\":{\"@id\":\"https:\/\/now-news.de\/de\/#organization\"},\"image\":{\"@id\":\"https:\/\/now-news.de\/de\/deutschland\/untaetigkeit-joe-biden-hat-die-nukleare-aufruestung-nordkoreas-ermoeglicht\/#primaryimage\"},\"thumbnailUrl\":\"https:\/\/now-news.de\/de\/wp-content\/uploads\/sites\/3\/2022\/10\/Untaetigkeit-Joe-Biden-hat-die-nukleare-Aufruestung-Nordkoreas-ermoeglicht.jpg\",\"keywords\":[\"Aufr\u00fcstung\",\"Biden\",\"die\",\"erm\u00f6glicht\",\"hat\",\"Joe\",\"Nordkoreas\",\"nukleare\",\"Unt\u00e4tigkeit\"],\"articleSection\":[\"Deutschland\",\"Russland\"],\"inLanguage\":\"de\",\"potentialAction\":[{\"@type\":\"CommentAction\",\"name\":\"Comment\",\"target\":[\"https:\/\/now-news.de\/de\/deutschland\/untaetigkeit-joe-biden-hat-die-nukleare-aufruestung-nordkoreas-ermoeglicht\/#respond\"]}]},{\"@type\":\"WebPage\",\"@id\":\"https:\/\/now-news.de\/de\/deutschland\/untaetigkeit-joe-biden-hat-die-nukleare-aufruestung-nordkoreas-ermoeglicht\/\",\"url\":\"https:\/\/now-news.de\/de\/deutschland\/untaetigkeit-joe-biden-hat-die-nukleare-aufruestung-nordkoreas-ermoeglicht\/\",\"name\":\"Unt\u00e4tigkeit: Joe Biden hat die nukleare Aufr\u00fcstung Nordkoreas erm\u00f6glicht - just-now.NEWS Deutschland\",\"isPartOf\":{\"@id\":\"https:\/\/now-news.de\/de\/#website\"},\"primaryImageOfPage\":{\"@id\":\"https:\/\/now-news.de\/de\/deutschland\/untaetigkeit-joe-biden-hat-die-nukleare-aufruestung-nordkoreas-ermoeglicht\/#primaryimage\"},\"image\":{\"@id\":\"https:\/\/now-news.de\/de\/deutschland\/untaetigkeit-joe-biden-hat-die-nukleare-aufruestung-nordkoreas-ermoeglicht\/#primaryimage\"},\"thumbnailUrl\":\"https:\/\/now-news.de\/de\/wp-content\/uploads\/sites\/3\/2022\/10\/Untaetigkeit-Joe-Biden-hat-die-nukleare-Aufruestung-Nordkoreas-ermoeglicht.jpg\",\"datePublished\":\"2022-10-30T15:35:29+00:00\",\"dateModified\":\"2022-10-30T15:35:29+00:00\",\"breadcrumb\":{\"@id\":\"https:\/\/now-news.de\/de\/deutschland\/untaetigkeit-joe-biden-hat-die-nukleare-aufruestung-nordkoreas-ermoeglicht\/#breadcrumb\"},\"inLanguage\":\"de\",\"potentialAction\":[{\"@type\":\"ReadAction\",\"target\":[\"https:\/\/now-news.de\/de\/deutschland\/untaetigkeit-joe-biden-hat-die-nukleare-aufruestung-nordkoreas-ermoeglicht\/\"]}]},{\"@type\":\"ImageObject\",\"inLanguage\":\"de\",\"@id\":\"https:\/\/now-news.de\/de\/deutschland\/untaetigkeit-joe-biden-hat-die-nukleare-aufruestung-nordkoreas-ermoeglicht\/#primaryimage\",\"url\":\"https:\/\/now-news.de\/de\/wp-content\/uploads\/sites\/3\/2022\/10\/Untaetigkeit-Joe-Biden-hat-die-nukleare-Aufruestung-Nordkoreas-ermoeglicht.jpg\",\"contentUrl\":\"https:\/\/now-news.de\/de\/wp-content\/uploads\/sites\/3\/2022\/10\/Untaetigkeit-Joe-Biden-hat-die-nukleare-Aufruestung-Nordkoreas-ermoeglicht.jpg\",\"width\":460,\"height\":259,\"caption\":\"Unt\u00e4tigkeit: Joe Biden hat die nukleare Aufr\u00fcstung Nordkoreas erm\u00f6glicht\"},{\"@type\":\"BreadcrumbList\",\"@id\":\"https:\/\/now-news.de\/de\/deutschland\/untaetigkeit-joe-biden-hat-die-nukleare-aufruestung-nordkoreas-ermoeglicht\/#breadcrumb\",\"itemListElement\":[{\"@type\":\"ListItem\",\"position\":1,\"name\":\"Home\",\"item\":\"https:\/\/now-news.de\/de\/\"},{\"@type\":\"ListItem\",\"position\":2,\"name\":\"Unt\u00e4tigkeit: Joe Biden hat die nukleare Aufr\u00fcstung Nordkoreas erm\u00f6glicht\"}]},{\"@type\":\"WebSite\",\"@id\":\"https:\/\/now-news.de\/de\/#website\",\"url\":\"https:\/\/now-news.de\/de\/\",\"name\":\"just-now.NEWS Deutschland\",\"description\":\"Das Portal f\u00fcr unzensierte Nachrichten aus der Welt\",\"publisher\":{\"@id\":\"https:\/\/now-news.de\/de\/#organization\"},\"potentialAction\":[{\"@type\":\"SearchAction\",\"target\":{\"@type\":\"EntryPoint\",\"urlTemplate\":\"https:\/\/now-news.de\/de\/?s={search_term_string}\"},\"query-input\":\"required name=search_term_string\"}],\"inLanguage\":\"de\"},{\"@type\":\"Organization\",\"@id\":\"https:\/\/now-news.de\/de\/#organization\",\"name\":\"Just Now News\",\"url\":\"https:\/\/now-news.de\/de\/\",\"logo\":{\"@type\":\"ImageObject\",\"inLanguage\":\"de\",\"@id\":\"https:\/\/now-news.de\/de\/#\/schema\/logo\/image\/\",\"url\":\"http:\/\/just-now.news\/de\/wp-content\/uploads\/sites\/3\/2022\/04\/logo500x500.jpg\",\"contentUrl\":\"http:\/\/just-now.news\/de\/wp-content\/uploads\/sites\/3\/2022\/04\/logo500x500.jpg\",\"width\":500,\"height\":500,\"caption\":\"Just Now News\"},\"image\":{\"@id\":\"https:\/\/now-news.de\/de\/#\/schema\/logo\/image\/\"},\"sameAs\":[\"https:\/\/www.facebook.com\/wirmachenauf\",\"https:\/\/x.com\/WirMachenAuf_de\"]},{\"@type\":\"Person\",\"@id\":\"https:\/\/now-news.de\/de\/#\/schema\/person\/fb534a4e865501d8b3285208df34a9b5\",\"name\":\"rtnews\",\"image\":{\"@type\":\"ImageObject\",\"inLanguage\":\"de\",\"@id\":\"https:\/\/now-news.de\/de\/#\/schema\/person\/image\/\",\"url\":\"https:\/\/secure.gravatar.com\/avatar\/82aafea7d8127119dd649515f56e2117?s=96&d=mm&r=g\",\"contentUrl\":\"https:\/\/secure.gravatar.com\/avatar\/82aafea7d8127119dd649515f56e2117?s=96&d=mm&r=g\",\"caption\":\"rtnews\"},\"url\":\"https:\/\/now-news.de\/de\/author\/rnews\/\"}]}<\/script>\n<!-- \/ Yoast SEO Premium plugin. -->","yoast_head_json":{"title":"Unt\u00e4tigkeit: Joe Biden hat die nukleare Aufr\u00fcstung Nordkoreas erm\u00f6glicht - just-now.NEWS Deutschland","robots":{"index":"index","follow":"follow","max-snippet":"max-snippet:-1","max-image-preview":"max-image-preview:large","max-video-preview":"max-video-preview:-1"},"canonical":"https:\/\/now-news.de\/de\/deutschland\/untaetigkeit-joe-biden-hat-die-nukleare-aufruestung-nordkoreas-ermoeglicht\/","og_locale":"de_DE","og_type":"article","og_title":"Unt\u00e4tigkeit: Joe Biden hat die nukleare Aufr\u00fcstung Nordkoreas erm\u00f6glicht","og_description":"Der ehemalige US-Pr\u00e4sident Donald Trump hat die T\u00fcr zu einer m\u00f6glichen nuklearen Abr\u00fcstung von Nordkorea aufgesto\u00dfen. Aber mit dem Einzug der Administration von Joe Biden ins Wei\u00dfe Haus wurde diese T\u00fcr wieder zugeschlagen. Von Scott Ritter Der nordkoreanische Staatsf\u00fchrer Kim Jong-un hat k\u00fcrzlich ein Gesetz unterzeichnet, in dem das Atomwaffenprogramm der koreanischen Nation kodifiziert und [&hellip;]","og_url":"https:\/\/now-news.de\/de\/deutschland\/untaetigkeit-joe-biden-hat-die-nukleare-aufruestung-nordkoreas-ermoeglicht\/","og_site_name":"just-now.NEWS Deutschland","article_publisher":"https:\/\/www.facebook.com\/wirmachenauf","article_published_time":"2022-10-30T15:35:29+00:00","og_image":[{"width":460,"height":259,"url":"https:\/\/now-news.de\/de\/wp-content\/uploads\/sites\/3\/2022\/10\/Untaetigkeit-Joe-Biden-hat-die-nukleare-Aufruestung-Nordkoreas-ermoeglicht.jpg","type":"image\/jpeg"}],"author":"rtnews","twitter_card":"summary_large_image","twitter_creator":"@WirMachenAuf_de","twitter_site":"@WirMachenAuf_de","twitter_misc":{"Verfasst von":"rtnews","Gesch\u00e4tzte Lesezeit":"6\u00a0Minuten"},"schema":{"@context":"https:\/\/schema.org","@graph":[{"@type":"Article","@id":"https:\/\/now-news.de\/de\/deutschland\/untaetigkeit-joe-biden-hat-die-nukleare-aufruestung-nordkoreas-ermoeglicht\/#article","isPartOf":{"@id":"https:\/\/now-news.de\/de\/deutschland\/untaetigkeit-joe-biden-hat-die-nukleare-aufruestung-nordkoreas-ermoeglicht\/"},"author":{"name":"rtnews","@id":"https:\/\/now-news.de\/de\/#\/schema\/person\/fb534a4e865501d8b3285208df34a9b5"},"headline":"Unt\u00e4tigkeit: Joe Biden hat die nukleare Aufr\u00fcstung Nordkoreas erm\u00f6glicht","datePublished":"2022-10-30T15:35:29+00:00","dateModified":"2022-10-30T15:35:29+00:00","mainEntityOfPage":{"@id":"https:\/\/now-news.de\/de\/deutschland\/untaetigkeit-joe-biden-hat-die-nukleare-aufruestung-nordkoreas-ermoeglicht\/"},"wordCount":1142,"commentCount":0,"publisher":{"@id":"https:\/\/now-news.de\/de\/#organization"},"image":{"@id":"https:\/\/now-news.de\/de\/deutschland\/untaetigkeit-joe-biden-hat-die-nukleare-aufruestung-nordkoreas-ermoeglicht\/#primaryimage"},"thumbnailUrl":"https:\/\/now-news.de\/de\/wp-content\/uploads\/sites\/3\/2022\/10\/Untaetigkeit-Joe-Biden-hat-die-nukleare-Aufruestung-Nordkoreas-ermoeglicht.jpg","keywords":["Aufr\u00fcstung","Biden","die","erm\u00f6glicht","hat","Joe","Nordkoreas","nukleare","Unt\u00e4tigkeit"],"articleSection":["Deutschland","Russland"],"inLanguage":"de","potentialAction":[{"@type":"CommentAction","name":"Comment","target":["https:\/\/now-news.de\/de\/deutschland\/untaetigkeit-joe-biden-hat-die-nukleare-aufruestung-nordkoreas-ermoeglicht\/#respond"]}]},{"@type":"WebPage","@id":"https:\/\/now-news.de\/de\/deutschland\/untaetigkeit-joe-biden-hat-die-nukleare-aufruestung-nordkoreas-ermoeglicht\/","url":"https:\/\/now-news.de\/de\/deutschland\/untaetigkeit-joe-biden-hat-die-nukleare-aufruestung-nordkoreas-ermoeglicht\/","name":"Unt\u00e4tigkeit: Joe Biden hat die nukleare Aufr\u00fcstung Nordkoreas erm\u00f6glicht - just-now.NEWS Deutschland","isPartOf":{"@id":"https:\/\/now-news.de\/de\/#website"},"primaryImageOfPage":{"@id":"https:\/\/now-news.de\/de\/deutschland\/untaetigkeit-joe-biden-hat-die-nukleare-aufruestung-nordkoreas-ermoeglicht\/#primaryimage"},"image":{"@id":"https:\/\/now-news.de\/de\/deutschland\/untaetigkeit-joe-biden-hat-die-nukleare-aufruestung-nordkoreas-ermoeglicht\/#primaryimage"},"thumbnailUrl":"https:\/\/now-news.de\/de\/wp-content\/uploads\/sites\/3\/2022\/10\/Untaetigkeit-Joe-Biden-hat-die-nukleare-Aufruestung-Nordkoreas-ermoeglicht.jpg","datePublished":"2022-10-30T15:35:29+00:00","dateModified":"2022-10-30T15:35:29+00:00","breadcrumb":{"@id":"https:\/\/now-news.de\/de\/deutschland\/untaetigkeit-joe-biden-hat-die-nukleare-aufruestung-nordkoreas-ermoeglicht\/#breadcrumb"},"inLanguage":"de","potentialAction":[{"@type":"ReadAction","target":["https:\/\/now-news.de\/de\/deutschland\/untaetigkeit-joe-biden-hat-die-nukleare-aufruestung-nordkoreas-ermoeglicht\/"]}]},{"@type":"ImageObject","inLanguage":"de","@id":"https:\/\/now-news.de\/de\/deutschland\/untaetigkeit-joe-biden-hat-die-nukleare-aufruestung-nordkoreas-ermoeglicht\/#primaryimage","url":"https:\/\/now-news.de\/de\/wp-content\/uploads\/sites\/3\/2022\/10\/Untaetigkeit-Joe-Biden-hat-die-nukleare-Aufruestung-Nordkoreas-ermoeglicht.jpg","contentUrl":"https:\/\/now-news.de\/de\/wp-content\/uploads\/sites\/3\/2022\/10\/Untaetigkeit-Joe-Biden-hat-die-nukleare-Aufruestung-Nordkoreas-ermoeglicht.jpg","width":460,"height":259,"caption":"Unt\u00e4tigkeit: Joe Biden hat die nukleare Aufr\u00fcstung Nordkoreas erm\u00f6glicht"},{"@type":"BreadcrumbList","@id":"https:\/\/now-news.de\/de\/deutschland\/untaetigkeit-joe-biden-hat-die-nukleare-aufruestung-nordkoreas-ermoeglicht\/#breadcrumb","itemListElement":[{"@type":"ListItem","position":1,"name":"Home","item":"https:\/\/now-news.de\/de\/"},{"@type":"ListItem","position":2,"name":"Unt\u00e4tigkeit: Joe Biden hat die nukleare Aufr\u00fcstung Nordkoreas erm\u00f6glicht"}]},{"@type":"WebSite","@id":"https:\/\/now-news.de\/de\/#website","url":"https:\/\/now-news.de\/de\/","name":"just-now.NEWS Deutschland","description":"Das Portal f\u00fcr unzensierte Nachrichten aus der Welt","publisher":{"@id":"https:\/\/now-news.de\/de\/#organization"},"potentialAction":[{"@type":"SearchAction","target":{"@type":"EntryPoint","urlTemplate":"https:\/\/now-news.de\/de\/?s={search_term_string}"},"query-input":"required name=search_term_string"}],"inLanguage":"de"},{"@type":"Organization","@id":"https:\/\/now-news.de\/de\/#organization","name":"Just Now News","url":"https:\/\/now-news.de\/de\/","logo":{"@type":"ImageObject","inLanguage":"de","@id":"https:\/\/now-news.de\/de\/#\/schema\/logo\/image\/","url":"http:\/\/just-now.news\/de\/wp-content\/uploads\/sites\/3\/2022\/04\/logo500x500.jpg","contentUrl":"http:\/\/just-now.news\/de\/wp-content\/uploads\/sites\/3\/2022\/04\/logo500x500.jpg","width":500,"height":500,"caption":"Just Now News"},"image":{"@id":"https:\/\/now-news.de\/de\/#\/schema\/logo\/image\/"},"sameAs":["https:\/\/www.facebook.com\/wirmachenauf","https:\/\/x.com\/WirMachenAuf_de"]},{"@type":"Person","@id":"https:\/\/now-news.de\/de\/#\/schema\/person\/fb534a4e865501d8b3285208df34a9b5","name":"rtnews","image":{"@type":"ImageObject","inLanguage":"de","@id":"https:\/\/now-news.de\/de\/#\/schema\/person\/image\/","url":"https:\/\/secure.gravatar.com\/avatar\/82aafea7d8127119dd649515f56e2117?s=96&d=mm&r=g","contentUrl":"https:\/\/secure.gravatar.com\/avatar\/82aafea7d8127119dd649515f56e2117?s=96&d=mm&r=g","caption":"rtnews"},"url":"https:\/\/now-news.de\/de\/author\/rnews\/"}]}},"_links":{"self":[{"href":"https:\/\/now-news.de\/de\/wp-json\/wp\/v2\/posts\/22063"}],"collection":[{"href":"https:\/\/now-news.de\/de\/wp-json\/wp\/v2\/posts"}],"about":[{"href":"https:\/\/now-news.de\/de\/wp-json\/wp\/v2\/types\/post"}],"author":[{"embeddable":true,"href":"https:\/\/now-news.de\/de\/wp-json\/wp\/v2\/users\/3"}],"replies":[{"embeddable":true,"href":"https:\/\/now-news.de\/de\/wp-json\/wp\/v2\/comments?post=22063"}],"version-history":[{"count":0,"href":"https:\/\/now-news.de\/de\/wp-json\/wp\/v2\/posts\/22063\/revisions"}],"wp:featuredmedia":[{"embeddable":true,"href":"https:\/\/now-news.de\/de\/wp-json\/wp\/v2\/media\/22064"}],"wp:attachment":[{"href":"https:\/\/now-news.de\/de\/wp-json\/wp\/v2\/media?parent=22063"}],"wp:term":[{"taxonomy":"category","embeddable":true,"href":"https:\/\/now-news.de\/de\/wp-json\/wp\/v2\/categories?post=22063"},{"taxonomy":"post_tag","embeddable":true,"href":"https:\/\/now-news.de\/de\/wp-json\/wp\/v2\/tags?post=22063"}],"curies":[{"name":"wp","href":"https:\/\/api.w.org\/{rel}","templated":true}]}}