{"id":2206,"date":"2022-04-21T17:36:00","date_gmt":"2022-04-21T18:36:00","guid":{"rendered":"http:\/\/just-now.news\/de\/usa\/das-weisse-haus-lobt-kamala-harris-umgang-mit-der-migrationskrise-da-die-grenzuebertritte-ein-22-jahres-hoch-erreichen-biden-unterstuetzt-harris-absolut-als-grenzzar\/"},"modified":"2022-04-21T17:36:00","modified_gmt":"2022-04-21T18:36:00","slug":"das-weisse-haus-lobt-kamala-harris-umgang-mit-der-migrationskrise-da-die-grenzuebertritte-ein-22-jahres-hoch-erreichen-biden-unterstuetzt-harris-absolut-als-grenzzar","status":"publish","type":"post","link":"https:\/\/now-news.de\/de\/usa\/das-weisse-haus-lobt-kamala-harris-umgang-mit-der-migrationskrise-da-die-grenzuebertritte-ein-22-jahres-hoch-erreichen-biden-unterstuetzt-harris-absolut-als-grenzzar\/","title":{"rendered":"Das Wei\u00dfe Haus lobt Kamala Harris\u2018 Umgang mit der Migrationskrise, da die Grenz\u00fcbertritte ein 22-Jahres-Hoch erreichen: Biden unterst\u00fctzt Harris \u201eabsolut\u201c als Grenzzar"},"content":{"rendered":"<div class=\"entry-content\">\n<p><\/p>\n<p>Eine Mehrheit der Amerikaner m\u00f6chte, dass Joe Biden die durchl\u00e4ssige S\u00fcdgrenze mit einer h\u00e4rteren Einwanderungspolitik sichert.  Doch der Wille des amerikanischen Volkes st\u00f6\u00dft unter dem Biden-Regime auf taube Ohren.<\/p>\n<p>Der Zoll- und Grenzschutz traf im M\u00e4rz auf 221.2020 Migranten, die illegal die S\u00fcdgrenze \u00fcberquerten, was ein 22-Jahres-Hoch markiert, da die Biden-Regierung eine beispiellose Anzahl von Grenzg\u00e4ngern und illegalen Ausl\u00e4ndern in das Innere der USA entl\u00e4sst.<\/p>\n<div id=\"IC1-ad\" class=\"sponsor IC1\">\n<p class=\"ad-notice flipboard-remove\" fl:fl-noexcerpt=\"true\">Werbung \u2013 die Geschichte geht unten weiter<\/p>\n<div id=\"IC1\">\n<script>\n\t\t\t\t\tif( FFADS.units.IC1 && FFADS.units.IC1.ad_type == 'custom' && FFADS.units.IC1.custom_ads && ! getCookie( 'ff_subbed' ) ) {\n\t\t\t\t\t\tdocument.getElementById( 'IC1' ).innerHTML = FFADS.units.IC1.custom_ads[0].code;\n\t\t\t\t\t\tif( ! FFADS.units.IC1.lazy_load ) eval( FFADS.units.IC1.custom_ads[0].rendering_script );\n\t\t\t\t\t}\n\t\t\t\t\telse if( FFADS.units.IC1 && ! getCookie( 'ff_subbed' ) ) {\n\t\t\t\t\t\tif( 'IC' != 'SB' && 'IC' != 'SA' && FFADS.use_fixed_containers ) {\n\t\t\t\t\t\t\tlet max_wh = firefly_size_list_to_max_wh( FFADS.units.IC1.sizes );\n\t\t\t\t\t\t\tlet el = document.querySelector( '#IC1' );\n\t\t\t\t\t\t\tif( 'IC' != 'SA' && FFADS.slide_pixels ) {\n\t\t\t\t\t\t\t\tmax_wh[1] += parseInt( FFADS.slide_pixels );\n\t\t\t\t\t\t\t\tel.classList.add( 'sliding' );\n\t\t\t\t\t\t\t}\n\t\t\t\t\t\t\tel.style.width = max_wh[0] + 'px';\n\t\t\t\t\t\t\tel.style.height = max_wh[1] + 'px';\n\t\t\t\t\t\t\tel.classList.add( 'fixed-size' );\n\t\t\t\t\t\t}\n\t\t\t\t\t\tgoogletag.cmd.push( function() {\n\t\t\t\t\t\t\tFFADS.debug( 'googletag.displaying IC1' );\n\t\t\t\t\t\t\tgoogletag.display( 'IC1' );\n\t\t\t\t\t\t} );\n\t\t\t\t\t}\n\t\t\t\t\telse {\n\t\t\t\t\t\tdocument.querySelector( '#IC1-ad' ).style.display = 'none';}\n\t\t\t\t<\/script><\/div>\n<\/div>\n<p>Das Heimatschutzministerium warnt davor, dass bis zu 18.000 Migranten pro Tag \u00fcber die S\u00fcdgrenze str\u00f6men werden, wenn Titel 42 widerrufen wird.<\/p>\n<p>Aber die Biden-Regierung hat keine Pl\u00e4ne, den Anstieg der illegalen Massenmigration zu stoppen.<\/p>\n<p><script>\n\t\t\t\t\tif( ! getCookie( 'ff_subbed' ) ) if( typeof FFADS.replace_ict != 'undefined' ) if( FFADS.replace_ict ) eval( FFADS.replace_ict );\n\t\t\t\t<\/script><\/p>\n<p>Tats\u00e4chlich ist das Wei\u00dfe Haus von Biden \u201edankbar\u201c f\u00fcr die Arbeit, die Vizepr\u00e4sidentin Kamala Harris als Grenzzarin geleistet hat.<\/p>\n<blockquote class=\"twitter-tweet\" data-width=\"500\" data-dnt=\"true\">\n<p lang=\"en\" dir=\"ltr\">Jen Psaki sagt, Biden habe VOLLES VERTRAUEN in die F\u00e4higkeit von Kamala Harris, mit dem Chaos an der S\u00fcdgrenze fertig zu werden. <\/p>\n<p>\u201eEr ist dankbar f\u00fcr ihre Arbeit, genau das zu tun.\u201c <a rel=\"nofollow noopener\" target=\"_blank\" href=\"https:\/\/t.co\/S3DAeuwPcf\">pic.twitter.com\/S3DAeuwPcf<\/a><\/p>\n<p>\u2014 RNC-Forschung (@RNCResearch) <a rel=\"nofollow noopener\" target=\"_blank\" href=\"https:\/\/twitter.com\/RNCResearch\/status\/1516862096125972481?ref_src=twsrc%5Etfw\">20. April 2022<\/a><\/p>\n<\/blockquote>\n<p><script async src=\"https:\/\/platform.twitter.com\/widgets.js\" charset=\"utf-8\"><\/script><\/p>\n<div id=\"IC2-ad\" class=\"sponsor IC2\">\n<p class=\"ad-notice flipboard-remove\" fl:fl-noexcerpt=\"true\">Werbung \u2013 die Geschichte geht unten weiter<\/p>\n<div id=\"IC2\">\n<script>\n\t\t\t\t\tif( FFADS.units.IC2 && FFADS.units.IC2.ad_type == 'custom' && FFADS.units.IC2.custom_ads && ! getCookie( 'ff_subbed' ) ) {\n\t\t\t\t\t\tdocument.getElementById( 'IC2' ).innerHTML = FFADS.units.IC2.custom_ads[0].code;\n\t\t\t\t\t\tif( ! FFADS.units.IC2.lazy_load ) eval( FFADS.units.IC2.custom_ads[0].rendering_script );\n\t\t\t\t\t}\n\t\t\t\t\telse if( FFADS.units.IC2 && ! getCookie( 'ff_subbed' ) ) {\n\t\t\t\t\t\tif( 'IC' != 'SB' && 'IC' != 'SA' && FFADS.use_fixed_containers ) {\n\t\t\t\t\t\t\tlet max_wh = firefly_size_list_to_max_wh( FFADS.units.IC2.sizes );\n\t\t\t\t\t\t\tlet el = document.querySelector( '#IC2' );\n\t\t\t\t\t\t\tif( 'IC' != 'SA' && FFADS.slide_pixels ) {\n\t\t\t\t\t\t\t\tmax_wh[1] += parseInt( FFADS.slide_pixels );\n\t\t\t\t\t\t\t\tel.classList.add( 'sliding' );\n\t\t\t\t\t\t\t}\n\t\t\t\t\t\t\tel.style.width = max_wh[0] + 'px';\n\t\t\t\t\t\t\tel.style.height = max_wh[1] + 'px';\n\t\t\t\t\t\t\tel.classList.add( 'fixed-size' );\n\t\t\t\t\t\t}\n\t\t\t\t\t\tgoogletag.cmd.push( function() {\n\t\t\t\t\t\t\tFFADS.debug( 'googletag.displaying IC2' );\n\t\t\t\t\t\t\tgoogletag.display( 'IC2' );\n\t\t\t\t\t\t} );\n\t\t\t\t\t}\n\t\t\t\t\telse {\n\t\t\t\t\t\tdocument.querySelector( '#IC2-ad' ).style.display = 'none';}\n\t\t\t\t<\/script><\/div>\n<\/div>\n<p>Auf die Frage w\u00e4hrend des Briefings am Mittwoch, ob man Harris immer noch vertrauen k\u00f6nne, um den Zustrom illegaler Einwanderer zu stoppen, pries die Pressesprecherin des Wei\u00dfen Hauses, Jen Psaki, Harris&#8217; Umgang mit der Grenzkrise an.<\/p>\n<p>\u201eEine Frage zur Einwanderung.  Hat der Pr\u00e4sident noch Vertrauen, dass der Vizepr\u00e4sident den Ursachen der Migration auf den Grund gehen kann?\u201c  fragte der Korrespondent von Fox News im Wei\u00dfen Haus, Peter Doocy.<\/p>\n<p>\u201eDas tut er absolut\u201c, antwortete Psaki.  \u201eUnd er ist dankbar f\u00fcr ihre Arbeit, genau das zu tun.\u201c<\/p>\n<p>&#8220;Wieso den?&#8221;  Doocey schoss zur\u00fcck.  \u201eWas gibt der Pr\u00e4sidentin Zuversicht, wenn sie sieht, dass es im M\u00e4rz 2022 28 Prozent mehr Migrantenbegegnungen an der Grenze gab als im M\u00e4rz 2021, als sie diesen Auftrag bekam?<\/p>\n<div id=\"IC3-ad\" class=\"sponsor IC3\">\n<p class=\"ad-notice flipboard-remove\" fl:fl-noexcerpt=\"true\">Werbung \u2013 die Geschichte geht unten weiter<\/p>\n<div id=\"IC3\">\n<script>\n\t\t\t\t\tif( FFADS.units.IC3 && FFADS.units.IC3.ad_type == 'custom' && FFADS.units.IC3.custom_ads && ! getCookie( 'ff_subbed' ) ) {\n\t\t\t\t\t\tdocument.getElementById( 'IC3' ).innerHTML = FFADS.units.IC3.custom_ads[0].code;\n\t\t\t\t\t\tif( ! FFADS.units.IC3.lazy_load ) eval( FFADS.units.IC3.custom_ads[0].rendering_script );\n\t\t\t\t\t}\n\t\t\t\t\telse if( FFADS.units.IC3 && ! getCookie( 'ff_subbed' ) ) {\n\t\t\t\t\t\tif( 'IC' != 'SB' && 'IC' != 'SA' && FFADS.use_fixed_containers ) {\n\t\t\t\t\t\t\tlet max_wh = firefly_size_list_to_max_wh( FFADS.units.IC3.sizes );\n\t\t\t\t\t\t\tlet el = document.querySelector( '#IC3' );\n\t\t\t\t\t\t\tif( 'IC' != 'SA' && FFADS.slide_pixels ) {\n\t\t\t\t\t\t\t\tmax_wh[1] += parseInt( FFADS.slide_pixels );\n\t\t\t\t\t\t\t\tel.classList.add( 'sliding' );\n\t\t\t\t\t\t\t}\n\t\t\t\t\t\t\tel.style.width = max_wh[0] + 'px';\n\t\t\t\t\t\t\tel.style.height = max_wh[1] + 'px';\n\t\t\t\t\t\t\tel.classList.add( 'fixed-size' );\n\t\t\t\t\t\t}\n\t\t\t\t\t\tgoogletag.cmd.push( function() {\n\t\t\t\t\t\t\tFFADS.debug( 'googletag.displaying IC3' );\n\t\t\t\t\t\t\tgoogletag.display( 'IC3' );\n\t\t\t\t\t\t} );\n\t\t\t\t\t}\n\t\t\t\t\telse {\n\t\t\t\t\t\tdocument.querySelector( '#IC3-ad' ).style.display = 'none';}\n\t\t\t\t<\/script><\/div>\n<\/div>\n<p>Psaki bestand darauf, dass die Regierung die eigentliche Ursache der Migration angegangen sei, indem sie Einwanderungsabkommen mit Costa Rica und eine Partnerschaft mit Mexiko geschlossen habe, um \u201eirregul\u00e4re Migration\u201c einzud\u00e4mmen.<\/p>\n<p>\u201eGrundursachen anzugehen bedeutet, mit L\u00e4ndern in der Region zusammenzuarbeiten, um Schritte zu unternehmen, um regelm\u00e4\u00dfige Partnerschaften aufzubauen und Menschen nach Bedarf in die Region zur\u00fcckschicken zu k\u00f6nnen\u201c, sagte sie.<\/p>\n<p>Eine Vielzahl von Amerikanern hat eine ung\u00fcnstige Meinung \u00fcber Harris.  Laut einer Umfrage von Rassmussen, die am 27. und 28. M\u00e4rz durchgef\u00fchrt wurde, haben 56 Prozent der wahrscheinlichen W\u00e4hler eine \u201eung\u00fcnstige\u201c Meinung \u00fcber den Vizepr\u00e4sidenten ihr &#8216;etwas ung\u00fcnstig.<\/p>\n<p>Die meisten Amerikaner wollen auch, dass Joe Biden eine strengere Einwanderungspolitik umsetzt.  Eine neue Umfrage von CBS News\/YouGov zeigt, dass 52 Prozent der Amerikaner glauben, Biden \u201esollte h\u00e4rter gegen illegale Einwanderer vorgehen, w\u00e4hrend nur 27 Prozent sagen, dass er an der Grenze \u201edie Dinge richtig handhabt\u201c.<\/p>\n<div id=\"IC4-ad\" class=\"sponsor IC4\">\n<p class=\"ad-notice flipboard-remove\" fl:fl-noexcerpt=\"true\">Werbung \u2013 die Geschichte geht unten weiter<\/p>\n<div id=\"IC4\">\n<script>\n\t\t\t\t\tif( FFADS.units.IC4 && FFADS.units.IC4.ad_type == 'custom' && FFADS.units.IC4.custom_ads && ! getCookie( 'ff_subbed' ) ) {\n\t\t\t\t\t\tdocument.getElementById( 'IC4' ).innerHTML = FFADS.units.IC4.custom_ads[0].code;\n\t\t\t\t\t\tif( ! FFADS.units.IC4.lazy_load ) eval( FFADS.units.IC4.custom_ads[0].rendering_script );\n\t\t\t\t\t}\n\t\t\t\t\telse if( FFADS.units.IC4 && ! getCookie( 'ff_subbed' ) ) {\n\t\t\t\t\t\tif( 'IC' != 'SB' && 'IC' != 'SA' && FFADS.use_fixed_containers ) {\n\t\t\t\t\t\t\tlet max_wh = firefly_size_list_to_max_wh( FFADS.units.IC4.sizes );\n\t\t\t\t\t\t\tlet el = document.querySelector( '#IC4' );\n\t\t\t\t\t\t\tif( 'IC' != 'SA' && FFADS.slide_pixels ) {\n\t\t\t\t\t\t\t\tmax_wh[1] += parseInt( FFADS.slide_pixels );\n\t\t\t\t\t\t\t\tel.classList.add( 'sliding' );\n\t\t\t\t\t\t\t}\n\t\t\t\t\t\t\tel.style.width = max_wh[0] + 'px';\n\t\t\t\t\t\t\tel.style.height = max_wh[1] + 'px';\n\t\t\t\t\t\t\tel.classList.add( 'fixed-size' );\n\t\t\t\t\t\t}\n\t\t\t\t\t\tgoogletag.cmd.push( function() {\n\t\t\t\t\t\t\tFFADS.debug( 'googletag.displaying IC4' );\n\t\t\t\t\t\t\tgoogletag.display( 'IC4' );\n\t\t\t\t\t\t} );\n\t\t\t\t\t}\n\t\t\t\t\telse {\n\t\t\t\t\t\tdocument.querySelector( '#IC4-ad' ).style.display = 'none';}\n\t\t\t\t<\/script><\/div>\n<\/div>\n<p><img decoding=\"async\" src=\"http:\/\/just-now.news\/de\/wp-content\/uploads\/sites\/3\/2022\/04\/Das-Weisse-Haus-lobt-Kamala-Harris\u2018-Umgang-mit-der-Migrationskrise.png\" alt=\"CBS News\/YouGov-Umfrage\"><\/p>\n<p class=\"article-ask\"><span class=\"ask\"><script>\n  if( getParameterByName( \"utm_source\" ) == \"testpage\" ) {\n    !function(e,t,a,n,g){e[n]=e[n]||[],e[n].push({\"gtm.start\":(new Date).getTime(),event:\"gtm.js\"});var m=t.getElementsByTagName(a)[0],r=t.createElement(a);r.async=!0,r.src=\"https:\/\/www.googletagmanager.com\/gtm.js?id=GTM-PL4PD49\",m.parentNode.insertBefore(r,m)}(window.parent,window.parent.document,\"script\",\"dataLayer\");\n    var iframe=window.parent.document.createElement(\"iframe\");iframe.src=\"https:\/\/www.googletagmanager.com\/ns.html?id=GTM-PL4PD49\";iframe.height=\"0\";iframe.width=\"0\";iframe.style=\"display:none;visibility:hidden\";window.parent.document.body.appendChild(iframe);\n    window.parent[\"$$mm-analytics\"] = window.parent[\"$$mm-analytics\"] || {};if (typeof window.parent[\"$$mm-analytics\"].firstEmbed === \"undefined\") {window.parent[\"$$mm-analytics\"].firstEmbed = Date.now();}\n    let as1 = document.createElement( \"script\" );\n    as1.src = \"https:\/\/bucket1.mm-syringe.com\/prod\/configs\/ee2300c8-43d2-7f0b-dac0-40aaf31c9d3d.js\";\n    document.body.appendChild( as1 );\n    let as2 = document.createElement( \"script\" );\n    as2.src = \"https:\/\/bucket1.mm-syringe.com\/prod\/injector\/injector.1.5.3.js\";\n    document.body.appendChild( as2 );\n  }\n<\/script><\/p>\n<div class=\"apester-media\" data-token=\"5f10a39f94902bc81d3d59a7\" data-context=\"true\" data-tags=\"\" data-fallback=\"true\" height=\"350\"><\/div>\n<p><script id=\"apester_script\" src=\"https:\/\/static.apester.com\/js\/sdk\/latest\/apester-sdk.js\" async><\/script><script async src=\"https:\/\/www.googletagmanager.com\/gtag\/js?id=G-EFE91RJVSQ\"><\/script><script>\n  window.dataLayer = window.dataLayer || [];\n  function gtag(){dataLayer.push(arguments);}\n  gtag(\\'js\\', new Date());\n  gtag(\\'config\\', \\'G-EFE91RJVSQ\\');\n<\/script><\/span><\/p>\n<\/div>\n<p><br \/>\n<br \/><a href=\"https:\/\/www.thegatewaypundit.com\/2022\/04\/white-house-praises-kamala-harris-handling-migration-crisis-border-crossings-hit-22-year-high-biden-absolutely-backs-harris-border-czar\/\">Source link <\/a><\/p>\n","protected":false},"excerpt":{"rendered":"<p>Eine Mehrheit der Amerikaner m\u00f6chte, dass Joe Biden die durchl\u00e4ssige S\u00fcdgrenze mit einer h\u00e4rteren Einwanderungspolitik sichert. Doch der Wille des amerikanischen Volkes st\u00f6\u00dft unter dem Biden-Regime auf taube Ohren. Der Zoll- und Grenzschutz traf im M\u00e4rz auf 221.2020 Migranten, die illegal die S\u00fcdgrenze \u00fcberquerten, was ein 22-Jahres-Hoch markiert, da die Biden-Regierung eine beispiellose Anzahl von [&hellip;]<\/p>\n","protected":false},"author":5,"featured_media":2207,"comment_status":"open","ping_status":"open","sticky":false,"template":"","format":"standard","meta":{"wp_automatic_camp":["1161"],"b76e76466f79566f519eb14c4a5d9506":["Das Wei\u00dfe Haus lobt Kamala Harris\u2018 Umgang mit der Migrationskrise, da die Grenz\u00fcbertritte ein 22-Jahres-Hoch erreichen: Biden unterst\u00fctzt Harris \u201eabsolut\u201c als Grenzzar\n"],"original_link":["https:\/\/www.thegatewaypundit.com\/2022\/04\/white-house-praises-kamala-harris-handling-migration-crisis-border-crossings-hit-22-year-high-biden-absolutely-backs-harris-border-czar\/"],"_thumbnail_id":["2207"],"wp_automatic_remove_first_image":["yes"],"_wptg_p2tg_sent2tg":["2022-04-21 17:52:50"],"jnews_social_counter_last_update":["1776655750"]},"categories":[25],"tags":[6309,6310,273,1348,427,82,45,357,4866,6308,6311,5472,3356,5471,6305,6307,419,6306,5073,3683],"yoast_head":"<!-- This site is optimized with the Yoast SEO Premium plugin v22.7 (Yoast SEO v22.7) - https:\/\/yoast.com\/wordpress\/plugins\/seo\/ -->\n<title>Das Wei\u00dfe Haus lobt Kamala Harris\u2018 Umgang mit der Migrationskrise, da die Grenz\u00fcbertritte ein 22-Jahres-Hoch erreichen: Biden unterst\u00fctzt Harris \u201eabsolut\u201c als Grenzzar - just-now.NEWS Deutschland<\/title>\n<meta name=\"robots\" content=\"index, follow, max-snippet:-1, max-image-preview:large, max-video-preview:-1\" \/>\n<link rel=\"canonical\" href=\"https:\/\/now-news.de\/de\/usa\/das-weisse-haus-lobt-kamala-harris-umgang-mit-der-migrationskrise-da-die-grenzuebertritte-ein-22-jahres-hoch-erreichen-biden-unterstuetzt-harris-absolut-als-grenzzar\/\" \/>\n<meta property=\"og:locale\" content=\"de_DE\" \/>\n<meta property=\"og:type\" content=\"article\" \/>\n<meta property=\"og:title\" content=\"Das Wei\u00dfe Haus lobt Kamala Harris\u2018 Umgang mit der Migrationskrise, da die Grenz\u00fcbertritte ein 22-Jahres-Hoch erreichen: Biden unterst\u00fctzt Harris \u201eabsolut\u201c als Grenzzar\" \/>\n<meta property=\"og:description\" content=\"Eine Mehrheit der Amerikaner m\u00f6chte, dass Joe Biden die durchl\u00e4ssige S\u00fcdgrenze mit einer h\u00e4rteren Einwanderungspolitik sichert. Doch der Wille des amerikanischen Volkes st\u00f6\u00dft unter dem Biden-Regime auf taube Ohren. Der Zoll- und Grenzschutz traf im M\u00e4rz auf 221.2020 Migranten, die illegal die S\u00fcdgrenze \u00fcberquerten, was ein 22-Jahres-Hoch markiert, da die Biden-Regierung eine beispiellose Anzahl von [&hellip;]\" \/>\n<meta property=\"og:url\" content=\"https:\/\/now-news.de\/de\/usa\/das-weisse-haus-lobt-kamala-harris-umgang-mit-der-migrationskrise-da-die-grenzuebertritte-ein-22-jahres-hoch-erreichen-biden-unterstuetzt-harris-absolut-als-grenzzar\/\" \/>\n<meta property=\"og:site_name\" content=\"just-now.NEWS Deutschland\" \/>\n<meta property=\"article:publisher\" content=\"https:\/\/www.facebook.com\/wirmachenauf\" \/>\n<meta property=\"article:published_time\" content=\"2022-04-21T18:36:00+00:00\" \/>\n<meta property=\"og:image\" content=\"https:\/\/now-news.de\/de\/wp-content\/uploads\/sites\/3\/2022\/04\/Das-Weisse-Haus-lobt-Kamala-Harris\u2018-Umgang-mit-der-Migrationskrise.jpg\" \/>\n\t<meta property=\"og:image:width\" content=\"1245\" \/>\n\t<meta property=\"og:image:height\" content=\"701\" \/>\n\t<meta property=\"og:image:type\" content=\"image\/jpeg\" \/>\n<meta name=\"author\" content=\"greatreset\" \/>\n<meta name=\"twitter:card\" content=\"summary_large_image\" \/>\n<meta name=\"twitter:creator\" content=\"@WirMachenAuf_de\" \/>\n<meta name=\"twitter:site\" content=\"@WirMachenAuf_de\" \/>\n<meta name=\"twitter:label1\" content=\"Verfasst von\" \/>\n\t<meta name=\"twitter:data1\" content=\"greatreset\" \/>\n\t<meta name=\"twitter:label2\" content=\"Gesch\u00e4tzte Lesezeit\" \/>\n\t<meta name=\"twitter:data2\" content=\"2\u00a0Minuten\" \/>\n<script type=\"application\/ld+json\" class=\"yoast-schema-graph\">{\"@context\":\"https:\/\/schema.org\",\"@graph\":[{\"@type\":\"Article\",\"@id\":\"https:\/\/now-news.de\/de\/usa\/das-weisse-haus-lobt-kamala-harris-umgang-mit-der-migrationskrise-da-die-grenzuebertritte-ein-22-jahres-hoch-erreichen-biden-unterstuetzt-harris-absolut-als-grenzzar\/#article\",\"isPartOf\":{\"@id\":\"https:\/\/now-news.de\/de\/usa\/das-weisse-haus-lobt-kamala-harris-umgang-mit-der-migrationskrise-da-die-grenzuebertritte-ein-22-jahres-hoch-erreichen-biden-unterstuetzt-harris-absolut-als-grenzzar\/\"},\"author\":{\"name\":\"greatreset\",\"@id\":\"https:\/\/now-news.de\/de\/#\/schema\/person\/8afb4cd92b68572db7902c13a349ffcb\"},\"headline\":\"Das Wei\u00dfe Haus lobt Kamala Harris\u2018 Umgang mit der Migrationskrise, da die Grenz\u00fcbertritte ein 22-Jahres-Hoch erreichen: Biden unterst\u00fctzt Harris \u201eabsolut\u201c als Grenzzar\",\"datePublished\":\"2022-04-21T18:36:00+00:00\",\"dateModified\":\"2022-04-21T18:36:00+00:00\",\"mainEntityOfPage\":{\"@id\":\"https:\/\/now-news.de\/de\/usa\/das-weisse-haus-lobt-kamala-harris-umgang-mit-der-migrationskrise-da-die-grenzuebertritte-ein-22-jahres-hoch-erreichen-biden-unterstuetzt-harris-absolut-als-grenzzar\/\"},\"wordCount\":509,\"commentCount\":0,\"publisher\":{\"@id\":\"https:\/\/now-news.de\/de\/#organization\"},\"image\":{\"@id\":\"https:\/\/now-news.de\/de\/usa\/das-weisse-haus-lobt-kamala-harris-umgang-mit-der-migrationskrise-da-die-grenzuebertritte-ein-22-jahres-hoch-erreichen-biden-unterstuetzt-harris-absolut-als-grenzzar\/#primaryimage\"},\"thumbnailUrl\":\"https:\/\/now-news.de\/de\/wp-content\/uploads\/sites\/3\/2022\/04\/Das-Weisse-Haus-lobt-Kamala-Harris\u2018-Umgang-mit-der-Migrationskrise.jpg\",\"keywords\":[\"22JahresHoch\",\"absolut\",\"als\",\"Biden\",\"das\",\"der\",\"die\",\"ein\",\"erreichen\",\"Grenz\u00fcbertritte\",\"Grenzzar\",\"Harris\",\"Haus\",\"Kamala\",\"lobt\",\"Migrationskrise\",\"mit\",\"Umgang\",\"unterst\u00fctzt\",\"Wei\u00dfe\"],\"articleSection\":[\"USA\"],\"inLanguage\":\"de\",\"potentialAction\":[{\"@type\":\"CommentAction\",\"name\":\"Comment\",\"target\":[\"https:\/\/now-news.de\/de\/usa\/das-weisse-haus-lobt-kamala-harris-umgang-mit-der-migrationskrise-da-die-grenzuebertritte-ein-22-jahres-hoch-erreichen-biden-unterstuetzt-harris-absolut-als-grenzzar\/#respond\"]}]},{\"@type\":\"WebPage\",\"@id\":\"https:\/\/now-news.de\/de\/usa\/das-weisse-haus-lobt-kamala-harris-umgang-mit-der-migrationskrise-da-die-grenzuebertritte-ein-22-jahres-hoch-erreichen-biden-unterstuetzt-harris-absolut-als-grenzzar\/\",\"url\":\"https:\/\/now-news.de\/de\/usa\/das-weisse-haus-lobt-kamala-harris-umgang-mit-der-migrationskrise-da-die-grenzuebertritte-ein-22-jahres-hoch-erreichen-biden-unterstuetzt-harris-absolut-als-grenzzar\/\",\"name\":\"Das Wei\u00dfe Haus lobt Kamala Harris\u2018 Umgang mit der Migrationskrise, da die Grenz\u00fcbertritte ein 22-Jahres-Hoch erreichen: Biden unterst\u00fctzt Harris \u201eabsolut\u201c als Grenzzar - just-now.NEWS Deutschland\",\"isPartOf\":{\"@id\":\"https:\/\/now-news.de\/de\/#website\"},\"primaryImageOfPage\":{\"@id\":\"https:\/\/now-news.de\/de\/usa\/das-weisse-haus-lobt-kamala-harris-umgang-mit-der-migrationskrise-da-die-grenzuebertritte-ein-22-jahres-hoch-erreichen-biden-unterstuetzt-harris-absolut-als-grenzzar\/#primaryimage\"},\"image\":{\"@id\":\"https:\/\/now-news.de\/de\/usa\/das-weisse-haus-lobt-kamala-harris-umgang-mit-der-migrationskrise-da-die-grenzuebertritte-ein-22-jahres-hoch-erreichen-biden-unterstuetzt-harris-absolut-als-grenzzar\/#primaryimage\"},\"thumbnailUrl\":\"https:\/\/now-news.de\/de\/wp-content\/uploads\/sites\/3\/2022\/04\/Das-Weisse-Haus-lobt-Kamala-Harris\u2018-Umgang-mit-der-Migrationskrise.jpg\",\"datePublished\":\"2022-04-21T18:36:00+00:00\",\"dateModified\":\"2022-04-21T18:36:00+00:00\",\"breadcrumb\":{\"@id\":\"https:\/\/now-news.de\/de\/usa\/das-weisse-haus-lobt-kamala-harris-umgang-mit-der-migrationskrise-da-die-grenzuebertritte-ein-22-jahres-hoch-erreichen-biden-unterstuetzt-harris-absolut-als-grenzzar\/#breadcrumb\"},\"inLanguage\":\"de\",\"potentialAction\":[{\"@type\":\"ReadAction\",\"target\":[\"https:\/\/now-news.de\/de\/usa\/das-weisse-haus-lobt-kamala-harris-umgang-mit-der-migrationskrise-da-die-grenzuebertritte-ein-22-jahres-hoch-erreichen-biden-unterstuetzt-harris-absolut-als-grenzzar\/\"]}]},{\"@type\":\"ImageObject\",\"inLanguage\":\"de\",\"@id\":\"https:\/\/now-news.de\/de\/usa\/das-weisse-haus-lobt-kamala-harris-umgang-mit-der-migrationskrise-da-die-grenzuebertritte-ein-22-jahres-hoch-erreichen-biden-unterstuetzt-harris-absolut-als-grenzzar\/#primaryimage\",\"url\":\"https:\/\/now-news.de\/de\/wp-content\/uploads\/sites\/3\/2022\/04\/Das-Weisse-Haus-lobt-Kamala-Harris\u2018-Umgang-mit-der-Migrationskrise.jpg\",\"contentUrl\":\"https:\/\/now-news.de\/de\/wp-content\/uploads\/sites\/3\/2022\/04\/Das-Weisse-Haus-lobt-Kamala-Harris\u2018-Umgang-mit-der-Migrationskrise.jpg\",\"width\":1245,\"height\":701},{\"@type\":\"BreadcrumbList\",\"@id\":\"https:\/\/now-news.de\/de\/usa\/das-weisse-haus-lobt-kamala-harris-umgang-mit-der-migrationskrise-da-die-grenzuebertritte-ein-22-jahres-hoch-erreichen-biden-unterstuetzt-harris-absolut-als-grenzzar\/#breadcrumb\",\"itemListElement\":[{\"@type\":\"ListItem\",\"position\":1,\"name\":\"Home\",\"item\":\"https:\/\/now-news.de\/de\/\"},{\"@type\":\"ListItem\",\"position\":2,\"name\":\"Das Wei\u00dfe Haus lobt Kamala Harris\u2018 Umgang mit der Migrationskrise, da die Grenz\u00fcbertritte ein 22-Jahres-Hoch erreichen: Biden unterst\u00fctzt Harris \u201eabsolut\u201c als Grenzzar\"}]},{\"@type\":\"WebSite\",\"@id\":\"https:\/\/now-news.de\/de\/#website\",\"url\":\"https:\/\/now-news.de\/de\/\",\"name\":\"just-now.NEWS Deutschland\",\"description\":\"Das Portal f\u00fcr unzensierte Nachrichten aus der Welt\",\"publisher\":{\"@id\":\"https:\/\/now-news.de\/de\/#organization\"},\"potentialAction\":[{\"@type\":\"SearchAction\",\"target\":{\"@type\":\"EntryPoint\",\"urlTemplate\":\"https:\/\/now-news.de\/de\/?s={search_term_string}\"},\"query-input\":\"required name=search_term_string\"}],\"inLanguage\":\"de\"},{\"@type\":\"Organization\",\"@id\":\"https:\/\/now-news.de\/de\/#organization\",\"name\":\"Just Now News\",\"url\":\"https:\/\/now-news.de\/de\/\",\"logo\":{\"@type\":\"ImageObject\",\"inLanguage\":\"de\",\"@id\":\"https:\/\/now-news.de\/de\/#\/schema\/logo\/image\/\",\"url\":\"http:\/\/just-now.news\/de\/wp-content\/uploads\/sites\/3\/2022\/04\/logo500x500.jpg\",\"contentUrl\":\"http:\/\/just-now.news\/de\/wp-content\/uploads\/sites\/3\/2022\/04\/logo500x500.jpg\",\"width\":500,\"height\":500,\"caption\":\"Just Now News\"},\"image\":{\"@id\":\"https:\/\/now-news.de\/de\/#\/schema\/logo\/image\/\"},\"sameAs\":[\"https:\/\/www.facebook.com\/wirmachenauf\",\"https:\/\/x.com\/WirMachenAuf_de\"]},{\"@type\":\"Person\",\"@id\":\"https:\/\/now-news.de\/de\/#\/schema\/person\/8afb4cd92b68572db7902c13a349ffcb\",\"name\":\"greatreset\",\"image\":{\"@type\":\"ImageObject\",\"inLanguage\":\"de\",\"@id\":\"https:\/\/now-news.de\/de\/#\/schema\/person\/image\/\",\"url\":\"https:\/\/secure.gravatar.com\/avatar\/a088df625d49991c090e78c8b9542592?s=96&d=mm&r=g\",\"contentUrl\":\"https:\/\/secure.gravatar.com\/avatar\/a088df625d49991c090e78c8b9542592?s=96&d=mm&r=g\",\"caption\":\"greatreset\"},\"url\":\"https:\/\/now-news.de\/de\/author\/greatreset\/\"}]}<\/script>\n<!-- \/ Yoast SEO Premium plugin. -->","yoast_head_json":{"title":"Das Wei\u00dfe Haus lobt Kamala Harris\u2018 Umgang mit der Migrationskrise, da die Grenz\u00fcbertritte ein 22-Jahres-Hoch erreichen: Biden unterst\u00fctzt Harris \u201eabsolut\u201c als Grenzzar - just-now.NEWS Deutschland","robots":{"index":"index","follow":"follow","max-snippet":"max-snippet:-1","max-image-preview":"max-image-preview:large","max-video-preview":"max-video-preview:-1"},"canonical":"https:\/\/now-news.de\/de\/usa\/das-weisse-haus-lobt-kamala-harris-umgang-mit-der-migrationskrise-da-die-grenzuebertritte-ein-22-jahres-hoch-erreichen-biden-unterstuetzt-harris-absolut-als-grenzzar\/","og_locale":"de_DE","og_type":"article","og_title":"Das Wei\u00dfe Haus lobt Kamala Harris\u2018 Umgang mit der Migrationskrise, da die Grenz\u00fcbertritte ein 22-Jahres-Hoch erreichen: Biden unterst\u00fctzt Harris \u201eabsolut\u201c als Grenzzar","og_description":"Eine Mehrheit der Amerikaner m\u00f6chte, dass Joe Biden die durchl\u00e4ssige S\u00fcdgrenze mit einer h\u00e4rteren Einwanderungspolitik sichert. Doch der Wille des amerikanischen Volkes st\u00f6\u00dft unter dem Biden-Regime auf taube Ohren. Der Zoll- und Grenzschutz traf im M\u00e4rz auf 221.2020 Migranten, die illegal die S\u00fcdgrenze \u00fcberquerten, was ein 22-Jahres-Hoch markiert, da die Biden-Regierung eine beispiellose Anzahl von [&hellip;]","og_url":"https:\/\/now-news.de\/de\/usa\/das-weisse-haus-lobt-kamala-harris-umgang-mit-der-migrationskrise-da-die-grenzuebertritte-ein-22-jahres-hoch-erreichen-biden-unterstuetzt-harris-absolut-als-grenzzar\/","og_site_name":"just-now.NEWS Deutschland","article_publisher":"https:\/\/www.facebook.com\/wirmachenauf","article_published_time":"2022-04-21T18:36:00+00:00","og_image":[{"width":1245,"height":701,"url":"https:\/\/now-news.de\/de\/wp-content\/uploads\/sites\/3\/2022\/04\/Das-Weisse-Haus-lobt-Kamala-Harris\u2018-Umgang-mit-der-Migrationskrise.jpg","type":"image\/jpeg"}],"author":"greatreset","twitter_card":"summary_large_image","twitter_creator":"@WirMachenAuf_de","twitter_site":"@WirMachenAuf_de","twitter_misc":{"Verfasst von":"greatreset","Gesch\u00e4tzte Lesezeit":"2\u00a0Minuten"},"schema":{"@context":"https:\/\/schema.org","@graph":[{"@type":"Article","@id":"https:\/\/now-news.de\/de\/usa\/das-weisse-haus-lobt-kamala-harris-umgang-mit-der-migrationskrise-da-die-grenzuebertritte-ein-22-jahres-hoch-erreichen-biden-unterstuetzt-harris-absolut-als-grenzzar\/#article","isPartOf":{"@id":"https:\/\/now-news.de\/de\/usa\/das-weisse-haus-lobt-kamala-harris-umgang-mit-der-migrationskrise-da-die-grenzuebertritte-ein-22-jahres-hoch-erreichen-biden-unterstuetzt-harris-absolut-als-grenzzar\/"},"author":{"name":"greatreset","@id":"https:\/\/now-news.de\/de\/#\/schema\/person\/8afb4cd92b68572db7902c13a349ffcb"},"headline":"Das Wei\u00dfe Haus lobt Kamala Harris\u2018 Umgang mit der Migrationskrise, da die Grenz\u00fcbertritte ein 22-Jahres-Hoch erreichen: Biden unterst\u00fctzt Harris \u201eabsolut\u201c als Grenzzar","datePublished":"2022-04-21T18:36:00+00:00","dateModified":"2022-04-21T18:36:00+00:00","mainEntityOfPage":{"@id":"https:\/\/now-news.de\/de\/usa\/das-weisse-haus-lobt-kamala-harris-umgang-mit-der-migrationskrise-da-die-grenzuebertritte-ein-22-jahres-hoch-erreichen-biden-unterstuetzt-harris-absolut-als-grenzzar\/"},"wordCount":509,"commentCount":0,"publisher":{"@id":"https:\/\/now-news.de\/de\/#organization"},"image":{"@id":"https:\/\/now-news.de\/de\/usa\/das-weisse-haus-lobt-kamala-harris-umgang-mit-der-migrationskrise-da-die-grenzuebertritte-ein-22-jahres-hoch-erreichen-biden-unterstuetzt-harris-absolut-als-grenzzar\/#primaryimage"},"thumbnailUrl":"https:\/\/now-news.de\/de\/wp-content\/uploads\/sites\/3\/2022\/04\/Das-Weisse-Haus-lobt-Kamala-Harris\u2018-Umgang-mit-der-Migrationskrise.jpg","keywords":["22JahresHoch","absolut","als","Biden","das","der","die","ein","erreichen","Grenz\u00fcbertritte","Grenzzar","Harris","Haus","Kamala","lobt","Migrationskrise","mit","Umgang","unterst\u00fctzt","Wei\u00dfe"],"articleSection":["USA"],"inLanguage":"de","potentialAction":[{"@type":"CommentAction","name":"Comment","target":["https:\/\/now-news.de\/de\/usa\/das-weisse-haus-lobt-kamala-harris-umgang-mit-der-migrationskrise-da-die-grenzuebertritte-ein-22-jahres-hoch-erreichen-biden-unterstuetzt-harris-absolut-als-grenzzar\/#respond"]}]},{"@type":"WebPage","@id":"https:\/\/now-news.de\/de\/usa\/das-weisse-haus-lobt-kamala-harris-umgang-mit-der-migrationskrise-da-die-grenzuebertritte-ein-22-jahres-hoch-erreichen-biden-unterstuetzt-harris-absolut-als-grenzzar\/","url":"https:\/\/now-news.de\/de\/usa\/das-weisse-haus-lobt-kamala-harris-umgang-mit-der-migrationskrise-da-die-grenzuebertritte-ein-22-jahres-hoch-erreichen-biden-unterstuetzt-harris-absolut-als-grenzzar\/","name":"Das Wei\u00dfe Haus lobt Kamala Harris\u2018 Umgang mit der Migrationskrise, da die Grenz\u00fcbertritte ein 22-Jahres-Hoch erreichen: Biden unterst\u00fctzt Harris \u201eabsolut\u201c als Grenzzar - just-now.NEWS Deutschland","isPartOf":{"@id":"https:\/\/now-news.de\/de\/#website"},"primaryImageOfPage":{"@id":"https:\/\/now-news.de\/de\/usa\/das-weisse-haus-lobt-kamala-harris-umgang-mit-der-migrationskrise-da-die-grenzuebertritte-ein-22-jahres-hoch-erreichen-biden-unterstuetzt-harris-absolut-als-grenzzar\/#primaryimage"},"image":{"@id":"https:\/\/now-news.de\/de\/usa\/das-weisse-haus-lobt-kamala-harris-umgang-mit-der-migrationskrise-da-die-grenzuebertritte-ein-22-jahres-hoch-erreichen-biden-unterstuetzt-harris-absolut-als-grenzzar\/#primaryimage"},"thumbnailUrl":"https:\/\/now-news.de\/de\/wp-content\/uploads\/sites\/3\/2022\/04\/Das-Weisse-Haus-lobt-Kamala-Harris\u2018-Umgang-mit-der-Migrationskrise.jpg","datePublished":"2022-04-21T18:36:00+00:00","dateModified":"2022-04-21T18:36:00+00:00","breadcrumb":{"@id":"https:\/\/now-news.de\/de\/usa\/das-weisse-haus-lobt-kamala-harris-umgang-mit-der-migrationskrise-da-die-grenzuebertritte-ein-22-jahres-hoch-erreichen-biden-unterstuetzt-harris-absolut-als-grenzzar\/#breadcrumb"},"inLanguage":"de","potentialAction":[{"@type":"ReadAction","target":["https:\/\/now-news.de\/de\/usa\/das-weisse-haus-lobt-kamala-harris-umgang-mit-der-migrationskrise-da-die-grenzuebertritte-ein-22-jahres-hoch-erreichen-biden-unterstuetzt-harris-absolut-als-grenzzar\/"]}]},{"@type":"ImageObject","inLanguage":"de","@id":"https:\/\/now-news.de\/de\/usa\/das-weisse-haus-lobt-kamala-harris-umgang-mit-der-migrationskrise-da-die-grenzuebertritte-ein-22-jahres-hoch-erreichen-biden-unterstuetzt-harris-absolut-als-grenzzar\/#primaryimage","url":"https:\/\/now-news.de\/de\/wp-content\/uploads\/sites\/3\/2022\/04\/Das-Weisse-Haus-lobt-Kamala-Harris\u2018-Umgang-mit-der-Migrationskrise.jpg","contentUrl":"https:\/\/now-news.de\/de\/wp-content\/uploads\/sites\/3\/2022\/04\/Das-Weisse-Haus-lobt-Kamala-Harris\u2018-Umgang-mit-der-Migrationskrise.jpg","width":1245,"height":701},{"@type":"BreadcrumbList","@id":"https:\/\/now-news.de\/de\/usa\/das-weisse-haus-lobt-kamala-harris-umgang-mit-der-migrationskrise-da-die-grenzuebertritte-ein-22-jahres-hoch-erreichen-biden-unterstuetzt-harris-absolut-als-grenzzar\/#breadcrumb","itemListElement":[{"@type":"ListItem","position":1,"name":"Home","item":"https:\/\/now-news.de\/de\/"},{"@type":"ListItem","position":2,"name":"Das Wei\u00dfe Haus lobt Kamala Harris\u2018 Umgang mit der Migrationskrise, da die Grenz\u00fcbertritte ein 22-Jahres-Hoch erreichen: Biden unterst\u00fctzt Harris \u201eabsolut\u201c als Grenzzar"}]},{"@type":"WebSite","@id":"https:\/\/now-news.de\/de\/#website","url":"https:\/\/now-news.de\/de\/","name":"just-now.NEWS Deutschland","description":"Das Portal f\u00fcr unzensierte Nachrichten aus der Welt","publisher":{"@id":"https:\/\/now-news.de\/de\/#organization"},"potentialAction":[{"@type":"SearchAction","target":{"@type":"EntryPoint","urlTemplate":"https:\/\/now-news.de\/de\/?s={search_term_string}"},"query-input":"required name=search_term_string"}],"inLanguage":"de"},{"@type":"Organization","@id":"https:\/\/now-news.de\/de\/#organization","name":"Just Now News","url":"https:\/\/now-news.de\/de\/","logo":{"@type":"ImageObject","inLanguage":"de","@id":"https:\/\/now-news.de\/de\/#\/schema\/logo\/image\/","url":"http:\/\/just-now.news\/de\/wp-content\/uploads\/sites\/3\/2022\/04\/logo500x500.jpg","contentUrl":"http:\/\/just-now.news\/de\/wp-content\/uploads\/sites\/3\/2022\/04\/logo500x500.jpg","width":500,"height":500,"caption":"Just Now News"},"image":{"@id":"https:\/\/now-news.de\/de\/#\/schema\/logo\/image\/"},"sameAs":["https:\/\/www.facebook.com\/wirmachenauf","https:\/\/x.com\/WirMachenAuf_de"]},{"@type":"Person","@id":"https:\/\/now-news.de\/de\/#\/schema\/person\/8afb4cd92b68572db7902c13a349ffcb","name":"greatreset","image":{"@type":"ImageObject","inLanguage":"de","@id":"https:\/\/now-news.de\/de\/#\/schema\/person\/image\/","url":"https:\/\/secure.gravatar.com\/avatar\/a088df625d49991c090e78c8b9542592?s=96&d=mm&r=g","contentUrl":"https:\/\/secure.gravatar.com\/avatar\/a088df625d49991c090e78c8b9542592?s=96&d=mm&r=g","caption":"greatreset"},"url":"https:\/\/now-news.de\/de\/author\/greatreset\/"}]}},"_links":{"self":[{"href":"https:\/\/now-news.de\/de\/wp-json\/wp\/v2\/posts\/2206"}],"collection":[{"href":"https:\/\/now-news.de\/de\/wp-json\/wp\/v2\/posts"}],"about":[{"href":"https:\/\/now-news.de\/de\/wp-json\/wp\/v2\/types\/post"}],"author":[{"embeddable":true,"href":"https:\/\/now-news.de\/de\/wp-json\/wp\/v2\/users\/5"}],"replies":[{"embeddable":true,"href":"https:\/\/now-news.de\/de\/wp-json\/wp\/v2\/comments?post=2206"}],"version-history":[{"count":0,"href":"https:\/\/now-news.de\/de\/wp-json\/wp\/v2\/posts\/2206\/revisions"}],"wp:featuredmedia":[{"embeddable":true,"href":"https:\/\/now-news.de\/de\/wp-json\/wp\/v2\/media\/2207"}],"wp:attachment":[{"href":"https:\/\/now-news.de\/de\/wp-json\/wp\/v2\/media?parent=2206"}],"wp:term":[{"taxonomy":"category","embeddable":true,"href":"https:\/\/now-news.de\/de\/wp-json\/wp\/v2\/categories?post=2206"},{"taxonomy":"post_tag","embeddable":true,"href":"https:\/\/now-news.de\/de\/wp-json\/wp\/v2\/tags?post=2206"}],"curies":[{"name":"wp","href":"https:\/\/api.w.org\/{rel}","templated":true}]}}