{"id":22053,"date":"2022-10-30T14:24:25","date_gmt":"2022-10-30T12:24:25","guid":{"rendered":"http:\/\/just-now.news\/de\/deutschland\/rt-de-exklusiv-russischer-militaerexperte-antwortet-schweizer-kollegen\/"},"modified":"2022-10-30T14:24:25","modified_gmt":"2022-10-30T12:24:25","slug":"rt-de-exklusiv-russischer-militaerexperte-antwortet-schweizer-kollegen","status":"publish","type":"post","link":"https:\/\/now-news.de\/de\/deutschland\/rt-de-exklusiv-russischer-militaerexperte-antwortet-schweizer-kollegen\/","title":{"rendered":"RT DE Exklusiv: Russischer Milit\u00e4rexperte antwortet Schweizer Kollegen"},"content":{"rendered":"<p><img decoding=\"async\" src=\"http:\/\/just-now.news\/de\/wp-content\/uploads\/sites\/3\/2022\/10\/635e5c9c48fbef6ecd39c997.jpg\" \/><\/p>\n<div class=\"Text-root Text-type_1 \">\n                Nachrichtenagenturen und Medien haben am Sonnabend die Einsch\u00e4tzung des Schweizer Milit\u00e4rexperten Niklas Masuhr berichtet, die Offensivf\u00e4higkeit Russlands sei &#8220;gebrochen&#8221;, Russland fehle es an Waffen und Kampfgeist und die Truppen seien in einem schlechten Zustand. RT DE bat einen russischen Milit\u00e4rexperten um einen Kommentar dazu.\n            <\/div>\n<p><\/p>\n<div class=\"Text-root Text-type_5 ArticleView-text ViewText-root \">\n<p>Die <em>Deutsche Presseagentur<\/em> (dpa) ver\u00f6ffentlichte am Sonnabend die Einsch\u00e4tzungen von Niklas Masuhr, eines Forschers am Center for Security Studies der ETH in Z\u00fcrich, welcher der russischen Armee ein katastrophales Zeugnis ausstellte und d\u00fcstere Perspektiven f\u00fcr Russland im Ukraine-Konflikt zeichnete. Desolate Truppenmoral und Waffenmangel stellten Russland im kommenden Winter vor gro\u00dfe Probleme. Der Zustand der russischen Truppen sei\u00a0derart schlecht, so Masuhr weiter, dass es nicht einmal klar ist, ob &#8220;die Russen&#8221; sich \u00fcber den Winter &#8220;einzugraben&#8221; verm\u00f6gen.\u00a0<\/p>\n<p>&#8220;Die russische Offensivf\u00e4higkeit in der\u00a0Ukraine\u00a0ist gebrochen, weitere Vorst\u00f6\u00dfe sind eher unwahrscheinlich&#8221;, sagte der Schweizer Milit\u00e4rexperte, &#8220;Russland hat auf Defensivmodus geschaltet&#8221;. Gleichzeitig gebe es keine Anzeichen, dass die j\u00fcngste Terrorkampagne mit Raketen- und Drohnenangriffen die Ukrainer eingesch\u00fcchtert habe oder ihnen der Schwung ausgehe.<\/p>\n<p>Er sehe &#8220;t\u00e4glich Berichte von mobilisierten russischen Truppen, die sich weigerten, in den Kampf zu gehen, und von Kommandeuren, die Untergebene mit Waffengewalt an die Front zwingen m\u00fcssten&#8221;. In den Verb\u00e4nden fehle es an Zusammenhalt, weil die Truppen mittlerweile zusammengew\u00fcrfelt seien, teils mit regul\u00e4ren Soldaten, teils mit H\u00e4ftlingen und anderen jungen und alten Zwangsrekrutierten.\u00a0<\/p>\n<p><em>RT DE<\/em> bat den russischen Milit\u00e4rexperten Boris Roschin, diese Einsch\u00e4tzungen zu kommentieren. Im Folgenden geben wir den Exklusivkommentar von Roschin vollst\u00e4ndig wieder:\u00a0<\/p>\n<blockquote>\n<p>&#8220;<em>Dies (die Einsch\u00e4tzung von Niklas Masuhr &#8211; d.Red.) ist, gelinde gesagt, unwahr, denn die russischen Streitkr\u00e4fte f\u00fchren derzeit Offensiven in den Richtungen Awdejewka, Ugledar und Artjomowsk durch. Der &#8216;Schweizer Experte&#8217; sollte sich der Realit\u00e4t der laufenden Feindseligkeiten st\u00e4rker bewusst sein und verstehen, dass die Armee in einigen Gebieten verteidigt und in anderen angreift. Dies gilt f\u00fcr die russischen Streitkr\u00e4fte wie f\u00fcr die ukrainische Armee.<\/em><\/p>\n<p><em>In diesem Fall handelt es sich bei der &#8216;Experteneinsch\u00e4tzung&#8217; um banale Propaganda, die in keiner Weise mit dem Geschehen an der Front \u00fcbereinstimmt, was dem &#8216;Schweizer Experten&#8217; einige \u00dcberraschungen bescheren wird<\/em>.&#8221;<\/p>\n<\/blockquote>\n<p><em><strong>Boris Roschin\u00a0<\/strong>berichtet und analysiert tagesaktuell auch f\u00fcr die breite \u00d6ffentlichkeit, unter anderem auf seinem <a rel=\"nofollow noopener\" target=\"_blank\" href=\"https:\/\/t.me\/boris_rozhin\">Telegramkanal<\/a> und seinem <a rel=\"nofollow noopener\" target=\"_blank\" href=\"https:\/\/colonelcassad.livejournal.com\/\">Blog &#8220;Colonelcassad&#8221;<\/a> auf LiveJournal.\u00a0<\/em><\/p>\n<p><strong>Mehr zum Thema<\/strong> &#8211; <a rel=\"nofollow noopener\" target=\"_blank\" href=\"https:\/\/test.rtde.tech\/international\/152180-der-winter-wird-den-charakter-der-kampfhandlungen-in-der-ukraine-veraendern\/\">Greift &#8220;General Frost&#8221; in den Krieg ein? Wenn ja, auf wessen Seite?<\/a><\/p>\n<\/div>\n<p><br \/>\n<br \/><a href=\"https:\/\/de.rt.com\/international\/152946-exklusiv-fuer-rt-russischer-militarexperte\/\">Source link <\/a><\/p>\n","protected":false},"excerpt":{"rendered":"<p>Nachrichtenagenturen und Medien haben am Sonnabend die Einsch\u00e4tzung des Schweizer Milit\u00e4rexperten Niklas Masuhr berichtet, die Offensivf\u00e4higkeit Russlands sei &#8220;gebrochen&#8221;, Russland fehle es an Waffen und Kampfgeist und die Truppen seien in einem schlechten Zustand. RT DE bat einen russischen Milit\u00e4rexperten um einen Kommentar dazu. Die Deutsche Presseagentur (dpa) ver\u00f6ffentlichte am Sonnabend die Einsch\u00e4tzungen von Niklas [&hellip;]<\/p>\n","protected":false},"author":3,"featured_media":22054,"comment_status":"open","ping_status":"open","sticky":false,"template":"","format":"standard","meta":{"wp_automatic_camp":["217"],"bdcfc6ccb39396bfa57c325ca197732e":["RT DE Exklusiv: Russischer Milit\u00e4rexperte antwortet Schweizer Kollegen"],"original_link":["https:\/\/de.rt.com\/international\/152946-exklusiv-fuer-rt-russischer-militarexperte\/"],"_thumbnail_id":["22054"],"_wptg_p2tg_sent2tg":["2022-10-30 14:34:26"],"jnews_social_counter_last_update":["1777324609"]},"categories":[19,23],"tags":[19076,314,20099,35087,793,3424],"yoast_head":"<!-- This site is optimized with the Yoast SEO Premium plugin v22.7 (Yoast SEO v22.7) - https:\/\/yoast.com\/wordpress\/plugins\/seo\/ -->\n<title>RT DE Exklusiv: Russischer Milit\u00e4rexperte antwortet Schweizer Kollegen - just-now.NEWS Deutschland<\/title>\n<meta name=\"robots\" content=\"index, follow, max-snippet:-1, max-image-preview:large, max-video-preview:-1\" \/>\n<link rel=\"canonical\" href=\"https:\/\/now-news.de\/de\/deutschland\/rt-de-exklusiv-russischer-militaerexperte-antwortet-schweizer-kollegen\/\" \/>\n<meta property=\"og:locale\" content=\"de_DE\" \/>\n<meta property=\"og:type\" content=\"article\" \/>\n<meta property=\"og:title\" content=\"RT DE Exklusiv: Russischer Milit\u00e4rexperte antwortet Schweizer Kollegen\" \/>\n<meta property=\"og:description\" content=\"Nachrichtenagenturen und Medien haben am Sonnabend die Einsch\u00e4tzung des Schweizer Milit\u00e4rexperten Niklas Masuhr berichtet, die Offensivf\u00e4higkeit Russlands sei &#8220;gebrochen&#8221;, Russland fehle es an Waffen und Kampfgeist und die Truppen seien in einem schlechten Zustand. RT DE bat einen russischen Milit\u00e4rexperten um einen Kommentar dazu. Die Deutsche Presseagentur (dpa) ver\u00f6ffentlichte am Sonnabend die Einsch\u00e4tzungen von Niklas [&hellip;]\" \/>\n<meta property=\"og:url\" content=\"https:\/\/now-news.de\/de\/deutschland\/rt-de-exklusiv-russischer-militaerexperte-antwortet-schweizer-kollegen\/\" \/>\n<meta property=\"og:site_name\" content=\"just-now.NEWS Deutschland\" \/>\n<meta property=\"article:publisher\" content=\"https:\/\/www.facebook.com\/wirmachenauf\" \/>\n<meta property=\"article:published_time\" content=\"2022-10-30T12:24:25+00:00\" \/>\n<meta property=\"og:image\" content=\"https:\/\/now-news.de\/de\/wp-content\/uploads\/sites\/3\/2022\/10\/RT-DE-Exklusiv-Russischer-Militaerexperte-antwortet-Schweizer-Kollegen.jpg\" \/>\n\t<meta property=\"og:image:width\" content=\"460\" \/>\n\t<meta property=\"og:image:height\" content=\"259\" \/>\n\t<meta property=\"og:image:type\" content=\"image\/jpeg\" \/>\n<meta name=\"author\" content=\"rtnews\" \/>\n<meta name=\"twitter:card\" content=\"summary_large_image\" \/>\n<meta name=\"twitter:creator\" content=\"@WirMachenAuf_de\" \/>\n<meta name=\"twitter:site\" content=\"@WirMachenAuf_de\" \/>\n<meta name=\"twitter:label1\" content=\"Verfasst von\" \/>\n\t<meta name=\"twitter:data1\" content=\"rtnews\" \/>\n\t<meta name=\"twitter:label2\" content=\"Gesch\u00e4tzte Lesezeit\" \/>\n\t<meta name=\"twitter:data2\" content=\"2\u00a0Minuten\" \/>\n<script type=\"application\/ld+json\" class=\"yoast-schema-graph\">{\"@context\":\"https:\/\/schema.org\",\"@graph\":[{\"@type\":\"Article\",\"@id\":\"https:\/\/now-news.de\/de\/deutschland\/rt-de-exklusiv-russischer-militaerexperte-antwortet-schweizer-kollegen\/#article\",\"isPartOf\":{\"@id\":\"https:\/\/now-news.de\/de\/deutschland\/rt-de-exklusiv-russischer-militaerexperte-antwortet-schweizer-kollegen\/\"},\"author\":{\"name\":\"rtnews\",\"@id\":\"https:\/\/now-news.de\/de\/#\/schema\/person\/fb534a4e865501d8b3285208df34a9b5\"},\"headline\":\"RT DE Exklusiv: Russischer Milit\u00e4rexperte antwortet Schweizer Kollegen\",\"datePublished\":\"2022-10-30T12:24:25+00:00\",\"dateModified\":\"2022-10-30T12:24:25+00:00\",\"mainEntityOfPage\":{\"@id\":\"https:\/\/now-news.de\/de\/deutschland\/rt-de-exklusiv-russischer-militaerexperte-antwortet-schweizer-kollegen\/\"},\"wordCount\":422,\"commentCount\":0,\"publisher\":{\"@id\":\"https:\/\/now-news.de\/de\/#organization\"},\"image\":{\"@id\":\"https:\/\/now-news.de\/de\/deutschland\/rt-de-exklusiv-russischer-militaerexperte-antwortet-schweizer-kollegen\/#primaryimage\"},\"thumbnailUrl\":\"https:\/\/now-news.de\/de\/wp-content\/uploads\/sites\/3\/2022\/10\/RT-DE-Exklusiv-Russischer-Militaerexperte-antwortet-Schweizer-Kollegen.jpg\",\"keywords\":[\"antwortet\",\"exklusiv\",\"Kollegen\",\"Milit\u00e4rexperte\",\"Russischer\",\"Schweizer\"],\"articleSection\":[\"Deutschland\",\"Russland\"],\"inLanguage\":\"de\",\"potentialAction\":[{\"@type\":\"CommentAction\",\"name\":\"Comment\",\"target\":[\"https:\/\/now-news.de\/de\/deutschland\/rt-de-exklusiv-russischer-militaerexperte-antwortet-schweizer-kollegen\/#respond\"]}]},{\"@type\":\"WebPage\",\"@id\":\"https:\/\/now-news.de\/de\/deutschland\/rt-de-exklusiv-russischer-militaerexperte-antwortet-schweizer-kollegen\/\",\"url\":\"https:\/\/now-news.de\/de\/deutschland\/rt-de-exklusiv-russischer-militaerexperte-antwortet-schweizer-kollegen\/\",\"name\":\"RT DE Exklusiv: Russischer Milit\u00e4rexperte antwortet Schweizer Kollegen - just-now.NEWS Deutschland\",\"isPartOf\":{\"@id\":\"https:\/\/now-news.de\/de\/#website\"},\"primaryImageOfPage\":{\"@id\":\"https:\/\/now-news.de\/de\/deutschland\/rt-de-exklusiv-russischer-militaerexperte-antwortet-schweizer-kollegen\/#primaryimage\"},\"image\":{\"@id\":\"https:\/\/now-news.de\/de\/deutschland\/rt-de-exklusiv-russischer-militaerexperte-antwortet-schweizer-kollegen\/#primaryimage\"},\"thumbnailUrl\":\"https:\/\/now-news.de\/de\/wp-content\/uploads\/sites\/3\/2022\/10\/RT-DE-Exklusiv-Russischer-Militaerexperte-antwortet-Schweizer-Kollegen.jpg\",\"datePublished\":\"2022-10-30T12:24:25+00:00\",\"dateModified\":\"2022-10-30T12:24:25+00:00\",\"breadcrumb\":{\"@id\":\"https:\/\/now-news.de\/de\/deutschland\/rt-de-exklusiv-russischer-militaerexperte-antwortet-schweizer-kollegen\/#breadcrumb\"},\"inLanguage\":\"de\",\"potentialAction\":[{\"@type\":\"ReadAction\",\"target\":[\"https:\/\/now-news.de\/de\/deutschland\/rt-de-exklusiv-russischer-militaerexperte-antwortet-schweizer-kollegen\/\"]}]},{\"@type\":\"ImageObject\",\"inLanguage\":\"de\",\"@id\":\"https:\/\/now-news.de\/de\/deutschland\/rt-de-exklusiv-russischer-militaerexperte-antwortet-schweizer-kollegen\/#primaryimage\",\"url\":\"https:\/\/now-news.de\/de\/wp-content\/uploads\/sites\/3\/2022\/10\/RT-DE-Exklusiv-Russischer-Militaerexperte-antwortet-Schweizer-Kollegen.jpg\",\"contentUrl\":\"https:\/\/now-news.de\/de\/wp-content\/uploads\/sites\/3\/2022\/10\/RT-DE-Exklusiv-Russischer-Militaerexperte-antwortet-Schweizer-Kollegen.jpg\",\"width\":460,\"height\":259,\"caption\":\"RT DE Exklusiv: Russischer Milit\u00e4rexperte antwortet Schweizer Kollegen\"},{\"@type\":\"BreadcrumbList\",\"@id\":\"https:\/\/now-news.de\/de\/deutschland\/rt-de-exklusiv-russischer-militaerexperte-antwortet-schweizer-kollegen\/#breadcrumb\",\"itemListElement\":[{\"@type\":\"ListItem\",\"position\":1,\"name\":\"Home\",\"item\":\"https:\/\/now-news.de\/de\/\"},{\"@type\":\"ListItem\",\"position\":2,\"name\":\"RT DE Exklusiv: Russischer Milit\u00e4rexperte antwortet Schweizer Kollegen\"}]},{\"@type\":\"WebSite\",\"@id\":\"https:\/\/now-news.de\/de\/#website\",\"url\":\"https:\/\/now-news.de\/de\/\",\"name\":\"just-now.NEWS Deutschland\",\"description\":\"Das Portal f\u00fcr unzensierte Nachrichten aus der Welt\",\"publisher\":{\"@id\":\"https:\/\/now-news.de\/de\/#organization\"},\"potentialAction\":[{\"@type\":\"SearchAction\",\"target\":{\"@type\":\"EntryPoint\",\"urlTemplate\":\"https:\/\/now-news.de\/de\/?s={search_term_string}\"},\"query-input\":\"required name=search_term_string\"}],\"inLanguage\":\"de\"},{\"@type\":\"Organization\",\"@id\":\"https:\/\/now-news.de\/de\/#organization\",\"name\":\"Just Now News\",\"url\":\"https:\/\/now-news.de\/de\/\",\"logo\":{\"@type\":\"ImageObject\",\"inLanguage\":\"de\",\"@id\":\"https:\/\/now-news.de\/de\/#\/schema\/logo\/image\/\",\"url\":\"http:\/\/just-now.news\/de\/wp-content\/uploads\/sites\/3\/2022\/04\/logo500x500.jpg\",\"contentUrl\":\"http:\/\/just-now.news\/de\/wp-content\/uploads\/sites\/3\/2022\/04\/logo500x500.jpg\",\"width\":500,\"height\":500,\"caption\":\"Just Now News\"},\"image\":{\"@id\":\"https:\/\/now-news.de\/de\/#\/schema\/logo\/image\/\"},\"sameAs\":[\"https:\/\/www.facebook.com\/wirmachenauf\",\"https:\/\/x.com\/WirMachenAuf_de\"]},{\"@type\":\"Person\",\"@id\":\"https:\/\/now-news.de\/de\/#\/schema\/person\/fb534a4e865501d8b3285208df34a9b5\",\"name\":\"rtnews\",\"image\":{\"@type\":\"ImageObject\",\"inLanguage\":\"de\",\"@id\":\"https:\/\/now-news.de\/de\/#\/schema\/person\/image\/\",\"url\":\"https:\/\/secure.gravatar.com\/avatar\/82aafea7d8127119dd649515f56e2117?s=96&d=mm&r=g\",\"contentUrl\":\"https:\/\/secure.gravatar.com\/avatar\/82aafea7d8127119dd649515f56e2117?s=96&d=mm&r=g\",\"caption\":\"rtnews\"},\"url\":\"https:\/\/now-news.de\/de\/author\/rnews\/\"}]}<\/script>\n<!-- \/ Yoast SEO Premium plugin. -->","yoast_head_json":{"title":"RT DE Exklusiv: Russischer Milit\u00e4rexperte antwortet Schweizer Kollegen - just-now.NEWS Deutschland","robots":{"index":"index","follow":"follow","max-snippet":"max-snippet:-1","max-image-preview":"max-image-preview:large","max-video-preview":"max-video-preview:-1"},"canonical":"https:\/\/now-news.de\/de\/deutschland\/rt-de-exklusiv-russischer-militaerexperte-antwortet-schweizer-kollegen\/","og_locale":"de_DE","og_type":"article","og_title":"RT DE Exklusiv: Russischer Milit\u00e4rexperte antwortet Schweizer Kollegen","og_description":"Nachrichtenagenturen und Medien haben am Sonnabend die Einsch\u00e4tzung des Schweizer Milit\u00e4rexperten Niklas Masuhr berichtet, die Offensivf\u00e4higkeit Russlands sei &#8220;gebrochen&#8221;, Russland fehle es an Waffen und Kampfgeist und die Truppen seien in einem schlechten Zustand. RT DE bat einen russischen Milit\u00e4rexperten um einen Kommentar dazu. Die Deutsche Presseagentur (dpa) ver\u00f6ffentlichte am Sonnabend die Einsch\u00e4tzungen von Niklas [&hellip;]","og_url":"https:\/\/now-news.de\/de\/deutschland\/rt-de-exklusiv-russischer-militaerexperte-antwortet-schweizer-kollegen\/","og_site_name":"just-now.NEWS Deutschland","article_publisher":"https:\/\/www.facebook.com\/wirmachenauf","article_published_time":"2022-10-30T12:24:25+00:00","og_image":[{"width":460,"height":259,"url":"https:\/\/now-news.de\/de\/wp-content\/uploads\/sites\/3\/2022\/10\/RT-DE-Exklusiv-Russischer-Militaerexperte-antwortet-Schweizer-Kollegen.jpg","type":"image\/jpeg"}],"author":"rtnews","twitter_card":"summary_large_image","twitter_creator":"@WirMachenAuf_de","twitter_site":"@WirMachenAuf_de","twitter_misc":{"Verfasst von":"rtnews","Gesch\u00e4tzte Lesezeit":"2\u00a0Minuten"},"schema":{"@context":"https:\/\/schema.org","@graph":[{"@type":"Article","@id":"https:\/\/now-news.de\/de\/deutschland\/rt-de-exklusiv-russischer-militaerexperte-antwortet-schweizer-kollegen\/#article","isPartOf":{"@id":"https:\/\/now-news.de\/de\/deutschland\/rt-de-exklusiv-russischer-militaerexperte-antwortet-schweizer-kollegen\/"},"author":{"name":"rtnews","@id":"https:\/\/now-news.de\/de\/#\/schema\/person\/fb534a4e865501d8b3285208df34a9b5"},"headline":"RT DE Exklusiv: Russischer Milit\u00e4rexperte antwortet Schweizer Kollegen","datePublished":"2022-10-30T12:24:25+00:00","dateModified":"2022-10-30T12:24:25+00:00","mainEntityOfPage":{"@id":"https:\/\/now-news.de\/de\/deutschland\/rt-de-exklusiv-russischer-militaerexperte-antwortet-schweizer-kollegen\/"},"wordCount":422,"commentCount":0,"publisher":{"@id":"https:\/\/now-news.de\/de\/#organization"},"image":{"@id":"https:\/\/now-news.de\/de\/deutschland\/rt-de-exklusiv-russischer-militaerexperte-antwortet-schweizer-kollegen\/#primaryimage"},"thumbnailUrl":"https:\/\/now-news.de\/de\/wp-content\/uploads\/sites\/3\/2022\/10\/RT-DE-Exklusiv-Russischer-Militaerexperte-antwortet-Schweizer-Kollegen.jpg","keywords":["antwortet","exklusiv","Kollegen","Milit\u00e4rexperte","Russischer","Schweizer"],"articleSection":["Deutschland","Russland"],"inLanguage":"de","potentialAction":[{"@type":"CommentAction","name":"Comment","target":["https:\/\/now-news.de\/de\/deutschland\/rt-de-exklusiv-russischer-militaerexperte-antwortet-schweizer-kollegen\/#respond"]}]},{"@type":"WebPage","@id":"https:\/\/now-news.de\/de\/deutschland\/rt-de-exklusiv-russischer-militaerexperte-antwortet-schweizer-kollegen\/","url":"https:\/\/now-news.de\/de\/deutschland\/rt-de-exklusiv-russischer-militaerexperte-antwortet-schweizer-kollegen\/","name":"RT DE Exklusiv: Russischer Milit\u00e4rexperte antwortet Schweizer Kollegen - just-now.NEWS Deutschland","isPartOf":{"@id":"https:\/\/now-news.de\/de\/#website"},"primaryImageOfPage":{"@id":"https:\/\/now-news.de\/de\/deutschland\/rt-de-exklusiv-russischer-militaerexperte-antwortet-schweizer-kollegen\/#primaryimage"},"image":{"@id":"https:\/\/now-news.de\/de\/deutschland\/rt-de-exklusiv-russischer-militaerexperte-antwortet-schweizer-kollegen\/#primaryimage"},"thumbnailUrl":"https:\/\/now-news.de\/de\/wp-content\/uploads\/sites\/3\/2022\/10\/RT-DE-Exklusiv-Russischer-Militaerexperte-antwortet-Schweizer-Kollegen.jpg","datePublished":"2022-10-30T12:24:25+00:00","dateModified":"2022-10-30T12:24:25+00:00","breadcrumb":{"@id":"https:\/\/now-news.de\/de\/deutschland\/rt-de-exklusiv-russischer-militaerexperte-antwortet-schweizer-kollegen\/#breadcrumb"},"inLanguage":"de","potentialAction":[{"@type":"ReadAction","target":["https:\/\/now-news.de\/de\/deutschland\/rt-de-exklusiv-russischer-militaerexperte-antwortet-schweizer-kollegen\/"]}]},{"@type":"ImageObject","inLanguage":"de","@id":"https:\/\/now-news.de\/de\/deutschland\/rt-de-exklusiv-russischer-militaerexperte-antwortet-schweizer-kollegen\/#primaryimage","url":"https:\/\/now-news.de\/de\/wp-content\/uploads\/sites\/3\/2022\/10\/RT-DE-Exklusiv-Russischer-Militaerexperte-antwortet-Schweizer-Kollegen.jpg","contentUrl":"https:\/\/now-news.de\/de\/wp-content\/uploads\/sites\/3\/2022\/10\/RT-DE-Exklusiv-Russischer-Militaerexperte-antwortet-Schweizer-Kollegen.jpg","width":460,"height":259,"caption":"RT DE Exklusiv: Russischer Milit\u00e4rexperte antwortet Schweizer Kollegen"},{"@type":"BreadcrumbList","@id":"https:\/\/now-news.de\/de\/deutschland\/rt-de-exklusiv-russischer-militaerexperte-antwortet-schweizer-kollegen\/#breadcrumb","itemListElement":[{"@type":"ListItem","position":1,"name":"Home","item":"https:\/\/now-news.de\/de\/"},{"@type":"ListItem","position":2,"name":"RT DE Exklusiv: Russischer Milit\u00e4rexperte antwortet Schweizer Kollegen"}]},{"@type":"WebSite","@id":"https:\/\/now-news.de\/de\/#website","url":"https:\/\/now-news.de\/de\/","name":"just-now.NEWS Deutschland","description":"Das Portal f\u00fcr unzensierte Nachrichten aus der Welt","publisher":{"@id":"https:\/\/now-news.de\/de\/#organization"},"potentialAction":[{"@type":"SearchAction","target":{"@type":"EntryPoint","urlTemplate":"https:\/\/now-news.de\/de\/?s={search_term_string}"},"query-input":"required name=search_term_string"}],"inLanguage":"de"},{"@type":"Organization","@id":"https:\/\/now-news.de\/de\/#organization","name":"Just Now News","url":"https:\/\/now-news.de\/de\/","logo":{"@type":"ImageObject","inLanguage":"de","@id":"https:\/\/now-news.de\/de\/#\/schema\/logo\/image\/","url":"http:\/\/just-now.news\/de\/wp-content\/uploads\/sites\/3\/2022\/04\/logo500x500.jpg","contentUrl":"http:\/\/just-now.news\/de\/wp-content\/uploads\/sites\/3\/2022\/04\/logo500x500.jpg","width":500,"height":500,"caption":"Just Now News"},"image":{"@id":"https:\/\/now-news.de\/de\/#\/schema\/logo\/image\/"},"sameAs":["https:\/\/www.facebook.com\/wirmachenauf","https:\/\/x.com\/WirMachenAuf_de"]},{"@type":"Person","@id":"https:\/\/now-news.de\/de\/#\/schema\/person\/fb534a4e865501d8b3285208df34a9b5","name":"rtnews","image":{"@type":"ImageObject","inLanguage":"de","@id":"https:\/\/now-news.de\/de\/#\/schema\/person\/image\/","url":"https:\/\/secure.gravatar.com\/avatar\/82aafea7d8127119dd649515f56e2117?s=96&d=mm&r=g","contentUrl":"https:\/\/secure.gravatar.com\/avatar\/82aafea7d8127119dd649515f56e2117?s=96&d=mm&r=g","caption":"rtnews"},"url":"https:\/\/now-news.de\/de\/author\/rnews\/"}]}},"_links":{"self":[{"href":"https:\/\/now-news.de\/de\/wp-json\/wp\/v2\/posts\/22053"}],"collection":[{"href":"https:\/\/now-news.de\/de\/wp-json\/wp\/v2\/posts"}],"about":[{"href":"https:\/\/now-news.de\/de\/wp-json\/wp\/v2\/types\/post"}],"author":[{"embeddable":true,"href":"https:\/\/now-news.de\/de\/wp-json\/wp\/v2\/users\/3"}],"replies":[{"embeddable":true,"href":"https:\/\/now-news.de\/de\/wp-json\/wp\/v2\/comments?post=22053"}],"version-history":[{"count":0,"href":"https:\/\/now-news.de\/de\/wp-json\/wp\/v2\/posts\/22053\/revisions"}],"wp:featuredmedia":[{"embeddable":true,"href":"https:\/\/now-news.de\/de\/wp-json\/wp\/v2\/media\/22054"}],"wp:attachment":[{"href":"https:\/\/now-news.de\/de\/wp-json\/wp\/v2\/media?parent=22053"}],"wp:term":[{"taxonomy":"category","embeddable":true,"href":"https:\/\/now-news.de\/de\/wp-json\/wp\/v2\/categories?post=22053"},{"taxonomy":"post_tag","embeddable":true,"href":"https:\/\/now-news.de\/de\/wp-json\/wp\/v2\/tags?post=22053"}],"curies":[{"name":"wp","href":"https:\/\/api.w.org\/{rel}","templated":true}]}}