{"id":22041,"date":"2022-10-30T09:36:30","date_gmt":"2022-10-30T07:36:30","guid":{"rendered":"http:\/\/just-now.news\/de\/deutschland\/weltmedien-putin-teilt-den-westen-in-zwei\/"},"modified":"2022-10-30T09:36:30","modified_gmt":"2022-10-30T07:36:30","slug":"weltmedien-putin-teilt-den-westen-in-zwei","status":"publish","type":"post","link":"https:\/\/now-news.de\/de\/deutschland\/weltmedien-putin-teilt-den-westen-in-zwei\/","title":{"rendered":"Weltmedien: Putin teilt den Westen in zwei"},"content":{"rendered":"<p><img decoding=\"async\" src=\"http:\/\/just-now.news\/de\/wp-content\/uploads\/sites\/3\/2022\/10\/635d72cfb480cc59ff502078.jpg\" \/><\/p>\n<div class=\"Text-root Text-type_1 \">\n                Im Vorfeld des Konflikts in der Ukraine verlangte Wladimir Putin von der NATO Sicherheitsgarantien. Nun m\u00fcssen die Diplomaten diese Diskussion wieder aufnehmen, um eine Eskalation des Ukraine-Konflikts zu verhindern. Zu diesem Schluss kamen ausl\u00e4ndische Medien in ihrer Analyse von Putins Waldai-Rede.\n            <\/div>\n<p><\/p>\n<div class=\"Text-root Text-type_5 ArticleView-text ViewText-root \">\n<p><em>Von Jewgeni Romanow und Jewgeni Posdnjakow<\/em><\/p>\n<p>&#8220;Pr\u00e4sident Wladimir Putin drosch auf die Vereinigten Staaten und Europa wegen des Krieges in der Ukraine ein, lobte Saudi-Arabien und bekr\u00e4ftigte seine Unterst\u00fctzung f\u00fcr Chinas Anrecht auf Taiwan, mit der Bestrebung, Russland als Verfechter konservativer Werte gegen den westlichen Liberalismus zu positionieren&#8221;, schrieb <em>Bloomberg<\/em>. Die Nachrichtenagentur machte auch auf Putins Worte aufmerksam, wonach Russland keine Pl\u00e4ne f\u00fcr den Einsatz von Atomwaffen in der Ukraine habe.<\/p>\n<p>&#8220;Wir brauchen keinen Atomschlag gegen die Ukraine&#8221;, sagte Putin und erkl\u00e4rte, dass Russland als Antwort auf die Diskussionen in den USA und Europa nur eine Andeutung \u00fcber die M\u00f6glichkeit eines atomaren Konflikts gemacht habe. &#8220;Weder milit\u00e4risch noch politisch ergibt das einen Sinn.&#8221;<\/p>\n<p>&#8220;Entspannt und selbstbewusst wirkend&#8221; betonte Putin, dass &#8220;die amerikanischen Anh\u00e4nger konservativer Werte Russland unterst\u00fctzen. Dabei beschuldigte er die F\u00fchrung der USA und Europas der Willk\u00fcr und erkl\u00e4rte, die \u00c4ra der amerikanischen Vorherrschaft neige sich dem Ende zu. Au\u00dferdem bestand er darauf, dass Russland kein Feind des Westens sei&#8221;, f\u00fcgt die Publikation hinzu.<\/p>\n<p>&#8220;Die Rede Putins war darauf ausgerichtet, die politischen Konservativen im Ausland auf seine Seite zu ziehen. Dabei k\u00e4mpft Russland mit den &#8216;westlichen Eliten&#8217;, nicht mit dem Westen selbst&#8221;, schrieb die <em>New York Times<\/em>.<\/p>\n<p>&#8220;Es gibt zumindest zwei Westen&#8221;, sagte Putin. Seinen Worten zufolge sei einer davon der Westen der &#8220;traditionellen, meist christlichen Werte&#8221;, denen sich die Russen verbunden f\u00fchlen. Doch, so sagte er, &#8220;gibt es einen anderen Westen &#8211; aggressiv, kosmopolitisch, neokolonial, der als Waffe der neoliberalen Elite fungiert&#8221; und der seine &#8220;ziemlich seltsamen&#8221; Werte allen anderen aufzuzwingen versucht. Er bekr\u00e4ftigte seine Aussagen mit der Bezugnahme auf &#8220;Dutzende von Geschlechtern&#8221; und &#8220;Gay-Paraden&#8221;.<\/p>\n<p>&#8220;In seinem vierst\u00fcndigen Auftritt erw\u00e4hnte der russische Pr\u00e4sident mit keinem Wort die Zwischenwahlen in den USA am 8. November. Seine Sticheleien gegen die &#8216;Eliten&#8217; erinnern jedoch daran, dass er immer noch auf B\u00fcndnisse mit Russlands Bef\u00fcrwortern im Westen hofft&#8221;, folgert die <em>NYT<\/em> und f\u00fcgt hinzu:<\/p>\n<p>&#8220;Putin ist sich sicher, dass der Westen letztendlich gezwungen sein wird, Russland und andere Nationen in Verhandlungen \u00fcber die Zukunft einer Weltordnung einzubeziehen. Er vertraute schon immer auf die Kraft des gesunden Menschenverstandes und werde dies auch weiterhin tun, sagte er. Aus diesem Grund sei er zuversichtlich, dass die neuen Zentren einer multipolaren Weltordnung und der Westen fr\u00fcher oder sp\u00e4ter anfangen m\u00fcssen, auf gleicher Augenh\u00f6he miteinander zu reden.&#8221;<\/p>\n<p>Die Tageszeitung <em>Politico<\/em>, wie auch viele andere amerikanische Medien,\u00a0lenkt die Aufmerksamkeit auf die Abneigung des russischen Pr\u00e4sidenten, Atomwaffen einzusetzen: &#8220;Au\u00dferdem wiederholte Putin seine alte Aussage, dass Russen und Ukrainer Teil eines gemeinsamen Volkes seien, und bezeichnete die Ukraine erneut als &#8216;k\u00fcnstlichen Staat&#8217;, der historisch gesehen russisches\u00a0Territorium von den kommunistischen Machthabern w\u00e4hrend der Sowjet-\u00c4ra erhalten habe.&#8221;<\/p>\n<p>&#8220;Zudem erkl\u00e4rte der russische Staatschef, dass die Politik des Westens zu noch gr\u00f6\u00dferem Chaos f\u00fchren werde, und f\u00fcgte hinzu: &#8216;Wer den Wind s\u00e4t, wird den Sturm ernten&#8217;. Putin sagte, er denke &#8216;die ganze Zeit&#8217; \u00fcber die Verluste nach, mit denen Russland im Ukraine-Konflikt konfrontiert sei. Allerdings beharrte er darauf, dass die Weigerung der NATO, eine m\u00f6gliche ukrainische Mitgliedschaft auszuschlie\u00dfen, und die Weigerung Kiews, sich an das Friedensabkommen zum Konflikt im Osten zu halten, Moskau keine andere Wahl lie\u00dfen&#8221;, so die Medien erg\u00e4nzend.<\/p>\n<p>Unterdessen schreibt die <em>Washington Post<\/em>, dass &#8220;die Notwendigkeit von mehr Diplomatie zwischen Russland und den USA auf der Hand liegt, aber sie sollte sich auf die Verhinderung eines katastrophalen Konflikts zwischen den beiden L\u00e4ndern konzentrieren, anstatt auf fruchtlose Versuche, den Krieg in der Ukraine zu beenden&#8221;.<\/p>\n<p>&#8220;Die USA haben ein best\u00e4ndiges nationales Interesse daran, einen direkten Krieg mit Russland zu vermeiden. Im Vorfeld des Konflikts in der Ukraine verlangte Putin von der NATO Sicherheitsgarantien. Die Diplomaten sollten diese Diskussion wieder aufnehmen. Wir erinnern daran, dass die gegenseitigen Garantien das Instrument zur L\u00f6sung der Kubakrise waren. Das geheime Abkommen lautete wie folgt: Wir werden unsere Atomwaffen aus der T\u00fcrkei abziehen, wenn eure aus Kuba verschwinden&#8221;, schreibt der Autor der <em>Washington Post<\/em>.<\/p>\n<p>&#8220;Deshalb ist es nicht ratsam, dass die USA jetzt \u00fcber das Endspiel des Krieges in der Ukraine verhandeln. Das ist das Pr\u00e4rogativ Kiews. Doch es ist an der Zeit, dringend dar\u00fcber zu sprechen, wie verhindert werden kann, dass dieser schreckliche Krieg zu etwas viel Schlimmerem wird&#8221;, ist die Annahme der Zeitung.<\/p>\n<p>Ihrerseits verweist die <em>Financial Times<\/em> auf Putins &#8220;weitaus vers\u00f6hnlicheren Ton im Vergleich zu den vergangenen Monaten&#8221;, weil der Pr\u00e4sident Russlands &#8220;seine Rede mit einem Aufruf zu gegenseitigem Respekt und nicht mit Drohungen beendete&#8221;: &#8220;Er hob hervor, dass Russland im Dezember mit einem Vorschlag zur Wiederaufnahme der\u00a0Gespr\u00e4che \u00fcber strategische Stabilit\u00e4t an die USA herangetreten sei, aber eine Antwort habe Moskau nicht erhalten&#8221;. &#8220;Wenn sie es wollen, sind wir bereit&#8221;, sagte er.<\/p>\n<p>&#8220;Putin f\u00fcgte hinzu, dass es auf der Welt viele Machtzentren gebe, weshalb der UN-Sicherheitsrat umstrukturiert und ein &#8216;Dialog auf Augenh\u00f6he&#8217; zwischen den Weltm\u00e4chten, darunter Russland und der Westen, aufgenommen werden sollte&#8221;, so die <em>FT<\/em>.<\/p>\n<p>Andere britische Medien reagierten auf die \u00c4u\u00dferungen des russischen Staatsoberhaupts zu der ehemaligen britischen Premierministerin. &#8220;Putin nannte Liz Truss &#8216;verr\u00fcckt'&#8221;, lautet eine Schlagzeile des Fernsehsenders <em>Sky News<\/em>. Er sagte, sie sei wahrscheinlich &#8220;nicht ganz sie selbst gewesen&#8221;, und erkl\u00e4rte, er habe &#8220;nie im Voraus etwas \u00fcber einen m\u00f6glichen Einsatz von Atomwaffen durch Russland gesagt&#8221;.<\/p>\n<p>Der <em>Guardian<\/em>, die Worte Putins analysierend, erw\u00e4hnt auch die Kritik an Truss, &#8220;dass sie &#8216;bereit sei, es zu tun&#8217;, d.h. Atomwaffen einzusetzen&#8221;. &#8220;Nun, sagen wir mal, sie ist ins Fettn\u00e4pfchen getreten &#8211; das Fr\u00e4ulein scheint ein wenig den Verstand verloren zu haben&#8221;, sagte Putin. &#8220;Warum erlaubst du dir, solche Sachen in der \u00d6ffentlichkeit zu erw\u00e4hnen?&#8221; Er warf Washington vor, sich nicht von Truss&#8217; \u00c4u\u00dferungen distanziert zu haben.<\/p>\n<p>Erw\u00e4hnenswert ist, dass die Rede Putins auch in Asien, insbesondere in China, lebhaft analysiert wird. &#8220;Putin hat gewarnt, dass die Welt vor dem &#8216;gef\u00e4hrlichsten Jahrzehnt seit dem Zweiten Weltkrieg&#8217; stehe und kritisierte die westliche liberale F\u00fchrung wegen der Unterh\u00f6hlung &#8216;traditioneller Werte'&#8221;, schrieb <em>Sina<\/em>.<\/p>\n<p>&#8220;In der Rede von Putin konnte man auch eine gewisse Vorwegnahme einer aufkeimenden Revolution versp\u00fcren. Lenin wurde mit den Worten zitiert: &#8216;Die Basis will nicht so leben wie bisher, und die Spitze kann nicht so weiterleben wie bisher.&#8217; Auch \u00fcber die &#8216;Kreml-Verschw\u00f6rung&#8217; hat sich der Pr\u00e4sident ge\u00e4u\u00dfert: Er unterstreicht, dass es Wahnsinn ist, \u00fcberall die Hand Moskaus zu sehen&#8221;, schreibt das Nachrichtenportal <em>Fenghuang Wang<\/em>.<\/p>\n<p>&#8220;Putin bekundete noch einmal seinen Standpunkt zu Ukrainern und Russen: Das ist ein Volk. F\u00fcr den russischen Pr\u00e4sidenten hat der Konflikt damit den Charakter eines vom Westen angeheizten B\u00fcrgerkriegs&#8221;, hei\u00dft es in der Publikation.<\/p>\n<p>&#8220;Diese Meinung bekr\u00e4ftigte Putin mit einem Zitat des Schriftstellers Solschenizyn \u00fcber die &#8216;Verblendung durch Vorz\u00fcglichkeit&#8217;, die den westlichen L\u00e4ndern eigen ist. Im Allgemeinen war die Rede des Pr\u00e4sidenten reich an Zitaten gro\u00dfer Pers\u00f6nlichkeiten der Vergangenheit: Dostojewski, Kopernikus, Shakespeare&#8221;, unterstreicht der Autor.<\/p>\n<p>&#8220;Er erkannte die neumodischen Trends in den westlichen L\u00e4ndern als merkw\u00fcrdig an, wobei er auf die Dutzenden von Geschlechtern und die Gay-Paraden verwies. Sein Vorwurf war jedoch nicht darin begr\u00fcndet, dass sie solche Dinge in ihrem eigenen Land zulassen, sondern dass sie versuchen, sie anderen L\u00e4ndern aufzuzwingen. &#8216;Niemand wird Russland vorschreiben k\u00f6nnen, welche Art von Gesellschaft es aufbauen wird'&#8221;, zitierte das Portal Putins Worte.<\/p>\n<p>&#8220;Aus dem Verk\u00fcndeten kann das Fazit gezogen werden, dass die Differenzen zwischen Russland und dem Westen nicht innerhalb kurzer Zeit \u00fcberwunden werden k\u00f6nnen. Putin macht sich diesbez\u00fcglich keine Illusionen. Zweifelsohne befindet sich die Welt in einem\u00a0tiefgreifenden Wandel und das spiegelt sich klar in Putins Rede wider. \u00dcbrigens, das Zitat \u00fcber die Unter- und Oberschicht ist leicht nachzuvollziehen und nachzuempfinden&#8221;, res\u00fcmieren die chinesischen Analysten.<\/p>\n<p><em>\u00dcbersetzt aus dem <a rel=\"nofollow noopener\" target=\"_blank\" href=\"https:\/\/vz.ru\/politics\/2022\/10\/28\/1184266.html\">Russischen<\/a>.<\/em><\/p>\n<p><strong>Mehr zum Thema<\/strong> &#8211; <a rel=\"nofollow noopener\" target=\"_blank\" href=\"https:\/\/de.rt.com\/international\/152642-goring-eckardt-putin-will-ukrainische\/\">G\u00f6ring-Eckardt: Putin will &#8220;ukrainische Sprache und Kultur zerst\u00f6ren&#8221;<\/a><\/p>\n<div class=\"EmbedBlock-root EmbedBlock-externalVideo EmbedBlock-odysee\">\n<div class=\"VkEmbed\"><iframe class=\"lazyload\" data-src=\"https:\/\/odysee.com\/%24\/embed\/%40RTDE%3Ae%2Fputin-richtet-sich-mit-witz-eines-deutschen-freundes-direkt-an-die-westlichen-b%C3%BCrger%3Ac\" frameborder=\"0\" width=\"853\" height=\"480\" allowfullscreen><\/iframe><\/div>\n<\/div>\n<\/div>\n<p><br \/>\n<br \/><a href=\"https:\/\/de.rt.com\/international\/152898-weltmedien-putin-teilt-westen-in\/\">Source link <\/a><\/p>\n","protected":false},"excerpt":{"rendered":"<p>Im Vorfeld des Konflikts in der Ukraine verlangte Wladimir Putin von der NATO Sicherheitsgarantien. Nun m\u00fcssen die Diplomaten diese Diskussion wieder aufnehmen, um eine Eskalation des Ukraine-Konflikts zu verhindern. Zu diesem Schluss kamen ausl\u00e4ndische Medien in ihrer Analyse von Putins Waldai-Rede. Von Jewgeni Romanow und Jewgeni Posdnjakow &#8220;Pr\u00e4sident Wladimir Putin drosch auf die Vereinigten Staaten [&hellip;]<\/p>\n","protected":false},"author":3,"featured_media":22042,"comment_status":"open","ping_status":"open","sticky":false,"template":"","format":"standard","meta":{"wp_automatic_camp":["217"],"bfba4bc7dc1d67ac392bf367ea6d0370":["Weltmedien: Putin teilt den Westen in zwei"],"original_link":["https:\/\/de.rt.com\/international\/152898-weltmedien-putin-teilt-westen-in\/"],"_thumbnail_id":["22042"],"_wptg_p2tg_sent2tg":["2022-10-30 09:42:30"],"jnews_social_counter_last_update":["1777153725"]},"categories":[19,23],"tags":[48,125,19543,35079,378,1003],"yoast_head":"<!-- This site is optimized with the Yoast SEO Premium plugin v22.7 (Yoast SEO v22.7) - https:\/\/yoast.com\/wordpress\/plugins\/seo\/ -->\n<title>Weltmedien: Putin teilt den Westen in zwei - just-now.NEWS Deutschland<\/title>\n<meta name=\"robots\" content=\"index, follow, max-snippet:-1, max-image-preview:large, max-video-preview:-1\" \/>\n<link rel=\"canonical\" href=\"https:\/\/now-news.de\/de\/deutschland\/weltmedien-putin-teilt-den-westen-in-zwei\/\" \/>\n<meta property=\"og:locale\" content=\"de_DE\" \/>\n<meta property=\"og:type\" content=\"article\" \/>\n<meta property=\"og:title\" content=\"Weltmedien: Putin teilt den Westen in zwei\" \/>\n<meta property=\"og:description\" content=\"Im Vorfeld des Konflikts in der Ukraine verlangte Wladimir Putin von der NATO Sicherheitsgarantien. Nun m\u00fcssen die Diplomaten diese Diskussion wieder aufnehmen, um eine Eskalation des Ukraine-Konflikts zu verhindern. Zu diesem Schluss kamen ausl\u00e4ndische Medien in ihrer Analyse von Putins Waldai-Rede. Von Jewgeni Romanow und Jewgeni Posdnjakow &#8220;Pr\u00e4sident Wladimir Putin drosch auf die Vereinigten Staaten [&hellip;]\" \/>\n<meta property=\"og:url\" content=\"https:\/\/now-news.de\/de\/deutschland\/weltmedien-putin-teilt-den-westen-in-zwei\/\" \/>\n<meta property=\"og:site_name\" content=\"just-now.NEWS Deutschland\" \/>\n<meta property=\"article:publisher\" content=\"https:\/\/www.facebook.com\/wirmachenauf\" \/>\n<meta property=\"article:published_time\" content=\"2022-10-30T07:36:30+00:00\" \/>\n<meta property=\"og:image\" content=\"https:\/\/now-news.de\/de\/wp-content\/uploads\/sites\/3\/2022\/10\/Weltmedien-Putin-teilt-den-Westen-in-zwei.jpg\" \/>\n\t<meta property=\"og:image:width\" content=\"460\" \/>\n\t<meta property=\"og:image:height\" content=\"259\" \/>\n\t<meta property=\"og:image:type\" content=\"image\/jpeg\" \/>\n<meta name=\"author\" content=\"rtnews\" \/>\n<meta name=\"twitter:card\" content=\"summary_large_image\" \/>\n<meta name=\"twitter:creator\" content=\"@WirMachenAuf_de\" \/>\n<meta name=\"twitter:site\" content=\"@WirMachenAuf_de\" \/>\n<meta name=\"twitter:label1\" content=\"Verfasst von\" \/>\n\t<meta name=\"twitter:data1\" content=\"rtnews\" \/>\n\t<meta name=\"twitter:label2\" content=\"Gesch\u00e4tzte Lesezeit\" \/>\n\t<meta name=\"twitter:data2\" content=\"7\u00a0Minuten\" \/>\n<script type=\"application\/ld+json\" class=\"yoast-schema-graph\">{\"@context\":\"https:\/\/schema.org\",\"@graph\":[{\"@type\":\"Article\",\"@id\":\"https:\/\/now-news.de\/de\/deutschland\/weltmedien-putin-teilt-den-westen-in-zwei\/#article\",\"isPartOf\":{\"@id\":\"https:\/\/now-news.de\/de\/deutschland\/weltmedien-putin-teilt-den-westen-in-zwei\/\"},\"author\":{\"name\":\"rtnews\",\"@id\":\"https:\/\/now-news.de\/de\/#\/schema\/person\/fb534a4e865501d8b3285208df34a9b5\"},\"headline\":\"Weltmedien: Putin teilt den Westen in zwei\",\"datePublished\":\"2022-10-30T07:36:30+00:00\",\"dateModified\":\"2022-10-30T07:36:30+00:00\",\"mainEntityOfPage\":{\"@id\":\"https:\/\/now-news.de\/de\/deutschland\/weltmedien-putin-teilt-den-westen-in-zwei\/\"},\"wordCount\":1390,\"commentCount\":3,\"publisher\":{\"@id\":\"https:\/\/now-news.de\/de\/#organization\"},\"image\":{\"@id\":\"https:\/\/now-news.de\/de\/deutschland\/weltmedien-putin-teilt-den-westen-in-zwei\/#primaryimage\"},\"thumbnailUrl\":\"https:\/\/now-news.de\/de\/wp-content\/uploads\/sites\/3\/2022\/10\/Weltmedien-Putin-teilt-den-Westen-in-zwei.jpg\",\"keywords\":[\"den\",\"putin\",\"teilt\",\"Weltmedien\",\"Westen\",\"zwei\"],\"articleSection\":[\"Deutschland\",\"Russland\"],\"inLanguage\":\"de\",\"potentialAction\":[{\"@type\":\"CommentAction\",\"name\":\"Comment\",\"target\":[\"https:\/\/now-news.de\/de\/deutschland\/weltmedien-putin-teilt-den-westen-in-zwei\/#respond\"]}]},{\"@type\":\"WebPage\",\"@id\":\"https:\/\/now-news.de\/de\/deutschland\/weltmedien-putin-teilt-den-westen-in-zwei\/\",\"url\":\"https:\/\/now-news.de\/de\/deutschland\/weltmedien-putin-teilt-den-westen-in-zwei\/\",\"name\":\"Weltmedien: Putin teilt den Westen in zwei - just-now.NEWS Deutschland\",\"isPartOf\":{\"@id\":\"https:\/\/now-news.de\/de\/#website\"},\"primaryImageOfPage\":{\"@id\":\"https:\/\/now-news.de\/de\/deutschland\/weltmedien-putin-teilt-den-westen-in-zwei\/#primaryimage\"},\"image\":{\"@id\":\"https:\/\/now-news.de\/de\/deutschland\/weltmedien-putin-teilt-den-westen-in-zwei\/#primaryimage\"},\"thumbnailUrl\":\"https:\/\/now-news.de\/de\/wp-content\/uploads\/sites\/3\/2022\/10\/Weltmedien-Putin-teilt-den-Westen-in-zwei.jpg\",\"datePublished\":\"2022-10-30T07:36:30+00:00\",\"dateModified\":\"2022-10-30T07:36:30+00:00\",\"breadcrumb\":{\"@id\":\"https:\/\/now-news.de\/de\/deutschland\/weltmedien-putin-teilt-den-westen-in-zwei\/#breadcrumb\"},\"inLanguage\":\"de\",\"potentialAction\":[{\"@type\":\"ReadAction\",\"target\":[\"https:\/\/now-news.de\/de\/deutschland\/weltmedien-putin-teilt-den-westen-in-zwei\/\"]}]},{\"@type\":\"ImageObject\",\"inLanguage\":\"de\",\"@id\":\"https:\/\/now-news.de\/de\/deutschland\/weltmedien-putin-teilt-den-westen-in-zwei\/#primaryimage\",\"url\":\"https:\/\/now-news.de\/de\/wp-content\/uploads\/sites\/3\/2022\/10\/Weltmedien-Putin-teilt-den-Westen-in-zwei.jpg\",\"contentUrl\":\"https:\/\/now-news.de\/de\/wp-content\/uploads\/sites\/3\/2022\/10\/Weltmedien-Putin-teilt-den-Westen-in-zwei.jpg\",\"width\":460,\"height\":259,\"caption\":\"Weltmedien: Putin teilt den Westen in zwei\"},{\"@type\":\"BreadcrumbList\",\"@id\":\"https:\/\/now-news.de\/de\/deutschland\/weltmedien-putin-teilt-den-westen-in-zwei\/#breadcrumb\",\"itemListElement\":[{\"@type\":\"ListItem\",\"position\":1,\"name\":\"Home\",\"item\":\"https:\/\/now-news.de\/de\/\"},{\"@type\":\"ListItem\",\"position\":2,\"name\":\"Weltmedien: Putin teilt den Westen in zwei\"}]},{\"@type\":\"WebSite\",\"@id\":\"https:\/\/now-news.de\/de\/#website\",\"url\":\"https:\/\/now-news.de\/de\/\",\"name\":\"just-now.NEWS Deutschland\",\"description\":\"Das Portal f\u00fcr unzensierte Nachrichten aus der Welt\",\"publisher\":{\"@id\":\"https:\/\/now-news.de\/de\/#organization\"},\"potentialAction\":[{\"@type\":\"SearchAction\",\"target\":{\"@type\":\"EntryPoint\",\"urlTemplate\":\"https:\/\/now-news.de\/de\/?s={search_term_string}\"},\"query-input\":\"required name=search_term_string\"}],\"inLanguage\":\"de\"},{\"@type\":\"Organization\",\"@id\":\"https:\/\/now-news.de\/de\/#organization\",\"name\":\"Just Now News\",\"url\":\"https:\/\/now-news.de\/de\/\",\"logo\":{\"@type\":\"ImageObject\",\"inLanguage\":\"de\",\"@id\":\"https:\/\/now-news.de\/de\/#\/schema\/logo\/image\/\",\"url\":\"http:\/\/just-now.news\/de\/wp-content\/uploads\/sites\/3\/2022\/04\/logo500x500.jpg\",\"contentUrl\":\"http:\/\/just-now.news\/de\/wp-content\/uploads\/sites\/3\/2022\/04\/logo500x500.jpg\",\"width\":500,\"height\":500,\"caption\":\"Just Now News\"},\"image\":{\"@id\":\"https:\/\/now-news.de\/de\/#\/schema\/logo\/image\/\"},\"sameAs\":[\"https:\/\/www.facebook.com\/wirmachenauf\",\"https:\/\/x.com\/WirMachenAuf_de\"]},{\"@type\":\"Person\",\"@id\":\"https:\/\/now-news.de\/de\/#\/schema\/person\/fb534a4e865501d8b3285208df34a9b5\",\"name\":\"rtnews\",\"image\":{\"@type\":\"ImageObject\",\"inLanguage\":\"de\",\"@id\":\"https:\/\/now-news.de\/de\/#\/schema\/person\/image\/\",\"url\":\"https:\/\/secure.gravatar.com\/avatar\/82aafea7d8127119dd649515f56e2117?s=96&d=mm&r=g\",\"contentUrl\":\"https:\/\/secure.gravatar.com\/avatar\/82aafea7d8127119dd649515f56e2117?s=96&d=mm&r=g\",\"caption\":\"rtnews\"},\"url\":\"https:\/\/now-news.de\/de\/author\/rnews\/\"}]}<\/script>\n<!-- \/ Yoast SEO Premium plugin. -->","yoast_head_json":{"title":"Weltmedien: Putin teilt den Westen in zwei - just-now.NEWS Deutschland","robots":{"index":"index","follow":"follow","max-snippet":"max-snippet:-1","max-image-preview":"max-image-preview:large","max-video-preview":"max-video-preview:-1"},"canonical":"https:\/\/now-news.de\/de\/deutschland\/weltmedien-putin-teilt-den-westen-in-zwei\/","og_locale":"de_DE","og_type":"article","og_title":"Weltmedien: Putin teilt den Westen in zwei","og_description":"Im Vorfeld des Konflikts in der Ukraine verlangte Wladimir Putin von der NATO Sicherheitsgarantien. Nun m\u00fcssen die Diplomaten diese Diskussion wieder aufnehmen, um eine Eskalation des Ukraine-Konflikts zu verhindern. Zu diesem Schluss kamen ausl\u00e4ndische Medien in ihrer Analyse von Putins Waldai-Rede. Von Jewgeni Romanow und Jewgeni Posdnjakow &#8220;Pr\u00e4sident Wladimir Putin drosch auf die Vereinigten Staaten [&hellip;]","og_url":"https:\/\/now-news.de\/de\/deutschland\/weltmedien-putin-teilt-den-westen-in-zwei\/","og_site_name":"just-now.NEWS Deutschland","article_publisher":"https:\/\/www.facebook.com\/wirmachenauf","article_published_time":"2022-10-30T07:36:30+00:00","og_image":[{"width":460,"height":259,"url":"https:\/\/now-news.de\/de\/wp-content\/uploads\/sites\/3\/2022\/10\/Weltmedien-Putin-teilt-den-Westen-in-zwei.jpg","type":"image\/jpeg"}],"author":"rtnews","twitter_card":"summary_large_image","twitter_creator":"@WirMachenAuf_de","twitter_site":"@WirMachenAuf_de","twitter_misc":{"Verfasst von":"rtnews","Gesch\u00e4tzte Lesezeit":"7\u00a0Minuten"},"schema":{"@context":"https:\/\/schema.org","@graph":[{"@type":"Article","@id":"https:\/\/now-news.de\/de\/deutschland\/weltmedien-putin-teilt-den-westen-in-zwei\/#article","isPartOf":{"@id":"https:\/\/now-news.de\/de\/deutschland\/weltmedien-putin-teilt-den-westen-in-zwei\/"},"author":{"name":"rtnews","@id":"https:\/\/now-news.de\/de\/#\/schema\/person\/fb534a4e865501d8b3285208df34a9b5"},"headline":"Weltmedien: Putin teilt den Westen in zwei","datePublished":"2022-10-30T07:36:30+00:00","dateModified":"2022-10-30T07:36:30+00:00","mainEntityOfPage":{"@id":"https:\/\/now-news.de\/de\/deutschland\/weltmedien-putin-teilt-den-westen-in-zwei\/"},"wordCount":1390,"commentCount":3,"publisher":{"@id":"https:\/\/now-news.de\/de\/#organization"},"image":{"@id":"https:\/\/now-news.de\/de\/deutschland\/weltmedien-putin-teilt-den-westen-in-zwei\/#primaryimage"},"thumbnailUrl":"https:\/\/now-news.de\/de\/wp-content\/uploads\/sites\/3\/2022\/10\/Weltmedien-Putin-teilt-den-Westen-in-zwei.jpg","keywords":["den","putin","teilt","Weltmedien","Westen","zwei"],"articleSection":["Deutschland","Russland"],"inLanguage":"de","potentialAction":[{"@type":"CommentAction","name":"Comment","target":["https:\/\/now-news.de\/de\/deutschland\/weltmedien-putin-teilt-den-westen-in-zwei\/#respond"]}]},{"@type":"WebPage","@id":"https:\/\/now-news.de\/de\/deutschland\/weltmedien-putin-teilt-den-westen-in-zwei\/","url":"https:\/\/now-news.de\/de\/deutschland\/weltmedien-putin-teilt-den-westen-in-zwei\/","name":"Weltmedien: Putin teilt den Westen in zwei - just-now.NEWS Deutschland","isPartOf":{"@id":"https:\/\/now-news.de\/de\/#website"},"primaryImageOfPage":{"@id":"https:\/\/now-news.de\/de\/deutschland\/weltmedien-putin-teilt-den-westen-in-zwei\/#primaryimage"},"image":{"@id":"https:\/\/now-news.de\/de\/deutschland\/weltmedien-putin-teilt-den-westen-in-zwei\/#primaryimage"},"thumbnailUrl":"https:\/\/now-news.de\/de\/wp-content\/uploads\/sites\/3\/2022\/10\/Weltmedien-Putin-teilt-den-Westen-in-zwei.jpg","datePublished":"2022-10-30T07:36:30+00:00","dateModified":"2022-10-30T07:36:30+00:00","breadcrumb":{"@id":"https:\/\/now-news.de\/de\/deutschland\/weltmedien-putin-teilt-den-westen-in-zwei\/#breadcrumb"},"inLanguage":"de","potentialAction":[{"@type":"ReadAction","target":["https:\/\/now-news.de\/de\/deutschland\/weltmedien-putin-teilt-den-westen-in-zwei\/"]}]},{"@type":"ImageObject","inLanguage":"de","@id":"https:\/\/now-news.de\/de\/deutschland\/weltmedien-putin-teilt-den-westen-in-zwei\/#primaryimage","url":"https:\/\/now-news.de\/de\/wp-content\/uploads\/sites\/3\/2022\/10\/Weltmedien-Putin-teilt-den-Westen-in-zwei.jpg","contentUrl":"https:\/\/now-news.de\/de\/wp-content\/uploads\/sites\/3\/2022\/10\/Weltmedien-Putin-teilt-den-Westen-in-zwei.jpg","width":460,"height":259,"caption":"Weltmedien: Putin teilt den Westen in zwei"},{"@type":"BreadcrumbList","@id":"https:\/\/now-news.de\/de\/deutschland\/weltmedien-putin-teilt-den-westen-in-zwei\/#breadcrumb","itemListElement":[{"@type":"ListItem","position":1,"name":"Home","item":"https:\/\/now-news.de\/de\/"},{"@type":"ListItem","position":2,"name":"Weltmedien: Putin teilt den Westen in zwei"}]},{"@type":"WebSite","@id":"https:\/\/now-news.de\/de\/#website","url":"https:\/\/now-news.de\/de\/","name":"just-now.NEWS Deutschland","description":"Das Portal f\u00fcr unzensierte Nachrichten aus der Welt","publisher":{"@id":"https:\/\/now-news.de\/de\/#organization"},"potentialAction":[{"@type":"SearchAction","target":{"@type":"EntryPoint","urlTemplate":"https:\/\/now-news.de\/de\/?s={search_term_string}"},"query-input":"required name=search_term_string"}],"inLanguage":"de"},{"@type":"Organization","@id":"https:\/\/now-news.de\/de\/#organization","name":"Just Now News","url":"https:\/\/now-news.de\/de\/","logo":{"@type":"ImageObject","inLanguage":"de","@id":"https:\/\/now-news.de\/de\/#\/schema\/logo\/image\/","url":"http:\/\/just-now.news\/de\/wp-content\/uploads\/sites\/3\/2022\/04\/logo500x500.jpg","contentUrl":"http:\/\/just-now.news\/de\/wp-content\/uploads\/sites\/3\/2022\/04\/logo500x500.jpg","width":500,"height":500,"caption":"Just Now News"},"image":{"@id":"https:\/\/now-news.de\/de\/#\/schema\/logo\/image\/"},"sameAs":["https:\/\/www.facebook.com\/wirmachenauf","https:\/\/x.com\/WirMachenAuf_de"]},{"@type":"Person","@id":"https:\/\/now-news.de\/de\/#\/schema\/person\/fb534a4e865501d8b3285208df34a9b5","name":"rtnews","image":{"@type":"ImageObject","inLanguage":"de","@id":"https:\/\/now-news.de\/de\/#\/schema\/person\/image\/","url":"https:\/\/secure.gravatar.com\/avatar\/82aafea7d8127119dd649515f56e2117?s=96&d=mm&r=g","contentUrl":"https:\/\/secure.gravatar.com\/avatar\/82aafea7d8127119dd649515f56e2117?s=96&d=mm&r=g","caption":"rtnews"},"url":"https:\/\/now-news.de\/de\/author\/rnews\/"}]}},"_links":{"self":[{"href":"https:\/\/now-news.de\/de\/wp-json\/wp\/v2\/posts\/22041"}],"collection":[{"href":"https:\/\/now-news.de\/de\/wp-json\/wp\/v2\/posts"}],"about":[{"href":"https:\/\/now-news.de\/de\/wp-json\/wp\/v2\/types\/post"}],"author":[{"embeddable":true,"href":"https:\/\/now-news.de\/de\/wp-json\/wp\/v2\/users\/3"}],"replies":[{"embeddable":true,"href":"https:\/\/now-news.de\/de\/wp-json\/wp\/v2\/comments?post=22041"}],"version-history":[{"count":0,"href":"https:\/\/now-news.de\/de\/wp-json\/wp\/v2\/posts\/22041\/revisions"}],"wp:featuredmedia":[{"embeddable":true,"href":"https:\/\/now-news.de\/de\/wp-json\/wp\/v2\/media\/22042"}],"wp:attachment":[{"href":"https:\/\/now-news.de\/de\/wp-json\/wp\/v2\/media?parent=22041"}],"wp:term":[{"taxonomy":"category","embeddable":true,"href":"https:\/\/now-news.de\/de\/wp-json\/wp\/v2\/categories?post=22041"},{"taxonomy":"post_tag","embeddable":true,"href":"https:\/\/now-news.de\/de\/wp-json\/wp\/v2\/tags?post=22041"}],"curies":[{"name":"wp","href":"https:\/\/api.w.org\/{rel}","templated":true}]}}