{"id":21968,"date":"2022-10-28T20:20:26","date_gmt":"2022-10-28T18:20:26","guid":{"rendered":"http:\/\/just-now.news\/de\/deutschland\/patruschew-entschuldigt-sich-fuer-aeusserungen-seines-stellvertreters-ueber-die-chassidim\/"},"modified":"2022-10-28T20:20:26","modified_gmt":"2022-10-28T18:20:26","slug":"patruschew-entschuldigt-sich-fuer-aeusserungen-seines-stellvertreters-ueber-die-chassidim","status":"publish","type":"post","link":"https:\/\/now-news.de\/de\/deutschland\/patruschew-entschuldigt-sich-fuer-aeusserungen-seines-stellvertreters-ueber-die-chassidim\/","title":{"rendered":"Patruschew entschuldigt sich f\u00fcr \u00c4u\u00dferungen seines Stellvertreters \u00fcber die Chassidim"},"content":{"rendered":"<p><img decoding=\"async\" src=\"http:\/\/just-now.news\/de\/wp-content\/uploads\/sites\/3\/2022\/10\/635bf358b480cc696109de38.jpg\" \/><\/p>\n<div class=\"Text-root Text-type_1 \">\n                Der stellvertretende Sekret\u00e4r des Nationalen Sicherheitsrates der Russischen F\u00f6deration, Nikolai Patruschew, hat sich am Freitag f\u00fcr den Artikel eines seiner Mitarbeiter entschuldigt, in dem die chassidische Str\u00f6mung des ultraorthodoxen Judentums als Beispiel f\u00fcr eine der religi\u00f6sen Sekten gebraucht wurde, die in der Ukraine aktiv sind.\n            <\/div>\n<p><\/p>\n<div class=\"Text-root Text-type_5 ArticleView-text ViewText-root \">\n<p>Der Sekret\u00e4r des russischen Sicherheitsrates, Nikolai Patruschew, hat sich bei den Lesern der Wochenzeitung <em>Argumenty i Fakty<\/em> f\u00fcr die \u00c4u\u00dferungen seines Mitarbeiters Aleksei Pawlow entschuldigt, der die j\u00fcdische Bewegung Chabad Lubawitsch in einem Artikel \u00fcber die religi\u00f6se Situation in der Ukraine als &#8220;Sekte&#8221; bezeichnet hatte.<\/p>\n<blockquote>\n<p>&#8220;<em>Der Artikel des stellvertretenden Sekret\u00e4rs des russischen Sicherheitsrates Aleksei Pawlow, der in der Wochenzeitung Argumenty i Fakty ver\u00f6ffentlicht wurde, enthielt falsche Zeilen \u00fcber die Chassidim von Lubawitsch. Ich entschuldige mich bei den Lesern der Publikation und m\u00f6chte darauf hinweisen, dass diese Interpretation den pers\u00f6nlichen Standpunkt von Aleksei Pawlow widerspiegelt und in keiner Weise die offizielle Position des russischen Sicherheitsrates darstellt<\/em>&#8220;,<\/p>\n<\/blockquote>\n<p>schrieb Patruschew, dessen Worte am Freitag auf der <em>AiF<\/em>-Website zitiert werden. Er erg\u00e4nzte, dass mit dem Autor des Artikels ein Disziplinargespr\u00e4ch gef\u00fchrt worden sei.\u00a0<\/p>\n<p>In dem Artikel warb Pawlow f\u00fcr die von ihm so bezeichnete &#8220;Entsatanisierung&#8221; der Ukraine, die seiner Meinung nach durch das Kiewer Regime in eine &#8220;totalit\u00e4re Hypersekte&#8221; auf Grundlage eines radikalen Nationalismus und des Neuheidentums verwandelt wurde.<\/p>\n<p>Der Chassidismus ist eine moderne religi\u00f6s-mystische Str\u00f6mung und Teil des ultraorthodoxen Judentums. Sie nahm ihren Anfang nach den\u00a0Judenpogromen\u00a0w\u00e4hrend des\u00a0Chmelnizki-Aufstandes\u00a0im Jahre 1648, von denen in Osteuropa \u00fcber 700 j\u00fcdische Gemeinden betroffen waren.\u00a0Innerhalb eines Jahrhunderts verbreitete sich der Chassidismus in den j\u00fcdischen Gemeinden\u00a0Polen-Litauens\u00a0und\u00a0\u00d6sterreich-Ungarns.\u00a0Jedes Jahr zum j\u00fcdischen Neujahrsfest treffen sich tausende Chassiden in\u00a0Uman\u00a0in der Ukraine, da das Verbringen des j\u00fcdischen Neujahrs\u00a0Rosch ha-Schana\u00a0am Grab des\u00a0<a rel=\"nofollow noopener\" target=\"_blank\" href=\"https:\/\/de.wikipedia.org\/wiki\/Rabbi_Nachman\">Rabbi Nachman von Bratslav<\/a>, Urenkel des Begr\u00fcnders des Chassidismus Baal Schem Tov und Gr\u00fcnder einer eigenen chassidischen Richtung, als gl\u00fccksbringend gilt. Sch\u00e4tzungen zufolge gibt es derzeit rund 130.000 chassidische Familien weltweit.<\/p>\n<p><strong>Mehr zum Thema<\/strong> &#8211; <a rel=\"nofollow noopener\" target=\"_blank\" href=\"https:\/\/test.rtde.tech\/31495\/international\/pilgerlager-fuer-30-000-juden-in-der-zentral-ukraine-angegriffen-kollektive-entscheidung-der-bewohner\/\">Pilgerlager f\u00fcr 30.000 Juden in der Zentral-Ukraine angegriffen \u2013 \u201eKollektive Entscheidung der Bewohner\u201c<\/a><\/p>\n<\/p>\n<\/div>\n<p><br \/>\n<br \/><a href=\"https:\/\/de.rt.com\/russland\/152824-patruschew-entschuldigt-sich-fur-ausserungen\/\">Source link <\/a><\/p>\n","protected":false},"excerpt":{"rendered":"<p>Der stellvertretende Sekret\u00e4r des Nationalen Sicherheitsrates der Russischen F\u00f6deration, Nikolai Patruschew, hat sich am Freitag f\u00fcr den Artikel eines seiner Mitarbeiter entschuldigt, in dem die chassidische Str\u00f6mung des ultraorthodoxen Judentums als Beispiel f\u00fcr eine der religi\u00f6sen Sekten gebraucht wurde, die in der Ukraine aktiv sind. Der Sekret\u00e4r des russischen Sicherheitsrates, Nikolai Patruschew, hat sich bei [&hellip;]<\/p>\n","protected":false},"author":3,"featured_media":21969,"comment_status":"open","ping_status":"open","sticky":false,"template":"","format":"standard","meta":{"wp_automatic_camp":["217"],"50fe5dee42a3d3fa3eca935c51057040":["Patruschew entschuldigt sich f\u00fcr \u00c4u\u00dferungen seines Stellvertreters \u00fcber die Chassidim"],"original_link":["https:\/\/de.rt.com\/russland\/152824-patruschew-entschuldigt-sich-fur-ausserungen\/"],"_thumbnail_id":["21969"],"_wptg_p2tg_sent2tg":["2022-10-28 20:43:24"],"jnews_social_counter_last_update":["1777121070"]},"categories":[19,23],"tags":[19203,35034,45,7174,221,35032,841,434,35033,139],"yoast_head":"<!-- This site is optimized with the Yoast SEO Premium plugin v22.7 (Yoast SEO v22.7) - https:\/\/yoast.com\/wordpress\/plugins\/seo\/ -->\n<title>Patruschew entschuldigt sich f\u00fcr \u00c4u\u00dferungen seines Stellvertreters \u00fcber die Chassidim - just-now.NEWS Deutschland<\/title>\n<meta name=\"robots\" content=\"index, follow, max-snippet:-1, max-image-preview:large, max-video-preview:-1\" \/>\n<link rel=\"canonical\" href=\"https:\/\/now-news.de\/de\/deutschland\/patruschew-entschuldigt-sich-fuer-aeusserungen-seines-stellvertreters-ueber-die-chassidim\/\" \/>\n<meta property=\"og:locale\" content=\"de_DE\" \/>\n<meta property=\"og:type\" content=\"article\" \/>\n<meta property=\"og:title\" content=\"Patruschew entschuldigt sich f\u00fcr \u00c4u\u00dferungen seines Stellvertreters \u00fcber die Chassidim\" \/>\n<meta property=\"og:description\" content=\"Der stellvertretende Sekret\u00e4r des Nationalen Sicherheitsrates der Russischen F\u00f6deration, Nikolai Patruschew, hat sich am Freitag f\u00fcr den Artikel eines seiner Mitarbeiter entschuldigt, in dem die chassidische Str\u00f6mung des ultraorthodoxen Judentums als Beispiel f\u00fcr eine der religi\u00f6sen Sekten gebraucht wurde, die in der Ukraine aktiv sind. Der Sekret\u00e4r des russischen Sicherheitsrates, Nikolai Patruschew, hat sich bei [&hellip;]\" \/>\n<meta property=\"og:url\" content=\"https:\/\/now-news.de\/de\/deutschland\/patruschew-entschuldigt-sich-fuer-aeusserungen-seines-stellvertreters-ueber-die-chassidim\/\" \/>\n<meta property=\"og:site_name\" content=\"just-now.NEWS Deutschland\" \/>\n<meta property=\"article:publisher\" content=\"https:\/\/www.facebook.com\/wirmachenauf\" \/>\n<meta property=\"article:published_time\" content=\"2022-10-28T18:20:26+00:00\" \/>\n<meta property=\"og:image\" content=\"https:\/\/now-news.de\/de\/wp-content\/uploads\/sites\/3\/2022\/10\/Patruschew-entschuldigt-sich-fuer-Aeusserungen-seines-Stellvertreters-ueber-die-Chassidim.jpg\" \/>\n\t<meta property=\"og:image:width\" content=\"460\" \/>\n\t<meta property=\"og:image:height\" content=\"259\" \/>\n\t<meta property=\"og:image:type\" content=\"image\/jpeg\" \/>\n<meta name=\"author\" content=\"rtnews\" \/>\n<meta name=\"twitter:card\" content=\"summary_large_image\" \/>\n<meta name=\"twitter:creator\" content=\"@WirMachenAuf_de\" \/>\n<meta name=\"twitter:site\" content=\"@WirMachenAuf_de\" \/>\n<meta name=\"twitter:label1\" content=\"Verfasst von\" \/>\n\t<meta name=\"twitter:data1\" content=\"rtnews\" \/>\n\t<meta name=\"twitter:label2\" content=\"Gesch\u00e4tzte Lesezeit\" \/>\n\t<meta name=\"twitter:data2\" content=\"2\u00a0Minuten\" \/>\n<script type=\"application\/ld+json\" class=\"yoast-schema-graph\">{\"@context\":\"https:\/\/schema.org\",\"@graph\":[{\"@type\":\"Article\",\"@id\":\"https:\/\/now-news.de\/de\/deutschland\/patruschew-entschuldigt-sich-fuer-aeusserungen-seines-stellvertreters-ueber-die-chassidim\/#article\",\"isPartOf\":{\"@id\":\"https:\/\/now-news.de\/de\/deutschland\/patruschew-entschuldigt-sich-fuer-aeusserungen-seines-stellvertreters-ueber-die-chassidim\/\"},\"author\":{\"name\":\"rtnews\",\"@id\":\"https:\/\/now-news.de\/de\/#\/schema\/person\/fb534a4e865501d8b3285208df34a9b5\"},\"headline\":\"Patruschew entschuldigt sich f\u00fcr \u00c4u\u00dferungen seines Stellvertreters \u00fcber die Chassidim\",\"datePublished\":\"2022-10-28T18:20:26+00:00\",\"dateModified\":\"2022-10-28T18:20:26+00:00\",\"mainEntityOfPage\":{\"@id\":\"https:\/\/now-news.de\/de\/deutschland\/patruschew-entschuldigt-sich-fuer-aeusserungen-seines-stellvertreters-ueber-die-chassidim\/\"},\"wordCount\":374,\"commentCount\":0,\"publisher\":{\"@id\":\"https:\/\/now-news.de\/de\/#organization\"},\"image\":{\"@id\":\"https:\/\/now-news.de\/de\/deutschland\/patruschew-entschuldigt-sich-fuer-aeusserungen-seines-stellvertreters-ueber-die-chassidim\/#primaryimage\"},\"thumbnailUrl\":\"https:\/\/now-news.de\/de\/wp-content\/uploads\/sites\/3\/2022\/10\/Patruschew-entschuldigt-sich-fuer-Aeusserungen-seines-Stellvertreters-ueber-die-Chassidim.jpg\",\"keywords\":[\"\u00c4u\u00dferungen\",\"Chassidim\",\"die\",\"entschuldigt\",\"f\u00fcr\",\"Patruschew\",\"seines\",\"sich\",\"Stellvertreters\",\"\u00fcber\"],\"articleSection\":[\"Deutschland\",\"Russland\"],\"inLanguage\":\"de\",\"potentialAction\":[{\"@type\":\"CommentAction\",\"name\":\"Comment\",\"target\":[\"https:\/\/now-news.de\/de\/deutschland\/patruschew-entschuldigt-sich-fuer-aeusserungen-seines-stellvertreters-ueber-die-chassidim\/#respond\"]}]},{\"@type\":\"WebPage\",\"@id\":\"https:\/\/now-news.de\/de\/deutschland\/patruschew-entschuldigt-sich-fuer-aeusserungen-seines-stellvertreters-ueber-die-chassidim\/\",\"url\":\"https:\/\/now-news.de\/de\/deutschland\/patruschew-entschuldigt-sich-fuer-aeusserungen-seines-stellvertreters-ueber-die-chassidim\/\",\"name\":\"Patruschew entschuldigt sich f\u00fcr \u00c4u\u00dferungen seines Stellvertreters \u00fcber die Chassidim - just-now.NEWS Deutschland\",\"isPartOf\":{\"@id\":\"https:\/\/now-news.de\/de\/#website\"},\"primaryImageOfPage\":{\"@id\":\"https:\/\/now-news.de\/de\/deutschland\/patruschew-entschuldigt-sich-fuer-aeusserungen-seines-stellvertreters-ueber-die-chassidim\/#primaryimage\"},\"image\":{\"@id\":\"https:\/\/now-news.de\/de\/deutschland\/patruschew-entschuldigt-sich-fuer-aeusserungen-seines-stellvertreters-ueber-die-chassidim\/#primaryimage\"},\"thumbnailUrl\":\"https:\/\/now-news.de\/de\/wp-content\/uploads\/sites\/3\/2022\/10\/Patruschew-entschuldigt-sich-fuer-Aeusserungen-seines-Stellvertreters-ueber-die-Chassidim.jpg\",\"datePublished\":\"2022-10-28T18:20:26+00:00\",\"dateModified\":\"2022-10-28T18:20:26+00:00\",\"breadcrumb\":{\"@id\":\"https:\/\/now-news.de\/de\/deutschland\/patruschew-entschuldigt-sich-fuer-aeusserungen-seines-stellvertreters-ueber-die-chassidim\/#breadcrumb\"},\"inLanguage\":\"de\",\"potentialAction\":[{\"@type\":\"ReadAction\",\"target\":[\"https:\/\/now-news.de\/de\/deutschland\/patruschew-entschuldigt-sich-fuer-aeusserungen-seines-stellvertreters-ueber-die-chassidim\/\"]}]},{\"@type\":\"ImageObject\",\"inLanguage\":\"de\",\"@id\":\"https:\/\/now-news.de\/de\/deutschland\/patruschew-entschuldigt-sich-fuer-aeusserungen-seines-stellvertreters-ueber-die-chassidim\/#primaryimage\",\"url\":\"https:\/\/now-news.de\/de\/wp-content\/uploads\/sites\/3\/2022\/10\/Patruschew-entschuldigt-sich-fuer-Aeusserungen-seines-Stellvertreters-ueber-die-Chassidim.jpg\",\"contentUrl\":\"https:\/\/now-news.de\/de\/wp-content\/uploads\/sites\/3\/2022\/10\/Patruschew-entschuldigt-sich-fuer-Aeusserungen-seines-Stellvertreters-ueber-die-Chassidim.jpg\",\"width\":460,\"height\":259,\"caption\":\"Patruschew entschuldigt sich f\u00fcr \u00c4u\u00dferungen seines Stellvertreters \u00fcber die Chassidim\"},{\"@type\":\"BreadcrumbList\",\"@id\":\"https:\/\/now-news.de\/de\/deutschland\/patruschew-entschuldigt-sich-fuer-aeusserungen-seines-stellvertreters-ueber-die-chassidim\/#breadcrumb\",\"itemListElement\":[{\"@type\":\"ListItem\",\"position\":1,\"name\":\"Home\",\"item\":\"https:\/\/now-news.de\/de\/\"},{\"@type\":\"ListItem\",\"position\":2,\"name\":\"Patruschew entschuldigt sich f\u00fcr \u00c4u\u00dferungen seines Stellvertreters \u00fcber die Chassidim\"}]},{\"@type\":\"WebSite\",\"@id\":\"https:\/\/now-news.de\/de\/#website\",\"url\":\"https:\/\/now-news.de\/de\/\",\"name\":\"just-now.NEWS Deutschland\",\"description\":\"Das Portal f\u00fcr unzensierte Nachrichten aus der Welt\",\"publisher\":{\"@id\":\"https:\/\/now-news.de\/de\/#organization\"},\"potentialAction\":[{\"@type\":\"SearchAction\",\"target\":{\"@type\":\"EntryPoint\",\"urlTemplate\":\"https:\/\/now-news.de\/de\/?s={search_term_string}\"},\"query-input\":\"required name=search_term_string\"}],\"inLanguage\":\"de\"},{\"@type\":\"Organization\",\"@id\":\"https:\/\/now-news.de\/de\/#organization\",\"name\":\"Just Now News\",\"url\":\"https:\/\/now-news.de\/de\/\",\"logo\":{\"@type\":\"ImageObject\",\"inLanguage\":\"de\",\"@id\":\"https:\/\/now-news.de\/de\/#\/schema\/logo\/image\/\",\"url\":\"http:\/\/just-now.news\/de\/wp-content\/uploads\/sites\/3\/2022\/04\/logo500x500.jpg\",\"contentUrl\":\"http:\/\/just-now.news\/de\/wp-content\/uploads\/sites\/3\/2022\/04\/logo500x500.jpg\",\"width\":500,\"height\":500,\"caption\":\"Just Now News\"},\"image\":{\"@id\":\"https:\/\/now-news.de\/de\/#\/schema\/logo\/image\/\"},\"sameAs\":[\"https:\/\/www.facebook.com\/wirmachenauf\",\"https:\/\/x.com\/WirMachenAuf_de\"]},{\"@type\":\"Person\",\"@id\":\"https:\/\/now-news.de\/de\/#\/schema\/person\/fb534a4e865501d8b3285208df34a9b5\",\"name\":\"rtnews\",\"image\":{\"@type\":\"ImageObject\",\"inLanguage\":\"de\",\"@id\":\"https:\/\/now-news.de\/de\/#\/schema\/person\/image\/\",\"url\":\"https:\/\/secure.gravatar.com\/avatar\/82aafea7d8127119dd649515f56e2117?s=96&d=mm&r=g\",\"contentUrl\":\"https:\/\/secure.gravatar.com\/avatar\/82aafea7d8127119dd649515f56e2117?s=96&d=mm&r=g\",\"caption\":\"rtnews\"},\"url\":\"https:\/\/now-news.de\/de\/author\/rnews\/\"}]}<\/script>\n<!-- \/ Yoast SEO Premium plugin. -->","yoast_head_json":{"title":"Patruschew entschuldigt sich f\u00fcr \u00c4u\u00dferungen seines Stellvertreters \u00fcber die Chassidim - just-now.NEWS Deutschland","robots":{"index":"index","follow":"follow","max-snippet":"max-snippet:-1","max-image-preview":"max-image-preview:large","max-video-preview":"max-video-preview:-1"},"canonical":"https:\/\/now-news.de\/de\/deutschland\/patruschew-entschuldigt-sich-fuer-aeusserungen-seines-stellvertreters-ueber-die-chassidim\/","og_locale":"de_DE","og_type":"article","og_title":"Patruschew entschuldigt sich f\u00fcr \u00c4u\u00dferungen seines Stellvertreters \u00fcber die Chassidim","og_description":"Der stellvertretende Sekret\u00e4r des Nationalen Sicherheitsrates der Russischen F\u00f6deration, Nikolai Patruschew, hat sich am Freitag f\u00fcr den Artikel eines seiner Mitarbeiter entschuldigt, in dem die chassidische Str\u00f6mung des ultraorthodoxen Judentums als Beispiel f\u00fcr eine der religi\u00f6sen Sekten gebraucht wurde, die in der Ukraine aktiv sind. Der Sekret\u00e4r des russischen Sicherheitsrates, Nikolai Patruschew, hat sich bei [&hellip;]","og_url":"https:\/\/now-news.de\/de\/deutschland\/patruschew-entschuldigt-sich-fuer-aeusserungen-seines-stellvertreters-ueber-die-chassidim\/","og_site_name":"just-now.NEWS Deutschland","article_publisher":"https:\/\/www.facebook.com\/wirmachenauf","article_published_time":"2022-10-28T18:20:26+00:00","og_image":[{"width":460,"height":259,"url":"https:\/\/now-news.de\/de\/wp-content\/uploads\/sites\/3\/2022\/10\/Patruschew-entschuldigt-sich-fuer-Aeusserungen-seines-Stellvertreters-ueber-die-Chassidim.jpg","type":"image\/jpeg"}],"author":"rtnews","twitter_card":"summary_large_image","twitter_creator":"@WirMachenAuf_de","twitter_site":"@WirMachenAuf_de","twitter_misc":{"Verfasst von":"rtnews","Gesch\u00e4tzte Lesezeit":"2\u00a0Minuten"},"schema":{"@context":"https:\/\/schema.org","@graph":[{"@type":"Article","@id":"https:\/\/now-news.de\/de\/deutschland\/patruschew-entschuldigt-sich-fuer-aeusserungen-seines-stellvertreters-ueber-die-chassidim\/#article","isPartOf":{"@id":"https:\/\/now-news.de\/de\/deutschland\/patruschew-entschuldigt-sich-fuer-aeusserungen-seines-stellvertreters-ueber-die-chassidim\/"},"author":{"name":"rtnews","@id":"https:\/\/now-news.de\/de\/#\/schema\/person\/fb534a4e865501d8b3285208df34a9b5"},"headline":"Patruschew entschuldigt sich f\u00fcr \u00c4u\u00dferungen seines Stellvertreters \u00fcber die Chassidim","datePublished":"2022-10-28T18:20:26+00:00","dateModified":"2022-10-28T18:20:26+00:00","mainEntityOfPage":{"@id":"https:\/\/now-news.de\/de\/deutschland\/patruschew-entschuldigt-sich-fuer-aeusserungen-seines-stellvertreters-ueber-die-chassidim\/"},"wordCount":374,"commentCount":0,"publisher":{"@id":"https:\/\/now-news.de\/de\/#organization"},"image":{"@id":"https:\/\/now-news.de\/de\/deutschland\/patruschew-entschuldigt-sich-fuer-aeusserungen-seines-stellvertreters-ueber-die-chassidim\/#primaryimage"},"thumbnailUrl":"https:\/\/now-news.de\/de\/wp-content\/uploads\/sites\/3\/2022\/10\/Patruschew-entschuldigt-sich-fuer-Aeusserungen-seines-Stellvertreters-ueber-die-Chassidim.jpg","keywords":["\u00c4u\u00dferungen","Chassidim","die","entschuldigt","f\u00fcr","Patruschew","seines","sich","Stellvertreters","\u00fcber"],"articleSection":["Deutschland","Russland"],"inLanguage":"de","potentialAction":[{"@type":"CommentAction","name":"Comment","target":["https:\/\/now-news.de\/de\/deutschland\/patruschew-entschuldigt-sich-fuer-aeusserungen-seines-stellvertreters-ueber-die-chassidim\/#respond"]}]},{"@type":"WebPage","@id":"https:\/\/now-news.de\/de\/deutschland\/patruschew-entschuldigt-sich-fuer-aeusserungen-seines-stellvertreters-ueber-die-chassidim\/","url":"https:\/\/now-news.de\/de\/deutschland\/patruschew-entschuldigt-sich-fuer-aeusserungen-seines-stellvertreters-ueber-die-chassidim\/","name":"Patruschew entschuldigt sich f\u00fcr \u00c4u\u00dferungen seines Stellvertreters \u00fcber die Chassidim - just-now.NEWS Deutschland","isPartOf":{"@id":"https:\/\/now-news.de\/de\/#website"},"primaryImageOfPage":{"@id":"https:\/\/now-news.de\/de\/deutschland\/patruschew-entschuldigt-sich-fuer-aeusserungen-seines-stellvertreters-ueber-die-chassidim\/#primaryimage"},"image":{"@id":"https:\/\/now-news.de\/de\/deutschland\/patruschew-entschuldigt-sich-fuer-aeusserungen-seines-stellvertreters-ueber-die-chassidim\/#primaryimage"},"thumbnailUrl":"https:\/\/now-news.de\/de\/wp-content\/uploads\/sites\/3\/2022\/10\/Patruschew-entschuldigt-sich-fuer-Aeusserungen-seines-Stellvertreters-ueber-die-Chassidim.jpg","datePublished":"2022-10-28T18:20:26+00:00","dateModified":"2022-10-28T18:20:26+00:00","breadcrumb":{"@id":"https:\/\/now-news.de\/de\/deutschland\/patruschew-entschuldigt-sich-fuer-aeusserungen-seines-stellvertreters-ueber-die-chassidim\/#breadcrumb"},"inLanguage":"de","potentialAction":[{"@type":"ReadAction","target":["https:\/\/now-news.de\/de\/deutschland\/patruschew-entschuldigt-sich-fuer-aeusserungen-seines-stellvertreters-ueber-die-chassidim\/"]}]},{"@type":"ImageObject","inLanguage":"de","@id":"https:\/\/now-news.de\/de\/deutschland\/patruschew-entschuldigt-sich-fuer-aeusserungen-seines-stellvertreters-ueber-die-chassidim\/#primaryimage","url":"https:\/\/now-news.de\/de\/wp-content\/uploads\/sites\/3\/2022\/10\/Patruschew-entschuldigt-sich-fuer-Aeusserungen-seines-Stellvertreters-ueber-die-Chassidim.jpg","contentUrl":"https:\/\/now-news.de\/de\/wp-content\/uploads\/sites\/3\/2022\/10\/Patruschew-entschuldigt-sich-fuer-Aeusserungen-seines-Stellvertreters-ueber-die-Chassidim.jpg","width":460,"height":259,"caption":"Patruschew entschuldigt sich f\u00fcr \u00c4u\u00dferungen seines Stellvertreters \u00fcber die Chassidim"},{"@type":"BreadcrumbList","@id":"https:\/\/now-news.de\/de\/deutschland\/patruschew-entschuldigt-sich-fuer-aeusserungen-seines-stellvertreters-ueber-die-chassidim\/#breadcrumb","itemListElement":[{"@type":"ListItem","position":1,"name":"Home","item":"https:\/\/now-news.de\/de\/"},{"@type":"ListItem","position":2,"name":"Patruschew entschuldigt sich f\u00fcr \u00c4u\u00dferungen seines Stellvertreters \u00fcber die Chassidim"}]},{"@type":"WebSite","@id":"https:\/\/now-news.de\/de\/#website","url":"https:\/\/now-news.de\/de\/","name":"just-now.NEWS Deutschland","description":"Das Portal f\u00fcr unzensierte Nachrichten aus der Welt","publisher":{"@id":"https:\/\/now-news.de\/de\/#organization"},"potentialAction":[{"@type":"SearchAction","target":{"@type":"EntryPoint","urlTemplate":"https:\/\/now-news.de\/de\/?s={search_term_string}"},"query-input":"required name=search_term_string"}],"inLanguage":"de"},{"@type":"Organization","@id":"https:\/\/now-news.de\/de\/#organization","name":"Just Now News","url":"https:\/\/now-news.de\/de\/","logo":{"@type":"ImageObject","inLanguage":"de","@id":"https:\/\/now-news.de\/de\/#\/schema\/logo\/image\/","url":"http:\/\/just-now.news\/de\/wp-content\/uploads\/sites\/3\/2022\/04\/logo500x500.jpg","contentUrl":"http:\/\/just-now.news\/de\/wp-content\/uploads\/sites\/3\/2022\/04\/logo500x500.jpg","width":500,"height":500,"caption":"Just Now News"},"image":{"@id":"https:\/\/now-news.de\/de\/#\/schema\/logo\/image\/"},"sameAs":["https:\/\/www.facebook.com\/wirmachenauf","https:\/\/x.com\/WirMachenAuf_de"]},{"@type":"Person","@id":"https:\/\/now-news.de\/de\/#\/schema\/person\/fb534a4e865501d8b3285208df34a9b5","name":"rtnews","image":{"@type":"ImageObject","inLanguage":"de","@id":"https:\/\/now-news.de\/de\/#\/schema\/person\/image\/","url":"https:\/\/secure.gravatar.com\/avatar\/82aafea7d8127119dd649515f56e2117?s=96&d=mm&r=g","contentUrl":"https:\/\/secure.gravatar.com\/avatar\/82aafea7d8127119dd649515f56e2117?s=96&d=mm&r=g","caption":"rtnews"},"url":"https:\/\/now-news.de\/de\/author\/rnews\/"}]}},"_links":{"self":[{"href":"https:\/\/now-news.de\/de\/wp-json\/wp\/v2\/posts\/21968"}],"collection":[{"href":"https:\/\/now-news.de\/de\/wp-json\/wp\/v2\/posts"}],"about":[{"href":"https:\/\/now-news.de\/de\/wp-json\/wp\/v2\/types\/post"}],"author":[{"embeddable":true,"href":"https:\/\/now-news.de\/de\/wp-json\/wp\/v2\/users\/3"}],"replies":[{"embeddable":true,"href":"https:\/\/now-news.de\/de\/wp-json\/wp\/v2\/comments?post=21968"}],"version-history":[{"count":0,"href":"https:\/\/now-news.de\/de\/wp-json\/wp\/v2\/posts\/21968\/revisions"}],"wp:featuredmedia":[{"embeddable":true,"href":"https:\/\/now-news.de\/de\/wp-json\/wp\/v2\/media\/21969"}],"wp:attachment":[{"href":"https:\/\/now-news.de\/de\/wp-json\/wp\/v2\/media?parent=21968"}],"wp:term":[{"taxonomy":"category","embeddable":true,"href":"https:\/\/now-news.de\/de\/wp-json\/wp\/v2\/categories?post=21968"},{"taxonomy":"post_tag","embeddable":true,"href":"https:\/\/now-news.de\/de\/wp-json\/wp\/v2\/tags?post=21968"}],"curies":[{"name":"wp","href":"https:\/\/api.w.org\/{rel}","templated":true}]}}