{"id":21966,"date":"2022-10-28T20:24:36","date_gmt":"2022-10-28T18:24:36","guid":{"rendered":"http:\/\/just-now.news\/de\/deutschland\/kadyrow-meldet-verluste-unter-tschetschenischen-kaempfern-und-kritisiert-erneut-russischen-general\/"},"modified":"2022-10-28T20:24:36","modified_gmt":"2022-10-28T18:24:36","slug":"kadyrow-meldet-verluste-unter-tschetschenischen-kaempfern-und-kritisiert-erneut-russischen-general","status":"publish","type":"post","link":"https:\/\/now-news.de\/de\/deutschland\/kadyrow-meldet-verluste-unter-tschetschenischen-kaempfern-und-kritisiert-erneut-russischen-general\/","title":{"rendered":"Kadyrow meldet Verluste unter tschetschenischen K\u00e4mpfern und kritisiert erneut russischen General"},"content":{"rendered":"<p><img decoding=\"async\" src=\"http:\/\/just-now.news\/de\/wp-content\/uploads\/sites\/3\/2022\/10\/635be57248fbef47da639788.PNG\" \/><\/p>\n<div class=\"Text-root Text-type_1 \">\n                Das Oberhaupt der Tschetschenischen Republik Ramsan Kadyrow richtete am Donnerstag eine traurige Nachricht an das tschetschenische Volk: Viele K\u00e4mpfer seien bei einem ukrainischen Artillerieangriff get\u00f6tet worden. Au\u00dferdem \u00e4u\u00dferte er scharfe Kritik an der Milit\u00e4rf\u00fchrung an einem Frontabschnitt.\n            <\/div>\n<p><\/p>\n<div class=\"Text-root Text-type_5 ArticleView-text ViewText-root \">\n<p>Am Donnerstag teilte das Oberhaupt der Tschetschenischen Republik\u00a0Ramsan Kadyrow mit, dass bei einem Artillerieangriff der ukrainischen Armee 23 K\u00e4mpfer aus Tschetschenien get\u00f6tet und 58 verwundet worden seien. Dies geschah Anfang der Woche. Vermutlich handelte es sich um einen \u00fcberraschenden Beschuss eines Soldatenquartiers mit Hochpr\u00e4zisionswaffen, denn er sagte, dass alle Rettungsarbeiten abgeschlossen seien. Seine Meldung <a rel=\"nofollow noopener\" target=\"_blank\" href=\"https:\/\/t.me\/RKadyrov_95\/3041\">\u00fcbermittelte<\/a> er aus seinem Telegram-Kanal. Gleichzeitig wandte er sich in einer emotionalen<a rel=\"nofollow noopener\" target=\"_blank\" href=\"https:\/\/t.me\/RKadyrov_95\/3040\"> Videoansprache<\/a> auf Tschetschenisch an die Einwohner der russischen Teilrepublik:<\/p>\n<blockquote>\n<p><em>&#8220;Zuallererst m\u00f6chte ich den Angeh\u00f6rigen der Gefallenen sagen: In diesen Tagen\u00a0wird\u00a0nicht nur in euren H\u00e4usern getrauert, sondern in der ganzen Tschetschenischen Republik.&#8221;<\/em><\/p>\n<\/blockquote>\n<p>Er versprach staatliche finanzielle Unterst\u00fctzung, um den Schmerz der\u00a0Hinterbliebenen &#8220;irgendwie zu lindern&#8221;. Au\u00dfer der \u00dcbernahme der Beerdigungskosten sollte zw\u00f6lf Millionen Rubel f\u00fcr einen Gefallenen und drei Millionen f\u00fcr einen Verwundeten ausgezahlt werden. Au\u00dferdem sollte den Familien eine kostenlose Pilgerreise nach Mekka erm\u00f6glicht werden. &#8220;Wir sind den M\u00fcttern, die der Menschheit solche S\u00f6hne geschenkt haben, auf ewig zu Dank verpflichtet&#8221;, betonte er.<\/p>\n<p>In seiner Ansprache begr\u00fcndete er noch einmal, was aus seiner Sicht der Kampf der Tschetschenen auf dem Territorium der ehemaligen Ukrainischen Sowjetrepublik f\u00fcr sie bedeutet. Dies sei ein heiliger Dschihad gegen dunkle, satanistische Kr\u00e4fte. &#8220;Wenn\u00a0es ihnen bestimmt ist, in einem heiligen Krieg zu fallen, ist das f\u00fcr jeden wahren Muslim eine Ehre und eine gro\u00dfe Freude.&#8221;<\/p>\n<p>Am selben Tag <a rel=\"nofollow noopener\" target=\"_blank\" href=\"https:\/\/t.me\/RKadyrov_95\/3039\">postete<\/a> Kadyrow einen weiteren Beitrag, der dank der enormen Reichweite seines Telegram-Kanals mit mehr als drei Millionen Abonnenten ebenso gro\u00dfe Beachtung fand. Er meldete den Durchbruch einer kleinen motorisierten Gruppe der Ukrainer an einem Frontabschnitt der russischen Verteidigungslinien bei Swatowo im Norden der Volksrepublik Lugansk. Diese Stelle sei ihm zufolge unbesch\u00fctzt gewesen. Die Schuld daran gab er dem\u00a0f\u00fcr diesen Frontabschnitt zust\u00e4ndigen Kommandanten, Generaloberst Alexander Lapin. Insgesamt h\u00e4tten &#8220;f\u00fcnf Panzerfahrzeuge und 50 Neonazis die Linie kampflos \u00fcberschritten&#8221;. Den Durchbruch m\u00fcssten tschetschenische K\u00e4mpfer stoppen.<\/p>\n<blockquote>\n<p><em>&#8220;Um den Vormarsch des Feindes in seinem Gebiet zu stoppen, wurde daher beschlossen, sich aus der Verteidigung von Rubeschnoje\u00a0zur\u00fcckzuziehen und ein verst\u00e4rktes Bataillon und eine Kompanie zu verlegen.&#8221;<br \/><\/em><\/p>\n<\/blockquote>\n<div class=\"EmbedBlock-root EmbedBlock-externalVideo EmbedBlock-vk\">\n<div class=\"VkEmbed\"><iframe class=\"lazyload\" data-src=\"https:\/\/vk.com\/video_ext.php?oid=-134310637&amp;id=456258543&amp;hash=f83ed4051d1e29b9\" frameborder=\"0\" width=\"853\" height=\"480\" allowfullscreen><\/iframe><\/div>\n<\/div>\n<p>Die K\u00e4mpfer von Lapin seien an der Verteidigungslinie &#8220;nicht auffindbar&#8221; gewesen. Der Grund daf\u00fcr sei aber nicht deren feiges Verhalten gewesen, sondern Kommandoversagen. Sie wurden laut Kadyrow von der Milit\u00e4rf\u00fchrung\u00a0&#8220;ohne\u00a0Kommunikation, Nahrung und Munition&#8221; zur\u00fcckgelassen.<\/p>\n<p>Damit \u00e4u\u00dferte sich Kadyrow zum <a rel=\"nofollow noopener\" target=\"_blank\" href=\"https:\/\/meinungsfreiheit.rtde.life\/russland\/150438-ruckzug-aus-krasny-liman-tschetscheniens\/\">zweiten Mal<\/a> mit scharfer Kritik an Lapin.\u00a0Im Vormonat habe\u00a0der Generaloberst die Verteidiger in Krasny Liman in Stich gelassen. Der Chef der Republik und Schirmherr aller tschetschenischen Sondereinheiten wunderte sich, dass seitdem vom Generalstab nichts gegen die Missst\u00e4nde unternommen worden war.<\/p>\n<p>Seit dem \u00fcberraschenden <a rel=\"nofollow noopener\" target=\"_blank\" href=\"https:\/\/vk.com\/video-134310637_456257731\">R\u00fcckzug der russischen Streitkr\u00e4fte <\/a>aus dem Gebiet Charkow und weiteren milit\u00e4rischen Misserfolgen wird in Russland immer offener \u00fcber die Probleme bei der milit\u00e4rischen Spezialoperation in der Ukraine diskutiert. Viele Kritiker werden f\u00fcr ihre Ehrlichkeit teilweise gelobt. Kadyrow war der Erste, der im September mit einer zuvor nie da gewesenen\u00a0Offenheit sein Unbehagen \u00fcber den Chef des westlichen Milit\u00e4rbezirks Lapin ge\u00e4u\u00dfert hatte. Viele Feldkommandeure und Milit\u00e4rexperte rufen jedoch zur M\u00e4\u00dfigung auf. \u00d6ffentlich vorgetragene Information \u00fcber die Uneinigkeit zwischen den Kommandostrukturen k\u00f6nnte vom Feind f\u00fcr psychologische Kriegsf\u00fchrung ausgenutzt werden.<\/p>\n<p>Au\u00dferdem k\u00f6nnte sich die diskreditierende Kritik demotivierend auf Mobilisierte auswirken, so die Gegenkritik. Es sei der Motivation keinesfalls zutr\u00e4glich, wenn die Spitzenkr\u00e4fte als Versager blo\u00dfgestellt werden, <a rel=\"nofollow noopener\" target=\"_blank\" href=\"https:\/\/t.me\/aleksandr_skif\/2459\">schrieb<\/a> der\u00a0popul\u00e4re Chef des Bataillons &#8220;Wostok&#8221; Alexander Chodakowski\u00a0auf seinem Telegram-Kanal.<\/p>\n<blockquote>\n<p><em>&#8220;Ein talentierter Kommandant kann in die Falle des Scheiterns tappen, w\u00e4hrend ein untalentierter Gl\u00fcck haben kann \u2013 wie ist es dann m\u00f6glich, \u00fcber deren Kompetenz zu urteilen?&#8221;<\/em><\/p>\n<\/blockquote>\n<p>Was auch immer die Gr\u00fcnde seien, die die Person antreiben, die sich die Freiheit nimmt, ein Urteil zu f\u00e4llen, es sei notwendig, an seine Zust\u00e4ndigkeiten zu denken, schloss Chodakowski im Hinblick auf Kadyrows Kritik.<\/p>\n<p><strong>Mehr zum Thema<\/strong> &#8211;\u00a0 <a rel=\"nofollow noopener\" target=\"_blank\" href=\"https:\/\/meinungsfreiheit.rtde.life\/russland\/152817-schoigu-teilmobilmachung-offiziell-beendet\/\">Schoigu: Teilmobilmachung offiziell beendet<\/a><\/p>\n<\/div>\n<p><br \/>\n<br \/><a href=\"https:\/\/de.rt.com\/russland\/152763-kadyrow-meldet-verluste-unter-tschetschenischen-kaempfern\/\">Source link <\/a><\/p>\n","protected":false},"excerpt":{"rendered":"<p>Das Oberhaupt der Tschetschenischen Republik Ramsan Kadyrow richtete am Donnerstag eine traurige Nachricht an das tschetschenische Volk: Viele K\u00e4mpfer seien bei einem ukrainischen Artillerieangriff get\u00f6tet worden. Au\u00dferdem \u00e4u\u00dferte er scharfe Kritik an der Milit\u00e4rf\u00fchrung an einem Frontabschnitt. Am Donnerstag teilte das Oberhaupt der Tschetschenischen Republik\u00a0Ramsan Kadyrow mit, dass bei einem Artillerieangriff der ukrainischen Armee 23 [&hellip;]<\/p>\n","protected":false},"author":3,"featured_media":21967,"comment_status":"open","ping_status":"open","sticky":false,"template":"","format":"standard","meta":{"wp_automatic_camp":["217"],"c9a70813fc171b9ef0e89cf1e783eee2":["Kadyrow meldet Verluste unter tschetschenischen K\u00e4mpfern und kritisiert erneut russischen General"],"original_link":["https:\/\/de.rt.com\/russland\/152763-kadyrow-meldet-verluste-unter-tschetschenischen-kaempfern\/"],"_thumbnail_id":["21967"],"_wptg_p2tg_sent2tg":["2022-10-28 20:27:24"],"jnews_social_counter_last_update":["1777211694"]},"categories":[19,23],"tags":[781,7409,16689,29164,739,272,973,35031,140,908,3385],"yoast_head":"<!-- This site is optimized with the Yoast SEO Premium plugin v22.7 (Yoast SEO v22.7) - https:\/\/yoast.com\/wordpress\/plugins\/seo\/ -->\n<title>Kadyrow meldet Verluste unter tschetschenischen K\u00e4mpfern und kritisiert erneut russischen General - just-now.NEWS Deutschland<\/title>\n<meta name=\"robots\" content=\"index, follow, max-snippet:-1, max-image-preview:large, max-video-preview:-1\" \/>\n<link rel=\"canonical\" href=\"https:\/\/now-news.de\/de\/deutschland\/kadyrow-meldet-verluste-unter-tschetschenischen-kaempfern-und-kritisiert-erneut-russischen-general\/\" \/>\n<meta property=\"og:locale\" content=\"de_DE\" \/>\n<meta property=\"og:type\" content=\"article\" \/>\n<meta property=\"og:title\" content=\"Kadyrow meldet Verluste unter tschetschenischen K\u00e4mpfern und kritisiert erneut russischen General\" \/>\n<meta property=\"og:description\" content=\"Das Oberhaupt der Tschetschenischen Republik Ramsan Kadyrow richtete am Donnerstag eine traurige Nachricht an das tschetschenische Volk: Viele K\u00e4mpfer seien bei einem ukrainischen Artillerieangriff get\u00f6tet worden. Au\u00dferdem \u00e4u\u00dferte er scharfe Kritik an der Milit\u00e4rf\u00fchrung an einem Frontabschnitt. Am Donnerstag teilte das Oberhaupt der Tschetschenischen Republik\u00a0Ramsan Kadyrow mit, dass bei einem Artillerieangriff der ukrainischen Armee 23 [&hellip;]\" \/>\n<meta property=\"og:url\" content=\"https:\/\/now-news.de\/de\/deutschland\/kadyrow-meldet-verluste-unter-tschetschenischen-kaempfern-und-kritisiert-erneut-russischen-general\/\" \/>\n<meta property=\"og:site_name\" content=\"just-now.NEWS Deutschland\" \/>\n<meta property=\"article:publisher\" content=\"https:\/\/www.facebook.com\/wirmachenauf\" \/>\n<meta property=\"article:published_time\" content=\"2022-10-28T18:24:36+00:00\" \/>\n<meta property=\"og:image\" content=\"https:\/\/now-news.de\/de\/wp-content\/uploads\/sites\/3\/2022\/10\/Kadyrow-meldet-Verluste-unter-tschetschenischen-Kaempfern-und-kritisiert-erneut-russischen.PNG\" \/>\n\t<meta property=\"og:image:width\" content=\"460\" \/>\n\t<meta property=\"og:image:height\" content=\"259\" \/>\n\t<meta property=\"og:image:type\" content=\"image\/png\" \/>\n<meta name=\"author\" content=\"rtnews\" \/>\n<meta name=\"twitter:card\" content=\"summary_large_image\" \/>\n<meta name=\"twitter:creator\" content=\"@WirMachenAuf_de\" \/>\n<meta name=\"twitter:site\" content=\"@WirMachenAuf_de\" \/>\n<meta name=\"twitter:label1\" content=\"Verfasst von\" \/>\n\t<meta name=\"twitter:data1\" content=\"rtnews\" \/>\n\t<meta name=\"twitter:label2\" content=\"Gesch\u00e4tzte Lesezeit\" \/>\n\t<meta name=\"twitter:data2\" content=\"4\u00a0Minuten\" \/>\n<script type=\"application\/ld+json\" class=\"yoast-schema-graph\">{\"@context\":\"https:\/\/schema.org\",\"@graph\":[{\"@type\":\"Article\",\"@id\":\"https:\/\/now-news.de\/de\/deutschland\/kadyrow-meldet-verluste-unter-tschetschenischen-kaempfern-und-kritisiert-erneut-russischen-general\/#article\",\"isPartOf\":{\"@id\":\"https:\/\/now-news.de\/de\/deutschland\/kadyrow-meldet-verluste-unter-tschetschenischen-kaempfern-und-kritisiert-erneut-russischen-general\/\"},\"author\":{\"name\":\"rtnews\",\"@id\":\"https:\/\/now-news.de\/de\/#\/schema\/person\/fb534a4e865501d8b3285208df34a9b5\"},\"headline\":\"Kadyrow meldet Verluste unter tschetschenischen K\u00e4mpfern und kritisiert erneut russischen General\",\"datePublished\":\"2022-10-28T18:24:36+00:00\",\"dateModified\":\"2022-10-28T18:24:36+00:00\",\"mainEntityOfPage\":{\"@id\":\"https:\/\/now-news.de\/de\/deutschland\/kadyrow-meldet-verluste-unter-tschetschenischen-kaempfern-und-kritisiert-erneut-russischen-general\/\"},\"wordCount\":730,\"commentCount\":0,\"publisher\":{\"@id\":\"https:\/\/now-news.de\/de\/#organization\"},\"image\":{\"@id\":\"https:\/\/now-news.de\/de\/deutschland\/kadyrow-meldet-verluste-unter-tschetschenischen-kaempfern-und-kritisiert-erneut-russischen-general\/#primaryimage\"},\"thumbnailUrl\":\"https:\/\/now-news.de\/de\/wp-content\/uploads\/sites\/3\/2022\/10\/Kadyrow-meldet-Verluste-unter-tschetschenischen-Kaempfern-und-kritisiert-erneut-russischen.PNG\",\"keywords\":[\"erneut\",\"General\",\"kadyrow\",\"K\u00e4mpfern\",\"kritisiert\",\"meldet\",\"russischen\",\"tschetschenischen\",\"und\",\"unter\",\"Verluste\"],\"articleSection\":[\"Deutschland\",\"Russland\"],\"inLanguage\":\"de\",\"potentialAction\":[{\"@type\":\"CommentAction\",\"name\":\"Comment\",\"target\":[\"https:\/\/now-news.de\/de\/deutschland\/kadyrow-meldet-verluste-unter-tschetschenischen-kaempfern-und-kritisiert-erneut-russischen-general\/#respond\"]}]},{\"@type\":\"WebPage\",\"@id\":\"https:\/\/now-news.de\/de\/deutschland\/kadyrow-meldet-verluste-unter-tschetschenischen-kaempfern-und-kritisiert-erneut-russischen-general\/\",\"url\":\"https:\/\/now-news.de\/de\/deutschland\/kadyrow-meldet-verluste-unter-tschetschenischen-kaempfern-und-kritisiert-erneut-russischen-general\/\",\"name\":\"Kadyrow meldet Verluste unter tschetschenischen K\u00e4mpfern und kritisiert erneut russischen General - just-now.NEWS Deutschland\",\"isPartOf\":{\"@id\":\"https:\/\/now-news.de\/de\/#website\"},\"primaryImageOfPage\":{\"@id\":\"https:\/\/now-news.de\/de\/deutschland\/kadyrow-meldet-verluste-unter-tschetschenischen-kaempfern-und-kritisiert-erneut-russischen-general\/#primaryimage\"},\"image\":{\"@id\":\"https:\/\/now-news.de\/de\/deutschland\/kadyrow-meldet-verluste-unter-tschetschenischen-kaempfern-und-kritisiert-erneut-russischen-general\/#primaryimage\"},\"thumbnailUrl\":\"https:\/\/now-news.de\/de\/wp-content\/uploads\/sites\/3\/2022\/10\/Kadyrow-meldet-Verluste-unter-tschetschenischen-Kaempfern-und-kritisiert-erneut-russischen.PNG\",\"datePublished\":\"2022-10-28T18:24:36+00:00\",\"dateModified\":\"2022-10-28T18:24:36+00:00\",\"breadcrumb\":{\"@id\":\"https:\/\/now-news.de\/de\/deutschland\/kadyrow-meldet-verluste-unter-tschetschenischen-kaempfern-und-kritisiert-erneut-russischen-general\/#breadcrumb\"},\"inLanguage\":\"de\",\"potentialAction\":[{\"@type\":\"ReadAction\",\"target\":[\"https:\/\/now-news.de\/de\/deutschland\/kadyrow-meldet-verluste-unter-tschetschenischen-kaempfern-und-kritisiert-erneut-russischen-general\/\"]}]},{\"@type\":\"ImageObject\",\"inLanguage\":\"de\",\"@id\":\"https:\/\/now-news.de\/de\/deutschland\/kadyrow-meldet-verluste-unter-tschetschenischen-kaempfern-und-kritisiert-erneut-russischen-general\/#primaryimage\",\"url\":\"https:\/\/now-news.de\/de\/wp-content\/uploads\/sites\/3\/2022\/10\/Kadyrow-meldet-Verluste-unter-tschetschenischen-Kaempfern-und-kritisiert-erneut-russischen.PNG\",\"contentUrl\":\"https:\/\/now-news.de\/de\/wp-content\/uploads\/sites\/3\/2022\/10\/Kadyrow-meldet-Verluste-unter-tschetschenischen-Kaempfern-und-kritisiert-erneut-russischen.PNG\",\"width\":460,\"height\":259,\"caption\":\"Kadyrow meldet Verluste unter tschetschenischen K\u00e4mpfern und kritisiert erneut russischen General\"},{\"@type\":\"BreadcrumbList\",\"@id\":\"https:\/\/now-news.de\/de\/deutschland\/kadyrow-meldet-verluste-unter-tschetschenischen-kaempfern-und-kritisiert-erneut-russischen-general\/#breadcrumb\",\"itemListElement\":[{\"@type\":\"ListItem\",\"position\":1,\"name\":\"Home\",\"item\":\"https:\/\/now-news.de\/de\/\"},{\"@type\":\"ListItem\",\"position\":2,\"name\":\"Kadyrow meldet Verluste unter tschetschenischen K\u00e4mpfern und kritisiert erneut russischen General\"}]},{\"@type\":\"WebSite\",\"@id\":\"https:\/\/now-news.de\/de\/#website\",\"url\":\"https:\/\/now-news.de\/de\/\",\"name\":\"just-now.NEWS Deutschland\",\"description\":\"Das Portal f\u00fcr unzensierte Nachrichten aus der Welt\",\"publisher\":{\"@id\":\"https:\/\/now-news.de\/de\/#organization\"},\"potentialAction\":[{\"@type\":\"SearchAction\",\"target\":{\"@type\":\"EntryPoint\",\"urlTemplate\":\"https:\/\/now-news.de\/de\/?s={search_term_string}\"},\"query-input\":\"required name=search_term_string\"}],\"inLanguage\":\"de\"},{\"@type\":\"Organization\",\"@id\":\"https:\/\/now-news.de\/de\/#organization\",\"name\":\"Just Now News\",\"url\":\"https:\/\/now-news.de\/de\/\",\"logo\":{\"@type\":\"ImageObject\",\"inLanguage\":\"de\",\"@id\":\"https:\/\/now-news.de\/de\/#\/schema\/logo\/image\/\",\"url\":\"http:\/\/just-now.news\/de\/wp-content\/uploads\/sites\/3\/2022\/04\/logo500x500.jpg\",\"contentUrl\":\"http:\/\/just-now.news\/de\/wp-content\/uploads\/sites\/3\/2022\/04\/logo500x500.jpg\",\"width\":500,\"height\":500,\"caption\":\"Just Now News\"},\"image\":{\"@id\":\"https:\/\/now-news.de\/de\/#\/schema\/logo\/image\/\"},\"sameAs\":[\"https:\/\/www.facebook.com\/wirmachenauf\",\"https:\/\/x.com\/WirMachenAuf_de\"]},{\"@type\":\"Person\",\"@id\":\"https:\/\/now-news.de\/de\/#\/schema\/person\/fb534a4e865501d8b3285208df34a9b5\",\"name\":\"rtnews\",\"image\":{\"@type\":\"ImageObject\",\"inLanguage\":\"de\",\"@id\":\"https:\/\/now-news.de\/de\/#\/schema\/person\/image\/\",\"url\":\"https:\/\/secure.gravatar.com\/avatar\/82aafea7d8127119dd649515f56e2117?s=96&d=mm&r=g\",\"contentUrl\":\"https:\/\/secure.gravatar.com\/avatar\/82aafea7d8127119dd649515f56e2117?s=96&d=mm&r=g\",\"caption\":\"rtnews\"},\"url\":\"https:\/\/now-news.de\/de\/author\/rnews\/\"}]}<\/script>\n<!-- \/ Yoast SEO Premium plugin. -->","yoast_head_json":{"title":"Kadyrow meldet Verluste unter tschetschenischen K\u00e4mpfern und kritisiert erneut russischen General - just-now.NEWS Deutschland","robots":{"index":"index","follow":"follow","max-snippet":"max-snippet:-1","max-image-preview":"max-image-preview:large","max-video-preview":"max-video-preview:-1"},"canonical":"https:\/\/now-news.de\/de\/deutschland\/kadyrow-meldet-verluste-unter-tschetschenischen-kaempfern-und-kritisiert-erneut-russischen-general\/","og_locale":"de_DE","og_type":"article","og_title":"Kadyrow meldet Verluste unter tschetschenischen K\u00e4mpfern und kritisiert erneut russischen General","og_description":"Das Oberhaupt der Tschetschenischen Republik Ramsan Kadyrow richtete am Donnerstag eine traurige Nachricht an das tschetschenische Volk: Viele K\u00e4mpfer seien bei einem ukrainischen Artillerieangriff get\u00f6tet worden. Au\u00dferdem \u00e4u\u00dferte er scharfe Kritik an der Milit\u00e4rf\u00fchrung an einem Frontabschnitt. Am Donnerstag teilte das Oberhaupt der Tschetschenischen Republik\u00a0Ramsan Kadyrow mit, dass bei einem Artillerieangriff der ukrainischen Armee 23 [&hellip;]","og_url":"https:\/\/now-news.de\/de\/deutschland\/kadyrow-meldet-verluste-unter-tschetschenischen-kaempfern-und-kritisiert-erneut-russischen-general\/","og_site_name":"just-now.NEWS Deutschland","article_publisher":"https:\/\/www.facebook.com\/wirmachenauf","article_published_time":"2022-10-28T18:24:36+00:00","og_image":[{"width":460,"height":259,"url":"https:\/\/now-news.de\/de\/wp-content\/uploads\/sites\/3\/2022\/10\/Kadyrow-meldet-Verluste-unter-tschetschenischen-Kaempfern-und-kritisiert-erneut-russischen.PNG","type":"image\/png"}],"author":"rtnews","twitter_card":"summary_large_image","twitter_creator":"@WirMachenAuf_de","twitter_site":"@WirMachenAuf_de","twitter_misc":{"Verfasst von":"rtnews","Gesch\u00e4tzte Lesezeit":"4\u00a0Minuten"},"schema":{"@context":"https:\/\/schema.org","@graph":[{"@type":"Article","@id":"https:\/\/now-news.de\/de\/deutschland\/kadyrow-meldet-verluste-unter-tschetschenischen-kaempfern-und-kritisiert-erneut-russischen-general\/#article","isPartOf":{"@id":"https:\/\/now-news.de\/de\/deutschland\/kadyrow-meldet-verluste-unter-tschetschenischen-kaempfern-und-kritisiert-erneut-russischen-general\/"},"author":{"name":"rtnews","@id":"https:\/\/now-news.de\/de\/#\/schema\/person\/fb534a4e865501d8b3285208df34a9b5"},"headline":"Kadyrow meldet Verluste unter tschetschenischen K\u00e4mpfern und kritisiert erneut russischen General","datePublished":"2022-10-28T18:24:36+00:00","dateModified":"2022-10-28T18:24:36+00:00","mainEntityOfPage":{"@id":"https:\/\/now-news.de\/de\/deutschland\/kadyrow-meldet-verluste-unter-tschetschenischen-kaempfern-und-kritisiert-erneut-russischen-general\/"},"wordCount":730,"commentCount":0,"publisher":{"@id":"https:\/\/now-news.de\/de\/#organization"},"image":{"@id":"https:\/\/now-news.de\/de\/deutschland\/kadyrow-meldet-verluste-unter-tschetschenischen-kaempfern-und-kritisiert-erneut-russischen-general\/#primaryimage"},"thumbnailUrl":"https:\/\/now-news.de\/de\/wp-content\/uploads\/sites\/3\/2022\/10\/Kadyrow-meldet-Verluste-unter-tschetschenischen-Kaempfern-und-kritisiert-erneut-russischen.PNG","keywords":["erneut","General","kadyrow","K\u00e4mpfern","kritisiert","meldet","russischen","tschetschenischen","und","unter","Verluste"],"articleSection":["Deutschland","Russland"],"inLanguage":"de","potentialAction":[{"@type":"CommentAction","name":"Comment","target":["https:\/\/now-news.de\/de\/deutschland\/kadyrow-meldet-verluste-unter-tschetschenischen-kaempfern-und-kritisiert-erneut-russischen-general\/#respond"]}]},{"@type":"WebPage","@id":"https:\/\/now-news.de\/de\/deutschland\/kadyrow-meldet-verluste-unter-tschetschenischen-kaempfern-und-kritisiert-erneut-russischen-general\/","url":"https:\/\/now-news.de\/de\/deutschland\/kadyrow-meldet-verluste-unter-tschetschenischen-kaempfern-und-kritisiert-erneut-russischen-general\/","name":"Kadyrow meldet Verluste unter tschetschenischen K\u00e4mpfern und kritisiert erneut russischen General - just-now.NEWS Deutschland","isPartOf":{"@id":"https:\/\/now-news.de\/de\/#website"},"primaryImageOfPage":{"@id":"https:\/\/now-news.de\/de\/deutschland\/kadyrow-meldet-verluste-unter-tschetschenischen-kaempfern-und-kritisiert-erneut-russischen-general\/#primaryimage"},"image":{"@id":"https:\/\/now-news.de\/de\/deutschland\/kadyrow-meldet-verluste-unter-tschetschenischen-kaempfern-und-kritisiert-erneut-russischen-general\/#primaryimage"},"thumbnailUrl":"https:\/\/now-news.de\/de\/wp-content\/uploads\/sites\/3\/2022\/10\/Kadyrow-meldet-Verluste-unter-tschetschenischen-Kaempfern-und-kritisiert-erneut-russischen.PNG","datePublished":"2022-10-28T18:24:36+00:00","dateModified":"2022-10-28T18:24:36+00:00","breadcrumb":{"@id":"https:\/\/now-news.de\/de\/deutschland\/kadyrow-meldet-verluste-unter-tschetschenischen-kaempfern-und-kritisiert-erneut-russischen-general\/#breadcrumb"},"inLanguage":"de","potentialAction":[{"@type":"ReadAction","target":["https:\/\/now-news.de\/de\/deutschland\/kadyrow-meldet-verluste-unter-tschetschenischen-kaempfern-und-kritisiert-erneut-russischen-general\/"]}]},{"@type":"ImageObject","inLanguage":"de","@id":"https:\/\/now-news.de\/de\/deutschland\/kadyrow-meldet-verluste-unter-tschetschenischen-kaempfern-und-kritisiert-erneut-russischen-general\/#primaryimage","url":"https:\/\/now-news.de\/de\/wp-content\/uploads\/sites\/3\/2022\/10\/Kadyrow-meldet-Verluste-unter-tschetschenischen-Kaempfern-und-kritisiert-erneut-russischen.PNG","contentUrl":"https:\/\/now-news.de\/de\/wp-content\/uploads\/sites\/3\/2022\/10\/Kadyrow-meldet-Verluste-unter-tschetschenischen-Kaempfern-und-kritisiert-erneut-russischen.PNG","width":460,"height":259,"caption":"Kadyrow meldet Verluste unter tschetschenischen K\u00e4mpfern und kritisiert erneut russischen General"},{"@type":"BreadcrumbList","@id":"https:\/\/now-news.de\/de\/deutschland\/kadyrow-meldet-verluste-unter-tschetschenischen-kaempfern-und-kritisiert-erneut-russischen-general\/#breadcrumb","itemListElement":[{"@type":"ListItem","position":1,"name":"Home","item":"https:\/\/now-news.de\/de\/"},{"@type":"ListItem","position":2,"name":"Kadyrow meldet Verluste unter tschetschenischen K\u00e4mpfern und kritisiert erneut russischen General"}]},{"@type":"WebSite","@id":"https:\/\/now-news.de\/de\/#website","url":"https:\/\/now-news.de\/de\/","name":"just-now.NEWS Deutschland","description":"Das Portal f\u00fcr unzensierte Nachrichten aus der Welt","publisher":{"@id":"https:\/\/now-news.de\/de\/#organization"},"potentialAction":[{"@type":"SearchAction","target":{"@type":"EntryPoint","urlTemplate":"https:\/\/now-news.de\/de\/?s={search_term_string}"},"query-input":"required name=search_term_string"}],"inLanguage":"de"},{"@type":"Organization","@id":"https:\/\/now-news.de\/de\/#organization","name":"Just Now News","url":"https:\/\/now-news.de\/de\/","logo":{"@type":"ImageObject","inLanguage":"de","@id":"https:\/\/now-news.de\/de\/#\/schema\/logo\/image\/","url":"http:\/\/just-now.news\/de\/wp-content\/uploads\/sites\/3\/2022\/04\/logo500x500.jpg","contentUrl":"http:\/\/just-now.news\/de\/wp-content\/uploads\/sites\/3\/2022\/04\/logo500x500.jpg","width":500,"height":500,"caption":"Just Now News"},"image":{"@id":"https:\/\/now-news.de\/de\/#\/schema\/logo\/image\/"},"sameAs":["https:\/\/www.facebook.com\/wirmachenauf","https:\/\/x.com\/WirMachenAuf_de"]},{"@type":"Person","@id":"https:\/\/now-news.de\/de\/#\/schema\/person\/fb534a4e865501d8b3285208df34a9b5","name":"rtnews","image":{"@type":"ImageObject","inLanguage":"de","@id":"https:\/\/now-news.de\/de\/#\/schema\/person\/image\/","url":"https:\/\/secure.gravatar.com\/avatar\/82aafea7d8127119dd649515f56e2117?s=96&d=mm&r=g","contentUrl":"https:\/\/secure.gravatar.com\/avatar\/82aafea7d8127119dd649515f56e2117?s=96&d=mm&r=g","caption":"rtnews"},"url":"https:\/\/now-news.de\/de\/author\/rnews\/"}]}},"_links":{"self":[{"href":"https:\/\/now-news.de\/de\/wp-json\/wp\/v2\/posts\/21966"}],"collection":[{"href":"https:\/\/now-news.de\/de\/wp-json\/wp\/v2\/posts"}],"about":[{"href":"https:\/\/now-news.de\/de\/wp-json\/wp\/v2\/types\/post"}],"author":[{"embeddable":true,"href":"https:\/\/now-news.de\/de\/wp-json\/wp\/v2\/users\/3"}],"replies":[{"embeddable":true,"href":"https:\/\/now-news.de\/de\/wp-json\/wp\/v2\/comments?post=21966"}],"version-history":[{"count":0,"href":"https:\/\/now-news.de\/de\/wp-json\/wp\/v2\/posts\/21966\/revisions"}],"wp:featuredmedia":[{"embeddable":true,"href":"https:\/\/now-news.de\/de\/wp-json\/wp\/v2\/media\/21967"}],"wp:attachment":[{"href":"https:\/\/now-news.de\/de\/wp-json\/wp\/v2\/media?parent=21966"}],"wp:term":[{"taxonomy":"category","embeddable":true,"href":"https:\/\/now-news.de\/de\/wp-json\/wp\/v2\/categories?post=21966"},{"taxonomy":"post_tag","embeddable":true,"href":"https:\/\/now-news.de\/de\/wp-json\/wp\/v2\/tags?post=21966"}],"curies":[{"name":"wp","href":"https:\/\/api.w.org\/{rel}","templated":true}]}}